{"id":255546,"date":"2025-03-18T14:21:48","date_gmt":"2025-03-18T17:21:48","guid":{"rendered":"https:\/\/franciscanos.org.br\/noticias\/?p=255546"},"modified":"2025-03-18T14:21:48","modified_gmt":"2025-03-18T17:21:48","slug":"cnbb-divulga-nota-sobre-os-ataques-a-lei-da-ficha-limpa-no-congresso-nacional","status":"publish","type":"post","link":"https:\/\/franciscanos.org.br\/noticias\/cnbb-divulga-nota-sobre-os-ataques-a-lei-da-ficha-limpa-no-congresso-nacional.html","title":{"rendered":"CNBB divulga nota sobre os ataques \u00e0 Lei da Ficha Limpa no Congresso Nacional"},"content":{"rendered":"<p><img loading=\"lazy\" class=\"aligncenter wp-image-255547 size-full\" src=\"https:\/\/franciscanos.org.br\/noticias\/wp-content\/uploads\/2025\/03\/materia-cnbb-1.jpg\" alt=\"\" width=\"1280\" height=\"720\" srcset=\"https:\/\/franciscanos.org.br\/noticias\/wp-content\/uploads\/2025\/03\/materia-cnbb-1.jpg 1280w, https:\/\/franciscanos.org.br\/noticias\/wp-content\/uploads\/2025\/03\/materia-cnbb-1-450x253.jpg 450w, https:\/\/franciscanos.org.br\/noticias\/wp-content\/uploads\/2025\/03\/materia-cnbb-1-1024x576.jpg 1024w, https:\/\/franciscanos.org.br\/noticias\/wp-content\/uploads\/2025\/03\/materia-cnbb-1-768x432.jpg 768w, https:\/\/franciscanos.org.br\/noticias\/wp-content\/uploads\/2025\/03\/materia-cnbb-1-150x84.jpg 150w\" sizes=\"(max-width: 1280px) 100vw, 1280px\" \/><\/p>\n<p>A Confer\u00eancia Nacional dos Bispos do Brasil (CNBB), por meio do seu Conselho Permanente, reunido em Bras\u00edlia, divulgou nesta ter\u00e7a-feira, 18\/3, uma nota na qual demonstra perplexidade e indigna\u00e7\u00e3o diante das propostas de mudan\u00e7as da Lei da Ficha Limpa no Congresso Nacional.<\/p>\n<p>O Senado pode votar, nesta ter\u00e7a-feira, o projeto de lei que altera a Lei Complementar n\u00ba 135 de 2010, mais conhecida como Lei da Ficha Limpa. A proposta, que muda regras da lei de iniciativa popular, j\u00e1 foi aprovada por deputados federais.<\/p>\n<p>A proposta a ser votada determina, entre outras altera\u00e7\u00f5es na Lei, que pol\u00edticos cassados e condenados n\u00e3o poder\u00e3o se eleger por oito anos contados da condena\u00e7\u00e3o, prazo menor do que o previsto atualmente, que \u00e9 contado a partir do final da pena ou da pena ou mandato.<\/p>\n<p><strong>O que diz a CNBB<\/strong><\/p>\n<p>A nota da CNBB reafirma que a Lei da Ficha Limpa \u00e9 \u201cuma das mais importantes conquistas democr\u00e1ticas da sociedade brasileira, um patrim\u00f4nio do povo e importante conquista da \u00e9tica na pol\u00edtica\u201d<\/p>\n<p>A lei, segundo os membros do Conselho Permanente da CNBB, \u00e9 fruto da mobiliza\u00e7\u00e3o de milh\u00f5es de brasileiros e brasileiras convidados \u00e0 participa\u00e7\u00e3o por dezenas de organiza\u00e7\u00f5es sociais e Igrejas, foi aprovada por unanimidade pelas duas Casas Legislativas em 2010. Conhecida em todo o pa\u00eds, representa um marco na luta contra a corrup\u00e7\u00e3o. O texto refor\u00e7a um trecho da Fratelli Tutti, sobre a pol\u00edtica: \u201c\u00c9 necess\u00e1rio uma pol\u00edtica melhor, a pol\u00edtica colocada ao servi\u00e7o do verdadeiro bem comum\u201d (Papa Francisco, Fratelli Tutti, n. 154).<\/p>\n<p>Segundo o documento, as mudan\u00e7as contidas nesses PLPs desfiguram os principais mecanismos de prote\u00e7\u00e3o da Lei da Ficha Limpa ao beneficiar especialmente aqueles condenados por crimes graves, cuja inelegibilidade poder\u00e1 ser reduzida ou mesmo anulada antes do cumprimento total das penas.<\/p>\n<p>\u201cAl\u00e9m disso, as mudan\u00e7as pretendidas isentam quem praticou os abusos de poder pol\u00edtico e econ\u00f4mico, e enfraquecem o combate \u00e0s pr\u00e1ticas corruptas que comprometem a democracia brasileira\u201d, afirma um trecho do documento.<\/p>\n<p><a href=\"https:\/\/franciscanos.org.br\/banca\/wp-content\/uploads\/2025\/03\/NOTA-DA-CNBB-ATAQUES-A-LEI-DA-FICHA-LIMPA.pdf\"><strong>Acesse a nota na \u00edntegra<\/strong><\/a><\/p>\n<p><strong>O papel da CNBB na aprova\u00e7\u00e3o da Lei<\/strong><\/p>\n<p>A Igreja Cat\u00f3lica no Brasil, liderada pela CNBB e pelo Movimento de Combate \u00e0 Corrup\u00e7\u00e3o Eleitoral (MCCE), desempenhou um papel fundamental na mobiliza\u00e7\u00e3o popular que coletou 90% das 1,6 milh\u00e3o de assinaturas necess\u00e1rias para propor a lei de iniciativa popular que resultou na Lei da Ficha Limpa. A lei foi aprovada em maio de 2010 por unanimidade no Senado Federal.<\/p>\n<p>A lei pro\u00edbe que pol\u00edticos condenados em decis\u00f5es colegiadas de segunda inst\u00e2ncia possam se candidatar, mesmo que ainda exista possibilidade de recursos. Tamb\u00e9m torna ineleg\u00edvel por oito anos um candidato que tiver o mandato cassado ou renunciar para evitar a cassa\u00e7\u00e3o.<\/p>\n<p>Aprovada em 2010, a Lei da Ficha Limpa alterou a legisla\u00e7\u00e3o de inelegibilidade, criada em 1990, estabelecendo regras mais r\u00edgidas para impedir que pol\u00edticos condenados por crimes, como corrup\u00e7\u00e3o e abuso de poder, disputem as elei\u00e7\u00f5es. Atualmente, a lei prev\u00ea que pol\u00edticos condenados fiquem ineleg\u00edveis por oito anos.<\/p>\n<hr \/>\n<p><em>Fonte: https:\/\/www.cnbb.org.br\/cnbb-divulga-nota-sobre-os-ataques-a-lei-da-ficha-limpa\/<\/em><\/p>\n<p>&nbsp;<\/p>\n","protected":false},"excerpt":{"rendered":"<p>Nota CNBB<\/p>\n","protected":false},"author":11,"featured_media":255548,"comment_status":"open","ping_status":"open","sticky":false,"template":"","format":"standard","meta":[],"categories":[1],"tags":[29],"acf":[],"yoast_head":"<!-- This site is optimized with the Yoast SEO plugin v19.2 - https:\/\/yoast.com\/wordpress\/plugins\/seo\/ -->\n<title>CNBB divulga nota sobre os ataques \u00e0 Lei da Ficha Limpa no Congresso Nacional - Not\u00edcias - Franciscanos<\/title>\n<meta name=\"robots\" content=\"index, follow, max-snippet:-1, max-image-preview:large, max-video-preview:-1\" \/>\n<link rel=\"canonical\" href=\"https:\/\/franciscanos.org.br\/noticias\/cnbb-divulga-nota-sobre-os-ataques-a-lei-da-ficha-limpa-no-congresso-nacional.html\" \/>\n<meta property=\"og:locale\" content=\"pt_BR\" \/>\n<meta property=\"og:type\" content=\"article\" \/>\n<meta property=\"og:title\" content=\"CNBB divulga nota sobre os ataques \u00e0 Lei da Ficha Limpa no Congresso Nacional - Not\u00edcias - Franciscanos\" \/>\n<meta property=\"og:description\" content=\"Nota CNBB\" \/>\n<meta property=\"og:url\" content=\"https:\/\/franciscanos.org.br\/noticias\/cnbb-divulga-nota-sobre-os-ataques-a-lei-da-ficha-limpa-no-congresso-nacional.html\" \/>\n<meta property=\"og:site_name\" content=\"Not\u00edcias - Franciscanos\" \/>\n<meta property=\"article:published_time\" content=\"2025-03-18T17:21:48+00:00\" \/>\n<meta property=\"og:image\" content=\"https:\/\/franciscanos.org.br\/noticias\/wp-content\/uploads\/2025\/03\/chamada-cnbb-1.jpg\" \/>\n\t<meta property=\"og:image:width\" content=\"800\" \/>\n\t<meta property=\"og:image:height\" content=\"550\" \/>\n\t<meta property=\"og:image:type\" content=\"image\/jpeg\" \/>\n<meta name=\"author\" content=\"Adriana Rabelo\" \/>\n<meta name=\"twitter:card\" content=\"summary_large_image\" \/>\n<meta name=\"twitter:label1\" content=\"Escrito por\" \/>\n\t<meta name=\"twitter:data1\" content=\"Adriana Rabelo\" \/>\n\t<meta name=\"twitter:label2\" content=\"Est. tempo de leitura\" \/>\n\t<meta name=\"twitter:data2\" content=\"3 minutos\" \/>\n<script type=\"application\/ld+json\" class=\"yoast-schema-graph\">{\"@context\":\"https:\/\/schema.org\",\"@graph\":[{\"@type\":\"WebSite\",\"@id\":\"https:\/\/franciscanos.org.br\/noticias\/#website\",\"url\":\"https:\/\/franciscanos.org.br\/noticias\/\",\"name\":\"Not\u00edcias - Franciscanos\",\"description\":\"Prov\u00edncia Franciscana da Imaculada Concei\u00e7\u00e3o do Brasil - Ordem dos Frades Menores - OFM\",\"potentialAction\":[{\"@type\":\"SearchAction\",\"target\":{\"@type\":\"EntryPoint\",\"urlTemplate\":\"https:\/\/franciscanos.org.br\/noticias\/?s={search_term_string}\"},\"query-input\":\"required name=search_term_string\"}],\"inLanguage\":\"pt-BR\"},{\"@type\":\"ImageObject\",\"inLanguage\":\"pt-BR\",\"@id\":\"https:\/\/franciscanos.org.br\/noticias\/cnbb-divulga-nota-sobre-os-ataques-a-lei-da-ficha-limpa-no-congresso-nacional.html#primaryimage\",\"url\":\"https:\/\/franciscanos.org.br\/noticias\/wp-content\/uploads\/2025\/03\/chamada-cnbb-1.jpg\",\"contentUrl\":\"https:\/\/franciscanos.org.br\/noticias\/wp-content\/uploads\/2025\/03\/chamada-cnbb-1.jpg\",\"width\":800,\"height\":550},{\"@type\":\"WebPage\",\"@id\":\"https:\/\/franciscanos.org.br\/noticias\/cnbb-divulga-nota-sobre-os-ataques-a-lei-da-ficha-limpa-no-congresso-nacional.html#webpage\",\"url\":\"https:\/\/franciscanos.org.br\/noticias\/cnbb-divulga-nota-sobre-os-ataques-a-lei-da-ficha-limpa-no-congresso-nacional.html\",\"name\":\"CNBB divulga nota sobre os ataques \u00e0 Lei da Ficha Limpa no Congresso Nacional - Not\u00edcias - Franciscanos\",\"isPartOf\":{\"@id\":\"https:\/\/franciscanos.org.br\/noticias\/#website\"},\"primaryImageOfPage\":{\"@id\":\"https:\/\/franciscanos.org.br\/noticias\/cnbb-divulga-nota-sobre-os-ataques-a-lei-da-ficha-limpa-no-congresso-nacional.html#primaryimage\"},\"datePublished\":\"2025-03-18T17:21:48+00:00\",\"dateModified\":\"2025-03-18T17:21:48+00:00\",\"author\":{\"@id\":\"https:\/\/franciscanos.org.br\/noticias\/#\/schema\/person\/d9422e83121c3ad3b0f423d195f5bb25\"},\"breadcrumb\":{\"@id\":\"https:\/\/franciscanos.org.br\/noticias\/cnbb-divulga-nota-sobre-os-ataques-a-lei-da-ficha-limpa-no-congresso-nacional.html#breadcrumb\"},\"inLanguage\":\"pt-BR\",\"potentialAction\":[{\"@type\":\"ReadAction\",\"target\":[\"https:\/\/franciscanos.org.br\/noticias\/cnbb-divulga-nota-sobre-os-ataques-a-lei-da-ficha-limpa-no-congresso-nacional.html\"]}]},{\"@type\":\"BreadcrumbList\",\"@id\":\"https:\/\/franciscanos.org.br\/noticias\/cnbb-divulga-nota-sobre-os-ataques-a-lei-da-ficha-limpa-no-congresso-nacional.html#breadcrumb\",\"itemListElement\":[{\"@type\":\"ListItem\",\"position\":1,\"name\":\"Home\",\"item\":\"https:\/\/franciscanos.org.br\/noticias\"},{\"@type\":\"ListItem\",\"position\":2,\"name\":\"CNBB divulga nota sobre os ataques \u00e0 Lei da Ficha Limpa no Congresso Nacional\"}]},{\"@type\":\"Person\",\"@id\":\"https:\/\/franciscanos.org.br\/noticias\/#\/schema\/person\/d9422e83121c3ad3b0f423d195f5bb25\",\"name\":\"Adriana Rabelo\",\"image\":{\"@type\":\"ImageObject\",\"inLanguage\":\"pt-BR\",\"@id\":\"https:\/\/franciscanos.org.br\/noticias\/#\/schema\/person\/image\/\",\"url\":\"https:\/\/secure.gravatar.com\/avatar\/0a937b7500cd7df77540cfb8bede877d?s=96&d=mm&r=g\",\"contentUrl\":\"https:\/\/secure.gravatar.com\/avatar\/0a937b7500cd7df77540cfb8bede877d?s=96&d=mm&r=g\",\"caption\":\"Adriana Rabelo\"},\"url\":\"https:\/\/franciscanos.org.br\/noticias\/author\/adrianarabelo\"}]}<\/script>\n<!-- \/ Yoast SEO plugin. -->","yoast_head_json":{"title":"CNBB divulga nota sobre os ataques \u00e0 Lei da Ficha Limpa no Congresso Nacional - Not\u00edcias - Franciscanos","robots":{"index":"index","follow":"follow","max-snippet":"max-snippet:-1","max-image-preview":"max-image-preview:large","max-video-preview":"max-video-preview:-1"},"canonical":"https:\/\/franciscanos.org.br\/noticias\/cnbb-divulga-nota-sobre-os-ataques-a-lei-da-ficha-limpa-no-congresso-nacional.html","og_locale":"pt_BR","og_type":"article","og_title":"CNBB divulga nota sobre os ataques \u00e0 Lei da Ficha Limpa no Congresso Nacional - Not\u00edcias - Franciscanos","og_description":"Nota CNBB","og_url":"https:\/\/franciscanos.org.br\/noticias\/cnbb-divulga-nota-sobre-os-ataques-a-lei-da-ficha-limpa-no-congresso-nacional.html","og_site_name":"Not\u00edcias - Franciscanos","article_published_time":"2025-03-18T17:21:48+00:00","og_image":[{"width":800,"height":550,"url":"https:\/\/franciscanos.org.br\/noticias\/wp-content\/uploads\/2025\/03\/chamada-cnbb-1.jpg","type":"image\/jpeg"}],"author":"Adriana Rabelo","twitter_card":"summary_large_image","twitter_misc":{"Escrito por":"Adriana Rabelo","Est. tempo de leitura":"3 minutos"},"schema":{"@context":"https:\/\/schema.org","@graph":[{"@type":"WebSite","@id":"https:\/\/franciscanos.org.br\/noticias\/#website","url":"https:\/\/franciscanos.org.br\/noticias\/","name":"Not\u00edcias - Franciscanos","description":"Prov\u00edncia Franciscana da Imaculada Concei\u00e7\u00e3o do Brasil - Ordem dos Frades Menores - OFM","potentialAction":[{"@type":"SearchAction","target":{"@type":"EntryPoint","urlTemplate":"https:\/\/franciscanos.org.br\/noticias\/?s={search_term_string}"},"query-input":"required name=search_term_string"}],"inLanguage":"pt-BR"},{"@type":"ImageObject","inLanguage":"pt-BR","@id":"https:\/\/franciscanos.org.br\/noticias\/cnbb-divulga-nota-sobre-os-ataques-a-lei-da-ficha-limpa-no-congresso-nacional.html#primaryimage","url":"https:\/\/franciscanos.org.br\/noticias\/wp-content\/uploads\/2025\/03\/chamada-cnbb-1.jpg","contentUrl":"https:\/\/franciscanos.org.br\/noticias\/wp-content\/uploads\/2025\/03\/chamada-cnbb-1.jpg","width":800,"height":550},{"@type":"WebPage","@id":"https:\/\/franciscanos.org.br\/noticias\/cnbb-divulga-nota-sobre-os-ataques-a-lei-da-ficha-limpa-no-congresso-nacional.html#webpage","url":"https:\/\/franciscanos.org.br\/noticias\/cnbb-divulga-nota-sobre-os-ataques-a-lei-da-ficha-limpa-no-congresso-nacional.html","name":"CNBB divulga nota sobre os ataques \u00e0 Lei da Ficha Limpa no Congresso Nacional - Not\u00edcias - Franciscanos","isPartOf":{"@id":"https:\/\/franciscanos.org.br\/noticias\/#website"},"primaryImageOfPage":{"@id":"https:\/\/franciscanos.org.br\/noticias\/cnbb-divulga-nota-sobre-os-ataques-a-lei-da-ficha-limpa-no-congresso-nacional.html#primaryimage"},"datePublished":"2025-03-18T17:21:48+00:00","dateModified":"2025-03-18T17:21:48+00:00","author":{"@id":"https:\/\/franciscanos.org.br\/noticias\/#\/schema\/person\/d9422e83121c3ad3b0f423d195f5bb25"},"breadcrumb":{"@id":"https:\/\/franciscanos.org.br\/noticias\/cnbb-divulga-nota-sobre-os-ataques-a-lei-da-ficha-limpa-no-congresso-nacional.html#breadcrumb"},"inLanguage":"pt-BR","potentialAction":[{"@type":"ReadAction","target":["https:\/\/franciscanos.org.br\/noticias\/cnbb-divulga-nota-sobre-os-ataques-a-lei-da-ficha-limpa-no-congresso-nacional.html"]}]},{"@type":"BreadcrumbList","@id":"https:\/\/franciscanos.org.br\/noticias\/cnbb-divulga-nota-sobre-os-ataques-a-lei-da-ficha-limpa-no-congresso-nacional.html#breadcrumb","itemListElement":[{"@type":"ListItem","position":1,"name":"Home","item":"https:\/\/franciscanos.org.br\/noticias"},{"@type":"ListItem","position":2,"name":"CNBB divulga nota sobre os ataques \u00e0 Lei da Ficha Limpa no Congresso Nacional"}]},{"@type":"Person","@id":"https:\/\/franciscanos.org.br\/noticias\/#\/schema\/person\/d9422e83121c3ad3b0f423d195f5bb25","name":"Adriana Rabelo","image":{"@type":"ImageObject","inLanguage":"pt-BR","@id":"https:\/\/franciscanos.org.br\/noticias\/#\/schema\/person\/image\/","url":"https:\/\/secure.gravatar.com\/avatar\/0a937b7500cd7df77540cfb8bede877d?s=96&d=mm&r=g","contentUrl":"https:\/\/secure.gravatar.com\/avatar\/0a937b7500cd7df77540cfb8bede877d?s=96&d=mm&r=g","caption":"Adriana Rabelo"},"url":"https:\/\/franciscanos.org.br\/noticias\/author\/adrianarabelo"}]}},"_links":{"self":[{"href":"https:\/\/franciscanos.org.br\/noticias\/wp-json\/wp\/v2\/posts\/255546"}],"collection":[{"href":"https:\/\/franciscanos.org.br\/noticias\/wp-json\/wp\/v2\/posts"}],"about":[{"href":"https:\/\/franciscanos.org.br\/noticias\/wp-json\/wp\/v2\/types\/post"}],"author":[{"embeddable":true,"href":"https:\/\/franciscanos.org.br\/noticias\/wp-json\/wp\/v2\/users\/11"}],"replies":[{"embeddable":true,"href":"https:\/\/franciscanos.org.br\/noticias\/wp-json\/wp\/v2\/comments?post=255546"}],"version-history":[{"count":3,"href":"https:\/\/franciscanos.org.br\/noticias\/wp-json\/wp\/v2\/posts\/255546\/revisions"}],"predecessor-version":[{"id":255551,"href":"https:\/\/franciscanos.org.br\/noticias\/wp-json\/wp\/v2\/posts\/255546\/revisions\/255551"}],"wp:featuredmedia":[{"embeddable":true,"href":"https:\/\/franciscanos.org.br\/noticias\/wp-json\/wp\/v2\/media\/255548"}],"wp:attachment":[{"href":"https:\/\/franciscanos.org.br\/noticias\/wp-json\/wp\/v2\/media?parent=255546"}],"wp:term":[{"taxonomy":"category","embeddable":true,"href":"https:\/\/franciscanos.org.br\/noticias\/wp-json\/wp\/v2\/categories?post=255546"},{"taxonomy":"post_tag","embeddable":true,"href":"https:\/\/franciscanos.org.br\/noticias\/wp-json\/wp\/v2\/tags?post=255546"}],"curies":[{"name":"wp","href":"https:\/\/api.w.org\/{rel}","templated":true}]}}