{"id":255506,"date":"2025-03-18T08:05:37","date_gmt":"2025-03-18T11:05:37","guid":{"rendered":"https:\/\/franciscanos.org.br\/noticias\/?p=255506"},"modified":"2025-03-18T10:57:46","modified_gmt":"2025-03-18T13:57:46","slug":"preparativos-para-a-13a-caminhada-franciscana-da-juventude-comecam-em-xaxim","status":"publish","type":"post","link":"https:\/\/franciscanos.org.br\/noticias\/preparativos-para-a-13a-caminhada-franciscana-da-juventude-comecam-em-xaxim.html","title":{"rendered":"Preparativos para a 13\u00aa Caminhada Franciscana da Juventude come\u00e7am em Xaxim"},"content":{"rendered":"<p><img loading=\"lazy\" class=\"aligncenter wp-image-255508 size-full\" src=\"https:\/\/franciscanos.org.br\/noticias\/wp-content\/uploads\/2025\/03\/CHAMADA-10.jpg\" alt=\"\" width=\"800\" height=\"550\" srcset=\"https:\/\/franciscanos.org.br\/noticias\/wp-content\/uploads\/2025\/03\/CHAMADA-10.jpg 800w, https:\/\/franciscanos.org.br\/noticias\/wp-content\/uploads\/2025\/03\/CHAMADA-10-450x309.jpg 450w, https:\/\/franciscanos.org.br\/noticias\/wp-content\/uploads\/2025\/03\/CHAMADA-10-768x528.jpg 768w, https:\/\/franciscanos.org.br\/noticias\/wp-content\/uploads\/2025\/03\/CHAMADA-10-150x103.jpg 150w, https:\/\/franciscanos.org.br\/noticias\/wp-content\/uploads\/2025\/03\/CHAMADA-10-320x220.jpg 320w\" sizes=\"(max-width: 800px) 100vw, 800px\" \/><\/p>\n<p>Na noite da sexta-feira, 14 de mar\u00e7o de 2025, estiveram reunidos na Par\u00f3quia S\u00e3o Luiz Gonzaga os freis da Equipe de Evangeliza\u00e7\u00e3o das Juventudes da Prov\u00edncia, os freis das Par\u00f3quias sede da 13\u00aa Caminhada Franciscana da Juventude (CFJ), al\u00e9m de jovens e lideran\u00e7as. Neste primeiro encontro foram apresentados os trabalhos realizados ao longo dos anos nas diferentes edi\u00e7\u00f5es das Caminhadas, destacando os diversos locais em que a Prov\u00edncia atua.<\/p>\n<p><img loading=\"lazy\" class=\"aligncenter wp-image-255510 size-full\" src=\"https:\/\/franciscanos.org.br\/noticias\/wp-content\/uploads\/2025\/03\/WhatsApp-Image-2025-03-17-at-16.55.42-1-scaled.jpeg\" alt=\"\" width=\"1440\" height=\"1080\" srcset=\"https:\/\/franciscanos.org.br\/noticias\/wp-content\/uploads\/2025\/03\/WhatsApp-Image-2025-03-17-at-16.55.42-1-scaled.jpeg 1440w, https:\/\/franciscanos.org.br\/noticias\/wp-content\/uploads\/2025\/03\/WhatsApp-Image-2025-03-17-at-16.55.42-1-450x338.jpeg 450w, https:\/\/franciscanos.org.br\/noticias\/wp-content\/uploads\/2025\/03\/WhatsApp-Image-2025-03-17-at-16.55.42-1-1024x768.jpeg 1024w, https:\/\/franciscanos.org.br\/noticias\/wp-content\/uploads\/2025\/03\/WhatsApp-Image-2025-03-17-at-16.55.42-1-768x576.jpeg 768w, https:\/\/franciscanos.org.br\/noticias\/wp-content\/uploads\/2025\/03\/WhatsApp-Image-2025-03-17-at-16.55.42-1-1536x1152.jpeg 1536w, https:\/\/franciscanos.org.br\/noticias\/wp-content\/uploads\/2025\/03\/WhatsApp-Image-2025-03-17-at-16.55.42-1-2048x1536.jpeg 2048w, https:\/\/franciscanos.org.br\/noticias\/wp-content\/uploads\/2025\/03\/WhatsApp-Image-2025-03-17-at-16.55.42-1-150x113.jpeg 150w, https:\/\/franciscanos.org.br\/noticias\/wp-content\/uploads\/2025\/03\/WhatsApp-Image-2025-03-17-at-16.55.42-1-600x450.jpeg 600w\" sizes=\"(max-width: 1440px) 100vw, 1440px\" \/> A 13\u00aa Caminhada Franciscana da Juventude ocorrer\u00e1 de 18 a 20 de julho, nas cidades de Coronel Freitas e Xaxim (SC). Nesta primeira reuni\u00e3o, foram indicados representantes das duas fraternidades para integrar as comiss\u00f5es de trabalho. Trabalho que inicia muito antes da Caminhada para assegurar uma organiza\u00e7\u00e3o eficaz.<\/p>\n<p>Ser\u00e3o quatro meses para bem preparar a Caminhada com sa\u00edda de um munic\u00edpio e chegada em outro. Este ano com a novidade de iniciar na sexta-feira e seguir at\u00e9 o domingo.<\/p>\n<p><img loading=\"lazy\" class=\"size-medium wp-image-255511 aligncenter\" src=\"https:\/\/franciscanos.org.br\/noticias\/wp-content\/uploads\/2025\/03\/WhatsApp-Image-2025-03-17-at-16.55.40-338x450.jpeg\" alt=\"\" width=\"338\" height=\"450\" srcset=\"https:\/\/franciscanos.org.br\/noticias\/wp-content\/uploads\/2025\/03\/WhatsApp-Image-2025-03-17-at-16.55.40-338x450.jpeg 338w, https:\/\/franciscanos.org.br\/noticias\/wp-content\/uploads\/2025\/03\/WhatsApp-Image-2025-03-17-at-16.55.40-768x1024.jpeg 768w, https:\/\/franciscanos.org.br\/noticias\/wp-content\/uploads\/2025\/03\/WhatsApp-Image-2025-03-17-at-16.55.40-1152x1536.jpeg 1152w, https:\/\/franciscanos.org.br\/noticias\/wp-content\/uploads\/2025\/03\/WhatsApp-Image-2025-03-17-at-16.55.40-1536x2048.jpeg 1536w, https:\/\/franciscanos.org.br\/noticias\/wp-content\/uploads\/2025\/03\/WhatsApp-Image-2025-03-17-at-16.55.40-150x200.jpeg 150w, https:\/\/franciscanos.org.br\/noticias\/wp-content\/uploads\/2025\/03\/WhatsApp-Image-2025-03-17-at-16.55.40-scaled.jpeg 810w\" sizes=\"(max-width: 338px) 100vw, 338px\" \/><\/p>\n<p>A pr\u00f3xima reuni\u00e3o est\u00e1 marcada para dia 11 de abril e ser\u00e1 realizada on-line. Dessa forma, cada comiss\u00e3o ir\u00e1 apresentar o andamento e a sua organiza\u00e7\u00e3o para o evento.<\/p>\n<p>Em breve, mais informa\u00e7\u00f5es ser\u00e3o divulgadas. Acompanhe as redes sociais do Juventudes da Prov\u00edncia para ficar por dentro de todas as novidades da Caminhada. Organize seu grupo e venha viver mais experi\u00eancia itinerante de f\u00e9!<\/p>\n<p>A Caminhada Franciscana da Juventude \u00e9 um evento voltado prioritariamente para jovens. A proposta \u00e9 que ela seja um retiro itinerante, onde o participante realiza um encontro com Deus, consigo mesmo, com o pr\u00f3ximo e com a natureza. Esta iniciativa \u00e9 pensada e promovida a partir de elementos da espiritualidade crist\u00e3 e franciscana, mas tamb\u00e9m \u00e9 aberta a pessoas de outras religi\u00f5es. Ela \u00e9 tamb\u00e9m uma grande oportunidade de anima\u00e7\u00e3o vocacional, bem como de vigor e entusiasmo para os grupos de jovens locais e par\u00f3quias acolhedoras.<\/p>\n<hr \/>\n<p><em>Camila Mendo- Pascom Par\u00f3quia S\u00e3o Luiz Gonzaga<\/em><\/p>\n","protected":false},"excerpt":{"rendered":"<p>Primeira reuni\u00e3o CFJ<\/p>\n","protected":false},"author":11,"featured_media":255508,"comment_status":"open","ping_status":"open","sticky":false,"template":"","format":"standard","meta":[],"categories":[1],"tags":[2308,2307,1591],"acf":[],"yoast_head":"<!-- This site is optimized with the Yoast SEO plugin v19.2 - https:\/\/yoast.com\/wordpress\/plugins\/seo\/ -->\n<title>Preparativos para a 13\u00aa Caminhada Franciscana da Juventude come\u00e7am em Xaxim - Not\u00edcias - Franciscanos<\/title>\n<meta name=\"robots\" content=\"index, follow, max-snippet:-1, max-image-preview:large, max-video-preview:-1\" \/>\n<link rel=\"canonical\" href=\"https:\/\/franciscanos.org.br\/noticias\/preparativos-para-a-13a-caminhada-franciscana-da-juventude-comecam-em-xaxim.html\" \/>\n<meta property=\"og:locale\" content=\"pt_BR\" \/>\n<meta property=\"og:type\" content=\"article\" \/>\n<meta property=\"og:title\" content=\"Preparativos para a 13\u00aa Caminhada Franciscana da Juventude come\u00e7am em Xaxim - Not\u00edcias - Franciscanos\" \/>\n<meta property=\"og:description\" content=\"Primeira reuni\u00e3o CFJ\" \/>\n<meta property=\"og:url\" content=\"https:\/\/franciscanos.org.br\/noticias\/preparativos-para-a-13a-caminhada-franciscana-da-juventude-comecam-em-xaxim.html\" \/>\n<meta property=\"og:site_name\" content=\"Not\u00edcias - Franciscanos\" \/>\n<meta property=\"article:published_time\" content=\"2025-03-18T11:05:37+00:00\" \/>\n<meta property=\"article:modified_time\" content=\"2025-03-18T13:57:46+00:00\" \/>\n<meta property=\"og:image\" content=\"https:\/\/franciscanos.org.br\/noticias\/wp-content\/uploads\/2025\/03\/CHAMADA-10.jpg\" \/>\n\t<meta property=\"og:image:width\" content=\"800\" \/>\n\t<meta property=\"og:image:height\" content=\"550\" \/>\n\t<meta property=\"og:image:type\" content=\"image\/jpeg\" \/>\n<meta name=\"author\" content=\"Adriana Rabelo\" \/>\n<meta name=\"twitter:card\" content=\"summary_large_image\" \/>\n<meta name=\"twitter:label1\" content=\"Escrito por\" \/>\n\t<meta name=\"twitter:data1\" content=\"Adriana Rabelo\" \/>\n\t<meta name=\"twitter:label2\" content=\"Est. tempo de leitura\" \/>\n\t<meta name=\"twitter:data2\" content=\"2 minutos\" \/>\n<script type=\"application\/ld+json\" class=\"yoast-schema-graph\">{\"@context\":\"https:\/\/schema.org\",\"@graph\":[{\"@type\":\"WebSite\",\"@id\":\"https:\/\/franciscanos.org.br\/noticias\/#website\",\"url\":\"https:\/\/franciscanos.org.br\/noticias\/\",\"name\":\"Not\u00edcias - Franciscanos\",\"description\":\"Prov\u00edncia Franciscana da Imaculada Concei\u00e7\u00e3o do Brasil - Ordem dos Frades Menores - OFM\",\"potentialAction\":[{\"@type\":\"SearchAction\",\"target\":{\"@type\":\"EntryPoint\",\"urlTemplate\":\"https:\/\/franciscanos.org.br\/noticias\/?s={search_term_string}\"},\"query-input\":\"required name=search_term_string\"}],\"inLanguage\":\"pt-BR\"},{\"@type\":\"ImageObject\",\"inLanguage\":\"pt-BR\",\"@id\":\"https:\/\/franciscanos.org.br\/noticias\/preparativos-para-a-13a-caminhada-franciscana-da-juventude-comecam-em-xaxim.html#primaryimage\",\"url\":\"https:\/\/franciscanos.org.br\/noticias\/wp-content\/uploads\/2025\/03\/CHAMADA-10.jpg\",\"contentUrl\":\"https:\/\/franciscanos.org.br\/noticias\/wp-content\/uploads\/2025\/03\/CHAMADA-10.jpg\",\"width\":800,\"height\":550},{\"@type\":\"WebPage\",\"@id\":\"https:\/\/franciscanos.org.br\/noticias\/preparativos-para-a-13a-caminhada-franciscana-da-juventude-comecam-em-xaxim.html#webpage\",\"url\":\"https:\/\/franciscanos.org.br\/noticias\/preparativos-para-a-13a-caminhada-franciscana-da-juventude-comecam-em-xaxim.html\",\"name\":\"Preparativos para a 13\u00aa Caminhada Franciscana da Juventude come\u00e7am em Xaxim - Not\u00edcias - Franciscanos\",\"isPartOf\":{\"@id\":\"https:\/\/franciscanos.org.br\/noticias\/#website\"},\"primaryImageOfPage\":{\"@id\":\"https:\/\/franciscanos.org.br\/noticias\/preparativos-para-a-13a-caminhada-franciscana-da-juventude-comecam-em-xaxim.html#primaryimage\"},\"datePublished\":\"2025-03-18T11:05:37+00:00\",\"dateModified\":\"2025-03-18T13:57:46+00:00\",\"author\":{\"@id\":\"https:\/\/franciscanos.org.br\/noticias\/#\/schema\/person\/d9422e83121c3ad3b0f423d195f5bb25\"},\"breadcrumb\":{\"@id\":\"https:\/\/franciscanos.org.br\/noticias\/preparativos-para-a-13a-caminhada-franciscana-da-juventude-comecam-em-xaxim.html#breadcrumb\"},\"inLanguage\":\"pt-BR\",\"potentialAction\":[{\"@type\":\"ReadAction\",\"target\":[\"https:\/\/franciscanos.org.br\/noticias\/preparativos-para-a-13a-caminhada-franciscana-da-juventude-comecam-em-xaxim.html\"]}]},{\"@type\":\"BreadcrumbList\",\"@id\":\"https:\/\/franciscanos.org.br\/noticias\/preparativos-para-a-13a-caminhada-franciscana-da-juventude-comecam-em-xaxim.html#breadcrumb\",\"itemListElement\":[{\"@type\":\"ListItem\",\"position\":1,\"name\":\"Home\",\"item\":\"https:\/\/franciscanos.org.br\/noticias\"},{\"@type\":\"ListItem\",\"position\":2,\"name\":\"Preparativos para a 13\u00aa Caminhada Franciscana da Juventude come\u00e7am em Xaxim\"}]},{\"@type\":\"Person\",\"@id\":\"https:\/\/franciscanos.org.br\/noticias\/#\/schema\/person\/d9422e83121c3ad3b0f423d195f5bb25\",\"name\":\"Adriana Rabelo\",\"image\":{\"@type\":\"ImageObject\",\"inLanguage\":\"pt-BR\",\"@id\":\"https:\/\/franciscanos.org.br\/noticias\/#\/schema\/person\/image\/\",\"url\":\"https:\/\/secure.gravatar.com\/avatar\/0a937b7500cd7df77540cfb8bede877d?s=96&d=mm&r=g\",\"contentUrl\":\"https:\/\/secure.gravatar.com\/avatar\/0a937b7500cd7df77540cfb8bede877d?s=96&d=mm&r=g\",\"caption\":\"Adriana Rabelo\"},\"url\":\"https:\/\/franciscanos.org.br\/noticias\/author\/adrianarabelo\"}]}<\/script>\n<!-- \/ Yoast SEO plugin. -->","yoast_head_json":{"title":"Preparativos para a 13\u00aa Caminhada Franciscana da Juventude come\u00e7am em Xaxim - Not\u00edcias - Franciscanos","robots":{"index":"index","follow":"follow","max-snippet":"max-snippet:-1","max-image-preview":"max-image-preview:large","max-video-preview":"max-video-preview:-1"},"canonical":"https:\/\/franciscanos.org.br\/noticias\/preparativos-para-a-13a-caminhada-franciscana-da-juventude-comecam-em-xaxim.html","og_locale":"pt_BR","og_type":"article","og_title":"Preparativos para a 13\u00aa Caminhada Franciscana da Juventude come\u00e7am em Xaxim - Not\u00edcias - Franciscanos","og_description":"Primeira reuni\u00e3o CFJ","og_url":"https:\/\/franciscanos.org.br\/noticias\/preparativos-para-a-13a-caminhada-franciscana-da-juventude-comecam-em-xaxim.html","og_site_name":"Not\u00edcias - Franciscanos","article_published_time":"2025-03-18T11:05:37+00:00","article_modified_time":"2025-03-18T13:57:46+00:00","og_image":[{"width":800,"height":550,"url":"https:\/\/franciscanos.org.br\/noticias\/wp-content\/uploads\/2025\/03\/CHAMADA-10.jpg","type":"image\/jpeg"}],"author":"Adriana Rabelo","twitter_card":"summary_large_image","twitter_misc":{"Escrito por":"Adriana Rabelo","Est. tempo de leitura":"2 minutos"},"schema":{"@context":"https:\/\/schema.org","@graph":[{"@type":"WebSite","@id":"https:\/\/franciscanos.org.br\/noticias\/#website","url":"https:\/\/franciscanos.org.br\/noticias\/","name":"Not\u00edcias - Franciscanos","description":"Prov\u00edncia Franciscana da Imaculada Concei\u00e7\u00e3o do Brasil - Ordem dos Frades Menores - OFM","potentialAction":[{"@type":"SearchAction","target":{"@type":"EntryPoint","urlTemplate":"https:\/\/franciscanos.org.br\/noticias\/?s={search_term_string}"},"query-input":"required name=search_term_string"}],"inLanguage":"pt-BR"},{"@type":"ImageObject","inLanguage":"pt-BR","@id":"https:\/\/franciscanos.org.br\/noticias\/preparativos-para-a-13a-caminhada-franciscana-da-juventude-comecam-em-xaxim.html#primaryimage","url":"https:\/\/franciscanos.org.br\/noticias\/wp-content\/uploads\/2025\/03\/CHAMADA-10.jpg","contentUrl":"https:\/\/franciscanos.org.br\/noticias\/wp-content\/uploads\/2025\/03\/CHAMADA-10.jpg","width":800,"height":550},{"@type":"WebPage","@id":"https:\/\/franciscanos.org.br\/noticias\/preparativos-para-a-13a-caminhada-franciscana-da-juventude-comecam-em-xaxim.html#webpage","url":"https:\/\/franciscanos.org.br\/noticias\/preparativos-para-a-13a-caminhada-franciscana-da-juventude-comecam-em-xaxim.html","name":"Preparativos para a 13\u00aa Caminhada Franciscana da Juventude come\u00e7am em Xaxim - Not\u00edcias - Franciscanos","isPartOf":{"@id":"https:\/\/franciscanos.org.br\/noticias\/#website"},"primaryImageOfPage":{"@id":"https:\/\/franciscanos.org.br\/noticias\/preparativos-para-a-13a-caminhada-franciscana-da-juventude-comecam-em-xaxim.html#primaryimage"},"datePublished":"2025-03-18T11:05:37+00:00","dateModified":"2025-03-18T13:57:46+00:00","author":{"@id":"https:\/\/franciscanos.org.br\/noticias\/#\/schema\/person\/d9422e83121c3ad3b0f423d195f5bb25"},"breadcrumb":{"@id":"https:\/\/franciscanos.org.br\/noticias\/preparativos-para-a-13a-caminhada-franciscana-da-juventude-comecam-em-xaxim.html#breadcrumb"},"inLanguage":"pt-BR","potentialAction":[{"@type":"ReadAction","target":["https:\/\/franciscanos.org.br\/noticias\/preparativos-para-a-13a-caminhada-franciscana-da-juventude-comecam-em-xaxim.html"]}]},{"@type":"BreadcrumbList","@id":"https:\/\/franciscanos.org.br\/noticias\/preparativos-para-a-13a-caminhada-franciscana-da-juventude-comecam-em-xaxim.html#breadcrumb","itemListElement":[{"@type":"ListItem","position":1,"name":"Home","item":"https:\/\/franciscanos.org.br\/noticias"},{"@type":"ListItem","position":2,"name":"Preparativos para a 13\u00aa Caminhada Franciscana da Juventude come\u00e7am em Xaxim"}]},{"@type":"Person","@id":"https:\/\/franciscanos.org.br\/noticias\/#\/schema\/person\/d9422e83121c3ad3b0f423d195f5bb25","name":"Adriana Rabelo","image":{"@type":"ImageObject","inLanguage":"pt-BR","@id":"https:\/\/franciscanos.org.br\/noticias\/#\/schema\/person\/image\/","url":"https:\/\/secure.gravatar.com\/avatar\/0a937b7500cd7df77540cfb8bede877d?s=96&d=mm&r=g","contentUrl":"https:\/\/secure.gravatar.com\/avatar\/0a937b7500cd7df77540cfb8bede877d?s=96&d=mm&r=g","caption":"Adriana Rabelo"},"url":"https:\/\/franciscanos.org.br\/noticias\/author\/adrianarabelo"}]}},"_links":{"self":[{"href":"https:\/\/franciscanos.org.br\/noticias\/wp-json\/wp\/v2\/posts\/255506"}],"collection":[{"href":"https:\/\/franciscanos.org.br\/noticias\/wp-json\/wp\/v2\/posts"}],"about":[{"href":"https:\/\/franciscanos.org.br\/noticias\/wp-json\/wp\/v2\/types\/post"}],"author":[{"embeddable":true,"href":"https:\/\/franciscanos.org.br\/noticias\/wp-json\/wp\/v2\/users\/11"}],"replies":[{"embeddable":true,"href":"https:\/\/franciscanos.org.br\/noticias\/wp-json\/wp\/v2\/comments?post=255506"}],"version-history":[{"count":9,"href":"https:\/\/franciscanos.org.br\/noticias\/wp-json\/wp\/v2\/posts\/255506\/revisions"}],"predecessor-version":[{"id":255534,"href":"https:\/\/franciscanos.org.br\/noticias\/wp-json\/wp\/v2\/posts\/255506\/revisions\/255534"}],"wp:featuredmedia":[{"embeddable":true,"href":"https:\/\/franciscanos.org.br\/noticias\/wp-json\/wp\/v2\/media\/255508"}],"wp:attachment":[{"href":"https:\/\/franciscanos.org.br\/noticias\/wp-json\/wp\/v2\/media?parent=255506"}],"wp:term":[{"taxonomy":"category","embeddable":true,"href":"https:\/\/franciscanos.org.br\/noticias\/wp-json\/wp\/v2\/categories?post=255506"},{"taxonomy":"post_tag","embeddable":true,"href":"https:\/\/franciscanos.org.br\/noticias\/wp-json\/wp\/v2\/tags?post=255506"}],"curies":[{"name":"wp","href":"https:\/\/api.w.org\/{rel}","templated":true}]}}