{"id":255441,"date":"2025-03-14T16:44:36","date_gmt":"2025-03-14T19:44:36","guid":{"rendered":"https:\/\/franciscanos.org.br\/noticias\/?p=255441"},"modified":"2025-03-15T10:31:03","modified_gmt":"2025-03-15T13:31:03","slug":"postulantado-o-principio-da-vocacao-de-ser-frade-menor","status":"publish","type":"post","link":"https:\/\/franciscanos.org.br\/noticias\/postulantado-o-principio-da-vocacao-de-ser-frade-menor.html","title":{"rendered":"Postulantado: O princ\u00edpio da voca\u00e7\u00e3o de ser frade menor"},"content":{"rendered":"<div id=\"attachment_255442\" style=\"width: 1290px\" class=\"wp-caption alignnone\"><img aria-describedby=\"caption-attachment-255442\" loading=\"lazy\" class=\"wp-image-255442 size-full\" src=\"https:\/\/franciscanos.org.br\/noticias\/wp-content\/uploads\/2025\/03\/materia-9.jpg\" alt=\"\" width=\"1280\" height=\"720\" srcset=\"https:\/\/franciscanos.org.br\/noticias\/wp-content\/uploads\/2025\/03\/materia-9.jpg 1280w, https:\/\/franciscanos.org.br\/noticias\/wp-content\/uploads\/2025\/03\/materia-9-450x253.jpg 450w, https:\/\/franciscanos.org.br\/noticias\/wp-content\/uploads\/2025\/03\/materia-9-1024x576.jpg 1024w, https:\/\/franciscanos.org.br\/noticias\/wp-content\/uploads\/2025\/03\/materia-9-768x432.jpg 768w, https:\/\/franciscanos.org.br\/noticias\/wp-content\/uploads\/2025\/03\/materia-9-150x84.jpg 150w\" sizes=\"(max-width: 1280px) 100vw, 1280px\" \/><p id=\"caption-attachment-255442\" class=\"wp-caption-text\">Postulantes 2025<\/p><\/div>\n<p>Para viver em sociedade, precisamos compreender e nos adaptar a diferentes regras e conven\u00e7\u00f5es. H\u00e1 momentos para trabalhar, descansar, estudar, conviver com outras pessoas respeitando os limites das rela\u00e7\u00f5es, rezar e tamb\u00e9m nos divertir.<\/p>\n<p><img loading=\"lazy\" class=\"size-medium wp-image-255443 alignright\" src=\"https:\/\/franciscanos.org.br\/noticias\/wp-content\/uploads\/2025\/03\/WhatsApp-Image-2025-03-14-at-16.37.43-338x450.jpeg\" alt=\"\" width=\"338\" height=\"450\" srcset=\"https:\/\/franciscanos.org.br\/noticias\/wp-content\/uploads\/2025\/03\/WhatsApp-Image-2025-03-14-at-16.37.43-338x450.jpeg 338w, https:\/\/franciscanos.org.br\/noticias\/wp-content\/uploads\/2025\/03\/WhatsApp-Image-2025-03-14-at-16.37.43-768x1024.jpeg 768w, https:\/\/franciscanos.org.br\/noticias\/wp-content\/uploads\/2025\/03\/WhatsApp-Image-2025-03-14-at-16.37.43-1152x1536.jpeg 1152w, https:\/\/franciscanos.org.br\/noticias\/wp-content\/uploads\/2025\/03\/WhatsApp-Image-2025-03-14-at-16.37.43-150x200.jpeg 150w, https:\/\/franciscanos.org.br\/noticias\/wp-content\/uploads\/2025\/03\/WhatsApp-Image-2025-03-14-at-16.37.43.jpeg 810w\" sizes=\"(max-width: 338px) 100vw, 338px\" \/>A vida em um semin\u00e1rio, como ocorre na Prov\u00edncia da Imaculada Concei\u00e7\u00e3o, no Semin\u00e1rio Frei Galv\u00e3o, onde reside a Fraternidade S\u00e3o Jos\u00e9, em Guaratinguet\u00e1 (SP), tamb\u00e9m segue regras que precisam ser respeitadas, assimiladas e seguidas. A diferen\u00e7a \u00e9 que, ao optar por viver a experi\u00eancia da vida religiosa, especialmente na Ordem dos Frades Menores, o jovem escolhe desprender-se temporariamente das rela\u00e7\u00f5es constru\u00eddas com o mundo para imergir no carisma e na espiritualidade franciscana. Essa viv\u00eancia se fundamenta nos pilares da ora\u00e7\u00e3o e devo\u00e7\u00e3o, das rela\u00e7\u00f5es em fraternidade, da minoridade e da miss\u00e3o evangelizadora, que constituem, para o franciscano, o modo de ser Igreja, conforme S\u00e3o Francisco de Assis.<\/p>\n<p>Mesmo com momentos intensos de estudo em sala de aula sobre o Pai Ser\u00e1fico e a Regra Franciscana, o per\u00edodo de um ano no Postulantado tem como objetivo conduzir o jovem a experimentar, no cotidiano do semin\u00e1rio e da comunidade, situa\u00e7\u00f5es nas quais o Evangelho e os exemplos de S\u00e3o Francisco de Assis possam ser vividos na pr\u00e1tica, expressando-se em diferentes formas de agir, refletir e se comunicar.<\/p>\n<p>Em um movimento de encontro com Deus e com seu pr\u00f3prio eu, o jovem postulante encontra no Semin\u00e1rio Frei Galv\u00e3o um ambiente favor\u00e1vel para viver o come\u00e7o de sua caminhada formativa. Esse lugar, com 83 anos de exist\u00eancia, testemunhou a hist\u00f3ria de grande parte dos frades da Prov\u00edncia desde sua inaugura\u00e7\u00e3o, em 1\u00ba de mar\u00e7o de 1942.<\/p>\n<p>O tempo passou, muita coisa mudou no mundo e a Prov\u00edncia Franciscana da Imaculada Concei\u00e7\u00e3o do Brasil tamb\u00e9m precisou se adaptar, pois, se o ambiente muda, seus habitantes tamb\u00e9m alteram o jeito de ser, viver e perceber as realidades que os cercam. Isso n\u00e3o \u00e9 diferente para os jovens que chegam ao semin\u00e1rio para receber a forma\u00e7\u00e3o inicial.<\/p>\n<p>Os novos cen\u00e1rios exigem posicionamentos e mudan\u00e7as, mas, para a vida franciscana, essas adapta\u00e7\u00f5es fluem no mesmo movimento que, h\u00e1 mais de 800 anos, S\u00e3o Francisco via e sentia, impulsionado pelo amor a todas as criaturas.<\/p>\n<p>Estar \u00e0 frente do Postulantado \u00e9 uma tarefa que tamb\u00e9m exige flexibilidade, olhar atento, disposi\u00e7\u00e3o, perseveran\u00e7a e amor ao pr\u00f3ximo. \u00c9 assim que, h\u00e1 seis anos, Frei Walter de Carvalho J\u00fanior, 60 anos, acompanha os jovens que chegam ao Semin\u00e1rio Frei Galv\u00e3o com o desejo de tornarem-se frades franciscanos OFM. Antes disso, ele serviu \u00e0 Secretaria da Prov\u00edncia por muitos anos.<\/p>\n<p>A hist\u00f3ria da caminhada religiosa de Frei Walter, que nasceu em Ja\u00fa (SP), mas foi criado em Pederneiras (SP), \u00e9 semelhante \u00e0 de muitos jovens que carregam o desejo de servir a Deus e \u00e0 comunidade, seguindo os passos de S\u00e3o Francisco de Assis:<\/p>\n<p>\u201cSenti-me chamado \u00e0 vida franciscana desde muito cedo. Fui para o Semin\u00e1rio de Agudos (SP) com 13 anos, em 1978. A amizade com outro seminarista e a leitura de uma hist\u00f3ria em quadrinhos sobre a vida de S\u00e3o Francisco foram o modo usado por Deus para me despertar a voca\u00e7\u00e3o de seguir a seu Filho como frade franciscano.\u201d<\/p>\n<p>Em entrevista ao site <strong>Franciscanos<\/strong>, o frade falou sobre a import\u00e2ncia do Postulantado para a vida franciscana, o itiner\u00e1rio formativo e as mudan\u00e7as ocorridas nessa etapa de forma\u00e7\u00e3o.<\/p>\n<p><strong>Site Franciscanos \u2013 Qual a import\u00e2ncia do Postulantado para a vida franciscana?<\/strong><\/p>\n<p><strong>Frei Walter de Carvalho J\u00fanior<\/strong> \u2013 A import\u00e2ncia da etapa do Postulantado \u00e9 a mesma de todas as outras etapas de forma\u00e7\u00e3o. Na verdade, existe uma \u00fanica forma\u00e7\u00e3o, e esta \u00e9 permanente e continuada. As chamadas etapas n\u00e3o s\u00e3o lineares, com seus come\u00e7os e fins. Na vida franciscana, as etapas s\u00e3o conc\u00eantricas. Carregamos at\u00e9 o final da vida os apelos do Aspirantado, do Postulantado, do Noviciado, do per\u00edodo de forma\u00e7\u00e3o inicial. Na forma\u00e7\u00e3o franciscana, estamos sempre no meio, nunca no in\u00edcio ou no fim.<\/p>\n<p><strong>Site Franciscanos \u2013 A Prov\u00edncia promoveu algumas mudan\u00e7as no processo de forma\u00e7\u00e3o dos frades. Quais foram as mudan\u00e7as no Postulantado?<\/strong><\/p>\n<p><strong>Frei Walter<\/strong> \u2013 O novo itiner\u00e1rio formativo, aprovado <em>ad experimentum<\/em> no \u00faltimo Cap\u00edtulo Provincial, trouxe poucas mudan\u00e7as para o Postulantado. Sua contribui\u00e7\u00e3o maior foi para a forma\u00e7\u00e3o como um todo. A preocupa\u00e7\u00e3o principal \u00e9 passar de uma forma\u00e7\u00e3o muito clericalista, voltada para o presbiterato, para uma forma\u00e7\u00e3o mais focada em formar o frade menor, centrada em nossa <em>forma vitae<\/em>. Afinal, a voca\u00e7\u00e3o de quem entra na Ordem \u00e9 uma e \u00fanica: ser frade menor. Quem assume o sacerd\u00f3cio assume uma segunda voca\u00e7\u00e3o. As duas s\u00e3o completas e independentes, embora possam ser assumidas por uma mesma pessoa.<\/p>\n<p><strong>Site Franciscanos \u2013 Quais foram as motiva\u00e7\u00f5es para as mudan\u00e7as?<\/strong><\/p>\n<p><strong>Frei Walter<\/strong> \u2013 As mudan\u00e7as foram motivadas justamente por uma vis\u00e3o distorcida e clericalista da vida religiosa. Essa vis\u00e3o tem levado a um \u201cdeixar a desejar\u201d em termos de vida de minoridade e fraternidade, notas essenciais do frade. O Papa Francisco reiteradamente tem condenado o clericalismo que assola e desvigora a Igreja. O clericalismo est\u00e1 presente em cl\u00e9rigos e leigos e ofusca, com o poder, o que deveria ser o vigor evang\u00e9lico e evangelizador da Igreja.<\/p>\n\n\t\t<style type=\"text\/css\">\n\t\t\t#gallery-1 {\n\t\t\t\tmargin: auto;\n\t\t\t}\n\t\t\t#gallery-1 .gallery-item {\n\t\t\t\tfloat: left;\n\t\t\t\tmargin-top: 10px;\n\t\t\t\ttext-align: center;\n\t\t\t\twidth: 50%;\n\t\t\t}\n\t\t\t#gallery-1 img {\n\t\t\t\tborder: 2px solid #cfcfcf;\n\t\t\t}\n\t\t\t#gallery-1 .gallery-caption {\n\t\t\t\tmargin-left: 0;\n\t\t\t}\n\t\t\t\/* see gallery_shortcode() in wp-includes\/media.php *\/\n\t\t<\/style>\n\t\t<div id='gallery-1' class='gallery galleryid-255441 gallery-columns-2 gallery-size-thumbnail'><dl class='gallery-item'>\n\t\t\t<dt class='gallery-icon landscape'>\n\t\t\t\t<a href='https:\/\/franciscanos.org.br\/noticias\/wp-content\/uploads\/2025\/03\/WhatsApp-Image-2025-03-13-at-11.45.33-scaled.jpeg'><img width=\"300\" height=\"300\" src=\"https:\/\/franciscanos.org.br\/noticias\/wp-content\/uploads\/2025\/03\/WhatsApp-Image-2025-03-13-at-11.45.33-300x300.jpeg\" class=\"attachment-thumbnail size-thumbnail\" alt=\"\" loading=\"lazy\" srcset=\"https:\/\/franciscanos.org.br\/noticias\/wp-content\/uploads\/2025\/03\/WhatsApp-Image-2025-03-13-at-11.45.33-300x300.jpeg 300w, https:\/\/franciscanos.org.br\/noticias\/wp-content\/uploads\/2025\/03\/WhatsApp-Image-2025-03-13-at-11.45.33-450x450.jpeg 450w, https:\/\/franciscanos.org.br\/noticias\/wp-content\/uploads\/2025\/03\/WhatsApp-Image-2025-03-13-at-11.45.33-1024x1024.jpeg 1024w, https:\/\/franciscanos.org.br\/noticias\/wp-content\/uploads\/2025\/03\/WhatsApp-Image-2025-03-13-at-11.45.33-768x768.jpeg 768w, https:\/\/franciscanos.org.br\/noticias\/wp-content\/uploads\/2025\/03\/WhatsApp-Image-2025-03-13-at-11.45.33-1536x1536.jpeg 1536w, https:\/\/franciscanos.org.br\/noticias\/wp-content\/uploads\/2025\/03\/WhatsApp-Image-2025-03-13-at-11.45.33-2048x2048.jpeg 2048w, https:\/\/franciscanos.org.br\/noticias\/wp-content\/uploads\/2025\/03\/WhatsApp-Image-2025-03-13-at-11.45.33-150x150.jpeg 150w, https:\/\/franciscanos.org.br\/noticias\/wp-content\/uploads\/2025\/03\/WhatsApp-Image-2025-03-13-at-11.45.33-100x100.jpeg 100w, https:\/\/franciscanos.org.br\/noticias\/wp-content\/uploads\/2025\/03\/WhatsApp-Image-2025-03-13-at-11.45.33-scaled.jpeg 1080w\" sizes=\"(max-width: 300px) 100vw, 300px\" \/><\/a>\n\t\t\t<\/dt><\/dl><dl class='gallery-item'>\n\t\t\t<dt class='gallery-icon portrait'>\n\t\t\t\t<a href='https:\/\/franciscanos.org.br\/noticias\/wp-content\/uploads\/2025\/03\/WhatsApp-Image-2025-03-13-at-11.45.33-1-scaled.jpeg'><img width=\"300\" height=\"300\" src=\"https:\/\/franciscanos.org.br\/noticias\/wp-content\/uploads\/2025\/03\/WhatsApp-Image-2025-03-13-at-11.45.33-1-300x300.jpeg\" class=\"attachment-thumbnail size-thumbnail\" alt=\"\" loading=\"lazy\" srcset=\"https:\/\/franciscanos.org.br\/noticias\/wp-content\/uploads\/2025\/03\/WhatsApp-Image-2025-03-13-at-11.45.33-1-300x300.jpeg 300w, https:\/\/franciscanos.org.br\/noticias\/wp-content\/uploads\/2025\/03\/WhatsApp-Image-2025-03-13-at-11.45.33-1-100x100.jpeg 100w\" sizes=\"(max-width: 300px) 100vw, 300px\" \/><\/a>\n\t\t\t<\/dt><\/dl><br style=\"clear: both\" \/>\n\t\t<\/div>\n\n<p><strong>Site Franciscanos \u2013 O senhor est\u00e1 vivenciando com os postulantes esse novo momento do processo formativo. O que j\u00e1 \u00e9 poss\u00edvel observar?<\/strong><\/p>\n<p><strong>Frei Walter<\/strong> \u2013 No Postulantado, procuramos refletir sobre o que significa ser frade menor, a partir da leitura de textos franciscanos e atrav\u00e9s do que realizamos no dia a dia, dentro e fora de casa, nas atividades apost\u00f3licas e sociais. A voca\u00e7\u00e3o franciscana n\u00e3o pode ser secundarizada em rela\u00e7\u00e3o a uma poss\u00edvel voca\u00e7\u00e3o presbiteral. O membro da Ordem faz parte dela para ser frade menor em primeiro lugar e, possivelmente, pode vir a assumir uma segunda voca\u00e7\u00e3o: a sacerdotal. Na Ordem, o ser frade n\u00e3o pode ser um \u201cadendo\u201d a quem simplesmente quer ser padre.<\/p>\n<p><strong>Site Franciscanos \u2013 Quais impactos s\u00e3o esperados com esse novo itiner\u00e1rio formativo?<\/strong><\/p>\n<p><strong>Frei Walter<\/strong> \u2013 Com o novo itiner\u00e1rio formativo, espera-se uma melhor qualidade de vida fraterna, evangelizadora e contemplativa.<\/p>\n<p><strong>Site Franciscanos \u2013 Qual mensagem o senhor pode deixar para os jovens que desejam ingressar na vida franciscana?<\/strong><\/p>\n<p><strong>Frei Walter<\/strong> \u2013 Aos jovens que desejam ingressar na vida franciscana, digo que precisam cultivar um grande amor pela voca\u00e7\u00e3o, pois nos tornamos frades para sermos felizes, mas \u00e0 maneira de Jesus, que assumiu a cruz, as adversidades, tudo em conformidade com o Pai. A alegria, para n\u00f3s, s\u00f3 pode vir da doa\u00e7\u00e3o, da entrega de si.<\/p>\n<hr \/>\n<p><em>Adriana Rabelo Rodrigues<\/em><\/p>\n","protected":false},"excerpt":{"rendered":"<p>Itiner\u00e1rio formativo<\/p>\n","protected":false},"author":11,"featured_media":255448,"comment_status":"open","ping_status":"open","sticky":false,"template":"","format":"standard","meta":[],"categories":[758,1],"tags":[2306,161,421,2056],"acf":[],"yoast_head":"<!-- This site is optimized with the Yoast SEO plugin v19.2 - https:\/\/yoast.com\/wordpress\/plugins\/seo\/ -->\n<title>Postulantado: O princ\u00edpio da voca\u00e7\u00e3o de ser frade menor - Not\u00edcias - Franciscanos<\/title>\n<meta name=\"robots\" content=\"index, follow, max-snippet:-1, max-image-preview:large, max-video-preview:-1\" \/>\n<link rel=\"canonical\" href=\"https:\/\/franciscanos.org.br\/noticias\/postulantado-o-principio-da-vocacao-de-ser-frade-menor.html\" \/>\n<meta property=\"og:locale\" content=\"pt_BR\" \/>\n<meta property=\"og:type\" content=\"article\" \/>\n<meta property=\"og:title\" content=\"Postulantado: O princ\u00edpio da voca\u00e7\u00e3o de ser frade menor - Not\u00edcias - Franciscanos\" \/>\n<meta property=\"og:description\" content=\"Itiner\u00e1rio formativo\" \/>\n<meta property=\"og:url\" content=\"https:\/\/franciscanos.org.br\/noticias\/postulantado-o-principio-da-vocacao-de-ser-frade-menor.html\" \/>\n<meta property=\"og:site_name\" content=\"Not\u00edcias - Franciscanos\" \/>\n<meta property=\"article:published_time\" content=\"2025-03-14T19:44:36+00:00\" \/>\n<meta property=\"article:modified_time\" content=\"2025-03-15T13:31:03+00:00\" \/>\n<meta property=\"og:image\" content=\"https:\/\/franciscanos.org.br\/noticias\/wp-content\/uploads\/2025\/03\/chamada-8.jpg\" \/>\n\t<meta property=\"og:image:width\" content=\"800\" \/>\n\t<meta property=\"og:image:height\" content=\"550\" \/>\n\t<meta property=\"og:image:type\" content=\"image\/jpeg\" \/>\n<meta name=\"author\" content=\"Adriana Rabelo\" \/>\n<meta name=\"twitter:card\" content=\"summary_large_image\" \/>\n<meta name=\"twitter:label1\" content=\"Escrito por\" \/>\n\t<meta name=\"twitter:data1\" content=\"Adriana Rabelo\" \/>\n\t<meta name=\"twitter:label2\" content=\"Est. tempo de leitura\" \/>\n\t<meta name=\"twitter:data2\" content=\"6 minutos\" \/>\n<script type=\"application\/ld+json\" class=\"yoast-schema-graph\">{\"@context\":\"https:\/\/schema.org\",\"@graph\":[{\"@type\":\"WebSite\",\"@id\":\"https:\/\/franciscanos.org.br\/noticias\/#website\",\"url\":\"https:\/\/franciscanos.org.br\/noticias\/\",\"name\":\"Not\u00edcias - Franciscanos\",\"description\":\"Prov\u00edncia Franciscana da Imaculada Concei\u00e7\u00e3o do Brasil - Ordem dos Frades Menores - OFM\",\"potentialAction\":[{\"@type\":\"SearchAction\",\"target\":{\"@type\":\"EntryPoint\",\"urlTemplate\":\"https:\/\/franciscanos.org.br\/noticias\/?s={search_term_string}\"},\"query-input\":\"required name=search_term_string\"}],\"inLanguage\":\"pt-BR\"},{\"@type\":\"ImageObject\",\"inLanguage\":\"pt-BR\",\"@id\":\"https:\/\/franciscanos.org.br\/noticias\/postulantado-o-principio-da-vocacao-de-ser-frade-menor.html#primaryimage\",\"url\":\"https:\/\/franciscanos.org.br\/noticias\/wp-content\/uploads\/2025\/03\/chamada-8.jpg\",\"contentUrl\":\"https:\/\/franciscanos.org.br\/noticias\/wp-content\/uploads\/2025\/03\/chamada-8.jpg\",\"width\":800,\"height\":550},{\"@type\":\"WebPage\",\"@id\":\"https:\/\/franciscanos.org.br\/noticias\/postulantado-o-principio-da-vocacao-de-ser-frade-menor.html#webpage\",\"url\":\"https:\/\/franciscanos.org.br\/noticias\/postulantado-o-principio-da-vocacao-de-ser-frade-menor.html\",\"name\":\"Postulantado: O princ\u00edpio da voca\u00e7\u00e3o de ser frade menor - Not\u00edcias - Franciscanos\",\"isPartOf\":{\"@id\":\"https:\/\/franciscanos.org.br\/noticias\/#website\"},\"primaryImageOfPage\":{\"@id\":\"https:\/\/franciscanos.org.br\/noticias\/postulantado-o-principio-da-vocacao-de-ser-frade-menor.html#primaryimage\"},\"datePublished\":\"2025-03-14T19:44:36+00:00\",\"dateModified\":\"2025-03-15T13:31:03+00:00\",\"author\":{\"@id\":\"https:\/\/franciscanos.org.br\/noticias\/#\/schema\/person\/d9422e83121c3ad3b0f423d195f5bb25\"},\"breadcrumb\":{\"@id\":\"https:\/\/franciscanos.org.br\/noticias\/postulantado-o-principio-da-vocacao-de-ser-frade-menor.html#breadcrumb\"},\"inLanguage\":\"pt-BR\",\"potentialAction\":[{\"@type\":\"ReadAction\",\"target\":[\"https:\/\/franciscanos.org.br\/noticias\/postulantado-o-principio-da-vocacao-de-ser-frade-menor.html\"]}]},{\"@type\":\"BreadcrumbList\",\"@id\":\"https:\/\/franciscanos.org.br\/noticias\/postulantado-o-principio-da-vocacao-de-ser-frade-menor.html#breadcrumb\",\"itemListElement\":[{\"@type\":\"ListItem\",\"position\":1,\"name\":\"Home\",\"item\":\"https:\/\/franciscanos.org.br\/noticias\"},{\"@type\":\"ListItem\",\"position\":2,\"name\":\"Postulantado: O princ\u00edpio da voca\u00e7\u00e3o de ser frade menor\"}]},{\"@type\":\"Person\",\"@id\":\"https:\/\/franciscanos.org.br\/noticias\/#\/schema\/person\/d9422e83121c3ad3b0f423d195f5bb25\",\"name\":\"Adriana Rabelo\",\"image\":{\"@type\":\"ImageObject\",\"inLanguage\":\"pt-BR\",\"@id\":\"https:\/\/franciscanos.org.br\/noticias\/#\/schema\/person\/image\/\",\"url\":\"https:\/\/secure.gravatar.com\/avatar\/0a937b7500cd7df77540cfb8bede877d?s=96&d=mm&r=g\",\"contentUrl\":\"https:\/\/secure.gravatar.com\/avatar\/0a937b7500cd7df77540cfb8bede877d?s=96&d=mm&r=g\",\"caption\":\"Adriana Rabelo\"},\"url\":\"https:\/\/franciscanos.org.br\/noticias\/author\/adrianarabelo\"}]}<\/script>\n<!-- \/ Yoast SEO plugin. -->","yoast_head_json":{"title":"Postulantado: O princ\u00edpio da voca\u00e7\u00e3o de ser frade menor - Not\u00edcias - Franciscanos","robots":{"index":"index","follow":"follow","max-snippet":"max-snippet:-1","max-image-preview":"max-image-preview:large","max-video-preview":"max-video-preview:-1"},"canonical":"https:\/\/franciscanos.org.br\/noticias\/postulantado-o-principio-da-vocacao-de-ser-frade-menor.html","og_locale":"pt_BR","og_type":"article","og_title":"Postulantado: O princ\u00edpio da voca\u00e7\u00e3o de ser frade menor - Not\u00edcias - Franciscanos","og_description":"Itiner\u00e1rio formativo","og_url":"https:\/\/franciscanos.org.br\/noticias\/postulantado-o-principio-da-vocacao-de-ser-frade-menor.html","og_site_name":"Not\u00edcias - Franciscanos","article_published_time":"2025-03-14T19:44:36+00:00","article_modified_time":"2025-03-15T13:31:03+00:00","og_image":[{"width":800,"height":550,"url":"https:\/\/franciscanos.org.br\/noticias\/wp-content\/uploads\/2025\/03\/chamada-8.jpg","type":"image\/jpeg"}],"author":"Adriana Rabelo","twitter_card":"summary_large_image","twitter_misc":{"Escrito por":"Adriana Rabelo","Est. tempo de leitura":"6 minutos"},"schema":{"@context":"https:\/\/schema.org","@graph":[{"@type":"WebSite","@id":"https:\/\/franciscanos.org.br\/noticias\/#website","url":"https:\/\/franciscanos.org.br\/noticias\/","name":"Not\u00edcias - Franciscanos","description":"Prov\u00edncia Franciscana da Imaculada Concei\u00e7\u00e3o do Brasil - Ordem dos Frades Menores - OFM","potentialAction":[{"@type":"SearchAction","target":{"@type":"EntryPoint","urlTemplate":"https:\/\/franciscanos.org.br\/noticias\/?s={search_term_string}"},"query-input":"required name=search_term_string"}],"inLanguage":"pt-BR"},{"@type":"ImageObject","inLanguage":"pt-BR","@id":"https:\/\/franciscanos.org.br\/noticias\/postulantado-o-principio-da-vocacao-de-ser-frade-menor.html#primaryimage","url":"https:\/\/franciscanos.org.br\/noticias\/wp-content\/uploads\/2025\/03\/chamada-8.jpg","contentUrl":"https:\/\/franciscanos.org.br\/noticias\/wp-content\/uploads\/2025\/03\/chamada-8.jpg","width":800,"height":550},{"@type":"WebPage","@id":"https:\/\/franciscanos.org.br\/noticias\/postulantado-o-principio-da-vocacao-de-ser-frade-menor.html#webpage","url":"https:\/\/franciscanos.org.br\/noticias\/postulantado-o-principio-da-vocacao-de-ser-frade-menor.html","name":"Postulantado: O princ\u00edpio da voca\u00e7\u00e3o de ser frade menor - Not\u00edcias - Franciscanos","isPartOf":{"@id":"https:\/\/franciscanos.org.br\/noticias\/#website"},"primaryImageOfPage":{"@id":"https:\/\/franciscanos.org.br\/noticias\/postulantado-o-principio-da-vocacao-de-ser-frade-menor.html#primaryimage"},"datePublished":"2025-03-14T19:44:36+00:00","dateModified":"2025-03-15T13:31:03+00:00","author":{"@id":"https:\/\/franciscanos.org.br\/noticias\/#\/schema\/person\/d9422e83121c3ad3b0f423d195f5bb25"},"breadcrumb":{"@id":"https:\/\/franciscanos.org.br\/noticias\/postulantado-o-principio-da-vocacao-de-ser-frade-menor.html#breadcrumb"},"inLanguage":"pt-BR","potentialAction":[{"@type":"ReadAction","target":["https:\/\/franciscanos.org.br\/noticias\/postulantado-o-principio-da-vocacao-de-ser-frade-menor.html"]}]},{"@type":"BreadcrumbList","@id":"https:\/\/franciscanos.org.br\/noticias\/postulantado-o-principio-da-vocacao-de-ser-frade-menor.html#breadcrumb","itemListElement":[{"@type":"ListItem","position":1,"name":"Home","item":"https:\/\/franciscanos.org.br\/noticias"},{"@type":"ListItem","position":2,"name":"Postulantado: O princ\u00edpio da voca\u00e7\u00e3o de ser frade menor"}]},{"@type":"Person","@id":"https:\/\/franciscanos.org.br\/noticias\/#\/schema\/person\/d9422e83121c3ad3b0f423d195f5bb25","name":"Adriana Rabelo","image":{"@type":"ImageObject","inLanguage":"pt-BR","@id":"https:\/\/franciscanos.org.br\/noticias\/#\/schema\/person\/image\/","url":"https:\/\/secure.gravatar.com\/avatar\/0a937b7500cd7df77540cfb8bede877d?s=96&d=mm&r=g","contentUrl":"https:\/\/secure.gravatar.com\/avatar\/0a937b7500cd7df77540cfb8bede877d?s=96&d=mm&r=g","caption":"Adriana Rabelo"},"url":"https:\/\/franciscanos.org.br\/noticias\/author\/adrianarabelo"}]}},"_links":{"self":[{"href":"https:\/\/franciscanos.org.br\/noticias\/wp-json\/wp\/v2\/posts\/255441"}],"collection":[{"href":"https:\/\/franciscanos.org.br\/noticias\/wp-json\/wp\/v2\/posts"}],"about":[{"href":"https:\/\/franciscanos.org.br\/noticias\/wp-json\/wp\/v2\/types\/post"}],"author":[{"embeddable":true,"href":"https:\/\/franciscanos.org.br\/noticias\/wp-json\/wp\/v2\/users\/11"}],"replies":[{"embeddable":true,"href":"https:\/\/franciscanos.org.br\/noticias\/wp-json\/wp\/v2\/comments?post=255441"}],"version-history":[{"count":4,"href":"https:\/\/franciscanos.org.br\/noticias\/wp-json\/wp\/v2\/posts\/255441\/revisions"}],"predecessor-version":[{"id":255450,"href":"https:\/\/franciscanos.org.br\/noticias\/wp-json\/wp\/v2\/posts\/255441\/revisions\/255450"}],"wp:featuredmedia":[{"embeddable":true,"href":"https:\/\/franciscanos.org.br\/noticias\/wp-json\/wp\/v2\/media\/255448"}],"wp:attachment":[{"href":"https:\/\/franciscanos.org.br\/noticias\/wp-json\/wp\/v2\/media?parent=255441"}],"wp:term":[{"taxonomy":"category","embeddable":true,"href":"https:\/\/franciscanos.org.br\/noticias\/wp-json\/wp\/v2\/categories?post=255441"},{"taxonomy":"post_tag","embeddable":true,"href":"https:\/\/franciscanos.org.br\/noticias\/wp-json\/wp\/v2\/tags?post=255441"}],"curies":[{"name":"wp","href":"https:\/\/api.w.org\/{rel}","templated":true}]}}