{"id":255432,"date":"2025-03-13T17:10:45","date_gmt":"2025-03-13T20:10:45","guid":{"rendered":"https:\/\/franciscanos.org.br\/noticias\/?p=255432"},"modified":"2025-03-13T17:10:45","modified_gmt":"2025-03-13T20:10:45","slug":"francisco-o-mundo-faz-os-melhores-votos-para-o-pastor-da-esperanca","status":"publish","type":"post","link":"https:\/\/franciscanos.org.br\/noticias\/francisco-o-mundo-faz-os-melhores-votos-para-o-pastor-da-esperanca.html","title":{"rendered":"Francisco: o mundo faz os melhores votos para o Pastor da esperan\u00e7a"},"content":{"rendered":"<div id=\"attachment_255434\" style=\"width: 1290px\" class=\"wp-caption alignnone\"><img aria-describedby=\"caption-attachment-255434\" loading=\"lazy\" class=\"wp-image-255434 size-full\" src=\"https:\/\/franciscanos.org.br\/noticias\/wp-content\/uploads\/2025\/03\/MATERIA-PAPA-13.jpg\" alt=\"\" width=\"1280\" height=\"720\" srcset=\"https:\/\/franciscanos.org.br\/noticias\/wp-content\/uploads\/2025\/03\/MATERIA-PAPA-13.jpg 1280w, https:\/\/franciscanos.org.br\/noticias\/wp-content\/uploads\/2025\/03\/MATERIA-PAPA-13-450x253.jpg 450w, https:\/\/franciscanos.org.br\/noticias\/wp-content\/uploads\/2025\/03\/MATERIA-PAPA-13-1024x576.jpg 1024w, https:\/\/franciscanos.org.br\/noticias\/wp-content\/uploads\/2025\/03\/MATERIA-PAPA-13-768x432.jpg 768w, https:\/\/franciscanos.org.br\/noticias\/wp-content\/uploads\/2025\/03\/MATERIA-PAPA-13-150x84.jpg 150w\" sizes=\"(max-width: 1280px) 100vw, 1280px\" \/><p id=\"caption-attachment-255434\" class=\"wp-caption-text\">Papa no encontro com os jovens no M\u00e9xico, em fevereiro de 2018<\/p><\/div>\n<p>H\u00e1 um movimento de afeto sincero e profundo pelo Papa Francisco por ocasi\u00e3o dos 12 anos do seu pontificado, que se completam nesta quinta-feira, 13 de mar\u00e7o. Uma proximidade forte e particularmente sentida, dada a sua perman\u00eancia no Hospital Gemelli, onde est\u00e1 exercendo o seu \u201cmagist\u00e9rio da fragilidade\u201d. Do hospital romano veio a sua voz fraca, e talvez esse detalhe tamb\u00e9m tenha aumentado a ora\u00e7\u00e3o pela sa\u00fade do Papa Francisco.<\/p>\n<p><strong>Pasolini: o Papa, um presente para a Igreja e o mundo<\/strong><\/p>\n<p><img loading=\"lazy\" class=\"size-medium wp-image-255435 alignright\" src=\"https:\/\/franciscanos.org.br\/noticias\/wp-content\/uploads\/2025\/03\/cq5dam.thumbnail.cropped.750.422-2-450x253.jpeg\" alt=\"\" width=\"450\" height=\"253\" srcset=\"https:\/\/franciscanos.org.br\/noticias\/wp-content\/uploads\/2025\/03\/cq5dam.thumbnail.cropped.750.422-2-450x253.jpeg 450w, https:\/\/franciscanos.org.br\/noticias\/wp-content\/uploads\/2025\/03\/cq5dam.thumbnail.cropped.750.422-2-150x84.jpeg 150w, https:\/\/franciscanos.org.br\/noticias\/wp-content\/uploads\/2025\/03\/cq5dam.thumbnail.cropped.750.422-2.jpeg 750w\" sizes=\"(max-width: 450px) 100vw, 450px\" \/>H\u00e1 in\u00fameras mensagens chegando nestas horas. Do cora\u00e7\u00e3o do Vaticano, o pregador da Casa Pontif\u00edcia, Pe. Roberto Pasolini, tornou-se a voz dos participantes dos Exerc\u00edcios Espirituais na Sala Paulo VI, dirigindo sua sauda\u00e7\u00e3o \u201ccheia de gratid\u00e3o ao nosso Santo Padre, neste dia t\u00e3o especial\u201d. \u201c\u00c9 o d\u00e9cimo segundo anivers\u00e1rio de sua elei\u00e7\u00e3o\u201d, continuou, \u201de se 12 \u00e9 um n\u00famero redondo, de plenitude, podemos realmente agradecer a Deus porque o dom do Papa Francisco \u00e0 Igreja e ao mundo \u00e9 completo. Certamente, nesses 12 anos, ele conseguiu se expressar em plenitude. Que o Senhor o guarde e o aben\u00e7oe sempre\u201d.<\/p>\n<p><strong>A diocese de Roma: gratos por seu magist\u00e9rio e profecia<\/strong><\/p>\n<p>Do Vaticano \u00e0 sua diocese, que recorda o bispo de Roma, mantendo-o pr\u00f3ximo. \u201cA condi\u00e7\u00e3o de sofrimento que o marcou nas \u00faltimas semanas\u201d, diz uma mensagem, \u2018levou todos a rezar intensamente\u2019. Salientando a gratid\u00e3o por seu magist\u00e9rio e \u201cpela profecia profetizada com tanta generosidade nestes anos\u201d, o Vicariato acrescentou que \u201cmesmo na doen\u00e7a Ele nos sustenta e nos convida a seguir em frente com esperan\u00e7a e for\u00e7a. Felicidades Papa Francisco\u201d.<\/p>\n<p><strong>Igreja da It\u00e1lia: o Gemelli, c\u00e1tedra de um magist\u00e9rio de caridade<\/strong><\/p>\n<p>Ainda na It\u00e1lia, chegam os votos do Conselho Permanente da Confer\u00eancia Episcopal Italiana, nos quais \u00e9 citado o Livro do \u00caxodo. \u201cSe por um lado h\u00e1 cansa\u00e7o devido ao seu estado de sa\u00fade e \u00e0 interna\u00e7\u00e3o, por outro&#8221;, se l\u00ea, &#8220;vemos no leito do Gemelli uma s\u00f3lida c\u00e1tedra do Seu luminoso magist\u00e9rio de unidade e caridade\u201d. Em seguida, a garantia de ora\u00e7\u00e3o porque \u201ceste anivers\u00e1rio se torna um motivo de maior gratid\u00e3o ao Senhor, que \u00e9 o Senhor do tempo e da hist\u00f3ria\u201d.<\/p>\n<p><strong>Bispos argentinos: chamados a ser sinais de esperan\u00e7a<\/strong><\/p>\n<p>It\u00e1lia e Argentina: os lares do Papa Francisco. Do pa\u00eds sul-americano vem o pedido para celebrar missas de a\u00e7\u00e3o de gra\u00e7as pelo d\u00e9cimo segundo ano da elei\u00e7\u00e3o do Papa Francisco e por sua r\u00e1pida recupera\u00e7\u00e3o. Na mensagem, recordando as palavras do Pont\u00edfice na abertura do Ano Santo, o presidente da Confer\u00eancia Episcopal Argentina, dom Marcelo Colombo, destaca que naquelas mesmas palavras \u201cvibra seu cora\u00e7\u00e3o de pastor que nos chama a ser sinais de esperan\u00e7a\u201d. \u201cQue nossa M\u00e3e de Luj\u00e1n\u201d, conclui a nota, \u201dinterceda por Francisco e nos ajude a perseverar na ora\u00e7\u00e3o em comunh\u00e3o fraterna.<\/p>\n<p><strong>Os melhores votos para que continue sua miss\u00e3o<\/strong><\/p>\n<div id=\"attachment_255437\" style=\"width: 460px\" class=\"wp-caption alignright\"><img aria-describedby=\"caption-attachment-255437\" loading=\"lazy\" class=\"wp-image-255437 size-medium\" src=\"https:\/\/franciscanos.org.br\/noticias\/wp-content\/uploads\/2025\/03\/cq5dam.thumbnail.cropped.750.422-3-450x253.jpeg\" alt=\"\" width=\"450\" height=\"253\" srcset=\"https:\/\/franciscanos.org.br\/noticias\/wp-content\/uploads\/2025\/03\/cq5dam.thumbnail.cropped.750.422-3-450x253.jpeg 450w, https:\/\/franciscanos.org.br\/noticias\/wp-content\/uploads\/2025\/03\/cq5dam.thumbnail.cropped.750.422-3-150x84.jpeg 150w, https:\/\/franciscanos.org.br\/noticias\/wp-content\/uploads\/2025\/03\/cq5dam.thumbnail.cropped.750.422-3.jpeg 750w\" sizes=\"(max-width: 450px) 100vw, 450px\" \/><p id=\"caption-attachment-255437\" class=\"wp-caption-text\">Papa Francisco em viagem ao M\u00e9xico<\/p><\/div>\n<p>Uma r\u00e1pida recupera\u00e7\u00e3o para continuar sua miss\u00e3o a servi\u00e7o da Igreja e da humanidade. Esse \u00e9 o desejo do Patriarca de Jerusal\u00e9m, cardeal Pierbattista Pizzaballa. \u201cDurante todo esse tempo, seguindo os passos de S\u00e3o Francisco de Assis, ele nos ensinou a amar a Deus e as pessoas, especialmente os mais necessitados\u201d. A Confer\u00eancia Episcopal Polonesa escreveu isso expressando proximidade: \u201cainda hoje, Santo Padre, carregando com Cristo a cruz do sofrimento, o senhor precisa de nossas ora\u00e7\u00f5es. Estamos certos de que, como Pai, o senhor oferece seu sofrimento por n\u00f3s, filhos e filhas da Igreja\u201d. Agradecer pelo \u201cforte testemunho de f\u00e9 e serenidade no enfrentamento do sofrimento\u201d \u00e9 o desejo da Confer\u00eancia Episcopal Albanesa, que recorda as pedras angulares do magist\u00e9rio de Francisco: a aten\u00e7\u00e3o \u00e0s periferias existenciais e geogr\u00e1ficas, uma das quais \u00e9 justamente a Alb\u00e2nia. O Papa &#8211; dizem os bispos &#8211; tem sido uma voz firme a favor da paz e contra a guerra e o armamento\u201d, e destacam sua aten\u00e7\u00e3o \u00e0 cria\u00e7\u00e3o e \u00e0 fraternidade humana e universal.<\/p>\n<p><strong>Testemunho da entrega total a Cristo<\/strong><\/p>\n<p>Os melhores votos de uma r\u00e1pida recupera\u00e7\u00e3o tamb\u00e9m chegam da dire\u00e7\u00e3o dos Museus do Vaticano, enquanto\u00a0<i>La Civilt\u00e0 Cattolica<\/i>, a revista dos jesu\u00edtas, a ordem \u00e0 qual pertence o Papa Francisco, dedicou uma edi\u00e7\u00e3o especial aos 12 anos de seu pontificado com uma cole\u00e7\u00e3o de artigos que oferecem uma vis\u00e3o aprofundada de seu pensamento e a\u00e7\u00e3o pastoral. Os melhores votos tamb\u00e9m v\u00eam do secret\u00e1rio de Estado dos EUA, Marco Rubio, que em uma nota lembra o compromisso comum de \u201cpromover a paz em todo o mundo, fomentar o di\u00e1logo inter-religioso e proteger a liberdade religiosa\u201d. De\u00a0<i>Comunh\u00e3o e Liberta\u00e7\u00e3o<\/i>, a garantia de ora\u00e7\u00f5es pelo Papa e agradecimentos \u201cpor seu comovente testemunho de total e alegre entrega a Cristo\u201d. \u201cNesses anos\u201d, diz a mensagem, \u2018pudemos experimentar sua paternidade, que nos permitiu iniciar uma jornada em dire\u00e7\u00e3o a um seguimento cada vez mais verdadeiro e radical da pessoa de Jesus Cristo\u2019.<\/p>\n<hr \/>\n<p><em>Benedetta Capelli &#8211; Vatican News<\/em><\/p>\n","protected":false},"excerpt":{"rendered":"<p>12 anos de pontificado<\/p>\n","protected":false},"author":11,"featured_media":255433,"comment_status":"open","ping_status":"open","sticky":false,"template":"","format":"standard","meta":[],"categories":[1,1428],"tags":[2305,55],"acf":[],"yoast_head":"<!-- This site is optimized with the Yoast SEO plugin v19.2 - https:\/\/yoast.com\/wordpress\/plugins\/seo\/ -->\n<title>Francisco: o mundo faz os melhores votos para o Pastor da esperan\u00e7a - Not\u00edcias - Franciscanos<\/title>\n<meta name=\"robots\" content=\"index, follow, max-snippet:-1, max-image-preview:large, max-video-preview:-1\" \/>\n<link rel=\"canonical\" href=\"https:\/\/franciscanos.org.br\/noticias\/francisco-o-mundo-faz-os-melhores-votos-para-o-pastor-da-esperanca.html\" \/>\n<meta property=\"og:locale\" content=\"pt_BR\" \/>\n<meta property=\"og:type\" content=\"article\" \/>\n<meta property=\"og:title\" content=\"Francisco: o mundo faz os melhores votos para o Pastor da esperan\u00e7a - Not\u00edcias - Franciscanos\" \/>\n<meta property=\"og:description\" content=\"12 anos de pontificado\" \/>\n<meta property=\"og:url\" content=\"https:\/\/franciscanos.org.br\/noticias\/francisco-o-mundo-faz-os-melhores-votos-para-o-pastor-da-esperanca.html\" \/>\n<meta property=\"og:site_name\" content=\"Not\u00edcias - Franciscanos\" \/>\n<meta property=\"article:published_time\" content=\"2025-03-13T20:10:45+00:00\" \/>\n<meta property=\"og:image\" content=\"https:\/\/franciscanos.org.br\/noticias\/wp-content\/uploads\/2025\/03\/CHAMADA-PAPA13.jpg\" \/>\n\t<meta property=\"og:image:width\" content=\"800\" \/>\n\t<meta property=\"og:image:height\" content=\"550\" \/>\n\t<meta property=\"og:image:type\" content=\"image\/jpeg\" \/>\n<meta name=\"author\" content=\"Adriana Rabelo\" \/>\n<meta name=\"twitter:card\" content=\"summary_large_image\" \/>\n<meta name=\"twitter:label1\" content=\"Escrito por\" \/>\n\t<meta name=\"twitter:data1\" content=\"Adriana Rabelo\" \/>\n\t<meta name=\"twitter:label2\" content=\"Est. tempo de leitura\" \/>\n\t<meta name=\"twitter:data2\" content=\"5 minutos\" \/>\n<script type=\"application\/ld+json\" class=\"yoast-schema-graph\">{\"@context\":\"https:\/\/schema.org\",\"@graph\":[{\"@type\":\"WebSite\",\"@id\":\"https:\/\/franciscanos.org.br\/noticias\/#website\",\"url\":\"https:\/\/franciscanos.org.br\/noticias\/\",\"name\":\"Not\u00edcias - Franciscanos\",\"description\":\"Prov\u00edncia Franciscana da Imaculada Concei\u00e7\u00e3o do Brasil - Ordem dos Frades Menores - OFM\",\"potentialAction\":[{\"@type\":\"SearchAction\",\"target\":{\"@type\":\"EntryPoint\",\"urlTemplate\":\"https:\/\/franciscanos.org.br\/noticias\/?s={search_term_string}\"},\"query-input\":\"required name=search_term_string\"}],\"inLanguage\":\"pt-BR\"},{\"@type\":\"ImageObject\",\"inLanguage\":\"pt-BR\",\"@id\":\"https:\/\/franciscanos.org.br\/noticias\/francisco-o-mundo-faz-os-melhores-votos-para-o-pastor-da-esperanca.html#primaryimage\",\"url\":\"https:\/\/franciscanos.org.br\/noticias\/wp-content\/uploads\/2025\/03\/CHAMADA-PAPA13.jpg\",\"contentUrl\":\"https:\/\/franciscanos.org.br\/noticias\/wp-content\/uploads\/2025\/03\/CHAMADA-PAPA13.jpg\",\"width\":800,\"height\":550},{\"@type\":\"WebPage\",\"@id\":\"https:\/\/franciscanos.org.br\/noticias\/francisco-o-mundo-faz-os-melhores-votos-para-o-pastor-da-esperanca.html#webpage\",\"url\":\"https:\/\/franciscanos.org.br\/noticias\/francisco-o-mundo-faz-os-melhores-votos-para-o-pastor-da-esperanca.html\",\"name\":\"Francisco: o mundo faz os melhores votos para o Pastor da esperan\u00e7a - Not\u00edcias - Franciscanos\",\"isPartOf\":{\"@id\":\"https:\/\/franciscanos.org.br\/noticias\/#website\"},\"primaryImageOfPage\":{\"@id\":\"https:\/\/franciscanos.org.br\/noticias\/francisco-o-mundo-faz-os-melhores-votos-para-o-pastor-da-esperanca.html#primaryimage\"},\"datePublished\":\"2025-03-13T20:10:45+00:00\",\"dateModified\":\"2025-03-13T20:10:45+00:00\",\"author\":{\"@id\":\"https:\/\/franciscanos.org.br\/noticias\/#\/schema\/person\/d9422e83121c3ad3b0f423d195f5bb25\"},\"breadcrumb\":{\"@id\":\"https:\/\/franciscanos.org.br\/noticias\/francisco-o-mundo-faz-os-melhores-votos-para-o-pastor-da-esperanca.html#breadcrumb\"},\"inLanguage\":\"pt-BR\",\"potentialAction\":[{\"@type\":\"ReadAction\",\"target\":[\"https:\/\/franciscanos.org.br\/noticias\/francisco-o-mundo-faz-os-melhores-votos-para-o-pastor-da-esperanca.html\"]}]},{\"@type\":\"BreadcrumbList\",\"@id\":\"https:\/\/franciscanos.org.br\/noticias\/francisco-o-mundo-faz-os-melhores-votos-para-o-pastor-da-esperanca.html#breadcrumb\",\"itemListElement\":[{\"@type\":\"ListItem\",\"position\":1,\"name\":\"Home\",\"item\":\"https:\/\/franciscanos.org.br\/noticias\"},{\"@type\":\"ListItem\",\"position\":2,\"name\":\"Francisco: o mundo faz os melhores votos para o Pastor da esperan\u00e7a\"}]},{\"@type\":\"Person\",\"@id\":\"https:\/\/franciscanos.org.br\/noticias\/#\/schema\/person\/d9422e83121c3ad3b0f423d195f5bb25\",\"name\":\"Adriana Rabelo\",\"image\":{\"@type\":\"ImageObject\",\"inLanguage\":\"pt-BR\",\"@id\":\"https:\/\/franciscanos.org.br\/noticias\/#\/schema\/person\/image\/\",\"url\":\"https:\/\/secure.gravatar.com\/avatar\/0a937b7500cd7df77540cfb8bede877d?s=96&d=mm&r=g\",\"contentUrl\":\"https:\/\/secure.gravatar.com\/avatar\/0a937b7500cd7df77540cfb8bede877d?s=96&d=mm&r=g\",\"caption\":\"Adriana Rabelo\"},\"url\":\"https:\/\/franciscanos.org.br\/noticias\/author\/adrianarabelo\"}]}<\/script>\n<!-- \/ Yoast SEO plugin. -->","yoast_head_json":{"title":"Francisco: o mundo faz os melhores votos para o Pastor da esperan\u00e7a - Not\u00edcias - Franciscanos","robots":{"index":"index","follow":"follow","max-snippet":"max-snippet:-1","max-image-preview":"max-image-preview:large","max-video-preview":"max-video-preview:-1"},"canonical":"https:\/\/franciscanos.org.br\/noticias\/francisco-o-mundo-faz-os-melhores-votos-para-o-pastor-da-esperanca.html","og_locale":"pt_BR","og_type":"article","og_title":"Francisco: o mundo faz os melhores votos para o Pastor da esperan\u00e7a - Not\u00edcias - Franciscanos","og_description":"12 anos de pontificado","og_url":"https:\/\/franciscanos.org.br\/noticias\/francisco-o-mundo-faz-os-melhores-votos-para-o-pastor-da-esperanca.html","og_site_name":"Not\u00edcias - Franciscanos","article_published_time":"2025-03-13T20:10:45+00:00","og_image":[{"width":800,"height":550,"url":"https:\/\/franciscanos.org.br\/noticias\/wp-content\/uploads\/2025\/03\/CHAMADA-PAPA13.jpg","type":"image\/jpeg"}],"author":"Adriana Rabelo","twitter_card":"summary_large_image","twitter_misc":{"Escrito por":"Adriana Rabelo","Est. tempo de leitura":"5 minutos"},"schema":{"@context":"https:\/\/schema.org","@graph":[{"@type":"WebSite","@id":"https:\/\/franciscanos.org.br\/noticias\/#website","url":"https:\/\/franciscanos.org.br\/noticias\/","name":"Not\u00edcias - Franciscanos","description":"Prov\u00edncia Franciscana da Imaculada Concei\u00e7\u00e3o do Brasil - Ordem dos Frades Menores - OFM","potentialAction":[{"@type":"SearchAction","target":{"@type":"EntryPoint","urlTemplate":"https:\/\/franciscanos.org.br\/noticias\/?s={search_term_string}"},"query-input":"required name=search_term_string"}],"inLanguage":"pt-BR"},{"@type":"ImageObject","inLanguage":"pt-BR","@id":"https:\/\/franciscanos.org.br\/noticias\/francisco-o-mundo-faz-os-melhores-votos-para-o-pastor-da-esperanca.html#primaryimage","url":"https:\/\/franciscanos.org.br\/noticias\/wp-content\/uploads\/2025\/03\/CHAMADA-PAPA13.jpg","contentUrl":"https:\/\/franciscanos.org.br\/noticias\/wp-content\/uploads\/2025\/03\/CHAMADA-PAPA13.jpg","width":800,"height":550},{"@type":"WebPage","@id":"https:\/\/franciscanos.org.br\/noticias\/francisco-o-mundo-faz-os-melhores-votos-para-o-pastor-da-esperanca.html#webpage","url":"https:\/\/franciscanos.org.br\/noticias\/francisco-o-mundo-faz-os-melhores-votos-para-o-pastor-da-esperanca.html","name":"Francisco: o mundo faz os melhores votos para o Pastor da esperan\u00e7a - Not\u00edcias - Franciscanos","isPartOf":{"@id":"https:\/\/franciscanos.org.br\/noticias\/#website"},"primaryImageOfPage":{"@id":"https:\/\/franciscanos.org.br\/noticias\/francisco-o-mundo-faz-os-melhores-votos-para-o-pastor-da-esperanca.html#primaryimage"},"datePublished":"2025-03-13T20:10:45+00:00","dateModified":"2025-03-13T20:10:45+00:00","author":{"@id":"https:\/\/franciscanos.org.br\/noticias\/#\/schema\/person\/d9422e83121c3ad3b0f423d195f5bb25"},"breadcrumb":{"@id":"https:\/\/franciscanos.org.br\/noticias\/francisco-o-mundo-faz-os-melhores-votos-para-o-pastor-da-esperanca.html#breadcrumb"},"inLanguage":"pt-BR","potentialAction":[{"@type":"ReadAction","target":["https:\/\/franciscanos.org.br\/noticias\/francisco-o-mundo-faz-os-melhores-votos-para-o-pastor-da-esperanca.html"]}]},{"@type":"BreadcrumbList","@id":"https:\/\/franciscanos.org.br\/noticias\/francisco-o-mundo-faz-os-melhores-votos-para-o-pastor-da-esperanca.html#breadcrumb","itemListElement":[{"@type":"ListItem","position":1,"name":"Home","item":"https:\/\/franciscanos.org.br\/noticias"},{"@type":"ListItem","position":2,"name":"Francisco: o mundo faz os melhores votos para o Pastor da esperan\u00e7a"}]},{"@type":"Person","@id":"https:\/\/franciscanos.org.br\/noticias\/#\/schema\/person\/d9422e83121c3ad3b0f423d195f5bb25","name":"Adriana Rabelo","image":{"@type":"ImageObject","inLanguage":"pt-BR","@id":"https:\/\/franciscanos.org.br\/noticias\/#\/schema\/person\/image\/","url":"https:\/\/secure.gravatar.com\/avatar\/0a937b7500cd7df77540cfb8bede877d?s=96&d=mm&r=g","contentUrl":"https:\/\/secure.gravatar.com\/avatar\/0a937b7500cd7df77540cfb8bede877d?s=96&d=mm&r=g","caption":"Adriana Rabelo"},"url":"https:\/\/franciscanos.org.br\/noticias\/author\/adrianarabelo"}]}},"_links":{"self":[{"href":"https:\/\/franciscanos.org.br\/noticias\/wp-json\/wp\/v2\/posts\/255432"}],"collection":[{"href":"https:\/\/franciscanos.org.br\/noticias\/wp-json\/wp\/v2\/posts"}],"about":[{"href":"https:\/\/franciscanos.org.br\/noticias\/wp-json\/wp\/v2\/types\/post"}],"author":[{"embeddable":true,"href":"https:\/\/franciscanos.org.br\/noticias\/wp-json\/wp\/v2\/users\/11"}],"replies":[{"embeddable":true,"href":"https:\/\/franciscanos.org.br\/noticias\/wp-json\/wp\/v2\/comments?post=255432"}],"version-history":[{"count":3,"href":"https:\/\/franciscanos.org.br\/noticias\/wp-json\/wp\/v2\/posts\/255432\/revisions"}],"predecessor-version":[{"id":255439,"href":"https:\/\/franciscanos.org.br\/noticias\/wp-json\/wp\/v2\/posts\/255432\/revisions\/255439"}],"wp:featuredmedia":[{"embeddable":true,"href":"https:\/\/franciscanos.org.br\/noticias\/wp-json\/wp\/v2\/media\/255433"}],"wp:attachment":[{"href":"https:\/\/franciscanos.org.br\/noticias\/wp-json\/wp\/v2\/media?parent=255432"}],"wp:term":[{"taxonomy":"category","embeddable":true,"href":"https:\/\/franciscanos.org.br\/noticias\/wp-json\/wp\/v2\/categories?post=255432"},{"taxonomy":"post_tag","embeddable":true,"href":"https:\/\/franciscanos.org.br\/noticias\/wp-json\/wp\/v2\/tags?post=255432"}],"curies":[{"name":"wp","href":"https:\/\/api.w.org\/{rel}","templated":true}]}}