{"id":255399,"date":"2025-03-13T09:02:05","date_gmt":"2025-03-13T12:02:05","guid":{"rendered":"https:\/\/franciscanos.org.br\/noticias\/?p=255399"},"modified":"2025-03-13T09:02:05","modified_gmt":"2025-03-13T12:02:05","slug":"jesus-de-acordo-com-o-novo-testamento-entre-os-lancamentos-da-editora-vozes","status":"publish","type":"post","link":"https:\/\/franciscanos.org.br\/noticias\/jesus-de-acordo-com-o-novo-testamento-entre-os-lancamentos-da-editora-vozes.html","title":{"rendered":"&#8220;Jesus de acordo com o Novo Testamento&#8221; entre os lan\u00e7amentos da Editora Vozes"},"content":{"rendered":"<p><img loading=\"lazy\" src=\"https:\/\/franciscanos.org.br\/noticias\/wp-content\/uploads\/2025\/03\/vozes-1280.jpg\" alt=\"\" width=\"1280\" height=\"720\" \/><\/p>\n<h3><strong>Jesus de acordo com o Novo Testamento<\/strong><\/h3>\n<p>Neste livro, James D.G. Dunn, conhecido por seus profundos e inovadores estudos sobre o Novo Testamento, reflete sobre uma pergunta crucial: o que aconteceu na vida de Jesus que possibilitou a cria\u00e7\u00e3o dos textos neotestament\u00e1rios? Com sua erudi\u00e7\u00e3o, Dunn aborda as narrativas sobre Jesus como figura hist\u00f3rica e suas palavras e a\u00e7\u00f5es que, de forma extraordin\u00e1ria, moldaram as tradi\u00e7\u00f5es e cren\u00e7as dos primeiros crist\u00e3os.<\/p>\n<p>O autor questiona o ceticismo de alguns estudiosos contempor\u00e2neos, argumentando que certos aspectos dos relatos evang\u00e9licos, como as par\u00e1bolas de Jesus ou suas refer\u00eancias ao \u201cFilho do homem\u201d, s\u00e3o t\u00e3o singulares que dificilmente teriam surgido sem uma base na realidade hist\u00f3rica.<\/p>\n<p>Al\u00e9m disso, ele explora como as diferentes tradi\u00e7\u00f5es do Novo Testamento convergem para oferecer uma vis\u00e3o ampla e profunda da pessoa de Jesus, sem que isso signifique uma uniformidade de pensamento entre os autores sagrados.<\/p>\n<p>Este livro \u00e9 um convite para uma f\u00e9 cr\u00edtica e reflexiva, nutrida pela admira\u00e7\u00e3o e pelo mist\u00e9rio que cercam a figura de Jesus nas primeiras gera\u00e7\u00f5es crist\u00e3s. Com maestria, Dunn nos guia nesse caminho de descoberta e enriquecimento da f\u00e9, fortalecendo nossa confian\u00e7a e gratid\u00e3o pela tradi\u00e7\u00e3o crist\u00e3.<\/p>\n<hr \/>\n<h3><strong>O novo medo dos outros<\/strong><\/h3>\n<h5><strong>Ansiedade, timidez e fobia social no s\u00e9culo XXI<\/strong><\/h5>\n<p>Ansiedade, timidez, fobia social: nossos medos dos outros s\u00e3o hoje mais frequentes e dolorosos do que nunca. O trabalho remoto e os encontros virtuais levaram os mais vulner\u00e1veis a priorizar as telas e a reduzir os encontros reais; as redes sociais facilitaram o ass\u00e9dio e a exposi\u00e7\u00e3o; o culto \u00e0 autoimagem fortaleceu as d\u00favidas e os complexos que nos fazem evitar o olhar dos outros.<\/p>\n<p>A ansiedade social \u00e9 um dos desafios mais comuns e debilitantes da vida moderna. Em um mundo onde as intera\u00e7\u00f5es sociais s\u00e3o cada vez mais mediadas por telas e redes sociais, o medo do julgamento alheio tem se intensificado, afetando profundamente a vida de milh\u00f5es de pessoas.<\/p>\n<p>Neste livro, Christophe Andr\u00e9, Patrick L\u00e9geron e Antoine Pelissolo exploram os meandros dos medos sociais, analisando como eles podem impactar a vida das pessoas. Os autores, com vasta experi\u00eancia cl\u00ednica e acad\u00eamica, oferecem um guia abrangente sobre como identificar, compreender e superar esses medos. Com uma abordagem clara e acess\u00edvel, eles nos conduzem por uma jornada de autoconhecimento e cura, abordando desde as causas e manifesta\u00e7\u00f5es da ansiedade social at\u00e9 as estrat\u00e9gias mais eficazes para enfrent\u00e1-la.<\/p>\n<p>Este livro n\u00e3o \u00e9 apenas um recurso essencial para aqueles que sofrem com o medo do olhar dos outros, mas tamb\u00e9m para profissionais que desejam apoiar quem enfrenta esse desafio. Por meio de hist\u00f3rias, exemplos pr\u00e1ticos e orienta\u00e7\u00f5es baseadas em evid\u00eancias, os autores nos mostram ser poss\u00edvel viver uma vida mais plena e confiante.<\/p>\n<hr \/>\n<h3><strong>Nada a fazer, n\u00e3o ir a lugar algum<\/strong><\/h3>\n<h5><strong>Desperte seu verdadeiro eu<\/strong><\/h5>\n<p>Os ensinamentos budistas \u2013 assim como crist\u00e3os, isl\u00e2micos, judaicos e de qualquer outra tradi\u00e7\u00e3o espiritual da humanidade \u2013 n\u00e3o s\u00e3o apenas palavras bonitas que existem fora de n\u00f3s, ou bem-guardadas nas prateleiras de um templo. S\u00e3o rem\u00e9dios para curar nossos males; meios pelos quais podemos superar a ignor\u00e2ncia, a raiva, a \u00e2nsia, o medo, bem como o h\u00e1bito de procurar e buscar tudo o que est\u00e1 fora de n\u00f3s e n\u00e3o confiar em n\u00f3s mesmos, naquilo que somos.<\/p>\n<p>\u00c9 disto que este livro fala, de como nosso verdadeiro ser est\u00e1 dentro de n\u00f3s. E a sabedoria consiste em superarmos o \u00edmpeto de fazer coisas, perseguir objetivos externos a n\u00f3s, a nos mantermos sempre ocupados com tarefas e a\u00e7\u00f5es, enfim, fugirmos de um encontro a s\u00f3s com quem somos.<\/p>\n<p>A filosofia budista ensina a agir pela n\u00e3o a\u00e7\u00e3o, mas nem por isso se tornar uma pessoa passiva e inerte. Aquela que consegue nada fazer nem ter lugares aonde ir \u00e9 soberana de si mesma e participante ativa de seu ambiente, por\u00e9m n\u00e3o se deixa oprimir por ele. N\u00e3o importa o que fa\u00e7a, tal pessoa \u00e9 autenticamente ela mesma, e n\u00e3o \u00edntima dos fen\u00f4menos, da tristeza, do \u00f3dio, da mudan\u00e7a ou da perman\u00eancia.<\/p>\n<hr \/>\n<h3><strong>Superdota\u00e7\u00e3o e altas habilidades<\/strong><\/h3>\n<h5>O que fazer e o que evitar<\/h5>\n<h5>Guia r\u00e1pido para professores do Ensino Fundamental \u2013 Anos finais<\/h5>\n<p>Este livro explora os principais as\u00acpectos que caracterizam crian\u00e7as e adolescentes com altas habilidades e superdota\u00e7\u00e3o, oferecendo ferramentas para entender melhor suas necessida\u00acdes educacionais, sociais e emocionais. A obra desmistifica a ideia de que esses estudantes s\u00e3o \u201cproblem\u00e1ticos\u201d. A super\u00acdota\u00e7\u00e3o n\u00e3o \u00e9 uma dificuldade, mas sim um recurso valioso que, quando bem di\u00acrecionado, enriquece a din\u00e2mica de sala de aula. O est\u00edmulo e o apoio adequados s\u00e3o essenciais para o desenvolvimento desses alunos.<\/p>\n<p>A expectativa \u00e9 que os conhecimen\u00actos adquiridos com este livro contribuam para criar uma nova consci\u00eancia edu\u00accacional, preparando experi\u00eancias de aprendizagem que ajudem esses estu\u00acdantes a alcan\u00e7ar seu pleno potencial. O objetivo \u00e9 proporcionar um projeto de crescimento cont\u00ednuo, ajudando-os a identificar seus pontos fortes e inte\u00acresses, at\u00e9 mesmo fora do curr\u00edculo tradicional, para que possam planejar uma trajet\u00f3ria escolar, universit\u00e1ria e profissional bem-sucedida e satisfat\u00f3ria.<\/p>\n<hr \/>\n<p style=\"padding-left: 40px;\">Todos esses produtos podem ser adquiridos pelos sites<br \/>\n<a href=\"http:\/\/www.livrariavozes.com.br\/\">www.livrariavozes.com.br<\/a><br \/>\n<a href=\"http:\/\/vozes.com.br\/\">http:\/\/vozes.com.br<\/a><\/p>\n<p style=\"padding-left: 40px;\">E-mail:\u00a0<a href=\"mailto:contato@vozes.com.br\">contato@vozes.com.br<\/a><\/p>\n<p style=\"padding-left: 40px;\">Tel.\u00a011 3101 8451<\/p>\n<p style=\"padding-left: 40px;\"><em><strong>Editora Vozes<\/strong><\/em><\/p>\n<div class=\"tags\" style=\"padding-left: 40px;\"><i class=\"fas fa-tags\"><\/i>\u00a0<a href=\"https:\/\/franciscanos.org.br\/noticias\/tag\/editora-vozes\" rel=\"tag\">Editora Vozes<\/a><\/div>\n","protected":false},"excerpt":{"rendered":"<p>Editora Vozes<\/p>\n","protected":false},"author":7,"featured_media":255400,"comment_status":"open","ping_status":"open","sticky":false,"template":"","format":"standard","meta":[],"categories":[1],"tags":[],"acf":[],"yoast_head":"<!-- This site is optimized with the Yoast SEO plugin v19.2 - https:\/\/yoast.com\/wordpress\/plugins\/seo\/ -->\n<title>&quot;Jesus de acordo com o Novo Testamento&quot; entre os lan\u00e7amentos da Editora Vozes - Not\u00edcias - Franciscanos<\/title>\n<meta name=\"robots\" content=\"index, follow, max-snippet:-1, max-image-preview:large, max-video-preview:-1\" \/>\n<link rel=\"canonical\" href=\"https:\/\/franciscanos.org.br\/noticias\/jesus-de-acordo-com-o-novo-testamento-entre-os-lancamentos-da-editora-vozes.html\" \/>\n<meta property=\"og:locale\" content=\"pt_BR\" \/>\n<meta property=\"og:type\" content=\"article\" \/>\n<meta property=\"og:title\" content=\"&quot;Jesus de acordo com o Novo Testamento&quot; entre os lan\u00e7amentos da Editora Vozes - Not\u00edcias - Franciscanos\" \/>\n<meta property=\"og:description\" content=\"Editora Vozes\" \/>\n<meta property=\"og:url\" content=\"https:\/\/franciscanos.org.br\/noticias\/jesus-de-acordo-com-o-novo-testamento-entre-os-lancamentos-da-editora-vozes.html\" \/>\n<meta property=\"og:site_name\" content=\"Not\u00edcias - Franciscanos\" \/>\n<meta property=\"article:published_time\" content=\"2025-03-13T12:02:05+00:00\" \/>\n<meta property=\"og:image\" content=\"https:\/\/franciscanos.org.br\/noticias\/wp-content\/uploads\/2025\/03\/vozes-800-scaled.jpg\" \/>\n\t<meta property=\"og:image:width\" content=\"1572\" \/>\n\t<meta property=\"og:image:height\" content=\"1080\" \/>\n\t<meta property=\"og:image:type\" content=\"image\/jpeg\" \/>\n<meta name=\"author\" content=\"jovenal\" \/>\n<meta name=\"twitter:card\" content=\"summary_large_image\" \/>\n<meta name=\"twitter:label1\" content=\"Escrito por\" \/>\n\t<meta name=\"twitter:data1\" content=\"jovenal\" \/>\n\t<meta name=\"twitter:label2\" content=\"Est. tempo de leitura\" \/>\n\t<meta name=\"twitter:data2\" content=\"5 minutos\" \/>\n<script type=\"application\/ld+json\" class=\"yoast-schema-graph\">{\"@context\":\"https:\/\/schema.org\",\"@graph\":[{\"@type\":\"WebSite\",\"@id\":\"https:\/\/franciscanos.org.br\/noticias\/#website\",\"url\":\"https:\/\/franciscanos.org.br\/noticias\/\",\"name\":\"Not\u00edcias - Franciscanos\",\"description\":\"Prov\u00edncia Franciscana da Imaculada Concei\u00e7\u00e3o do Brasil - Ordem dos Frades Menores - OFM\",\"potentialAction\":[{\"@type\":\"SearchAction\",\"target\":{\"@type\":\"EntryPoint\",\"urlTemplate\":\"https:\/\/franciscanos.org.br\/noticias\/?s={search_term_string}\"},\"query-input\":\"required name=search_term_string\"}],\"inLanguage\":\"pt-BR\"},{\"@type\":\"ImageObject\",\"inLanguage\":\"pt-BR\",\"@id\":\"https:\/\/franciscanos.org.br\/noticias\/jesus-de-acordo-com-o-novo-testamento-entre-os-lancamentos-da-editora-vozes.html#primaryimage\",\"url\":\"https:\/\/franciscanos.org.br\/noticias\/wp-content\/uploads\/2025\/03\/vozes-800-scaled.jpg\",\"contentUrl\":\"https:\/\/franciscanos.org.br\/noticias\/wp-content\/uploads\/2025\/03\/vozes-800-scaled.jpg\",\"width\":1572,\"height\":1080},{\"@type\":\"WebPage\",\"@id\":\"https:\/\/franciscanos.org.br\/noticias\/jesus-de-acordo-com-o-novo-testamento-entre-os-lancamentos-da-editora-vozes.html#webpage\",\"url\":\"https:\/\/franciscanos.org.br\/noticias\/jesus-de-acordo-com-o-novo-testamento-entre-os-lancamentos-da-editora-vozes.html\",\"name\":\"\\\"Jesus de acordo com o Novo Testamento\\\" entre os lan\u00e7amentos da Editora Vozes - Not\u00edcias - Franciscanos\",\"isPartOf\":{\"@id\":\"https:\/\/franciscanos.org.br\/noticias\/#website\"},\"primaryImageOfPage\":{\"@id\":\"https:\/\/franciscanos.org.br\/noticias\/jesus-de-acordo-com-o-novo-testamento-entre-os-lancamentos-da-editora-vozes.html#primaryimage\"},\"datePublished\":\"2025-03-13T12:02:05+00:00\",\"dateModified\":\"2025-03-13T12:02:05+00:00\",\"author\":{\"@id\":\"https:\/\/franciscanos.org.br\/noticias\/#\/schema\/person\/c3a26b08313dd1772495ce300ab257cc\"},\"breadcrumb\":{\"@id\":\"https:\/\/franciscanos.org.br\/noticias\/jesus-de-acordo-com-o-novo-testamento-entre-os-lancamentos-da-editora-vozes.html#breadcrumb\"},\"inLanguage\":\"pt-BR\",\"potentialAction\":[{\"@type\":\"ReadAction\",\"target\":[\"https:\/\/franciscanos.org.br\/noticias\/jesus-de-acordo-com-o-novo-testamento-entre-os-lancamentos-da-editora-vozes.html\"]}]},{\"@type\":\"BreadcrumbList\",\"@id\":\"https:\/\/franciscanos.org.br\/noticias\/jesus-de-acordo-com-o-novo-testamento-entre-os-lancamentos-da-editora-vozes.html#breadcrumb\",\"itemListElement\":[{\"@type\":\"ListItem\",\"position\":1,\"name\":\"Home\",\"item\":\"https:\/\/franciscanos.org.br\/noticias\"},{\"@type\":\"ListItem\",\"position\":2,\"name\":\"&#8220;Jesus de acordo com o Novo Testamento&#8221; entre os lan\u00e7amentos da Editora Vozes\"}]},{\"@type\":\"Person\",\"@id\":\"https:\/\/franciscanos.org.br\/noticias\/#\/schema\/person\/c3a26b08313dd1772495ce300ab257cc\",\"name\":\"jovenal\",\"image\":{\"@type\":\"ImageObject\",\"inLanguage\":\"pt-BR\",\"@id\":\"https:\/\/franciscanos.org.br\/noticias\/#\/schema\/person\/image\/\",\"url\":\"https:\/\/secure.gravatar.com\/avatar\/e94509f531086e2eaf97e72f29ea00f9?s=96&d=mm&r=g\",\"contentUrl\":\"https:\/\/secure.gravatar.com\/avatar\/e94509f531086e2eaf97e72f29ea00f9?s=96&d=mm&r=g\",\"caption\":\"jovenal\"},\"url\":\"https:\/\/franciscanos.org.br\/noticias\/author\/jovenal\"}]}<\/script>\n<!-- \/ Yoast SEO plugin. -->","yoast_head_json":{"title":"\"Jesus de acordo com o Novo Testamento\" entre os lan\u00e7amentos da Editora Vozes - Not\u00edcias - Franciscanos","robots":{"index":"index","follow":"follow","max-snippet":"max-snippet:-1","max-image-preview":"max-image-preview:large","max-video-preview":"max-video-preview:-1"},"canonical":"https:\/\/franciscanos.org.br\/noticias\/jesus-de-acordo-com-o-novo-testamento-entre-os-lancamentos-da-editora-vozes.html","og_locale":"pt_BR","og_type":"article","og_title":"\"Jesus de acordo com o Novo Testamento\" entre os lan\u00e7amentos da Editora Vozes - Not\u00edcias - Franciscanos","og_description":"Editora Vozes","og_url":"https:\/\/franciscanos.org.br\/noticias\/jesus-de-acordo-com-o-novo-testamento-entre-os-lancamentos-da-editora-vozes.html","og_site_name":"Not\u00edcias - Franciscanos","article_published_time":"2025-03-13T12:02:05+00:00","og_image":[{"width":1572,"height":1080,"url":"https:\/\/franciscanos.org.br\/noticias\/wp-content\/uploads\/2025\/03\/vozes-800-scaled.jpg","type":"image\/jpeg"}],"author":"jovenal","twitter_card":"summary_large_image","twitter_misc":{"Escrito por":"jovenal","Est. tempo de leitura":"5 minutos"},"schema":{"@context":"https:\/\/schema.org","@graph":[{"@type":"WebSite","@id":"https:\/\/franciscanos.org.br\/noticias\/#website","url":"https:\/\/franciscanos.org.br\/noticias\/","name":"Not\u00edcias - Franciscanos","description":"Prov\u00edncia Franciscana da Imaculada Concei\u00e7\u00e3o do Brasil - Ordem dos Frades Menores - OFM","potentialAction":[{"@type":"SearchAction","target":{"@type":"EntryPoint","urlTemplate":"https:\/\/franciscanos.org.br\/noticias\/?s={search_term_string}"},"query-input":"required name=search_term_string"}],"inLanguage":"pt-BR"},{"@type":"ImageObject","inLanguage":"pt-BR","@id":"https:\/\/franciscanos.org.br\/noticias\/jesus-de-acordo-com-o-novo-testamento-entre-os-lancamentos-da-editora-vozes.html#primaryimage","url":"https:\/\/franciscanos.org.br\/noticias\/wp-content\/uploads\/2025\/03\/vozes-800-scaled.jpg","contentUrl":"https:\/\/franciscanos.org.br\/noticias\/wp-content\/uploads\/2025\/03\/vozes-800-scaled.jpg","width":1572,"height":1080},{"@type":"WebPage","@id":"https:\/\/franciscanos.org.br\/noticias\/jesus-de-acordo-com-o-novo-testamento-entre-os-lancamentos-da-editora-vozes.html#webpage","url":"https:\/\/franciscanos.org.br\/noticias\/jesus-de-acordo-com-o-novo-testamento-entre-os-lancamentos-da-editora-vozes.html","name":"\"Jesus de acordo com o Novo Testamento\" entre os lan\u00e7amentos da Editora Vozes - Not\u00edcias - Franciscanos","isPartOf":{"@id":"https:\/\/franciscanos.org.br\/noticias\/#website"},"primaryImageOfPage":{"@id":"https:\/\/franciscanos.org.br\/noticias\/jesus-de-acordo-com-o-novo-testamento-entre-os-lancamentos-da-editora-vozes.html#primaryimage"},"datePublished":"2025-03-13T12:02:05+00:00","dateModified":"2025-03-13T12:02:05+00:00","author":{"@id":"https:\/\/franciscanos.org.br\/noticias\/#\/schema\/person\/c3a26b08313dd1772495ce300ab257cc"},"breadcrumb":{"@id":"https:\/\/franciscanos.org.br\/noticias\/jesus-de-acordo-com-o-novo-testamento-entre-os-lancamentos-da-editora-vozes.html#breadcrumb"},"inLanguage":"pt-BR","potentialAction":[{"@type":"ReadAction","target":["https:\/\/franciscanos.org.br\/noticias\/jesus-de-acordo-com-o-novo-testamento-entre-os-lancamentos-da-editora-vozes.html"]}]},{"@type":"BreadcrumbList","@id":"https:\/\/franciscanos.org.br\/noticias\/jesus-de-acordo-com-o-novo-testamento-entre-os-lancamentos-da-editora-vozes.html#breadcrumb","itemListElement":[{"@type":"ListItem","position":1,"name":"Home","item":"https:\/\/franciscanos.org.br\/noticias"},{"@type":"ListItem","position":2,"name":"&#8220;Jesus de acordo com o Novo Testamento&#8221; entre os lan\u00e7amentos da Editora Vozes"}]},{"@type":"Person","@id":"https:\/\/franciscanos.org.br\/noticias\/#\/schema\/person\/c3a26b08313dd1772495ce300ab257cc","name":"jovenal","image":{"@type":"ImageObject","inLanguage":"pt-BR","@id":"https:\/\/franciscanos.org.br\/noticias\/#\/schema\/person\/image\/","url":"https:\/\/secure.gravatar.com\/avatar\/e94509f531086e2eaf97e72f29ea00f9?s=96&d=mm&r=g","contentUrl":"https:\/\/secure.gravatar.com\/avatar\/e94509f531086e2eaf97e72f29ea00f9?s=96&d=mm&r=g","caption":"jovenal"},"url":"https:\/\/franciscanos.org.br\/noticias\/author\/jovenal"}]}},"_links":{"self":[{"href":"https:\/\/franciscanos.org.br\/noticias\/wp-json\/wp\/v2\/posts\/255399"}],"collection":[{"href":"https:\/\/franciscanos.org.br\/noticias\/wp-json\/wp\/v2\/posts"}],"about":[{"href":"https:\/\/franciscanos.org.br\/noticias\/wp-json\/wp\/v2\/types\/post"}],"author":[{"embeddable":true,"href":"https:\/\/franciscanos.org.br\/noticias\/wp-json\/wp\/v2\/users\/7"}],"replies":[{"embeddable":true,"href":"https:\/\/franciscanos.org.br\/noticias\/wp-json\/wp\/v2\/comments?post=255399"}],"version-history":[{"count":1,"href":"https:\/\/franciscanos.org.br\/noticias\/wp-json\/wp\/v2\/posts\/255399\/revisions"}],"predecessor-version":[{"id":255402,"href":"https:\/\/franciscanos.org.br\/noticias\/wp-json\/wp\/v2\/posts\/255399\/revisions\/255402"}],"wp:featuredmedia":[{"embeddable":true,"href":"https:\/\/franciscanos.org.br\/noticias\/wp-json\/wp\/v2\/media\/255400"}],"wp:attachment":[{"href":"https:\/\/franciscanos.org.br\/noticias\/wp-json\/wp\/v2\/media?parent=255399"}],"wp:term":[{"taxonomy":"category","embeddable":true,"href":"https:\/\/franciscanos.org.br\/noticias\/wp-json\/wp\/v2\/categories?post=255399"},{"taxonomy":"post_tag","embeddable":true,"href":"https:\/\/franciscanos.org.br\/noticias\/wp-json\/wp\/v2\/tags?post=255399"}],"curies":[{"name":"wp","href":"https:\/\/api.w.org\/{rel}","templated":true}]}}