{"id":255387,"date":"2025-03-12T14:26:31","date_gmt":"2025-03-12T17:26:31","guid":{"rendered":"https:\/\/franciscanos.org.br\/noticias\/?p=255387"},"modified":"2025-03-13T17:13:33","modified_gmt":"2025-03-13T20:13:33","slug":"eu-os-acompanho-daqui-o-aniversario-de-pontificado-no-gemelli-olhando-para-o-mundo","status":"publish","type":"post","link":"https:\/\/franciscanos.org.br\/noticias\/eu-os-acompanho-daqui-o-aniversario-de-pontificado-no-gemelli-olhando-para-o-mundo.html","title":{"rendered":"&#8220;Eu os acompanho daqui&#8221;: o anivers\u00e1rio de pontificado no Gemelli, olhando para o mundo"},"content":{"rendered":"<p><img loading=\"lazy\" class=\"aligncenter wp-image-255388 size-full\" src=\"https:\/\/franciscanos.org.br\/noticias\/wp-content\/uploads\/2025\/03\/MATERIA-PAPA.jpg\" alt=\"\" width=\"1280\" height=\"720\" srcset=\"https:\/\/franciscanos.org.br\/noticias\/wp-content\/uploads\/2025\/03\/MATERIA-PAPA.jpg 1280w, https:\/\/franciscanos.org.br\/noticias\/wp-content\/uploads\/2025\/03\/MATERIA-PAPA-450x253.jpg 450w, https:\/\/franciscanos.org.br\/noticias\/wp-content\/uploads\/2025\/03\/MATERIA-PAPA-1024x576.jpg 1024w, https:\/\/franciscanos.org.br\/noticias\/wp-content\/uploads\/2025\/03\/MATERIA-PAPA-768x432.jpg 768w, https:\/\/franciscanos.org.br\/noticias\/wp-content\/uploads\/2025\/03\/MATERIA-PAPA-150x84.jpg 150w\" sizes=\"(max-width: 1280px) 100vw, 1280px\" \/><\/p>\n<p>No dia 13 de mar\u00e7o, Papa Francisco celebra o 12\u00ba anivers\u00e1rio de sua elei\u00e7\u00e3o \u00e0 c\u00e1tedra de Pedro, mas, neste ano, a data \u00e9 marcada de forma diferente: o Papa segue internado no Hospital Gemelli, em Roma, h\u00e1 quase um m\u00eas. Este tempo de descanso e recupera\u00e7\u00e3o acontece no fim de um dos anos mais intensos de seu Pontificado, repleto de eventos significativos como o Jubileu, o S\u00ednodo, o Consist\u00f3rio, viagens internacionais e visitas por diversos locais.<\/p>\n<p>Em meio a terapias e a luta contra a pneumonia bilateral, o Papa \u00e9 cercado pela ora\u00e7\u00e3o constante de fi\u00e9is de todo o mundo. De Roma a S\u00e3o Paulo, de Pequim a Mo\u00e7ambique, as ora\u00e7\u00f5es se multiplicam, especialmente na Pra\u00e7a S\u00e3o Pedro, onde fi\u00e9is se re\u00fanem para rezar por sua sa\u00fade, guiados pela C\u00faria Romana. Em um breve \u00e1udio gravado no dia 6 de mar\u00e7o, ele expressou sua gratid\u00e3o: &#8220;Eu os acompanho daqui. Que Deus os aben\u00e7oe e que a Virgem os proteja. Obrigado.&#8221; Um simples, mas profundamente tocante, agradecimento, revelando a profunda uni\u00e3o que o Papa mant\u00e9m com os fi\u00e9is, mesmo diante das dificuldades f\u00edsicas.<\/p>\n<p>A recupera\u00e7\u00e3o de Francisco, aos 88 anos, \u00e9 marcada por sua tenacidade. Apesar da fragilidade f\u00edsica, ele nunca perdeu o foco de sua miss\u00e3o pastoral. Sua preocupa\u00e7\u00e3o pelo rebanho nunca diminuiu, seja em suas palavras de incentivo, seja em seu pedido constante por ora\u00e7\u00f5es. Ao final de cada Angelus e homilia, o Papa sempre lembra aos fi\u00e9is: \u201cn\u00e3o se esque\u00e7am de rezar por mim, porque eu preciso.&#8221; A jornada de Francisco \u00e9 um testemunho de for\u00e7a, resili\u00eancia e entrega \u00e0 miss\u00e3o que lhe foi confiada.<\/p>\n<div id=\"attachment_255394\" style=\"width: 460px\" class=\"wp-caption alignright\"><img aria-describedby=\"caption-attachment-255394\" loading=\"lazy\" class=\"wp-image-255394 size-medium\" src=\"https:\/\/franciscanos.org.br\/noticias\/wp-content\/uploads\/2025\/03\/AUDIENCIA-04.12.24-450x253.jpeg\" alt=\"\" width=\"450\" height=\"253\" srcset=\"https:\/\/franciscanos.org.br\/noticias\/wp-content\/uploads\/2025\/03\/AUDIENCIA-04.12.24-450x253.jpeg 450w, https:\/\/franciscanos.org.br\/noticias\/wp-content\/uploads\/2025\/03\/AUDIENCIA-04.12.24-150x84.jpeg 150w, https:\/\/franciscanos.org.br\/noticias\/wp-content\/uploads\/2025\/03\/AUDIENCIA-04.12.24.jpeg 750w\" sizes=\"(max-width: 450px) 100vw, 450px\" \/><p id=\"caption-attachment-255394\" class=\"wp-caption-text\">Audi\u00eancia Geral, 4 de dezembro de 2024<\/p><\/div>\n<p>O 12\u00ba ano de seu pontificado tamb\u00e9m foi marcado por viagens e visitas significativas. Uma das mais marcantes foi sua miss\u00e3o no extremo da Papua Nova Guin\u00e9, onde, mesmo com a sa\u00fade debilitada, o Papa se encontrou com mission\u00e1rios e comunidades isoladas para levar a mensagem do Evangelho. Sua viagem pela Europa, passando pelo Luxemburgo e B\u00e9lgica, tamb\u00e9m foi um momento de grande import\u00e2ncia, com encontros simb\u00f3licos e abordagens sobre a paz, a fraternidade e a unidade entre os povos, em tempos t\u00e3o dif\u00edceis.<\/p>\n<p>Dentro do Vaticano, o Papa tamb\u00e9m continuou com suas iniciativas para a Igreja universal. O Jubileu da Esperan\u00e7a, com a abertura da Porta Santa na Bas\u00edlica de S\u00e3o Pedro, foi um dos pontos altos, assim como a abertura da Porta Santa na pris\u00e3o de Rebibbia, que se tornou um s\u00edmbolo de esperan\u00e7a para aqueles em situa\u00e7\u00e3o de marginaliza\u00e7\u00e3o. No \u00e2mbito eclesial, o S\u00ednodo sobre a sinodalidade foi um evento fundamental, reunindo leigos e consagrados de diversas partes do mundo, para discutir o futuro da Igreja e as mudan\u00e7as necess\u00e1rias.<\/p>\n<p>Al\u00e9m disso, o Papa n\u00e3o cessou seus apelos por paz, especialmente diante dos conflitos na Ucr\u00e2nia e no Oriente M\u00e9dio. Mesmo em momentos de fragilidade, ele manteve sua voz firme e clara, clamando por reconcilia\u00e7\u00e3o e di\u00e1logo, principalmente entre as na\u00e7\u00f5es em guerra. Em seus discursos e encontros, Francisco tem sido um defensor incans\u00e1vel da justi\u00e7a, da paz e da dignidade humana, incans\u00e1vel em sua miss\u00e3o, mesmo quando sua sa\u00fade n\u00e3o o permite estar fisicamente presente.<\/p>\n<p>Agora, ao iniciar o 13\u00ba ano de seu Pontificado, Francisco segue firme na sua miss\u00e3o, guiando a Igreja com sua sabedoria, esp\u00edrito de fraternidade e dedica\u00e7\u00e3o pastoral. Em sua recupera\u00e7\u00e3o, ele continua sendo um exemplo de f\u00e9, esperan\u00e7a e resili\u00eancia, com seu olhar de pastor sempre voltado para o rebanho. &#8220;Eu os acompanho daqui&#8221;, disse ele, com a confian\u00e7a de que as ora\u00e7\u00f5es de todos ao redor do mundo s\u00e3o a for\u00e7a que o mant\u00e9m firme na sua voca\u00e7\u00e3o.<\/p>\n<p>Esse 12\u00ba ano foi mais um cap\u00edtulo de um pontificado repleto de desafios, mas tamb\u00e9m de grandes conquistas para a Igreja. A f\u00e9 e a ora\u00e7\u00e3o dos fi\u00e9is s\u00e3o sua maior for\u00e7a, e, com o olhar atento e orante, o Papa segue guiando a f\u00e9 universal, com confian\u00e7a na provid\u00eancia divina e na miseric\u00f3rdia de Deus.<\/p>\n<hr \/>\n<p><em>Salvatore Cernuzio &#8211; Vatican News<\/em><\/p>\n","protected":false},"excerpt":{"rendered":"<p>12 anos de pontificado<\/p>\n","protected":false},"author":11,"featured_media":255392,"comment_status":"open","ping_status":"open","sticky":false,"template":"","format":"standard","meta":[],"categories":[1],"tags":[55],"acf":[],"yoast_head":"<!-- This site is optimized with the Yoast SEO plugin v19.2 - https:\/\/yoast.com\/wordpress\/plugins\/seo\/ -->\n<title>&quot;Eu os acompanho daqui&quot;: o anivers\u00e1rio de pontificado no Gemelli, olhando para o mundo - Not\u00edcias - Franciscanos<\/title>\n<meta name=\"robots\" content=\"index, follow, max-snippet:-1, max-image-preview:large, max-video-preview:-1\" \/>\n<link rel=\"canonical\" href=\"https:\/\/franciscanos.org.br\/noticias\/eu-os-acompanho-daqui-o-aniversario-de-pontificado-no-gemelli-olhando-para-o-mundo.html\" \/>\n<meta property=\"og:locale\" content=\"pt_BR\" \/>\n<meta property=\"og:type\" content=\"article\" \/>\n<meta property=\"og:title\" content=\"&quot;Eu os acompanho daqui&quot;: o anivers\u00e1rio de pontificado no Gemelli, olhando para o mundo - Not\u00edcias - Franciscanos\" \/>\n<meta property=\"og:description\" content=\"12 anos de pontificado\" \/>\n<meta property=\"og:url\" content=\"https:\/\/franciscanos.org.br\/noticias\/eu-os-acompanho-daqui-o-aniversario-de-pontificado-no-gemelli-olhando-para-o-mundo.html\" \/>\n<meta property=\"og:site_name\" content=\"Not\u00edcias - Franciscanos\" \/>\n<meta property=\"article:published_time\" content=\"2025-03-12T17:26:31+00:00\" \/>\n<meta property=\"article:modified_time\" content=\"2025-03-13T20:13:33+00:00\" \/>\n<meta property=\"og:image\" content=\"https:\/\/franciscanos.org.br\/noticias\/wp-content\/uploads\/2025\/03\/CHAMADA-6.jpg\" \/>\n\t<meta property=\"og:image:width\" content=\"800\" \/>\n\t<meta property=\"og:image:height\" content=\"550\" \/>\n\t<meta property=\"og:image:type\" content=\"image\/jpeg\" \/>\n<meta name=\"author\" content=\"Adriana Rabelo\" \/>\n<meta name=\"twitter:card\" content=\"summary_large_image\" \/>\n<meta name=\"twitter:label1\" content=\"Escrito por\" \/>\n\t<meta name=\"twitter:data1\" content=\"Adriana Rabelo\" \/>\n\t<meta name=\"twitter:label2\" content=\"Est. tempo de leitura\" \/>\n\t<meta name=\"twitter:data2\" content=\"4 minutos\" \/>\n<script type=\"application\/ld+json\" class=\"yoast-schema-graph\">{\"@context\":\"https:\/\/schema.org\",\"@graph\":[{\"@type\":\"WebSite\",\"@id\":\"https:\/\/franciscanos.org.br\/noticias\/#website\",\"url\":\"https:\/\/franciscanos.org.br\/noticias\/\",\"name\":\"Not\u00edcias - Franciscanos\",\"description\":\"Prov\u00edncia Franciscana da Imaculada Concei\u00e7\u00e3o do Brasil - Ordem dos Frades Menores - OFM\",\"potentialAction\":[{\"@type\":\"SearchAction\",\"target\":{\"@type\":\"EntryPoint\",\"urlTemplate\":\"https:\/\/franciscanos.org.br\/noticias\/?s={search_term_string}\"},\"query-input\":\"required name=search_term_string\"}],\"inLanguage\":\"pt-BR\"},{\"@type\":\"ImageObject\",\"inLanguage\":\"pt-BR\",\"@id\":\"https:\/\/franciscanos.org.br\/noticias\/eu-os-acompanho-daqui-o-aniversario-de-pontificado-no-gemelli-olhando-para-o-mundo.html#primaryimage\",\"url\":\"https:\/\/franciscanos.org.br\/noticias\/wp-content\/uploads\/2025\/03\/CHAMADA-6.jpg\",\"contentUrl\":\"https:\/\/franciscanos.org.br\/noticias\/wp-content\/uploads\/2025\/03\/CHAMADA-6.jpg\",\"width\":800,\"height\":550},{\"@type\":\"WebPage\",\"@id\":\"https:\/\/franciscanos.org.br\/noticias\/eu-os-acompanho-daqui-o-aniversario-de-pontificado-no-gemelli-olhando-para-o-mundo.html#webpage\",\"url\":\"https:\/\/franciscanos.org.br\/noticias\/eu-os-acompanho-daqui-o-aniversario-de-pontificado-no-gemelli-olhando-para-o-mundo.html\",\"name\":\"\\\"Eu os acompanho daqui\\\": o anivers\u00e1rio de pontificado no Gemelli, olhando para o mundo - Not\u00edcias - Franciscanos\",\"isPartOf\":{\"@id\":\"https:\/\/franciscanos.org.br\/noticias\/#website\"},\"primaryImageOfPage\":{\"@id\":\"https:\/\/franciscanos.org.br\/noticias\/eu-os-acompanho-daqui-o-aniversario-de-pontificado-no-gemelli-olhando-para-o-mundo.html#primaryimage\"},\"datePublished\":\"2025-03-12T17:26:31+00:00\",\"dateModified\":\"2025-03-13T20:13:33+00:00\",\"author\":{\"@id\":\"https:\/\/franciscanos.org.br\/noticias\/#\/schema\/person\/d9422e83121c3ad3b0f423d195f5bb25\"},\"breadcrumb\":{\"@id\":\"https:\/\/franciscanos.org.br\/noticias\/eu-os-acompanho-daqui-o-aniversario-de-pontificado-no-gemelli-olhando-para-o-mundo.html#breadcrumb\"},\"inLanguage\":\"pt-BR\",\"potentialAction\":[{\"@type\":\"ReadAction\",\"target\":[\"https:\/\/franciscanos.org.br\/noticias\/eu-os-acompanho-daqui-o-aniversario-de-pontificado-no-gemelli-olhando-para-o-mundo.html\"]}]},{\"@type\":\"BreadcrumbList\",\"@id\":\"https:\/\/franciscanos.org.br\/noticias\/eu-os-acompanho-daqui-o-aniversario-de-pontificado-no-gemelli-olhando-para-o-mundo.html#breadcrumb\",\"itemListElement\":[{\"@type\":\"ListItem\",\"position\":1,\"name\":\"Home\",\"item\":\"https:\/\/franciscanos.org.br\/noticias\"},{\"@type\":\"ListItem\",\"position\":2,\"name\":\"&#8220;Eu os acompanho daqui&#8221;: o anivers\u00e1rio de pontificado no Gemelli, olhando para o mundo\"}]},{\"@type\":\"Person\",\"@id\":\"https:\/\/franciscanos.org.br\/noticias\/#\/schema\/person\/d9422e83121c3ad3b0f423d195f5bb25\",\"name\":\"Adriana Rabelo\",\"image\":{\"@type\":\"ImageObject\",\"inLanguage\":\"pt-BR\",\"@id\":\"https:\/\/franciscanos.org.br\/noticias\/#\/schema\/person\/image\/\",\"url\":\"https:\/\/secure.gravatar.com\/avatar\/0a937b7500cd7df77540cfb8bede877d?s=96&d=mm&r=g\",\"contentUrl\":\"https:\/\/secure.gravatar.com\/avatar\/0a937b7500cd7df77540cfb8bede877d?s=96&d=mm&r=g\",\"caption\":\"Adriana Rabelo\"},\"url\":\"https:\/\/franciscanos.org.br\/noticias\/author\/adrianarabelo\"}]}<\/script>\n<!-- \/ Yoast SEO plugin. -->","yoast_head_json":{"title":"\"Eu os acompanho daqui\": o anivers\u00e1rio de pontificado no Gemelli, olhando para o mundo - Not\u00edcias - Franciscanos","robots":{"index":"index","follow":"follow","max-snippet":"max-snippet:-1","max-image-preview":"max-image-preview:large","max-video-preview":"max-video-preview:-1"},"canonical":"https:\/\/franciscanos.org.br\/noticias\/eu-os-acompanho-daqui-o-aniversario-de-pontificado-no-gemelli-olhando-para-o-mundo.html","og_locale":"pt_BR","og_type":"article","og_title":"\"Eu os acompanho daqui\": o anivers\u00e1rio de pontificado no Gemelli, olhando para o mundo - Not\u00edcias - Franciscanos","og_description":"12 anos de pontificado","og_url":"https:\/\/franciscanos.org.br\/noticias\/eu-os-acompanho-daqui-o-aniversario-de-pontificado-no-gemelli-olhando-para-o-mundo.html","og_site_name":"Not\u00edcias - Franciscanos","article_published_time":"2025-03-12T17:26:31+00:00","article_modified_time":"2025-03-13T20:13:33+00:00","og_image":[{"width":800,"height":550,"url":"https:\/\/franciscanos.org.br\/noticias\/wp-content\/uploads\/2025\/03\/CHAMADA-6.jpg","type":"image\/jpeg"}],"author":"Adriana Rabelo","twitter_card":"summary_large_image","twitter_misc":{"Escrito por":"Adriana Rabelo","Est. tempo de leitura":"4 minutos"},"schema":{"@context":"https:\/\/schema.org","@graph":[{"@type":"WebSite","@id":"https:\/\/franciscanos.org.br\/noticias\/#website","url":"https:\/\/franciscanos.org.br\/noticias\/","name":"Not\u00edcias - Franciscanos","description":"Prov\u00edncia Franciscana da Imaculada Concei\u00e7\u00e3o do Brasil - Ordem dos Frades Menores - OFM","potentialAction":[{"@type":"SearchAction","target":{"@type":"EntryPoint","urlTemplate":"https:\/\/franciscanos.org.br\/noticias\/?s={search_term_string}"},"query-input":"required name=search_term_string"}],"inLanguage":"pt-BR"},{"@type":"ImageObject","inLanguage":"pt-BR","@id":"https:\/\/franciscanos.org.br\/noticias\/eu-os-acompanho-daqui-o-aniversario-de-pontificado-no-gemelli-olhando-para-o-mundo.html#primaryimage","url":"https:\/\/franciscanos.org.br\/noticias\/wp-content\/uploads\/2025\/03\/CHAMADA-6.jpg","contentUrl":"https:\/\/franciscanos.org.br\/noticias\/wp-content\/uploads\/2025\/03\/CHAMADA-6.jpg","width":800,"height":550},{"@type":"WebPage","@id":"https:\/\/franciscanos.org.br\/noticias\/eu-os-acompanho-daqui-o-aniversario-de-pontificado-no-gemelli-olhando-para-o-mundo.html#webpage","url":"https:\/\/franciscanos.org.br\/noticias\/eu-os-acompanho-daqui-o-aniversario-de-pontificado-no-gemelli-olhando-para-o-mundo.html","name":"\"Eu os acompanho daqui\": o anivers\u00e1rio de pontificado no Gemelli, olhando para o mundo - Not\u00edcias - Franciscanos","isPartOf":{"@id":"https:\/\/franciscanos.org.br\/noticias\/#website"},"primaryImageOfPage":{"@id":"https:\/\/franciscanos.org.br\/noticias\/eu-os-acompanho-daqui-o-aniversario-de-pontificado-no-gemelli-olhando-para-o-mundo.html#primaryimage"},"datePublished":"2025-03-12T17:26:31+00:00","dateModified":"2025-03-13T20:13:33+00:00","author":{"@id":"https:\/\/franciscanos.org.br\/noticias\/#\/schema\/person\/d9422e83121c3ad3b0f423d195f5bb25"},"breadcrumb":{"@id":"https:\/\/franciscanos.org.br\/noticias\/eu-os-acompanho-daqui-o-aniversario-de-pontificado-no-gemelli-olhando-para-o-mundo.html#breadcrumb"},"inLanguage":"pt-BR","potentialAction":[{"@type":"ReadAction","target":["https:\/\/franciscanos.org.br\/noticias\/eu-os-acompanho-daqui-o-aniversario-de-pontificado-no-gemelli-olhando-para-o-mundo.html"]}]},{"@type":"BreadcrumbList","@id":"https:\/\/franciscanos.org.br\/noticias\/eu-os-acompanho-daqui-o-aniversario-de-pontificado-no-gemelli-olhando-para-o-mundo.html#breadcrumb","itemListElement":[{"@type":"ListItem","position":1,"name":"Home","item":"https:\/\/franciscanos.org.br\/noticias"},{"@type":"ListItem","position":2,"name":"&#8220;Eu os acompanho daqui&#8221;: o anivers\u00e1rio de pontificado no Gemelli, olhando para o mundo"}]},{"@type":"Person","@id":"https:\/\/franciscanos.org.br\/noticias\/#\/schema\/person\/d9422e83121c3ad3b0f423d195f5bb25","name":"Adriana Rabelo","image":{"@type":"ImageObject","inLanguage":"pt-BR","@id":"https:\/\/franciscanos.org.br\/noticias\/#\/schema\/person\/image\/","url":"https:\/\/secure.gravatar.com\/avatar\/0a937b7500cd7df77540cfb8bede877d?s=96&d=mm&r=g","contentUrl":"https:\/\/secure.gravatar.com\/avatar\/0a937b7500cd7df77540cfb8bede877d?s=96&d=mm&r=g","caption":"Adriana Rabelo"},"url":"https:\/\/franciscanos.org.br\/noticias\/author\/adrianarabelo"}]}},"_links":{"self":[{"href":"https:\/\/franciscanos.org.br\/noticias\/wp-json\/wp\/v2\/posts\/255387"}],"collection":[{"href":"https:\/\/franciscanos.org.br\/noticias\/wp-json\/wp\/v2\/posts"}],"about":[{"href":"https:\/\/franciscanos.org.br\/noticias\/wp-json\/wp\/v2\/types\/post"}],"author":[{"embeddable":true,"href":"https:\/\/franciscanos.org.br\/noticias\/wp-json\/wp\/v2\/users\/11"}],"replies":[{"embeddable":true,"href":"https:\/\/franciscanos.org.br\/noticias\/wp-json\/wp\/v2\/comments?post=255387"}],"version-history":[{"count":7,"href":"https:\/\/franciscanos.org.br\/noticias\/wp-json\/wp\/v2\/posts\/255387\/revisions"}],"predecessor-version":[{"id":255440,"href":"https:\/\/franciscanos.org.br\/noticias\/wp-json\/wp\/v2\/posts\/255387\/revisions\/255440"}],"wp:featuredmedia":[{"embeddable":true,"href":"https:\/\/franciscanos.org.br\/noticias\/wp-json\/wp\/v2\/media\/255392"}],"wp:attachment":[{"href":"https:\/\/franciscanos.org.br\/noticias\/wp-json\/wp\/v2\/media?parent=255387"}],"wp:term":[{"taxonomy":"category","embeddable":true,"href":"https:\/\/franciscanos.org.br\/noticias\/wp-json\/wp\/v2\/categories?post=255387"},{"taxonomy":"post_tag","embeddable":true,"href":"https:\/\/franciscanos.org.br\/noticias\/wp-json\/wp\/v2\/tags?post=255387"}],"curies":[{"name":"wp","href":"https:\/\/api.w.org\/{rel}","templated":true}]}}