{"id":255326,"date":"2025-03-12T08:00:43","date_gmt":"2025-03-12T11:00:43","guid":{"rendered":"https:\/\/franciscanos.org.br\/noticias\/?p=255326"},"modified":"2025-03-30T19:42:05","modified_gmt":"2025-03-30T22:42:05","slug":"paroquia-sagrado-coracao-de-jesus-recebe-frei-paulo-roberto-santana","status":"publish","type":"post","link":"https:\/\/franciscanos.org.br\/noticias\/paroquia-sagrado-coracao-de-jesus-recebe-frei-paulo-roberto-santana.html","title":{"rendered":"Par\u00f3quia Sagrado Cora\u00e7\u00e3o de Jesus recebe Frei Paulo Roberto Santana"},"content":{"rendered":"<p><img loading=\"lazy\" class=\"aligncenter wp-image-255329 size-full\" src=\"https:\/\/franciscanos.org.br\/noticias\/wp-content\/uploads\/2025\/03\/MATERIA-4.jpg\" alt=\"\" width=\"1280\" height=\"720\" srcset=\"https:\/\/franciscanos.org.br\/noticias\/wp-content\/uploads\/2025\/03\/MATERIA-4.jpg 1280w, https:\/\/franciscanos.org.br\/noticias\/wp-content\/uploads\/2025\/03\/MATERIA-4-450x253.jpg 450w, https:\/\/franciscanos.org.br\/noticias\/wp-content\/uploads\/2025\/03\/MATERIA-4-1024x576.jpg 1024w, https:\/\/franciscanos.org.br\/noticias\/wp-content\/uploads\/2025\/03\/MATERIA-4-768x432.jpg 768w, https:\/\/franciscanos.org.br\/noticias\/wp-content\/uploads\/2025\/03\/MATERIA-4-150x84.jpg 150w\" sizes=\"(max-width: 1280px) 100vw, 1280px\" \/><\/p>\n<p>No dia 8 de mar\u00e7o, a Par\u00f3quia Sagrado Cora\u00e7\u00e3o de Jesus, em Petr\u00f3polis (RJ), celebrou a posse de seu novo p\u00e1roco, Frei Paulo Roberto Santos Santana, acompanhado da fraternidade local. Com mais de 150 anos de hist\u00f3ria, a comunidade se reuniu e lotou a igreja para acolh\u00ea-lo em uma celebra\u00e7\u00e3o marcada pela f\u00e9 e pelo esp\u00edrito fraterno.<\/p>\n<p>A Celebra\u00e7\u00e3o Eucar\u00edstica foi presidida por Dom Joel Portella Amado, Bispo Diocesano de Petr\u00f3polis, com a participa\u00e7\u00e3o do vig\u00e1rio provincial Frei Gustavo Wayand Medella e dos definidores Frei Gilberto da Silvae Frei Volney Berkenbrock. Reuniu fi\u00e9is, membros do Regional Rio de Janeiro, amigos e paroquianos da cidade e da Par\u00f3quia S\u00e3o Francisco de Assis, em Campos El\u00edseos, Duque de Caxias (RJ), onde Frei Paulo atuou anteriormente. O clima de acolhida e comunh\u00e3o marcou sua chegada \u00e0 nova miss\u00e3o. A posse foi oficializada com a leitura da provis\u00e3o (decreto diocesano) pelo Guardi\u00e3o Frei Marcos Antonio de Andrade, que destacou suas responsabilidades pastorais e administrativas.<\/p>\n<p><strong>Um chamado \u00e0 esperan\u00e7a<\/strong><\/p>\n<p>Durante a homilia, Dom Joel ressaltou o compromisso de Frei Paulo com a vida fraterna ao explicar o motivo da posse acontecer em mar\u00e7o, autorizada em dezembro: &#8216;Frei Paulo me pediu para realizar a posse em mar\u00e7o, quando mais frades poderiam estar presentes. Ele disse: &#8220;N\u00e3o exer\u00e7o minha miss\u00e3o sozinho, mas com meus irm\u00e3os&#8221;. \u201cIsso me trouxe paz&#8221;, afirmou Dom Joel &#8220;pois mostra que, para ele, ser p\u00e1roco n\u00e3o \u00e9 exercer poder, mas viver a fraternidade\u201d, disse o celebrante.<\/p>\n<p>O bispo recordou o falecimento de Frei Clemente, destacando que nossa vida pertence inteiramente a Deus. \u2018Recentemente, Frei Clemente foi sepultado\u2019, disse o bispo. \u201cSugeri a Frei Marcos e Frei Paulo que, se necess\u00e1rio, un\u00edssemos as celebra\u00e7\u00f5es. Porque, quer vivamos, quer morramos, pertencemos ao Senhor. O importante n\u00e3o \u00e9 a vida nem a morte, mas pertencer ao Senhor. \u201d<\/p>\n<p>Dom Joel mencionou o Jubileu da Esperan\u00e7a de 2025, em que o Papa Francisco convida os fi\u00e9is a viver a esperan\u00e7a em Cristo: \u201cNeste ano em que Papa Francisco d\u00e1 para n\u00f3s o tema da esperan\u00e7a n\u00f3s sabemos que a esperan\u00e7a tem um nome, que a esperan\u00e7a tem um rosto, que a esperan\u00e7a tem uma identidade Jesus Cristo e ao olhar para Jesus Cristo n\u00f3s dizemos e percebemos e sentimos que em momento algum da hist\u00f3ria da humanidade em momento algum da nossa vida n\u00f3s estamos abandonados esquecidos pelo contr\u00e1rio em Jesus o amor de Deus vem morar entre n\u00f3s\u201d.<\/p>\n\n\t\t<style type=\"text\/css\">\n\t\t\t#gallery-1 {\n\t\t\t\tmargin: auto;\n\t\t\t}\n\t\t\t#gallery-1 .gallery-item {\n\t\t\t\tfloat: left;\n\t\t\t\tmargin-top: 10px;\n\t\t\t\ttext-align: center;\n\t\t\t\twidth: 33%;\n\t\t\t}\n\t\t\t#gallery-1 img {\n\t\t\t\tborder: 2px solid #cfcfcf;\n\t\t\t}\n\t\t\t#gallery-1 .gallery-caption {\n\t\t\t\tmargin-left: 0;\n\t\t\t}\n\t\t\t\/* see gallery_shortcode() in wp-includes\/media.php *\/\n\t\t<\/style>\n\t\t<div id='gallery-1' class='gallery galleryid-255326 gallery-columns-3 gallery-size-thumbnail'><dl class='gallery-item'>\n\t\t\t<dt class='gallery-icon landscape'>\n\t\t\t\t<a href='https:\/\/franciscanos.org.br\/noticias\/wp-content\/uploads\/2025\/03\/fre-paulo8.jpeg'><img width=\"300\" height=\"300\" src=\"https:\/\/franciscanos.org.br\/noticias\/wp-content\/uploads\/2025\/03\/fre-paulo8-300x300.jpeg\" class=\"attachment-thumbnail size-thumbnail\" alt=\"\" loading=\"lazy\" srcset=\"https:\/\/franciscanos.org.br\/noticias\/wp-content\/uploads\/2025\/03\/fre-paulo8-300x300.jpeg 300w, https:\/\/franciscanos.org.br\/noticias\/wp-content\/uploads\/2025\/03\/fre-paulo8-100x100.jpeg 100w\" sizes=\"(max-width: 300px) 100vw, 300px\" \/><\/a>\n\t\t\t<\/dt><\/dl><dl class='gallery-item'>\n\t\t\t<dt class='gallery-icon landscape'>\n\t\t\t\t<a href='https:\/\/franciscanos.org.br\/noticias\/wp-content\/uploads\/2025\/03\/frei-paulo3.jpeg'><img width=\"300\" height=\"300\" src=\"https:\/\/franciscanos.org.br\/noticias\/wp-content\/uploads\/2025\/03\/frei-paulo3-300x300.jpeg\" class=\"attachment-thumbnail size-thumbnail\" alt=\"\" loading=\"lazy\" srcset=\"https:\/\/franciscanos.org.br\/noticias\/wp-content\/uploads\/2025\/03\/frei-paulo3-300x300.jpeg 300w, https:\/\/franciscanos.org.br\/noticias\/wp-content\/uploads\/2025\/03\/frei-paulo3-100x100.jpeg 100w\" sizes=\"(max-width: 300px) 100vw, 300px\" \/><\/a>\n\t\t\t<\/dt><\/dl><dl class='gallery-item'>\n\t\t\t<dt class='gallery-icon landscape'>\n\t\t\t\t<a href='https:\/\/franciscanos.org.br\/noticias\/wp-content\/uploads\/2025\/03\/MATERIA-5.jpg'><img width=\"300\" height=\"300\" src=\"https:\/\/franciscanos.org.br\/noticias\/wp-content\/uploads\/2025\/03\/MATERIA-5-300x300.jpg\" class=\"attachment-thumbnail size-thumbnail\" alt=\"\" loading=\"lazy\" srcset=\"https:\/\/franciscanos.org.br\/noticias\/wp-content\/uploads\/2025\/03\/MATERIA-5-300x300.jpg 300w, https:\/\/franciscanos.org.br\/noticias\/wp-content\/uploads\/2025\/03\/MATERIA-5-100x100.jpg 100w\" sizes=\"(max-width: 300px) 100vw, 300px\" \/><\/a>\n\t\t\t<\/dt><\/dl><br style=\"clear: both\" \/>\n\t\t<\/div>\n\n<p>O bispo conclui relacionando a miss\u00e3o de Frei Paulo com o Evangelho do dia, que narra a voca\u00e7\u00e3o de Levi (Mateus). Exortou-o a transformar a par\u00f3quia em um \u2018banquete de fraternidade\u2019.<\/p>\n<p>\u201cPor isso, Frei Paulo, se eu posso te fazer um pedido transforme essa Par\u00f3quia ainda mais junto com todos os teus irm\u00e3os num Grande Banquete, de fraternidade e de solidariedade. Una-se sempre mais a diocese de Petr\u00f3polis com teus irm\u00e3os mais pr\u00f3ximos deste decanato, mas com todos n\u00f3s outros que te acolhemos E pedimos para ser acolhidos no teu cora\u00e7\u00e3o. Saiba que essa Igreja de Petr\u00f3polis vai estar sempre de portas abertas sempre agradecendo o que a fam\u00edlia franciscana fez nessa cidade e nessa diocese\u201d, concluiu Dom Joel.<\/p>\n<p>Ap\u00f3s a homilia, o p\u00e1roco recebeu os s\u00edmbolos de sua nova miss\u00e3o: as chaves da igreja, representando seu compromisso com o templo e o povo de Deus; o Evangeli\u00e1rio, s\u00edmbolo de sua miss\u00e3o de anunciar a Palavra; e a chave do sacr\u00e1rio, refor\u00e7ando a centralidade da Eucaristia. Al\u00e9m disso, recebeu os \u00f3leos do batismo e a estola roxa, que representam o Sacramento da Reconcilia\u00e7\u00e3o, destacando a import\u00e2ncia da miseric\u00f3rdia e do acolhimento.<\/p>\n\n\t\t<style type=\"text\/css\">\n\t\t\t#gallery-2 {\n\t\t\t\tmargin: auto;\n\t\t\t}\n\t\t\t#gallery-2 .gallery-item {\n\t\t\t\tfloat: left;\n\t\t\t\tmargin-top: 10px;\n\t\t\t\ttext-align: center;\n\t\t\t\twidth: 33%;\n\t\t\t}\n\t\t\t#gallery-2 img {\n\t\t\t\tborder: 2px solid #cfcfcf;\n\t\t\t}\n\t\t\t#gallery-2 .gallery-caption {\n\t\t\t\tmargin-left: 0;\n\t\t\t}\n\t\t\t\/* see gallery_shortcode() in wp-includes\/media.php *\/\n\t\t<\/style>\n\t\t<div id='gallery-2' class='gallery galleryid-255326 gallery-columns-3 gallery-size-thumbnail'><dl class='gallery-item'>\n\t\t\t<dt class='gallery-icon portrait'>\n\t\t\t\t<a href='https:\/\/franciscanos.org.br\/noticias\/wp-content\/uploads\/2025\/03\/frei-paulo.jpeg'><img width=\"300\" height=\"300\" src=\"https:\/\/franciscanos.org.br\/noticias\/wp-content\/uploads\/2025\/03\/frei-paulo-300x300.jpeg\" class=\"attachment-thumbnail size-thumbnail\" alt=\"\" loading=\"lazy\" srcset=\"https:\/\/franciscanos.org.br\/noticias\/wp-content\/uploads\/2025\/03\/frei-paulo-300x300.jpeg 300w, https:\/\/franciscanos.org.br\/noticias\/wp-content\/uploads\/2025\/03\/frei-paulo-100x100.jpeg 100w\" sizes=\"(max-width: 300px) 100vw, 300px\" \/><\/a>\n\t\t\t<\/dt><\/dl><dl class='gallery-item'>\n\t\t\t<dt class='gallery-icon landscape'>\n\t\t\t\t<a href='https:\/\/franciscanos.org.br\/noticias\/wp-content\/uploads\/2025\/03\/frei-paulo5.jpeg'><img width=\"300\" height=\"300\" src=\"https:\/\/franciscanos.org.br\/noticias\/wp-content\/uploads\/2025\/03\/frei-paulo5-300x300.jpeg\" class=\"attachment-thumbnail size-thumbnail\" alt=\"\" loading=\"lazy\" srcset=\"https:\/\/franciscanos.org.br\/noticias\/wp-content\/uploads\/2025\/03\/frei-paulo5-300x300.jpeg 300w, https:\/\/franciscanos.org.br\/noticias\/wp-content\/uploads\/2025\/03\/frei-paulo5-100x100.jpeg 100w\" sizes=\"(max-width: 300px) 100vw, 300px\" \/><\/a>\n\t\t\t<\/dt><\/dl><dl class='gallery-item'>\n\t\t\t<dt class='gallery-icon landscape'>\n\t\t\t\t<a href='https:\/\/franciscanos.org.br\/noticias\/wp-content\/uploads\/2025\/03\/frei-paulo6.jpeg'><img width=\"300\" height=\"300\" src=\"https:\/\/franciscanos.org.br\/noticias\/wp-content\/uploads\/2025\/03\/frei-paulo6-300x300.jpeg\" class=\"attachment-thumbnail size-thumbnail\" alt=\"\" loading=\"lazy\" srcset=\"https:\/\/franciscanos.org.br\/noticias\/wp-content\/uploads\/2025\/03\/frei-paulo6-300x300.jpeg 300w, https:\/\/franciscanos.org.br\/noticias\/wp-content\/uploads\/2025\/03\/frei-paulo6-100x100.jpeg 100w\" sizes=\"(max-width: 300px) 100vw, 300px\" \/><\/a>\n\t\t\t<\/dt><\/dl><br style=\"clear: both\" \/>\n\t\t<\/div>\n\n<p><strong>Desafios, expectativas e agradecimento<\/strong><\/p>\n<p>Ap\u00f3s a comunh\u00e3o, Frei Gustavo, Vig\u00e1rio provincial, explicou brevemente a realidade da Prov\u00edncia, a din\u00e2mica das transfer\u00eancias franciscanas e a generosa acolhida de Frei Paulo ao chamado para integrar a par\u00f3quia de Petr\u00f3polis. Em seguida, apresentou a fraternidade de Petr\u00f3polis, formada por Frei Thiago Hayakawa, Frei Douglas Machado (que estava ausente) e outros frades brasileiros e angolanos, que est\u00e3o vivendo um tempo de forma\u00e7\u00e3o na cidade. O frade destacou:<\/p>\n<p><img loading=\"lazy\" class=\"alignleft wp-image-255335 size-thumbnail\" src=\"https:\/\/franciscanos.org.br\/noticias\/wp-content\/uploads\/2025\/03\/frei-paulo2-300x300.jpeg\" alt=\"\" width=\"300\" height=\"300\" srcset=\"https:\/\/franciscanos.org.br\/noticias\/wp-content\/uploads\/2025\/03\/frei-paulo2-300x300.jpeg 300w, https:\/\/franciscanos.org.br\/noticias\/wp-content\/uploads\/2025\/03\/frei-paulo2-100x100.jpeg 100w\" sizes=\"(max-width: 300px) 100vw, 300px\" \/>\u201cNossa prov\u00edncia tem cerca de 380 frades em v\u00e1rias fraternidades no Brasil e em Angola. A generosidade de Frei Paulo, que aceitou a transfer\u00eancia de Campos El\u00edseos para Petr\u00f3polis, reflete o melhor da nossa natureza humana boa, aquilo que temos de melhor\u201d.<\/p>\n<p>Ao final, Maria Helena, em nome da par\u00f3quia, agradeceu e acolheu Frei Paulo e a Fraternidade, oferecendo apoio e recordando seu lema de ordena\u00e7\u00e3o: \u201cN\u00f3s o recebemos como p\u00e1roco e saudamos os novos frades. Oferecemos nosso apoio e recordamos seu lema: \u2018Alegrai-vos com os que se alegram, chorai com os que choram\u2019. Que o Sagrado Cora\u00e7\u00e3o de Jesus e o Imaculado Cora\u00e7\u00e3o de Maria nos guiem. Paz e bem!\u201d.<\/p>\n<p>O \u00a0novo p\u00e1roco, emocionado, agradeceu a confian\u00e7a e destacou seu desejo de trabalhar em fraternidade e comunh\u00e3o:<\/p>\n<p>&nbsp;<\/p>\n<p>&#8220;N\u00e3o estou aqui sozinho. Minha miss\u00e3o se constr\u00f3i com meus irm\u00e3os franciscanos e com cada um de voc\u00eas. Juntos, seremos sinais do amor de Deus&#8221;.<\/p>\n<p>Com a b\u00ean\u00e7\u00e3o final, Dom Joel finalizou a celebra\u00e7\u00e3o de posse, selando um momento especial na hist\u00f3ria da Par\u00f3quia do Sagrado Cora\u00e7\u00e3o de Jesus. Logo ap\u00f3s, a comunidade se reuniu no sal\u00e3o paroquial para uma confraterniza\u00e7\u00e3o repleta de alegria e gratid\u00e3o. Com os cora\u00e7\u00f5es renovados, os fi\u00e9is acolheram Frei Paulo e a fraternidade com entusiasmo, confiantes na continuidade da miss\u00e3o franciscana e na constru\u00e7\u00e3o de uma igreja ainda mais fraterna e acolhedora.<\/p>\n<hr \/>\n<p><em>Texto: Frei Marcelo Tadeu da Silva Cardoso<\/em><\/p>\n<p><em>Fotos: Rafael Xar\u00e3o e Rog\u00e9rio Tosta<\/em><\/p>\n","protected":false},"excerpt":{"rendered":"<p>Nova Fraternidade<\/p>\n","protected":false},"author":11,"featured_media":255328,"comment_status":"open","ping_status":"open","sticky":false,"template":"","format":"standard","meta":[],"categories":[1],"tags":[2231,1766],"acf":[],"yoast_head":"<!-- This site is optimized with the Yoast SEO plugin v19.2 - https:\/\/yoast.com\/wordpress\/plugins\/seo\/ -->\n<title>Par\u00f3quia Sagrado Cora\u00e7\u00e3o de Jesus recebe Frei Paulo Roberto Santana - Not\u00edcias - Franciscanos<\/title>\n<meta name=\"robots\" content=\"index, follow, max-snippet:-1, max-image-preview:large, max-video-preview:-1\" \/>\n<link rel=\"canonical\" href=\"https:\/\/franciscanos.org.br\/noticias\/paroquia-sagrado-coracao-de-jesus-recebe-frei-paulo-roberto-santana.html\" \/>\n<meta property=\"og:locale\" content=\"pt_BR\" \/>\n<meta property=\"og:type\" content=\"article\" \/>\n<meta property=\"og:title\" content=\"Par\u00f3quia Sagrado Cora\u00e7\u00e3o de Jesus recebe Frei Paulo Roberto Santana - Not\u00edcias - Franciscanos\" \/>\n<meta property=\"og:description\" content=\"Nova Fraternidade\" \/>\n<meta property=\"og:url\" content=\"https:\/\/franciscanos.org.br\/noticias\/paroquia-sagrado-coracao-de-jesus-recebe-frei-paulo-roberto-santana.html\" \/>\n<meta property=\"og:site_name\" content=\"Not\u00edcias - Franciscanos\" \/>\n<meta property=\"article:published_time\" content=\"2025-03-12T11:00:43+00:00\" \/>\n<meta property=\"article:modified_time\" content=\"2025-03-30T22:42:05+00:00\" \/>\n<meta property=\"og:image\" content=\"https:\/\/franciscanos.org.br\/noticias\/wp-content\/uploads\/2025\/03\/CHAMADA-3.jpg\" \/>\n\t<meta property=\"og:image:width\" content=\"800\" \/>\n\t<meta property=\"og:image:height\" content=\"550\" \/>\n\t<meta property=\"og:image:type\" content=\"image\/jpeg\" \/>\n<meta name=\"author\" content=\"Adriana Rabelo\" \/>\n<meta name=\"twitter:card\" content=\"summary_large_image\" \/>\n<meta name=\"twitter:label1\" content=\"Escrito por\" \/>\n\t<meta name=\"twitter:data1\" content=\"Adriana Rabelo\" \/>\n\t<meta name=\"twitter:label2\" content=\"Est. tempo de leitura\" \/>\n\t<meta name=\"twitter:data2\" content=\"5 minutos\" \/>\n<script type=\"application\/ld+json\" class=\"yoast-schema-graph\">{\"@context\":\"https:\/\/schema.org\",\"@graph\":[{\"@type\":\"WebSite\",\"@id\":\"https:\/\/franciscanos.org.br\/noticias\/#website\",\"url\":\"https:\/\/franciscanos.org.br\/noticias\/\",\"name\":\"Not\u00edcias - Franciscanos\",\"description\":\"Prov\u00edncia Franciscana da Imaculada Concei\u00e7\u00e3o do Brasil - Ordem dos Frades Menores - OFM\",\"potentialAction\":[{\"@type\":\"SearchAction\",\"target\":{\"@type\":\"EntryPoint\",\"urlTemplate\":\"https:\/\/franciscanos.org.br\/noticias\/?s={search_term_string}\"},\"query-input\":\"required name=search_term_string\"}],\"inLanguage\":\"pt-BR\"},{\"@type\":\"ImageObject\",\"inLanguage\":\"pt-BR\",\"@id\":\"https:\/\/franciscanos.org.br\/noticias\/paroquia-sagrado-coracao-de-jesus-recebe-frei-paulo-roberto-santana.html#primaryimage\",\"url\":\"https:\/\/franciscanos.org.br\/noticias\/wp-content\/uploads\/2025\/03\/CHAMADA-3.jpg\",\"contentUrl\":\"https:\/\/franciscanos.org.br\/noticias\/wp-content\/uploads\/2025\/03\/CHAMADA-3.jpg\",\"width\":800,\"height\":550},{\"@type\":\"WebPage\",\"@id\":\"https:\/\/franciscanos.org.br\/noticias\/paroquia-sagrado-coracao-de-jesus-recebe-frei-paulo-roberto-santana.html#webpage\",\"url\":\"https:\/\/franciscanos.org.br\/noticias\/paroquia-sagrado-coracao-de-jesus-recebe-frei-paulo-roberto-santana.html\",\"name\":\"Par\u00f3quia Sagrado Cora\u00e7\u00e3o de Jesus recebe Frei Paulo Roberto Santana - Not\u00edcias - Franciscanos\",\"isPartOf\":{\"@id\":\"https:\/\/franciscanos.org.br\/noticias\/#website\"},\"primaryImageOfPage\":{\"@id\":\"https:\/\/franciscanos.org.br\/noticias\/paroquia-sagrado-coracao-de-jesus-recebe-frei-paulo-roberto-santana.html#primaryimage\"},\"datePublished\":\"2025-03-12T11:00:43+00:00\",\"dateModified\":\"2025-03-30T22:42:05+00:00\",\"author\":{\"@id\":\"https:\/\/franciscanos.org.br\/noticias\/#\/schema\/person\/d9422e83121c3ad3b0f423d195f5bb25\"},\"breadcrumb\":{\"@id\":\"https:\/\/franciscanos.org.br\/noticias\/paroquia-sagrado-coracao-de-jesus-recebe-frei-paulo-roberto-santana.html#breadcrumb\"},\"inLanguage\":\"pt-BR\",\"potentialAction\":[{\"@type\":\"ReadAction\",\"target\":[\"https:\/\/franciscanos.org.br\/noticias\/paroquia-sagrado-coracao-de-jesus-recebe-frei-paulo-roberto-santana.html\"]}]},{\"@type\":\"BreadcrumbList\",\"@id\":\"https:\/\/franciscanos.org.br\/noticias\/paroquia-sagrado-coracao-de-jesus-recebe-frei-paulo-roberto-santana.html#breadcrumb\",\"itemListElement\":[{\"@type\":\"ListItem\",\"position\":1,\"name\":\"Home\",\"item\":\"https:\/\/franciscanos.org.br\/noticias\"},{\"@type\":\"ListItem\",\"position\":2,\"name\":\"Par\u00f3quia Sagrado Cora\u00e7\u00e3o de Jesus recebe Frei Paulo Roberto Santana\"}]},{\"@type\":\"Person\",\"@id\":\"https:\/\/franciscanos.org.br\/noticias\/#\/schema\/person\/d9422e83121c3ad3b0f423d195f5bb25\",\"name\":\"Adriana Rabelo\",\"image\":{\"@type\":\"ImageObject\",\"inLanguage\":\"pt-BR\",\"@id\":\"https:\/\/franciscanos.org.br\/noticias\/#\/schema\/person\/image\/\",\"url\":\"https:\/\/secure.gravatar.com\/avatar\/0a937b7500cd7df77540cfb8bede877d?s=96&d=mm&r=g\",\"contentUrl\":\"https:\/\/secure.gravatar.com\/avatar\/0a937b7500cd7df77540cfb8bede877d?s=96&d=mm&r=g\",\"caption\":\"Adriana Rabelo\"},\"url\":\"https:\/\/franciscanos.org.br\/noticias\/author\/adrianarabelo\"}]}<\/script>\n<!-- \/ Yoast SEO plugin. -->","yoast_head_json":{"title":"Par\u00f3quia Sagrado Cora\u00e7\u00e3o de Jesus recebe Frei Paulo Roberto Santana - Not\u00edcias - Franciscanos","robots":{"index":"index","follow":"follow","max-snippet":"max-snippet:-1","max-image-preview":"max-image-preview:large","max-video-preview":"max-video-preview:-1"},"canonical":"https:\/\/franciscanos.org.br\/noticias\/paroquia-sagrado-coracao-de-jesus-recebe-frei-paulo-roberto-santana.html","og_locale":"pt_BR","og_type":"article","og_title":"Par\u00f3quia Sagrado Cora\u00e7\u00e3o de Jesus recebe Frei Paulo Roberto Santana - Not\u00edcias - Franciscanos","og_description":"Nova Fraternidade","og_url":"https:\/\/franciscanos.org.br\/noticias\/paroquia-sagrado-coracao-de-jesus-recebe-frei-paulo-roberto-santana.html","og_site_name":"Not\u00edcias - Franciscanos","article_published_time":"2025-03-12T11:00:43+00:00","article_modified_time":"2025-03-30T22:42:05+00:00","og_image":[{"width":800,"height":550,"url":"https:\/\/franciscanos.org.br\/noticias\/wp-content\/uploads\/2025\/03\/CHAMADA-3.jpg","type":"image\/jpeg"}],"author":"Adriana Rabelo","twitter_card":"summary_large_image","twitter_misc":{"Escrito por":"Adriana Rabelo","Est. tempo de leitura":"5 minutos"},"schema":{"@context":"https:\/\/schema.org","@graph":[{"@type":"WebSite","@id":"https:\/\/franciscanos.org.br\/noticias\/#website","url":"https:\/\/franciscanos.org.br\/noticias\/","name":"Not\u00edcias - Franciscanos","description":"Prov\u00edncia Franciscana da Imaculada Concei\u00e7\u00e3o do Brasil - Ordem dos Frades Menores - OFM","potentialAction":[{"@type":"SearchAction","target":{"@type":"EntryPoint","urlTemplate":"https:\/\/franciscanos.org.br\/noticias\/?s={search_term_string}"},"query-input":"required name=search_term_string"}],"inLanguage":"pt-BR"},{"@type":"ImageObject","inLanguage":"pt-BR","@id":"https:\/\/franciscanos.org.br\/noticias\/paroquia-sagrado-coracao-de-jesus-recebe-frei-paulo-roberto-santana.html#primaryimage","url":"https:\/\/franciscanos.org.br\/noticias\/wp-content\/uploads\/2025\/03\/CHAMADA-3.jpg","contentUrl":"https:\/\/franciscanos.org.br\/noticias\/wp-content\/uploads\/2025\/03\/CHAMADA-3.jpg","width":800,"height":550},{"@type":"WebPage","@id":"https:\/\/franciscanos.org.br\/noticias\/paroquia-sagrado-coracao-de-jesus-recebe-frei-paulo-roberto-santana.html#webpage","url":"https:\/\/franciscanos.org.br\/noticias\/paroquia-sagrado-coracao-de-jesus-recebe-frei-paulo-roberto-santana.html","name":"Par\u00f3quia Sagrado Cora\u00e7\u00e3o de Jesus recebe Frei Paulo Roberto Santana - Not\u00edcias - Franciscanos","isPartOf":{"@id":"https:\/\/franciscanos.org.br\/noticias\/#website"},"primaryImageOfPage":{"@id":"https:\/\/franciscanos.org.br\/noticias\/paroquia-sagrado-coracao-de-jesus-recebe-frei-paulo-roberto-santana.html#primaryimage"},"datePublished":"2025-03-12T11:00:43+00:00","dateModified":"2025-03-30T22:42:05+00:00","author":{"@id":"https:\/\/franciscanos.org.br\/noticias\/#\/schema\/person\/d9422e83121c3ad3b0f423d195f5bb25"},"breadcrumb":{"@id":"https:\/\/franciscanos.org.br\/noticias\/paroquia-sagrado-coracao-de-jesus-recebe-frei-paulo-roberto-santana.html#breadcrumb"},"inLanguage":"pt-BR","potentialAction":[{"@type":"ReadAction","target":["https:\/\/franciscanos.org.br\/noticias\/paroquia-sagrado-coracao-de-jesus-recebe-frei-paulo-roberto-santana.html"]}]},{"@type":"BreadcrumbList","@id":"https:\/\/franciscanos.org.br\/noticias\/paroquia-sagrado-coracao-de-jesus-recebe-frei-paulo-roberto-santana.html#breadcrumb","itemListElement":[{"@type":"ListItem","position":1,"name":"Home","item":"https:\/\/franciscanos.org.br\/noticias"},{"@type":"ListItem","position":2,"name":"Par\u00f3quia Sagrado Cora\u00e7\u00e3o de Jesus recebe Frei Paulo Roberto Santana"}]},{"@type":"Person","@id":"https:\/\/franciscanos.org.br\/noticias\/#\/schema\/person\/d9422e83121c3ad3b0f423d195f5bb25","name":"Adriana Rabelo","image":{"@type":"ImageObject","inLanguage":"pt-BR","@id":"https:\/\/franciscanos.org.br\/noticias\/#\/schema\/person\/image\/","url":"https:\/\/secure.gravatar.com\/avatar\/0a937b7500cd7df77540cfb8bede877d?s=96&d=mm&r=g","contentUrl":"https:\/\/secure.gravatar.com\/avatar\/0a937b7500cd7df77540cfb8bede877d?s=96&d=mm&r=g","caption":"Adriana Rabelo"},"url":"https:\/\/franciscanos.org.br\/noticias\/author\/adrianarabelo"}]}},"_links":{"self":[{"href":"https:\/\/franciscanos.org.br\/noticias\/wp-json\/wp\/v2\/posts\/255326"}],"collection":[{"href":"https:\/\/franciscanos.org.br\/noticias\/wp-json\/wp\/v2\/posts"}],"about":[{"href":"https:\/\/franciscanos.org.br\/noticias\/wp-json\/wp\/v2\/types\/post"}],"author":[{"embeddable":true,"href":"https:\/\/franciscanos.org.br\/noticias\/wp-json\/wp\/v2\/users\/11"}],"replies":[{"embeddable":true,"href":"https:\/\/franciscanos.org.br\/noticias\/wp-json\/wp\/v2\/comments?post=255326"}],"version-history":[{"count":8,"href":"https:\/\/franciscanos.org.br\/noticias\/wp-json\/wp\/v2\/posts\/255326\/revisions"}],"predecessor-version":[{"id":255650,"href":"https:\/\/franciscanos.org.br\/noticias\/wp-json\/wp\/v2\/posts\/255326\/revisions\/255650"}],"wp:featuredmedia":[{"embeddable":true,"href":"https:\/\/franciscanos.org.br\/noticias\/wp-json\/wp\/v2\/media\/255328"}],"wp:attachment":[{"href":"https:\/\/franciscanos.org.br\/noticias\/wp-json\/wp\/v2\/media?parent=255326"}],"wp:term":[{"taxonomy":"category","embeddable":true,"href":"https:\/\/franciscanos.org.br\/noticias\/wp-json\/wp\/v2\/categories?post=255326"},{"taxonomy":"post_tag","embeddable":true,"href":"https:\/\/franciscanos.org.br\/noticias\/wp-json\/wp\/v2\/tags?post=255326"}],"curies":[{"name":"wp","href":"https:\/\/api.w.org\/{rel}","templated":true}]}}