{"id":255306,"date":"2025-03-11T11:00:25","date_gmt":"2025-03-11T14:00:25","guid":{"rendered":"https:\/\/franciscanos.org.br\/noticias\/?p=255306"},"modified":"2025-03-18T11:51:52","modified_gmt":"2025-03-18T14:51:52","slug":"petropolis-se-despede-de-frei-clemente-o-marchador-silencioso-e-discreto-de-deus","status":"publish","type":"post","link":"https:\/\/franciscanos.org.br\/noticias\/petropolis-se-despede-de-frei-clemente-o-marchador-silencioso-e-discreto-de-deus.html","title":{"rendered":"Petr\u00f3polis se despede de Frei Clemente, o marchador silencioso e discreto de Deus"},"content":{"rendered":"<p><img loading=\"lazy\" class=\"aligncenter wp-image-255307 size-full\" src=\"https:\/\/franciscanos.org.br\/noticias\/wp-content\/uploads\/2025\/03\/MATERIA-2.jpg\" alt=\"\" width=\"1280\" height=\"720\" srcset=\"https:\/\/franciscanos.org.br\/noticias\/wp-content\/uploads\/2025\/03\/MATERIA-2.jpg 1280w, https:\/\/franciscanos.org.br\/noticias\/wp-content\/uploads\/2025\/03\/MATERIA-2-450x253.jpg 450w, https:\/\/franciscanos.org.br\/noticias\/wp-content\/uploads\/2025\/03\/MATERIA-2-1024x576.jpg 1024w, https:\/\/franciscanos.org.br\/noticias\/wp-content\/uploads\/2025\/03\/MATERIA-2-768x432.jpg 768w, https:\/\/franciscanos.org.br\/noticias\/wp-content\/uploads\/2025\/03\/MATERIA-2-150x84.jpg 150w\" sizes=\"(max-width: 1280px) 100vw, 1280px\" \/><\/p>\n<p>No s\u00e1bado, 8 de mar\u00e7o, a Par\u00f3quia Sagrado Cora\u00e7\u00e3o de Jesus, em Petr\u00f3polis, tornou-se o cen\u00e1rio de uma despedida carregada de emo\u00e7\u00e3o e rever\u00eancia. Frei Clemente Schafaschek, um frade conhecido pela sua simplicidade e discri\u00e7\u00e3o, falecido no dia 7 de mar\u00e7o, ap\u00f3s dias de interna\u00e7\u00e3o em decorr\u00eancia de uma isquemia cerebral. A despedida ocorreu em uma celebra\u00e7\u00e3o que reuniu fi\u00e9is, amigos, familiares e confrades. A missa presidida por Dom Joel Portella Amado, bispo diocesano de Petr\u00f3polis, concelebrada por Frei Gustavo Wayand Medella, Vig\u00e1rio provincial e Frei Marcos Antonio de Andrade, Guardi\u00e3o da Fraternidade, foi serena como a vida que o frade levou e trouxe um misto de tristeza e gratid\u00e3o a todos os presentes.<\/p>\n<p><img loading=\"lazy\" class=\"size-medium wp-image-255308 aligncenter\" src=\"https:\/\/franciscanos.org.br\/noticias\/wp-content\/uploads\/2025\/03\/frei-clemente9-450x300.jpeg\" alt=\"\" width=\"450\" height=\"300\" srcset=\"https:\/\/franciscanos.org.br\/noticias\/wp-content\/uploads\/2025\/03\/frei-clemente9-450x300.jpeg 450w, https:\/\/franciscanos.org.br\/noticias\/wp-content\/uploads\/2025\/03\/frei-clemente9-1024x682.jpeg 1024w, https:\/\/franciscanos.org.br\/noticias\/wp-content\/uploads\/2025\/03\/frei-clemente9-768x512.jpeg 768w, https:\/\/franciscanos.org.br\/noticias\/wp-content\/uploads\/2025\/03\/frei-clemente9-1536x1023.jpeg 1536w, https:\/\/franciscanos.org.br\/noticias\/wp-content\/uploads\/2025\/03\/frei-clemente9-150x100.jpeg 150w, https:\/\/franciscanos.org.br\/noticias\/wp-content\/uploads\/2025\/03\/frei-clemente9.jpeg 1600w\" sizes=\"(max-width: 450px) 100vw, 450px\" \/><\/p>\n<p>Frei Gustavo destacou na sua homilia a ess\u00eancia do carisma franciscano, no ano em que se celebram os 800 anos do C\u00e2ntico das Criaturas, em que S\u00e3o Francisco louva a irm\u00e3 morte corporal: \u2018Neste louvor extenso e amplo, ele tem a ousadia de personificar a morte e apresent\u00e1-la n\u00e3o como uma inimiga, uma rival ou algu\u00e9m que trabalha contra as pessoas, mas como uma irm\u00e3, algu\u00e9m do nosso c\u00edrculo de conviv\u00eancia, que presta o servi\u00e7o de vir nos buscar, de maneiras variadas em termos de circunst\u00e2ncias, tempo e ocasi\u00e3o. E, mais importante do que o modo como ela vem, \u00e9 para onde ela nos leva, a quem ela nos entrega: \u00e0 presen\u00e7a viva do Ressuscitado, ao tempo novo e eterno da felicidade em Deus, da qual Frei Clemente j\u00e1 \u00e9 participante.<\/p>\n<p>Na sequ\u00eancia, o frade comentou sobre quem foi Frei Clemente: \u2018Ele celebra a sua passagem de modo muito semelhante \u00e0 forma como viveu: discreto, silencioso, objetivo e simples.\u2019 Frei Gustavo destacou tamb\u00e9m como sua personalidade refletia sua origem interiorana: \u2018Eu acho que \u00e9 esse cora\u00e7\u00e3o, essa alma forjada no interior, de quem nunca deixou que a terra, as plantas e a natureza sa\u00edssem do seu cora\u00e7\u00e3o.\u2019 Frei Clemente carregava essa conex\u00e3o em pequenos h\u00e1bitos, como o cuidado com ervas para seus ch\u00e1s ou a decis\u00e3o de n\u00e3o podar o mato pr\u00f3ximo \u00e0 janela \u2014 gestos que refletiam sua espiritualidade franciscana e seu respeito pelo meio ambiente.<\/p>\n<p>Ao tratar de sua atividade pastoral em Petr\u00f3polis, foi recordada sua dedica\u00e7\u00e3o ao sacramento da penit\u00eancia: \u2018Excelente confessor, procurado por muitas pessoas, praticante daquela arte hoje rara de escutar.\u2019 Com paci\u00eancia e discri\u00e7\u00e3o, ele se tornava um porto seguro para quem buscava conforto ou orienta\u00e7\u00e3o. Essa habilidade de ouvir atentamente, mais do que falar, era um dom que ele exercia com generosidade, conquistando a confian\u00e7a e o carinho de muitos.<\/p>\n\n\t\t<style type=\"text\/css\">\n\t\t\t#gallery-1 {\n\t\t\t\tmargin: auto;\n\t\t\t}\n\t\t\t#gallery-1 .gallery-item {\n\t\t\t\tfloat: left;\n\t\t\t\tmargin-top: 10px;\n\t\t\t\ttext-align: center;\n\t\t\t\twidth: 25%;\n\t\t\t}\n\t\t\t#gallery-1 img {\n\t\t\t\tborder: 2px solid #cfcfcf;\n\t\t\t}\n\t\t\t#gallery-1 .gallery-caption {\n\t\t\t\tmargin-left: 0;\n\t\t\t}\n\t\t\t\/* see gallery_shortcode() in wp-includes\/media.php *\/\n\t\t<\/style>\n\t\t<div id='gallery-1' class='gallery galleryid-255306 gallery-columns-4 gallery-size-thumbnail'><dl class='gallery-item'>\n\t\t\t<dt class='gallery-icon landscape'>\n\t\t\t\t<a href='https:\/\/franciscanos.org.br\/noticias\/wp-content\/uploads\/2025\/03\/clemente3.jpeg'><img width=\"300\" height=\"300\" src=\"https:\/\/franciscanos.org.br\/noticias\/wp-content\/uploads\/2025\/03\/clemente3-300x300.jpeg\" class=\"attachment-thumbnail size-thumbnail\" alt=\"\" loading=\"lazy\" srcset=\"https:\/\/franciscanos.org.br\/noticias\/wp-content\/uploads\/2025\/03\/clemente3-300x300.jpeg 300w, https:\/\/franciscanos.org.br\/noticias\/wp-content\/uploads\/2025\/03\/clemente3-100x100.jpeg 100w\" sizes=\"(max-width: 300px) 100vw, 300px\" \/><\/a>\n\t\t\t<\/dt><\/dl><dl class='gallery-item'>\n\t\t\t<dt class='gallery-icon landscape'>\n\t\t\t\t<a href='https:\/\/franciscanos.org.br\/noticias\/wp-content\/uploads\/2025\/03\/clemente6.jpeg'><img width=\"300\" height=\"300\" src=\"https:\/\/franciscanos.org.br\/noticias\/wp-content\/uploads\/2025\/03\/clemente6-300x300.jpeg\" class=\"attachment-thumbnail size-thumbnail\" alt=\"\" loading=\"lazy\" srcset=\"https:\/\/franciscanos.org.br\/noticias\/wp-content\/uploads\/2025\/03\/clemente6-300x300.jpeg 300w, https:\/\/franciscanos.org.br\/noticias\/wp-content\/uploads\/2025\/03\/clemente6-100x100.jpeg 100w\" sizes=\"(max-width: 300px) 100vw, 300px\" \/><\/a>\n\t\t\t<\/dt><\/dl><dl class='gallery-item'>\n\t\t\t<dt class='gallery-icon landscape'>\n\t\t\t\t<a href='https:\/\/franciscanos.org.br\/noticias\/wp-content\/uploads\/2025\/03\/clemente7.jpeg'><img width=\"300\" height=\"300\" src=\"https:\/\/franciscanos.org.br\/noticias\/wp-content\/uploads\/2025\/03\/clemente7-300x300.jpeg\" class=\"attachment-thumbnail size-thumbnail\" alt=\"\" loading=\"lazy\" srcset=\"https:\/\/franciscanos.org.br\/noticias\/wp-content\/uploads\/2025\/03\/clemente7-300x300.jpeg 300w, https:\/\/franciscanos.org.br\/noticias\/wp-content\/uploads\/2025\/03\/clemente7-100x100.jpeg 100w\" sizes=\"(max-width: 300px) 100vw, 300px\" \/><\/a>\n\t\t\t<\/dt><\/dl><dl class='gallery-item'>\n\t\t\t<dt class='gallery-icon landscape'>\n\t\t\t\t<a href='https:\/\/franciscanos.org.br\/noticias\/wp-content\/uploads\/2025\/03\/frei-clementet2.jpeg'><img width=\"300\" height=\"300\" src=\"https:\/\/franciscanos.org.br\/noticias\/wp-content\/uploads\/2025\/03\/frei-clementet2-300x300.jpeg\" class=\"attachment-thumbnail size-thumbnail\" alt=\"\" loading=\"lazy\" srcset=\"https:\/\/franciscanos.org.br\/noticias\/wp-content\/uploads\/2025\/03\/frei-clementet2-300x300.jpeg 300w, https:\/\/franciscanos.org.br\/noticias\/wp-content\/uploads\/2025\/03\/frei-clementet2-100x100.jpeg 100w\" sizes=\"(max-width: 300px) 100vw, 300px\" \/><\/a>\n\t\t\t<\/dt><\/dl><br style=\"clear: both\" \/>\n\t\t<\/div>\n\n<p><strong>Frei Clemente, o marchador<\/strong><\/p>\n<p>A imagem de Frei Clemente como um \u2018marchador\u2019 trouxe um toque especial \u00e0s mem\u00f3rias compartilhadas na despedida. \u201cEle gostava de caminhar muito, cal\u00e7ava um t\u00eanis All Star de cano longo, j\u00e1 bem surrado, e \u00e0s vezes ia at\u00e9 o Vale dos Esquilos, na Mosela, ou ao alto da Mosela. Ele se dizia um marchador\u201d, recordou o frade. Suas longas caminhadas pela cidade n\u00e3o eram apenas um h\u00e1bito, mas um s\u00edmbolo de sua jornada espiritual \u2014 algu\u00e9m em constante movimento, sempre conectado com as pessoas e os lugares.<\/p>\n<p>Ap\u00f3s a comunh\u00e3o, Frei Marco, Guardi\u00e3o da fraternidade, fez os agradecimentos ao Bispo, aos confrades e familiares e convidou todos para o rito das ex\u00e9quias, presidido por Frei Gustavo. Encerrado esse momento, Dom Joel exortou a todos \u00e0 esperan\u00e7a, recordando o Ano Jubilar da Esperan\u00e7a, e, com a b\u00ean\u00e7\u00e3o final, convidou os presentes a permanecerem em ora\u00e7\u00e3o at\u00e9 o translado do corpo. No mausol\u00e9u dos frades, onde foi sepultado, como parte do rito, o caix\u00e3o de Frei Clemente recebeu um punhado de terra, de modo, no do frei, foi depositada um pouco da terra do morro que ele tanto cuidou e cultivou.<\/p>\n<hr \/>\n<p><em>Frei Marcelo Tadeu da Silva Cardoso<\/em><\/p>\n<p><em>Fotos: Frei Gabriel Nogueira Alves e Rog\u00e9rio Tosta<\/em><\/p>\n","protected":false},"excerpt":{"rendered":"<p>Missa e sepultamento<\/p>\n","protected":false},"author":11,"featured_media":255315,"comment_status":"open","ping_status":"open","sticky":false,"template":"","format":"standard","meta":[],"categories":[1],"tags":[2304,1766],"acf":[],"yoast_head":"<!-- This site is optimized with the Yoast SEO plugin v19.2 - https:\/\/yoast.com\/wordpress\/plugins\/seo\/ -->\n<title>Petr\u00f3polis se despede de Frei Clemente, o marchador silencioso e discreto de Deus - Not\u00edcias - Franciscanos<\/title>\n<meta name=\"robots\" content=\"index, follow, max-snippet:-1, max-image-preview:large, max-video-preview:-1\" \/>\n<link rel=\"canonical\" href=\"https:\/\/franciscanos.org.br\/noticias\/petropolis-se-despede-de-frei-clemente-o-marchador-silencioso-e-discreto-de-deus.html\" \/>\n<meta property=\"og:locale\" content=\"pt_BR\" \/>\n<meta property=\"og:type\" content=\"article\" \/>\n<meta property=\"og:title\" content=\"Petr\u00f3polis se despede de Frei Clemente, o marchador silencioso e discreto de Deus - Not\u00edcias - Franciscanos\" \/>\n<meta property=\"og:description\" content=\"Missa e sepultamento\" \/>\n<meta property=\"og:url\" content=\"https:\/\/franciscanos.org.br\/noticias\/petropolis-se-despede-de-frei-clemente-o-marchador-silencioso-e-discreto-de-deus.html\" \/>\n<meta property=\"og:site_name\" content=\"Not\u00edcias - Franciscanos\" \/>\n<meta property=\"article:published_time\" content=\"2025-03-11T14:00:25+00:00\" \/>\n<meta property=\"article:modified_time\" content=\"2025-03-18T14:51:52+00:00\" \/>\n<meta property=\"og:image\" content=\"https:\/\/franciscanos.org.br\/noticias\/wp-content\/uploads\/2025\/03\/CHAMADA-2.jpg\" \/>\n\t<meta property=\"og:image:width\" content=\"800\" \/>\n\t<meta property=\"og:image:height\" content=\"550\" \/>\n\t<meta property=\"og:image:type\" content=\"image\/jpeg\" \/>\n<meta name=\"author\" content=\"Adriana Rabelo\" \/>\n<meta name=\"twitter:card\" content=\"summary_large_image\" \/>\n<meta name=\"twitter:label1\" content=\"Escrito por\" \/>\n\t<meta name=\"twitter:data1\" content=\"Adriana Rabelo\" \/>\n\t<meta name=\"twitter:label2\" content=\"Est. tempo de leitura\" \/>\n\t<meta name=\"twitter:data2\" content=\"3 minutos\" \/>\n<script type=\"application\/ld+json\" class=\"yoast-schema-graph\">{\"@context\":\"https:\/\/schema.org\",\"@graph\":[{\"@type\":\"WebSite\",\"@id\":\"https:\/\/franciscanos.org.br\/noticias\/#website\",\"url\":\"https:\/\/franciscanos.org.br\/noticias\/\",\"name\":\"Not\u00edcias - Franciscanos\",\"description\":\"Prov\u00edncia Franciscana da Imaculada Concei\u00e7\u00e3o do Brasil - Ordem dos Frades Menores - OFM\",\"potentialAction\":[{\"@type\":\"SearchAction\",\"target\":{\"@type\":\"EntryPoint\",\"urlTemplate\":\"https:\/\/franciscanos.org.br\/noticias\/?s={search_term_string}\"},\"query-input\":\"required name=search_term_string\"}],\"inLanguage\":\"pt-BR\"},{\"@type\":\"ImageObject\",\"inLanguage\":\"pt-BR\",\"@id\":\"https:\/\/franciscanos.org.br\/noticias\/petropolis-se-despede-de-frei-clemente-o-marchador-silencioso-e-discreto-de-deus.html#primaryimage\",\"url\":\"https:\/\/franciscanos.org.br\/noticias\/wp-content\/uploads\/2025\/03\/CHAMADA-2.jpg\",\"contentUrl\":\"https:\/\/franciscanos.org.br\/noticias\/wp-content\/uploads\/2025\/03\/CHAMADA-2.jpg\",\"width\":800,\"height\":550},{\"@type\":\"WebPage\",\"@id\":\"https:\/\/franciscanos.org.br\/noticias\/petropolis-se-despede-de-frei-clemente-o-marchador-silencioso-e-discreto-de-deus.html#webpage\",\"url\":\"https:\/\/franciscanos.org.br\/noticias\/petropolis-se-despede-de-frei-clemente-o-marchador-silencioso-e-discreto-de-deus.html\",\"name\":\"Petr\u00f3polis se despede de Frei Clemente, o marchador silencioso e discreto de Deus - Not\u00edcias - Franciscanos\",\"isPartOf\":{\"@id\":\"https:\/\/franciscanos.org.br\/noticias\/#website\"},\"primaryImageOfPage\":{\"@id\":\"https:\/\/franciscanos.org.br\/noticias\/petropolis-se-despede-de-frei-clemente-o-marchador-silencioso-e-discreto-de-deus.html#primaryimage\"},\"datePublished\":\"2025-03-11T14:00:25+00:00\",\"dateModified\":\"2025-03-18T14:51:52+00:00\",\"author\":{\"@id\":\"https:\/\/franciscanos.org.br\/noticias\/#\/schema\/person\/d9422e83121c3ad3b0f423d195f5bb25\"},\"breadcrumb\":{\"@id\":\"https:\/\/franciscanos.org.br\/noticias\/petropolis-se-despede-de-frei-clemente-o-marchador-silencioso-e-discreto-de-deus.html#breadcrumb\"},\"inLanguage\":\"pt-BR\",\"potentialAction\":[{\"@type\":\"ReadAction\",\"target\":[\"https:\/\/franciscanos.org.br\/noticias\/petropolis-se-despede-de-frei-clemente-o-marchador-silencioso-e-discreto-de-deus.html\"]}]},{\"@type\":\"BreadcrumbList\",\"@id\":\"https:\/\/franciscanos.org.br\/noticias\/petropolis-se-despede-de-frei-clemente-o-marchador-silencioso-e-discreto-de-deus.html#breadcrumb\",\"itemListElement\":[{\"@type\":\"ListItem\",\"position\":1,\"name\":\"Home\",\"item\":\"https:\/\/franciscanos.org.br\/noticias\"},{\"@type\":\"ListItem\",\"position\":2,\"name\":\"Petr\u00f3polis se despede de Frei Clemente, o marchador silencioso e discreto de Deus\"}]},{\"@type\":\"Person\",\"@id\":\"https:\/\/franciscanos.org.br\/noticias\/#\/schema\/person\/d9422e83121c3ad3b0f423d195f5bb25\",\"name\":\"Adriana Rabelo\",\"image\":{\"@type\":\"ImageObject\",\"inLanguage\":\"pt-BR\",\"@id\":\"https:\/\/franciscanos.org.br\/noticias\/#\/schema\/person\/image\/\",\"url\":\"https:\/\/secure.gravatar.com\/avatar\/0a937b7500cd7df77540cfb8bede877d?s=96&d=mm&r=g\",\"contentUrl\":\"https:\/\/secure.gravatar.com\/avatar\/0a937b7500cd7df77540cfb8bede877d?s=96&d=mm&r=g\",\"caption\":\"Adriana Rabelo\"},\"url\":\"https:\/\/franciscanos.org.br\/noticias\/author\/adrianarabelo\"}]}<\/script>\n<!-- \/ Yoast SEO plugin. -->","yoast_head_json":{"title":"Petr\u00f3polis se despede de Frei Clemente, o marchador silencioso e discreto de Deus - Not\u00edcias - Franciscanos","robots":{"index":"index","follow":"follow","max-snippet":"max-snippet:-1","max-image-preview":"max-image-preview:large","max-video-preview":"max-video-preview:-1"},"canonical":"https:\/\/franciscanos.org.br\/noticias\/petropolis-se-despede-de-frei-clemente-o-marchador-silencioso-e-discreto-de-deus.html","og_locale":"pt_BR","og_type":"article","og_title":"Petr\u00f3polis se despede de Frei Clemente, o marchador silencioso e discreto de Deus - Not\u00edcias - Franciscanos","og_description":"Missa e sepultamento","og_url":"https:\/\/franciscanos.org.br\/noticias\/petropolis-se-despede-de-frei-clemente-o-marchador-silencioso-e-discreto-de-deus.html","og_site_name":"Not\u00edcias - Franciscanos","article_published_time":"2025-03-11T14:00:25+00:00","article_modified_time":"2025-03-18T14:51:52+00:00","og_image":[{"width":800,"height":550,"url":"https:\/\/franciscanos.org.br\/noticias\/wp-content\/uploads\/2025\/03\/CHAMADA-2.jpg","type":"image\/jpeg"}],"author":"Adriana Rabelo","twitter_card":"summary_large_image","twitter_misc":{"Escrito por":"Adriana Rabelo","Est. tempo de leitura":"3 minutos"},"schema":{"@context":"https:\/\/schema.org","@graph":[{"@type":"WebSite","@id":"https:\/\/franciscanos.org.br\/noticias\/#website","url":"https:\/\/franciscanos.org.br\/noticias\/","name":"Not\u00edcias - Franciscanos","description":"Prov\u00edncia Franciscana da Imaculada Concei\u00e7\u00e3o do Brasil - Ordem dos Frades Menores - OFM","potentialAction":[{"@type":"SearchAction","target":{"@type":"EntryPoint","urlTemplate":"https:\/\/franciscanos.org.br\/noticias\/?s={search_term_string}"},"query-input":"required name=search_term_string"}],"inLanguage":"pt-BR"},{"@type":"ImageObject","inLanguage":"pt-BR","@id":"https:\/\/franciscanos.org.br\/noticias\/petropolis-se-despede-de-frei-clemente-o-marchador-silencioso-e-discreto-de-deus.html#primaryimage","url":"https:\/\/franciscanos.org.br\/noticias\/wp-content\/uploads\/2025\/03\/CHAMADA-2.jpg","contentUrl":"https:\/\/franciscanos.org.br\/noticias\/wp-content\/uploads\/2025\/03\/CHAMADA-2.jpg","width":800,"height":550},{"@type":"WebPage","@id":"https:\/\/franciscanos.org.br\/noticias\/petropolis-se-despede-de-frei-clemente-o-marchador-silencioso-e-discreto-de-deus.html#webpage","url":"https:\/\/franciscanos.org.br\/noticias\/petropolis-se-despede-de-frei-clemente-o-marchador-silencioso-e-discreto-de-deus.html","name":"Petr\u00f3polis se despede de Frei Clemente, o marchador silencioso e discreto de Deus - Not\u00edcias - Franciscanos","isPartOf":{"@id":"https:\/\/franciscanos.org.br\/noticias\/#website"},"primaryImageOfPage":{"@id":"https:\/\/franciscanos.org.br\/noticias\/petropolis-se-despede-de-frei-clemente-o-marchador-silencioso-e-discreto-de-deus.html#primaryimage"},"datePublished":"2025-03-11T14:00:25+00:00","dateModified":"2025-03-18T14:51:52+00:00","author":{"@id":"https:\/\/franciscanos.org.br\/noticias\/#\/schema\/person\/d9422e83121c3ad3b0f423d195f5bb25"},"breadcrumb":{"@id":"https:\/\/franciscanos.org.br\/noticias\/petropolis-se-despede-de-frei-clemente-o-marchador-silencioso-e-discreto-de-deus.html#breadcrumb"},"inLanguage":"pt-BR","potentialAction":[{"@type":"ReadAction","target":["https:\/\/franciscanos.org.br\/noticias\/petropolis-se-despede-de-frei-clemente-o-marchador-silencioso-e-discreto-de-deus.html"]}]},{"@type":"BreadcrumbList","@id":"https:\/\/franciscanos.org.br\/noticias\/petropolis-se-despede-de-frei-clemente-o-marchador-silencioso-e-discreto-de-deus.html#breadcrumb","itemListElement":[{"@type":"ListItem","position":1,"name":"Home","item":"https:\/\/franciscanos.org.br\/noticias"},{"@type":"ListItem","position":2,"name":"Petr\u00f3polis se despede de Frei Clemente, o marchador silencioso e discreto de Deus"}]},{"@type":"Person","@id":"https:\/\/franciscanos.org.br\/noticias\/#\/schema\/person\/d9422e83121c3ad3b0f423d195f5bb25","name":"Adriana Rabelo","image":{"@type":"ImageObject","inLanguage":"pt-BR","@id":"https:\/\/franciscanos.org.br\/noticias\/#\/schema\/person\/image\/","url":"https:\/\/secure.gravatar.com\/avatar\/0a937b7500cd7df77540cfb8bede877d?s=96&d=mm&r=g","contentUrl":"https:\/\/secure.gravatar.com\/avatar\/0a937b7500cd7df77540cfb8bede877d?s=96&d=mm&r=g","caption":"Adriana Rabelo"},"url":"https:\/\/franciscanos.org.br\/noticias\/author\/adrianarabelo"}]}},"_links":{"self":[{"href":"https:\/\/franciscanos.org.br\/noticias\/wp-json\/wp\/v2\/posts\/255306"}],"collection":[{"href":"https:\/\/franciscanos.org.br\/noticias\/wp-json\/wp\/v2\/posts"}],"about":[{"href":"https:\/\/franciscanos.org.br\/noticias\/wp-json\/wp\/v2\/types\/post"}],"author":[{"embeddable":true,"href":"https:\/\/franciscanos.org.br\/noticias\/wp-json\/wp\/v2\/users\/11"}],"replies":[{"embeddable":true,"href":"https:\/\/franciscanos.org.br\/noticias\/wp-json\/wp\/v2\/comments?post=255306"}],"version-history":[{"count":6,"href":"https:\/\/franciscanos.org.br\/noticias\/wp-json\/wp\/v2\/posts\/255306\/revisions"}],"predecessor-version":[{"id":255541,"href":"https:\/\/franciscanos.org.br\/noticias\/wp-json\/wp\/v2\/posts\/255306\/revisions\/255541"}],"wp:featuredmedia":[{"embeddable":true,"href":"https:\/\/franciscanos.org.br\/noticias\/wp-json\/wp\/v2\/media\/255315"}],"wp:attachment":[{"href":"https:\/\/franciscanos.org.br\/noticias\/wp-json\/wp\/v2\/media?parent=255306"}],"wp:term":[{"taxonomy":"category","embeddable":true,"href":"https:\/\/franciscanos.org.br\/noticias\/wp-json\/wp\/v2\/categories?post=255306"},{"taxonomy":"post_tag","embeddable":true,"href":"https:\/\/franciscanos.org.br\/noticias\/wp-json\/wp\/v2\/tags?post=255306"}],"curies":[{"name":"wp","href":"https:\/\/api.w.org\/{rel}","templated":true}]}}