{"id":255271,"date":"2025-03-10T09:00:09","date_gmt":"2025-03-10T12:00:09","guid":{"rendered":"https:\/\/franciscanos.org.br\/noticias\/?p=255271"},"modified":"2025-03-10T12:55:37","modified_gmt":"2025-03-10T15:55:37","slug":"entrevista-com-frei-paulo-pereira-a-comunicacao-e-um-compromisso-com-a-esperanca","status":"publish","type":"post","link":"https:\/\/franciscanos.org.br\/noticias\/entrevista-com-frei-paulo-pereira-a-comunicacao-e-um-compromisso-com-a-esperanca.html","title":{"rendered":"Entrevista com Frei Roberto Paulo Pereira: \u201cA comunica\u00e7\u00e3o \u00e9 um compromisso com a esperan\u00e7a\u201d"},"content":{"rendered":"<p><img loading=\"lazy\" class=\"aligncenter wp-image-255272 size-full\" src=\"https:\/\/franciscanos.org.br\/noticias\/wp-content\/uploads\/2025\/03\/ENTREVISTA.jpg\" alt=\"\" width=\"1280\" height=\"720\" srcset=\"https:\/\/franciscanos.org.br\/noticias\/wp-content\/uploads\/2025\/03\/ENTREVISTA.jpg 1280w, https:\/\/franciscanos.org.br\/noticias\/wp-content\/uploads\/2025\/03\/ENTREVISTA-450x253.jpg 450w, https:\/\/franciscanos.org.br\/noticias\/wp-content\/uploads\/2025\/03\/ENTREVISTA-1024x576.jpg 1024w, https:\/\/franciscanos.org.br\/noticias\/wp-content\/uploads\/2025\/03\/ENTREVISTA-768x432.jpg 768w, https:\/\/franciscanos.org.br\/noticias\/wp-content\/uploads\/2025\/03\/ENTREVISTA-150x84.jpg 150w\" sizes=\"(max-width: 1280px) 100vw, 1280px\" \/><\/p>\n<p>A comunica\u00e7\u00e3o \u00e9 um dom e um compromisso com a evangeliza\u00e7\u00e3o. Inspirada pelo carisma franciscano, a R\u00e1dio Frei Galv\u00e3o nasce como uma ferramenta para \u201canunciar o Evangelho da Paz e do Bem\u201d e promover o di\u00e1logo com a sociedade. Frei Paulo Roberto Pereira, Ministro provincial da Prov\u00edncia Franciscana da Imaculada Concei\u00e7\u00e3o do Brasil, concedeu uma entrevista exclusiva sobre a miss\u00e3o da nova emissora, destacando sua relev\u00e2ncia no cen\u00e1rio contempor\u00e2neo.<\/p>\n<p>\u201cEvangelizar \u00e9 tarefa da Igreja, dos franciscanos e franciscanas, \u00e9 tarefa de todos os batizados\u201d, ressalta Frei Paulo, enfatizando a necessidade de \u201cempenho e criatividade\u201d para que a comunica\u00e7\u00e3o franciscana seja um instrumento de partilha e esperan\u00e7a. A nova r\u00e1dio n\u00e3o se limitar\u00e1 \u00e0 transmiss\u00e3o de conte\u00fado religioso, mas buscar\u00e1 \u201cfazer r\u00e1dio com proximidade que gera fraternidade\u201d, garantindo um espa\u00e7o para informa\u00e7\u00e3o de qualidade, espiritualidade e cultura.<\/p>\n<p>Na entrevista, Frei Paulo tamb\u00e9m destaca o legado de Frei Galv\u00e3o como inspira\u00e7\u00e3o para essa iniciativa, refor\u00e7ando que \u201co comunicador franciscano \u00e9 um mission\u00e1rio\u201d. Al\u00e9m disso, reflete sobre os desafios da implanta\u00e7\u00e3o e opera\u00e7\u00e3o da nova r\u00e1dio em um mundo de constantes transforma\u00e7\u00f5es digitais e sobre como a emissora pode ser uma \u201cextens\u00e3o da voz\u201d dos que mais precisam.<\/p>\n<p>Confira a entrevista completa a seguir, concedida a <strong>Frei Augusto Luiz Gabriel<\/strong>, Presidente da Funda\u00e7\u00e3o Frei Rog\u00e9rio, e conhe\u00e7a a vis\u00e3o franciscana sobre a comunica\u00e7\u00e3o no mundo atual.<\/p>\n<p>Acompanhe na \u00edntegra!<\/p>\n<p><strong>Site R\u00e1dio Frei Galv\u00e3o \u2013 Qual a import\u00e2ncia da R\u00e1dio Frei Galv\u00e3o para a miss\u00e3o de comunica\u00e7\u00e3o da nossa Prov\u00edncia Franciscana?<\/strong><\/p>\n<p><strong>Frei Paulo Roberto Pereira \u2013 <\/strong>\u00a0A principal miss\u00e3o da Prov\u00edncia Franciscana \u00e9 a Evangeliza\u00e7\u00e3o. A miss\u00e3o da Igreja no mundo \u00e9 anunciar o Evangelho de Nosso Senhor Jesus Cristo, crucificado e ressuscitado. Todos os que tivemos o privil\u00e9gio de conhecer Jesus Cristo devemos exclamar como o Ap\u00f3stolo \u201cAi de mim se n\u00e3o evangelizar\u201d (cf. 1Cor 9,16). Evangelizar, portanto, \u00e9 tarefa da Igreja, dos franciscanos e franciscanas, \u00e9 tarefa de todos os batizados. Para alcan\u00e7ar \u00eaxito nesta tarefa, ser\u00e1 necess\u00e1rio lan\u00e7ar m\u00e3o de todos os recursos de que dispomos; para que a evangeliza\u00e7\u00e3o produza frutos \u201ccem por um\u201d (cf. Mt 13,23) se exige empenho e criatividade, aten\u00e7\u00e3o \u00e0s urg\u00eancias e emerg\u00eancias dos tempos, coragem e profecia, fidelidade \u00e0 proposta de Jesus e confian\u00e7a em suas palavras.<\/p>\n<p>A partir da nossa hist\u00f3ria, ao longo dos anos, a Prov\u00edncia Franciscana foi definindo um caminho e um m\u00e9todo de anunciar o Evangelho. Nesta dire\u00e7\u00e3o elegemos o que chamamos de Frentes de Evangeliza\u00e7\u00e3o que, ao todo, s\u00e3o cinco: Solidariedade com os pobres, Miss\u00f5es, Par\u00f3quias e Santu\u00e1rios, Educa\u00e7\u00e3o e Comunica\u00e7\u00e3o. A R\u00e1dio Frei Galv\u00e3o surge, ent\u00e3o, como express\u00e3o do fortalecimento e expans\u00e3o da miss\u00e3o de comunicar, de anunciar o Evangelho da Paz e do Bem.<\/p>\n<p><strong>Site R\u00e1dio Frei Galv\u00e3o \u2013 Como essa iniciativa se alinha com os ensinamentos do Papa Francisco, especialmente os ressaltados em suas cartas para o Dia Mundial da Comunica\u00e7\u00e3o?<\/strong><\/p>\n<p><strong>Frei Paulo \u2013 <\/strong>\u00a0Anualmente, o Papa escreve uma carta para motivar a celebra\u00e7\u00e3o do Dia Mundial das Comunica\u00e7\u00f5es. Antes de falar sobre a carta deste ano, \u00e9 interessante notar a ocasi\u00e3o em que se celebra esta importante data. O Dia Mundial das Comunica\u00e7\u00f5es \u00e9 celebrado no s\u00e9timo domingo do Tempo Pascal; dia em que, aqui no Brasil, a liturgia recorda a Festa da Ascen\u00e7\u00e3o do Senhor. Ao subir ao c\u00e9u, o Ressuscitado deixa aos seus disc\u00edpulos a tarefa de comunicar ao mundo sua mensagem de vida e de liberta\u00e7\u00e3o. N\u00e3o h\u00e1 motiva\u00e7\u00e3o mais bem fundamentada que esta: Comunicar \u00e9 miss\u00e3o dada pelo Ressuscitado; comunicar \u00e0 todas as criaturas a Boa Nova do Reino; encher o mundo com o Evangelho da vida.<\/p>\n<p>Criado em 1966, neste ano o Dia Mundial das Comunica\u00e7\u00f5es faz 59 anos. Como n\u00e3o poderia deixar de ser, a mensagem do Papa liga este Dia \u00e0 celebra\u00e7\u00e3o do Jubileu da Esperan\u00e7a. Por isso, o tema escolhido se baseia na Primeira Carta de Pedro \u201cPartilhai com mansid\u00e3o a esperan\u00e7a que est\u00e1 nos vossos cora\u00e7\u00f5es\u201d (cf. 1 Pd 3, 15-16). Partilhar com mansid\u00e3o\u2026 tarefa urgente neste tempo em que o universo da comunica\u00e7\u00e3o, seja a comunica\u00e7\u00e3o interpessoal, seja aquela das r\u00e1dios, da TV ou da internet vem tendo a marca da viol\u00eancia e da intransig\u00eancia, da agress\u00e3o e do desrespeito; do desejo de sobrepor-se ao outro, domin\u00e1-lo e at\u00e9 elimin\u00e1-lo. Comunicar \u00e9 exatamente o oposto. \u00c9 partilhar; oferecer a sua contribui\u00e7\u00e3o e, ao mesmo tempo, acolher a contribui\u00e7\u00e3o do outro; comunicar, partilhar a esperan\u00e7a e, por palavras e escolhas, fortalecer o sonho de Deus para todas as criaturas \u00e9 o convite que o Papa Francisco nos faz.<\/p>\n<p><strong>Site R\u00e1dio Frei Galv\u00e3o \u2013 De que modo a programa\u00e7\u00e3o da nova r\u00e1dio poder\u00e1 refletir os valores e virtudes a partir da vida de S\u00e3o Francisco e Santa Clara?<\/strong><\/p>\n<p><strong>Frei Paulo \u2013 <\/strong>\u00a0No estado de S\u00e3o Paulo, a Frei Galv\u00e3o \u00e9 a nossa primeira r\u00e1dio; mas n\u00f3s franciscanos temos outras r\u00e1dios em outros lugares. A mais antiga delas j\u00e1 completou setenta anos. Com tanto tempo na estrada, ou melhor, nas ondas do r\u00e1dio, podemos dizer que h\u00e1 um jeito franciscano de fazer r\u00e1dio. Sem descuidar da compet\u00eancia t\u00e9cnica, queremos fazer r\u00e1dio com a alma, com o esp\u00edrito, com o cuidado que a comunica\u00e7\u00e3o exige. Sabemos a import\u00e2ncia de noticiar os eventos significativos que acontecem no mundo inteiro, mas entendemos que a r\u00e1dio tamb\u00e9m \u00e9 feita de proximidade, assim, queremos fazer r\u00e1dio com proximidade que gera fraternidade. A abordagem dos mais diversos temas e assuntos ter\u00e1 sempre por base os valores do Evangelho, a verdade, a justi\u00e7a, o respeito, a bondade, a reconcilia\u00e7\u00e3o e paz. Por isso, a programa\u00e7\u00e3o da Frei Galv\u00e3o vai, certamente, atender aos ouvidos mais afinados com a proposta de Jesus Cristo. Lembro que n\u00e3o teremos uma programa\u00e7\u00e3o estritamente religiosa, embora religiosidade ser\u00e1 uma das bases da programa\u00e7\u00e3o. Quem eleger a R\u00e1dio Frei Galv\u00e3o como sua r\u00e1dio preferida vai se presenteado com boa m\u00fasica, vai receber not\u00edcias e informa\u00e7\u00f5es verdadeiras, \u00fateis e necess\u00e1rias, vai poder partilhar conosco os principais elementos da espiritualidade franciscana e, claro, vai poder rezar conosco direto do Santu\u00e1rio do primeiro Santo Brasileiro.<\/p>\n<p><strong> <img loading=\"lazy\" class=\"size-medium wp-image-255274 alignright\" src=\"https:\/\/franciscanos.org.br\/noticias\/wp-content\/uploads\/2025\/03\/Fra-Paulo-Pereira-Prov-eletto-Brasile2021-1024x666-1-450x293.jpeg\" alt=\"\" width=\"450\" height=\"293\" srcset=\"https:\/\/franciscanos.org.br\/noticias\/wp-content\/uploads\/2025\/03\/Fra-Paulo-Pereira-Prov-eletto-Brasile2021-1024x666-1-450x293.jpeg 450w, https:\/\/franciscanos.org.br\/noticias\/wp-content\/uploads\/2025\/03\/Fra-Paulo-Pereira-Prov-eletto-Brasile2021-1024x666-1-768x500.jpeg 768w, https:\/\/franciscanos.org.br\/noticias\/wp-content\/uploads\/2025\/03\/Fra-Paulo-Pereira-Prov-eletto-Brasile2021-1024x666-1-150x98.jpeg 150w, https:\/\/franciscanos.org.br\/noticias\/wp-content\/uploads\/2025\/03\/Fra-Paulo-Pereira-Prov-eletto-Brasile2021-1024x666-1.jpeg 1024w\" sizes=\"(max-width: 450px) 100vw, 450px\" \/>Site R\u00e1dio Frei Galv\u00e3o \u2013 Como a figura de Frei Galv\u00e3o pode inspirar a\u00e7\u00f5es e projetos na r\u00e1dio, contribuindo para uma comunica\u00e7\u00e3o que una f\u00e9 e servi\u00e7o \u00e0 comunidade?<\/strong><\/p>\n<p><strong>Frei Paulo \u2013 <\/strong>\u00a0Frei Galv\u00e3o \u00e9 exemplo e inspira\u00e7\u00e3o. A vida de santidade n\u00e3o \u00e9 privil\u00e9gio apenas dos que receberam a gl\u00f3ria dos altares; ela \u00e9 uma proposta para cada um de n\u00f3s. Ao conhecer a vida de frei Galv\u00e3o n\u00f3s notamos que ele fez algumas coisas extraordin\u00e1rias; entretanto, o que mais se nota na vida deste nosso querido santo \u00e9 que ele fez as coisas do seu dia a dia de uma forma extremamente dedicada. Dessa maneira, com a R\u00e1dio Frei Galv\u00e3o, os freis, os locutores, os jornalistas, os administradores, todos os que estiverem envolvidos nesta atividade, estar\u00e3o comprometidos por um trabalho dedicado e respeitoso, ter\u00e3o sempre presentes este desafio posto na pergunta: fazer r\u00e1dio que una f\u00e9 e servi\u00e7o \u00e0 Comunidade.<\/p>\n<p>Quero lembrar tamb\u00e9m que a R\u00e1dio Frei Galv\u00e3o pertence \u00e0 Funda\u00e7\u00e3o Frei Rog\u00e9rio. A Funda\u00e7\u00e3o Frei Rog\u00e9rio tem sua sede na cidade de Curitibanos, no cora\u00e7\u00e3o do Estado de Santa Catarina. A r\u00e1dio Frei Galv\u00e3o ser\u00e1 a terceira emissora desta Funda\u00e7\u00e3o. Frei Rog\u00e9rio foi um franciscano mission\u00e1rio que chegou ao Brasil em 1891, quase 70 anos depois da morte de frei Galv\u00e3o. Embora haja este intervalo de tempo entre a chegada de um e a partida definitiva do outro, os dois foram dedicados mission\u00e1rios. Esse aspecto da vida franciscana, as r\u00e1dios sob nossa administra\u00e7\u00e3o t\u00eam que ressaltar: o comunicador franciscano \u00e9 um mission\u00e1rio. O comunicador franciscano quer estar onde a terra seca aguarda o vigor da chuva da Palavra bem-dita. O comunicador franciscano quer perceber e anunciar as maravilhas que a Palavra de Deus realiza no meio do seu povo. O comunicador franciscano, desapegado e livre, \u00e9 levado onde o Esp\u00edrito do Senhor o conduzir.<\/p>\n<p><strong>Site R\u00e1dio Frei Galv\u00e3o \u2013 Quais desafios o sr. enxerga na implanta\u00e7\u00e3o e na opera\u00e7\u00e3o da nova r\u00e1dio, principalmente em um cen\u00e1rio de transforma\u00e7\u00f5es digitais e novas m\u00eddias?<\/strong><\/p>\n<p><strong>Frei Paulo \u2013 <\/strong>\u00a0H\u00e1 um pouco mais de dois anos n\u00f3s celebramos o centen\u00e1rio da primeira transmiss\u00e3o radiof\u00f4nica no Brasil. No mundo de hoje, as coisas acontecem num ritmo t\u00e3o acelerado, ao mesmo tempo vemos surgir tanta tecnologia que a gente nem percebe que o r\u00e1dio n\u00e3o \u00e9 t\u00e3o antigo assim; devemos considerar que, para uma inven\u00e7\u00e3o dessas, cem anos n\u00e3o \u00e9 tanto tempo. Apesar de um pouco mais velho que a TV, e mais velho tamb\u00e9m que alguns instrumentos de comunica\u00e7\u00e3o, sobretudo os da chamada Era Digital, o r\u00e1dio ainda \u00e9 um vigoroso instrumento de comunica\u00e7\u00e3o e pode coexistir com as novas m\u00eddias. Ali\u00e1s, diversos elementos e conceitos dessa nova maneira de comunica\u00e7\u00e3o j\u00e1 est\u00e3o incorporados no dia a dia do r\u00e1dio. A comunica\u00e7\u00e3o \u00e1gil, a intera\u00e7\u00e3o, o acesso facilitado, entre outras aplica\u00e7\u00f5es j\u00e1 s\u00e3o partilhadas entre os diferentes ve\u00edculos de comunica\u00e7\u00e3o. O R\u00e1dio pode oferecer a este cons\u00f3rcio sua experi\u00eancia de cem anos no Brasil.<\/p>\n<p><strong>Site R\u00e1dio Frei Galv\u00e3o \u2013 Que estrat\u00e9gias podemos adotar para que a r\u00e1dio seja uma ferramenta de evangeliza\u00e7\u00e3o e, ao mesmo tempo, um espa\u00e7o de di\u00e1logo e inclus\u00e3o social?<\/strong><\/p>\n<p><strong>Frei Paulo \u2013 <\/strong>\u00a0A comunica\u00e7\u00e3o \u00e9, essencialmente, dialogal. Ao comunicador s\u00e3o exigidas habilidades da escuta e da sensibilidade que geram disposi\u00e7\u00e3o para dialogar e formar alian\u00e7as. As r\u00e1dios franciscanas, muito mais do que qualquer outra r\u00e1dio, dever\u00e3o ser espa\u00e7os da escuta das necessidades e das lutas de todos os grupos da sociedade, especialmente, onde os direitos essenciais do ser humano estiverem mais amea\u00e7ados e o descaso com a natureza forem mais urgentes. Por isso, os Movimentos Sociais, as Comunidades, o povo mais sofrido das periferias, as pessoas de boa vontade que aspiram uma sociedade mais inclusiva e respeitosa, ter\u00e3o n\u00e3o Frei Galv\u00e3o uma extens\u00e3o da sua voz.<\/p>\n<p><strong><img loading=\"lazy\" class=\"size-medium wp-image-255276 alignright\" src=\"https:\/\/franciscanos.org.br\/noticias\/wp-content\/uploads\/2025\/03\/radio-frei-galvao-e-inaugurada-neste-sabado-8-em-guaratingueta-67ca532c9285d-1-1-360x450.png\" alt=\"\" width=\"360\" height=\"450\" srcset=\"https:\/\/franciscanos.org.br\/noticias\/wp-content\/uploads\/2025\/03\/radio-frei-galvao-e-inaugurada-neste-sabado-8-em-guaratingueta-67ca532c9285d-1-1-360x450.png 360w, https:\/\/franciscanos.org.br\/noticias\/wp-content\/uploads\/2025\/03\/radio-frei-galvao-e-inaugurada-neste-sabado-8-em-guaratingueta-67ca532c9285d-1-1-819x1024.png 819w, https:\/\/franciscanos.org.br\/noticias\/wp-content\/uploads\/2025\/03\/radio-frei-galvao-e-inaugurada-neste-sabado-8-em-guaratingueta-67ca532c9285d-1-1-768x960.png 768w, https:\/\/franciscanos.org.br\/noticias\/wp-content\/uploads\/2025\/03\/radio-frei-galvao-e-inaugurada-neste-sabado-8-em-guaratingueta-67ca532c9285d-1-1-150x188.png 150w, https:\/\/franciscanos.org.br\/noticias\/wp-content\/uploads\/2025\/03\/radio-frei-galvao-e-inaugurada-neste-sabado-8-em-guaratingueta-67ca532c9285d-1-1.png 864w\" sizes=\"(max-width: 360px) 100vw, 360px\" \/>Site R\u00e1dio Frei Galv\u00e3o \u2013 Existe algum projeto espec\u00edfico para integrar conte\u00fados que abordem justi\u00e7a social, sustentabilidade e o cuidado com a cria\u00e7\u00e3o, alinhados com as inspira\u00e7\u00f5es de S\u00e3o Francisco e Papa Francisco?<\/strong><\/p>\n<p><strong>Frei Paulo \u2013 <\/strong>\u00a0A R\u00e1dio Frei Galv\u00e3o nasce num tempo muito importante para a vida franciscana. Estamos vivendo os Jubileus Franciscanos que s\u00e3o recorda\u00e7\u00f5es de elementos que firmam a identidade da Ordem criado a partir da experi\u00eancia de Francisco, Clara e seus companheiros e companheiras. Este ano recordamos um poema que sintetiza o itiner\u00e1rio de uma vida que alcan\u00e7a sua integralidade, um caminho de integra\u00e7\u00e3o, de santifica\u00e7\u00e3o. Chamado C\u00e2ntico das Criaturas, o escrito de Francisco de Assis ganha muita relev\u00e2ncia para este nosso tempo. O Papa Francisco intuiu isso e prop\u00f4s, na sua primeira Enc\u00edclica, o caminho inaugurado por Francisco, como caminho para que a humanidade se reencontre com sua ess\u00eancia, para que o mundo recupere o entendimento de que \u201ctudo est\u00e1 interligado\u201d e todas as criaturas habitam e convivem numa \u201cCasa Comum\u201d. Dessa maneira, fi\u00e9is aos princ\u00edpios que inspiram os franciscanos desde os primeiros passos, considerando as motiva\u00e7\u00f5es e linhas de a\u00e7\u00e3o da Enc\u00edclica Laudato si&#8217;, que neste ano completa dez anos da sua publica\u00e7\u00e3o, os frades e a R\u00e1dio Frei Galv\u00e3o desejamos construir pontes e estabelecer parcerias com a sociedade, com os poderes constitu\u00eddos para que a vida plena, em toda sua exuber\u00e2ncia, seja cuidada e se traduza em vida para todas as criaturas. O cuidado com a natureza, as campanhas em prol de uma cultura de respeito e cuidado, as iniciativas com as marcas do di\u00e1logo, da inclus\u00e3o, da toler\u00e2ncia e da solidariedade ser\u00e3o um dos pilares da nossa a\u00e7\u00e3o.<\/p>\n<p><strong>Site R\u00e1dio Frei Galv\u00e3o \u2013 De que forma a nova r\u00e1dio pode fomentar o engajamento dos jovens e o fortalecimento dos la\u00e7os comunit\u00e1rios?<\/strong><\/p>\n<p><strong>Frei Paulo \u2013 <\/strong>\u00a0Existe um comportamento entre alguns grupos de comunica\u00e7\u00e3o que, ao desenvolver sua programa\u00e7\u00e3o, ao definir seus projetos, n\u00e3o costumam prestar aten\u00e7\u00e3o ao universo dos que ouvem, que assistem ou que consomem as informa\u00e7\u00f5es e servi\u00e7os. Normalmente, este tipo de comunica\u00e7\u00e3o n\u00e3o considera a hist\u00f3ria, a mem\u00f3ria dos lugares e das pessoas. Uma comunica\u00e7\u00e3o assim, na verdade, n\u00e3o comunica.\u00a0 Uma das marcas da Comunica\u00e7\u00e3o Franciscana se espelha naquilo que o Papa Francisco pediu que fosse promovido por todos os crist\u00e3os: a amizade social. Por isso, para bem comunicar ser\u00e1 preciso conhecer e se dar a conhecer. Franciscanamente, portanto, queremos com a frei Galv\u00e3o entrar na casa dos ouvintes, pegar uma carona na sua condu\u00e7\u00e3o, estar no seu ambiente de trabalho ou de lazer e fazermo-nos um bom companheiro, um irm\u00e3o que canta junto, que reza junto, que sonha junto, que constr\u00f3i uma sociedade melhor para todos.<\/p>\n<p><strong>Site R\u00e1dio Frei Galv\u00e3o \u2013 Como ministro, qual \u00e9 a sua expectativa e sonhos com a R\u00e1dio Frei Galv\u00e3o?<\/strong><\/p>\n<p><strong>Frei Paulo \u2013 <\/strong>\u00a0Nossa Fraternidade est\u00e1 de ouvidos atentos para o que est\u00e1 acontecendo a partir de Guaratinguet\u00e1. A cidade de Guar\u00e1, o Vale do Para\u00edba, Vale da F\u00e9, est\u00e1 muito presente na vida dos franciscanos. Temos consci\u00eancia do tamanho da nossa responsabilidade ao inaugurar a R\u00e1dio Frei Galv\u00e3o aqui nesta regi\u00e3o. O povo querido de Guar\u00e1, o povo amigo do Vale do Para\u00edba, que cuida t\u00e3o bem de n\u00f3s e nos permite partilhar com ele os passos da f\u00e9 e da esperan\u00e7a, poder\u00e1 ver nesta iniciativa mais um modo de nos colocarmos a servi\u00e7o do povo, da Igreja, a servi\u00e7o do an\u00fancio do Evangelho. Vamos juntos fazer a R\u00e1dio Frei Galv\u00e3o, a r\u00e1dio da Paz e do Bem.<\/p>\n<hr \/>\n<p><em>Fonte: <a href=\"https:\/\/radiofreigalvao.org.br\/\">radiofreigalvao.org.br<\/a><\/em><\/p>\n","protected":false},"excerpt":{"rendered":"<p>R\u00e1dio Frei Galv\u00e3o<\/p>\n","protected":false},"author":11,"featured_media":255273,"comment_status":"open","ping_status":"open","sticky":false,"template":"","format":"standard","meta":[],"categories":[758,1],"tags":[2299,1821],"acf":[],"yoast_head":"<!-- This site is optimized with the Yoast SEO plugin v19.2 - https:\/\/yoast.com\/wordpress\/plugins\/seo\/ -->\n<title>Entrevista com Frei Roberto Paulo Pereira: \u201cA comunica\u00e7\u00e3o \u00e9 um compromisso com a esperan\u00e7a\u201d - Not\u00edcias - Franciscanos<\/title>\n<meta name=\"robots\" content=\"index, follow, max-snippet:-1, max-image-preview:large, max-video-preview:-1\" \/>\n<link rel=\"canonical\" href=\"https:\/\/franciscanos.org.br\/noticias\/entrevista-com-frei-paulo-pereira-a-comunicacao-e-um-compromisso-com-a-esperanca.html\" \/>\n<meta property=\"og:locale\" content=\"pt_BR\" \/>\n<meta property=\"og:type\" content=\"article\" \/>\n<meta property=\"og:title\" content=\"Entrevista com Frei Roberto Paulo Pereira: \u201cA comunica\u00e7\u00e3o \u00e9 um compromisso com a esperan\u00e7a\u201d - Not\u00edcias - Franciscanos\" \/>\n<meta property=\"og:description\" content=\"R\u00e1dio Frei Galv\u00e3o\" \/>\n<meta property=\"og:url\" content=\"https:\/\/franciscanos.org.br\/noticias\/entrevista-com-frei-paulo-pereira-a-comunicacao-e-um-compromisso-com-a-esperanca.html\" \/>\n<meta property=\"og:site_name\" content=\"Not\u00edcias - Franciscanos\" \/>\n<meta property=\"article:published_time\" content=\"2025-03-10T12:00:09+00:00\" \/>\n<meta property=\"article:modified_time\" content=\"2025-03-10T15:55:37+00:00\" \/>\n<meta property=\"og:image\" content=\"https:\/\/franciscanos.org.br\/noticias\/wp-content\/uploads\/2025\/03\/chamada-entevista.jpg\" \/>\n\t<meta property=\"og:image:width\" content=\"800\" \/>\n\t<meta property=\"og:image:height\" content=\"550\" \/>\n\t<meta property=\"og:image:type\" content=\"image\/jpeg\" \/>\n<meta name=\"author\" content=\"Adriana Rabelo\" \/>\n<meta name=\"twitter:card\" content=\"summary_large_image\" \/>\n<meta name=\"twitter:label1\" content=\"Escrito por\" \/>\n\t<meta name=\"twitter:data1\" content=\"Adriana Rabelo\" \/>\n\t<meta name=\"twitter:label2\" content=\"Est. tempo de leitura\" \/>\n\t<meta name=\"twitter:data2\" content=\"12 minutos\" \/>\n<script type=\"application\/ld+json\" class=\"yoast-schema-graph\">{\"@context\":\"https:\/\/schema.org\",\"@graph\":[{\"@type\":\"WebSite\",\"@id\":\"https:\/\/franciscanos.org.br\/noticias\/#website\",\"url\":\"https:\/\/franciscanos.org.br\/noticias\/\",\"name\":\"Not\u00edcias - Franciscanos\",\"description\":\"Prov\u00edncia Franciscana da Imaculada Concei\u00e7\u00e3o do Brasil - Ordem dos Frades Menores - OFM\",\"potentialAction\":[{\"@type\":\"SearchAction\",\"target\":{\"@type\":\"EntryPoint\",\"urlTemplate\":\"https:\/\/franciscanos.org.br\/noticias\/?s={search_term_string}\"},\"query-input\":\"required name=search_term_string\"}],\"inLanguage\":\"pt-BR\"},{\"@type\":\"ImageObject\",\"inLanguage\":\"pt-BR\",\"@id\":\"https:\/\/franciscanos.org.br\/noticias\/entrevista-com-frei-paulo-pereira-a-comunicacao-e-um-compromisso-com-a-esperanca.html#primaryimage\",\"url\":\"https:\/\/franciscanos.org.br\/noticias\/wp-content\/uploads\/2025\/03\/chamada-entevista.jpg\",\"contentUrl\":\"https:\/\/franciscanos.org.br\/noticias\/wp-content\/uploads\/2025\/03\/chamada-entevista.jpg\",\"width\":800,\"height\":550},{\"@type\":\"WebPage\",\"@id\":\"https:\/\/franciscanos.org.br\/noticias\/entrevista-com-frei-paulo-pereira-a-comunicacao-e-um-compromisso-com-a-esperanca.html#webpage\",\"url\":\"https:\/\/franciscanos.org.br\/noticias\/entrevista-com-frei-paulo-pereira-a-comunicacao-e-um-compromisso-com-a-esperanca.html\",\"name\":\"Entrevista com Frei Roberto Paulo Pereira: \u201cA comunica\u00e7\u00e3o \u00e9 um compromisso com a esperan\u00e7a\u201d - Not\u00edcias - Franciscanos\",\"isPartOf\":{\"@id\":\"https:\/\/franciscanos.org.br\/noticias\/#website\"},\"primaryImageOfPage\":{\"@id\":\"https:\/\/franciscanos.org.br\/noticias\/entrevista-com-frei-paulo-pereira-a-comunicacao-e-um-compromisso-com-a-esperanca.html#primaryimage\"},\"datePublished\":\"2025-03-10T12:00:09+00:00\",\"dateModified\":\"2025-03-10T15:55:37+00:00\",\"author\":{\"@id\":\"https:\/\/franciscanos.org.br\/noticias\/#\/schema\/person\/d9422e83121c3ad3b0f423d195f5bb25\"},\"breadcrumb\":{\"@id\":\"https:\/\/franciscanos.org.br\/noticias\/entrevista-com-frei-paulo-pereira-a-comunicacao-e-um-compromisso-com-a-esperanca.html#breadcrumb\"},\"inLanguage\":\"pt-BR\",\"potentialAction\":[{\"@type\":\"ReadAction\",\"target\":[\"https:\/\/franciscanos.org.br\/noticias\/entrevista-com-frei-paulo-pereira-a-comunicacao-e-um-compromisso-com-a-esperanca.html\"]}]},{\"@type\":\"BreadcrumbList\",\"@id\":\"https:\/\/franciscanos.org.br\/noticias\/entrevista-com-frei-paulo-pereira-a-comunicacao-e-um-compromisso-com-a-esperanca.html#breadcrumb\",\"itemListElement\":[{\"@type\":\"ListItem\",\"position\":1,\"name\":\"Home\",\"item\":\"https:\/\/franciscanos.org.br\/noticias\"},{\"@type\":\"ListItem\",\"position\":2,\"name\":\"Entrevista com Frei Roberto Paulo Pereira: \u201cA comunica\u00e7\u00e3o \u00e9 um compromisso com a esperan\u00e7a\u201d\"}]},{\"@type\":\"Person\",\"@id\":\"https:\/\/franciscanos.org.br\/noticias\/#\/schema\/person\/d9422e83121c3ad3b0f423d195f5bb25\",\"name\":\"Adriana Rabelo\",\"image\":{\"@type\":\"ImageObject\",\"inLanguage\":\"pt-BR\",\"@id\":\"https:\/\/franciscanos.org.br\/noticias\/#\/schema\/person\/image\/\",\"url\":\"https:\/\/secure.gravatar.com\/avatar\/0a937b7500cd7df77540cfb8bede877d?s=96&d=mm&r=g\",\"contentUrl\":\"https:\/\/secure.gravatar.com\/avatar\/0a937b7500cd7df77540cfb8bede877d?s=96&d=mm&r=g\",\"caption\":\"Adriana Rabelo\"},\"url\":\"https:\/\/franciscanos.org.br\/noticias\/author\/adrianarabelo\"}]}<\/script>\n<!-- \/ Yoast SEO plugin. -->","yoast_head_json":{"title":"Entrevista com Frei Roberto Paulo Pereira: \u201cA comunica\u00e7\u00e3o \u00e9 um compromisso com a esperan\u00e7a\u201d - Not\u00edcias - Franciscanos","robots":{"index":"index","follow":"follow","max-snippet":"max-snippet:-1","max-image-preview":"max-image-preview:large","max-video-preview":"max-video-preview:-1"},"canonical":"https:\/\/franciscanos.org.br\/noticias\/entrevista-com-frei-paulo-pereira-a-comunicacao-e-um-compromisso-com-a-esperanca.html","og_locale":"pt_BR","og_type":"article","og_title":"Entrevista com Frei Roberto Paulo Pereira: \u201cA comunica\u00e7\u00e3o \u00e9 um compromisso com a esperan\u00e7a\u201d - Not\u00edcias - Franciscanos","og_description":"R\u00e1dio Frei Galv\u00e3o","og_url":"https:\/\/franciscanos.org.br\/noticias\/entrevista-com-frei-paulo-pereira-a-comunicacao-e-um-compromisso-com-a-esperanca.html","og_site_name":"Not\u00edcias - Franciscanos","article_published_time":"2025-03-10T12:00:09+00:00","article_modified_time":"2025-03-10T15:55:37+00:00","og_image":[{"width":800,"height":550,"url":"https:\/\/franciscanos.org.br\/noticias\/wp-content\/uploads\/2025\/03\/chamada-entevista.jpg","type":"image\/jpeg"}],"author":"Adriana Rabelo","twitter_card":"summary_large_image","twitter_misc":{"Escrito por":"Adriana Rabelo","Est. tempo de leitura":"12 minutos"},"schema":{"@context":"https:\/\/schema.org","@graph":[{"@type":"WebSite","@id":"https:\/\/franciscanos.org.br\/noticias\/#website","url":"https:\/\/franciscanos.org.br\/noticias\/","name":"Not\u00edcias - Franciscanos","description":"Prov\u00edncia Franciscana da Imaculada Concei\u00e7\u00e3o do Brasil - Ordem dos Frades Menores - OFM","potentialAction":[{"@type":"SearchAction","target":{"@type":"EntryPoint","urlTemplate":"https:\/\/franciscanos.org.br\/noticias\/?s={search_term_string}"},"query-input":"required name=search_term_string"}],"inLanguage":"pt-BR"},{"@type":"ImageObject","inLanguage":"pt-BR","@id":"https:\/\/franciscanos.org.br\/noticias\/entrevista-com-frei-paulo-pereira-a-comunicacao-e-um-compromisso-com-a-esperanca.html#primaryimage","url":"https:\/\/franciscanos.org.br\/noticias\/wp-content\/uploads\/2025\/03\/chamada-entevista.jpg","contentUrl":"https:\/\/franciscanos.org.br\/noticias\/wp-content\/uploads\/2025\/03\/chamada-entevista.jpg","width":800,"height":550},{"@type":"WebPage","@id":"https:\/\/franciscanos.org.br\/noticias\/entrevista-com-frei-paulo-pereira-a-comunicacao-e-um-compromisso-com-a-esperanca.html#webpage","url":"https:\/\/franciscanos.org.br\/noticias\/entrevista-com-frei-paulo-pereira-a-comunicacao-e-um-compromisso-com-a-esperanca.html","name":"Entrevista com Frei Roberto Paulo Pereira: \u201cA comunica\u00e7\u00e3o \u00e9 um compromisso com a esperan\u00e7a\u201d - Not\u00edcias - Franciscanos","isPartOf":{"@id":"https:\/\/franciscanos.org.br\/noticias\/#website"},"primaryImageOfPage":{"@id":"https:\/\/franciscanos.org.br\/noticias\/entrevista-com-frei-paulo-pereira-a-comunicacao-e-um-compromisso-com-a-esperanca.html#primaryimage"},"datePublished":"2025-03-10T12:00:09+00:00","dateModified":"2025-03-10T15:55:37+00:00","author":{"@id":"https:\/\/franciscanos.org.br\/noticias\/#\/schema\/person\/d9422e83121c3ad3b0f423d195f5bb25"},"breadcrumb":{"@id":"https:\/\/franciscanos.org.br\/noticias\/entrevista-com-frei-paulo-pereira-a-comunicacao-e-um-compromisso-com-a-esperanca.html#breadcrumb"},"inLanguage":"pt-BR","potentialAction":[{"@type":"ReadAction","target":["https:\/\/franciscanos.org.br\/noticias\/entrevista-com-frei-paulo-pereira-a-comunicacao-e-um-compromisso-com-a-esperanca.html"]}]},{"@type":"BreadcrumbList","@id":"https:\/\/franciscanos.org.br\/noticias\/entrevista-com-frei-paulo-pereira-a-comunicacao-e-um-compromisso-com-a-esperanca.html#breadcrumb","itemListElement":[{"@type":"ListItem","position":1,"name":"Home","item":"https:\/\/franciscanos.org.br\/noticias"},{"@type":"ListItem","position":2,"name":"Entrevista com Frei Roberto Paulo Pereira: \u201cA comunica\u00e7\u00e3o \u00e9 um compromisso com a esperan\u00e7a\u201d"}]},{"@type":"Person","@id":"https:\/\/franciscanos.org.br\/noticias\/#\/schema\/person\/d9422e83121c3ad3b0f423d195f5bb25","name":"Adriana Rabelo","image":{"@type":"ImageObject","inLanguage":"pt-BR","@id":"https:\/\/franciscanos.org.br\/noticias\/#\/schema\/person\/image\/","url":"https:\/\/secure.gravatar.com\/avatar\/0a937b7500cd7df77540cfb8bede877d?s=96&d=mm&r=g","contentUrl":"https:\/\/secure.gravatar.com\/avatar\/0a937b7500cd7df77540cfb8bede877d?s=96&d=mm&r=g","caption":"Adriana Rabelo"},"url":"https:\/\/franciscanos.org.br\/noticias\/author\/adrianarabelo"}]}},"_links":{"self":[{"href":"https:\/\/franciscanos.org.br\/noticias\/wp-json\/wp\/v2\/posts\/255271"}],"collection":[{"href":"https:\/\/franciscanos.org.br\/noticias\/wp-json\/wp\/v2\/posts"}],"about":[{"href":"https:\/\/franciscanos.org.br\/noticias\/wp-json\/wp\/v2\/types\/post"}],"author":[{"embeddable":true,"href":"https:\/\/franciscanos.org.br\/noticias\/wp-json\/wp\/v2\/users\/11"}],"replies":[{"embeddable":true,"href":"https:\/\/franciscanos.org.br\/noticias\/wp-json\/wp\/v2\/comments?post=255271"}],"version-history":[{"count":6,"href":"https:\/\/franciscanos.org.br\/noticias\/wp-json\/wp\/v2\/posts\/255271\/revisions"}],"predecessor-version":[{"id":255298,"href":"https:\/\/franciscanos.org.br\/noticias\/wp-json\/wp\/v2\/posts\/255271\/revisions\/255298"}],"wp:featuredmedia":[{"embeddable":true,"href":"https:\/\/franciscanos.org.br\/noticias\/wp-json\/wp\/v2\/media\/255273"}],"wp:attachment":[{"href":"https:\/\/franciscanos.org.br\/noticias\/wp-json\/wp\/v2\/media?parent=255271"}],"wp:term":[{"taxonomy":"category","embeddable":true,"href":"https:\/\/franciscanos.org.br\/noticias\/wp-json\/wp\/v2\/categories?post=255271"},{"taxonomy":"post_tag","embeddable":true,"href":"https:\/\/franciscanos.org.br\/noticias\/wp-json\/wp\/v2\/tags?post=255271"}],"curies":[{"name":"wp","href":"https:\/\/api.w.org\/{rel}","templated":true}]}}