{"id":255170,"date":"2025-03-08T19:00:50","date_gmt":"2025-03-08T22:00:50","guid":{"rendered":"https:\/\/franciscanos.org.br\/noticias\/?p=255170"},"modified":"2025-03-10T10:14:18","modified_gmt":"2025-03-10T13:14:18","slug":"comunicando-a-paz-e-o-bem-radio-frei-galvao-e-inaugurada-em-guaratingueta","status":"publish","type":"post","link":"https:\/\/franciscanos.org.br\/noticias\/comunicando-a-paz-e-o-bem-radio-frei-galvao-e-inaugurada-em-guaratingueta.html","title":{"rendered":"\u201cComunicando a Paz e o Bem\u201d: R\u00e1dio Frei Galv\u00e3o \u00e9 inaugurada em Guaratinguet\u00e1"},"content":{"rendered":"<p><img loading=\"lazy\" class=\"aligncenter wp-image-255171 size-full\" src=\"https:\/\/franciscanos.org.br\/noticias\/wp-content\/uploads\/2025\/03\/MATERIA.jpg\" alt=\"\" width=\"1280\" height=\"720\" srcset=\"https:\/\/franciscanos.org.br\/noticias\/wp-content\/uploads\/2025\/03\/MATERIA.jpg 1280w, https:\/\/franciscanos.org.br\/noticias\/wp-content\/uploads\/2025\/03\/MATERIA-450x253.jpg 450w, https:\/\/franciscanos.org.br\/noticias\/wp-content\/uploads\/2025\/03\/MATERIA-1024x576.jpg 1024w, https:\/\/franciscanos.org.br\/noticias\/wp-content\/uploads\/2025\/03\/MATERIA-768x432.jpg 768w, https:\/\/franciscanos.org.br\/noticias\/wp-content\/uploads\/2025\/03\/MATERIA-150x84.jpg 150w\" sizes=\"(max-width: 1280px) 100vw, 1280px\" \/><\/p>\n<p>Na manh\u00e3 deste dia 8 de mar\u00e7o de 2025, a cidade de Guaratinguet\u00e1-SP vivenciou um momento hist\u00f3rico e emocionante com a inaugura\u00e7\u00e3o da R\u00e1dio Frei Galv\u00e3o, a nova emissora cat\u00f3lica da Funda\u00e7\u00e3o Frei Rog\u00e9rio de Curitibanos (SC), que une a rica heran\u00e7a franciscana e a inova\u00e7\u00e3o dos meios de comunica\u00e7\u00e3o atuais. A cerim\u00f4nia, que foi transmitida no Youtube pela TvFranciscanos e Tv Frei Galv\u00e3o, reuniu convidados, autoridades civis e eclesi\u00e1sticas em uma celebra\u00e7\u00e3o que transbordou f\u00e9, gratid\u00e3o e compromisso com a mensagem do Evangelho.<\/p>\n<p>Desde as primeiras horas, a cerim\u00f4nia apresentou um cen\u00e1rio de solenidade e emo\u00e7\u00e3o. O evento iniciou \u00e0s 9h30 com a recep\u00e7\u00e3o calorosa aos convidados, entre os quais se destacaram as autoridades presentes, como Frei Paulo Roberto Pereira, Ministro provincial da Prov\u00edncia da Imaculada Concei\u00e7\u00e3o do Brasil; seguido do Cardeal Dom Jaime Spengler, presidente da CNBB; Dom Orlando Brandes, Arcebispo de Aparecida; Frei Augusto Luiz Gabriel, presidente da Funda\u00e7\u00e3o Frei Rog\u00e9rio; Frei Alex Ciarnoski, vice-presidente da Funda\u00e7\u00e3o; Frei Alan Leal e Frei Diego Melo, diretores assistentes; al\u00e9m de Frei Raimundo Justino; Irm\u00e3 Ivaneti Albino, Presidente do Hospital Frei Galv\u00e3o; Padre Eduardo Catalfo, reitor do Santu\u00e1rio Nacional de Nossa Senhora Aparecida; Frei Hans Stapel, Nelson Giovanelli\u00a0 e Padre Luiz Menezes, da Fazenda da Esperan\u00e7a; Padre Rafael Felipe Silva, representando a Arquidiocese de Aparecida.<\/p>\n\n\t\t<style type=\"text\/css\">\n\t\t\t#gallery-1 {\n\t\t\t\tmargin: auto;\n\t\t\t}\n\t\t\t#gallery-1 .gallery-item {\n\t\t\t\tfloat: left;\n\t\t\t\tmargin-top: 10px;\n\t\t\t\ttext-align: center;\n\t\t\t\twidth: 33%;\n\t\t\t}\n\t\t\t#gallery-1 img {\n\t\t\t\tborder: 2px solid #cfcfcf;\n\t\t\t}\n\t\t\t#gallery-1 .gallery-caption {\n\t\t\t\tmargin-left: 0;\n\t\t\t}\n\t\t\t\/* see gallery_shortcode() in wp-includes\/media.php *\/\n\t\t<\/style>\n\t\t<div id='gallery-1' class='gallery galleryid-255170 gallery-columns-3 gallery-size-thumbnail'><dl class='gallery-item'>\n\t\t\t<dt class='gallery-icon landscape'>\n\t\t\t\t<a href='https:\/\/franciscanos.org.br\/noticias\/wp-content\/uploads\/2025\/03\/inauguracao_radio_fg_alta-15-scaled.jpg'><img width=\"300\" height=\"300\" src=\"https:\/\/franciscanos.org.br\/noticias\/wp-content\/uploads\/2025\/03\/inauguracao_radio_fg_alta-15-300x300.jpg\" class=\"attachment-thumbnail size-thumbnail\" alt=\"\" loading=\"lazy\" srcset=\"https:\/\/franciscanos.org.br\/noticias\/wp-content\/uploads\/2025\/03\/inauguracao_radio_fg_alta-15-300x300.jpg 300w, https:\/\/franciscanos.org.br\/noticias\/wp-content\/uploads\/2025\/03\/inauguracao_radio_fg_alta-15-100x100.jpg 100w\" sizes=\"(max-width: 300px) 100vw, 300px\" \/><\/a>\n\t\t\t<\/dt><\/dl><dl class='gallery-item'>\n\t\t\t<dt class='gallery-icon landscape'>\n\t\t\t\t<a href='https:\/\/franciscanos.org.br\/noticias\/wp-content\/uploads\/2025\/03\/inauguracao_radio_fg_alta-20-scaled.jpg'><img width=\"300\" height=\"300\" src=\"https:\/\/franciscanos.org.br\/noticias\/wp-content\/uploads\/2025\/03\/inauguracao_radio_fg_alta-20-300x300.jpg\" class=\"attachment-thumbnail size-thumbnail\" alt=\"\" loading=\"lazy\" srcset=\"https:\/\/franciscanos.org.br\/noticias\/wp-content\/uploads\/2025\/03\/inauguracao_radio_fg_alta-20-300x300.jpg 300w, https:\/\/franciscanos.org.br\/noticias\/wp-content\/uploads\/2025\/03\/inauguracao_radio_fg_alta-20-100x100.jpg 100w\" sizes=\"(max-width: 300px) 100vw, 300px\" \/><\/a>\n\t\t\t<\/dt><\/dl><dl class='gallery-item'>\n\t\t\t<dt class='gallery-icon landscape'>\n\t\t\t\t<a href='https:\/\/franciscanos.org.br\/noticias\/wp-content\/uploads\/2025\/03\/inauguracao_radio_fg_alta-21-scaled.jpg'><img width=\"300\" height=\"300\" src=\"https:\/\/franciscanos.org.br\/noticias\/wp-content\/uploads\/2025\/03\/inauguracao_radio_fg_alta-21-300x300.jpg\" class=\"attachment-thumbnail size-thumbnail\" alt=\"\" loading=\"lazy\" srcset=\"https:\/\/franciscanos.org.br\/noticias\/wp-content\/uploads\/2025\/03\/inauguracao_radio_fg_alta-21-300x300.jpg 300w, https:\/\/franciscanos.org.br\/noticias\/wp-content\/uploads\/2025\/03\/inauguracao_radio_fg_alta-21-100x100.jpg 100w\" sizes=\"(max-width: 300px) 100vw, 300px\" \/><\/a>\n\t\t\t<\/dt><\/dl><br style=\"clear: both\" \/>\n\t\t<\/div>\n\n<p>O esp\u00edrito de fraternidade e compromisso com a evangeliza\u00e7\u00e3o ficou evidente logo na abertura do evento, quando Frei Alex Ciarnoski \u00a0proferiu a primeira palavra ao p\u00fablico:<\/p>\n<p>\u201cSentimos uma imensa gratid\u00e3o por estarmos aqui hoje e, de modo especial, por recordarmos que a mensagem franciscana de Paz e Bem precisa ser anunciada com vigor e alegria. Estamos em Guaratinguet\u00e1, uma terra onde o esp\u00edrito franciscano se faz presente h\u00e1 muito tempo, especialmente por meio da marcante presen\u00e7a de Frei Galv\u00e3o. Para n\u00f3s, isso \u00e9 motivo de grande alegria e contentamento\u201d.<\/p>\n<p>Frei Alan refor\u00e7ou a miss\u00e3o da nova emissora com suas palavras: \u201cDeixo minha mensagem a todos os nossos futuros ouvintes: que estejam conosco! Nossa proposta de comunica\u00e7\u00e3o \u00e9 um abra\u00e7o fraterno que alcan\u00e7a toda a popula\u00e7\u00e3o de Guaratinguet\u00e1 e regi\u00e3o. Queremos caminhar juntos, sonhar juntos, realizar projetos que espalhem o sonho de S\u00e3o Francisco de Assis. Que a paz e o bem estejam em nossas vidas, em nossos lares, e que possamos levar essa mensagem a todos, por meio das ondas da R\u00e1dio Frei Galv\u00e3o\u201d.<\/p>\n<p>Enquanto a cerim\u00f4nia ganhava ritmo, uma tenda foi instalada na pra\u00e7a central da cidade, onde foram distribu\u00eddos adesivos com os emblemas da R\u00e1dio Frei Galv\u00e3o e o projeto Perfeita Alegria, iniciativa social do Santu\u00e1rio Frei Galv\u00e3o, realizava a\u00e7\u00f5es de beleza e autocuidado em comemora\u00e7\u00e3o ao Dia Internacional da Mulher, refor\u00e7ando assim conex\u00e3o com a comunidade local e os valores da f\u00e9 e da inclus\u00e3o.<\/p>\n\n\t\t<style type=\"text\/css\">\n\t\t\t#gallery-2 {\n\t\t\t\tmargin: auto;\n\t\t\t}\n\t\t\t#gallery-2 .gallery-item {\n\t\t\t\tfloat: left;\n\t\t\t\tmargin-top: 10px;\n\t\t\t\ttext-align: center;\n\t\t\t\twidth: 33%;\n\t\t\t}\n\t\t\t#gallery-2 img {\n\t\t\t\tborder: 2px solid #cfcfcf;\n\t\t\t}\n\t\t\t#gallery-2 .gallery-caption {\n\t\t\t\tmargin-left: 0;\n\t\t\t}\n\t\t\t\/* see gallery_shortcode() in wp-includes\/media.php *\/\n\t\t<\/style>\n\t\t<div id='gallery-2' class='gallery galleryid-255170 gallery-columns-3 gallery-size-thumbnail'><dl class='gallery-item'>\n\t\t\t<dt class='gallery-icon landscape'>\n\t\t\t\t<a href='https:\/\/franciscanos.org.br\/noticias\/wp-content\/uploads\/2025\/03\/inauguracao_radio_fg_alta-7-scaled.jpg'><img width=\"300\" height=\"300\" src=\"https:\/\/franciscanos.org.br\/noticias\/wp-content\/uploads\/2025\/03\/inauguracao_radio_fg_alta-7-300x300.jpg\" class=\"attachment-thumbnail size-thumbnail\" alt=\"\" loading=\"lazy\" srcset=\"https:\/\/franciscanos.org.br\/noticias\/wp-content\/uploads\/2025\/03\/inauguracao_radio_fg_alta-7-300x300.jpg 300w, https:\/\/franciscanos.org.br\/noticias\/wp-content\/uploads\/2025\/03\/inauguracao_radio_fg_alta-7-100x100.jpg 100w\" sizes=\"(max-width: 300px) 100vw, 300px\" \/><\/a>\n\t\t\t<\/dt><\/dl><dl class='gallery-item'>\n\t\t\t<dt class='gallery-icon landscape'>\n\t\t\t\t<a href='https:\/\/franciscanos.org.br\/noticias\/wp-content\/uploads\/2025\/03\/inauguracao_radio_fg_alta-3-scaled.jpg'><img width=\"300\" height=\"300\" src=\"https:\/\/franciscanos.org.br\/noticias\/wp-content\/uploads\/2025\/03\/inauguracao_radio_fg_alta-3-300x300.jpg\" class=\"attachment-thumbnail size-thumbnail\" alt=\"\" loading=\"lazy\" srcset=\"https:\/\/franciscanos.org.br\/noticias\/wp-content\/uploads\/2025\/03\/inauguracao_radio_fg_alta-3-300x300.jpg 300w, https:\/\/franciscanos.org.br\/noticias\/wp-content\/uploads\/2025\/03\/inauguracao_radio_fg_alta-3-100x100.jpg 100w\" sizes=\"(max-width: 300px) 100vw, 300px\" \/><\/a>\n\t\t\t<\/dt><\/dl><dl class='gallery-item'>\n\t\t\t<dt class='gallery-icon landscape'>\n\t\t\t\t<a href='https:\/\/franciscanos.org.br\/noticias\/wp-content\/uploads\/2025\/03\/inauguracao_radio_fg_alta-2-1-scaled.jpg'><img width=\"300\" height=\"300\" src=\"https:\/\/franciscanos.org.br\/noticias\/wp-content\/uploads\/2025\/03\/inauguracao_radio_fg_alta-2-1-300x300.jpg\" class=\"attachment-thumbnail size-thumbnail\" alt=\"\" loading=\"lazy\" srcset=\"https:\/\/franciscanos.org.br\/noticias\/wp-content\/uploads\/2025\/03\/inauguracao_radio_fg_alta-2-1-300x300.jpg 300w, https:\/\/franciscanos.org.br\/noticias\/wp-content\/uploads\/2025\/03\/inauguracao_radio_fg_alta-2-1-100x100.jpg 100w\" sizes=\"(max-width: 300px) 100vw, 300px\" \/><\/a>\n\t\t\t<\/dt><\/dl><br style=\"clear: both\" \/>\n\t\t<\/div>\n\n<p><strong>Vozes do jornalismo e da comunica\u00e7\u00e3o<\/strong><\/p>\n<p>A inaugura\u00e7\u00e3o tamb\u00e9m marcou o in\u00edcio de um novo cap\u00edtulo para o jornalismo cat\u00f3lico na regi\u00e3o. Durante a cerim\u00f4nia, embalada por uma apresenta\u00e7\u00e3o de m\u00fasicas populares brasileiras conduzida por Frei Thiago Soares, Alessandra Pinheiro, colaboradora do setor de jornalismo da emissora, tomou a palavra com entusiasmo e afirmou:<\/p>\n<p><img loading=\"lazy\" class=\"size-medium wp-image-255179 alignright\" src=\"https:\/\/franciscanos.org.br\/noticias\/wp-content\/uploads\/2025\/03\/inauguracao_radio_fg_alta-14-450x300.jpg\" alt=\"\" width=\"450\" height=\"300\" srcset=\"https:\/\/franciscanos.org.br\/noticias\/wp-content\/uploads\/2025\/03\/inauguracao_radio_fg_alta-14-450x300.jpg 450w, https:\/\/franciscanos.org.br\/noticias\/wp-content\/uploads\/2025\/03\/inauguracao_radio_fg_alta-14-1024x683.jpg 1024w, https:\/\/franciscanos.org.br\/noticias\/wp-content\/uploads\/2025\/03\/inauguracao_radio_fg_alta-14-768x512.jpg 768w, https:\/\/franciscanos.org.br\/noticias\/wp-content\/uploads\/2025\/03\/inauguracao_radio_fg_alta-14-1536x1024.jpg 1536w, https:\/\/franciscanos.org.br\/noticias\/wp-content\/uploads\/2025\/03\/inauguracao_radio_fg_alta-14-2048x1365.jpg 2048w, https:\/\/franciscanos.org.br\/noticias\/wp-content\/uploads\/2025\/03\/inauguracao_radio_fg_alta-14-150x100.jpg 150w, https:\/\/franciscanos.org.br\/noticias\/wp-content\/uploads\/2025\/03\/inauguracao_radio_fg_alta-14-scaled.jpg 1620w\" sizes=\"(max-width: 450px) 100vw, 450px\" \/>\u201cEste \u00e9 um dia muito especial para Guaratinguet\u00e1, para os devotos de Frei Galv\u00e3o e para toda a comunidade cat\u00f3lica. Estamos com grandes expectativas para o in\u00edcio desse projeto jornal\u00edstico, que ser\u00e1 s\u00e9rio, comprometido e fundamentado na f\u00e9 crist\u00e3. Nosso jornalismo trar\u00e1 informa\u00e7\u00f5es do Brasil e do mundo, sempre com responsabilidade e credibilidade. Al\u00e9m disso, teremos um olhar especial para nossa regi\u00e3o, Guaratinguet\u00e1 e cidades vizinhas, garantindo que a popula\u00e7\u00e3o esteja bem-informada sobre os acontecimentos locais. Nossa proposta \u00e9 oferecer um jornalismo equilibrado, \u00e9tico e imparcial. Tenho certeza de que ser\u00e1 o melhor jornalismo da regi\u00e3o\u201d.<\/p>\n<p>Ao ser questionada sobre a participa\u00e7\u00e3o do p\u00fablico, Alessandra ressaltou: \u201cAs pessoas poder\u00e3o interagir conosco por meio dos nossos canais de comunica\u00e7\u00e3o, como WhatsApp, redes sociais e e-mail. Nossa equipe estar\u00e1 sempre aberta a sugest\u00f5es de pauta e opini\u00f5es. Queremos que todos se sintam parte desse projeto, porque a informa\u00e7\u00e3o de qualidade se constr\u00f3i com a participa\u00e7\u00e3o de cada um\u201d.<\/p>\n<p>Por fim, a jornalista deixou uma mensagem aos futuros ouvintes da R\u00e1dio Frei Galv\u00e3o: \u201cO jornalismo, quando usado para o bem, se torna uma ferramenta poderosa para a constru\u00e7\u00e3o de uma sociedade mais justa e equilibrada. Aqui, trabalharemos com \u00e9tica, verdade e compromisso com a informa\u00e7\u00e3o. Quem busca um jornalismo s\u00e9rio, transparente e imparcial, pode ter certeza: vai encontrar na R\u00e1dio Frei Galv\u00e3o\u201d.<\/p>\n<p><img loading=\"lazy\" class=\"size-medium wp-image-255182 alignleft\" src=\"https:\/\/franciscanos.org.br\/noticias\/wp-content\/uploads\/2025\/03\/inauguracao_radio_fg_alta-16-450x300.jpg\" alt=\"\" width=\"450\" height=\"300\" srcset=\"https:\/\/franciscanos.org.br\/noticias\/wp-content\/uploads\/2025\/03\/inauguracao_radio_fg_alta-16-450x300.jpg 450w, https:\/\/franciscanos.org.br\/noticias\/wp-content\/uploads\/2025\/03\/inauguracao_radio_fg_alta-16-1024x683.jpg 1024w, https:\/\/franciscanos.org.br\/noticias\/wp-content\/uploads\/2025\/03\/inauguracao_radio_fg_alta-16-768x512.jpg 768w, https:\/\/franciscanos.org.br\/noticias\/wp-content\/uploads\/2025\/03\/inauguracao_radio_fg_alta-16-1536x1024.jpg 1536w, https:\/\/franciscanos.org.br\/noticias\/wp-content\/uploads\/2025\/03\/inauguracao_radio_fg_alta-16-2048x1365.jpg 2048w, https:\/\/franciscanos.org.br\/noticias\/wp-content\/uploads\/2025\/03\/inauguracao_radio_fg_alta-16-150x100.jpg 150w, https:\/\/franciscanos.org.br\/noticias\/wp-content\/uploads\/2025\/03\/inauguracao_radio_fg_alta-16-scaled.jpg 1620w\" sizes=\"(max-width: 450px) 100vw, 450px\" \/>Em seguida, o colaborador Felipe Melo refor\u00e7ou a identidade e o compromisso do jornalismo que nasce com a R\u00e1dio Frei Galv\u00e3o: \u201cSer jornalista \u00e9 aceitar desafios, e estou muito feliz por iniciar este projeto. O jornalismo, assim como a Igreja, preza pela transpar\u00eancia, verdade e dignidade, olhando para todos com igualdade. Aqui, vamos acompanhar de perto os acontecimentos da cidade, do Brasil e do mundo, trazendo informa\u00e7\u00f5es com \u00e9tica e compromisso. Nosso papel n\u00e3o \u00e9 formatar opini\u00f5es, mas fornecer os elementos para que cada um possa construir a sua. A partir do dia 17 de mar\u00e7o, nosso jornalismo entrar\u00e1 no ar, comunicando a paz e o bem, como diz o slogan da r\u00e1dio. Queremos que nossos ouvintes participem ativamente, pois um jornalismo forte se constr\u00f3i com a presen\u00e7a e a confian\u00e7a de todos. Venham de cora\u00e7\u00e3o e mente abertos, porque faremos o melhor para voc\u00eas!\u201d.<\/p>\n<p>O apresentador da cerim\u00f4nia, Luiz Fernando Miguel, elogiou a equipe de jornalistas, destacando suas experi\u00eancias em ve\u00edculos renomados.<\/p>\n<p><strong>Legado de f\u00e9 e devo\u00e7\u00e3o a Frei Galv\u00e3o<\/strong><\/p>\n<p>A cerim\u00f4nia prosseguiu com os discursos das autoridades presentes. Frei Diego Melo, que al\u00e9m de diretor assistente da funda\u00e7\u00e3o, acumula os servi\u00e7os de Definidor Provincial e Reitor do Santu\u00e1rio Frei Galv\u00e3o, destacou a trajet\u00f3ria hist\u00f3rica da emissora, que iniciou sua jornada em 1951 com a Sociedade R\u00e1dio Liberdade &#8211; posteriormente conhecida como Super R\u00e1dio Piratininga &#8211; e que em 2018, ap\u00f3s in\u00fameras transforma\u00e7\u00f5es, operava na frequ\u00eancia 89,9 MHz sob o nome de M\u00e1xima FM. Em seu discurso, Frei Diego ressaltou a consolida\u00e7\u00e3o de uma hist\u00f3ria de f\u00e9 e resist\u00eancia, ligando o passado \u00e0 nova etapa representada pela R\u00e1dio Frei Galv\u00e3o.<\/p>\n<p>Ele enfatizou, com emo\u00e7\u00e3o, a import\u00e2ncia do apoio dos diversos setores &#8211; do poder p\u00fablico, da sociedade civil e, especialmente, da comunidade franciscana &#8211; para que o legado de f\u00e9 e devo\u00e7\u00e3o a Frei Galv\u00e3o, o primeiro santo brasileiro, continue vivo nas ondas do r\u00e1dio.<\/p>\n\n\t\t<style type=\"text\/css\">\n\t\t\t#gallery-3 {\n\t\t\t\tmargin: auto;\n\t\t\t}\n\t\t\t#gallery-3 .gallery-item {\n\t\t\t\tfloat: left;\n\t\t\t\tmargin-top: 10px;\n\t\t\t\ttext-align: center;\n\t\t\t\twidth: 33%;\n\t\t\t}\n\t\t\t#gallery-3 img {\n\t\t\t\tborder: 2px solid #cfcfcf;\n\t\t\t}\n\t\t\t#gallery-3 .gallery-caption {\n\t\t\t\tmargin-left: 0;\n\t\t\t}\n\t\t\t\/* see gallery_shortcode() in wp-includes\/media.php *\/\n\t\t<\/style>\n\t\t<div id='gallery-3' class='gallery galleryid-255170 gallery-columns-3 gallery-size-thumbnail'><dl class='gallery-item'>\n\t\t\t<dt class='gallery-icon landscape'>\n\t\t\t\t<a href='https:\/\/franciscanos.org.br\/noticias\/wp-content\/uploads\/2025\/03\/inauguracao_radio_fg_alta-25-scaled.jpg'><img width=\"300\" height=\"300\" src=\"https:\/\/franciscanos.org.br\/noticias\/wp-content\/uploads\/2025\/03\/inauguracao_radio_fg_alta-25-300x300.jpg\" class=\"attachment-thumbnail size-thumbnail\" alt=\"\" loading=\"lazy\" aria-describedby=\"gallery-3-255184\" srcset=\"https:\/\/franciscanos.org.br\/noticias\/wp-content\/uploads\/2025\/03\/inauguracao_radio_fg_alta-25-300x300.jpg 300w, https:\/\/franciscanos.org.br\/noticias\/wp-content\/uploads\/2025\/03\/inauguracao_radio_fg_alta-25-100x100.jpg 100w\" sizes=\"(max-width: 300px) 100vw, 300px\" \/><\/a>\n\t\t\t<\/dt>\n\t\t\t\t<dd class='wp-caption-text gallery-caption' id='gallery-3-255184'>\n\t\t\t\tFrei Diego\n\t\t\t\t<\/dd><\/dl><dl class='gallery-item'>\n\t\t\t<dt class='gallery-icon landscape'>\n\t\t\t\t<a href='https:\/\/franciscanos.org.br\/noticias\/wp-content\/uploads\/2025\/03\/inauguracao_radio_fg_alta-27-scaled.jpg'><img width=\"300\" height=\"300\" src=\"https:\/\/franciscanos.org.br\/noticias\/wp-content\/uploads\/2025\/03\/inauguracao_radio_fg_alta-27-300x300.jpg\" class=\"attachment-thumbnail size-thumbnail\" alt=\"\" loading=\"lazy\" aria-describedby=\"gallery-3-255185\" srcset=\"https:\/\/franciscanos.org.br\/noticias\/wp-content\/uploads\/2025\/03\/inauguracao_radio_fg_alta-27-300x300.jpg 300w, https:\/\/franciscanos.org.br\/noticias\/wp-content\/uploads\/2025\/03\/inauguracao_radio_fg_alta-27-100x100.jpg 100w\" sizes=\"(max-width: 300px) 100vw, 300px\" \/><\/a>\n\t\t\t<\/dt>\n\t\t\t\t<dd class='wp-caption-text gallery-caption' id='gallery-3-255185'>\n\t\t\t\tFrei Augusto (microfone)\n\t\t\t\t<\/dd><\/dl><dl class='gallery-item'>\n\t\t\t<dt class='gallery-icon landscape'>\n\t\t\t\t<a href='https:\/\/franciscanos.org.br\/noticias\/wp-content\/uploads\/2025\/03\/inauguracao_radio_fg_alta-36-scaled.jpg'><img width=\"300\" height=\"300\" src=\"https:\/\/franciscanos.org.br\/noticias\/wp-content\/uploads\/2025\/03\/inauguracao_radio_fg_alta-36-300x300.jpg\" class=\"attachment-thumbnail size-thumbnail\" alt=\"\" loading=\"lazy\" aria-describedby=\"gallery-3-255186\" srcset=\"https:\/\/franciscanos.org.br\/noticias\/wp-content\/uploads\/2025\/03\/inauguracao_radio_fg_alta-36-300x300.jpg 300w, https:\/\/franciscanos.org.br\/noticias\/wp-content\/uploads\/2025\/03\/inauguracao_radio_fg_alta-36-100x100.jpg 100w\" sizes=\"(max-width: 300px) 100vw, 300px\" \/><\/a>\n\t\t\t<\/dt>\n\t\t\t\t<dd class='wp-caption-text gallery-caption' id='gallery-3-255186'>\n\t\t\t\tCardeal Dom Jaime e Dom Orlando\n\t\t\t\t<\/dd><\/dl><br style=\"clear: both\" \/>\n\t\t<\/div>\n\n<p>Em seu discurso, o presidente da Funda\u00e7\u00e3o Frei Rog\u00e9rio, Frei Augusto Luiz Gabriel, em nome de todos os membros da diretoria, reafirmou o prop\u00f3sito da nova R\u00e1dio: ser um canal que une o valor da tradi\u00e7\u00e3o \u00e0 inova\u00e7\u00e3o, oferecendo uma programa\u00e7\u00e3o diversificada que vai da evangeliza\u00e7\u00e3o \u00e0 cultura, passando pelo entretenimento e informa\u00e7\u00f5es locais e globais. Com o slogan \u201cComunicando a Paz e o Bem\u201d, a emissora se posiciona para levar mensagens de esperan\u00e7a e transforma\u00e7\u00e3o a cada transmiss\u00e3o.<\/p>\n<p>\u201cHoje, reafirmamos nosso compromisso de anunciar o Evangelho: \u201cIde pelo mundo inteiro e anunciai o evangelho a toda criatura\u201d (Mc 15, 15). Com o slogan \u201ccomunicando a Paz e o Bem\u201d, que cada palavra comunicada seja acompanhada de gestos que reafirmem nossa miss\u00e3o. Bem-vindo a este novo tempo, bem-vindo a esta R\u00e1dio que comunica a Paz e o Bem\u201d, proferiu.<\/p>\n<p>Em seguida, Frei Diego apresentou a equipe da r\u00e1dio, que estar\u00e1 presente diariamente como a voz de Frei Galv\u00e3o e do Evangelho, transmitida pelos microfones e pelas ondas da R\u00e1dio Frei Galv\u00e3o. O p\u00fablico aplaudiu.<\/p>\n<p><img loading=\"lazy\" class=\"size-medium wp-image-255188 alignright\" src=\"https:\/\/franciscanos.org.br\/noticias\/wp-content\/uploads\/2025\/03\/inauguracao_radio_fg_alta-34-450x300.jpg\" alt=\"\" width=\"450\" height=\"300\" srcset=\"https:\/\/franciscanos.org.br\/noticias\/wp-content\/uploads\/2025\/03\/inauguracao_radio_fg_alta-34-450x300.jpg 450w, https:\/\/franciscanos.org.br\/noticias\/wp-content\/uploads\/2025\/03\/inauguracao_radio_fg_alta-34-1024x683.jpg 1024w, https:\/\/franciscanos.org.br\/noticias\/wp-content\/uploads\/2025\/03\/inauguracao_radio_fg_alta-34-768x512.jpg 768w, https:\/\/franciscanos.org.br\/noticias\/wp-content\/uploads\/2025\/03\/inauguracao_radio_fg_alta-34-1536x1024.jpg 1536w, https:\/\/franciscanos.org.br\/noticias\/wp-content\/uploads\/2025\/03\/inauguracao_radio_fg_alta-34-2048x1365.jpg 2048w, https:\/\/franciscanos.org.br\/noticias\/wp-content\/uploads\/2025\/03\/inauguracao_radio_fg_alta-34-150x100.jpg 150w, https:\/\/franciscanos.org.br\/noticias\/wp-content\/uploads\/2025\/03\/inauguracao_radio_fg_alta-34-scaled.jpg 1620w\" sizes=\"(max-width: 450px) 100vw, 450px\" \/>Marcou presen\u00e7a tamb\u00e9m o prefeito Junior Filippo que, em seu discurso, reafirmou a import\u00e2ncia do novo canal para o desenvolvimento do turismo religioso e para o fortalecimento da identidade cultural e espiritual da cidade. Suas palavras ecoaram o desejo de que a R\u00e1dio Frei Galv\u00e3o seja uma ferramenta de transforma\u00e7\u00e3o, capaz de gerar oportunidades e fortalecer os la\u00e7os da comunidade.<\/p>\n<p>O momento ganhou ainda mais for\u00e7a quando, em meio \u00e0 celebra\u00e7\u00e3o, Tiago Xavier da Silva, Secret\u00e1rio municipal de Cultura, fez uma entrega simb\u00f3lica inspirada num documento de 1768, escrito pelas m\u00e3os de S\u00e3o Frei Galv\u00e3o, representando o acolhimento e o cuidado que sempre caracterizaram a miss\u00e3o dos franciscanos. Assim como h\u00e1 350 anos Frei Galv\u00e3o acolheu os irm\u00e3os perseguidos, hoje, a Ordem Franciscana reitera seu compromisso de acolher e transformar vidas por meio da comunica\u00e7\u00e3o.<\/p>\n<p><strong>Lan\u00e7amento do site da R\u00e1dio Frei Galv\u00e3o<\/strong><\/p>\n<p>Um dos pontos altos do evento foi a apresenta\u00e7\u00e3o do site da R\u00e1dio Frei Galv\u00e3o. Este momento foi conduzido pelo Ministro provincial, Frei Paulo. Ele digitou o endere\u00e7o eletr\u00f4nico do site, apresentou o site e abriu um v\u00eddeo institucional que sintetiza a ess\u00eancia da nova comunica\u00e7\u00e3o &#8211; a jun\u00e7\u00e3o de tradi\u00e7\u00e3o e modernidade, que promete expandir o alcance da mensagem da paz e do bem para al\u00e9m dos limites territoriais de Guaratinguet\u00e1.<\/p>\n<p><img loading=\"lazy\" class=\"size-medium wp-image-255189 alignright\" src=\"https:\/\/franciscanos.org.br\/noticias\/wp-content\/uploads\/2025\/03\/inauguracao_radio_fg_alta-26-450x300.jpg\" alt=\"\" width=\"450\" height=\"300\" srcset=\"https:\/\/franciscanos.org.br\/noticias\/wp-content\/uploads\/2025\/03\/inauguracao_radio_fg_alta-26-450x300.jpg 450w, https:\/\/franciscanos.org.br\/noticias\/wp-content\/uploads\/2025\/03\/inauguracao_radio_fg_alta-26-1024x683.jpg 1024w, https:\/\/franciscanos.org.br\/noticias\/wp-content\/uploads\/2025\/03\/inauguracao_radio_fg_alta-26-768x512.jpg 768w, https:\/\/franciscanos.org.br\/noticias\/wp-content\/uploads\/2025\/03\/inauguracao_radio_fg_alta-26-1536x1024.jpg 1536w, https:\/\/franciscanos.org.br\/noticias\/wp-content\/uploads\/2025\/03\/inauguracao_radio_fg_alta-26-2048x1365.jpg 2048w, https:\/\/franciscanos.org.br\/noticias\/wp-content\/uploads\/2025\/03\/inauguracao_radio_fg_alta-26-150x100.jpg 150w, https:\/\/franciscanos.org.br\/noticias\/wp-content\/uploads\/2025\/03\/inauguracao_radio_fg_alta-26-scaled.jpg 1620w\" sizes=\"(max-width: 450px) 100vw, 450px\" \/>O ambiente foi tomado por aplausos e sentimentos de gratid\u00e3o, onde cada palavra, cada gesto e cada homenagem refor\u00e7aram a convic\u00e7\u00e3o de que a R\u00e1dio Frei Galv\u00e3o \u00e9 mais do que uma nova emissora: \u00e9 o marco de uma nova era na comunica\u00e7\u00e3o cat\u00f3lica, comprometida com a verdade, a \u00e9tica e a promo\u00e7\u00e3o do bem social.<\/p>\n<p>Em seu discurso, Frei Paulo destacou a import\u00e2ncia da comunica\u00e7\u00e3o franciscana como miss\u00e3o e compromisso com a paz e o bem. Ele iniciou sua fala destacando a sauda\u00e7\u00e3o caracter\u00edstica da tradi\u00e7\u00e3o franciscana: \u201cFico feliz de ouvir essa sauda\u00e7\u00e3o na boca de tanta gente: Paz e Bem!\u201d.<\/p>\n<p>Frei Paulo lembrou que a Funda\u00e7\u00e3o Frei Rog\u00e9rio, respons\u00e1vel pela nova emissora, foi criada em 1916 e administra outras duas r\u00e1dios: a R\u00e1dio Coroado, prestes a completar 70 anos de hist\u00f3ria, e a R\u00e1dio Movimento, fundada em 1990. Com isso, a R\u00e1dio Frei Galv\u00e3o passa a ser \u201ca filha mais nova da Funda\u00e7\u00e3o Frei Rog\u00e9rio\u201d.<\/p>\n<p>Ele ressaltou o exemplo mission\u00e1rio de Frei Rog\u00e9rio, que chegou ao Brasil em 1891, e Frei Galv\u00e3o, que, apesar de viver em outra \u00e9poca, partilhava da mesma dedica\u00e7\u00e3o evangelizadora. \u201cAtrav\u00e9s de suas vidas, ambos comunicavam a grandeza de ser disc\u00edpulo e testemunha do Evangelho\u201d, afirmou. Frei Paulo refor\u00e7ou que o comunicador franciscano deve ser um mission\u00e1rio: \u201cO comunicador franciscano quer ser o portador de uma palavra bendita. Sobretudo onde h\u00e1 desespero e morte\u201d.<\/p>\n<p>Diante do questionamento sobre a necessidade de mais uma r\u00e1dio cat\u00f3lica, Frei Paulo citou as palavras de Jesus: \u201cTodo aquele que n\u00e3o \u00e9 contra n\u00f3s est\u00e1 a nosso favor\u201d. Segundo ele, a presen\u00e7a de mais comunicadores do Evangelho fortalece a miss\u00e3o da Igreja. \u201cQuanto mais gente desejar comunicar a mensagem de Jesus, mais o reinado de Deus vai ser experimentado.\u201d<\/p>\n<p>A nova r\u00e1dio foi definida como \u201ca R\u00e1dio da Paz e do Bem\u201d, refletindo o compromisso franciscano com a promo\u00e7\u00e3o da paz. Frei Paulo destacou o ensinamento de S\u00e3o Francisco de Assis: \u201cA paz que anunciais com a boca, deveis t\u00ea-la em vossos cora\u00e7\u00f5es\u201d. Ele refor\u00e7ou que a paz deve ser um compromisso concreto: \u201cCompromisso com a justi\u00e7a, com a busca da verdade, com a constru\u00e7\u00e3o de relacionamentos solid\u00e1rios, com a disposi\u00e7\u00e3o ao acolhimento, ao perd\u00e3o, \u00e0 reconcilia\u00e7\u00e3o\u201d.<\/p>\n<p>Frei Paulo destacou ainda a import\u00e2ncia da esperan\u00e7a na miss\u00e3o da R\u00e1dio Frei Galv\u00e3o, lembrando o Ano Santo da Esperan\u00e7a. \u201cSe ao nosso redor se multiplicam os eventos e experi\u00eancias geradoras de des\u00e2nimo, de desalento, de desespero, hoje mais do que nunca se faz urgente responder como ensina a Primeira Carta de Pedro: \u2018Estejam sempre preparados para responder a qualquer um que lhes pedir a raz\u00e3o da esperan\u00e7a que h\u00e1 em voc\u00eas\u2019.\u201d<\/p>\n<p>Encerrando sua fala, o Ministro provincial compartilhou a vis\u00e3o do Papa Francisco sobre a comunica\u00e7\u00e3o, citando um de seus sonhos: \u201cSonho com uma comunica\u00e7\u00e3o que saiba fazer de n\u00f3s companheiros de viagem de tantos irm\u00e3os e irm\u00e3s nossos para reacender neles a esperan\u00e7a\u201d. Ele incentivou os comunicadores a serem promotores dessa comunica\u00e7\u00e3o e concluiu com um chamado: \u201cPara isso, n\u00f3s hoje estamos aqui. Para isso, hoje, damos o primeiro passo da R\u00e1dio Frei Galv\u00e3o, comunicando paz e bem\u201d.<\/p>\n<p><strong>Arcebispo de Aparecida e Presidente da CNBB destacam desafios da comunica\u00e7\u00e3o<\/strong><\/p>\n<p>O arcebispo local, Dom Orlando Brandes, e o presidente da Confer\u00eancia Nacional dos Bispos do Brasil (CNBB), Cardeal Dom Jaime Spengler, abordaram temas como a evangeliza\u00e7\u00e3o nos meios de comunica\u00e7\u00e3o e os desafios contempor\u00e2neos da sociedade.<\/p>\n<p><img loading=\"lazy\" class=\"alignright wp-image-255191 size-medium\" src=\"https:\/\/franciscanos.org.br\/noticias\/wp-content\/uploads\/2025\/03\/inauguracao_radio_fg_alta-40-450x300.jpg\" alt=\"\" width=\"450\" height=\"300\" srcset=\"https:\/\/franciscanos.org.br\/noticias\/wp-content\/uploads\/2025\/03\/inauguracao_radio_fg_alta-40-450x300.jpg 450w, https:\/\/franciscanos.org.br\/noticias\/wp-content\/uploads\/2025\/03\/inauguracao_radio_fg_alta-40-1024x683.jpg 1024w, https:\/\/franciscanos.org.br\/noticias\/wp-content\/uploads\/2025\/03\/inauguracao_radio_fg_alta-40-768x512.jpg 768w, https:\/\/franciscanos.org.br\/noticias\/wp-content\/uploads\/2025\/03\/inauguracao_radio_fg_alta-40-1536x1024.jpg 1536w, https:\/\/franciscanos.org.br\/noticias\/wp-content\/uploads\/2025\/03\/inauguracao_radio_fg_alta-40-2048x1365.jpg 2048w, https:\/\/franciscanos.org.br\/noticias\/wp-content\/uploads\/2025\/03\/inauguracao_radio_fg_alta-40-150x100.jpg 150w, https:\/\/franciscanos.org.br\/noticias\/wp-content\/uploads\/2025\/03\/inauguracao_radio_fg_alta-40-scaled.jpg 1620w\" sizes=\"(max-width: 450px) 100vw, 450px\" \/><\/p>\n<p>Dom Orlando iniciou sua fala saudando os presentes e recordando a import\u00e2ncia da comunica\u00e7\u00e3o interpessoal em meio ao avan\u00e7o das tecnologias. Ele resgatou a figura de Frei Rog\u00e9rio, mission\u00e1rio que atuou em sua cidade natal, Lages (SC), e destacou o papel dos franciscanos na propaga\u00e7\u00e3o da f\u00e9.<\/p>\n<p>\u201cOs meios de comunica\u00e7\u00e3o est\u00e3o crescendo, at\u00e9 no perigo de muita tecnologia e intelig\u00eancia artificial. E estamos esquecendo a nossa comunica\u00e7\u00e3o pessoal. Isso \u00e9 muito importante. N\u00f3s teremos notas 10 com estrelinha nos meios de comunica\u00e7\u00e3o, mas \u00e9 muito dif\u00edcil a nossa comunica\u00e7\u00e3o interpessoal, em qualquer lugar\u201d, alertou.<\/p>\n<p>O arcebispo tamb\u00e9m fez men\u00e7\u00e3o \u00e0 Campanha da Fraternidade e \u00e0 Ecologia Integral, ressaltando a import\u00e2ncia da preserva\u00e7\u00e3o ambiental e do papel da nova emissora na conscientiza\u00e7\u00e3o dos fi\u00e9is. \u201cNaquele tempo, Frei Galv\u00e3o olhava para o Para\u00edba e dizia \u2018eis a\u00ed o rio das \u00e1guas santas\u2019. Hoje n\u00e3o \u00e9 mais muito santo, n\u00e3o \u00e9 verdade? Ent\u00e3o, que a r\u00e1dio nos conscientize sobre todas essas realidades, promova unidade na arquidiocese, porque somos todos uma fam\u00edlia.\u201d<\/p>\n<p>Encerrando sua fala, Dom Orlando conduziu uma breve ora\u00e7\u00e3o com os presentes: \u201cSanto Frei Galv\u00e3o, em minha afli\u00e7\u00e3o, dai-me a santa consola\u00e7\u00e3o. Que essa r\u00e1dio seja consoladora, a partir do pr\u00f3prio bispo\u201d, disse.<\/p>\n<p><img loading=\"lazy\" class=\"alignleft wp-image-255192 size-medium\" src=\"https:\/\/franciscanos.org.br\/noticias\/wp-content\/uploads\/2025\/03\/inauguracao_radio_fg_alta-41-450x300.jpg\" alt=\"\" width=\"450\" height=\"300\" srcset=\"https:\/\/franciscanos.org.br\/noticias\/wp-content\/uploads\/2025\/03\/inauguracao_radio_fg_alta-41-450x300.jpg 450w, https:\/\/franciscanos.org.br\/noticias\/wp-content\/uploads\/2025\/03\/inauguracao_radio_fg_alta-41-1024x683.jpg 1024w, https:\/\/franciscanos.org.br\/noticias\/wp-content\/uploads\/2025\/03\/inauguracao_radio_fg_alta-41-768x512.jpg 768w, https:\/\/franciscanos.org.br\/noticias\/wp-content\/uploads\/2025\/03\/inauguracao_radio_fg_alta-41-1536x1024.jpg 1536w, https:\/\/franciscanos.org.br\/noticias\/wp-content\/uploads\/2025\/03\/inauguracao_radio_fg_alta-41-2048x1365.jpg 2048w, https:\/\/franciscanos.org.br\/noticias\/wp-content\/uploads\/2025\/03\/inauguracao_radio_fg_alta-41-150x100.jpg 150w, https:\/\/franciscanos.org.br\/noticias\/wp-content\/uploads\/2025\/03\/inauguracao_radio_fg_alta-41-scaled.jpg 1620w\" sizes=\"(max-width: 450px) 100vw, 450px\" \/><\/p>\n<p>Na sequ\u00eancia, o Cardeal Dom Jaime Spengler tomou a palavra, destacando a import\u00e2ncia hist\u00f3rica dos mission\u00e1rios alem\u00e3es que, h\u00e1 135 anos, chegaram ao Brasil e enfrentaram desafios com coragem e f\u00e9. Ele ressaltou a relev\u00e2ncia da comunica\u00e7\u00e3o para a Igreja e o papel da r\u00e1dio como meio evangelizador.<\/p>\n<p>\u201cDeus \u00e9 comunica\u00e7\u00e3o. E a r\u00e1dio \u00e9 um meio privilegiado de levar comunica\u00e7\u00e3o a todo homem, toda mulher, de boa vontade\u201d, afirmou.<\/p>\n<p>O cardeal tamb\u00e9m chamou a aten\u00e7\u00e3o para a necessidade de uma abordagem inovadora na evangeliza\u00e7\u00e3o, mencionando um desafio espec\u00edfico para a r\u00e1dio: adaptar a linguagem \u00e0s novas gera\u00e7\u00f5es.<\/p>\n<p>\u201cConversando com o diretor do Instituto do C\u00e9rebro, da Pontif\u00edcia Universidade Cat\u00f3lica, l\u00e1 no Rio Grande do Sul, ele me dizia: \u2018a gurizada hoje que est\u00e1 a\u00ed na faixa at\u00e9 os 17, 18 anos tem uma estrutura mental que n\u00e3o \u00e9 mais a nossa\u2019. Ent\u00e3o, que linguagem usar para transmitir, para levar a mensagem? Eu fa\u00e7o votos que a r\u00e1dio possa encontrar essa linguagem para atingir o maior n\u00famero poss\u00edvel de pessoas\u201d.<\/p>\n<p>Finalizando sua participa\u00e7\u00e3o, Dom Jaime incentivou os respons\u00e1veis pela emissora: \u201cV\u00e3o em frente. E que Deus aben\u00e7oe a todos.\u201d<\/p>\n<p><strong>B\u00ean\u00e7\u00e3o do est\u00fadio e primeira palavra na R\u00e1dio Frei Galv\u00e3o<\/strong><\/p>\n<p>Ap\u00f3s os discursos, os convidados permaneceram reunidos, enquanto as autoridades subiam ao est\u00fadio da r\u00e1dio, localizado no quarto andar, para proceder \u00e0 b\u00ean\u00e7\u00e3o dos est\u00fadios. Dom Orlando Brandes conduziu este momento:<\/p>\n<p>\u201cJesus como palavra viva, para nos comunicar o amor e a verdade, derramai a vossa b\u00ean\u00e7\u00e3o sobre esta r\u00e1dio e sobre todos os que nela participam, que este meio de comunica\u00e7\u00e3o seja instrumento da paz, da justi\u00e7a, da evangeliza\u00e7\u00e3o e para o bem comum. Aben\u00e7oai a todos os que aqui trabalham e inspirai-os a serem sempre portadores da Boa Nova. Que os ouvintes desta r\u00e1dio sejam fortalecidos na f\u00e9 e na esperan\u00e7a, em nome do Pai, do Filho e do Esp\u00edrito Santo. Am\u00e9m. Bendigamos ao Senhor.\u201d<\/p>\n\n\t\t<style type=\"text\/css\">\n\t\t\t#gallery-4 {\n\t\t\t\tmargin: auto;\n\t\t\t}\n\t\t\t#gallery-4 .gallery-item {\n\t\t\t\tfloat: left;\n\t\t\t\tmargin-top: 10px;\n\t\t\t\ttext-align: center;\n\t\t\t\twidth: 33%;\n\t\t\t}\n\t\t\t#gallery-4 img {\n\t\t\t\tborder: 2px solid #cfcfcf;\n\t\t\t}\n\t\t\t#gallery-4 .gallery-caption {\n\t\t\t\tmargin-left: 0;\n\t\t\t}\n\t\t\t\/* see gallery_shortcode() in wp-includes\/media.php *\/\n\t\t<\/style>\n\t\t<div id='gallery-4' class='gallery galleryid-255170 gallery-columns-3 gallery-size-thumbnail'><dl class='gallery-item'>\n\t\t\t<dt class='gallery-icon landscape'>\n\t\t\t\t<a href='https:\/\/franciscanos.org.br\/noticias\/wp-content\/uploads\/2025\/03\/inauguracao_radio_fg_alta-46-scaled.jpg'><img width=\"300\" height=\"300\" src=\"https:\/\/franciscanos.org.br\/noticias\/wp-content\/uploads\/2025\/03\/inauguracao_radio_fg_alta-46-300x300.jpg\" class=\"attachment-thumbnail size-thumbnail\" alt=\"\" loading=\"lazy\" srcset=\"https:\/\/franciscanos.org.br\/noticias\/wp-content\/uploads\/2025\/03\/inauguracao_radio_fg_alta-46-300x300.jpg 300w, https:\/\/franciscanos.org.br\/noticias\/wp-content\/uploads\/2025\/03\/inauguracao_radio_fg_alta-46-100x100.jpg 100w\" sizes=\"(max-width: 300px) 100vw, 300px\" \/><\/a>\n\t\t\t<\/dt><\/dl><dl class='gallery-item'>\n\t\t\t<dt class='gallery-icon landscape'>\n\t\t\t\t<a href='https:\/\/franciscanos.org.br\/noticias\/wp-content\/uploads\/2025\/03\/inauguracao_radio_fg_alta-45-scaled.jpg'><img width=\"300\" height=\"300\" src=\"https:\/\/franciscanos.org.br\/noticias\/wp-content\/uploads\/2025\/03\/inauguracao_radio_fg_alta-45-300x300.jpg\" class=\"attachment-thumbnail size-thumbnail\" alt=\"\" loading=\"lazy\" srcset=\"https:\/\/franciscanos.org.br\/noticias\/wp-content\/uploads\/2025\/03\/inauguracao_radio_fg_alta-45-300x300.jpg 300w, https:\/\/franciscanos.org.br\/noticias\/wp-content\/uploads\/2025\/03\/inauguracao_radio_fg_alta-45-100x100.jpg 100w\" sizes=\"(max-width: 300px) 100vw, 300px\" \/><\/a>\n\t\t\t<\/dt><\/dl><dl class='gallery-item'>\n\t\t\t<dt class='gallery-icon landscape'>\n\t\t\t\t<a href='https:\/\/franciscanos.org.br\/noticias\/wp-content\/uploads\/2025\/03\/inauguracao_radio_fg_alta-44-scaled.jpg'><img width=\"300\" height=\"300\" src=\"https:\/\/franciscanos.org.br\/noticias\/wp-content\/uploads\/2025\/03\/inauguracao_radio_fg_alta-44-300x300.jpg\" class=\"attachment-thumbnail size-thumbnail\" alt=\"\" loading=\"lazy\" srcset=\"https:\/\/franciscanos.org.br\/noticias\/wp-content\/uploads\/2025\/03\/inauguracao_radio_fg_alta-44-300x300.jpg 300w, https:\/\/franciscanos.org.br\/noticias\/wp-content\/uploads\/2025\/03\/inauguracao_radio_fg_alta-44-100x100.jpg 100w\" sizes=\"(max-width: 300px) 100vw, 300px\" \/><\/a>\n\t\t\t<\/dt><\/dl><br style=\"clear: both\" \/>\n\t\t<\/div>\n\n<p>Ap\u00f3s essa prece, Dom Orlando, acompanhado da diretoria e dos demais frades, realizou o descerramento simb\u00f3lico da placa que exibia a nova identidade da R\u00e1dio Frei Galv\u00e3o.<\/p>\n<p>E em seguida, Frei Paulo Roberto Pereira deixou sua primeira mensagem aos ouvintes, destacando o compromisso da emissora com a espiritualidade e a transmiss\u00e3o do Evangelho.<\/p>\n\n\t\t<style type=\"text\/css\">\n\t\t\t#gallery-5 {\n\t\t\t\tmargin: auto;\n\t\t\t}\n\t\t\t#gallery-5 .gallery-item {\n\t\t\t\tfloat: left;\n\t\t\t\tmargin-top: 10px;\n\t\t\t\ttext-align: center;\n\t\t\t\twidth: 33%;\n\t\t\t}\n\t\t\t#gallery-5 img {\n\t\t\t\tborder: 2px solid #cfcfcf;\n\t\t\t}\n\t\t\t#gallery-5 .gallery-caption {\n\t\t\t\tmargin-left: 0;\n\t\t\t}\n\t\t\t\/* see gallery_shortcode() in wp-includes\/media.php *\/\n\t\t<\/style>\n\t\t<div id='gallery-5' class='gallery galleryid-255170 gallery-columns-3 gallery-size-thumbnail'><dl class='gallery-item'>\n\t\t\t<dt class='gallery-icon landscape'>\n\t\t\t\t<a href='https:\/\/franciscanos.org.br\/noticias\/wp-content\/uploads\/2025\/03\/inauguracao_radio_fg_alta-52-scaled.jpg'><img width=\"300\" height=\"300\" src=\"https:\/\/franciscanos.org.br\/noticias\/wp-content\/uploads\/2025\/03\/inauguracao_radio_fg_alta-52-300x300.jpg\" class=\"attachment-thumbnail size-thumbnail\" alt=\"\" loading=\"lazy\" srcset=\"https:\/\/franciscanos.org.br\/noticias\/wp-content\/uploads\/2025\/03\/inauguracao_radio_fg_alta-52-300x300.jpg 300w, https:\/\/franciscanos.org.br\/noticias\/wp-content\/uploads\/2025\/03\/inauguracao_radio_fg_alta-52-100x100.jpg 100w\" sizes=\"(max-width: 300px) 100vw, 300px\" \/><\/a>\n\t\t\t<\/dt><\/dl><dl class='gallery-item'>\n\t\t\t<dt class='gallery-icon landscape'>\n\t\t\t\t<a href='https:\/\/franciscanos.org.br\/noticias\/wp-content\/uploads\/2025\/03\/inauguracao_radio_fg_alta-53-scaled.jpg'><img width=\"300\" height=\"300\" src=\"https:\/\/franciscanos.org.br\/noticias\/wp-content\/uploads\/2025\/03\/inauguracao_radio_fg_alta-53-300x300.jpg\" class=\"attachment-thumbnail size-thumbnail\" alt=\"\" loading=\"lazy\" srcset=\"https:\/\/franciscanos.org.br\/noticias\/wp-content\/uploads\/2025\/03\/inauguracao_radio_fg_alta-53-300x300.jpg 300w, https:\/\/franciscanos.org.br\/noticias\/wp-content\/uploads\/2025\/03\/inauguracao_radio_fg_alta-53-100x100.jpg 100w\" sizes=\"(max-width: 300px) 100vw, 300px\" \/><\/a>\n\t\t\t<\/dt><\/dl><dl class='gallery-item'>\n\t\t\t<dt class='gallery-icon landscape'>\n\t\t\t\t<a href='https:\/\/franciscanos.org.br\/noticias\/wp-content\/uploads\/2025\/03\/inauguracao_radio_fg_alta-55-scaled.jpg'><img width=\"300\" height=\"300\" src=\"https:\/\/franciscanos.org.br\/noticias\/wp-content\/uploads\/2025\/03\/inauguracao_radio_fg_alta-55-300x300.jpg\" class=\"attachment-thumbnail size-thumbnail\" alt=\"\" loading=\"lazy\" srcset=\"https:\/\/franciscanos.org.br\/noticias\/wp-content\/uploads\/2025\/03\/inauguracao_radio_fg_alta-55-300x300.jpg 300w, https:\/\/franciscanos.org.br\/noticias\/wp-content\/uploads\/2025\/03\/inauguracao_radio_fg_alta-55-100x100.jpg 100w\" sizes=\"(max-width: 300px) 100vw, 300px\" \/><\/a>\n\t\t\t<\/dt><\/dl><br style=\"clear: both\" \/>\n\t\t<\/div>\n\n<p>\u201cA primeira palavra n\u00e3o poderia ser outra: Paz e Bem. A alegria franciscana atrav\u00e9s da R\u00e1dio Frei Galv\u00e3o quer ser contagiante&#8221;, afirmou Frei Paulo. Ele ressaltou que a emissora ser\u00e1 um espa\u00e7o de esperan\u00e7a e f\u00e9 para os ouvintes. \u201cAgora, ent\u00e3o, ter\u00e3o a companhia e a sauda\u00e7\u00e3o e a expectativa de um mundo carregado de paz e um mundo carregado de bem\u201d.<\/p>\n<p>Frei Paulo tamb\u00e9m convidou a comunidade para a missa que ser\u00e1 celebrada no domingo, \u00e0s 10h, no Santu\u00e1rio de Frei Galv\u00e3o. \u201cN\u00f3s vamos, ent\u00e3o, agradecer a Deus o dom de comunicar. Frei Jaime lembrava: Deus \u00e9 comunica\u00e7\u00e3o. Ent\u00e3o, que n\u00f3s, a partir dessa convic\u00e7\u00e3o, comuniquemos a grandeza do sonho de Deus\u201d.<\/p>\n<p>A R\u00e1dio Frei Galv\u00e3o inicia sua trajet\u00f3ria com a miss\u00e3o de conectar cora\u00e7\u00f5es e mentes, cumprindo com excel\u00eancia o chamado de anunciar o Evangelho e propagar a mensagem que, h\u00e1 s\u00e9culos, tem guiado a hist\u00f3ria da Prov\u00edncia Franciscana. Bem-vindo a este novo tempo, bem-vindo a esta R\u00e1dio que comunica a Paz e o Bem!<\/p>\n<p><iframe loading=\"lazy\" title=\"Institucional | Ra\u0301dio Frei Galva\u0303o\" width=\"500\" height=\"281\" src=\"https:\/\/www.youtube.com\/embed\/_sHswVzzgvA?start=2&#038;feature=oembed\" frameborder=\"0\" allow=\"accelerometer; autoplay; clipboard-write; encrypted-media; gyroscope; picture-in-picture; web-share\" referrerpolicy=\"strict-origin-when-cross-origin\" allowfullscreen><\/iframe><\/p>\n<hr \/>\n<p><em>Frei Augusto Luiz Gabriel, presidente da Funda\u00e7\u00e3o Frei Rog\u00e9rio (texto), PASCOM do Santu\u00e1rio Frei Galv\u00e3o (fotos)<\/em><\/p>\n\n\t\t<style type=\"text\/css\">\n\t\t\t#gallery-6 {\n\t\t\t\tmargin: auto;\n\t\t\t}\n\t\t\t#gallery-6 .gallery-item {\n\t\t\t\tfloat: left;\n\t\t\t\tmargin-top: 10px;\n\t\t\t\ttext-align: center;\n\t\t\t\twidth: 33%;\n\t\t\t}\n\t\t\t#gallery-6 img {\n\t\t\t\tborder: 2px solid #cfcfcf;\n\t\t\t}\n\t\t\t#gallery-6 .gallery-caption {\n\t\t\t\tmargin-left: 0;\n\t\t\t}\n\t\t\t\/* see gallery_shortcode() in wp-includes\/media.php *\/\n\t\t<\/style>\n\t\t<div id='gallery-6' class='gallery galleryid-255170 gallery-columns-3 gallery-size-thumbnail'><dl class='gallery-item'>\n\t\t\t<dt class='gallery-icon landscape'>\n\t\t\t\t<a href='https:\/\/franciscanos.org.br\/noticias\/wp-content\/uploads\/2025\/03\/inauguracao_radio_fg_alta-12-scaled.jpg'><img width=\"300\" height=\"300\" src=\"https:\/\/franciscanos.org.br\/noticias\/wp-content\/uploads\/2025\/03\/inauguracao_radio_fg_alta-12-300x300.jpg\" class=\"attachment-thumbnail size-thumbnail\" alt=\"\" loading=\"lazy\" srcset=\"https:\/\/franciscanos.org.br\/noticias\/wp-content\/uploads\/2025\/03\/inauguracao_radio_fg_alta-12-300x300.jpg 300w, https:\/\/franciscanos.org.br\/noticias\/wp-content\/uploads\/2025\/03\/inauguracao_radio_fg_alta-12-100x100.jpg 100w\" sizes=\"(max-width: 300px) 100vw, 300px\" \/><\/a>\n\t\t\t<\/dt><\/dl><dl class='gallery-item'>\n\t\t\t<dt class='gallery-icon landscape'>\n\t\t\t\t<a href='https:\/\/franciscanos.org.br\/noticias\/wp-content\/uploads\/2025\/03\/inauguracao_radio_fg_alta-13-scaled.jpg'><img width=\"300\" height=\"300\" src=\"https:\/\/franciscanos.org.br\/noticias\/wp-content\/uploads\/2025\/03\/inauguracao_radio_fg_alta-13-300x300.jpg\" class=\"attachment-thumbnail size-thumbnail\" alt=\"\" loading=\"lazy\" srcset=\"https:\/\/franciscanos.org.br\/noticias\/wp-content\/uploads\/2025\/03\/inauguracao_radio_fg_alta-13-300x300.jpg 300w, https:\/\/franciscanos.org.br\/noticias\/wp-content\/uploads\/2025\/03\/inauguracao_radio_fg_alta-13-100x100.jpg 100w\" sizes=\"(max-width: 300px) 100vw, 300px\" \/><\/a>\n\t\t\t<\/dt><\/dl><dl class='gallery-item'>\n\t\t\t<dt class='gallery-icon landscape'>\n\t\t\t\t<a href='https:\/\/franciscanos.org.br\/noticias\/wp-content\/uploads\/2025\/03\/inauguracao_radio_fg_alta-17-scaled.jpg'><img width=\"300\" height=\"300\" src=\"https:\/\/franciscanos.org.br\/noticias\/wp-content\/uploads\/2025\/03\/inauguracao_radio_fg_alta-17-300x300.jpg\" class=\"attachment-thumbnail size-thumbnail\" alt=\"\" loading=\"lazy\" srcset=\"https:\/\/franciscanos.org.br\/noticias\/wp-content\/uploads\/2025\/03\/inauguracao_radio_fg_alta-17-300x300.jpg 300w, https:\/\/franciscanos.org.br\/noticias\/wp-content\/uploads\/2025\/03\/inauguracao_radio_fg_alta-17-100x100.jpg 100w\" sizes=\"(max-width: 300px) 100vw, 300px\" \/><\/a>\n\t\t\t<\/dt><\/dl><br style=\"clear: both\" \/><dl class='gallery-item'>\n\t\t\t<dt class='gallery-icon landscape'>\n\t\t\t\t<a href='https:\/\/franciscanos.org.br\/noticias\/wp-content\/uploads\/2025\/03\/inauguracao_radio_fg_alta-18-scaled.jpg'><img width=\"300\" height=\"300\" src=\"https:\/\/franciscanos.org.br\/noticias\/wp-content\/uploads\/2025\/03\/inauguracao_radio_fg_alta-18-300x300.jpg\" class=\"attachment-thumbnail size-thumbnail\" alt=\"\" loading=\"lazy\" srcset=\"https:\/\/franciscanos.org.br\/noticias\/wp-content\/uploads\/2025\/03\/inauguracao_radio_fg_alta-18-300x300.jpg 300w, https:\/\/franciscanos.org.br\/noticias\/wp-content\/uploads\/2025\/03\/inauguracao_radio_fg_alta-18-100x100.jpg 100w\" sizes=\"(max-width: 300px) 100vw, 300px\" \/><\/a>\n\t\t\t<\/dt><\/dl><dl class='gallery-item'>\n\t\t\t<dt class='gallery-icon landscape'>\n\t\t\t\t<a href='https:\/\/franciscanos.org.br\/noticias\/wp-content\/uploads\/2025\/03\/inauguracao_radio_fg_alta-19-scaled.jpg'><img width=\"300\" height=\"300\" src=\"https:\/\/franciscanos.org.br\/noticias\/wp-content\/uploads\/2025\/03\/inauguracao_radio_fg_alta-19-300x300.jpg\" class=\"attachment-thumbnail size-thumbnail\" alt=\"\" loading=\"lazy\" srcset=\"https:\/\/franciscanos.org.br\/noticias\/wp-content\/uploads\/2025\/03\/inauguracao_radio_fg_alta-19-300x300.jpg 300w, https:\/\/franciscanos.org.br\/noticias\/wp-content\/uploads\/2025\/03\/inauguracao_radio_fg_alta-19-100x100.jpg 100w\" sizes=\"(max-width: 300px) 100vw, 300px\" \/><\/a>\n\t\t\t<\/dt><\/dl><dl class='gallery-item'>\n\t\t\t<dt class='gallery-icon landscape'>\n\t\t\t\t<a href='https:\/\/franciscanos.org.br\/noticias\/wp-content\/uploads\/2025\/03\/inauguracao_radio_fg_alta-20-1-scaled.jpg'><img width=\"300\" height=\"300\" src=\"https:\/\/franciscanos.org.br\/noticias\/wp-content\/uploads\/2025\/03\/inauguracao_radio_fg_alta-20-1-300x300.jpg\" class=\"attachment-thumbnail size-thumbnail\" alt=\"\" loading=\"lazy\" srcset=\"https:\/\/franciscanos.org.br\/noticias\/wp-content\/uploads\/2025\/03\/inauguracao_radio_fg_alta-20-1-300x300.jpg 300w, https:\/\/franciscanos.org.br\/noticias\/wp-content\/uploads\/2025\/03\/inauguracao_radio_fg_alta-20-1-100x100.jpg 100w\" sizes=\"(max-width: 300px) 100vw, 300px\" \/><\/a>\n\t\t\t<\/dt><\/dl><br style=\"clear: both\" \/><dl class='gallery-item'>\n\t\t\t<dt class='gallery-icon landscape'>\n\t\t\t\t<a href='https:\/\/franciscanos.org.br\/noticias\/wp-content\/uploads\/2025\/03\/inauguracao_radio_fg_alta-22-scaled.jpg'><img width=\"300\" height=\"300\" src=\"https:\/\/franciscanos.org.br\/noticias\/wp-content\/uploads\/2025\/03\/inauguracao_radio_fg_alta-22-300x300.jpg\" class=\"attachment-thumbnail size-thumbnail\" alt=\"\" loading=\"lazy\" srcset=\"https:\/\/franciscanos.org.br\/noticias\/wp-content\/uploads\/2025\/03\/inauguracao_radio_fg_alta-22-300x300.jpg 300w, https:\/\/franciscanos.org.br\/noticias\/wp-content\/uploads\/2025\/03\/inauguracao_radio_fg_alta-22-100x100.jpg 100w\" sizes=\"(max-width: 300px) 100vw, 300px\" \/><\/a>\n\t\t\t<\/dt><\/dl><dl class='gallery-item'>\n\t\t\t<dt class='gallery-icon landscape'>\n\t\t\t\t<a href='https:\/\/franciscanos.org.br\/noticias\/wp-content\/uploads\/2025\/03\/inauguracao_radio_fg_alta-24-scaled.jpg'><img width=\"300\" height=\"300\" src=\"https:\/\/franciscanos.org.br\/noticias\/wp-content\/uploads\/2025\/03\/inauguracao_radio_fg_alta-24-300x300.jpg\" class=\"attachment-thumbnail size-thumbnail\" alt=\"\" loading=\"lazy\" srcset=\"https:\/\/franciscanos.org.br\/noticias\/wp-content\/uploads\/2025\/03\/inauguracao_radio_fg_alta-24-300x300.jpg 300w, https:\/\/franciscanos.org.br\/noticias\/wp-content\/uploads\/2025\/03\/inauguracao_radio_fg_alta-24-100x100.jpg 100w\" sizes=\"(max-width: 300px) 100vw, 300px\" \/><\/a>\n\t\t\t<\/dt><\/dl><dl class='gallery-item'>\n\t\t\t<dt class='gallery-icon landscape'>\n\t\t\t\t<a href='https:\/\/franciscanos.org.br\/noticias\/wp-content\/uploads\/2025\/03\/inauguracao_radio_fg_alta-37-scaled.jpg'><img width=\"300\" height=\"300\" src=\"https:\/\/franciscanos.org.br\/noticias\/wp-content\/uploads\/2025\/03\/inauguracao_radio_fg_alta-37-300x300.jpg\" class=\"attachment-thumbnail size-thumbnail\" alt=\"\" loading=\"lazy\" srcset=\"https:\/\/franciscanos.org.br\/noticias\/wp-content\/uploads\/2025\/03\/inauguracao_radio_fg_alta-37-300x300.jpg 300w, https:\/\/franciscanos.org.br\/noticias\/wp-content\/uploads\/2025\/03\/inauguracao_radio_fg_alta-37-100x100.jpg 100w\" sizes=\"(max-width: 300px) 100vw, 300px\" \/><\/a>\n\t\t\t<\/dt><\/dl><br style=\"clear: both\" \/><dl class='gallery-item'>\n\t\t\t<dt class='gallery-icon landscape'>\n\t\t\t\t<a href='https:\/\/franciscanos.org.br\/noticias\/wp-content\/uploads\/2025\/03\/inauguracao_radio_fg_alta-38-scaled.jpg'><img width=\"300\" height=\"300\" src=\"https:\/\/franciscanos.org.br\/noticias\/wp-content\/uploads\/2025\/03\/inauguracao_radio_fg_alta-38-300x300.jpg\" class=\"attachment-thumbnail size-thumbnail\" alt=\"\" loading=\"lazy\" srcset=\"https:\/\/franciscanos.org.br\/noticias\/wp-content\/uploads\/2025\/03\/inauguracao_radio_fg_alta-38-300x300.jpg 300w, https:\/\/franciscanos.org.br\/noticias\/wp-content\/uploads\/2025\/03\/inauguracao_radio_fg_alta-38-100x100.jpg 100w\" sizes=\"(max-width: 300px) 100vw, 300px\" \/><\/a>\n\t\t\t<\/dt><\/dl><dl class='gallery-item'>\n\t\t\t<dt class='gallery-icon landscape'>\n\t\t\t\t<a href='https:\/\/franciscanos.org.br\/noticias\/wp-content\/uploads\/2025\/03\/inauguracao_radio_fg_alta-39-scaled.jpg'><img width=\"300\" height=\"300\" src=\"https:\/\/franciscanos.org.br\/noticias\/wp-content\/uploads\/2025\/03\/inauguracao_radio_fg_alta-39-300x300.jpg\" class=\"attachment-thumbnail size-thumbnail\" alt=\"\" loading=\"lazy\" srcset=\"https:\/\/franciscanos.org.br\/noticias\/wp-content\/uploads\/2025\/03\/inauguracao_radio_fg_alta-39-300x300.jpg 300w, https:\/\/franciscanos.org.br\/noticias\/wp-content\/uploads\/2025\/03\/inauguracao_radio_fg_alta-39-100x100.jpg 100w\" sizes=\"(max-width: 300px) 100vw, 300px\" \/><\/a>\n\t\t\t<\/dt><\/dl><dl class='gallery-item'>\n\t\t\t<dt class='gallery-icon landscape'>\n\t\t\t\t<a href='https:\/\/franciscanos.org.br\/noticias\/wp-content\/uploads\/2025\/03\/inauguracao_radio_fg_alta-6-scaled.jpg'><img width=\"300\" height=\"300\" src=\"https:\/\/franciscanos.org.br\/noticias\/wp-content\/uploads\/2025\/03\/inauguracao_radio_fg_alta-6-300x300.jpg\" class=\"attachment-thumbnail size-thumbnail\" alt=\"\" loading=\"lazy\" srcset=\"https:\/\/franciscanos.org.br\/noticias\/wp-content\/uploads\/2025\/03\/inauguracao_radio_fg_alta-6-300x300.jpg 300w, https:\/\/franciscanos.org.br\/noticias\/wp-content\/uploads\/2025\/03\/inauguracao_radio_fg_alta-6-100x100.jpg 100w\" sizes=\"(max-width: 300px) 100vw, 300px\" \/><\/a>\n\t\t\t<\/dt><\/dl><br style=\"clear: both\" \/>\n\t\t<\/div>\n\n","protected":false},"excerpt":{"rendered":"<p>Momento hist\u00f3rico da Prov\u00edncia da Imaculada Concei\u00e7\u00e3o<\/p>\n","protected":false},"author":11,"featured_media":255219,"comment_status":"open","ping_status":"open","sticky":false,"template":"","format":"standard","meta":[],"categories":[1],"tags":[161,2299,1821],"acf":[],"yoast_head":"<!-- This site is optimized with the Yoast SEO plugin v19.2 - https:\/\/yoast.com\/wordpress\/plugins\/seo\/ -->\n<title>\u201cComunicando a Paz e o Bem\u201d: R\u00e1dio Frei Galv\u00e3o \u00e9 inaugurada em Guaratinguet\u00e1 - Not\u00edcias - Franciscanos<\/title>\n<meta name=\"robots\" content=\"index, follow, max-snippet:-1, max-image-preview:large, max-video-preview:-1\" \/>\n<link rel=\"canonical\" href=\"https:\/\/franciscanos.org.br\/noticias\/comunicando-a-paz-e-o-bem-radio-frei-galvao-e-inaugurada-em-guaratingueta.html\" \/>\n<meta property=\"og:locale\" content=\"pt_BR\" \/>\n<meta property=\"og:type\" content=\"article\" \/>\n<meta property=\"og:title\" content=\"\u201cComunicando a Paz e o Bem\u201d: R\u00e1dio Frei Galv\u00e3o \u00e9 inaugurada em Guaratinguet\u00e1 - Not\u00edcias - Franciscanos\" \/>\n<meta property=\"og:description\" content=\"Momento hist\u00f3rico da Prov\u00edncia da Imaculada Concei\u00e7\u00e3o\" \/>\n<meta property=\"og:url\" content=\"https:\/\/franciscanos.org.br\/noticias\/comunicando-a-paz-e-o-bem-radio-frei-galvao-e-inaugurada-em-guaratingueta.html\" \/>\n<meta property=\"og:site_name\" content=\"Not\u00edcias - Franciscanos\" \/>\n<meta property=\"article:published_time\" content=\"2025-03-08T22:00:50+00:00\" \/>\n<meta property=\"article:modified_time\" content=\"2025-03-10T13:14:18+00:00\" \/>\n<meta property=\"og:image\" content=\"https:\/\/franciscanos.org.br\/noticias\/wp-content\/uploads\/2025\/03\/chamada.jpg\" \/>\n\t<meta property=\"og:image:width\" content=\"800\" \/>\n\t<meta property=\"og:image:height\" content=\"550\" \/>\n\t<meta property=\"og:image:type\" content=\"image\/jpeg\" \/>\n<meta name=\"author\" content=\"Adriana Rabelo\" \/>\n<meta name=\"twitter:card\" content=\"summary_large_image\" \/>\n<meta name=\"twitter:label1\" content=\"Escrito por\" \/>\n\t<meta name=\"twitter:data1\" content=\"Adriana Rabelo\" \/>\n\t<meta name=\"twitter:label2\" content=\"Est. tempo de leitura\" \/>\n\t<meta name=\"twitter:data2\" content=\"16 minutos\" \/>\n<script type=\"application\/ld+json\" class=\"yoast-schema-graph\">{\"@context\":\"https:\/\/schema.org\",\"@graph\":[{\"@type\":\"WebSite\",\"@id\":\"https:\/\/franciscanos.org.br\/noticias\/#website\",\"url\":\"https:\/\/franciscanos.org.br\/noticias\/\",\"name\":\"Not\u00edcias - Franciscanos\",\"description\":\"Prov\u00edncia Franciscana da Imaculada Concei\u00e7\u00e3o do Brasil - Ordem dos Frades Menores - OFM\",\"potentialAction\":[{\"@type\":\"SearchAction\",\"target\":{\"@type\":\"EntryPoint\",\"urlTemplate\":\"https:\/\/franciscanos.org.br\/noticias\/?s={search_term_string}\"},\"query-input\":\"required name=search_term_string\"}],\"inLanguage\":\"pt-BR\"},{\"@type\":\"ImageObject\",\"inLanguage\":\"pt-BR\",\"@id\":\"https:\/\/franciscanos.org.br\/noticias\/comunicando-a-paz-e-o-bem-radio-frei-galvao-e-inaugurada-em-guaratingueta.html#primaryimage\",\"url\":\"https:\/\/franciscanos.org.br\/noticias\/wp-content\/uploads\/2025\/03\/chamada.jpg\",\"contentUrl\":\"https:\/\/franciscanos.org.br\/noticias\/wp-content\/uploads\/2025\/03\/chamada.jpg\",\"width\":800,\"height\":550},{\"@type\":\"WebPage\",\"@id\":\"https:\/\/franciscanos.org.br\/noticias\/comunicando-a-paz-e-o-bem-radio-frei-galvao-e-inaugurada-em-guaratingueta.html#webpage\",\"url\":\"https:\/\/franciscanos.org.br\/noticias\/comunicando-a-paz-e-o-bem-radio-frei-galvao-e-inaugurada-em-guaratingueta.html\",\"name\":\"\u201cComunicando a Paz e o Bem\u201d: R\u00e1dio Frei Galv\u00e3o \u00e9 inaugurada em Guaratinguet\u00e1 - Not\u00edcias - Franciscanos\",\"isPartOf\":{\"@id\":\"https:\/\/franciscanos.org.br\/noticias\/#website\"},\"primaryImageOfPage\":{\"@id\":\"https:\/\/franciscanos.org.br\/noticias\/comunicando-a-paz-e-o-bem-radio-frei-galvao-e-inaugurada-em-guaratingueta.html#primaryimage\"},\"datePublished\":\"2025-03-08T22:00:50+00:00\",\"dateModified\":\"2025-03-10T13:14:18+00:00\",\"author\":{\"@id\":\"https:\/\/franciscanos.org.br\/noticias\/#\/schema\/person\/d9422e83121c3ad3b0f423d195f5bb25\"},\"breadcrumb\":{\"@id\":\"https:\/\/franciscanos.org.br\/noticias\/comunicando-a-paz-e-o-bem-radio-frei-galvao-e-inaugurada-em-guaratingueta.html#breadcrumb\"},\"inLanguage\":\"pt-BR\",\"potentialAction\":[{\"@type\":\"ReadAction\",\"target\":[\"https:\/\/franciscanos.org.br\/noticias\/comunicando-a-paz-e-o-bem-radio-frei-galvao-e-inaugurada-em-guaratingueta.html\"]}]},{\"@type\":\"BreadcrumbList\",\"@id\":\"https:\/\/franciscanos.org.br\/noticias\/comunicando-a-paz-e-o-bem-radio-frei-galvao-e-inaugurada-em-guaratingueta.html#breadcrumb\",\"itemListElement\":[{\"@type\":\"ListItem\",\"position\":1,\"name\":\"Home\",\"item\":\"https:\/\/franciscanos.org.br\/noticias\"},{\"@type\":\"ListItem\",\"position\":2,\"name\":\"\u201cComunicando a Paz e o Bem\u201d: R\u00e1dio Frei Galv\u00e3o \u00e9 inaugurada em Guaratinguet\u00e1\"}]},{\"@type\":\"Person\",\"@id\":\"https:\/\/franciscanos.org.br\/noticias\/#\/schema\/person\/d9422e83121c3ad3b0f423d195f5bb25\",\"name\":\"Adriana Rabelo\",\"image\":{\"@type\":\"ImageObject\",\"inLanguage\":\"pt-BR\",\"@id\":\"https:\/\/franciscanos.org.br\/noticias\/#\/schema\/person\/image\/\",\"url\":\"https:\/\/secure.gravatar.com\/avatar\/0a937b7500cd7df77540cfb8bede877d?s=96&d=mm&r=g\",\"contentUrl\":\"https:\/\/secure.gravatar.com\/avatar\/0a937b7500cd7df77540cfb8bede877d?s=96&d=mm&r=g\",\"caption\":\"Adriana Rabelo\"},\"url\":\"https:\/\/franciscanos.org.br\/noticias\/author\/adrianarabelo\"}]}<\/script>\n<!-- \/ Yoast SEO plugin. -->","yoast_head_json":{"title":"\u201cComunicando a Paz e o Bem\u201d: R\u00e1dio Frei Galv\u00e3o \u00e9 inaugurada em Guaratinguet\u00e1 - Not\u00edcias - Franciscanos","robots":{"index":"index","follow":"follow","max-snippet":"max-snippet:-1","max-image-preview":"max-image-preview:large","max-video-preview":"max-video-preview:-1"},"canonical":"https:\/\/franciscanos.org.br\/noticias\/comunicando-a-paz-e-o-bem-radio-frei-galvao-e-inaugurada-em-guaratingueta.html","og_locale":"pt_BR","og_type":"article","og_title":"\u201cComunicando a Paz e o Bem\u201d: R\u00e1dio Frei Galv\u00e3o \u00e9 inaugurada em Guaratinguet\u00e1 - Not\u00edcias - Franciscanos","og_description":"Momento hist\u00f3rico da Prov\u00edncia da Imaculada Concei\u00e7\u00e3o","og_url":"https:\/\/franciscanos.org.br\/noticias\/comunicando-a-paz-e-o-bem-radio-frei-galvao-e-inaugurada-em-guaratingueta.html","og_site_name":"Not\u00edcias - Franciscanos","article_published_time":"2025-03-08T22:00:50+00:00","article_modified_time":"2025-03-10T13:14:18+00:00","og_image":[{"width":800,"height":550,"url":"https:\/\/franciscanos.org.br\/noticias\/wp-content\/uploads\/2025\/03\/chamada.jpg","type":"image\/jpeg"}],"author":"Adriana Rabelo","twitter_card":"summary_large_image","twitter_misc":{"Escrito por":"Adriana Rabelo","Est. tempo de leitura":"16 minutos"},"schema":{"@context":"https:\/\/schema.org","@graph":[{"@type":"WebSite","@id":"https:\/\/franciscanos.org.br\/noticias\/#website","url":"https:\/\/franciscanos.org.br\/noticias\/","name":"Not\u00edcias - Franciscanos","description":"Prov\u00edncia Franciscana da Imaculada Concei\u00e7\u00e3o do Brasil - Ordem dos Frades Menores - OFM","potentialAction":[{"@type":"SearchAction","target":{"@type":"EntryPoint","urlTemplate":"https:\/\/franciscanos.org.br\/noticias\/?s={search_term_string}"},"query-input":"required name=search_term_string"}],"inLanguage":"pt-BR"},{"@type":"ImageObject","inLanguage":"pt-BR","@id":"https:\/\/franciscanos.org.br\/noticias\/comunicando-a-paz-e-o-bem-radio-frei-galvao-e-inaugurada-em-guaratingueta.html#primaryimage","url":"https:\/\/franciscanos.org.br\/noticias\/wp-content\/uploads\/2025\/03\/chamada.jpg","contentUrl":"https:\/\/franciscanos.org.br\/noticias\/wp-content\/uploads\/2025\/03\/chamada.jpg","width":800,"height":550},{"@type":"WebPage","@id":"https:\/\/franciscanos.org.br\/noticias\/comunicando-a-paz-e-o-bem-radio-frei-galvao-e-inaugurada-em-guaratingueta.html#webpage","url":"https:\/\/franciscanos.org.br\/noticias\/comunicando-a-paz-e-o-bem-radio-frei-galvao-e-inaugurada-em-guaratingueta.html","name":"\u201cComunicando a Paz e o Bem\u201d: R\u00e1dio Frei Galv\u00e3o \u00e9 inaugurada em Guaratinguet\u00e1 - Not\u00edcias - Franciscanos","isPartOf":{"@id":"https:\/\/franciscanos.org.br\/noticias\/#website"},"primaryImageOfPage":{"@id":"https:\/\/franciscanos.org.br\/noticias\/comunicando-a-paz-e-o-bem-radio-frei-galvao-e-inaugurada-em-guaratingueta.html#primaryimage"},"datePublished":"2025-03-08T22:00:50+00:00","dateModified":"2025-03-10T13:14:18+00:00","author":{"@id":"https:\/\/franciscanos.org.br\/noticias\/#\/schema\/person\/d9422e83121c3ad3b0f423d195f5bb25"},"breadcrumb":{"@id":"https:\/\/franciscanos.org.br\/noticias\/comunicando-a-paz-e-o-bem-radio-frei-galvao-e-inaugurada-em-guaratingueta.html#breadcrumb"},"inLanguage":"pt-BR","potentialAction":[{"@type":"ReadAction","target":["https:\/\/franciscanos.org.br\/noticias\/comunicando-a-paz-e-o-bem-radio-frei-galvao-e-inaugurada-em-guaratingueta.html"]}]},{"@type":"BreadcrumbList","@id":"https:\/\/franciscanos.org.br\/noticias\/comunicando-a-paz-e-o-bem-radio-frei-galvao-e-inaugurada-em-guaratingueta.html#breadcrumb","itemListElement":[{"@type":"ListItem","position":1,"name":"Home","item":"https:\/\/franciscanos.org.br\/noticias"},{"@type":"ListItem","position":2,"name":"\u201cComunicando a Paz e o Bem\u201d: R\u00e1dio Frei Galv\u00e3o \u00e9 inaugurada em Guaratinguet\u00e1"}]},{"@type":"Person","@id":"https:\/\/franciscanos.org.br\/noticias\/#\/schema\/person\/d9422e83121c3ad3b0f423d195f5bb25","name":"Adriana Rabelo","image":{"@type":"ImageObject","inLanguage":"pt-BR","@id":"https:\/\/franciscanos.org.br\/noticias\/#\/schema\/person\/image\/","url":"https:\/\/secure.gravatar.com\/avatar\/0a937b7500cd7df77540cfb8bede877d?s=96&d=mm&r=g","contentUrl":"https:\/\/secure.gravatar.com\/avatar\/0a937b7500cd7df77540cfb8bede877d?s=96&d=mm&r=g","caption":"Adriana Rabelo"},"url":"https:\/\/franciscanos.org.br\/noticias\/author\/adrianarabelo"}]}},"_links":{"self":[{"href":"https:\/\/franciscanos.org.br\/noticias\/wp-json\/wp\/v2\/posts\/255170"}],"collection":[{"href":"https:\/\/franciscanos.org.br\/noticias\/wp-json\/wp\/v2\/posts"}],"about":[{"href":"https:\/\/franciscanos.org.br\/noticias\/wp-json\/wp\/v2\/types\/post"}],"author":[{"embeddable":true,"href":"https:\/\/franciscanos.org.br\/noticias\/wp-json\/wp\/v2\/users\/11"}],"replies":[{"embeddable":true,"href":"https:\/\/franciscanos.org.br\/noticias\/wp-json\/wp\/v2\/comments?post=255170"}],"version-history":[{"count":9,"href":"https:\/\/franciscanos.org.br\/noticias\/wp-json\/wp\/v2\/posts\/255170\/revisions"}],"predecessor-version":[{"id":255280,"href":"https:\/\/franciscanos.org.br\/noticias\/wp-json\/wp\/v2\/posts\/255170\/revisions\/255280"}],"wp:featuredmedia":[{"embeddable":true,"href":"https:\/\/franciscanos.org.br\/noticias\/wp-json\/wp\/v2\/media\/255219"}],"wp:attachment":[{"href":"https:\/\/franciscanos.org.br\/noticias\/wp-json\/wp\/v2\/media?parent=255170"}],"wp:term":[{"taxonomy":"category","embeddable":true,"href":"https:\/\/franciscanos.org.br\/noticias\/wp-json\/wp\/v2\/categories?post=255170"},{"taxonomy":"post_tag","embeddable":true,"href":"https:\/\/franciscanos.org.br\/noticias\/wp-json\/wp\/v2\/tags?post=255170"}],"curies":[{"name":"wp","href":"https:\/\/api.w.org\/{rel}","templated":true}]}}