{"id":255143,"date":"2025-03-07T14:43:10","date_gmt":"2025-03-07T17:43:10","guid":{"rendered":"https:\/\/franciscanos.org.br\/noticias\/?p=255143"},"modified":"2025-03-18T11:52:36","modified_gmt":"2025-03-18T14:52:36","slug":"nota-de-pesar-pelo-falecimento-do-frei-jose-clemente-schafaschek","status":"publish","type":"post","link":"https:\/\/franciscanos.org.br\/noticias\/nota-de-pesar-pelo-falecimento-do-frei-jose-clemente-schafaschek.html","title":{"rendered":"Falecimento do Frei Jos\u00e9 Clemente Schafaschek"},"content":{"rendered":"<p><img loading=\"lazy\" class=\"aligncenter wp-image-255145 size-full\" src=\"https:\/\/franciscanos.org.br\/noticias\/wp-content\/uploads\/2025\/03\/Clemente-1280.jpg\" alt=\"\" width=\"1280\" height=\"720\" srcset=\"https:\/\/franciscanos.org.br\/noticias\/wp-content\/uploads\/2025\/03\/Clemente-1280.jpg 1280w, https:\/\/franciscanos.org.br\/noticias\/wp-content\/uploads\/2025\/03\/Clemente-1280-450x253.jpg 450w, https:\/\/franciscanos.org.br\/noticias\/wp-content\/uploads\/2025\/03\/Clemente-1280-1024x576.jpg 1024w, https:\/\/franciscanos.org.br\/noticias\/wp-content\/uploads\/2025\/03\/Clemente-1280-768x432.jpg 768w, https:\/\/franciscanos.org.br\/noticias\/wp-content\/uploads\/2025\/03\/Clemente-1280-150x84.jpg 150w\" sizes=\"(max-width: 1280px) 100vw, 1280px\" \/><\/p>\n<p>A Prov\u00edncia Franciscana da Imaculada Concei\u00e7\u00e3o do Brasil comunica com pesar o falecimento de Frei Jos\u00e9 Clemente Schafaschek, nesta sexta-feira, 7 de mar\u00e7o, aos 74 anos. Neste dia, \u00e0s 10h45, o frade veio a \u00f3bito, na cidade de Petr\u00f3polis (RJ), em decorr\u00eancia de uma severo AVC sofrido no dia 26 de fevereiro, que provocou edema cerebral grave. Desde ent\u00e3o, Frei Jos\u00e9 Clemente precisou de aux\u00edlio mec\u00e2nico para manter as fun\u00e7\u00f5es b\u00e1sicas do organismo, em estado de inconsci\u00eancia. Em continuidade ao acompanhamento hospitalar, constatou-se que o acidente vascular cerebral n\u00e3o permitia perspectiva de melhora e, ent\u00e3o, na segunda-feira, dia 3, foram iniciados os cuidados paliativos para amenizar qualquer sofrimento.<\/p>\n<p><strong>DADOS PESSOAIS E FORMA\u00c7\u00c3O<\/strong><\/p>\n<p><strong>Nascimento:<\/strong> 15\/03\/1950 (74 anos de idade)<br \/>\n<strong>Naturalidade:<\/strong> Porto Uni\u00e3o, SC.<br \/>\n<strong>Admiss\u00e3o ao Noviciado:<\/strong> 20\/01\/1972<br \/>\n<strong>Primeira Profiss\u00e3o:<\/strong> 20\/01\/1973 (52 anos de vida religiosa)<br \/>\n<strong>Profiss\u00e3o Solene:<\/strong> 02\/08\/1976<br \/>\n<strong>Ordena\u00e7\u00e3o Presbiteral:<\/strong> 31\/12\/1977 (47 anos de exerc\u00edcio do minist\u00e9rio presbiteral)<\/p>\n<p><strong>ATIVIDADES EVANGELIZADORAS<\/strong><\/p>\n<p><strong>1979-1984 \u2013<\/strong> Fraternidade Nossa Senhora do Ros\u00e1rio (Conc\u00f3rdia, SC), como Vig\u00e1rio Paroquial.<br \/>\n<strong>1984-1985 \u2013<\/strong> Fraternidade Nossa Senhora da Paz (\u00c1gua Doce, SC), como Vig\u00e1rio Paroquial.<br \/>\n<strong>1986-1988 \u2013<\/strong> Fraternidade Porci\u00fancula de Santana (Niter\u00f3i, RJ), como Vig\u00e1rio Paroquial.<br \/>\n<strong>1989-1994 \u2013<\/strong> Fraternidade Nossa Senhora do Desterro (Quissam\u00e3, RJ), como Vig\u00e1rio Paroquial em Concei\u00e7\u00e3o de Macabu.<br \/>\n<strong>1995-2002 \u2013<\/strong> Fraternidade Patroc\u00ednio de S\u00e3o Jos\u00e9 (Coronel Freitas, SC), como Vig\u00e1rio da Casa e Vig\u00e1rio Paroquial.<br \/>\n<strong>2003 \u2013<\/strong> Fraternidade Nossa Senhora do Ros\u00e1rio (Conc\u00f3rdia, SC), em per\u00edodo sab\u00e1tico.<br \/>\n<strong>2004-2009 \u2013<\/strong> Fraternidade Sagrado Cora\u00e7\u00e3o de Jesus (Petr\u00f3polis, RJ), como Atendente Conventual.<br \/>\n<strong>2010-2012 \u2013<\/strong> Fraternidade Nossa Senhora das Gra\u00e7as (Guaratinguet\u00e1, SP), como Atendente Conventual.<br \/>\n<strong>2013-2015 \u2013<\/strong> Fraternidade S\u00e3o Jos\u00e9 (Guaratinguet\u00e1, SP), como Atendente Conventual.<br \/>\n<strong>2016-2025 \u2013<\/strong> Fraternidade Sagrado Cora\u00e7\u00e3o de Jesus (Petr\u00f3polis, RJ), como Vig\u00e1rio Paroquial.<\/p>\n<p>Frei Jos\u00e9 Clemente \u00e9 filho de pais trabalhadores do interior catarinense, de uma fam\u00edlia de 10 irm\u00e3os, sendo ele o 8\u00ba. Seus pais alimentavam uma f\u00e9 profunda, vivencial que foi transmitida aos filhos. Tinha grande paix\u00e3o pelos estudos e sua refer\u00eancia religiosa sempre esteve voltada para os franciscanos, sendo incentivado por seus irm\u00e3os, que eram catequistas e pelos amigos da fam\u00edlia. Tamb\u00e9m teve influ\u00eancia em sua voca\u00e7\u00e3o, o fato de um de seus irm\u00e3os mais velhos ter estudado com os franciscanos.<\/p>\n<p>Em certa ocasi\u00e3o definiu como uma das qualidades favoritas de sua atua\u00e7\u00e3o como religioso a possibilidade de penetrar no cora\u00e7\u00e3o das pessoas e sentir vibrar o dom da vida, suas motiva\u00e7\u00f5es e ajud\u00e1-las a orientar este vigor a Deus. Afirmava que isso lhe permitia sentir o pulsar da vida em cada criatura e, a partir disto, o pr\u00f3prio sinal de Deus.<\/p>\n<p>Frei Clemente nasceu no dia 15 de mar\u00e7o de 1950, e estava prestes a completar 75 anos de idade. O vel\u00f3rio ser\u00e1 realizado na Igreja Matriz do Sagrado Cora\u00e7\u00e3o de Jesus a partir das 15h30 de hoje. Neste s\u00e1bado, \u00e0s 7h, ser\u00e1 celebrada a missa exequial e, na sequ\u00eancia, o sepultamento ocorrer\u00e1 no Jazigo do Convento, pr\u00f3ximo \u00e0 Igreja.<\/p>\n<p><em>&#8220;Louvado sejas, meu Senhor, pela irm\u00e3 nossa, a morte corporal, da qual nenhum vivente pode escapar. Bem aventurados os que ela encontrar na tua sant\u00edssima vontade, porque a morte segunda n\u00e3o lhes far\u00e1 mal!&#8221;<\/em><\/p>\n<p><em>S\u00e3o Francisco de Assis<\/em><\/p>\n<hr \/>\n<p><em>Prov\u00edncia Franciscana da Imaculada Concei\u00e7\u00e3o do Brasil<\/em><\/p>\n","protected":false},"excerpt":{"rendered":"<p>Nota de pesar da Prov\u00edncia<\/p>\n","protected":false},"author":11,"featured_media":255144,"comment_status":"open","ping_status":"open","sticky":false,"template":"","format":"standard","meta":[],"categories":[1],"tags":[1160,2300],"acf":[],"yoast_head":"<!-- This site is optimized with the Yoast SEO plugin v19.2 - https:\/\/yoast.com\/wordpress\/plugins\/seo\/ -->\n<title>Falecimento do Frei Jos\u00e9 Clemente Schafaschek - Not\u00edcias - Franciscanos<\/title>\n<meta name=\"robots\" content=\"index, follow, max-snippet:-1, max-image-preview:large, max-video-preview:-1\" \/>\n<link rel=\"canonical\" href=\"https:\/\/franciscanos.org.br\/noticias\/nota-de-pesar-pelo-falecimento-do-frei-jose-clemente-schafaschek.html\" \/>\n<meta property=\"og:locale\" content=\"pt_BR\" \/>\n<meta property=\"og:type\" content=\"article\" \/>\n<meta property=\"og:title\" content=\"Falecimento do Frei Jos\u00e9 Clemente Schafaschek - Not\u00edcias - Franciscanos\" \/>\n<meta property=\"og:description\" content=\"Nota de pesar da Prov\u00edncia\" \/>\n<meta property=\"og:url\" content=\"https:\/\/franciscanos.org.br\/noticias\/nota-de-pesar-pelo-falecimento-do-frei-jose-clemente-schafaschek.html\" \/>\n<meta property=\"og:site_name\" content=\"Not\u00edcias - Franciscanos\" \/>\n<meta property=\"article:published_time\" content=\"2025-03-07T17:43:10+00:00\" \/>\n<meta property=\"article:modified_time\" content=\"2025-03-18T14:52:36+00:00\" \/>\n<meta property=\"og:image\" content=\"https:\/\/franciscanos.org.br\/noticias\/wp-content\/uploads\/2025\/03\/Clemente-800.jpg\" \/>\n\t<meta property=\"og:image:width\" content=\"800\" \/>\n\t<meta property=\"og:image:height\" content=\"550\" \/>\n\t<meta property=\"og:image:type\" content=\"image\/jpeg\" \/>\n<meta name=\"author\" content=\"Adriana Rabelo\" \/>\n<meta name=\"twitter:card\" content=\"summary_large_image\" \/>\n<meta name=\"twitter:label1\" content=\"Escrito por\" \/>\n\t<meta name=\"twitter:data1\" content=\"Adriana Rabelo\" \/>\n\t<meta name=\"twitter:label2\" content=\"Est. tempo de leitura\" \/>\n\t<meta name=\"twitter:data2\" content=\"3 minutos\" \/>\n<script type=\"application\/ld+json\" class=\"yoast-schema-graph\">{\"@context\":\"https:\/\/schema.org\",\"@graph\":[{\"@type\":\"WebSite\",\"@id\":\"https:\/\/franciscanos.org.br\/noticias\/#website\",\"url\":\"https:\/\/franciscanos.org.br\/noticias\/\",\"name\":\"Not\u00edcias - Franciscanos\",\"description\":\"Prov\u00edncia Franciscana da Imaculada Concei\u00e7\u00e3o do Brasil - Ordem dos Frades Menores - OFM\",\"potentialAction\":[{\"@type\":\"SearchAction\",\"target\":{\"@type\":\"EntryPoint\",\"urlTemplate\":\"https:\/\/franciscanos.org.br\/noticias\/?s={search_term_string}\"},\"query-input\":\"required name=search_term_string\"}],\"inLanguage\":\"pt-BR\"},{\"@type\":\"ImageObject\",\"inLanguage\":\"pt-BR\",\"@id\":\"https:\/\/franciscanos.org.br\/noticias\/nota-de-pesar-pelo-falecimento-do-frei-jose-clemente-schafaschek.html#primaryimage\",\"url\":\"https:\/\/franciscanos.org.br\/noticias\/wp-content\/uploads\/2025\/03\/Clemente-800.jpg\",\"contentUrl\":\"https:\/\/franciscanos.org.br\/noticias\/wp-content\/uploads\/2025\/03\/Clemente-800.jpg\",\"width\":800,\"height\":550},{\"@type\":\"WebPage\",\"@id\":\"https:\/\/franciscanos.org.br\/noticias\/nota-de-pesar-pelo-falecimento-do-frei-jose-clemente-schafaschek.html#webpage\",\"url\":\"https:\/\/franciscanos.org.br\/noticias\/nota-de-pesar-pelo-falecimento-do-frei-jose-clemente-schafaschek.html\",\"name\":\"Falecimento do Frei Jos\u00e9 Clemente Schafaschek - Not\u00edcias - Franciscanos\",\"isPartOf\":{\"@id\":\"https:\/\/franciscanos.org.br\/noticias\/#website\"},\"primaryImageOfPage\":{\"@id\":\"https:\/\/franciscanos.org.br\/noticias\/nota-de-pesar-pelo-falecimento-do-frei-jose-clemente-schafaschek.html#primaryimage\"},\"datePublished\":\"2025-03-07T17:43:10+00:00\",\"dateModified\":\"2025-03-18T14:52:36+00:00\",\"author\":{\"@id\":\"https:\/\/franciscanos.org.br\/noticias\/#\/schema\/person\/d9422e83121c3ad3b0f423d195f5bb25\"},\"breadcrumb\":{\"@id\":\"https:\/\/franciscanos.org.br\/noticias\/nota-de-pesar-pelo-falecimento-do-frei-jose-clemente-schafaschek.html#breadcrumb\"},\"inLanguage\":\"pt-BR\",\"potentialAction\":[{\"@type\":\"ReadAction\",\"target\":[\"https:\/\/franciscanos.org.br\/noticias\/nota-de-pesar-pelo-falecimento-do-frei-jose-clemente-schafaschek.html\"]}]},{\"@type\":\"BreadcrumbList\",\"@id\":\"https:\/\/franciscanos.org.br\/noticias\/nota-de-pesar-pelo-falecimento-do-frei-jose-clemente-schafaschek.html#breadcrumb\",\"itemListElement\":[{\"@type\":\"ListItem\",\"position\":1,\"name\":\"Home\",\"item\":\"https:\/\/franciscanos.org.br\/noticias\"},{\"@type\":\"ListItem\",\"position\":2,\"name\":\"Falecimento do Frei Jos\u00e9 Clemente Schafaschek\"}]},{\"@type\":\"Person\",\"@id\":\"https:\/\/franciscanos.org.br\/noticias\/#\/schema\/person\/d9422e83121c3ad3b0f423d195f5bb25\",\"name\":\"Adriana Rabelo\",\"image\":{\"@type\":\"ImageObject\",\"inLanguage\":\"pt-BR\",\"@id\":\"https:\/\/franciscanos.org.br\/noticias\/#\/schema\/person\/image\/\",\"url\":\"https:\/\/secure.gravatar.com\/avatar\/0a937b7500cd7df77540cfb8bede877d?s=96&d=mm&r=g\",\"contentUrl\":\"https:\/\/secure.gravatar.com\/avatar\/0a937b7500cd7df77540cfb8bede877d?s=96&d=mm&r=g\",\"caption\":\"Adriana Rabelo\"},\"url\":\"https:\/\/franciscanos.org.br\/noticias\/author\/adrianarabelo\"}]}<\/script>\n<!-- \/ Yoast SEO plugin. -->","yoast_head_json":{"title":"Falecimento do Frei Jos\u00e9 Clemente Schafaschek - Not\u00edcias - Franciscanos","robots":{"index":"index","follow":"follow","max-snippet":"max-snippet:-1","max-image-preview":"max-image-preview:large","max-video-preview":"max-video-preview:-1"},"canonical":"https:\/\/franciscanos.org.br\/noticias\/nota-de-pesar-pelo-falecimento-do-frei-jose-clemente-schafaschek.html","og_locale":"pt_BR","og_type":"article","og_title":"Falecimento do Frei Jos\u00e9 Clemente Schafaschek - Not\u00edcias - Franciscanos","og_description":"Nota de pesar da Prov\u00edncia","og_url":"https:\/\/franciscanos.org.br\/noticias\/nota-de-pesar-pelo-falecimento-do-frei-jose-clemente-schafaschek.html","og_site_name":"Not\u00edcias - Franciscanos","article_published_time":"2025-03-07T17:43:10+00:00","article_modified_time":"2025-03-18T14:52:36+00:00","og_image":[{"width":800,"height":550,"url":"https:\/\/franciscanos.org.br\/noticias\/wp-content\/uploads\/2025\/03\/Clemente-800.jpg","type":"image\/jpeg"}],"author":"Adriana Rabelo","twitter_card":"summary_large_image","twitter_misc":{"Escrito por":"Adriana Rabelo","Est. tempo de leitura":"3 minutos"},"schema":{"@context":"https:\/\/schema.org","@graph":[{"@type":"WebSite","@id":"https:\/\/franciscanos.org.br\/noticias\/#website","url":"https:\/\/franciscanos.org.br\/noticias\/","name":"Not\u00edcias - Franciscanos","description":"Prov\u00edncia Franciscana da Imaculada Concei\u00e7\u00e3o do Brasil - Ordem dos Frades Menores - OFM","potentialAction":[{"@type":"SearchAction","target":{"@type":"EntryPoint","urlTemplate":"https:\/\/franciscanos.org.br\/noticias\/?s={search_term_string}"},"query-input":"required name=search_term_string"}],"inLanguage":"pt-BR"},{"@type":"ImageObject","inLanguage":"pt-BR","@id":"https:\/\/franciscanos.org.br\/noticias\/nota-de-pesar-pelo-falecimento-do-frei-jose-clemente-schafaschek.html#primaryimage","url":"https:\/\/franciscanos.org.br\/noticias\/wp-content\/uploads\/2025\/03\/Clemente-800.jpg","contentUrl":"https:\/\/franciscanos.org.br\/noticias\/wp-content\/uploads\/2025\/03\/Clemente-800.jpg","width":800,"height":550},{"@type":"WebPage","@id":"https:\/\/franciscanos.org.br\/noticias\/nota-de-pesar-pelo-falecimento-do-frei-jose-clemente-schafaschek.html#webpage","url":"https:\/\/franciscanos.org.br\/noticias\/nota-de-pesar-pelo-falecimento-do-frei-jose-clemente-schafaschek.html","name":"Falecimento do Frei Jos\u00e9 Clemente Schafaschek - Not\u00edcias - Franciscanos","isPartOf":{"@id":"https:\/\/franciscanos.org.br\/noticias\/#website"},"primaryImageOfPage":{"@id":"https:\/\/franciscanos.org.br\/noticias\/nota-de-pesar-pelo-falecimento-do-frei-jose-clemente-schafaschek.html#primaryimage"},"datePublished":"2025-03-07T17:43:10+00:00","dateModified":"2025-03-18T14:52:36+00:00","author":{"@id":"https:\/\/franciscanos.org.br\/noticias\/#\/schema\/person\/d9422e83121c3ad3b0f423d195f5bb25"},"breadcrumb":{"@id":"https:\/\/franciscanos.org.br\/noticias\/nota-de-pesar-pelo-falecimento-do-frei-jose-clemente-schafaschek.html#breadcrumb"},"inLanguage":"pt-BR","potentialAction":[{"@type":"ReadAction","target":["https:\/\/franciscanos.org.br\/noticias\/nota-de-pesar-pelo-falecimento-do-frei-jose-clemente-schafaschek.html"]}]},{"@type":"BreadcrumbList","@id":"https:\/\/franciscanos.org.br\/noticias\/nota-de-pesar-pelo-falecimento-do-frei-jose-clemente-schafaschek.html#breadcrumb","itemListElement":[{"@type":"ListItem","position":1,"name":"Home","item":"https:\/\/franciscanos.org.br\/noticias"},{"@type":"ListItem","position":2,"name":"Falecimento do Frei Jos\u00e9 Clemente Schafaschek"}]},{"@type":"Person","@id":"https:\/\/franciscanos.org.br\/noticias\/#\/schema\/person\/d9422e83121c3ad3b0f423d195f5bb25","name":"Adriana Rabelo","image":{"@type":"ImageObject","inLanguage":"pt-BR","@id":"https:\/\/franciscanos.org.br\/noticias\/#\/schema\/person\/image\/","url":"https:\/\/secure.gravatar.com\/avatar\/0a937b7500cd7df77540cfb8bede877d?s=96&d=mm&r=g","contentUrl":"https:\/\/secure.gravatar.com\/avatar\/0a937b7500cd7df77540cfb8bede877d?s=96&d=mm&r=g","caption":"Adriana Rabelo"},"url":"https:\/\/franciscanos.org.br\/noticias\/author\/adrianarabelo"}]}},"_links":{"self":[{"href":"https:\/\/franciscanos.org.br\/noticias\/wp-json\/wp\/v2\/posts\/255143"}],"collection":[{"href":"https:\/\/franciscanos.org.br\/noticias\/wp-json\/wp\/v2\/posts"}],"about":[{"href":"https:\/\/franciscanos.org.br\/noticias\/wp-json\/wp\/v2\/types\/post"}],"author":[{"embeddable":true,"href":"https:\/\/franciscanos.org.br\/noticias\/wp-json\/wp\/v2\/users\/11"}],"replies":[{"embeddable":true,"href":"https:\/\/franciscanos.org.br\/noticias\/wp-json\/wp\/v2\/comments?post=255143"}],"version-history":[{"count":13,"href":"https:\/\/franciscanos.org.br\/noticias\/wp-json\/wp\/v2\/posts\/255143\/revisions"}],"predecessor-version":[{"id":255542,"href":"https:\/\/franciscanos.org.br\/noticias\/wp-json\/wp\/v2\/posts\/255143\/revisions\/255542"}],"wp:featuredmedia":[{"embeddable":true,"href":"https:\/\/franciscanos.org.br\/noticias\/wp-json\/wp\/v2\/media\/255144"}],"wp:attachment":[{"href":"https:\/\/franciscanos.org.br\/noticias\/wp-json\/wp\/v2\/media?parent=255143"}],"wp:term":[{"taxonomy":"category","embeddable":true,"href":"https:\/\/franciscanos.org.br\/noticias\/wp-json\/wp\/v2\/categories?post=255143"},{"taxonomy":"post_tag","embeddable":true,"href":"https:\/\/franciscanos.org.br\/noticias\/wp-json\/wp\/v2\/tags?post=255143"}],"curies":[{"name":"wp","href":"https:\/\/api.w.org\/{rel}","templated":true}]}}