{"id":255130,"date":"2025-03-07T11:58:56","date_gmt":"2025-03-07T14:58:56","guid":{"rendered":"https:\/\/franciscanos.org.br\/noticias\/?p=255130"},"modified":"2025-03-07T16:13:44","modified_gmt":"2025-03-07T19:13:44","slug":"fundacao-frei-rogerio-inaugura-radio-frei-galvao-em-guaratingueta","status":"publish","type":"post","link":"https:\/\/franciscanos.org.br\/noticias\/fundacao-frei-rogerio-inaugura-radio-frei-galvao-em-guaratingueta.html","title":{"rendered":"Funda\u00e7\u00e3o Frei Rog\u00e9rio inaugura R\u00e1dio Frei Galv\u00e3o em Guaratinguet\u00e1"},"content":{"rendered":"<p><img loading=\"lazy\" class=\"aligncenter wp-image-255131 size-full\" src=\"https:\/\/franciscanos.org.br\/noticias\/wp-content\/uploads\/2025\/03\/radio-1280.png\" alt=\"\" width=\"1280\" height=\"717\" srcset=\"https:\/\/franciscanos.org.br\/noticias\/wp-content\/uploads\/2025\/03\/radio-1280.png 1280w, https:\/\/franciscanos.org.br\/noticias\/wp-content\/uploads\/2025\/03\/radio-1280-450x252.png 450w, https:\/\/franciscanos.org.br\/noticias\/wp-content\/uploads\/2025\/03\/radio-1280-1024x574.png 1024w, https:\/\/franciscanos.org.br\/noticias\/wp-content\/uploads\/2025\/03\/radio-1280-768x430.png 768w, https:\/\/franciscanos.org.br\/noticias\/wp-content\/uploads\/2025\/03\/radio-1280-150x84.png 150w\" sizes=\"(max-width: 1280px) 100vw, 1280px\" \/><\/p>\n<p>No ano em que celebra 350 anos de hist\u00f3ria, a Prov\u00edncia Franciscana da Imaculada Concei\u00e7\u00e3o do Brasil, por meio da Funda\u00e7\u00e3o Frei Rog\u00e9rio, dar\u00e1 mais um passo na comunica\u00e7\u00e3o da Ordem dos Frades Menores (OFM) no pa\u00eds, com a inaugura\u00e7\u00e3o da R\u00e1dio Frei Galv\u00e3o, neste s\u00e1bado, 8 de mar\u00e7o, em Guaratinguet\u00e1 (SP).<\/p>\n<div id=\"attachment_255161\" style=\"width: 310px\" class=\"wp-caption alignright\"><img aria-describedby=\"caption-attachment-255161\" loading=\"lazy\" class=\"wp-image-255161 size-thumbnail\" src=\"https:\/\/franciscanos.org.br\/noticias\/wp-content\/uploads\/2025\/03\/WhatsApp-Image-2025-03-07-at-16.09.58-300x300.jpeg\" alt=\"\" width=\"300\" height=\"300\" srcset=\"https:\/\/franciscanos.org.br\/noticias\/wp-content\/uploads\/2025\/03\/WhatsApp-Image-2025-03-07-at-16.09.58-300x300.jpeg 300w, https:\/\/franciscanos.org.br\/noticias\/wp-content\/uploads\/2025\/03\/WhatsApp-Image-2025-03-07-at-16.09.58-100x100.jpeg 100w\" sizes=\"(max-width: 300px) 100vw, 300px\" \/><p id=\"caption-attachment-255161\" class=\"wp-caption-text\">Da esq. para dir. Frei Roberto, Frei Leandro, Frei Thiago, Fei Diego e Frei Valdir<\/p><\/div>\n<p>A cerim\u00f4nia, prevista para iniciar \u00e0s 10h, contar\u00e1 com a presen\u00e7a de autoridades eclesi\u00e1sticas e civis, entre elas: o Cardeal Dom Jaime Spengler, OFM, presidente da CNBB (Confer\u00eancia Nacional dos Bispos do Brasil); Dom Orlando Brandes, arcebispo de Aparecida; Frei Paulo Roberto Pereira, Ministro provincial; J\u00fanior Fillipo, prefeito de Guaratinguet\u00e1, entre outros convidados.<\/p>\n<p>O momento marca uma nova etapa da miss\u00e3o evangelizadora franciscana, fortalecendo a rela\u00e7\u00e3o com a comunidade local e do Vale do Para\u00edba, por meio de um importante ve\u00edculo de comunica\u00e7\u00e3o cuja principal caracter\u00edstica \u00e9 a proximidade com o ouvinte.<\/p>\n<p>Para Frei Diego Atalino de Melo, reitor do Santu\u00e1rio Frei Galv\u00e3o, essa iniciativa representa um marco significativo, pois ampliar\u00e1 o alcance da mensagem do santu\u00e1rio. &#8220;S\u00e3o as gra\u00e7as de Deus e a fecundidade espiritual se expressando concretamente nesses projetos gestados ao longo do tempo e que agora se tornam realidade.&#8221;<\/p>\n<p>Esta \u00e9 a terceira emissora adquirida pela Funda\u00e7\u00e3o Frei Rog\u00e9rio, que tamb\u00e9m est\u00e1 presente em Curitibanos (SC), com as r\u00e1dios Movimento FM e Coroado FM. Atualmente, a funda\u00e7\u00e3o \u00e9 gerida pelos frades: Frei Augusto Luiz Gabriel (presidente), Frei Alex Sandro Ciarnoski (vice-presidente), Frei Diego (diretor assistente), Frei Alan Leal de Mattos (diretor assistente).<\/p>\n<p>\u201cA chegada da R\u00e1dio Frei Galv\u00e3o 89,9 FM a Guaratinguet\u00e1 e regi\u00e3o representa um marco na comunica\u00e7\u00e3o franciscana, unindo tradi\u00e7\u00e3o e inova\u00e7\u00e3o para levar a mensagem de Paz e Bem a um p\u00fablico ainda maior. Como emissora da Funda\u00e7\u00e3o Frei Rog\u00e9rio de Curitibanos, essa r\u00e1dio nasce com a miss\u00e3o de evangelizar, informar e inspirar, fortalecendo a devo\u00e7\u00e3o a Frei Galv\u00e3o, o primeiro santo brasileiro, e promovendo valores crist\u00e3os e humanos. Com uma programa\u00e7\u00e3o diversificada, que vai da espiritualidade \u00e0 cultura, do entretenimento \u00e0 informa\u00e7\u00e3o de qualidade, queremos ser uma voz de esperan\u00e7a e fraternidade, conectando cora\u00e7\u00f5es e mentes em sintonia com o carisma franciscano&#8221;, afirmou Frei Augusto<\/p>\n<p>Al\u00e9m da funda\u00e7\u00e3o que adquiriu a nova r\u00e1dio, a Prov\u00edncia tamb\u00e9m conta com a Funda\u00e7\u00e3o Celinauta, respons\u00e1vel pela Rede Celinauta de Comunica\u00e7\u00e3o que re\u00fane a R\u00e1dio Celinauta, R\u00e1dio Movimento FM e a TV Sudoeste. A gest\u00e3o \u00e9 feita pelo Frei M\u00e1rio Luiz Tagliari (presidente), Frei Augusto (vice-presidente); Frei Leandro Ferreira da Silva (diretor assistente), Frei Raimundo Justiniano de Oliveira Castro (diretor assistente).<\/p>\n<p>A partir de domingo, 9 de mar\u00e7o, os moradores de Guaratinguet\u00e1 e regi\u00e3o poder\u00e3o vivenciar uma nova experi\u00eancia radiof\u00f4nica ao sintonizarem a frequ\u00eancia FM 89,9, anteriormente ocupada pela R\u00e1dio M\u00e1xima, pertencente ao Grupo Piratininga, que teve uma importante colabora\u00e7\u00e3o na hist\u00f3ria da radiodifus\u00e3o valeparaibana.<\/p>\n<p>&#8220;Para n\u00f3s, esse momento tamb\u00e9m \u00e9 muito especial. O Grupo Piratininga decidiu dar esse passo porque acreditamos que nossa hist\u00f3ria de compromisso e credibilidade no r\u00e1dio continuar\u00e1, agora nas m\u00e3os da Funda\u00e7\u00e3o Frei Rog\u00e9rio, uma entidade religiosa franciscana. Al\u00e9m disso, a r\u00e1dio estar\u00e1 vinculada ao Santu\u00e1rio Frei Galv\u00e3o&#8221;, disse Jos\u00e9 Geraldo Amoroso Jorge, diretor do Grupo Piratininga.<\/p>\n<p>Comprometida com uma comunica\u00e7\u00e3o de qualidade, a R\u00e1dio Frei Galv\u00e3o promover\u00e1 a espiritualidade, al\u00e9m de oferecer conte\u00fados jornal\u00edsticos com informa\u00e7\u00f5es locais e mundiais, cobertura esportiva, programa\u00e7\u00e3o musical e temas de interesse geral. Seu prop\u00f3sito \u00e9 refletir a miss\u00e3o evangelizadora da Igreja Cat\u00f3lica e fortalecer a presen\u00e7a franciscana na regi\u00e3o.<\/p>\n<p>Com o slogan <strong>&#8220;Comunicando a Paz e o Bem&#8221;<\/strong>, a emissora cat\u00f3lica tamb\u00e9m se dedicar\u00e1 a divulgar a devo\u00e7\u00e3o ao primeiro santo brasileiro, Frei Galv\u00e3o, propagando sua hist\u00f3ria, suas mensagens e as atividades do Santu\u00e1rio a ele dedicado.<\/p>\n<p><strong>A Identidade visual da R\u00e1dio Frei Galv\u00e3o<\/strong><\/p>\n<p>A cria\u00e7\u00e3o da Identidade Visual da R\u00e1dio Frei Galv\u00e3o foi confiada a Frei Leandro Costa Santos.<\/p>\n<p>\u201cEssa miss\u00e3o \u00e9 motivo de alegria e satisfa\u00e7\u00e3o. Sempre que olho para o futuro, imagino os dias que vir\u00e3o e a marca expressando valores, transmitindo mensagens, trazendo lembran\u00e7as e despertando mem\u00f3rias. A fun\u00e7\u00e3o de um s\u00edmbolo \u00e9 justamente essa: conectar, unir-se a algo muito maior, n\u00e3o alcan\u00e7ado exclusivamente pela minha capacidade, mas tamb\u00e9m pelo que a linguagem visual pode despertar\u201d, salientou o frade.<\/p>\n<p><img loading=\"lazy\" class=\"size-medium wp-image-255133 alignright\" src=\"https:\/\/franciscanos.org.br\/noticias\/wp-content\/uploads\/2025\/03\/radio-frei-galvao-e-inaugurada-neste-sabado-8-em-guaratingueta-67ca532c9285d-1-360x450.png\" alt=\"\" width=\"360\" height=\"450\" srcset=\"https:\/\/franciscanos.org.br\/noticias\/wp-content\/uploads\/2025\/03\/radio-frei-galvao-e-inaugurada-neste-sabado-8-em-guaratingueta-67ca532c9285d-1-360x450.png 360w, https:\/\/franciscanos.org.br\/noticias\/wp-content\/uploads\/2025\/03\/radio-frei-galvao-e-inaugurada-neste-sabado-8-em-guaratingueta-67ca532c9285d-1-819x1024.png 819w, https:\/\/franciscanos.org.br\/noticias\/wp-content\/uploads\/2025\/03\/radio-frei-galvao-e-inaugurada-neste-sabado-8-em-guaratingueta-67ca532c9285d-1-768x960.png 768w, https:\/\/franciscanos.org.br\/noticias\/wp-content\/uploads\/2025\/03\/radio-frei-galvao-e-inaugurada-neste-sabado-8-em-guaratingueta-67ca532c9285d-1-150x188.png 150w, https:\/\/franciscanos.org.br\/noticias\/wp-content\/uploads\/2025\/03\/radio-frei-galvao-e-inaugurada-neste-sabado-8-em-guaratingueta-67ca532c9285d-1.png 864w\" sizes=\"(max-width: 360px) 100vw, 360px\" \/>Segundo ele, a proposta \u00e9 clean, com elementos simples e compreens\u00edveis. \u201cO s\u00edmbolo do \u2018play\u2019, mundialmente reconhecido, \u00e9 utilizado para iniciar uma m\u00fasica, uma programa\u00e7\u00e3o, e assim por diante. O \u201ctau\u201d, s\u00edmbolo do carisma franciscano, est\u00e1 posicionado sobre o play. O slogan da r\u00e1dio \u00e9: \u2018Comunicando a Paz e o Bem!\u2019. Frei Galv\u00e3o era franciscano, um verdadeiro anunciador da Paz e do Bem. Desejamos que as pessoas experimentem essas realidades ao escutar a nossa programa\u00e7\u00e3o\u201d, explicou.<\/p>\n<p>De acordo com o site Franciscanos, \u201co TAU franciscano atravessa oito s\u00e9culos sendo usado e apreciado. \u00c9 a materializa\u00e7\u00e3o de uma intui\u00e7\u00e3o. Francisco de Assis \u00e9 um humano que se move bem no universo dos s\u00edmbolos. O que \u00e9 o TAU franciscano? \u00c9 Verdade, Palavra, Luz, Poder e For\u00e7a da mente direcionada para um grande bem. Significa lutar e discernir o verdadeiro e o falso. \u00c9 curar e vivificar. \u00c9 eliminar o erro, a mentira e todo o elemento discordante que nega a paz. \u00c9 unidade e reconcilia\u00e7\u00e3o\u201d .<\/p>\n<p>Frei Leandro ainda esclareceu a cria\u00e7\u00e3o da logomarca explicando que o \u2018c\u00edrculo\u2019 sobre o \u2018tau\u2019 representa a uni\u00e3o entre os franciscanos e o pr\u00f3prio Frei Galv\u00e3o, como anunciadores da \u201cboa not\u00edcia\u201d. Ao mesmo tempo, o c\u00edrculo, isoladamente, remete ao \u2018Sol\u2019, s\u00edmbolo do novo dia. \u201cA r\u00e1dio ter\u00e1 esse compromisso: ser portadora da novidade em um tempo marcado pela desinforma\u00e7\u00e3o. Al\u00e9m disso, o sol prevalece apesar da noite; ele \u00e9 o astro-rei, por mais que existam intervalos de escurid\u00e3o. Para n\u00f3s, crist\u00e3os, o sol \u00e9 tamb\u00e9m o s\u00edmbolo de Cristo vivo e ressuscitado\u201d.<\/p>\n<p><strong>As Cores<\/strong><\/p>\n<p>A cor <strong><span style=\"color: #993300;\">marrom<\/span><\/strong> remete ao h\u00e1bito franciscano, mas tamb\u00e9m possui uma conota\u00e7\u00e3o curativa, segura e familiar. Essas s\u00e3o caracter\u00edsticas que queremos transmitir em nosso compromisso com a comunica\u00e7\u00e3o: acolhimento e tranquilidade.<\/p>\n<p>A cor <strong><span style=\"color: #ff6600;\">laranja<\/span><\/strong>, com suas duas varia\u00e7\u00f5es, est\u00e1 associada \u00e0 recrea\u00e7\u00e3o, \u00e0 divers\u00e3o e \u00e0 sociabilidade. O l\u00fadico \u00e9 o lado mais forte do laranja, pois essa cor \u00e9 capaz de vincular e harmonizar, promovendo um ambiente de intera\u00e7\u00e3o e alegria.<\/p>\n<p><strong>\u00a0<\/strong><strong>A Tipografia<\/strong><\/p>\n<p>A tipografia que traz o nome \u201cR\u00e1dio Frei Galv\u00e3o\u201d e a frequ\u00eancia \u201c89,9 FM\u201d segue uma linha cl\u00e1ssica, por\u00e9m com toques modernos. As letras \u201cA\u201d e \u201cV\u201d na palavra \u201cGalv\u00e3o\u201d fazem refer\u00eancia aos bot\u00f5es de \u201cavan\u00e7ar\u201d e \u201cvoltar\u201d em um display de r\u00e1dio ou de outro dispositivo de \u00e1udio. O acento no \u201c\u00e1\u201d traz novamente o s\u00edmbolo do play, refor\u00e7ando a ideia de dinamismo e a\u00e7\u00e3o. As letras, de forma geral, apresentam uma combina\u00e7\u00e3o de curvas e linhas retas, equilibrando um estilo jovial com um toque cl\u00e1ssico.<\/p>\n<p><strong>Saiba como ser\u00e1 a programa\u00e7\u00e3o deste s\u00e1bado<\/strong><\/p>\n<p><strong>9h00<\/strong> \u2013 In\u00edcio da transmiss\u00e3o ao vivo: cobertura do evento com links diretos da Pra\u00e7a Conselheiro Rodrigues Alves, onde a R\u00e1dio Frei Galv\u00e3o ter\u00e1 uma tenda infl\u00e1vel. O Projeto Social Perfeita Alegria do SEFRAS tamb\u00e9m participar\u00e1, celebrando o Dia Internacional da Mulher.<\/p>\n<p><strong>10h00<\/strong> \u2013 Chegada dos convidados para a inaugura\u00e7\u00e3o.<\/p>\n<p><strong>10h15<\/strong> \u2013 In\u00edcio da cerim\u00f4nia oficial, com as falas do prefeito J\u00fanior Fillipo, Frei Paulo Roberto Pereira, Dom Orlando Brandes e Cardeal Dom Jaime Spengler.<\/p>\n<p>A cerim\u00f4nia contar\u00e1 ainda com o lan\u00e7amento do novo site e da identidade visual da R\u00e1dio Frei Galv\u00e3o, al\u00e9m das primeiras falas dos franciscanos e autoridades na emissora.<\/p>\n<p><strong>11h00<\/strong> \u2013 Encerramento da cerim\u00f4nia e entrevistas na r\u00e1dio.<\/p>\n<p><strong>Canais de transmiss\u00e3o AO VIVO<\/strong><\/p>\n<ul>\n<li><strong>TV Frei Galv\u00e3o<\/strong> (YouTube)<\/li>\n<li><strong>TV Franciscanos<\/strong> (YouTube)<\/li>\n<li><strong>R\u00e1dio M\u00e1xima 89,9 FM<\/strong><\/li>\n<\/ul>\n<p><strong>SERVI\u00c7O:<\/strong><\/p>\n<ul>\n<li><strong>Data:<\/strong> 8 de mar\u00e7o de 2025<\/li>\n<li><strong>Hor\u00e1rio:<\/strong> A partir das 10h<\/li>\n<li><strong>Local:<\/strong> Rua Monsenhor Filippo, 79 &#8211; Sala 47 \u2013 1\u00ba Andar, Centro, Guaratinguet\u00e1, SP. CEP: 12501-410<\/li>\n<\/ul>\n<p>Para mais informa\u00e7\u00f5es, entre em contato com a assessoria de imprensa da R\u00e1dio Frei Galv\u00e3o:<br \/>\n<strong>E-mail:<\/strong> comunicacao@radiofreigalvao.org.br<br \/>\n<strong>Telefone:<\/strong> (11) 99218-6707 \/ (12) 99185-0782<\/p>\n<hr \/>\n<p><em>Adriana Rabelo Rodrigues<\/em><\/p>\n<p><em>Fonte:https:\/\/www.santuariofreigalvao.com<\/em><\/p>\n","protected":false},"excerpt":{"rendered":"<p>Nasce a R\u00e1dio Frei Galv\u00e3o<\/p>\n","protected":false},"author":11,"featured_media":255135,"comment_status":"open","ping_status":"open","sticky":false,"template":"","format":"standard","meta":[],"categories":[1],"tags":[161,2299,1821],"acf":[],"yoast_head":"<!-- This site is optimized with the Yoast SEO plugin v19.2 - https:\/\/yoast.com\/wordpress\/plugins\/seo\/ -->\n<title>Funda\u00e7\u00e3o Frei Rog\u00e9rio inaugura R\u00e1dio Frei Galv\u00e3o em Guaratinguet\u00e1 - Not\u00edcias - Franciscanos<\/title>\n<meta name=\"robots\" content=\"index, follow, max-snippet:-1, max-image-preview:large, max-video-preview:-1\" \/>\n<link rel=\"canonical\" href=\"https:\/\/franciscanos.org.br\/noticias\/fundacao-frei-rogerio-inaugura-radio-frei-galvao-em-guaratingueta.html\" \/>\n<meta property=\"og:locale\" content=\"pt_BR\" \/>\n<meta property=\"og:type\" content=\"article\" \/>\n<meta property=\"og:title\" content=\"Funda\u00e7\u00e3o Frei Rog\u00e9rio inaugura R\u00e1dio Frei Galv\u00e3o em Guaratinguet\u00e1 - Not\u00edcias - Franciscanos\" \/>\n<meta property=\"og:description\" content=\"Nasce a R\u00e1dio Frei Galv\u00e3o\" \/>\n<meta property=\"og:url\" content=\"https:\/\/franciscanos.org.br\/noticias\/fundacao-frei-rogerio-inaugura-radio-frei-galvao-em-guaratingueta.html\" \/>\n<meta property=\"og:site_name\" content=\"Not\u00edcias - Franciscanos\" \/>\n<meta property=\"article:published_time\" content=\"2025-03-07T14:58:56+00:00\" \/>\n<meta property=\"article:modified_time\" content=\"2025-03-07T19:13:44+00:00\" \/>\n<meta property=\"og:image\" content=\"https:\/\/franciscanos.org.br\/noticias\/wp-content\/uploads\/2025\/03\/radio-800.png\" \/>\n\t<meta property=\"og:image:width\" content=\"800\" \/>\n\t<meta property=\"og:image:height\" content=\"499\" \/>\n\t<meta property=\"og:image:type\" content=\"image\/png\" \/>\n<meta name=\"author\" content=\"Adriana Rabelo\" \/>\n<meta name=\"twitter:card\" content=\"summary_large_image\" \/>\n<meta name=\"twitter:label1\" content=\"Escrito por\" \/>\n\t<meta name=\"twitter:data1\" content=\"Adriana Rabelo\" \/>\n\t<meta name=\"twitter:label2\" content=\"Est. tempo de leitura\" \/>\n\t<meta name=\"twitter:data2\" content=\"8 minutos\" \/>\n<script type=\"application\/ld+json\" class=\"yoast-schema-graph\">{\"@context\":\"https:\/\/schema.org\",\"@graph\":[{\"@type\":\"WebSite\",\"@id\":\"https:\/\/franciscanos.org.br\/noticias\/#website\",\"url\":\"https:\/\/franciscanos.org.br\/noticias\/\",\"name\":\"Not\u00edcias - Franciscanos\",\"description\":\"Prov\u00edncia Franciscana da Imaculada Concei\u00e7\u00e3o do Brasil - Ordem dos Frades Menores - OFM\",\"potentialAction\":[{\"@type\":\"SearchAction\",\"target\":{\"@type\":\"EntryPoint\",\"urlTemplate\":\"https:\/\/franciscanos.org.br\/noticias\/?s={search_term_string}\"},\"query-input\":\"required name=search_term_string\"}],\"inLanguage\":\"pt-BR\"},{\"@type\":\"ImageObject\",\"inLanguage\":\"pt-BR\",\"@id\":\"https:\/\/franciscanos.org.br\/noticias\/fundacao-frei-rogerio-inaugura-radio-frei-galvao-em-guaratingueta.html#primaryimage\",\"url\":\"https:\/\/franciscanos.org.br\/noticias\/wp-content\/uploads\/2025\/03\/radio-800.png\",\"contentUrl\":\"https:\/\/franciscanos.org.br\/noticias\/wp-content\/uploads\/2025\/03\/radio-800.png\",\"width\":800,\"height\":499},{\"@type\":\"WebPage\",\"@id\":\"https:\/\/franciscanos.org.br\/noticias\/fundacao-frei-rogerio-inaugura-radio-frei-galvao-em-guaratingueta.html#webpage\",\"url\":\"https:\/\/franciscanos.org.br\/noticias\/fundacao-frei-rogerio-inaugura-radio-frei-galvao-em-guaratingueta.html\",\"name\":\"Funda\u00e7\u00e3o Frei Rog\u00e9rio inaugura R\u00e1dio Frei Galv\u00e3o em Guaratinguet\u00e1 - Not\u00edcias - Franciscanos\",\"isPartOf\":{\"@id\":\"https:\/\/franciscanos.org.br\/noticias\/#website\"},\"primaryImageOfPage\":{\"@id\":\"https:\/\/franciscanos.org.br\/noticias\/fundacao-frei-rogerio-inaugura-radio-frei-galvao-em-guaratingueta.html#primaryimage\"},\"datePublished\":\"2025-03-07T14:58:56+00:00\",\"dateModified\":\"2025-03-07T19:13:44+00:00\",\"author\":{\"@id\":\"https:\/\/franciscanos.org.br\/noticias\/#\/schema\/person\/d9422e83121c3ad3b0f423d195f5bb25\"},\"breadcrumb\":{\"@id\":\"https:\/\/franciscanos.org.br\/noticias\/fundacao-frei-rogerio-inaugura-radio-frei-galvao-em-guaratingueta.html#breadcrumb\"},\"inLanguage\":\"pt-BR\",\"potentialAction\":[{\"@type\":\"ReadAction\",\"target\":[\"https:\/\/franciscanos.org.br\/noticias\/fundacao-frei-rogerio-inaugura-radio-frei-galvao-em-guaratingueta.html\"]}]},{\"@type\":\"BreadcrumbList\",\"@id\":\"https:\/\/franciscanos.org.br\/noticias\/fundacao-frei-rogerio-inaugura-radio-frei-galvao-em-guaratingueta.html#breadcrumb\",\"itemListElement\":[{\"@type\":\"ListItem\",\"position\":1,\"name\":\"Home\",\"item\":\"https:\/\/franciscanos.org.br\/noticias\"},{\"@type\":\"ListItem\",\"position\":2,\"name\":\"Funda\u00e7\u00e3o Frei Rog\u00e9rio inaugura R\u00e1dio Frei Galv\u00e3o em Guaratinguet\u00e1\"}]},{\"@type\":\"Person\",\"@id\":\"https:\/\/franciscanos.org.br\/noticias\/#\/schema\/person\/d9422e83121c3ad3b0f423d195f5bb25\",\"name\":\"Adriana Rabelo\",\"image\":{\"@type\":\"ImageObject\",\"inLanguage\":\"pt-BR\",\"@id\":\"https:\/\/franciscanos.org.br\/noticias\/#\/schema\/person\/image\/\",\"url\":\"https:\/\/secure.gravatar.com\/avatar\/0a937b7500cd7df77540cfb8bede877d?s=96&d=mm&r=g\",\"contentUrl\":\"https:\/\/secure.gravatar.com\/avatar\/0a937b7500cd7df77540cfb8bede877d?s=96&d=mm&r=g\",\"caption\":\"Adriana Rabelo\"},\"url\":\"https:\/\/franciscanos.org.br\/noticias\/author\/adrianarabelo\"}]}<\/script>\n<!-- \/ Yoast SEO plugin. -->","yoast_head_json":{"title":"Funda\u00e7\u00e3o Frei Rog\u00e9rio inaugura R\u00e1dio Frei Galv\u00e3o em Guaratinguet\u00e1 - Not\u00edcias - Franciscanos","robots":{"index":"index","follow":"follow","max-snippet":"max-snippet:-1","max-image-preview":"max-image-preview:large","max-video-preview":"max-video-preview:-1"},"canonical":"https:\/\/franciscanos.org.br\/noticias\/fundacao-frei-rogerio-inaugura-radio-frei-galvao-em-guaratingueta.html","og_locale":"pt_BR","og_type":"article","og_title":"Funda\u00e7\u00e3o Frei Rog\u00e9rio inaugura R\u00e1dio Frei Galv\u00e3o em Guaratinguet\u00e1 - Not\u00edcias - Franciscanos","og_description":"Nasce a R\u00e1dio Frei Galv\u00e3o","og_url":"https:\/\/franciscanos.org.br\/noticias\/fundacao-frei-rogerio-inaugura-radio-frei-galvao-em-guaratingueta.html","og_site_name":"Not\u00edcias - Franciscanos","article_published_time":"2025-03-07T14:58:56+00:00","article_modified_time":"2025-03-07T19:13:44+00:00","og_image":[{"width":800,"height":499,"url":"https:\/\/franciscanos.org.br\/noticias\/wp-content\/uploads\/2025\/03\/radio-800.png","type":"image\/png"}],"author":"Adriana Rabelo","twitter_card":"summary_large_image","twitter_misc":{"Escrito por":"Adriana Rabelo","Est. tempo de leitura":"8 minutos"},"schema":{"@context":"https:\/\/schema.org","@graph":[{"@type":"WebSite","@id":"https:\/\/franciscanos.org.br\/noticias\/#website","url":"https:\/\/franciscanos.org.br\/noticias\/","name":"Not\u00edcias - Franciscanos","description":"Prov\u00edncia Franciscana da Imaculada Concei\u00e7\u00e3o do Brasil - Ordem dos Frades Menores - OFM","potentialAction":[{"@type":"SearchAction","target":{"@type":"EntryPoint","urlTemplate":"https:\/\/franciscanos.org.br\/noticias\/?s={search_term_string}"},"query-input":"required name=search_term_string"}],"inLanguage":"pt-BR"},{"@type":"ImageObject","inLanguage":"pt-BR","@id":"https:\/\/franciscanos.org.br\/noticias\/fundacao-frei-rogerio-inaugura-radio-frei-galvao-em-guaratingueta.html#primaryimage","url":"https:\/\/franciscanos.org.br\/noticias\/wp-content\/uploads\/2025\/03\/radio-800.png","contentUrl":"https:\/\/franciscanos.org.br\/noticias\/wp-content\/uploads\/2025\/03\/radio-800.png","width":800,"height":499},{"@type":"WebPage","@id":"https:\/\/franciscanos.org.br\/noticias\/fundacao-frei-rogerio-inaugura-radio-frei-galvao-em-guaratingueta.html#webpage","url":"https:\/\/franciscanos.org.br\/noticias\/fundacao-frei-rogerio-inaugura-radio-frei-galvao-em-guaratingueta.html","name":"Funda\u00e7\u00e3o Frei Rog\u00e9rio inaugura R\u00e1dio Frei Galv\u00e3o em Guaratinguet\u00e1 - Not\u00edcias - Franciscanos","isPartOf":{"@id":"https:\/\/franciscanos.org.br\/noticias\/#website"},"primaryImageOfPage":{"@id":"https:\/\/franciscanos.org.br\/noticias\/fundacao-frei-rogerio-inaugura-radio-frei-galvao-em-guaratingueta.html#primaryimage"},"datePublished":"2025-03-07T14:58:56+00:00","dateModified":"2025-03-07T19:13:44+00:00","author":{"@id":"https:\/\/franciscanos.org.br\/noticias\/#\/schema\/person\/d9422e83121c3ad3b0f423d195f5bb25"},"breadcrumb":{"@id":"https:\/\/franciscanos.org.br\/noticias\/fundacao-frei-rogerio-inaugura-radio-frei-galvao-em-guaratingueta.html#breadcrumb"},"inLanguage":"pt-BR","potentialAction":[{"@type":"ReadAction","target":["https:\/\/franciscanos.org.br\/noticias\/fundacao-frei-rogerio-inaugura-radio-frei-galvao-em-guaratingueta.html"]}]},{"@type":"BreadcrumbList","@id":"https:\/\/franciscanos.org.br\/noticias\/fundacao-frei-rogerio-inaugura-radio-frei-galvao-em-guaratingueta.html#breadcrumb","itemListElement":[{"@type":"ListItem","position":1,"name":"Home","item":"https:\/\/franciscanos.org.br\/noticias"},{"@type":"ListItem","position":2,"name":"Funda\u00e7\u00e3o Frei Rog\u00e9rio inaugura R\u00e1dio Frei Galv\u00e3o em Guaratinguet\u00e1"}]},{"@type":"Person","@id":"https:\/\/franciscanos.org.br\/noticias\/#\/schema\/person\/d9422e83121c3ad3b0f423d195f5bb25","name":"Adriana Rabelo","image":{"@type":"ImageObject","inLanguage":"pt-BR","@id":"https:\/\/franciscanos.org.br\/noticias\/#\/schema\/person\/image\/","url":"https:\/\/secure.gravatar.com\/avatar\/0a937b7500cd7df77540cfb8bede877d?s=96&d=mm&r=g","contentUrl":"https:\/\/secure.gravatar.com\/avatar\/0a937b7500cd7df77540cfb8bede877d?s=96&d=mm&r=g","caption":"Adriana Rabelo"},"url":"https:\/\/franciscanos.org.br\/noticias\/author\/adrianarabelo"}]}},"_links":{"self":[{"href":"https:\/\/franciscanos.org.br\/noticias\/wp-json\/wp\/v2\/posts\/255130"}],"collection":[{"href":"https:\/\/franciscanos.org.br\/noticias\/wp-json\/wp\/v2\/posts"}],"about":[{"href":"https:\/\/franciscanos.org.br\/noticias\/wp-json\/wp\/v2\/types\/post"}],"author":[{"embeddable":true,"href":"https:\/\/franciscanos.org.br\/noticias\/wp-json\/wp\/v2\/users\/11"}],"replies":[{"embeddable":true,"href":"https:\/\/franciscanos.org.br\/noticias\/wp-json\/wp\/v2\/comments?post=255130"}],"version-history":[{"count":14,"href":"https:\/\/franciscanos.org.br\/noticias\/wp-json\/wp\/v2\/posts\/255130\/revisions"}],"predecessor-version":[{"id":255163,"href":"https:\/\/franciscanos.org.br\/noticias\/wp-json\/wp\/v2\/posts\/255130\/revisions\/255163"}],"wp:featuredmedia":[{"embeddable":true,"href":"https:\/\/franciscanos.org.br\/noticias\/wp-json\/wp\/v2\/media\/255135"}],"wp:attachment":[{"href":"https:\/\/franciscanos.org.br\/noticias\/wp-json\/wp\/v2\/media?parent=255130"}],"wp:term":[{"taxonomy":"category","embeddable":true,"href":"https:\/\/franciscanos.org.br\/noticias\/wp-json\/wp\/v2\/categories?post=255130"},{"taxonomy":"post_tag","embeddable":true,"href":"https:\/\/franciscanos.org.br\/noticias\/wp-json\/wp\/v2\/tags?post=255130"}],"curies":[{"name":"wp","href":"https:\/\/api.w.org\/{rel}","templated":true}]}}