{"id":255090,"date":"2025-03-06T08:36:57","date_gmt":"2025-03-06T11:36:57","guid":{"rendered":"https:\/\/franciscanos.org.br\/noticias\/?p=255090"},"modified":"2025-03-06T08:36:57","modified_gmt":"2025-03-06T11:36:57","slug":"frei-pedro-engel-celebra-70-anos-de-vida-religiosa","status":"publish","type":"post","link":"https:\/\/franciscanos.org.br\/noticias\/frei-pedro-engel-celebra-70-anos-de-vida-religiosa.html","title":{"rendered":"Frei Pedro Engel celebra 70 anos de vida religiosa"},"content":{"rendered":"<p><img loading=\"lazy\" class=\"aligncenter wp-image-255091 size-full\" src=\"https:\/\/franciscanos.org.br\/noticias\/wp-content\/uploads\/2025\/03\/materia-vila-velha.jpg\" alt=\"\" width=\"1280\" height=\"720\" srcset=\"https:\/\/franciscanos.org.br\/noticias\/wp-content\/uploads\/2025\/03\/materia-vila-velha.jpg 1280w, https:\/\/franciscanos.org.br\/noticias\/wp-content\/uploads\/2025\/03\/materia-vila-velha-450x253.jpg 450w, https:\/\/franciscanos.org.br\/noticias\/wp-content\/uploads\/2025\/03\/materia-vila-velha-1024x576.jpg 1024w, https:\/\/franciscanos.org.br\/noticias\/wp-content\/uploads\/2025\/03\/materia-vila-velha-768x432.jpg 768w, https:\/\/franciscanos.org.br\/noticias\/wp-content\/uploads\/2025\/03\/materia-vila-velha-150x84.jpg 150w\" sizes=\"(max-width: 1280px) 100vw, 1280px\" \/><\/p>\n<p data-pm-slice=\"1 1 []\">\u201cCelebrar o jubileu de 70 anos de vida religiosa consagrada \u00e9 \u2018um momento de gra\u00e7a, um momento especial na caminhada da gente\u2019. A celebra\u00e7\u00e3o de hoje recorda sete d\u00e9cadas de doa\u00e7\u00e3o e tem rela\u00e7\u00e3o com a vida e a miss\u00e3o de Jesus. Nos faz lembrar do desafio de sermos \u2018disc\u00edpulos e mission\u00e1rios\u2019. Portanto, hoje \u00e9 dia de gratid\u00e3o, dia de agradecer&#8230; Frei Pedro Engel, estamos aqui porque respeitamos sua hist\u00f3ria e queremos celebr\u00e1-la\u201d.<\/p>\n<p>Com essas palavras, Frei Robson de Castro Guimar\u00e3es exortou a comunidade de f\u00e9 na Missa Solene pelos 70 anos de vida religiosa do confrade, Frei Pedro Engel, na tarde do dia 1\u00ba de mar\u00e7o, no Campinho do Convento da Penha, em Vila Velha (ES).<\/p>\n<p>A celebra\u00e7\u00e3o contou com a presen\u00e7a do Guardi\u00e3o do Convento, Frei Gabriel Dellandrea; do Frei Jorge L\u00e1zaro de Souza e\u00a0 Frei Claudino Dal\u2019Mago; al\u00e9m dos irm\u00e3os e irm\u00e3s da Ordem Franciscana Secular e dos fi\u00e9is, devotos de Nossa Senhora da Penha.<\/p>\n<p>Ao iniciar a Eucaristia, Frei Gabriel acolheu a todos e ressaltou a import\u00e2ncia de renovar a esperan\u00e7a. \u201cPara renovar a esperan\u00e7a, n\u00e3o precisa ser tudo novo. Tamb\u00e9m renova a esperan\u00e7a um outro dom, n\u00e3o s\u00f3 a novidade, mas a perseveran\u00e7a. Mais do que nos animarmos com a novidade, devemos nos animar com a perseveran\u00e7a no \u2018sim\u2019, e \u00e9 por isso que nos reunimos para celebrar o dom dos 70 anos de vida religiosa do nosso Frei Pedro. \u00c9 costume que ele fa\u00e7a esse coment\u00e1rio, mas eu disse para ele: \u2018Hoje o senhor \u00e9 o noivo, fica l\u00e1, \u00e9 bom estar do outro lado\u2019\u201d.<\/p>\n\n\t\t<style type=\"text\/css\">\n\t\t\t#gallery-1 {\n\t\t\t\tmargin: auto;\n\t\t\t}\n\t\t\t#gallery-1 .gallery-item {\n\t\t\t\tfloat: left;\n\t\t\t\tmargin-top: 10px;\n\t\t\t\ttext-align: center;\n\t\t\t\twidth: 33%;\n\t\t\t}\n\t\t\t#gallery-1 img {\n\t\t\t\tborder: 2px solid #cfcfcf;\n\t\t\t}\n\t\t\t#gallery-1 .gallery-caption {\n\t\t\t\tmargin-left: 0;\n\t\t\t}\n\t\t\t\/* see gallery_shortcode() in wp-includes\/media.php *\/\n\t\t<\/style>\n\t\t<div id='gallery-1' class='gallery galleryid-255090 gallery-columns-3 gallery-size-thumbnail'><dl class='gallery-item'>\n\t\t\t<dt class='gallery-icon landscape'>\n\t\t\t\t<a href='https:\/\/franciscanos.org.br\/noticias\/wp-content\/uploads\/2025\/03\/70-anos-de-vida-religiosa-do-Frei-Pedro-Engel-2025-11-1536x1024-1.jpg'><img width=\"300\" height=\"300\" src=\"https:\/\/franciscanos.org.br\/noticias\/wp-content\/uploads\/2025\/03\/70-anos-de-vida-religiosa-do-Frei-Pedro-Engel-2025-11-1536x1024-1-300x300.jpg\" class=\"attachment-thumbnail size-thumbnail\" alt=\"\" loading=\"lazy\" srcset=\"https:\/\/franciscanos.org.br\/noticias\/wp-content\/uploads\/2025\/03\/70-anos-de-vida-religiosa-do-Frei-Pedro-Engel-2025-11-1536x1024-1-300x300.jpg 300w, https:\/\/franciscanos.org.br\/noticias\/wp-content\/uploads\/2025\/03\/70-anos-de-vida-religiosa-do-Frei-Pedro-Engel-2025-11-1536x1024-1-100x100.jpg 100w\" sizes=\"(max-width: 300px) 100vw, 300px\" \/><\/a>\n\t\t\t<\/dt><\/dl><dl class='gallery-item'>\n\t\t\t<dt class='gallery-icon landscape'>\n\t\t\t\t<a href='https:\/\/franciscanos.org.br\/noticias\/wp-content\/uploads\/2025\/03\/70-anos-de-vida-religiosa-do-Frei-Pedro-Engel-2025-21-1536x1024-1.jpg'><img width=\"300\" height=\"300\" src=\"https:\/\/franciscanos.org.br\/noticias\/wp-content\/uploads\/2025\/03\/70-anos-de-vida-religiosa-do-Frei-Pedro-Engel-2025-21-1536x1024-1-300x300.jpg\" class=\"attachment-thumbnail size-thumbnail\" alt=\"\" loading=\"lazy\" srcset=\"https:\/\/franciscanos.org.br\/noticias\/wp-content\/uploads\/2025\/03\/70-anos-de-vida-religiosa-do-Frei-Pedro-Engel-2025-21-1536x1024-1-300x300.jpg 300w, https:\/\/franciscanos.org.br\/noticias\/wp-content\/uploads\/2025\/03\/70-anos-de-vida-religiosa-do-Frei-Pedro-Engel-2025-21-1536x1024-1-100x100.jpg 100w\" sizes=\"(max-width: 300px) 100vw, 300px\" \/><\/a>\n\t\t\t<\/dt><\/dl><dl class='gallery-item'>\n\t\t\t<dt class='gallery-icon landscape'>\n\t\t\t\t<a href='https:\/\/franciscanos.org.br\/noticias\/wp-content\/uploads\/2025\/03\/70-anos-de-vida-religiosa-do-Frei-Pedro-Engel-2025-39-1536x1024-1.jpg'><img width=\"300\" height=\"300\" src=\"https:\/\/franciscanos.org.br\/noticias\/wp-content\/uploads\/2025\/03\/70-anos-de-vida-religiosa-do-Frei-Pedro-Engel-2025-39-1536x1024-1-300x300.jpg\" class=\"attachment-thumbnail size-thumbnail\" alt=\"\" loading=\"lazy\" srcset=\"https:\/\/franciscanos.org.br\/noticias\/wp-content\/uploads\/2025\/03\/70-anos-de-vida-religiosa-do-Frei-Pedro-Engel-2025-39-1536x1024-1-300x300.jpg 300w, https:\/\/franciscanos.org.br\/noticias\/wp-content\/uploads\/2025\/03\/70-anos-de-vida-religiosa-do-Frei-Pedro-Engel-2025-39-1536x1024-1-100x100.jpg 100w\" sizes=\"(max-width: 300px) 100vw, 300px\" \/><\/a>\n\t\t\t<\/dt><\/dl><br style=\"clear: both\" \/>\n\t\t<\/div>\n\n<p>Na homilia, ao refletir sobre o Evangelho de Lucas 4,14-21, Frei Robson destacou a miss\u00e3o franciscana pautada no caminho de Cristo. \u201cO Evangelho que ouvimos \u00e9 tamb\u00e9m conhecido como discurso da miss\u00e3o. Jesus faz a leitura de um texto do profeta Isa\u00edas. Nesse texto est\u00e1 inserida a miss\u00e3o de Jesus, seu projeto. Jesus inicia sua miss\u00e3o na cidade de Nazar\u00e9, onde foi concebido, educado e se tornou adulto. A a\u00e7\u00e3o de Jesus se d\u00e1 sob a for\u00e7a do Esp\u00edrito Santo. Para fazer parte do projeto de Jesus, precisamos estar abertos ao Esp\u00edrito do Deus da Vida, do Deus Criador e Libertador. Somos povo do Esp\u00edrito e n\u00e3o recebemos um esp\u00edrito de medo, mas um esp\u00edrito de for\u00e7a, de amor e de sabedoria\u201d, refletiu.<\/p>\n<p>\u201cEucaristia \u00e9 a\u00e7\u00e3o de gra\u00e7as. O Salmista assim se expressa: \u2018Como poderei retribuir a Jav\u00e9 por todo o bem que ele me fez? Erguerei o c\u00e1lice da salva\u00e7\u00e3o, invocando o nome do Senhor. Cumprirei meus votos a Jav\u00e9, na presen\u00e7a de todo o seu povo\u2019. Para n\u00f3s, celebrar um jubileu de um confrade \u00e9 uma motiva\u00e7\u00e3o a mais em nossa caminhada. \u00c9 olhar e dizer: preciso continuar firme, aprofundando minha voca\u00e7\u00e3o. Eu tamb\u00e9m chego l\u00e1\u201d, disse Frei Robson.<\/p>\n<p>Na sequ\u00eancia, o presidente da celebra\u00e7\u00e3o falou diretamente ao confrade jubilando. \u201cFrei Pedro, \u00e0s vezes somos alvo de cr\u00edticas amargas e nada construtivas, que acabam colocando um v\u00e9u sobre tantas coisas bonitas e positivas que fazemos. \u2018Jesus n\u00e3o julga e salva, n\u00f3s n\u00e3o salvamos e muitas vezes julgamos\u2019. Um outro confrade nosso que conviveu com voc\u00ea certa vez disse: \u2018Se eu tenho que pedir alguma coisa emprestado, eu vou pedir para o Frei Pedro, pois al\u00e9m de emprestar, vai ficar feliz por ter feito isso. Tem um grande esp\u00edrito de despojamento\u2019\u201d, afirmou.<\/p>\n<p>Por fim, ainda durante a homilia, o frade fez um convite para Frei Pedro e para os fi\u00e9is. \u201cJ\u00fabilo, verdadeiro j\u00fabilo, requer alegria e esperan\u00e7a \u2013 e estamos no ano jubilar da esperan\u00e7a. Requer a justi\u00e7a e a paz, requer a esperan\u00e7a que gera a certeza de que Deus tem a palavra final diante de todos os acontecimentos da hist\u00f3ria humana. Celebrar o jubileu de Frei Pedro Engel \u00e9 assumir o desafio de proclamarmos que Jesus \u00e9 o caminho, a verdade e a vida; \u00e9 o Senhor da Hist\u00f3ria\u201d, concluiu.<\/p>\n<p>Ap\u00f3s a homilia, houve a renova\u00e7\u00e3o dos votos da vida religiosa franciscana, na qual Frei Pedro rezou: \u201cCom a for\u00e7a do Esp\u00edrito Santo, renovo hoje a V\u00f3s, com todo ardor do meu cora\u00e7\u00e3o, o voto de viver em obedi\u00eancia, sem nada de pr\u00f3prio e em castidade. Ao mesmo tempo, confirmo a promessa de professar a vida e a regra dos Frades Menores, confirmada pelo Papa Hon\u00f3rio, segundo as constitui\u00e7\u00f5es da nossa Ordem\u201d.<\/p>\n<p><img loading=\"lazy\" class=\"size-medium wp-image-255098 alignright\" src=\"https:\/\/franciscanos.org.br\/noticias\/wp-content\/uploads\/2025\/03\/70-anos-de-vida-religiosa-do-Frei-Pedro-Engel-2025-84-1536x1024-1-450x300.jpg\" alt=\"\" width=\"450\" height=\"300\" srcset=\"https:\/\/franciscanos.org.br\/noticias\/wp-content\/uploads\/2025\/03\/70-anos-de-vida-religiosa-do-Frei-Pedro-Engel-2025-84-1536x1024-1-450x300.jpg 450w, https:\/\/franciscanos.org.br\/noticias\/wp-content\/uploads\/2025\/03\/70-anos-de-vida-religiosa-do-Frei-Pedro-Engel-2025-84-1536x1024-1-1024x683.jpg 1024w, https:\/\/franciscanos.org.br\/noticias\/wp-content\/uploads\/2025\/03\/70-anos-de-vida-religiosa-do-Frei-Pedro-Engel-2025-84-1536x1024-1-768x512.jpg 768w, https:\/\/franciscanos.org.br\/noticias\/wp-content\/uploads\/2025\/03\/70-anos-de-vida-religiosa-do-Frei-Pedro-Engel-2025-84-1536x1024-1-150x100.jpg 150w, https:\/\/franciscanos.org.br\/noticias\/wp-content\/uploads\/2025\/03\/70-anos-de-vida-religiosa-do-Frei-Pedro-Engel-2025-84-1536x1024-1.jpg 1536w\" sizes=\"(max-width: 450px) 100vw, 450px\" \/>Antes da b\u00ean\u00e7\u00e3o final, o jubilando agradeceu a presen\u00e7a dos fi\u00e9is e compartilhou o \u2018segredo\u2019 para uma longevidade. \u201cPara chegar aos 70, \u00e9 preciso caminhar muito, mas n\u00e3o h\u00e1 preocupa\u00e7\u00e3o. Voc\u00ea vai vivendo dia a dia, quando percebe&#8230; chegou o dia! Para conseguir ser feliz e chegar at\u00e9 a meta, \u00e9 preciso manter equil\u00edbrio. Eu sempre falo que andar em cima de uma prancha remando, se n\u00e3o tiver equil\u00edbrio, cai na \u00e1gua. Na vida tamb\u00e9m \u00e9 assim. Se n\u00e3o tivermos equil\u00edbrio, ca\u00edmos. Fa\u00e7a todas as coisas com equil\u00edbrio, at\u00e9 a ora\u00e7\u00e3o. Fa\u00e7a pouco, mas fa\u00e7a bem. Esse \u00e9 nosso lema. Obrigado pela presen\u00e7a de todos!\u201d.<\/p>\n<p data-start=\"64\" data-end=\"132\">Frei Gabriel Dellandrea destacou a perseveran\u00e7a na vida religiosa:<\/p>\n<p data-start=\"64\" data-end=\"132\">\u201cH\u00e1 um grupo de \u2018profetas da desesperan\u00e7a\u2019 que anda dizendo por a\u00ed que \u2018a coisa t\u00e1 perdida\u2019, que est\u00e1 tudo errado, tudo acabado. N\u00e3o! Se o Frei Pedro celebra 70 anos de vida religiosa, nos mostrando que perseverar ainda \u00e9 um verbo que se conjuga, com certeza n\u00e3o est\u00e1 tudo perdido. H\u00e1 muita coisa boa acontecendo, e talvez precisemos apurar nosso olhar para enxergar o bem que nos cerca. Esta celebra\u00e7\u00e3o pode ser, para n\u00f3s, jovens, um momento de revigoramento. N\u00e3o basta apenas dizer o \u2018sim\u2019. Isso \u00e9 uma parte; a outra, t\u00e3o importante quanto, \u00e9 perseverar, \u00e9 continuar no \u2018sim\u2019. Frei Pedro \u00e9 um testemunho vivo de que dizer \u2018sim\u2019 \u00e9 tamb\u00e9m uma forma de louvar a Deus. Deus, que \u00e9 perseverante no seu amor, \u00e9 a nossa inspira\u00e7\u00e3o. E Frei Pedro se inspira nisso para continuar dizendo o seu \u2018sim\u2019 todos os dias. Que alegria podermos celebrar este dia de j\u00fabilo e a\u00e7\u00e3o de gra\u00e7as! Que ele se repita muitas vezes e que possamos tamb\u00e9m celebrar o Jubileu de outros frades e, se Deus quiser, at\u00e9 o meu. Que juntos possamos rezar pelas voca\u00e7\u00f5es, para que mais frades franciscanos alcancem a gra\u00e7a do \u2018sim\u2019 e a gra\u00e7a da perseveran\u00e7a\u201d, conclu\u00edu.<\/p>\n<p data-start=\"955\" data-end=\"1272\">&#8212;&#8212;&#8212;&#8212;&#8212;&#8212;&#8212;&#8212;&#8212;&#8212;&#8212;&#8212;&#8212;-<\/p>\n<h3 data-start=\"1279\" data-end=\"1320\"><strong data-start=\"1283\" data-end=\"1318\">Entrevista com Frei Pedro Engel<\/strong><\/h3>\n<p data-start=\"1322\" data-end=\"1401\"><strong>Site Convento da Penha \u2013 Frei Pedro, como surgiu a sua voca\u00e7\u00e3o religiosa?<\/strong><\/p>\n<p data-start=\"1403\" data-end=\"1774\"><strong data-start=\"1403\" data-end=\"1423\">Frei Pedro Engel<\/strong> \u2013 Minha voca\u00e7\u00e3o surgiu aos 3 anos de idade. Meu tio foi ordenado presb\u00edtero e, quando chegou em casa, me perguntou se eu tamb\u00e9m queria ser padre, queria ser franciscano como ele. Olhei para ele de alto a baixo e respondi: \u2018Quero sim!\u2019. E, da\u00ed para frente, brotou minha voca\u00e7\u00e3o, que, aos poucos, foi se aperfei\u00e7oando, e eu fui seguindo esse chamado.<\/p>\n<p data-start=\"1776\" data-end=\"2137\">Muitas coisas me marcaram na vida. Passamos por dificuldades, desafios, mas tamb\u00e9m por momentos muito bons. O trabalho que realizamos, o in\u00edcio quando entrei na Ordem, as surpresas que enfrentamos\u2026 \u00c9 dif\u00edcil? Sim, \u00e9 dif\u00edcil. O come\u00e7o n\u00e3o era f\u00e1cil, especialmente para viver a penit\u00eancia, mas depois a gente \u2018pega no tranco\u2019 e a vida vai se tornando mais leve.<\/p>\n<p data-start=\"2139\" data-end=\"2251\"><strong>Site Convento da Penha \u2013 O senhor gosta de praticar esportes. Por que se encantou com o <em data-start=\"2231\" data-end=\"2248\">stand up paddle<\/em>?<\/strong><\/p>\n<p data-start=\"2253\" data-end=\"2608\"><strong data-start=\"2253\" data-end=\"2267\">Frei Pedro<\/strong> \u2013 Pratico esportes aqui desde que cheguei ao Convento. Meu esporte predileto, ainda que n\u00e3o tenha muitas condi\u00e7\u00f5es para pratic\u00e1-lo, \u00e9 justamente o <em data-start=\"2415\" data-end=\"2432\">stand up paddle<\/em>. Um dia, vi algu\u00e9m sobre a prancha, remando tranquilamente, flutuando sobre a \u00e1gua. Achei o m\u00e1ximo e pensei: \u2018Vou pedir ao rapaz para me emprestar um pouco, para eu tentar\u2019.<\/p>\n<p data-start=\"2610\" data-end=\"2904\">Tentei e consegui, e pronto! Me apaixonei por esse esporte e incentivei outras pessoas a pratic\u00e1-lo tamb\u00e9m. O <em data-start=\"2720\" data-end=\"2730\">stand up<\/em> traz equil\u00edbrio para a vida. Em tudo o que fazemos, precisamos de equil\u00edbrio. Por isso, aprendi a me equilibrar na prancha sobre a \u00e1gua para tamb\u00e9m ter equil\u00edbrio na vida.<\/p>\n<p data-start=\"2906\" data-end=\"3009\"><strong>Site Convento da Penha \u2013 H\u00e1 quanto tempo o senhor est\u00e1 no Convento? O que mais viu nesse per\u00edodo?<\/strong><\/p>\n<p data-start=\"3011\" data-end=\"3293\"><strong data-start=\"3011\" data-end=\"3025\">Frei Pedro<\/strong> \u2013 J\u00e1 estou no Convento da Penha h\u00e1 16 anos, segundo a contagem (risos). Mas prefiro continuar aqui. J\u00e1 me perguntaram se eu gostaria de ir para outro lugar, mas respondi que, enquanto puder subir as escadas, quero ficar, porque n\u00e3o h\u00e1 lugar mais bonito do que este.<\/p>\n<p data-start=\"3295\" data-end=\"3696\">Estando aqui, acompanho o p\u00fablico, vejo os devotos que chegam&#8230; Muitas pessoas v\u00eam me procurar para dizer: \u2018Consegui uma gra\u00e7a!\u2019. Outras testemunham curas \u2013 de c\u00e2ncer, de outras doen\u00e7as \u2013, sucesso em cirurgias. Muitos devotos v\u00eam antes de uma cirurgia, pedem uma b\u00ean\u00e7\u00e3o, uma ora\u00e7\u00e3o para que tudo corra bem. Eu sempre dou palavras de otimismo e confian\u00e7a em Deus. Depois, eles voltam para agradecer.<\/p>\n<p data-start=\"3698\" data-end=\"3865\"><strong>Site Convento da Penha \u2013 O senhor \u00e9 conhecido como o \u201cfrei da \u00e1gua benta\u201d. Frei Gabriel o chama de \u201cguardi\u00e3o da \u00e1gua benta\u201d. O que isso representa para o senhor?<\/strong><\/p>\n<p data-start=\"3867\" data-end=\"4175\"><strong data-start=\"3867\" data-end=\"3881\">Frei Pedro<\/strong> \u2013 Ser o guardi\u00e3o da \u00e1gua benta&#8230; Isso foi acontecendo aos poucos. Participando das missas, especialmente aquelas com maior p\u00fablico, sempre gostei de ter esse contato com as pessoas, de ser um \u2018canal de b\u00ean\u00e7\u00e3o\u2019. Ent\u00e3o, os fi\u00e9is j\u00e1 ficam esperando aquele momento da aspers\u00e3o com a \u00e1gua benta.<\/p>\n<p data-start=\"4177\" data-end=\"4388\">\u00c9 bonito ver como as pessoas recebem essa b\u00ean\u00e7\u00e3o com f\u00e9 e carinho. Isso tamb\u00e9m me d\u00e1 \u00e2nimo para continuar esse gesto, sabendo que estou levando uma gra\u00e7a \u00e0s pessoas. Sinto o carinho, o amor e a gratid\u00e3o delas.<\/p>\n<p data-start=\"4390\" data-end=\"4460\"><strong>Site Convento da Penha \u2013 E para o futuro, o que o senhor espera?<\/strong><\/p>\n<p data-start=\"4462\" data-end=\"4802\"><strong data-start=\"4462\" data-end=\"4476\">Frei Pedro<\/strong> \u2013 Espero viver com equil\u00edbrio. Para a Festa da Penha, estou preparado para ajudar no que for poss\u00edvel, sempre \u00e0 disposi\u00e7\u00e3o. Quando fico muito cansado, descanso um pouco e aguardo, depois recome\u00e7o o trabalho. J\u00e1 estou me preparando para receber os navegantes, os romeiros que participar\u00e3o da remaria e da festa como um todo.<\/p>\n<hr \/>\n<p><em>Cristian Oliveira- Assessoria de Comunica\u00e7\u00e3o Convento da Penha<\/em><\/p>\n\n\t\t<style type=\"text\/css\">\n\t\t\t#gallery-2 {\n\t\t\t\tmargin: auto;\n\t\t\t}\n\t\t\t#gallery-2 .gallery-item {\n\t\t\t\tfloat: left;\n\t\t\t\tmargin-top: 10px;\n\t\t\t\ttext-align: center;\n\t\t\t\twidth: 33%;\n\t\t\t}\n\t\t\t#gallery-2 img {\n\t\t\t\tborder: 2px solid #cfcfcf;\n\t\t\t}\n\t\t\t#gallery-2 .gallery-caption {\n\t\t\t\tmargin-left: 0;\n\t\t\t}\n\t\t\t\/* see gallery_shortcode() in wp-includes\/media.php *\/\n\t\t<\/style>\n\t\t<div id='gallery-2' class='gallery galleryid-255090 gallery-columns-3 gallery-size-thumbnail'><dl class='gallery-item'>\n\t\t\t<dt class='gallery-icon landscape'>\n\t\t\t\t<a href='https:\/\/franciscanos.org.br\/noticias\/wp-content\/uploads\/2025\/03\/70-anos-de-vida-religiosa-do-Frei-Pedro-Engel-2025-38-1536x1024-1.jpg'><img width=\"300\" height=\"300\" src=\"https:\/\/franciscanos.org.br\/noticias\/wp-content\/uploads\/2025\/03\/70-anos-de-vida-religiosa-do-Frei-Pedro-Engel-2025-38-1536x1024-1-300x300.jpg\" class=\"attachment-thumbnail size-thumbnail\" alt=\"\" loading=\"lazy\" srcset=\"https:\/\/franciscanos.org.br\/noticias\/wp-content\/uploads\/2025\/03\/70-anos-de-vida-religiosa-do-Frei-Pedro-Engel-2025-38-1536x1024-1-300x300.jpg 300w, https:\/\/franciscanos.org.br\/noticias\/wp-content\/uploads\/2025\/03\/70-anos-de-vida-religiosa-do-Frei-Pedro-Engel-2025-38-1536x1024-1-100x100.jpg 100w\" sizes=\"(max-width: 300px) 100vw, 300px\" \/><\/a>\n\t\t\t<\/dt><\/dl><dl class='gallery-item'>\n\t\t\t<dt class='gallery-icon landscape'>\n\t\t\t\t<a href='https:\/\/franciscanos.org.br\/noticias\/wp-content\/uploads\/2025\/03\/70-anos-de-vida-religiosa-do-Frei-Pedro-Engel-2025-45-1536x1024-1.jpg'><img width=\"300\" height=\"300\" src=\"https:\/\/franciscanos.org.br\/noticias\/wp-content\/uploads\/2025\/03\/70-anos-de-vida-religiosa-do-Frei-Pedro-Engel-2025-45-1536x1024-1-300x300.jpg\" class=\"attachment-thumbnail size-thumbnail\" alt=\"\" loading=\"lazy\" srcset=\"https:\/\/franciscanos.org.br\/noticias\/wp-content\/uploads\/2025\/03\/70-anos-de-vida-religiosa-do-Frei-Pedro-Engel-2025-45-1536x1024-1-300x300.jpg 300w, https:\/\/franciscanos.org.br\/noticias\/wp-content\/uploads\/2025\/03\/70-anos-de-vida-religiosa-do-Frei-Pedro-Engel-2025-45-1536x1024-1-100x100.jpg 100w\" sizes=\"(max-width: 300px) 100vw, 300px\" \/><\/a>\n\t\t\t<\/dt><\/dl><dl class='gallery-item'>\n\t\t\t<dt class='gallery-icon landscape'>\n\t\t\t\t<a href='https:\/\/franciscanos.org.br\/noticias\/wp-content\/uploads\/2025\/03\/70-anos-de-vida-religiosa-do-Frei-Pedro-Engel-2025-47-1536x1024-1.jpg'><img width=\"300\" height=\"300\" src=\"https:\/\/franciscanos.org.br\/noticias\/wp-content\/uploads\/2025\/03\/70-anos-de-vida-religiosa-do-Frei-Pedro-Engel-2025-47-1536x1024-1-300x300.jpg\" class=\"attachment-thumbnail size-thumbnail\" alt=\"\" loading=\"lazy\" srcset=\"https:\/\/franciscanos.org.br\/noticias\/wp-content\/uploads\/2025\/03\/70-anos-de-vida-religiosa-do-Frei-Pedro-Engel-2025-47-1536x1024-1-300x300.jpg 300w, https:\/\/franciscanos.org.br\/noticias\/wp-content\/uploads\/2025\/03\/70-anos-de-vida-religiosa-do-Frei-Pedro-Engel-2025-47-1536x1024-1-100x100.jpg 100w\" sizes=\"(max-width: 300px) 100vw, 300px\" \/><\/a>\n\t\t\t<\/dt><\/dl><br style=\"clear: both\" \/><dl class='gallery-item'>\n\t\t\t<dt class='gallery-icon landscape'>\n\t\t\t\t<a href='https:\/\/franciscanos.org.br\/noticias\/wp-content\/uploads\/2025\/03\/70-anos-de-vida-religiosa-do-Frei-Pedro-Engel-2025-49-1536x1024-2.jpg'><img width=\"300\" height=\"300\" src=\"https:\/\/franciscanos.org.br\/noticias\/wp-content\/uploads\/2025\/03\/70-anos-de-vida-religiosa-do-Frei-Pedro-Engel-2025-49-1536x1024-2-300x300.jpg\" class=\"attachment-thumbnail size-thumbnail\" alt=\"\" loading=\"lazy\" srcset=\"https:\/\/franciscanos.org.br\/noticias\/wp-content\/uploads\/2025\/03\/70-anos-de-vida-religiosa-do-Frei-Pedro-Engel-2025-49-1536x1024-2-300x300.jpg 300w, https:\/\/franciscanos.org.br\/noticias\/wp-content\/uploads\/2025\/03\/70-anos-de-vida-religiosa-do-Frei-Pedro-Engel-2025-49-1536x1024-2-100x100.jpg 100w\" sizes=\"(max-width: 300px) 100vw, 300px\" \/><\/a>\n\t\t\t<\/dt><\/dl><dl class='gallery-item'>\n\t\t\t<dt class='gallery-icon landscape'>\n\t\t\t\t<a href='https:\/\/franciscanos.org.br\/noticias\/wp-content\/uploads\/2025\/03\/70-anos-de-vida-religiosa-do-Frei-Pedro-Engel-2025-50-1536x1024-1.jpg'><img width=\"300\" height=\"300\" src=\"https:\/\/franciscanos.org.br\/noticias\/wp-content\/uploads\/2025\/03\/70-anos-de-vida-religiosa-do-Frei-Pedro-Engel-2025-50-1536x1024-1-300x300.jpg\" class=\"attachment-thumbnail size-thumbnail\" alt=\"\" loading=\"lazy\" srcset=\"https:\/\/franciscanos.org.br\/noticias\/wp-content\/uploads\/2025\/03\/70-anos-de-vida-religiosa-do-Frei-Pedro-Engel-2025-50-1536x1024-1-300x300.jpg 300w, https:\/\/franciscanos.org.br\/noticias\/wp-content\/uploads\/2025\/03\/70-anos-de-vida-religiosa-do-Frei-Pedro-Engel-2025-50-1536x1024-1-100x100.jpg 100w\" sizes=\"(max-width: 300px) 100vw, 300px\" \/><\/a>\n\t\t\t<\/dt><\/dl><dl class='gallery-item'>\n\t\t\t<dt class='gallery-icon landscape'>\n\t\t\t\t<a href='https:\/\/franciscanos.org.br\/noticias\/wp-content\/uploads\/2025\/03\/70-anos-de-vida-religiosa-do-Frei-Pedro-Engel-2025-52-1536x1024-1.jpg'><img width=\"300\" height=\"300\" src=\"https:\/\/franciscanos.org.br\/noticias\/wp-content\/uploads\/2025\/03\/70-anos-de-vida-religiosa-do-Frei-Pedro-Engel-2025-52-1536x1024-1-300x300.jpg\" class=\"attachment-thumbnail size-thumbnail\" alt=\"\" loading=\"lazy\" srcset=\"https:\/\/franciscanos.org.br\/noticias\/wp-content\/uploads\/2025\/03\/70-anos-de-vida-religiosa-do-Frei-Pedro-Engel-2025-52-1536x1024-1-300x300.jpg 300w, https:\/\/franciscanos.org.br\/noticias\/wp-content\/uploads\/2025\/03\/70-anos-de-vida-religiosa-do-Frei-Pedro-Engel-2025-52-1536x1024-1-100x100.jpg 100w\" sizes=\"(max-width: 300px) 100vw, 300px\" \/><\/a>\n\t\t\t<\/dt><\/dl><br style=\"clear: both\" \/><dl class='gallery-item'>\n\t\t\t<dt class='gallery-icon landscape'>\n\t\t\t\t<a href='https:\/\/franciscanos.org.br\/noticias\/wp-content\/uploads\/2025\/03\/70-anos-de-vida-religiosa-do-Frei-Pedro-Engel-2025-62-1536x1024-1.jpg'><img width=\"300\" height=\"300\" src=\"https:\/\/franciscanos.org.br\/noticias\/wp-content\/uploads\/2025\/03\/70-anos-de-vida-religiosa-do-Frei-Pedro-Engel-2025-62-1536x1024-1-300x300.jpg\" class=\"attachment-thumbnail size-thumbnail\" alt=\"\" loading=\"lazy\" srcset=\"https:\/\/franciscanos.org.br\/noticias\/wp-content\/uploads\/2025\/03\/70-anos-de-vida-religiosa-do-Frei-Pedro-Engel-2025-62-1536x1024-1-300x300.jpg 300w, https:\/\/franciscanos.org.br\/noticias\/wp-content\/uploads\/2025\/03\/70-anos-de-vida-religiosa-do-Frei-Pedro-Engel-2025-62-1536x1024-1-100x100.jpg 100w\" sizes=\"(max-width: 300px) 100vw, 300px\" \/><\/a>\n\t\t\t<\/dt><\/dl><dl class='gallery-item'>\n\t\t\t<dt class='gallery-icon landscape'>\n\t\t\t\t<a href='https:\/\/franciscanos.org.br\/noticias\/wp-content\/uploads\/2025\/03\/70-anos-de-vida-religiosa-do-Frei-Pedro-Engel-2025-64-1536x1024-1.jpg'><img width=\"300\" height=\"300\" src=\"https:\/\/franciscanos.org.br\/noticias\/wp-content\/uploads\/2025\/03\/70-anos-de-vida-religiosa-do-Frei-Pedro-Engel-2025-64-1536x1024-1-300x300.jpg\" class=\"attachment-thumbnail size-thumbnail\" alt=\"\" loading=\"lazy\" srcset=\"https:\/\/franciscanos.org.br\/noticias\/wp-content\/uploads\/2025\/03\/70-anos-de-vida-religiosa-do-Frei-Pedro-Engel-2025-64-1536x1024-1-300x300.jpg 300w, https:\/\/franciscanos.org.br\/noticias\/wp-content\/uploads\/2025\/03\/70-anos-de-vida-religiosa-do-Frei-Pedro-Engel-2025-64-1536x1024-1-100x100.jpg 100w\" sizes=\"(max-width: 300px) 100vw, 300px\" \/><\/a>\n\t\t\t<\/dt><\/dl><dl class='gallery-item'>\n\t\t\t<dt class='gallery-icon landscape'>\n\t\t\t\t<a href='https:\/\/franciscanos.org.br\/noticias\/wp-content\/uploads\/2025\/03\/70-anos-de-vida-religiosa-do-Frei-Pedro-Engel-2025-82-1536x1024-1.jpg'><img width=\"300\" height=\"300\" src=\"https:\/\/franciscanos.org.br\/noticias\/wp-content\/uploads\/2025\/03\/70-anos-de-vida-religiosa-do-Frei-Pedro-Engel-2025-82-1536x1024-1-300x300.jpg\" class=\"attachment-thumbnail size-thumbnail\" alt=\"\" loading=\"lazy\" srcset=\"https:\/\/franciscanos.org.br\/noticias\/wp-content\/uploads\/2025\/03\/70-anos-de-vida-religiosa-do-Frei-Pedro-Engel-2025-82-1536x1024-1-300x300.jpg 300w, https:\/\/franciscanos.org.br\/noticias\/wp-content\/uploads\/2025\/03\/70-anos-de-vida-religiosa-do-Frei-Pedro-Engel-2025-82-1536x1024-1-100x100.jpg 100w\" sizes=\"(max-width: 300px) 100vw, 300px\" \/><\/a>\n\t\t\t<\/dt><\/dl><br style=\"clear: both\" \/>\n\t\t<\/div>\n\n","protected":false},"excerpt":{"rendered":"<p>Jubileu de vida religiosa<\/p>\n","protected":false},"author":11,"featured_media":255092,"comment_status":"open","ping_status":"open","sticky":false,"template":"","format":"standard","meta":[],"categories":[1],"tags":[248,2297,1787],"acf":[],"yoast_head":"<!-- This site is optimized with the Yoast SEO plugin v19.2 - https:\/\/yoast.com\/wordpress\/plugins\/seo\/ -->\n<title>Frei Pedro Engel celebra 70 anos de vida religiosa - Not\u00edcias - Franciscanos<\/title>\n<meta name=\"robots\" content=\"index, follow, max-snippet:-1, max-image-preview:large, max-video-preview:-1\" \/>\n<link rel=\"canonical\" href=\"https:\/\/franciscanos.org.br\/noticias\/frei-pedro-engel-celebra-70-anos-de-vida-religiosa.html\" \/>\n<meta property=\"og:locale\" content=\"pt_BR\" \/>\n<meta property=\"og:type\" content=\"article\" \/>\n<meta property=\"og:title\" content=\"Frei Pedro Engel celebra 70 anos de vida religiosa - Not\u00edcias - Franciscanos\" \/>\n<meta property=\"og:description\" content=\"Jubileu de vida religiosa\" \/>\n<meta property=\"og:url\" content=\"https:\/\/franciscanos.org.br\/noticias\/frei-pedro-engel-celebra-70-anos-de-vida-religiosa.html\" \/>\n<meta property=\"og:site_name\" content=\"Not\u00edcias - Franciscanos\" \/>\n<meta property=\"article:published_time\" content=\"2025-03-06T11:36:57+00:00\" \/>\n<meta property=\"og:image\" content=\"https:\/\/franciscanos.org.br\/noticias\/wp-content\/uploads\/2025\/03\/chamada-vila-velha.jpg\" \/>\n\t<meta property=\"og:image:width\" content=\"800\" \/>\n\t<meta property=\"og:image:height\" content=\"550\" \/>\n\t<meta property=\"og:image:type\" content=\"image\/jpeg\" \/>\n<meta name=\"author\" content=\"Adriana Rabelo\" \/>\n<meta name=\"twitter:card\" content=\"summary_large_image\" \/>\n<meta name=\"twitter:label1\" content=\"Escrito por\" \/>\n\t<meta name=\"twitter:data1\" content=\"Adriana Rabelo\" \/>\n\t<meta name=\"twitter:label2\" content=\"Est. tempo de leitura\" \/>\n\t<meta name=\"twitter:data2\" content=\"9 minutos\" \/>\n<script type=\"application\/ld+json\" class=\"yoast-schema-graph\">{\"@context\":\"https:\/\/schema.org\",\"@graph\":[{\"@type\":\"WebSite\",\"@id\":\"https:\/\/franciscanos.org.br\/noticias\/#website\",\"url\":\"https:\/\/franciscanos.org.br\/noticias\/\",\"name\":\"Not\u00edcias - Franciscanos\",\"description\":\"Prov\u00edncia Franciscana da Imaculada Concei\u00e7\u00e3o do Brasil - Ordem dos Frades Menores - OFM\",\"potentialAction\":[{\"@type\":\"SearchAction\",\"target\":{\"@type\":\"EntryPoint\",\"urlTemplate\":\"https:\/\/franciscanos.org.br\/noticias\/?s={search_term_string}\"},\"query-input\":\"required name=search_term_string\"}],\"inLanguage\":\"pt-BR\"},{\"@type\":\"ImageObject\",\"inLanguage\":\"pt-BR\",\"@id\":\"https:\/\/franciscanos.org.br\/noticias\/frei-pedro-engel-celebra-70-anos-de-vida-religiosa.html#primaryimage\",\"url\":\"https:\/\/franciscanos.org.br\/noticias\/wp-content\/uploads\/2025\/03\/chamada-vila-velha.jpg\",\"contentUrl\":\"https:\/\/franciscanos.org.br\/noticias\/wp-content\/uploads\/2025\/03\/chamada-vila-velha.jpg\",\"width\":800,\"height\":550},{\"@type\":\"WebPage\",\"@id\":\"https:\/\/franciscanos.org.br\/noticias\/frei-pedro-engel-celebra-70-anos-de-vida-religiosa.html#webpage\",\"url\":\"https:\/\/franciscanos.org.br\/noticias\/frei-pedro-engel-celebra-70-anos-de-vida-religiosa.html\",\"name\":\"Frei Pedro Engel celebra 70 anos de vida religiosa - Not\u00edcias - Franciscanos\",\"isPartOf\":{\"@id\":\"https:\/\/franciscanos.org.br\/noticias\/#website\"},\"primaryImageOfPage\":{\"@id\":\"https:\/\/franciscanos.org.br\/noticias\/frei-pedro-engel-celebra-70-anos-de-vida-religiosa.html#primaryimage\"},\"datePublished\":\"2025-03-06T11:36:57+00:00\",\"dateModified\":\"2025-03-06T11:36:57+00:00\",\"author\":{\"@id\":\"https:\/\/franciscanos.org.br\/noticias\/#\/schema\/person\/d9422e83121c3ad3b0f423d195f5bb25\"},\"breadcrumb\":{\"@id\":\"https:\/\/franciscanos.org.br\/noticias\/frei-pedro-engel-celebra-70-anos-de-vida-religiosa.html#breadcrumb\"},\"inLanguage\":\"pt-BR\",\"potentialAction\":[{\"@type\":\"ReadAction\",\"target\":[\"https:\/\/franciscanos.org.br\/noticias\/frei-pedro-engel-celebra-70-anos-de-vida-religiosa.html\"]}]},{\"@type\":\"BreadcrumbList\",\"@id\":\"https:\/\/franciscanos.org.br\/noticias\/frei-pedro-engel-celebra-70-anos-de-vida-religiosa.html#breadcrumb\",\"itemListElement\":[{\"@type\":\"ListItem\",\"position\":1,\"name\":\"Home\",\"item\":\"https:\/\/franciscanos.org.br\/noticias\"},{\"@type\":\"ListItem\",\"position\":2,\"name\":\"Frei Pedro Engel celebra 70 anos de vida religiosa\"}]},{\"@type\":\"Person\",\"@id\":\"https:\/\/franciscanos.org.br\/noticias\/#\/schema\/person\/d9422e83121c3ad3b0f423d195f5bb25\",\"name\":\"Adriana Rabelo\",\"image\":{\"@type\":\"ImageObject\",\"inLanguage\":\"pt-BR\",\"@id\":\"https:\/\/franciscanos.org.br\/noticias\/#\/schema\/person\/image\/\",\"url\":\"https:\/\/secure.gravatar.com\/avatar\/0a937b7500cd7df77540cfb8bede877d?s=96&d=mm&r=g\",\"contentUrl\":\"https:\/\/secure.gravatar.com\/avatar\/0a937b7500cd7df77540cfb8bede877d?s=96&d=mm&r=g\",\"caption\":\"Adriana Rabelo\"},\"url\":\"https:\/\/franciscanos.org.br\/noticias\/author\/adrianarabelo\"}]}<\/script>\n<!-- \/ Yoast SEO plugin. -->","yoast_head_json":{"title":"Frei Pedro Engel celebra 70 anos de vida religiosa - Not\u00edcias - Franciscanos","robots":{"index":"index","follow":"follow","max-snippet":"max-snippet:-1","max-image-preview":"max-image-preview:large","max-video-preview":"max-video-preview:-1"},"canonical":"https:\/\/franciscanos.org.br\/noticias\/frei-pedro-engel-celebra-70-anos-de-vida-religiosa.html","og_locale":"pt_BR","og_type":"article","og_title":"Frei Pedro Engel celebra 70 anos de vida religiosa - Not\u00edcias - Franciscanos","og_description":"Jubileu de vida religiosa","og_url":"https:\/\/franciscanos.org.br\/noticias\/frei-pedro-engel-celebra-70-anos-de-vida-religiosa.html","og_site_name":"Not\u00edcias - Franciscanos","article_published_time":"2025-03-06T11:36:57+00:00","og_image":[{"width":800,"height":550,"url":"https:\/\/franciscanos.org.br\/noticias\/wp-content\/uploads\/2025\/03\/chamada-vila-velha.jpg","type":"image\/jpeg"}],"author":"Adriana Rabelo","twitter_card":"summary_large_image","twitter_misc":{"Escrito por":"Adriana Rabelo","Est. tempo de leitura":"9 minutos"},"schema":{"@context":"https:\/\/schema.org","@graph":[{"@type":"WebSite","@id":"https:\/\/franciscanos.org.br\/noticias\/#website","url":"https:\/\/franciscanos.org.br\/noticias\/","name":"Not\u00edcias - Franciscanos","description":"Prov\u00edncia Franciscana da Imaculada Concei\u00e7\u00e3o do Brasil - Ordem dos Frades Menores - OFM","potentialAction":[{"@type":"SearchAction","target":{"@type":"EntryPoint","urlTemplate":"https:\/\/franciscanos.org.br\/noticias\/?s={search_term_string}"},"query-input":"required name=search_term_string"}],"inLanguage":"pt-BR"},{"@type":"ImageObject","inLanguage":"pt-BR","@id":"https:\/\/franciscanos.org.br\/noticias\/frei-pedro-engel-celebra-70-anos-de-vida-religiosa.html#primaryimage","url":"https:\/\/franciscanos.org.br\/noticias\/wp-content\/uploads\/2025\/03\/chamada-vila-velha.jpg","contentUrl":"https:\/\/franciscanos.org.br\/noticias\/wp-content\/uploads\/2025\/03\/chamada-vila-velha.jpg","width":800,"height":550},{"@type":"WebPage","@id":"https:\/\/franciscanos.org.br\/noticias\/frei-pedro-engel-celebra-70-anos-de-vida-religiosa.html#webpage","url":"https:\/\/franciscanos.org.br\/noticias\/frei-pedro-engel-celebra-70-anos-de-vida-religiosa.html","name":"Frei Pedro Engel celebra 70 anos de vida religiosa - Not\u00edcias - Franciscanos","isPartOf":{"@id":"https:\/\/franciscanos.org.br\/noticias\/#website"},"primaryImageOfPage":{"@id":"https:\/\/franciscanos.org.br\/noticias\/frei-pedro-engel-celebra-70-anos-de-vida-religiosa.html#primaryimage"},"datePublished":"2025-03-06T11:36:57+00:00","dateModified":"2025-03-06T11:36:57+00:00","author":{"@id":"https:\/\/franciscanos.org.br\/noticias\/#\/schema\/person\/d9422e83121c3ad3b0f423d195f5bb25"},"breadcrumb":{"@id":"https:\/\/franciscanos.org.br\/noticias\/frei-pedro-engel-celebra-70-anos-de-vida-religiosa.html#breadcrumb"},"inLanguage":"pt-BR","potentialAction":[{"@type":"ReadAction","target":["https:\/\/franciscanos.org.br\/noticias\/frei-pedro-engel-celebra-70-anos-de-vida-religiosa.html"]}]},{"@type":"BreadcrumbList","@id":"https:\/\/franciscanos.org.br\/noticias\/frei-pedro-engel-celebra-70-anos-de-vida-religiosa.html#breadcrumb","itemListElement":[{"@type":"ListItem","position":1,"name":"Home","item":"https:\/\/franciscanos.org.br\/noticias"},{"@type":"ListItem","position":2,"name":"Frei Pedro Engel celebra 70 anos de vida religiosa"}]},{"@type":"Person","@id":"https:\/\/franciscanos.org.br\/noticias\/#\/schema\/person\/d9422e83121c3ad3b0f423d195f5bb25","name":"Adriana Rabelo","image":{"@type":"ImageObject","inLanguage":"pt-BR","@id":"https:\/\/franciscanos.org.br\/noticias\/#\/schema\/person\/image\/","url":"https:\/\/secure.gravatar.com\/avatar\/0a937b7500cd7df77540cfb8bede877d?s=96&d=mm&r=g","contentUrl":"https:\/\/secure.gravatar.com\/avatar\/0a937b7500cd7df77540cfb8bede877d?s=96&d=mm&r=g","caption":"Adriana Rabelo"},"url":"https:\/\/franciscanos.org.br\/noticias\/author\/adrianarabelo"}]}},"_links":{"self":[{"href":"https:\/\/franciscanos.org.br\/noticias\/wp-json\/wp\/v2\/posts\/255090"}],"collection":[{"href":"https:\/\/franciscanos.org.br\/noticias\/wp-json\/wp\/v2\/posts"}],"about":[{"href":"https:\/\/franciscanos.org.br\/noticias\/wp-json\/wp\/v2\/types\/post"}],"author":[{"embeddable":true,"href":"https:\/\/franciscanos.org.br\/noticias\/wp-json\/wp\/v2\/users\/11"}],"replies":[{"embeddable":true,"href":"https:\/\/franciscanos.org.br\/noticias\/wp-json\/wp\/v2\/comments?post=255090"}],"version-history":[{"count":1,"href":"https:\/\/franciscanos.org.br\/noticias\/wp-json\/wp\/v2\/posts\/255090\/revisions"}],"predecessor-version":[{"id":255116,"href":"https:\/\/franciscanos.org.br\/noticias\/wp-json\/wp\/v2\/posts\/255090\/revisions\/255116"}],"wp:featuredmedia":[{"embeddable":true,"href":"https:\/\/franciscanos.org.br\/noticias\/wp-json\/wp\/v2\/media\/255092"}],"wp:attachment":[{"href":"https:\/\/franciscanos.org.br\/noticias\/wp-json\/wp\/v2\/media?parent=255090"}],"wp:term":[{"taxonomy":"category","embeddable":true,"href":"https:\/\/franciscanos.org.br\/noticias\/wp-json\/wp\/v2\/categories?post=255090"},{"taxonomy":"post_tag","embeddable":true,"href":"https:\/\/franciscanos.org.br\/noticias\/wp-json\/wp\/v2\/tags?post=255090"}],"curies":[{"name":"wp","href":"https:\/\/api.w.org\/{rel}","templated":true}]}}