{"id":255082,"date":"2025-03-05T16:07:38","date_gmt":"2025-03-05T19:07:38","guid":{"rendered":"https:\/\/franciscanos.org.br\/noticias\/?p=255082"},"modified":"2025-03-05T16:15:03","modified_gmt":"2025-03-05T19:15:03","slug":"mensagem-do-papa-francisco-por-ocasiao-do-inicio-da-campanha-da-fraternidade-2025","status":"publish","type":"post","link":"https:\/\/franciscanos.org.br\/noticias\/mensagem-do-papa-francisco-por-ocasiao-do-inicio-da-campanha-da-fraternidade-2025.html","title":{"rendered":"Mensagem do Papa Francisco por ocasi\u00e3o do in\u00edcio da Campanha da Fraternidade 2025"},"content":{"rendered":"<p><img loading=\"lazy\" class=\"aligncenter wp-image-255084 size-full\" src=\"https:\/\/franciscanos.org.br\/noticias\/wp-content\/uploads\/2025\/03\/materia-campanha-da-fraternidade.jpg\" alt=\"\" width=\"1280\" height=\"720\" srcset=\"https:\/\/franciscanos.org.br\/noticias\/wp-content\/uploads\/2025\/03\/materia-campanha-da-fraternidade.jpg 1280w, https:\/\/franciscanos.org.br\/noticias\/wp-content\/uploads\/2025\/03\/materia-campanha-da-fraternidade-450x253.jpg 450w, https:\/\/franciscanos.org.br\/noticias\/wp-content\/uploads\/2025\/03\/materia-campanha-da-fraternidade-1024x576.jpg 1024w, https:\/\/franciscanos.org.br\/noticias\/wp-content\/uploads\/2025\/03\/materia-campanha-da-fraternidade-768x432.jpg 768w, https:\/\/franciscanos.org.br\/noticias\/wp-content\/uploads\/2025\/03\/materia-campanha-da-fraternidade-150x84.jpg 150w\" sizes=\"(max-width: 1280px) 100vw, 1280px\" \/><\/p>\n<p>Nesta quarta-feira, 5 de mar\u00e7o, o Vaticano divulgou a mensagem do\u00a0 Papa Francisco enviada \u00e0 Confer\u00eancia Nacional dos Bispos do Brasil (CNBB) por ocasi\u00e3o da Campanha da Fraternidade 2025. No texto, ele felicita a Confer\u00eancia dos Bispos pela realiza\u00e7\u00e3o da Campanha, h\u00e1 mais de 60 anos. Francisco tamb\u00e9m louvou o \u201cesfor\u00e7o em propor o tema da ecologia, junto \u00e0 desejada convers\u00e3o pessoal a Cristo\u201d.<\/p>\n<p>\u201cQue todos n\u00f3s possamos, com o especial auxilio da gra\u00e7a de Deus neste tempo jubilar, mudar nossas convic\u00e7\u00f5es e pr\u00e1ticas para deixar que a natureza descanse das nossas explora\u00e7\u00f5es gananciosas\u201d, disse Francisco.<\/p>\n<p>A cada ano, os bispos do Conselho Episcopal Pastoral (CONSEP) da Confer\u00eancia Nacional dos Bispos do Brasil (CNBB), acolhendo as sugest\u00f5es vindas dos\u00a0regionais, dos organismos do Povo de Deus, das ordens e congrega\u00e7\u00f5es\u00a0religiosas\u00a0e dos fi\u00e9is\u00a0leigos e leigas,\u00a0escolhem um tema e um lema para a Campanha da Fraternidade, com o objetivo de chamar a aten\u00e7\u00e3o sobre uma situa\u00e7\u00e3o que, na sociedade, necessita de convers\u00e3o,\u00a0em vista\u00a0do bem de todos.<\/p>\n<p><img loading=\"lazy\" class=\"aligncenter wp-image-255086 size-full\" src=\"https:\/\/franciscanos.org.br\/noticias\/wp-content\/uploads\/2025\/03\/cq5dam.thumbnail.cropped.750.422.jpeg\" alt=\"\" width=\"750\" height=\"421\" srcset=\"https:\/\/franciscanos.org.br\/noticias\/wp-content\/uploads\/2025\/03\/cq5dam.thumbnail.cropped.750.422.jpeg 750w, https:\/\/franciscanos.org.br\/noticias\/wp-content\/uploads\/2025\/03\/cq5dam.thumbnail.cropped.750.422-450x253.jpeg 450w, https:\/\/franciscanos.org.br\/noticias\/wp-content\/uploads\/2025\/03\/cq5dam.thumbnail.cropped.750.422-150x84.jpeg 150w\" sizes=\"(max-width: 750px) 100vw, 750px\" \/><\/p>\n<p>Neste ano de 2025, motivados pelos 800 anos da composi\u00e7\u00e3o do C\u00e2ntico das Criaturas de S\u00e3o Francisco de Assis; pelos 10 anos de publica\u00e7\u00e3o da Carta Enc\u00edclica\u00a0Laudato\u00a0si\u2019; pela recente publica\u00e7\u00e3o da Exorta\u00e7\u00e3o Apost\u00f3lica\u00a0Laudate\u00a0Deum; pelos 10 anos de cria\u00e7\u00e3o da Rede Eclesial\u00a0PanAmaz\u00f4nica\u00a0(REPAM) e pela realiza\u00e7\u00e3o da COP 30, em Bel\u00e9m (PA), a primeira na Amaz\u00f4nia, acolhendo a sugest\u00e3o da Comiss\u00e3o Episcopal Especial para a Minera\u00e7\u00e3o e a Ecologia Integral, foi escolhido o tema:\u00a0<b>Fraternidade e Ecologia Integral<\/b>\u00a0e o lema:\u00a0<b>\u201cDeus viu que tudo era muito bom\u201d\u00a0(Gn\u00a01,31)<\/b>.<\/p>\n<p>A Ecologia \u00e9 a quest\u00e3o mais tratada pelas CF\u2019s ao longo destes 61 anos de exist\u00eancia. Foram 8 as CF\u2019s que de alguma forma abordaram essa tem\u00e1tica.<\/p>\n<p>Neste ano, a Campanha da Fraternidade aborda outra vez a tem\u00e1tica ambiental, com o objetivo de \u201cpromover, em esp\u00edrito quaresmal e em tempos de urgente crise socioambiental, um processo de convers\u00e3o integral, ouvindo o grito dos pobres e da Terra\u201d (Objetivo Geral da CF 2025).<\/p>\n<p><i>\u201cEstamos no dec\u00eanio decisivo para o planeta! Ou mudamos, convertemo-nos, ou provocaremos com nossas atitudes individuais e coletivas um colapso planet\u00e1rio. J\u00e1 estamos experimentando seu pren\u00fancio nas grandes cat\u00e1strofes que assolam o nosso pa\u00eds. E n\u00e3o existe planeta reserva! S\u00f3 temos este! E, embora ele viva sem n\u00f3s, n\u00f3s n\u00e3o vivemos sem ele. Ainda h\u00e1 tempo, mas o tempo \u00e9 agora! \u00c9 preciso urgente convers\u00e3o ecol\u00f3gica: passar da l\u00f3gica extrativista, que contempla a Terra como um reservat\u00f3rio sem fim de recursos, donde podemos retirar tudo aquilo que quisermos, como quisermos e quanto quisermos, para uma l\u00f3gica do cuidado\u201d.<\/i><\/p>\n<p>Como todos os anos, tamb\u00e9m neste ano de 2025 o Santo Padre envia uma mensagem para o in\u00edcio da Quaresma no Brasil e para o in\u00edcio da Campanha da Fraternidade. Eis a \u00edntegra da mensagem o Papa Francisco enviou para a Confer\u00eancia Nacional dos Bispos do Brasil, CNBB, com data de 11 de fevereiro de 2025, mem\u00f3ria lit\u00fargica de Nossa Senhora de Lourdes.<\/p>\n<p><strong>Confira abaixo a mensagem do Papa Francisco<\/strong><\/p>\n<p>&#8212;&#8212;&#8212;&#8212;&#8212;&#8212;&#8212;&#8212;&#8212;&#8212;&#8212;&#8212;&#8212;&#8212;&#8212;&#8212;&#8212;&#8212;&#8211;<\/p>\n<p>Queridos irm\u00e3os e irm\u00e3s do Brasil,<\/p>\n<p>Com este dia de jejum, penit\u00eancia e ora\u00e7\u00e3o, iniciamos a Quaresma deste Ano Jubilar da Encarna\u00e7\u00e3o. Nesta ocasi\u00e3o, desejo manifestar a minha proximidade \u00e0 Igreja peregrina nessa Na\u00e7\u00e3o e felicitar os meus irm\u00e3os da Confer\u00eancia Nacional dos Bispos do Brasil pela iniciativa da Campanha da Fraternidade, que se repete h\u00e1 mais de 60 anos e que neste ano tem como tema \u201cFraternidade e Ecologia Integral\u201d e como lema a passagem da Escritura na qual, contemplando a obra da cria\u00e7\u00e3o, \u201cDeus viu que tudo era muito bom\u201d (cf. Gn 1,31).<\/p>\n<p>Com a Campanha da Fraternidade, os bispos do Brasil convidam todo o povo brasileiro a trilhar, durante a Quaresma, um caminho de convers\u00e3o baseado na Carta Enc\u00edclica Laudato Si\u2019, que publiquei h\u00e1 quase 10 anos, em 24 de maio de 2015, e que senti necessidade de complementar com a Exorta\u00e7\u00e3o Apost\u00f3lica Laudate Deum, de 4 de outubro de 2023.<\/p>\n<p>Nestes documentos, quis chamar a aten\u00e7\u00e3o de toda a humanidade para a urg\u00eancia de uma necess\u00e1ria mudan\u00e7a de atitude em nossas rela\u00e7\u00f5es com o meio ambiente, recordando que a atual \u00abcrise ecol\u00f3gica \u00e9 um apelo a uma profunda convers\u00e3o interior\u00bb (Laudato Si\u2019, 217). Neste sentido, o meu predecessor de vener\u00e1vel mem\u00f3ria, S\u00e3o Jo\u00e3o Paulo II, j\u00e1 alertava que era \u00abpreciso estimular e apoiar a \u201cconvers\u00e3o ecol\u00f3gica\u201d, que tornou a humanidade mais sens\u00edvel\u00bb (Audi\u00eancia, 17 de janeiro de 2001) ao tema do cuidado com a Casa Comum.<\/p>\n<p>Por isso, louvo o esfor\u00e7o da Confer\u00eancia Episcopal em propor mais uma vez como horizonte o tema da ecologia, junto \u00e0 desejada convers\u00e3o pessoal de cada fiel a Cristo. Que todos n\u00f3s possamos, com o especial auxilio da gra\u00e7a de Deus neste tempo jubilar, mudar nossas convic\u00e7\u00f5es e pr\u00e1ticas para deixar que a natureza descanse das nossas explora\u00e7\u00f5es gananciosas.<\/p>\n<p>O tema da Campanha da Fraternidade deste ano expressa tamb\u00e9m a disponibilidade da Igreja no Brasil em dar a sua contribui\u00e7\u00e3o para que, durante a COP 30 do pr\u00f3ximo m\u00eas de novembro, que se realizar\u00e1 em Bel\u00e9m do Par\u00e1, no cora\u00e7\u00e3o da querida Amaz\u00f4nia, as na\u00e7\u00f5es e os organismos internacionais possam comprometer-se efetivamente com pr\u00e1ticas que ajudem na supera\u00e7\u00e3o da crise clim\u00e1tica e na preserva\u00e7\u00e3o da obra maravilhosa da Cria\u00e7\u00e3o, que Deus nos confiou e que temos a responsabilidade de transmitir \u00e0s futuras gera\u00e7\u00f5es.<\/p>\n<p>Desejo que esse itiner\u00e1rio quaresmal d\u00ea muitos frutos e nos encha a todos de Esperan\u00e7a, da qual somos peregrinos neste Jubileu. Fa\u00e7o votos que a Campanha da Fraternidade seja novamente um poderoso aux\u00edlio para as pessoas e comunidades desse amado Pa\u00eds no seu processo de convers\u00e3o ao Evangelho de Nosso Senhor Jesus Cristo e de compromisso concreto com a Ecologia Integral.<\/p>\n<p>Confiando estes votos aos cuidados de Nossa Senhora Aparecida, concedo de bom grado a B\u00ean\u00e7\u00e3o Apost\u00f3lica a todos os filhos e filhas da querida na\u00e7\u00e3o brasileira, de modo especial \u00e0queles que se empenham no cuidado com a Casa Comum, pedindo que continuem a rezar por mim.<\/p>\n<p>Roma, S\u00e3o Jo\u00e3o de Latr\u00e3o, 11 de fevereiro de 2025, mem\u00f3ria lit\u00fargica de Nossa Senhora de Lourdes.<\/p>\n<p>Franciscus<\/p>\n<p><a href=\"https:\/\/franciscanos.org.br\/banca\/wp-content\/uploads\/2025\/03\/Messaggio-per-la-Quaresima.pdf\"><span style=\"color: #000080;\"><strong>Acesse o documento oficial<\/strong><\/span><\/a><\/p>\n<hr \/>\n<p><em>Fontes: https:\/\/www.vaticannews.va\/<\/em><\/p>\n<p><em>https:\/\/www.cnbb.org.br\/<\/em><\/p>\n","protected":false},"excerpt":{"rendered":"<p>Campanha da Fraternidade 2025<\/p>\n","protected":false},"author":11,"featured_media":255083,"comment_status":"open","ping_status":"open","sticky":false,"template":"","format":"standard","meta":[],"categories":[1,1428],"tags":[2232,55],"acf":[],"yoast_head":"<!-- This site is optimized with the Yoast SEO plugin v19.2 - https:\/\/yoast.com\/wordpress\/plugins\/seo\/ -->\n<title>Mensagem do Papa Francisco por ocasi\u00e3o do in\u00edcio da Campanha da Fraternidade 2025 - Not\u00edcias - Franciscanos<\/title>\n<meta name=\"robots\" content=\"index, follow, max-snippet:-1, max-image-preview:large, max-video-preview:-1\" \/>\n<link rel=\"canonical\" href=\"https:\/\/franciscanos.org.br\/noticias\/mensagem-do-papa-francisco-por-ocasiao-do-inicio-da-campanha-da-fraternidade-2025.html\" \/>\n<meta property=\"og:locale\" content=\"pt_BR\" \/>\n<meta property=\"og:type\" content=\"article\" \/>\n<meta property=\"og:title\" content=\"Mensagem do Papa Francisco por ocasi\u00e3o do in\u00edcio da Campanha da Fraternidade 2025 - Not\u00edcias - Franciscanos\" \/>\n<meta property=\"og:description\" content=\"Campanha da Fraternidade 2025\" \/>\n<meta property=\"og:url\" content=\"https:\/\/franciscanos.org.br\/noticias\/mensagem-do-papa-francisco-por-ocasiao-do-inicio-da-campanha-da-fraternidade-2025.html\" \/>\n<meta property=\"og:site_name\" content=\"Not\u00edcias - Franciscanos\" \/>\n<meta property=\"article:published_time\" content=\"2025-03-05T19:07:38+00:00\" \/>\n<meta property=\"article:modified_time\" content=\"2025-03-05T19:15:03+00:00\" \/>\n<meta property=\"og:image\" content=\"https:\/\/franciscanos.org.br\/noticias\/wp-content\/uploads\/2025\/03\/CF-800.jpg\" \/>\n\t<meta property=\"og:image:width\" content=\"800\" \/>\n\t<meta property=\"og:image:height\" content=\"550\" \/>\n\t<meta property=\"og:image:type\" content=\"image\/jpeg\" \/>\n<meta name=\"author\" content=\"Adriana Rabelo\" \/>\n<meta name=\"twitter:card\" content=\"summary_large_image\" \/>\n<meta name=\"twitter:label1\" content=\"Escrito por\" \/>\n\t<meta name=\"twitter:data1\" content=\"Adriana Rabelo\" \/>\n\t<meta name=\"twitter:label2\" content=\"Est. tempo de leitura\" \/>\n\t<meta name=\"twitter:data2\" content=\"6 minutos\" \/>\n<script type=\"application\/ld+json\" class=\"yoast-schema-graph\">{\"@context\":\"https:\/\/schema.org\",\"@graph\":[{\"@type\":\"WebSite\",\"@id\":\"https:\/\/franciscanos.org.br\/noticias\/#website\",\"url\":\"https:\/\/franciscanos.org.br\/noticias\/\",\"name\":\"Not\u00edcias - Franciscanos\",\"description\":\"Prov\u00edncia Franciscana da Imaculada Concei\u00e7\u00e3o do Brasil - Ordem dos Frades Menores - OFM\",\"potentialAction\":[{\"@type\":\"SearchAction\",\"target\":{\"@type\":\"EntryPoint\",\"urlTemplate\":\"https:\/\/franciscanos.org.br\/noticias\/?s={search_term_string}\"},\"query-input\":\"required name=search_term_string\"}],\"inLanguage\":\"pt-BR\"},{\"@type\":\"ImageObject\",\"inLanguage\":\"pt-BR\",\"@id\":\"https:\/\/franciscanos.org.br\/noticias\/mensagem-do-papa-francisco-por-ocasiao-do-inicio-da-campanha-da-fraternidade-2025.html#primaryimage\",\"url\":\"https:\/\/franciscanos.org.br\/noticias\/wp-content\/uploads\/2025\/03\/CF-800.jpg\",\"contentUrl\":\"https:\/\/franciscanos.org.br\/noticias\/wp-content\/uploads\/2025\/03\/CF-800.jpg\",\"width\":800,\"height\":550},{\"@type\":\"WebPage\",\"@id\":\"https:\/\/franciscanos.org.br\/noticias\/mensagem-do-papa-francisco-por-ocasiao-do-inicio-da-campanha-da-fraternidade-2025.html#webpage\",\"url\":\"https:\/\/franciscanos.org.br\/noticias\/mensagem-do-papa-francisco-por-ocasiao-do-inicio-da-campanha-da-fraternidade-2025.html\",\"name\":\"Mensagem do Papa Francisco por ocasi\u00e3o do in\u00edcio da Campanha da Fraternidade 2025 - Not\u00edcias - Franciscanos\",\"isPartOf\":{\"@id\":\"https:\/\/franciscanos.org.br\/noticias\/#website\"},\"primaryImageOfPage\":{\"@id\":\"https:\/\/franciscanos.org.br\/noticias\/mensagem-do-papa-francisco-por-ocasiao-do-inicio-da-campanha-da-fraternidade-2025.html#primaryimage\"},\"datePublished\":\"2025-03-05T19:07:38+00:00\",\"dateModified\":\"2025-03-05T19:15:03+00:00\",\"author\":{\"@id\":\"https:\/\/franciscanos.org.br\/noticias\/#\/schema\/person\/d9422e83121c3ad3b0f423d195f5bb25\"},\"breadcrumb\":{\"@id\":\"https:\/\/franciscanos.org.br\/noticias\/mensagem-do-papa-francisco-por-ocasiao-do-inicio-da-campanha-da-fraternidade-2025.html#breadcrumb\"},\"inLanguage\":\"pt-BR\",\"potentialAction\":[{\"@type\":\"ReadAction\",\"target\":[\"https:\/\/franciscanos.org.br\/noticias\/mensagem-do-papa-francisco-por-ocasiao-do-inicio-da-campanha-da-fraternidade-2025.html\"]}]},{\"@type\":\"BreadcrumbList\",\"@id\":\"https:\/\/franciscanos.org.br\/noticias\/mensagem-do-papa-francisco-por-ocasiao-do-inicio-da-campanha-da-fraternidade-2025.html#breadcrumb\",\"itemListElement\":[{\"@type\":\"ListItem\",\"position\":1,\"name\":\"Home\",\"item\":\"https:\/\/franciscanos.org.br\/noticias\"},{\"@type\":\"ListItem\",\"position\":2,\"name\":\"Mensagem do Papa Francisco por ocasi\u00e3o do in\u00edcio da Campanha da Fraternidade 2025\"}]},{\"@type\":\"Person\",\"@id\":\"https:\/\/franciscanos.org.br\/noticias\/#\/schema\/person\/d9422e83121c3ad3b0f423d195f5bb25\",\"name\":\"Adriana Rabelo\",\"image\":{\"@type\":\"ImageObject\",\"inLanguage\":\"pt-BR\",\"@id\":\"https:\/\/franciscanos.org.br\/noticias\/#\/schema\/person\/image\/\",\"url\":\"https:\/\/secure.gravatar.com\/avatar\/0a937b7500cd7df77540cfb8bede877d?s=96&d=mm&r=g\",\"contentUrl\":\"https:\/\/secure.gravatar.com\/avatar\/0a937b7500cd7df77540cfb8bede877d?s=96&d=mm&r=g\",\"caption\":\"Adriana Rabelo\"},\"url\":\"https:\/\/franciscanos.org.br\/noticias\/author\/adrianarabelo\"}]}<\/script>\n<!-- \/ Yoast SEO plugin. -->","yoast_head_json":{"title":"Mensagem do Papa Francisco por ocasi\u00e3o do in\u00edcio da Campanha da Fraternidade 2025 - Not\u00edcias - Franciscanos","robots":{"index":"index","follow":"follow","max-snippet":"max-snippet:-1","max-image-preview":"max-image-preview:large","max-video-preview":"max-video-preview:-1"},"canonical":"https:\/\/franciscanos.org.br\/noticias\/mensagem-do-papa-francisco-por-ocasiao-do-inicio-da-campanha-da-fraternidade-2025.html","og_locale":"pt_BR","og_type":"article","og_title":"Mensagem do Papa Francisco por ocasi\u00e3o do in\u00edcio da Campanha da Fraternidade 2025 - Not\u00edcias - Franciscanos","og_description":"Campanha da Fraternidade 2025","og_url":"https:\/\/franciscanos.org.br\/noticias\/mensagem-do-papa-francisco-por-ocasiao-do-inicio-da-campanha-da-fraternidade-2025.html","og_site_name":"Not\u00edcias - Franciscanos","article_published_time":"2025-03-05T19:07:38+00:00","article_modified_time":"2025-03-05T19:15:03+00:00","og_image":[{"width":800,"height":550,"url":"https:\/\/franciscanos.org.br\/noticias\/wp-content\/uploads\/2025\/03\/CF-800.jpg","type":"image\/jpeg"}],"author":"Adriana Rabelo","twitter_card":"summary_large_image","twitter_misc":{"Escrito por":"Adriana Rabelo","Est. tempo de leitura":"6 minutos"},"schema":{"@context":"https:\/\/schema.org","@graph":[{"@type":"WebSite","@id":"https:\/\/franciscanos.org.br\/noticias\/#website","url":"https:\/\/franciscanos.org.br\/noticias\/","name":"Not\u00edcias - Franciscanos","description":"Prov\u00edncia Franciscana da Imaculada Concei\u00e7\u00e3o do Brasil - Ordem dos Frades Menores - OFM","potentialAction":[{"@type":"SearchAction","target":{"@type":"EntryPoint","urlTemplate":"https:\/\/franciscanos.org.br\/noticias\/?s={search_term_string}"},"query-input":"required name=search_term_string"}],"inLanguage":"pt-BR"},{"@type":"ImageObject","inLanguage":"pt-BR","@id":"https:\/\/franciscanos.org.br\/noticias\/mensagem-do-papa-francisco-por-ocasiao-do-inicio-da-campanha-da-fraternidade-2025.html#primaryimage","url":"https:\/\/franciscanos.org.br\/noticias\/wp-content\/uploads\/2025\/03\/CF-800.jpg","contentUrl":"https:\/\/franciscanos.org.br\/noticias\/wp-content\/uploads\/2025\/03\/CF-800.jpg","width":800,"height":550},{"@type":"WebPage","@id":"https:\/\/franciscanos.org.br\/noticias\/mensagem-do-papa-francisco-por-ocasiao-do-inicio-da-campanha-da-fraternidade-2025.html#webpage","url":"https:\/\/franciscanos.org.br\/noticias\/mensagem-do-papa-francisco-por-ocasiao-do-inicio-da-campanha-da-fraternidade-2025.html","name":"Mensagem do Papa Francisco por ocasi\u00e3o do in\u00edcio da Campanha da Fraternidade 2025 - Not\u00edcias - Franciscanos","isPartOf":{"@id":"https:\/\/franciscanos.org.br\/noticias\/#website"},"primaryImageOfPage":{"@id":"https:\/\/franciscanos.org.br\/noticias\/mensagem-do-papa-francisco-por-ocasiao-do-inicio-da-campanha-da-fraternidade-2025.html#primaryimage"},"datePublished":"2025-03-05T19:07:38+00:00","dateModified":"2025-03-05T19:15:03+00:00","author":{"@id":"https:\/\/franciscanos.org.br\/noticias\/#\/schema\/person\/d9422e83121c3ad3b0f423d195f5bb25"},"breadcrumb":{"@id":"https:\/\/franciscanos.org.br\/noticias\/mensagem-do-papa-francisco-por-ocasiao-do-inicio-da-campanha-da-fraternidade-2025.html#breadcrumb"},"inLanguage":"pt-BR","potentialAction":[{"@type":"ReadAction","target":["https:\/\/franciscanos.org.br\/noticias\/mensagem-do-papa-francisco-por-ocasiao-do-inicio-da-campanha-da-fraternidade-2025.html"]}]},{"@type":"BreadcrumbList","@id":"https:\/\/franciscanos.org.br\/noticias\/mensagem-do-papa-francisco-por-ocasiao-do-inicio-da-campanha-da-fraternidade-2025.html#breadcrumb","itemListElement":[{"@type":"ListItem","position":1,"name":"Home","item":"https:\/\/franciscanos.org.br\/noticias"},{"@type":"ListItem","position":2,"name":"Mensagem do Papa Francisco por ocasi\u00e3o do in\u00edcio da Campanha da Fraternidade 2025"}]},{"@type":"Person","@id":"https:\/\/franciscanos.org.br\/noticias\/#\/schema\/person\/d9422e83121c3ad3b0f423d195f5bb25","name":"Adriana Rabelo","image":{"@type":"ImageObject","inLanguage":"pt-BR","@id":"https:\/\/franciscanos.org.br\/noticias\/#\/schema\/person\/image\/","url":"https:\/\/secure.gravatar.com\/avatar\/0a937b7500cd7df77540cfb8bede877d?s=96&d=mm&r=g","contentUrl":"https:\/\/secure.gravatar.com\/avatar\/0a937b7500cd7df77540cfb8bede877d?s=96&d=mm&r=g","caption":"Adriana Rabelo"},"url":"https:\/\/franciscanos.org.br\/noticias\/author\/adrianarabelo"}]}},"_links":{"self":[{"href":"https:\/\/franciscanos.org.br\/noticias\/wp-json\/wp\/v2\/posts\/255082"}],"collection":[{"href":"https:\/\/franciscanos.org.br\/noticias\/wp-json\/wp\/v2\/posts"}],"about":[{"href":"https:\/\/franciscanos.org.br\/noticias\/wp-json\/wp\/v2\/types\/post"}],"author":[{"embeddable":true,"href":"https:\/\/franciscanos.org.br\/noticias\/wp-json\/wp\/v2\/users\/11"}],"replies":[{"embeddable":true,"href":"https:\/\/franciscanos.org.br\/noticias\/wp-json\/wp\/v2\/comments?post=255082"}],"version-history":[{"count":3,"href":"https:\/\/franciscanos.org.br\/noticias\/wp-json\/wp\/v2\/posts\/255082\/revisions"}],"predecessor-version":[{"id":255089,"href":"https:\/\/franciscanos.org.br\/noticias\/wp-json\/wp\/v2\/posts\/255082\/revisions\/255089"}],"wp:featuredmedia":[{"embeddable":true,"href":"https:\/\/franciscanos.org.br\/noticias\/wp-json\/wp\/v2\/media\/255083"}],"wp:attachment":[{"href":"https:\/\/franciscanos.org.br\/noticias\/wp-json\/wp\/v2\/media?parent=255082"}],"wp:term":[{"taxonomy":"category","embeddable":true,"href":"https:\/\/franciscanos.org.br\/noticias\/wp-json\/wp\/v2\/categories?post=255082"},{"taxonomy":"post_tag","embeddable":true,"href":"https:\/\/franciscanos.org.br\/noticias\/wp-json\/wp\/v2\/tags?post=255082"}],"curies":[{"name":"wp","href":"https:\/\/api.w.org\/{rel}","templated":true}]}}