{"id":255063,"date":"2025-02-27T14:52:18","date_gmt":"2025-02-27T17:52:18","guid":{"rendered":"https:\/\/franciscanos.org.br\/noticias\/?p=255063"},"modified":"2025-02-27T14:52:18","modified_gmt":"2025-02-27T17:52:18","slug":"usf-sedia-abertura-da-campanha-da-fraternidade-em-parceria-com-a-diocese-de-braganca-paulista","status":"publish","type":"post","link":"https:\/\/franciscanos.org.br\/noticias\/usf-sedia-abertura-da-campanha-da-fraternidade-em-parceria-com-a-diocese-de-braganca-paulista.html","title":{"rendered":"USF sedia abertura da Campanha da Fraternidade em parceria com a Diocese de Bragan\u00e7a Paulista"},"content":{"rendered":"<p><img loading=\"lazy\" class=\"aligncenter wp-image-255071 size-full\" src=\"https:\/\/franciscanos.org.br\/noticias\/wp-content\/uploads\/2025\/02\/MATERIA-USF-6-2.jpg\" alt=\"\" width=\"1280\" height=\"720\" srcset=\"https:\/\/franciscanos.org.br\/noticias\/wp-content\/uploads\/2025\/02\/MATERIA-USF-6-2.jpg 1280w, https:\/\/franciscanos.org.br\/noticias\/wp-content\/uploads\/2025\/02\/MATERIA-USF-6-2-450x253.jpg 450w, https:\/\/franciscanos.org.br\/noticias\/wp-content\/uploads\/2025\/02\/MATERIA-USF-6-2-1024x576.jpg 1024w, https:\/\/franciscanos.org.br\/noticias\/wp-content\/uploads\/2025\/02\/MATERIA-USF-6-2-768x432.jpg 768w, https:\/\/franciscanos.org.br\/noticias\/wp-content\/uploads\/2025\/02\/MATERIA-USF-6-2-150x84.jpg 150w\" sizes=\"(max-width: 1280px) 100vw, 1280px\" \/><\/p>\n<p>A Universidade S\u00e3o Francisco (USF), em conjunto com a Prov\u00edncia Franciscana da Imaculada da Concei\u00e7\u00e3o e a Diocese de Bragan\u00e7a Paulista, promoveu a abertura da Campanha da Fraternidade 2025 \u2013 Fraternidade e Ecologia, no dia 26 de fevereiro, no C\u00e2mpus Bragan\u00e7a Paulista. O evento contou com representantes de par\u00f3quias de toda a regi\u00e3o bragantina.<\/p>\n<p>Participaram do encontro o Bispo Diocesano, Dom S\u00e9rgio Colombo, o Presidente da Mantenedora da Casa de Nossa Senhora da Paz, Frei Daniel Dellandrea, o Vice-Presidente, Frei Alvaci Mendes da Luz. Tamb\u00e9m estiveram presentes o Reitor da USF, Frei Gilberto Gon\u00e7alves Garcia, o Pr\u00f3-Reitor de Ensino, Pesquisa e Extens\u00e3o, professor Dilnei Lorenzi, e o Pr\u00f3-Reitor de Administra\u00e7\u00e3o e Planejamento, Adriel Moura Cabral. Tamb\u00e9m estavam presentes \u00a0Frei Vit\u00f3rio Mazzuco, Coordenador do N\u00facleo Pastoral Universit\u00e1ria; a diretora do C\u00e2mpus Bragan\u00e7a Paulista, professora Patr\u00edcia Teixeira Costa; o coordenador do SEFRAS (Servi\u00e7o de A\u00e7\u00e3o Social Franciscana), F\u00e1bio Paes e o Secret\u00e1rio Municipal de Meio Ambiente, Jo\u00e3o Ricardo Guimar\u00e3es Caetano. O evento reuniu, al\u00e9m dessas autoridades, membros da comunidade, professores e estudantes. O evento teve como mestre de cerim\u00f4nias o professor Rodrigo Parras.<\/p>\n<p><img loading=\"lazy\" class=\"size-medium wp-image-254937 alignright\" src=\"https:\/\/franciscanos.org.br\/noticias\/wp-content\/uploads\/2025\/02\/WhatsApp-Image-2024-08-02-at-12.57.26-500x708-1-318x450.jpeg\" alt=\"\" width=\"318\" height=\"450\" srcset=\"https:\/\/franciscanos.org.br\/noticias\/wp-content\/uploads\/2025\/02\/WhatsApp-Image-2024-08-02-at-12.57.26-500x708-1-318x450.jpeg 318w, https:\/\/franciscanos.org.br\/noticias\/wp-content\/uploads\/2025\/02\/WhatsApp-Image-2024-08-02-at-12.57.26-500x708-1-150x212.jpeg 150w, https:\/\/franciscanos.org.br\/noticias\/wp-content\/uploads\/2025\/02\/WhatsApp-Image-2024-08-02-at-12.57.26-500x708-1.jpeg 500w\" sizes=\"(max-width: 318px) 100vw, 318px\" \/>A Campanha da Fraternidade de 2025 tem como tema &#8220;Fraternidade e Ecologia Integral&#8221; e o lema &#8220;Deus viu que tudo era muito bom&#8221; (Gn 1,31).\u00a0 A Igreja Cat\u00f3lica do Brasil convida \u00e0 reflex\u00e3o sobre a Ecologia Integral, conceito que integra as dimens\u00f5es ambiental, social, cultural e espiritual, enfatizando a interconex\u00e3o de toda a cria\u00e7\u00e3o. \u201cSabemos que a Provid\u00eancia \u00e9 um dos atributos de Deus, e \u00e9 providencial estarmos aqui, na Universidade S\u00e3o Francisco, t\u00e3o querida por todos n\u00f3s, para abrir a Campanha da Fraternidade com o tema Ecologia Integral. Esse tema est\u00e1 diretamente ligado \u00e0 casa em que estamos, \u00e0 figura de seu patrono, S\u00e3o Francisco, que tamb\u00e9m \u00e9 o patrono da ecologia. A Campanha da Fraternidade deste ano, integrada \u00e0 Quaresma, traz como tema Fraternidade e Ecologia Integral e o lema &#8220;Deus viu que tudo era muito bom&#8221;. Mais uma vez, esse \u00e9 um tempo prop\u00edcio para a convers\u00e3o, que nos convida \u00e0 abertura do cora\u00e7\u00e3o, ao conhecimento, \u00e0 ora\u00e7\u00e3o e ao compromisso com a quest\u00e3o ecol\u00f3gica e ambiental. Vivemos um momento de profundo questionamento sobre os rumos do planeta, diante de uma cat\u00e1strofe iminente j\u00e1 anunciada \u2013 um verdadeiro sinal dos tempos\u201d, ressaltou o Bispo Diocesano durante a abertura.<\/p>\n<p>Com o prop\u00f3sito de fortalecer os la\u00e7os entre a Igreja e a Universidade, o momento proporcionou um espa\u00e7o de aprendizado e engajamento sobre a tem\u00e1tica escolhida para este ano. Destacando a import\u00e2ncia dessa iniciativa,a respons\u00e1vel pela comunica\u00e7\u00e3o da Diocese destacou a import\u00e2ncia da uni\u00e3o entre a Universidade e a Igreja. &#8220;O evento de hoje \u00e9 fundamental para fortalecer a articula\u00e7\u00e3o entre a Igreja e a Universidade, al\u00e9m de incentivar a participa\u00e7\u00e3o da comunidade em nossa Diocese, que \u00e9 extensa. Selecionamos membros atuantes nas par\u00f3quias para aprofundar a compreens\u00e3o sobre o tema da Campanha da Fraternidade, vivenciado dentro do per\u00edodo da Quaresma&#8221;, explicou a respons\u00e1vel pela comunica\u00e7\u00e3o da Diocese de Bragan\u00e7a Paulista, Edite Neves.<\/p>\n<p>Em sua palestra, Frei Vit\u00f3rio abordou a trajet\u00f3ria de S\u00e3o Francisco de Assis e como a escolha de temas da Campanha da Fraternidade inspira a promover a transforma\u00e7\u00e3o. \u201cPorque o dom de existir est\u00e1 ligado \u00e0 casa comum que compartilhamos. Sentir-se bem nela significa cuidar da sua harmonia, conviver em equil\u00edbrio, e n\u00e3o apenas us\u00e1-la. Devemos conviver sem destruir, sem apoiar sistemas utilit\u00e1rios que exploram sem considerar as consequ\u00eancias. Vivemos um encontro constante entre diversas for\u00e7as e naturezas: a natureza divina, a humana, a biol\u00f3gica e a tecnol\u00f3gica. Essa interse\u00e7\u00e3o trouxe uma mudan\u00e7a radical no nosso estilo de vida, impactando profundamente as estruturas que sustentam a vida\u201d, disse Frei Vit\u00f3rio.<\/p>\n<p>Ap\u00f3s a palestra, o representante do SEFRAS apresentou a Revista Casa Comum, uma iniciativa articulada com mais de 48 redes e movimentos, desde organiza\u00e7\u00f5es ambientalistas e de direitos humanos, movimentos negros e de mulheres. Essa revista \u00e9 constru\u00edda de forma coletiva, com uma perspectiva jornal\u00edstica acess\u00edvel, para promover um di\u00e1logo amplo.<\/p>\n<p>O encerramento foi realizado pelo presidente da Mantenedora que relembrou datas importantes que ser\u00e3o celebradas neste ano de 2025 e como dialogam com o tema da Campanha da Fraternidade. \u201cMas hoje, al\u00e9m de celebrar a Campanha da Fraternidade, temos muitos outros motivos para nos alegrarmos. Como conversava com Dom S\u00e9rgio, este \u00e9 um ano marcado por grandes celebra\u00e7\u00f5es: os 800 anos do C\u00e2ntico do Irm\u00e3o Sol, os 10 anos da Enc\u00edclica Laudato Si\u2019, os 100 anos da Diocese de Bragan\u00e7a e os 350 anos da presen\u00e7a evangelizadora da Prov\u00edncia Franciscana da Imaculada Concei\u00e7\u00e3o. Esse tempo jubilar nos convida \u00e0 gratid\u00e3o, mas tamb\u00e9m \u00e0 responsabilidade. A Campanha da Fraternidade nos provoca e nos desafia\u201d, concluiu Frei Daniel.<\/p>\n<p><a href=\"https:\/\/www.youtube.com\/watch?v=nNQuZwB-h0s&amp;t=452s\">Clique aqui<\/a>\u00a0para assistir a palestra.<\/p>\n<hr \/>\n<p><em>Ana Paula Moreira- Asssessoria USF<\/em><\/p>\n","protected":false},"excerpt":{"rendered":"<p>Campanha da Fraternidade 2025<\/p>\n","protected":false},"author":11,"featured_media":255069,"comment_status":"open","ping_status":"open","sticky":false,"template":"","format":"standard","meta":[],"categories":[1],"tags":[2232,354],"acf":[],"yoast_head":"<!-- This site is optimized with the Yoast SEO plugin v19.2 - https:\/\/yoast.com\/wordpress\/plugins\/seo\/ -->\n<title>USF sedia abertura da Campanha da Fraternidade em parceria com a Diocese de Bragan\u00e7a Paulista - Not\u00edcias - Franciscanos<\/title>\n<meta name=\"robots\" content=\"index, follow, max-snippet:-1, max-image-preview:large, max-video-preview:-1\" \/>\n<link rel=\"canonical\" href=\"https:\/\/franciscanos.org.br\/noticias\/usf-sedia-abertura-da-campanha-da-fraternidade-em-parceria-com-a-diocese-de-braganca-paulista.html\" \/>\n<meta property=\"og:locale\" content=\"pt_BR\" \/>\n<meta property=\"og:type\" content=\"article\" \/>\n<meta property=\"og:title\" content=\"USF sedia abertura da Campanha da Fraternidade em parceria com a Diocese de Bragan\u00e7a Paulista - Not\u00edcias - Franciscanos\" \/>\n<meta property=\"og:description\" content=\"Campanha da Fraternidade 2025\" \/>\n<meta property=\"og:url\" content=\"https:\/\/franciscanos.org.br\/noticias\/usf-sedia-abertura-da-campanha-da-fraternidade-em-parceria-com-a-diocese-de-braganca-paulista.html\" \/>\n<meta property=\"og:site_name\" content=\"Not\u00edcias - Franciscanos\" \/>\n<meta property=\"article:published_time\" content=\"2025-02-27T17:52:18+00:00\" \/>\n<meta property=\"og:image\" content=\"https:\/\/franciscanos.org.br\/noticias\/wp-content\/uploads\/2025\/02\/CHAMADA-CAMPANHA-USF-8.jpg\" \/>\n\t<meta property=\"og:image:width\" content=\"800\" \/>\n\t<meta property=\"og:image:height\" content=\"550\" \/>\n\t<meta property=\"og:image:type\" content=\"image\/jpeg\" \/>\n<meta name=\"author\" content=\"Adriana Rabelo\" \/>\n<meta name=\"twitter:card\" content=\"summary_large_image\" \/>\n<meta name=\"twitter:label1\" content=\"Escrito por\" \/>\n\t<meta name=\"twitter:data1\" content=\"Adriana Rabelo\" \/>\n\t<meta name=\"twitter:label2\" content=\"Est. tempo de leitura\" \/>\n\t<meta name=\"twitter:data2\" content=\"4 minutos\" \/>\n<script type=\"application\/ld+json\" class=\"yoast-schema-graph\">{\"@context\":\"https:\/\/schema.org\",\"@graph\":[{\"@type\":\"WebSite\",\"@id\":\"https:\/\/franciscanos.org.br\/noticias\/#website\",\"url\":\"https:\/\/franciscanos.org.br\/noticias\/\",\"name\":\"Not\u00edcias - Franciscanos\",\"description\":\"Prov\u00edncia Franciscana da Imaculada Concei\u00e7\u00e3o do Brasil - Ordem dos Frades Menores - OFM\",\"potentialAction\":[{\"@type\":\"SearchAction\",\"target\":{\"@type\":\"EntryPoint\",\"urlTemplate\":\"https:\/\/franciscanos.org.br\/noticias\/?s={search_term_string}\"},\"query-input\":\"required name=search_term_string\"}],\"inLanguage\":\"pt-BR\"},{\"@type\":\"ImageObject\",\"inLanguage\":\"pt-BR\",\"@id\":\"https:\/\/franciscanos.org.br\/noticias\/usf-sedia-abertura-da-campanha-da-fraternidade-em-parceria-com-a-diocese-de-braganca-paulista.html#primaryimage\",\"url\":\"https:\/\/franciscanos.org.br\/noticias\/wp-content\/uploads\/2025\/02\/CHAMADA-CAMPANHA-USF-8.jpg\",\"contentUrl\":\"https:\/\/franciscanos.org.br\/noticias\/wp-content\/uploads\/2025\/02\/CHAMADA-CAMPANHA-USF-8.jpg\",\"width\":800,\"height\":550},{\"@type\":\"WebPage\",\"@id\":\"https:\/\/franciscanos.org.br\/noticias\/usf-sedia-abertura-da-campanha-da-fraternidade-em-parceria-com-a-diocese-de-braganca-paulista.html#webpage\",\"url\":\"https:\/\/franciscanos.org.br\/noticias\/usf-sedia-abertura-da-campanha-da-fraternidade-em-parceria-com-a-diocese-de-braganca-paulista.html\",\"name\":\"USF sedia abertura da Campanha da Fraternidade em parceria com a Diocese de Bragan\u00e7a Paulista - Not\u00edcias - Franciscanos\",\"isPartOf\":{\"@id\":\"https:\/\/franciscanos.org.br\/noticias\/#website\"},\"primaryImageOfPage\":{\"@id\":\"https:\/\/franciscanos.org.br\/noticias\/usf-sedia-abertura-da-campanha-da-fraternidade-em-parceria-com-a-diocese-de-braganca-paulista.html#primaryimage\"},\"datePublished\":\"2025-02-27T17:52:18+00:00\",\"dateModified\":\"2025-02-27T17:52:18+00:00\",\"author\":{\"@id\":\"https:\/\/franciscanos.org.br\/noticias\/#\/schema\/person\/d9422e83121c3ad3b0f423d195f5bb25\"},\"breadcrumb\":{\"@id\":\"https:\/\/franciscanos.org.br\/noticias\/usf-sedia-abertura-da-campanha-da-fraternidade-em-parceria-com-a-diocese-de-braganca-paulista.html#breadcrumb\"},\"inLanguage\":\"pt-BR\",\"potentialAction\":[{\"@type\":\"ReadAction\",\"target\":[\"https:\/\/franciscanos.org.br\/noticias\/usf-sedia-abertura-da-campanha-da-fraternidade-em-parceria-com-a-diocese-de-braganca-paulista.html\"]}]},{\"@type\":\"BreadcrumbList\",\"@id\":\"https:\/\/franciscanos.org.br\/noticias\/usf-sedia-abertura-da-campanha-da-fraternidade-em-parceria-com-a-diocese-de-braganca-paulista.html#breadcrumb\",\"itemListElement\":[{\"@type\":\"ListItem\",\"position\":1,\"name\":\"Home\",\"item\":\"https:\/\/franciscanos.org.br\/noticias\"},{\"@type\":\"ListItem\",\"position\":2,\"name\":\"USF sedia abertura da Campanha da Fraternidade em parceria com a Diocese de Bragan\u00e7a Paulista\"}]},{\"@type\":\"Person\",\"@id\":\"https:\/\/franciscanos.org.br\/noticias\/#\/schema\/person\/d9422e83121c3ad3b0f423d195f5bb25\",\"name\":\"Adriana Rabelo\",\"image\":{\"@type\":\"ImageObject\",\"inLanguage\":\"pt-BR\",\"@id\":\"https:\/\/franciscanos.org.br\/noticias\/#\/schema\/person\/image\/\",\"url\":\"https:\/\/secure.gravatar.com\/avatar\/0a937b7500cd7df77540cfb8bede877d?s=96&d=mm&r=g\",\"contentUrl\":\"https:\/\/secure.gravatar.com\/avatar\/0a937b7500cd7df77540cfb8bede877d?s=96&d=mm&r=g\",\"caption\":\"Adriana Rabelo\"},\"url\":\"https:\/\/franciscanos.org.br\/noticias\/author\/adrianarabelo\"}]}<\/script>\n<!-- \/ Yoast SEO plugin. -->","yoast_head_json":{"title":"USF sedia abertura da Campanha da Fraternidade em parceria com a Diocese de Bragan\u00e7a Paulista - Not\u00edcias - Franciscanos","robots":{"index":"index","follow":"follow","max-snippet":"max-snippet:-1","max-image-preview":"max-image-preview:large","max-video-preview":"max-video-preview:-1"},"canonical":"https:\/\/franciscanos.org.br\/noticias\/usf-sedia-abertura-da-campanha-da-fraternidade-em-parceria-com-a-diocese-de-braganca-paulista.html","og_locale":"pt_BR","og_type":"article","og_title":"USF sedia abertura da Campanha da Fraternidade em parceria com a Diocese de Bragan\u00e7a Paulista - Not\u00edcias - Franciscanos","og_description":"Campanha da Fraternidade 2025","og_url":"https:\/\/franciscanos.org.br\/noticias\/usf-sedia-abertura-da-campanha-da-fraternidade-em-parceria-com-a-diocese-de-braganca-paulista.html","og_site_name":"Not\u00edcias - Franciscanos","article_published_time":"2025-02-27T17:52:18+00:00","og_image":[{"width":800,"height":550,"url":"https:\/\/franciscanos.org.br\/noticias\/wp-content\/uploads\/2025\/02\/CHAMADA-CAMPANHA-USF-8.jpg","type":"image\/jpeg"}],"author":"Adriana Rabelo","twitter_card":"summary_large_image","twitter_misc":{"Escrito por":"Adriana Rabelo","Est. tempo de leitura":"4 minutos"},"schema":{"@context":"https:\/\/schema.org","@graph":[{"@type":"WebSite","@id":"https:\/\/franciscanos.org.br\/noticias\/#website","url":"https:\/\/franciscanos.org.br\/noticias\/","name":"Not\u00edcias - Franciscanos","description":"Prov\u00edncia Franciscana da Imaculada Concei\u00e7\u00e3o do Brasil - Ordem dos Frades Menores - OFM","potentialAction":[{"@type":"SearchAction","target":{"@type":"EntryPoint","urlTemplate":"https:\/\/franciscanos.org.br\/noticias\/?s={search_term_string}"},"query-input":"required name=search_term_string"}],"inLanguage":"pt-BR"},{"@type":"ImageObject","inLanguage":"pt-BR","@id":"https:\/\/franciscanos.org.br\/noticias\/usf-sedia-abertura-da-campanha-da-fraternidade-em-parceria-com-a-diocese-de-braganca-paulista.html#primaryimage","url":"https:\/\/franciscanos.org.br\/noticias\/wp-content\/uploads\/2025\/02\/CHAMADA-CAMPANHA-USF-8.jpg","contentUrl":"https:\/\/franciscanos.org.br\/noticias\/wp-content\/uploads\/2025\/02\/CHAMADA-CAMPANHA-USF-8.jpg","width":800,"height":550},{"@type":"WebPage","@id":"https:\/\/franciscanos.org.br\/noticias\/usf-sedia-abertura-da-campanha-da-fraternidade-em-parceria-com-a-diocese-de-braganca-paulista.html#webpage","url":"https:\/\/franciscanos.org.br\/noticias\/usf-sedia-abertura-da-campanha-da-fraternidade-em-parceria-com-a-diocese-de-braganca-paulista.html","name":"USF sedia abertura da Campanha da Fraternidade em parceria com a Diocese de Bragan\u00e7a Paulista - Not\u00edcias - Franciscanos","isPartOf":{"@id":"https:\/\/franciscanos.org.br\/noticias\/#website"},"primaryImageOfPage":{"@id":"https:\/\/franciscanos.org.br\/noticias\/usf-sedia-abertura-da-campanha-da-fraternidade-em-parceria-com-a-diocese-de-braganca-paulista.html#primaryimage"},"datePublished":"2025-02-27T17:52:18+00:00","dateModified":"2025-02-27T17:52:18+00:00","author":{"@id":"https:\/\/franciscanos.org.br\/noticias\/#\/schema\/person\/d9422e83121c3ad3b0f423d195f5bb25"},"breadcrumb":{"@id":"https:\/\/franciscanos.org.br\/noticias\/usf-sedia-abertura-da-campanha-da-fraternidade-em-parceria-com-a-diocese-de-braganca-paulista.html#breadcrumb"},"inLanguage":"pt-BR","potentialAction":[{"@type":"ReadAction","target":["https:\/\/franciscanos.org.br\/noticias\/usf-sedia-abertura-da-campanha-da-fraternidade-em-parceria-com-a-diocese-de-braganca-paulista.html"]}]},{"@type":"BreadcrumbList","@id":"https:\/\/franciscanos.org.br\/noticias\/usf-sedia-abertura-da-campanha-da-fraternidade-em-parceria-com-a-diocese-de-braganca-paulista.html#breadcrumb","itemListElement":[{"@type":"ListItem","position":1,"name":"Home","item":"https:\/\/franciscanos.org.br\/noticias"},{"@type":"ListItem","position":2,"name":"USF sedia abertura da Campanha da Fraternidade em parceria com a Diocese de Bragan\u00e7a Paulista"}]},{"@type":"Person","@id":"https:\/\/franciscanos.org.br\/noticias\/#\/schema\/person\/d9422e83121c3ad3b0f423d195f5bb25","name":"Adriana Rabelo","image":{"@type":"ImageObject","inLanguage":"pt-BR","@id":"https:\/\/franciscanos.org.br\/noticias\/#\/schema\/person\/image\/","url":"https:\/\/secure.gravatar.com\/avatar\/0a937b7500cd7df77540cfb8bede877d?s=96&d=mm&r=g","contentUrl":"https:\/\/secure.gravatar.com\/avatar\/0a937b7500cd7df77540cfb8bede877d?s=96&d=mm&r=g","caption":"Adriana Rabelo"},"url":"https:\/\/franciscanos.org.br\/noticias\/author\/adrianarabelo"}]}},"_links":{"self":[{"href":"https:\/\/franciscanos.org.br\/noticias\/wp-json\/wp\/v2\/posts\/255063"}],"collection":[{"href":"https:\/\/franciscanos.org.br\/noticias\/wp-json\/wp\/v2\/posts"}],"about":[{"href":"https:\/\/franciscanos.org.br\/noticias\/wp-json\/wp\/v2\/types\/post"}],"author":[{"embeddable":true,"href":"https:\/\/franciscanos.org.br\/noticias\/wp-json\/wp\/v2\/users\/11"}],"replies":[{"embeddable":true,"href":"https:\/\/franciscanos.org.br\/noticias\/wp-json\/wp\/v2\/comments?post=255063"}],"version-history":[{"count":4,"href":"https:\/\/franciscanos.org.br\/noticias\/wp-json\/wp\/v2\/posts\/255063\/revisions"}],"predecessor-version":[{"id":255073,"href":"https:\/\/franciscanos.org.br\/noticias\/wp-json\/wp\/v2\/posts\/255063\/revisions\/255073"}],"wp:featuredmedia":[{"embeddable":true,"href":"https:\/\/franciscanos.org.br\/noticias\/wp-json\/wp\/v2\/media\/255069"}],"wp:attachment":[{"href":"https:\/\/franciscanos.org.br\/noticias\/wp-json\/wp\/v2\/media?parent=255063"}],"wp:term":[{"taxonomy":"category","embeddable":true,"href":"https:\/\/franciscanos.org.br\/noticias\/wp-json\/wp\/v2\/categories?post=255063"},{"taxonomy":"post_tag","embeddable":true,"href":"https:\/\/franciscanos.org.br\/noticias\/wp-json\/wp\/v2\/tags?post=255063"}],"curies":[{"name":"wp","href":"https:\/\/api.w.org\/{rel}","templated":true}]}}