{"id":255040,"date":"2025-02-27T13:04:16","date_gmt":"2025-02-27T16:04:16","guid":{"rendered":"https:\/\/franciscanos.org.br\/noticias\/?p=255040"},"modified":"2025-03-10T16:26:03","modified_gmt":"2025-03-10T19:26:03","slug":"passos-novos-em-uma-conhecida-estrada-vida-no-noviciado-franciscano-com-novo-mestre","status":"publish","type":"post","link":"https:\/\/franciscanos.org.br\/noticias\/passos-novos-em-uma-conhecida-estrada-vida-no-noviciado-franciscano-com-novo-mestre.html","title":{"rendered":"Passos novos em uma conhecida estrada: vida no noviciado franciscano com novo mestre"},"content":{"rendered":"<div id=\"attachment_255042\" style=\"width: 1290px\" class=\"wp-caption alignnone\"><img aria-describedby=\"caption-attachment-255042\" loading=\"lazy\" class=\"wp-image-255042 size-full\" src=\"https:\/\/franciscanos.org.br\/noticias\/wp-content\/uploads\/2025\/02\/chamada-17.jpg\" alt=\"\" width=\"1280\" height=\"720\" srcset=\"https:\/\/franciscanos.org.br\/noticias\/wp-content\/uploads\/2025\/02\/chamada-17.jpg 1280w, https:\/\/franciscanos.org.br\/noticias\/wp-content\/uploads\/2025\/02\/chamada-17-450x253.jpg 450w, https:\/\/franciscanos.org.br\/noticias\/wp-content\/uploads\/2025\/02\/chamada-17-1024x576.jpg 1024w, https:\/\/franciscanos.org.br\/noticias\/wp-content\/uploads\/2025\/02\/chamada-17-768x432.jpg 768w, https:\/\/franciscanos.org.br\/noticias\/wp-content\/uploads\/2025\/02\/chamada-17-150x84.jpg 150w\" sizes=\"(max-width: 1280px) 100vw, 1280px\" \/><p id=\"caption-attachment-255042\" class=\"wp-caption-text\">Frei Jo\u00e3o Francisco (2\u00ba da esq. para a dir. na parte superior da foto) com novi\u00e7os e Frei Jos\u00e9 Bertoldi (camisa azul)<\/p><\/div>\n<p>A vida de um frade franciscano \u00e9 um constante reorganizar e uma oportunidade de crescimento diante do novo, que pode at\u00e9 parecer \u00f3bvio para quem espia com olhar de fora e desconhece a din\u00e2mica das rela\u00e7\u00f5es em fraternidade.<\/p>\n<p>Diante de uma realidade que rompe as barreiras do tempo, de uma Ordem que tem mais de 800 anos de exist\u00eancia, mas que seu fundador, S\u00e3o Francisco de Assis, continua vivo na atualidade por meio de seus exemplos de f\u00e9 e amor \u00e0 Cria\u00e7\u00e3o, tamb\u00e9m existem desafios. Essas barreiras s\u00e3o poss\u00edveis de serem transpostas pela for\u00e7a da f\u00e9 e pela resili\u00eancia.<\/p>\n<p>Assim o caminho segue, hora \u00edngreme, hora em descida com a ajuda de todos os santos, mas sempre guiado pela esperan\u00e7a, pois ela n\u00e3o decepciona. (Rm 5,5)<\/p>\n<p>Desta forma, a caminhada de um frade franciscano segue desde o in\u00edcio de sua forma\u00e7\u00e3o, quando passa por momentos de viv\u00eancias em fraternidade, experi\u00eancias em comunidade, estudos e imers\u00e3o no franciscanismo. No Postulantado, os candidatos vivem per\u00edodo no qual abra\u00e7am a vida franciscana com a inten\u00e7\u00e3o de preparar-se convenientemente para o Noviciado. Uma etapa significativa vivida no Semin\u00e1rio Frei Galv\u00e3o, em Guaratinguet\u00e1 (SP).<\/p>\n<p>Os passos necessitam ficar mais firmes no Noviciado, etapa inicial da vida na Ordem. \u00c9 um per\u00edodo de forma\u00e7\u00e3o mais intensa, que tem o objetivo de fazer com que os novi\u00e7os conhe\u00e7am e experimentem a forma de vida de S\u00e3o Francisco, impregnem mais profundamente a mente e o cora\u00e7\u00e3o de seu esp\u00edrito e, avaliando melhor o chamado do Senhor, comprovem seus prop\u00f3sitos e sua idoneidade.<\/p>\n<p>Para viver em profundidade essa etapa, considerada um per\u00edodo de prova\u00e7\u00e3o, os novi\u00e7os precisam de um mestre que seja coerente e saiba iluminar o caminho daqueles que buscam um encontro com Deus, a servi\u00e7o da Igreja e da comunidade.<\/p>\n<p>Na Fraternidade S\u00e3o Jos\u00e9, em Rodeio (SC), todos os anos um novo grupo \u00e9 acolhido. Em 2025, pela primeira vez, Frei Jo\u00e3o Francisco da Silva, assumiu a miss\u00e3o como mestre nos Novi\u00e7os, no lugar do novo Bispo Auxiliar de Manaus, Dom Frei Samuel Ferreira de Lima.<\/p>\n<p>At\u00e9 2024, Frei Jo\u00e3o ainda estava no Semin\u00e1rio Frei Galv\u00e3o, onde servia como guardi\u00e3o desde 2012. Seu primeiro ano como mestre do Noviciado est\u00e1 sendo em companhia dos mesmos jovens que acolheu, ano passado, em Guaratinguet\u00e1.<\/p>\n<p>O Site Franciscanos conversou com novo mestre sobre sua itiner\u00e2ncia e expectativas \u00e0 frente da nova miss\u00e3o franciscana, frade que, para sua caminhada religiosa, leva o Salmo 22 que diz: \u201cO Senhor \u00e9 o meu pastor, nada me falta\u201d.<\/p>\n<div id=\"attachment_255043\" style=\"width: 263px\" class=\"wp-caption alignright\"><img aria-describedby=\"caption-attachment-255043\" loading=\"lazy\" class=\"wp-image-255043 size-medium\" src=\"https:\/\/franciscanos.org.br\/noticias\/wp-content\/uploads\/2025\/02\/WhatsApp-Image-2025-02-27-at-11.14.26-253x450.jpeg\" alt=\"\" width=\"253\" height=\"450\" srcset=\"https:\/\/franciscanos.org.br\/noticias\/wp-content\/uploads\/2025\/02\/WhatsApp-Image-2025-02-27-at-11.14.26-253x450.jpeg 253w, https:\/\/franciscanos.org.br\/noticias\/wp-content\/uploads\/2025\/02\/WhatsApp-Image-2025-02-27-at-11.14.26-576x1024.jpeg 576w, https:\/\/franciscanos.org.br\/noticias\/wp-content\/uploads\/2025\/02\/WhatsApp-Image-2025-02-27-at-11.14.26-768x1365.jpeg 768w, https:\/\/franciscanos.org.br\/noticias\/wp-content\/uploads\/2025\/02\/WhatsApp-Image-2025-02-27-at-11.14.26-864x1536.jpeg 864w, https:\/\/franciscanos.org.br\/noticias\/wp-content\/uploads\/2025\/02\/WhatsApp-Image-2025-02-27-at-11.14.26-150x267.jpeg 150w, https:\/\/franciscanos.org.br\/noticias\/wp-content\/uploads\/2025\/02\/WhatsApp-Image-2025-02-27-at-11.14.26.jpeg 608w\" sizes=\"(max-width: 253px) 100vw, 253px\" \/><p id=\"caption-attachment-255043\" class=\"wp-caption-text\">Frei Jo\u00e3o Francisco<\/p><\/div>\n<p><strong>Site Franciscanos<\/strong><strong>\u00a0\u2013<\/strong><strong>\u00a0 A vida religiosa do senhor \u00e9 permeada pela miss\u00e3o de acompanhar a caminhada vocacional de jovens que desejam conhecer e seguir os passos de S\u00e3o Francisco de Assis. O que isso representou em sua vida, durante os 12 anos de perman\u00eancia no Semin\u00e1rio Frei Galv\u00e3o?<\/strong><\/p>\n<p><strong>Frei Jo\u00e3o Francisco da Silva<\/strong><strong>\u00a0<\/strong><strong>\u2013<\/strong> Na vida religiosa a miss\u00e3o de acompanhar jovens em sua caminhada vocacional t\u00eam sido, sem d\u00favida, um dos aspectos mais significativos da minha jornada. Durante os anos que passei no Semin\u00e1rio Frei Galv\u00e3o, tive a oportunidade de testemunhar o despertar de muitas voca\u00e7\u00f5es e a transforma\u00e7\u00e3o pessoal de cada jovem que chegava em busca do seguimento do Cristo.<\/p>\n<p>A miss\u00e3o de ajud\u00e1-los nesse processo vocacional n\u00e3o \u00e9 apenas um ato de ensino, mas um verdadeiro encontro de viv\u00eancia da f\u00e9. Cada momento de partilha e conviv\u00eancia com aqueles que est\u00e3o no ardor vocacional \u00e9 sempre uma chance de revigoramento da beleza do chamado atrav\u00e9s de S\u00e3o Francisco de Assis, que nos convida a viver a simplicidade, a fraternidade e a paz. Conviver com esses jovens me ensinou, tamb\u00e9m, a acolher com humildade o convite que o Senhor faz a todos: \u201cVem e segue-me\u201d (Mt 19,21).<\/p>\n<p>Portanto, toda voca\u00e7\u00e3o \u00e9 uma jornada cont\u00ednua, repleta de esperan\u00e7a, di\u00e1logo e escuta. \u00c9, acima de tudo, o convite constante de Deus para que caminhemos ao Seu lado procurando entender e vivenciar seu amor em nossas vidas. Portanto, esses anos acompanhando a forma\u00e7\u00e3o tem sido um tempo rico de profunda forma\u00e7\u00e3o, n\u00e3o apenas para os jovens, mas sobretudo para mim. Aprendi a escutar, a ser paciente e a ver a presen\u00e7a de Deus na vida de cada um deles que nos chegam com o ardor vocacional em alta. Participar da alegria daqueles que descobrem sua voca\u00e7\u00e3o e a coragem que manifestam ao optar por seguir o caminho de Cristo ao modo de Francisco e Clara de Assis como verdadeiros \u201cPeregrinos da Esperan\u00e7a\u201d torna-se uma oportunidade de sempre recome\u00e7ar como orienta o pr\u00f3prio S\u00e3o Francisco de Assis.<\/p>\n<p><strong>Site Franciscanos<\/strong><strong>\u00a0\u2013<\/strong> <strong>O senhor tamb\u00e9m percorreu os mesmos caminhos em sua forma\u00e7\u00e3o vocacional.\u00a0 Como o senhor define a miss\u00e3o de um mestre de novi\u00e7os?<\/strong><\/p>\n<p><strong>Frei Jo\u00e3o Francisco <\/strong><strong>\u2013<\/strong> O formador \u00e9 chamado a exercer o servi\u00e7o de formar, enquanto os novi\u00e7os se disp\u00f5em a aprender e a serem formados. No entanto, h\u00e1 algo que une ambos: o compromisso de seguir Jesus Cristo e viver o Evangelho, conforme a viv\u00eancia e a proposta de S\u00e3o Francisco de Assis. Ambos trilham esse caminho com respeito \u00e0 sua gradualidade.<\/p>\n<p>Trata-se, portanto, de partilhar a vida e a experi\u00eancia adquirida ao longo dos anos para melhor compreens\u00e3o e aquisi\u00e7\u00e3o dos valores que permeiam a vida religiosa franciscana. Nesse sentido, a miss\u00e3o de todo formador vai al\u00e9m da mera transmiss\u00e3o de conhecimentos; ela consiste, primordialmente, em acompanhar de perto aqueles que iniciam sua jornada na vida consagrada, ajudando-os a aprofundar a decis\u00e3o de seguir Jesus Cristo a partir do carisma franciscano. Isso envolve promover a viv\u00eancia dos valores franciscanos em sintonia com os conselhos evang\u00e9licos numa perspectiva sinodal que constr\u00f3i o ser religioso com abertura. Portanto, o formador torna-se o acompanhante dos formandos na pr\u00e1tica da ora\u00e7\u00e3o, do servi\u00e7o, do trabalho e da conviv\u00eancia fraterna. Dessa forma, auxilia-os a internalizar esses princ\u00edpios que fundamentam a vida religiosa franciscana como meios para discernir e aprimorar sua voca\u00e7\u00e3o dentro da Igreja e da Ordem Franciscana.<\/p>\n<p>Al\u00e9m disso, o formador deve ajudar os novi\u00e7os a desenvolverem um relacionamento profundo com Deus e a se tornarem instrumentos de paz e reconcilia\u00e7\u00e3o no mundo como mensageiros do Evangelho, vivendo com autenticidade e compromisso a vida que escolheram. \u00c9 um trabalho de semear, nutrir e ver florescer, e isso \u00e9 uma das maiores alegrias e responsabilidades que um formador pode ter.<\/p>\n<p><strong>\u00a0<\/strong><strong>Site Franciscanos<\/strong><strong>\u00a0\u2013<\/strong> <strong>Como o senhor pretende conduzir seu trabalho como mestre dos novi\u00e7os?<\/strong><\/p>\n<p><strong>Frei Jo\u00e3o Francisco <\/strong><strong>\u2013<\/strong> Aqui estamos, os novi\u00e7os e o novato, para juntos fazermos a experi\u00eancia de discipulado e minoridade, por isso acredito que o servi\u00e7o de formador nessa etapa franciscana pressup\u00f5e uma abordagem equilibrada que una a orienta\u00e7\u00e3o espiritual fundamentada no Evangelho e a forma\u00e7\u00e3o pr\u00e1tica, de tal modo que o formador por excel\u00eancia, o Bom Pastor, sobressaia. Vivemos um tempo em que a autorreferencialidade se manifesta e traz grandes transtornos a quem est\u00e1 iniciando seu processo vocacional. Nesse contexto ser\u00e1 preciso insistir na espiritualidade do lava-p\u00e9s, do servi\u00e7o e do desapego, que considera a obedi\u00eancia \u00e0 vontade do Senhor, e isso n\u00e3o \u00e9 tarefa f\u00e1cil, mas necess\u00e1ria.\u00a0 Na primeira grande miss\u00e3o, os disc\u00edpulos retornam encantados. \u00c9 fundamental estar fascinado por Jesus Cristo e por sua Igreja. N\u00e3o existe voca\u00e7\u00e3o sem esse encantamento. O seguimento a Jesus Cristo tamb\u00e9m depende desse despertar.<\/p>\n<p>O segredo da vida espiritual reside nesse encantamento. Aqueles que buscam o seguimento a Jesus Cristo ao modo de S\u00e3o Francisco de Assis e que n\u00e3o se deixarem cativar e apaixonar por Jesus, por seu Reino, por sua Palavra, por sua Igreja, por seus pobres e por sua miss\u00e3o, ter\u00e3o dificuldade em permanecer na vida religiosa por muito tempo. Sabemos que a ess\u00eancia da vida espiritual de um religioso est\u00e1 na habilidade de se reencantar a cada dia e de sempre recome\u00e7ar; caso contr\u00e1rio, a chama da voca\u00e7\u00e3o se extingue. Essa motiva\u00e7\u00e3o confere sentido \u00e0 vida religiosa. Por isso, para que n\u00e3o haja equ\u00edvocos quanto \u00e0 import\u00e2ncia e responsabilidade dessa etapa, \u00e9 essencial cultivar um ambiente acolhedor, transparente e de confian\u00e7a, capaz de promover a fraternidade e permitir que todos se sintam seguros e encantados para percorrer o itiner\u00e1rio vocacional e desenvolver suas habilidades sempre a servi\u00e7o da Ordem Franciscana e da Igreja.<\/p>\n<p>Esse processo deve incluir uma reflex\u00e3o cr\u00edtica sobre os desafios do mundo contempor\u00e2neo numa perspectiva franciscana, favorecendo, assim, que o crescimento pessoal de cada formando n\u00e3o esteja alheio \u00e0 realidade. Nesse sentido, o di\u00e1logo aberto e a escuta atenta s\u00e3o fundamentais para dirimir as d\u00favidas e para o acompanhamento de cada formando nesse processo de discernimento para que se apropriem do estilo de vida s\u00f3brio e evang\u00e9lico.<\/p>\n<p><strong><img loading=\"lazy\" class=\"size-medium wp-image-255045 alignleft\" src=\"https:\/\/franciscanos.org.br\/noticias\/wp-content\/uploads\/2025\/02\/WhatsApp-Image-2025-02-26-at-14.24.38-450x253.jpeg\" alt=\"\" width=\"450\" height=\"253\" srcset=\"https:\/\/franciscanos.org.br\/noticias\/wp-content\/uploads\/2025\/02\/WhatsApp-Image-2025-02-26-at-14.24.38-450x253.jpeg 450w, https:\/\/franciscanos.org.br\/noticias\/wp-content\/uploads\/2025\/02\/WhatsApp-Image-2025-02-26-at-14.24.38-1024x576.jpeg 1024w, https:\/\/franciscanos.org.br\/noticias\/wp-content\/uploads\/2025\/02\/WhatsApp-Image-2025-02-26-at-14.24.38-768x432.jpeg 768w, https:\/\/franciscanos.org.br\/noticias\/wp-content\/uploads\/2025\/02\/WhatsApp-Image-2025-02-26-at-14.24.38-1536x864.jpeg 1536w, https:\/\/franciscanos.org.br\/noticias\/wp-content\/uploads\/2025\/02\/WhatsApp-Image-2025-02-26-at-14.24.38-150x84.jpeg 150w, https:\/\/franciscanos.org.br\/noticias\/wp-content\/uploads\/2025\/02\/WhatsApp-Image-2025-02-26-at-14.24.38.jpeg 1600w\" sizes=\"(max-width: 450px) 100vw, 450px\" \/>Site Franciscanos<\/strong><strong> \u00a0\u2013<\/strong> <strong>Especialmente nesse momento no qual o senhor passa a conduzir a vocacionados, estando com os mesmos jovens que passaram pelo Semin\u00e1rio Frei Galv\u00e3o durante o ano de 2024. Qual sua expectativa considerando essa proximidade e a rela\u00e7\u00e3o constru\u00edda com esses jovens?<\/strong><\/p>\n<p><strong>Frei Jo\u00e3o Francisco <\/strong><strong>\u2013<\/strong> Minha expectativa \u00e9 muito positiva. Sem d\u00favidas, \u00e9 uma oportunidade valiosa para aprofundar a rela\u00e7\u00e3o fraterna j\u00e1 constru\u00edda. Acredito que essa intera\u00e7\u00e3o permitir\u00e1 um ambiente de confian\u00e7a e acolhimento, onde podemos compartilhar experi\u00eancias e aperfei\u00e7oar os aprendizados da vida franciscana. Espero poder contribuir mais diretamente na constru\u00e7\u00e3o da identidade franciscana que est\u00e3o elaborando mais profundamente neste ano de prova\u00e7\u00e3o. Al\u00e9m disso, vejo essa proximidade como uma chance de aprender com eles, pois a juventude traz uma perspectiva fresca e cheia de vitalidade, que pode enriquecer a nossa caminhada. Sinto-me animado para acompanhar e contribuir com cada um em sua jornada, para que se desenvolvam bem e possam, no futuro, contribuir com a Ordem Franciscana e a Igreja.<\/p>\n<p><strong>Site Franciscanos<\/strong><strong> \u00a0\u2013<\/strong> <strong>Quais etapas esses jovens ter\u00e3o que percorrer durante o ano que permanecer\u00e3o no Noviciado S\u00e3o Jos\u00e9?<\/strong><\/p>\n<p><strong>Frei Jo\u00e3o Francisco <\/strong><strong>\u2013<\/strong> O Noviciado franciscano \u00e9 uma fase essencial na forma\u00e7\u00e3o de jovens que desejam se tornar membros da Ordem dos Frades Menores, envolvendo um ano de autoconhecimento, espiritualidade e compromisso com os valores franciscanos. A etapa inicial consiste na acolhida e adapta\u00e7\u00e3o, na qual os novi\u00e7os se integram \u00e0 Fraternidade do Noviciado S\u00e3o Jos\u00e9, em Rodeio\/SC, recebem o H\u00e1bito Franciscano e passam a estudar a Regra e o Testamento de S\u00e3o Francisco de Assis, entre outros escritos franciscanos e documentos da Igreja. Ao longo do per\u00edodo, as atividades s\u00e3o diversas e regidas pelos tr\u00eas pilares: a ora\u00e7\u00e3o, o estudo e o trabalho. H\u00e1 a experi\u00eancia semestral no Eremit\u00e9rio Franciscano do Bem-Aventurado Frei Eg\u00eddio, que proporciona experi\u00eancias intensivas de contempla\u00e7\u00e3o e sil\u00eancio, fundamentadas na Regra para os Eremit\u00e9rios, composta por S\u00e3o Francisco de Assis. Por fim, a \u00faltima fase envolve a avalia\u00e7\u00e3o da experi\u00eancia e a prepara\u00e7\u00e3o para a Primeira Profiss\u00e3o Religiosa na Ordem dos Frades Menores. O noviciado \u00e9 uma rica experi\u00eancia que promove o crescimento espiritual e humano dos formandos, preparando-os para um testemunho aut\u00eantico e transformador na sociedade.<\/p>\n<p><strong>Site Franciscanos<\/strong><strong> \u00a0\u2013<\/strong> <strong>\u00a0Qual mensagem o senhor gostaria de deixar para seus confrades e jovens vocacionados como novo mestre dos novi\u00e7os?<\/strong><\/p>\n<p><strong>Frei Jo\u00e3o Francisco <\/strong><strong>\u2013<\/strong> <em>&#8220;Mire veja: o mais importante e bonito do mundo \u00e9 isto: que as pessoas n\u00e3o est\u00e3o sempre iguais, ainda n\u00e3o foram terminadas \u2013 mas que elas v\u00e3o sempre mudando. Afinam ou desafinam. Verdade maior. \u00c9 o que a vida me ensinou.&#8221; (Guimar\u00e3es Rosa &#8211; Grande Sert\u00e3o: Veredas).<\/em><\/p>\n<p>Aproveito o pensamento de Guimar\u00e3es Rosa para recordar que estamos em cont\u00ednua forma\u00e7\u00e3o. Na verdade, como frades e menores somos eternos novi\u00e7os!\u00a0 Estamos sempre na via do aperfei\u00e7oamento do discipulado de Jesus Cristo, Mestre e Senhor. Ent\u00e3o, esse processo cont\u00ednuo de forma\u00e7\u00e3o na vida franciscana, \u00e9 essencialmente um processo de aprofundamento e realiza\u00e7\u00e3o do seguimento e discipulado de Jesus Cristo; caminho para percorrer a vida inteira. Assim, o sentido da vida franciscana n\u00e3o \u00e9 outro sen\u00e3o o aperfei\u00e7oamento desse seguimento, \u00e0 maneira de Francisco de Assis.<\/p>\n<p>Nesse contexto, tudo o que fazemos (ou deixamos de fazer) est\u00e1 voltado para esse prop\u00f3sito. Cada a\u00e7\u00e3o ou omiss\u00e3o, cada momento vivido, \u00e9 uma express\u00e3o concreta do nosso compromisso com o seguimento do Cristo pobre. Permanecer nesse caminho significa renovar-se constantemente, engajando-se no processo de ser e tornar-se, consolidando-se no crescimento \u201cpara desejar acima de tudo ter o esp\u00edrito do Senhor e a sua santa opera\u00e7\u00e3o\u201d (RnB 10,8). A voca\u00e7\u00e3o franciscana, portanto, \u00e9 uma express\u00e3o aut\u00eantica de seguimento e discipulado, traduzindo-se em um cont\u00ednuo processo de forma\u00e7\u00e3o e servi\u00e7o \u00e0 fraternidade e ao povo.<\/p>\n<p>Vivemos um tempo privilegiado em que o franciscanismo floresce: o pontificado do Papa Francisco, os dez anos da Enc\u00edclica Laudato Si&#8217;, os 350 anos da Prov\u00edncia, o Jubileu do C\u00e2ntico das Criaturas e a Campanha da Fraternidade deste ano sobre a ecologia integral. S\u00e3o motiva\u00e7\u00f5es que refor\u00e7am a pujan\u00e7a do carisma franciscano e reclamam-nos uma postura cada vez mais aut\u00eantica e prof\u00e9tica. No entanto, Francisco de Assis mant\u00e9m um fasc\u00ednio extraordin\u00e1rio sobre muitos jovens. Nele e em seu exemplo de vida evang\u00e9lica, muitos se inspiram para tomar decis\u00f5es fundamentais, compartilhando o ideal de um radical seguimento de Cristo.<\/p>\n<p>Contudo, Francisco nos orienta: \u201cSe algu\u00e9m, por inspira\u00e7\u00e3o divina, querendo aceitar esta vida, vier aos nossos Irm\u00e3os, seja recebido carinhosamente\u201d (RnB 1,1). Assim, todas as pessoas que se inspiram em Francisco de Assis se irmanam conosco em um mesmo ideal de vida evang\u00e9lica e nos ajudam a manter a centralidade no Cristo Pobre. Essa dimens\u00e3o deve nos nutrir de um aut\u00eantico esp\u00edrito de penit\u00eancia e de convers\u00e3o, \u201cevitando qualquer autorreferencialidade, porque nunca vem do esp\u00edrito bom\u201d (Papa Francisco, 06\/02\/21); assim, somos convocados a cultivar um estilo de vida s\u00f3brio e apropriado com a identidade franciscana.<\/p>\n<p><em>\u00a0&#8212;&#8212;&#8212;&#8212;&#8212;&#8212;&#8212;&#8212;&#8212;&#8212;&#8212;&#8212;&#8212;&#8212;&#8212;&#8212;&#8212;&#8212;&#8211;<\/em><\/p>\n<p><strong>Quem \u00e9 Frei Jo\u00e3o Francisco?<\/strong><\/p>\n<p>Pen\u00faltimo de 8 filhos de pais j\u00e1 falecidos, Frei Jo\u00e3o nasceu no dia 9 de julho de 1969, na Zona Leste da cidade de S\u00e3o Paulo (SP). \u00a0Toda a sua fam\u00edlia ainda reside na capital. Dos irm\u00e3os, 4 homens e 4 mulheres, agora s\u00e3o 7, com o falecimento do irm\u00e3o Ant\u00f4nio, em 2019.<\/p>\n<p>De fam\u00edlia simples e muito cat\u00f3lica, sempre trabalhou, estudou e cultivou a vida de ora\u00e7\u00e3o e devo\u00e7\u00e3o desde cedo, uma marca da fam\u00edlia. \u201cAinda hoje mantemos o costume de nos reunirmos para rezar. O franciscanismo sempre foi frequente na vida da nossa fam\u00edlia atrav\u00e9s da devo\u00e7\u00e3o a S\u00e3o Francisco de Assis\u201d, disse o frade. Segundo ele, a devo\u00e7\u00e3o foi fortalecida pelos Frades Menores Capuchinhos, presentes h\u00e1 70 anos na par\u00f3quia de Sapopemba, em S\u00e3o Paulo, e das Irm\u00e3s Franciscanas da A\u00e7\u00e3o Pastoral, das Irm\u00e3s Franciscanas Servas Reparadoras de Jesus Sacramentado (portuguesas), al\u00e9m da OFS e Jufra (Juventude Franciscana).<\/p>\n<p>Sempre esteve inserido nas atividades pastorais na adolesc\u00eancia e juventude. \u201cFoi esse \u201ccombo franciscano\u201d que me inspirou e estimulou a buscar e a viver a espiritualidade franciscana como ideal de vida que, mais tarde, ganhou consist\u00eancia com o acolhimento dos frades do Convento S\u00e3o Francisco de Assis, no centro da cidade de S\u00e3o Paulo.<\/p>\n<p>Sua caminhada religiosa come\u00e7ou em 2004, no Aspirantado, em Ituporanga (SC) e em 2006 fez o Noviciado. Professou solenemente na Ordem, no dia 7 de agosto de 2011; sendo transferido para o Semin\u00e1rio Frei Galv\u00e3o, em Guaratinguet\u00e1, onde ficou de 2012 a 2024. Neste per\u00edodo serviu como Definidor provincial por 9 anos e como Guardi\u00e3o da Fraternidade por 12 anos.<\/p>\n<p>\u201cSempre me chamou aten\u00e7\u00e3o a forma como os franciscanos interagem com as pessoas, tratando-as com respeito e transpar\u00eancia. Assim, busco abordar as rela\u00e7\u00f5es de maneira emp\u00e1tica, esfor\u00e7ando-me para compreender as perspectivas e sentimentos dos outros\u201d, salientou.<\/p>\n<p>O frade explicou que na vida franciscana, a empatia se manifesta como um profundo respeito e amor por toda a cria\u00e7\u00e3o, refletindo os ensinamentos de S\u00e3o Francisco de Assis, que via em cada ser um irm\u00e3o ou uma irm\u00e3. Dessa forma, segundo ele, os franciscanos buscam compreender as dores e alegrias dos outros, cultivando uma escuta ativa e um olhar sens\u00edvel \u00e0s necessidades alheias.<\/p>\n<p>Frei Jo\u00e3o acredita que \u2018essa atitude de conex\u00e3o e acolhimento \u00e9 fundamental para promover a paz e a harmonia, inspirando uma viv\u00eancia comunit\u00e1ria que valoriza a dignidade de cada indiv\u00edduo e a interdepend\u00eancia de todas as formas de vida\u2019.<\/p>\n<p>\u201cSem d\u00favida, a forma de vida franciscana \u00e9 um caminho de transforma\u00e7\u00e3o pessoal e social, onde o amor se torna a base de todas as rela\u00e7\u00f5es. Nesse sentido, precisamos apostar em uma compreens\u00e3o de uma Igreja em \u201csa\u00edda\u201d, desejada pelo Papa Francisco, que, desprovida de interesses pessoais, status ou discrimina\u00e7\u00e3o, acolhe e vai ao encontro daqueles que vivem nas margens das periferias geogr\u00e1ficas e existenciais. \u00a0Assim, creio que \u201csomos chamados a esta nova sa\u00edda mission\u00e1ria\u201d (EG 20). Por isso, sempre acreditei na for\u00e7a do di\u00e1logo como instrumento que d\u00e1 consist\u00eancia \u00e0 vida fraterna e nos capacita a servir a Deus, sobretudo a partir dos vulner\u00e1veis do nosso tempo. Com certeza, o di\u00e1logo, alinhado com o testemunho evang\u00e9lico, favorece o renovo da esperan\u00e7a atrav\u00e9s do testemunho do Evangelho\u201d, afirmou.<\/p>\n<hr \/>\n<p><em>Adriana Rabelo Rodrigues<\/em><\/p>\n","protected":false},"excerpt":{"rendered":"<p>Entrevista Frei Jo\u00e3o Francisco<\/p>\n","protected":false},"author":11,"featured_media":255041,"comment_status":"open","ping_status":"open","sticky":false,"template":"","format":"standard","meta":[],"categories":[758,1],"tags":[2081,620,2056],"acf":[],"yoast_head":"<!-- This site is optimized with the Yoast SEO plugin v19.2 - https:\/\/yoast.com\/wordpress\/plugins\/seo\/ -->\n<title>Passos novos em uma conhecida estrada: vida no noviciado franciscano com novo mestre - Not\u00edcias - Franciscanos<\/title>\n<meta name=\"robots\" content=\"index, follow, max-snippet:-1, max-image-preview:large, max-video-preview:-1\" \/>\n<link rel=\"canonical\" href=\"https:\/\/franciscanos.org.br\/noticias\/passos-novos-em-uma-conhecida-estrada-vida-no-noviciado-franciscano-com-novo-mestre.html\" \/>\n<meta property=\"og:locale\" content=\"pt_BR\" \/>\n<meta property=\"og:type\" content=\"article\" \/>\n<meta property=\"og:title\" content=\"Passos novos em uma conhecida estrada: vida no noviciado franciscano com novo mestre - Not\u00edcias - Franciscanos\" \/>\n<meta property=\"og:description\" content=\"Entrevista Frei Jo\u00e3o Francisco\" \/>\n<meta property=\"og:url\" content=\"https:\/\/franciscanos.org.br\/noticias\/passos-novos-em-uma-conhecida-estrada-vida-no-noviciado-franciscano-com-novo-mestre.html\" \/>\n<meta property=\"og:site_name\" content=\"Not\u00edcias - Franciscanos\" \/>\n<meta property=\"article:published_time\" content=\"2025-02-27T16:04:16+00:00\" \/>\n<meta property=\"article:modified_time\" content=\"2025-03-10T19:26:03+00:00\" \/>\n<meta property=\"og:image\" content=\"https:\/\/franciscanos.org.br\/noticias\/wp-content\/uploads\/2025\/02\/materia-15.jpg\" \/>\n\t<meta property=\"og:image:width\" content=\"800\" \/>\n\t<meta property=\"og:image:height\" content=\"550\" \/>\n\t<meta property=\"og:image:type\" content=\"image\/jpeg\" \/>\n<meta name=\"author\" content=\"Adriana Rabelo\" \/>\n<meta name=\"twitter:card\" content=\"summary_large_image\" \/>\n<meta name=\"twitter:label1\" content=\"Escrito por\" \/>\n\t<meta name=\"twitter:data1\" content=\"Adriana Rabelo\" \/>\n\t<meta name=\"twitter:label2\" content=\"Est. tempo de leitura\" \/>\n\t<meta name=\"twitter:data2\" content=\"15 minutos\" \/>\n<script type=\"application\/ld+json\" class=\"yoast-schema-graph\">{\"@context\":\"https:\/\/schema.org\",\"@graph\":[{\"@type\":\"WebSite\",\"@id\":\"https:\/\/franciscanos.org.br\/noticias\/#website\",\"url\":\"https:\/\/franciscanos.org.br\/noticias\/\",\"name\":\"Not\u00edcias - Franciscanos\",\"description\":\"Prov\u00edncia Franciscana da Imaculada Concei\u00e7\u00e3o do Brasil - Ordem dos Frades Menores - OFM\",\"potentialAction\":[{\"@type\":\"SearchAction\",\"target\":{\"@type\":\"EntryPoint\",\"urlTemplate\":\"https:\/\/franciscanos.org.br\/noticias\/?s={search_term_string}\"},\"query-input\":\"required name=search_term_string\"}],\"inLanguage\":\"pt-BR\"},{\"@type\":\"ImageObject\",\"inLanguage\":\"pt-BR\",\"@id\":\"https:\/\/franciscanos.org.br\/noticias\/passos-novos-em-uma-conhecida-estrada-vida-no-noviciado-franciscano-com-novo-mestre.html#primaryimage\",\"url\":\"https:\/\/franciscanos.org.br\/noticias\/wp-content\/uploads\/2025\/02\/materia-15.jpg\",\"contentUrl\":\"https:\/\/franciscanos.org.br\/noticias\/wp-content\/uploads\/2025\/02\/materia-15.jpg\",\"width\":800,\"height\":550},{\"@type\":\"WebPage\",\"@id\":\"https:\/\/franciscanos.org.br\/noticias\/passos-novos-em-uma-conhecida-estrada-vida-no-noviciado-franciscano-com-novo-mestre.html#webpage\",\"url\":\"https:\/\/franciscanos.org.br\/noticias\/passos-novos-em-uma-conhecida-estrada-vida-no-noviciado-franciscano-com-novo-mestre.html\",\"name\":\"Passos novos em uma conhecida estrada: vida no noviciado franciscano com novo mestre - Not\u00edcias - Franciscanos\",\"isPartOf\":{\"@id\":\"https:\/\/franciscanos.org.br\/noticias\/#website\"},\"primaryImageOfPage\":{\"@id\":\"https:\/\/franciscanos.org.br\/noticias\/passos-novos-em-uma-conhecida-estrada-vida-no-noviciado-franciscano-com-novo-mestre.html#primaryimage\"},\"datePublished\":\"2025-02-27T16:04:16+00:00\",\"dateModified\":\"2025-03-10T19:26:03+00:00\",\"author\":{\"@id\":\"https:\/\/franciscanos.org.br\/noticias\/#\/schema\/person\/d9422e83121c3ad3b0f423d195f5bb25\"},\"breadcrumb\":{\"@id\":\"https:\/\/franciscanos.org.br\/noticias\/passos-novos-em-uma-conhecida-estrada-vida-no-noviciado-franciscano-com-novo-mestre.html#breadcrumb\"},\"inLanguage\":\"pt-BR\",\"potentialAction\":[{\"@type\":\"ReadAction\",\"target\":[\"https:\/\/franciscanos.org.br\/noticias\/passos-novos-em-uma-conhecida-estrada-vida-no-noviciado-franciscano-com-novo-mestre.html\"]}]},{\"@type\":\"BreadcrumbList\",\"@id\":\"https:\/\/franciscanos.org.br\/noticias\/passos-novos-em-uma-conhecida-estrada-vida-no-noviciado-franciscano-com-novo-mestre.html#breadcrumb\",\"itemListElement\":[{\"@type\":\"ListItem\",\"position\":1,\"name\":\"Home\",\"item\":\"https:\/\/franciscanos.org.br\/noticias\"},{\"@type\":\"ListItem\",\"position\":2,\"name\":\"Passos novos em uma conhecida estrada: vida no noviciado franciscano com novo mestre\"}]},{\"@type\":\"Person\",\"@id\":\"https:\/\/franciscanos.org.br\/noticias\/#\/schema\/person\/d9422e83121c3ad3b0f423d195f5bb25\",\"name\":\"Adriana Rabelo\",\"image\":{\"@type\":\"ImageObject\",\"inLanguage\":\"pt-BR\",\"@id\":\"https:\/\/franciscanos.org.br\/noticias\/#\/schema\/person\/image\/\",\"url\":\"https:\/\/secure.gravatar.com\/avatar\/0a937b7500cd7df77540cfb8bede877d?s=96&d=mm&r=g\",\"contentUrl\":\"https:\/\/secure.gravatar.com\/avatar\/0a937b7500cd7df77540cfb8bede877d?s=96&d=mm&r=g\",\"caption\":\"Adriana Rabelo\"},\"url\":\"https:\/\/franciscanos.org.br\/noticias\/author\/adrianarabelo\"}]}<\/script>\n<!-- \/ Yoast SEO plugin. -->","yoast_head_json":{"title":"Passos novos em uma conhecida estrada: vida no noviciado franciscano com novo mestre - Not\u00edcias - Franciscanos","robots":{"index":"index","follow":"follow","max-snippet":"max-snippet:-1","max-image-preview":"max-image-preview:large","max-video-preview":"max-video-preview:-1"},"canonical":"https:\/\/franciscanos.org.br\/noticias\/passos-novos-em-uma-conhecida-estrada-vida-no-noviciado-franciscano-com-novo-mestre.html","og_locale":"pt_BR","og_type":"article","og_title":"Passos novos em uma conhecida estrada: vida no noviciado franciscano com novo mestre - Not\u00edcias - Franciscanos","og_description":"Entrevista Frei Jo\u00e3o Francisco","og_url":"https:\/\/franciscanos.org.br\/noticias\/passos-novos-em-uma-conhecida-estrada-vida-no-noviciado-franciscano-com-novo-mestre.html","og_site_name":"Not\u00edcias - Franciscanos","article_published_time":"2025-02-27T16:04:16+00:00","article_modified_time":"2025-03-10T19:26:03+00:00","og_image":[{"width":800,"height":550,"url":"https:\/\/franciscanos.org.br\/noticias\/wp-content\/uploads\/2025\/02\/materia-15.jpg","type":"image\/jpeg"}],"author":"Adriana Rabelo","twitter_card":"summary_large_image","twitter_misc":{"Escrito por":"Adriana Rabelo","Est. tempo de leitura":"15 minutos"},"schema":{"@context":"https:\/\/schema.org","@graph":[{"@type":"WebSite","@id":"https:\/\/franciscanos.org.br\/noticias\/#website","url":"https:\/\/franciscanos.org.br\/noticias\/","name":"Not\u00edcias - Franciscanos","description":"Prov\u00edncia Franciscana da Imaculada Concei\u00e7\u00e3o do Brasil - Ordem dos Frades Menores - OFM","potentialAction":[{"@type":"SearchAction","target":{"@type":"EntryPoint","urlTemplate":"https:\/\/franciscanos.org.br\/noticias\/?s={search_term_string}"},"query-input":"required name=search_term_string"}],"inLanguage":"pt-BR"},{"@type":"ImageObject","inLanguage":"pt-BR","@id":"https:\/\/franciscanos.org.br\/noticias\/passos-novos-em-uma-conhecida-estrada-vida-no-noviciado-franciscano-com-novo-mestre.html#primaryimage","url":"https:\/\/franciscanos.org.br\/noticias\/wp-content\/uploads\/2025\/02\/materia-15.jpg","contentUrl":"https:\/\/franciscanos.org.br\/noticias\/wp-content\/uploads\/2025\/02\/materia-15.jpg","width":800,"height":550},{"@type":"WebPage","@id":"https:\/\/franciscanos.org.br\/noticias\/passos-novos-em-uma-conhecida-estrada-vida-no-noviciado-franciscano-com-novo-mestre.html#webpage","url":"https:\/\/franciscanos.org.br\/noticias\/passos-novos-em-uma-conhecida-estrada-vida-no-noviciado-franciscano-com-novo-mestre.html","name":"Passos novos em uma conhecida estrada: vida no noviciado franciscano com novo mestre - Not\u00edcias - Franciscanos","isPartOf":{"@id":"https:\/\/franciscanos.org.br\/noticias\/#website"},"primaryImageOfPage":{"@id":"https:\/\/franciscanos.org.br\/noticias\/passos-novos-em-uma-conhecida-estrada-vida-no-noviciado-franciscano-com-novo-mestre.html#primaryimage"},"datePublished":"2025-02-27T16:04:16+00:00","dateModified":"2025-03-10T19:26:03+00:00","author":{"@id":"https:\/\/franciscanos.org.br\/noticias\/#\/schema\/person\/d9422e83121c3ad3b0f423d195f5bb25"},"breadcrumb":{"@id":"https:\/\/franciscanos.org.br\/noticias\/passos-novos-em-uma-conhecida-estrada-vida-no-noviciado-franciscano-com-novo-mestre.html#breadcrumb"},"inLanguage":"pt-BR","potentialAction":[{"@type":"ReadAction","target":["https:\/\/franciscanos.org.br\/noticias\/passos-novos-em-uma-conhecida-estrada-vida-no-noviciado-franciscano-com-novo-mestre.html"]}]},{"@type":"BreadcrumbList","@id":"https:\/\/franciscanos.org.br\/noticias\/passos-novos-em-uma-conhecida-estrada-vida-no-noviciado-franciscano-com-novo-mestre.html#breadcrumb","itemListElement":[{"@type":"ListItem","position":1,"name":"Home","item":"https:\/\/franciscanos.org.br\/noticias"},{"@type":"ListItem","position":2,"name":"Passos novos em uma conhecida estrada: vida no noviciado franciscano com novo mestre"}]},{"@type":"Person","@id":"https:\/\/franciscanos.org.br\/noticias\/#\/schema\/person\/d9422e83121c3ad3b0f423d195f5bb25","name":"Adriana Rabelo","image":{"@type":"ImageObject","inLanguage":"pt-BR","@id":"https:\/\/franciscanos.org.br\/noticias\/#\/schema\/person\/image\/","url":"https:\/\/secure.gravatar.com\/avatar\/0a937b7500cd7df77540cfb8bede877d?s=96&d=mm&r=g","contentUrl":"https:\/\/secure.gravatar.com\/avatar\/0a937b7500cd7df77540cfb8bede877d?s=96&d=mm&r=g","caption":"Adriana Rabelo"},"url":"https:\/\/franciscanos.org.br\/noticias\/author\/adrianarabelo"}]}},"_links":{"self":[{"href":"https:\/\/franciscanos.org.br\/noticias\/wp-json\/wp\/v2\/posts\/255040"}],"collection":[{"href":"https:\/\/franciscanos.org.br\/noticias\/wp-json\/wp\/v2\/posts"}],"about":[{"href":"https:\/\/franciscanos.org.br\/noticias\/wp-json\/wp\/v2\/types\/post"}],"author":[{"embeddable":true,"href":"https:\/\/franciscanos.org.br\/noticias\/wp-json\/wp\/v2\/users\/11"}],"replies":[{"embeddable":true,"href":"https:\/\/franciscanos.org.br\/noticias\/wp-json\/wp\/v2\/comments?post=255040"}],"version-history":[{"count":20,"href":"https:\/\/franciscanos.org.br\/noticias\/wp-json\/wp\/v2\/posts\/255040\/revisions"}],"predecessor-version":[{"id":255075,"href":"https:\/\/franciscanos.org.br\/noticias\/wp-json\/wp\/v2\/posts\/255040\/revisions\/255075"}],"wp:featuredmedia":[{"embeddable":true,"href":"https:\/\/franciscanos.org.br\/noticias\/wp-json\/wp\/v2\/media\/255041"}],"wp:attachment":[{"href":"https:\/\/franciscanos.org.br\/noticias\/wp-json\/wp\/v2\/media?parent=255040"}],"wp:term":[{"taxonomy":"category","embeddable":true,"href":"https:\/\/franciscanos.org.br\/noticias\/wp-json\/wp\/v2\/categories?post=255040"},{"taxonomy":"post_tag","embeddable":true,"href":"https:\/\/franciscanos.org.br\/noticias\/wp-json\/wp\/v2\/tags?post=255040"}],"curies":[{"name":"wp","href":"https:\/\/api.w.org\/{rel}","templated":true}]}}