{"id":255020,"date":"2025-02-26T09:06:59","date_gmt":"2025-02-26T12:06:59","guid":{"rendered":"https:\/\/franciscanos.org.br\/noticias\/?p=255020"},"modified":"2025-02-26T09:08:02","modified_gmt":"2025-02-26T12:08:02","slug":"catequese-papa-farejar-a-presenca-de-deus-na-pequenez","status":"publish","type":"post","link":"https:\/\/franciscanos.org.br\/noticias\/catequese-papa-farejar-a-presenca-de-deus-na-pequenez.html","title":{"rendered":"Catequese Papa Francisco: \u201cfarejar\u201d a presen\u00e7a de Deus na pequenez"},"content":{"rendered":"<div id=\"attachment_255021\" style=\"width: 1290px\" class=\"wp-caption alignnone\"><img aria-describedby=\"caption-attachment-255021\" loading=\"lazy\" class=\"wp-image-255021 size-full\" src=\"https:\/\/franciscanos.org.br\/noticias\/wp-content\/uploads\/2025\/02\/materia-audiencia-geral.jpg\" alt=\"\" width=\"1280\" height=\"720\" srcset=\"https:\/\/franciscanos.org.br\/noticias\/wp-content\/uploads\/2025\/02\/materia-audiencia-geral.jpg 1280w, https:\/\/franciscanos.org.br\/noticias\/wp-content\/uploads\/2025\/02\/materia-audiencia-geral-450x253.jpg 450w, https:\/\/franciscanos.org.br\/noticias\/wp-content\/uploads\/2025\/02\/materia-audiencia-geral-1024x576.jpg 1024w, https:\/\/franciscanos.org.br\/noticias\/wp-content\/uploads\/2025\/02\/materia-audiencia-geral-768x432.jpg 768w, https:\/\/franciscanos.org.br\/noticias\/wp-content\/uploads\/2025\/02\/materia-audiencia-geral-150x84.jpg 150w\" sizes=\"(max-width: 1280px) 100vw, 1280px\" \/><p id=\"caption-attachment-255021\" class=\"wp-caption-text\">Sala Paulo VI durante uma Audi\u00eancia Geral (Vatican Media)<\/p><\/div>\n<p>A catequese do Papa Francisco preparada para a Audi\u00eancia Geral que estava prevista para esta quarta-feira, 26 de fevereiro, na Sala Paulo VI, mas cancelada por causa da interna\u00e7\u00e3o do Pont\u00edfice no Hospital Agostino Gemelli, foi publicada pela Sala de Imprensa da Santa S\u00e9.<\/p>\n<p>O texto d\u00e1 continuidade ao ciclo de catequeses jubilar sobre\u00a0<i>&#8220;Jesus Cristo, nossa esperan\u00e7a: A inf\u00e2ncia de Jesus&#8221;\u00a0<\/i>com \u00eanfase na Apresenta\u00e7\u00e3o de Jesus no Templo.<\/p>\n<p>&#8212;&#8212;&#8212;&#8212;&#8212;&#8212;&#8212;&#8212;&#8212;&#8212;&#8212;&#8212;&#8212;&#8212;&#8211;<\/p>\n<p>Queridos irm\u00e3os e irm\u00e3s!<\/p>\n<p>Hoje contemplamos a beleza de \u201cJesus Cristo, nossa esperan\u00e7a\u201d (1 Tm 1,1) no mist\u00e9rio de sua apresenta\u00e7\u00e3o no Templo.<\/p>\n<p>Nos relatos da inf\u00e2ncia de Jesus, o evangelista Lucas nos mostra a obedi\u00eancia de Maria e Jos\u00e9 \u00e0 Lei do Senhor e a todas as suas prescri\u00e7\u00f5es. Na realidade, em Israel n\u00e3o havia a obriga\u00e7\u00e3o de apresentar a crian\u00e7a no Templo, mas quem vivia da escuta da Palavra do Senhor e desejava conformar-se a ela, considerava essa pr\u00e1tica preciosa. Foi o que fez Ana, m\u00e3e do profeta Samuel, que era est\u00e9ril; Deus ouviu sua ora\u00e7\u00e3o e, tendo tido seu filho, o levou ao templo e o ofereceu para sempre ao Senhor (cf. 1Sm 1,24-28).<\/p>\n<p>Lucas narra, portanto, o primeiro ato de adora\u00e7\u00e3o de Jesus, um ato celebrado na cidade santa, Jerusal\u00e9m, que ser\u00e1 a meta de todo o seu minist\u00e9rio itinerante a partir do momento em que tomar\u00e1 a firme decis\u00e3o de ir at\u00e9 l\u00e1 (cf. Lucas 9,51), rumo ao cumprimento da sua miss\u00e3o.<\/p>\n<p>Maria e Jos\u00e9 n\u00e3o se limitam a inserir Jesus numa hist\u00f3ria de fam\u00edlia, de povo, de alian\u00e7a com o Senhor Deus. Eles cuidam da sua prote\u00e7\u00e3o e do seu crescimento, e o introduzem na atmosfera da f\u00e9 e do culto. E eles mesmos crescem gradualmente na compreens\u00e3o de uma voca\u00e7\u00e3o que os supera em grande medida.<\/p>\n<p>No Templo, que \u00e9 \u201ccasa de ora\u00e7\u00e3o\u201d (Lc 19,46), o Esp\u00edrito Santo fala ao cora\u00e7\u00e3o de um homem idoso: Sime\u00e3o, membro do povo santo de Deus, preparado para a espera e a esperan\u00e7a, que alimenta o desejo do cumprimento das promessas feitas por Deus a Israel por meio dos profetas. Sime\u00e3o sente a presen\u00e7a do Ungido do Senhor no Templo, v\u00ea a luz que brilha no meio dos povos imersos \u201cnas trevas\u201d (cf. Is 9,1) e vai ao encontro daquele menino que, como profetiza Isa\u00edas, \u201cnasceu para n\u00f3s\u201d, \u00e9 o filho que \u201cnos foi dado\u201d, o \u201cPr\u00edncipe da Paz\u201d (Is 9,5). Sime\u00e3o abra\u00e7a aquele menino que, pequeno e indefeso, repousa em seus bra\u00e7os; mas \u00e9 ele, na realidade, que encontra o consolo e a plenitude de sua exist\u00eancia ao abra\u00e7\u00e1-lo. Ele expressa isso num canto cheio de comovente gratid\u00e3o, que na Igreja se tornou a ora\u00e7\u00e3o do fim do dia:<\/p>\n<p>&#8220;Agora, Senhor, deixai o vosso servo ir em paz, segundo a vossa palavra, porque os meus olhos viram a vossa salva\u00e7\u00e3o que preparastes diante de todos os povos: como luz para iluminar as na\u00e7\u00f5es e para a gl\u00f3ria do vosso povo de Israel&#8221; (<i>Lc<\/i>\u00a02,29-32).<\/p>\n<p>Sime\u00e3o canta a alegria de quem viu, de quem reconheceu e pode transmitir aos outros o encontro com o Salvador de Israel e dos gentios. Ele \u00e9 testemunha da f\u00e9, que recebe como dom e comunica aos outros; ele \u00e9 testemunha da esperan\u00e7a que n\u00e3o desilude; \u00e9 testemunha do amor de Deus, que enche o cora\u00e7\u00e3o do homem de alegria e paz. Cheio desta consola\u00e7\u00e3o espiritual, o idoso Sime\u00e3o v\u00ea a morte n\u00e3o como o fim, mas como realiza\u00e7\u00e3o, como plenitude, ele a espera como uma \u201cirm\u00e3\u201d que n\u00e3o aniquila, mas introduz na verdadeira vida que ele j\u00e1 anteviu e na qual acredita.<\/p>\n<p>Naquele dia, Sime\u00e3o n\u00e3o \u00e9 o \u00fanico que v\u00ea a salva\u00e7\u00e3o que se fez carne no menino Jesus. O mesmo acontece com Ana, mulher com mais de oitenta anos, vi\u00fava, totalmente dedicada ao servi\u00e7o no Templo e consagrada \u00e0 ora\u00e7\u00e3o. Com efeito, ao ver o menino Ana celebra o Deus de Israel, que redimiu o seu povo precisamente naquele menino, e conta-o aos outros, propagando generosamente a palavra prof\u00e9tica. Assim, o c\u00e2ntico da reden\u00e7\u00e3o de dois anci\u00e3os liberta o an\u00fancio do Jubileu para todo o povo e para o mundo. No Templo de Jerusal\u00e9m reacende-se a esperan\u00e7a nos cora\u00e7\u00f5es, porque nele entrou Cristo, nossa esperan\u00e7a!<\/p>\n<p>Queridos irm\u00e3os e irm\u00e3s, imitemos tamb\u00e9m n\u00f3s Sime\u00e3o e Ana, \u201cperegrinos da esperan\u00e7a\u201d que t\u00eam olhos l\u00edmpidos capazes de ver al\u00e9m das apar\u00eancias, que sabem \u201cfarejar\u201d a presen\u00e7a de Deus na pequenez, que conseguem receber com alegria a visita de Deus e reacender a esperan\u00e7a no cora\u00e7\u00e3o dos irm\u00e3os e irm\u00e3s.<\/p>\n<hr \/>\n<p><em>Vatican News<\/em><\/p>\n","protected":false},"excerpt":{"rendered":"<p>Papa Franciscco<\/p>\n","protected":false},"author":11,"featured_media":255022,"comment_status":"open","ping_status":"open","sticky":false,"template":"","format":"standard","meta":[],"categories":[1,1428],"tags":[487,55],"acf":[],"yoast_head":"<!-- This site is optimized with the Yoast SEO plugin v19.2 - https:\/\/yoast.com\/wordpress\/plugins\/seo\/ -->\n<title>Catequese Papa Francisco: \u201cfarejar\u201d a presen\u00e7a de Deus na pequenez - Not\u00edcias - Franciscanos<\/title>\n<meta name=\"robots\" content=\"index, follow, max-snippet:-1, max-image-preview:large, max-video-preview:-1\" \/>\n<link rel=\"canonical\" href=\"https:\/\/franciscanos.org.br\/noticias\/catequese-papa-farejar-a-presenca-de-deus-na-pequenez.html\" \/>\n<meta property=\"og:locale\" content=\"pt_BR\" \/>\n<meta property=\"og:type\" content=\"article\" \/>\n<meta property=\"og:title\" content=\"Catequese Papa Francisco: \u201cfarejar\u201d a presen\u00e7a de Deus na pequenez - Not\u00edcias - Franciscanos\" \/>\n<meta property=\"og:description\" content=\"Papa Franciscco\" \/>\n<meta property=\"og:url\" content=\"https:\/\/franciscanos.org.br\/noticias\/catequese-papa-farejar-a-presenca-de-deus-na-pequenez.html\" \/>\n<meta property=\"og:site_name\" content=\"Not\u00edcias - Franciscanos\" \/>\n<meta property=\"article:published_time\" content=\"2025-02-26T12:06:59+00:00\" \/>\n<meta property=\"article:modified_time\" content=\"2025-02-26T12:08:02+00:00\" \/>\n<meta property=\"og:image\" content=\"https:\/\/franciscanos.org.br\/noticias\/wp-content\/uploads\/2025\/02\/CHAMADA-AUDIENCIA-GERAL.jpg\" \/>\n\t<meta property=\"og:image:width\" content=\"800\" \/>\n\t<meta property=\"og:image:height\" content=\"550\" \/>\n\t<meta property=\"og:image:type\" content=\"image\/jpeg\" \/>\n<meta name=\"author\" content=\"Adriana Rabelo\" \/>\n<meta name=\"twitter:card\" content=\"summary_large_image\" \/>\n<meta name=\"twitter:label1\" content=\"Escrito por\" \/>\n\t<meta name=\"twitter:data1\" content=\"Adriana Rabelo\" \/>\n\t<meta name=\"twitter:label2\" content=\"Est. tempo de leitura\" \/>\n\t<meta name=\"twitter:data2\" content=\"4 minutos\" \/>\n<script type=\"application\/ld+json\" class=\"yoast-schema-graph\">{\"@context\":\"https:\/\/schema.org\",\"@graph\":[{\"@type\":\"WebSite\",\"@id\":\"https:\/\/franciscanos.org.br\/noticias\/#website\",\"url\":\"https:\/\/franciscanos.org.br\/noticias\/\",\"name\":\"Not\u00edcias - Franciscanos\",\"description\":\"Prov\u00edncia Franciscana da Imaculada Concei\u00e7\u00e3o do Brasil - Ordem dos Frades Menores - OFM\",\"potentialAction\":[{\"@type\":\"SearchAction\",\"target\":{\"@type\":\"EntryPoint\",\"urlTemplate\":\"https:\/\/franciscanos.org.br\/noticias\/?s={search_term_string}\"},\"query-input\":\"required name=search_term_string\"}],\"inLanguage\":\"pt-BR\"},{\"@type\":\"ImageObject\",\"inLanguage\":\"pt-BR\",\"@id\":\"https:\/\/franciscanos.org.br\/noticias\/catequese-papa-farejar-a-presenca-de-deus-na-pequenez.html#primaryimage\",\"url\":\"https:\/\/franciscanos.org.br\/noticias\/wp-content\/uploads\/2025\/02\/CHAMADA-AUDIENCIA-GERAL.jpg\",\"contentUrl\":\"https:\/\/franciscanos.org.br\/noticias\/wp-content\/uploads\/2025\/02\/CHAMADA-AUDIENCIA-GERAL.jpg\",\"width\":800,\"height\":550},{\"@type\":\"WebPage\",\"@id\":\"https:\/\/franciscanos.org.br\/noticias\/catequese-papa-farejar-a-presenca-de-deus-na-pequenez.html#webpage\",\"url\":\"https:\/\/franciscanos.org.br\/noticias\/catequese-papa-farejar-a-presenca-de-deus-na-pequenez.html\",\"name\":\"Catequese Papa Francisco: \u201cfarejar\u201d a presen\u00e7a de Deus na pequenez - Not\u00edcias - Franciscanos\",\"isPartOf\":{\"@id\":\"https:\/\/franciscanos.org.br\/noticias\/#website\"},\"primaryImageOfPage\":{\"@id\":\"https:\/\/franciscanos.org.br\/noticias\/catequese-papa-farejar-a-presenca-de-deus-na-pequenez.html#primaryimage\"},\"datePublished\":\"2025-02-26T12:06:59+00:00\",\"dateModified\":\"2025-02-26T12:08:02+00:00\",\"author\":{\"@id\":\"https:\/\/franciscanos.org.br\/noticias\/#\/schema\/person\/d9422e83121c3ad3b0f423d195f5bb25\"},\"breadcrumb\":{\"@id\":\"https:\/\/franciscanos.org.br\/noticias\/catequese-papa-farejar-a-presenca-de-deus-na-pequenez.html#breadcrumb\"},\"inLanguage\":\"pt-BR\",\"potentialAction\":[{\"@type\":\"ReadAction\",\"target\":[\"https:\/\/franciscanos.org.br\/noticias\/catequese-papa-farejar-a-presenca-de-deus-na-pequenez.html\"]}]},{\"@type\":\"BreadcrumbList\",\"@id\":\"https:\/\/franciscanos.org.br\/noticias\/catequese-papa-farejar-a-presenca-de-deus-na-pequenez.html#breadcrumb\",\"itemListElement\":[{\"@type\":\"ListItem\",\"position\":1,\"name\":\"Home\",\"item\":\"https:\/\/franciscanos.org.br\/noticias\"},{\"@type\":\"ListItem\",\"position\":2,\"name\":\"Catequese Papa Francisco: \u201cfarejar\u201d a presen\u00e7a de Deus na pequenez\"}]},{\"@type\":\"Person\",\"@id\":\"https:\/\/franciscanos.org.br\/noticias\/#\/schema\/person\/d9422e83121c3ad3b0f423d195f5bb25\",\"name\":\"Adriana Rabelo\",\"image\":{\"@type\":\"ImageObject\",\"inLanguage\":\"pt-BR\",\"@id\":\"https:\/\/franciscanos.org.br\/noticias\/#\/schema\/person\/image\/\",\"url\":\"https:\/\/secure.gravatar.com\/avatar\/0a937b7500cd7df77540cfb8bede877d?s=96&d=mm&r=g\",\"contentUrl\":\"https:\/\/secure.gravatar.com\/avatar\/0a937b7500cd7df77540cfb8bede877d?s=96&d=mm&r=g\",\"caption\":\"Adriana Rabelo\"},\"url\":\"https:\/\/franciscanos.org.br\/noticias\/author\/adrianarabelo\"}]}<\/script>\n<!-- \/ Yoast SEO plugin. -->","yoast_head_json":{"title":"Catequese Papa Francisco: \u201cfarejar\u201d a presen\u00e7a de Deus na pequenez - Not\u00edcias - Franciscanos","robots":{"index":"index","follow":"follow","max-snippet":"max-snippet:-1","max-image-preview":"max-image-preview:large","max-video-preview":"max-video-preview:-1"},"canonical":"https:\/\/franciscanos.org.br\/noticias\/catequese-papa-farejar-a-presenca-de-deus-na-pequenez.html","og_locale":"pt_BR","og_type":"article","og_title":"Catequese Papa Francisco: \u201cfarejar\u201d a presen\u00e7a de Deus na pequenez - Not\u00edcias - Franciscanos","og_description":"Papa Franciscco","og_url":"https:\/\/franciscanos.org.br\/noticias\/catequese-papa-farejar-a-presenca-de-deus-na-pequenez.html","og_site_name":"Not\u00edcias - Franciscanos","article_published_time":"2025-02-26T12:06:59+00:00","article_modified_time":"2025-02-26T12:08:02+00:00","og_image":[{"width":800,"height":550,"url":"https:\/\/franciscanos.org.br\/noticias\/wp-content\/uploads\/2025\/02\/CHAMADA-AUDIENCIA-GERAL.jpg","type":"image\/jpeg"}],"author":"Adriana Rabelo","twitter_card":"summary_large_image","twitter_misc":{"Escrito por":"Adriana Rabelo","Est. tempo de leitura":"4 minutos"},"schema":{"@context":"https:\/\/schema.org","@graph":[{"@type":"WebSite","@id":"https:\/\/franciscanos.org.br\/noticias\/#website","url":"https:\/\/franciscanos.org.br\/noticias\/","name":"Not\u00edcias - Franciscanos","description":"Prov\u00edncia Franciscana da Imaculada Concei\u00e7\u00e3o do Brasil - Ordem dos Frades Menores - OFM","potentialAction":[{"@type":"SearchAction","target":{"@type":"EntryPoint","urlTemplate":"https:\/\/franciscanos.org.br\/noticias\/?s={search_term_string}"},"query-input":"required name=search_term_string"}],"inLanguage":"pt-BR"},{"@type":"ImageObject","inLanguage":"pt-BR","@id":"https:\/\/franciscanos.org.br\/noticias\/catequese-papa-farejar-a-presenca-de-deus-na-pequenez.html#primaryimage","url":"https:\/\/franciscanos.org.br\/noticias\/wp-content\/uploads\/2025\/02\/CHAMADA-AUDIENCIA-GERAL.jpg","contentUrl":"https:\/\/franciscanos.org.br\/noticias\/wp-content\/uploads\/2025\/02\/CHAMADA-AUDIENCIA-GERAL.jpg","width":800,"height":550},{"@type":"WebPage","@id":"https:\/\/franciscanos.org.br\/noticias\/catequese-papa-farejar-a-presenca-de-deus-na-pequenez.html#webpage","url":"https:\/\/franciscanos.org.br\/noticias\/catequese-papa-farejar-a-presenca-de-deus-na-pequenez.html","name":"Catequese Papa Francisco: \u201cfarejar\u201d a presen\u00e7a de Deus na pequenez - Not\u00edcias - Franciscanos","isPartOf":{"@id":"https:\/\/franciscanos.org.br\/noticias\/#website"},"primaryImageOfPage":{"@id":"https:\/\/franciscanos.org.br\/noticias\/catequese-papa-farejar-a-presenca-de-deus-na-pequenez.html#primaryimage"},"datePublished":"2025-02-26T12:06:59+00:00","dateModified":"2025-02-26T12:08:02+00:00","author":{"@id":"https:\/\/franciscanos.org.br\/noticias\/#\/schema\/person\/d9422e83121c3ad3b0f423d195f5bb25"},"breadcrumb":{"@id":"https:\/\/franciscanos.org.br\/noticias\/catequese-papa-farejar-a-presenca-de-deus-na-pequenez.html#breadcrumb"},"inLanguage":"pt-BR","potentialAction":[{"@type":"ReadAction","target":["https:\/\/franciscanos.org.br\/noticias\/catequese-papa-farejar-a-presenca-de-deus-na-pequenez.html"]}]},{"@type":"BreadcrumbList","@id":"https:\/\/franciscanos.org.br\/noticias\/catequese-papa-farejar-a-presenca-de-deus-na-pequenez.html#breadcrumb","itemListElement":[{"@type":"ListItem","position":1,"name":"Home","item":"https:\/\/franciscanos.org.br\/noticias"},{"@type":"ListItem","position":2,"name":"Catequese Papa Francisco: \u201cfarejar\u201d a presen\u00e7a de Deus na pequenez"}]},{"@type":"Person","@id":"https:\/\/franciscanos.org.br\/noticias\/#\/schema\/person\/d9422e83121c3ad3b0f423d195f5bb25","name":"Adriana Rabelo","image":{"@type":"ImageObject","inLanguage":"pt-BR","@id":"https:\/\/franciscanos.org.br\/noticias\/#\/schema\/person\/image\/","url":"https:\/\/secure.gravatar.com\/avatar\/0a937b7500cd7df77540cfb8bede877d?s=96&d=mm&r=g","contentUrl":"https:\/\/secure.gravatar.com\/avatar\/0a937b7500cd7df77540cfb8bede877d?s=96&d=mm&r=g","caption":"Adriana Rabelo"},"url":"https:\/\/franciscanos.org.br\/noticias\/author\/adrianarabelo"}]}},"_links":{"self":[{"href":"https:\/\/franciscanos.org.br\/noticias\/wp-json\/wp\/v2\/posts\/255020"}],"collection":[{"href":"https:\/\/franciscanos.org.br\/noticias\/wp-json\/wp\/v2\/posts"}],"about":[{"href":"https:\/\/franciscanos.org.br\/noticias\/wp-json\/wp\/v2\/types\/post"}],"author":[{"embeddable":true,"href":"https:\/\/franciscanos.org.br\/noticias\/wp-json\/wp\/v2\/users\/11"}],"replies":[{"embeddable":true,"href":"https:\/\/franciscanos.org.br\/noticias\/wp-json\/wp\/v2\/comments?post=255020"}],"version-history":[{"count":2,"href":"https:\/\/franciscanos.org.br\/noticias\/wp-json\/wp\/v2\/posts\/255020\/revisions"}],"predecessor-version":[{"id":255024,"href":"https:\/\/franciscanos.org.br\/noticias\/wp-json\/wp\/v2\/posts\/255020\/revisions\/255024"}],"wp:featuredmedia":[{"embeddable":true,"href":"https:\/\/franciscanos.org.br\/noticias\/wp-json\/wp\/v2\/media\/255022"}],"wp:attachment":[{"href":"https:\/\/franciscanos.org.br\/noticias\/wp-json\/wp\/v2\/media?parent=255020"}],"wp:term":[{"taxonomy":"category","embeddable":true,"href":"https:\/\/franciscanos.org.br\/noticias\/wp-json\/wp\/v2\/categories?post=255020"},{"taxonomy":"post_tag","embeddable":true,"href":"https:\/\/franciscanos.org.br\/noticias\/wp-json\/wp\/v2\/tags?post=255020"}],"curies":[{"name":"wp","href":"https:\/\/api.w.org\/{rel}","templated":true}]}}