{"id":254952,"date":"2025-02-23T12:02:56","date_gmt":"2025-02-23T15:02:56","guid":{"rendered":"https:\/\/franciscanos.org.br\/noticias\/?p=254952"},"modified":"2025-02-25T16:03:19","modified_gmt":"2025-02-25T19:03:19","slug":"provincia-intensifica-pedido-de-oracao-ao-papa-francisco","status":"publish","type":"post","link":"https:\/\/franciscanos.org.br\/noticias\/provincia-intensifica-pedido-de-oracao-ao-papa-francisco.html","title":{"rendered":"Prov\u00edncia intensifica pedido de ora\u00e7\u00e3o ao Papa Francisco"},"content":{"rendered":"<div id=\"attachment_254953\" style=\"width: 1290px\" class=\"wp-caption alignnone\"><img aria-describedby=\"caption-attachment-254953\" loading=\"lazy\" class=\"wp-image-254953 size-full\" src=\"https:\/\/franciscanos.org.br\/noticias\/wp-content\/uploads\/2025\/02\/materia-13.jpg\" alt=\"\" width=\"1280\" height=\"720\" srcset=\"https:\/\/franciscanos.org.br\/noticias\/wp-content\/uploads\/2025\/02\/materia-13.jpg 1280w, https:\/\/franciscanos.org.br\/noticias\/wp-content\/uploads\/2025\/02\/materia-13-450x253.jpg 450w, https:\/\/franciscanos.org.br\/noticias\/wp-content\/uploads\/2025\/02\/materia-13-1024x576.jpg 1024w, https:\/\/franciscanos.org.br\/noticias\/wp-content\/uploads\/2025\/02\/materia-13-768x432.jpg 768w, https:\/\/franciscanos.org.br\/noticias\/wp-content\/uploads\/2025\/02\/materia-13-150x84.jpg 150w\" sizes=\"(max-width: 1280px) 100vw, 1280px\" \/><p id=\"caption-attachment-254953\" class=\"wp-caption-text\">Foto: Jo\u00e3o Rangel<\/p><\/div>\n<p>A Prov\u00edncia Franciscana da Imacu\u00e7ada Concei\u00e7\u00e3o do Brasil continua em ora\u00e7\u00e3o pela plena recupera\u00e7\u00e3o do Papa Francisco. Depois do an\u00fancio alarmante do \u00faltimo s\u00e1bado,22,\u00a0 o quadro cl\u00ednico do Pont\u00edfice apresentou uma ligeira melhora nesta segunda-feira, 24 de fevereiro.<\/p>\n<p>O boletim m\u00e9dico\u00a0 da tarde desta ter\u00e7a-feira, 25, diz:<\/p>\n<p>&#8220;A condi\u00e7\u00e3o cl\u00ednica do Santo Padre permanece cr\u00edtica, mas est\u00e1vel. N\u00e3o houve epis\u00f3dios respirat\u00f3rios agudos e os par\u00e2metros hemodin\u00e2micos permanecem est\u00e1veis. No in\u00edcio da noite, foi submetido a uma tomografia computadorizada programada para monitoramento radiol\u00f3gico de pneumonia bilateral. O progn\u00f3stico permanece reservado. Pela manh\u00e3, ap\u00f3s receber a Eucaristia, retomou suas atividades de trabalho.&#8221;<\/p>\n<p>Ontem, 24 de fevereiro, a Sala de Imprensa da Santa S\u00e9 informou que n\u00e3o houve novas crises respirat\u00f3rias, o fluxo de oxig\u00eanio foi reduzido levemente e os exames apresentaram melhoras. Al\u00e9m disso, &#8220;a leve insufici\u00eancia renal n\u00e3o causa preocupa\u00e7\u00e3o&#8221;, de acordo com a nota. Tamb\u00e9m ontem, Francisco retomou o trabalho e, \u00e0 noite, telefonou para a par\u00f3quia de Gaza.<\/p>\n<p>Por conta da situ\u00e7\u00e3o de sa\u00fade delicada, no \u00faltimo domingo, 23, o Santo Padre foi submetido a duas unidades de hematologia concentrada com benef\u00edcios e um retorno do valor da hemoglobina. Sua plaquetopenia permaneceu est\u00e1vel; no entanto, alguns exames de sangue mostram insufici\u00eancia renal inicial leve, que est\u00e1 sob controle. A terapia com oxig\u00eanio de alto fluxo por meio de c\u00e2nulas nasais continua.<\/p>\n<p>No s\u00e1bado, 22,\u00a0 foi divulgado o boletim mais alarmante dos \u00faltimos 12 dias sobre a interna\u00e7\u00e3o do Pont\u00edfice no Hospital Gemelli, em Roma, onde deu entrada, no \u00faltimo dia 14 de fevereiro, com a indica\u00e7\u00e3o de um quadro de bronquite, que durante a semana evoluiu para um diagn\u00f3stico de pneumonia bilateral, exigindo um tratamento medicamentoso mais intenso.<\/p>\n<div id=\"attachment_254959\" style=\"width: 460px\" class=\"wp-caption alignright\"><img aria-describedby=\"caption-attachment-254959\" loading=\"lazy\" class=\"wp-image-254959 size-medium\" src=\"https:\/\/franciscanos.org.br\/noticias\/wp-content\/uploads\/2025\/02\/FRANCISCO-APARECIDA-02-450x300.jpg\" alt=\"\" width=\"450\" height=\"300\" srcset=\"https:\/\/franciscanos.org.br\/noticias\/wp-content\/uploads\/2025\/02\/FRANCISCO-APARECIDA-02-450x300.jpg 450w, https:\/\/franciscanos.org.br\/noticias\/wp-content\/uploads\/2025\/02\/FRANCISCO-APARECIDA-02-1024x683.jpg 1024w, https:\/\/franciscanos.org.br\/noticias\/wp-content\/uploads\/2025\/02\/FRANCISCO-APARECIDA-02-768x512.jpg 768w, https:\/\/franciscanos.org.br\/noticias\/wp-content\/uploads\/2025\/02\/FRANCISCO-APARECIDA-02-1536x1024.jpg 1536w, https:\/\/franciscanos.org.br\/noticias\/wp-content\/uploads\/2025\/02\/FRANCISCO-APARECIDA-02-2048x1365.jpg 2048w, https:\/\/franciscanos.org.br\/noticias\/wp-content\/uploads\/2025\/02\/FRANCISCO-APARECIDA-02-150x100.jpg 150w, https:\/\/franciscanos.org.br\/noticias\/wp-content\/uploads\/2025\/02\/FRANCISCO-APARECIDA-02-scaled.jpg 1620w\" sizes=\"(max-width: 450px) 100vw, 450px\" \/><p id=\"caption-attachment-254959\" class=\"wp-caption-text\">Foto: Jo\u00e3o Rangel<\/p><\/div>\n<p><strong>Pedido de ora\u00e7\u00e3o<\/strong><\/p>\n<p>Diante dessa condi\u00e7\u00e3o do Papa Francisco,\u00a0 a Prov\u00edncia Franciscana da Imaculada Concei\u00e7\u00e3o do Brasil, manifesta sua solidariedade ao Santo Padre e mant\u00e9m suas ora\u00e7\u00f5es pela recupera\u00e7\u00e3o de Vossa Santidade.<\/p>\n<p>O posicionamento da Prov\u00edncia que est\u00e1 presente em cinco estados (S\u00e3o Paulo, Rio de Janeiro, Santa Catarina, Paran\u00e1 e Esp\u00edrito Santo) por meio de suas Fraternidades, al\u00e9m dos nossos irm\u00e3os angolanos da Funda\u00e7\u00e3o Franciscana Imaculada M\u00e3e de Deus da Angola (FIMDA), chega tamb\u00e9m como um pedido a todos os fi\u00e9is dessas regi\u00f5es.<\/p>\n<p>Neste momento, elevemos nossas preces para que Nossa Senhora da Imaculada Concei\u00e7\u00e3o interceda junto a Deus pela recupera\u00e7\u00e3o do Santo Padre Papa Francisco. Pe\u00e7amos que Deus aben\u00e7oe nosso Sumo Sacerdote para que ele torne-se ainda mais forte diante desta grande tribula\u00e7\u00e3o que est\u00e1 vivendo.<\/p>\n<p>Acreditamos que este servo do Senhor tem sido exemplar em sua miss\u00e3o evangelizadora, que carrega um olhar piedoso para os filhos e filhas de Deus, especialmente os pobres, oprimidos e humilhados, sob a \u00f3tica de uma Ecologia Integral.<\/p>\n<p>Nossa miss\u00e3o, enquanto seguidores de Jesus Cristo e fi\u00e9is \u00e0 devo\u00e7\u00e3o \u00e0 Virgem M\u00e3e de Deus e nossa, \u00e9 mantermo-nos firmes na esperan\u00e7a de que o Senhor \u00e9 um bom pastor que n\u00e3o abandona suas ovelhas, nem seus pastores que est\u00e3o aqui para nos guiar, assim como o Papa Francisco.<\/p>\n<p>O Cardeal Dom Jaime Spengler, Arcebispo de Porto Alegre (RS) e presidente da CNBB ( Confer\u00eancia Nacional dos Bispos\u00a0 do Brasil),\u00a0 tamb\u00e9m frade da Prov\u00edncia da Imaculada, falou com o site Franciscanos sobre a situa\u00e7\u00e3o do Papa Francisco e refor\u00e7o o pedido de ora\u00e7\u00e3o.<\/p>\n<p>&#8220;A fragilidade \u00e9 uma caracter\u00edstica da natureza humana e o Papa Francisco tamb\u00e9m \u00e9 um ser humano. Nesses dias, a fragilidade se fez sentir ainda mais forte. Juntos, como Igreja, rezamos solicitando a gra\u00e7a da sa\u00fade e for\u00e7a para que o Pont\u00edfice continue desenvolvendo o que ele solicitou h\u00e1 quase 12 anos. Rezemos pedindo pela sua sa\u00fade e restabelecimento, afim de que possa dar continuidade a uma obra iniciada n\u00e3o somente por ele, mas tamb\u00e9m inspirado pelo Evangelho e atento aos sinais dos tempos. Refor\u00e7amos o apelo a todas as nossas comunidades para que elevem aos c\u00e9us suas preces, pedindo pela recupera\u00e7\u00e3o pronta e r\u00e1pida do Santo Padre&#8221;, councluiu.<\/p>\n<p>&#8212;&#8212;&#8212;&#8212;&#8212;&#8212;&#8212;&#8212;&#8212;-<\/p>\n<p><strong>Rezemos pelo Papa :<\/strong><\/p>\n<p><em>\u00d3 Senhora, M\u00e3e do belo amor e da santa esperan\u00e7a,<\/em><\/p>\n<p><em>instru\u00ed-nos na pr\u00e1tica das boas obras.<\/em><\/p>\n<p><em>Ao vosso patroc\u00ednio recorremos, n\u00e3o desprezeis<\/em><\/p>\n<p><em>as nossas s\u00faplicas e amparai-nos em perigos.<\/em><\/p>\n<p><em>Afastai-nos, \u00f3 m\u00e3e, de todo cont\u00e1gio do mal,<\/em><\/p>\n<p><em>para que irradiemos a vossa pureza.<\/em><\/p>\n<p><em>Sejamos generosos na doa\u00e7\u00e3o e fervorosos na ora\u00e7\u00e3o.<\/em><\/p>\n<p><em>Rogai por n\u00f3s, santa M\u00e3e de Deus.<\/em><\/p>\n<p><strong>Mensagem do Angellus<\/strong><\/p>\n<p>Pelo segundo domingo consecutivo, o Santo Padre n\u00e3o esteve presente no Angellus. No entanto, enviou uma mensagem, dirigindo-se primeiramente aos profissionais de sa\u00fade que o assistem:<\/p>\n<p>\u201cDe minha parte, continuo confiante na interna\u00e7\u00e3o na Policl\u00ednica Gemelli, realizando os tratamentos necess\u00e1rios; e tamb\u00e9m o repouso faz parte da terapia! Agrade\u00e7o de cora\u00e7\u00e3o aos m\u00e9dicos e aos profissionais de sa\u00fade deste Hospital pela aten\u00e7\u00e3o que me dispensam e pela dedica\u00e7\u00e3o com que prestam seu servi\u00e7o aos doentes\u201d.<\/p>\n<p>O Santo Padre tamb\u00e9m saudou os candidatos ao diaconato e a todos os participantes do Jubileu dos Di\u00e1conos, realizado nestes dias no Vaticano e que, na manh\u00e3 de domingo, participaram na da Missa na Bas\u00edlica de S\u00e3o Pedro, presidida, por delega\u00e7\u00e3o do Papa, por dom Rino Fisichella, pr\u00f3-prefeito do Dicast\u00e9rio para a Evangeliza\u00e7\u00e3o:<\/p>\n<p>\u201cCaros irm\u00e3os di\u00e1conos, voc\u00eas se dedicam ao an\u00fancio da Palavra e ao servi\u00e7o da caridade; desempenhem seu minist\u00e9rio na Igreja com palavras e a\u00e7\u00f5es, levando o amor e a miseric\u00f3rdia de Deus a todos. Exorto-vos a continuar com alegria o vosso apostolado e \u2013 como sugere o Evangelho de hoje \u2013 a ser sinal de um amor que abra\u00e7a todos, que transforma o mal em bem e gera um mundo fraterno. N\u00e3o tenham medo de arriscar o amor!\u201d<\/p>\n<p>Papa Francisco tamb\u00e9m convidou os fi\u00e9is a rezarem pela paz em todos os pa\u00edses onde h\u00e1 conflitos dram\u00e1ticos, da Palestina ao Sud\u00e3o, com um pensamento particular para a Ucr\u00e2nia, onde, nesta segunda-feira, 24 de fevereiro, completou tr\u00eas anos da invas\u00e3o em grande escala pela R\u00fassia, segundo ele, uma vergonha para o mundo inteiro. Na mensagem de domingo, Papa Francisco disse:<\/p>\n<p><img loading=\"lazy\" class=\"size-medium wp-image-254957 alignright\" src=\"https:\/\/franciscanos.org.br\/noticias\/wp-content\/uploads\/2025\/02\/cq5dam.thumbnail.cropped.750.422-1-450x253.jpeg\" alt=\"\" width=\"450\" height=\"253\" srcset=\"https:\/\/franciscanos.org.br\/noticias\/wp-content\/uploads\/2025\/02\/cq5dam.thumbnail.cropped.750.422-1-450x253.jpeg 450w, https:\/\/franciscanos.org.br\/noticias\/wp-content\/uploads\/2025\/02\/cq5dam.thumbnail.cropped.750.422-1-150x84.jpeg 150w, https:\/\/franciscanos.org.br\/noticias\/wp-content\/uploads\/2025\/02\/cq5dam.thumbnail.cropped.750.422-1.jpeg 750w\" sizes=\"(max-width: 450px) 100vw, 450px\" \/>\u201cAmanh\u00e3 marca o terceiro anivers\u00e1rio da guerra em larga escala contra a Ucr\u00e2nia: um anivers\u00e1rio doloroso e vergonhoso para toda a humanidade! Ao renovar minha proximidade ao martirizado povo ucraniano, convido-vos a recordar das v\u00edtimas de todos os conflitos armados e a rezar pelo dom da paz na Palestina, em Israel e em todo o Oriente M\u00e9dio, em Mianmar, no Kivu e no Sud\u00e3o\u201d.<\/p>\n<p>Por fim, o Santo Padre agradeceu as muitas demonstra\u00e7\u00f5es de carinho recebidas nos \u00faltimos dias, fazendo particular refer\u00eancia \u00e0quelas das crian\u00e7as:<\/p>\n<p>\u201cNestes dias recebi muitas mensagens de afeto e fiquei particularmente tocado pelas cartas e pelos desenhos das crian\u00e7as. Obrigado por essa proximidade e pelas ora\u00e7\u00f5es de conforto que recebi do mundo inteiro! Confio todos \u00e0 intercess\u00e3o de Maria e pe\u00e7o que rezem por mim\u201d.<\/p>\n<p>&nbsp;<\/p>\n<hr \/>\n<p>Adriana Rabelo- Site Franciscanos<\/p>\n<p>Fonte: https:\/\/www.vaticannews.va\/pt\/papa\/news\/2025-02\/papa-francisco-angelus-texto-23-fevereiro-2025.html<\/p>\n","protected":false},"excerpt":{"rendered":"<p>Rezemos pelo Papa Francisco<\/p>\n","protected":false},"author":11,"featured_media":254956,"comment_status":"open","ping_status":"open","sticky":false,"template":"","format":"standard","meta":[],"categories":[1,1428],"tags":[55],"acf":[],"yoast_head":"<!-- This site is optimized with the Yoast SEO plugin v19.2 - https:\/\/yoast.com\/wordpress\/plugins\/seo\/ -->\n<title>Prov\u00edncia intensifica pedido de ora\u00e7\u00e3o ao Papa Francisco - Not\u00edcias - Franciscanos<\/title>\n<meta name=\"robots\" content=\"index, follow, max-snippet:-1, max-image-preview:large, max-video-preview:-1\" \/>\n<link rel=\"canonical\" href=\"https:\/\/franciscanos.org.br\/noticias\/provincia-intensifica-pedido-de-oracao-ao-papa-francisco.html\" \/>\n<meta property=\"og:locale\" content=\"pt_BR\" \/>\n<meta property=\"og:type\" content=\"article\" \/>\n<meta property=\"og:title\" content=\"Prov\u00edncia intensifica pedido de ora\u00e7\u00e3o ao Papa Francisco - Not\u00edcias - Franciscanos\" \/>\n<meta property=\"og:description\" content=\"Rezemos pelo Papa Francisco\" \/>\n<meta property=\"og:url\" content=\"https:\/\/franciscanos.org.br\/noticias\/provincia-intensifica-pedido-de-oracao-ao-papa-francisco.html\" \/>\n<meta property=\"og:site_name\" content=\"Not\u00edcias - Franciscanos\" \/>\n<meta property=\"article:published_time\" content=\"2025-02-23T15:02:56+00:00\" \/>\n<meta property=\"article:modified_time\" content=\"2025-02-25T19:03:19+00:00\" \/>\n<meta property=\"og:image\" content=\"https:\/\/franciscanos.org.br\/noticias\/wp-content\/uploads\/2025\/02\/chamada-16.jpg\" \/>\n\t<meta property=\"og:image:width\" content=\"800\" \/>\n\t<meta property=\"og:image:height\" content=\"550\" \/>\n\t<meta property=\"og:image:type\" content=\"image\/jpeg\" \/>\n<meta name=\"author\" content=\"Adriana Rabelo\" \/>\n<meta name=\"twitter:card\" content=\"summary_large_image\" \/>\n<meta name=\"twitter:label1\" content=\"Escrito por\" \/>\n\t<meta name=\"twitter:data1\" content=\"Adriana Rabelo\" \/>\n\t<meta name=\"twitter:label2\" content=\"Est. tempo de leitura\" \/>\n\t<meta name=\"twitter:data2\" content=\"6 minutos\" \/>\n<script type=\"application\/ld+json\" class=\"yoast-schema-graph\">{\"@context\":\"https:\/\/schema.org\",\"@graph\":[{\"@type\":\"WebSite\",\"@id\":\"https:\/\/franciscanos.org.br\/noticias\/#website\",\"url\":\"https:\/\/franciscanos.org.br\/noticias\/\",\"name\":\"Not\u00edcias - Franciscanos\",\"description\":\"Prov\u00edncia Franciscana da Imaculada Concei\u00e7\u00e3o do Brasil - Ordem dos Frades Menores - OFM\",\"potentialAction\":[{\"@type\":\"SearchAction\",\"target\":{\"@type\":\"EntryPoint\",\"urlTemplate\":\"https:\/\/franciscanos.org.br\/noticias\/?s={search_term_string}\"},\"query-input\":\"required name=search_term_string\"}],\"inLanguage\":\"pt-BR\"},{\"@type\":\"ImageObject\",\"inLanguage\":\"pt-BR\",\"@id\":\"https:\/\/franciscanos.org.br\/noticias\/provincia-intensifica-pedido-de-oracao-ao-papa-francisco.html#primaryimage\",\"url\":\"https:\/\/franciscanos.org.br\/noticias\/wp-content\/uploads\/2025\/02\/chamada-16.jpg\",\"contentUrl\":\"https:\/\/franciscanos.org.br\/noticias\/wp-content\/uploads\/2025\/02\/chamada-16.jpg\",\"width\":800,\"height\":550},{\"@type\":\"WebPage\",\"@id\":\"https:\/\/franciscanos.org.br\/noticias\/provincia-intensifica-pedido-de-oracao-ao-papa-francisco.html#webpage\",\"url\":\"https:\/\/franciscanos.org.br\/noticias\/provincia-intensifica-pedido-de-oracao-ao-papa-francisco.html\",\"name\":\"Prov\u00edncia intensifica pedido de ora\u00e7\u00e3o ao Papa Francisco - Not\u00edcias - Franciscanos\",\"isPartOf\":{\"@id\":\"https:\/\/franciscanos.org.br\/noticias\/#website\"},\"primaryImageOfPage\":{\"@id\":\"https:\/\/franciscanos.org.br\/noticias\/provincia-intensifica-pedido-de-oracao-ao-papa-francisco.html#primaryimage\"},\"datePublished\":\"2025-02-23T15:02:56+00:00\",\"dateModified\":\"2025-02-25T19:03:19+00:00\",\"author\":{\"@id\":\"https:\/\/franciscanos.org.br\/noticias\/#\/schema\/person\/d9422e83121c3ad3b0f423d195f5bb25\"},\"breadcrumb\":{\"@id\":\"https:\/\/franciscanos.org.br\/noticias\/provincia-intensifica-pedido-de-oracao-ao-papa-francisco.html#breadcrumb\"},\"inLanguage\":\"pt-BR\",\"potentialAction\":[{\"@type\":\"ReadAction\",\"target\":[\"https:\/\/franciscanos.org.br\/noticias\/provincia-intensifica-pedido-de-oracao-ao-papa-francisco.html\"]}]},{\"@type\":\"BreadcrumbList\",\"@id\":\"https:\/\/franciscanos.org.br\/noticias\/provincia-intensifica-pedido-de-oracao-ao-papa-francisco.html#breadcrumb\",\"itemListElement\":[{\"@type\":\"ListItem\",\"position\":1,\"name\":\"Home\",\"item\":\"https:\/\/franciscanos.org.br\/noticias\"},{\"@type\":\"ListItem\",\"position\":2,\"name\":\"Prov\u00edncia intensifica pedido de ora\u00e7\u00e3o ao Papa Francisco\"}]},{\"@type\":\"Person\",\"@id\":\"https:\/\/franciscanos.org.br\/noticias\/#\/schema\/person\/d9422e83121c3ad3b0f423d195f5bb25\",\"name\":\"Adriana Rabelo\",\"image\":{\"@type\":\"ImageObject\",\"inLanguage\":\"pt-BR\",\"@id\":\"https:\/\/franciscanos.org.br\/noticias\/#\/schema\/person\/image\/\",\"url\":\"https:\/\/secure.gravatar.com\/avatar\/0a937b7500cd7df77540cfb8bede877d?s=96&d=mm&r=g\",\"contentUrl\":\"https:\/\/secure.gravatar.com\/avatar\/0a937b7500cd7df77540cfb8bede877d?s=96&d=mm&r=g\",\"caption\":\"Adriana Rabelo\"},\"url\":\"https:\/\/franciscanos.org.br\/noticias\/author\/adrianarabelo\"}]}<\/script>\n<!-- \/ Yoast SEO plugin. -->","yoast_head_json":{"title":"Prov\u00edncia intensifica pedido de ora\u00e7\u00e3o ao Papa Francisco - Not\u00edcias - Franciscanos","robots":{"index":"index","follow":"follow","max-snippet":"max-snippet:-1","max-image-preview":"max-image-preview:large","max-video-preview":"max-video-preview:-1"},"canonical":"https:\/\/franciscanos.org.br\/noticias\/provincia-intensifica-pedido-de-oracao-ao-papa-francisco.html","og_locale":"pt_BR","og_type":"article","og_title":"Prov\u00edncia intensifica pedido de ora\u00e7\u00e3o ao Papa Francisco - Not\u00edcias - Franciscanos","og_description":"Rezemos pelo Papa Francisco","og_url":"https:\/\/franciscanos.org.br\/noticias\/provincia-intensifica-pedido-de-oracao-ao-papa-francisco.html","og_site_name":"Not\u00edcias - Franciscanos","article_published_time":"2025-02-23T15:02:56+00:00","article_modified_time":"2025-02-25T19:03:19+00:00","og_image":[{"width":800,"height":550,"url":"https:\/\/franciscanos.org.br\/noticias\/wp-content\/uploads\/2025\/02\/chamada-16.jpg","type":"image\/jpeg"}],"author":"Adriana Rabelo","twitter_card":"summary_large_image","twitter_misc":{"Escrito por":"Adriana Rabelo","Est. tempo de leitura":"6 minutos"},"schema":{"@context":"https:\/\/schema.org","@graph":[{"@type":"WebSite","@id":"https:\/\/franciscanos.org.br\/noticias\/#website","url":"https:\/\/franciscanos.org.br\/noticias\/","name":"Not\u00edcias - Franciscanos","description":"Prov\u00edncia Franciscana da Imaculada Concei\u00e7\u00e3o do Brasil - Ordem dos Frades Menores - OFM","potentialAction":[{"@type":"SearchAction","target":{"@type":"EntryPoint","urlTemplate":"https:\/\/franciscanos.org.br\/noticias\/?s={search_term_string}"},"query-input":"required name=search_term_string"}],"inLanguage":"pt-BR"},{"@type":"ImageObject","inLanguage":"pt-BR","@id":"https:\/\/franciscanos.org.br\/noticias\/provincia-intensifica-pedido-de-oracao-ao-papa-francisco.html#primaryimage","url":"https:\/\/franciscanos.org.br\/noticias\/wp-content\/uploads\/2025\/02\/chamada-16.jpg","contentUrl":"https:\/\/franciscanos.org.br\/noticias\/wp-content\/uploads\/2025\/02\/chamada-16.jpg","width":800,"height":550},{"@type":"WebPage","@id":"https:\/\/franciscanos.org.br\/noticias\/provincia-intensifica-pedido-de-oracao-ao-papa-francisco.html#webpage","url":"https:\/\/franciscanos.org.br\/noticias\/provincia-intensifica-pedido-de-oracao-ao-papa-francisco.html","name":"Prov\u00edncia intensifica pedido de ora\u00e7\u00e3o ao Papa Francisco - Not\u00edcias - Franciscanos","isPartOf":{"@id":"https:\/\/franciscanos.org.br\/noticias\/#website"},"primaryImageOfPage":{"@id":"https:\/\/franciscanos.org.br\/noticias\/provincia-intensifica-pedido-de-oracao-ao-papa-francisco.html#primaryimage"},"datePublished":"2025-02-23T15:02:56+00:00","dateModified":"2025-02-25T19:03:19+00:00","author":{"@id":"https:\/\/franciscanos.org.br\/noticias\/#\/schema\/person\/d9422e83121c3ad3b0f423d195f5bb25"},"breadcrumb":{"@id":"https:\/\/franciscanos.org.br\/noticias\/provincia-intensifica-pedido-de-oracao-ao-papa-francisco.html#breadcrumb"},"inLanguage":"pt-BR","potentialAction":[{"@type":"ReadAction","target":["https:\/\/franciscanos.org.br\/noticias\/provincia-intensifica-pedido-de-oracao-ao-papa-francisco.html"]}]},{"@type":"BreadcrumbList","@id":"https:\/\/franciscanos.org.br\/noticias\/provincia-intensifica-pedido-de-oracao-ao-papa-francisco.html#breadcrumb","itemListElement":[{"@type":"ListItem","position":1,"name":"Home","item":"https:\/\/franciscanos.org.br\/noticias"},{"@type":"ListItem","position":2,"name":"Prov\u00edncia intensifica pedido de ora\u00e7\u00e3o ao Papa Francisco"}]},{"@type":"Person","@id":"https:\/\/franciscanos.org.br\/noticias\/#\/schema\/person\/d9422e83121c3ad3b0f423d195f5bb25","name":"Adriana Rabelo","image":{"@type":"ImageObject","inLanguage":"pt-BR","@id":"https:\/\/franciscanos.org.br\/noticias\/#\/schema\/person\/image\/","url":"https:\/\/secure.gravatar.com\/avatar\/0a937b7500cd7df77540cfb8bede877d?s=96&d=mm&r=g","contentUrl":"https:\/\/secure.gravatar.com\/avatar\/0a937b7500cd7df77540cfb8bede877d?s=96&d=mm&r=g","caption":"Adriana Rabelo"},"url":"https:\/\/franciscanos.org.br\/noticias\/author\/adrianarabelo"}]}},"_links":{"self":[{"href":"https:\/\/franciscanos.org.br\/noticias\/wp-json\/wp\/v2\/posts\/254952"}],"collection":[{"href":"https:\/\/franciscanos.org.br\/noticias\/wp-json\/wp\/v2\/posts"}],"about":[{"href":"https:\/\/franciscanos.org.br\/noticias\/wp-json\/wp\/v2\/types\/post"}],"author":[{"embeddable":true,"href":"https:\/\/franciscanos.org.br\/noticias\/wp-json\/wp\/v2\/users\/11"}],"replies":[{"embeddable":true,"href":"https:\/\/franciscanos.org.br\/noticias\/wp-json\/wp\/v2\/comments?post=254952"}],"version-history":[{"count":16,"href":"https:\/\/franciscanos.org.br\/noticias\/wp-json\/wp\/v2\/posts\/254952\/revisions"}],"predecessor-version":[{"id":255019,"href":"https:\/\/franciscanos.org.br\/noticias\/wp-json\/wp\/v2\/posts\/254952\/revisions\/255019"}],"wp:featuredmedia":[{"embeddable":true,"href":"https:\/\/franciscanos.org.br\/noticias\/wp-json\/wp\/v2\/media\/254956"}],"wp:attachment":[{"href":"https:\/\/franciscanos.org.br\/noticias\/wp-json\/wp\/v2\/media?parent=254952"}],"wp:term":[{"taxonomy":"category","embeddable":true,"href":"https:\/\/franciscanos.org.br\/noticias\/wp-json\/wp\/v2\/categories?post=254952"},{"taxonomy":"post_tag","embeddable":true,"href":"https:\/\/franciscanos.org.br\/noticias\/wp-json\/wp\/v2\/tags?post=254952"}],"curies":[{"name":"wp","href":"https:\/\/api.w.org\/{rel}","templated":true}]}}