{"id":254933,"date":"2025-02-20T15:45:58","date_gmt":"2025-02-20T18:45:58","guid":{"rendered":"https:\/\/franciscanos.org.br\/noticias\/?p=254933"},"modified":"2025-02-26T10:31:29","modified_gmt":"2025-02-26T13:31:29","slug":"fraternidades-e-instituicoes-de-ensino-da-provincia-abrem-campanha-da-fraternidade-2025","status":"publish","type":"post","link":"https:\/\/franciscanos.org.br\/noticias\/fraternidades-e-instituicoes-de-ensino-da-provincia-abrem-campanha-da-fraternidade-2025.html","title":{"rendered":"Fraternidades e Institui\u00e7\u00f5es de ensino da Prov\u00edncia abrem Campanha da Fraternidade 2025"},"content":{"rendered":"<p><img loading=\"lazy\" class=\"aligncenter wp-image-254934 size-full\" src=\"https:\/\/franciscanos.org.br\/noticias\/wp-content\/uploads\/2025\/02\/CF25-dest-1280.jpg\" alt=\"\" width=\"1280\" height=\"720\" srcset=\"https:\/\/franciscanos.org.br\/noticias\/wp-content\/uploads\/2025\/02\/CF25-dest-1280.jpg 1280w, https:\/\/franciscanos.org.br\/noticias\/wp-content\/uploads\/2025\/02\/CF25-dest-1280-450x253.jpg 450w, https:\/\/franciscanos.org.br\/noticias\/wp-content\/uploads\/2025\/02\/CF25-dest-1280-1024x576.jpg 1024w, https:\/\/franciscanos.org.br\/noticias\/wp-content\/uploads\/2025\/02\/CF25-dest-1280-768x432.jpg 768w, https:\/\/franciscanos.org.br\/noticias\/wp-content\/uploads\/2025\/02\/CF25-dest-1280-150x84.jpg 150w\" sizes=\"(max-width: 1280px) 100vw, 1280px\" \/><\/p>\n<p><strong>Fraternidade e Ecologia Integral: \u201cDeus viu que tudo era muito bom\u201d (Gn 1,31).<\/strong> A partir deste tema e lema, a Igreja Cat\u00f3lica no Brasil est\u00e1 em efervesc\u00eancia para viver a Campanha da Fraternidade 2025, juntamente com o povo de Deus.<\/p>\n<p>A cada ano, os bispos do Conselho Episcopal Pastoral (CONSEP) da Confer\u00eancia Nacional dos Bispos do Brasil (CNBB), acolhendo as sugest\u00f5es vindas dos regionais, dos organismos do Povo de Deus, das ordens e congrega\u00e7\u00f5es religiosas e dos fi\u00e9is leigos e leigas, definem a tem\u00e1tica a ser abordada e o direcionamento das a\u00e7\u00f5es de base.<\/p>\n<p>Para 2025, a motiva\u00e7\u00e3o para a abordagem, que tem como objetivo chamar a aten\u00e7\u00e3o para as quest\u00f5es relacionadas \u00e0 preserva\u00e7\u00e3o da Casa Comum, foi impulsionada por uma s\u00e9rie de eventos que marcam a hist\u00f3ria do Brasil, da Igreja Cat\u00f3lica e, especialmente, da Fam\u00edlia Franciscana.<\/p>\n<p>Devemos considerar que a crise clim\u00e1tica que estamos vivendo nos \u00faltimos anos \u2014 e que tem se mostrado ainda mais feroz atualmente \u2014 influenciou a escolha. Junto a esse cen\u00e1rio, as reflex\u00f5es tamb\u00e9m foram impulsionadas pelos 800 anos da composi\u00e7\u00e3o do C\u00e2ntico das Criaturas de S\u00e3o Francisco de Assis; pelos 10 anos da publica\u00e7\u00e3o da Carta Enc\u00edclica Laudato si\u2019; pela publica\u00e7\u00e3o da Exorta\u00e7\u00e3o Apost\u00f3lica Laudate Deum; pelos 10 anos de cria\u00e7\u00e3o da Rede Eclesial Pan-Amaz\u00f4nica (REPAM); pela realiza\u00e7\u00e3o da COP 30, em Bel\u00e9m (PA) \u2014 a primeira na Amaz\u00f4nia \u2014, bem como pela sugest\u00e3o da Comiss\u00e3o Episcopal Especial para a Minera\u00e7\u00e3o e a Ecologia Integral.<\/p>\n<p>Em 61 anos de hist\u00f3ria, esta \u00e9 a oitava vez que a tem\u00e1tica ambiental \u00e9 trazida pela Campanha da Fraternidade, com o objetivo de \u201cpromover, em esp\u00edrito quaresmal e em tempos de urgente crise socioambiental, um processo de convers\u00e3o integral, ouvindo o grito dos pobres e da Terra\u201d (Objetivo Geral da CF 2025).<\/p>\n<p>Em unidade com a Igreja Cat\u00f3lica e a CNBB, a Prov\u00edncia Franciscana da Imaculada Concei\u00e7\u00e3o, que tamb\u00e9m vive intensamente a celebra\u00e7\u00e3o do VIII Centen\u00e1rio do C\u00e2ntico das Criaturas, no mesmo ano em que inicia as comemora\u00e7\u00f5es dos seus 350 anos de hist\u00f3ria, est\u00e1 empenhada em levar aos fi\u00e9is as reflex\u00f5es e os atos concretos previstos para a Campanha da Fraternidade 2025.<\/p>\n<p><strong>Abertura da Campanha da Fraternidade<\/strong><\/p>\n<p>No <strong>Santu\u00e1rio Frei Galv\u00e3o<\/strong>, em Guaratinguet\u00e1 (SP), a abertura da Campanha da Fraternidade foi na \u00faltima <strong>quinta-feira, 20<\/strong>, durante a Santa Missa das 19h, presidida pelo Arcebispo de Aparecida, Dom Orlando Brandes.<\/p>\n<p><img loading=\"lazy\" class=\"alignright wp-image-254944 size-medium\" src=\"https:\/\/franciscanos.org.br\/noticias\/wp-content\/uploads\/2025\/02\/Copia-de-Capa-youtube-thumbnail-tons-de-preto-e-amarelo-2-450x253.png\" alt=\"\" width=\"450\" height=\"253\" srcset=\"https:\/\/franciscanos.org.br\/noticias\/wp-content\/uploads\/2025\/02\/Copia-de-Capa-youtube-thumbnail-tons-de-preto-e-amarelo-2-450x253.png 450w, https:\/\/franciscanos.org.br\/noticias\/wp-content\/uploads\/2025\/02\/Copia-de-Capa-youtube-thumbnail-tons-de-preto-e-amarelo-2-1024x576.png 1024w, https:\/\/franciscanos.org.br\/noticias\/wp-content\/uploads\/2025\/02\/Copia-de-Capa-youtube-thumbnail-tons-de-preto-e-amarelo-2-768x432.png 768w, https:\/\/franciscanos.org.br\/noticias\/wp-content\/uploads\/2025\/02\/Copia-de-Capa-youtube-thumbnail-tons-de-preto-e-amarelo-2-150x84.png 150w, https:\/\/franciscanos.org.br\/noticias\/wp-content\/uploads\/2025\/02\/Copia-de-Capa-youtube-thumbnail-tons-de-preto-e-amarelo-2.png 1280w\" sizes=\"(max-width: 450px) 100vw, 450px\" \/>Em <strong>Bragan\u00e7a Paulista (SP)<\/strong>, a <strong>Universidade S\u00e3o Francisco (USF)<\/strong>, em conjunto com a <strong>Prov\u00edncia da Imaculada Concei\u00e7\u00e3o<\/strong> e a <strong>Diocese local<\/strong>, promove a abertura da Campanha da Fraternidade 2025 \u2013 Fraternidade e Ecologia Integral, no dia <strong>26 de fevereiro<\/strong>, no anfiteatro do c\u00e2mpus da cidade.<\/p>\n<p>Haver\u00e1 uma palestra ministrada pelo coordenador do N\u00facleo de Pastoral Universit\u00e1ria da USF, Frei Vit\u00f3rio Mazzuco Filho. O evento ser\u00e1 aberto a toda a comunidade da regi\u00e3o bragantina e \u00e0 comunidade acad\u00eamica. Tamb\u00e9m ser\u00e1 poss\u00edvel acompanhar pelo canal do <strong>YouTube da USF<\/strong>. <strong>Fa\u00e7a sua inscri\u00e7\u00e3o! <span style=\"color: #333399;\"><a style=\"color: #333399;\" href=\"https:\/\/www.usf.edu.br\/eventos\/eventos-historico-exibir.vm?id=221417161\">Clique aqui<\/a><\/span>.<\/strong><\/p>\n<p>O evento integra a Jornada Laudato Si\u2019 2025, que conta com a participa\u00e7\u00e3o da Confer\u00eancia Nacional dos Bispos do Brasil (CNBB), do Regional Sul I e de diversas universidades p\u00fablicas e privadas, entre elas as universidades cat\u00f3licas, que buscam maior envolvimento junto \u00e0s comunidades cat\u00f3licas. As atividades abordar\u00e3o tem\u00e1ticas como a quest\u00e3o da \u00e1gua e a Ecologia Integral, com a participa\u00e7\u00e3o de institui\u00e7\u00f5es acad\u00eamicas, redes ligadas \u00e0s quest\u00f5es ambientais e clim\u00e1ticas, bem como \u00f3rg\u00e3os que colaboram na constru\u00e7\u00e3o de pol\u00edticas p\u00fablicas voltadas \u00e0 educa\u00e7\u00e3o e ao meio ambiente.<\/p>\n<p><strong>Curiosidade<\/strong><\/p>\n<p>A Ecologia \u00e9 a quest\u00e3o mais tratada pelas Campanhas da Fraternidade ao longo destes 61 anos de exist\u00eancia. Foram oito edi\u00e7\u00f5es da CF que, de alguma forma, abordaram essa tem\u00e1tica:<\/p>\n<ul>\n<li><strong>CF 1979<\/strong> \u2013 <em>Por um mundo mais humano: Preserve o que \u00e9 de todos.<\/em><\/li>\n<li><strong>CF 1986<\/strong> \u2013 <em>Fraternidade e a Terra: Terra de Deus, terra de irm\u00e3os.<\/em><\/li>\n<li><strong>CF 2002<\/strong> \u2013 <em>Fraternidade e povos ind\u00edgenas: Por uma terra sem males.<\/em><\/li>\n<li><strong>CF 2004<\/strong> \u2013 <em>Fraternidade e \u00e1gua: \u00c1gua, fonte de vida.<\/em><\/li>\n<li><strong>CF 2007<\/strong> \u2013 <em>Fraternidade e Amaz\u00f4nia: Vida e miss\u00e3o neste ch\u00e3o.<\/em><\/li>\n<li><strong>CF 2011<\/strong> \u2013 <em>Fraternidade e a Vida no Planeta: \u201cA Cria\u00e7\u00e3o geme em dores de parto\u201d (Rm 8,22).<\/em><\/li>\n<li><strong>CF 2016<\/strong> \u2013 <em>Casa Comum, nossa responsabilidade: \u201cQuero ver o direito brotar como fonte e correr a justi\u00e7a qual riacho que n\u00e3o seca\u201d (Am 5,17).<\/em><\/li>\n<li><strong>CF 2017<\/strong> \u2013 <em><em>Fraternidade: Biomas Brasileiros e defesa da vida: \u201cCultivar e guardar a Cria\u00e7\u00e3o\u201d (Gn 2,15).<\/em><\/em><br \/>\n<hr \/>\n<\/li>\n<\/ul>\n<p><em>Adriana Rabelo,\u00a0 Ana Paula Moreira (USF)<\/em><\/p>\n<p><strong>Fontes:<\/strong> https:\/\/www.santuariofreigalvao.com\/post\/missa-de-abertura&#8211;fraternidade-e-ecologia-integral<\/p>\n<p>Site CNBB<\/p>\n","protected":false},"excerpt":{"rendered":"<p>Abertura Campanha da Fraternidade<\/p>\n","protected":false},"author":11,"featured_media":254935,"comment_status":"open","ping_status":"open","sticky":false,"template":"","format":"standard","meta":[],"categories":[1],"tags":[2232,1821,354],"acf":[],"yoast_head":"<!-- This site is optimized with the Yoast SEO plugin v19.2 - https:\/\/yoast.com\/wordpress\/plugins\/seo\/ -->\n<title>Fraternidades e Institui\u00e7\u00f5es de ensino da Prov\u00edncia abrem Campanha da Fraternidade 2025 - Not\u00edcias - Franciscanos<\/title>\n<meta name=\"robots\" content=\"index, follow, max-snippet:-1, max-image-preview:large, max-video-preview:-1\" \/>\n<link rel=\"canonical\" href=\"https:\/\/franciscanos.org.br\/noticias\/fraternidades-e-instituicoes-de-ensino-da-provincia-abrem-campanha-da-fraternidade-2025.html\" \/>\n<meta property=\"og:locale\" content=\"pt_BR\" \/>\n<meta property=\"og:type\" content=\"article\" \/>\n<meta property=\"og:title\" content=\"Fraternidades e Institui\u00e7\u00f5es de ensino da Prov\u00edncia abrem Campanha da Fraternidade 2025 - Not\u00edcias - Franciscanos\" \/>\n<meta property=\"og:description\" content=\"Abertura Campanha da Fraternidade\" \/>\n<meta property=\"og:url\" content=\"https:\/\/franciscanos.org.br\/noticias\/fraternidades-e-instituicoes-de-ensino-da-provincia-abrem-campanha-da-fraternidade-2025.html\" \/>\n<meta property=\"og:site_name\" content=\"Not\u00edcias - Franciscanos\" \/>\n<meta property=\"article:published_time\" content=\"2025-02-20T18:45:58+00:00\" \/>\n<meta property=\"article:modified_time\" content=\"2025-02-26T13:31:29+00:00\" \/>\n<meta property=\"og:image\" content=\"https:\/\/franciscanos.org.br\/noticias\/wp-content\/uploads\/2025\/02\/CHAMADA-15.jpg\" \/>\n\t<meta property=\"og:image:width\" content=\"800\" \/>\n\t<meta property=\"og:image:height\" content=\"550\" \/>\n\t<meta property=\"og:image:type\" content=\"image\/jpeg\" \/>\n<meta name=\"author\" content=\"Adriana Rabelo\" \/>\n<meta name=\"twitter:card\" content=\"summary_large_image\" \/>\n<meta name=\"twitter:label1\" content=\"Escrito por\" \/>\n\t<meta name=\"twitter:data1\" content=\"Adriana Rabelo\" \/>\n\t<meta name=\"twitter:label2\" content=\"Est. tempo de leitura\" \/>\n\t<meta name=\"twitter:data2\" content=\"5 minutos\" \/>\n<script type=\"application\/ld+json\" class=\"yoast-schema-graph\">{\"@context\":\"https:\/\/schema.org\",\"@graph\":[{\"@type\":\"WebSite\",\"@id\":\"https:\/\/franciscanos.org.br\/noticias\/#website\",\"url\":\"https:\/\/franciscanos.org.br\/noticias\/\",\"name\":\"Not\u00edcias - Franciscanos\",\"description\":\"Prov\u00edncia Franciscana da Imaculada Concei\u00e7\u00e3o do Brasil - Ordem dos Frades Menores - OFM\",\"potentialAction\":[{\"@type\":\"SearchAction\",\"target\":{\"@type\":\"EntryPoint\",\"urlTemplate\":\"https:\/\/franciscanos.org.br\/noticias\/?s={search_term_string}\"},\"query-input\":\"required name=search_term_string\"}],\"inLanguage\":\"pt-BR\"},{\"@type\":\"ImageObject\",\"inLanguage\":\"pt-BR\",\"@id\":\"https:\/\/franciscanos.org.br\/noticias\/fraternidades-e-instituicoes-de-ensino-da-provincia-abrem-campanha-da-fraternidade-2025.html#primaryimage\",\"url\":\"https:\/\/franciscanos.org.br\/noticias\/wp-content\/uploads\/2025\/02\/CHAMADA-15.jpg\",\"contentUrl\":\"https:\/\/franciscanos.org.br\/noticias\/wp-content\/uploads\/2025\/02\/CHAMADA-15.jpg\",\"width\":800,\"height\":550},{\"@type\":\"WebPage\",\"@id\":\"https:\/\/franciscanos.org.br\/noticias\/fraternidades-e-instituicoes-de-ensino-da-provincia-abrem-campanha-da-fraternidade-2025.html#webpage\",\"url\":\"https:\/\/franciscanos.org.br\/noticias\/fraternidades-e-instituicoes-de-ensino-da-provincia-abrem-campanha-da-fraternidade-2025.html\",\"name\":\"Fraternidades e Institui\u00e7\u00f5es de ensino da Prov\u00edncia abrem Campanha da Fraternidade 2025 - Not\u00edcias - Franciscanos\",\"isPartOf\":{\"@id\":\"https:\/\/franciscanos.org.br\/noticias\/#website\"},\"primaryImageOfPage\":{\"@id\":\"https:\/\/franciscanos.org.br\/noticias\/fraternidades-e-instituicoes-de-ensino-da-provincia-abrem-campanha-da-fraternidade-2025.html#primaryimage\"},\"datePublished\":\"2025-02-20T18:45:58+00:00\",\"dateModified\":\"2025-02-26T13:31:29+00:00\",\"author\":{\"@id\":\"https:\/\/franciscanos.org.br\/noticias\/#\/schema\/person\/d9422e83121c3ad3b0f423d195f5bb25\"},\"breadcrumb\":{\"@id\":\"https:\/\/franciscanos.org.br\/noticias\/fraternidades-e-instituicoes-de-ensino-da-provincia-abrem-campanha-da-fraternidade-2025.html#breadcrumb\"},\"inLanguage\":\"pt-BR\",\"potentialAction\":[{\"@type\":\"ReadAction\",\"target\":[\"https:\/\/franciscanos.org.br\/noticias\/fraternidades-e-instituicoes-de-ensino-da-provincia-abrem-campanha-da-fraternidade-2025.html\"]}]},{\"@type\":\"BreadcrumbList\",\"@id\":\"https:\/\/franciscanos.org.br\/noticias\/fraternidades-e-instituicoes-de-ensino-da-provincia-abrem-campanha-da-fraternidade-2025.html#breadcrumb\",\"itemListElement\":[{\"@type\":\"ListItem\",\"position\":1,\"name\":\"Home\",\"item\":\"https:\/\/franciscanos.org.br\/noticias\"},{\"@type\":\"ListItem\",\"position\":2,\"name\":\"Fraternidades e Institui\u00e7\u00f5es de ensino da Prov\u00edncia abrem Campanha da Fraternidade 2025\"}]},{\"@type\":\"Person\",\"@id\":\"https:\/\/franciscanos.org.br\/noticias\/#\/schema\/person\/d9422e83121c3ad3b0f423d195f5bb25\",\"name\":\"Adriana Rabelo\",\"image\":{\"@type\":\"ImageObject\",\"inLanguage\":\"pt-BR\",\"@id\":\"https:\/\/franciscanos.org.br\/noticias\/#\/schema\/person\/image\/\",\"url\":\"https:\/\/secure.gravatar.com\/avatar\/0a937b7500cd7df77540cfb8bede877d?s=96&d=mm&r=g\",\"contentUrl\":\"https:\/\/secure.gravatar.com\/avatar\/0a937b7500cd7df77540cfb8bede877d?s=96&d=mm&r=g\",\"caption\":\"Adriana Rabelo\"},\"url\":\"https:\/\/franciscanos.org.br\/noticias\/author\/adrianarabelo\"}]}<\/script>\n<!-- \/ Yoast SEO plugin. -->","yoast_head_json":{"title":"Fraternidades e Institui\u00e7\u00f5es de ensino da Prov\u00edncia abrem Campanha da Fraternidade 2025 - Not\u00edcias - Franciscanos","robots":{"index":"index","follow":"follow","max-snippet":"max-snippet:-1","max-image-preview":"max-image-preview:large","max-video-preview":"max-video-preview:-1"},"canonical":"https:\/\/franciscanos.org.br\/noticias\/fraternidades-e-instituicoes-de-ensino-da-provincia-abrem-campanha-da-fraternidade-2025.html","og_locale":"pt_BR","og_type":"article","og_title":"Fraternidades e Institui\u00e7\u00f5es de ensino da Prov\u00edncia abrem Campanha da Fraternidade 2025 - Not\u00edcias - Franciscanos","og_description":"Abertura Campanha da Fraternidade","og_url":"https:\/\/franciscanos.org.br\/noticias\/fraternidades-e-instituicoes-de-ensino-da-provincia-abrem-campanha-da-fraternidade-2025.html","og_site_name":"Not\u00edcias - Franciscanos","article_published_time":"2025-02-20T18:45:58+00:00","article_modified_time":"2025-02-26T13:31:29+00:00","og_image":[{"width":800,"height":550,"url":"https:\/\/franciscanos.org.br\/noticias\/wp-content\/uploads\/2025\/02\/CHAMADA-15.jpg","type":"image\/jpeg"}],"author":"Adriana Rabelo","twitter_card":"summary_large_image","twitter_misc":{"Escrito por":"Adriana Rabelo","Est. tempo de leitura":"5 minutos"},"schema":{"@context":"https:\/\/schema.org","@graph":[{"@type":"WebSite","@id":"https:\/\/franciscanos.org.br\/noticias\/#website","url":"https:\/\/franciscanos.org.br\/noticias\/","name":"Not\u00edcias - Franciscanos","description":"Prov\u00edncia Franciscana da Imaculada Concei\u00e7\u00e3o do Brasil - Ordem dos Frades Menores - OFM","potentialAction":[{"@type":"SearchAction","target":{"@type":"EntryPoint","urlTemplate":"https:\/\/franciscanos.org.br\/noticias\/?s={search_term_string}"},"query-input":"required name=search_term_string"}],"inLanguage":"pt-BR"},{"@type":"ImageObject","inLanguage":"pt-BR","@id":"https:\/\/franciscanos.org.br\/noticias\/fraternidades-e-instituicoes-de-ensino-da-provincia-abrem-campanha-da-fraternidade-2025.html#primaryimage","url":"https:\/\/franciscanos.org.br\/noticias\/wp-content\/uploads\/2025\/02\/CHAMADA-15.jpg","contentUrl":"https:\/\/franciscanos.org.br\/noticias\/wp-content\/uploads\/2025\/02\/CHAMADA-15.jpg","width":800,"height":550},{"@type":"WebPage","@id":"https:\/\/franciscanos.org.br\/noticias\/fraternidades-e-instituicoes-de-ensino-da-provincia-abrem-campanha-da-fraternidade-2025.html#webpage","url":"https:\/\/franciscanos.org.br\/noticias\/fraternidades-e-instituicoes-de-ensino-da-provincia-abrem-campanha-da-fraternidade-2025.html","name":"Fraternidades e Institui\u00e7\u00f5es de ensino da Prov\u00edncia abrem Campanha da Fraternidade 2025 - Not\u00edcias - Franciscanos","isPartOf":{"@id":"https:\/\/franciscanos.org.br\/noticias\/#website"},"primaryImageOfPage":{"@id":"https:\/\/franciscanos.org.br\/noticias\/fraternidades-e-instituicoes-de-ensino-da-provincia-abrem-campanha-da-fraternidade-2025.html#primaryimage"},"datePublished":"2025-02-20T18:45:58+00:00","dateModified":"2025-02-26T13:31:29+00:00","author":{"@id":"https:\/\/franciscanos.org.br\/noticias\/#\/schema\/person\/d9422e83121c3ad3b0f423d195f5bb25"},"breadcrumb":{"@id":"https:\/\/franciscanos.org.br\/noticias\/fraternidades-e-instituicoes-de-ensino-da-provincia-abrem-campanha-da-fraternidade-2025.html#breadcrumb"},"inLanguage":"pt-BR","potentialAction":[{"@type":"ReadAction","target":["https:\/\/franciscanos.org.br\/noticias\/fraternidades-e-instituicoes-de-ensino-da-provincia-abrem-campanha-da-fraternidade-2025.html"]}]},{"@type":"BreadcrumbList","@id":"https:\/\/franciscanos.org.br\/noticias\/fraternidades-e-instituicoes-de-ensino-da-provincia-abrem-campanha-da-fraternidade-2025.html#breadcrumb","itemListElement":[{"@type":"ListItem","position":1,"name":"Home","item":"https:\/\/franciscanos.org.br\/noticias"},{"@type":"ListItem","position":2,"name":"Fraternidades e Institui\u00e7\u00f5es de ensino da Prov\u00edncia abrem Campanha da Fraternidade 2025"}]},{"@type":"Person","@id":"https:\/\/franciscanos.org.br\/noticias\/#\/schema\/person\/d9422e83121c3ad3b0f423d195f5bb25","name":"Adriana Rabelo","image":{"@type":"ImageObject","inLanguage":"pt-BR","@id":"https:\/\/franciscanos.org.br\/noticias\/#\/schema\/person\/image\/","url":"https:\/\/secure.gravatar.com\/avatar\/0a937b7500cd7df77540cfb8bede877d?s=96&d=mm&r=g","contentUrl":"https:\/\/secure.gravatar.com\/avatar\/0a937b7500cd7df77540cfb8bede877d?s=96&d=mm&r=g","caption":"Adriana Rabelo"},"url":"https:\/\/franciscanos.org.br\/noticias\/author\/adrianarabelo"}]}},"_links":{"self":[{"href":"https:\/\/franciscanos.org.br\/noticias\/wp-json\/wp\/v2\/posts\/254933"}],"collection":[{"href":"https:\/\/franciscanos.org.br\/noticias\/wp-json\/wp\/v2\/posts"}],"about":[{"href":"https:\/\/franciscanos.org.br\/noticias\/wp-json\/wp\/v2\/types\/post"}],"author":[{"embeddable":true,"href":"https:\/\/franciscanos.org.br\/noticias\/wp-json\/wp\/v2\/users\/11"}],"replies":[{"embeddable":true,"href":"https:\/\/franciscanos.org.br\/noticias\/wp-json\/wp\/v2\/comments?post=254933"}],"version-history":[{"count":16,"href":"https:\/\/franciscanos.org.br\/noticias\/wp-json\/wp\/v2\/posts\/254933\/revisions"}],"predecessor-version":[{"id":255025,"href":"https:\/\/franciscanos.org.br\/noticias\/wp-json\/wp\/v2\/posts\/254933\/revisions\/255025"}],"wp:featuredmedia":[{"embeddable":true,"href":"https:\/\/franciscanos.org.br\/noticias\/wp-json\/wp\/v2\/media\/254935"}],"wp:attachment":[{"href":"https:\/\/franciscanos.org.br\/noticias\/wp-json\/wp\/v2\/media?parent=254933"}],"wp:term":[{"taxonomy":"category","embeddable":true,"href":"https:\/\/franciscanos.org.br\/noticias\/wp-json\/wp\/v2\/categories?post=254933"},{"taxonomy":"post_tag","embeddable":true,"href":"https:\/\/franciscanos.org.br\/noticias\/wp-json\/wp\/v2\/tags?post=254933"}],"curies":[{"name":"wp","href":"https:\/\/api.w.org\/{rel}","templated":true}]}}