{"id":254905,"date":"2025-02-20T13:32:02","date_gmt":"2025-02-20T16:32:02","guid":{"rendered":"https:\/\/franciscanos.org.br\/noticias\/?p=254905"},"modified":"2025-02-20T13:35:27","modified_gmt":"2025-02-20T16:35:27","slug":"nova-fraternidade-e-acolhida-e-anuncia-as-novidades-para-a-festa-de-penha-2025","status":"publish","type":"post","link":"https:\/\/franciscanos.org.br\/noticias\/nova-fraternidade-e-acolhida-e-anuncia-as-novidades-para-a-festa-de-penha-2025.html","title":{"rendered":"Nova Fraternidade \u00e9 acolhida e anuncia novidades para a Festa de Penha 2025"},"content":{"rendered":"<p><img loading=\"lazy\" class=\"aligncenter wp-image-254906 size-full\" src=\"https:\/\/franciscanos.org.br\/noticias\/wp-content\/uploads\/2025\/02\/MATERIA-12.jpg\" alt=\"\" width=\"1280\" height=\"720\" srcset=\"https:\/\/franciscanos.org.br\/noticias\/wp-content\/uploads\/2025\/02\/MATERIA-12.jpg 1280w, https:\/\/franciscanos.org.br\/noticias\/wp-content\/uploads\/2025\/02\/MATERIA-12-450x253.jpg 450w, https:\/\/franciscanos.org.br\/noticias\/wp-content\/uploads\/2025\/02\/MATERIA-12-1024x576.jpg 1024w, https:\/\/franciscanos.org.br\/noticias\/wp-content\/uploads\/2025\/02\/MATERIA-12-768x432.jpg 768w, https:\/\/franciscanos.org.br\/noticias\/wp-content\/uploads\/2025\/02\/MATERIA-12-150x84.jpg 150w\" sizes=\"(max-width: 1280px) 100vw, 1280px\" \/><\/p>\n<p>A nova Fraternidade Franciscana do Convento da Penha, em Vila Velha (ES), foi apresentada na tarde desta quarta-feira (19), durante a Missa da Sa\u00fade, no Campinho. A celebra\u00e7\u00e3o foi presidida por Frei Gustavo Wayand Medella, Vig\u00e1rio da Prov\u00edncia Franciscana da Imaculada Concei\u00e7\u00e3o do Brasil e contou com a presen\u00e7a do di\u00e1cono Frei Felipe Carretta, da Ordem Franciscana Secular e dos frades que agora fazem parte da Fraternidade Nossa Senhora da Penha.<\/p>\n<p><img loading=\"lazy\" class=\"size-medium wp-image-254910 alignright\" src=\"https:\/\/franciscanos.org.br\/noticias\/wp-content\/uploads\/2025\/02\/Apresentacao-da-nova-fraternidade-do-Convento-19-02-2025-30-450x300.jpg\" alt=\"\" width=\"450\" height=\"300\" srcset=\"https:\/\/franciscanos.org.br\/noticias\/wp-content\/uploads\/2025\/02\/Apresentacao-da-nova-fraternidade-do-Convento-19-02-2025-30-450x300.jpg 450w, https:\/\/franciscanos.org.br\/noticias\/wp-content\/uploads\/2025\/02\/Apresentacao-da-nova-fraternidade-do-Convento-19-02-2025-30-1024x683.jpg 1024w, https:\/\/franciscanos.org.br\/noticias\/wp-content\/uploads\/2025\/02\/Apresentacao-da-nova-fraternidade-do-Convento-19-02-2025-30-768x512.jpg 768w, https:\/\/franciscanos.org.br\/noticias\/wp-content\/uploads\/2025\/02\/Apresentacao-da-nova-fraternidade-do-Convento-19-02-2025-30-1536x1024.jpg 1536w, https:\/\/franciscanos.org.br\/noticias\/wp-content\/uploads\/2025\/02\/Apresentacao-da-nova-fraternidade-do-Convento-19-02-2025-30-2048x1365.jpg 2048w, https:\/\/franciscanos.org.br\/noticias\/wp-content\/uploads\/2025\/02\/Apresentacao-da-nova-fraternidade-do-Convento-19-02-2025-30-150x100.jpg 150w, https:\/\/franciscanos.org.br\/noticias\/wp-content\/uploads\/2025\/02\/Apresentacao-da-nova-fraternidade-do-Convento-19-02-2025-30-scaled.jpg 1620w\" sizes=\"(max-width: 450px) 100vw, 450px\" \/>Junto com o novo Guardi\u00e3o e Reitor do Convento, Frei Gabriel Dellandrea, de Timb\u00f3 (SC), chegou Frei Claudino Dal&#8217;Mago, de Conc\u00f3rdia (SC). Eles se juntam a Frei Jorge L\u00e1zaro de Souza, Frei Paulo C\u00e9sar Ferreira da Silva, Frei Robson de Castro Guimar\u00e3es e Frei Pedro Engel.<\/p>\n<p>No in\u00edcio da celebra\u00e7\u00e3o, Frei Gustavo agradeceu a acolhida e destacou a Santa Missa como um encontro feliz: &#8220;A Penha \u00e9 sempre um lugar de encontros felizes e hoje estamos celebrando este belo encontro. C\u00e9u azul, sol e esse vento que nos acalenta, al\u00e9m da presen\u00e7a de cada um de n\u00f3s, aqueles que nos acompanham pelas redes sociais, neste esp\u00edrito de fam\u00edlia reunida&#8221;, disse.<\/p>\n<p>A inten\u00e7\u00e3o pela recupera\u00e7\u00e3o da sa\u00fade do Papa Francisco, que est\u00e1 internado em Roma desde a \u00faltima sexta-feira (14), foi apresentada na ora\u00e7\u00e3o de coleta. &#8220;Daqui, da Casa da M\u00e3e das Alegrias, chegue a ele nosso pensamento, a nossa prece confiante e a b\u00ean\u00e7\u00e3o de toda sa\u00fade ao nosso querido Santo Padre&#8221;.<\/p>\n\n\t\t<style type=\"text\/css\">\n\t\t\t#gallery-1 {\n\t\t\t\tmargin: auto;\n\t\t\t}\n\t\t\t#gallery-1 .gallery-item {\n\t\t\t\tfloat: left;\n\t\t\t\tmargin-top: 10px;\n\t\t\t\ttext-align: center;\n\t\t\t\twidth: 33%;\n\t\t\t}\n\t\t\t#gallery-1 img {\n\t\t\t\tborder: 2px solid #cfcfcf;\n\t\t\t}\n\t\t\t#gallery-1 .gallery-caption {\n\t\t\t\tmargin-left: 0;\n\t\t\t}\n\t\t\t\/* see gallery_shortcode() in wp-includes\/media.php *\/\n\t\t<\/style>\n\t\t<div id='gallery-1' class='gallery galleryid-254905 gallery-columns-3 gallery-size-thumbnail'><dl class='gallery-item'>\n\t\t\t<dt class='gallery-icon landscape'>\n\t\t\t\t<a href='https:\/\/franciscanos.org.br\/noticias\/wp-content\/uploads\/2025\/02\/Apresentacao-da-nova-fraternidade-do-Convento-19-02-2025-55-scaled.jpg'><img width=\"300\" height=\"300\" src=\"https:\/\/franciscanos.org.br\/noticias\/wp-content\/uploads\/2025\/02\/Apresentacao-da-nova-fraternidade-do-Convento-19-02-2025-55-300x300.jpg\" class=\"attachment-thumbnail size-thumbnail\" alt=\"\" loading=\"lazy\" srcset=\"https:\/\/franciscanos.org.br\/noticias\/wp-content\/uploads\/2025\/02\/Apresentacao-da-nova-fraternidade-do-Convento-19-02-2025-55-300x300.jpg 300w, https:\/\/franciscanos.org.br\/noticias\/wp-content\/uploads\/2025\/02\/Apresentacao-da-nova-fraternidade-do-Convento-19-02-2025-55-100x100.jpg 100w\" sizes=\"(max-width: 300px) 100vw, 300px\" \/><\/a>\n\t\t\t<\/dt><\/dl><dl class='gallery-item'>\n\t\t\t<dt class='gallery-icon landscape'>\n\t\t\t\t<a href='https:\/\/franciscanos.org.br\/noticias\/wp-content\/uploads\/2025\/02\/Apresentacao-da-nova-fraternidade-do-Convento-19-02-2025-69-1-scaled.jpg'><img width=\"300\" height=\"300\" src=\"https:\/\/franciscanos.org.br\/noticias\/wp-content\/uploads\/2025\/02\/Apresentacao-da-nova-fraternidade-do-Convento-19-02-2025-69-1-300x300.jpg\" class=\"attachment-thumbnail size-thumbnail\" alt=\"\" loading=\"lazy\" srcset=\"https:\/\/franciscanos.org.br\/noticias\/wp-content\/uploads\/2025\/02\/Apresentacao-da-nova-fraternidade-do-Convento-19-02-2025-69-1-300x300.jpg 300w, https:\/\/franciscanos.org.br\/noticias\/wp-content\/uploads\/2025\/02\/Apresentacao-da-nova-fraternidade-do-Convento-19-02-2025-69-1-100x100.jpg 100w\" sizes=\"(max-width: 300px) 100vw, 300px\" \/><\/a>\n\t\t\t<\/dt><\/dl><dl class='gallery-item'>\n\t\t\t<dt class='gallery-icon landscape'>\n\t\t\t\t<a href='https:\/\/franciscanos.org.br\/noticias\/wp-content\/uploads\/2025\/02\/Apresentacao-da-nova-fraternidade-do-Convento-19-02-2025-94-scaled.jpg'><img width=\"300\" height=\"300\" src=\"https:\/\/franciscanos.org.br\/noticias\/wp-content\/uploads\/2025\/02\/Apresentacao-da-nova-fraternidade-do-Convento-19-02-2025-94-300x300.jpg\" class=\"attachment-thumbnail size-thumbnail\" alt=\"\" loading=\"lazy\" srcset=\"https:\/\/franciscanos.org.br\/noticias\/wp-content\/uploads\/2025\/02\/Apresentacao-da-nova-fraternidade-do-Convento-19-02-2025-94-300x300.jpg 300w, https:\/\/franciscanos.org.br\/noticias\/wp-content\/uploads\/2025\/02\/Apresentacao-da-nova-fraternidade-do-Convento-19-02-2025-94-100x100.jpg 100w\" sizes=\"(max-width: 300px) 100vw, 300px\" \/><\/a>\n\t\t\t<\/dt><\/dl><br style=\"clear: both\" \/>\n\t\t<\/div>\n\n<p>Sobre a Liturgia da Palavra, ao explicar a interpreta\u00e7\u00e3o da Primeira Leitura (G\u00eanesis 8,6-13.20-22), o Vig\u00e1rio provincial lembrou da atitude de No\u00e9 de projetar uma janela na arca.<\/p>\n<p>&#8220;Por onde \u00e9 que No\u00e9 consegue perceber a realidade, olhar um pouco al\u00e9m, ir medindo tamb\u00e9m a situa\u00e7\u00e3o externa, para poder tomar as decis\u00f5es? Por uma janela que ele tinha feito na arca! Ou seja, a arca j\u00e1 tinha aquela janela e por aquela janela ali, ele primeiro enviou um corvo que ficou sobrevoando as \u00e1guas porque n\u00e3o tinha onde pousar. Depois enviou uma pomba, que na primeira vez sobrevoou e voltou; na segunda vez demorou um pouco mais, alguns dias e voltou com um ramo verde, mostrando que j\u00e1 havia ent\u00e3o terra seca em algum lugar. E na terceira vez, foi e n\u00e3o voltou mais. Essa janela j\u00e1 existia, mas No\u00e9 precisou abri-la e olhar atrav\u00e9s dela. A nossa vida \u00e9 como esta arca de No\u00e9.\u00a0N\u00f3s j\u00e1 temos no nosso cora\u00e7\u00e3o, na nossa vida, em nossa exist\u00eancia, em nossa caminhada, uma janela de esperan\u00e7a, mas nem sempre olhamos para ela e, \u00e0s vezes, inclusive, a mantemos fechada por muito tempo&#8230; \u00c9 por esta janela que a a\u00e7\u00e3o de Deus acontece&#8221;, explicou.<\/p>\n<p>&#8220;Penso que at\u00e9 hoje, &#8211; prosseguiu Frei Gustavo -, o verde \u00e9 a cor da esperan\u00e7a, tamb\u00e9m por causa desse s\u00edmbolo b\u00edblico: o pequeno ramo verde que a pomba trouxe no seu bico. \u00c9 muito importante cuidarmos para mantermos aberta em nossa vida, a janela da esperan\u00e7a, a certeza de que estamos com Deus e que Ele guia os nossos passos, e que, mesmo diante das maiores dificuldades, o nosso cora\u00e7\u00e3o pode confiar e descansar em Deus. Maria mant\u00e9m sempre aberta as portas da esperan\u00e7a, a janela da esperan\u00e7a. Todo mundo que sobe ao Convento, tamb\u00e9m sobe em busca de reabrir a pr\u00f3pria janela do cora\u00e7\u00e3o e reabastec\u00ea-lo com as melhores das esperan\u00e7as&#8221;, exortou.<\/p>\n\n\t\t<style type=\"text\/css\">\n\t\t\t#gallery-2 {\n\t\t\t\tmargin: auto;\n\t\t\t}\n\t\t\t#gallery-2 .gallery-item {\n\t\t\t\tfloat: left;\n\t\t\t\tmargin-top: 10px;\n\t\t\t\ttext-align: center;\n\t\t\t\twidth: 33%;\n\t\t\t}\n\t\t\t#gallery-2 img {\n\t\t\t\tborder: 2px solid #cfcfcf;\n\t\t\t}\n\t\t\t#gallery-2 .gallery-caption {\n\t\t\t\tmargin-left: 0;\n\t\t\t}\n\t\t\t\/* see gallery_shortcode() in wp-includes\/media.php *\/\n\t\t<\/style>\n\t\t<div id='gallery-2' class='gallery galleryid-254905 gallery-columns-3 gallery-size-thumbnail'><dl class='gallery-item'>\n\t\t\t<dt class='gallery-icon landscape'>\n\t\t\t\t<a href='https:\/\/franciscanos.org.br\/noticias\/wp-content\/uploads\/2025\/02\/Apresentacao-da-nova-fraternidade-do-Convento-19-02-2025-71-scaled.jpg'><img width=\"300\" height=\"300\" src=\"https:\/\/franciscanos.org.br\/noticias\/wp-content\/uploads\/2025\/02\/Apresentacao-da-nova-fraternidade-do-Convento-19-02-2025-71-300x300.jpg\" class=\"attachment-thumbnail size-thumbnail\" alt=\"\" loading=\"lazy\" srcset=\"https:\/\/franciscanos.org.br\/noticias\/wp-content\/uploads\/2025\/02\/Apresentacao-da-nova-fraternidade-do-Convento-19-02-2025-71-300x300.jpg 300w, https:\/\/franciscanos.org.br\/noticias\/wp-content\/uploads\/2025\/02\/Apresentacao-da-nova-fraternidade-do-Convento-19-02-2025-71-100x100.jpg 100w\" sizes=\"(max-width: 300px) 100vw, 300px\" \/><\/a>\n\t\t\t<\/dt><\/dl><dl class='gallery-item'>\n\t\t\t<dt class='gallery-icon landscape'>\n\t\t\t\t<a href='https:\/\/franciscanos.org.br\/noticias\/wp-content\/uploads\/2025\/02\/Apresentacao-da-nova-fraternidade-do-Convento-19-02-2025-99-scaled.jpg'><img width=\"300\" height=\"300\" src=\"https:\/\/franciscanos.org.br\/noticias\/wp-content\/uploads\/2025\/02\/Apresentacao-da-nova-fraternidade-do-Convento-19-02-2025-99-300x300.jpg\" class=\"attachment-thumbnail size-thumbnail\" alt=\"\" loading=\"lazy\" srcset=\"https:\/\/franciscanos.org.br\/noticias\/wp-content\/uploads\/2025\/02\/Apresentacao-da-nova-fraternidade-do-Convento-19-02-2025-99-300x300.jpg 300w, https:\/\/franciscanos.org.br\/noticias\/wp-content\/uploads\/2025\/02\/Apresentacao-da-nova-fraternidade-do-Convento-19-02-2025-99-100x100.jpg 100w\" sizes=\"(max-width: 300px) 100vw, 300px\" \/><\/a>\n\t\t\t<\/dt><\/dl><dl class='gallery-item'>\n\t\t\t<dt class='gallery-icon landscape'>\n\t\t\t\t<a href='https:\/\/franciscanos.org.br\/noticias\/wp-content\/uploads\/2025\/02\/Apresentacao-da-nova-fraternidade-do-Convento-19-02-2025-73-scaled.jpg'><img width=\"300\" height=\"300\" src=\"https:\/\/franciscanos.org.br\/noticias\/wp-content\/uploads\/2025\/02\/Apresentacao-da-nova-fraternidade-do-Convento-19-02-2025-73-300x300.jpg\" class=\"attachment-thumbnail size-thumbnail\" alt=\"\" loading=\"lazy\" srcset=\"https:\/\/franciscanos.org.br\/noticias\/wp-content\/uploads\/2025\/02\/Apresentacao-da-nova-fraternidade-do-Convento-19-02-2025-73-300x300.jpg 300w, https:\/\/franciscanos.org.br\/noticias\/wp-content\/uploads\/2025\/02\/Apresentacao-da-nova-fraternidade-do-Convento-19-02-2025-73-100x100.jpg 100w\" sizes=\"(max-width: 300px) 100vw, 300px\" \/><\/a>\n\t\t\t<\/dt><\/dl><br style=\"clear: both\" \/>\n\t\t<\/div>\n\n<p><img loading=\"lazy\" class=\"size-medium wp-image-254919 alignright\" src=\"https:\/\/franciscanos.org.br\/noticias\/wp-content\/uploads\/2025\/02\/Apresentacao-da-nova-fraternidade-do-Convento-19-02-2025-110-450x300.jpg\" alt=\"\" width=\"450\" height=\"300\" srcset=\"https:\/\/franciscanos.org.br\/noticias\/wp-content\/uploads\/2025\/02\/Apresentacao-da-nova-fraternidade-do-Convento-19-02-2025-110-450x300.jpg 450w, https:\/\/franciscanos.org.br\/noticias\/wp-content\/uploads\/2025\/02\/Apresentacao-da-nova-fraternidade-do-Convento-19-02-2025-110-1024x683.jpg 1024w, https:\/\/franciscanos.org.br\/noticias\/wp-content\/uploads\/2025\/02\/Apresentacao-da-nova-fraternidade-do-Convento-19-02-2025-110-768x512.jpg 768w, https:\/\/franciscanos.org.br\/noticias\/wp-content\/uploads\/2025\/02\/Apresentacao-da-nova-fraternidade-do-Convento-19-02-2025-110-1536x1024.jpg 1536w, https:\/\/franciscanos.org.br\/noticias\/wp-content\/uploads\/2025\/02\/Apresentacao-da-nova-fraternidade-do-Convento-19-02-2025-110-2048x1365.jpg 2048w, https:\/\/franciscanos.org.br\/noticias\/wp-content\/uploads\/2025\/02\/Apresentacao-da-nova-fraternidade-do-Convento-19-02-2025-110-150x100.jpg 150w, https:\/\/franciscanos.org.br\/noticias\/wp-content\/uploads\/2025\/02\/Apresentacao-da-nova-fraternidade-do-Convento-19-02-2025-110-scaled.jpg 1620w\" sizes=\"(max-width: 450px) 100vw, 450px\" \/>Em seguida, ainda na homilia, Vig\u00e1rio provincial se dirigiu aos freis. &#8220;Freis da Fraternidade do Convento da Penha, tenho certeza que essa \u00e9 a miss\u00e3o a qual voc\u00eas se dedicam com fidelidade e carinho. \u00c0s vezes, chegam alguns aqui que est\u00e3o com aquela &#8216;janela meio emperrada&#8217;, mas a\u00ed, quando se deparam com a atitude de acolhida de voc\u00eas, dos volunt\u00e1rios, quando conseguem fazer uma confiss\u00e3o, participar da Santa Missa bem celebrada, receber um sorriso, uma ben\u00e7\u00e3o, voc\u00eas est\u00e3o ajudando aquela pessoa, de novo, a escancarar a janela da esperan\u00e7a. Com a b\u00ean\u00e7\u00e3o e o apoio da nossa Prov\u00edncia, sigam firmes nessa miss\u00e3o. Nesse ch\u00e3o sagrado de Vila Velha, aos p\u00e9s da Virgem da Penha, sigam sendo aqueles que ajudam o povo de Deus a abrir, na pr\u00f3pria vida, a janela da esperan\u00e7a em si e nos outros. Continuem com a miss\u00e3o de ajudar a cada um que vem a este Santu\u00e1rio do Perd\u00e3o e da Gra\u00e7a, a reabrir dentro do cora\u00e7\u00e3o a janela da esperan\u00e7a, para que entre a brisa, o vento, entre a renova\u00e7\u00e3o. Um dando esperan\u00e7a para o outro.&#8221;, refletiu.<\/p>\n<p>Ao final, Frei Gustavo invocou a b\u00ean\u00e7\u00e3o de Nossa Senhora da Penha sobre os freis que formam a nova fraternidade e convidou os pais do Frei Gabriel, Terezinha e S\u00e9rgio, para que tamb\u00e9m impusessem as m\u00e3os sobre os freis. &#8220;Hoje apresentamos nossos irm\u00e3os, reafirmamos que nossa presen\u00e7a se faz em fraternidade, onde todos t\u00eam o mesmo horizonte, caminham na mesma dire\u00e7\u00e3o guiados pelo mesmo esp\u00edrito, todos irm\u00e3os proclamando essa fraternidade que nos une&#8221;, disse o Vig\u00e1rio provincial.<\/p>\n<p><img loading=\"lazy\" class=\"aligncenter wp-image-254918 size-full\" src=\"https:\/\/franciscanos.org.br\/noticias\/wp-content\/uploads\/2025\/02\/materia-2-2.jpg\" alt=\"\" width=\"1280\" height=\"720\" srcset=\"https:\/\/franciscanos.org.br\/noticias\/wp-content\/uploads\/2025\/02\/materia-2-2.jpg 1280w, https:\/\/franciscanos.org.br\/noticias\/wp-content\/uploads\/2025\/02\/materia-2-2-450x253.jpg 450w, https:\/\/franciscanos.org.br\/noticias\/wp-content\/uploads\/2025\/02\/materia-2-2-1024x576.jpg 1024w, https:\/\/franciscanos.org.br\/noticias\/wp-content\/uploads\/2025\/02\/materia-2-2-768x432.jpg 768w, https:\/\/franciscanos.org.br\/noticias\/wp-content\/uploads\/2025\/02\/materia-2-2-150x84.jpg 150w\" sizes=\"(max-width: 1280px) 100vw, 1280px\" \/><\/p>\n<p><strong>Festa da Penha 2025<\/strong><\/p>\n<p>Al\u00e9m da apresenta\u00e7\u00e3o dos novos frades, tamb\u00e9m houve uma entrevista coletiva sobre as novidades para a Festa da Penha, faltando apenas 60 dias para o evento que \u00e9 a maior festa religiosa do estado. Frei Gabriel iniciou a entrevista falando sobre o tema da festa da padroeira, que atende ao pedido do Papa Francisco no Ano Santo da Esperan\u00e7a. Em seguida, foram apresentadas as novidades.<\/p>\n<p>A primeira \u00e9 que neste ano,\u00a0 assim como em 2024, haver\u00e1 a b\u00ean\u00e7\u00e3o de objetos. &#8220;No ano passado, a cada dia do Oitav\u00e1rio aben\u00e7oamos diversos objetos como: chaves, ter\u00e7os, \u00e1gua e at\u00e9 o celular, afinal ele tamb\u00e9m \u00e9 canal de b\u00ean\u00e7\u00e3o. Neste ano, vamos repetir e j\u00e1 vamos come\u00e7ar com as chaves de casa, do carro, da sala do trabalho, vamos aben\u00e7oar tudo no primeiro dia da festa. E a cada dia vamos divulgando qual objeto ser\u00e1 aben\u00e7oado no dia seguinte&#8221;, anunciou o reitor.<\/p>\n<p>Outra novidade da Festa da Penha \u00e9 que ela ser\u00e1 mais devocional. Todos os dias da programa\u00e7\u00e3o, antes da ora\u00e7\u00e3o do Oitav\u00e1rio, os fi\u00e9is v\u00e3o meditar as Alegrias de Nossa Senhora, a Coroa Franciscana das Sete Alegrias de Maria, das 14h \u00e0s 15h. Essa devo\u00e7\u00e3o foi trazida por Frei Pedro Pal\u00e1cios, frade espanhol fundador do Convento da Penha, em 1558. Desde 1570, portanto 455 anos, se celebra a Festa da Penha sob a inspira\u00e7\u00e3o das alegrias de Maria.<\/p>\n<p><strong>Oitav\u00e1rio a noite<\/strong><\/p>\n<p>A grande novidade anunciada na entrevista coletiva \u00e9 a realiza\u00e7\u00e3o do Oitav\u00e1rio \u00e0 noite. &#8220;O Oitav\u00e1rio que celebramos todos os dias \u00e0s 15 horas ser\u00e1 repetido a noite, principalmente para quem n\u00e3o puder participar \u00e0 tarde. A nossa programa\u00e7\u00e3o noturna vai come\u00e7ar \u00e0s 19 horas e aqueles que trabalham durante o dia, poder\u00e3o participar do Oitav\u00e1rio. Depois a programa\u00e7\u00e3o noturna com atividades que ainda ser\u00e3o divulgadas&#8221;, destacou Frei Gabriel.<\/p>\n<p>A continuidade das imagens iluminadas de Nossa Senhora da Penha nas pra\u00e7as ou na orla da praia, foi outra novidade. As imagens estar\u00e3o em Vila Velha e em outras cidades pr\u00f3ximas. O acendimento ser\u00e1 na noite do domingo de P\u00e1scoa, ou seja, no dia 20 de abril.<\/p>\n<p>A \u00faltima novidade \u00e9 a pintura externa do Convento, que ser\u00e1 realizada gra\u00e7as a doa\u00e7\u00e3o de um devoto an\u00f4nimo, que comprou as tintas para a pintura do monumento. Os trabalhos come\u00e7ar\u00e3o na pr\u00f3xima ter\u00e7a-feira (25\/02). A expectativa \u00e9 que a pintura seja executada em 40 dias, pr\u00f3ximo ao in\u00edcio da Semana Santa.<\/p>\n<hr \/>\n<p>Cristian Oliveira- Assessoria Convento da Penha<\/p>\n\n\t\t<style type=\"text\/css\">\n\t\t\t#gallery-3 {\n\t\t\t\tmargin: auto;\n\t\t\t}\n\t\t\t#gallery-3 .gallery-item {\n\t\t\t\tfloat: left;\n\t\t\t\tmargin-top: 10px;\n\t\t\t\ttext-align: center;\n\t\t\t\twidth: 33%;\n\t\t\t}\n\t\t\t#gallery-3 img {\n\t\t\t\tborder: 2px solid #cfcfcf;\n\t\t\t}\n\t\t\t#gallery-3 .gallery-caption {\n\t\t\t\tmargin-left: 0;\n\t\t\t}\n\t\t\t\/* see gallery_shortcode() in wp-includes\/media.php *\/\n\t\t<\/style>\n\t\t<div id='gallery-3' class='gallery galleryid-254905 gallery-columns-3 gallery-size-thumbnail'><dl class='gallery-item'>\n\t\t\t<dt class='gallery-icon landscape'>\n\t\t\t\t<a href='https:\/\/franciscanos.org.br\/noticias\/wp-content\/uploads\/2025\/02\/Apresentacao-da-nova-fraternidade-do-Convento-19-02-2025-14-scaled.jpg'><img width=\"300\" height=\"300\" src=\"https:\/\/franciscanos.org.br\/noticias\/wp-content\/uploads\/2025\/02\/Apresentacao-da-nova-fraternidade-do-Convento-19-02-2025-14-300x300.jpg\" class=\"attachment-thumbnail size-thumbnail\" alt=\"\" loading=\"lazy\" srcset=\"https:\/\/franciscanos.org.br\/noticias\/wp-content\/uploads\/2025\/02\/Apresentacao-da-nova-fraternidade-do-Convento-19-02-2025-14-300x300.jpg 300w, https:\/\/franciscanos.org.br\/noticias\/wp-content\/uploads\/2025\/02\/Apresentacao-da-nova-fraternidade-do-Convento-19-02-2025-14-100x100.jpg 100w\" sizes=\"(max-width: 300px) 100vw, 300px\" \/><\/a>\n\t\t\t<\/dt><\/dl><dl class='gallery-item'>\n\t\t\t<dt class='gallery-icon landscape'>\n\t\t\t\t<a href='https:\/\/franciscanos.org.br\/noticias\/wp-content\/uploads\/2025\/02\/Apresentacao-da-nova-fraternidade-do-Convento-19-02-2025-28-scaled.jpg'><img width=\"300\" height=\"300\" src=\"https:\/\/franciscanos.org.br\/noticias\/wp-content\/uploads\/2025\/02\/Apresentacao-da-nova-fraternidade-do-Convento-19-02-2025-28-300x300.jpg\" class=\"attachment-thumbnail size-thumbnail\" alt=\"\" loading=\"lazy\" srcset=\"https:\/\/franciscanos.org.br\/noticias\/wp-content\/uploads\/2025\/02\/Apresentacao-da-nova-fraternidade-do-Convento-19-02-2025-28-300x300.jpg 300w, https:\/\/franciscanos.org.br\/noticias\/wp-content\/uploads\/2025\/02\/Apresentacao-da-nova-fraternidade-do-Convento-19-02-2025-28-100x100.jpg 100w\" sizes=\"(max-width: 300px) 100vw, 300px\" \/><\/a>\n\t\t\t<\/dt><\/dl><dl class='gallery-item'>\n\t\t\t<dt class='gallery-icon landscape'>\n\t\t\t\t<a href='https:\/\/franciscanos.org.br\/noticias\/wp-content\/uploads\/2025\/02\/Apresentacao-da-nova-fraternidade-do-Convento-19-02-2025-52-scaled.jpg'><img width=\"300\" height=\"300\" src=\"https:\/\/franciscanos.org.br\/noticias\/wp-content\/uploads\/2025\/02\/Apresentacao-da-nova-fraternidade-do-Convento-19-02-2025-52-300x300.jpg\" class=\"attachment-thumbnail size-thumbnail\" alt=\"\" loading=\"lazy\" srcset=\"https:\/\/franciscanos.org.br\/noticias\/wp-content\/uploads\/2025\/02\/Apresentacao-da-nova-fraternidade-do-Convento-19-02-2025-52-300x300.jpg 300w, https:\/\/franciscanos.org.br\/noticias\/wp-content\/uploads\/2025\/02\/Apresentacao-da-nova-fraternidade-do-Convento-19-02-2025-52-100x100.jpg 100w\" sizes=\"(max-width: 300px) 100vw, 300px\" \/><\/a>\n\t\t\t<\/dt><\/dl><br style=\"clear: both\" \/><dl class='gallery-item'>\n\t\t\t<dt class='gallery-icon landscape'>\n\t\t\t\t<a href='https:\/\/franciscanos.org.br\/noticias\/wp-content\/uploads\/2025\/02\/Apresentacao-da-nova-fraternidade-do-Convento-19-02-2025-69-2-scaled.jpg'><img width=\"300\" height=\"300\" src=\"https:\/\/franciscanos.org.br\/noticias\/wp-content\/uploads\/2025\/02\/Apresentacao-da-nova-fraternidade-do-Convento-19-02-2025-69-2-300x300.jpg\" class=\"attachment-thumbnail size-thumbnail\" alt=\"\" loading=\"lazy\" srcset=\"https:\/\/franciscanos.org.br\/noticias\/wp-content\/uploads\/2025\/02\/Apresentacao-da-nova-fraternidade-do-Convento-19-02-2025-69-2-300x300.jpg 300w, https:\/\/franciscanos.org.br\/noticias\/wp-content\/uploads\/2025\/02\/Apresentacao-da-nova-fraternidade-do-Convento-19-02-2025-69-2-100x100.jpg 100w\" sizes=\"(max-width: 300px) 100vw, 300px\" \/><\/a>\n\t\t\t<\/dt><\/dl><dl class='gallery-item'>\n\t\t\t<dt class='gallery-icon landscape'>\n\t\t\t\t<a href='https:\/\/franciscanos.org.br\/noticias\/wp-content\/uploads\/2025\/02\/Apresentacao-da-nova-fraternidade-do-Convento-19-02-2025-83-scaled.jpg'><img width=\"300\" height=\"300\" src=\"https:\/\/franciscanos.org.br\/noticias\/wp-content\/uploads\/2025\/02\/Apresentacao-da-nova-fraternidade-do-Convento-19-02-2025-83-300x300.jpg\" class=\"attachment-thumbnail size-thumbnail\" alt=\"\" loading=\"lazy\" srcset=\"https:\/\/franciscanos.org.br\/noticias\/wp-content\/uploads\/2025\/02\/Apresentacao-da-nova-fraternidade-do-Convento-19-02-2025-83-300x300.jpg 300w, https:\/\/franciscanos.org.br\/noticias\/wp-content\/uploads\/2025\/02\/Apresentacao-da-nova-fraternidade-do-Convento-19-02-2025-83-100x100.jpg 100w\" sizes=\"(max-width: 300px) 100vw, 300px\" \/><\/a>\n\t\t\t<\/dt><\/dl><dl class='gallery-item'>\n\t\t\t<dt class='gallery-icon landscape'>\n\t\t\t\t<a href='https:\/\/franciscanos.org.br\/noticias\/wp-content\/uploads\/2025\/02\/Apresentacao-da-nova-fraternidade-do-Convento-19-02-2025-122-scaled.jpg'><img width=\"300\" height=\"300\" src=\"https:\/\/franciscanos.org.br\/noticias\/wp-content\/uploads\/2025\/02\/Apresentacao-da-nova-fraternidade-do-Convento-19-02-2025-122-300x300.jpg\" class=\"attachment-thumbnail size-thumbnail\" alt=\"\" loading=\"lazy\" srcset=\"https:\/\/franciscanos.org.br\/noticias\/wp-content\/uploads\/2025\/02\/Apresentacao-da-nova-fraternidade-do-Convento-19-02-2025-122-300x300.jpg 300w, https:\/\/franciscanos.org.br\/noticias\/wp-content\/uploads\/2025\/02\/Apresentacao-da-nova-fraternidade-do-Convento-19-02-2025-122-100x100.jpg 100w\" sizes=\"(max-width: 300px) 100vw, 300px\" \/><\/a>\n\t\t\t<\/dt><\/dl><br style=\"clear: both\" \/>\n\t\t<\/div>\n\n","protected":false},"excerpt":{"rendered":"<p>Acolhida e Festa da Penha<\/p>\n","protected":false},"author":11,"featured_media":254927,"comment_status":"open","ping_status":"open","sticky":false,"template":"","format":"standard","meta":[],"categories":[1],"tags":[248,2293],"acf":[],"yoast_head":"<!-- This site is optimized with the Yoast SEO plugin v19.2 - https:\/\/yoast.com\/wordpress\/plugins\/seo\/ -->\n<title>Nova Fraternidade \u00e9 acolhida e anuncia novidades para a Festa de Penha 2025 - Not\u00edcias - Franciscanos<\/title>\n<meta name=\"robots\" content=\"index, follow, max-snippet:-1, max-image-preview:large, max-video-preview:-1\" \/>\n<link rel=\"canonical\" href=\"https:\/\/franciscanos.org.br\/noticias\/nova-fraternidade-e-acolhida-e-anuncia-as-novidades-para-a-festa-de-penha-2025.html\" \/>\n<meta property=\"og:locale\" content=\"pt_BR\" \/>\n<meta property=\"og:type\" content=\"article\" \/>\n<meta property=\"og:title\" content=\"Nova Fraternidade \u00e9 acolhida e anuncia novidades para a Festa de Penha 2025 - Not\u00edcias - Franciscanos\" \/>\n<meta property=\"og:description\" content=\"Acolhida e Festa da Penha\" \/>\n<meta property=\"og:url\" content=\"https:\/\/franciscanos.org.br\/noticias\/nova-fraternidade-e-acolhida-e-anuncia-as-novidades-para-a-festa-de-penha-2025.html\" \/>\n<meta property=\"og:site_name\" content=\"Not\u00edcias - Franciscanos\" \/>\n<meta property=\"article:published_time\" content=\"2025-02-20T16:32:02+00:00\" \/>\n<meta property=\"article:modified_time\" content=\"2025-02-20T16:35:27+00:00\" \/>\n<meta property=\"og:image\" content=\"https:\/\/franciscanos.org.br\/noticias\/wp-content\/uploads\/2025\/02\/CHAMADA-14.jpg\" \/>\n\t<meta property=\"og:image:width\" content=\"800\" \/>\n\t<meta property=\"og:image:height\" content=\"550\" \/>\n\t<meta property=\"og:image:type\" content=\"image\/jpeg\" \/>\n<meta name=\"author\" content=\"Adriana Rabelo\" \/>\n<meta name=\"twitter:card\" content=\"summary_large_image\" \/>\n<meta name=\"twitter:label1\" content=\"Escrito por\" \/>\n\t<meta name=\"twitter:data1\" content=\"Adriana Rabelo\" \/>\n\t<meta name=\"twitter:label2\" content=\"Est. tempo de leitura\" \/>\n\t<meta name=\"twitter:data2\" content=\"7 minutos\" \/>\n<script type=\"application\/ld+json\" class=\"yoast-schema-graph\">{\"@context\":\"https:\/\/schema.org\",\"@graph\":[{\"@type\":\"WebSite\",\"@id\":\"https:\/\/franciscanos.org.br\/noticias\/#website\",\"url\":\"https:\/\/franciscanos.org.br\/noticias\/\",\"name\":\"Not\u00edcias - Franciscanos\",\"description\":\"Prov\u00edncia Franciscana da Imaculada Concei\u00e7\u00e3o do Brasil - Ordem dos Frades Menores - OFM\",\"potentialAction\":[{\"@type\":\"SearchAction\",\"target\":{\"@type\":\"EntryPoint\",\"urlTemplate\":\"https:\/\/franciscanos.org.br\/noticias\/?s={search_term_string}\"},\"query-input\":\"required name=search_term_string\"}],\"inLanguage\":\"pt-BR\"},{\"@type\":\"ImageObject\",\"inLanguage\":\"pt-BR\",\"@id\":\"https:\/\/franciscanos.org.br\/noticias\/nova-fraternidade-e-acolhida-e-anuncia-as-novidades-para-a-festa-de-penha-2025.html#primaryimage\",\"url\":\"https:\/\/franciscanos.org.br\/noticias\/wp-content\/uploads\/2025\/02\/CHAMADA-14.jpg\",\"contentUrl\":\"https:\/\/franciscanos.org.br\/noticias\/wp-content\/uploads\/2025\/02\/CHAMADA-14.jpg\",\"width\":800,\"height\":550},{\"@type\":\"WebPage\",\"@id\":\"https:\/\/franciscanos.org.br\/noticias\/nova-fraternidade-e-acolhida-e-anuncia-as-novidades-para-a-festa-de-penha-2025.html#webpage\",\"url\":\"https:\/\/franciscanos.org.br\/noticias\/nova-fraternidade-e-acolhida-e-anuncia-as-novidades-para-a-festa-de-penha-2025.html\",\"name\":\"Nova Fraternidade \u00e9 acolhida e anuncia novidades para a Festa de Penha 2025 - Not\u00edcias - Franciscanos\",\"isPartOf\":{\"@id\":\"https:\/\/franciscanos.org.br\/noticias\/#website\"},\"primaryImageOfPage\":{\"@id\":\"https:\/\/franciscanos.org.br\/noticias\/nova-fraternidade-e-acolhida-e-anuncia-as-novidades-para-a-festa-de-penha-2025.html#primaryimage\"},\"datePublished\":\"2025-02-20T16:32:02+00:00\",\"dateModified\":\"2025-02-20T16:35:27+00:00\",\"author\":{\"@id\":\"https:\/\/franciscanos.org.br\/noticias\/#\/schema\/person\/d9422e83121c3ad3b0f423d195f5bb25\"},\"breadcrumb\":{\"@id\":\"https:\/\/franciscanos.org.br\/noticias\/nova-fraternidade-e-acolhida-e-anuncia-as-novidades-para-a-festa-de-penha-2025.html#breadcrumb\"},\"inLanguage\":\"pt-BR\",\"potentialAction\":[{\"@type\":\"ReadAction\",\"target\":[\"https:\/\/franciscanos.org.br\/noticias\/nova-fraternidade-e-acolhida-e-anuncia-as-novidades-para-a-festa-de-penha-2025.html\"]}]},{\"@type\":\"BreadcrumbList\",\"@id\":\"https:\/\/franciscanos.org.br\/noticias\/nova-fraternidade-e-acolhida-e-anuncia-as-novidades-para-a-festa-de-penha-2025.html#breadcrumb\",\"itemListElement\":[{\"@type\":\"ListItem\",\"position\":1,\"name\":\"Home\",\"item\":\"https:\/\/franciscanos.org.br\/noticias\"},{\"@type\":\"ListItem\",\"position\":2,\"name\":\"Nova Fraternidade \u00e9 acolhida e anuncia novidades para a Festa de Penha 2025\"}]},{\"@type\":\"Person\",\"@id\":\"https:\/\/franciscanos.org.br\/noticias\/#\/schema\/person\/d9422e83121c3ad3b0f423d195f5bb25\",\"name\":\"Adriana Rabelo\",\"image\":{\"@type\":\"ImageObject\",\"inLanguage\":\"pt-BR\",\"@id\":\"https:\/\/franciscanos.org.br\/noticias\/#\/schema\/person\/image\/\",\"url\":\"https:\/\/secure.gravatar.com\/avatar\/0a937b7500cd7df77540cfb8bede877d?s=96&d=mm&r=g\",\"contentUrl\":\"https:\/\/secure.gravatar.com\/avatar\/0a937b7500cd7df77540cfb8bede877d?s=96&d=mm&r=g\",\"caption\":\"Adriana Rabelo\"},\"url\":\"https:\/\/franciscanos.org.br\/noticias\/author\/adrianarabelo\"}]}<\/script>\n<!-- \/ Yoast SEO plugin. -->","yoast_head_json":{"title":"Nova Fraternidade \u00e9 acolhida e anuncia novidades para a Festa de Penha 2025 - Not\u00edcias - Franciscanos","robots":{"index":"index","follow":"follow","max-snippet":"max-snippet:-1","max-image-preview":"max-image-preview:large","max-video-preview":"max-video-preview:-1"},"canonical":"https:\/\/franciscanos.org.br\/noticias\/nova-fraternidade-e-acolhida-e-anuncia-as-novidades-para-a-festa-de-penha-2025.html","og_locale":"pt_BR","og_type":"article","og_title":"Nova Fraternidade \u00e9 acolhida e anuncia novidades para a Festa de Penha 2025 - Not\u00edcias - Franciscanos","og_description":"Acolhida e Festa da Penha","og_url":"https:\/\/franciscanos.org.br\/noticias\/nova-fraternidade-e-acolhida-e-anuncia-as-novidades-para-a-festa-de-penha-2025.html","og_site_name":"Not\u00edcias - Franciscanos","article_published_time":"2025-02-20T16:32:02+00:00","article_modified_time":"2025-02-20T16:35:27+00:00","og_image":[{"width":800,"height":550,"url":"https:\/\/franciscanos.org.br\/noticias\/wp-content\/uploads\/2025\/02\/CHAMADA-14.jpg","type":"image\/jpeg"}],"author":"Adriana Rabelo","twitter_card":"summary_large_image","twitter_misc":{"Escrito por":"Adriana Rabelo","Est. tempo de leitura":"7 minutos"},"schema":{"@context":"https:\/\/schema.org","@graph":[{"@type":"WebSite","@id":"https:\/\/franciscanos.org.br\/noticias\/#website","url":"https:\/\/franciscanos.org.br\/noticias\/","name":"Not\u00edcias - Franciscanos","description":"Prov\u00edncia Franciscana da Imaculada Concei\u00e7\u00e3o do Brasil - Ordem dos Frades Menores - OFM","potentialAction":[{"@type":"SearchAction","target":{"@type":"EntryPoint","urlTemplate":"https:\/\/franciscanos.org.br\/noticias\/?s={search_term_string}"},"query-input":"required name=search_term_string"}],"inLanguage":"pt-BR"},{"@type":"ImageObject","inLanguage":"pt-BR","@id":"https:\/\/franciscanos.org.br\/noticias\/nova-fraternidade-e-acolhida-e-anuncia-as-novidades-para-a-festa-de-penha-2025.html#primaryimage","url":"https:\/\/franciscanos.org.br\/noticias\/wp-content\/uploads\/2025\/02\/CHAMADA-14.jpg","contentUrl":"https:\/\/franciscanos.org.br\/noticias\/wp-content\/uploads\/2025\/02\/CHAMADA-14.jpg","width":800,"height":550},{"@type":"WebPage","@id":"https:\/\/franciscanos.org.br\/noticias\/nova-fraternidade-e-acolhida-e-anuncia-as-novidades-para-a-festa-de-penha-2025.html#webpage","url":"https:\/\/franciscanos.org.br\/noticias\/nova-fraternidade-e-acolhida-e-anuncia-as-novidades-para-a-festa-de-penha-2025.html","name":"Nova Fraternidade \u00e9 acolhida e anuncia novidades para a Festa de Penha 2025 - Not\u00edcias - Franciscanos","isPartOf":{"@id":"https:\/\/franciscanos.org.br\/noticias\/#website"},"primaryImageOfPage":{"@id":"https:\/\/franciscanos.org.br\/noticias\/nova-fraternidade-e-acolhida-e-anuncia-as-novidades-para-a-festa-de-penha-2025.html#primaryimage"},"datePublished":"2025-02-20T16:32:02+00:00","dateModified":"2025-02-20T16:35:27+00:00","author":{"@id":"https:\/\/franciscanos.org.br\/noticias\/#\/schema\/person\/d9422e83121c3ad3b0f423d195f5bb25"},"breadcrumb":{"@id":"https:\/\/franciscanos.org.br\/noticias\/nova-fraternidade-e-acolhida-e-anuncia-as-novidades-para-a-festa-de-penha-2025.html#breadcrumb"},"inLanguage":"pt-BR","potentialAction":[{"@type":"ReadAction","target":["https:\/\/franciscanos.org.br\/noticias\/nova-fraternidade-e-acolhida-e-anuncia-as-novidades-para-a-festa-de-penha-2025.html"]}]},{"@type":"BreadcrumbList","@id":"https:\/\/franciscanos.org.br\/noticias\/nova-fraternidade-e-acolhida-e-anuncia-as-novidades-para-a-festa-de-penha-2025.html#breadcrumb","itemListElement":[{"@type":"ListItem","position":1,"name":"Home","item":"https:\/\/franciscanos.org.br\/noticias"},{"@type":"ListItem","position":2,"name":"Nova Fraternidade \u00e9 acolhida e anuncia novidades para a Festa de Penha 2025"}]},{"@type":"Person","@id":"https:\/\/franciscanos.org.br\/noticias\/#\/schema\/person\/d9422e83121c3ad3b0f423d195f5bb25","name":"Adriana Rabelo","image":{"@type":"ImageObject","inLanguage":"pt-BR","@id":"https:\/\/franciscanos.org.br\/noticias\/#\/schema\/person\/image\/","url":"https:\/\/secure.gravatar.com\/avatar\/0a937b7500cd7df77540cfb8bede877d?s=96&d=mm&r=g","contentUrl":"https:\/\/secure.gravatar.com\/avatar\/0a937b7500cd7df77540cfb8bede877d?s=96&d=mm&r=g","caption":"Adriana Rabelo"},"url":"https:\/\/franciscanos.org.br\/noticias\/author\/adrianarabelo"}]}},"_links":{"self":[{"href":"https:\/\/franciscanos.org.br\/noticias\/wp-json\/wp\/v2\/posts\/254905"}],"collection":[{"href":"https:\/\/franciscanos.org.br\/noticias\/wp-json\/wp\/v2\/posts"}],"about":[{"href":"https:\/\/franciscanos.org.br\/noticias\/wp-json\/wp\/v2\/types\/post"}],"author":[{"embeddable":true,"href":"https:\/\/franciscanos.org.br\/noticias\/wp-json\/wp\/v2\/users\/11"}],"replies":[{"embeddable":true,"href":"https:\/\/franciscanos.org.br\/noticias\/wp-json\/wp\/v2\/comments?post=254905"}],"version-history":[{"count":5,"href":"https:\/\/franciscanos.org.br\/noticias\/wp-json\/wp\/v2\/posts\/254905\/revisions"}],"predecessor-version":[{"id":254930,"href":"https:\/\/franciscanos.org.br\/noticias\/wp-json\/wp\/v2\/posts\/254905\/revisions\/254930"}],"wp:featuredmedia":[{"embeddable":true,"href":"https:\/\/franciscanos.org.br\/noticias\/wp-json\/wp\/v2\/media\/254927"}],"wp:attachment":[{"href":"https:\/\/franciscanos.org.br\/noticias\/wp-json\/wp\/v2\/media?parent=254905"}],"wp:term":[{"taxonomy":"category","embeddable":true,"href":"https:\/\/franciscanos.org.br\/noticias\/wp-json\/wp\/v2\/categories?post=254905"},{"taxonomy":"post_tag","embeddable":true,"href":"https:\/\/franciscanos.org.br\/noticias\/wp-json\/wp\/v2\/tags?post=254905"}],"curies":[{"name":"wp","href":"https:\/\/api.w.org\/{rel}","templated":true}]}}