{"id":254901,"date":"2025-02-20T09:02:14","date_gmt":"2025-02-20T12:02:14","guid":{"rendered":"https:\/\/franciscanos.org.br\/noticias\/?p=254901"},"modified":"2025-02-20T13:56:03","modified_gmt":"2025-02-20T16:56:03","slug":"cnbb-propoe-a-igreja-no-brasil-um-tempo-de-oracao-pelo-papa-francisco","status":"publish","type":"post","link":"https:\/\/franciscanos.org.br\/noticias\/cnbb-propoe-a-igreja-no-brasil-um-tempo-de-oracao-pelo-papa-francisco.html","title":{"rendered":"CNBB prop\u00f5e \u00e0 Igreja no Brasil um tempo de ora\u00e7\u00e3o pelo Papa Francisco"},"content":{"rendered":"<p><img loading=\"lazy\" class=\"aligncenter wp-image-254902 size-full\" src=\"https:\/\/franciscanos.org.br\/noticias\/wp-content\/uploads\/2025\/02\/MATERIA-PAPA-CNBB.jpg\" alt=\"\" width=\"1280\" height=\"720\" srcset=\"https:\/\/franciscanos.org.br\/noticias\/wp-content\/uploads\/2025\/02\/MATERIA-PAPA-CNBB.jpg 1280w, https:\/\/franciscanos.org.br\/noticias\/wp-content\/uploads\/2025\/02\/MATERIA-PAPA-CNBB-450x253.jpg 450w, https:\/\/franciscanos.org.br\/noticias\/wp-content\/uploads\/2025\/02\/MATERIA-PAPA-CNBB-1024x576.jpg 1024w, https:\/\/franciscanos.org.br\/noticias\/wp-content\/uploads\/2025\/02\/MATERIA-PAPA-CNBB-768x432.jpg 768w, https:\/\/franciscanos.org.br\/noticias\/wp-content\/uploads\/2025\/02\/MATERIA-PAPA-CNBB-150x84.jpg 150w\" sizes=\"(max-width: 1280px) 100vw, 1280px\" \/><\/p>\n<p>A presid\u00eancia da Confer\u00eancia Nacional dos Bispos do Brasil (CNBB) publicou nesta ter\u00e7a-feira, 19 de fevereiro, uma carta que foi enviada ao episcopado brasileiro propondo um tempo de ora\u00e7\u00e3o, nos pr\u00f3ximos dias, pela \u201cplena recupera\u00e7\u00e3o de sa\u00fade do Papa Francisco\u201d. A iniciativa surgiu na reuni\u00e3o do Conselho Episcopal de Pastoral (CONSEP) da CNBB, reunido na sede da Confer\u00eancia em Bras\u00edlia dias 18 e 19 de fevereiro. Veja a \u00edntegra da carta abaixo.<\/p>\n<p>No v\u00eddeo abaixo, o arcebispo de Porto Alegre (RS), presidente da CNBB e do Conselho Episcopal Latino-Americano e Caribenho (Celam), o cardeal Jaime Spengler, convida a Igreja no Brasil para unir os cora\u00e7\u00f5es e a rezar pela sa\u00fade do Papa Francisco.<\/p>\n<p>Aproveitando especialmente a festa da C\u00e1tedra de S\u00e3o Pedro, no pr\u00f3ximo s\u00e1bado, 22, dom Jaime refor\u00e7a o pedido de ora\u00e7\u00e3o pela recupera\u00e7\u00e3o do Santo Padre: \u201cComo Igreja tamb\u00e9m n\u00f3s nos dirigimos de uma forma toda especial ao senhor pedindo pela pronta recupera\u00e7\u00e3o de sua sa\u00fade\u201d.<\/p>\n<p>Assista ao v\u00eddeo na \u00edntegra:<\/p>\n<p><iframe loading=\"lazy\" title=\"Tempo de ora\u00e7\u00e3o pelo Papa Francisco\" width=\"500\" height=\"281\" src=\"https:\/\/www.youtube.com\/embed\/DQAwLt2No1c?start=4&#038;feature=oembed\" frameborder=\"0\" allow=\"accelerometer; autoplay; clipboard-write; encrypted-media; gyroscope; picture-in-picture; web-share\" referrerpolicy=\"strict-origin-when-cross-origin\" allowfullscreen><\/iframe><\/p>\n<p><strong>O que a CNBB sugere:<\/strong><\/p>\n<p>Que as comunidades espalhadas pelo Brasil sejam incentivadas a viverem este tempo de ora\u00e7\u00e3o, sobretudo, nas Celebra\u00e7\u00f5es da Eucaristia e da Palavra, com uma inten\u00e7\u00e3o especial pela sa\u00fade do Papa.<\/p>\n<p>A Comiss\u00e3o Episcopal de Liturgia da CNBB, sugere o acr\u00e9scimo de uma inten\u00e7\u00e3o nas Ora\u00e7\u00f5es dos Fi\u00e9is em todas as celebra\u00e7\u00f5es, conforme proposta indicada:<\/p>\n<p><em>Senhor Deus,<\/em><\/p>\n<p><em>vosso servo, o Papa Francisco,<\/em><\/p>\n<p><em>tornou-se para n\u00f3s \u201ctestemunha dos sofrimentos de Cristo\u201d.<\/em><\/p>\n<p><em>N\u00f3s vos suplicamos,<\/em><\/p>\n<p><em>vinde em seu aux\u00edlio,<\/em><\/p>\n<p><em>aliviando suas dores,<\/em><\/p>\n<p><em>na esperan\u00e7a da pronta recupera\u00e7\u00e3o da sua sa\u00fade,<\/em><\/p>\n<p><em>para continuar nos confirmando na f\u00e9.<\/em><\/p>\n<p>Al\u00e9m da sugest\u00e3o proposta pela Comiss\u00e3o para a Liturgia, os fi\u00e9is tamb\u00e9m s\u00e3o convidados a expressar suas inten\u00e7\u00f5es tamb\u00e9m rezando o ter\u00e7o e ora\u00e7\u00f5es espont\u00e2neas.<\/p>\n<p>Acesse a carta: \u201cTempo de ora\u00e7\u00e3o pela sa\u00fade do Papa Francisco\u201d <a href=\"https:\/\/franciscanos.org.br\/banca\/wp-content\/uploads\/2025\/02\/Carta-aos-bispos-oracao-pelo-papa.pdf\"><span style=\"color: #000080;\"><strong>(aqui)<\/strong><\/span><\/a><\/p>\n<hr \/>\n<p>Fonte:<a href=\"https:\/\/www.cnbb.org.br\/cnbb-propoe-a-igreja-no-brasil-um-tempo-de-oracao-pelo-papa-francisco\/\"> https:\/\/www.cnbb.org.br\/cnbb-propoe-a-igreja-no-brasil-um-tempo-de-oracao-pelo-papa-francisco\/\u00a0\u00a0<\/a><\/p>\n<p>&nbsp;<\/p>\n","protected":false},"excerpt":{"rendered":"<p>Papa Francisco<\/p>\n","protected":false},"author":11,"featured_media":254903,"comment_status":"open","ping_status":"open","sticky":false,"template":"","format":"standard","meta":[],"categories":[1,1428],"tags":[55],"acf":[],"yoast_head":"<!-- This site is optimized with the Yoast SEO plugin v19.2 - https:\/\/yoast.com\/wordpress\/plugins\/seo\/ -->\n<title>CNBB prop\u00f5e \u00e0 Igreja no Brasil um tempo de ora\u00e7\u00e3o pelo Papa Francisco - Not\u00edcias - Franciscanos<\/title>\n<meta name=\"robots\" content=\"index, follow, max-snippet:-1, max-image-preview:large, max-video-preview:-1\" \/>\n<link rel=\"canonical\" href=\"https:\/\/franciscanos.org.br\/noticias\/cnbb-propoe-a-igreja-no-brasil-um-tempo-de-oracao-pelo-papa-francisco.html\" \/>\n<meta property=\"og:locale\" content=\"pt_BR\" \/>\n<meta property=\"og:type\" content=\"article\" \/>\n<meta property=\"og:title\" content=\"CNBB prop\u00f5e \u00e0 Igreja no Brasil um tempo de ora\u00e7\u00e3o pelo Papa Francisco - Not\u00edcias - Franciscanos\" \/>\n<meta property=\"og:description\" content=\"Papa Francisco\" \/>\n<meta property=\"og:url\" content=\"https:\/\/franciscanos.org.br\/noticias\/cnbb-propoe-a-igreja-no-brasil-um-tempo-de-oracao-pelo-papa-francisco.html\" \/>\n<meta property=\"og:site_name\" content=\"Not\u00edcias - Franciscanos\" \/>\n<meta property=\"article:published_time\" content=\"2025-02-20T12:02:14+00:00\" \/>\n<meta property=\"article:modified_time\" content=\"2025-02-20T16:56:03+00:00\" \/>\n<meta property=\"og:image\" content=\"https:\/\/franciscanos.org.br\/noticias\/wp-content\/uploads\/2025\/02\/CHAMADA-PAPA.jpg\" \/>\n\t<meta property=\"og:image:width\" content=\"800\" \/>\n\t<meta property=\"og:image:height\" content=\"550\" \/>\n\t<meta property=\"og:image:type\" content=\"image\/jpeg\" \/>\n<meta name=\"author\" content=\"Adriana Rabelo\" \/>\n<meta name=\"twitter:card\" content=\"summary_large_image\" \/>\n<meta name=\"twitter:label1\" content=\"Escrito por\" \/>\n\t<meta name=\"twitter:data1\" content=\"Adriana Rabelo\" \/>\n\t<meta name=\"twitter:label2\" content=\"Est. tempo de leitura\" \/>\n\t<meta name=\"twitter:data2\" content=\"2 minutos\" \/>\n<script type=\"application\/ld+json\" class=\"yoast-schema-graph\">{\"@context\":\"https:\/\/schema.org\",\"@graph\":[{\"@type\":\"WebSite\",\"@id\":\"https:\/\/franciscanos.org.br\/noticias\/#website\",\"url\":\"https:\/\/franciscanos.org.br\/noticias\/\",\"name\":\"Not\u00edcias - Franciscanos\",\"description\":\"Prov\u00edncia Franciscana da Imaculada Concei\u00e7\u00e3o do Brasil - Ordem dos Frades Menores - OFM\",\"potentialAction\":[{\"@type\":\"SearchAction\",\"target\":{\"@type\":\"EntryPoint\",\"urlTemplate\":\"https:\/\/franciscanos.org.br\/noticias\/?s={search_term_string}\"},\"query-input\":\"required name=search_term_string\"}],\"inLanguage\":\"pt-BR\"},{\"@type\":\"ImageObject\",\"inLanguage\":\"pt-BR\",\"@id\":\"https:\/\/franciscanos.org.br\/noticias\/cnbb-propoe-a-igreja-no-brasil-um-tempo-de-oracao-pelo-papa-francisco.html#primaryimage\",\"url\":\"https:\/\/franciscanos.org.br\/noticias\/wp-content\/uploads\/2025\/02\/CHAMADA-PAPA.jpg\",\"contentUrl\":\"https:\/\/franciscanos.org.br\/noticias\/wp-content\/uploads\/2025\/02\/CHAMADA-PAPA.jpg\",\"width\":800,\"height\":550},{\"@type\":\"WebPage\",\"@id\":\"https:\/\/franciscanos.org.br\/noticias\/cnbb-propoe-a-igreja-no-brasil-um-tempo-de-oracao-pelo-papa-francisco.html#webpage\",\"url\":\"https:\/\/franciscanos.org.br\/noticias\/cnbb-propoe-a-igreja-no-brasil-um-tempo-de-oracao-pelo-papa-francisco.html\",\"name\":\"CNBB prop\u00f5e \u00e0 Igreja no Brasil um tempo de ora\u00e7\u00e3o pelo Papa Francisco - Not\u00edcias - Franciscanos\",\"isPartOf\":{\"@id\":\"https:\/\/franciscanos.org.br\/noticias\/#website\"},\"primaryImageOfPage\":{\"@id\":\"https:\/\/franciscanos.org.br\/noticias\/cnbb-propoe-a-igreja-no-brasil-um-tempo-de-oracao-pelo-papa-francisco.html#primaryimage\"},\"datePublished\":\"2025-02-20T12:02:14+00:00\",\"dateModified\":\"2025-02-20T16:56:03+00:00\",\"author\":{\"@id\":\"https:\/\/franciscanos.org.br\/noticias\/#\/schema\/person\/d9422e83121c3ad3b0f423d195f5bb25\"},\"breadcrumb\":{\"@id\":\"https:\/\/franciscanos.org.br\/noticias\/cnbb-propoe-a-igreja-no-brasil-um-tempo-de-oracao-pelo-papa-francisco.html#breadcrumb\"},\"inLanguage\":\"pt-BR\",\"potentialAction\":[{\"@type\":\"ReadAction\",\"target\":[\"https:\/\/franciscanos.org.br\/noticias\/cnbb-propoe-a-igreja-no-brasil-um-tempo-de-oracao-pelo-papa-francisco.html\"]}]},{\"@type\":\"BreadcrumbList\",\"@id\":\"https:\/\/franciscanos.org.br\/noticias\/cnbb-propoe-a-igreja-no-brasil-um-tempo-de-oracao-pelo-papa-francisco.html#breadcrumb\",\"itemListElement\":[{\"@type\":\"ListItem\",\"position\":1,\"name\":\"Home\",\"item\":\"https:\/\/franciscanos.org.br\/noticias\"},{\"@type\":\"ListItem\",\"position\":2,\"name\":\"CNBB prop\u00f5e \u00e0 Igreja no Brasil um tempo de ora\u00e7\u00e3o pelo Papa Francisco\"}]},{\"@type\":\"Person\",\"@id\":\"https:\/\/franciscanos.org.br\/noticias\/#\/schema\/person\/d9422e83121c3ad3b0f423d195f5bb25\",\"name\":\"Adriana Rabelo\",\"image\":{\"@type\":\"ImageObject\",\"inLanguage\":\"pt-BR\",\"@id\":\"https:\/\/franciscanos.org.br\/noticias\/#\/schema\/person\/image\/\",\"url\":\"https:\/\/secure.gravatar.com\/avatar\/0a937b7500cd7df77540cfb8bede877d?s=96&d=mm&r=g\",\"contentUrl\":\"https:\/\/secure.gravatar.com\/avatar\/0a937b7500cd7df77540cfb8bede877d?s=96&d=mm&r=g\",\"caption\":\"Adriana Rabelo\"},\"url\":\"https:\/\/franciscanos.org.br\/noticias\/author\/adrianarabelo\"}]}<\/script>\n<!-- \/ Yoast SEO plugin. -->","yoast_head_json":{"title":"CNBB prop\u00f5e \u00e0 Igreja no Brasil um tempo de ora\u00e7\u00e3o pelo Papa Francisco - Not\u00edcias - Franciscanos","robots":{"index":"index","follow":"follow","max-snippet":"max-snippet:-1","max-image-preview":"max-image-preview:large","max-video-preview":"max-video-preview:-1"},"canonical":"https:\/\/franciscanos.org.br\/noticias\/cnbb-propoe-a-igreja-no-brasil-um-tempo-de-oracao-pelo-papa-francisco.html","og_locale":"pt_BR","og_type":"article","og_title":"CNBB prop\u00f5e \u00e0 Igreja no Brasil um tempo de ora\u00e7\u00e3o pelo Papa Francisco - Not\u00edcias - Franciscanos","og_description":"Papa Francisco","og_url":"https:\/\/franciscanos.org.br\/noticias\/cnbb-propoe-a-igreja-no-brasil-um-tempo-de-oracao-pelo-papa-francisco.html","og_site_name":"Not\u00edcias - Franciscanos","article_published_time":"2025-02-20T12:02:14+00:00","article_modified_time":"2025-02-20T16:56:03+00:00","og_image":[{"width":800,"height":550,"url":"https:\/\/franciscanos.org.br\/noticias\/wp-content\/uploads\/2025\/02\/CHAMADA-PAPA.jpg","type":"image\/jpeg"}],"author":"Adriana Rabelo","twitter_card":"summary_large_image","twitter_misc":{"Escrito por":"Adriana Rabelo","Est. tempo de leitura":"2 minutos"},"schema":{"@context":"https:\/\/schema.org","@graph":[{"@type":"WebSite","@id":"https:\/\/franciscanos.org.br\/noticias\/#website","url":"https:\/\/franciscanos.org.br\/noticias\/","name":"Not\u00edcias - Franciscanos","description":"Prov\u00edncia Franciscana da Imaculada Concei\u00e7\u00e3o do Brasil - Ordem dos Frades Menores - OFM","potentialAction":[{"@type":"SearchAction","target":{"@type":"EntryPoint","urlTemplate":"https:\/\/franciscanos.org.br\/noticias\/?s={search_term_string}"},"query-input":"required name=search_term_string"}],"inLanguage":"pt-BR"},{"@type":"ImageObject","inLanguage":"pt-BR","@id":"https:\/\/franciscanos.org.br\/noticias\/cnbb-propoe-a-igreja-no-brasil-um-tempo-de-oracao-pelo-papa-francisco.html#primaryimage","url":"https:\/\/franciscanos.org.br\/noticias\/wp-content\/uploads\/2025\/02\/CHAMADA-PAPA.jpg","contentUrl":"https:\/\/franciscanos.org.br\/noticias\/wp-content\/uploads\/2025\/02\/CHAMADA-PAPA.jpg","width":800,"height":550},{"@type":"WebPage","@id":"https:\/\/franciscanos.org.br\/noticias\/cnbb-propoe-a-igreja-no-brasil-um-tempo-de-oracao-pelo-papa-francisco.html#webpage","url":"https:\/\/franciscanos.org.br\/noticias\/cnbb-propoe-a-igreja-no-brasil-um-tempo-de-oracao-pelo-papa-francisco.html","name":"CNBB prop\u00f5e \u00e0 Igreja no Brasil um tempo de ora\u00e7\u00e3o pelo Papa Francisco - Not\u00edcias - Franciscanos","isPartOf":{"@id":"https:\/\/franciscanos.org.br\/noticias\/#website"},"primaryImageOfPage":{"@id":"https:\/\/franciscanos.org.br\/noticias\/cnbb-propoe-a-igreja-no-brasil-um-tempo-de-oracao-pelo-papa-francisco.html#primaryimage"},"datePublished":"2025-02-20T12:02:14+00:00","dateModified":"2025-02-20T16:56:03+00:00","author":{"@id":"https:\/\/franciscanos.org.br\/noticias\/#\/schema\/person\/d9422e83121c3ad3b0f423d195f5bb25"},"breadcrumb":{"@id":"https:\/\/franciscanos.org.br\/noticias\/cnbb-propoe-a-igreja-no-brasil-um-tempo-de-oracao-pelo-papa-francisco.html#breadcrumb"},"inLanguage":"pt-BR","potentialAction":[{"@type":"ReadAction","target":["https:\/\/franciscanos.org.br\/noticias\/cnbb-propoe-a-igreja-no-brasil-um-tempo-de-oracao-pelo-papa-francisco.html"]}]},{"@type":"BreadcrumbList","@id":"https:\/\/franciscanos.org.br\/noticias\/cnbb-propoe-a-igreja-no-brasil-um-tempo-de-oracao-pelo-papa-francisco.html#breadcrumb","itemListElement":[{"@type":"ListItem","position":1,"name":"Home","item":"https:\/\/franciscanos.org.br\/noticias"},{"@type":"ListItem","position":2,"name":"CNBB prop\u00f5e \u00e0 Igreja no Brasil um tempo de ora\u00e7\u00e3o pelo Papa Francisco"}]},{"@type":"Person","@id":"https:\/\/franciscanos.org.br\/noticias\/#\/schema\/person\/d9422e83121c3ad3b0f423d195f5bb25","name":"Adriana Rabelo","image":{"@type":"ImageObject","inLanguage":"pt-BR","@id":"https:\/\/franciscanos.org.br\/noticias\/#\/schema\/person\/image\/","url":"https:\/\/secure.gravatar.com\/avatar\/0a937b7500cd7df77540cfb8bede877d?s=96&d=mm&r=g","contentUrl":"https:\/\/secure.gravatar.com\/avatar\/0a937b7500cd7df77540cfb8bede877d?s=96&d=mm&r=g","caption":"Adriana Rabelo"},"url":"https:\/\/franciscanos.org.br\/noticias\/author\/adrianarabelo"}]}},"_links":{"self":[{"href":"https:\/\/franciscanos.org.br\/noticias\/wp-json\/wp\/v2\/posts\/254901"}],"collection":[{"href":"https:\/\/franciscanos.org.br\/noticias\/wp-json\/wp\/v2\/posts"}],"about":[{"href":"https:\/\/franciscanos.org.br\/noticias\/wp-json\/wp\/v2\/types\/post"}],"author":[{"embeddable":true,"href":"https:\/\/franciscanos.org.br\/noticias\/wp-json\/wp\/v2\/users\/11"}],"replies":[{"embeddable":true,"href":"https:\/\/franciscanos.org.br\/noticias\/wp-json\/wp\/v2\/comments?post=254901"}],"version-history":[{"count":2,"href":"https:\/\/franciscanos.org.br\/noticias\/wp-json\/wp\/v2\/posts\/254901\/revisions"}],"predecessor-version":[{"id":254932,"href":"https:\/\/franciscanos.org.br\/noticias\/wp-json\/wp\/v2\/posts\/254901\/revisions\/254932"}],"wp:featuredmedia":[{"embeddable":true,"href":"https:\/\/franciscanos.org.br\/noticias\/wp-json\/wp\/v2\/media\/254903"}],"wp:attachment":[{"href":"https:\/\/franciscanos.org.br\/noticias\/wp-json\/wp\/v2\/media?parent=254901"}],"wp:term":[{"taxonomy":"category","embeddable":true,"href":"https:\/\/franciscanos.org.br\/noticias\/wp-json\/wp\/v2\/categories?post=254901"},{"taxonomy":"post_tag","embeddable":true,"href":"https:\/\/franciscanos.org.br\/noticias\/wp-json\/wp\/v2\/tags?post=254901"}],"curies":[{"name":"wp","href":"https:\/\/api.w.org\/{rel}","templated":true}]}}