{"id":254886,"date":"2025-02-19T15:49:25","date_gmt":"2025-02-19T18:49:25","guid":{"rendered":"https:\/\/franciscanos.org.br\/noticias\/?p=254886"},"modified":"2025-02-19T17:13:32","modified_gmt":"2025-02-19T20:13:32","slug":"a-esperanca-nao-decepciona-rm-55-rezemos-pelo-papa-francisco","status":"publish","type":"post","link":"https:\/\/franciscanos.org.br\/noticias\/a-esperanca-nao-decepciona-rm-55-rezemos-pelo-papa-francisco.html","title":{"rendered":"\u201cA esperan\u00e7a n\u00e3o decepciona\u201d: Rezemos pelo Papa Francisco"},"content":{"rendered":"<p><img loading=\"lazy\" class=\"aligncenter wp-image-254896 size-full\" src=\"https:\/\/franciscanos.org.br\/noticias\/wp-content\/uploads\/2025\/02\/Papa-1280.jpg\" alt=\"\" width=\"1767\" height=\"994\" srcset=\"https:\/\/franciscanos.org.br\/noticias\/wp-content\/uploads\/2025\/02\/Papa-1280.jpg 1767w, https:\/\/franciscanos.org.br\/noticias\/wp-content\/uploads\/2025\/02\/Papa-1280-450x253.jpg 450w, https:\/\/franciscanos.org.br\/noticias\/wp-content\/uploads\/2025\/02\/Papa-1280-1024x576.jpg 1024w, https:\/\/franciscanos.org.br\/noticias\/wp-content\/uploads\/2025\/02\/Papa-1280-768x432.jpg 768w, https:\/\/franciscanos.org.br\/noticias\/wp-content\/uploads\/2025\/02\/Papa-1280-1536x864.jpg 1536w, https:\/\/franciscanos.org.br\/noticias\/wp-content\/uploads\/2025\/02\/Papa-1280-150x84.jpg 150w\" sizes=\"(max-width: 1767px) 100vw, 1767px\" \/><\/p>\n<p>\u201cE n\u00e3o s\u00f3 por isso, pois nos ufanamos tamb\u00e9m de nossas tribula\u00e7\u00f5es, sabendo que a tribula\u00e7\u00e3o gera const\u00e2ncia, a const\u00e2ncia leva a uma virtude provada e a virtude provada desabrocha em esperan\u00e7a. E a esperan\u00e7a n\u00e3o decepciona, porque o amor de Deus foi derramado em nossos cora\u00e7\u00f5es pelo Esp\u00edrito Santo que nos foi dado\u201d. (Rm 5,3-5)<\/p>\n<p>Em um ano inspirador, no qual a Igreja convida todos os crist\u00e3os a viverem um Jubileu voltado ao amor a Deus e a todas \u00e0s criaturas, a palavra \u201cesperan\u00e7a\u201d se destaca para nos levar a uma reflex\u00e3o profunda do nosso futuro na Casa Comum e na forma como lidamos com o nosso senso de humanidade.<\/p>\n<p>\u00c9 justamente pela \u00f3tica da \u201cesperan\u00e7a\u201d que devemos olhar hoje para a condi\u00e7\u00e3o de sa\u00fade do Papa Francisco. Desde a \u00faltima sexta-feira, 14 de fevereiro, o Pont\u00edfice, de 88 anos, est\u00e1 internado no Hospital Policl\u00ednico Agostino Gemelli, em Roma, para tratar, a princ\u00edpio, de uma bronquite, com consequentes dificuldades para respirar.<\/p>\n<p>De acordo com os \u00faltimos boletins m\u00e9dicos, o Papa est\u00e1 com uma infec\u00e7\u00e3o polimicrobiana do trato respirat\u00f3rio, uma condi\u00e7\u00e3o que ocorre \u2013 conforme a literatura m\u00e9dica \u2013 quando mais de um microrganismo (v\u00edrus, bact\u00e9ria ou fungo) afeta o sistema respirat\u00f3rio.<\/p>\n<p>Nesta ter\u00e7a-feira, 18, uma tomografia computadorizada do t\u00f3rax indicou o aparecimento de uma pneumonia bilateral, o que passou a exigir um tratamento medicamentoso adicional.<\/p>\n<p>Ainda ontem, conforme divulgado pelo site Vatican News, Francisco, cujas condi\u00e7\u00f5es cl\u00ednicas continuam complexas, passou por uma tomografia tor\u00e1cica de controle &#8220;prescrita pela equipe de sa\u00fade do Vaticano e pela equipe m\u00e9dica da Funda\u00e7\u00e3o Policl\u00ednica A. Gemelli, que mostrou o aparecimento de uma pneumonia bilateral\u201d.<\/p>\n<p>Diversas mensagens com votos de pronta recupera\u00e7\u00e3o foram enviadas ao Papa. At\u00e9 mesmo as crian\u00e7as internadas na Unidade de Oncologia Pedi\u00e1trica do hospital Gemelli escreveram ao Pont\u00edfice e fizeram desenhos para o Santo Padre. De acordo com a Sala de Imprensa da Santa S\u00e9, &#8220;de bom humor&#8221;, o Papa &#8220;agradece a proximidade que sente neste momento e pede, com cora\u00e7\u00e3o agradecido, que se continue a rezar por ele&#8221;.<\/p>\n<p>Na manh\u00e3 desta quarta-feira, 19, o Vaticano informou que o Santo Padre passou a noite serenamente. \u201cO Papa teve uma noite tranquila, acordou e tomou caf\u00e9 da manh\u00e3\u201d. Segunda a nota, Francisco se levantou e sentou-se em uma poltrona. Pelo que foi informado, o cora\u00e7\u00e3o est\u00e1 bem.<\/p>\n<p>Hoje a primeira-ministra italiana, Giorgia Meloni, visitou o Papa Francisco no hospital e assegurou que ele estava \u201creceptivo\u201d e \u201cn\u00e3o perdeu seu proverbial senso de humor\u201d.<\/p>\n<p>Diante desse momento de fragilidade do Papa Francisco, os frades da Prov\u00edncia Franciscana da Imaculada Concei\u00e7\u00e3o do Brasil, voltam suas ora\u00e7\u00f5es para a boa recupera\u00e7\u00e3o do Pont\u00edfice e convida toda Fam\u00edlia Franciscana e o povo de Deus para se unirem em preces, sabendo que a esperan\u00e7a tamb\u00e9m conduz a nossa capacidade de acreditar que, mesmo nas tribula\u00e7\u00f5es da vida, Deus est\u00e1 presente.<\/p>\n<p>Nas preces franciscanas pelos enfermos, os frades franciscanos pedem:<\/p>\n<p>\u201cPor nossos confrades enfermos, para que associando sua enfermidade \u00e0 Paix\u00e3o de Cristo, possam encontrar Nele seu conforto e em seus irm\u00e3os o amparo e cuidado de que necessitam, rezemos ao Senhor. Todos: Senhor escutai a nossa prece\u201d.<\/p>\n<p>Da mesma forma, rezemos para que o Papa Francisco restabele\u00e7a sua boa condi\u00e7\u00e3o de sa\u00fade, fundamentados na convic\u00e7\u00e3o de que Cristo Crucificado \u00e9 o caminho da salva\u00e7\u00e3o de todos os males.<\/p>\n<hr \/>\n<p><em>Adriana Rabelo<\/em><\/p>\n","protected":false},"excerpt":{"rendered":"<p>Rezemor pelo Papa Francisco<\/p>\n","protected":false},"author":11,"featured_media":254897,"comment_status":"open","ping_status":"open","sticky":false,"template":"","format":"standard","meta":[],"categories":[1,1428],"tags":[55],"acf":[],"yoast_head":"<!-- This site is optimized with the Yoast SEO plugin v19.2 - https:\/\/yoast.com\/wordpress\/plugins\/seo\/ -->\n<title>\u201cA esperan\u00e7a n\u00e3o decepciona\u201d: Rezemos pelo Papa Francisco - Not\u00edcias - Franciscanos<\/title>\n<meta name=\"robots\" content=\"index, follow, max-snippet:-1, max-image-preview:large, max-video-preview:-1\" \/>\n<link rel=\"canonical\" href=\"https:\/\/franciscanos.org.br\/noticias\/a-esperanca-nao-decepciona-rm-55-rezemos-pelo-papa-francisco.html\" \/>\n<meta property=\"og:locale\" content=\"pt_BR\" \/>\n<meta property=\"og:type\" content=\"article\" \/>\n<meta property=\"og:title\" content=\"\u201cA esperan\u00e7a n\u00e3o decepciona\u201d: Rezemos pelo Papa Francisco - Not\u00edcias - Franciscanos\" \/>\n<meta property=\"og:description\" content=\"Rezemor pelo Papa Francisco\" \/>\n<meta property=\"og:url\" content=\"https:\/\/franciscanos.org.br\/noticias\/a-esperanca-nao-decepciona-rm-55-rezemos-pelo-papa-francisco.html\" \/>\n<meta property=\"og:site_name\" content=\"Not\u00edcias - Franciscanos\" \/>\n<meta property=\"article:published_time\" content=\"2025-02-19T18:49:25+00:00\" \/>\n<meta property=\"article:modified_time\" content=\"2025-02-19T20:13:32+00:00\" \/>\n<meta property=\"og:image\" content=\"https:\/\/franciscanos.org.br\/noticias\/wp-content\/uploads\/2025\/02\/Papa-800.jpg\" \/>\n\t<meta property=\"og:image:width\" content=\"800\" \/>\n\t<meta property=\"og:image:height\" content=\"550\" \/>\n\t<meta property=\"og:image:type\" content=\"image\/jpeg\" \/>\n<meta name=\"author\" content=\"Adriana Rabelo\" \/>\n<meta name=\"twitter:card\" content=\"summary_large_image\" \/>\n<meta name=\"twitter:label1\" content=\"Escrito por\" \/>\n\t<meta name=\"twitter:data1\" content=\"Adriana Rabelo\" \/>\n\t<meta name=\"twitter:label2\" content=\"Est. tempo de leitura\" \/>\n\t<meta name=\"twitter:data2\" content=\"4 minutos\" \/>\n<script type=\"application\/ld+json\" class=\"yoast-schema-graph\">{\"@context\":\"https:\/\/schema.org\",\"@graph\":[{\"@type\":\"WebSite\",\"@id\":\"https:\/\/franciscanos.org.br\/noticias\/#website\",\"url\":\"https:\/\/franciscanos.org.br\/noticias\/\",\"name\":\"Not\u00edcias - Franciscanos\",\"description\":\"Prov\u00edncia Franciscana da Imaculada Concei\u00e7\u00e3o do Brasil - Ordem dos Frades Menores - OFM\",\"potentialAction\":[{\"@type\":\"SearchAction\",\"target\":{\"@type\":\"EntryPoint\",\"urlTemplate\":\"https:\/\/franciscanos.org.br\/noticias\/?s={search_term_string}\"},\"query-input\":\"required name=search_term_string\"}],\"inLanguage\":\"pt-BR\"},{\"@type\":\"ImageObject\",\"inLanguage\":\"pt-BR\",\"@id\":\"https:\/\/franciscanos.org.br\/noticias\/a-esperanca-nao-decepciona-rm-55-rezemos-pelo-papa-francisco.html#primaryimage\",\"url\":\"https:\/\/franciscanos.org.br\/noticias\/wp-content\/uploads\/2025\/02\/Papa-800.jpg\",\"contentUrl\":\"https:\/\/franciscanos.org.br\/noticias\/wp-content\/uploads\/2025\/02\/Papa-800.jpg\",\"width\":800,\"height\":550},{\"@type\":\"WebPage\",\"@id\":\"https:\/\/franciscanos.org.br\/noticias\/a-esperanca-nao-decepciona-rm-55-rezemos-pelo-papa-francisco.html#webpage\",\"url\":\"https:\/\/franciscanos.org.br\/noticias\/a-esperanca-nao-decepciona-rm-55-rezemos-pelo-papa-francisco.html\",\"name\":\"\u201cA esperan\u00e7a n\u00e3o decepciona\u201d: Rezemos pelo Papa Francisco - Not\u00edcias - Franciscanos\",\"isPartOf\":{\"@id\":\"https:\/\/franciscanos.org.br\/noticias\/#website\"},\"primaryImageOfPage\":{\"@id\":\"https:\/\/franciscanos.org.br\/noticias\/a-esperanca-nao-decepciona-rm-55-rezemos-pelo-papa-francisco.html#primaryimage\"},\"datePublished\":\"2025-02-19T18:49:25+00:00\",\"dateModified\":\"2025-02-19T20:13:32+00:00\",\"author\":{\"@id\":\"https:\/\/franciscanos.org.br\/noticias\/#\/schema\/person\/d9422e83121c3ad3b0f423d195f5bb25\"},\"breadcrumb\":{\"@id\":\"https:\/\/franciscanos.org.br\/noticias\/a-esperanca-nao-decepciona-rm-55-rezemos-pelo-papa-francisco.html#breadcrumb\"},\"inLanguage\":\"pt-BR\",\"potentialAction\":[{\"@type\":\"ReadAction\",\"target\":[\"https:\/\/franciscanos.org.br\/noticias\/a-esperanca-nao-decepciona-rm-55-rezemos-pelo-papa-francisco.html\"]}]},{\"@type\":\"BreadcrumbList\",\"@id\":\"https:\/\/franciscanos.org.br\/noticias\/a-esperanca-nao-decepciona-rm-55-rezemos-pelo-papa-francisco.html#breadcrumb\",\"itemListElement\":[{\"@type\":\"ListItem\",\"position\":1,\"name\":\"Home\",\"item\":\"https:\/\/franciscanos.org.br\/noticias\"},{\"@type\":\"ListItem\",\"position\":2,\"name\":\"\u201cA esperan\u00e7a n\u00e3o decepciona\u201d: Rezemos pelo Papa Francisco\"}]},{\"@type\":\"Person\",\"@id\":\"https:\/\/franciscanos.org.br\/noticias\/#\/schema\/person\/d9422e83121c3ad3b0f423d195f5bb25\",\"name\":\"Adriana Rabelo\",\"image\":{\"@type\":\"ImageObject\",\"inLanguage\":\"pt-BR\",\"@id\":\"https:\/\/franciscanos.org.br\/noticias\/#\/schema\/person\/image\/\",\"url\":\"https:\/\/secure.gravatar.com\/avatar\/0a937b7500cd7df77540cfb8bede877d?s=96&d=mm&r=g\",\"contentUrl\":\"https:\/\/secure.gravatar.com\/avatar\/0a937b7500cd7df77540cfb8bede877d?s=96&d=mm&r=g\",\"caption\":\"Adriana Rabelo\"},\"url\":\"https:\/\/franciscanos.org.br\/noticias\/author\/adrianarabelo\"}]}<\/script>\n<!-- \/ Yoast SEO plugin. -->","yoast_head_json":{"title":"\u201cA esperan\u00e7a n\u00e3o decepciona\u201d: Rezemos pelo Papa Francisco - Not\u00edcias - Franciscanos","robots":{"index":"index","follow":"follow","max-snippet":"max-snippet:-1","max-image-preview":"max-image-preview:large","max-video-preview":"max-video-preview:-1"},"canonical":"https:\/\/franciscanos.org.br\/noticias\/a-esperanca-nao-decepciona-rm-55-rezemos-pelo-papa-francisco.html","og_locale":"pt_BR","og_type":"article","og_title":"\u201cA esperan\u00e7a n\u00e3o decepciona\u201d: Rezemos pelo Papa Francisco - Not\u00edcias - Franciscanos","og_description":"Rezemor pelo Papa Francisco","og_url":"https:\/\/franciscanos.org.br\/noticias\/a-esperanca-nao-decepciona-rm-55-rezemos-pelo-papa-francisco.html","og_site_name":"Not\u00edcias - Franciscanos","article_published_time":"2025-02-19T18:49:25+00:00","article_modified_time":"2025-02-19T20:13:32+00:00","og_image":[{"width":800,"height":550,"url":"https:\/\/franciscanos.org.br\/noticias\/wp-content\/uploads\/2025\/02\/Papa-800.jpg","type":"image\/jpeg"}],"author":"Adriana Rabelo","twitter_card":"summary_large_image","twitter_misc":{"Escrito por":"Adriana Rabelo","Est. tempo de leitura":"4 minutos"},"schema":{"@context":"https:\/\/schema.org","@graph":[{"@type":"WebSite","@id":"https:\/\/franciscanos.org.br\/noticias\/#website","url":"https:\/\/franciscanos.org.br\/noticias\/","name":"Not\u00edcias - Franciscanos","description":"Prov\u00edncia Franciscana da Imaculada Concei\u00e7\u00e3o do Brasil - Ordem dos Frades Menores - OFM","potentialAction":[{"@type":"SearchAction","target":{"@type":"EntryPoint","urlTemplate":"https:\/\/franciscanos.org.br\/noticias\/?s={search_term_string}"},"query-input":"required name=search_term_string"}],"inLanguage":"pt-BR"},{"@type":"ImageObject","inLanguage":"pt-BR","@id":"https:\/\/franciscanos.org.br\/noticias\/a-esperanca-nao-decepciona-rm-55-rezemos-pelo-papa-francisco.html#primaryimage","url":"https:\/\/franciscanos.org.br\/noticias\/wp-content\/uploads\/2025\/02\/Papa-800.jpg","contentUrl":"https:\/\/franciscanos.org.br\/noticias\/wp-content\/uploads\/2025\/02\/Papa-800.jpg","width":800,"height":550},{"@type":"WebPage","@id":"https:\/\/franciscanos.org.br\/noticias\/a-esperanca-nao-decepciona-rm-55-rezemos-pelo-papa-francisco.html#webpage","url":"https:\/\/franciscanos.org.br\/noticias\/a-esperanca-nao-decepciona-rm-55-rezemos-pelo-papa-francisco.html","name":"\u201cA esperan\u00e7a n\u00e3o decepciona\u201d: Rezemos pelo Papa Francisco - Not\u00edcias - Franciscanos","isPartOf":{"@id":"https:\/\/franciscanos.org.br\/noticias\/#website"},"primaryImageOfPage":{"@id":"https:\/\/franciscanos.org.br\/noticias\/a-esperanca-nao-decepciona-rm-55-rezemos-pelo-papa-francisco.html#primaryimage"},"datePublished":"2025-02-19T18:49:25+00:00","dateModified":"2025-02-19T20:13:32+00:00","author":{"@id":"https:\/\/franciscanos.org.br\/noticias\/#\/schema\/person\/d9422e83121c3ad3b0f423d195f5bb25"},"breadcrumb":{"@id":"https:\/\/franciscanos.org.br\/noticias\/a-esperanca-nao-decepciona-rm-55-rezemos-pelo-papa-francisco.html#breadcrumb"},"inLanguage":"pt-BR","potentialAction":[{"@type":"ReadAction","target":["https:\/\/franciscanos.org.br\/noticias\/a-esperanca-nao-decepciona-rm-55-rezemos-pelo-papa-francisco.html"]}]},{"@type":"BreadcrumbList","@id":"https:\/\/franciscanos.org.br\/noticias\/a-esperanca-nao-decepciona-rm-55-rezemos-pelo-papa-francisco.html#breadcrumb","itemListElement":[{"@type":"ListItem","position":1,"name":"Home","item":"https:\/\/franciscanos.org.br\/noticias"},{"@type":"ListItem","position":2,"name":"\u201cA esperan\u00e7a n\u00e3o decepciona\u201d: Rezemos pelo Papa Francisco"}]},{"@type":"Person","@id":"https:\/\/franciscanos.org.br\/noticias\/#\/schema\/person\/d9422e83121c3ad3b0f423d195f5bb25","name":"Adriana Rabelo","image":{"@type":"ImageObject","inLanguage":"pt-BR","@id":"https:\/\/franciscanos.org.br\/noticias\/#\/schema\/person\/image\/","url":"https:\/\/secure.gravatar.com\/avatar\/0a937b7500cd7df77540cfb8bede877d?s=96&d=mm&r=g","contentUrl":"https:\/\/secure.gravatar.com\/avatar\/0a937b7500cd7df77540cfb8bede877d?s=96&d=mm&r=g","caption":"Adriana Rabelo"},"url":"https:\/\/franciscanos.org.br\/noticias\/author\/adrianarabelo"}]}},"_links":{"self":[{"href":"https:\/\/franciscanos.org.br\/noticias\/wp-json\/wp\/v2\/posts\/254886"}],"collection":[{"href":"https:\/\/franciscanos.org.br\/noticias\/wp-json\/wp\/v2\/posts"}],"about":[{"href":"https:\/\/franciscanos.org.br\/noticias\/wp-json\/wp\/v2\/types\/post"}],"author":[{"embeddable":true,"href":"https:\/\/franciscanos.org.br\/noticias\/wp-json\/wp\/v2\/users\/11"}],"replies":[{"embeddable":true,"href":"https:\/\/franciscanos.org.br\/noticias\/wp-json\/wp\/v2\/comments?post=254886"}],"version-history":[{"count":8,"href":"https:\/\/franciscanos.org.br\/noticias\/wp-json\/wp\/v2\/posts\/254886\/revisions"}],"predecessor-version":[{"id":254900,"href":"https:\/\/franciscanos.org.br\/noticias\/wp-json\/wp\/v2\/posts\/254886\/revisions\/254900"}],"wp:featuredmedia":[{"embeddable":true,"href":"https:\/\/franciscanos.org.br\/noticias\/wp-json\/wp\/v2\/media\/254897"}],"wp:attachment":[{"href":"https:\/\/franciscanos.org.br\/noticias\/wp-json\/wp\/v2\/media?parent=254886"}],"wp:term":[{"taxonomy":"category","embeddable":true,"href":"https:\/\/franciscanos.org.br\/noticias\/wp-json\/wp\/v2\/categories?post=254886"},{"taxonomy":"post_tag","embeddable":true,"href":"https:\/\/franciscanos.org.br\/noticias\/wp-json\/wp\/v2\/tags?post=254886"}],"curies":[{"name":"wp","href":"https:\/\/api.w.org\/{rel}","templated":true}]}}