{"id":254878,"date":"2025-02-19T08:05:37","date_gmt":"2025-02-19T11:05:37","guid":{"rendered":"https:\/\/franciscanos.org.br\/noticias\/?p=254878"},"modified":"2025-02-19T10:42:34","modified_gmt":"2025-02-19T13:42:34","slug":"equipe-de-animacao-das-paroquias-se-reune-para-definir-atividades-do-trienio","status":"publish","type":"post","link":"https:\/\/franciscanos.org.br\/noticias\/equipe-de-animacao-das-paroquias-se-reune-para-definir-atividades-do-trienio.html","title":{"rendered":"Equipe de anima\u00e7\u00e3o das Par\u00f3quias se re\u00fane para definir atividades do tri\u00eanio"},"content":{"rendered":"<p><img loading=\"lazy\" class=\"aligncenter wp-image-254879 size-full\" src=\"https:\/\/franciscanos.org.br\/noticias\/wp-content\/uploads\/2025\/02\/materia-11.jpg\" alt=\"\" width=\"1280\" height=\"720\" srcset=\"https:\/\/franciscanos.org.br\/noticias\/wp-content\/uploads\/2025\/02\/materia-11.jpg 1280w, https:\/\/franciscanos.org.br\/noticias\/wp-content\/uploads\/2025\/02\/materia-11-450x253.jpg 450w, https:\/\/franciscanos.org.br\/noticias\/wp-content\/uploads\/2025\/02\/materia-11-1024x576.jpg 1024w, https:\/\/franciscanos.org.br\/noticias\/wp-content\/uploads\/2025\/02\/materia-11-768x432.jpg 768w, https:\/\/franciscanos.org.br\/noticias\/wp-content\/uploads\/2025\/02\/materia-11-150x84.jpg 150w\" sizes=\"(max-width: 1280px) 100vw, 1280px\" \/><\/p>\n<p>Nos dias 17 e 18 de fevereiro, na Sede Provincial, em S\u00e3o Paulo (SP), foi realizada a primeira reuni\u00e3o da Equipe de Anima\u00e7\u00e3o das Par\u00f3quias, ligada \u00e0 Frente de Evangeliza\u00e7\u00e3o das Par\u00f3quias, Santu\u00e1rios e Centros de Acolhimento. O encontro teve in\u00edcio com uma fala do Ministro provincial, Frei Paulo Roberto Pereira, que apresentou alguns pontos importantes para a caminhada da Prov\u00edncia nesta realidade evangelizadora.<\/p>\n<p>O Ministro provincial recordou que nossa miss\u00e3o \u00e9 alcan\u00e7ar todo o potencial de uma par\u00f3quia franciscana. Chamou a aten\u00e7\u00e3o para n\u00e3o cairmos no erro da \u201cautonomia que isola\u201d. Segundo Frei Paulo, o rem\u00e9dio para este erro \u00e9 um equil\u00edbrio entre as iniciativas pessoais que enriquecem e a partilha na evangeliza\u00e7\u00e3o que \u00e9 saud\u00e1vel para a institui\u00e7\u00e3o e para os frades em sua voca\u00e7\u00e3o religiosa. Destacou\u00a0 a import\u00e2ncia do di\u00e1logo entre os confrades, sem jamais esquecer que somos uma \u201cfraternidade evangelizadora\u201d. Pediu ainda que houvesse, da parte dos frades, um cuidado para n\u00e3o cair ou permanecer na chamada \u201cPastoral de Manuten\u00e7\u00e3o\u201d. Insistiu tamb\u00e9m que a sinodalidade n\u00e3o fosse deixada \u00e0 parte e que o protagonismo dos leigos deveria sempre acontecer.<\/p>\n<p>Ap\u00f3s a fala de Frei Paulo a equipe iniciou seus trabalhos levando em considera\u00e7\u00e3o, al\u00e9m dos apontamentos feitos por ele, o Plano Operacional para as Par\u00f3quias e os acordos, decis\u00f5es e indica\u00e7\u00f5es do Cap\u00edtulo Provincial 2024. A miss\u00e3o da equipe era articular e montar a agenda para a realiza\u00e7\u00e3o dos trabalhos desta Frente de Evangeliza\u00e7\u00e3o, bem como ajudar a todos os confrades a se programar e assumir uma caminhada de comunh\u00e3o e sinodalidade.<\/p>\n<p>De todos os pontos do planejamento 2025, alguns tiveram um maior destaque:<\/p>\n<ul>\n<li>A partilha e o estudo do Plano de Evangeliza\u00e7\u00e3o entre os confrades e com os leigos de nossas par\u00f3quias. A proposta ser\u00e1 a de revisitar este plano e lev\u00e1-lo para aqueles que est\u00e3o conosco no caminho evangelizador nas par\u00f3quias;<\/li>\n<li>As\u00a0 parcerias e articula\u00e7\u00f5es com outras Frentes, num caminho de partilha e m\u00fatua ajuda;<\/li>\n<li>Forma\u00e7\u00e3o e espiritualidade tamb\u00e9m apareceram entre os pontos elencados com uma certa urg\u00eancia. Levando em considera\u00e7\u00e3o os acordos, decis\u00f5es e indica\u00e7\u00f5es do Cap\u00edtulo Provincial, buscou-se inserir na agenda momentos de forma\u00e7\u00e3o e espiritualidade para os confrades e leigos atuantes em nossas par\u00f3quias.<\/li>\n<\/ul>\n<p>Depois de ter apreciado os textos e montado o planejamento e linha de a\u00e7\u00f5es, a equipe terminou a reuni\u00e3o na tarde do dia 18 de fevereiro, com a convic\u00e7\u00e3o de que, apesar das fadigas, esta frente tem muito a contribuir com a Igreja em seu caminho sinodal na miss\u00e3o evangelizadora.<\/p>\n<p>Pela equipe de anima\u00e7\u00e3o das Par\u00f3quias,<\/p>\n<hr \/>\n<p><em>Frei Junior Mendes<\/em><\/p>\n","protected":false},"excerpt":{"rendered":"<p>Frente de Evangeliza\u00e7\u00e3o<\/p>\n","protected":false},"author":11,"featured_media":254880,"comment_status":"open","ping_status":"open","sticky":false,"template":"","format":"standard","meta":[],"categories":[1],"tags":[2292,1572],"acf":[],"yoast_head":"<!-- This site is optimized with the Yoast SEO plugin v19.2 - https:\/\/yoast.com\/wordpress\/plugins\/seo\/ -->\n<title>Equipe de anima\u00e7\u00e3o das Par\u00f3quias se re\u00fane para definir atividades do tri\u00eanio - Not\u00edcias - Franciscanos<\/title>\n<meta name=\"robots\" content=\"index, follow, max-snippet:-1, max-image-preview:large, max-video-preview:-1\" \/>\n<link rel=\"canonical\" href=\"https:\/\/franciscanos.org.br\/noticias\/equipe-de-animacao-das-paroquias-se-reune-para-definir-atividades-do-trienio.html\" \/>\n<meta property=\"og:locale\" content=\"pt_BR\" \/>\n<meta property=\"og:type\" content=\"article\" \/>\n<meta property=\"og:title\" content=\"Equipe de anima\u00e7\u00e3o das Par\u00f3quias se re\u00fane para definir atividades do tri\u00eanio - Not\u00edcias - Franciscanos\" \/>\n<meta property=\"og:description\" content=\"Frente de Evangeliza\u00e7\u00e3o\" \/>\n<meta property=\"og:url\" content=\"https:\/\/franciscanos.org.br\/noticias\/equipe-de-animacao-das-paroquias-se-reune-para-definir-atividades-do-trienio.html\" \/>\n<meta property=\"og:site_name\" content=\"Not\u00edcias - Franciscanos\" \/>\n<meta property=\"article:published_time\" content=\"2025-02-19T11:05:37+00:00\" \/>\n<meta property=\"article:modified_time\" content=\"2025-02-19T13:42:34+00:00\" \/>\n<meta property=\"og:image\" content=\"https:\/\/franciscanos.org.br\/noticias\/wp-content\/uploads\/2025\/02\/chamada-12.jpg\" \/>\n\t<meta property=\"og:image:width\" content=\"800\" \/>\n\t<meta property=\"og:image:height\" content=\"550\" \/>\n\t<meta property=\"og:image:type\" content=\"image\/jpeg\" \/>\n<meta name=\"author\" content=\"Adriana Rabelo\" \/>\n<meta name=\"twitter:card\" content=\"summary_large_image\" \/>\n<meta name=\"twitter:label1\" content=\"Escrito por\" \/>\n\t<meta name=\"twitter:data1\" content=\"Adriana Rabelo\" \/>\n\t<meta name=\"twitter:label2\" content=\"Est. tempo de leitura\" \/>\n\t<meta name=\"twitter:data2\" content=\"3 minutos\" \/>\n<script type=\"application\/ld+json\" class=\"yoast-schema-graph\">{\"@context\":\"https:\/\/schema.org\",\"@graph\":[{\"@type\":\"WebSite\",\"@id\":\"https:\/\/franciscanos.org.br\/noticias\/#website\",\"url\":\"https:\/\/franciscanos.org.br\/noticias\/\",\"name\":\"Not\u00edcias - Franciscanos\",\"description\":\"Prov\u00edncia Franciscana da Imaculada Concei\u00e7\u00e3o do Brasil - Ordem dos Frades Menores - OFM\",\"potentialAction\":[{\"@type\":\"SearchAction\",\"target\":{\"@type\":\"EntryPoint\",\"urlTemplate\":\"https:\/\/franciscanos.org.br\/noticias\/?s={search_term_string}\"},\"query-input\":\"required name=search_term_string\"}],\"inLanguage\":\"pt-BR\"},{\"@type\":\"ImageObject\",\"inLanguage\":\"pt-BR\",\"@id\":\"https:\/\/franciscanos.org.br\/noticias\/equipe-de-animacao-das-paroquias-se-reune-para-definir-atividades-do-trienio.html#primaryimage\",\"url\":\"https:\/\/franciscanos.org.br\/noticias\/wp-content\/uploads\/2025\/02\/chamada-12.jpg\",\"contentUrl\":\"https:\/\/franciscanos.org.br\/noticias\/wp-content\/uploads\/2025\/02\/chamada-12.jpg\",\"width\":800,\"height\":550},{\"@type\":\"WebPage\",\"@id\":\"https:\/\/franciscanos.org.br\/noticias\/equipe-de-animacao-das-paroquias-se-reune-para-definir-atividades-do-trienio.html#webpage\",\"url\":\"https:\/\/franciscanos.org.br\/noticias\/equipe-de-animacao-das-paroquias-se-reune-para-definir-atividades-do-trienio.html\",\"name\":\"Equipe de anima\u00e7\u00e3o das Par\u00f3quias se re\u00fane para definir atividades do tri\u00eanio - Not\u00edcias - Franciscanos\",\"isPartOf\":{\"@id\":\"https:\/\/franciscanos.org.br\/noticias\/#website\"},\"primaryImageOfPage\":{\"@id\":\"https:\/\/franciscanos.org.br\/noticias\/equipe-de-animacao-das-paroquias-se-reune-para-definir-atividades-do-trienio.html#primaryimage\"},\"datePublished\":\"2025-02-19T11:05:37+00:00\",\"dateModified\":\"2025-02-19T13:42:34+00:00\",\"author\":{\"@id\":\"https:\/\/franciscanos.org.br\/noticias\/#\/schema\/person\/d9422e83121c3ad3b0f423d195f5bb25\"},\"breadcrumb\":{\"@id\":\"https:\/\/franciscanos.org.br\/noticias\/equipe-de-animacao-das-paroquias-se-reune-para-definir-atividades-do-trienio.html#breadcrumb\"},\"inLanguage\":\"pt-BR\",\"potentialAction\":[{\"@type\":\"ReadAction\",\"target\":[\"https:\/\/franciscanos.org.br\/noticias\/equipe-de-animacao-das-paroquias-se-reune-para-definir-atividades-do-trienio.html\"]}]},{\"@type\":\"BreadcrumbList\",\"@id\":\"https:\/\/franciscanos.org.br\/noticias\/equipe-de-animacao-das-paroquias-se-reune-para-definir-atividades-do-trienio.html#breadcrumb\",\"itemListElement\":[{\"@type\":\"ListItem\",\"position\":1,\"name\":\"Home\",\"item\":\"https:\/\/franciscanos.org.br\/noticias\"},{\"@type\":\"ListItem\",\"position\":2,\"name\":\"Equipe de anima\u00e7\u00e3o das Par\u00f3quias se re\u00fane para definir atividades do tri\u00eanio\"}]},{\"@type\":\"Person\",\"@id\":\"https:\/\/franciscanos.org.br\/noticias\/#\/schema\/person\/d9422e83121c3ad3b0f423d195f5bb25\",\"name\":\"Adriana Rabelo\",\"image\":{\"@type\":\"ImageObject\",\"inLanguage\":\"pt-BR\",\"@id\":\"https:\/\/franciscanos.org.br\/noticias\/#\/schema\/person\/image\/\",\"url\":\"https:\/\/secure.gravatar.com\/avatar\/0a937b7500cd7df77540cfb8bede877d?s=96&d=mm&r=g\",\"contentUrl\":\"https:\/\/secure.gravatar.com\/avatar\/0a937b7500cd7df77540cfb8bede877d?s=96&d=mm&r=g\",\"caption\":\"Adriana Rabelo\"},\"url\":\"https:\/\/franciscanos.org.br\/noticias\/author\/adrianarabelo\"}]}<\/script>\n<!-- \/ Yoast SEO plugin. -->","yoast_head_json":{"title":"Equipe de anima\u00e7\u00e3o das Par\u00f3quias se re\u00fane para definir atividades do tri\u00eanio - Not\u00edcias - Franciscanos","robots":{"index":"index","follow":"follow","max-snippet":"max-snippet:-1","max-image-preview":"max-image-preview:large","max-video-preview":"max-video-preview:-1"},"canonical":"https:\/\/franciscanos.org.br\/noticias\/equipe-de-animacao-das-paroquias-se-reune-para-definir-atividades-do-trienio.html","og_locale":"pt_BR","og_type":"article","og_title":"Equipe de anima\u00e7\u00e3o das Par\u00f3quias se re\u00fane para definir atividades do tri\u00eanio - Not\u00edcias - Franciscanos","og_description":"Frente de Evangeliza\u00e7\u00e3o","og_url":"https:\/\/franciscanos.org.br\/noticias\/equipe-de-animacao-das-paroquias-se-reune-para-definir-atividades-do-trienio.html","og_site_name":"Not\u00edcias - Franciscanos","article_published_time":"2025-02-19T11:05:37+00:00","article_modified_time":"2025-02-19T13:42:34+00:00","og_image":[{"width":800,"height":550,"url":"https:\/\/franciscanos.org.br\/noticias\/wp-content\/uploads\/2025\/02\/chamada-12.jpg","type":"image\/jpeg"}],"author":"Adriana Rabelo","twitter_card":"summary_large_image","twitter_misc":{"Escrito por":"Adriana Rabelo","Est. tempo de leitura":"3 minutos"},"schema":{"@context":"https:\/\/schema.org","@graph":[{"@type":"WebSite","@id":"https:\/\/franciscanos.org.br\/noticias\/#website","url":"https:\/\/franciscanos.org.br\/noticias\/","name":"Not\u00edcias - Franciscanos","description":"Prov\u00edncia Franciscana da Imaculada Concei\u00e7\u00e3o do Brasil - Ordem dos Frades Menores - OFM","potentialAction":[{"@type":"SearchAction","target":{"@type":"EntryPoint","urlTemplate":"https:\/\/franciscanos.org.br\/noticias\/?s={search_term_string}"},"query-input":"required name=search_term_string"}],"inLanguage":"pt-BR"},{"@type":"ImageObject","inLanguage":"pt-BR","@id":"https:\/\/franciscanos.org.br\/noticias\/equipe-de-animacao-das-paroquias-se-reune-para-definir-atividades-do-trienio.html#primaryimage","url":"https:\/\/franciscanos.org.br\/noticias\/wp-content\/uploads\/2025\/02\/chamada-12.jpg","contentUrl":"https:\/\/franciscanos.org.br\/noticias\/wp-content\/uploads\/2025\/02\/chamada-12.jpg","width":800,"height":550},{"@type":"WebPage","@id":"https:\/\/franciscanos.org.br\/noticias\/equipe-de-animacao-das-paroquias-se-reune-para-definir-atividades-do-trienio.html#webpage","url":"https:\/\/franciscanos.org.br\/noticias\/equipe-de-animacao-das-paroquias-se-reune-para-definir-atividades-do-trienio.html","name":"Equipe de anima\u00e7\u00e3o das Par\u00f3quias se re\u00fane para definir atividades do tri\u00eanio - Not\u00edcias - Franciscanos","isPartOf":{"@id":"https:\/\/franciscanos.org.br\/noticias\/#website"},"primaryImageOfPage":{"@id":"https:\/\/franciscanos.org.br\/noticias\/equipe-de-animacao-das-paroquias-se-reune-para-definir-atividades-do-trienio.html#primaryimage"},"datePublished":"2025-02-19T11:05:37+00:00","dateModified":"2025-02-19T13:42:34+00:00","author":{"@id":"https:\/\/franciscanos.org.br\/noticias\/#\/schema\/person\/d9422e83121c3ad3b0f423d195f5bb25"},"breadcrumb":{"@id":"https:\/\/franciscanos.org.br\/noticias\/equipe-de-animacao-das-paroquias-se-reune-para-definir-atividades-do-trienio.html#breadcrumb"},"inLanguage":"pt-BR","potentialAction":[{"@type":"ReadAction","target":["https:\/\/franciscanos.org.br\/noticias\/equipe-de-animacao-das-paroquias-se-reune-para-definir-atividades-do-trienio.html"]}]},{"@type":"BreadcrumbList","@id":"https:\/\/franciscanos.org.br\/noticias\/equipe-de-animacao-das-paroquias-se-reune-para-definir-atividades-do-trienio.html#breadcrumb","itemListElement":[{"@type":"ListItem","position":1,"name":"Home","item":"https:\/\/franciscanos.org.br\/noticias"},{"@type":"ListItem","position":2,"name":"Equipe de anima\u00e7\u00e3o das Par\u00f3quias se re\u00fane para definir atividades do tri\u00eanio"}]},{"@type":"Person","@id":"https:\/\/franciscanos.org.br\/noticias\/#\/schema\/person\/d9422e83121c3ad3b0f423d195f5bb25","name":"Adriana Rabelo","image":{"@type":"ImageObject","inLanguage":"pt-BR","@id":"https:\/\/franciscanos.org.br\/noticias\/#\/schema\/person\/image\/","url":"https:\/\/secure.gravatar.com\/avatar\/0a937b7500cd7df77540cfb8bede877d?s=96&d=mm&r=g","contentUrl":"https:\/\/secure.gravatar.com\/avatar\/0a937b7500cd7df77540cfb8bede877d?s=96&d=mm&r=g","caption":"Adriana Rabelo"},"url":"https:\/\/franciscanos.org.br\/noticias\/author\/adrianarabelo"}]}},"_links":{"self":[{"href":"https:\/\/franciscanos.org.br\/noticias\/wp-json\/wp\/v2\/posts\/254878"}],"collection":[{"href":"https:\/\/franciscanos.org.br\/noticias\/wp-json\/wp\/v2\/posts"}],"about":[{"href":"https:\/\/franciscanos.org.br\/noticias\/wp-json\/wp\/v2\/types\/post"}],"author":[{"embeddable":true,"href":"https:\/\/franciscanos.org.br\/noticias\/wp-json\/wp\/v2\/users\/11"}],"replies":[{"embeddable":true,"href":"https:\/\/franciscanos.org.br\/noticias\/wp-json\/wp\/v2\/comments?post=254878"}],"version-history":[{"count":4,"href":"https:\/\/franciscanos.org.br\/noticias\/wp-json\/wp\/v2\/posts\/254878\/revisions"}],"predecessor-version":[{"id":254884,"href":"https:\/\/franciscanos.org.br\/noticias\/wp-json\/wp\/v2\/posts\/254878\/revisions\/254884"}],"wp:featuredmedia":[{"embeddable":true,"href":"https:\/\/franciscanos.org.br\/noticias\/wp-json\/wp\/v2\/media\/254880"}],"wp:attachment":[{"href":"https:\/\/franciscanos.org.br\/noticias\/wp-json\/wp\/v2\/media?parent=254878"}],"wp:term":[{"taxonomy":"category","embeddable":true,"href":"https:\/\/franciscanos.org.br\/noticias\/wp-json\/wp\/v2\/categories?post=254878"},{"taxonomy":"post_tag","embeddable":true,"href":"https:\/\/franciscanos.org.br\/noticias\/wp-json\/wp\/v2\/tags?post=254878"}],"curies":[{"name":"wp","href":"https:\/\/api.w.org\/{rel}","templated":true}]}}