{"id":254725,"date":"2025-02-12T08:29:01","date_gmt":"2025-02-12T11:29:01","guid":{"rendered":"https:\/\/franciscanos.org.br\/noticias\/?p=254725"},"modified":"2025-02-12T08:53:29","modified_gmt":"2025-02-12T11:53:29","slug":"assim-como-os-pastores-reconhecer-na-humildade-a-forca-do-menino-jesus","status":"publish","type":"post","link":"https:\/\/franciscanos.org.br\/noticias\/assim-como-os-pastores-reconhecer-na-humildade-a-forca-do-menino-jesus.html","title":{"rendered":"Assim como os pastores, reconhecer na humildade a for\u00e7a do Menino Jesus"},"content":{"rendered":"<div>\n<div class=\"article__embed article__embed--border embed_style\">\n<blockquote><p><img loading=\"lazy\" class=\"aligncenter wp-image-254726 size-full\" src=\"https:\/\/franciscanos.org.br\/noticias\/wp-content\/uploads\/2025\/02\/MATERIA-AUDIENCIA-GERAL-12.02.25.jpg\" alt=\"\" width=\"1280\" height=\"720\" srcset=\"https:\/\/franciscanos.org.br\/noticias\/wp-content\/uploads\/2025\/02\/MATERIA-AUDIENCIA-GERAL-12.02.25.jpg 1280w, https:\/\/franciscanos.org.br\/noticias\/wp-content\/uploads\/2025\/02\/MATERIA-AUDIENCIA-GERAL-12.02.25-450x253.jpg 450w, https:\/\/franciscanos.org.br\/noticias\/wp-content\/uploads\/2025\/02\/MATERIA-AUDIENCIA-GERAL-12.02.25-1024x576.jpg 1024w, https:\/\/franciscanos.org.br\/noticias\/wp-content\/uploads\/2025\/02\/MATERIA-AUDIENCIA-GERAL-12.02.25-768x432.jpg 768w, https:\/\/franciscanos.org.br\/noticias\/wp-content\/uploads\/2025\/02\/MATERIA-AUDIENCIA-GERAL-12.02.25-150x84.jpg 150w\" sizes=\"(max-width: 1280px) 100vw, 1280px\" \/><\/p><\/blockquote>\n<\/div>\n<\/div>\n<p>\u201cCaros irm\u00e3os e irm\u00e3s, bom dia!\u00a0No nosso percurso jubilar de catequeses sobre Jesus, que \u00e9 a nossa esperan\u00e7a, hoje nos detemos no evento do seu nascimento em Bel\u00e9m. Agora tomo a liberdade de pedir ao sacerdote, ao leitor, que continue lendo, porque eu, com a minha bronquite, ainda n\u00e3o posso. Espero que da pr\u00f3xima vez eu possa.\u201d<\/p>\n<p>Assim o Papa Francisco compartilhou a sua impossibilidade de ler a catequese durante a Audi\u00eancia Geral desta quarta-feira (12\/02) na Sala Paulo VI, j\u00e1 que ainda se recupera de uma bronquite. O texto, que deu continuidade \u00e0 reflex\u00e3o sobre &#8220;Jesus Cristo, nossa esperan\u00e7a&#8221;, foi lido ent\u00e3o pelo Pe. Pierluigi Giroli, funcion\u00e1rio da Secretaria de Estado, e dedicado ao nascimento de Jesus e \u00e0 visita que os pastores lhe fizeram.<\/p>\n<p><strong>Deus n\u00e3o se manifesta no clamor, mas na humildade<\/strong><\/p>\n<p>O Filho de Deus entra na hist\u00f3ria sujeito a in\u00fameros contratempos, tal como n\u00f3s. Por causa de um recenseamento, estando ainda no ventre da Virgem Maria, teve de viajar de Nazar\u00e9 a Bel\u00e9m. Assim, explicam as palavras do Papa, &#8220;o t\u00e3o esperado Messias, o Filho do Deus Alt\u00edssimo, deixa-se recensear, isto \u00e9, contar e registrar, como qualquer outro cidad\u00e3o&#8221;. E em Bel\u00e9m se completam os dias do parto para Maria, onde nasce Jesus.<\/p>\n<p>Mas, por n\u00e3o haver lugar para Ele na hospedaria, nasceu num est\u00e1bulo e foi deitado numa manjedoura.\u00a0&#8220;O Filho de Deus n\u00e3o nasce num pal\u00e1cio real, mas nos fundos de uma casa, no espa\u00e7o onde est\u00e3o os animais&#8221;, comentou Francisco no texto. O evangelista Lucas mostra, assim, &#8220;<i>que Deus n\u00e3o vem ao mundo com grandes proclama\u00e7\u00f5es, n\u00e3o se manifesta em clamor, mas inicia o seu caminho na humildad<\/i>e&#8221;.<\/p>\n<p><img loading=\"lazy\" class=\"size-medium wp-image-254727 alignright\" src=\"https:\/\/franciscanos.org.br\/noticias\/wp-content\/uploads\/2025\/02\/AUDIENCIA-GERAL-2-12.02.25-450x253.jpeg\" alt=\"\" width=\"450\" height=\"253\" srcset=\"https:\/\/franciscanos.org.br\/noticias\/wp-content\/uploads\/2025\/02\/AUDIENCIA-GERAL-2-12.02.25-450x253.jpeg 450w, https:\/\/franciscanos.org.br\/noticias\/wp-content\/uploads\/2025\/02\/AUDIENCIA-GERAL-2-12.02.25-150x84.jpeg 150w, https:\/\/franciscanos.org.br\/noticias\/wp-content\/uploads\/2025\/02\/AUDIENCIA-GERAL-2-12.02.25.jpeg 750w\" sizes=\"(max-width: 450px) 100vw, 450px\" \/>Os primeiros a visit\u00e1-lo foram os pastores que, embora fossem homens de pouca cultura, &#8220;malcheirosos devido ao contato constante com os animais&#8221;, vivendo &#8220;\u00e0 margem da sociedade&#8221;, souberam acolher o an\u00fancio dos anjos e, por isso, testemunharam em primeira m\u00e3o a boa not\u00edcia do nascimento do Salvador, que veio para todos. Como eles fizeram, exortaram as palavras do Papa, identifiquemos na humildade e fragilidade de Jesus o poder de Deus que salva a humanidade:<\/p>\n<p><i>&#8220;Os pastores aprendem assim que num lugar muito humilde, reservado aos animais, nasce o Messias t\u00e3o esperado e nasce para eles, para ser o seu Salvador, o seu Pastor. Uma not\u00edcia que abre os seus cora\u00e7\u00f5es \u00e0 admira\u00e7\u00e3o, ao louvor e ao an\u00fancio alegre. &#8216;Ao contr\u00e1rio de tanta gente ocupada a fazer muitas outras coisas, os pastores tornam-se as primeiras testemunhas do essencial, isto \u00e9, da salva\u00e7\u00e3o que nos \u00e9 oferecida. S\u00e3o os mais humildes e os mais pobres que sabem acolher o acontecimento da Encarna\u00e7\u00e3o&#8217;. Irm\u00e3os e irm\u00e3s, pe\u00e7amos tamb\u00e9m a gra\u00e7a de sermos, como os pastores, capazes de nos maravilharmos e louvarmos diante de Deus, e capazes de salvaguardar aquilo que Ele nos confiou: os nossos talentos, os nossos carismas, a nossa voca\u00e7\u00e3o e as pessoas que Ele coloca ao nosso lado.&#8221;<\/i><\/p>\n<p>\u201cPe\u00e7amos ao Senhor que saibamos discernir na fraqueza a for\u00e7a extraordin\u00e1ria do Menino Deus, que vem renovar o mundo e transformar a nossa vida com o seu projeto cheio de esperan\u00e7a para toda a humanidade.\u201d<\/p>\n<hr \/>\n<p><em>Andressa Collet &#8211; Vatican News<\/em><\/p>\n","protected":false},"excerpt":{"rendered":"<p>Audi\u00eancia Geral<\/p>\n","protected":false},"author":11,"featured_media":254728,"comment_status":"open","ping_status":"open","sticky":false,"template":"","format":"standard","meta":[],"categories":[1,1428],"tags":[487,55],"acf":[],"yoast_head":"<!-- This site is optimized with the Yoast SEO plugin v19.2 - https:\/\/yoast.com\/wordpress\/plugins\/seo\/ -->\n<title>Assim como os pastores, reconhecer na humildade a for\u00e7a do Menino Jesus - Not\u00edcias - Franciscanos<\/title>\n<meta name=\"robots\" content=\"index, follow, max-snippet:-1, max-image-preview:large, max-video-preview:-1\" \/>\n<link rel=\"canonical\" href=\"https:\/\/franciscanos.org.br\/noticias\/assim-como-os-pastores-reconhecer-na-humildade-a-forca-do-menino-jesus.html\" \/>\n<meta property=\"og:locale\" content=\"pt_BR\" \/>\n<meta property=\"og:type\" content=\"article\" \/>\n<meta property=\"og:title\" content=\"Assim como os pastores, reconhecer na humildade a for\u00e7a do Menino Jesus - Not\u00edcias - Franciscanos\" \/>\n<meta property=\"og:description\" content=\"Audi\u00eancia Geral\" \/>\n<meta property=\"og:url\" content=\"https:\/\/franciscanos.org.br\/noticias\/assim-como-os-pastores-reconhecer-na-humildade-a-forca-do-menino-jesus.html\" \/>\n<meta property=\"og:site_name\" content=\"Not\u00edcias - Franciscanos\" \/>\n<meta property=\"article:published_time\" content=\"2025-02-12T11:29:01+00:00\" \/>\n<meta property=\"article:modified_time\" content=\"2025-02-12T11:53:29+00:00\" \/>\n<meta property=\"og:image\" content=\"https:\/\/franciscanos.org.br\/noticias\/wp-content\/uploads\/2025\/02\/CHAMADA-AUDIENCIA-GERAL-12.02.25.jpg\" \/>\n\t<meta property=\"og:image:width\" content=\"800\" \/>\n\t<meta property=\"og:image:height\" content=\"550\" \/>\n\t<meta property=\"og:image:type\" content=\"image\/jpeg\" \/>\n<meta name=\"author\" content=\"Adriana Rabelo\" \/>\n<meta name=\"twitter:card\" content=\"summary_large_image\" \/>\n<meta name=\"twitter:label1\" content=\"Escrito por\" \/>\n\t<meta name=\"twitter:data1\" content=\"Adriana Rabelo\" \/>\n\t<meta name=\"twitter:label2\" content=\"Est. tempo de leitura\" \/>\n\t<meta name=\"twitter:data2\" content=\"3 minutos\" \/>\n<script type=\"application\/ld+json\" class=\"yoast-schema-graph\">{\"@context\":\"https:\/\/schema.org\",\"@graph\":[{\"@type\":\"WebSite\",\"@id\":\"https:\/\/franciscanos.org.br\/noticias\/#website\",\"url\":\"https:\/\/franciscanos.org.br\/noticias\/\",\"name\":\"Not\u00edcias - Franciscanos\",\"description\":\"Prov\u00edncia Franciscana da Imaculada Concei\u00e7\u00e3o do Brasil - Ordem dos Frades Menores - OFM\",\"potentialAction\":[{\"@type\":\"SearchAction\",\"target\":{\"@type\":\"EntryPoint\",\"urlTemplate\":\"https:\/\/franciscanos.org.br\/noticias\/?s={search_term_string}\"},\"query-input\":\"required name=search_term_string\"}],\"inLanguage\":\"pt-BR\"},{\"@type\":\"ImageObject\",\"inLanguage\":\"pt-BR\",\"@id\":\"https:\/\/franciscanos.org.br\/noticias\/assim-como-os-pastores-reconhecer-na-humildade-a-forca-do-menino-jesus.html#primaryimage\",\"url\":\"https:\/\/franciscanos.org.br\/noticias\/wp-content\/uploads\/2025\/02\/CHAMADA-AUDIENCIA-GERAL-12.02.25.jpg\",\"contentUrl\":\"https:\/\/franciscanos.org.br\/noticias\/wp-content\/uploads\/2025\/02\/CHAMADA-AUDIENCIA-GERAL-12.02.25.jpg\",\"width\":800,\"height\":550},{\"@type\":\"WebPage\",\"@id\":\"https:\/\/franciscanos.org.br\/noticias\/assim-como-os-pastores-reconhecer-na-humildade-a-forca-do-menino-jesus.html#webpage\",\"url\":\"https:\/\/franciscanos.org.br\/noticias\/assim-como-os-pastores-reconhecer-na-humildade-a-forca-do-menino-jesus.html\",\"name\":\"Assim como os pastores, reconhecer na humildade a for\u00e7a do Menino Jesus - Not\u00edcias - Franciscanos\",\"isPartOf\":{\"@id\":\"https:\/\/franciscanos.org.br\/noticias\/#website\"},\"primaryImageOfPage\":{\"@id\":\"https:\/\/franciscanos.org.br\/noticias\/assim-como-os-pastores-reconhecer-na-humildade-a-forca-do-menino-jesus.html#primaryimage\"},\"datePublished\":\"2025-02-12T11:29:01+00:00\",\"dateModified\":\"2025-02-12T11:53:29+00:00\",\"author\":{\"@id\":\"https:\/\/franciscanos.org.br\/noticias\/#\/schema\/person\/d9422e83121c3ad3b0f423d195f5bb25\"},\"breadcrumb\":{\"@id\":\"https:\/\/franciscanos.org.br\/noticias\/assim-como-os-pastores-reconhecer-na-humildade-a-forca-do-menino-jesus.html#breadcrumb\"},\"inLanguage\":\"pt-BR\",\"potentialAction\":[{\"@type\":\"ReadAction\",\"target\":[\"https:\/\/franciscanos.org.br\/noticias\/assim-como-os-pastores-reconhecer-na-humildade-a-forca-do-menino-jesus.html\"]}]},{\"@type\":\"BreadcrumbList\",\"@id\":\"https:\/\/franciscanos.org.br\/noticias\/assim-como-os-pastores-reconhecer-na-humildade-a-forca-do-menino-jesus.html#breadcrumb\",\"itemListElement\":[{\"@type\":\"ListItem\",\"position\":1,\"name\":\"Home\",\"item\":\"https:\/\/franciscanos.org.br\/noticias\"},{\"@type\":\"ListItem\",\"position\":2,\"name\":\"Assim como os pastores, reconhecer na humildade a for\u00e7a do Menino Jesus\"}]},{\"@type\":\"Person\",\"@id\":\"https:\/\/franciscanos.org.br\/noticias\/#\/schema\/person\/d9422e83121c3ad3b0f423d195f5bb25\",\"name\":\"Adriana Rabelo\",\"image\":{\"@type\":\"ImageObject\",\"inLanguage\":\"pt-BR\",\"@id\":\"https:\/\/franciscanos.org.br\/noticias\/#\/schema\/person\/image\/\",\"url\":\"https:\/\/secure.gravatar.com\/avatar\/0a937b7500cd7df77540cfb8bede877d?s=96&d=mm&r=g\",\"contentUrl\":\"https:\/\/secure.gravatar.com\/avatar\/0a937b7500cd7df77540cfb8bede877d?s=96&d=mm&r=g\",\"caption\":\"Adriana Rabelo\"},\"url\":\"https:\/\/franciscanos.org.br\/noticias\/author\/adrianarabelo\"}]}<\/script>\n<!-- \/ Yoast SEO plugin. -->","yoast_head_json":{"title":"Assim como os pastores, reconhecer na humildade a for\u00e7a do Menino Jesus - Not\u00edcias - Franciscanos","robots":{"index":"index","follow":"follow","max-snippet":"max-snippet:-1","max-image-preview":"max-image-preview:large","max-video-preview":"max-video-preview:-1"},"canonical":"https:\/\/franciscanos.org.br\/noticias\/assim-como-os-pastores-reconhecer-na-humildade-a-forca-do-menino-jesus.html","og_locale":"pt_BR","og_type":"article","og_title":"Assim como os pastores, reconhecer na humildade a for\u00e7a do Menino Jesus - Not\u00edcias - Franciscanos","og_description":"Audi\u00eancia Geral","og_url":"https:\/\/franciscanos.org.br\/noticias\/assim-como-os-pastores-reconhecer-na-humildade-a-forca-do-menino-jesus.html","og_site_name":"Not\u00edcias - Franciscanos","article_published_time":"2025-02-12T11:29:01+00:00","article_modified_time":"2025-02-12T11:53:29+00:00","og_image":[{"width":800,"height":550,"url":"https:\/\/franciscanos.org.br\/noticias\/wp-content\/uploads\/2025\/02\/CHAMADA-AUDIENCIA-GERAL-12.02.25.jpg","type":"image\/jpeg"}],"author":"Adriana Rabelo","twitter_card":"summary_large_image","twitter_misc":{"Escrito por":"Adriana Rabelo","Est. tempo de leitura":"3 minutos"},"schema":{"@context":"https:\/\/schema.org","@graph":[{"@type":"WebSite","@id":"https:\/\/franciscanos.org.br\/noticias\/#website","url":"https:\/\/franciscanos.org.br\/noticias\/","name":"Not\u00edcias - Franciscanos","description":"Prov\u00edncia Franciscana da Imaculada Concei\u00e7\u00e3o do Brasil - Ordem dos Frades Menores - OFM","potentialAction":[{"@type":"SearchAction","target":{"@type":"EntryPoint","urlTemplate":"https:\/\/franciscanos.org.br\/noticias\/?s={search_term_string}"},"query-input":"required name=search_term_string"}],"inLanguage":"pt-BR"},{"@type":"ImageObject","inLanguage":"pt-BR","@id":"https:\/\/franciscanos.org.br\/noticias\/assim-como-os-pastores-reconhecer-na-humildade-a-forca-do-menino-jesus.html#primaryimage","url":"https:\/\/franciscanos.org.br\/noticias\/wp-content\/uploads\/2025\/02\/CHAMADA-AUDIENCIA-GERAL-12.02.25.jpg","contentUrl":"https:\/\/franciscanos.org.br\/noticias\/wp-content\/uploads\/2025\/02\/CHAMADA-AUDIENCIA-GERAL-12.02.25.jpg","width":800,"height":550},{"@type":"WebPage","@id":"https:\/\/franciscanos.org.br\/noticias\/assim-como-os-pastores-reconhecer-na-humildade-a-forca-do-menino-jesus.html#webpage","url":"https:\/\/franciscanos.org.br\/noticias\/assim-como-os-pastores-reconhecer-na-humildade-a-forca-do-menino-jesus.html","name":"Assim como os pastores, reconhecer na humildade a for\u00e7a do Menino Jesus - Not\u00edcias - Franciscanos","isPartOf":{"@id":"https:\/\/franciscanos.org.br\/noticias\/#website"},"primaryImageOfPage":{"@id":"https:\/\/franciscanos.org.br\/noticias\/assim-como-os-pastores-reconhecer-na-humildade-a-forca-do-menino-jesus.html#primaryimage"},"datePublished":"2025-02-12T11:29:01+00:00","dateModified":"2025-02-12T11:53:29+00:00","author":{"@id":"https:\/\/franciscanos.org.br\/noticias\/#\/schema\/person\/d9422e83121c3ad3b0f423d195f5bb25"},"breadcrumb":{"@id":"https:\/\/franciscanos.org.br\/noticias\/assim-como-os-pastores-reconhecer-na-humildade-a-forca-do-menino-jesus.html#breadcrumb"},"inLanguage":"pt-BR","potentialAction":[{"@type":"ReadAction","target":["https:\/\/franciscanos.org.br\/noticias\/assim-como-os-pastores-reconhecer-na-humildade-a-forca-do-menino-jesus.html"]}]},{"@type":"BreadcrumbList","@id":"https:\/\/franciscanos.org.br\/noticias\/assim-como-os-pastores-reconhecer-na-humildade-a-forca-do-menino-jesus.html#breadcrumb","itemListElement":[{"@type":"ListItem","position":1,"name":"Home","item":"https:\/\/franciscanos.org.br\/noticias"},{"@type":"ListItem","position":2,"name":"Assim como os pastores, reconhecer na humildade a for\u00e7a do Menino Jesus"}]},{"@type":"Person","@id":"https:\/\/franciscanos.org.br\/noticias\/#\/schema\/person\/d9422e83121c3ad3b0f423d195f5bb25","name":"Adriana Rabelo","image":{"@type":"ImageObject","inLanguage":"pt-BR","@id":"https:\/\/franciscanos.org.br\/noticias\/#\/schema\/person\/image\/","url":"https:\/\/secure.gravatar.com\/avatar\/0a937b7500cd7df77540cfb8bede877d?s=96&d=mm&r=g","contentUrl":"https:\/\/secure.gravatar.com\/avatar\/0a937b7500cd7df77540cfb8bede877d?s=96&d=mm&r=g","caption":"Adriana Rabelo"},"url":"https:\/\/franciscanos.org.br\/noticias\/author\/adrianarabelo"}]}},"_links":{"self":[{"href":"https:\/\/franciscanos.org.br\/noticias\/wp-json\/wp\/v2\/posts\/254725"}],"collection":[{"href":"https:\/\/franciscanos.org.br\/noticias\/wp-json\/wp\/v2\/posts"}],"about":[{"href":"https:\/\/franciscanos.org.br\/noticias\/wp-json\/wp\/v2\/types\/post"}],"author":[{"embeddable":true,"href":"https:\/\/franciscanos.org.br\/noticias\/wp-json\/wp\/v2\/users\/11"}],"replies":[{"embeddable":true,"href":"https:\/\/franciscanos.org.br\/noticias\/wp-json\/wp\/v2\/comments?post=254725"}],"version-history":[{"count":2,"href":"https:\/\/franciscanos.org.br\/noticias\/wp-json\/wp\/v2\/posts\/254725\/revisions"}],"predecessor-version":[{"id":254730,"href":"https:\/\/franciscanos.org.br\/noticias\/wp-json\/wp\/v2\/posts\/254725\/revisions\/254730"}],"wp:featuredmedia":[{"embeddable":true,"href":"https:\/\/franciscanos.org.br\/noticias\/wp-json\/wp\/v2\/media\/254728"}],"wp:attachment":[{"href":"https:\/\/franciscanos.org.br\/noticias\/wp-json\/wp\/v2\/media?parent=254725"}],"wp:term":[{"taxonomy":"category","embeddable":true,"href":"https:\/\/franciscanos.org.br\/noticias\/wp-json\/wp\/v2\/categories?post=254725"},{"taxonomy":"post_tag","embeddable":true,"href":"https:\/\/franciscanos.org.br\/noticias\/wp-json\/wp\/v2\/tags?post=254725"}],"curies":[{"name":"wp","href":"https:\/\/api.w.org\/{rel}","templated":true}]}}