{"id":254709,"date":"2025-02-07T16:12:10","date_gmt":"2025-02-07T19:12:10","guid":{"rendered":"https:\/\/franciscanos.org.br\/noticias\/?p=254709"},"modified":"2025-02-19T11:17:26","modified_gmt":"2025-02-19T14:17:26","slug":"usf-recebe-ministro-provincial-para-abertura-do-semestre-letivo","status":"publish","type":"post","link":"https:\/\/franciscanos.org.br\/noticias\/usf-recebe-ministro-provincial-para-abertura-do-semestre-letivo.html","title":{"rendered":"USF recebe Ministro provincial para abertura do semestre letivo"},"content":{"rendered":"<p><img loading=\"lazy\" class=\"aligncenter wp-image-254710 size-full\" src=\"https:\/\/franciscanos.org.br\/noticias\/wp-content\/uploads\/2025\/02\/materia-9.jpg\" alt=\"\" width=\"1280\" height=\"720\" srcset=\"https:\/\/franciscanos.org.br\/noticias\/wp-content\/uploads\/2025\/02\/materia-9.jpg 1280w, https:\/\/franciscanos.org.br\/noticias\/wp-content\/uploads\/2025\/02\/materia-9-450x253.jpg 450w, https:\/\/franciscanos.org.br\/noticias\/wp-content\/uploads\/2025\/02\/materia-9-1024x576.jpg 1024w, https:\/\/franciscanos.org.br\/noticias\/wp-content\/uploads\/2025\/02\/materia-9-768x432.jpg 768w, https:\/\/franciscanos.org.br\/noticias\/wp-content\/uploads\/2025\/02\/materia-9-150x84.jpg 150w\" sizes=\"(max-width: 1280px) 100vw, 1280px\" \/><\/p>\n<p>A Universidade S\u00e3o Francisco (USF) promoveu, de 3 a 7 de fevereiro, a Semana de Planejamento Pedag\u00f3gico e Forma\u00e7\u00e3o para o 1\u00ba semestre de 2025. O evento marcou o retorno dos docentes e, neste ano, tem como tema \u201cInovar e Cuidar: Educa\u00e7\u00e3o Transformadora com Inspira\u00e7\u00e3o Franciscana\u201d. Na noite de 6 de fevereiro, a Mantenedora e Reitoria deu as boas-vindas aos professores em uma cerim\u00f4nia no Anfiteatro do C\u00e2mpus Bragan\u00e7a Paulista. A abertura oficial contou com a presen\u00e7a do Ministro provincial da Prov\u00edncia Franciscana da Imaculada Concei\u00e7\u00e3o do Brasil e Chanceler da USF, Frei Paulo Roberto Pereira, OFM.<\/p>\n<p>O evento reuniu docentes, coordenadores e diretores de c\u00e2mpus, al\u00e9m da presen\u00e7a de lideran\u00e7as da institui\u00e7\u00e3o, como o Diretor-Presidente da CNSP-ASF, Frei Daniel Dellandrea, OFM, o Diretor-Vice-presidente, Frei Alvaci Mendes da Luz, OFM, o Reitor, Frei Gilberto Gon\u00e7alves Garcia, o Pr\u00f3-Reitor de Ensino, Pesquisa e Extens\u00e3o, professor Dilnei Lorenzi, e o Pr\u00f3-Reitor de Administra\u00e7\u00e3o e Planejamento, professor Adriel de Moura Cabral.<\/p>\n<p><img loading=\"lazy\" class=\"size-medium wp-image-254712 alignleft\" src=\"https:\/\/franciscanos.org.br\/noticias\/wp-content\/uploads\/2025\/02\/IMG_3724-450x338.jpeg\" alt=\"\" width=\"450\" height=\"338\" srcset=\"https:\/\/franciscanos.org.br\/noticias\/wp-content\/uploads\/2025\/02\/IMG_3724-450x338.jpeg 450w, https:\/\/franciscanos.org.br\/noticias\/wp-content\/uploads\/2025\/02\/IMG_3724-1024x768.jpeg 1024w, https:\/\/franciscanos.org.br\/noticias\/wp-content\/uploads\/2025\/02\/IMG_3724-768x576.jpeg 768w, https:\/\/franciscanos.org.br\/noticias\/wp-content\/uploads\/2025\/02\/IMG_3724-1536x1152.jpeg 1536w, https:\/\/franciscanos.org.br\/noticias\/wp-content\/uploads\/2025\/02\/IMG_3724-2048x1536.jpeg 2048w, https:\/\/franciscanos.org.br\/noticias\/wp-content\/uploads\/2025\/02\/IMG_3724-150x113.jpeg 150w, https:\/\/franciscanos.org.br\/noticias\/wp-content\/uploads\/2025\/02\/IMG_3724-600x450.jpeg 600w, https:\/\/franciscanos.org.br\/noticias\/wp-content\/uploads\/2025\/02\/IMG_3724-scaled.jpeg 1440w\" sizes=\"(max-width: 450px) 100vw, 450px\" \/>Em sua palestra, o Ministro provincial e Chanceler da USF destacou que, em 2025, celebramos os 10 anos da carta enc\u00edclica Laudato Si\u2019, publicada em 2015 pelo Papa Francisco. Considerada um dos documentos mais importantes da Igreja Cat\u00f3lica sobre ecologia e cuidado com a Casa Comum, a enc\u00edclica aborda quest\u00f5es ambientais, sociais e econ\u00f4micas, alertando para a crise clim\u00e1tica, a degrada\u00e7\u00e3o ambiental e seus impactos sobre os mais vulner\u00e1veis. Frei Paulo ressaltou ainda como os princ\u00edpios da Laudato Si\u2019 dialogam com o cotidiano franciscano na Universidade. \u201cSe na nossa vida, na nossa atividade pedag\u00f3gica, formativa, educadora, se no nosso dia a dia franciscano aqui nessa entidade n\u00f3s n\u00e3o conseguirmos superar os conceitos do utilitarismo e da precifica\u00e7\u00e3o, estamos jogando p\u00e9rolas aos porcos. N\u00e3o valer\u00e1 a pena\u201d, concluiu.<\/p>\n<p><img loading=\"lazy\" class=\"size-medium wp-image-254713 alignright\" src=\"https:\/\/franciscanos.org.br\/noticias\/wp-content\/uploads\/2025\/02\/IMG_3708-450x338.jpeg\" alt=\"\" width=\"450\" height=\"338\" srcset=\"https:\/\/franciscanos.org.br\/noticias\/wp-content\/uploads\/2025\/02\/IMG_3708-450x338.jpeg 450w, https:\/\/franciscanos.org.br\/noticias\/wp-content\/uploads\/2025\/02\/IMG_3708-1024x768.jpeg 1024w, https:\/\/franciscanos.org.br\/noticias\/wp-content\/uploads\/2025\/02\/IMG_3708-768x576.jpeg 768w, https:\/\/franciscanos.org.br\/noticias\/wp-content\/uploads\/2025\/02\/IMG_3708-1536x1152.jpeg 1536w, https:\/\/franciscanos.org.br\/noticias\/wp-content\/uploads\/2025\/02\/IMG_3708-2048x1536.jpeg 2048w, https:\/\/franciscanos.org.br\/noticias\/wp-content\/uploads\/2025\/02\/IMG_3708-150x113.jpeg 150w, https:\/\/franciscanos.org.br\/noticias\/wp-content\/uploads\/2025\/02\/IMG_3708-600x450.jpeg 600w, https:\/\/franciscanos.org.br\/noticias\/wp-content\/uploads\/2025\/02\/IMG_3708-scaled.jpeg 1440w\" sizes=\"(max-width: 450px) 100vw, 450px\" \/>Para o Presidente da Mantenedora, semanas como essa s\u00e3o fundamentais para definir objetivos e a trajet\u00f3ria que ser\u00e1 desenvolvida ao longo do ano. \u201cEsta semana \u00e9 o momento de nos colocarmos novamente no caminho que desejamos trilhar, o caminho que a Institui\u00e7\u00e3o deseja e planeja com voc\u00eas. Os tr\u00eas eixos apresentados pelo pr\u00f3-reitor pedag\u00f3gico mostram a dire\u00e7\u00e3o que a Universidade quer seguir. Sabemos a import\u00e2ncia de que cada colaborador se sinta engajado nesse projeto. Por isso, colocamos nosso conhecimento e habilidades em profundo di\u00e1logo para o bem comum da Institui\u00e7\u00e3o. Esse \u00e9 um dos elementos da pedagogia franciscana: o di\u00e1logo aberto\u201d, afirmou Frei Daniel.<\/p>\n<p>Durante a abertura, o reitor da USF agradeceu o trabalho de todos ao longo do \u00faltimo ano e destacou a import\u00e2ncia de iniciar as celebra\u00e7\u00f5es dos 50 anos da Universidade. &#8220;Eu queria lembrar uma coisa muito importante: no final deste semestre, n\u00f3s vamos come\u00e7ar o ciclo de comemora\u00e7\u00e3o do jubileu da Universidade S\u00e3o Francisco, dos 50 anos da presen\u00e7a franciscana na nossa Universidade. As discuss\u00f5es come\u00e7am em 1975, e, efetivamente, os frades iniciam o trabalho em 1976. O importante \u00e9 que este \u00e9 um momento muito interessante para a nossa Universidade: a celebra\u00e7\u00e3o desse ciclo de 50 anos, considerando a presen\u00e7a dos frades na regi\u00e3o. Em fun\u00e7\u00e3o disso, eu queria, primeiramente, agradecer pelo ano de 2024. Foi um ano muito aben\u00e7oado para a Universidade, em termos de resultados, eventos, feitos e conquistas \u2014 talvez o maior ano da hist\u00f3ria desses 50 anos. Tudo isso, sem d\u00favida, se deve ao trabalho individual de cada um de voc\u00eas. Esse agradecimento \u00e9 uma forma de entregar aos 50 anos da Institui\u00e7\u00e3o o melhor momento dela. Celebraremos os pioneiros e os continuadores desse processo&#8221;, afirmou o Reitor.<\/p>\n<p><img loading=\"lazy\" class=\"wp-image-254714 size-medium alignright\" src=\"https:\/\/franciscanos.org.br\/noticias\/wp-content\/uploads\/2025\/02\/IMG_3672-450x338.jpeg\" alt=\"\" width=\"450\" height=\"338\" srcset=\"https:\/\/franciscanos.org.br\/noticias\/wp-content\/uploads\/2025\/02\/IMG_3672-450x338.jpeg 450w, https:\/\/franciscanos.org.br\/noticias\/wp-content\/uploads\/2025\/02\/IMG_3672-1024x768.jpeg 1024w, https:\/\/franciscanos.org.br\/noticias\/wp-content\/uploads\/2025\/02\/IMG_3672-768x576.jpeg 768w, https:\/\/franciscanos.org.br\/noticias\/wp-content\/uploads\/2025\/02\/IMG_3672-1536x1152.jpeg 1536w, https:\/\/franciscanos.org.br\/noticias\/wp-content\/uploads\/2025\/02\/IMG_3672-2048x1536.jpeg 2048w, https:\/\/franciscanos.org.br\/noticias\/wp-content\/uploads\/2025\/02\/IMG_3672-150x113.jpeg 150w, https:\/\/franciscanos.org.br\/noticias\/wp-content\/uploads\/2025\/02\/IMG_3672-600x450.jpeg 600w, https:\/\/franciscanos.org.br\/noticias\/wp-content\/uploads\/2025\/02\/IMG_3672-scaled.jpeg 1440w\" sizes=\"(max-width: 450px) 100vw, 450px\" \/>Na sequ\u00eancia, o Pr\u00f3-Reitor de Ensino, Pesquisa e Extens\u00e3o apresentou um panorama das atividades realizadas ao longo da semana de planejamento, que incluiu mais de 50 oficinas, processos de forma\u00e7\u00e3o e reuni\u00f5es de colegiado. A programa\u00e7\u00e3o foi estruturada em tr\u00eas eixos: processos acad\u00eamicos, Tecnologia da Informa\u00e7\u00e3o e Comunica\u00e7\u00e3o e Desenvolvimento Pessoal e Profissional. \u201cFoi uma semana intensa, com mais de 50 oficinas, processos de forma\u00e7\u00e3o, reuni\u00f5es de colegiado e n\u00facleo docente estruturante. \u00c9 um momento de mobiliza\u00e7\u00e3o acad\u00eamica, com o objetivo de receber bem nossos estudantes. Que cada um de n\u00f3s seja o rosto da Universidade e da inspira\u00e7\u00e3o franciscana. Ao entrar na sala de aula e encontrar nossos estudantes, lembrem-se: voc\u00eas s\u00e3o tamb\u00e9m o rosto da nossa Universidade. Esse esfor\u00e7o, toda essa mobiliza\u00e7\u00e3o, \u00e9 para que possamos acolher esses estudantes e ser sementes, luz na forma\u00e7\u00e3o desses sujeitos, com compromisso afetivo, social e de forma\u00e7\u00e3o. Que a Universidade possa cumprir o seu papel social\u201d, explicou o pr\u00f3-reitor.<\/p>\n<p>O Pr\u00f3-Reitor de Administra\u00e7\u00e3o e Planejamento comentou sobre os desafios de cada in\u00edcio de ano e a din\u00e2mica da Universidade, que sempre busca preservar um ambiente acolhedor para todos. \u201cVai ser um ano de desafios, mas isso faz parte da nossa trajet\u00f3ria. Alguns est\u00e3o come\u00e7ando, e outros j\u00e1 t\u00eam uma caminhada e sabem a din\u00e2mica da USF. E sabem que \u00e9 um ambiente acolhedor, apaixonante e estimulante. A gente aprende, a gente ensina e a gente compartilha. Queremos mais um ano assim, em que continuemos a ter um ambiente agrad\u00e1vel e acolhedor, porque isso tem sido o nosso diferencial\u201d, afirmou.<\/p>\n<hr \/>\n<p>Ana Paula Moreira- Assessoria de imprensa USF<\/p>\n","protected":false},"excerpt":{"rendered":"<p>Atividades letivas USF<\/p>\n","protected":false},"author":11,"featured_media":254711,"comment_status":"open","ping_status":"open","sticky":false,"template":"","format":"standard","meta":[],"categories":[1],"tags":[354],"acf":[],"yoast_head":"<!-- This site is optimized with the Yoast SEO plugin v19.2 - https:\/\/yoast.com\/wordpress\/plugins\/seo\/ -->\n<title>USF recebe Ministro provincial para abertura do semestre letivo - Not\u00edcias - Franciscanos<\/title>\n<meta name=\"robots\" content=\"index, follow, max-snippet:-1, max-image-preview:large, max-video-preview:-1\" \/>\n<link rel=\"canonical\" href=\"https:\/\/franciscanos.org.br\/noticias\/usf-recebe-ministro-provincial-para-abertura-do-semestre-letivo.html\" \/>\n<meta property=\"og:locale\" content=\"pt_BR\" \/>\n<meta property=\"og:type\" content=\"article\" \/>\n<meta property=\"og:title\" content=\"USF recebe Ministro provincial para abertura do semestre letivo - Not\u00edcias - Franciscanos\" \/>\n<meta property=\"og:description\" content=\"Atividades letivas USF\" \/>\n<meta property=\"og:url\" content=\"https:\/\/franciscanos.org.br\/noticias\/usf-recebe-ministro-provincial-para-abertura-do-semestre-letivo.html\" \/>\n<meta property=\"og:site_name\" content=\"Not\u00edcias - Franciscanos\" \/>\n<meta property=\"article:published_time\" content=\"2025-02-07T19:12:10+00:00\" \/>\n<meta property=\"article:modified_time\" content=\"2025-02-19T14:17:26+00:00\" \/>\n<meta property=\"og:image\" content=\"https:\/\/franciscanos.org.br\/noticias\/wp-content\/uploads\/2025\/02\/chamada-9.jpg\" \/>\n\t<meta property=\"og:image:width\" content=\"800\" \/>\n\t<meta property=\"og:image:height\" content=\"550\" \/>\n\t<meta property=\"og:image:type\" content=\"image\/jpeg\" \/>\n<meta name=\"author\" content=\"Adriana Rabelo\" \/>\n<meta name=\"twitter:card\" content=\"summary_large_image\" \/>\n<meta name=\"twitter:label1\" content=\"Escrito por\" \/>\n\t<meta name=\"twitter:data1\" content=\"Adriana Rabelo\" \/>\n\t<meta name=\"twitter:label2\" content=\"Est. tempo de leitura\" \/>\n\t<meta name=\"twitter:data2\" content=\"6 minutos\" \/>\n<script type=\"application\/ld+json\" class=\"yoast-schema-graph\">{\"@context\":\"https:\/\/schema.org\",\"@graph\":[{\"@type\":\"WebSite\",\"@id\":\"https:\/\/franciscanos.org.br\/noticias\/#website\",\"url\":\"https:\/\/franciscanos.org.br\/noticias\/\",\"name\":\"Not\u00edcias - Franciscanos\",\"description\":\"Prov\u00edncia Franciscana da Imaculada Concei\u00e7\u00e3o do Brasil - Ordem dos Frades Menores - OFM\",\"potentialAction\":[{\"@type\":\"SearchAction\",\"target\":{\"@type\":\"EntryPoint\",\"urlTemplate\":\"https:\/\/franciscanos.org.br\/noticias\/?s={search_term_string}\"},\"query-input\":\"required name=search_term_string\"}],\"inLanguage\":\"pt-BR\"},{\"@type\":\"ImageObject\",\"inLanguage\":\"pt-BR\",\"@id\":\"https:\/\/franciscanos.org.br\/noticias\/usf-recebe-ministro-provincial-para-abertura-do-semestre-letivo.html#primaryimage\",\"url\":\"https:\/\/franciscanos.org.br\/noticias\/wp-content\/uploads\/2025\/02\/chamada-9.jpg\",\"contentUrl\":\"https:\/\/franciscanos.org.br\/noticias\/wp-content\/uploads\/2025\/02\/chamada-9.jpg\",\"width\":800,\"height\":550},{\"@type\":\"WebPage\",\"@id\":\"https:\/\/franciscanos.org.br\/noticias\/usf-recebe-ministro-provincial-para-abertura-do-semestre-letivo.html#webpage\",\"url\":\"https:\/\/franciscanos.org.br\/noticias\/usf-recebe-ministro-provincial-para-abertura-do-semestre-letivo.html\",\"name\":\"USF recebe Ministro provincial para abertura do semestre letivo - Not\u00edcias - Franciscanos\",\"isPartOf\":{\"@id\":\"https:\/\/franciscanos.org.br\/noticias\/#website\"},\"primaryImageOfPage\":{\"@id\":\"https:\/\/franciscanos.org.br\/noticias\/usf-recebe-ministro-provincial-para-abertura-do-semestre-letivo.html#primaryimage\"},\"datePublished\":\"2025-02-07T19:12:10+00:00\",\"dateModified\":\"2025-02-19T14:17:26+00:00\",\"author\":{\"@id\":\"https:\/\/franciscanos.org.br\/noticias\/#\/schema\/person\/d9422e83121c3ad3b0f423d195f5bb25\"},\"breadcrumb\":{\"@id\":\"https:\/\/franciscanos.org.br\/noticias\/usf-recebe-ministro-provincial-para-abertura-do-semestre-letivo.html#breadcrumb\"},\"inLanguage\":\"pt-BR\",\"potentialAction\":[{\"@type\":\"ReadAction\",\"target\":[\"https:\/\/franciscanos.org.br\/noticias\/usf-recebe-ministro-provincial-para-abertura-do-semestre-letivo.html\"]}]},{\"@type\":\"BreadcrumbList\",\"@id\":\"https:\/\/franciscanos.org.br\/noticias\/usf-recebe-ministro-provincial-para-abertura-do-semestre-letivo.html#breadcrumb\",\"itemListElement\":[{\"@type\":\"ListItem\",\"position\":1,\"name\":\"Home\",\"item\":\"https:\/\/franciscanos.org.br\/noticias\"},{\"@type\":\"ListItem\",\"position\":2,\"name\":\"USF recebe Ministro provincial para abertura do semestre letivo\"}]},{\"@type\":\"Person\",\"@id\":\"https:\/\/franciscanos.org.br\/noticias\/#\/schema\/person\/d9422e83121c3ad3b0f423d195f5bb25\",\"name\":\"Adriana Rabelo\",\"image\":{\"@type\":\"ImageObject\",\"inLanguage\":\"pt-BR\",\"@id\":\"https:\/\/franciscanos.org.br\/noticias\/#\/schema\/person\/image\/\",\"url\":\"https:\/\/secure.gravatar.com\/avatar\/0a937b7500cd7df77540cfb8bede877d?s=96&d=mm&r=g\",\"contentUrl\":\"https:\/\/secure.gravatar.com\/avatar\/0a937b7500cd7df77540cfb8bede877d?s=96&d=mm&r=g\",\"caption\":\"Adriana Rabelo\"},\"url\":\"https:\/\/franciscanos.org.br\/noticias\/author\/adrianarabelo\"}]}<\/script>\n<!-- \/ Yoast SEO plugin. -->","yoast_head_json":{"title":"USF recebe Ministro provincial para abertura do semestre letivo - Not\u00edcias - Franciscanos","robots":{"index":"index","follow":"follow","max-snippet":"max-snippet:-1","max-image-preview":"max-image-preview:large","max-video-preview":"max-video-preview:-1"},"canonical":"https:\/\/franciscanos.org.br\/noticias\/usf-recebe-ministro-provincial-para-abertura-do-semestre-letivo.html","og_locale":"pt_BR","og_type":"article","og_title":"USF recebe Ministro provincial para abertura do semestre letivo - Not\u00edcias - Franciscanos","og_description":"Atividades letivas USF","og_url":"https:\/\/franciscanos.org.br\/noticias\/usf-recebe-ministro-provincial-para-abertura-do-semestre-letivo.html","og_site_name":"Not\u00edcias - Franciscanos","article_published_time":"2025-02-07T19:12:10+00:00","article_modified_time":"2025-02-19T14:17:26+00:00","og_image":[{"width":800,"height":550,"url":"https:\/\/franciscanos.org.br\/noticias\/wp-content\/uploads\/2025\/02\/chamada-9.jpg","type":"image\/jpeg"}],"author":"Adriana Rabelo","twitter_card":"summary_large_image","twitter_misc":{"Escrito por":"Adriana Rabelo","Est. tempo de leitura":"6 minutos"},"schema":{"@context":"https:\/\/schema.org","@graph":[{"@type":"WebSite","@id":"https:\/\/franciscanos.org.br\/noticias\/#website","url":"https:\/\/franciscanos.org.br\/noticias\/","name":"Not\u00edcias - Franciscanos","description":"Prov\u00edncia Franciscana da Imaculada Concei\u00e7\u00e3o do Brasil - Ordem dos Frades Menores - OFM","potentialAction":[{"@type":"SearchAction","target":{"@type":"EntryPoint","urlTemplate":"https:\/\/franciscanos.org.br\/noticias\/?s={search_term_string}"},"query-input":"required name=search_term_string"}],"inLanguage":"pt-BR"},{"@type":"ImageObject","inLanguage":"pt-BR","@id":"https:\/\/franciscanos.org.br\/noticias\/usf-recebe-ministro-provincial-para-abertura-do-semestre-letivo.html#primaryimage","url":"https:\/\/franciscanos.org.br\/noticias\/wp-content\/uploads\/2025\/02\/chamada-9.jpg","contentUrl":"https:\/\/franciscanos.org.br\/noticias\/wp-content\/uploads\/2025\/02\/chamada-9.jpg","width":800,"height":550},{"@type":"WebPage","@id":"https:\/\/franciscanos.org.br\/noticias\/usf-recebe-ministro-provincial-para-abertura-do-semestre-letivo.html#webpage","url":"https:\/\/franciscanos.org.br\/noticias\/usf-recebe-ministro-provincial-para-abertura-do-semestre-letivo.html","name":"USF recebe Ministro provincial para abertura do semestre letivo - Not\u00edcias - Franciscanos","isPartOf":{"@id":"https:\/\/franciscanos.org.br\/noticias\/#website"},"primaryImageOfPage":{"@id":"https:\/\/franciscanos.org.br\/noticias\/usf-recebe-ministro-provincial-para-abertura-do-semestre-letivo.html#primaryimage"},"datePublished":"2025-02-07T19:12:10+00:00","dateModified":"2025-02-19T14:17:26+00:00","author":{"@id":"https:\/\/franciscanos.org.br\/noticias\/#\/schema\/person\/d9422e83121c3ad3b0f423d195f5bb25"},"breadcrumb":{"@id":"https:\/\/franciscanos.org.br\/noticias\/usf-recebe-ministro-provincial-para-abertura-do-semestre-letivo.html#breadcrumb"},"inLanguage":"pt-BR","potentialAction":[{"@type":"ReadAction","target":["https:\/\/franciscanos.org.br\/noticias\/usf-recebe-ministro-provincial-para-abertura-do-semestre-letivo.html"]}]},{"@type":"BreadcrumbList","@id":"https:\/\/franciscanos.org.br\/noticias\/usf-recebe-ministro-provincial-para-abertura-do-semestre-letivo.html#breadcrumb","itemListElement":[{"@type":"ListItem","position":1,"name":"Home","item":"https:\/\/franciscanos.org.br\/noticias"},{"@type":"ListItem","position":2,"name":"USF recebe Ministro provincial para abertura do semestre letivo"}]},{"@type":"Person","@id":"https:\/\/franciscanos.org.br\/noticias\/#\/schema\/person\/d9422e83121c3ad3b0f423d195f5bb25","name":"Adriana Rabelo","image":{"@type":"ImageObject","inLanguage":"pt-BR","@id":"https:\/\/franciscanos.org.br\/noticias\/#\/schema\/person\/image\/","url":"https:\/\/secure.gravatar.com\/avatar\/0a937b7500cd7df77540cfb8bede877d?s=96&d=mm&r=g","contentUrl":"https:\/\/secure.gravatar.com\/avatar\/0a937b7500cd7df77540cfb8bede877d?s=96&d=mm&r=g","caption":"Adriana Rabelo"},"url":"https:\/\/franciscanos.org.br\/noticias\/author\/adrianarabelo"}]}},"_links":{"self":[{"href":"https:\/\/franciscanos.org.br\/noticias\/wp-json\/wp\/v2\/posts\/254709"}],"collection":[{"href":"https:\/\/franciscanos.org.br\/noticias\/wp-json\/wp\/v2\/posts"}],"about":[{"href":"https:\/\/franciscanos.org.br\/noticias\/wp-json\/wp\/v2\/types\/post"}],"author":[{"embeddable":true,"href":"https:\/\/franciscanos.org.br\/noticias\/wp-json\/wp\/v2\/users\/11"}],"replies":[{"embeddable":true,"href":"https:\/\/franciscanos.org.br\/noticias\/wp-json\/wp\/v2\/comments?post=254709"}],"version-history":[{"count":7,"href":"https:\/\/franciscanos.org.br\/noticias\/wp-json\/wp\/v2\/posts\/254709\/revisions"}],"predecessor-version":[{"id":254885,"href":"https:\/\/franciscanos.org.br\/noticias\/wp-json\/wp\/v2\/posts\/254709\/revisions\/254885"}],"wp:featuredmedia":[{"embeddable":true,"href":"https:\/\/franciscanos.org.br\/noticias\/wp-json\/wp\/v2\/media\/254711"}],"wp:attachment":[{"href":"https:\/\/franciscanos.org.br\/noticias\/wp-json\/wp\/v2\/media?parent=254709"}],"wp:term":[{"taxonomy":"category","embeddable":true,"href":"https:\/\/franciscanos.org.br\/noticias\/wp-json\/wp\/v2\/categories?post=254709"},{"taxonomy":"post_tag","embeddable":true,"href":"https:\/\/franciscanos.org.br\/noticias\/wp-json\/wp\/v2\/tags?post=254709"}],"curies":[{"name":"wp","href":"https:\/\/api.w.org\/{rel}","templated":true}]}}