{"id":254700,"date":"2025-02-10T15:31:27","date_gmt":"2025-02-10T18:31:27","guid":{"rendered":"https:\/\/franciscanos.org.br\/noticias\/?p=254700"},"modified":"2025-02-11T15:39:17","modified_gmt":"2025-02-11T18:39:17","slug":"fraternidade-sao-luis-gonzaga-realiza-novena-em-honra-a-frei-bruno","status":"publish","type":"post","link":"https:\/\/franciscanos.org.br\/noticias\/fraternidade-sao-luis-gonzaga-realiza-novena-em-honra-a-frei-bruno.html","title":{"rendered":"Par\u00f3quia S\u00e3o Luiz Gonzaga realiza novena em honra a Frei Bruno"},"content":{"rendered":"<p><img loading=\"lazy\" class=\"aligncenter wp-image-254701 size-full\" src=\"https:\/\/franciscanos.org.br\/noticias\/wp-content\/uploads\/2025\/02\/MATERIA-8.jpg\" alt=\"\" width=\"1280\" height=\"720\" srcset=\"https:\/\/franciscanos.org.br\/noticias\/wp-content\/uploads\/2025\/02\/MATERIA-8.jpg 1280w, https:\/\/franciscanos.org.br\/noticias\/wp-content\/uploads\/2025\/02\/MATERIA-8-450x253.jpg 450w, https:\/\/franciscanos.org.br\/noticias\/wp-content\/uploads\/2025\/02\/MATERIA-8-1024x576.jpg 1024w, https:\/\/franciscanos.org.br\/noticias\/wp-content\/uploads\/2025\/02\/MATERIA-8-768x432.jpg 768w, https:\/\/franciscanos.org.br\/noticias\/wp-content\/uploads\/2025\/02\/MATERIA-8-150x84.jpg 150w\" sizes=\"(max-width: 1280px) 100vw, 1280px\" \/><\/p>\n<p>Unidos pela f\u00e9, os fi\u00e9is da Par\u00f3quia S\u00e3o Luiz Gonzaga, em Xaxim (SC), est\u00e3o acompanhando, desde o \u00faltimo dia 7 de fevereiro, a novena preparat\u00f3ria para a festa de Frei Bruno Linden, que ser\u00e1 no dia 16 deste m\u00eas. Com o tema <strong>&#8220;Com Frei Bruno, peregrinos da Esperan\u00e7a&#8221;<\/strong>, inspirado pelo Ano Jubilar, os nove dias de ora\u00e7\u00e3o e reflex\u00f5es t\u00eam como objetivo ressaltar a vida desse Servo de Deus, que fez de sua exist\u00eancia uma constante peregrina\u00e7\u00e3o a servi\u00e7o do Senhor, propagando o Evangelho e o amor ao pr\u00f3ximo. <strong>Confira os temas e os dias da novena:<\/strong><\/p>\n<p><strong>1\u00ba Dia<\/strong> \u2013 07 de fevereiro: Com Frei Bruno, somos peregrinos da esperan\u00e7a<\/p>\n<p><strong>2\u00ba Dia<\/strong> \u2013 08 de fevereiro: Com Frei Bruno, a servi\u00e7o da evangeliza\u00e7\u00e3o<\/p>\n<p><strong>3\u00ba Dia<\/strong> \u2013 09 de fevereiro: Com Frei Bruno, na caridade est\u00e1 nossa esperan\u00e7a<\/p>\n<p><strong>4\u00ba Dia<\/strong> \u2013 10 de fevereiro: Com Frei Bruno, somos comunicadores da esperan\u00e7a<\/p>\n<p><strong>5\u00ba Dia<\/strong> \u2013 11 de fevereiro: Com Frei Bruno, rezamos pela educa\u00e7\u00e3o (com b\u00ean\u00e7\u00e3o das mochilas e estudantes)<\/p>\n<p><strong>6\u00ba Dia<\/strong> \u2013 12 de fevereiro: Com Frei Bruno, rezamos pelas voca\u00e7\u00f5es<\/p>\n<p><strong>7\u00ba Di<\/strong>a \u2013 13 de fevereiro: Com Frei Bruno, somos o cuidado com a Casa Comum<\/p>\n<p><strong>8\u00ba Dia<\/strong> \u2013 14 de fevereiro: Com Frei Bruno, somos esperan\u00e7a aos que sofrem. (b\u00ean\u00e7\u00e3o aos enfermos- un\u00e7\u00e3o)<\/p>\n<p><strong>9\u00ba Dia<\/strong> \u2013 15 de fevereiro: Com Frei Bruno, somos peregrinos da Paz e do Bem<\/p>\n<p>No domingo, <strong>16 de fevereiro<\/strong>, \u00e0s 10h, ser\u00e1 realizada a <strong>Santa Missa festiva em honra a Frei Bruno<\/strong>, na Igreja Matriz da Par\u00f3quia de S\u00e3o Lu\u00eds Gonzaga.<\/p>\n<p>Todos os momentos est\u00e3o sendo transmitidos pelas redes sociais da par\u00f3quia (Facebook e YouTube).<\/p>\n<p>Nesta edi\u00e7\u00e3o da 13\u00aa Festa em honra a Frei Bruno, est\u00e1 sendo desenvolvida uma a\u00e7\u00e3o solid\u00e1ria em prol do restauro da Igreja Matriz.<\/p>\n<p><strong>Quem \u00e9 o Servo de Deus peregrino?<\/strong><\/p>\n<p>De origem alem\u00e3, Frei Bruno nasceu no dia 8 de setembro de 1876, \u00a0em Duesseldorf. Com quase 18 anos, ingressou no Noviciado dos Franciscanos da Sax\u00f4nia, em Harreveld, na Holanda, tomando o h\u00e1bito em 13 de maio de 1894. Ainda no in\u00edcio de sua caminhada religiosa, foi destinado, juntamente com outros confrades, para a \u201cMiss\u00e3o Brasileira\u201d. O jovem frade chegou a Salvador em julho do mesmo ano, onde completou o Noviciado, estudou Filosofia e Teologia e fez a profiss\u00e3o solene em maio de 1898.<\/p>\n<p>Na virada do s\u00e9culo, foi enviado para Petr\u00f3polis (RJ), onde foi ordenado sacerdote em 1\u00ba de maio de 1901 e aprovado para a cura d\u2019almas no final do mesmo ano. Permaneceu no territ\u00f3rio carioca at\u00e9 1914. A partir da\u00ed, seguiu sua peregrina\u00e7\u00e3o, chegando a Santa Catarina, mais precisamente \u00e0 cidade de Gaspar. Depois, estabeleceu-se em Rodeio, onde permaneceu por quase 20 anos. L\u00e1, edificou sem cessar tanto o povo de fora quanto os religiosos de dentro com seu exemplo de aut\u00eantico frade menor e arauto de Cristo.<\/p>\n<p>Ap\u00f3s o Cap\u00edtulo Provincial de 1945, Frei Bruno foi enviado ao distrito de Esteves J\u00fanior, atualmente pertencente a Piritiba (SC). Contudo, permaneceu l\u00e1 por poucos meses, pois, no final do mesmo ano, foi designado superior e p\u00e1roco de Xaxim, onde exerceu a fun\u00e7\u00e3o de superior da casa e p\u00e1roco. No \u00faltimo ano de sua perman\u00eancia na fraternidade, em 1952, serviu como vig\u00e1rio paroquial.<\/p>\n<p>Aos 80 anos, com a sa\u00fade j\u00e1 bastante fragilizada, foi enviado, ap\u00f3s o Cap\u00edtulo Provincial, a Luzerna, tamb\u00e9m em Santa Catarina, para receber cuidados especiais. Em 2 de fevereiro de 1956, retornou a Joa\u00e7aba, onde viveu os \u00faltimos quatro anos de sua vida. No entanto, devido ao estado de sa\u00fade, sua rotina oscilava entre Luzerna e Joa\u00e7aba, at\u00e9 que, no dia 25 de fevereiro de 1960, foi ao encontro da irm\u00e3 morte.<\/p>\n<p>Conhecido por suas longas caminhadas para visitar o povo de Deus e levar o Evangelho aonde quer que fosse, Frei Bruno destacou-se por sua fidelidade \u00e0 Ordem dos Frades Menores e \u00e0 Igreja. Foi um verdadeiro peregrino da esperan\u00e7a, que compreendeu o sentido do caminhar e da pr\u00e1tica ativa de promover e levar dignidade ao povo de Deus. Caminhava incansavelmente, visitando fam\u00edlias, benzendo casas, regularizando uni\u00f5es, restaurando lares em desarmonia e amparando os doentes. Subindo e descendo morros, costumava caminhar em ziguezague para aliviar o cansa\u00e7o de seu velho cora\u00e7\u00e3o.<\/p>\n<p>Por meio de suas a\u00e7\u00f5es incans\u00e1veis, nas quais o Deus vivo se fazia presente na vida comunit\u00e1ria, Frei Bruno deixou um legado para aqueles que acreditam que a esperan\u00e7a \u00e9 ativa e deve ir ao encontro dos mais necessitados, famintos por aten\u00e7\u00e3o, aconselhamento e amor.<\/p>\n<p>Os fi\u00e9is de Santa Catarina e de outras regi\u00f5es do sul do Brasil, como o Paran\u00e1, acompanham, todos os anos, as festividades dedicadas ao frade em Xaxim e Joa\u00e7aba. E \u00e9 justamente essa f\u00e9 inabal\u00e1vel que tem impulsionado o processo de sua beatifica\u00e7\u00e3o. No entanto, para isso, h\u00e1 etapas a serem percorridas na Causa da Beatifica\u00e7\u00e3o do Servo de Deus Frei Bruno Linden. Todo o trabalho realizado junto \u00e0 Congrega\u00e7\u00e3o para a Causa dos Santos, em Roma, \u00e9 acompanhado pelo Postulador Geral da Ordem dos Frades Menores, Frei Giovan Giuseppe Califano. No Brasil, a responsabilidade pela coleta, organiza\u00e7\u00e3o e acompanhamento da documenta\u00e7\u00e3o e comprova\u00e7\u00f5es exigidas cabe ao vice-postulador da causa, Frei Alex Ciarnoski.<\/p>\n<p><a href=\"https:\/\/franciscanos.org.br\/quemsomos\/personagens\/frei-bruno-linden\/#gsc.tab=0\"><span style=\"color: #333399;\"><strong>Acesse e saiba mais sobre a hist\u00f3ria de Frei Bruno Linden<\/strong><\/span><\/a><\/p>\n<p><iframe loading=\"lazy\" title=\"Festa de Frei Bruno 2025\" width=\"500\" height=\"281\" src=\"https:\/\/www.youtube.com\/embed\/gwdkNFu-lX0?feature=oembed\" frameborder=\"0\" allow=\"accelerometer; autoplay; clipboard-write; encrypted-media; gyroscope; picture-in-picture; web-share\" referrerpolicy=\"strict-origin-when-cross-origin\" allowfullscreen><\/iframe><\/p>\n<hr \/>\n<p><em>Adriana Rabelo e Camila\u00a0 Mendo- Pascom Par\u00f3quia S\u00e3o Lu\u00eds Gonzaga<\/em><\/p>\n","protected":false},"excerpt":{"rendered":"<p>Novena de Frei Bruno<\/p>\n","protected":false},"author":11,"featured_media":254702,"comment_status":"open","ping_status":"open","sticky":false,"template":"","format":"standard","meta":[],"categories":[1],"tags":[2289,1589,2290],"acf":[],"yoast_head":"<!-- This site is optimized with the Yoast SEO plugin v19.2 - https:\/\/yoast.com\/wordpress\/plugins\/seo\/ -->\n<title>Par\u00f3quia S\u00e3o Luiz Gonzaga realiza novena em honra a Frei Bruno - Not\u00edcias - Franciscanos<\/title>\n<meta name=\"robots\" content=\"index, follow, max-snippet:-1, max-image-preview:large, max-video-preview:-1\" \/>\n<link rel=\"canonical\" href=\"https:\/\/franciscanos.org.br\/noticias\/fraternidade-sao-luis-gonzaga-realiza-novena-em-honra-a-frei-bruno.html\" \/>\n<meta property=\"og:locale\" content=\"pt_BR\" \/>\n<meta property=\"og:type\" content=\"article\" \/>\n<meta property=\"og:title\" content=\"Par\u00f3quia S\u00e3o Luiz Gonzaga realiza novena em honra a Frei Bruno - Not\u00edcias - Franciscanos\" \/>\n<meta property=\"og:description\" content=\"Novena de Frei Bruno\" \/>\n<meta property=\"og:url\" content=\"https:\/\/franciscanos.org.br\/noticias\/fraternidade-sao-luis-gonzaga-realiza-novena-em-honra-a-frei-bruno.html\" \/>\n<meta property=\"og:site_name\" content=\"Not\u00edcias - Franciscanos\" \/>\n<meta property=\"article:published_time\" content=\"2025-02-10T18:31:27+00:00\" \/>\n<meta property=\"article:modified_time\" content=\"2025-02-11T18:39:17+00:00\" \/>\n<meta property=\"og:image\" content=\"https:\/\/franciscanos.org.br\/noticias\/wp-content\/uploads\/2025\/02\/CHAMADA-8.jpg\" \/>\n\t<meta property=\"og:image:width\" content=\"800\" \/>\n\t<meta property=\"og:image:height\" content=\"550\" \/>\n\t<meta property=\"og:image:type\" content=\"image\/jpeg\" \/>\n<meta name=\"author\" content=\"Adriana Rabelo\" \/>\n<meta name=\"twitter:card\" content=\"summary_large_image\" \/>\n<meta name=\"twitter:label1\" content=\"Escrito por\" \/>\n\t<meta name=\"twitter:data1\" content=\"Adriana Rabelo\" \/>\n\t<meta name=\"twitter:label2\" content=\"Est. tempo de leitura\" \/>\n\t<meta name=\"twitter:data2\" content=\"5 minutos\" \/>\n<script type=\"application\/ld+json\" class=\"yoast-schema-graph\">{\"@context\":\"https:\/\/schema.org\",\"@graph\":[{\"@type\":\"WebSite\",\"@id\":\"https:\/\/franciscanos.org.br\/noticias\/#website\",\"url\":\"https:\/\/franciscanos.org.br\/noticias\/\",\"name\":\"Not\u00edcias - Franciscanos\",\"description\":\"Prov\u00edncia Franciscana da Imaculada Concei\u00e7\u00e3o do Brasil - Ordem dos Frades Menores - OFM\",\"potentialAction\":[{\"@type\":\"SearchAction\",\"target\":{\"@type\":\"EntryPoint\",\"urlTemplate\":\"https:\/\/franciscanos.org.br\/noticias\/?s={search_term_string}\"},\"query-input\":\"required name=search_term_string\"}],\"inLanguage\":\"pt-BR\"},{\"@type\":\"ImageObject\",\"inLanguage\":\"pt-BR\",\"@id\":\"https:\/\/franciscanos.org.br\/noticias\/fraternidade-sao-luis-gonzaga-realiza-novena-em-honra-a-frei-bruno.html#primaryimage\",\"url\":\"https:\/\/franciscanos.org.br\/noticias\/wp-content\/uploads\/2025\/02\/CHAMADA-8.jpg\",\"contentUrl\":\"https:\/\/franciscanos.org.br\/noticias\/wp-content\/uploads\/2025\/02\/CHAMADA-8.jpg\",\"width\":800,\"height\":550},{\"@type\":\"WebPage\",\"@id\":\"https:\/\/franciscanos.org.br\/noticias\/fraternidade-sao-luis-gonzaga-realiza-novena-em-honra-a-frei-bruno.html#webpage\",\"url\":\"https:\/\/franciscanos.org.br\/noticias\/fraternidade-sao-luis-gonzaga-realiza-novena-em-honra-a-frei-bruno.html\",\"name\":\"Par\u00f3quia S\u00e3o Luiz Gonzaga realiza novena em honra a Frei Bruno - Not\u00edcias - Franciscanos\",\"isPartOf\":{\"@id\":\"https:\/\/franciscanos.org.br\/noticias\/#website\"},\"primaryImageOfPage\":{\"@id\":\"https:\/\/franciscanos.org.br\/noticias\/fraternidade-sao-luis-gonzaga-realiza-novena-em-honra-a-frei-bruno.html#primaryimage\"},\"datePublished\":\"2025-02-10T18:31:27+00:00\",\"dateModified\":\"2025-02-11T18:39:17+00:00\",\"author\":{\"@id\":\"https:\/\/franciscanos.org.br\/noticias\/#\/schema\/person\/d9422e83121c3ad3b0f423d195f5bb25\"},\"breadcrumb\":{\"@id\":\"https:\/\/franciscanos.org.br\/noticias\/fraternidade-sao-luis-gonzaga-realiza-novena-em-honra-a-frei-bruno.html#breadcrumb\"},\"inLanguage\":\"pt-BR\",\"potentialAction\":[{\"@type\":\"ReadAction\",\"target\":[\"https:\/\/franciscanos.org.br\/noticias\/fraternidade-sao-luis-gonzaga-realiza-novena-em-honra-a-frei-bruno.html\"]}]},{\"@type\":\"BreadcrumbList\",\"@id\":\"https:\/\/franciscanos.org.br\/noticias\/fraternidade-sao-luis-gonzaga-realiza-novena-em-honra-a-frei-bruno.html#breadcrumb\",\"itemListElement\":[{\"@type\":\"ListItem\",\"position\":1,\"name\":\"Home\",\"item\":\"https:\/\/franciscanos.org.br\/noticias\"},{\"@type\":\"ListItem\",\"position\":2,\"name\":\"Par\u00f3quia S\u00e3o Luiz Gonzaga realiza novena em honra a Frei Bruno\"}]},{\"@type\":\"Person\",\"@id\":\"https:\/\/franciscanos.org.br\/noticias\/#\/schema\/person\/d9422e83121c3ad3b0f423d195f5bb25\",\"name\":\"Adriana Rabelo\",\"image\":{\"@type\":\"ImageObject\",\"inLanguage\":\"pt-BR\",\"@id\":\"https:\/\/franciscanos.org.br\/noticias\/#\/schema\/person\/image\/\",\"url\":\"https:\/\/secure.gravatar.com\/avatar\/0a937b7500cd7df77540cfb8bede877d?s=96&d=mm&r=g\",\"contentUrl\":\"https:\/\/secure.gravatar.com\/avatar\/0a937b7500cd7df77540cfb8bede877d?s=96&d=mm&r=g\",\"caption\":\"Adriana Rabelo\"},\"url\":\"https:\/\/franciscanos.org.br\/noticias\/author\/adrianarabelo\"}]}<\/script>\n<!-- \/ Yoast SEO plugin. -->","yoast_head_json":{"title":"Par\u00f3quia S\u00e3o Luiz Gonzaga realiza novena em honra a Frei Bruno - Not\u00edcias - Franciscanos","robots":{"index":"index","follow":"follow","max-snippet":"max-snippet:-1","max-image-preview":"max-image-preview:large","max-video-preview":"max-video-preview:-1"},"canonical":"https:\/\/franciscanos.org.br\/noticias\/fraternidade-sao-luis-gonzaga-realiza-novena-em-honra-a-frei-bruno.html","og_locale":"pt_BR","og_type":"article","og_title":"Par\u00f3quia S\u00e3o Luiz Gonzaga realiza novena em honra a Frei Bruno - Not\u00edcias - Franciscanos","og_description":"Novena de Frei Bruno","og_url":"https:\/\/franciscanos.org.br\/noticias\/fraternidade-sao-luis-gonzaga-realiza-novena-em-honra-a-frei-bruno.html","og_site_name":"Not\u00edcias - Franciscanos","article_published_time":"2025-02-10T18:31:27+00:00","article_modified_time":"2025-02-11T18:39:17+00:00","og_image":[{"width":800,"height":550,"url":"https:\/\/franciscanos.org.br\/noticias\/wp-content\/uploads\/2025\/02\/CHAMADA-8.jpg","type":"image\/jpeg"}],"author":"Adriana Rabelo","twitter_card":"summary_large_image","twitter_misc":{"Escrito por":"Adriana Rabelo","Est. tempo de leitura":"5 minutos"},"schema":{"@context":"https:\/\/schema.org","@graph":[{"@type":"WebSite","@id":"https:\/\/franciscanos.org.br\/noticias\/#website","url":"https:\/\/franciscanos.org.br\/noticias\/","name":"Not\u00edcias - Franciscanos","description":"Prov\u00edncia Franciscana da Imaculada Concei\u00e7\u00e3o do Brasil - Ordem dos Frades Menores - OFM","potentialAction":[{"@type":"SearchAction","target":{"@type":"EntryPoint","urlTemplate":"https:\/\/franciscanos.org.br\/noticias\/?s={search_term_string}"},"query-input":"required name=search_term_string"}],"inLanguage":"pt-BR"},{"@type":"ImageObject","inLanguage":"pt-BR","@id":"https:\/\/franciscanos.org.br\/noticias\/fraternidade-sao-luis-gonzaga-realiza-novena-em-honra-a-frei-bruno.html#primaryimage","url":"https:\/\/franciscanos.org.br\/noticias\/wp-content\/uploads\/2025\/02\/CHAMADA-8.jpg","contentUrl":"https:\/\/franciscanos.org.br\/noticias\/wp-content\/uploads\/2025\/02\/CHAMADA-8.jpg","width":800,"height":550},{"@type":"WebPage","@id":"https:\/\/franciscanos.org.br\/noticias\/fraternidade-sao-luis-gonzaga-realiza-novena-em-honra-a-frei-bruno.html#webpage","url":"https:\/\/franciscanos.org.br\/noticias\/fraternidade-sao-luis-gonzaga-realiza-novena-em-honra-a-frei-bruno.html","name":"Par\u00f3quia S\u00e3o Luiz Gonzaga realiza novena em honra a Frei Bruno - Not\u00edcias - Franciscanos","isPartOf":{"@id":"https:\/\/franciscanos.org.br\/noticias\/#website"},"primaryImageOfPage":{"@id":"https:\/\/franciscanos.org.br\/noticias\/fraternidade-sao-luis-gonzaga-realiza-novena-em-honra-a-frei-bruno.html#primaryimage"},"datePublished":"2025-02-10T18:31:27+00:00","dateModified":"2025-02-11T18:39:17+00:00","author":{"@id":"https:\/\/franciscanos.org.br\/noticias\/#\/schema\/person\/d9422e83121c3ad3b0f423d195f5bb25"},"breadcrumb":{"@id":"https:\/\/franciscanos.org.br\/noticias\/fraternidade-sao-luis-gonzaga-realiza-novena-em-honra-a-frei-bruno.html#breadcrumb"},"inLanguage":"pt-BR","potentialAction":[{"@type":"ReadAction","target":["https:\/\/franciscanos.org.br\/noticias\/fraternidade-sao-luis-gonzaga-realiza-novena-em-honra-a-frei-bruno.html"]}]},{"@type":"BreadcrumbList","@id":"https:\/\/franciscanos.org.br\/noticias\/fraternidade-sao-luis-gonzaga-realiza-novena-em-honra-a-frei-bruno.html#breadcrumb","itemListElement":[{"@type":"ListItem","position":1,"name":"Home","item":"https:\/\/franciscanos.org.br\/noticias"},{"@type":"ListItem","position":2,"name":"Par\u00f3quia S\u00e3o Luiz Gonzaga realiza novena em honra a Frei Bruno"}]},{"@type":"Person","@id":"https:\/\/franciscanos.org.br\/noticias\/#\/schema\/person\/d9422e83121c3ad3b0f423d195f5bb25","name":"Adriana Rabelo","image":{"@type":"ImageObject","inLanguage":"pt-BR","@id":"https:\/\/franciscanos.org.br\/noticias\/#\/schema\/person\/image\/","url":"https:\/\/secure.gravatar.com\/avatar\/0a937b7500cd7df77540cfb8bede877d?s=96&d=mm&r=g","contentUrl":"https:\/\/secure.gravatar.com\/avatar\/0a937b7500cd7df77540cfb8bede877d?s=96&d=mm&r=g","caption":"Adriana Rabelo"},"url":"https:\/\/franciscanos.org.br\/noticias\/author\/adrianarabelo"}]}},"_links":{"self":[{"href":"https:\/\/franciscanos.org.br\/noticias\/wp-json\/wp\/v2\/posts\/254700"}],"collection":[{"href":"https:\/\/franciscanos.org.br\/noticias\/wp-json\/wp\/v2\/posts"}],"about":[{"href":"https:\/\/franciscanos.org.br\/noticias\/wp-json\/wp\/v2\/types\/post"}],"author":[{"embeddable":true,"href":"https:\/\/franciscanos.org.br\/noticias\/wp-json\/wp\/v2\/users\/11"}],"replies":[{"embeddable":true,"href":"https:\/\/franciscanos.org.br\/noticias\/wp-json\/wp\/v2\/comments?post=254700"}],"version-history":[{"count":8,"href":"https:\/\/franciscanos.org.br\/noticias\/wp-json\/wp\/v2\/posts\/254700\/revisions"}],"predecessor-version":[{"id":254724,"href":"https:\/\/franciscanos.org.br\/noticias\/wp-json\/wp\/v2\/posts\/254700\/revisions\/254724"}],"wp:featuredmedia":[{"embeddable":true,"href":"https:\/\/franciscanos.org.br\/noticias\/wp-json\/wp\/v2\/media\/254702"}],"wp:attachment":[{"href":"https:\/\/franciscanos.org.br\/noticias\/wp-json\/wp\/v2\/media?parent=254700"}],"wp:term":[{"taxonomy":"category","embeddable":true,"href":"https:\/\/franciscanos.org.br\/noticias\/wp-json\/wp\/v2\/categories?post=254700"},{"taxonomy":"post_tag","embeddable":true,"href":"https:\/\/franciscanos.org.br\/noticias\/wp-json\/wp\/v2\/tags?post=254700"}],"curies":[{"name":"wp","href":"https:\/\/api.w.org\/{rel}","templated":true}]}}