{"id":254647,"date":"2025-02-10T08:55:16","date_gmt":"2025-02-10T11:55:16","guid":{"rendered":"https:\/\/franciscanos.org.br\/noticias\/?p=254647"},"modified":"2025-03-10T16:25:18","modified_gmt":"2025-03-10T19:25:18","slug":"esperanca-e-renovacao-frei-felipe-carreta-e-ordenado-diacono-na-rocinha","status":"publish","type":"post","link":"https:\/\/franciscanos.org.br\/noticias\/esperanca-e-renovacao-frei-felipe-carreta-e-ordenado-diacono-na-rocinha.html","title":{"rendered":"Esperan\u00e7a e renova\u00e7\u00e3o: Frei Felipe Carretta \u00e9 ordenado di\u00e1cono na Rocinha"},"content":{"rendered":"<p><img loading=\"lazy\" class=\"aligncenter wp-image-254648 size-full\" src=\"https:\/\/franciscanos.org.br\/noticias\/wp-content\/uploads\/2025\/02\/MATERIA-6.jpg\" alt=\"\" width=\"1280\" height=\"720\" srcset=\"https:\/\/franciscanos.org.br\/noticias\/wp-content\/uploads\/2025\/02\/MATERIA-6.jpg 1280w, https:\/\/franciscanos.org.br\/noticias\/wp-content\/uploads\/2025\/02\/MATERIA-6-450x253.jpg 450w, https:\/\/franciscanos.org.br\/noticias\/wp-content\/uploads\/2025\/02\/MATERIA-6-1024x576.jpg 1024w, https:\/\/franciscanos.org.br\/noticias\/wp-content\/uploads\/2025\/02\/MATERIA-6-768x432.jpg 768w, https:\/\/franciscanos.org.br\/noticias\/wp-content\/uploads\/2025\/02\/MATERIA-6-150x84.jpg 150w\" sizes=\"(max-width: 1280px) 100vw, 1280px\" \/><\/p>\n<p>Em uma manh\u00e3 radiante de um dia de s\u00e1bado (8\/02), os frades e fi\u00e9is se reuniram na Par\u00f3quia Nossa Senhora da Boa Viagem, na Rocinha (RJ), para testemunhar um dos momentos mais emocionantes e significativos para toda a Arquidiocese de S\u00e3o Sebasti\u00e3o do Rio de Janeiro: a primeira Ordena\u00e7\u00e3o Diaconal da Par\u00f3quia dos franciscanos da Rocinha! Frei Felipe Medeiros Carretta, frade da Prov\u00edncia Franciscana da Imaculada Concei\u00e7\u00e3o do Brasil, recebeu os dons do Esp\u00edrito Santo para iniciar o minist\u00e9rio diaconal &#8211; um chamado que ecoa o lema \u201cN\u00e3o tenhas medo! De hoje em diante, tu ser\u00e1s pescador de homens\u201d (Lc 5,10b).<\/p>\n<p><img loading=\"lazy\" class=\"size-medium wp-image-254649 alignright\" src=\"https:\/\/franciscanos.org.br\/noticias\/wp-content\/uploads\/2025\/02\/IMG_4332-450x300.jpg\" alt=\"\" width=\"450\" height=\"300\" srcset=\"https:\/\/franciscanos.org.br\/noticias\/wp-content\/uploads\/2025\/02\/IMG_4332-450x300.jpg 450w, https:\/\/franciscanos.org.br\/noticias\/wp-content\/uploads\/2025\/02\/IMG_4332-1024x683.jpg 1024w, https:\/\/franciscanos.org.br\/noticias\/wp-content\/uploads\/2025\/02\/IMG_4332-768x512.jpg 768w, https:\/\/franciscanos.org.br\/noticias\/wp-content\/uploads\/2025\/02\/IMG_4332-1536x1024.jpg 1536w, https:\/\/franciscanos.org.br\/noticias\/wp-content\/uploads\/2025\/02\/IMG_4332-2048x1365.jpg 2048w, https:\/\/franciscanos.org.br\/noticias\/wp-content\/uploads\/2025\/02\/IMG_4332-150x100.jpg 150w, https:\/\/franciscanos.org.br\/noticias\/wp-content\/uploads\/2025\/02\/IMG_4332-scaled.jpg 1620w\" sizes=\"(max-width: 450px) 100vw, 450px\" \/><\/p>\n<p>Logo no in\u00edcio da Celebra\u00e7\u00e3o Eucar\u00edstica, Frei Je\u00e2 Paulo Andrade, do Servi\u00e7o de Anima\u00e7\u00e3o Vocacional (SAV), ressaltou a import\u00e2ncia deste minist\u00e9rio: \u201cO candidato ao Diaconato recebe, atrav\u00e9s da gra\u00e7a sacramental, os dons do Esp\u00edrito Santo, para servir a Deus e ao Seu povo na liturgia, na palavra e na caridade. Assim, cabe ao Di\u00e1cono tomar parte na celebra\u00e7\u00e3o dos divinos mist\u00e9rios, em especial na Sagrada Eucaristia, bem como em todos os outros sacramentos. Torna-se respons\u00e1vel pela proclama\u00e7\u00e3o e prega\u00e7\u00e3o do Evangelho, por presidir as ora\u00e7\u00f5es junto aos fi\u00e9is, batizar aqueles que queiram fazer parte da fam\u00edlia crist\u00e3, assistir aos matrim\u00f4nios concedendo-lhes a b\u00ean\u00e7\u00e3o em nome da Igreja, presidir funerais e orientar os fi\u00e9is. Dentre todos os of\u00edcios, destaca-se a miss\u00e3o de distribuir a b\u00ean\u00e7\u00e3o de Deus a todo o povo, tornando-se um sinal do amor e da miseric\u00f3rdia do Senhor\u201d.<\/p>\n\n\t\t<style type=\"text\/css\">\n\t\t\t#gallery-1 {\n\t\t\t\tmargin: auto;\n\t\t\t}\n\t\t\t#gallery-1 .gallery-item {\n\t\t\t\tfloat: left;\n\t\t\t\tmargin-top: 10px;\n\t\t\t\ttext-align: center;\n\t\t\t\twidth: 50%;\n\t\t\t}\n\t\t\t#gallery-1 img {\n\t\t\t\tborder: 2px solid #cfcfcf;\n\t\t\t}\n\t\t\t#gallery-1 .gallery-caption {\n\t\t\t\tmargin-left: 0;\n\t\t\t}\n\t\t\t\/* see gallery_shortcode() in wp-includes\/media.php *\/\n\t\t<\/style>\n\t\t<div id='gallery-1' class='gallery galleryid-254647 gallery-columns-2 gallery-size-large'><dl class='gallery-item'>\n\t\t\t<dt class='gallery-icon landscape'>\n\t\t\t\t<a href='https:\/\/franciscanos.org.br\/noticias\/wp-content\/uploads\/2025\/02\/IMG_4168-scaled.jpg'><img width=\"1024\" height=\"683\" src=\"https:\/\/franciscanos.org.br\/noticias\/wp-content\/uploads\/2025\/02\/IMG_4168-1024x683.jpg\" class=\"attachment-large size-large\" alt=\"\" loading=\"lazy\" srcset=\"https:\/\/franciscanos.org.br\/noticias\/wp-content\/uploads\/2025\/02\/IMG_4168-1024x683.jpg 1024w, https:\/\/franciscanos.org.br\/noticias\/wp-content\/uploads\/2025\/02\/IMG_4168-450x300.jpg 450w, https:\/\/franciscanos.org.br\/noticias\/wp-content\/uploads\/2025\/02\/IMG_4168-768x512.jpg 768w, https:\/\/franciscanos.org.br\/noticias\/wp-content\/uploads\/2025\/02\/IMG_4168-1536x1024.jpg 1536w, https:\/\/franciscanos.org.br\/noticias\/wp-content\/uploads\/2025\/02\/IMG_4168-2048x1365.jpg 2048w, https:\/\/franciscanos.org.br\/noticias\/wp-content\/uploads\/2025\/02\/IMG_4168-150x100.jpg 150w, https:\/\/franciscanos.org.br\/noticias\/wp-content\/uploads\/2025\/02\/IMG_4168-scaled.jpg 1620w\" sizes=\"(max-width: 1024px) 100vw, 1024px\" \/><\/a>\n\t\t\t<\/dt><\/dl><dl class='gallery-item'>\n\t\t\t<dt class='gallery-icon landscape'>\n\t\t\t\t<a href='https:\/\/franciscanos.org.br\/noticias\/wp-content\/uploads\/2025\/02\/IMG_4265-scaled.jpg'><img width=\"1024\" height=\"683\" src=\"https:\/\/franciscanos.org.br\/noticias\/wp-content\/uploads\/2025\/02\/IMG_4265-1024x683.jpg\" class=\"attachment-large size-large\" alt=\"\" loading=\"lazy\" srcset=\"https:\/\/franciscanos.org.br\/noticias\/wp-content\/uploads\/2025\/02\/IMG_4265-1024x683.jpg 1024w, https:\/\/franciscanos.org.br\/noticias\/wp-content\/uploads\/2025\/02\/IMG_4265-450x300.jpg 450w, https:\/\/franciscanos.org.br\/noticias\/wp-content\/uploads\/2025\/02\/IMG_4265-768x512.jpg 768w, https:\/\/franciscanos.org.br\/noticias\/wp-content\/uploads\/2025\/02\/IMG_4265-1536x1024.jpg 1536w, https:\/\/franciscanos.org.br\/noticias\/wp-content\/uploads\/2025\/02\/IMG_4265-2048x1365.jpg 2048w, https:\/\/franciscanos.org.br\/noticias\/wp-content\/uploads\/2025\/02\/IMG_4265-150x100.jpg 150w, https:\/\/franciscanos.org.br\/noticias\/wp-content\/uploads\/2025\/02\/IMG_4265-scaled.jpg 1620w\" sizes=\"(max-width: 1024px) 100vw, 1024px\" \/><\/a>\n\t\t\t<\/dt><\/dl><br style=\"clear: both\" \/>\n\t\t<\/div>\n\n<p>A solenidade, presidida pelo Cardeal do Rio de Janeiro, Dom Orani Jo\u00e3o Tempesta, contou com a presen\u00e7a do Ministro provincial, Frei Paulo Roberto Pereira, do Vig\u00e1rio provincial, Frei Gustavo Wayand Medella e do Definidor, Frei Gilberto da Silva. Uma caravana de frades, familiares e amigos, vindos inclusive de Vila Velha \u2013 terra natal do ordenando \u2013, refor\u00e7ou o clima de fraternidade e celebra\u00e7\u00e3o.<\/p>\n<p><img loading=\"lazy\" class=\"size-medium wp-image-254652 alignright\" src=\"https:\/\/franciscanos.org.br\/noticias\/wp-content\/uploads\/2025\/02\/IMG_4309-450x300.jpg\" alt=\"\" width=\"450\" height=\"300\" srcset=\"https:\/\/franciscanos.org.br\/noticias\/wp-content\/uploads\/2025\/02\/IMG_4309-450x300.jpg 450w, https:\/\/franciscanos.org.br\/noticias\/wp-content\/uploads\/2025\/02\/IMG_4309-1024x683.jpg 1024w, https:\/\/franciscanos.org.br\/noticias\/wp-content\/uploads\/2025\/02\/IMG_4309-768x512.jpg 768w, https:\/\/franciscanos.org.br\/noticias\/wp-content\/uploads\/2025\/02\/IMG_4309-1536x1024.jpg 1536w, https:\/\/franciscanos.org.br\/noticias\/wp-content\/uploads\/2025\/02\/IMG_4309-2048x1365.jpg 2048w, https:\/\/franciscanos.org.br\/noticias\/wp-content\/uploads\/2025\/02\/IMG_4309-150x100.jpg 150w, https:\/\/franciscanos.org.br\/noticias\/wp-content\/uploads\/2025\/02\/IMG_4309-scaled.jpg 1620w\" sizes=\"(max-width: 450px) 100vw, 450px\" \/>Ao iniciar a Santa Missa, Dom Orani recebeu os presentes com palavras de alegria e esperan\u00e7a: \u201cMeus irm\u00e3os e irm\u00e3s, que alegria retornar aqui \u00e0 Par\u00f3quia Nossa Senhora da Boa Viagem, aqui na Rocinha. \u00c9 a primeira vez que tem uma ordena\u00e7\u00e3o aqui, provando a Deus que o dom da voca\u00e7\u00e3o de Frei Felipe nasce de uma comunidade que reza unida. \u00c9 uma alegria poder estar aqui, pedindo a Deus para que ele seja ordenado di\u00e1cono. Hoje \u00e9 um dia especial para todos da nossa Arquidiocese, assim como para a vida desta Fam\u00edlia Franciscana que hoje agradece a Deus pelas voca\u00e7\u00f5es. Estamos no ano do Jubileu da Esperan\u00e7a e, sem d\u00favidas, somos chamados a ser sinais Daquele que \u00e9 a nossa esperan\u00e7a, Jesus Cristo, nosso Senhor\u201d.<\/p>\n<p><strong>Rito da ordena\u00e7\u00e3o dicaconal<\/strong><\/p>\n<p>Ap\u00f3s a proclama\u00e7\u00e3o do Evangelho, teve in\u00edcio o Rito de Ordena\u00e7\u00e3o. No momento solene em que o ordenando foi chamado e apresentado ao bispo, Frei Gustavo Medella pediu a Dom Orani, em nome da Igreja, que o ordenasse di\u00e1cono e deu testemunho da vida e da dedica\u00e7\u00e3o de Frei Felipe:<\/p>\n<p>\u201cFrei Felipe Carretta concluiu os estudos da teologia no ano de 2023, realizou seu tiroc\u00ednio pastoral na fraternidade do Convento Santo Ant\u00f4nio no ano de 2024, atuando no atendimento ao povo de Deus, no servi\u00e7o lit\u00fargico, nas atividades fraternas e no cuidado de nossos frades enfermos e idosos com muita docilidade e empenho. No final de 2024, ele foi transmitido \u00e0 fraternidade Nossa Senhora da Boa Viagem. Tendo ouvido o povo de Deus, a fraternidade \u00e0 qual ele pertencia e os respons\u00e1veis pelo seu processo formativo, dou testemunho de que Frei Felipe \u00e9 digno de assumir este minist\u00e9rio\u201d. \u201cCom o aux\u00edlio de Deus e de Jesus Cristo, nosso Salvador, escolhemos este nosso irm\u00e3o para a Ordem do Diaconato\u201d, afirmou Dom Orani.<\/p>\n<p><strong>Viver intensamente a miss\u00e3o de proclamar o Evagelho<\/strong><\/p>\n<p>Logo ap\u00f3s, Dom Orani proferiu sua homilia. \u201cVemos o Senhor passando, chamando jovens para servir ao povo de Deus, entregando suas vidas. Frei Felipe, j\u00e1 como religioso, fez os votos de pobreza, castidade e obedi\u00eancia, consagrando sua vida ao Senhor. Mas, al\u00e9m disso, al\u00e9m da voca\u00e7\u00e3o, do carisma franciscano que levamos dentro do peito, agradecemos a Deus por esse belo dom. Hoje, ele recebe o primeiro grau \u2013 o Diaconato \u2013 e isso \u00e9 um sinal para esta comunidade que, al\u00e9m de trabalhar com afinco, est\u00e1 sempre atenta \u00e0 voca\u00e7\u00e3o \u00e0 vida crist\u00e3 e ao chamado para servir com radicalidade ao Senhor, tanto na vida consagrada quanto na vida sacerdotal.<\/p>\n<p>Segundo ele, \u00e9 um sinal para toda a comunidade ver essa proximidade vocacional, o chamado para homens, jovens e mulheres que se entregam \u00e0 vida crist\u00e3. \u201c\u00c9 justamente o reconhecimento do dom que Deus concedeu a este jovem para que, com humildade, assuma o servi\u00e7o de proclamar a f\u00e9. Hoje, ele \u00e9 ordenado e se torna um exemplo para todos n\u00f3s\u201d, disse.<\/p>\n<p>\u201cLembremo-nos dos atos dos ap\u00f3stolos, quando a igreja necessitava se expandir e atender as diversas necessidades dos pobres e dos vulner\u00e1veis. Assim como os disc\u00edpulos correndo atr\u00e1s de novas comunidades, os di\u00e1conos surgiram para servir \u00e0s mesas, para atender aos irm\u00e3os e irm\u00e3s em diversas situa\u00e7\u00f5es. A preocupa\u00e7\u00e3o com os pobres, os necessitados, os que sofrem, \u00e9 parte essencial da nossa caminhada e do nosso compromisso com o Evangelho\u201d, ensinou.<\/p>\n<p>O cardeal lembrou que a Ordem Franciscana tem o carisma da pobreza, n\u00e3o s\u00f3 como forma de assist\u00eancia, mas como testemunho vivo de uma f\u00e9 que busca a paz e a esperan\u00e7a. \u201cEm meio \u00e0s dificuldades e injusti\u00e7as do mundo de hoje, \u00e9 nosso dever como crist\u00e3os e como comunidade ser sinal de transforma\u00e7\u00e3o, espalhando o amor e a miseric\u00f3rdia de Cristo. Que Frei Felipe, agora di\u00e1cono, possa viver intensamente essa miss\u00e3o, proclamando a Boa Not\u00edcia com palavras e atos e ajudando a construir uma sociedade mais justa e fraterna\u201d, desejou.<\/p>\n<p>\u201cQue a Palavra de Deus continue a nos guiar, transformando nossa f\u00e9 em compromisso e nosso compromisso em a\u00e7\u00e3o. Lembremo-nos sempre: n\u00e3o fostes v\u00f3s que me escolhestes, mas eu vos escolhi para dar frutos, para semear uma nova vida na sociedade. Que este seja um tempo de renova\u00e7\u00e3o, de encontro com Cristo, e que possamos, juntos, anunciar a luz e a paz que emanam do Evangelho\u201d, concluiu.<\/p>\n\n\t\t<style type=\"text\/css\">\n\t\t\t#gallery-2 {\n\t\t\t\tmargin: auto;\n\t\t\t}\n\t\t\t#gallery-2 .gallery-item {\n\t\t\t\tfloat: left;\n\t\t\t\tmargin-top: 10px;\n\t\t\t\ttext-align: center;\n\t\t\t\twidth: 33%;\n\t\t\t}\n\t\t\t#gallery-2 img {\n\t\t\t\tborder: 2px solid #cfcfcf;\n\t\t\t}\n\t\t\t#gallery-2 .gallery-caption {\n\t\t\t\tmargin-left: 0;\n\t\t\t}\n\t\t\t\/* see gallery_shortcode() in wp-includes\/media.php *\/\n\t\t<\/style>\n\t\t<div id='gallery-2' class='gallery galleryid-254647 gallery-columns-3 gallery-size-thumbnail'><dl class='gallery-item'>\n\t\t\t<dt class='gallery-icon landscape'>\n\t\t\t\t<a href='https:\/\/franciscanos.org.br\/noticias\/wp-content\/uploads\/2025\/02\/IMG_4103-scaled.jpg'><img width=\"300\" height=\"300\" src=\"https:\/\/franciscanos.org.br\/noticias\/wp-content\/uploads\/2025\/02\/IMG_4103-300x300.jpg\" class=\"attachment-thumbnail size-thumbnail\" alt=\"\" loading=\"lazy\" srcset=\"https:\/\/franciscanos.org.br\/noticias\/wp-content\/uploads\/2025\/02\/IMG_4103-300x300.jpg 300w, https:\/\/franciscanos.org.br\/noticias\/wp-content\/uploads\/2025\/02\/IMG_4103-100x100.jpg 100w\" sizes=\"(max-width: 300px) 100vw, 300px\" \/><\/a>\n\t\t\t<\/dt><\/dl><dl class='gallery-item'>\n\t\t\t<dt class='gallery-icon landscape'>\n\t\t\t\t<a href='https:\/\/franciscanos.org.br\/noticias\/wp-content\/uploads\/2025\/02\/IMG_4120-scaled.jpg'><img width=\"300\" height=\"300\" src=\"https:\/\/franciscanos.org.br\/noticias\/wp-content\/uploads\/2025\/02\/IMG_4120-300x300.jpg\" class=\"attachment-thumbnail size-thumbnail\" alt=\"\" loading=\"lazy\" srcset=\"https:\/\/franciscanos.org.br\/noticias\/wp-content\/uploads\/2025\/02\/IMG_4120-300x300.jpg 300w, https:\/\/franciscanos.org.br\/noticias\/wp-content\/uploads\/2025\/02\/IMG_4120-100x100.jpg 100w\" sizes=\"(max-width: 300px) 100vw, 300px\" \/><\/a>\n\t\t\t<\/dt><\/dl><dl class='gallery-item'>\n\t\t\t<dt class='gallery-icon landscape'>\n\t\t\t\t<a href='https:\/\/franciscanos.org.br\/noticias\/wp-content\/uploads\/2025\/02\/IMG_4139-scaled.jpg'><img width=\"300\" height=\"300\" src=\"https:\/\/franciscanos.org.br\/noticias\/wp-content\/uploads\/2025\/02\/IMG_4139-300x300.jpg\" class=\"attachment-thumbnail size-thumbnail\" alt=\"\" loading=\"lazy\" srcset=\"https:\/\/franciscanos.org.br\/noticias\/wp-content\/uploads\/2025\/02\/IMG_4139-300x300.jpg 300w, https:\/\/franciscanos.org.br\/noticias\/wp-content\/uploads\/2025\/02\/IMG_4139-100x100.jpg 100w\" sizes=\"(max-width: 300px) 100vw, 300px\" \/><\/a>\n\t\t\t<\/dt><\/dl><br style=\"clear: both\" \/>\n\t\t<\/div>\n\n<p><strong>Compromisso do ordenado<\/strong><\/p>\n<p>Em seguida, chegou o momento em que Frei Felipe se aproximou do Cardeal para manifestar, perante toda a comunidade, seu desejo de assumir o minist\u00e9rio. E, com o cora\u00e7\u00e3o transbordando de f\u00e9, confirmou seu firme prop\u00f3sito de cumprir o minist\u00e9rio diaconal. Em sinal de humildade e reconhecimento das grandes exig\u00eancias deste chamado, ele se prostrou por terra, enquanto Dom Orani convidava toda a comunidade a unir-se em prece com a invoca\u00e7\u00e3o dos santos e santas, por este novo irm\u00e3o da Igreja.<\/p>\n<p><strong>S\u00edmbolo do Evangelho<\/strong><\/p>\n<p>Prosseguindo, o bispo imp\u00f4s as m\u00e3os sobre Frei Felipe e proferiu a prece de ordena\u00e7\u00e3o, conferindo-lhe a gra\u00e7a sacramental e o minist\u00e9rio diaconal. Em seguida, o novo di\u00e1cono foi vestido com a estola diaconal e a dalm\u00e1tica, s\u00edmbolos vis\u00edveis de sua nova miss\u00e3o, com a ajuda dos confrades Frei Augusto Luiz Gabriel e Frei Gustavo Medella.<\/p>\n<p><img loading=\"lazy\" class=\"aligncenter wp-image-254657 size-full\" src=\"https:\/\/franciscanos.org.br\/noticias\/wp-content\/uploads\/2025\/02\/CHAMADA-4.jpg\" alt=\"\" width=\"800\" height=\"550\" srcset=\"https:\/\/franciscanos.org.br\/noticias\/wp-content\/uploads\/2025\/02\/CHAMADA-4.jpg 800w, https:\/\/franciscanos.org.br\/noticias\/wp-content\/uploads\/2025\/02\/CHAMADA-4-450x309.jpg 450w, https:\/\/franciscanos.org.br\/noticias\/wp-content\/uploads\/2025\/02\/CHAMADA-4-768x528.jpg 768w, https:\/\/franciscanos.org.br\/noticias\/wp-content\/uploads\/2025\/02\/CHAMADA-4-150x103.jpg 150w, https:\/\/franciscanos.org.br\/noticias\/wp-content\/uploads\/2025\/02\/CHAMADA-4-320x220.jpg 320w\" sizes=\"(max-width: 800px) 100vw, 800px\" \/>Em um gesto simb\u00f3lico e carregado de significado, Dom Orani entregou a Frei Felipe o Evangeli\u00e1rio, dizendo: \u201cRecebe o Evangelho de Cristo, do qual foste constitu\u00eddo mensageiro; transforma em f\u00e9 viva o que leres, ensina aquilo que creres e procura realizar o que ensinares.\u201d<\/p>\n<p>Por fim, com um caloroso abra\u00e7o, o bispo acolheu o neodi\u00e1cono, selando com afeto e confian\u00e7a o in\u00edcio de sua miss\u00e3o no servi\u00e7o e na evangeliza\u00e7\u00e3o.<\/p>\n<p>Com a conclus\u00e3o do rito diaconal, a Celebra\u00e7\u00e3o Eucar\u00edstica teve continuidade e pela primeira vez, Frei Felipe passou a servir o altar como di\u00e1cono \u2013 um momento de grande emo\u00e7\u00e3o para todos os presentes. Entre eles, sua m\u00e3e, K\u00e1tia Carretta, que n\u00e3o escondeu a emo\u00e7\u00e3o e a alegria.<\/p>\n\n\t\t<style type=\"text\/css\">\n\t\t\t#gallery-3 {\n\t\t\t\tmargin: auto;\n\t\t\t}\n\t\t\t#gallery-3 .gallery-item {\n\t\t\t\tfloat: left;\n\t\t\t\tmargin-top: 10px;\n\t\t\t\ttext-align: center;\n\t\t\t\twidth: 33%;\n\t\t\t}\n\t\t\t#gallery-3 img {\n\t\t\t\tborder: 2px solid #cfcfcf;\n\t\t\t}\n\t\t\t#gallery-3 .gallery-caption {\n\t\t\t\tmargin-left: 0;\n\t\t\t}\n\t\t\t\/* see gallery_shortcode() in wp-includes\/media.php *\/\n\t\t<\/style>\n\t\t<div id='gallery-3' class='gallery galleryid-254647 gallery-columns-3 gallery-size-thumbnail'><dl class='gallery-item'>\n\t\t\t<dt class='gallery-icon landscape'>\n\t\t\t\t<a href='https:\/\/franciscanos.org.br\/noticias\/wp-content\/uploads\/2025\/02\/IMG_4208-scaled.jpg'><img width=\"300\" height=\"300\" src=\"https:\/\/franciscanos.org.br\/noticias\/wp-content\/uploads\/2025\/02\/IMG_4208-300x300.jpg\" class=\"attachment-thumbnail size-thumbnail\" alt=\"\" loading=\"lazy\" srcset=\"https:\/\/franciscanos.org.br\/noticias\/wp-content\/uploads\/2025\/02\/IMG_4208-300x300.jpg 300w, https:\/\/franciscanos.org.br\/noticias\/wp-content\/uploads\/2025\/02\/IMG_4208-100x100.jpg 100w\" sizes=\"(max-width: 300px) 100vw, 300px\" \/><\/a>\n\t\t\t<\/dt><\/dl><dl class='gallery-item'>\n\t\t\t<dt class='gallery-icon landscape'>\n\t\t\t\t<a href='https:\/\/franciscanos.org.br\/noticias\/wp-content\/uploads\/2025\/02\/IMG_4210-1-scaled.jpg'><img width=\"300\" height=\"300\" src=\"https:\/\/franciscanos.org.br\/noticias\/wp-content\/uploads\/2025\/02\/IMG_4210-1-300x300.jpg\" class=\"attachment-thumbnail size-thumbnail\" alt=\"\" loading=\"lazy\" srcset=\"https:\/\/franciscanos.org.br\/noticias\/wp-content\/uploads\/2025\/02\/IMG_4210-1-300x300.jpg 300w, https:\/\/franciscanos.org.br\/noticias\/wp-content\/uploads\/2025\/02\/IMG_4210-1-100x100.jpg 100w\" sizes=\"(max-width: 300px) 100vw, 300px\" \/><\/a>\n\t\t\t<\/dt><\/dl><dl class='gallery-item'>\n\t\t\t<dt class='gallery-icon landscape'>\n\t\t\t\t<a href='https:\/\/franciscanos.org.br\/noticias\/wp-content\/uploads\/2025\/02\/IMG_4224-scaled.jpg'><img width=\"300\" height=\"300\" src=\"https:\/\/franciscanos.org.br\/noticias\/wp-content\/uploads\/2025\/02\/IMG_4224-300x300.jpg\" class=\"attachment-thumbnail size-thumbnail\" alt=\"\" loading=\"lazy\" srcset=\"https:\/\/franciscanos.org.br\/noticias\/wp-content\/uploads\/2025\/02\/IMG_4224-300x300.jpg 300w, https:\/\/franciscanos.org.br\/noticias\/wp-content\/uploads\/2025\/02\/IMG_4224-100x100.jpg 100w\" sizes=\"(max-width: 300px) 100vw, 300px\" \/><\/a>\n\t\t\t<\/dt><\/dl><br style=\"clear: both\" \/>\n\t\t<\/div>\n\n<p><strong>Agradecimento<\/strong><\/p>\n<p>Ao final da celebra\u00e7\u00e3o, Frei Felipe dirigiu algumas palavras de agradecimento. Entre as falas, destacou:<\/p>\n<p>\u201cCar\u00edssimo pastor, nosso cardeal Dom Orani Jo\u00e3o Tempesta, cumprimento toda a nossa Arquidiocese de S\u00e3o Sebasti\u00e3o do Rio de Janeiro. Agrade\u00e7o de cora\u00e7\u00e3o sua generosidade em me fazer di\u00e1cono da Igreja. Para n\u00f3s \u00e9 uma alegria ter o Senhor conosco. Muito obrigado pela paternidade dispensada para comigo. Pode contar com este di\u00e1cono em sua Igreja particular\u201d.<\/p>\n<p><img loading=\"lazy\" class=\"size-medium wp-image-254659 alignright\" src=\"https:\/\/franciscanos.org.br\/noticias\/wp-content\/uploads\/2025\/02\/IMG_4268-450x300.jpg\" alt=\"\" width=\"450\" height=\"300\" srcset=\"https:\/\/franciscanos.org.br\/noticias\/wp-content\/uploads\/2025\/02\/IMG_4268-450x300.jpg 450w, https:\/\/franciscanos.org.br\/noticias\/wp-content\/uploads\/2025\/02\/IMG_4268-1024x683.jpg 1024w, https:\/\/franciscanos.org.br\/noticias\/wp-content\/uploads\/2025\/02\/IMG_4268-768x512.jpg 768w, https:\/\/franciscanos.org.br\/noticias\/wp-content\/uploads\/2025\/02\/IMG_4268-1536x1024.jpg 1536w, https:\/\/franciscanos.org.br\/noticias\/wp-content\/uploads\/2025\/02\/IMG_4268-2048x1365.jpg 2048w, https:\/\/franciscanos.org.br\/noticias\/wp-content\/uploads\/2025\/02\/IMG_4268-150x100.jpg 150w, https:\/\/franciscanos.org.br\/noticias\/wp-content\/uploads\/2025\/02\/IMG_4268-scaled.jpg 1620w\" sizes=\"(max-width: 450px) 100vw, 450px\" \/>Frei Felipe tamb\u00e9m agradeceu ao Ministro Provincial, Frei Paulo Roberto Pereira, afirmando: \u201cCaro irm\u00e3o Frei Paulo, nosso Ministro Provincial da Prov\u00edncia da Concei\u00e7\u00e3o do Brasil, \u00e9 com alegria que fa\u00e7o parte e partilho da minha vida e voca\u00e7\u00e3o com voc\u00ea. Cumprimento todos os irm\u00e3os que o Senhor nos deu, espalhados em nosso territ\u00f3rio provincial, evangelizando e construindo um mundo mais justo e fraterno\u201d.<\/p>\n<p>\u201cGostaria de agradecer a Deus pelo dom da vida e da voca\u00e7\u00e3o. Obrigado, Senhor, por me chamar para ser servidor de Sua Igreja, por me capacitar quando eu pensava que n\u00e3o seria capaz, por iluminar-me quando eu estava na escurid\u00e3o, por acalmar-me quando eu estava atribulado, por dar-me coragem quando o medo me apavorava \u2013 assim como disseste a Pedro: \u2018N\u00e3o tenhas medo, de hoje em diante tu ser\u00e1s pescador de homens.\u2019 Agrade\u00e7o \u00e0 minha m\u00e3e, Camila, C\u00e1ssio e Maria Clara, que sempre foram meu porto seguro. Voc\u00eas s\u00e3o minha fortaleza, minha gratid\u00e3o\u201d.<\/p>\n<p>O novo di\u00e1cono tamb\u00e9m n\u00e3o esqueceu de reconhecer sua origem e a import\u00e2ncia da comunidade de Santu\u00e1rio do Divino Esp\u00edrito Santo, da Par\u00f3quia Nossa Senhora do Ros\u00e1rio de Vila Velha, pedindo que seus irm\u00e3os e amigos ficassem em p\u00e9 como sinal de reconhecimento e gratid\u00e3o: \u201cGratid\u00e3o por terem aceitado o convite e por serem testemunhas oculares de um momento t\u00e3o importante para a minha vida e para a vida da Igreja. Agrade\u00e7o por todos os momentos que tivemos juntos e pelos aprendizados partilhados\u201d.<\/p>\n<p>Por fim, Frei Felipe expressou seu compromisso com o trabalho evangelizador e com a constru\u00e7\u00e3o de uma Igreja mais presente na sociedade: \u201cAgrade\u00e7o a toda a comunidade da Rocinha, que agora dividir\u00e1 comigo o desafio de evangelizar neste lugar. Muito obrigado, de cora\u00e7\u00e3o, por toda a ajuda nas prepara\u00e7\u00f5es desta ordena\u00e7\u00e3o \u2013 \u00e0 equipe de cozinha, \u00e0 equipe de ornamenta\u00e7\u00e3o, \u00e0 equipe de liturgia e, especialmente, \u00e0 nossa equipe de m\u00fasica. Temos um trabalho de evangeliza\u00e7\u00e3o pela frente e, juntos, seguiremos anunciando a luz e a paz do Evangelho. Paz e Bem!\u201d, concluiu.<\/p>\n<p><strong>Servidor da M\u00e3e Igreja<\/strong><\/p>\n<p>O Ministro provincial, Frei Paulo iniciou seus agradecimentos utilizando a met\u00e1fora da vida como uma viagem, ressaltando a import\u00e2ncia de ser acolhido sob a prote\u00e7\u00e3o de Nossa Senhora da Boa Viagem. Ele destacou que esse sinal divino \u00e9 muito significativo para o in\u00edcio do minist\u00e9rio de Felipe, que, desde pequeno, j\u00e1 tinha contato com a presen\u00e7a maternal de Nossa Senhora da Penha, tendo recebido inclusive a gra\u00e7a do batismo na Par\u00f3quia Nossa Senhora do Ros\u00e1rio. Assim, a f\u00e9 e a devo\u00e7\u00e3o \u00e0 Nossa Senhora da Penha marcam tanto a trajet\u00f3ria pessoal de Felipe quanto o caminho da Igreja.<\/p>\n<p><img loading=\"lazy\" class=\"size-medium wp-image-254664 alignright\" src=\"https:\/\/franciscanos.org.br\/noticias\/wp-content\/uploads\/2025\/02\/IMG_4281-450x300.jpg\" alt=\"\" width=\"450\" height=\"300\" srcset=\"https:\/\/franciscanos.org.br\/noticias\/wp-content\/uploads\/2025\/02\/IMG_4281-450x300.jpg 450w, https:\/\/franciscanos.org.br\/noticias\/wp-content\/uploads\/2025\/02\/IMG_4281-1024x683.jpg 1024w, https:\/\/franciscanos.org.br\/noticias\/wp-content\/uploads\/2025\/02\/IMG_4281-768x512.jpg 768w, https:\/\/franciscanos.org.br\/noticias\/wp-content\/uploads\/2025\/02\/IMG_4281-1536x1024.jpg 1536w, https:\/\/franciscanos.org.br\/noticias\/wp-content\/uploads\/2025\/02\/IMG_4281-2048x1365.jpg 2048w, https:\/\/franciscanos.org.br\/noticias\/wp-content\/uploads\/2025\/02\/IMG_4281-150x100.jpg 150w, https:\/\/franciscanos.org.br\/noticias\/wp-content\/uploads\/2025\/02\/IMG_4281-scaled.jpg 1620w\" sizes=\"(max-width: 450px) 100vw, 450px\" \/>Em seguida, Frei Paulo enfatizou que a miss\u00e3o diaconal consiste em servir a Deus e ao projeto divino, e n\u00e3o a si mesmo. Ele refor\u00e7ou que a vida ministerial \u00e9 chamada ao servi\u00e7o, assim como a pr\u00f3pria Igreja, que nasce para ser servidora. Inspirando-se em santos como S\u00e3o Francisco, Santa Clara e Santo Ant\u00f4nio, ele convidou Frei Felipe a caminhar junto com os irm\u00e3os e frades, animando e revigorando a comunidade.<\/p>\n<p>Por fim, Frei Paulo expressou gratid\u00e3o e reconhecimento tanto a Frei Felipe, como servidor da M\u00e3e Igreja, quanto \u00e0 comunidade da Rocinha, que os acolheu como irm\u00e3os de caminhada. Ele agradeceu a generosidade e o apoio dos paroquianos, pedindo que todos se unam em prece n\u00e3o s\u00f3 por Frei Felipe, mas por todos os frades, para que continuem fi\u00e9is e felizes na miss\u00e3o evangelizadora.<\/p>\n<p>Ap\u00f3s a celebra\u00e7\u00e3o os presentes foram recebidos para uma confraterniza\u00e7\u00e3o no sal\u00e3o paroquial e as festividades continuaram com a partilha de um saboroso almo\u00e7o.<\/p>\n<hr \/>\n<p><em>Frei Augusto Luiz Gabriel (texto) e Frei Roger Strapazzon (fotos)<\/em><\/p>\n","protected":false},"excerpt":{"rendered":"<p>Ordena\u00e7\u00e3o diaconal<\/p>\n","protected":false},"author":11,"featured_media":254668,"comment_status":"open","ping_status":"open","sticky":false,"template":"","format":"standard","meta":[],"categories":[1],"tags":[275,2056],"acf":[],"yoast_head":"<!-- This site is optimized with the Yoast SEO plugin v19.2 - https:\/\/yoast.com\/wordpress\/plugins\/seo\/ -->\n<title>Esperan\u00e7a e renova\u00e7\u00e3o: Frei Felipe Carretta \u00e9 ordenado di\u00e1cono na Rocinha - Not\u00edcias - Franciscanos<\/title>\n<meta name=\"robots\" content=\"index, follow, max-snippet:-1, max-image-preview:large, max-video-preview:-1\" \/>\n<link rel=\"canonical\" href=\"https:\/\/franciscanos.org.br\/noticias\/esperanca-e-renovacao-frei-felipe-carreta-e-ordenado-diacono-na-rocinha.html\" \/>\n<meta property=\"og:locale\" content=\"pt_BR\" \/>\n<meta property=\"og:type\" content=\"article\" \/>\n<meta property=\"og:title\" content=\"Esperan\u00e7a e renova\u00e7\u00e3o: Frei Felipe Carretta \u00e9 ordenado di\u00e1cono na Rocinha - Not\u00edcias - Franciscanos\" \/>\n<meta property=\"og:description\" content=\"Ordena\u00e7\u00e3o diaconal\" \/>\n<meta property=\"og:url\" content=\"https:\/\/franciscanos.org.br\/noticias\/esperanca-e-renovacao-frei-felipe-carreta-e-ordenado-diacono-na-rocinha.html\" \/>\n<meta property=\"og:site_name\" content=\"Not\u00edcias - Franciscanos\" \/>\n<meta property=\"article:published_time\" content=\"2025-02-10T11:55:16+00:00\" \/>\n<meta property=\"article:modified_time\" content=\"2025-03-10T19:25:18+00:00\" \/>\n<meta property=\"og:image\" content=\"https:\/\/franciscanos.org.br\/noticias\/wp-content\/uploads\/2025\/02\/CHAMADA-5.jpg\" \/>\n\t<meta property=\"og:image:width\" content=\"800\" \/>\n\t<meta property=\"og:image:height\" content=\"550\" \/>\n\t<meta property=\"og:image:type\" content=\"image\/jpeg\" \/>\n<meta name=\"author\" content=\"Adriana Rabelo\" \/>\n<meta name=\"twitter:card\" content=\"summary_large_image\" \/>\n<meta name=\"twitter:label1\" content=\"Escrito por\" \/>\n\t<meta name=\"twitter:data1\" content=\"Adriana Rabelo\" \/>\n\t<meta name=\"twitter:label2\" content=\"Est. tempo de leitura\" \/>\n\t<meta name=\"twitter:data2\" content=\"11 minutos\" \/>\n<script type=\"application\/ld+json\" class=\"yoast-schema-graph\">{\"@context\":\"https:\/\/schema.org\",\"@graph\":[{\"@type\":\"WebSite\",\"@id\":\"https:\/\/franciscanos.org.br\/noticias\/#website\",\"url\":\"https:\/\/franciscanos.org.br\/noticias\/\",\"name\":\"Not\u00edcias - Franciscanos\",\"description\":\"Prov\u00edncia Franciscana da Imaculada Concei\u00e7\u00e3o do Brasil - Ordem dos Frades Menores - OFM\",\"potentialAction\":[{\"@type\":\"SearchAction\",\"target\":{\"@type\":\"EntryPoint\",\"urlTemplate\":\"https:\/\/franciscanos.org.br\/noticias\/?s={search_term_string}\"},\"query-input\":\"required name=search_term_string\"}],\"inLanguage\":\"pt-BR\"},{\"@type\":\"ImageObject\",\"inLanguage\":\"pt-BR\",\"@id\":\"https:\/\/franciscanos.org.br\/noticias\/esperanca-e-renovacao-frei-felipe-carreta-e-ordenado-diacono-na-rocinha.html#primaryimage\",\"url\":\"https:\/\/franciscanos.org.br\/noticias\/wp-content\/uploads\/2025\/02\/CHAMADA-5.jpg\",\"contentUrl\":\"https:\/\/franciscanos.org.br\/noticias\/wp-content\/uploads\/2025\/02\/CHAMADA-5.jpg\",\"width\":800,\"height\":550},{\"@type\":\"WebPage\",\"@id\":\"https:\/\/franciscanos.org.br\/noticias\/esperanca-e-renovacao-frei-felipe-carreta-e-ordenado-diacono-na-rocinha.html#webpage\",\"url\":\"https:\/\/franciscanos.org.br\/noticias\/esperanca-e-renovacao-frei-felipe-carreta-e-ordenado-diacono-na-rocinha.html\",\"name\":\"Esperan\u00e7a e renova\u00e7\u00e3o: Frei Felipe Carretta \u00e9 ordenado di\u00e1cono na Rocinha - Not\u00edcias - Franciscanos\",\"isPartOf\":{\"@id\":\"https:\/\/franciscanos.org.br\/noticias\/#website\"},\"primaryImageOfPage\":{\"@id\":\"https:\/\/franciscanos.org.br\/noticias\/esperanca-e-renovacao-frei-felipe-carreta-e-ordenado-diacono-na-rocinha.html#primaryimage\"},\"datePublished\":\"2025-02-10T11:55:16+00:00\",\"dateModified\":\"2025-03-10T19:25:18+00:00\",\"author\":{\"@id\":\"https:\/\/franciscanos.org.br\/noticias\/#\/schema\/person\/d9422e83121c3ad3b0f423d195f5bb25\"},\"breadcrumb\":{\"@id\":\"https:\/\/franciscanos.org.br\/noticias\/esperanca-e-renovacao-frei-felipe-carreta-e-ordenado-diacono-na-rocinha.html#breadcrumb\"},\"inLanguage\":\"pt-BR\",\"potentialAction\":[{\"@type\":\"ReadAction\",\"target\":[\"https:\/\/franciscanos.org.br\/noticias\/esperanca-e-renovacao-frei-felipe-carreta-e-ordenado-diacono-na-rocinha.html\"]}]},{\"@type\":\"BreadcrumbList\",\"@id\":\"https:\/\/franciscanos.org.br\/noticias\/esperanca-e-renovacao-frei-felipe-carreta-e-ordenado-diacono-na-rocinha.html#breadcrumb\",\"itemListElement\":[{\"@type\":\"ListItem\",\"position\":1,\"name\":\"Home\",\"item\":\"https:\/\/franciscanos.org.br\/noticias\"},{\"@type\":\"ListItem\",\"position\":2,\"name\":\"Esperan\u00e7a e renova\u00e7\u00e3o: Frei Felipe Carretta \u00e9 ordenado di\u00e1cono na Rocinha\"}]},{\"@type\":\"Person\",\"@id\":\"https:\/\/franciscanos.org.br\/noticias\/#\/schema\/person\/d9422e83121c3ad3b0f423d195f5bb25\",\"name\":\"Adriana Rabelo\",\"image\":{\"@type\":\"ImageObject\",\"inLanguage\":\"pt-BR\",\"@id\":\"https:\/\/franciscanos.org.br\/noticias\/#\/schema\/person\/image\/\",\"url\":\"https:\/\/secure.gravatar.com\/avatar\/0a937b7500cd7df77540cfb8bede877d?s=96&d=mm&r=g\",\"contentUrl\":\"https:\/\/secure.gravatar.com\/avatar\/0a937b7500cd7df77540cfb8bede877d?s=96&d=mm&r=g\",\"caption\":\"Adriana Rabelo\"},\"url\":\"https:\/\/franciscanos.org.br\/noticias\/author\/adrianarabelo\"}]}<\/script>\n<!-- \/ Yoast SEO plugin. -->","yoast_head_json":{"title":"Esperan\u00e7a e renova\u00e7\u00e3o: Frei Felipe Carretta \u00e9 ordenado di\u00e1cono na Rocinha - Not\u00edcias - Franciscanos","robots":{"index":"index","follow":"follow","max-snippet":"max-snippet:-1","max-image-preview":"max-image-preview:large","max-video-preview":"max-video-preview:-1"},"canonical":"https:\/\/franciscanos.org.br\/noticias\/esperanca-e-renovacao-frei-felipe-carreta-e-ordenado-diacono-na-rocinha.html","og_locale":"pt_BR","og_type":"article","og_title":"Esperan\u00e7a e renova\u00e7\u00e3o: Frei Felipe Carretta \u00e9 ordenado di\u00e1cono na Rocinha - Not\u00edcias - Franciscanos","og_description":"Ordena\u00e7\u00e3o diaconal","og_url":"https:\/\/franciscanos.org.br\/noticias\/esperanca-e-renovacao-frei-felipe-carreta-e-ordenado-diacono-na-rocinha.html","og_site_name":"Not\u00edcias - Franciscanos","article_published_time":"2025-02-10T11:55:16+00:00","article_modified_time":"2025-03-10T19:25:18+00:00","og_image":[{"width":800,"height":550,"url":"https:\/\/franciscanos.org.br\/noticias\/wp-content\/uploads\/2025\/02\/CHAMADA-5.jpg","type":"image\/jpeg"}],"author":"Adriana Rabelo","twitter_card":"summary_large_image","twitter_misc":{"Escrito por":"Adriana Rabelo","Est. tempo de leitura":"11 minutos"},"schema":{"@context":"https:\/\/schema.org","@graph":[{"@type":"WebSite","@id":"https:\/\/franciscanos.org.br\/noticias\/#website","url":"https:\/\/franciscanos.org.br\/noticias\/","name":"Not\u00edcias - Franciscanos","description":"Prov\u00edncia Franciscana da Imaculada Concei\u00e7\u00e3o do Brasil - Ordem dos Frades Menores - OFM","potentialAction":[{"@type":"SearchAction","target":{"@type":"EntryPoint","urlTemplate":"https:\/\/franciscanos.org.br\/noticias\/?s={search_term_string}"},"query-input":"required name=search_term_string"}],"inLanguage":"pt-BR"},{"@type":"ImageObject","inLanguage":"pt-BR","@id":"https:\/\/franciscanos.org.br\/noticias\/esperanca-e-renovacao-frei-felipe-carreta-e-ordenado-diacono-na-rocinha.html#primaryimage","url":"https:\/\/franciscanos.org.br\/noticias\/wp-content\/uploads\/2025\/02\/CHAMADA-5.jpg","contentUrl":"https:\/\/franciscanos.org.br\/noticias\/wp-content\/uploads\/2025\/02\/CHAMADA-5.jpg","width":800,"height":550},{"@type":"WebPage","@id":"https:\/\/franciscanos.org.br\/noticias\/esperanca-e-renovacao-frei-felipe-carreta-e-ordenado-diacono-na-rocinha.html#webpage","url":"https:\/\/franciscanos.org.br\/noticias\/esperanca-e-renovacao-frei-felipe-carreta-e-ordenado-diacono-na-rocinha.html","name":"Esperan\u00e7a e renova\u00e7\u00e3o: Frei Felipe Carretta \u00e9 ordenado di\u00e1cono na Rocinha - Not\u00edcias - Franciscanos","isPartOf":{"@id":"https:\/\/franciscanos.org.br\/noticias\/#website"},"primaryImageOfPage":{"@id":"https:\/\/franciscanos.org.br\/noticias\/esperanca-e-renovacao-frei-felipe-carreta-e-ordenado-diacono-na-rocinha.html#primaryimage"},"datePublished":"2025-02-10T11:55:16+00:00","dateModified":"2025-03-10T19:25:18+00:00","author":{"@id":"https:\/\/franciscanos.org.br\/noticias\/#\/schema\/person\/d9422e83121c3ad3b0f423d195f5bb25"},"breadcrumb":{"@id":"https:\/\/franciscanos.org.br\/noticias\/esperanca-e-renovacao-frei-felipe-carreta-e-ordenado-diacono-na-rocinha.html#breadcrumb"},"inLanguage":"pt-BR","potentialAction":[{"@type":"ReadAction","target":["https:\/\/franciscanos.org.br\/noticias\/esperanca-e-renovacao-frei-felipe-carreta-e-ordenado-diacono-na-rocinha.html"]}]},{"@type":"BreadcrumbList","@id":"https:\/\/franciscanos.org.br\/noticias\/esperanca-e-renovacao-frei-felipe-carreta-e-ordenado-diacono-na-rocinha.html#breadcrumb","itemListElement":[{"@type":"ListItem","position":1,"name":"Home","item":"https:\/\/franciscanos.org.br\/noticias"},{"@type":"ListItem","position":2,"name":"Esperan\u00e7a e renova\u00e7\u00e3o: Frei Felipe Carretta \u00e9 ordenado di\u00e1cono na Rocinha"}]},{"@type":"Person","@id":"https:\/\/franciscanos.org.br\/noticias\/#\/schema\/person\/d9422e83121c3ad3b0f423d195f5bb25","name":"Adriana Rabelo","image":{"@type":"ImageObject","inLanguage":"pt-BR","@id":"https:\/\/franciscanos.org.br\/noticias\/#\/schema\/person\/image\/","url":"https:\/\/secure.gravatar.com\/avatar\/0a937b7500cd7df77540cfb8bede877d?s=96&d=mm&r=g","contentUrl":"https:\/\/secure.gravatar.com\/avatar\/0a937b7500cd7df77540cfb8bede877d?s=96&d=mm&r=g","caption":"Adriana Rabelo"},"url":"https:\/\/franciscanos.org.br\/noticias\/author\/adrianarabelo"}]}},"_links":{"self":[{"href":"https:\/\/franciscanos.org.br\/noticias\/wp-json\/wp\/v2\/posts\/254647"}],"collection":[{"href":"https:\/\/franciscanos.org.br\/noticias\/wp-json\/wp\/v2\/posts"}],"about":[{"href":"https:\/\/franciscanos.org.br\/noticias\/wp-json\/wp\/v2\/types\/post"}],"author":[{"embeddable":true,"href":"https:\/\/franciscanos.org.br\/noticias\/wp-json\/wp\/v2\/users\/11"}],"replies":[{"embeddable":true,"href":"https:\/\/franciscanos.org.br\/noticias\/wp-json\/wp\/v2\/comments?post=254647"}],"version-history":[{"count":11,"href":"https:\/\/franciscanos.org.br\/noticias\/wp-json\/wp\/v2\/posts\/254647\/revisions"}],"predecessor-version":[{"id":254722,"href":"https:\/\/franciscanos.org.br\/noticias\/wp-json\/wp\/v2\/posts\/254647\/revisions\/254722"}],"wp:featuredmedia":[{"embeddable":true,"href":"https:\/\/franciscanos.org.br\/noticias\/wp-json\/wp\/v2\/media\/254668"}],"wp:attachment":[{"href":"https:\/\/franciscanos.org.br\/noticias\/wp-json\/wp\/v2\/media?parent=254647"}],"wp:term":[{"taxonomy":"category","embeddable":true,"href":"https:\/\/franciscanos.org.br\/noticias\/wp-json\/wp\/v2\/categories?post=254647"},{"taxonomy":"post_tag","embeddable":true,"href":"https:\/\/franciscanos.org.br\/noticias\/wp-json\/wp\/v2\/tags?post=254647"}],"curies":[{"name":"wp","href":"https:\/\/api.w.org\/{rel}","templated":true}]}}