{"id":254607,"date":"2025-02-06T12:56:06","date_gmt":"2025-02-06T15:56:06","guid":{"rendered":"https:\/\/franciscanos.org.br\/noticias\/?p=254607"},"modified":"2025-03-10T16:24:40","modified_gmt":"2025-03-10T19:24:40","slug":"254607","status":"publish","type":"post","link":"https:\/\/franciscanos.org.br\/noticias\/254607.html","title":{"rendered":"Frei Felipe Carretta ser\u00e1 ordenado di\u00e1cono"},"content":{"rendered":"<p><img loading=\"lazy\" class=\"aligncenter wp-image-254608 size-full\" src=\"https:\/\/franciscanos.org.br\/noticias\/wp-content\/uploads\/2025\/02\/Felipe-1280-1.jpg\" alt=\"\" width=\"1280\" height=\"720\" srcset=\"https:\/\/franciscanos.org.br\/noticias\/wp-content\/uploads\/2025\/02\/Felipe-1280-1.jpg 1280w, https:\/\/franciscanos.org.br\/noticias\/wp-content\/uploads\/2025\/02\/Felipe-1280-1-450x253.jpg 450w, https:\/\/franciscanos.org.br\/noticias\/wp-content\/uploads\/2025\/02\/Felipe-1280-1-1024x576.jpg 1024w, https:\/\/franciscanos.org.br\/noticias\/wp-content\/uploads\/2025\/02\/Felipe-1280-1-768x432.jpg 768w, https:\/\/franciscanos.org.br\/noticias\/wp-content\/uploads\/2025\/02\/Felipe-1280-1-150x84.jpg 150w\" sizes=\"(max-width: 1280px) 100vw, 1280px\" \/><\/p>\n<p>O chamado do Senhor para as voca\u00e7\u00f5es religiosas \u00e9 uma gra\u00e7a concedida \u00e0quele que escuta, se desperta e segue. O caminho nem sempre \u00e9 tranquilo e doce, pois os desafios s\u00e3o muitos diante das in\u00fameras press\u00f5es do mundo. Nessa jornada, a capacidade de discernir e de se encontrar com o Verbo Encarnado, que tamb\u00e9m chamou pessoas para a evangeliza\u00e7\u00e3o, \u00e9 constru\u00edda na intimidade com Aquele que \u00e9 luz para o mundo (Jo 5,5). Como o Pai disse a Abr\u00e3o: &#8216;Sai da tua terra, da tua parentela e da casa de teu pai, para a terra que eu te mostrarei. Farei de ti uma grande na\u00e7\u00e3o e te aben\u00e7oarei; engrandecerei o teu nome, e tu ser\u00e1s uma b\u00ean\u00e7\u00e3o&#8217; (Gn 12,1-2)<\/p>\n<p>A decis\u00e3o pelo sim nem sempre \u00e9 imediata. Foi assim com <strong>Frei Felipe Medeiros Carretta<\/strong>, um jovem capixaba, de Vila Velha (ES), que, no pr\u00f3ximo <strong>dia 8 de fevereiro<\/strong>, ser\u00e1 ordenado di\u00e1cono pelas m\u00e3os do Cardeal Orani Jo\u00e3o Tempesta, O. Cist., <strong>\u00e0s 9h<\/strong>, em celebra\u00e7\u00e3o na <strong>Par\u00f3quia Nossa Senhora da Boa Viagem, localizada no bairro da Rocinha, no Rio de Janeiro (RJ<\/strong>), mesmo lugar onde o frade viveu sua primeira experi\u00eancia direta com o povo de Deus, em 2019.<\/p>\n<p>Mas, antes disso, o jovem passou por algumas etapas at\u00e9 sua escolha vocacional pela Ordem dos Frades Menores. O filho de K\u00e1tia Carretta e Lu\u00eds Carretta (in memoriam), disse ao site Franciscanos que sua identifica\u00e7\u00e3o com a Ordem se deu desde sempre.<\/p>\n<p>\u201cEm Vila Velha, nossa Prov\u00edncia da Imaculada, est\u00e1 presente em duas fraternidades: a da Par\u00f3quia do Ros\u00e1rio e no Convento da Penha. Mas, o contato mais pr\u00f3ximo com os frades sempre foi na par\u00f3quia, pois \u00e9 a minha comunidade de origem. Essa presen\u00e7a foi gerando em mim a identifica\u00e7\u00e3o e o desejo de ser um franciscano\u201d.<\/p>\n<p>Muito atuante na comunidade do Santu\u00e1rio do Divino Esp\u00edrito Santo, onde recebeu todos os sacramentos de inicia\u00e7\u00e3o \u00e0 vida crist\u00e3, tamb\u00e9m foi coroinha, catequista, lideran\u00e7a de grupo de jovens, entre outras a\u00e7\u00f5es da vida em comunidade e paroquial.<\/p>\n<p>Ele contou que, em meio a todas as atividades, &#8220;surgia um jovem inquieto vocacionalmente&#8221;, at\u00e9 que, certo dia&#8230; \u201cFrei Paulo Roberto Pereira, nosso Ministro provincial, me fez o convite para entrar na vida franciscana, e minha resposta, de imediato, foi n\u00e3o. Mas aquela indaga\u00e7\u00e3o n\u00e3o se encerrou com essa resposta moment\u00e2nea. O convite permaneceu pairando em meu ser por um ano\u201d, disse o frade.<\/p>\n<p>Em 2013, Frei Felipe decidiu fazer a experi\u00eancia da forma\u00e7\u00e3o religiosa franciscana. De acordo com ele, apesar de muitas d\u00favidas, seu cora\u00e7\u00e3o j\u00e1 trazia a certeza: \u201cEu queria ser um daqueles frades que me acompanharam em todas as etapas da minha vida. Entregar-me totalmente ao servi\u00e7o da Palavra e do povo de Deus\u201d, afirmou.<\/p>\n<p>Acompanhando a narrativa de sua hist\u00f3ria ainda inicial na Ordem dos Frades Menores, o tema escolhido pelo frade para a ordena\u00e7\u00e3o diaconal \u2013 <strong>&#8216;N\u00e3o tenhas medo! De hoje em diante, tu ser\u00e1s pescador de homens&#8217; (Lc 5,10b<\/strong>) \u2013 evidencia sua decis\u00e3o e a certeza de quem est\u00e1 determinado a continuar a caminhada religiosa, fundamentado nos ensinamentos de S\u00e3o Francisco de Assis, no seguimento de Jesus Cristo.<\/p>\n<p>Em entrevista ao site Franciscanos, Frei Felipe Carretta, fala sobre a import\u00e2ncia desse momento para sua vida religiosa e suas expectativas. Acompanhe.<\/p>\n<p><strong>Site Franciscanos \u2013<\/strong> Por que ser um franciscano?<\/p>\n<p><strong>Frei Felipe Medeiros Carreta \u2013<\/strong> Digo que n\u00e3o tinha como n\u00e3o ser um frade menor. Toda a minha forma\u00e7\u00e3o eclesial, religiosa e humana foi talhada pelos frades, antes mesmo de entrar na vida religiosa. E ao longo do processo formativo n\u00f3s vamos tamb\u00e9m descobrindo e nos trabalhando a partir do prop\u00f3sito da vida religiosa franciscana. Mas sempre o que me saltaram os olhos foi a vida em comum e partilhada entre eles. A fraternidade sempre foi o elo que me fez decidir ser um frade menor. O modo de vida de S\u00e3o Francisco, que \u00e9 o Evangelho, foi se tornando para mim uma possibilidade e, posteriormente, a ades\u00e3o total para configurar a minha vida tamb\u00e9m. A vida franciscana nos leva a um profetismo, a uma leitura de realidade mais apurada e em sintonia com a vida dos que mais sofrem. Acredito que a minha consagra\u00e7\u00e3o tamb\u00e9m est\u00e1 ligada com estes contextos.<\/p>\n<p><strong>Site Franciscanos \u2013<\/strong> Qual a relev\u00e2ncia desse momento para sua vida religiosa?<\/p>\n<p><strong>Frei Felipe \u2013<\/strong> A nossa maior gra\u00e7a na vida religiosa franciscana \u00e9 a nossa consagra\u00e7\u00e3o, viver o seguimento do Cristo pobre, humilde e crucificado como nos ensina o Ser\u00e1fico Pai Francisco. Isto \u00e9, viver a radicalidade de nosso batismo que \u00e9 a nossa voca\u00e7\u00e3o primeira. Na vida do frade menor \u00e9 o que mais nos importa e \u00e9 o nosso tesouro. Neste sentido, o servi\u00e7o ministerial ordenado da Igreja tamb\u00e9m nos convida e possibilita a se lan\u00e7ar ainda mais no servi\u00e7o ao povo de Deus. Assumo o minist\u00e9rio ordenado com esta consci\u00eancia e relev\u00e2ncia. Um frade menor que est\u00e1 \u00e0 disposi\u00e7\u00e3o da igreja para servir a sua grei.<\/p>\n<p><strong>Site Franciscanos \u2013<\/strong> Cite um momento mais significativo da sua presen\u00e7a na Ordem?<\/p>\n<p>Tenho dois momentos importantes que gostaria de citar. Primeiro quero destacar a minha presen\u00e7a na Comunidade da Rocinha no Rio de Janeiro, no meu Ano Mission\u00e1rio em 2019. Foi minha primeira experi\u00eancia direta com o povo de Deus. Vivi um ano de muitos desafios e aprendizados. E olha a m\u00e3o de Deus guiando a hist\u00f3ria! Hoje estou transferido para esta realidade e aqui serei ordenado di\u00e1cono. \u00a0Outro momento que gostaria de destacar foi a minha presen\u00e7a na Festa da Penha do ano passado. Depois de muitos anos voltar \u00e0 festa, e como frade, foi uma realiza\u00e7\u00e3o muito grande na minha vida. A devo\u00e7\u00e3o \u00e0 Virgem das Alegrias tem um lugar singular na minha vida e voca\u00e7\u00e3o.<\/p>\n<p><strong>Site Franciscanos \u2013<\/strong> Qual sua expectativa para a ordena\u00e7\u00e3o diaconal?<\/p>\n<p><strong>Frei Felipe \u2013<\/strong> As expectativas s\u00e3o muitas. Servir a Igreja, servir ao povo de Deus, servir a mesa do Senhor na liturgia e na vida, que \u00e9 uma das fun\u00e7\u00f5es da diaconia; aben\u00e7oar o povo, e servir a caridade. O minist\u00e9rio n\u00e3o me faz maior do que os outros, mas me coloca na posi\u00e7\u00e3o de servidor do outro. Penso que este \u00e9 o grandioso valor e o coloco como minha expectativa para este tempo de gra\u00e7a do diaconato.<\/p>\n<p><strong>Site Franciscanos \u2013<\/strong> Quando olha para o horizonte da sua vida religiosa, o que v\u00ea?<\/p>\n<p><strong>Frei Felipe \u2013<\/strong> Vejo um frade que est\u00e1 sempre na busca de fazer a vontade do Senhor. Mesmo tendo consci\u00eancia de minhas limita\u00e7\u00f5es, quero e estou sempre na busca de me fazer servidor. Sou um frade jovem e trago comigo o sonho de um mundo mais justo, onde todos possam provar da bondade e miseric\u00f3rdia do senhor. Sonho em que todos possam ter o sustento para a vida e para a miss\u00e3o. Quero ser audacioso no an\u00fancio do Evangelho, assim, minha consagra\u00e7\u00e3o e o minist\u00e9rio assumido v\u00e3o ganhando cada vez mais sentido e dando sentido a minha pr\u00f3pria exist\u00eancia.<\/p>\n<p><strong>Sobre a Ordena\u00e7\u00e3o Diaconal<\/strong><\/p>\n<p>\u201cA messe \u00e9 grande, mas os trabalhadores s\u00e3o poucos. Pedi, pois, ao dono da messe que envie trabalhadores para a sua colheita\u201d (Mt 9,36-38).<\/p>\n<p>O sacramento da Ordem \u00e9 constitu\u00eddo por tr\u00eas graus: episcopal, presbiteral e diaconal. Cada um possui um rito de ordena\u00e7\u00e3o pr\u00f3prio, por\u00e9m, o elemento comum entre eles \u00e9 a imposi\u00e7\u00e3o das m\u00e3os e a prece de ordena\u00e7\u00e3o.<\/p>\n<p>A fun\u00e7\u00e3o \u00e0 qual Frei Felipe \u00e9 chamado est\u00e1 descrita na Constitui\u00e7\u00e3o Dogm\u00e1tica Lumen Gentium, no n\u00ba 29, da seguinte forma:<\/p>\n<p>\u201cAdministrar o Batismo solene, conservar e distribuir a Eucaristia, assistir e aben\u00e7oar, em nome da Igreja, os Matrim\u00f4nios, levar o vi\u00e1tico aos moribundos, ler a Sagrada Escritura aos fi\u00e9is, instruir e exortar o Povo, presidir ao culto e \u00e0s ora\u00e7\u00f5es dos fi\u00e9is, administrar os sacramentos e presidir aos ritos dos funerais e da sepultura.\u201d<\/p>\n<p>E, ainda, de maneira sint\u00e9tica, o mesmo texto afirma: \u201cServem o Povo de Deus na diaconia da Liturgia, da Palavra e da Caridade.\u201d<\/p>\n<p><img loading=\"lazy\" class=\"wp-image-254612 size-thumbnail alignleft\" src=\"https:\/\/franciscanos.org.br\/noticias\/wp-content\/uploads\/2025\/02\/WhatsApp-Image-2025-02-05-at-15.30.47-2-300x300.jpeg\" alt=\"\" width=\"300\" height=\"300\" srcset=\"https:\/\/franciscanos.org.br\/noticias\/wp-content\/uploads\/2025\/02\/WhatsApp-Image-2025-02-05-at-15.30.47-2-300x300.jpeg 300w, https:\/\/franciscanos.org.br\/noticias\/wp-content\/uploads\/2025\/02\/WhatsApp-Image-2025-02-05-at-15.30.47-2-100x100.jpeg 100w\" sizes=\"(max-width: 300px) 100vw, 300px\" \/><\/p>\n<p>&nbsp;<\/p>\n<p>&nbsp;<\/p>\n<p>O frade nasceu no dia 2 de julho de 1993, na cidade de Vila Velha (ES). Vestiu o h\u00e1bito franciscano e iniciou o Noviciado em 15 de janeiro 2015 e sua Primeira Profiss\u00e3o na Vida Religiosa foi no dia 5 de janeiro de 2016. J\u00e1 sua Profiss\u00e3o Solene foi no dia 13 de novembro de 2021.<\/p>\n<p>&nbsp;<\/p>\n<p>&nbsp;<\/p>\n<p>&nbsp;<\/p>\n<p><img loading=\"lazy\" class=\"aligncenter wp-image-254622 size-full\" src=\"https:\/\/franciscanos.org.br\/noticias\/wp-content\/uploads\/2025\/02\/convite-carreta-2.jpg\" alt=\"\" width=\"1280\" height=\"745\" srcset=\"https:\/\/franciscanos.org.br\/noticias\/wp-content\/uploads\/2025\/02\/convite-carreta-2.jpg 1280w, https:\/\/franciscanos.org.br\/noticias\/wp-content\/uploads\/2025\/02\/convite-carreta-2-450x262.jpg 450w, https:\/\/franciscanos.org.br\/noticias\/wp-content\/uploads\/2025\/02\/convite-carreta-2-1024x596.jpg 1024w, https:\/\/franciscanos.org.br\/noticias\/wp-content\/uploads\/2025\/02\/convite-carreta-2-768x447.jpg 768w, https:\/\/franciscanos.org.br\/noticias\/wp-content\/uploads\/2025\/02\/convite-carreta-2-150x87.jpg 150w\" sizes=\"(max-width: 1280px) 100vw, 1280px\" \/><\/p>\n<hr \/>\n<p><em>Adriana Rabelo<\/em><\/p>\n","protected":false},"excerpt":{"rendered":"<p>Ordena\u00e7\u00e3o Diaconal<\/p>\n","protected":false},"author":11,"featured_media":254610,"comment_status":"open","ping_status":"open","sticky":false,"template":"","format":"standard","meta":[],"categories":[1],"tags":[275,2133,2056],"acf":[],"yoast_head":"<!-- This site is optimized with the Yoast SEO plugin v19.2 - https:\/\/yoast.com\/wordpress\/plugins\/seo\/ -->\n<title>Frei Felipe Carretta ser\u00e1 ordenado di\u00e1cono - Not\u00edcias - Franciscanos<\/title>\n<meta name=\"robots\" content=\"index, follow, max-snippet:-1, max-image-preview:large, max-video-preview:-1\" \/>\n<link rel=\"canonical\" href=\"https:\/\/franciscanos.org.br\/noticias\/254607.html\" \/>\n<meta property=\"og:locale\" content=\"pt_BR\" \/>\n<meta property=\"og:type\" content=\"article\" \/>\n<meta property=\"og:title\" content=\"Frei Felipe Carretta ser\u00e1 ordenado di\u00e1cono - Not\u00edcias - Franciscanos\" \/>\n<meta property=\"og:description\" content=\"Ordena\u00e7\u00e3o Diaconal\" \/>\n<meta property=\"og:url\" content=\"https:\/\/franciscanos.org.br\/noticias\/254607.html\" \/>\n<meta property=\"og:site_name\" content=\"Not\u00edcias - Franciscanos\" \/>\n<meta property=\"article:published_time\" content=\"2025-02-06T15:56:06+00:00\" \/>\n<meta property=\"article:modified_time\" content=\"2025-03-10T19:24:40+00:00\" \/>\n<meta property=\"og:image\" content=\"https:\/\/franciscanos.org.br\/noticias\/wp-content\/uploads\/2025\/02\/Felipe-800-1.jpg\" \/>\n\t<meta property=\"og:image:width\" content=\"800\" \/>\n\t<meta property=\"og:image:height\" content=\"550\" \/>\n\t<meta property=\"og:image:type\" content=\"image\/jpeg\" \/>\n<meta name=\"author\" content=\"Adriana Rabelo\" \/>\n<meta name=\"twitter:card\" content=\"summary_large_image\" \/>\n<meta name=\"twitter:label1\" content=\"Escrito por\" \/>\n\t<meta name=\"twitter:data1\" content=\"Adriana Rabelo\" \/>\n\t<meta name=\"twitter:label2\" content=\"Est. tempo de leitura\" \/>\n\t<meta name=\"twitter:data2\" content=\"7 minutos\" \/>\n<script type=\"application\/ld+json\" class=\"yoast-schema-graph\">{\"@context\":\"https:\/\/schema.org\",\"@graph\":[{\"@type\":\"WebSite\",\"@id\":\"https:\/\/franciscanos.org.br\/noticias\/#website\",\"url\":\"https:\/\/franciscanos.org.br\/noticias\/\",\"name\":\"Not\u00edcias - Franciscanos\",\"description\":\"Prov\u00edncia Franciscana da Imaculada Concei\u00e7\u00e3o do Brasil - Ordem dos Frades Menores - OFM\",\"potentialAction\":[{\"@type\":\"SearchAction\",\"target\":{\"@type\":\"EntryPoint\",\"urlTemplate\":\"https:\/\/franciscanos.org.br\/noticias\/?s={search_term_string}\"},\"query-input\":\"required name=search_term_string\"}],\"inLanguage\":\"pt-BR\"},{\"@type\":\"ImageObject\",\"inLanguage\":\"pt-BR\",\"@id\":\"https:\/\/franciscanos.org.br\/noticias\/254607.html#primaryimage\",\"url\":\"https:\/\/franciscanos.org.br\/noticias\/wp-content\/uploads\/2025\/02\/Felipe-800-1.jpg\",\"contentUrl\":\"https:\/\/franciscanos.org.br\/noticias\/wp-content\/uploads\/2025\/02\/Felipe-800-1.jpg\",\"width\":800,\"height\":550},{\"@type\":\"WebPage\",\"@id\":\"https:\/\/franciscanos.org.br\/noticias\/254607.html#webpage\",\"url\":\"https:\/\/franciscanos.org.br\/noticias\/254607.html\",\"name\":\"Frei Felipe Carretta ser\u00e1 ordenado di\u00e1cono - Not\u00edcias - Franciscanos\",\"isPartOf\":{\"@id\":\"https:\/\/franciscanos.org.br\/noticias\/#website\"},\"primaryImageOfPage\":{\"@id\":\"https:\/\/franciscanos.org.br\/noticias\/254607.html#primaryimage\"},\"datePublished\":\"2025-02-06T15:56:06+00:00\",\"dateModified\":\"2025-03-10T19:24:40+00:00\",\"author\":{\"@id\":\"https:\/\/franciscanos.org.br\/noticias\/#\/schema\/person\/d9422e83121c3ad3b0f423d195f5bb25\"},\"breadcrumb\":{\"@id\":\"https:\/\/franciscanos.org.br\/noticias\/254607.html#breadcrumb\"},\"inLanguage\":\"pt-BR\",\"potentialAction\":[{\"@type\":\"ReadAction\",\"target\":[\"https:\/\/franciscanos.org.br\/noticias\/254607.html\"]}]},{\"@type\":\"BreadcrumbList\",\"@id\":\"https:\/\/franciscanos.org.br\/noticias\/254607.html#breadcrumb\",\"itemListElement\":[{\"@type\":\"ListItem\",\"position\":1,\"name\":\"Home\",\"item\":\"https:\/\/franciscanos.org.br\/noticias\"},{\"@type\":\"ListItem\",\"position\":2,\"name\":\"Frei Felipe Carretta ser\u00e1 ordenado di\u00e1cono\"}]},{\"@type\":\"Person\",\"@id\":\"https:\/\/franciscanos.org.br\/noticias\/#\/schema\/person\/d9422e83121c3ad3b0f423d195f5bb25\",\"name\":\"Adriana Rabelo\",\"image\":{\"@type\":\"ImageObject\",\"inLanguage\":\"pt-BR\",\"@id\":\"https:\/\/franciscanos.org.br\/noticias\/#\/schema\/person\/image\/\",\"url\":\"https:\/\/secure.gravatar.com\/avatar\/0a937b7500cd7df77540cfb8bede877d?s=96&d=mm&r=g\",\"contentUrl\":\"https:\/\/secure.gravatar.com\/avatar\/0a937b7500cd7df77540cfb8bede877d?s=96&d=mm&r=g\",\"caption\":\"Adriana Rabelo\"},\"url\":\"https:\/\/franciscanos.org.br\/noticias\/author\/adrianarabelo\"}]}<\/script>\n<!-- \/ Yoast SEO plugin. -->","yoast_head_json":{"title":"Frei Felipe Carretta ser\u00e1 ordenado di\u00e1cono - Not\u00edcias - Franciscanos","robots":{"index":"index","follow":"follow","max-snippet":"max-snippet:-1","max-image-preview":"max-image-preview:large","max-video-preview":"max-video-preview:-1"},"canonical":"https:\/\/franciscanos.org.br\/noticias\/254607.html","og_locale":"pt_BR","og_type":"article","og_title":"Frei Felipe Carretta ser\u00e1 ordenado di\u00e1cono - Not\u00edcias - Franciscanos","og_description":"Ordena\u00e7\u00e3o Diaconal","og_url":"https:\/\/franciscanos.org.br\/noticias\/254607.html","og_site_name":"Not\u00edcias - Franciscanos","article_published_time":"2025-02-06T15:56:06+00:00","article_modified_time":"2025-03-10T19:24:40+00:00","og_image":[{"width":800,"height":550,"url":"https:\/\/franciscanos.org.br\/noticias\/wp-content\/uploads\/2025\/02\/Felipe-800-1.jpg","type":"image\/jpeg"}],"author":"Adriana Rabelo","twitter_card":"summary_large_image","twitter_misc":{"Escrito por":"Adriana Rabelo","Est. tempo de leitura":"7 minutos"},"schema":{"@context":"https:\/\/schema.org","@graph":[{"@type":"WebSite","@id":"https:\/\/franciscanos.org.br\/noticias\/#website","url":"https:\/\/franciscanos.org.br\/noticias\/","name":"Not\u00edcias - Franciscanos","description":"Prov\u00edncia Franciscana da Imaculada Concei\u00e7\u00e3o do Brasil - Ordem dos Frades Menores - OFM","potentialAction":[{"@type":"SearchAction","target":{"@type":"EntryPoint","urlTemplate":"https:\/\/franciscanos.org.br\/noticias\/?s={search_term_string}"},"query-input":"required name=search_term_string"}],"inLanguage":"pt-BR"},{"@type":"ImageObject","inLanguage":"pt-BR","@id":"https:\/\/franciscanos.org.br\/noticias\/254607.html#primaryimage","url":"https:\/\/franciscanos.org.br\/noticias\/wp-content\/uploads\/2025\/02\/Felipe-800-1.jpg","contentUrl":"https:\/\/franciscanos.org.br\/noticias\/wp-content\/uploads\/2025\/02\/Felipe-800-1.jpg","width":800,"height":550},{"@type":"WebPage","@id":"https:\/\/franciscanos.org.br\/noticias\/254607.html#webpage","url":"https:\/\/franciscanos.org.br\/noticias\/254607.html","name":"Frei Felipe Carretta ser\u00e1 ordenado di\u00e1cono - Not\u00edcias - Franciscanos","isPartOf":{"@id":"https:\/\/franciscanos.org.br\/noticias\/#website"},"primaryImageOfPage":{"@id":"https:\/\/franciscanos.org.br\/noticias\/254607.html#primaryimage"},"datePublished":"2025-02-06T15:56:06+00:00","dateModified":"2025-03-10T19:24:40+00:00","author":{"@id":"https:\/\/franciscanos.org.br\/noticias\/#\/schema\/person\/d9422e83121c3ad3b0f423d195f5bb25"},"breadcrumb":{"@id":"https:\/\/franciscanos.org.br\/noticias\/254607.html#breadcrumb"},"inLanguage":"pt-BR","potentialAction":[{"@type":"ReadAction","target":["https:\/\/franciscanos.org.br\/noticias\/254607.html"]}]},{"@type":"BreadcrumbList","@id":"https:\/\/franciscanos.org.br\/noticias\/254607.html#breadcrumb","itemListElement":[{"@type":"ListItem","position":1,"name":"Home","item":"https:\/\/franciscanos.org.br\/noticias"},{"@type":"ListItem","position":2,"name":"Frei Felipe Carretta ser\u00e1 ordenado di\u00e1cono"}]},{"@type":"Person","@id":"https:\/\/franciscanos.org.br\/noticias\/#\/schema\/person\/d9422e83121c3ad3b0f423d195f5bb25","name":"Adriana Rabelo","image":{"@type":"ImageObject","inLanguage":"pt-BR","@id":"https:\/\/franciscanos.org.br\/noticias\/#\/schema\/person\/image\/","url":"https:\/\/secure.gravatar.com\/avatar\/0a937b7500cd7df77540cfb8bede877d?s=96&d=mm&r=g","contentUrl":"https:\/\/secure.gravatar.com\/avatar\/0a937b7500cd7df77540cfb8bede877d?s=96&d=mm&r=g","caption":"Adriana Rabelo"},"url":"https:\/\/franciscanos.org.br\/noticias\/author\/adrianarabelo"}]}},"_links":{"self":[{"href":"https:\/\/franciscanos.org.br\/noticias\/wp-json\/wp\/v2\/posts\/254607"}],"collection":[{"href":"https:\/\/franciscanos.org.br\/noticias\/wp-json\/wp\/v2\/posts"}],"about":[{"href":"https:\/\/franciscanos.org.br\/noticias\/wp-json\/wp\/v2\/types\/post"}],"author":[{"embeddable":true,"href":"https:\/\/franciscanos.org.br\/noticias\/wp-json\/wp\/v2\/users\/11"}],"replies":[{"embeddable":true,"href":"https:\/\/franciscanos.org.br\/noticias\/wp-json\/wp\/v2\/comments?post=254607"}],"version-history":[{"count":11,"href":"https:\/\/franciscanos.org.br\/noticias\/wp-json\/wp\/v2\/posts\/254607\/revisions"}],"predecessor-version":[{"id":254629,"href":"https:\/\/franciscanos.org.br\/noticias\/wp-json\/wp\/v2\/posts\/254607\/revisions\/254629"}],"wp:featuredmedia":[{"embeddable":true,"href":"https:\/\/franciscanos.org.br\/noticias\/wp-json\/wp\/v2\/media\/254610"}],"wp:attachment":[{"href":"https:\/\/franciscanos.org.br\/noticias\/wp-json\/wp\/v2\/media?parent=254607"}],"wp:term":[{"taxonomy":"category","embeddable":true,"href":"https:\/\/franciscanos.org.br\/noticias\/wp-json\/wp\/v2\/categories?post=254607"},{"taxonomy":"post_tag","embeddable":true,"href":"https:\/\/franciscanos.org.br\/noticias\/wp-json\/wp\/v2\/tags?post=254607"}],"curies":[{"name":"wp","href":"https:\/\/api.w.org\/{rel}","templated":true}]}}