{"id":254594,"date":"2025-02-05T07:30:38","date_gmt":"2025-02-05T10:30:38","guid":{"rendered":"https:\/\/franciscanos.org.br\/noticias\/?p=254594"},"modified":"2025-02-05T14:35:36","modified_gmt":"2025-02-05T17:35:36","slug":"maria-nao-teme-os-perigos-mas-vai-ao-encontro-dos-outros","status":"publish","type":"post","link":"https:\/\/franciscanos.org.br\/noticias\/maria-nao-teme-os-perigos-mas-vai-ao-encontro-dos-outros.html","title":{"rendered":"Maria n\u00e3o teme os perigos, mas vai ao encontro dos outros"},"content":{"rendered":"<p><img loading=\"lazy\" class=\"aligncenter wp-image-254596 size-full\" src=\"https:\/\/franciscanos.org.br\/noticias\/wp-content\/uploads\/2025\/02\/MATERIA-AUDIENCIA-GERAL-05.02.25.jpg\" alt=\"\" width=\"1280\" height=\"720\" srcset=\"https:\/\/franciscanos.org.br\/noticias\/wp-content\/uploads\/2025\/02\/MATERIA-AUDIENCIA-GERAL-05.02.25.jpg 1280w, https:\/\/franciscanos.org.br\/noticias\/wp-content\/uploads\/2025\/02\/MATERIA-AUDIENCIA-GERAL-05.02.25-450x253.jpg 450w, https:\/\/franciscanos.org.br\/noticias\/wp-content\/uploads\/2025\/02\/MATERIA-AUDIENCIA-GERAL-05.02.25-1024x576.jpg 1024w, https:\/\/franciscanos.org.br\/noticias\/wp-content\/uploads\/2025\/02\/MATERIA-AUDIENCIA-GERAL-05.02.25-768x432.jpg 768w, https:\/\/franciscanos.org.br\/noticias\/wp-content\/uploads\/2025\/02\/MATERIA-AUDIENCIA-GERAL-05.02.25-150x84.jpg 150w\" sizes=\"(max-width: 1280px) 100vw, 1280px\" \/><\/p>\n<p>O Papa Francisco deu continuidade ao ciclo de catequeses jubilar sobre\u00a0<i>Jesus Cristo, nossa esperan\u00e7a,\u00a0<\/i>na Audi\u00eancia Geral desta quarta-feira (05\/02), realizada na Sala Paulo VI.<\/p>\n<p>Por causa de um resfriado forte, a catequese do Santo Padre foi lida pelo pe. Pierluigi Giroli, sacerdote rosminiano, funcion\u00e1rio da Secretaria de Estado. &#8220;Pe\u00e7o-lhes desculpas porque com este resfriado forte est\u00e1 dif\u00edcil falar&#8221;, disse o Papa antes da leitura do texto.<\/p>\n<p>&#8220;Hoje contemplamos a beleza de Jesus Cristo, nossa esperan\u00e7a, no mist\u00e9rio da Visita\u00e7\u00e3o. A Virgem Maria visita Santa Isabel; mas \u00e9 sobretudo\u00a0<i>Jesus<\/i>, no ventre materno, que\u00a0<i>visita o seu povo<\/i>, como diz Zacarias no seu hino de louvor.&#8221;<\/p>\n<p><i>Depois do estupor e da admira\u00e7\u00e3o pelo que o Anjo lhe anunciara, Maria levanta-se e p\u00f5e-se a caminho, como todos os chamados na B\u00edblia, porque \u201co \u00fanico ato com que o homem pode corresponder ao Deus que se revela \u00e9 aquele da disponibilidade ilimitada\u201d. Esta jovem filha de Israel n\u00e3o escolhe proteger-se do mundo, n\u00e3o teme os perigos e os julgamentos das outras pessoas, mas vai ao encontro dos outros.<\/i><\/p>\n<p>Sentindo o impulso do amor, Maria \u00a0vai ao encontro de Isabel, sua parente, &#8220;mas tamb\u00e9m uma idosa que acolhe, depois de uma longa espera, uma gravidez inesperada, dif\u00edcil de enfrentar na sua idade. Mas a Virgem tamb\u00e9m vai ao encontro de Isabel para partilhar a sua f\u00e9 no Deus do imposs\u00edvel e a sua esperan\u00e7a no cumprimento das suas promessas&#8221;.<\/p>\n<p><i>O encontro entre as duas mulheres tem um impacto surpreendente: a voz da \u201ccheia de gra\u00e7a\u201d que sa\u00fada Isabel provoca a profecia na crian\u00e7a que a idosa traz no seu ventre e suscita nela uma dupla b\u00ean\u00e7\u00e3o: \u201cBendita \u00e9s tu entre as mulheres e bendito \u00e9 o fruto do teu ventre\u201d. E tamb\u00e9m uma bem-aventuran\u00e7a: \u201cBem-aventurada \u00e9s tu que creste, pois se h\u00e3o de cumprir as coisas que da parte do Senhor te foram ditas!\u201d<\/i><\/p>\n<p>&#8220;Perante o reconhecimento da identidade messi\u00e2nica do seu Filho e da sua miss\u00e3o de m\u00e3e, Maria n\u00e3o fala de si mesma, mas de Deus e suscita um louvor cheio de f\u00e9, esperan\u00e7a e alegria, um c\u00e2ntico que ressoa todos os dias na Igreja durante a ora\u00e7\u00e3o das V\u00e9speras: o\u00a0<i>Magnificat<\/i>&#8220;, escreve Francisco.<\/p>\n<p>De acordo com o Papa, &#8220;a presen\u00e7a maci\u00e7a do motivo da P\u00e1scoa faz tamb\u00e9m do\u00a0<i>Magnificat<\/i>\u00a0um c\u00e2ntico de reden\u00e7\u00e3o, que tem como pano de fundo a mem\u00f3ria da liberta\u00e7\u00e3o de Israel do Egito. Os verbos est\u00e3o todos no passado, imbu\u00eddos de uma mem\u00f3ria de amor que ilumina o presente com a f\u00e9 e ilumina o futuro com a esperan\u00e7a: Maria canta a gra\u00e7a do passado, mas \u00e9 a mulher do presente que carrega o futuro no seu ventre&#8221;.<\/p>\n<p>Segundo Francisco, &#8220;o Senhor, que se inclinou sobre a pequena Maria para nela realizar \u201cgrandes coisas\u201d e a fazer m\u00e3e do Senhor, come\u00e7ou a salvar o seu povo a partir do \u00caxodo, recordando a b\u00ean\u00e7\u00e3o universal prometida a Abra\u00e3o&#8221;.<\/p>\n<p><i>\u00a0O Senhor, Deus fiel para sempre, fez correr um fluxo ininterrupto de amor misericordioso \u201cde gera\u00e7\u00e3o em gera\u00e7\u00e3o\u201d sobre o povo fiel \u00e0 alian\u00e7a, e agora manifesta a plenitude da salva\u00e7\u00e3o no seu Filho, enviado para salvar os homens dos seus pecados. De Abra\u00e3o a Jesus Cristo e \u00e0 comunidade dos fi\u00e9is, a P\u00e1scoa surge assim como a categoria hermen\u00eautica para compreender toda a liberta\u00e7\u00e3o posterior, at\u00e9 \u00e0 alcan\u00e7ada pelo Messias na plenitude dos tempos.<\/i><\/p>\n<p>O Papa pede ao Senhor &#8220;a gra\u00e7a de podermos esperar o cumprimento de cada uma de suas promessas; e para que ele nos ajude a acolher a presen\u00e7a de Maria em nossas vidas&#8221;.<\/p>\n<hr \/>\n<p><em>Mariangela Jaguraba &#8211; Vatican News<\/em><\/p>\n","protected":false},"excerpt":{"rendered":"<p>Audi\u00eancia Geral<\/p>\n","protected":false},"author":11,"featured_media":254597,"comment_status":"open","ping_status":"open","sticky":false,"template":"","format":"standard","meta":[],"categories":[1,1428],"tags":[487,55],"acf":[],"yoast_head":"<!-- This site is optimized with the Yoast SEO plugin v19.2 - https:\/\/yoast.com\/wordpress\/plugins\/seo\/ -->\n<title>Maria n\u00e3o teme os perigos, mas vai ao encontro dos outros - Not\u00edcias - Franciscanos<\/title>\n<meta name=\"robots\" content=\"index, follow, max-snippet:-1, max-image-preview:large, max-video-preview:-1\" \/>\n<link rel=\"canonical\" href=\"https:\/\/franciscanos.org.br\/noticias\/maria-nao-teme-os-perigos-mas-vai-ao-encontro-dos-outros.html\" \/>\n<meta property=\"og:locale\" content=\"pt_BR\" \/>\n<meta property=\"og:type\" content=\"article\" \/>\n<meta property=\"og:title\" content=\"Maria n\u00e3o teme os perigos, mas vai ao encontro dos outros - Not\u00edcias - Franciscanos\" \/>\n<meta property=\"og:description\" content=\"Audi\u00eancia Geral\" \/>\n<meta property=\"og:url\" content=\"https:\/\/franciscanos.org.br\/noticias\/maria-nao-teme-os-perigos-mas-vai-ao-encontro-dos-outros.html\" \/>\n<meta property=\"og:site_name\" content=\"Not\u00edcias - Franciscanos\" \/>\n<meta property=\"article:published_time\" content=\"2025-02-05T10:30:38+00:00\" \/>\n<meta property=\"article:modified_time\" content=\"2025-02-05T17:35:36+00:00\" \/>\n<meta property=\"og:image\" content=\"https:\/\/franciscanos.org.br\/noticias\/wp-content\/uploads\/2025\/02\/CHAMADA-AUDIENCIA-GERAL-05.02.25.jpg\" \/>\n\t<meta property=\"og:image:width\" content=\"800\" \/>\n\t<meta property=\"og:image:height\" content=\"550\" \/>\n\t<meta property=\"og:image:type\" content=\"image\/jpeg\" \/>\n<meta name=\"author\" content=\"Adriana Rabelo\" \/>\n<meta name=\"twitter:card\" content=\"summary_large_image\" \/>\n<meta name=\"twitter:label1\" content=\"Escrito por\" \/>\n\t<meta name=\"twitter:data1\" content=\"Adriana Rabelo\" \/>\n\t<meta name=\"twitter:label2\" content=\"Est. tempo de leitura\" \/>\n\t<meta name=\"twitter:data2\" content=\"3 minutos\" \/>\n<script type=\"application\/ld+json\" class=\"yoast-schema-graph\">{\"@context\":\"https:\/\/schema.org\",\"@graph\":[{\"@type\":\"WebSite\",\"@id\":\"https:\/\/franciscanos.org.br\/noticias\/#website\",\"url\":\"https:\/\/franciscanos.org.br\/noticias\/\",\"name\":\"Not\u00edcias - Franciscanos\",\"description\":\"Prov\u00edncia Franciscana da Imaculada Concei\u00e7\u00e3o do Brasil - Ordem dos Frades Menores - OFM\",\"potentialAction\":[{\"@type\":\"SearchAction\",\"target\":{\"@type\":\"EntryPoint\",\"urlTemplate\":\"https:\/\/franciscanos.org.br\/noticias\/?s={search_term_string}\"},\"query-input\":\"required name=search_term_string\"}],\"inLanguage\":\"pt-BR\"},{\"@type\":\"ImageObject\",\"inLanguage\":\"pt-BR\",\"@id\":\"https:\/\/franciscanos.org.br\/noticias\/maria-nao-teme-os-perigos-mas-vai-ao-encontro-dos-outros.html#primaryimage\",\"url\":\"https:\/\/franciscanos.org.br\/noticias\/wp-content\/uploads\/2025\/02\/CHAMADA-AUDIENCIA-GERAL-05.02.25.jpg\",\"contentUrl\":\"https:\/\/franciscanos.org.br\/noticias\/wp-content\/uploads\/2025\/02\/CHAMADA-AUDIENCIA-GERAL-05.02.25.jpg\",\"width\":800,\"height\":550},{\"@type\":\"WebPage\",\"@id\":\"https:\/\/franciscanos.org.br\/noticias\/maria-nao-teme-os-perigos-mas-vai-ao-encontro-dos-outros.html#webpage\",\"url\":\"https:\/\/franciscanos.org.br\/noticias\/maria-nao-teme-os-perigos-mas-vai-ao-encontro-dos-outros.html\",\"name\":\"Maria n\u00e3o teme os perigos, mas vai ao encontro dos outros - Not\u00edcias - Franciscanos\",\"isPartOf\":{\"@id\":\"https:\/\/franciscanos.org.br\/noticias\/#website\"},\"primaryImageOfPage\":{\"@id\":\"https:\/\/franciscanos.org.br\/noticias\/maria-nao-teme-os-perigos-mas-vai-ao-encontro-dos-outros.html#primaryimage\"},\"datePublished\":\"2025-02-05T10:30:38+00:00\",\"dateModified\":\"2025-02-05T17:35:36+00:00\",\"author\":{\"@id\":\"https:\/\/franciscanos.org.br\/noticias\/#\/schema\/person\/d9422e83121c3ad3b0f423d195f5bb25\"},\"breadcrumb\":{\"@id\":\"https:\/\/franciscanos.org.br\/noticias\/maria-nao-teme-os-perigos-mas-vai-ao-encontro-dos-outros.html#breadcrumb\"},\"inLanguage\":\"pt-BR\",\"potentialAction\":[{\"@type\":\"ReadAction\",\"target\":[\"https:\/\/franciscanos.org.br\/noticias\/maria-nao-teme-os-perigos-mas-vai-ao-encontro-dos-outros.html\"]}]},{\"@type\":\"BreadcrumbList\",\"@id\":\"https:\/\/franciscanos.org.br\/noticias\/maria-nao-teme-os-perigos-mas-vai-ao-encontro-dos-outros.html#breadcrumb\",\"itemListElement\":[{\"@type\":\"ListItem\",\"position\":1,\"name\":\"Home\",\"item\":\"https:\/\/franciscanos.org.br\/noticias\"},{\"@type\":\"ListItem\",\"position\":2,\"name\":\"Maria n\u00e3o teme os perigos, mas vai ao encontro dos outros\"}]},{\"@type\":\"Person\",\"@id\":\"https:\/\/franciscanos.org.br\/noticias\/#\/schema\/person\/d9422e83121c3ad3b0f423d195f5bb25\",\"name\":\"Adriana Rabelo\",\"image\":{\"@type\":\"ImageObject\",\"inLanguage\":\"pt-BR\",\"@id\":\"https:\/\/franciscanos.org.br\/noticias\/#\/schema\/person\/image\/\",\"url\":\"https:\/\/secure.gravatar.com\/avatar\/0a937b7500cd7df77540cfb8bede877d?s=96&d=mm&r=g\",\"contentUrl\":\"https:\/\/secure.gravatar.com\/avatar\/0a937b7500cd7df77540cfb8bede877d?s=96&d=mm&r=g\",\"caption\":\"Adriana Rabelo\"},\"url\":\"https:\/\/franciscanos.org.br\/noticias\/author\/adrianarabelo\"}]}<\/script>\n<!-- \/ Yoast SEO plugin. -->","yoast_head_json":{"title":"Maria n\u00e3o teme os perigos, mas vai ao encontro dos outros - Not\u00edcias - Franciscanos","robots":{"index":"index","follow":"follow","max-snippet":"max-snippet:-1","max-image-preview":"max-image-preview:large","max-video-preview":"max-video-preview:-1"},"canonical":"https:\/\/franciscanos.org.br\/noticias\/maria-nao-teme-os-perigos-mas-vai-ao-encontro-dos-outros.html","og_locale":"pt_BR","og_type":"article","og_title":"Maria n\u00e3o teme os perigos, mas vai ao encontro dos outros - Not\u00edcias - Franciscanos","og_description":"Audi\u00eancia Geral","og_url":"https:\/\/franciscanos.org.br\/noticias\/maria-nao-teme-os-perigos-mas-vai-ao-encontro-dos-outros.html","og_site_name":"Not\u00edcias - Franciscanos","article_published_time":"2025-02-05T10:30:38+00:00","article_modified_time":"2025-02-05T17:35:36+00:00","og_image":[{"width":800,"height":550,"url":"https:\/\/franciscanos.org.br\/noticias\/wp-content\/uploads\/2025\/02\/CHAMADA-AUDIENCIA-GERAL-05.02.25.jpg","type":"image\/jpeg"}],"author":"Adriana Rabelo","twitter_card":"summary_large_image","twitter_misc":{"Escrito por":"Adriana Rabelo","Est. tempo de leitura":"3 minutos"},"schema":{"@context":"https:\/\/schema.org","@graph":[{"@type":"WebSite","@id":"https:\/\/franciscanos.org.br\/noticias\/#website","url":"https:\/\/franciscanos.org.br\/noticias\/","name":"Not\u00edcias - Franciscanos","description":"Prov\u00edncia Franciscana da Imaculada Concei\u00e7\u00e3o do Brasil - Ordem dos Frades Menores - OFM","potentialAction":[{"@type":"SearchAction","target":{"@type":"EntryPoint","urlTemplate":"https:\/\/franciscanos.org.br\/noticias\/?s={search_term_string}"},"query-input":"required name=search_term_string"}],"inLanguage":"pt-BR"},{"@type":"ImageObject","inLanguage":"pt-BR","@id":"https:\/\/franciscanos.org.br\/noticias\/maria-nao-teme-os-perigos-mas-vai-ao-encontro-dos-outros.html#primaryimage","url":"https:\/\/franciscanos.org.br\/noticias\/wp-content\/uploads\/2025\/02\/CHAMADA-AUDIENCIA-GERAL-05.02.25.jpg","contentUrl":"https:\/\/franciscanos.org.br\/noticias\/wp-content\/uploads\/2025\/02\/CHAMADA-AUDIENCIA-GERAL-05.02.25.jpg","width":800,"height":550},{"@type":"WebPage","@id":"https:\/\/franciscanos.org.br\/noticias\/maria-nao-teme-os-perigos-mas-vai-ao-encontro-dos-outros.html#webpage","url":"https:\/\/franciscanos.org.br\/noticias\/maria-nao-teme-os-perigos-mas-vai-ao-encontro-dos-outros.html","name":"Maria n\u00e3o teme os perigos, mas vai ao encontro dos outros - Not\u00edcias - Franciscanos","isPartOf":{"@id":"https:\/\/franciscanos.org.br\/noticias\/#website"},"primaryImageOfPage":{"@id":"https:\/\/franciscanos.org.br\/noticias\/maria-nao-teme-os-perigos-mas-vai-ao-encontro-dos-outros.html#primaryimage"},"datePublished":"2025-02-05T10:30:38+00:00","dateModified":"2025-02-05T17:35:36+00:00","author":{"@id":"https:\/\/franciscanos.org.br\/noticias\/#\/schema\/person\/d9422e83121c3ad3b0f423d195f5bb25"},"breadcrumb":{"@id":"https:\/\/franciscanos.org.br\/noticias\/maria-nao-teme-os-perigos-mas-vai-ao-encontro-dos-outros.html#breadcrumb"},"inLanguage":"pt-BR","potentialAction":[{"@type":"ReadAction","target":["https:\/\/franciscanos.org.br\/noticias\/maria-nao-teme-os-perigos-mas-vai-ao-encontro-dos-outros.html"]}]},{"@type":"BreadcrumbList","@id":"https:\/\/franciscanos.org.br\/noticias\/maria-nao-teme-os-perigos-mas-vai-ao-encontro-dos-outros.html#breadcrumb","itemListElement":[{"@type":"ListItem","position":1,"name":"Home","item":"https:\/\/franciscanos.org.br\/noticias"},{"@type":"ListItem","position":2,"name":"Maria n\u00e3o teme os perigos, mas vai ao encontro dos outros"}]},{"@type":"Person","@id":"https:\/\/franciscanos.org.br\/noticias\/#\/schema\/person\/d9422e83121c3ad3b0f423d195f5bb25","name":"Adriana Rabelo","image":{"@type":"ImageObject","inLanguage":"pt-BR","@id":"https:\/\/franciscanos.org.br\/noticias\/#\/schema\/person\/image\/","url":"https:\/\/secure.gravatar.com\/avatar\/0a937b7500cd7df77540cfb8bede877d?s=96&d=mm&r=g","contentUrl":"https:\/\/secure.gravatar.com\/avatar\/0a937b7500cd7df77540cfb8bede877d?s=96&d=mm&r=g","caption":"Adriana Rabelo"},"url":"https:\/\/franciscanos.org.br\/noticias\/author\/adrianarabelo"}]}},"_links":{"self":[{"href":"https:\/\/franciscanos.org.br\/noticias\/wp-json\/wp\/v2\/posts\/254594"}],"collection":[{"href":"https:\/\/franciscanos.org.br\/noticias\/wp-json\/wp\/v2\/posts"}],"about":[{"href":"https:\/\/franciscanos.org.br\/noticias\/wp-json\/wp\/v2\/types\/post"}],"author":[{"embeddable":true,"href":"https:\/\/franciscanos.org.br\/noticias\/wp-json\/wp\/v2\/users\/11"}],"replies":[{"embeddable":true,"href":"https:\/\/franciscanos.org.br\/noticias\/wp-json\/wp\/v2\/comments?post=254594"}],"version-history":[{"count":3,"href":"https:\/\/franciscanos.org.br\/noticias\/wp-json\/wp\/v2\/posts\/254594\/revisions"}],"predecessor-version":[{"id":254600,"href":"https:\/\/franciscanos.org.br\/noticias\/wp-json\/wp\/v2\/posts\/254594\/revisions\/254600"}],"wp:featuredmedia":[{"embeddable":true,"href":"https:\/\/franciscanos.org.br\/noticias\/wp-json\/wp\/v2\/media\/254597"}],"wp:attachment":[{"href":"https:\/\/franciscanos.org.br\/noticias\/wp-json\/wp\/v2\/media?parent=254594"}],"wp:term":[{"taxonomy":"category","embeddable":true,"href":"https:\/\/franciscanos.org.br\/noticias\/wp-json\/wp\/v2\/categories?post=254594"},{"taxonomy":"post_tag","embeddable":true,"href":"https:\/\/franciscanos.org.br\/noticias\/wp-json\/wp\/v2\/tags?post=254594"}],"curies":[{"name":"wp","href":"https:\/\/api.w.org\/{rel}","templated":true}]}}