{"id":254544,"date":"2025-02-05T10:53:41","date_gmt":"2025-02-05T13:53:41","guid":{"rendered":"https:\/\/franciscanos.org.br\/noticias\/?p=254544"},"modified":"2025-02-05T10:53:41","modified_gmt":"2025-02-05T13:53:41","slug":"dom-frei-samuel-celebra-missa-no-convento-santo-antonio","status":"publish","type":"post","link":"https:\/\/franciscanos.org.br\/noticias\/dom-frei-samuel-celebra-missa-no-convento-santo-antonio.html","title":{"rendered":"Dom Frei Samuel celebra Missa no Convento Santo Ant\u00f4nio"},"content":{"rendered":"<p><img loading=\"lazy\" class=\"aligncenter wp-image-254545 size-full\" src=\"https:\/\/franciscanos.org.br\/noticias\/wp-content\/uploads\/2025\/02\/MATERIA-4.jpg\" alt=\"\" width=\"1280\" height=\"720\" srcset=\"https:\/\/franciscanos.org.br\/noticias\/wp-content\/uploads\/2025\/02\/MATERIA-4.jpg 1280w, https:\/\/franciscanos.org.br\/noticias\/wp-content\/uploads\/2025\/02\/MATERIA-4-450x253.jpg 450w, https:\/\/franciscanos.org.br\/noticias\/wp-content\/uploads\/2025\/02\/MATERIA-4-1024x576.jpg 1024w, https:\/\/franciscanos.org.br\/noticias\/wp-content\/uploads\/2025\/02\/MATERIA-4-768x432.jpg 768w, https:\/\/franciscanos.org.br\/noticias\/wp-content\/uploads\/2025\/02\/MATERIA-4-150x84.jpg 150w\" sizes=\"(max-width: 1280px) 100vw, 1280px\" \/><\/p>\n<p>O Convento Santo Ant\u00f4nio, do Largo da Carioca, no Rio de Janeiro, recebeu nesta ter\u00e7a-feira, 4 de fevereiro, a visita do Bispo Auxiliar de Manaus, Dom Frei Samuel Ferreira de Lima, ordenado bispo, recentemente, em cerim\u00f4nia realizada no \u00faltimo dia 1 de fevereiro, em Rodeio (SC).<\/p>\n<p>Em breve Dom Samuel seguir\u00e1 para Manaus (AM), onde ser\u00e1 bispo auxiliar da Arquidiocese local, auxiliando o Cardeal Dom Leonardo Ulrich Steiner, OFM, auxiliando-o em seu minist\u00e9rio.<\/p>\n<p><img loading=\"lazy\" class=\"size-medium wp-image-254546 alignright\" src=\"https:\/\/franciscanos.org.br\/noticias\/wp-content\/uploads\/2025\/02\/WhatsApp-Image-2025-02-05-at-08.36.33-450x338.jpeg\" alt=\"\" width=\"450\" height=\"338\" srcset=\"https:\/\/franciscanos.org.br\/noticias\/wp-content\/uploads\/2025\/02\/WhatsApp-Image-2025-02-05-at-08.36.33-450x338.jpeg 450w, https:\/\/franciscanos.org.br\/noticias\/wp-content\/uploads\/2025\/02\/WhatsApp-Image-2025-02-05-at-08.36.33-1024x768.jpeg 1024w, https:\/\/franciscanos.org.br\/noticias\/wp-content\/uploads\/2025\/02\/WhatsApp-Image-2025-02-05-at-08.36.33-768x576.jpeg 768w, https:\/\/franciscanos.org.br\/noticias\/wp-content\/uploads\/2025\/02\/WhatsApp-Image-2025-02-05-at-08.36.33-150x113.jpeg 150w, https:\/\/franciscanos.org.br\/noticias\/wp-content\/uploads\/2025\/02\/WhatsApp-Image-2025-02-05-at-08.36.33-600x450.jpeg 600w, https:\/\/franciscanos.org.br\/noticias\/wp-content\/uploads\/2025\/02\/WhatsApp-Image-2025-02-05-at-08.36.33.jpeg 1280w\" sizes=\"(max-width: 450px) 100vw, 450px\" \/>Natural de S\u00e3o Jo\u00e3o de Meriti, na Baixada Fluminense, o bispo est\u00e1 passando alguns dias junto a fam\u00edlia, antes de embarcar para a Capital do Estado do Amazonas, onde iniciar\u00e1 suas atividades pastorais.<\/p>\n<p>Dom Samuel esteve no convento acompanhado pelos pais, a senhora Edite Oliveira de Lima e o senhor Francisco Ferreira de Lima. Durante a celebra\u00e7\u00e3o das 12h, presidida por ele, recordou que o Convento Santo Ant\u00f4nio tamb\u00e9m fez parte de sua hist\u00f3ria vocacional. Quando estudante de Teologia, chegou a passar um per\u00edodo como estagi\u00e1rio na Biblioteca do convento. Participaram como concelebrantes o Guardi\u00e3o, Frei Walter Ferreira Junior, Frei Cl\u00e1udio C\u00e9sar Broca, Frei Jos\u00e9 Pereira e Frei Neylor Jos\u00e9 Tonin, que foi professor de Frei Samuel no tempo da Teologia.<\/p>\n<p>Ao final da Santa Missa, conforme a tradi\u00e7\u00e3o de ter\u00e7as-feiras na devo\u00e7\u00e3o a Santo Ant\u00f4nio, o guardi\u00e3o, Frei Walter, convidou os pais de Dom Samuel para segurar a cesta dos p\u00e3es que seriam aben\u00e7oados, como sinal da entrega generosa do filho para o servi\u00e7o \u00e0 Igreja. Com gratid\u00e3o pela acolhida, o novo bispo aben\u00e7oou os P\u00e3es de Santo Ant\u00f4nio e recomendou-se \u00e0 ora\u00e7\u00e3o dos devotos presentes. Dom Frei Samuel segue do Rio de Janeiro para Manaus at\u00e9 o final desta semana.<\/p>\n\n\t\t<style type=\"text\/css\">\n\t\t\t#gallery-1 {\n\t\t\t\tmargin: auto;\n\t\t\t}\n\t\t\t#gallery-1 .gallery-item {\n\t\t\t\tfloat: left;\n\t\t\t\tmargin-top: 10px;\n\t\t\t\ttext-align: center;\n\t\t\t\twidth: 33%;\n\t\t\t}\n\t\t\t#gallery-1 img {\n\t\t\t\tborder: 2px solid #cfcfcf;\n\t\t\t}\n\t\t\t#gallery-1 .gallery-caption {\n\t\t\t\tmargin-left: 0;\n\t\t\t}\n\t\t\t\/* see gallery_shortcode() in wp-includes\/media.php *\/\n\t\t<\/style>\n\t\t<div id='gallery-1' class='gallery galleryid-254544 gallery-columns-3 gallery-size-medium'><dl class='gallery-item'>\n\t\t\t<dt class='gallery-icon portrait'>\n\t\t\t\t<a href='https:\/\/franciscanos.org.br\/noticias\/wp-content\/uploads\/2025\/02\/WhatsApp-Image-2025-02-05-at-08.36.35-1.jpeg'><img width=\"338\" height=\"450\" src=\"https:\/\/franciscanos.org.br\/noticias\/wp-content\/uploads\/2025\/02\/WhatsApp-Image-2025-02-05-at-08.36.35-1-338x450.jpeg\" class=\"attachment-medium size-medium\" alt=\"\" loading=\"lazy\" srcset=\"https:\/\/franciscanos.org.br\/noticias\/wp-content\/uploads\/2025\/02\/WhatsApp-Image-2025-02-05-at-08.36.35-1-338x450.jpeg 338w, https:\/\/franciscanos.org.br\/noticias\/wp-content\/uploads\/2025\/02\/WhatsApp-Image-2025-02-05-at-08.36.35-1-768x1024.jpeg 768w, https:\/\/franciscanos.org.br\/noticias\/wp-content\/uploads\/2025\/02\/WhatsApp-Image-2025-02-05-at-08.36.35-1-150x200.jpeg 150w, https:\/\/franciscanos.org.br\/noticias\/wp-content\/uploads\/2025\/02\/WhatsApp-Image-2025-02-05-at-08.36.35-1.jpeg 810w\" sizes=\"(max-width: 338px) 100vw, 338px\" \/><\/a>\n\t\t\t<\/dt><\/dl><dl class='gallery-item'>\n\t\t\t<dt class='gallery-icon portrait'>\n\t\t\t\t<a href='https:\/\/franciscanos.org.br\/noticias\/wp-content\/uploads\/2025\/02\/WhatsApp-Image-2025-02-05-at-08.36.35.jpeg'><img width=\"338\" height=\"450\" src=\"https:\/\/franciscanos.org.br\/noticias\/wp-content\/uploads\/2025\/02\/WhatsApp-Image-2025-02-05-at-08.36.35-338x450.jpeg\" class=\"attachment-medium size-medium\" alt=\"\" loading=\"lazy\" srcset=\"https:\/\/franciscanos.org.br\/noticias\/wp-content\/uploads\/2025\/02\/WhatsApp-Image-2025-02-05-at-08.36.35-338x450.jpeg 338w, https:\/\/franciscanos.org.br\/noticias\/wp-content\/uploads\/2025\/02\/WhatsApp-Image-2025-02-05-at-08.36.35-768x1024.jpeg 768w, https:\/\/franciscanos.org.br\/noticias\/wp-content\/uploads\/2025\/02\/WhatsApp-Image-2025-02-05-at-08.36.35-150x200.jpeg 150w, https:\/\/franciscanos.org.br\/noticias\/wp-content\/uploads\/2025\/02\/WhatsApp-Image-2025-02-05-at-08.36.35.jpeg 810w\" sizes=\"(max-width: 338px) 100vw, 338px\" \/><\/a>\n\t\t\t<\/dt><\/dl><dl class='gallery-item'>\n\t\t\t<dt class='gallery-icon portrait'>\n\t\t\t\t<a href='https:\/\/franciscanos.org.br\/noticias\/wp-content\/uploads\/2025\/02\/WhatsApp-Image-2025-02-05-at-08.36.33-1.jpeg'><img width=\"338\" height=\"450\" src=\"https:\/\/franciscanos.org.br\/noticias\/wp-content\/uploads\/2025\/02\/WhatsApp-Image-2025-02-05-at-08.36.33-1-338x450.jpeg\" class=\"attachment-medium size-medium\" alt=\"\" loading=\"lazy\" srcset=\"https:\/\/franciscanos.org.br\/noticias\/wp-content\/uploads\/2025\/02\/WhatsApp-Image-2025-02-05-at-08.36.33-1-338x450.jpeg 338w, https:\/\/franciscanos.org.br\/noticias\/wp-content\/uploads\/2025\/02\/WhatsApp-Image-2025-02-05-at-08.36.33-1-768x1024.jpeg 768w, https:\/\/franciscanos.org.br\/noticias\/wp-content\/uploads\/2025\/02\/WhatsApp-Image-2025-02-05-at-08.36.33-1-150x200.jpeg 150w, https:\/\/franciscanos.org.br\/noticias\/wp-content\/uploads\/2025\/02\/WhatsApp-Image-2025-02-05-at-08.36.33-1.jpeg 810w\" sizes=\"(max-width: 338px) 100vw, 338px\" \/><\/a>\n\t\t\t<\/dt><\/dl><br style=\"clear: both\" \/>\n\t\t<\/div>\n\n<p><strong>Hist\u00f3ria e vida franciscana<\/strong><\/p>\n<p>No ano em que a Prov\u00edncia Franciscana da Imaculada Concei\u00e7\u00e3o do Brasil completa 350 anos, a eleva\u00e7\u00e3o de Frei Samuel a bispo evidencia a miss\u00e3o dos frades que nesta grande fraternidade percorreram a sua trajet\u00f3ria religiosa e cumpriram a miss\u00e3o no seguimento de Jesus Cristo, a partir dos exemplos de S\u00e3o Francisco de Assis.<\/p>\n<p><img loading=\"lazy\" class=\"size-medium wp-image-254553 alignright\" src=\"https:\/\/franciscanos.org.br\/noticias\/wp-content\/uploads\/2025\/02\/WhatsApp-Image-2024-12-20-at-11.48.18-450x264.jpeg\" alt=\"\" width=\"450\" height=\"264\" srcset=\"https:\/\/franciscanos.org.br\/noticias\/wp-content\/uploads\/2025\/02\/WhatsApp-Image-2024-12-20-at-11.48.18-450x264.jpeg 450w, https:\/\/franciscanos.org.br\/noticias\/wp-content\/uploads\/2025\/02\/WhatsApp-Image-2024-12-20-at-11.48.18-1024x600.jpeg 1024w, https:\/\/franciscanos.org.br\/noticias\/wp-content\/uploads\/2025\/02\/WhatsApp-Image-2024-12-20-at-11.48.18-768x450.jpeg 768w, https:\/\/franciscanos.org.br\/noticias\/wp-content\/uploads\/2025\/02\/WhatsApp-Image-2024-12-20-at-11.48.18-150x88.jpeg 150w, https:\/\/franciscanos.org.br\/noticias\/wp-content\/uploads\/2025\/02\/WhatsApp-Image-2024-12-20-at-11.48.18.jpeg 1280w\" sizes=\"(max-width: 450px) 100vw, 450px\" \/>Observando a hist\u00f3ria da Prov\u00edncia e da Igreja Cat\u00f3lica no Brasil, \u00e9 poss\u00edvel constatar que, ao longo de 525 anos, a miss\u00e3o franciscana nunca foi uma mera condi\u00e7\u00e3o de estar em um ambiente para marcar territ\u00f3rio. O olhar para a Cria\u00e7\u00e3o, consciente da sua condi\u00e7\u00e3o de menor diante das Criaturas, fez dos primeiros franciscanos OFM que chegaram ao pa\u00eds nas caravelas e os que se dedicaram \u00e0 Prov\u00edncia, ainda em 1675, sinais de esperan\u00e7a para aqueles que buscavam um encontro especial com Deus. O carisma e a espiritualidade franciscana foram o fio condutor desse encontro para irm\u00e3os e irm\u00e3s que viram nessa presen\u00e7a a possibilidade de conhecer e se reconhecer num ambiente diverso, a sua liga\u00e7\u00e3o com o todo a partir da presen\u00e7a amorosa do Pai.<\/p>\n<p>O reflexo da capacidade da Prov\u00edncia de ser ponte na vida de jovens que buscam sua voca\u00e7\u00e3o e se entregam \u00e0 vida religiosa fez dela uma importante promotora de pastores que assumiram miss\u00f5es nas quais a vida, a esperan\u00e7a e caridade est\u00e3o em primeiro lugar. O Vaticano, olhando para esse \u201cceleiro\u201d formativo, escolheu confrades dessa fam\u00edlia franciscana para o episcopado. Atualmente, s\u00e3o 11 frades cumprindo a miss\u00e3o episcopal em diferentes localidades do Brasil. \u00a0Al\u00e9m deles, outros j\u00e1 falecidos tamb\u00e9m extrapolaram o limite territorial da Prov\u00edncia no pa\u00eds (Rio de Janeiro, Santa Catarina, Paran\u00e1, S\u00e3o Paulo e Esp\u00edrito Santo), e seguiram a caminhada como peregrinos de esperan\u00e7a, pois sabem que a vida franciscana \u00e9 de altern\u00e2ncia e itiner\u00e2ncia.<\/p>\n<hr \/>\n<p><em>Adriana Rabelo e Equipe de Comunica\u00e7\u00e3o do Convento Santo Ant\u00f4nio<\/em><\/p>\n","protected":false},"excerpt":{"rendered":"<p>Celebra\u00e7\u00e3o Eucar\u00edstica<\/p>\n","protected":false},"author":11,"featured_media":254555,"comment_status":"open","ping_status":"open","sticky":false,"template":"","format":"standard","meta":[],"categories":[1],"tags":[401],"acf":[],"yoast_head":"<!-- This site is optimized with the Yoast SEO plugin v19.2 - https:\/\/yoast.com\/wordpress\/plugins\/seo\/ -->\n<title>Dom Frei Samuel celebra Missa no Convento Santo Ant\u00f4nio - Not\u00edcias - Franciscanos<\/title>\n<meta name=\"robots\" content=\"index, follow, max-snippet:-1, max-image-preview:large, max-video-preview:-1\" \/>\n<link rel=\"canonical\" href=\"https:\/\/franciscanos.org.br\/noticias\/dom-frei-samuel-celebra-missa-no-convento-santo-antonio.html\" \/>\n<meta property=\"og:locale\" content=\"pt_BR\" \/>\n<meta property=\"og:type\" content=\"article\" \/>\n<meta property=\"og:title\" content=\"Dom Frei Samuel celebra Missa no Convento Santo Ant\u00f4nio - Not\u00edcias - Franciscanos\" \/>\n<meta property=\"og:description\" content=\"Celebra\u00e7\u00e3o Eucar\u00edstica\" \/>\n<meta property=\"og:url\" content=\"https:\/\/franciscanos.org.br\/noticias\/dom-frei-samuel-celebra-missa-no-convento-santo-antonio.html\" \/>\n<meta property=\"og:site_name\" content=\"Not\u00edcias - Franciscanos\" \/>\n<meta property=\"article:published_time\" content=\"2025-02-05T13:53:41+00:00\" \/>\n<meta property=\"og:image\" content=\"https:\/\/franciscanos.org.br\/noticias\/wp-content\/uploads\/2025\/02\/CHAMADA-3.jpg\" \/>\n\t<meta property=\"og:image:width\" content=\"800\" \/>\n\t<meta property=\"og:image:height\" content=\"550\" \/>\n\t<meta property=\"og:image:type\" content=\"image\/jpeg\" \/>\n<meta name=\"author\" content=\"Adriana Rabelo\" \/>\n<meta name=\"twitter:card\" content=\"summary_large_image\" \/>\n<meta name=\"twitter:label1\" content=\"Escrito por\" \/>\n\t<meta name=\"twitter:data1\" content=\"Adriana Rabelo\" \/>\n\t<meta name=\"twitter:label2\" content=\"Est. tempo de leitura\" \/>\n\t<meta name=\"twitter:data2\" content=\"3 minutos\" \/>\n<script type=\"application\/ld+json\" class=\"yoast-schema-graph\">{\"@context\":\"https:\/\/schema.org\",\"@graph\":[{\"@type\":\"WebSite\",\"@id\":\"https:\/\/franciscanos.org.br\/noticias\/#website\",\"url\":\"https:\/\/franciscanos.org.br\/noticias\/\",\"name\":\"Not\u00edcias - Franciscanos\",\"description\":\"Prov\u00edncia Franciscana da Imaculada Concei\u00e7\u00e3o do Brasil - Ordem dos Frades Menores - OFM\",\"potentialAction\":[{\"@type\":\"SearchAction\",\"target\":{\"@type\":\"EntryPoint\",\"urlTemplate\":\"https:\/\/franciscanos.org.br\/noticias\/?s={search_term_string}\"},\"query-input\":\"required name=search_term_string\"}],\"inLanguage\":\"pt-BR\"},{\"@type\":\"ImageObject\",\"inLanguage\":\"pt-BR\",\"@id\":\"https:\/\/franciscanos.org.br\/noticias\/dom-frei-samuel-celebra-missa-no-convento-santo-antonio.html#primaryimage\",\"url\":\"https:\/\/franciscanos.org.br\/noticias\/wp-content\/uploads\/2025\/02\/CHAMADA-3.jpg\",\"contentUrl\":\"https:\/\/franciscanos.org.br\/noticias\/wp-content\/uploads\/2025\/02\/CHAMADA-3.jpg\",\"width\":800,\"height\":550},{\"@type\":\"WebPage\",\"@id\":\"https:\/\/franciscanos.org.br\/noticias\/dom-frei-samuel-celebra-missa-no-convento-santo-antonio.html#webpage\",\"url\":\"https:\/\/franciscanos.org.br\/noticias\/dom-frei-samuel-celebra-missa-no-convento-santo-antonio.html\",\"name\":\"Dom Frei Samuel celebra Missa no Convento Santo Ant\u00f4nio - Not\u00edcias - Franciscanos\",\"isPartOf\":{\"@id\":\"https:\/\/franciscanos.org.br\/noticias\/#website\"},\"primaryImageOfPage\":{\"@id\":\"https:\/\/franciscanos.org.br\/noticias\/dom-frei-samuel-celebra-missa-no-convento-santo-antonio.html#primaryimage\"},\"datePublished\":\"2025-02-05T13:53:41+00:00\",\"dateModified\":\"2025-02-05T13:53:41+00:00\",\"author\":{\"@id\":\"https:\/\/franciscanos.org.br\/noticias\/#\/schema\/person\/d9422e83121c3ad3b0f423d195f5bb25\"},\"breadcrumb\":{\"@id\":\"https:\/\/franciscanos.org.br\/noticias\/dom-frei-samuel-celebra-missa-no-convento-santo-antonio.html#breadcrumb\"},\"inLanguage\":\"pt-BR\",\"potentialAction\":[{\"@type\":\"ReadAction\",\"target\":[\"https:\/\/franciscanos.org.br\/noticias\/dom-frei-samuel-celebra-missa-no-convento-santo-antonio.html\"]}]},{\"@type\":\"BreadcrumbList\",\"@id\":\"https:\/\/franciscanos.org.br\/noticias\/dom-frei-samuel-celebra-missa-no-convento-santo-antonio.html#breadcrumb\",\"itemListElement\":[{\"@type\":\"ListItem\",\"position\":1,\"name\":\"Home\",\"item\":\"https:\/\/franciscanos.org.br\/noticias\"},{\"@type\":\"ListItem\",\"position\":2,\"name\":\"Dom Frei Samuel celebra Missa no Convento Santo Ant\u00f4nio\"}]},{\"@type\":\"Person\",\"@id\":\"https:\/\/franciscanos.org.br\/noticias\/#\/schema\/person\/d9422e83121c3ad3b0f423d195f5bb25\",\"name\":\"Adriana Rabelo\",\"image\":{\"@type\":\"ImageObject\",\"inLanguage\":\"pt-BR\",\"@id\":\"https:\/\/franciscanos.org.br\/noticias\/#\/schema\/person\/image\/\",\"url\":\"https:\/\/secure.gravatar.com\/avatar\/0a937b7500cd7df77540cfb8bede877d?s=96&d=mm&r=g\",\"contentUrl\":\"https:\/\/secure.gravatar.com\/avatar\/0a937b7500cd7df77540cfb8bede877d?s=96&d=mm&r=g\",\"caption\":\"Adriana Rabelo\"},\"url\":\"https:\/\/franciscanos.org.br\/noticias\/author\/adrianarabelo\"}]}<\/script>\n<!-- \/ Yoast SEO plugin. -->","yoast_head_json":{"title":"Dom Frei Samuel celebra Missa no Convento Santo Ant\u00f4nio - Not\u00edcias - Franciscanos","robots":{"index":"index","follow":"follow","max-snippet":"max-snippet:-1","max-image-preview":"max-image-preview:large","max-video-preview":"max-video-preview:-1"},"canonical":"https:\/\/franciscanos.org.br\/noticias\/dom-frei-samuel-celebra-missa-no-convento-santo-antonio.html","og_locale":"pt_BR","og_type":"article","og_title":"Dom Frei Samuel celebra Missa no Convento Santo Ant\u00f4nio - Not\u00edcias - Franciscanos","og_description":"Celebra\u00e7\u00e3o Eucar\u00edstica","og_url":"https:\/\/franciscanos.org.br\/noticias\/dom-frei-samuel-celebra-missa-no-convento-santo-antonio.html","og_site_name":"Not\u00edcias - Franciscanos","article_published_time":"2025-02-05T13:53:41+00:00","og_image":[{"width":800,"height":550,"url":"https:\/\/franciscanos.org.br\/noticias\/wp-content\/uploads\/2025\/02\/CHAMADA-3.jpg","type":"image\/jpeg"}],"author":"Adriana Rabelo","twitter_card":"summary_large_image","twitter_misc":{"Escrito por":"Adriana Rabelo","Est. tempo de leitura":"3 minutos"},"schema":{"@context":"https:\/\/schema.org","@graph":[{"@type":"WebSite","@id":"https:\/\/franciscanos.org.br\/noticias\/#website","url":"https:\/\/franciscanos.org.br\/noticias\/","name":"Not\u00edcias - Franciscanos","description":"Prov\u00edncia Franciscana da Imaculada Concei\u00e7\u00e3o do Brasil - Ordem dos Frades Menores - OFM","potentialAction":[{"@type":"SearchAction","target":{"@type":"EntryPoint","urlTemplate":"https:\/\/franciscanos.org.br\/noticias\/?s={search_term_string}"},"query-input":"required name=search_term_string"}],"inLanguage":"pt-BR"},{"@type":"ImageObject","inLanguage":"pt-BR","@id":"https:\/\/franciscanos.org.br\/noticias\/dom-frei-samuel-celebra-missa-no-convento-santo-antonio.html#primaryimage","url":"https:\/\/franciscanos.org.br\/noticias\/wp-content\/uploads\/2025\/02\/CHAMADA-3.jpg","contentUrl":"https:\/\/franciscanos.org.br\/noticias\/wp-content\/uploads\/2025\/02\/CHAMADA-3.jpg","width":800,"height":550},{"@type":"WebPage","@id":"https:\/\/franciscanos.org.br\/noticias\/dom-frei-samuel-celebra-missa-no-convento-santo-antonio.html#webpage","url":"https:\/\/franciscanos.org.br\/noticias\/dom-frei-samuel-celebra-missa-no-convento-santo-antonio.html","name":"Dom Frei Samuel celebra Missa no Convento Santo Ant\u00f4nio - Not\u00edcias - Franciscanos","isPartOf":{"@id":"https:\/\/franciscanos.org.br\/noticias\/#website"},"primaryImageOfPage":{"@id":"https:\/\/franciscanos.org.br\/noticias\/dom-frei-samuel-celebra-missa-no-convento-santo-antonio.html#primaryimage"},"datePublished":"2025-02-05T13:53:41+00:00","dateModified":"2025-02-05T13:53:41+00:00","author":{"@id":"https:\/\/franciscanos.org.br\/noticias\/#\/schema\/person\/d9422e83121c3ad3b0f423d195f5bb25"},"breadcrumb":{"@id":"https:\/\/franciscanos.org.br\/noticias\/dom-frei-samuel-celebra-missa-no-convento-santo-antonio.html#breadcrumb"},"inLanguage":"pt-BR","potentialAction":[{"@type":"ReadAction","target":["https:\/\/franciscanos.org.br\/noticias\/dom-frei-samuel-celebra-missa-no-convento-santo-antonio.html"]}]},{"@type":"BreadcrumbList","@id":"https:\/\/franciscanos.org.br\/noticias\/dom-frei-samuel-celebra-missa-no-convento-santo-antonio.html#breadcrumb","itemListElement":[{"@type":"ListItem","position":1,"name":"Home","item":"https:\/\/franciscanos.org.br\/noticias"},{"@type":"ListItem","position":2,"name":"Dom Frei Samuel celebra Missa no Convento Santo Ant\u00f4nio"}]},{"@type":"Person","@id":"https:\/\/franciscanos.org.br\/noticias\/#\/schema\/person\/d9422e83121c3ad3b0f423d195f5bb25","name":"Adriana Rabelo","image":{"@type":"ImageObject","inLanguage":"pt-BR","@id":"https:\/\/franciscanos.org.br\/noticias\/#\/schema\/person\/image\/","url":"https:\/\/secure.gravatar.com\/avatar\/0a937b7500cd7df77540cfb8bede877d?s=96&d=mm&r=g","contentUrl":"https:\/\/secure.gravatar.com\/avatar\/0a937b7500cd7df77540cfb8bede877d?s=96&d=mm&r=g","caption":"Adriana Rabelo"},"url":"https:\/\/franciscanos.org.br\/noticias\/author\/adrianarabelo"}]}},"_links":{"self":[{"href":"https:\/\/franciscanos.org.br\/noticias\/wp-json\/wp\/v2\/posts\/254544"}],"collection":[{"href":"https:\/\/franciscanos.org.br\/noticias\/wp-json\/wp\/v2\/posts"}],"about":[{"href":"https:\/\/franciscanos.org.br\/noticias\/wp-json\/wp\/v2\/types\/post"}],"author":[{"embeddable":true,"href":"https:\/\/franciscanos.org.br\/noticias\/wp-json\/wp\/v2\/users\/11"}],"replies":[{"embeddable":true,"href":"https:\/\/franciscanos.org.br\/noticias\/wp-json\/wp\/v2\/comments?post=254544"}],"version-history":[{"count":2,"href":"https:\/\/franciscanos.org.br\/noticias\/wp-json\/wp\/v2\/posts\/254544\/revisions"}],"predecessor-version":[{"id":254556,"href":"https:\/\/franciscanos.org.br\/noticias\/wp-json\/wp\/v2\/posts\/254544\/revisions\/254556"}],"wp:featuredmedia":[{"embeddable":true,"href":"https:\/\/franciscanos.org.br\/noticias\/wp-json\/wp\/v2\/media\/254555"}],"wp:attachment":[{"href":"https:\/\/franciscanos.org.br\/noticias\/wp-json\/wp\/v2\/media?parent=254544"}],"wp:term":[{"taxonomy":"category","embeddable":true,"href":"https:\/\/franciscanos.org.br\/noticias\/wp-json\/wp\/v2\/categories?post=254544"},{"taxonomy":"post_tag","embeddable":true,"href":"https:\/\/franciscanos.org.br\/noticias\/wp-json\/wp\/v2\/tags?post=254544"}],"curies":[{"name":"wp","href":"https:\/\/api.w.org\/{rel}","templated":true}]}}