{"id":254478,"date":"2025-02-04T11:38:35","date_gmt":"2025-02-04T14:38:35","guid":{"rendered":"https:\/\/franciscanos.org.br\/noticias\/?p=254478"},"modified":"2025-03-10T16:24:13","modified_gmt":"2025-03-10T19:24:13","slug":"dia-de-missao-movimenta-500-jovens-em-quinze-fraternidades-no-territorio-da-provincia","status":"publish","type":"post","link":"https:\/\/franciscanos.org.br\/noticias\/dia-de-missao-movimenta-500-jovens-em-quinze-fraternidades-no-territorio-da-provincia.html","title":{"rendered":"Dia de Miss\u00e3o movimenta 500 jovens em quinze fraternidades no territ\u00f3rio da Prov\u00edncia"},"content":{"rendered":"<p><img loading=\"lazy\" class=\"aligncenter wp-image-254479 size-full\" src=\"https:\/\/franciscanos.org.br\/noticias\/wp-content\/uploads\/2025\/02\/MATERIA-3.jpg\" alt=\"\" width=\"1280\" height=\"720\" srcset=\"https:\/\/franciscanos.org.br\/noticias\/wp-content\/uploads\/2025\/02\/MATERIA-3.jpg 1280w, https:\/\/franciscanos.org.br\/noticias\/wp-content\/uploads\/2025\/02\/MATERIA-3-450x253.jpg 450w, https:\/\/franciscanos.org.br\/noticias\/wp-content\/uploads\/2025\/02\/MATERIA-3-1024x576.jpg 1024w, https:\/\/franciscanos.org.br\/noticias\/wp-content\/uploads\/2025\/02\/MATERIA-3-768x432.jpg 768w, https:\/\/franciscanos.org.br\/noticias\/wp-content\/uploads\/2025\/02\/MATERIA-3-150x84.jpg 150w\" sizes=\"(max-width: 1280px) 100vw, 1280px\" \/><\/p>\n<p>Sob a ilumina\u00e7\u00e3o da Luz de Cristo, no final de Semana da Festa da Apresenta\u00e7\u00e3o do Senhor, cerca de 500 jovens espalhados por 15 fraternidades localizadas no territ\u00f3rio da Prov\u00edncia, foram Luz de esperan\u00e7a e alegria para muitos irm\u00e3os e irm\u00e3s em realidades diversas. Foi o Dia de Miss\u00e3o 2025 que, com o tema &#8220;Mission\u00e1rios da Esperan\u00e7a&#8221;, e o lema &#8220;No louvor a Deus com toda a Cria\u00e7\u00e3o&#8221;, em sua segunda edi\u00e7\u00e3o, deixou marcas de ora\u00e7\u00e3o, fraternidade e servi\u00e7o onde foi realizado. Ao fim do dia 02, domingo, \u00e0s 20h, uma <em>Live<\/em> festiva de encerramento foi realizada, onde os jovens apresentaram alguns testemunhos, fizeram um balan\u00e7o das atividades e foi, ainda, realizada a divulga\u00e7\u00e3o da data e sede da pr\u00f3xima edi\u00e7\u00e3o da Caminhada Franciscana das Juventudes, e dos encontros <em>Alverne<\/em>. Neste especial, voc\u00ea vai acompanhar um pouco de como foi o Dia de Miss\u00e3o 2025 e tamb\u00e9m conhecer as sedes dos pr\u00f3ximos eventos da Evangeliza\u00e7\u00e3o com a Juventude.<\/p>\n<p><strong>RIO DE JANEIRO<\/strong><\/p>\n<p><strong>Ora\u00e7\u00e3o, brincadeiras e mutir\u00e3o na Par\u00f3quia Santa Clara, em Imbari\u00ea<\/strong><\/p>\n<p><img loading=\"lazy\" class=\"size-medium wp-image-254484 alignright\" src=\"https:\/\/franciscanos.org.br\/noticias\/wp-content\/uploads\/2025\/02\/Imbarie-2-450x338.jpg\" alt=\"\" width=\"450\" height=\"338\" srcset=\"https:\/\/franciscanos.org.br\/noticias\/wp-content\/uploads\/2025\/02\/Imbarie-2-450x338.jpg 450w, https:\/\/franciscanos.org.br\/noticias\/wp-content\/uploads\/2025\/02\/Imbarie-2-1024x768.jpg 1024w, https:\/\/franciscanos.org.br\/noticias\/wp-content\/uploads\/2025\/02\/Imbarie-2-768x576.jpg 768w, https:\/\/franciscanos.org.br\/noticias\/wp-content\/uploads\/2025\/02\/Imbarie-2-1536x1152.jpg 1536w, https:\/\/franciscanos.org.br\/noticias\/wp-content\/uploads\/2025\/02\/Imbarie-2-150x113.jpg 150w, https:\/\/franciscanos.org.br\/noticias\/wp-content\/uploads\/2025\/02\/Imbarie-2-600x450.jpg 600w, https:\/\/franciscanos.org.br\/noticias\/wp-content\/uploads\/2025\/02\/Imbarie-2.jpg 1440w\" sizes=\"(max-width: 450px) 100vw, 450px\" \/>Na Par\u00f3quia Santa Clara, em Imbari\u00ea, Duque de Caxias, se anteciparam e deram in\u00edcio \u00e0s atividades j\u00e1 na sexta-feira, dia 31 e janeiro, concluindo no s\u00e1bado, 01 de fevereiro. As atividades se concentraram em torno da Comunidade Nossa Senhora da Estrela, tendo in\u00edcio com a missa de envio, seguida por um momento de conv\u00edvio e divers\u00e3o com as crian\u00e7as da regi\u00e3o. Com muitas brincadeiras, n\u00e3o faltaram alegria e boas risadas. O segundo dia, por sua vez, foi de miss\u00e3o fora e dentro da igreja, em visitas pelo bairro e depois em mutir\u00e3o de limpeza e ro\u00e7agem no terreno da Comunidade. Momentos repletos de partilha, aprendizado, cuidado e uni\u00e3o. Encerrou-se com um forte momento de adora\u00e7\u00e3o ao Sant\u00edssimo Sacramento, fortalecendo a juventude para n\u00e3o deixar de ser mission\u00e1ria ali, mas continuar a trabalhar na messe, abra\u00e7ar e acolher aqueles que estiverem abandonados pelo Caminho.<\/p>\n<p><strong>Em Nil\u00f3polis, jovens se mobilizam para doa\u00e7\u00e3o de sangue<\/strong><\/p>\n<p><img loading=\"lazy\" class=\"alignleft wp-image-254486 size-thumbnail\" src=\"https:\/\/franciscanos.org.br\/noticias\/wp-content\/uploads\/2025\/02\/Nilopolis-2-300x300.jpg\" alt=\"\" width=\"300\" height=\"300\" srcset=\"https:\/\/franciscanos.org.br\/noticias\/wp-content\/uploads\/2025\/02\/Nilopolis-2-300x300.jpg 300w, https:\/\/franciscanos.org.br\/noticias\/wp-content\/uploads\/2025\/02\/Nilopolis-2-100x100.jpg 100w\" sizes=\"(max-width: 300px) 100vw, 300px\" \/><\/p>\n<p>&nbsp;<\/p>\n<p>&nbsp;<\/p>\n<p>Na Par\u00f3quia Nossa Senhora Aparecida, em Nil\u00f3polis, 18 jovens se mobilizaram para realizar uma Doa\u00e7\u00e3o do Sangue no Hemocentro do Rio de Janeiro. Ap\u00f3s uma ora\u00e7\u00e3o inicial e das palavras de incentivo e carinho do P\u00e1roco, Frei Jo\u00e3o Fernandes Reinert, a juventude se organizou para chegar ao Centro da capital, onde fizeram este gesto de levar vida e esperan\u00e7a a muitas pessoas atrav\u00e9s da Doa\u00e7\u00e3o de Sangue.<\/p>\n<p>&nbsp;<\/p>\n<p>&nbsp;<\/p>\n<p>&nbsp;<\/p>\n<p><strong>Lembran\u00e7as constru\u00eddas pelas pr\u00f3prias m\u00e3os e entregues \u00e0s fam\u00edlias na Rocinha<\/strong><\/p>\n<p>Os jovens da Par\u00f3quia Nossa Senhora da Boa Viagem, na Rocinha, iniciaram as miss\u00f5es na manh\u00e3 do s\u00e1bado, 01 de fevereiro, com um momento de anima\u00e7\u00e3o, seguido por uma forma\u00e7\u00e3o dirigida pelo p\u00e1roco, Frei Ant\u00f4nio Michels. Na parte da tarde, os mission\u00e1rios participaram de uma oficina para preparar artesanalmente, as lembrancinhas que seriam entregues \u00e0s fam\u00edlias visitadas. \u00c0 noite, dividiram-se em dois grupos e participaram das celebra\u00e7\u00f5es na Matriz e na Comunidade S\u00e3o Jos\u00e9 Oper\u00e1rio (Rua 01). No dia seguinte, ocuparam-se das visitas \u00e0s fam\u00edlias da Rua 01, especialmente aquelas onde havia enfermos, e levaram, al\u00e9m da b\u00ean\u00e7\u00e3o, uma palavra de esperan\u00e7a e a lembrancinha que produziram com as pr\u00f3prias m\u00e3os. O encerramento ocorreu com a Missa das 18h, no Domingo, dia 02, na Matriz Nossa Senhora da Boa Viagem.<\/p>\n\n\t\t<style type=\"text\/css\">\n\t\t\t#gallery-1 {\n\t\t\t\tmargin: auto;\n\t\t\t}\n\t\t\t#gallery-1 .gallery-item {\n\t\t\t\tfloat: left;\n\t\t\t\tmargin-top: 10px;\n\t\t\t\ttext-align: center;\n\t\t\t\twidth: 50%;\n\t\t\t}\n\t\t\t#gallery-1 img {\n\t\t\t\tborder: 2px solid #cfcfcf;\n\t\t\t}\n\t\t\t#gallery-1 .gallery-caption {\n\t\t\t\tmargin-left: 0;\n\t\t\t}\n\t\t\t\/* see gallery_shortcode() in wp-includes\/media.php *\/\n\t\t<\/style>\n\t\t<div id='gallery-1' class='gallery galleryid-254478 gallery-columns-2 gallery-size-thumbnail'><dl class='gallery-item'>\n\t\t\t<dt class='gallery-icon portrait'>\n\t\t\t\t<a href='https:\/\/franciscanos.org.br\/noticias\/wp-content\/uploads\/2025\/02\/Rocinha-2-1.jpg'><img width=\"300\" height=\"300\" src=\"https:\/\/franciscanos.org.br\/noticias\/wp-content\/uploads\/2025\/02\/Rocinha-2-1-300x300.jpg\" class=\"attachment-thumbnail size-thumbnail\" alt=\"\" loading=\"lazy\" srcset=\"https:\/\/franciscanos.org.br\/noticias\/wp-content\/uploads\/2025\/02\/Rocinha-2-1-300x300.jpg 300w, https:\/\/franciscanos.org.br\/noticias\/wp-content\/uploads\/2025\/02\/Rocinha-2-1-100x100.jpg 100w\" sizes=\"(max-width: 300px) 100vw, 300px\" \/><\/a>\n\t\t\t<\/dt><\/dl><dl class='gallery-item'>\n\t\t\t<dt class='gallery-icon portrait'>\n\t\t\t\t<a href='https:\/\/franciscanos.org.br\/noticias\/wp-content\/uploads\/2025\/02\/Rocinha-1-1.jpg'><img width=\"300\" height=\"300\" src=\"https:\/\/franciscanos.org.br\/noticias\/wp-content\/uploads\/2025\/02\/Rocinha-1-1-300x300.jpg\" class=\"attachment-thumbnail size-thumbnail\" alt=\"\" loading=\"lazy\" srcset=\"https:\/\/franciscanos.org.br\/noticias\/wp-content\/uploads\/2025\/02\/Rocinha-1-1-300x300.jpg 300w, https:\/\/franciscanos.org.br\/noticias\/wp-content\/uploads\/2025\/02\/Rocinha-1-1-100x100.jpg 100w\" sizes=\"(max-width: 300px) 100vw, 300px\" \/><\/a>\n\t\t\t<\/dt><\/dl><br style=\"clear: both\" \/>\n\t\t<\/div>\n\n<p><strong>De Niter\u00f3i para o Rio, num dia de voluntariado junto aos irm\u00e3os em situa\u00e7\u00e3o de rua<\/strong><\/p>\n<p>Os jovens de Niter\u00f3i, da Par\u00f3quia da Porci\u00fancula de Santana, em Icara\u00ed, atravessaram a Ba\u00eda da Guanabara para praticar a solidariedade na Regi\u00e3o da Central do Brasil no Rio de Janeiro. Eles tiveram a oportunidade de realizar uma a\u00e7\u00e3o volunt\u00e1ria na Casa Franciscana, do Servi\u00e7o Franciscano de Solidariedade, participando da acolhida e do servi\u00e7o a mais de 300 irm\u00e3os em situa\u00e7\u00e3o de rua que diariamente se dirigem ao local para almo\u00e7ar. Puderam participar de todas as etapas do servi\u00e7o, desde a acolhida, a prepara\u00e7\u00e3o do espa\u00e7o, a organiza\u00e7\u00e3o das filas e a conviv\u00eancia com os acolhidos, trabalhadores e demais volunt\u00e1rios. Foi um dia de miss\u00e3o em que puderam crescer na empatia e na solidariedade para com aquele que sofre.<\/p>\n<p><strong>S\u00c3O PAULO<\/strong><\/p>\n<p><strong>Jovens de Sorocaba se unem para deixar as marcas de Jesus por onde passam<\/strong><\/p>\n<p>Durante toda a tarde do dia 01 de fevereiro, os jovens levaram a esperan\u00e7a de Jesus a diversos lares em v\u00e1rias partes da cidade. O dia teve in\u00edcio com um momento de ora\u00e7\u00e3o e m\u00fasica na Porci\u00fancula (Capela do Sant\u00edssimo) da Par\u00f3quia Bom Jesus dos Aflitos. Os Freis Benedito Gon\u00e7alves e Jos\u00e9 Raimundo de Souza conduziram uma breve mensagem inspiradora aos jovens e os aben\u00e7oaram, enviando-os para o Dia de Miss\u00e3o. Cada jovem recebeu um livreto, elaborado pela equipe organizadora, para auxili\u00e1-los na visita \u00e0s casas. Al\u00e9m disso, participaram de uma din\u00e2mica muito significativa intitulada \u201cQue marca eu vou deixar?\u201d. Nessa atividade, foram convidados a refletir sobre a import\u00e2ncia de deixar a marca de Jesus no cora\u00e7\u00e3o dos membros do grupo, dos motoristas que os transportaram e das fam\u00edlias visitadas. Como s\u00edmbolo desse compromisso, marcaram com suas digitais o verso de um grande Tau de madeira antes de seguirem para as visitas. Os lares atendidos pertenciam a idosos, enfermos e fam\u00edlias de diferentes perfis, que acolheram os jovens com muito amor e carinho para um momento de ora\u00e7\u00e3o, reflex\u00e3o da Palavra de Deus e b\u00ean\u00e7\u00e3o.<\/p>\n\n\t\t<style type=\"text\/css\">\n\t\t\t#gallery-2 {\n\t\t\t\tmargin: auto;\n\t\t\t}\n\t\t\t#gallery-2 .gallery-item {\n\t\t\t\tfloat: left;\n\t\t\t\tmargin-top: 10px;\n\t\t\t\ttext-align: center;\n\t\t\t\twidth: 50%;\n\t\t\t}\n\t\t\t#gallery-2 img {\n\t\t\t\tborder: 2px solid #cfcfcf;\n\t\t\t}\n\t\t\t#gallery-2 .gallery-caption {\n\t\t\t\tmargin-left: 0;\n\t\t\t}\n\t\t\t\/* see gallery_shortcode() in wp-includes\/media.php *\/\n\t\t<\/style>\n\t\t<div id='gallery-2' class='gallery galleryid-254478 gallery-columns-2 gallery-size-medium'><dl class='gallery-item'>\n\t\t\t<dt class='gallery-icon landscape'>\n\t\t\t\t<a href='https:\/\/franciscanos.org.br\/noticias\/wp-content\/uploads\/2025\/02\/Sorocaba-2.jpg'><img width=\"450\" height=\"338\" src=\"https:\/\/franciscanos.org.br\/noticias\/wp-content\/uploads\/2025\/02\/Sorocaba-2-450x338.jpg\" class=\"attachment-medium size-medium\" alt=\"\" loading=\"lazy\" srcset=\"https:\/\/franciscanos.org.br\/noticias\/wp-content\/uploads\/2025\/02\/Sorocaba-2-450x338.jpg 450w, https:\/\/franciscanos.org.br\/noticias\/wp-content\/uploads\/2025\/02\/Sorocaba-2-1024x768.jpg 1024w, https:\/\/franciscanos.org.br\/noticias\/wp-content\/uploads\/2025\/02\/Sorocaba-2-768x576.jpg 768w, https:\/\/franciscanos.org.br\/noticias\/wp-content\/uploads\/2025\/02\/Sorocaba-2-1536x1152.jpg 1536w, https:\/\/franciscanos.org.br\/noticias\/wp-content\/uploads\/2025\/02\/Sorocaba-2-150x113.jpg 150w, https:\/\/franciscanos.org.br\/noticias\/wp-content\/uploads\/2025\/02\/Sorocaba-2-600x450.jpg 600w, https:\/\/franciscanos.org.br\/noticias\/wp-content\/uploads\/2025\/02\/Sorocaba-2.jpg 1440w\" sizes=\"(max-width: 450px) 100vw, 450px\" \/><\/a>\n\t\t\t<\/dt><\/dl><dl class='gallery-item'>\n\t\t\t<dt class='gallery-icon landscape'>\n\t\t\t\t<a href='https:\/\/franciscanos.org.br\/noticias\/wp-content\/uploads\/2025\/02\/Sorocaba-1.jpg'><img width=\"450\" height=\"338\" src=\"https:\/\/franciscanos.org.br\/noticias\/wp-content\/uploads\/2025\/02\/Sorocaba-1-450x338.jpg\" class=\"attachment-medium size-medium\" alt=\"\" loading=\"lazy\" srcset=\"https:\/\/franciscanos.org.br\/noticias\/wp-content\/uploads\/2025\/02\/Sorocaba-1-450x338.jpg 450w, https:\/\/franciscanos.org.br\/noticias\/wp-content\/uploads\/2025\/02\/Sorocaba-1-1024x768.jpg 1024w, https:\/\/franciscanos.org.br\/noticias\/wp-content\/uploads\/2025\/02\/Sorocaba-1-768x576.jpg 768w, https:\/\/franciscanos.org.br\/noticias\/wp-content\/uploads\/2025\/02\/Sorocaba-1-150x113.jpg 150w, https:\/\/franciscanos.org.br\/noticias\/wp-content\/uploads\/2025\/02\/Sorocaba-1-600x450.jpg 600w, https:\/\/franciscanos.org.br\/noticias\/wp-content\/uploads\/2025\/02\/Sorocaba-1.jpg 1280w\" sizes=\"(max-width: 450px) 100vw, 450px\" \/><\/a>\n\t\t\t<\/dt><\/dl><br style=\"clear: both\" \/>\n\t\t<\/div>\n\n<p>Ap\u00f3s o t\u00e9rmino das visitas, os jovens foram conduzidos ao Centro Pastoral Frei Achilles Kloeckner (da Par\u00f3quia Santo Ant\u00f4nio), onde participaram de um momento final de ora\u00e7\u00e3o e m\u00fasica diante da Capela do Sant\u00edssimo agradecendo a Deus pelo dia. Em seguida, caminharam juntos at\u00e9 a Par\u00f3quia Santo Ant\u00f4nio para a celebra\u00e7\u00e3o da Santa Missa, na qual um jovem de cada grupo organizador fez as leituras e os demais participaram da Prociss\u00e3o de Entrada, levando o Tau utilizado no in\u00edcio do dia e o cartaz do evento. Al\u00e9m disso, colaboraram na prociss\u00e3o do ofert\u00f3rio. Ao final da celebra\u00e7\u00e3o, os jovens retornaram ao Centro Pastoral para um saboroso lanche, preparado com muito amor e carinho pela equipe da cozinha. No total, o evento contou com a participa\u00e7\u00e3o de 30 jovens mission\u00e1rios, 36 lares assistidos e 11 volunt\u00e1rios respons\u00e1veis pelo transporte dos grupos (chamados por n\u00f3s de \u201cCarona em Miss\u00e3o\u201d), al\u00e9m de diversos colaboradores na montagem dos lanches, lembrancinhas e apoio log\u00edstico.<\/p>\n<p><strong>Religiosidade, Hist\u00f3ria e Solidariedade no Convento S\u00e3o Francisco, em S\u00e3o Paulo<\/strong><\/p>\n<p><img loading=\"lazy\" class=\"size-medium wp-image-254495 alignright\" src=\"https:\/\/franciscanos.org.br\/noticias\/wp-content\/uploads\/2025\/02\/Sao-Paulo-2-450x253.jpg\" alt=\"\" width=\"450\" height=\"253\" srcset=\"https:\/\/franciscanos.org.br\/noticias\/wp-content\/uploads\/2025\/02\/Sao-Paulo-2-450x253.jpg 450w, https:\/\/franciscanos.org.br\/noticias\/wp-content\/uploads\/2025\/02\/Sao-Paulo-2-1024x577.jpg 1024w, https:\/\/franciscanos.org.br\/noticias\/wp-content\/uploads\/2025\/02\/Sao-Paulo-2-768x432.jpg 768w, https:\/\/franciscanos.org.br\/noticias\/wp-content\/uploads\/2025\/02\/Sao-Paulo-2-1536x865.jpg 1536w, https:\/\/franciscanos.org.br\/noticias\/wp-content\/uploads\/2025\/02\/Sao-Paulo-2-150x84.jpg 150w, https:\/\/franciscanos.org.br\/noticias\/wp-content\/uploads\/2025\/02\/Sao-Paulo-2.jpg 1600w\" sizes=\"(max-width: 450px) 100vw, 450px\" \/>No Convento S\u00e3o Francisco, no Centro de S\u00e3o Paulo, os jovens mission\u00e1rios tiveram um dia de ora\u00e7\u00e3o, conviv\u00eancia, passeio pela hist\u00f3ria do Convento e dos arredores e o engajamento na atividade de distribui\u00e7\u00e3o de refei\u00e7\u00f5es e acolhida de pessoas em situa\u00e7\u00e3o de rua, no servi\u00e7o conhecido como \u201cCh\u00e1 do Padre\u201d, coordenado pelo Servi\u00e7o Franciscano de Solidariedade e que funciona nas instala\u00e7\u00f5es do Convento S\u00e3o Francisco. No cora\u00e7\u00e3o da maior cidade do Brasil, fizeram a experi\u00eancia de serem presen\u00e7a do Cristo servidor juntos aos menores entre os menores da sociedade, num dia inesquec\u00edvel de miss\u00e3o.<\/p>\n<p>&nbsp;<\/p>\n<p><strong>Jovens de Guaratinguet\u00e1 realizam miss\u00e3o na cidade de Lagoinha<\/strong><\/p>\n<p><img loading=\"lazy\" class=\"aligncenter wp-image-254496 size-large\" src=\"https:\/\/franciscanos.org.br\/noticias\/wp-content\/uploads\/2025\/02\/materia-2-1-1024x576.jpg\" alt=\"\" width=\"1024\" height=\"576\" srcset=\"https:\/\/franciscanos.org.br\/noticias\/wp-content\/uploads\/2025\/02\/materia-2-1-1024x576.jpg 1024w, https:\/\/franciscanos.org.br\/noticias\/wp-content\/uploads\/2025\/02\/materia-2-1-450x253.jpg 450w, https:\/\/franciscanos.org.br\/noticias\/wp-content\/uploads\/2025\/02\/materia-2-1-768x432.jpg 768w, https:\/\/franciscanos.org.br\/noticias\/wp-content\/uploads\/2025\/02\/materia-2-1-150x84.jpg 150w, https:\/\/franciscanos.org.br\/noticias\/wp-content\/uploads\/2025\/02\/materia-2-1.jpg 1280w\" sizes=\"(max-width: 1024px) 100vw, 1024px\" \/><\/p>\n<p>Cinquenta jovens do Santu\u00e1rio Frei Galv\u00e3o iniciaram as atividades mission\u00e1rias na sexta, 31 de janeiro, na cidade de Lagoinha, no Vale do Para\u00edba, onde foram recebidos com festa do portal da cidade. Depois da recep\u00e7\u00e3o, foram acolhidos em casas de fam\u00edlia. No s\u00e1bado, dia 01, tiveram um momento formativo e puderam conhecer o trabalho da Casa Sol Nascente, dedicada ao cuidado de pessoas com HIV sob a dire\u00e7\u00e3o das Irm\u00e3s Franciscanas Ser\u00e1ficas. Tamb\u00e9m realizaram a miss\u00e3o de porta em porta, com visita \u00e0s fam\u00edlias para ora\u00e7\u00e3o e b\u00ean\u00e7\u00e3o das casas. Para finalizar o dia, tiveram a Ora\u00e7\u00e3o do Ter\u00e7o na Cachoeira Grande, ponto tur\u00edstico importante de Lagoinha. No domingo, para encerrar, missa e gincana, marcando tamb\u00e9m a alegria e a espontaneidade da Miss\u00e3o.<\/p>\n<p><strong>Anivers\u00e1rio do Grupo Jovens Franciscanos marcou o Dia de Miss\u00e3o em Agudos<\/strong><\/p>\n<p><img loading=\"lazy\" class=\"size-medium wp-image-254497 alignleft\" src=\"https:\/\/franciscanos.org.br\/noticias\/wp-content\/uploads\/2025\/02\/Agudos-1-450x338.jpg\" alt=\"\" width=\"450\" height=\"338\" srcset=\"https:\/\/franciscanos.org.br\/noticias\/wp-content\/uploads\/2025\/02\/Agudos-1-450x338.jpg 450w, https:\/\/franciscanos.org.br\/noticias\/wp-content\/uploads\/2025\/02\/Agudos-1-1024x768.jpg 1024w, https:\/\/franciscanos.org.br\/noticias\/wp-content\/uploads\/2025\/02\/Agudos-1-768x576.jpg 768w, https:\/\/franciscanos.org.br\/noticias\/wp-content\/uploads\/2025\/02\/Agudos-1-1536x1152.jpg 1536w, https:\/\/franciscanos.org.br\/noticias\/wp-content\/uploads\/2025\/02\/Agudos-1-2048x1536.jpg 2048w, https:\/\/franciscanos.org.br\/noticias\/wp-content\/uploads\/2025\/02\/Agudos-1-150x113.jpg 150w, https:\/\/franciscanos.org.br\/noticias\/wp-content\/uploads\/2025\/02\/Agudos-1-600x450.jpg 600w, https:\/\/franciscanos.org.br\/noticias\/wp-content\/uploads\/2025\/02\/Agudos-1-scaled.jpg 1440w\" sizes=\"(max-width: 450px) 100vw, 450px\" \/><\/p>\n<p>&nbsp;<\/p>\n<p>&nbsp;<\/p>\n<p>O grupo da Par\u00f3quia S\u00e3o Paulo Ap\u00f3stolo era composto por 40 jovens, que se dividiram para visitar as casas dos paroquianos enfermos, levando m\u00fasica e b\u00ean\u00e7\u00e3o. Na ocasi\u00e3o, tamb\u00e9m estavam sendo celebrados os 11 anos do grupo Jovens Franciscanos. O encerramento foi no domingo, dia 02, com a celebra\u00e7\u00e3o da missa.<\/p>\n<p>&nbsp;<\/p>\n<p>&nbsp;<\/p>\n<p>&nbsp;<\/p>\n<p>&nbsp;<\/p>\n<p><strong>PARAN\u00c1<\/strong><\/p>\n<p><strong>Ter\u00e7o Luminoso em frente \u00e0 Matriz S\u00e3o Pedro Ap\u00f3stolo, em Pato Branco<\/strong><\/p>\n<p>Pela primeira vez, no s\u00e1bado, dia 01 de fevereiro, os patobranquenses participaram do &#8220;Ter\u00e7o Luminoso&#8221;, um momento de ora\u00e7\u00e3o na Pra\u00e7a Get\u00falio Vargas, promovido pela Juventude da prov\u00edncia Franciscana e organizado pelos Movimentos Jovens da cidade, marcando o Dia de Miss\u00e3o. Esse tranquilo e acolhedor momento de ora\u00e7\u00e3o ao ar livre, aberto ao p\u00fablico foi iluminado pelas velas que, como o Esp\u00edrito Santo, iluminam a todos durante a ora\u00e7\u00e3o comunit\u00e1ria. A cada dezena, ao iniciar o pr\u00f3ximo mist\u00e9rio, uma m\u00fasica e uma reflex\u00e3o criavam um ambiente perfeito para uma verdadeira medita\u00e7\u00e3o mariana ou um gesto de caridade fraterna quando, por exemplo, as velas apagadas pelo vento eram reacendidas por estranhos com sorrisos largos no rosto; ou ainda na hora em que, sem esperar nada em troca, os participantes entregavam suas pr\u00f3prias velas para acolher quem se juntava \u00e0 ora\u00e7\u00e3o.<\/p>\n\n\t\t<style type=\"text\/css\">\n\t\t\t#gallery-3 {\n\t\t\t\tmargin: auto;\n\t\t\t}\n\t\t\t#gallery-3 .gallery-item {\n\t\t\t\tfloat: left;\n\t\t\t\tmargin-top: 10px;\n\t\t\t\ttext-align: center;\n\t\t\t\twidth: 50%;\n\t\t\t}\n\t\t\t#gallery-3 img {\n\t\t\t\tborder: 2px solid #cfcfcf;\n\t\t\t}\n\t\t\t#gallery-3 .gallery-caption {\n\t\t\t\tmargin-left: 0;\n\t\t\t}\n\t\t\t\/* see gallery_shortcode() in wp-includes\/media.php *\/\n\t\t<\/style>\n\t\t<div id='gallery-3' class='gallery galleryid-254478 gallery-columns-2 gallery-size-medium'><dl class='gallery-item'>\n\t\t\t<dt class='gallery-icon landscape'>\n\t\t\t\t<a href='https:\/\/franciscanos.org.br\/noticias\/wp-content\/uploads\/2025\/02\/Pato-Branco-1-scaled.jpg'><img width=\"450\" height=\"338\" src=\"https:\/\/franciscanos.org.br\/noticias\/wp-content\/uploads\/2025\/02\/Pato-Branco-1-450x338.jpg\" class=\"attachment-medium size-medium\" alt=\"\" loading=\"lazy\" srcset=\"https:\/\/franciscanos.org.br\/noticias\/wp-content\/uploads\/2025\/02\/Pato-Branco-1-450x338.jpg 450w, https:\/\/franciscanos.org.br\/noticias\/wp-content\/uploads\/2025\/02\/Pato-Branco-1-1024x768.jpg 1024w, https:\/\/franciscanos.org.br\/noticias\/wp-content\/uploads\/2025\/02\/Pato-Branco-1-768x576.jpg 768w, https:\/\/franciscanos.org.br\/noticias\/wp-content\/uploads\/2025\/02\/Pato-Branco-1-1536x1152.jpg 1536w, https:\/\/franciscanos.org.br\/noticias\/wp-content\/uploads\/2025\/02\/Pato-Branco-1-2048x1536.jpg 2048w, https:\/\/franciscanos.org.br\/noticias\/wp-content\/uploads\/2025\/02\/Pato-Branco-1-150x113.jpg 150w, https:\/\/franciscanos.org.br\/noticias\/wp-content\/uploads\/2025\/02\/Pato-Branco-1-600x450.jpg 600w, https:\/\/franciscanos.org.br\/noticias\/wp-content\/uploads\/2025\/02\/Pato-Branco-1-scaled.jpg 1440w\" sizes=\"(max-width: 450px) 100vw, 450px\" \/><\/a>\n\t\t\t<\/dt><\/dl><dl class='gallery-item'>\n\t\t\t<dt class='gallery-icon landscape'>\n\t\t\t\t<a href='https:\/\/franciscanos.org.br\/noticias\/wp-content\/uploads\/2025\/02\/Pato-Branco-2-scaled.jpg'><img width=\"450\" height=\"338\" src=\"https:\/\/franciscanos.org.br\/noticias\/wp-content\/uploads\/2025\/02\/Pato-Branco-2-450x338.jpg\" class=\"attachment-medium size-medium\" alt=\"\" loading=\"lazy\" srcset=\"https:\/\/franciscanos.org.br\/noticias\/wp-content\/uploads\/2025\/02\/Pato-Branco-2-450x338.jpg 450w, https:\/\/franciscanos.org.br\/noticias\/wp-content\/uploads\/2025\/02\/Pato-Branco-2-1024x768.jpg 1024w, https:\/\/franciscanos.org.br\/noticias\/wp-content\/uploads\/2025\/02\/Pato-Branco-2-768x576.jpg 768w, https:\/\/franciscanos.org.br\/noticias\/wp-content\/uploads\/2025\/02\/Pato-Branco-2-1536x1152.jpg 1536w, https:\/\/franciscanos.org.br\/noticias\/wp-content\/uploads\/2025\/02\/Pato-Branco-2-2048x1536.jpg 2048w, https:\/\/franciscanos.org.br\/noticias\/wp-content\/uploads\/2025\/02\/Pato-Branco-2-150x113.jpg 150w, https:\/\/franciscanos.org.br\/noticias\/wp-content\/uploads\/2025\/02\/Pato-Branco-2-600x450.jpg 600w, https:\/\/franciscanos.org.br\/noticias\/wp-content\/uploads\/2025\/02\/Pato-Branco-2-scaled.jpg 1440w\" sizes=\"(max-width: 450px) 100vw, 450px\" \/><\/a>\n\t\t\t<\/dt><\/dl><br style=\"clear: both\" \/>\n\t\t<\/div>\n\n<p><strong>SANTA CATARINA<\/strong><\/p>\n<p><strong>Em Gaspar, caminhada, dan\u00e7a e arrecada\u00e7\u00e3o de alimentos<\/strong><\/p>\n<p><img loading=\"lazy\" class=\"size-medium wp-image-254505 alignright\" src=\"https:\/\/franciscanos.org.br\/noticias\/wp-content\/uploads\/2025\/02\/Gaspar-1-450x338.jpg\" alt=\"\" width=\"450\" height=\"338\" srcset=\"https:\/\/franciscanos.org.br\/noticias\/wp-content\/uploads\/2025\/02\/Gaspar-1-450x338.jpg 450w, https:\/\/franciscanos.org.br\/noticias\/wp-content\/uploads\/2025\/02\/Gaspar-1-1024x768.jpg 1024w, https:\/\/franciscanos.org.br\/noticias\/wp-content\/uploads\/2025\/02\/Gaspar-1-768x576.jpg 768w, https:\/\/franciscanos.org.br\/noticias\/wp-content\/uploads\/2025\/02\/Gaspar-1-150x113.jpg 150w, https:\/\/franciscanos.org.br\/noticias\/wp-content\/uploads\/2025\/02\/Gaspar-1-600x450.jpg 600w, https:\/\/franciscanos.org.br\/noticias\/wp-content\/uploads\/2025\/02\/Gaspar-1.jpg 1280w\" sizes=\"(max-width: 450px) 100vw, 450px\" \/>Na Par\u00f3quia S\u00e3o Pedro Ap\u00f3stolo, em Gaspar, o Dia de Miss\u00e3o foi realizado no s\u00e1bado, 01 de fevereiro. Foram 55 Mission\u00e1rios da Esperan\u00e7a, enviados pelo P\u00e1roco, Frei Pedro da Silva, ap\u00f3s uma mensagem sobre o Jubileu da Esperan\u00e7a e a b\u00ean\u00e7\u00e3o de envio. Seguiram para a pra\u00e7a central da cidade, onde fizeram alongamento, cantaram, dan\u00e7aram algumas m\u00fasicas e distribu\u00edram, ao longo do percurso, um marca-p\u00e1gina com a ora\u00e7\u00e3o do ano jubilar. Foram em caminhada at\u00e9 a Comunidade Santa Paulina, cantando m\u00fasicas e rezando o ter\u00e7o. Dali, partiram para a Comunidade Virgem de Nazar\u00e9, onde foram acolhidos para o almo\u00e7o. \u00c0 tarde, duas din\u00e2micas foram realizadas com os mission\u00e1rios e logo houve o encerramento com a missa. Durante a miss\u00e3o, foram arrecadados 100 kg de alimentos n\u00e3o perec\u00edvel para doar aos necessitados. Nos testemunhos, muita gratid\u00e3o, contentamento e o desejo de um outro Dia de Miss\u00e3o.<\/p>\n<p><strong>Mais de 100 pessoas envolvidas no Dia de Miss\u00e3o em Xaxim<\/strong><\/p>\n<p>A Par\u00f3quia S\u00e3o Luiz Gonzaga iniciou o \u201cDia de Miss\u00e3o\u201d no s\u00e1bado (01), \u00e0s 8h, com o credenciamento, caf\u00e9 e momento de ora\u00e7\u00e3o na igreja matriz.<br \/>\nAs 10h, a forma\u00e7\u00e3o com Frei Danilo Santos Oliveira e Frei Jonas Ribeiro da Silva sobre o carisma franciscano, apresenta\u00e7\u00e3o da Prov\u00edncia Franciscana da Imaculada Concei\u00e7\u00e3o e os eventos das juventudes da prov\u00edncia. Al\u00e9m disso, os mission\u00e1rios puderam rever como foi a \u00faltima miss\u00e3o em Xaxim, no ano de 2020. A forma\u00e7\u00e3o encerrou com as Irm\u00e3s de Nossa Senhora Menina, da Arquidiocese de Chapec\u00f3, que acompanham a Pastoral Juvenil, e apresentaram os trabalhos realizados com as juventudes nas par\u00f3quias.<\/p>\n\n\t\t<style type=\"text\/css\">\n\t\t\t#gallery-4 {\n\t\t\t\tmargin: auto;\n\t\t\t}\n\t\t\t#gallery-4 .gallery-item {\n\t\t\t\tfloat: left;\n\t\t\t\tmargin-top: 10px;\n\t\t\t\ttext-align: center;\n\t\t\t\twidth: 50%;\n\t\t\t}\n\t\t\t#gallery-4 img {\n\t\t\t\tborder: 2px solid #cfcfcf;\n\t\t\t}\n\t\t\t#gallery-4 .gallery-caption {\n\t\t\t\tmargin-left: 0;\n\t\t\t}\n\t\t\t\/* see gallery_shortcode() in wp-includes\/media.php *\/\n\t\t<\/style>\n\t\t<div id='gallery-4' class='gallery galleryid-254478 gallery-columns-2 gallery-size-medium'><dl class='gallery-item'>\n\t\t\t<dt class='gallery-icon landscape'>\n\t\t\t\t<a href='https:\/\/franciscanos.org.br\/noticias\/wp-content\/uploads\/2025\/02\/Xaxim-1-scaled.jpeg'><img width=\"450\" height=\"338\" src=\"https:\/\/franciscanos.org.br\/noticias\/wp-content\/uploads\/2025\/02\/Xaxim-1-450x338.jpeg\" class=\"attachment-medium size-medium\" alt=\"\" loading=\"lazy\" srcset=\"https:\/\/franciscanos.org.br\/noticias\/wp-content\/uploads\/2025\/02\/Xaxim-1-450x338.jpeg 450w, https:\/\/franciscanos.org.br\/noticias\/wp-content\/uploads\/2025\/02\/Xaxim-1-1024x768.jpeg 1024w, https:\/\/franciscanos.org.br\/noticias\/wp-content\/uploads\/2025\/02\/Xaxim-1-768x576.jpeg 768w, https:\/\/franciscanos.org.br\/noticias\/wp-content\/uploads\/2025\/02\/Xaxim-1-1536x1152.jpeg 1536w, https:\/\/franciscanos.org.br\/noticias\/wp-content\/uploads\/2025\/02\/Xaxim-1-2048x1536.jpeg 2048w, https:\/\/franciscanos.org.br\/noticias\/wp-content\/uploads\/2025\/02\/Xaxim-1-150x113.jpeg 150w, https:\/\/franciscanos.org.br\/noticias\/wp-content\/uploads\/2025\/02\/Xaxim-1-600x450.jpeg 600w, https:\/\/franciscanos.org.br\/noticias\/wp-content\/uploads\/2025\/02\/Xaxim-1-scaled.jpeg 1440w\" sizes=\"(max-width: 450px) 100vw, 450px\" \/><\/a>\n\t\t\t<\/dt><\/dl><dl class='gallery-item'>\n\t\t\t<dt class='gallery-icon landscape'>\n\t\t\t\t<a href='https:\/\/franciscanos.org.br\/noticias\/wp-content\/uploads\/2025\/02\/Xaxim-2-scaled.jpg'><img width=\"450\" height=\"338\" src=\"https:\/\/franciscanos.org.br\/noticias\/wp-content\/uploads\/2025\/02\/Xaxim-2-450x338.jpg\" class=\"attachment-medium size-medium\" alt=\"\" loading=\"lazy\" srcset=\"https:\/\/franciscanos.org.br\/noticias\/wp-content\/uploads\/2025\/02\/Xaxim-2-450x338.jpg 450w, https:\/\/franciscanos.org.br\/noticias\/wp-content\/uploads\/2025\/02\/Xaxim-2-1024x768.jpg 1024w, https:\/\/franciscanos.org.br\/noticias\/wp-content\/uploads\/2025\/02\/Xaxim-2-768x576.jpg 768w, https:\/\/franciscanos.org.br\/noticias\/wp-content\/uploads\/2025\/02\/Xaxim-2-1536x1152.jpg 1536w, https:\/\/franciscanos.org.br\/noticias\/wp-content\/uploads\/2025\/02\/Xaxim-2-2048x1536.jpg 2048w, https:\/\/franciscanos.org.br\/noticias\/wp-content\/uploads\/2025\/02\/Xaxim-2-150x113.jpg 150w, https:\/\/franciscanos.org.br\/noticias\/wp-content\/uploads\/2025\/02\/Xaxim-2-600x450.jpg 600w, https:\/\/franciscanos.org.br\/noticias\/wp-content\/uploads\/2025\/02\/Xaxim-2-scaled.jpg 1440w\" sizes=\"(max-width: 450px) 100vw, 450px\" \/><\/a>\n\t\t\t<\/dt><\/dl><br style=\"clear: both\" \/>\n\t\t<\/div>\n\n<p>Para este Dia de Miss\u00e3o, as Par\u00f3quias da regi\u00e3o pastoral foram convidadas a participar. Foram 70 jovens inscritos e mais de 100 pessoas envolvidas. Divididos em grupos, os mission\u00e1rios estiveram em seis comunidades da Par\u00f3quia, s\u00e3o elas: Lajeado Grande, Marema, Bairro Chagas, Bairro Flor, Bairro Guarani e Vila Tigre.<br \/>\nNas Comunidades, os mission\u00e1rios aben\u00e7oaram casas e alguns com\u00e9rcios locais, conheceram as fam\u00edlias, celebraram a palavra na noite do s\u00e1bado e em algumas comunidades no domingo pela manh\u00e3. No domingo, cada comunidade realizou o almo\u00e7o compartilhado com churrasco. No domingo \u00e0 tarde, os jovens foram recepcionados no sal\u00e3o paroquial onde fizeram a partilha nos grupos e uma pequena avalia\u00e7\u00e3o da miss\u00e3o. De encerramento a Santa Missa, \u00e0s 19h, na Igreja Matriz com o p\u00e1roco Frei Gilson Kammer. Neste dia tamb\u00e9m foi realizada a b\u00ean\u00e7\u00e3o de S\u00e3o Br\u00e1s nas comunidades e Matriz.<\/p>\n<p><strong>B\u00ean\u00e7\u00e3o e Solidariedade no Bairro Nossa Senhora de F\u00e1tima, em Santo Amaro da Imperatriz<\/strong><\/p>\n<p><img loading=\"lazy\" class=\"aligncenter wp-image-254508 size-full\" src=\"https:\/\/franciscanos.org.br\/noticias\/wp-content\/uploads\/2025\/02\/materia3.jpg\" alt=\"\" width=\"1280\" height=\"720\" srcset=\"https:\/\/franciscanos.org.br\/noticias\/wp-content\/uploads\/2025\/02\/materia3.jpg 1280w, https:\/\/franciscanos.org.br\/noticias\/wp-content\/uploads\/2025\/02\/materia3-450x253.jpg 450w, https:\/\/franciscanos.org.br\/noticias\/wp-content\/uploads\/2025\/02\/materia3-1024x576.jpg 1024w, https:\/\/franciscanos.org.br\/noticias\/wp-content\/uploads\/2025\/02\/materia3-768x432.jpg 768w, https:\/\/franciscanos.org.br\/noticias\/wp-content\/uploads\/2025\/02\/materia3-150x84.jpg 150w\" sizes=\"(max-width: 1280px) 100vw, 1280px\" \/><\/p>\n<p>O Dia de Miss\u00e3o na Par\u00f3quia Santo Amaro foi no Domingo, dia 02 de fevereiro, reunindo 80 jovens. Foi realizado no Bairro Nossa Senhora de F\u00e1tima, no interior do Munic\u00edpio, com visitas \u00e0s fam\u00edlias e tamb\u00e9m a uma casa de repouso. A anima\u00e7\u00e3o dos jovens em Santo Amaro mais uma vez foi sentida pelos participantes do Dia de Miss\u00e3o e de todos os que participaram das b\u00ean\u00e7\u00e3os derramadas atrav\u00e9s desta iniciativa Mission\u00e1ria.<\/p>\n<p><strong>Dia de Miss\u00e3o e Ordena\u00e7\u00e3o Episcopal em Rodeio<\/strong><\/p>\n<p><img loading=\"lazy\" class=\"alignleft wp-image-254509 size-thumbnail\" src=\"https:\/\/franciscanos.org.br\/noticias\/wp-content\/uploads\/2025\/02\/Rodeio-2-300x300.jpg\" alt=\"\" width=\"300\" height=\"300\" srcset=\"https:\/\/franciscanos.org.br\/noticias\/wp-content\/uploads\/2025\/02\/Rodeio-2-300x300.jpg 300w, https:\/\/franciscanos.org.br\/noticias\/wp-content\/uploads\/2025\/02\/Rodeio-2-100x100.jpg 100w\" sizes=\"(max-width: 300px) 100vw, 300px\" \/><\/p>\n<p>&nbsp;<\/p>\n<p>&nbsp;<\/p>\n<p>O Dia de Miss\u00e3o em Rodeio, na Par\u00f3quia S\u00e3o Francisco, esteve ligado \u00e0 participa\u00e7\u00e3o da juventude na Ordena\u00e7\u00e3o Episcopal de Frei Samuel Ferreira Lima, \u00e0s 16h de s\u00e1bado, dia 01 de fevereiro. Al\u00e9m de auxiliar nos preparativos e na celebra\u00e7\u00e3o, os jovens prepararam uma homenagem especial ao novo bispo, apresentada ao final da Missa de Ordena\u00e7\u00e3o.<\/p>\n<p>&nbsp;<\/p>\n<p>&nbsp;<\/p>\n<p>&nbsp;<\/p>\n<p>&nbsp;<\/p>\n<p><strong>ESP\u00cdRITO SANTO<\/strong><\/p>\n<p><strong>Dia de Miss\u00e3o com visitas, preces e a\u00e7\u00e3o ecol\u00f3gica em Colatina<\/strong><\/p>\n\n\t\t<style type=\"text\/css\">\n\t\t\t#gallery-5 {\n\t\t\t\tmargin: auto;\n\t\t\t}\n\t\t\t#gallery-5 .gallery-item {\n\t\t\t\tfloat: left;\n\t\t\t\tmargin-top: 10px;\n\t\t\t\ttext-align: center;\n\t\t\t\twidth: 50%;\n\t\t\t}\n\t\t\t#gallery-5 img {\n\t\t\t\tborder: 2px solid #cfcfcf;\n\t\t\t}\n\t\t\t#gallery-5 .gallery-caption {\n\t\t\t\tmargin-left: 0;\n\t\t\t}\n\t\t\t\/* see gallery_shortcode() in wp-includes\/media.php *\/\n\t\t<\/style>\n\t\t<div id='gallery-5' class='gallery galleryid-254478 gallery-columns-2 gallery-size-thumbnail'><dl class='gallery-item'>\n\t\t\t<dt class='gallery-icon portrait'>\n\t\t\t\t<a href='https:\/\/franciscanos.org.br\/noticias\/wp-content\/uploads\/2025\/02\/Colatina-1-scaled.jpg'><img width=\"300\" height=\"300\" src=\"https:\/\/franciscanos.org.br\/noticias\/wp-content\/uploads\/2025\/02\/Colatina-1-300x300.jpg\" class=\"attachment-thumbnail size-thumbnail\" alt=\"\" loading=\"lazy\" srcset=\"https:\/\/franciscanos.org.br\/noticias\/wp-content\/uploads\/2025\/02\/Colatina-1-300x300.jpg 300w, https:\/\/franciscanos.org.br\/noticias\/wp-content\/uploads\/2025\/02\/Colatina-1-100x100.jpg 100w\" sizes=\"(max-width: 300px) 100vw, 300px\" \/><\/a>\n\t\t\t<\/dt><\/dl><dl class='gallery-item'>\n\t\t\t<dt class='gallery-icon landscape'>\n\t\t\t\t<a href='https:\/\/franciscanos.org.br\/noticias\/wp-content\/uploads\/2025\/02\/Colatina-2-scaled.jpg'><img width=\"300\" height=\"300\" src=\"https:\/\/franciscanos.org.br\/noticias\/wp-content\/uploads\/2025\/02\/Colatina-2-300x300.jpg\" class=\"attachment-thumbnail size-thumbnail\" alt=\"\" loading=\"lazy\" srcset=\"https:\/\/franciscanos.org.br\/noticias\/wp-content\/uploads\/2025\/02\/Colatina-2-300x300.jpg 300w, https:\/\/franciscanos.org.br\/noticias\/wp-content\/uploads\/2025\/02\/Colatina-2-100x100.jpg 100w\" sizes=\"(max-width: 300px) 100vw, 300px\" \/><\/a>\n\t\t\t<\/dt><\/dl><br style=\"clear: both\" \/>\n\t\t<\/div>\n\n<p>Um encontro formativo conduzido pela Pastoral da Ecologia abriu os trabalhos do Dia de Miss\u00e3o na Par\u00f3quia Santa Clara, em Colatina, no Noroeste do Esp\u00edrito Santo. Foi no s\u00e1bado, dia 01 de fevereiro, seguido pela visita para ora\u00e7\u00e3o e b\u00ean\u00e7\u00e3o \u00e0s casas da fam\u00edlia. O dia se encerrou com a Adora\u00e7\u00e3o ao Sant\u00edssimo Sacramento. No domingo, dia 02, as atividades tiveram in\u00edcio com uma caminhada ao Centro Ambiental S\u00e3o Francisco de Assis (CEAF), onde os mission\u00e1rios participaram do plantio de semente e outras atividades ecol\u00f3gicas. A miss\u00e3o se encerrou com a celebra\u00e7\u00e3o da Missa, presidida pelo P\u00e1roco, Frei Pedro de Oliveira Rodrigues.<\/p>\n<p><strong>Em Vila Velha, visita \u00e0s comunidades, arrecada\u00e7\u00e3o de tampinhas e missa no Convento da Penha<\/strong><\/p>\n<p>Os jovens do grupo \u201cVem e segue-me\u201d se organizaram junto \u00e0 Par\u00f3quia Nossa Senhora do Ros\u00e1rio e Divino Esp\u00edrito Santo para duas a\u00e7\u00f5es: visita aos paroquianos e prosseguimento no trabalho de coleta e organiza\u00e7\u00e3o de tampinhas de pl\u00e1stico que, juntadas em grande quantidade, podem ser trocadas por cadeiras de rodas. O encerramento foi no Domingo, dia 02, no Convento da Penha, com missa presidida pelo novo Guardi\u00e3o, Frei Gabriel Dellandrea.<\/p>\n\n\t\t<style type=\"text\/css\">\n\t\t\t#gallery-6 {\n\t\t\t\tmargin: auto;\n\t\t\t}\n\t\t\t#gallery-6 .gallery-item {\n\t\t\t\tfloat: left;\n\t\t\t\tmargin-top: 10px;\n\t\t\t\ttext-align: center;\n\t\t\t\twidth: 50%;\n\t\t\t}\n\t\t\t#gallery-6 img {\n\t\t\t\tborder: 2px solid #cfcfcf;\n\t\t\t}\n\t\t\t#gallery-6 .gallery-caption {\n\t\t\t\tmargin-left: 0;\n\t\t\t}\n\t\t\t\/* see gallery_shortcode() in wp-includes\/media.php *\/\n\t\t<\/style>\n\t\t<div id='gallery-6' class='gallery galleryid-254478 gallery-columns-2 gallery-size-medium'><dl class='gallery-item'>\n\t\t\t<dt class='gallery-icon landscape'>\n\t\t\t\t<a href='https:\/\/franciscanos.org.br\/noticias\/wp-content\/uploads\/2025\/02\/Vila-Velha-1-scaled.jpg'><img width=\"450\" height=\"338\" src=\"https:\/\/franciscanos.org.br\/noticias\/wp-content\/uploads\/2025\/02\/Vila-Velha-1-450x338.jpg\" class=\"attachment-medium size-medium\" alt=\"\" loading=\"lazy\" srcset=\"https:\/\/franciscanos.org.br\/noticias\/wp-content\/uploads\/2025\/02\/Vila-Velha-1-450x338.jpg 450w, https:\/\/franciscanos.org.br\/noticias\/wp-content\/uploads\/2025\/02\/Vila-Velha-1-1024x768.jpg 1024w, https:\/\/franciscanos.org.br\/noticias\/wp-content\/uploads\/2025\/02\/Vila-Velha-1-768x576.jpg 768w, https:\/\/franciscanos.org.br\/noticias\/wp-content\/uploads\/2025\/02\/Vila-Velha-1-1536x1152.jpg 1536w, https:\/\/franciscanos.org.br\/noticias\/wp-content\/uploads\/2025\/02\/Vila-Velha-1-2048x1536.jpg 2048w, https:\/\/franciscanos.org.br\/noticias\/wp-content\/uploads\/2025\/02\/Vila-Velha-1-150x113.jpg 150w, https:\/\/franciscanos.org.br\/noticias\/wp-content\/uploads\/2025\/02\/Vila-Velha-1-600x450.jpg 600w, https:\/\/franciscanos.org.br\/noticias\/wp-content\/uploads\/2025\/02\/Vila-Velha-1-scaled.jpg 1440w\" sizes=\"(max-width: 450px) 100vw, 450px\" \/><\/a>\n\t\t\t<\/dt><\/dl><dl class='gallery-item'>\n\t\t\t<dt class='gallery-icon landscape'>\n\t\t\t\t<a href='https:\/\/franciscanos.org.br\/noticias\/wp-content\/uploads\/2025\/02\/Vela-Velha-2.jpg'><img width=\"450\" height=\"338\" src=\"https:\/\/franciscanos.org.br\/noticias\/wp-content\/uploads\/2025\/02\/Vela-Velha-2-450x338.jpg\" class=\"attachment-medium size-medium\" alt=\"\" loading=\"lazy\" srcset=\"https:\/\/franciscanos.org.br\/noticias\/wp-content\/uploads\/2025\/02\/Vela-Velha-2-450x338.jpg 450w, https:\/\/franciscanos.org.br\/noticias\/wp-content\/uploads\/2025\/02\/Vela-Velha-2-1024x768.jpg 1024w, https:\/\/franciscanos.org.br\/noticias\/wp-content\/uploads\/2025\/02\/Vela-Velha-2-768x576.jpg 768w, https:\/\/franciscanos.org.br\/noticias\/wp-content\/uploads\/2025\/02\/Vela-Velha-2-1536x1152.jpg 1536w, https:\/\/franciscanos.org.br\/noticias\/wp-content\/uploads\/2025\/02\/Vela-Velha-2-150x113.jpg 150w, https:\/\/franciscanos.org.br\/noticias\/wp-content\/uploads\/2025\/02\/Vela-Velha-2-600x450.jpg 600w, https:\/\/franciscanos.org.br\/noticias\/wp-content\/uploads\/2025\/02\/Vela-Velha-2.jpg 1440w\" sizes=\"(max-width: 450px) 100vw, 450px\" \/><\/a>\n\t\t\t<\/dt><\/dl><br style=\"clear: both\" \/>\n\t\t<\/div>\n\n<p><strong>LIVE de encerramento conta com a presen\u00e7a do Ministro Provincial e de grupos participantes da Miss\u00e3o<\/strong><\/p>\n<p>\u00c0s 20h do domingo, 02 de fevereiro, marcando o encerramento oficial do Dia de Miss\u00e3o 2025, uma LIVE foi realizada, contanto com a participa\u00e7\u00e3o ao vivo dos frades da equipe de Evangeliza\u00e7\u00e3o com as Juventudes (Frei Augusto Luiz Gabriel, Frei Felipe Carretta, Frei Gustavo Medella e Frei Thiago Soares) e de diversos grupos que participaram da a\u00e7\u00e3o, reunidos em suas respectivas cidades. Logo no in\u00edcio da transmiss\u00e3o, o Ministro Provincial, Frei Paulo Roberto Pereira, dirigiu, em nome de todos os frades da Prov\u00edncia, uma mensagem de alegria e gratid\u00e3o a todos os participantes da iniciativa, exaltando a criatividade e a leveza com que as atividades foram conduzidas: \u201cQuero saudar a iniciativa, quero agradecer a todos que se deixaram envolver pelo convite de fazerem-se \u2018Mission\u00e1rios da Esperan\u00e7a\u2019\u201d, enfatizou. Frei Paulo recordou tamb\u00e9m o Jubileu dos 800 anos do C\u00e2ntico das Criaturas, ao qual o lema do Dia de Miss\u00e3o faz refer\u00eancia: \u201cNo louvor a Deus com toda a cria\u00e7\u00e3o\u201d. O Ministro Provincial lembrou tamb\u00e9m que iniciativas como esta revelam quanto bem se pode realizar atrav\u00e9s de a\u00e7\u00f5es locais realizadas com simplicidade e empenho.<\/p>\n<p>Com uma avalia\u00e7\u00e3o muito favor\u00e1vel, os participantes das a\u00e7\u00f5es manifestaram o contentamento e alegria de terem feito parte deste conjunto de a\u00e7\u00f5es mission\u00e1rias, partilhando testemunhos marcados pela profundidade e pela alegria. Reunidos tamb\u00e9m na expectativa do an\u00fancio da sede da pr\u00f3xima edi\u00e7\u00e3o da Caminhada Franciscana das Juventudes e dos demais eventos da programa\u00e7\u00e3o de 2025, os jovens dos diferentes lugares aguardaram ansiosos a divulga\u00e7\u00e3o realizada ao fim da LIVE.<\/p>\n<p><span style=\"color: #000080;\"><strong><a style=\"color: #000080;\" href=\"https:\/\/www.youtube.com\/watch?v=7G7wOZ3jnKc\">Acesse\u00a0 a LIVE<\/a><\/strong><\/span><\/p>\n<p><strong>A Caminhada Franciscana das Juventudes 2025 ser\u00e1 em&#8230;<\/strong><\/p>\n<p>Depois de muito suspense e especula\u00e7\u00f5es, finalmente foram anunciadas a sede e a data da pr\u00f3xima edi\u00e7\u00e3o da CFJ: entre os dias 17 e 19 de julho de 2025, em Coronel Freitas e Xaxim, no Oeste de Santa Catarina. Desta vez o evento ser\u00e1 sediado em duas Fraternidades. O an\u00fancio foi acolhido com festa pelos jovens de Xaxim e Coronel Freitas, que estavam reunidos para assistir \u00e0 transmiss\u00e3o e foram pegos de surpresa pelo an\u00fancio.<\/p>\n<p><img loading=\"lazy\" class=\"aligncenter wp-image-254517 size-full\" src=\"https:\/\/franciscanos.org.br\/noticias\/wp-content\/uploads\/2025\/02\/13a-CFJ-1.jpg\" alt=\"\" width=\"1920\" height=\"1080\" srcset=\"https:\/\/franciscanos.org.br\/noticias\/wp-content\/uploads\/2025\/02\/13a-CFJ-1.jpg 1920w, https:\/\/franciscanos.org.br\/noticias\/wp-content\/uploads\/2025\/02\/13a-CFJ-1-450x253.jpg 450w, https:\/\/franciscanos.org.br\/noticias\/wp-content\/uploads\/2025\/02\/13a-CFJ-1-1024x576.jpg 1024w, https:\/\/franciscanos.org.br\/noticias\/wp-content\/uploads\/2025\/02\/13a-CFJ-1-768x432.jpg 768w, https:\/\/franciscanos.org.br\/noticias\/wp-content\/uploads\/2025\/02\/13a-CFJ-1-1536x864.jpg 1536w, https:\/\/franciscanos.org.br\/noticias\/wp-content\/uploads\/2025\/02\/13a-CFJ-1-150x84.jpg 150w\" sizes=\"(max-width: 1920px) 100vw, 1920px\" \/><\/p>\n<p><strong>Encontros <em>Alverne<\/em> tamb\u00e9m t\u00eam datas definidas<\/strong><\/p>\n<p>Outro evento bastante aguardado pelas juventudes \u00e9 o <em>Alverne<\/em>, encontro de aprofundamento na Espiritualidade Franciscana, que neste ano ser\u00e1 realizado em quatro edi\u00e7\u00f5es. A condu\u00e7\u00e3o destes encontros \u00e9 realizada por Frei Vit\u00f3rio Mazzuco Filho, juntamente com a equipe de Pastoral da Universidade S\u00e3o Francisco. Para 2025, os encontros <em>Alverne <\/em>ser\u00e3o nos seguintes locais e datas: Colatina, ES \u2013 17 e 18 de maio; Guaratinguet\u00e1, SP \u2013 02 e 03 de agosto; Gaspar, SC \u2013 18 e 19 de outubro; Tangu\u00e1, RJ \u2013 15 e 16 de novembro.<\/p>\n<p><img loading=\"lazy\" class=\"aligncenter wp-image-254532 size-medium\" src=\"https:\/\/franciscanos.org.br\/noticias\/wp-content\/uploads\/2025\/02\/Alverne-1-360x450.jpg\" alt=\"\" width=\"360\" height=\"450\" srcset=\"https:\/\/franciscanos.org.br\/noticias\/wp-content\/uploads\/2025\/02\/Alverne-1-360x450.jpg 360w, https:\/\/franciscanos.org.br\/noticias\/wp-content\/uploads\/2025\/02\/Alverne-1-819x1024.jpg 819w, https:\/\/franciscanos.org.br\/noticias\/wp-content\/uploads\/2025\/02\/Alverne-1-768x960.jpg 768w, https:\/\/franciscanos.org.br\/noticias\/wp-content\/uploads\/2025\/02\/Alverne-1-1229x1536.jpg 1229w, https:\/\/franciscanos.org.br\/noticias\/wp-content\/uploads\/2025\/02\/Alverne-1-1638x2048.jpg 1638w, https:\/\/franciscanos.org.br\/noticias\/wp-content\/uploads\/2025\/02\/Alverne-1-150x188.jpg 150w, https:\/\/franciscanos.org.br\/noticias\/wp-content\/uploads\/2025\/02\/Alverne-1-scaled.jpg 864w\" sizes=\"(max-width: 360px) 100vw, 360px\" \/><\/p>\n<p><strong>Uma iniciativa que veio para ficar<\/strong><\/p>\n<p>Realizado pelo segundo ano consecutivo, o Dia de Miss\u00e3o 2025, dado o n\u00famero de fraternidades e jovens que mobilizou e a qualidade e o empenho das a\u00e7\u00f5es realizadas, revela que tem tudo para se tornar tamb\u00e9m uma tradi\u00e7\u00e3o na hist\u00f3ria da Evangeliza\u00e7\u00e3o com as Juventudes na Prov\u00edncia.<\/p>\n<hr \/>\n<p>&nbsp;<\/p>\n<p><em>Equipe de Evangeliza\u00e7\u00e3o com as Juventudes<\/em><\/p>\n<p><em>\u00a0<\/em><a href=\"https:\/\/youtu.be\/8GnINM1ooDE?si=gU5yoFB2LH9hDbCB\"><em>https:\/\/youtu.be\/8GnINM1ooDE?si=gU5yoFB2LH9hDbCB<\/em><\/a><\/p>\n\n\t\t<style type=\"text\/css\">\n\t\t\t#gallery-7 {\n\t\t\t\tmargin: auto;\n\t\t\t}\n\t\t\t#gallery-7 .gallery-item {\n\t\t\t\tfloat: left;\n\t\t\t\tmargin-top: 10px;\n\t\t\t\ttext-align: center;\n\t\t\t\twidth: 50%;\n\t\t\t}\n\t\t\t#gallery-7 img {\n\t\t\t\tborder: 2px solid #cfcfcf;\n\t\t\t}\n\t\t\t#gallery-7 .gallery-caption {\n\t\t\t\tmargin-left: 0;\n\t\t\t}\n\t\t\t\/* see gallery_shortcode() in wp-includes\/media.php *\/\n\t\t<\/style>\n\t\t<div id='gallery-7' class='gallery galleryid-254478 gallery-columns-2 gallery-size-thumbnail'><dl class='gallery-item'>\n\t\t\t<dt class='gallery-icon landscape'>\n\t\t\t\t<a href='https:\/\/franciscanos.org.br\/noticias\/wp-content\/uploads\/2025\/02\/Agudos-2-scaled.jpg'><img width=\"300\" height=\"300\" src=\"https:\/\/franciscanos.org.br\/noticias\/wp-content\/uploads\/2025\/02\/Agudos-2-300x300.jpg\" class=\"attachment-thumbnail size-thumbnail\" alt=\"\" loading=\"lazy\" aria-describedby=\"gallery-7-254523\" srcset=\"https:\/\/franciscanos.org.br\/noticias\/wp-content\/uploads\/2025\/02\/Agudos-2-300x300.jpg 300w, https:\/\/franciscanos.org.br\/noticias\/wp-content\/uploads\/2025\/02\/Agudos-2-100x100.jpg 100w\" sizes=\"(max-width: 300px) 100vw, 300px\" \/><\/a>\n\t\t\t<\/dt>\n\t\t\t\t<dd class='wp-caption-text gallery-caption' id='gallery-7-254523'>\n\t\t\t\tAgudos\n\t\t\t\t<\/dd><\/dl><dl class='gallery-item'>\n\t\t\t<dt class='gallery-icon landscape'>\n\t\t\t\t<a href='https:\/\/franciscanos.org.br\/noticias\/wp-content\/uploads\/2025\/02\/Nilopolis-1-1-scaled.jpg'><img width=\"300\" height=\"300\" src=\"https:\/\/franciscanos.org.br\/noticias\/wp-content\/uploads\/2025\/02\/Nilopolis-1-1-300x300.jpg\" class=\"attachment-thumbnail size-thumbnail\" alt=\"\" loading=\"lazy\" aria-describedby=\"gallery-7-254524\" srcset=\"https:\/\/franciscanos.org.br\/noticias\/wp-content\/uploads\/2025\/02\/Nilopolis-1-1-300x300.jpg 300w, https:\/\/franciscanos.org.br\/noticias\/wp-content\/uploads\/2025\/02\/Nilopolis-1-1-100x100.jpg 100w\" sizes=\"(max-width: 300px) 100vw, 300px\" \/><\/a>\n\t\t\t<\/dt>\n\t\t\t\t<dd class='wp-caption-text gallery-caption' id='gallery-7-254524'>\n\t\t\t\tNin\u00f3polis\n\t\t\t\t<\/dd><\/dl><br style=\"clear: both\" \/><dl class='gallery-item'>\n\t\t\t<dt class='gallery-icon portrait'>\n\t\t\t\t<a href='https:\/\/franciscanos.org.br\/noticias\/wp-content\/uploads\/2025\/02\/Guaratingueta-2-scaled.jpg'><img width=\"300\" height=\"300\" src=\"https:\/\/franciscanos.org.br\/noticias\/wp-content\/uploads\/2025\/02\/Guaratingueta-2-300x300.jpg\" class=\"attachment-thumbnail size-thumbnail\" alt=\"\" loading=\"lazy\" aria-describedby=\"gallery-7-254525\" srcset=\"https:\/\/franciscanos.org.br\/noticias\/wp-content\/uploads\/2025\/02\/Guaratingueta-2-300x300.jpg 300w, https:\/\/franciscanos.org.br\/noticias\/wp-content\/uploads\/2025\/02\/Guaratingueta-2-100x100.jpg 100w\" sizes=\"(max-width: 300px) 100vw, 300px\" \/><\/a>\n\t\t\t<\/dt>\n\t\t\t\t<dd class='wp-caption-text gallery-caption' id='gallery-7-254525'>\n\t\t\t\tGuaratinguet\u00e1\n\t\t\t\t<\/dd><\/dl><dl class='gallery-item'>\n\t\t\t<dt class='gallery-icon portrait'>\n\t\t\t\t<a href='https:\/\/franciscanos.org.br\/noticias\/wp-content\/uploads\/2025\/02\/Gaspar-2.jpg'><img width=\"300\" height=\"300\" src=\"https:\/\/franciscanos.org.br\/noticias\/wp-content\/uploads\/2025\/02\/Gaspar-2-300x300.jpg\" class=\"attachment-thumbnail size-thumbnail\" alt=\"\" loading=\"lazy\" aria-describedby=\"gallery-7-254526\" srcset=\"https:\/\/franciscanos.org.br\/noticias\/wp-content\/uploads\/2025\/02\/Gaspar-2-300x300.jpg 300w, https:\/\/franciscanos.org.br\/noticias\/wp-content\/uploads\/2025\/02\/Gaspar-2-100x100.jpg 100w\" sizes=\"(max-width: 300px) 100vw, 300px\" \/><\/a>\n\t\t\t<\/dt>\n\t\t\t\t<dd class='wp-caption-text gallery-caption' id='gallery-7-254526'>\n\t\t\t\tGaspar\n\t\t\t\t<\/dd><\/dl><br style=\"clear: both\" \/><dl class='gallery-item'>\n\t\t\t<dt class='gallery-icon landscape'>\n\t\t\t\t<a href='https:\/\/franciscanos.org.br\/noticias\/wp-content\/uploads\/2025\/02\/Rodeio-1-scaled.jpg'><img width=\"300\" height=\"300\" src=\"https:\/\/franciscanos.org.br\/noticias\/wp-content\/uploads\/2025\/02\/Rodeio-1-300x300.jpg\" class=\"attachment-thumbnail size-thumbnail\" alt=\"\" loading=\"lazy\" aria-describedby=\"gallery-7-254527\" srcset=\"https:\/\/franciscanos.org.br\/noticias\/wp-content\/uploads\/2025\/02\/Rodeio-1-300x300.jpg 300w, https:\/\/franciscanos.org.br\/noticias\/wp-content\/uploads\/2025\/02\/Rodeio-1-100x100.jpg 100w\" sizes=\"(max-width: 300px) 100vw, 300px\" \/><\/a>\n\t\t\t<\/dt>\n\t\t\t\t<dd class='wp-caption-text gallery-caption' id='gallery-7-254527'>\n\t\t\t\tRodeio\n\t\t\t\t<\/dd><\/dl><dl class='gallery-item'>\n\t\t\t<dt class='gallery-icon landscape'>\n\t\t\t\t<a href='https:\/\/franciscanos.org.br\/noticias\/wp-content\/uploads\/2025\/02\/Imbarie-2-1.jpg'><img width=\"300\" height=\"300\" src=\"https:\/\/franciscanos.org.br\/noticias\/wp-content\/uploads\/2025\/02\/Imbarie-2-1-300x300.jpg\" class=\"attachment-thumbnail size-thumbnail\" alt=\"\" loading=\"lazy\" aria-describedby=\"gallery-7-254528\" srcset=\"https:\/\/franciscanos.org.br\/noticias\/wp-content\/uploads\/2025\/02\/Imbarie-2-1-300x300.jpg 300w, https:\/\/franciscanos.org.br\/noticias\/wp-content\/uploads\/2025\/02\/Imbarie-2-1-100x100.jpg 100w\" sizes=\"(max-width: 300px) 100vw, 300px\" \/><\/a>\n\t\t\t<\/dt>\n\t\t\t\t<dd class='wp-caption-text gallery-caption' id='gallery-7-254528'>\n\t\t\t\tImbari\u00ea\n\t\t\t\t<\/dd><\/dl><br style=\"clear: both\" \/>\n\t\t<\/div>\n\n","protected":false},"excerpt":{"rendered":"<p>Dia de Miss\u00e3o 2025<\/p>\n","protected":false},"author":11,"featured_media":254529,"comment_status":"open","ping_status":"open","sticky":false,"template":"","format":"standard","meta":[],"categories":[1],"tags":[2272,478,2056],"acf":[],"yoast_head":"<!-- This site is optimized with the Yoast SEO plugin v19.2 - https:\/\/yoast.com\/wordpress\/plugins\/seo\/ -->\n<title>Dia de Miss\u00e3o movimenta 500 jovens em quinze fraternidades no territ\u00f3rio da Prov\u00edncia - Not\u00edcias - Franciscanos<\/title>\n<meta name=\"robots\" content=\"index, follow, max-snippet:-1, max-image-preview:large, max-video-preview:-1\" \/>\n<link rel=\"canonical\" href=\"https:\/\/franciscanos.org.br\/noticias\/dia-de-missao-movimenta-500-jovens-em-quinze-fraternidades-no-territorio-da-provincia.html\" \/>\n<meta property=\"og:locale\" content=\"pt_BR\" \/>\n<meta property=\"og:type\" content=\"article\" \/>\n<meta property=\"og:title\" content=\"Dia de Miss\u00e3o movimenta 500 jovens em quinze fraternidades no territ\u00f3rio da Prov\u00edncia - Not\u00edcias - Franciscanos\" \/>\n<meta property=\"og:description\" content=\"Dia de Miss\u00e3o 2025\" \/>\n<meta property=\"og:url\" content=\"https:\/\/franciscanos.org.br\/noticias\/dia-de-missao-movimenta-500-jovens-em-quinze-fraternidades-no-territorio-da-provincia.html\" \/>\n<meta property=\"og:site_name\" content=\"Not\u00edcias - Franciscanos\" \/>\n<meta property=\"article:published_time\" content=\"2025-02-04T14:38:35+00:00\" \/>\n<meta property=\"article:modified_time\" content=\"2025-03-10T19:24:13+00:00\" \/>\n<meta property=\"og:image\" content=\"https:\/\/franciscanos.org.br\/noticias\/wp-content\/uploads\/2025\/02\/CHAMADA-2.jpg\" \/>\n\t<meta property=\"og:image:width\" content=\"800\" \/>\n\t<meta property=\"og:image:height\" content=\"550\" \/>\n\t<meta property=\"og:image:type\" content=\"image\/jpeg\" \/>\n<meta name=\"author\" content=\"Adriana Rabelo\" \/>\n<meta name=\"twitter:card\" content=\"summary_large_image\" \/>\n<meta name=\"twitter:label1\" content=\"Escrito por\" \/>\n\t<meta name=\"twitter:data1\" content=\"Adriana Rabelo\" \/>\n\t<meta name=\"twitter:label2\" content=\"Est. tempo de leitura\" \/>\n\t<meta name=\"twitter:data2\" content=\"16 minutos\" \/>\n<script type=\"application\/ld+json\" class=\"yoast-schema-graph\">{\"@context\":\"https:\/\/schema.org\",\"@graph\":[{\"@type\":\"WebSite\",\"@id\":\"https:\/\/franciscanos.org.br\/noticias\/#website\",\"url\":\"https:\/\/franciscanos.org.br\/noticias\/\",\"name\":\"Not\u00edcias - Franciscanos\",\"description\":\"Prov\u00edncia Franciscana da Imaculada Concei\u00e7\u00e3o do Brasil - Ordem dos Frades Menores - OFM\",\"potentialAction\":[{\"@type\":\"SearchAction\",\"target\":{\"@type\":\"EntryPoint\",\"urlTemplate\":\"https:\/\/franciscanos.org.br\/noticias\/?s={search_term_string}\"},\"query-input\":\"required name=search_term_string\"}],\"inLanguage\":\"pt-BR\"},{\"@type\":\"ImageObject\",\"inLanguage\":\"pt-BR\",\"@id\":\"https:\/\/franciscanos.org.br\/noticias\/dia-de-missao-movimenta-500-jovens-em-quinze-fraternidades-no-territorio-da-provincia.html#primaryimage\",\"url\":\"https:\/\/franciscanos.org.br\/noticias\/wp-content\/uploads\/2025\/02\/CHAMADA-2.jpg\",\"contentUrl\":\"https:\/\/franciscanos.org.br\/noticias\/wp-content\/uploads\/2025\/02\/CHAMADA-2.jpg\",\"width\":800,\"height\":550},{\"@type\":\"WebPage\",\"@id\":\"https:\/\/franciscanos.org.br\/noticias\/dia-de-missao-movimenta-500-jovens-em-quinze-fraternidades-no-territorio-da-provincia.html#webpage\",\"url\":\"https:\/\/franciscanos.org.br\/noticias\/dia-de-missao-movimenta-500-jovens-em-quinze-fraternidades-no-territorio-da-provincia.html\",\"name\":\"Dia de Miss\u00e3o movimenta 500 jovens em quinze fraternidades no territ\u00f3rio da Prov\u00edncia - Not\u00edcias - Franciscanos\",\"isPartOf\":{\"@id\":\"https:\/\/franciscanos.org.br\/noticias\/#website\"},\"primaryImageOfPage\":{\"@id\":\"https:\/\/franciscanos.org.br\/noticias\/dia-de-missao-movimenta-500-jovens-em-quinze-fraternidades-no-territorio-da-provincia.html#primaryimage\"},\"datePublished\":\"2025-02-04T14:38:35+00:00\",\"dateModified\":\"2025-03-10T19:24:13+00:00\",\"author\":{\"@id\":\"https:\/\/franciscanos.org.br\/noticias\/#\/schema\/person\/d9422e83121c3ad3b0f423d195f5bb25\"},\"breadcrumb\":{\"@id\":\"https:\/\/franciscanos.org.br\/noticias\/dia-de-missao-movimenta-500-jovens-em-quinze-fraternidades-no-territorio-da-provincia.html#breadcrumb\"},\"inLanguage\":\"pt-BR\",\"potentialAction\":[{\"@type\":\"ReadAction\",\"target\":[\"https:\/\/franciscanos.org.br\/noticias\/dia-de-missao-movimenta-500-jovens-em-quinze-fraternidades-no-territorio-da-provincia.html\"]}]},{\"@type\":\"BreadcrumbList\",\"@id\":\"https:\/\/franciscanos.org.br\/noticias\/dia-de-missao-movimenta-500-jovens-em-quinze-fraternidades-no-territorio-da-provincia.html#breadcrumb\",\"itemListElement\":[{\"@type\":\"ListItem\",\"position\":1,\"name\":\"Home\",\"item\":\"https:\/\/franciscanos.org.br\/noticias\"},{\"@type\":\"ListItem\",\"position\":2,\"name\":\"Dia de Miss\u00e3o movimenta 500 jovens em quinze fraternidades no territ\u00f3rio da Prov\u00edncia\"}]},{\"@type\":\"Person\",\"@id\":\"https:\/\/franciscanos.org.br\/noticias\/#\/schema\/person\/d9422e83121c3ad3b0f423d195f5bb25\",\"name\":\"Adriana Rabelo\",\"image\":{\"@type\":\"ImageObject\",\"inLanguage\":\"pt-BR\",\"@id\":\"https:\/\/franciscanos.org.br\/noticias\/#\/schema\/person\/image\/\",\"url\":\"https:\/\/secure.gravatar.com\/avatar\/0a937b7500cd7df77540cfb8bede877d?s=96&d=mm&r=g\",\"contentUrl\":\"https:\/\/secure.gravatar.com\/avatar\/0a937b7500cd7df77540cfb8bede877d?s=96&d=mm&r=g\",\"caption\":\"Adriana Rabelo\"},\"url\":\"https:\/\/franciscanos.org.br\/noticias\/author\/adrianarabelo\"}]}<\/script>\n<!-- \/ Yoast SEO plugin. -->","yoast_head_json":{"title":"Dia de Miss\u00e3o movimenta 500 jovens em quinze fraternidades no territ\u00f3rio da Prov\u00edncia - Not\u00edcias - Franciscanos","robots":{"index":"index","follow":"follow","max-snippet":"max-snippet:-1","max-image-preview":"max-image-preview:large","max-video-preview":"max-video-preview:-1"},"canonical":"https:\/\/franciscanos.org.br\/noticias\/dia-de-missao-movimenta-500-jovens-em-quinze-fraternidades-no-territorio-da-provincia.html","og_locale":"pt_BR","og_type":"article","og_title":"Dia de Miss\u00e3o movimenta 500 jovens em quinze fraternidades no territ\u00f3rio da Prov\u00edncia - Not\u00edcias - Franciscanos","og_description":"Dia de Miss\u00e3o 2025","og_url":"https:\/\/franciscanos.org.br\/noticias\/dia-de-missao-movimenta-500-jovens-em-quinze-fraternidades-no-territorio-da-provincia.html","og_site_name":"Not\u00edcias - Franciscanos","article_published_time":"2025-02-04T14:38:35+00:00","article_modified_time":"2025-03-10T19:24:13+00:00","og_image":[{"width":800,"height":550,"url":"https:\/\/franciscanos.org.br\/noticias\/wp-content\/uploads\/2025\/02\/CHAMADA-2.jpg","type":"image\/jpeg"}],"author":"Adriana Rabelo","twitter_card":"summary_large_image","twitter_misc":{"Escrito por":"Adriana Rabelo","Est. tempo de leitura":"16 minutos"},"schema":{"@context":"https:\/\/schema.org","@graph":[{"@type":"WebSite","@id":"https:\/\/franciscanos.org.br\/noticias\/#website","url":"https:\/\/franciscanos.org.br\/noticias\/","name":"Not\u00edcias - Franciscanos","description":"Prov\u00edncia Franciscana da Imaculada Concei\u00e7\u00e3o do Brasil - Ordem dos Frades Menores - OFM","potentialAction":[{"@type":"SearchAction","target":{"@type":"EntryPoint","urlTemplate":"https:\/\/franciscanos.org.br\/noticias\/?s={search_term_string}"},"query-input":"required name=search_term_string"}],"inLanguage":"pt-BR"},{"@type":"ImageObject","inLanguage":"pt-BR","@id":"https:\/\/franciscanos.org.br\/noticias\/dia-de-missao-movimenta-500-jovens-em-quinze-fraternidades-no-territorio-da-provincia.html#primaryimage","url":"https:\/\/franciscanos.org.br\/noticias\/wp-content\/uploads\/2025\/02\/CHAMADA-2.jpg","contentUrl":"https:\/\/franciscanos.org.br\/noticias\/wp-content\/uploads\/2025\/02\/CHAMADA-2.jpg","width":800,"height":550},{"@type":"WebPage","@id":"https:\/\/franciscanos.org.br\/noticias\/dia-de-missao-movimenta-500-jovens-em-quinze-fraternidades-no-territorio-da-provincia.html#webpage","url":"https:\/\/franciscanos.org.br\/noticias\/dia-de-missao-movimenta-500-jovens-em-quinze-fraternidades-no-territorio-da-provincia.html","name":"Dia de Miss\u00e3o movimenta 500 jovens em quinze fraternidades no territ\u00f3rio da Prov\u00edncia - Not\u00edcias - Franciscanos","isPartOf":{"@id":"https:\/\/franciscanos.org.br\/noticias\/#website"},"primaryImageOfPage":{"@id":"https:\/\/franciscanos.org.br\/noticias\/dia-de-missao-movimenta-500-jovens-em-quinze-fraternidades-no-territorio-da-provincia.html#primaryimage"},"datePublished":"2025-02-04T14:38:35+00:00","dateModified":"2025-03-10T19:24:13+00:00","author":{"@id":"https:\/\/franciscanos.org.br\/noticias\/#\/schema\/person\/d9422e83121c3ad3b0f423d195f5bb25"},"breadcrumb":{"@id":"https:\/\/franciscanos.org.br\/noticias\/dia-de-missao-movimenta-500-jovens-em-quinze-fraternidades-no-territorio-da-provincia.html#breadcrumb"},"inLanguage":"pt-BR","potentialAction":[{"@type":"ReadAction","target":["https:\/\/franciscanos.org.br\/noticias\/dia-de-missao-movimenta-500-jovens-em-quinze-fraternidades-no-territorio-da-provincia.html"]}]},{"@type":"BreadcrumbList","@id":"https:\/\/franciscanos.org.br\/noticias\/dia-de-missao-movimenta-500-jovens-em-quinze-fraternidades-no-territorio-da-provincia.html#breadcrumb","itemListElement":[{"@type":"ListItem","position":1,"name":"Home","item":"https:\/\/franciscanos.org.br\/noticias"},{"@type":"ListItem","position":2,"name":"Dia de Miss\u00e3o movimenta 500 jovens em quinze fraternidades no territ\u00f3rio da Prov\u00edncia"}]},{"@type":"Person","@id":"https:\/\/franciscanos.org.br\/noticias\/#\/schema\/person\/d9422e83121c3ad3b0f423d195f5bb25","name":"Adriana Rabelo","image":{"@type":"ImageObject","inLanguage":"pt-BR","@id":"https:\/\/franciscanos.org.br\/noticias\/#\/schema\/person\/image\/","url":"https:\/\/secure.gravatar.com\/avatar\/0a937b7500cd7df77540cfb8bede877d?s=96&d=mm&r=g","contentUrl":"https:\/\/secure.gravatar.com\/avatar\/0a937b7500cd7df77540cfb8bede877d?s=96&d=mm&r=g","caption":"Adriana Rabelo"},"url":"https:\/\/franciscanos.org.br\/noticias\/author\/adrianarabelo"}]}},"_links":{"self":[{"href":"https:\/\/franciscanos.org.br\/noticias\/wp-json\/wp\/v2\/posts\/254478"}],"collection":[{"href":"https:\/\/franciscanos.org.br\/noticias\/wp-json\/wp\/v2\/posts"}],"about":[{"href":"https:\/\/franciscanos.org.br\/noticias\/wp-json\/wp\/v2\/types\/post"}],"author":[{"embeddable":true,"href":"https:\/\/franciscanos.org.br\/noticias\/wp-json\/wp\/v2\/users\/11"}],"replies":[{"embeddable":true,"href":"https:\/\/franciscanos.org.br\/noticias\/wp-json\/wp\/v2\/comments?post=254478"}],"version-history":[{"count":24,"href":"https:\/\/franciscanos.org.br\/noticias\/wp-json\/wp\/v2\/posts\/254478\/revisions"}],"predecessor-version":[{"id":254539,"href":"https:\/\/franciscanos.org.br\/noticias\/wp-json\/wp\/v2\/posts\/254478\/revisions\/254539"}],"wp:featuredmedia":[{"embeddable":true,"href":"https:\/\/franciscanos.org.br\/noticias\/wp-json\/wp\/v2\/media\/254529"}],"wp:attachment":[{"href":"https:\/\/franciscanos.org.br\/noticias\/wp-json\/wp\/v2\/media?parent=254478"}],"wp:term":[{"taxonomy":"category","embeddable":true,"href":"https:\/\/franciscanos.org.br\/noticias\/wp-json\/wp\/v2\/categories?post=254478"},{"taxonomy":"post_tag","embeddable":true,"href":"https:\/\/franciscanos.org.br\/noticias\/wp-json\/wp\/v2\/tags?post=254478"}],"curies":[{"name":"wp","href":"https:\/\/api.w.org\/{rel}","templated":true}]}}