{"id":254253,"date":"2025-01-29T07:34:40","date_gmt":"2025-01-29T10:34:40","guid":{"rendered":"https:\/\/franciscanos.org.br\/noticias\/?p=254253"},"modified":"2025-01-30T09:13:24","modified_gmt":"2025-01-30T12:13:24","slug":"inspiremo-nos-em-sao-jose-um-sonhador-justo","status":"publish","type":"post","link":"https:\/\/franciscanos.org.br\/noticias\/inspiremo-nos-em-sao-jose-um-sonhador-justo.html","title":{"rendered":"Inspiremo-nos em S\u00e3o Jos\u00e9, um sonhador justo"},"content":{"rendered":"<p><img loading=\"lazy\" class=\"aligncenter wp-image-254254 size-full\" src=\"https:\/\/franciscanos.org.br\/noticias\/wp-content\/uploads\/2025\/01\/MATERIA-AUDIENCIA-GERAL-29.01.25.jpg\" alt=\"\" width=\"1280\" height=\"720\" srcset=\"https:\/\/franciscanos.org.br\/noticias\/wp-content\/uploads\/2025\/01\/MATERIA-AUDIENCIA-GERAL-29.01.25.jpg 1280w, https:\/\/franciscanos.org.br\/noticias\/wp-content\/uploads\/2025\/01\/MATERIA-AUDIENCIA-GERAL-29.01.25-450x253.jpg 450w, https:\/\/franciscanos.org.br\/noticias\/wp-content\/uploads\/2025\/01\/MATERIA-AUDIENCIA-GERAL-29.01.25-1024x576.jpg 1024w, https:\/\/franciscanos.org.br\/noticias\/wp-content\/uploads\/2025\/01\/MATERIA-AUDIENCIA-GERAL-29.01.25-768x432.jpg 768w, https:\/\/franciscanos.org.br\/noticias\/wp-content\/uploads\/2025\/01\/MATERIA-AUDIENCIA-GERAL-29.01.25-150x84.jpg 150w\" sizes=\"(max-width: 1280px) 100vw, 1280px\" \/><\/p>\n<p>Na manh\u00e3 desta quarta-feira, 29 de janeiro, na Sala Paulo VI, o Papa prosseguiu com as catequeses sobre Jesus Cristo, nossa esperan\u00e7a, aprofundando-se na hist\u00f3ria da inf\u00e2ncia do Salvador. Francisco se deteve na figura de Jos\u00e9, que emerge como um homem \u201cjusto\u201d, assume a paternidade legal de Jesus e o insere na descend\u00eancia de Jess\u00e9, cumprindo assim a promessa feita a Davi.<\/p>\n<p><strong>A prova\u00e7\u00e3o de Jos\u00e9<\/strong><\/p>\n<p>Ao refletir sobre a narrativa evang\u00e9lica, o Papa explicou que o Evangelho de Mateus apresenta Jos\u00e9 como noivo de Maria. Na tradi\u00e7\u00e3o hebraica, o noivado era um v\u00ednculo jur\u00eddico que precedia o casamento, momento em que a mulher passava da casa paterna para a do esposo e se dispunha ao dom da maternidade. Foi nesse per\u00edodo que Jos\u00e9 descobriu a gravidez de Maria, sendo posto diante de uma grande prova\u00e7\u00e3o: \u201cA Lei sugeria duas poss\u00edveis solu\u00e7\u00f5es: ou um ato legal de natureza p\u00fablica, como a convoca\u00e7\u00e3o da mulher a um tribunal, ou uma a\u00e7\u00e3o privada, como a entrega de uma carta de rep\u00fadio \u00e0 mulher\u201d, explicou o Pont\u00edfice.<\/p>\n<p><strong>Homem justo<\/strong><\/p>\n<p>O evangelista Mateus, por\u00e9m, define Jos\u00e9 como \u201cjusto\u201d (zaddiq), ou seja, um homem fiel \u00e0 Lei do Senhor e guiado pela sabedoria divina. Diante da dif\u00edcil situa\u00e7\u00e3o, ressaltou o Papa, ele n\u00e3o se deixa levar por impulsos ou medos, mas decide separar-se de Maria sem alarde, em segredo:<\/p>\n<p><i>\u201cEsta sua sabedoria permite-lhe n\u00e3o cometer erros e fazer-se aberto e d\u00f3cil \u00e0 voz do Senhor.\u201d<\/i><\/p>\n<p><strong>Jos\u00e9 e os sonhos de Deus<\/strong><\/p>\n<p>Em seguida, o Santo Padre fez um paralelo entre Jos\u00e9 de Nazar\u00e9 e Jos\u00e9, filho de Jac\u00f3, que no Antigo Testamento era chamado de \u201csonhador\u201d. Ambos receberam de Deus mensagens fundamentais por meio dos sonhos.<\/p>\n<p><i>\u201cO que sonha Jos\u00e9 de Nazar\u00e9? Ele sonha com o milagre que Deus realiza na vida de Maria, e tamb\u00e9m com o milagre que Ele realiza na sua pr\u00f3pria vida: assumir uma paternidade capaz de guardar, proteger e transmitir uma heran\u00e7a material e espiritual.\u201d<\/i><\/p>\n<div>\n<div class=\"article__embed article__embed--unwrap article__embed--photo\">\n<div class=\"photo_embed--Title\">Francisco sublinhou que o ventre de Maria trazia a promessa de Deus, e essa promessa tinha um nome que garantiria a salva\u00e7\u00e3o a todos: Jesus. No seu sono, Jos\u00e9 escutou a mensagem do anjo: \u201cJos\u00e9, filho de Davi, n\u00e3o temas receber Maria por esposa, pois o que nela foi concebido vem do Esp\u00edrito Santo&#8221;, e o Papa completou:<\/div>\n<\/div>\n<\/div>\n<p><i>&#8220;Perante esta revela\u00e7\u00e3o, Jos\u00e9 n\u00e3o pede mais provas, confia em Deus, aceita o sonho de Deus para a sua vida e a da sua esposa prometida. Assim, ele entra na gra\u00e7a daqueles que sabem viver a promessa divina com f\u00e9, esperan\u00e7a e amor.&#8221;<\/i><\/p>\n<p><strong>Um exemplo de f\u00e9 silenciosa<\/strong><\/p>\n<p>Ao destacar que Jos\u00e9 n\u00e3o pronunciou uma s\u00f3 palavra nas Escrituras, mas demonstrou sua f\u00e9 por meio de atitudes, Francisco recordou que o pai adotivo de Jesus pertence \u00e0 linhagem dos que, segundo S\u00e3o Tiago, \u201cp\u00f5em em pr\u00e1tica a Palavra\u201d, traduzindo-a em obras, em carne, em vida.\u00a0Na conclus\u00e3o de sua catequese, o Papa convidou os fi\u00e9is a seguirem o exemplo de Jos\u00e9, cultivando o sil\u00eancio que escuta e obedece \u00e0 Palavra de Deus:<\/p>\n<p><i>\u201cIrm\u00e3s e irm\u00e3os, pe\u00e7amos n\u00f3s tamb\u00e9m ao Senhor a gra\u00e7a de ouvirmos mais de quanto falamos, de sonhar os sonhos de Deus e de acolher com responsabilidade o Cristo que, desde o momento do batismo, vive e cresce na nossa vida.\u201d<\/i><\/p>\n<hr \/>\n<p><em>Thulio Fonseca \u2013 Vatican News<\/em><\/p>\n","protected":false},"excerpt":{"rendered":"<p>Audi\u00eancia Geral<\/p>\n","protected":false},"author":11,"featured_media":254255,"comment_status":"open","ping_status":"open","sticky":false,"template":"","format":"standard","meta":[],"categories":[1,1428],"tags":[487,55],"acf":[],"yoast_head":"<!-- This site is optimized with the Yoast SEO plugin v19.2 - https:\/\/yoast.com\/wordpress\/plugins\/seo\/ -->\n<title>Inspiremo-nos em S\u00e3o Jos\u00e9, um sonhador justo - Not\u00edcias - Franciscanos<\/title>\n<meta name=\"robots\" content=\"index, follow, max-snippet:-1, max-image-preview:large, max-video-preview:-1\" \/>\n<link rel=\"canonical\" href=\"https:\/\/franciscanos.org.br\/noticias\/inspiremo-nos-em-sao-jose-um-sonhador-justo.html\" \/>\n<meta property=\"og:locale\" content=\"pt_BR\" \/>\n<meta property=\"og:type\" content=\"article\" \/>\n<meta property=\"og:title\" content=\"Inspiremo-nos em S\u00e3o Jos\u00e9, um sonhador justo - Not\u00edcias - Franciscanos\" \/>\n<meta property=\"og:description\" content=\"Audi\u00eancia Geral\" \/>\n<meta property=\"og:url\" content=\"https:\/\/franciscanos.org.br\/noticias\/inspiremo-nos-em-sao-jose-um-sonhador-justo.html\" \/>\n<meta property=\"og:site_name\" content=\"Not\u00edcias - Franciscanos\" \/>\n<meta property=\"article:published_time\" content=\"2025-01-29T10:34:40+00:00\" \/>\n<meta property=\"article:modified_time\" content=\"2025-01-30T12:13:24+00:00\" \/>\n<meta property=\"og:image\" content=\"https:\/\/franciscanos.org.br\/noticias\/wp-content\/uploads\/2025\/01\/CHAMDA-AUDIENCIA-GERAL-29.01.25.jpg\" \/>\n\t<meta property=\"og:image:width\" content=\"800\" \/>\n\t<meta property=\"og:image:height\" content=\"550\" \/>\n\t<meta property=\"og:image:type\" content=\"image\/jpeg\" \/>\n<meta name=\"author\" content=\"Adriana Rabelo\" \/>\n<meta name=\"twitter:card\" content=\"summary_large_image\" \/>\n<meta name=\"twitter:label1\" content=\"Escrito por\" \/>\n\t<meta name=\"twitter:data1\" content=\"Adriana Rabelo\" \/>\n\t<meta name=\"twitter:label2\" content=\"Est. tempo de leitura\" \/>\n\t<meta name=\"twitter:data2\" content=\"3 minutos\" \/>\n<script type=\"application\/ld+json\" class=\"yoast-schema-graph\">{\"@context\":\"https:\/\/schema.org\",\"@graph\":[{\"@type\":\"WebSite\",\"@id\":\"https:\/\/franciscanos.org.br\/noticias\/#website\",\"url\":\"https:\/\/franciscanos.org.br\/noticias\/\",\"name\":\"Not\u00edcias - Franciscanos\",\"description\":\"Prov\u00edncia Franciscana da Imaculada Concei\u00e7\u00e3o do Brasil - Ordem dos Frades Menores - OFM\",\"potentialAction\":[{\"@type\":\"SearchAction\",\"target\":{\"@type\":\"EntryPoint\",\"urlTemplate\":\"https:\/\/franciscanos.org.br\/noticias\/?s={search_term_string}\"},\"query-input\":\"required name=search_term_string\"}],\"inLanguage\":\"pt-BR\"},{\"@type\":\"ImageObject\",\"inLanguage\":\"pt-BR\",\"@id\":\"https:\/\/franciscanos.org.br\/noticias\/inspiremo-nos-em-sao-jose-um-sonhador-justo.html#primaryimage\",\"url\":\"https:\/\/franciscanos.org.br\/noticias\/wp-content\/uploads\/2025\/01\/CHAMDA-AUDIENCIA-GERAL-29.01.25.jpg\",\"contentUrl\":\"https:\/\/franciscanos.org.br\/noticias\/wp-content\/uploads\/2025\/01\/CHAMDA-AUDIENCIA-GERAL-29.01.25.jpg\",\"width\":800,\"height\":550},{\"@type\":\"WebPage\",\"@id\":\"https:\/\/franciscanos.org.br\/noticias\/inspiremo-nos-em-sao-jose-um-sonhador-justo.html#webpage\",\"url\":\"https:\/\/franciscanos.org.br\/noticias\/inspiremo-nos-em-sao-jose-um-sonhador-justo.html\",\"name\":\"Inspiremo-nos em S\u00e3o Jos\u00e9, um sonhador justo - Not\u00edcias - Franciscanos\",\"isPartOf\":{\"@id\":\"https:\/\/franciscanos.org.br\/noticias\/#website\"},\"primaryImageOfPage\":{\"@id\":\"https:\/\/franciscanos.org.br\/noticias\/inspiremo-nos-em-sao-jose-um-sonhador-justo.html#primaryimage\"},\"datePublished\":\"2025-01-29T10:34:40+00:00\",\"dateModified\":\"2025-01-30T12:13:24+00:00\",\"author\":{\"@id\":\"https:\/\/franciscanos.org.br\/noticias\/#\/schema\/person\/d9422e83121c3ad3b0f423d195f5bb25\"},\"breadcrumb\":{\"@id\":\"https:\/\/franciscanos.org.br\/noticias\/inspiremo-nos-em-sao-jose-um-sonhador-justo.html#breadcrumb\"},\"inLanguage\":\"pt-BR\",\"potentialAction\":[{\"@type\":\"ReadAction\",\"target\":[\"https:\/\/franciscanos.org.br\/noticias\/inspiremo-nos-em-sao-jose-um-sonhador-justo.html\"]}]},{\"@type\":\"BreadcrumbList\",\"@id\":\"https:\/\/franciscanos.org.br\/noticias\/inspiremo-nos-em-sao-jose-um-sonhador-justo.html#breadcrumb\",\"itemListElement\":[{\"@type\":\"ListItem\",\"position\":1,\"name\":\"Home\",\"item\":\"https:\/\/franciscanos.org.br\/noticias\"},{\"@type\":\"ListItem\",\"position\":2,\"name\":\"Inspiremo-nos em S\u00e3o Jos\u00e9, um sonhador justo\"}]},{\"@type\":\"Person\",\"@id\":\"https:\/\/franciscanos.org.br\/noticias\/#\/schema\/person\/d9422e83121c3ad3b0f423d195f5bb25\",\"name\":\"Adriana Rabelo\",\"image\":{\"@type\":\"ImageObject\",\"inLanguage\":\"pt-BR\",\"@id\":\"https:\/\/franciscanos.org.br\/noticias\/#\/schema\/person\/image\/\",\"url\":\"https:\/\/secure.gravatar.com\/avatar\/0a937b7500cd7df77540cfb8bede877d?s=96&d=mm&r=g\",\"contentUrl\":\"https:\/\/secure.gravatar.com\/avatar\/0a937b7500cd7df77540cfb8bede877d?s=96&d=mm&r=g\",\"caption\":\"Adriana Rabelo\"},\"url\":\"https:\/\/franciscanos.org.br\/noticias\/author\/adrianarabelo\"}]}<\/script>\n<!-- \/ Yoast SEO plugin. -->","yoast_head_json":{"title":"Inspiremo-nos em S\u00e3o Jos\u00e9, um sonhador justo - Not\u00edcias - Franciscanos","robots":{"index":"index","follow":"follow","max-snippet":"max-snippet:-1","max-image-preview":"max-image-preview:large","max-video-preview":"max-video-preview:-1"},"canonical":"https:\/\/franciscanos.org.br\/noticias\/inspiremo-nos-em-sao-jose-um-sonhador-justo.html","og_locale":"pt_BR","og_type":"article","og_title":"Inspiremo-nos em S\u00e3o Jos\u00e9, um sonhador justo - Not\u00edcias - Franciscanos","og_description":"Audi\u00eancia Geral","og_url":"https:\/\/franciscanos.org.br\/noticias\/inspiremo-nos-em-sao-jose-um-sonhador-justo.html","og_site_name":"Not\u00edcias - Franciscanos","article_published_time":"2025-01-29T10:34:40+00:00","article_modified_time":"2025-01-30T12:13:24+00:00","og_image":[{"width":800,"height":550,"url":"https:\/\/franciscanos.org.br\/noticias\/wp-content\/uploads\/2025\/01\/CHAMDA-AUDIENCIA-GERAL-29.01.25.jpg","type":"image\/jpeg"}],"author":"Adriana Rabelo","twitter_card":"summary_large_image","twitter_misc":{"Escrito por":"Adriana Rabelo","Est. tempo de leitura":"3 minutos"},"schema":{"@context":"https:\/\/schema.org","@graph":[{"@type":"WebSite","@id":"https:\/\/franciscanos.org.br\/noticias\/#website","url":"https:\/\/franciscanos.org.br\/noticias\/","name":"Not\u00edcias - Franciscanos","description":"Prov\u00edncia Franciscana da Imaculada Concei\u00e7\u00e3o do Brasil - Ordem dos Frades Menores - OFM","potentialAction":[{"@type":"SearchAction","target":{"@type":"EntryPoint","urlTemplate":"https:\/\/franciscanos.org.br\/noticias\/?s={search_term_string}"},"query-input":"required name=search_term_string"}],"inLanguage":"pt-BR"},{"@type":"ImageObject","inLanguage":"pt-BR","@id":"https:\/\/franciscanos.org.br\/noticias\/inspiremo-nos-em-sao-jose-um-sonhador-justo.html#primaryimage","url":"https:\/\/franciscanos.org.br\/noticias\/wp-content\/uploads\/2025\/01\/CHAMDA-AUDIENCIA-GERAL-29.01.25.jpg","contentUrl":"https:\/\/franciscanos.org.br\/noticias\/wp-content\/uploads\/2025\/01\/CHAMDA-AUDIENCIA-GERAL-29.01.25.jpg","width":800,"height":550},{"@type":"WebPage","@id":"https:\/\/franciscanos.org.br\/noticias\/inspiremo-nos-em-sao-jose-um-sonhador-justo.html#webpage","url":"https:\/\/franciscanos.org.br\/noticias\/inspiremo-nos-em-sao-jose-um-sonhador-justo.html","name":"Inspiremo-nos em S\u00e3o Jos\u00e9, um sonhador justo - Not\u00edcias - Franciscanos","isPartOf":{"@id":"https:\/\/franciscanos.org.br\/noticias\/#website"},"primaryImageOfPage":{"@id":"https:\/\/franciscanos.org.br\/noticias\/inspiremo-nos-em-sao-jose-um-sonhador-justo.html#primaryimage"},"datePublished":"2025-01-29T10:34:40+00:00","dateModified":"2025-01-30T12:13:24+00:00","author":{"@id":"https:\/\/franciscanos.org.br\/noticias\/#\/schema\/person\/d9422e83121c3ad3b0f423d195f5bb25"},"breadcrumb":{"@id":"https:\/\/franciscanos.org.br\/noticias\/inspiremo-nos-em-sao-jose-um-sonhador-justo.html#breadcrumb"},"inLanguage":"pt-BR","potentialAction":[{"@type":"ReadAction","target":["https:\/\/franciscanos.org.br\/noticias\/inspiremo-nos-em-sao-jose-um-sonhador-justo.html"]}]},{"@type":"BreadcrumbList","@id":"https:\/\/franciscanos.org.br\/noticias\/inspiremo-nos-em-sao-jose-um-sonhador-justo.html#breadcrumb","itemListElement":[{"@type":"ListItem","position":1,"name":"Home","item":"https:\/\/franciscanos.org.br\/noticias"},{"@type":"ListItem","position":2,"name":"Inspiremo-nos em S\u00e3o Jos\u00e9, um sonhador justo"}]},{"@type":"Person","@id":"https:\/\/franciscanos.org.br\/noticias\/#\/schema\/person\/d9422e83121c3ad3b0f423d195f5bb25","name":"Adriana Rabelo","image":{"@type":"ImageObject","inLanguage":"pt-BR","@id":"https:\/\/franciscanos.org.br\/noticias\/#\/schema\/person\/image\/","url":"https:\/\/secure.gravatar.com\/avatar\/0a937b7500cd7df77540cfb8bede877d?s=96&d=mm&r=g","contentUrl":"https:\/\/secure.gravatar.com\/avatar\/0a937b7500cd7df77540cfb8bede877d?s=96&d=mm&r=g","caption":"Adriana Rabelo"},"url":"https:\/\/franciscanos.org.br\/noticias\/author\/adrianarabelo"}]}},"_links":{"self":[{"href":"https:\/\/franciscanos.org.br\/noticias\/wp-json\/wp\/v2\/posts\/254253"}],"collection":[{"href":"https:\/\/franciscanos.org.br\/noticias\/wp-json\/wp\/v2\/posts"}],"about":[{"href":"https:\/\/franciscanos.org.br\/noticias\/wp-json\/wp\/v2\/types\/post"}],"author":[{"embeddable":true,"href":"https:\/\/franciscanos.org.br\/noticias\/wp-json\/wp\/v2\/users\/11"}],"replies":[{"embeddable":true,"href":"https:\/\/franciscanos.org.br\/noticias\/wp-json\/wp\/v2\/comments?post=254253"}],"version-history":[{"count":2,"href":"https:\/\/franciscanos.org.br\/noticias\/wp-json\/wp\/v2\/posts\/254253\/revisions"}],"predecessor-version":[{"id":254270,"href":"https:\/\/franciscanos.org.br\/noticias\/wp-json\/wp\/v2\/posts\/254253\/revisions\/254270"}],"wp:featuredmedia":[{"embeddable":true,"href":"https:\/\/franciscanos.org.br\/noticias\/wp-json\/wp\/v2\/media\/254255"}],"wp:attachment":[{"href":"https:\/\/franciscanos.org.br\/noticias\/wp-json\/wp\/v2\/media?parent=254253"}],"wp:term":[{"taxonomy":"category","embeddable":true,"href":"https:\/\/franciscanos.org.br\/noticias\/wp-json\/wp\/v2\/categories?post=254253"},{"taxonomy":"post_tag","embeddable":true,"href":"https:\/\/franciscanos.org.br\/noticias\/wp-json\/wp\/v2\/tags?post=254253"}],"curies":[{"name":"wp","href":"https:\/\/api.w.org\/{rel}","templated":true}]}}