{"id":254229,"date":"2025-01-28T15:33:21","date_gmt":"2025-01-28T18:33:21","guid":{"rendered":"https:\/\/franciscanos.org.br\/noticias\/?p=254229"},"modified":"2025-01-29T09:46:29","modified_gmt":"2025-01-29T12:46:29","slug":"entrevista-monsenhor-samuel-nao-devemos-ter-medo-de-nos-lancar-e-ser-um-instrumento-nas-maos-do-senhor","status":"publish","type":"post","link":"https:\/\/franciscanos.org.br\/noticias\/entrevista-monsenhor-samuel-nao-devemos-ter-medo-de-nos-lancar-e-ser-um-instrumento-nas-maos-do-senhor.html","title":{"rendered":"Ordena\u00e7\u00e3o Episcopal de Frei Samuel: \u201cN\u00e3o devemos ter medo de nos lan\u00e7ar e ser um instrumento nas m\u00e3os do Senhor\u201d"},"content":{"rendered":"<p><img loading=\"lazy\" class=\"aligncenter wp-image-254261 size-full\" src=\"https:\/\/franciscanos.org.br\/noticias\/wp-content\/uploads\/2025\/01\/WhatsApp-Image-2025-01-29-at-09.30.38.jpeg\" alt=\"\" width=\"1280\" height=\"720\" srcset=\"https:\/\/franciscanos.org.br\/noticias\/wp-content\/uploads\/2025\/01\/WhatsApp-Image-2025-01-29-at-09.30.38.jpeg 1280w, https:\/\/franciscanos.org.br\/noticias\/wp-content\/uploads\/2025\/01\/WhatsApp-Image-2025-01-29-at-09.30.38-450x253.jpeg 450w, https:\/\/franciscanos.org.br\/noticias\/wp-content\/uploads\/2025\/01\/WhatsApp-Image-2025-01-29-at-09.30.38-1024x576.jpeg 1024w, https:\/\/franciscanos.org.br\/noticias\/wp-content\/uploads\/2025\/01\/WhatsApp-Image-2025-01-29-at-09.30.38-768x432.jpeg 768w, https:\/\/franciscanos.org.br\/noticias\/wp-content\/uploads\/2025\/01\/WhatsApp-Image-2025-01-29-at-09.30.38-150x84.jpeg 150w\" sizes=\"(max-width: 1280px) 100vw, 1280px\" \/><\/p>\n<p>A Prov\u00edncia Franciscana da Imaculada Concei\u00e7\u00e3o do Brasil e a Arquidiocese de Manaus celebram no pr\u00f3ximo s\u00e1bado, 1 de fevereiro, a Ordena\u00e7\u00e3o Episcopal de Frei Samuel Ferreira de Lima.\u00a0 A solenidade ser\u00e1, \u00e0s 16, no Centro de Eventos Vila Italiana, em Rodeio (SC).<\/p>\n<p>A ordena\u00e7\u00e3o ser\u00e1 conduzida pelo Cardeal Dom Leonardo Ulrich Steiner, OFM, Arcebispo de Manaus (AM), que estar\u00e1 acompanhado pelos co-ordenantes: Dom Evaristo Pascoal Spengler, OFM, Bispo de Diocese de Roraima e Dom Luiz Flavio Cappio, OFM, Bispo em\u00e9rito de Barra (BA). Os tr\u00eas cl\u00e9rigos franciscanos, que fizeram a caminhada religiosa na Prov\u00edncia da Imaculada Concei\u00e7\u00e3o, ir\u00e3o acolher Frei Samuel juntamente com a comunidade, confrades, familiares e convidados esse filho de Deus que agora assume, franciscanamente, sua nova miss\u00e3o evangelizadora.<\/p>\n<p>Na manh\u00e3 de 25 de novembro de 2024, a CNBB comunicou a nomea\u00e7\u00e3o do frade franciscano como Bispo Auxiliar da Arquidiocese manauara pelo Papa Francisco.\u00a0 O frade foi Mestre de Novi\u00e7os, em Rodeio, nos per\u00edodos de 2010 a 2018 e depois de 2022 a 2024. Durante 12 anos, acompanhou e conduziu a forma\u00e7\u00e3o de 156 franciscanos. Agora ele\u00a0 assume a miss\u00e3o de auxiliar o Cardeal Dom Leonardo em seu minist\u00e9rio.<\/p>\n<p>Para compreender quem \u00e9 Frei Samuel, precisamos conhecer um pouco da sua hist\u00f3ria e suas inspira\u00e7\u00f5es. Sua trajet\u00f3ria de vida, mesclada com sua caminhada religiosa, evidenciam os motivos pelos quais o frade foi escolhido para ampliar suas fronteiras no cumprimento de seu minist\u00e9rio ordenado. Afinal, como franciscano que sempre ser\u00e1, sua vida \u00e9 fundamentada na itiner\u00e2ncia e na altern\u00e2ncia, seguindo o mandato evang\u00e9lico: \u201cIde por todo o mundo e pregai o Evangelho a toda criatura\u201d (Mc 16,15).<\/p>\n<p><strong>Seguindo os passos de um irm\u00e3o<\/strong><\/p>\n<p>Samuel nasceu na cidade do Rio de Janeiro (RJ), em 28 de maio de 1967, mas cresceu e viveu em S\u00e3o Jo\u00e3o de Meriti e em Duque de Caxias, na Baixada Fluminense. Seus pais, a senhora Edite Oliveira de Lima e o senhor Francisco Ferreira de Lima, continuam morando em S\u00e3o Jo\u00e3o de Meriti.<\/p>\n<p>A hist\u00f3ria de vida de Frei Samuel foi marcada pela presen\u00e7a franciscana, especialmente pelos frades da Par\u00f3quia Santo Ant\u00f4nio, atual Catedral da Diocese da regi\u00e3o onde cresceu. Ele foi batizado e crismado por Frei Tadeu H\u00f6nnighausen, e sua primeira comunh\u00e3o ocorreu na Par\u00f3quia Santa Terezinha, que, na \u00e9poca, abrangia o bairro onde morava, na divisa entre os dois munic\u00edpios. Cresceu envolvido com os c\u00edrculos b\u00edblicos coordenados pelas Irm\u00e3s Catequistas Franciscanas e com o Grupo de Jovens \u201cFalange Crist\u00e3\u201d, que, segundo ele, recebeu esse nome para marcar oposi\u00e7\u00e3o aos esquadr\u00f5es da morte que operavam naquela \u00e9poca, como o \u201cFalange Vermelha\u201d. Tamb\u00e9m atuou nas pastorais sociais, como a Pastoral do Menor e a Oper\u00e1ria.<\/p>\n<p>Seu sonho de inf\u00e2ncia era ser cientista; por isso, formou-se como t\u00e9cnico em Qu\u00edmica. Em meio aos muitos trabalhos pastorais, um amigo de inf\u00e2ncia, Alexandre Brand\u00e3o, parceiro das atividades na Igreja, o convidou para participar do grupo vocacional coordenado pelos frades estudantes de Petr\u00f3polis (RJ). Na \u00e9poca, em 1984, os respons\u00e1veis eram Frei Nilton Waldemar Steckert (falecido) e Ivanor Tafarel (ex-frade). Os dois frades desciam para a Baixada Fluminense nos finais de semana para ajudar nas pastorais.<\/p>\n<p><img loading=\"lazy\" class=\"size-medium wp-image-254237 alignleft\" src=\"https:\/\/franciscanos.org.br\/noticias\/wp-content\/uploads\/2025\/01\/IMG_5048-scaled-1-450x338.jpg\" alt=\"\" width=\"450\" height=\"338\" srcset=\"https:\/\/franciscanos.org.br\/noticias\/wp-content\/uploads\/2025\/01\/IMG_5048-scaled-1-450x338.jpg 450w, https:\/\/franciscanos.org.br\/noticias\/wp-content\/uploads\/2025\/01\/IMG_5048-scaled-1-1024x768.jpg 1024w, https:\/\/franciscanos.org.br\/noticias\/wp-content\/uploads\/2025\/01\/IMG_5048-scaled-1-768x576.jpg 768w, https:\/\/franciscanos.org.br\/noticias\/wp-content\/uploads\/2025\/01\/IMG_5048-scaled-1-150x113.jpg 150w, https:\/\/franciscanos.org.br\/noticias\/wp-content\/uploads\/2025\/01\/IMG_5048-scaled-1-600x450.jpg 600w, https:\/\/franciscanos.org.br\/noticias\/wp-content\/uploads\/2025\/01\/IMG_5048-scaled-1.jpg 1440w\" sizes=\"(max-width: 450px) 100vw, 450px\" \/>De forma despretensiosa, Frei Samuel aceitou o convite e, aos poucos, foi gostando das din\u00e2micas, das reflex\u00f5es e da diversidade do grupo, composto por jovens de v\u00e1rias localidades da Baixada, do Rio de Janeiro e at\u00e9 de Juiz de Fora (MG). Frei Samuel recorda que o atual Ministro provincial, Frei Paulo Roberto Pereira, tamb\u00e9m fez parte do mesmo grupo de jovens. Mesmo participando das atividades, Frei Samuel n\u00e3o tinha o desejo de ser padre (\u201cEra a nossa compreens\u00e3o na \u00e9poca\u201d).<\/p>\n<p>Entretanto, veio a surpresa quando, no final de 1985, Frei Nilton Steckert o chamou para fazer o est\u00e1gio vocacional em Guaratinguet\u00e1 (SP). O jovem ficou apreensivo com a not\u00edcia, pois nunca havia pensado nessa possibilidade. \u201cFui, fiz o est\u00e1gio e passei.\u201d<\/p>\n<p>&nbsp;<\/p>\n<p>Em fevereiro de 1986, ingressou no Semin\u00e1rio Frei Galv\u00e3o, em Guaratinguet\u00e1 (SP), no Sevoa (Semin\u00e1rio de Voca\u00e7\u00f5es Adultas), destinado a quem j\u00e1 havia conclu\u00eddo o Ensino M\u00e9dio. L\u00e1, Frei Samuel fez o Aspirantado e o Postulantado. Nesse per\u00edodo, aprofundou a espiritualidade e o modo de vida dos frades, mas ainda n\u00e3o estava encantado com a rotina.<\/p>\n<p>Em 1988, foi para o Noviciado, tempo de prova\u00e7\u00e3o, reflex\u00f5es e estudo das Fontes Franciscanas. \u201cFoi a\u00ed que surgiu o meu primeiro amor, no m\u00eas de outubro, depois da Festa de S\u00e3o Francisco de Assis.\u201d Ele compartilhou que, quando fez a primeira profiss\u00e3o em janeiro de 1989, j\u00e1 havia decidido em seu cora\u00e7\u00e3o que seria frade para a vida toda.<\/p>\n<p><strong>Caminhos franciscanos<\/strong><\/p>\n<p>No per\u00edodo em que cursava Filosofia, em Campo Largo (PR), o jovem frade participou de sua primeira miss\u00e3o na Par\u00f3quia S\u00e3o Crist\u00f3v\u00e3o, no bairro Rondinha, onde vivia. Fez est\u00e1gio no sert\u00e3o da Bahia, com Dom Luiz Flavio Cappio e trabalhou no Hospital da USF, em Bragan\u00e7a Paulista (SP). Essas experi\u00eancias foram, aos poucos, forjando o frade mission\u00e1rio que se tornaria.<\/p>\n<p>Durante os quatro anos de estudo, em Petr\u00f3polis (RJ), Frei Samuel trabalhou na Pastoral da Sa\u00fade, visitando doentes, especialmente aqueles que sofriam de Aids e eram marginalizados pela sociedade. \u201cSubia os morros de Petr\u00f3polis visitando doentes e buscando doa\u00e7\u00f5es para ajudar os mais necessitados. T\u00ednhamos uma equipe de mais de cem leigos volunt\u00e1rios que se revezavam nas visitas aos hospitais na \u00e1rea da Par\u00f3quia do Sagrado.\u201d Ele mencionou ainda a Farm\u00e1cia Comunit\u00e1ria e o Consult\u00f3rio da Casa Rosa, onde m\u00e9dicos volunt\u00e1rios prestavam servi\u00e7os, al\u00e9m do bazar que ajudava a manter as a\u00e7\u00f5es. Os estudantes de Teologia tamb\u00e9m participavam ativamente dessas iniciativas.<\/p>\n<p>Essas viv\u00eancias demonstram os caminhos que Deus apontou e, em seu livre-arb\u00edtrio, Frei Samuel decidiu caminhar no seguimento de Jesus Cristo e nas inspira\u00e7\u00f5es de S\u00e3o Francisco de Assis. Esse envolvimento o preparou para acolher o convite para a miss\u00e3o em Angola, no fim de seus estudos de Teologia. Ele foi ordenado presb\u00edtero por Dom Paulo Evaristo Arns, em S\u00e3o Jo\u00e3o de Meriti, em 27 de janeiro de 1996. S\u00e3o 35 anos de vida religiosa na Ordem dos Frades Menores e 28 anos de exerc\u00edcio do minist\u00e9rio presbiteral.<\/p>\n<div id=\"attachment_254232\" style=\"width: 460px\" class=\"wp-caption alignright\"><img aria-describedby=\"caption-attachment-254232\" loading=\"lazy\" class=\"wp-image-254232 size-medium\" src=\"https:\/\/franciscanos.org.br\/noticias\/wp-content\/uploads\/2025\/01\/IMG_4900-450x300.jpg\" alt=\"\" width=\"450\" height=\"300\" srcset=\"https:\/\/franciscanos.org.br\/noticias\/wp-content\/uploads\/2025\/01\/IMG_4900-450x300.jpg 450w, https:\/\/franciscanos.org.br\/noticias\/wp-content\/uploads\/2025\/01\/IMG_4900-1024x683.jpg 1024w, https:\/\/franciscanos.org.br\/noticias\/wp-content\/uploads\/2025\/01\/IMG_4900-768x512.jpg 768w, https:\/\/franciscanos.org.br\/noticias\/wp-content\/uploads\/2025\/01\/IMG_4900-1536x1024.jpg 1536w, https:\/\/franciscanos.org.br\/noticias\/wp-content\/uploads\/2025\/01\/IMG_4900-2048x1365.jpg 2048w, https:\/\/franciscanos.org.br\/noticias\/wp-content\/uploads\/2025\/01\/IMG_4900-150x100.jpg 150w, https:\/\/franciscanos.org.br\/noticias\/wp-content\/uploads\/2025\/01\/IMG_4900-scaled.jpg 1620w\" sizes=\"(max-width: 450px) 100vw, 450px\" \/><p id=\"caption-attachment-254232\" class=\"wp-caption-text\">Frei Samuel, Frei Andr\u00e9 e Frei Robson<\/p><\/div>\n<p>\u201cSempre tive um esp\u00edrito um pouco aventureiro. Mesmo sendo t\u00edmido, gostava de ajudar as pessoas. A miss\u00e3o na \u00c1frica e o tempo no servi\u00e7o de formador forjaram o religioso que sou hoje. Tenho um grande amor pelo nosso carisma e pelo modo de ser e estar do franciscano no meio do povo, caminhando e fazendo juntos.\u201d<\/p>\n<p>Em terras angolanas, atuou tanto na miss\u00e3o paroquial quanto na forma\u00e7\u00e3o das voca\u00e7\u00f5es na nascente Funda\u00e7\u00e3o Franciscana da Imaculada M\u00e3e de Deus de Angola. Ele dedicou 11 anos de sua vida religiosa ao servi\u00e7o do povo angolano.<\/p>\n<p>Na sequ\u00eancia, vamos saber um pouco mais sobre as impress\u00f5es e expectativas de Frei Samuel para este momento de sua vida.<\/p>\n<p><strong>Site Franciscanos \u2013 Como foi receber a not\u00edcia da nomea\u00e7\u00e3o como bispo?<\/strong><\/p>\n<p><strong>Frei Samuel Ferreira de Lima \u2013<\/strong> Um grande choque. Fiquei paralisado, sem saber o que dizer ou pensar. Humanamente me traz certa dor por me separar da vida fraterna e do modo de vida em que estou inserido. Por outro lado, est\u00e1 a minha disposi\u00e7\u00e3o de servir e me colocar nas m\u00e3os dos des\u00edgnios de Deus. Sempre tive comigo este ideal de, em tudo, fazer e viver por amor a Deus.<\/p>\n<p><strong>Site Franciscanos \u2013\u00a0 O que representa a nomea\u00e7\u00e3o como Bispo Auxiliar da Arquidiocese de Manaus, ainda mais sabendo que ir\u00e1 atuar em colabora\u00e7\u00e3o ao minist\u00e9rio do Cardeal Leonardo Ulrich Steiner, um confrade da Prov\u00edncia da Imaculada? <\/strong><\/p>\n<p><strong>Frei Samuel \u2013 <\/strong>Representa um grande desafio e uma honra, pois meu confrade, Cardeal Leonardo, foi meu mestre no Aspirantado e no noviciado. Al\u00e9m disso, vivemos um contexto hist\u00f3rico em que presenciamos diversos dilemas humanos, pol\u00edticos e sociais.<\/p>\n<p><strong>Site Franciscanos \u2013 Quais as expectativas do senhor com essa nova etapa da vida?<\/strong><\/p>\n<p><strong>Frei Samuel \u2013<\/strong> Inserir-me com humildade como aprendiz, a estar nesta nova miss\u00e3o colocando a minha vida a servi\u00e7o dos irm\u00e3os (\u00e3s) e da Igreja em suas necessidades e desafios.<\/p>\n<p><strong>\u00a0<\/strong><strong>Site Franciscanos \u2013 Como ser\u00e1 assumir essa nova atividade na capital do Estado do Amazonas, foco mundial dos debates que envolvem a preserva\u00e7\u00e3o ambiental?<\/strong><\/p>\n<p><strong>Frei Samuel \u2013<\/strong> Uma grande responsabilidade, tempo de aprendizado, de reflex\u00e3o e partilha. Penso ser uma grande contribui\u00e7\u00e3o para esta realidade o modo como S\u00e3o Francisco de Assis nos apresenta a nossa rela\u00e7\u00e3o com a natureza e vida como um todo. A partir da nossa experi\u00eancia de vida quero somar for\u00e7as em dire\u00e7\u00e3o a novas perspectivas que tr<\/p>\n<p><strong>Site Franciscanos \u2013 O Estado tamb\u00e9m concentra boa parte da popula\u00e7\u00e3o ind\u00edgena do Brasil, que hoje enfrenta s\u00e9rios problemas para a manuten\u00e7\u00e3o de sua exist\u00eancia, por conta da redu\u00e7\u00e3o de seu territ\u00f3rio e a pouca estrutura para garantir a sua dignidade.<\/strong><\/p>\n<p><strong>Frei Samuel \u2013<\/strong> Temos muito a aprender com os povos origin\u00e1rios, com sua sabedoria e rever\u00eancia pela Cria\u00e7\u00e3o. Eles que hoje s\u00e3o desrespeitados em sua dignidade humana, em seus direitos de cidad\u00e3os brasileiros e em sua cultura e cosmovis\u00e3o. Queremos estar juntos na promo\u00e7\u00e3o da vida como nos convida o Cristo Jesus: \u201cEu vim para que tenham a vida e a tenham em abund\u00e2ncia\u201d (Jo 10, 10).<\/p>\n<p><strong>Site Franciscanos \u2013 O Papa Francisco, na Enc\u00edclica Laudato si\u2019, aborda a necessidade de pensarmos na preserva\u00e7\u00e3o da nossa Casa Comum, a partir de uma Ecologia Integral (ambiental social e espiritual). Como o senhor se v\u00ea diante desse cen\u00e1rio na condi\u00e7\u00e3o de bispo?<\/strong><\/p>\n<p><strong>Frei Samuel \u2013 <\/strong>Somos chamados a uma convers\u00e3o ecol\u00f3gica, a uma nova postura diante da vida e na rela\u00e7\u00e3o com a exist\u00eancia e a natureza. Precisamos ter uma vida mais s\u00f3bria, mais interligada com todas as criaturas da Casa Comum. Precisamos estar num cont\u00ednuo di\u00e1logo e busca da promo\u00e7\u00e3o da justi\u00e7a e da paz.<\/p>\n<p><strong>Site Franciscanos \u2013 Quais os desafios dessa nova miss\u00e3o na Amaz\u00f4nia?<\/strong><\/p>\n<p><strong>Frei Samuel \u2013<\/strong> Antes de tudo, de conhecer a realidade, os desafios que vive aquela Igreja Particular, os muitos dramas humanos que afligem e pesam sobre a vida do povo, de me inserir naquela caminhada que j\u00e1 vem sendo tra\u00e7ada h\u00e1 muito tempo e j\u00e1 tem a sua hist\u00f3ria e riqueza.\u00a0 Ser um com eles e no meio deles.<\/p>\n<p><strong><img loading=\"lazy\" class=\"size-medium wp-image-254235 alignright\" src=\"https:\/\/franciscanos.org.br\/noticias\/wp-content\/uploads\/2025\/01\/jubileu_09-1104x1536-1-323x450.jpg\" alt=\"\" width=\"323\" height=\"450\" srcset=\"https:\/\/franciscanos.org.br\/noticias\/wp-content\/uploads\/2025\/01\/jubileu_09-1104x1536-1-323x450.jpg 323w, https:\/\/franciscanos.org.br\/noticias\/wp-content\/uploads\/2025\/01\/jubileu_09-1104x1536-1-736x1024.jpg 736w, https:\/\/franciscanos.org.br\/noticias\/wp-content\/uploads\/2025\/01\/jubileu_09-1104x1536-1-768x1069.jpg 768w, https:\/\/franciscanos.org.br\/noticias\/wp-content\/uploads\/2025\/01\/jubileu_09-1104x1536-1-150x209.jpg 150w, https:\/\/franciscanos.org.br\/noticias\/wp-content\/uploads\/2025\/01\/jubileu_09-1104x1536-1.jpg 776w\" sizes=\"(max-width: 323px) 100vw, 323px\" \/>Site Franciscanos \u2013 Como a experi\u00eancia mission\u00e1ria na \u00c1frica poder\u00e1 contribui com essa nova etapa da vida religiosa?<\/strong><\/p>\n<p><strong>Frei Samuel \u2013<\/strong>\u00a0 A experi\u00eancia de f\u00e9, a abertura para acolher o diferente e a riqueza da ancestralidade e de valores que s\u00e3o similares entre a Angola e a Amaz\u00f4nia, como a rever\u00eancia aos anci\u00e3os e aos ancestrais. Al\u00e9m disso, trago em minha bagagem mission\u00e1ria a alegria de viver a vida com simplicidade e a compreens\u00e3o de sermos parte de uma grande aldeia, onde todos estamos interligados.<\/p>\n<p>Foi um grande aprendizado e crescimento na viv\u00eancia de f\u00e9, pois, rec\u00e9m ordenado e com 28 anos, sendo enviado para uma terra de miss\u00e3o em plena guerra civil, exigiu de mim uma luta interior muito intensa para superar medos e inseguran\u00e7as, para me inculturar nesta nova realidade muito diversa da do Brasil. Na \u00e9poca estava em uma fraternidade com 70 frades e fui para uma casa com dois irm\u00e3os, onde boa parte do tempo, devido \u00e0s demandas, estive sozinho. Vivendo como h\u00f3spede das Irm\u00e3s Clarissas de Luanda, senti uma mudan\u00e7a dr\u00e1stica que exigiu que me ancorasse ainda mais em Deus. Foi um tempo de muito aprendizado intercultural, inter-religioso e Congregacional.<\/p>\n<p>Havia muita partilha e comunh\u00e3o entre os mission\u00e1rios, \u00e9ramos uma grande fam\u00edlia, onde cada um se dispunha a ajudar o outro. Foi um tempo de luta para sobreviver e ajudar a socorrer as pessoas v\u00edtimas da fome, da doen\u00e7a, da inseguran\u00e7a social. De estar junto com o sofrimento dos que mais sofriam e estar disposto a fazer tudo o que fosse poss\u00edvel para amenizar a trag\u00e9dia humana que uma guerra gera.<\/p>\n<p>Tamb\u00e9m foi um tempo de sonhos, pois foi em meio \u00e0 guerra que come\u00e7amos a constru\u00e7\u00e3o do Semin\u00e1rio Monte Alverne, em Malange. Todos diziam que \u00e9ramos loucos por construir aquele espa\u00e7o em meio \u00e0quela instabilidade. Mas, uma coisa ficou muito marcada em minha vida: tudo est\u00e1 na depend\u00eancia de Deus, ningu\u00e9m morre antes da hora. Portanto, n\u00e3o devemos ter medo de nos lan\u00e7armos e sermos instrumento nas m\u00e3os do Senhor, pois, na pr\u00e1tica, \u00e9 Ele que tudo faz. Somos meros instrumentos.<\/p>\n<p><strong>Site Franciscanos \u2013\u00a0 O que a Prov\u00edncia da Imaculada deixa para o senhor, para sua miss\u00e3o franciscana? <\/strong><\/p>\n<p><strong>Frei Samuel \u2013<\/strong> Um grande legado que marcou a minha vida como ser humano, como crist\u00e3o e religioso. Forjou a pessoa que sou hoje. Os sonhos que tenho, devo muito \u00e0 Prov\u00edncia da Imaculada, aos meus formadores, a cada frade com quem convivi e fazem parte da minha caminhada. Sou imensamente grato por tudo e por cada um. Rogo a Deus que lhes aben\u00e7oe abundantemente e pe\u00e7o as suas ora\u00e7\u00f5es para que eu possa cumprir essa miss\u00e3o como um enviado a servir, como Frade Menor.<\/p>\n<p>Frei Samuel seguir\u00e1 para Manaus no dia 7 de fevereiro. A celebra\u00e7\u00e3o de acolhida na Arquidiocese de Manaus ser\u00e1 em 9 de fevereiro, na Catedral da Imaculada Concei\u00e7\u00e3o.<\/p>\n<p>Assim como deu o seu \u201csim\u201d no in\u00edcio de sua caminhada formativa, um \u201csim\u201d que foi renovado a cada dia e a cada novo servi\u00e7o confiado dentro da Prov\u00edncia, hoje seu \u201csim\u201d \u00e9 requerido novamente para auxiliar no pastoreio da Igreja em Manaus. A Prov\u00edncia da Imaculada Concei\u00e7\u00e3o do Brasil acredita que Frei Samuel poder\u00e1 contribuir muito com a caminhada eclesial local, somando-se como irm\u00e3o e pastor dos fi\u00e9is que o acolher\u00e3o.<\/p>\n<p>Estamos certos de que ele levar\u00e1 o carisma franciscano consigo e iluminar\u00e1 seu novo servi\u00e7o com a espiritualidade que a Ordem nos oferece. Cremos que ele amar\u00e1 o povo onde estiver e a ele anunciar\u00e1 a Boa Not\u00edcia do Reino, o mesmo Evangelho que escolheu tornar sua Forma de Vida.<\/p>\n<p><img loading=\"lazy\" class=\"aligncenter wp-image-254234 size-full\" src=\"https:\/\/franciscanos.org.br\/noticias\/wp-content\/uploads\/2025\/01\/Sem-Titulo-1-1.jpg\" alt=\"\" width=\"800\" height=\"550\" srcset=\"https:\/\/franciscanos.org.br\/noticias\/wp-content\/uploads\/2025\/01\/Sem-Titulo-1-1.jpg 800w, https:\/\/franciscanos.org.br\/noticias\/wp-content\/uploads\/2025\/01\/Sem-Titulo-1-1-450x309.jpg 450w, https:\/\/franciscanos.org.br\/noticias\/wp-content\/uploads\/2025\/01\/Sem-Titulo-1-1-768x528.jpg 768w, https:\/\/franciscanos.org.br\/noticias\/wp-content\/uploads\/2025\/01\/Sem-Titulo-1-1-150x103.jpg 150w, https:\/\/franciscanos.org.br\/noticias\/wp-content\/uploads\/2025\/01\/Sem-Titulo-1-1-320x220.jpg 320w\" sizes=\"(max-width: 800px) 100vw, 800px\" \/><\/p>\n<hr \/>\n<p><em>Adriana Rabelo<\/em><\/p>\n","protected":false},"excerpt":{"rendered":"<p>Ordena\u00e7\u00e3o Episcopal<\/p>\n","protected":false},"author":11,"featured_media":254263,"comment_status":"open","ping_status":"open","sticky":false,"template":"","format":"standard","meta":[],"categories":[758,1],"tags":[2100,2283,1812],"acf":[],"yoast_head":"<!-- This site is optimized with the Yoast SEO plugin v19.2 - https:\/\/yoast.com\/wordpress\/plugins\/seo\/ -->\n<title>Ordena\u00e7\u00e3o Episcopal de Frei Samuel: \u201cN\u00e3o devemos ter medo de nos lan\u00e7ar e ser um instrumento nas m\u00e3os do Senhor\u201d - Not\u00edcias - Franciscanos<\/title>\n<meta name=\"robots\" content=\"index, follow, max-snippet:-1, max-image-preview:large, max-video-preview:-1\" \/>\n<link rel=\"canonical\" href=\"https:\/\/franciscanos.org.br\/noticias\/entrevista-monsenhor-samuel-nao-devemos-ter-medo-de-nos-lancar-e-ser-um-instrumento-nas-maos-do-senhor.html\" \/>\n<meta property=\"og:locale\" content=\"pt_BR\" \/>\n<meta property=\"og:type\" content=\"article\" \/>\n<meta property=\"og:title\" content=\"Ordena\u00e7\u00e3o Episcopal de Frei Samuel: \u201cN\u00e3o devemos ter medo de nos lan\u00e7ar e ser um instrumento nas m\u00e3os do Senhor\u201d - Not\u00edcias - Franciscanos\" \/>\n<meta property=\"og:description\" content=\"Ordena\u00e7\u00e3o Episcopal\" \/>\n<meta property=\"og:url\" content=\"https:\/\/franciscanos.org.br\/noticias\/entrevista-monsenhor-samuel-nao-devemos-ter-medo-de-nos-lancar-e-ser-um-instrumento-nas-maos-do-senhor.html\" \/>\n<meta property=\"og:site_name\" content=\"Not\u00edcias - Franciscanos\" \/>\n<meta property=\"article:published_time\" content=\"2025-01-28T18:33:21+00:00\" \/>\n<meta property=\"article:modified_time\" content=\"2025-01-29T12:46:29+00:00\" \/>\n<meta property=\"og:image\" content=\"https:\/\/franciscanos.org.br\/noticias\/wp-content\/uploads\/2025\/01\/WhatsApp-Image-2025-01-29-at-09.30.38-1.jpeg\" \/>\n\t<meta property=\"og:image:width\" content=\"800\" \/>\n\t<meta property=\"og:image:height\" content=\"550\" \/>\n\t<meta property=\"og:image:type\" content=\"image\/jpeg\" \/>\n<meta name=\"author\" content=\"Adriana Rabelo\" \/>\n<meta name=\"twitter:card\" content=\"summary_large_image\" \/>\n<meta name=\"twitter:label1\" content=\"Escrito por\" \/>\n\t<meta name=\"twitter:data1\" content=\"Adriana Rabelo\" \/>\n\t<meta name=\"twitter:label2\" content=\"Est. tempo de leitura\" \/>\n\t<meta name=\"twitter:data2\" content=\"12 minutos\" \/>\n<script type=\"application\/ld+json\" class=\"yoast-schema-graph\">{\"@context\":\"https:\/\/schema.org\",\"@graph\":[{\"@type\":\"WebSite\",\"@id\":\"https:\/\/franciscanos.org.br\/noticias\/#website\",\"url\":\"https:\/\/franciscanos.org.br\/noticias\/\",\"name\":\"Not\u00edcias - Franciscanos\",\"description\":\"Prov\u00edncia Franciscana da Imaculada Concei\u00e7\u00e3o do Brasil - Ordem dos Frades Menores - OFM\",\"potentialAction\":[{\"@type\":\"SearchAction\",\"target\":{\"@type\":\"EntryPoint\",\"urlTemplate\":\"https:\/\/franciscanos.org.br\/noticias\/?s={search_term_string}\"},\"query-input\":\"required name=search_term_string\"}],\"inLanguage\":\"pt-BR\"},{\"@type\":\"ImageObject\",\"inLanguage\":\"pt-BR\",\"@id\":\"https:\/\/franciscanos.org.br\/noticias\/entrevista-monsenhor-samuel-nao-devemos-ter-medo-de-nos-lancar-e-ser-um-instrumento-nas-maos-do-senhor.html#primaryimage\",\"url\":\"https:\/\/franciscanos.org.br\/noticias\/wp-content\/uploads\/2025\/01\/WhatsApp-Image-2025-01-29-at-09.30.38-1.jpeg\",\"contentUrl\":\"https:\/\/franciscanos.org.br\/noticias\/wp-content\/uploads\/2025\/01\/WhatsApp-Image-2025-01-29-at-09.30.38-1.jpeg\",\"width\":800,\"height\":550},{\"@type\":\"WebPage\",\"@id\":\"https:\/\/franciscanos.org.br\/noticias\/entrevista-monsenhor-samuel-nao-devemos-ter-medo-de-nos-lancar-e-ser-um-instrumento-nas-maos-do-senhor.html#webpage\",\"url\":\"https:\/\/franciscanos.org.br\/noticias\/entrevista-monsenhor-samuel-nao-devemos-ter-medo-de-nos-lancar-e-ser-um-instrumento-nas-maos-do-senhor.html\",\"name\":\"Ordena\u00e7\u00e3o Episcopal de Frei Samuel: \u201cN\u00e3o devemos ter medo de nos lan\u00e7ar e ser um instrumento nas m\u00e3os do Senhor\u201d - Not\u00edcias - Franciscanos\",\"isPartOf\":{\"@id\":\"https:\/\/franciscanos.org.br\/noticias\/#website\"},\"primaryImageOfPage\":{\"@id\":\"https:\/\/franciscanos.org.br\/noticias\/entrevista-monsenhor-samuel-nao-devemos-ter-medo-de-nos-lancar-e-ser-um-instrumento-nas-maos-do-senhor.html#primaryimage\"},\"datePublished\":\"2025-01-28T18:33:21+00:00\",\"dateModified\":\"2025-01-29T12:46:29+00:00\",\"author\":{\"@id\":\"https:\/\/franciscanos.org.br\/noticias\/#\/schema\/person\/d9422e83121c3ad3b0f423d195f5bb25\"},\"breadcrumb\":{\"@id\":\"https:\/\/franciscanos.org.br\/noticias\/entrevista-monsenhor-samuel-nao-devemos-ter-medo-de-nos-lancar-e-ser-um-instrumento-nas-maos-do-senhor.html#breadcrumb\"},\"inLanguage\":\"pt-BR\",\"potentialAction\":[{\"@type\":\"ReadAction\",\"target\":[\"https:\/\/franciscanos.org.br\/noticias\/entrevista-monsenhor-samuel-nao-devemos-ter-medo-de-nos-lancar-e-ser-um-instrumento-nas-maos-do-senhor.html\"]}]},{\"@type\":\"BreadcrumbList\",\"@id\":\"https:\/\/franciscanos.org.br\/noticias\/entrevista-monsenhor-samuel-nao-devemos-ter-medo-de-nos-lancar-e-ser-um-instrumento-nas-maos-do-senhor.html#breadcrumb\",\"itemListElement\":[{\"@type\":\"ListItem\",\"position\":1,\"name\":\"Home\",\"item\":\"https:\/\/franciscanos.org.br\/noticias\"},{\"@type\":\"ListItem\",\"position\":2,\"name\":\"Ordena\u00e7\u00e3o Episcopal de Frei Samuel: \u201cN\u00e3o devemos ter medo de nos lan\u00e7ar e ser um instrumento nas m\u00e3os do Senhor\u201d\"}]},{\"@type\":\"Person\",\"@id\":\"https:\/\/franciscanos.org.br\/noticias\/#\/schema\/person\/d9422e83121c3ad3b0f423d195f5bb25\",\"name\":\"Adriana Rabelo\",\"image\":{\"@type\":\"ImageObject\",\"inLanguage\":\"pt-BR\",\"@id\":\"https:\/\/franciscanos.org.br\/noticias\/#\/schema\/person\/image\/\",\"url\":\"https:\/\/secure.gravatar.com\/avatar\/0a937b7500cd7df77540cfb8bede877d?s=96&d=mm&r=g\",\"contentUrl\":\"https:\/\/secure.gravatar.com\/avatar\/0a937b7500cd7df77540cfb8bede877d?s=96&d=mm&r=g\",\"caption\":\"Adriana Rabelo\"},\"url\":\"https:\/\/franciscanos.org.br\/noticias\/author\/adrianarabelo\"}]}<\/script>\n<!-- \/ Yoast SEO plugin. -->","yoast_head_json":{"title":"Ordena\u00e7\u00e3o Episcopal de Frei Samuel: \u201cN\u00e3o devemos ter medo de nos lan\u00e7ar e ser um instrumento nas m\u00e3os do Senhor\u201d - Not\u00edcias - Franciscanos","robots":{"index":"index","follow":"follow","max-snippet":"max-snippet:-1","max-image-preview":"max-image-preview:large","max-video-preview":"max-video-preview:-1"},"canonical":"https:\/\/franciscanos.org.br\/noticias\/entrevista-monsenhor-samuel-nao-devemos-ter-medo-de-nos-lancar-e-ser-um-instrumento-nas-maos-do-senhor.html","og_locale":"pt_BR","og_type":"article","og_title":"Ordena\u00e7\u00e3o Episcopal de Frei Samuel: \u201cN\u00e3o devemos ter medo de nos lan\u00e7ar e ser um instrumento nas m\u00e3os do Senhor\u201d - Not\u00edcias - Franciscanos","og_description":"Ordena\u00e7\u00e3o Episcopal","og_url":"https:\/\/franciscanos.org.br\/noticias\/entrevista-monsenhor-samuel-nao-devemos-ter-medo-de-nos-lancar-e-ser-um-instrumento-nas-maos-do-senhor.html","og_site_name":"Not\u00edcias - Franciscanos","article_published_time":"2025-01-28T18:33:21+00:00","article_modified_time":"2025-01-29T12:46:29+00:00","og_image":[{"width":800,"height":550,"url":"https:\/\/franciscanos.org.br\/noticias\/wp-content\/uploads\/2025\/01\/WhatsApp-Image-2025-01-29-at-09.30.38-1.jpeg","type":"image\/jpeg"}],"author":"Adriana Rabelo","twitter_card":"summary_large_image","twitter_misc":{"Escrito por":"Adriana Rabelo","Est. tempo de leitura":"12 minutos"},"schema":{"@context":"https:\/\/schema.org","@graph":[{"@type":"WebSite","@id":"https:\/\/franciscanos.org.br\/noticias\/#website","url":"https:\/\/franciscanos.org.br\/noticias\/","name":"Not\u00edcias - Franciscanos","description":"Prov\u00edncia Franciscana da Imaculada Concei\u00e7\u00e3o do Brasil - Ordem dos Frades Menores - OFM","potentialAction":[{"@type":"SearchAction","target":{"@type":"EntryPoint","urlTemplate":"https:\/\/franciscanos.org.br\/noticias\/?s={search_term_string}"},"query-input":"required name=search_term_string"}],"inLanguage":"pt-BR"},{"@type":"ImageObject","inLanguage":"pt-BR","@id":"https:\/\/franciscanos.org.br\/noticias\/entrevista-monsenhor-samuel-nao-devemos-ter-medo-de-nos-lancar-e-ser-um-instrumento-nas-maos-do-senhor.html#primaryimage","url":"https:\/\/franciscanos.org.br\/noticias\/wp-content\/uploads\/2025\/01\/WhatsApp-Image-2025-01-29-at-09.30.38-1.jpeg","contentUrl":"https:\/\/franciscanos.org.br\/noticias\/wp-content\/uploads\/2025\/01\/WhatsApp-Image-2025-01-29-at-09.30.38-1.jpeg","width":800,"height":550},{"@type":"WebPage","@id":"https:\/\/franciscanos.org.br\/noticias\/entrevista-monsenhor-samuel-nao-devemos-ter-medo-de-nos-lancar-e-ser-um-instrumento-nas-maos-do-senhor.html#webpage","url":"https:\/\/franciscanos.org.br\/noticias\/entrevista-monsenhor-samuel-nao-devemos-ter-medo-de-nos-lancar-e-ser-um-instrumento-nas-maos-do-senhor.html","name":"Ordena\u00e7\u00e3o Episcopal de Frei Samuel: \u201cN\u00e3o devemos ter medo de nos lan\u00e7ar e ser um instrumento nas m\u00e3os do Senhor\u201d - Not\u00edcias - Franciscanos","isPartOf":{"@id":"https:\/\/franciscanos.org.br\/noticias\/#website"},"primaryImageOfPage":{"@id":"https:\/\/franciscanos.org.br\/noticias\/entrevista-monsenhor-samuel-nao-devemos-ter-medo-de-nos-lancar-e-ser-um-instrumento-nas-maos-do-senhor.html#primaryimage"},"datePublished":"2025-01-28T18:33:21+00:00","dateModified":"2025-01-29T12:46:29+00:00","author":{"@id":"https:\/\/franciscanos.org.br\/noticias\/#\/schema\/person\/d9422e83121c3ad3b0f423d195f5bb25"},"breadcrumb":{"@id":"https:\/\/franciscanos.org.br\/noticias\/entrevista-monsenhor-samuel-nao-devemos-ter-medo-de-nos-lancar-e-ser-um-instrumento-nas-maos-do-senhor.html#breadcrumb"},"inLanguage":"pt-BR","potentialAction":[{"@type":"ReadAction","target":["https:\/\/franciscanos.org.br\/noticias\/entrevista-monsenhor-samuel-nao-devemos-ter-medo-de-nos-lancar-e-ser-um-instrumento-nas-maos-do-senhor.html"]}]},{"@type":"BreadcrumbList","@id":"https:\/\/franciscanos.org.br\/noticias\/entrevista-monsenhor-samuel-nao-devemos-ter-medo-de-nos-lancar-e-ser-um-instrumento-nas-maos-do-senhor.html#breadcrumb","itemListElement":[{"@type":"ListItem","position":1,"name":"Home","item":"https:\/\/franciscanos.org.br\/noticias"},{"@type":"ListItem","position":2,"name":"Ordena\u00e7\u00e3o Episcopal de Frei Samuel: \u201cN\u00e3o devemos ter medo de nos lan\u00e7ar e ser um instrumento nas m\u00e3os do Senhor\u201d"}]},{"@type":"Person","@id":"https:\/\/franciscanos.org.br\/noticias\/#\/schema\/person\/d9422e83121c3ad3b0f423d195f5bb25","name":"Adriana Rabelo","image":{"@type":"ImageObject","inLanguage":"pt-BR","@id":"https:\/\/franciscanos.org.br\/noticias\/#\/schema\/person\/image\/","url":"https:\/\/secure.gravatar.com\/avatar\/0a937b7500cd7df77540cfb8bede877d?s=96&d=mm&r=g","contentUrl":"https:\/\/secure.gravatar.com\/avatar\/0a937b7500cd7df77540cfb8bede877d?s=96&d=mm&r=g","caption":"Adriana Rabelo"},"url":"https:\/\/franciscanos.org.br\/noticias\/author\/adrianarabelo"}]}},"_links":{"self":[{"href":"https:\/\/franciscanos.org.br\/noticias\/wp-json\/wp\/v2\/posts\/254229"}],"collection":[{"href":"https:\/\/franciscanos.org.br\/noticias\/wp-json\/wp\/v2\/posts"}],"about":[{"href":"https:\/\/franciscanos.org.br\/noticias\/wp-json\/wp\/v2\/types\/post"}],"author":[{"embeddable":true,"href":"https:\/\/franciscanos.org.br\/noticias\/wp-json\/wp\/v2\/users\/11"}],"replies":[{"embeddable":true,"href":"https:\/\/franciscanos.org.br\/noticias\/wp-json\/wp\/v2\/comments?post=254229"}],"version-history":[{"count":19,"href":"https:\/\/franciscanos.org.br\/noticias\/wp-json\/wp\/v2\/posts\/254229\/revisions"}],"predecessor-version":[{"id":254267,"href":"https:\/\/franciscanos.org.br\/noticias\/wp-json\/wp\/v2\/posts\/254229\/revisions\/254267"}],"wp:featuredmedia":[{"embeddable":true,"href":"https:\/\/franciscanos.org.br\/noticias\/wp-json\/wp\/v2\/media\/254263"}],"wp:attachment":[{"href":"https:\/\/franciscanos.org.br\/noticias\/wp-json\/wp\/v2\/media?parent=254229"}],"wp:term":[{"taxonomy":"category","embeddable":true,"href":"https:\/\/franciscanos.org.br\/noticias\/wp-json\/wp\/v2\/categories?post=254229"},{"taxonomy":"post_tag","embeddable":true,"href":"https:\/\/franciscanos.org.br\/noticias\/wp-json\/wp\/v2\/tags?post=254229"}],"curies":[{"name":"wp","href":"https:\/\/api.w.org\/{rel}","templated":true}]}}