{"id":254177,"date":"2025-01-22T15:21:58","date_gmt":"2025-01-22T18:21:58","guid":{"rendered":"https:\/\/franciscanos.org.br\/noticias\/?p=254177"},"modified":"2025-01-23T13:34:29","modified_gmt":"2025-01-23T16:34:29","slug":"espacos-franciscanos-de-peregrinacao-do-ano-jubilar-2025","status":"publish","type":"post","link":"https:\/\/franciscanos.org.br\/noticias\/espacos-franciscanos-de-peregrinacao-do-ano-jubilar-2025.html","title":{"rendered":"Espa\u00e7os franciscanos de peregrina\u00e7\u00e3o do Ano Jubilar 2025"},"content":{"rendered":"<p><img loading=\"lazy\" class=\"aligncenter wp-image-254197 size-full\" src=\"https:\/\/franciscanos.org.br\/noticias\/wp-content\/uploads\/2025\/01\/1280-santuarios-1.jpg\" alt=\"\" width=\"1920\" height=\"1080\" srcset=\"https:\/\/franciscanos.org.br\/noticias\/wp-content\/uploads\/2025\/01\/1280-santuarios-1.jpg 1920w, https:\/\/franciscanos.org.br\/noticias\/wp-content\/uploads\/2025\/01\/1280-santuarios-1-450x253.jpg 450w, https:\/\/franciscanos.org.br\/noticias\/wp-content\/uploads\/2025\/01\/1280-santuarios-1-1024x576.jpg 1024w, https:\/\/franciscanos.org.br\/noticias\/wp-content\/uploads\/2025\/01\/1280-santuarios-1-768x432.jpg 768w, https:\/\/franciscanos.org.br\/noticias\/wp-content\/uploads\/2025\/01\/1280-santuarios-1-1536x864.jpg 1536w, https:\/\/franciscanos.org.br\/noticias\/wp-content\/uploads\/2025\/01\/1280-santuarios-1-150x84.jpg 150w\" sizes=\"(max-width: 1920px) 100vw, 1920px\" \/><\/p>\n<p>Neste ano a Igreja Cat\u00f3lica convida seu povo para viver o Jubileu 2025, uma experi\u00eancia de f\u00e9 e encontro especial com o Senhor Jesus e com os irm\u00e3os, capaz de fazer de n\u00f3s peregrinos de esperan\u00e7a.<\/p>\n<div id=\"attachment_254181\" style=\"width: 348px\" class=\"wp-caption alignleft\"><img aria-describedby=\"caption-attachment-254181\" loading=\"lazy\" class=\"wp-image-254181 size-medium\" src=\"https:\/\/franciscanos.org.br\/noticias\/wp-content\/uploads\/2025\/01\/convento-da-penha-certo-338x450.jpg\" alt=\"\" width=\"338\" height=\"450\" srcset=\"https:\/\/franciscanos.org.br\/noticias\/wp-content\/uploads\/2025\/01\/convento-da-penha-certo-338x450.jpg 338w, https:\/\/franciscanos.org.br\/noticias\/wp-content\/uploads\/2025\/01\/convento-da-penha-certo-768x1024.jpg 768w, https:\/\/franciscanos.org.br\/noticias\/wp-content\/uploads\/2025\/01\/convento-da-penha-certo-1152x1536.jpg 1152w, https:\/\/franciscanos.org.br\/noticias\/wp-content\/uploads\/2025\/01\/convento-da-penha-certo-150x200.jpg 150w, https:\/\/franciscanos.org.br\/noticias\/wp-content\/uploads\/2025\/01\/convento-da-penha-certo.jpg 810w\" sizes=\"(max-width: 338px) 100vw, 338px\" \/><p id=\"caption-attachment-254181\" class=\"wp-caption-text\">Convento da Penha<\/p><\/div>\n<p>Na Bula de Proclama\u00e7\u00e3o do Jubileu Ordin\u00e1rio do Ano 2025, o Papa Francisco, fundamentado na Carta aos Romanos, diz que: \u00abUma vez que fomos justificados pela f\u00e9, estamos em paz com Deus por Nosso Senhor Jesus Cristo. Por Ele tivemos acesso, na f\u00e9, a esta gra\u00e7a na qual nos encontramos firmemente e nos gloriamos, na esperan\u00e7a da gl\u00f3ria de Deus (\u2026). Ora a esperan\u00e7a n\u00e3o engana, porque o amor de Deus foi derramado nos nossos cora\u00e7\u00f5es pelo Esp\u00edrito Santo que nos foi dado\u00bb (Rm 5, 1-2.5).<\/p>\n<p>A peregrina\u00e7\u00e3o a um templo, bas\u00edlica, catedral ou Igreja, \u00e9 um dos prop\u00f3sitos importantes para esse Ano Jubilar que estamos vivenciando. Na bula da publica\u00e7\u00e3o \u00e9 destacado que os fi\u00e9is podem obter a Indulg\u00eancia Jubilar se empreenderem uma \u201cpiedosa peregrina\u00e7\u00e3o\u201d ao lugar sagrado do Jubileu, al\u00e9m de outras a\u00e7\u00f5es propostas para esse tempo. Esse movimento representa a busca pelo sagrado, pela convers\u00e3o e pelo amor a Deus e \u00e0 humanidade.<\/p>\n<p>O documento explica que: \u201cn\u00e3o \u00e9 por acaso que a peregrina\u00e7\u00e3o representa um elemento fundamental de todo o evento jubilar. P\u00f4r-se a caminho \u00e9 t\u00edpico de quem anda \u00e0 procura do sentido da vida. A peregrina\u00e7\u00e3o a p\u00e9 favorece muito a redescoberta do valor do sil\u00eancio, do esfor\u00e7o, da essencialidade\u201d.<\/p>\n<p>A proposta da peregrina\u00e7\u00e3o \u00e9 promover a esperan\u00e7a por meio do caminhar da f\u00e9, de forma que consigamos superar os des\u00e2nimos diante dos desafios e das adversidades. \u00c9 olhar para horizonte da vida na certeza de que Jesus Cristo \u00e9 o caminho, a verdade e a vida; o P\u00e3o da Alegria descido do c\u00e9u.<\/p>\n<p>Muitos lugares santos nos conduzem para o encontro com Deus. Neste Ano Jubilar, espa\u00e7os sagrados de Fraternidades da Prov\u00edncia Franciscana da Imaculada Concei\u00e7\u00e3o do Brasil foram definidos como locais de peregrina\u00e7\u00e3o.<\/p>\n<p>Um deles \u00e9 o <strong>Convento da Penha<\/strong>, em Vila Velha (ES), definido pela Arquidiocese de Vit\u00f3ria como um dos locais de peregrina\u00e7\u00e3o.<\/p>\n<div id=\"attachment_254192\" style=\"width: 370px\" class=\"wp-caption alignright\"><img aria-describedby=\"caption-attachment-254192\" loading=\"lazy\" class=\"wp-image-254192 size-medium\" src=\"https:\/\/franciscanos.org.br\/noticias\/wp-content\/uploads\/2025\/01\/BOM-JESUS-DOS-PERDOES-360x450.jpg\" alt=\"\" width=\"360\" height=\"450\" srcset=\"https:\/\/franciscanos.org.br\/noticias\/wp-content\/uploads\/2025\/01\/BOM-JESUS-DOS-PERDOES-360x450.jpg 360w, https:\/\/franciscanos.org.br\/noticias\/wp-content\/uploads\/2025\/01\/BOM-JESUS-DOS-PERDOES-819x1024.jpg 819w, https:\/\/franciscanos.org.br\/noticias\/wp-content\/uploads\/2025\/01\/BOM-JESUS-DOS-PERDOES-768x960.jpg 768w, https:\/\/franciscanos.org.br\/noticias\/wp-content\/uploads\/2025\/01\/BOM-JESUS-DOS-PERDOES-150x188.jpg 150w, https:\/\/franciscanos.org.br\/noticias\/wp-content\/uploads\/2025\/01\/BOM-JESUS-DOS-PERDOES.jpg 864w\" sizes=\"(max-width: 360px) 100vw, 360px\" \/><p id=\"caption-attachment-254192\" class=\"wp-caption-text\">Par\u00f3quia Bom Jesus dos Perd\u00f5es<\/p><\/div>\n<p>A <strong>Par\u00f3quia Bom Jesus dos Perd\u00f5es<\/strong>, tamb\u00e9m foi decretada pela Arquidiocese de Curitiba (PR), como espa\u00e7o para peregrina\u00e7\u00e3o e recep\u00e7\u00e3o das indulg\u00eancias neste ano jubilar.<\/p>\n<p>O outro local aberto \u00e0 peregrina\u00e7\u00e3o neste per\u00edodo \u00e9 o <strong>Santu\u00e1rio Frei Galv\u00e3o<\/strong>, em Guaratinguet\u00e1 (SP), conforme definido pela Arquidiocese de Aparecida (SP).<\/p>\n<p>At\u00e9 o dia 6 de janeiro de 2026, o Santu\u00e1rio do primeiro santo brasileiro, al\u00e9m de ser um local para visita\u00e7\u00e3o dos peregrinos do Jubileu, tamb\u00e9m e, nesse per\u00edodo, um dispensador de indulg\u00eancias, oferecendo aos fi\u00e9is a oportunidade de vivenciar um momento de profunda renova\u00e7\u00e3o espiritual.<\/p>\n<p>A Indulg\u00eancia \u00e9 uma gra\u00e7a jubilar e, de acordo com a Bula de Proclama\u00e7\u00e3o do Jubileu 2025, &#8221; a Indulg\u00eancia Jubilar, em virtude da ora\u00e7\u00e3o, destina-se de modo particular a todos aqueles que nos precederam, para que obtenham plena miseric\u00f3rdia. Ele complementa afirmando que: &#8220;De fato, a <i>indulg\u00eancia<\/i> permite-nos descobrir como \u00e9 ilimitada a miseric\u00f3rdia de Deus. N\u00e3o \u00e9 por acaso que, na antiguidade, o termo \u00abmiseric\u00f3rdia\u00bb era cambi\u00e1vel com o de \u00abindulg\u00eancia\u00bb, precisamente porque pretende exprimir a plenitude do perd\u00e3o de Deus que n\u00e3o conhece limites&#8221;.<\/p>\n<p>De acordo com o site Vatican News, &#8220;durante o Jubileu Ordin\u00e1rio deste ano, permanecem em vigor todas as outras concess\u00f5es de Indulg\u00eancia definidas em anos jubilares anteriores. Todos os fi\u00e9is verdadeiramente arrependidos, excluindo qualquer apego ao pecado (cf. <i>Enchiridion Indulgentiarum<\/i>, IV ed., norm. 20, \u00a7 1) e movidos por um esp\u00edrito de caridade, e que, no decurso do Ano Santo, purificados pelo sacramento da penit\u00eancia e revigorados pela Sagrada Comunh\u00e3o, rezem segundo as inten\u00e7\u00f5es do Sumo Pont\u00edfice, poder\u00e3o obter do tesouro da Igreja plen\u00edssima Indulg\u00eancia, remiss\u00e3o e perd\u00e3o dos seus pecados, que se pode aplicar \u00e0s almas do Purgat\u00f3rio sob a forma de sufr\u00e1gio&#8221;:\u00a0 nas \u00a0sagradas peregrina\u00e7\u00f5es,\u00a0 nas \u00a0piedosas visitas aos lugares sagrados e nas obras de miseric\u00f3rdia e de penit\u00eancia.<\/p>\n<p>O texto ainda ressalta que &#8220;os fi\u00e9is verdadeiramente arrependidos que n\u00e3o puderem participar nas celebra\u00e7\u00f5es solenes, nas peregrina\u00e7\u00f5es e nas piedosas visitas por motivos graves (como, primeiramente, todas as monjas e monges de clausura, os idosos, os doentes, os reclusos, assim como quantos, nos hospitais ou noutros lugares de assist\u00eancia, prestam um servi\u00e7o continuado aos doentes), receber\u00e3o a <i>Indulg\u00eancia jubilar<\/i> nas mesmas condi\u00e7\u00f5es se, unidos em esp\u00edrito aos fi\u00e9is presentes, sobretudo nos momentos em que as palavras do Sumo Pont\u00edfice ou dos Bispos diocesanos forem transmitidas atrav\u00e9s dos meios de comunica\u00e7\u00e3o, recitarem nas suas casas ou nos lugares onde o impedimento os reter (por exemplo, na capela do mosteiro, do hospital, do centro de assist\u00eancia, da pris\u00e3o&#8230;) o Pai-Nosso, a Profiss\u00e3o de F\u00e9 em qualquer forma leg\u00edtima e outras ora\u00e7\u00f5es em conformidade com as finalidades do Ano Santo, oferecendo os seus sofrimentos ou as dificuldades da sua vida&#8221;.<\/p>\n<p><strong>Jubileu de Prata do Santu\u00e1rio Frei Galv\u00e3o<\/strong><\/p>\n<div id=\"attachment_254184\" style=\"width: 460px\" class=\"wp-caption alignleft\"><img aria-describedby=\"caption-attachment-254184\" loading=\"lazy\" class=\"wp-image-254184 size-medium\" src=\"https:\/\/franciscanos.org.br\/noticias\/wp-content\/uploads\/2025\/01\/frei-galvao-2-450x300.jpeg\" alt=\"\" width=\"450\" height=\"300\" srcset=\"https:\/\/franciscanos.org.br\/noticias\/wp-content\/uploads\/2025\/01\/frei-galvao-2-450x300.jpeg 450w, https:\/\/franciscanos.org.br\/noticias\/wp-content\/uploads\/2025\/01\/frei-galvao-2-1024x682.jpeg 1024w, https:\/\/franciscanos.org.br\/noticias\/wp-content\/uploads\/2025\/01\/frei-galvao-2-768x512.jpeg 768w, https:\/\/franciscanos.org.br\/noticias\/wp-content\/uploads\/2025\/01\/frei-galvao-2-1536x1023.jpeg 1536w, https:\/\/franciscanos.org.br\/noticias\/wp-content\/uploads\/2025\/01\/frei-galvao-2-150x100.jpeg 150w, https:\/\/franciscanos.org.br\/noticias\/wp-content\/uploads\/2025\/01\/frei-galvao-2.jpeg 1600w\" sizes=\"(max-width: 450px) 100vw, 450px\" \/><p id=\"caption-attachment-254184\" class=\"wp-caption-text\">Santu\u00e1rio Frei Galv\u00e3o<\/p><\/div>\n<p>Em 2025, al\u00e9m de celebrar o Ano Santo da Esperan\u00e7a e o Jubileu dos 350 anos da Prov\u00edncia Franciscana da Imaculada Concei\u00e7\u00e3o do Brasil, ser\u00e1 comemorado o Jubileu dos 25 anos do Santu\u00e1rio Frei Galv\u00e3o.<\/p>\n<p>Em 30 de setembro de 2000, o ent\u00e3o Arcebispo Metropolitano de Aparecida, Dom Alo\u00edsio Cardeal Lorscheider, dedicou a Igreja a S\u00e3o Jos\u00e9 e Frei Galv\u00e3o como seus padroeiros. A partir dessa data, o local se tornou refer\u00eancia para os fi\u00e9is devotos do Santo Frei Galv\u00e3o, que na \u00e9poca ainda era beato. Sua canoniza\u00e7\u00e3o ocorreu em 2007, na cidade de S\u00e3o Paulo.<\/p>\n<p>O Jubileu de 2025 ser\u00e1 uma oportunidade \u00fanica para os filhos e filhas de Deus que passarem pelo Convento da Penha e pelo Santu\u00e1rio de Frei Galv\u00e3o sejam tocados pelas gra\u00e7as do Ano Santo da Esperan\u00e7a.<\/p>\n<p>Como diz a m\u00fasica \u201cSal da Terra\u201d, de autoria do cantor e compositor Ronaldo Bastos e Alberto de Castro Neves: \u201cAnda, quero te dizer nenhum segredo; falo desse ch\u00e3o da nossa Casa; vem que t\u00e1 na hora de arrumar (&#8230;) Vamos precisar de todo mundo, pra banir do mundo a opress\u00e3o, para construir a vida nova, vamos precisar de muito amor\u201d.<\/p>\n<hr \/>\n<p><em>Adriana Rabelo<\/em><\/p>\n","protected":false},"excerpt":{"rendered":"<p>Jubileu de Esperan\u00e7a 2025<\/p>\n","protected":false},"author":11,"featured_media":254199,"comment_status":"open","ping_status":"open","sticky":false,"template":"","format":"standard","meta":[],"categories":[1],"tags":[2275],"acf":[],"yoast_head":"<!-- This site is optimized with the Yoast SEO plugin v19.2 - https:\/\/yoast.com\/wordpress\/plugins\/seo\/ -->\n<title>Espa\u00e7os franciscanos de peregrina\u00e7\u00e3o do Ano Jubilar 2025 - Not\u00edcias - Franciscanos<\/title>\n<meta name=\"robots\" content=\"index, follow, max-snippet:-1, max-image-preview:large, max-video-preview:-1\" \/>\n<link rel=\"canonical\" href=\"https:\/\/franciscanos.org.br\/noticias\/espacos-franciscanos-de-peregrinacao-do-ano-jubilar-2025.html\" \/>\n<meta property=\"og:locale\" content=\"pt_BR\" \/>\n<meta property=\"og:type\" content=\"article\" \/>\n<meta property=\"og:title\" content=\"Espa\u00e7os franciscanos de peregrina\u00e7\u00e3o do Ano Jubilar 2025 - Not\u00edcias - Franciscanos\" \/>\n<meta property=\"og:description\" content=\"Jubileu de Esperan\u00e7a 2025\" \/>\n<meta property=\"og:url\" content=\"https:\/\/franciscanos.org.br\/noticias\/espacos-franciscanos-de-peregrinacao-do-ano-jubilar-2025.html\" \/>\n<meta property=\"og:site_name\" content=\"Not\u00edcias - Franciscanos\" \/>\n<meta property=\"article:published_time\" content=\"2025-01-22T18:21:58+00:00\" \/>\n<meta property=\"article:modified_time\" content=\"2025-01-23T16:34:29+00:00\" \/>\n<meta property=\"og:image\" content=\"https:\/\/franciscanos.org.br\/noticias\/wp-content\/uploads\/2025\/01\/800-santuarios-1-scaled.jpg\" \/>\n\t<meta property=\"og:image:width\" content=\"1920\" \/>\n\t<meta property=\"og:image:height\" content=\"1320\" \/>\n\t<meta property=\"og:image:type\" content=\"image\/jpeg\" \/>\n<meta name=\"author\" content=\"Adriana Rabelo\" \/>\n<meta name=\"twitter:card\" content=\"summary_large_image\" \/>\n<meta name=\"twitter:label1\" content=\"Escrito por\" \/>\n\t<meta name=\"twitter:data1\" content=\"Adriana Rabelo\" \/>\n\t<meta name=\"twitter:label2\" content=\"Est. tempo de leitura\" \/>\n\t<meta name=\"twitter:data2\" content=\"6 minutos\" \/>\n<script type=\"application\/ld+json\" class=\"yoast-schema-graph\">{\"@context\":\"https:\/\/schema.org\",\"@graph\":[{\"@type\":\"WebSite\",\"@id\":\"https:\/\/franciscanos.org.br\/noticias\/#website\",\"url\":\"https:\/\/franciscanos.org.br\/noticias\/\",\"name\":\"Not\u00edcias - Franciscanos\",\"description\":\"Prov\u00edncia Franciscana da Imaculada Concei\u00e7\u00e3o do Brasil - Ordem dos Frades Menores - OFM\",\"potentialAction\":[{\"@type\":\"SearchAction\",\"target\":{\"@type\":\"EntryPoint\",\"urlTemplate\":\"https:\/\/franciscanos.org.br\/noticias\/?s={search_term_string}\"},\"query-input\":\"required name=search_term_string\"}],\"inLanguage\":\"pt-BR\"},{\"@type\":\"ImageObject\",\"inLanguage\":\"pt-BR\",\"@id\":\"https:\/\/franciscanos.org.br\/noticias\/espacos-franciscanos-de-peregrinacao-do-ano-jubilar-2025.html#primaryimage\",\"url\":\"https:\/\/franciscanos.org.br\/noticias\/wp-content\/uploads\/2025\/01\/800-santuarios-1-scaled.jpg\",\"contentUrl\":\"https:\/\/franciscanos.org.br\/noticias\/wp-content\/uploads\/2025\/01\/800-santuarios-1-scaled.jpg\",\"width\":1571,\"height\":1080},{\"@type\":\"WebPage\",\"@id\":\"https:\/\/franciscanos.org.br\/noticias\/espacos-franciscanos-de-peregrinacao-do-ano-jubilar-2025.html#webpage\",\"url\":\"https:\/\/franciscanos.org.br\/noticias\/espacos-franciscanos-de-peregrinacao-do-ano-jubilar-2025.html\",\"name\":\"Espa\u00e7os franciscanos de peregrina\u00e7\u00e3o do Ano Jubilar 2025 - Not\u00edcias - Franciscanos\",\"isPartOf\":{\"@id\":\"https:\/\/franciscanos.org.br\/noticias\/#website\"},\"primaryImageOfPage\":{\"@id\":\"https:\/\/franciscanos.org.br\/noticias\/espacos-franciscanos-de-peregrinacao-do-ano-jubilar-2025.html#primaryimage\"},\"datePublished\":\"2025-01-22T18:21:58+00:00\",\"dateModified\":\"2025-01-23T16:34:29+00:00\",\"author\":{\"@id\":\"https:\/\/franciscanos.org.br\/noticias\/#\/schema\/person\/d9422e83121c3ad3b0f423d195f5bb25\"},\"breadcrumb\":{\"@id\":\"https:\/\/franciscanos.org.br\/noticias\/espacos-franciscanos-de-peregrinacao-do-ano-jubilar-2025.html#breadcrumb\"},\"inLanguage\":\"pt-BR\",\"potentialAction\":[{\"@type\":\"ReadAction\",\"target\":[\"https:\/\/franciscanos.org.br\/noticias\/espacos-franciscanos-de-peregrinacao-do-ano-jubilar-2025.html\"]}]},{\"@type\":\"BreadcrumbList\",\"@id\":\"https:\/\/franciscanos.org.br\/noticias\/espacos-franciscanos-de-peregrinacao-do-ano-jubilar-2025.html#breadcrumb\",\"itemListElement\":[{\"@type\":\"ListItem\",\"position\":1,\"name\":\"Home\",\"item\":\"https:\/\/franciscanos.org.br\/noticias\"},{\"@type\":\"ListItem\",\"position\":2,\"name\":\"Espa\u00e7os franciscanos de peregrina\u00e7\u00e3o do Ano Jubilar 2025\"}]},{\"@type\":\"Person\",\"@id\":\"https:\/\/franciscanos.org.br\/noticias\/#\/schema\/person\/d9422e83121c3ad3b0f423d195f5bb25\",\"name\":\"Adriana Rabelo\",\"image\":{\"@type\":\"ImageObject\",\"inLanguage\":\"pt-BR\",\"@id\":\"https:\/\/franciscanos.org.br\/noticias\/#\/schema\/person\/image\/\",\"url\":\"https:\/\/secure.gravatar.com\/avatar\/0a937b7500cd7df77540cfb8bede877d?s=96&d=mm&r=g\",\"contentUrl\":\"https:\/\/secure.gravatar.com\/avatar\/0a937b7500cd7df77540cfb8bede877d?s=96&d=mm&r=g\",\"caption\":\"Adriana Rabelo\"},\"url\":\"https:\/\/franciscanos.org.br\/noticias\/author\/adrianarabelo\"}]}<\/script>\n<!-- \/ Yoast SEO plugin. -->","yoast_head_json":{"title":"Espa\u00e7os franciscanos de peregrina\u00e7\u00e3o do Ano Jubilar 2025 - Not\u00edcias - Franciscanos","robots":{"index":"index","follow":"follow","max-snippet":"max-snippet:-1","max-image-preview":"max-image-preview:large","max-video-preview":"max-video-preview:-1"},"canonical":"https:\/\/franciscanos.org.br\/noticias\/espacos-franciscanos-de-peregrinacao-do-ano-jubilar-2025.html","og_locale":"pt_BR","og_type":"article","og_title":"Espa\u00e7os franciscanos de peregrina\u00e7\u00e3o do Ano Jubilar 2025 - Not\u00edcias - Franciscanos","og_description":"Jubileu de Esperan\u00e7a 2025","og_url":"https:\/\/franciscanos.org.br\/noticias\/espacos-franciscanos-de-peregrinacao-do-ano-jubilar-2025.html","og_site_name":"Not\u00edcias - Franciscanos","article_published_time":"2025-01-22T18:21:58+00:00","article_modified_time":"2025-01-23T16:34:29+00:00","og_image":[{"width":1920,"height":1320,"url":"https:\/\/franciscanos.org.br\/noticias\/wp-content\/uploads\/2025\/01\/800-santuarios-1-scaled.jpg","type":"image\/jpeg"}],"author":"Adriana Rabelo","twitter_card":"summary_large_image","twitter_misc":{"Escrito por":"Adriana Rabelo","Est. tempo de leitura":"6 minutos"},"schema":{"@context":"https:\/\/schema.org","@graph":[{"@type":"WebSite","@id":"https:\/\/franciscanos.org.br\/noticias\/#website","url":"https:\/\/franciscanos.org.br\/noticias\/","name":"Not\u00edcias - Franciscanos","description":"Prov\u00edncia Franciscana da Imaculada Concei\u00e7\u00e3o do Brasil - Ordem dos Frades Menores - OFM","potentialAction":[{"@type":"SearchAction","target":{"@type":"EntryPoint","urlTemplate":"https:\/\/franciscanos.org.br\/noticias\/?s={search_term_string}"},"query-input":"required name=search_term_string"}],"inLanguage":"pt-BR"},{"@type":"ImageObject","inLanguage":"pt-BR","@id":"https:\/\/franciscanos.org.br\/noticias\/espacos-franciscanos-de-peregrinacao-do-ano-jubilar-2025.html#primaryimage","url":"https:\/\/franciscanos.org.br\/noticias\/wp-content\/uploads\/2025\/01\/800-santuarios-1-scaled.jpg","contentUrl":"https:\/\/franciscanos.org.br\/noticias\/wp-content\/uploads\/2025\/01\/800-santuarios-1-scaled.jpg","width":1571,"height":1080},{"@type":"WebPage","@id":"https:\/\/franciscanos.org.br\/noticias\/espacos-franciscanos-de-peregrinacao-do-ano-jubilar-2025.html#webpage","url":"https:\/\/franciscanos.org.br\/noticias\/espacos-franciscanos-de-peregrinacao-do-ano-jubilar-2025.html","name":"Espa\u00e7os franciscanos de peregrina\u00e7\u00e3o do Ano Jubilar 2025 - Not\u00edcias - Franciscanos","isPartOf":{"@id":"https:\/\/franciscanos.org.br\/noticias\/#website"},"primaryImageOfPage":{"@id":"https:\/\/franciscanos.org.br\/noticias\/espacos-franciscanos-de-peregrinacao-do-ano-jubilar-2025.html#primaryimage"},"datePublished":"2025-01-22T18:21:58+00:00","dateModified":"2025-01-23T16:34:29+00:00","author":{"@id":"https:\/\/franciscanos.org.br\/noticias\/#\/schema\/person\/d9422e83121c3ad3b0f423d195f5bb25"},"breadcrumb":{"@id":"https:\/\/franciscanos.org.br\/noticias\/espacos-franciscanos-de-peregrinacao-do-ano-jubilar-2025.html#breadcrumb"},"inLanguage":"pt-BR","potentialAction":[{"@type":"ReadAction","target":["https:\/\/franciscanos.org.br\/noticias\/espacos-franciscanos-de-peregrinacao-do-ano-jubilar-2025.html"]}]},{"@type":"BreadcrumbList","@id":"https:\/\/franciscanos.org.br\/noticias\/espacos-franciscanos-de-peregrinacao-do-ano-jubilar-2025.html#breadcrumb","itemListElement":[{"@type":"ListItem","position":1,"name":"Home","item":"https:\/\/franciscanos.org.br\/noticias"},{"@type":"ListItem","position":2,"name":"Espa\u00e7os franciscanos de peregrina\u00e7\u00e3o do Ano Jubilar 2025"}]},{"@type":"Person","@id":"https:\/\/franciscanos.org.br\/noticias\/#\/schema\/person\/d9422e83121c3ad3b0f423d195f5bb25","name":"Adriana Rabelo","image":{"@type":"ImageObject","inLanguage":"pt-BR","@id":"https:\/\/franciscanos.org.br\/noticias\/#\/schema\/person\/image\/","url":"https:\/\/secure.gravatar.com\/avatar\/0a937b7500cd7df77540cfb8bede877d?s=96&d=mm&r=g","contentUrl":"https:\/\/secure.gravatar.com\/avatar\/0a937b7500cd7df77540cfb8bede877d?s=96&d=mm&r=g","caption":"Adriana Rabelo"},"url":"https:\/\/franciscanos.org.br\/noticias\/author\/adrianarabelo"}]}},"_links":{"self":[{"href":"https:\/\/franciscanos.org.br\/noticias\/wp-json\/wp\/v2\/posts\/254177"}],"collection":[{"href":"https:\/\/franciscanos.org.br\/noticias\/wp-json\/wp\/v2\/posts"}],"about":[{"href":"https:\/\/franciscanos.org.br\/noticias\/wp-json\/wp\/v2\/types\/post"}],"author":[{"embeddable":true,"href":"https:\/\/franciscanos.org.br\/noticias\/wp-json\/wp\/v2\/users\/11"}],"replies":[{"embeddable":true,"href":"https:\/\/franciscanos.org.br\/noticias\/wp-json\/wp\/v2\/comments?post=254177"}],"version-history":[{"count":12,"href":"https:\/\/franciscanos.org.br\/noticias\/wp-json\/wp\/v2\/posts\/254177\/revisions"}],"predecessor-version":[{"id":254198,"href":"https:\/\/franciscanos.org.br\/noticias\/wp-json\/wp\/v2\/posts\/254177\/revisions\/254198"}],"wp:featuredmedia":[{"embeddable":true,"href":"https:\/\/franciscanos.org.br\/noticias\/wp-json\/wp\/v2\/media\/254199"}],"wp:attachment":[{"href":"https:\/\/franciscanos.org.br\/noticias\/wp-json\/wp\/v2\/media?parent=254177"}],"wp:term":[{"taxonomy":"category","embeddable":true,"href":"https:\/\/franciscanos.org.br\/noticias\/wp-json\/wp\/v2\/categories?post=254177"},{"taxonomy":"post_tag","embeddable":true,"href":"https:\/\/franciscanos.org.br\/noticias\/wp-json\/wp\/v2\/tags?post=254177"}],"curies":[{"name":"wp","href":"https:\/\/api.w.org\/{rel}","templated":true}]}}