{"id":254171,"date":"2025-01-22T08:07:39","date_gmt":"2025-01-22T11:07:39","guid":{"rendered":"https:\/\/franciscanos.org.br\/noticias\/?p=254171"},"modified":"2025-01-22T08:07:39","modified_gmt":"2025-01-22T11:07:39","slug":"aprendamos-com-maria-a-confiar-e-acolher-a-palavra-de-deus","status":"publish","type":"post","link":"https:\/\/franciscanos.org.br\/noticias\/aprendamos-com-maria-a-confiar-e-acolher-a-palavra-de-deus.html","title":{"rendered":"Aprendamos com Maria a confiar e acolher a Palavra de Deus"},"content":{"rendered":"<p>&nbsp;<\/p>\n<p><img loading=\"lazy\" class=\"aligncenter wp-image-254173 size-full\" src=\"https:\/\/franciscanos.org.br\/noticias\/wp-content\/uploads\/2025\/01\/22.01-materia.jpg\" alt=\"\" width=\"1280\" height=\"720\" srcset=\"https:\/\/franciscanos.org.br\/noticias\/wp-content\/uploads\/2025\/01\/22.01-materia.jpg 1280w, https:\/\/franciscanos.org.br\/noticias\/wp-content\/uploads\/2025\/01\/22.01-materia-450x253.jpg 450w, https:\/\/franciscanos.org.br\/noticias\/wp-content\/uploads\/2025\/01\/22.01-materia-1024x576.jpg 1024w, https:\/\/franciscanos.org.br\/noticias\/wp-content\/uploads\/2025\/01\/22.01-materia-768x432.jpg 768w, https:\/\/franciscanos.org.br\/noticias\/wp-content\/uploads\/2025\/01\/22.01-materia-150x84.jpg 150w\" sizes=\"(max-width: 1280px) 100vw, 1280px\" \/><\/p>\n<p><em>Na Audi\u00eancia Geral desta quarta-feira (22\/01), o Papa Francisco deu continuidade ao ciclo de catequeses jubilares sobre \u201cJesus Cristo, nossa esperan\u00e7a\u201d. A reflex\u00e3o de hoje foi inspirada no Evangelho da Anuncia\u00e7\u00e3o. \u201cMaria n\u00e3o busca respostas fora, mas dentro de si. E ali, no profundo de seu cora\u00e7\u00e3o aberto e sens\u00edvel, ela sente o convite para confiar em Deus\u201d, afirmou o Santo Padre.<\/em><\/p>\n<hr \/>\n<p>Na manh\u00e3 desta quarta-feira, 22 de janeiro, na Sala Paulo VI, o Papa Francisco retomou as catequeses sobre Jesus Cristo, nossa esperan\u00e7a, com a segunda reflex\u00e3o do ciclo jubilar dedicada \u00e0 inf\u00e2ncia de Jesus, sob o tema: \u201cA Anuncia\u00e7\u00e3o a Maria: a escuta e a disponibilidade\u201d. Francisco sublinhou a for\u00e7a transformadora da Palavra de Deus, que chega at\u00e9 o cora\u00e7\u00e3o humano e gera mudan\u00e7as profundas, como na experi\u00eancia da Virgem Maria.<\/p>\n<p><strong>O an\u00fancio em Nazar\u00e9<\/strong><\/p>\n<p>Ao abordar a narrativa da Anuncia\u00e7\u00e3o, o Papa recordou que o Evangelho de Lucas destaca o envio do anjo Gabriel a Nazar\u00e9, uma pequena aldeia da Galileia, situada nas periferias de Israel e considerada irrelevante no contexto b\u00edblico da \u00e9poca. Ali, Gabriel anuncia a Maria uma mensagem in\u00e9dita e repleta de significado:<\/p>\n<p><i>\u201cA sauda\u00e7\u00e3o do anjo \u00e9 incomum: em vez do cl\u00e1ssico \u2018a paz esteja contigo\u2019, Gabriel proclama \u2018alegra-te!\u2019, convite que ecoa os an\u00fancios prof\u00e9ticos da vinda do Messias. \u00c9 o chamado \u00e0 alegria que marca o fim do ex\u00edlio e a presen\u00e7a ativa de Deus no meio do povo.\u201d<\/i><\/p>\n<p>Al\u00e9m disso, Deus chama Maria por um t\u00edtulo singular:\u00a0<i>kecharitom\u00e9ne<\/i>, ou \u201ccheia de gra\u00e7a divina\u201d. \u201cEste nome indica que o amor de Deus habita no cora\u00e7\u00e3o de Maria h\u00e1 muito tempo, tornando-a uma obra-prima da gra\u00e7a divina\u201d, afirmou o Papa.<\/p>\n<p><strong>N\u00e3o temer a vontade de Deus<\/strong><\/p>\n<p>O Santo Padre destacou que, diante do an\u00fancio do anjo, Maria experimenta perturba\u00e7\u00e3o, mas tamb\u00e9m confian\u00e7a. Gabriel a tranquiliza com as palavras \u201cN\u00e3o temas!\u201d, e completou:<\/p>\n<p><i>&#8220;Deus diz isso tamb\u00e9m a n\u00f3s: &#8216;N\u00e3o temas, siga em frente; n\u00e3o temas!&#8217; &#8216;Padre, eu tenho medo disso&#8217;; &#8216;E o que voc\u00ea faz, quando\u2026&#8217;; \u201cMe desculpe, padre, vou lhe dizer a verdade: eu vou \u00e0 vidente\u2026&#8217;; &#8216;Voc\u00ea vai \u00e0 vidente!&#8217;; &#8216;Ah, sim, fa\u00e7o leitura de m\u00e3os.&#8217; Por favor, n\u00e3o temas! N\u00e3o temas! N\u00e3o temas! Isso \u00e9 bonito.\u00a0Eu sou o teu companheiro de caminhada: e \u00e9 isso que Ele diz a Maria.&#8221;<\/i><\/p>\n<p><strong>A miss\u00e3o da M\u00e3e de Deus<\/strong><\/p>\n<p>Francisco tamb\u00e9m explicou a miss\u00e3o anunciada a Maria: ser a m\u00e3e do Messias, que ser\u00e1 rei n\u00e3o de forma humana, mas divina. O nome do menino, \u201cJesus\u201d, significa \u201cDeus salva\u201d, recordando que a salva\u00e7\u00e3o vem exclusivamente de Deus. \u201cMaria foi chamada a confiar totalmente no Senhor, permitindo que Ele realizasse em sua vida uma obra \u00fanica e extraordin\u00e1ria\u201d.<\/p>\n<p><i>&#8220;Esta maternidade abala Maria profundamente. E, como a mulher inteligente que \u00e9, capaz de interpretar os acontecimentos, ela busca compreender, discernir o que est\u00e1 acontecendo com ela. Maria n\u00e3o busca respostas fora, mas dentro de si. E ali, no profundo de seu cora\u00e7\u00e3o aberto e sens\u00edvel, ela sente o convite para confiar em Deus.&#8221;<\/i><\/p>\n<p><strong>O exemplo de Maria para os crist\u00e3os<\/strong><\/p>\n<p>Ao concluir a catequese, Francisco destacou a confian\u00e7a luminosa de Maria, uma verdadeira \u201cl\u00e2mpada de muitas luzes\u201d. Maria acolheu o Verbo na sua carne e lan\u00e7ou-se na maior miss\u00e3o j\u00e1 confiada a uma mulher, a uma criatura humana. \u201cEla se colocou ao servi\u00e7o: plena de tudo\u201d, enfatizou o Papa, que, por fim, exortou os fi\u00e9is a se inspirarem na M\u00e3e do Salvador e nossa M\u00e3e:<\/p>\n<p><i>\u201cIrm\u00e3s e irm\u00e3os, aprendamos de Maria a permitir que a Palavra divina abra os nossos ouvidos, que a acolhamos e a guardemos, para que transforme os nossos cora\u00e7\u00f5es em tabern\u00e1culos da sua presen\u00e7a, em casas hospitaleiras onde a esperan\u00e7a possa crescer.\u201d<\/i><\/p>\n<hr \/>\n<p><em>Thulio Fonseca &#8211; Vatican News<\/em><\/p>\n","protected":false},"excerpt":{"rendered":"<p>Audi\u00eancia Geral<\/p>\n","protected":false},"author":11,"featured_media":254174,"comment_status":"open","ping_status":"open","sticky":false,"template":"","format":"standard","meta":[],"categories":[1,1428],"tags":[487,55],"acf":[],"yoast_head":"<!-- This site is optimized with the Yoast SEO plugin v19.2 - https:\/\/yoast.com\/wordpress\/plugins\/seo\/ -->\n<title>Aprendamos com Maria a confiar e acolher a Palavra de Deus - Not\u00edcias - Franciscanos<\/title>\n<meta name=\"robots\" content=\"index, follow, max-snippet:-1, max-image-preview:large, max-video-preview:-1\" \/>\n<link rel=\"canonical\" href=\"https:\/\/franciscanos.org.br\/noticias\/aprendamos-com-maria-a-confiar-e-acolher-a-palavra-de-deus.html\" \/>\n<meta property=\"og:locale\" content=\"pt_BR\" \/>\n<meta property=\"og:type\" content=\"article\" \/>\n<meta property=\"og:title\" content=\"Aprendamos com Maria a confiar e acolher a Palavra de Deus - Not\u00edcias - Franciscanos\" \/>\n<meta property=\"og:description\" content=\"Audi\u00eancia Geral\" \/>\n<meta property=\"og:url\" content=\"https:\/\/franciscanos.org.br\/noticias\/aprendamos-com-maria-a-confiar-e-acolher-a-palavra-de-deus.html\" \/>\n<meta property=\"og:site_name\" content=\"Not\u00edcias - Franciscanos\" \/>\n<meta property=\"article:published_time\" content=\"2025-01-22T11:07:39+00:00\" \/>\n<meta property=\"og:image\" content=\"https:\/\/franciscanos.org.br\/noticias\/wp-content\/uploads\/2025\/01\/22.01-chamada.jpg\" \/>\n\t<meta property=\"og:image:width\" content=\"800\" \/>\n\t<meta property=\"og:image:height\" content=\"550\" \/>\n\t<meta property=\"og:image:type\" content=\"image\/jpeg\" \/>\n<meta name=\"author\" content=\"Adriana Rabelo\" \/>\n<meta name=\"twitter:card\" content=\"summary_large_image\" \/>\n<meta name=\"twitter:label1\" content=\"Escrito por\" \/>\n\t<meta name=\"twitter:data1\" content=\"Adriana Rabelo\" \/>\n\t<meta name=\"twitter:label2\" content=\"Est. tempo de leitura\" \/>\n\t<meta name=\"twitter:data2\" content=\"3 minutos\" \/>\n<script type=\"application\/ld+json\" class=\"yoast-schema-graph\">{\"@context\":\"https:\/\/schema.org\",\"@graph\":[{\"@type\":\"WebSite\",\"@id\":\"https:\/\/franciscanos.org.br\/noticias\/#website\",\"url\":\"https:\/\/franciscanos.org.br\/noticias\/\",\"name\":\"Not\u00edcias - Franciscanos\",\"description\":\"Prov\u00edncia Franciscana da Imaculada Concei\u00e7\u00e3o do Brasil - Ordem dos Frades Menores - OFM\",\"potentialAction\":[{\"@type\":\"SearchAction\",\"target\":{\"@type\":\"EntryPoint\",\"urlTemplate\":\"https:\/\/franciscanos.org.br\/noticias\/?s={search_term_string}\"},\"query-input\":\"required name=search_term_string\"}],\"inLanguage\":\"pt-BR\"},{\"@type\":\"ImageObject\",\"inLanguage\":\"pt-BR\",\"@id\":\"https:\/\/franciscanos.org.br\/noticias\/aprendamos-com-maria-a-confiar-e-acolher-a-palavra-de-deus.html#primaryimage\",\"url\":\"https:\/\/franciscanos.org.br\/noticias\/wp-content\/uploads\/2025\/01\/22.01-chamada.jpg\",\"contentUrl\":\"https:\/\/franciscanos.org.br\/noticias\/wp-content\/uploads\/2025\/01\/22.01-chamada.jpg\",\"width\":800,\"height\":550},{\"@type\":\"WebPage\",\"@id\":\"https:\/\/franciscanos.org.br\/noticias\/aprendamos-com-maria-a-confiar-e-acolher-a-palavra-de-deus.html#webpage\",\"url\":\"https:\/\/franciscanos.org.br\/noticias\/aprendamos-com-maria-a-confiar-e-acolher-a-palavra-de-deus.html\",\"name\":\"Aprendamos com Maria a confiar e acolher a Palavra de Deus - Not\u00edcias - Franciscanos\",\"isPartOf\":{\"@id\":\"https:\/\/franciscanos.org.br\/noticias\/#website\"},\"primaryImageOfPage\":{\"@id\":\"https:\/\/franciscanos.org.br\/noticias\/aprendamos-com-maria-a-confiar-e-acolher-a-palavra-de-deus.html#primaryimage\"},\"datePublished\":\"2025-01-22T11:07:39+00:00\",\"dateModified\":\"2025-01-22T11:07:39+00:00\",\"author\":{\"@id\":\"https:\/\/franciscanos.org.br\/noticias\/#\/schema\/person\/d9422e83121c3ad3b0f423d195f5bb25\"},\"breadcrumb\":{\"@id\":\"https:\/\/franciscanos.org.br\/noticias\/aprendamos-com-maria-a-confiar-e-acolher-a-palavra-de-deus.html#breadcrumb\"},\"inLanguage\":\"pt-BR\",\"potentialAction\":[{\"@type\":\"ReadAction\",\"target\":[\"https:\/\/franciscanos.org.br\/noticias\/aprendamos-com-maria-a-confiar-e-acolher-a-palavra-de-deus.html\"]}]},{\"@type\":\"BreadcrumbList\",\"@id\":\"https:\/\/franciscanos.org.br\/noticias\/aprendamos-com-maria-a-confiar-e-acolher-a-palavra-de-deus.html#breadcrumb\",\"itemListElement\":[{\"@type\":\"ListItem\",\"position\":1,\"name\":\"Home\",\"item\":\"https:\/\/franciscanos.org.br\/noticias\"},{\"@type\":\"ListItem\",\"position\":2,\"name\":\"Aprendamos com Maria a confiar e acolher a Palavra de Deus\"}]},{\"@type\":\"Person\",\"@id\":\"https:\/\/franciscanos.org.br\/noticias\/#\/schema\/person\/d9422e83121c3ad3b0f423d195f5bb25\",\"name\":\"Adriana Rabelo\",\"image\":{\"@type\":\"ImageObject\",\"inLanguage\":\"pt-BR\",\"@id\":\"https:\/\/franciscanos.org.br\/noticias\/#\/schema\/person\/image\/\",\"url\":\"https:\/\/secure.gravatar.com\/avatar\/0a937b7500cd7df77540cfb8bede877d?s=96&d=mm&r=g\",\"contentUrl\":\"https:\/\/secure.gravatar.com\/avatar\/0a937b7500cd7df77540cfb8bede877d?s=96&d=mm&r=g\",\"caption\":\"Adriana Rabelo\"},\"url\":\"https:\/\/franciscanos.org.br\/noticias\/author\/adrianarabelo\"}]}<\/script>\n<!-- \/ Yoast SEO plugin. -->","yoast_head_json":{"title":"Aprendamos com Maria a confiar e acolher a Palavra de Deus - Not\u00edcias - Franciscanos","robots":{"index":"index","follow":"follow","max-snippet":"max-snippet:-1","max-image-preview":"max-image-preview:large","max-video-preview":"max-video-preview:-1"},"canonical":"https:\/\/franciscanos.org.br\/noticias\/aprendamos-com-maria-a-confiar-e-acolher-a-palavra-de-deus.html","og_locale":"pt_BR","og_type":"article","og_title":"Aprendamos com Maria a confiar e acolher a Palavra de Deus - Not\u00edcias - Franciscanos","og_description":"Audi\u00eancia Geral","og_url":"https:\/\/franciscanos.org.br\/noticias\/aprendamos-com-maria-a-confiar-e-acolher-a-palavra-de-deus.html","og_site_name":"Not\u00edcias - Franciscanos","article_published_time":"2025-01-22T11:07:39+00:00","og_image":[{"width":800,"height":550,"url":"https:\/\/franciscanos.org.br\/noticias\/wp-content\/uploads\/2025\/01\/22.01-chamada.jpg","type":"image\/jpeg"}],"author":"Adriana Rabelo","twitter_card":"summary_large_image","twitter_misc":{"Escrito por":"Adriana Rabelo","Est. tempo de leitura":"3 minutos"},"schema":{"@context":"https:\/\/schema.org","@graph":[{"@type":"WebSite","@id":"https:\/\/franciscanos.org.br\/noticias\/#website","url":"https:\/\/franciscanos.org.br\/noticias\/","name":"Not\u00edcias - Franciscanos","description":"Prov\u00edncia Franciscana da Imaculada Concei\u00e7\u00e3o do Brasil - Ordem dos Frades Menores - OFM","potentialAction":[{"@type":"SearchAction","target":{"@type":"EntryPoint","urlTemplate":"https:\/\/franciscanos.org.br\/noticias\/?s={search_term_string}"},"query-input":"required name=search_term_string"}],"inLanguage":"pt-BR"},{"@type":"ImageObject","inLanguage":"pt-BR","@id":"https:\/\/franciscanos.org.br\/noticias\/aprendamos-com-maria-a-confiar-e-acolher-a-palavra-de-deus.html#primaryimage","url":"https:\/\/franciscanos.org.br\/noticias\/wp-content\/uploads\/2025\/01\/22.01-chamada.jpg","contentUrl":"https:\/\/franciscanos.org.br\/noticias\/wp-content\/uploads\/2025\/01\/22.01-chamada.jpg","width":800,"height":550},{"@type":"WebPage","@id":"https:\/\/franciscanos.org.br\/noticias\/aprendamos-com-maria-a-confiar-e-acolher-a-palavra-de-deus.html#webpage","url":"https:\/\/franciscanos.org.br\/noticias\/aprendamos-com-maria-a-confiar-e-acolher-a-palavra-de-deus.html","name":"Aprendamos com Maria a confiar e acolher a Palavra de Deus - Not\u00edcias - Franciscanos","isPartOf":{"@id":"https:\/\/franciscanos.org.br\/noticias\/#website"},"primaryImageOfPage":{"@id":"https:\/\/franciscanos.org.br\/noticias\/aprendamos-com-maria-a-confiar-e-acolher-a-palavra-de-deus.html#primaryimage"},"datePublished":"2025-01-22T11:07:39+00:00","dateModified":"2025-01-22T11:07:39+00:00","author":{"@id":"https:\/\/franciscanos.org.br\/noticias\/#\/schema\/person\/d9422e83121c3ad3b0f423d195f5bb25"},"breadcrumb":{"@id":"https:\/\/franciscanos.org.br\/noticias\/aprendamos-com-maria-a-confiar-e-acolher-a-palavra-de-deus.html#breadcrumb"},"inLanguage":"pt-BR","potentialAction":[{"@type":"ReadAction","target":["https:\/\/franciscanos.org.br\/noticias\/aprendamos-com-maria-a-confiar-e-acolher-a-palavra-de-deus.html"]}]},{"@type":"BreadcrumbList","@id":"https:\/\/franciscanos.org.br\/noticias\/aprendamos-com-maria-a-confiar-e-acolher-a-palavra-de-deus.html#breadcrumb","itemListElement":[{"@type":"ListItem","position":1,"name":"Home","item":"https:\/\/franciscanos.org.br\/noticias"},{"@type":"ListItem","position":2,"name":"Aprendamos com Maria a confiar e acolher a Palavra de Deus"}]},{"@type":"Person","@id":"https:\/\/franciscanos.org.br\/noticias\/#\/schema\/person\/d9422e83121c3ad3b0f423d195f5bb25","name":"Adriana Rabelo","image":{"@type":"ImageObject","inLanguage":"pt-BR","@id":"https:\/\/franciscanos.org.br\/noticias\/#\/schema\/person\/image\/","url":"https:\/\/secure.gravatar.com\/avatar\/0a937b7500cd7df77540cfb8bede877d?s=96&d=mm&r=g","contentUrl":"https:\/\/secure.gravatar.com\/avatar\/0a937b7500cd7df77540cfb8bede877d?s=96&d=mm&r=g","caption":"Adriana Rabelo"},"url":"https:\/\/franciscanos.org.br\/noticias\/author\/adrianarabelo"}]}},"_links":{"self":[{"href":"https:\/\/franciscanos.org.br\/noticias\/wp-json\/wp\/v2\/posts\/254171"}],"collection":[{"href":"https:\/\/franciscanos.org.br\/noticias\/wp-json\/wp\/v2\/posts"}],"about":[{"href":"https:\/\/franciscanos.org.br\/noticias\/wp-json\/wp\/v2\/types\/post"}],"author":[{"embeddable":true,"href":"https:\/\/franciscanos.org.br\/noticias\/wp-json\/wp\/v2\/users\/11"}],"replies":[{"embeddable":true,"href":"https:\/\/franciscanos.org.br\/noticias\/wp-json\/wp\/v2\/comments?post=254171"}],"version-history":[{"count":2,"href":"https:\/\/franciscanos.org.br\/noticias\/wp-json\/wp\/v2\/posts\/254171\/revisions"}],"predecessor-version":[{"id":254176,"href":"https:\/\/franciscanos.org.br\/noticias\/wp-json\/wp\/v2\/posts\/254171\/revisions\/254176"}],"wp:featuredmedia":[{"embeddable":true,"href":"https:\/\/franciscanos.org.br\/noticias\/wp-json\/wp\/v2\/media\/254174"}],"wp:attachment":[{"href":"https:\/\/franciscanos.org.br\/noticias\/wp-json\/wp\/v2\/media?parent=254171"}],"wp:term":[{"taxonomy":"category","embeddable":true,"href":"https:\/\/franciscanos.org.br\/noticias\/wp-json\/wp\/v2\/categories?post=254171"},{"taxonomy":"post_tag","embeddable":true,"href":"https:\/\/franciscanos.org.br\/noticias\/wp-json\/wp\/v2\/tags?post=254171"}],"curies":[{"name":"wp","href":"https:\/\/api.w.org\/{rel}","templated":true}]}}