{"id":254156,"date":"2025-01-21T15:25:54","date_gmt":"2025-01-21T18:25:54","guid":{"rendered":"https:\/\/franciscanos.org.br\/noticias\/?p=254156"},"modified":"2025-03-10T16:22:48","modified_gmt":"2025-03-10T19:22:48","slug":"fimda-preparativos-para-a-profissao-solene-de-novo-frade-angolano","status":"publish","type":"post","link":"https:\/\/franciscanos.org.br\/noticias\/fimda-preparativos-para-a-profissao-solene-de-novo-frade-angolano.html","title":{"rendered":"FIMDA: Preparativos para a Profiss\u00e3o Solene de novo frade angolano"},"content":{"rendered":"<p><img loading=\"lazy\" class=\"aligncenter wp-image-254157 size-full\" src=\"https:\/\/franciscanos.org.br\/noticias\/wp-content\/uploads\/2025\/01\/WhatsApp-Image-2025-01-21-at-12.32.34.jpeg\" alt=\"\" width=\"1280\" height=\"720\" srcset=\"https:\/\/franciscanos.org.br\/noticias\/wp-content\/uploads\/2025\/01\/WhatsApp-Image-2025-01-21-at-12.32.34.jpeg 1280w, https:\/\/franciscanos.org.br\/noticias\/wp-content\/uploads\/2025\/01\/WhatsApp-Image-2025-01-21-at-12.32.34-450x253.jpeg 450w, https:\/\/franciscanos.org.br\/noticias\/wp-content\/uploads\/2025\/01\/WhatsApp-Image-2025-01-21-at-12.32.34-1024x576.jpeg 1024w, https:\/\/franciscanos.org.br\/noticias\/wp-content\/uploads\/2025\/01\/WhatsApp-Image-2025-01-21-at-12.32.34-768x432.jpeg 768w, https:\/\/franciscanos.org.br\/noticias\/wp-content\/uploads\/2025\/01\/WhatsApp-Image-2025-01-21-at-12.32.34-150x84.jpeg 150w\" sizes=\"(max-width: 1280px) 100vw, 1280px\" \/><\/p>\n<p>\u201cPrefiro a miseric\u00f3rdia ao sacrif\u00edcio\u201d (Mt. 9,13). Inspirados pela passagem descrita pelo evangelista Mateus, na qual Jesus Cristo reafirma seu plano de salva\u00e7\u00e3o, frades, religiosas, religiosos, familiares, convidados e comunidade ir\u00e3o testemunhar, na Par\u00f3quia Nossa Senhora de F\u00e1tima, em Mulenvos de Cima, Angola, a Profiss\u00e3o Solene de <strong>Frei Lu\u00eds Ant\u00f3nio Gungo<\/strong>.<\/p>\n<p>A celebra\u00e7\u00e3o est\u00e1 programada para o pr\u00f3ximo s\u00e1bado, 25 de janeiro, \u00e0s 10h, hor\u00e1rio local. O presidente da Santa Missa, ser\u00e1 Frei Paulo Roberto Pereira, Ministro provincial. Ele e Frei Robson Luiz Sculdela, j\u00e1 est\u00e3o no continente africano para acompanhar os \u00faltimos preparativos para o momento especial da comunidade franciscana.<\/p>\n<p>Na vida religiosa esse momento \u00e9 uma express\u00e3o de total dedica\u00e7\u00e3o \u00e0 espiritualidade franciscana, ao servi\u00e7o aos outros e \u00e0 imita\u00e7\u00e3o dos ensinamentos de S\u00e3o Francisco de Assis. O rito marca o compromisso permanente de um frade com a busca da santidade e a miss\u00e3o de viver o Evangelho, sem nada de pr\u00f3prio, em castidade e na obedi\u00eancia \u00e0 Ordem Frades Menores.<\/p>\n<p>A expectativa \u00e9 de um dia festivo de muito louvor na par\u00f3quia, que ser\u00e1 pequena para acolher todos que pretendem acompanhar a celebra\u00e7\u00e3o. O frade entrar\u00e1 na igreja acompanhado por seus familiares, em alegre prociss\u00e3o no in\u00edcio da Liturgia da Palavra.<\/p>\n<p>Diferente do Brasil, celebra\u00e7\u00f5es como essas costumam estender por quatro horas e meia. Nesse tempo, o povo de Deus canta, dan\u00e7a e leva oferendas variadas, de forma que a assembleia fica contagiada com tamanha alegria, tipicamente angolana, que fica ainda mais evidente com a presen\u00e7a franciscana.<\/p>\n<p><strong>Momento hist\u00f3rico da FIMDA<\/strong><\/p>\n<p><img loading=\"lazy\" class=\"size-medium wp-image-254163 alignright\" src=\"https:\/\/franciscanos.org.br\/noticias\/wp-content\/uploads\/2025\/01\/angola_04-768x484-2-450x284.jpg\" alt=\"\" width=\"450\" height=\"284\" srcset=\"https:\/\/franciscanos.org.br\/noticias\/wp-content\/uploads\/2025\/01\/angola_04-768x484-2-450x284.jpg 450w, https:\/\/franciscanos.org.br\/noticias\/wp-content\/uploads\/2025\/01\/angola_04-768x484-2-150x95.jpg 150w, https:\/\/franciscanos.org.br\/noticias\/wp-content\/uploads\/2025\/01\/angola_04-768x484-2.jpg 768w\" sizes=\"(max-width: 450px) 100vw, 450px\" \/>O fortalecimento do \u201csim\u201d de Frei Lu\u00eds Ant\u00f3nio Gungo ser\u00e1 realizado no ano em que a Funda\u00e7\u00e3o Franciscana da Imaculada M\u00e3e de Deus de Angola, celebra o jubileu de 35 anos. \u00a0No dia 25 de setembro de 1990, os mission\u00e1rios da Prov\u00edncia Franciscana da Imaculada Concei\u00e7\u00e3o do Brasil: Frei Pl\u00ednio Gande da Silva, Frei Jos\u00e9 Zanchet e Frei Pedro Caron, se instalaram em territ\u00f3rio angolano. L\u00e1 iniciaram a miss\u00e3o franciscana de levar o Evangelho, por meio da Palavra e de atos concretos de amor a todas as criaturas, especialmente aos mais pobres e oprimidos.<\/p>\n<p>Na \u00e9poca, a motiva\u00e7\u00e3o chegou por meio de uma carta do, ent\u00e3o, Ministro geral, Frei John Vaughn, escrita em 1982, com o t\u00edtulo: \u2018A \u00c1frica nos chama\u2019. Este documento foi escrito a partir da constata\u00e7\u00e3o de que a Ordem estava espalhada pelo mundo inteiro, mas muito reduzida no continente africano.<\/p>\n<p>Assim como os tr\u00eas mission\u00e1rios que \u201crenunciaram\u201d ao medo de enfrentar as adversidades presentes no ambiente onde estavam se inserindo na \u00e9poca, Frei Gungo, tamb\u00e9m dar\u00e1 continuidade a sua vida religiosa, embebido do mesmo esp\u00edrito mission\u00e1rio, heroico e destemido dos primeiros disc\u00edpulos da Ordem.<\/p>\n<p><img loading=\"lazy\" class=\"alignleft wp-image-254160 size-thumbnail\" src=\"https:\/\/franciscanos.org.br\/noticias\/wp-content\/uploads\/2025\/01\/Sem-Titulo-7-300x300.jpg\" alt=\"\" width=\"300\" height=\"300\" srcset=\"https:\/\/franciscanos.org.br\/noticias\/wp-content\/uploads\/2025\/01\/Sem-Titulo-7-300x300.jpg 300w, https:\/\/franciscanos.org.br\/noticias\/wp-content\/uploads\/2025\/01\/Sem-Titulo-7-100x100.jpg 100w\" sizes=\"(max-width: 300px) 100vw, 300px\" \/><\/p>\n<p>&nbsp;<\/p>\n<p>&nbsp;<\/p>\n<p>Nascido em 01 de dezembro de 1990, em Kilamba Kiaxi, Angola. Vestiu o h\u00e1bito franciscano e iniciou o Noviciado em 15 de janeiro de 2018 e sua Primeira Profiss\u00e3o na Vida Religiosa foi no dia10 de janeiro de 2019.<\/p>\n<p>&nbsp;<\/p>\n<p>&nbsp;<\/p>\n<p>&nbsp;<\/p>\n<p>&nbsp;<\/p>\n<p>&nbsp;<\/p>\n<p><img loading=\"lazy\" class=\"aligncenter wp-image-254169 size-full\" src=\"https:\/\/franciscanos.org.br\/noticias\/wp-content\/uploads\/2025\/01\/WhatsApp-Image-2025-01-21-at-07.04.27.jpeg\" alt=\"\" width=\"913\" height=\"673\" srcset=\"https:\/\/franciscanos.org.br\/noticias\/wp-content\/uploads\/2025\/01\/WhatsApp-Image-2025-01-21-at-07.04.27.jpeg 913w, https:\/\/franciscanos.org.br\/noticias\/wp-content\/uploads\/2025\/01\/WhatsApp-Image-2025-01-21-at-07.04.27-450x332.jpeg 450w, https:\/\/franciscanos.org.br\/noticias\/wp-content\/uploads\/2025\/01\/WhatsApp-Image-2025-01-21-at-07.04.27-768x566.jpeg 768w, https:\/\/franciscanos.org.br\/noticias\/wp-content\/uploads\/2025\/01\/WhatsApp-Image-2025-01-21-at-07.04.27-150x111.jpeg 150w\" sizes=\"(max-width: 913px) 100vw, 913px\" \/><\/p>\n<hr \/>\n<p><em>Adriana Rabelo<\/em><\/p>\n","protected":false},"excerpt":{"rendered":"<p>Profiss\u00e3o Solene<\/p>\n","protected":false},"author":11,"featured_media":254158,"comment_status":"open","ping_status":"open","sticky":false,"template":"","format":"standard","meta":[],"categories":[1],"tags":[1313,2056],"acf":[],"yoast_head":"<!-- This site is optimized with the Yoast SEO plugin v19.2 - https:\/\/yoast.com\/wordpress\/plugins\/seo\/ -->\n<title>FIMDA: Preparativos para a Profiss\u00e3o Solene de novo frade angolano - Not\u00edcias - Franciscanos<\/title>\n<meta name=\"robots\" content=\"index, follow, max-snippet:-1, max-image-preview:large, max-video-preview:-1\" \/>\n<link rel=\"canonical\" href=\"https:\/\/franciscanos.org.br\/noticias\/fimda-preparativos-para-a-profissao-solene-de-novo-frade-angolano.html\" \/>\n<meta property=\"og:locale\" content=\"pt_BR\" \/>\n<meta property=\"og:type\" content=\"article\" \/>\n<meta property=\"og:title\" content=\"FIMDA: Preparativos para a Profiss\u00e3o Solene de novo frade angolano - Not\u00edcias - Franciscanos\" \/>\n<meta property=\"og:description\" content=\"Profiss\u00e3o Solene\" \/>\n<meta property=\"og:url\" content=\"https:\/\/franciscanos.org.br\/noticias\/fimda-preparativos-para-a-profissao-solene-de-novo-frade-angolano.html\" \/>\n<meta property=\"og:site_name\" content=\"Not\u00edcias - Franciscanos\" \/>\n<meta property=\"article:published_time\" content=\"2025-01-21T18:25:54+00:00\" \/>\n<meta property=\"article:modified_time\" content=\"2025-03-10T19:22:48+00:00\" \/>\n<meta property=\"og:image\" content=\"https:\/\/franciscanos.org.br\/noticias\/wp-content\/uploads\/2025\/01\/WhatsApp-Image-2025-01-21-at-12.32.34-2.jpeg\" \/>\n\t<meta property=\"og:image:width\" content=\"1280\" \/>\n\t<meta property=\"og:image:height\" content=\"879\" \/>\n\t<meta property=\"og:image:type\" content=\"image\/jpeg\" \/>\n<meta name=\"author\" content=\"Adriana Rabelo\" \/>\n<meta name=\"twitter:card\" content=\"summary_large_image\" \/>\n<meta name=\"twitter:label1\" content=\"Escrito por\" \/>\n\t<meta name=\"twitter:data1\" content=\"Adriana Rabelo\" \/>\n\t<meta name=\"twitter:label2\" content=\"Est. tempo de leitura\" \/>\n\t<meta name=\"twitter:data2\" content=\"3 minutos\" \/>\n<script type=\"application\/ld+json\" class=\"yoast-schema-graph\">{\"@context\":\"https:\/\/schema.org\",\"@graph\":[{\"@type\":\"WebSite\",\"@id\":\"https:\/\/franciscanos.org.br\/noticias\/#website\",\"url\":\"https:\/\/franciscanos.org.br\/noticias\/\",\"name\":\"Not\u00edcias - Franciscanos\",\"description\":\"Prov\u00edncia Franciscana da Imaculada Concei\u00e7\u00e3o do Brasil - Ordem dos Frades Menores - OFM\",\"potentialAction\":[{\"@type\":\"SearchAction\",\"target\":{\"@type\":\"EntryPoint\",\"urlTemplate\":\"https:\/\/franciscanos.org.br\/noticias\/?s={search_term_string}\"},\"query-input\":\"required name=search_term_string\"}],\"inLanguage\":\"pt-BR\"},{\"@type\":\"ImageObject\",\"inLanguage\":\"pt-BR\",\"@id\":\"https:\/\/franciscanos.org.br\/noticias\/fimda-preparativos-para-a-profissao-solene-de-novo-frade-angolano.html#primaryimage\",\"url\":\"https:\/\/franciscanos.org.br\/noticias\/wp-content\/uploads\/2025\/01\/WhatsApp-Image-2025-01-21-at-12.32.34-2.jpeg\",\"contentUrl\":\"https:\/\/franciscanos.org.br\/noticias\/wp-content\/uploads\/2025\/01\/WhatsApp-Image-2025-01-21-at-12.32.34-2.jpeg\",\"width\":1280,\"height\":879},{\"@type\":\"WebPage\",\"@id\":\"https:\/\/franciscanos.org.br\/noticias\/fimda-preparativos-para-a-profissao-solene-de-novo-frade-angolano.html#webpage\",\"url\":\"https:\/\/franciscanos.org.br\/noticias\/fimda-preparativos-para-a-profissao-solene-de-novo-frade-angolano.html\",\"name\":\"FIMDA: Preparativos para a Profiss\u00e3o Solene de novo frade angolano - Not\u00edcias - Franciscanos\",\"isPartOf\":{\"@id\":\"https:\/\/franciscanos.org.br\/noticias\/#website\"},\"primaryImageOfPage\":{\"@id\":\"https:\/\/franciscanos.org.br\/noticias\/fimda-preparativos-para-a-profissao-solene-de-novo-frade-angolano.html#primaryimage\"},\"datePublished\":\"2025-01-21T18:25:54+00:00\",\"dateModified\":\"2025-03-10T19:22:48+00:00\",\"author\":{\"@id\":\"https:\/\/franciscanos.org.br\/noticias\/#\/schema\/person\/d9422e83121c3ad3b0f423d195f5bb25\"},\"breadcrumb\":{\"@id\":\"https:\/\/franciscanos.org.br\/noticias\/fimda-preparativos-para-a-profissao-solene-de-novo-frade-angolano.html#breadcrumb\"},\"inLanguage\":\"pt-BR\",\"potentialAction\":[{\"@type\":\"ReadAction\",\"target\":[\"https:\/\/franciscanos.org.br\/noticias\/fimda-preparativos-para-a-profissao-solene-de-novo-frade-angolano.html\"]}]},{\"@type\":\"BreadcrumbList\",\"@id\":\"https:\/\/franciscanos.org.br\/noticias\/fimda-preparativos-para-a-profissao-solene-de-novo-frade-angolano.html#breadcrumb\",\"itemListElement\":[{\"@type\":\"ListItem\",\"position\":1,\"name\":\"Home\",\"item\":\"https:\/\/franciscanos.org.br\/noticias\"},{\"@type\":\"ListItem\",\"position\":2,\"name\":\"FIMDA: Preparativos para a Profiss\u00e3o Solene de novo frade angolano\"}]},{\"@type\":\"Person\",\"@id\":\"https:\/\/franciscanos.org.br\/noticias\/#\/schema\/person\/d9422e83121c3ad3b0f423d195f5bb25\",\"name\":\"Adriana Rabelo\",\"image\":{\"@type\":\"ImageObject\",\"inLanguage\":\"pt-BR\",\"@id\":\"https:\/\/franciscanos.org.br\/noticias\/#\/schema\/person\/image\/\",\"url\":\"https:\/\/secure.gravatar.com\/avatar\/0a937b7500cd7df77540cfb8bede877d?s=96&d=mm&r=g\",\"contentUrl\":\"https:\/\/secure.gravatar.com\/avatar\/0a937b7500cd7df77540cfb8bede877d?s=96&d=mm&r=g\",\"caption\":\"Adriana Rabelo\"},\"url\":\"https:\/\/franciscanos.org.br\/noticias\/author\/adrianarabelo\"}]}<\/script>\n<!-- \/ Yoast SEO plugin. -->","yoast_head_json":{"title":"FIMDA: Preparativos para a Profiss\u00e3o Solene de novo frade angolano - Not\u00edcias - Franciscanos","robots":{"index":"index","follow":"follow","max-snippet":"max-snippet:-1","max-image-preview":"max-image-preview:large","max-video-preview":"max-video-preview:-1"},"canonical":"https:\/\/franciscanos.org.br\/noticias\/fimda-preparativos-para-a-profissao-solene-de-novo-frade-angolano.html","og_locale":"pt_BR","og_type":"article","og_title":"FIMDA: Preparativos para a Profiss\u00e3o Solene de novo frade angolano - Not\u00edcias - Franciscanos","og_description":"Profiss\u00e3o Solene","og_url":"https:\/\/franciscanos.org.br\/noticias\/fimda-preparativos-para-a-profissao-solene-de-novo-frade-angolano.html","og_site_name":"Not\u00edcias - Franciscanos","article_published_time":"2025-01-21T18:25:54+00:00","article_modified_time":"2025-03-10T19:22:48+00:00","og_image":[{"width":1280,"height":879,"url":"https:\/\/franciscanos.org.br\/noticias\/wp-content\/uploads\/2025\/01\/WhatsApp-Image-2025-01-21-at-12.32.34-2.jpeg","type":"image\/jpeg"}],"author":"Adriana Rabelo","twitter_card":"summary_large_image","twitter_misc":{"Escrito por":"Adriana Rabelo","Est. tempo de leitura":"3 minutos"},"schema":{"@context":"https:\/\/schema.org","@graph":[{"@type":"WebSite","@id":"https:\/\/franciscanos.org.br\/noticias\/#website","url":"https:\/\/franciscanos.org.br\/noticias\/","name":"Not\u00edcias - Franciscanos","description":"Prov\u00edncia Franciscana da Imaculada Concei\u00e7\u00e3o do Brasil - Ordem dos Frades Menores - OFM","potentialAction":[{"@type":"SearchAction","target":{"@type":"EntryPoint","urlTemplate":"https:\/\/franciscanos.org.br\/noticias\/?s={search_term_string}"},"query-input":"required name=search_term_string"}],"inLanguage":"pt-BR"},{"@type":"ImageObject","inLanguage":"pt-BR","@id":"https:\/\/franciscanos.org.br\/noticias\/fimda-preparativos-para-a-profissao-solene-de-novo-frade-angolano.html#primaryimage","url":"https:\/\/franciscanos.org.br\/noticias\/wp-content\/uploads\/2025\/01\/WhatsApp-Image-2025-01-21-at-12.32.34-2.jpeg","contentUrl":"https:\/\/franciscanos.org.br\/noticias\/wp-content\/uploads\/2025\/01\/WhatsApp-Image-2025-01-21-at-12.32.34-2.jpeg","width":1280,"height":879},{"@type":"WebPage","@id":"https:\/\/franciscanos.org.br\/noticias\/fimda-preparativos-para-a-profissao-solene-de-novo-frade-angolano.html#webpage","url":"https:\/\/franciscanos.org.br\/noticias\/fimda-preparativos-para-a-profissao-solene-de-novo-frade-angolano.html","name":"FIMDA: Preparativos para a Profiss\u00e3o Solene de novo frade angolano - Not\u00edcias - Franciscanos","isPartOf":{"@id":"https:\/\/franciscanos.org.br\/noticias\/#website"},"primaryImageOfPage":{"@id":"https:\/\/franciscanos.org.br\/noticias\/fimda-preparativos-para-a-profissao-solene-de-novo-frade-angolano.html#primaryimage"},"datePublished":"2025-01-21T18:25:54+00:00","dateModified":"2025-03-10T19:22:48+00:00","author":{"@id":"https:\/\/franciscanos.org.br\/noticias\/#\/schema\/person\/d9422e83121c3ad3b0f423d195f5bb25"},"breadcrumb":{"@id":"https:\/\/franciscanos.org.br\/noticias\/fimda-preparativos-para-a-profissao-solene-de-novo-frade-angolano.html#breadcrumb"},"inLanguage":"pt-BR","potentialAction":[{"@type":"ReadAction","target":["https:\/\/franciscanos.org.br\/noticias\/fimda-preparativos-para-a-profissao-solene-de-novo-frade-angolano.html"]}]},{"@type":"BreadcrumbList","@id":"https:\/\/franciscanos.org.br\/noticias\/fimda-preparativos-para-a-profissao-solene-de-novo-frade-angolano.html#breadcrumb","itemListElement":[{"@type":"ListItem","position":1,"name":"Home","item":"https:\/\/franciscanos.org.br\/noticias"},{"@type":"ListItem","position":2,"name":"FIMDA: Preparativos para a Profiss\u00e3o Solene de novo frade angolano"}]},{"@type":"Person","@id":"https:\/\/franciscanos.org.br\/noticias\/#\/schema\/person\/d9422e83121c3ad3b0f423d195f5bb25","name":"Adriana Rabelo","image":{"@type":"ImageObject","inLanguage":"pt-BR","@id":"https:\/\/franciscanos.org.br\/noticias\/#\/schema\/person\/image\/","url":"https:\/\/secure.gravatar.com\/avatar\/0a937b7500cd7df77540cfb8bede877d?s=96&d=mm&r=g","contentUrl":"https:\/\/secure.gravatar.com\/avatar\/0a937b7500cd7df77540cfb8bede877d?s=96&d=mm&r=g","caption":"Adriana Rabelo"},"url":"https:\/\/franciscanos.org.br\/noticias\/author\/adrianarabelo"}]}},"_links":{"self":[{"href":"https:\/\/franciscanos.org.br\/noticias\/wp-json\/wp\/v2\/posts\/254156"}],"collection":[{"href":"https:\/\/franciscanos.org.br\/noticias\/wp-json\/wp\/v2\/posts"}],"about":[{"href":"https:\/\/franciscanos.org.br\/noticias\/wp-json\/wp\/v2\/types\/post"}],"author":[{"embeddable":true,"href":"https:\/\/franciscanos.org.br\/noticias\/wp-json\/wp\/v2\/users\/11"}],"replies":[{"embeddable":true,"href":"https:\/\/franciscanos.org.br\/noticias\/wp-json\/wp\/v2\/comments?post=254156"}],"version-history":[{"count":8,"href":"https:\/\/franciscanos.org.br\/noticias\/wp-json\/wp\/v2\/posts\/254156\/revisions"}],"predecessor-version":[{"id":254170,"href":"https:\/\/franciscanos.org.br\/noticias\/wp-json\/wp\/v2\/posts\/254156\/revisions\/254170"}],"wp:featuredmedia":[{"embeddable":true,"href":"https:\/\/franciscanos.org.br\/noticias\/wp-json\/wp\/v2\/media\/254158"}],"wp:attachment":[{"href":"https:\/\/franciscanos.org.br\/noticias\/wp-json\/wp\/v2\/media?parent=254156"}],"wp:term":[{"taxonomy":"category","embeddable":true,"href":"https:\/\/franciscanos.org.br\/noticias\/wp-json\/wp\/v2\/categories?post=254156"},{"taxonomy":"post_tag","embeddable":true,"href":"https:\/\/franciscanos.org.br\/noticias\/wp-json\/wp\/v2\/tags?post=254156"}],"curies":[{"name":"wp","href":"https:\/\/api.w.org\/{rel}","templated":true}]}}