{"id":254111,"date":"2025-01-21T10:47:09","date_gmt":"2025-01-21T13:47:09","guid":{"rendered":"https:\/\/franciscanos.org.br\/noticias\/?p=254111"},"modified":"2025-01-21T15:00:48","modified_gmt":"2025-01-21T18:00:48","slug":"50-anos-servindo-o-evangelho-nos-passos-de-francisco-o-jubileu-de-frei-fidencio","status":"publish","type":"post","link":"https:\/\/franciscanos.org.br\/noticias\/50-anos-servindo-o-evangelho-nos-passos-de-francisco-o-jubileu-de-frei-fidencio.html","title":{"rendered":"50 anos propagando o Evangelho nos passos de Francisco: jubileu de Frei Fid\u00eancio"},"content":{"rendered":"<p><img loading=\"lazy\" class=\"aligncenter wp-image-254112 size-full\" src=\"https:\/\/franciscanos.org.br\/noticias\/wp-content\/uploads\/2025\/01\/MATERIA-MISSA-1.jpg\" alt=\"\" width=\"1280\" height=\"720\" srcset=\"https:\/\/franciscanos.org.br\/noticias\/wp-content\/uploads\/2025\/01\/MATERIA-MISSA-1.jpg 1280w, https:\/\/franciscanos.org.br\/noticias\/wp-content\/uploads\/2025\/01\/MATERIA-MISSA-1-450x253.jpg 450w, https:\/\/franciscanos.org.br\/noticias\/wp-content\/uploads\/2025\/01\/MATERIA-MISSA-1-1024x576.jpg 1024w, https:\/\/franciscanos.org.br\/noticias\/wp-content\/uploads\/2025\/01\/MATERIA-MISSA-1-768x432.jpg 768w, https:\/\/franciscanos.org.br\/noticias\/wp-content\/uploads\/2025\/01\/MATERIA-MISSA-1-150x84.jpg 150w\" sizes=\"(max-width: 1280px) 100vw, 1280px\" \/><\/p>\n<p>No \u00faltimo s\u00e1bado, 18 de janeiro, a Par\u00f3quia S\u00e3o Francisco de Assis, na Vila Clementino, em S\u00e3o Paulo (SP), vivenciou uma emocionante celebra\u00e7\u00e3o em homenagem ao jubileu de 50 anos de vida religiosa de Frei Fid\u00eancio Vanboemmel. A Santa Missa foi presidida pelo pr\u00f3prio jubilando e concelebrada pelo Ministro provincial, Frei Paulo Roberto Pereira,\u00a0 Frei Diego Atalino de Melo, Frei Paulijacson Pessoa de Moura, Frei Robson Luiz Scudela, Frei Rodrigo da Silva Santos, Frei Raimundo Justiniano de Oliveira Castro e Frei Jos\u00e9 Francisco de Cassia dos Santos. Outros confrades tamb\u00e9m participaram do momento celebrativo, assim como as Irm\u00e3s Clarissas, as Franciscanas Ser\u00e1ficas, familiares, amigos, representantes das fraternidades franciscanas e uma comunidade profundamente grata por sua trajet\u00f3ria de servi\u00e7o e amor ao Evangelho.<\/p>\n<p><img loading=\"lazy\" class=\"size-medium wp-image-254114 alignright\" src=\"https:\/\/franciscanos.org.br\/noticias\/wp-content\/uploads\/2025\/01\/IMG_7163-1-300x450.jpg\" alt=\"\" width=\"300\" height=\"450\" srcset=\"https:\/\/franciscanos.org.br\/noticias\/wp-content\/uploads\/2025\/01\/IMG_7163-1-300x450.jpg 300w, https:\/\/franciscanos.org.br\/noticias\/wp-content\/uploads\/2025\/01\/IMG_7163-1-683x1024.jpg 683w, https:\/\/franciscanos.org.br\/noticias\/wp-content\/uploads\/2025\/01\/IMG_7163-1-768x1152.jpg 768w, https:\/\/franciscanos.org.br\/noticias\/wp-content\/uploads\/2025\/01\/IMG_7163-1-1024x1536.jpg 1024w, https:\/\/franciscanos.org.br\/noticias\/wp-content\/uploads\/2025\/01\/IMG_7163-1-1365x2048.jpg 1365w, https:\/\/franciscanos.org.br\/noticias\/wp-content\/uploads\/2025\/01\/IMG_7163-1-150x225.jpg 150w, https:\/\/franciscanos.org.br\/noticias\/wp-content\/uploads\/2025\/01\/IMG_7163-1-scaled.jpg 720w\" sizes=\"(max-width: 300px) 100vw, 300px\" \/>Na homilia, o frade compartilhou reflex\u00f5es profundas sobre sua caminhada de cinco d\u00e9cadas como franciscano, inspirando os presentes ao reafirmar sua voca\u00e7\u00e3o: \u201cCelebrar o Jubileu \u00e9 acolher com renovada esperan\u00e7a a nova realidade existencial para a qual S\u00e3o Francisco nos convoca. Comecemos, irm\u00e3os, a servir ao Senhor, porque at\u00e9 agora, pouco ou nada progredimos\u201d.<\/p>\n<p>Ele recordou, com gratid\u00e3o, os marcos de sua vida consagrada: desde o ingresso no Semin\u00e1rio Nossa Senhora de F\u00e1tima, em Rodeio, at\u00e9 o dia em que vestiu o h\u00e1bito de S\u00e3o Francisco, em 1974, e sua primeira profiss\u00e3o religiosa em 1975. \u201cOlhar para tr\u00e1s \u00e9 reconhecer muitas vidas e hist\u00f3rias que se entrecruzaram com a minha. Sou grato a Deus, aos meus irm\u00e3os de caminhada, e tamb\u00e9m \u00e0s corre\u00e7\u00f5es que recebi ao longo do caminho\u201d, afirmou.<\/p>\n<p>A bonita caminhada de Frei Fid\u00eancio foi celebrada por meio de diversos s\u00edmbolos representativos de sua vida e miss\u00e3o. A sand\u00e1lia franciscana, o h\u00e1bito, o crucifixo de S\u00e3o Dami\u00e3o e a Regra Franciscana foram apresentados como talhas que, \u00e0 semelhan\u00e7a do evangelho das Bodas de Can\u00e1, enchem-se de sentido na entrega e renova\u00e7\u00e3o da voca\u00e7\u00e3o. Cada talha trouxe \u00e0 mem\u00f3ria aspectos singulares da vida do jubilando, como sua atua\u00e7\u00e3o como formador, ministro provincial e sua dedica\u00e7\u00e3o \u00e0 espiritualidade franciscana.<\/p>\n<p>No agradecimento feito por Diego Bello, coordenador do CPP, a comunidade expressou profunda gratid\u00e3o pela trajet\u00f3ria de Frei Fid\u00eancio, reconhecendo nele um exemplo vivo dos valores franciscanos. Descrita como um \u201csantu\u00e1rio vivo de fraternidade, simplicidade e servi\u00e7o\u201d, a vida do frade foi exaltada como testemunho concreto de dedica\u00e7\u00e3o ao Evangelho e ao carisma de S\u00e3o Francisco. A mensagem tamb\u00e9m trouxe palavras de encorajamento, desejando que este jubileu seja um marco de renova\u00e7\u00e3o espiritual e uma fonte de alegria para a continuidade de sua miss\u00e3o. \u201cQue esta celebra\u00e7\u00e3o renove em ti a alegria de tua voca\u00e7\u00e3o e fortale\u00e7a teu esp\u00edrito mission\u00e1rio\u201d, afirmou Diego, ressaltando o impacto positivo de sua presen\u00e7a e atua\u00e7\u00e3o na comunidade e na ordem franciscana.<\/p>\n<p>Entre os momentos mais emocionantes da celebra\u00e7\u00e3o, Frei Fid\u00eancio dedicou um espa\u00e7o especial \u00e0 sua devo\u00e7\u00e3o \u00e0 Virgem Maria, destacando a profunda liga\u00e7\u00e3o com o dia de seu nascimento, 25 de mar\u00e7o, Festa da Anuncia\u00e7\u00e3o. Com sensibilidade e gratid\u00e3o, relembrou o \u201cfa\u00e7a-se\u201d de Maria diante do chamado de Deus, inspirando-se nesse gesto de total entrega para renovar publicamente seus votos religiosos. Em um convite \u00e0 comunidade, refor\u00e7ou a import\u00e2ncia de acolher a vontade divina com a mesma confian\u00e7a e disponibilidade da M\u00e3e de Deus, ecoando suas palavras: \u201cFa\u00e7am tudo o que Ele vos disser.\u201d<\/p>\n<p>&nbsp;<\/p>\n\n\t\t<style type=\"text\/css\">\n\t\t\t#gallery-1 {\n\t\t\t\tmargin: auto;\n\t\t\t}\n\t\t\t#gallery-1 .gallery-item {\n\t\t\t\tfloat: left;\n\t\t\t\tmargin-top: 10px;\n\t\t\t\ttext-align: center;\n\t\t\t\twidth: 33%;\n\t\t\t}\n\t\t\t#gallery-1 img {\n\t\t\t\tborder: 2px solid #cfcfcf;\n\t\t\t}\n\t\t\t#gallery-1 .gallery-caption {\n\t\t\t\tmargin-left: 0;\n\t\t\t}\n\t\t\t\/* see gallery_shortcode() in wp-includes\/media.php *\/\n\t\t<\/style>\n\t\t<div id='gallery-1' class='gallery galleryid-254111 gallery-columns-3 gallery-size-thumbnail'><dl class='gallery-item'>\n\t\t\t<dt class='gallery-icon landscape'>\n\t\t\t\t<a href='https:\/\/franciscanos.org.br\/noticias\/wp-content\/uploads\/2025\/01\/IMG_7245-scaled.jpg'><img width=\"300\" height=\"300\" src=\"https:\/\/franciscanos.org.br\/noticias\/wp-content\/uploads\/2025\/01\/IMG_7245-300x300.jpg\" class=\"attachment-thumbnail size-thumbnail\" alt=\"\" loading=\"lazy\" srcset=\"https:\/\/franciscanos.org.br\/noticias\/wp-content\/uploads\/2025\/01\/IMG_7245-300x300.jpg 300w, https:\/\/franciscanos.org.br\/noticias\/wp-content\/uploads\/2025\/01\/IMG_7245-100x100.jpg 100w\" sizes=\"(max-width: 300px) 100vw, 300px\" \/><\/a>\n\t\t\t<\/dt><\/dl><dl class='gallery-item'>\n\t\t\t<dt class='gallery-icon landscape'>\n\t\t\t\t<a href='https:\/\/franciscanos.org.br\/noticias\/wp-content\/uploads\/2025\/01\/IMG_7224-1-scaled.jpg'><img width=\"300\" height=\"300\" src=\"https:\/\/franciscanos.org.br\/noticias\/wp-content\/uploads\/2025\/01\/IMG_7224-1-300x300.jpg\" class=\"attachment-thumbnail size-thumbnail\" alt=\"\" loading=\"lazy\" srcset=\"https:\/\/franciscanos.org.br\/noticias\/wp-content\/uploads\/2025\/01\/IMG_7224-1-300x300.jpg 300w, https:\/\/franciscanos.org.br\/noticias\/wp-content\/uploads\/2025\/01\/IMG_7224-1-100x100.jpg 100w\" sizes=\"(max-width: 300px) 100vw, 300px\" \/><\/a>\n\t\t\t<\/dt><\/dl><dl class='gallery-item'>\n\t\t\t<dt class='gallery-icon portrait'>\n\t\t\t\t<a href='https:\/\/franciscanos.org.br\/noticias\/wp-content\/uploads\/2025\/01\/IMG_7118-scaled.jpg'><img width=\"300\" height=\"300\" src=\"https:\/\/franciscanos.org.br\/noticias\/wp-content\/uploads\/2025\/01\/IMG_7118-300x300.jpg\" class=\"attachment-thumbnail size-thumbnail\" alt=\"\" loading=\"lazy\" srcset=\"https:\/\/franciscanos.org.br\/noticias\/wp-content\/uploads\/2025\/01\/IMG_7118-300x300.jpg 300w, https:\/\/franciscanos.org.br\/noticias\/wp-content\/uploads\/2025\/01\/IMG_7118-100x100.jpg 100w\" sizes=\"(max-width: 300px) 100vw, 300px\" \/><\/a>\n\t\t\t<\/dt><\/dl><br style=\"clear: both\" \/>\n\t\t<\/div>\n\n<p><img loading=\"lazy\" class=\"size-medium wp-image-254118 alignright\" src=\"https:\/\/franciscanos.org.br\/noticias\/wp-content\/uploads\/2025\/01\/IMG_7215-450x300.jpg\" alt=\"\" width=\"450\" height=\"300\" srcset=\"https:\/\/franciscanos.org.br\/noticias\/wp-content\/uploads\/2025\/01\/IMG_7215-450x300.jpg 450w, https:\/\/franciscanos.org.br\/noticias\/wp-content\/uploads\/2025\/01\/IMG_7215-1024x683.jpg 1024w, https:\/\/franciscanos.org.br\/noticias\/wp-content\/uploads\/2025\/01\/IMG_7215-768x512.jpg 768w, https:\/\/franciscanos.org.br\/noticias\/wp-content\/uploads\/2025\/01\/IMG_7215-1536x1024.jpg 1536w, https:\/\/franciscanos.org.br\/noticias\/wp-content\/uploads\/2025\/01\/IMG_7215-2048x1365.jpg 2048w, https:\/\/franciscanos.org.br\/noticias\/wp-content\/uploads\/2025\/01\/IMG_7215-150x100.jpg 150w, https:\/\/franciscanos.org.br\/noticias\/wp-content\/uploads\/2025\/01\/IMG_7215-scaled.jpg 1620w\" sizes=\"(max-width: 450px) 100vw, 450px\" \/>O t\u00e9rmino da celebra\u00e7\u00e3o foi marcado por um gesto de grande simbolismo e emo\u00e7\u00e3o. Diante da imagem de Nossa Senhora, Frei Fid\u00eancio fez mem\u00f3ria agradecida de sua caminhada vocacional, recordando os desafios superados, as ren\u00fancias assumidas e as muitas b\u00ean\u00e7\u00e3os recebidas ao longo dos anos. Com humildade, evocou a espiritualidade do C\u00e2ntico das Criaturas de S\u00e3o Francisco, reafirmando seu compromisso de viver como um \u201cvinho novo\u201d no servi\u00e7o a Deus e \u00e0 fraternidade. Este momento de entrega renovada destacou n\u00e3o apenas sua profunda conex\u00e3o com a espiritualidade franciscana, mas tamb\u00e9m sua disposi\u00e7\u00e3o em continuar sendo sinal de esperan\u00e7a e amor para todos que cruzam seu caminho.<\/p>\n<p>Ap\u00f3s a missa, a celebra\u00e7\u00e3o continuou com um acolhedor momento de confraterniza\u00e7\u00e3o, reunindo confrades, familiares, amigos e fi\u00e9is da comunidade em torno de Frei Fid\u00eancio. Em um clima de alegria e gratid\u00e3o, testemunhos, abra\u00e7os e sorrisos expressavam o reconhecimento pela vida dedicada ao servi\u00e7o de Deus e dos irm\u00e3os. O ambiente estava permeado por uma atmosfera de fraternidade, refletindo a ess\u00eancia do carisma franciscano vivido por Frei Fid\u00eancio ao longo de seus 50 anos de vida religiosa. Este momento de partilha n\u00e3o apenas honrou sua trajet\u00f3ria, mas tamb\u00e9m renovou o esp\u00edrito de comunh\u00e3o entre todos os presentes, que se sentiram inspirados pelo exemplo de simplicidade, humildade e fidelidade de Frei Fid\u00eancio. A celebra\u00e7\u00e3o, realizada no in\u00edcio do ano jubilar da Igreja, tornou-se um sinal de esperan\u00e7a viva, lembrando que a vida consagrada tem o poder de transformar o mundo em um lugar mais humano e fraterno, irradiando a paz e o bem que nascem do Evangelho. Paz e bem!<\/p>\n<p><img loading=\"lazy\" class=\"aligncenter wp-image-254119 size-full\" src=\"https:\/\/franciscanos.org.br\/noticias\/wp-content\/uploads\/2025\/01\/MATERIA-MISSA-2.jpg\" alt=\"\" width=\"1280\" height=\"720\" srcset=\"https:\/\/franciscanos.org.br\/noticias\/wp-content\/uploads\/2025\/01\/MATERIA-MISSA-2.jpg 1280w, https:\/\/franciscanos.org.br\/noticias\/wp-content\/uploads\/2025\/01\/MATERIA-MISSA-2-450x253.jpg 450w, https:\/\/franciscanos.org.br\/noticias\/wp-content\/uploads\/2025\/01\/MATERIA-MISSA-2-1024x576.jpg 1024w, https:\/\/franciscanos.org.br\/noticias\/wp-content\/uploads\/2025\/01\/MATERIA-MISSA-2-768x432.jpg 768w, https:\/\/franciscanos.org.br\/noticias\/wp-content\/uploads\/2025\/01\/MATERIA-MISSA-2-150x84.jpg 150w\" sizes=\"(max-width: 1280px) 100vw, 1280px\" \/><\/p>\n<hr \/>\n<p>Texto: Diego Bello &#8211; Fotos: Sergio Antonio Colangelo\/ Pascom<\/p>\n\n\t\t<style type=\"text\/css\">\n\t\t\t#gallery-2 {\n\t\t\t\tmargin: auto;\n\t\t\t}\n\t\t\t#gallery-2 .gallery-item {\n\t\t\t\tfloat: left;\n\t\t\t\tmargin-top: 10px;\n\t\t\t\ttext-align: center;\n\t\t\t\twidth: 33%;\n\t\t\t}\n\t\t\t#gallery-2 img {\n\t\t\t\tborder: 2px solid #cfcfcf;\n\t\t\t}\n\t\t\t#gallery-2 .gallery-caption {\n\t\t\t\tmargin-left: 0;\n\t\t\t}\n\t\t\t\/* see gallery_shortcode() in wp-includes\/media.php *\/\n\t\t<\/style>\n\t\t<div id='gallery-2' class='gallery galleryid-254111 gallery-columns-3 gallery-size-thumbnail'><dl class='gallery-item'>\n\t\t\t<dt class='gallery-icon landscape'>\n\t\t\t\t<a href='https:\/\/franciscanos.org.br\/noticias\/wp-content\/uploads\/2025\/01\/IMG_7224-1-scaled.jpg'><img width=\"300\" height=\"300\" src=\"https:\/\/franciscanos.org.br\/noticias\/wp-content\/uploads\/2025\/01\/IMG_7224-1-300x300.jpg\" class=\"attachment-thumbnail size-thumbnail\" alt=\"\" loading=\"lazy\" srcset=\"https:\/\/franciscanos.org.br\/noticias\/wp-content\/uploads\/2025\/01\/IMG_7224-1-300x300.jpg 300w, https:\/\/franciscanos.org.br\/noticias\/wp-content\/uploads\/2025\/01\/IMG_7224-1-100x100.jpg 100w\" sizes=\"(max-width: 300px) 100vw, 300px\" \/><\/a>\n\t\t\t<\/dt><\/dl><dl class='gallery-item'>\n\t\t\t<dt class='gallery-icon landscape'>\n\t\t\t\t<a href='https:\/\/franciscanos.org.br\/noticias\/wp-content\/uploads\/2025\/01\/IMG_7197-1-scaled.jpg'><img width=\"300\" height=\"300\" src=\"https:\/\/franciscanos.org.br\/noticias\/wp-content\/uploads\/2025\/01\/IMG_7197-1-300x300.jpg\" class=\"attachment-thumbnail size-thumbnail\" alt=\"\" loading=\"lazy\" srcset=\"https:\/\/franciscanos.org.br\/noticias\/wp-content\/uploads\/2025\/01\/IMG_7197-1-300x300.jpg 300w, https:\/\/franciscanos.org.br\/noticias\/wp-content\/uploads\/2025\/01\/IMG_7197-1-100x100.jpg 100w\" sizes=\"(max-width: 300px) 100vw, 300px\" \/><\/a>\n\t\t\t<\/dt><\/dl><dl class='gallery-item'>\n\t\t\t<dt class='gallery-icon portrait'>\n\t\t\t\t<a href='https:\/\/franciscanos.org.br\/noticias\/wp-content\/uploads\/2025\/01\/IMG_7165-1-scaled.jpg'><img width=\"300\" height=\"300\" src=\"https:\/\/franciscanos.org.br\/noticias\/wp-content\/uploads\/2025\/01\/IMG_7165-1-300x300.jpg\" class=\"attachment-thumbnail size-thumbnail\" alt=\"\" loading=\"lazy\" srcset=\"https:\/\/franciscanos.org.br\/noticias\/wp-content\/uploads\/2025\/01\/IMG_7165-1-300x300.jpg 300w, https:\/\/franciscanos.org.br\/noticias\/wp-content\/uploads\/2025\/01\/IMG_7165-1-100x100.jpg 100w\" sizes=\"(max-width: 300px) 100vw, 300px\" \/><\/a>\n\t\t\t<\/dt><\/dl><br style=\"clear: both\" \/><dl class='gallery-item'>\n\t\t\t<dt class='gallery-icon landscape'>\n\t\t\t\t<a href='https:\/\/franciscanos.org.br\/noticias\/wp-content\/uploads\/2025\/01\/IMG_7213-scaled.jpg'><img width=\"300\" height=\"300\" src=\"https:\/\/franciscanos.org.br\/noticias\/wp-content\/uploads\/2025\/01\/IMG_7213-300x300.jpg\" class=\"attachment-thumbnail size-thumbnail\" alt=\"\" loading=\"lazy\" srcset=\"https:\/\/franciscanos.org.br\/noticias\/wp-content\/uploads\/2025\/01\/IMG_7213-300x300.jpg 300w, https:\/\/franciscanos.org.br\/noticias\/wp-content\/uploads\/2025\/01\/IMG_7213-100x100.jpg 100w\" sizes=\"(max-width: 300px) 100vw, 300px\" \/><\/a>\n\t\t\t<\/dt><\/dl><dl class='gallery-item'>\n\t\t\t<dt class='gallery-icon landscape'>\n\t\t\t\t<a href='https:\/\/franciscanos.org.br\/noticias\/wp-content\/uploads\/2025\/01\/IMG_7231-scaled.jpg'><img width=\"300\" height=\"300\" src=\"https:\/\/franciscanos.org.br\/noticias\/wp-content\/uploads\/2025\/01\/IMG_7231-300x300.jpg\" class=\"attachment-thumbnail size-thumbnail\" alt=\"\" loading=\"lazy\" srcset=\"https:\/\/franciscanos.org.br\/noticias\/wp-content\/uploads\/2025\/01\/IMG_7231-300x300.jpg 300w, https:\/\/franciscanos.org.br\/noticias\/wp-content\/uploads\/2025\/01\/IMG_7231-100x100.jpg 100w\" sizes=\"(max-width: 300px) 100vw, 300px\" \/><\/a>\n\t\t\t<\/dt><\/dl><dl class='gallery-item'>\n\t\t\t<dt class='gallery-icon landscape'>\n\t\t\t\t<a href='https:\/\/franciscanos.org.br\/noticias\/wp-content\/uploads\/2025\/01\/IMG_7223-scaled.jpg'><img width=\"300\" height=\"300\" src=\"https:\/\/franciscanos.org.br\/noticias\/wp-content\/uploads\/2025\/01\/IMG_7223-300x300.jpg\" class=\"attachment-thumbnail size-thumbnail\" alt=\"\" loading=\"lazy\" srcset=\"https:\/\/franciscanos.org.br\/noticias\/wp-content\/uploads\/2025\/01\/IMG_7223-300x300.jpg 300w, https:\/\/franciscanos.org.br\/noticias\/wp-content\/uploads\/2025\/01\/IMG_7223-100x100.jpg 100w\" sizes=\"(max-width: 300px) 100vw, 300px\" \/><\/a>\n\t\t\t<\/dt><\/dl><br style=\"clear: both\" \/><dl class='gallery-item'>\n\t\t\t<dt class='gallery-icon landscape'>\n\t\t\t\t<a href='https:\/\/franciscanos.org.br\/noticias\/wp-content\/uploads\/2025\/01\/IMG_7224-scaled.jpg'><img width=\"300\" height=\"300\" src=\"https:\/\/franciscanos.org.br\/noticias\/wp-content\/uploads\/2025\/01\/IMG_7224-300x300.jpg\" class=\"attachment-thumbnail size-thumbnail\" alt=\"\" loading=\"lazy\" srcset=\"https:\/\/franciscanos.org.br\/noticias\/wp-content\/uploads\/2025\/01\/IMG_7224-300x300.jpg 300w, https:\/\/franciscanos.org.br\/noticias\/wp-content\/uploads\/2025\/01\/IMG_7224-100x100.jpg 100w\" sizes=\"(max-width: 300px) 100vw, 300px\" \/><\/a>\n\t\t\t<\/dt><\/dl><dl class='gallery-item'>\n\t\t\t<dt class='gallery-icon landscape'>\n\t\t\t\t<a href='https:\/\/franciscanos.org.br\/noticias\/wp-content\/uploads\/2025\/01\/IMG_7219-scaled.jpg'><img width=\"300\" height=\"300\" src=\"https:\/\/franciscanos.org.br\/noticias\/wp-content\/uploads\/2025\/01\/IMG_7219-300x300.jpg\" class=\"attachment-thumbnail size-thumbnail\" alt=\"\" loading=\"lazy\" srcset=\"https:\/\/franciscanos.org.br\/noticias\/wp-content\/uploads\/2025\/01\/IMG_7219-300x300.jpg 300w, https:\/\/franciscanos.org.br\/noticias\/wp-content\/uploads\/2025\/01\/IMG_7219-100x100.jpg 100w\" sizes=\"(max-width: 300px) 100vw, 300px\" \/><\/a>\n\t\t\t<\/dt><\/dl><dl class='gallery-item'>\n\t\t\t<dt class='gallery-icon landscape'>\n\t\t\t\t<a href='https:\/\/franciscanos.org.br\/noticias\/wp-content\/uploads\/2025\/01\/IMG_7243-scaled.jpg'><img width=\"300\" height=\"300\" src=\"https:\/\/franciscanos.org.br\/noticias\/wp-content\/uploads\/2025\/01\/IMG_7243-300x300.jpg\" class=\"attachment-thumbnail size-thumbnail\" alt=\"\" loading=\"lazy\" srcset=\"https:\/\/franciscanos.org.br\/noticias\/wp-content\/uploads\/2025\/01\/IMG_7243-300x300.jpg 300w, https:\/\/franciscanos.org.br\/noticias\/wp-content\/uploads\/2025\/01\/IMG_7243-100x100.jpg 100w\" sizes=\"(max-width: 300px) 100vw, 300px\" \/><\/a>\n\t\t\t<\/dt><\/dl><br style=\"clear: both\" \/><dl class='gallery-item'>\n\t\t\t<dt class='gallery-icon landscape'>\n\t\t\t\t<a href='https:\/\/franciscanos.org.br\/noticias\/wp-content\/uploads\/2025\/01\/IMG_7213-1-scaled.jpg'><img width=\"300\" height=\"300\" src=\"https:\/\/franciscanos.org.br\/noticias\/wp-content\/uploads\/2025\/01\/IMG_7213-1-300x300.jpg\" class=\"attachment-thumbnail size-thumbnail\" alt=\"\" loading=\"lazy\" srcset=\"https:\/\/franciscanos.org.br\/noticias\/wp-content\/uploads\/2025\/01\/IMG_7213-1-300x300.jpg 300w, https:\/\/franciscanos.org.br\/noticias\/wp-content\/uploads\/2025\/01\/IMG_7213-1-100x100.jpg 100w\" sizes=\"(max-width: 300px) 100vw, 300px\" \/><\/a>\n\t\t\t<\/dt><\/dl><dl class='gallery-item'>\n\t\t\t<dt class='gallery-icon landscape'>\n\t\t\t\t<a href='https:\/\/franciscanos.org.br\/noticias\/wp-content\/uploads\/2025\/01\/IMG_7192-scaled.jpg'><img width=\"300\" height=\"300\" src=\"https:\/\/franciscanos.org.br\/noticias\/wp-content\/uploads\/2025\/01\/IMG_7192-300x300.jpg\" class=\"attachment-thumbnail size-thumbnail\" alt=\"\" loading=\"lazy\" srcset=\"https:\/\/franciscanos.org.br\/noticias\/wp-content\/uploads\/2025\/01\/IMG_7192-300x300.jpg 300w, https:\/\/franciscanos.org.br\/noticias\/wp-content\/uploads\/2025\/01\/IMG_7192-100x100.jpg 100w\" sizes=\"(max-width: 300px) 100vw, 300px\" \/><\/a>\n\t\t\t<\/dt><\/dl><dl class='gallery-item'>\n\t\t\t<dt class='gallery-icon landscape'>\n\t\t\t\t<a href='https:\/\/franciscanos.org.br\/noticias\/wp-content\/uploads\/2025\/01\/IMG_7139-scaled.jpg'><img width=\"300\" height=\"300\" src=\"https:\/\/franciscanos.org.br\/noticias\/wp-content\/uploads\/2025\/01\/IMG_7139-300x300.jpg\" class=\"attachment-thumbnail size-thumbnail\" alt=\"\" loading=\"lazy\" srcset=\"https:\/\/franciscanos.org.br\/noticias\/wp-content\/uploads\/2025\/01\/IMG_7139-300x300.jpg 300w, https:\/\/franciscanos.org.br\/noticias\/wp-content\/uploads\/2025\/01\/IMG_7139-100x100.jpg 100w\" sizes=\"(max-width: 300px) 100vw, 300px\" \/><\/a>\n\t\t\t<\/dt><\/dl><br style=\"clear: both\" \/><dl class='gallery-item'>\n\t\t\t<dt class='gallery-icon landscape'>\n\t\t\t\t<a href='https:\/\/franciscanos.org.br\/noticias\/wp-content\/uploads\/2025\/01\/IMG_7270-scaled.jpg'><img width=\"300\" height=\"300\" src=\"https:\/\/franciscanos.org.br\/noticias\/wp-content\/uploads\/2025\/01\/IMG_7270-300x300.jpg\" class=\"attachment-thumbnail size-thumbnail\" alt=\"\" loading=\"lazy\" srcset=\"https:\/\/franciscanos.org.br\/noticias\/wp-content\/uploads\/2025\/01\/IMG_7270-300x300.jpg 300w, https:\/\/franciscanos.org.br\/noticias\/wp-content\/uploads\/2025\/01\/IMG_7270-100x100.jpg 100w\" sizes=\"(max-width: 300px) 100vw, 300px\" \/><\/a>\n\t\t\t<\/dt><\/dl><dl class='gallery-item'>\n\t\t\t<dt class='gallery-icon landscape'>\n\t\t\t\t<a href='https:\/\/franciscanos.org.br\/noticias\/wp-content\/uploads\/2025\/01\/IMG_7260-scaled.jpg'><img width=\"300\" height=\"300\" src=\"https:\/\/franciscanos.org.br\/noticias\/wp-content\/uploads\/2025\/01\/IMG_7260-300x300.jpg\" class=\"attachment-thumbnail size-thumbnail\" alt=\"\" loading=\"lazy\" srcset=\"https:\/\/franciscanos.org.br\/noticias\/wp-content\/uploads\/2025\/01\/IMG_7260-300x300.jpg 300w, https:\/\/franciscanos.org.br\/noticias\/wp-content\/uploads\/2025\/01\/IMG_7260-100x100.jpg 100w\" sizes=\"(max-width: 300px) 100vw, 300px\" \/><\/a>\n\t\t\t<\/dt><\/dl><dl class='gallery-item'>\n\t\t\t<dt class='gallery-icon landscape'>\n\t\t\t\t<a href='https:\/\/franciscanos.org.br\/noticias\/wp-content\/uploads\/2025\/01\/IMG_7182-1-scaled.jpg'><img width=\"300\" height=\"300\" src=\"https:\/\/franciscanos.org.br\/noticias\/wp-content\/uploads\/2025\/01\/IMG_7182-1-300x300.jpg\" class=\"attachment-thumbnail size-thumbnail\" alt=\"\" loading=\"lazy\" srcset=\"https:\/\/franciscanos.org.br\/noticias\/wp-content\/uploads\/2025\/01\/IMG_7182-1-300x300.jpg 300w, https:\/\/franciscanos.org.br\/noticias\/wp-content\/uploads\/2025\/01\/IMG_7182-1-100x100.jpg 100w\" sizes=\"(max-width: 300px) 100vw, 300px\" \/><\/a>\n\t\t\t<\/dt><\/dl><br style=\"clear: both\" \/><dl class='gallery-item'>\n\t\t\t<dt class='gallery-icon landscape'>\n\t\t\t\t<a href='https:\/\/franciscanos.org.br\/noticias\/wp-content\/uploads\/2025\/01\/IMG_7146-scaled.jpg'><img width=\"300\" height=\"300\" src=\"https:\/\/franciscanos.org.br\/noticias\/wp-content\/uploads\/2025\/01\/IMG_7146-300x300.jpg\" class=\"attachment-thumbnail size-thumbnail\" alt=\"\" loading=\"lazy\" srcset=\"https:\/\/franciscanos.org.br\/noticias\/wp-content\/uploads\/2025\/01\/IMG_7146-300x300.jpg 300w, https:\/\/franciscanos.org.br\/noticias\/wp-content\/uploads\/2025\/01\/IMG_7146-100x100.jpg 100w\" sizes=\"(max-width: 300px) 100vw, 300px\" \/><\/a>\n\t\t\t<\/dt><\/dl><dl class='gallery-item'>\n\t\t\t<dt class='gallery-icon landscape'>\n\t\t\t\t<a href='https:\/\/franciscanos.org.br\/noticias\/wp-content\/uploads\/2025\/01\/IMG_7106-scaled.jpg'><img width=\"300\" height=\"300\" src=\"https:\/\/franciscanos.org.br\/noticias\/wp-content\/uploads\/2025\/01\/IMG_7106-300x300.jpg\" class=\"attachment-thumbnail size-thumbnail\" alt=\"\" loading=\"lazy\" srcset=\"https:\/\/franciscanos.org.br\/noticias\/wp-content\/uploads\/2025\/01\/IMG_7106-300x300.jpg 300w, https:\/\/franciscanos.org.br\/noticias\/wp-content\/uploads\/2025\/01\/IMG_7106-100x100.jpg 100w\" sizes=\"(max-width: 300px) 100vw, 300px\" \/><\/a>\n\t\t\t<\/dt><\/dl><dl class='gallery-item'>\n\t\t\t<dt class='gallery-icon landscape'>\n\t\t\t\t<a href='https:\/\/franciscanos.org.br\/noticias\/wp-content\/uploads\/2025\/01\/IMG_7125-scaled.jpg'><img width=\"300\" height=\"300\" src=\"https:\/\/franciscanos.org.br\/noticias\/wp-content\/uploads\/2025\/01\/IMG_7125-300x300.jpg\" class=\"attachment-thumbnail size-thumbnail\" alt=\"\" loading=\"lazy\" srcset=\"https:\/\/franciscanos.org.br\/noticias\/wp-content\/uploads\/2025\/01\/IMG_7125-300x300.jpg 300w, https:\/\/franciscanos.org.br\/noticias\/wp-content\/uploads\/2025\/01\/IMG_7125-100x100.jpg 100w\" sizes=\"(max-width: 300px) 100vw, 300px\" \/><\/a>\n\t\t\t<\/dt><\/dl><br style=\"clear: both\" \/><dl class='gallery-item'>\n\t\t\t<dt class='gallery-icon portrait'>\n\t\t\t\t<a href='https:\/\/franciscanos.org.br\/noticias\/wp-content\/uploads\/2025\/01\/IMG_7118-scaled.jpg'><img width=\"300\" height=\"300\" src=\"https:\/\/franciscanos.org.br\/noticias\/wp-content\/uploads\/2025\/01\/IMG_7118-300x300.jpg\" class=\"attachment-thumbnail size-thumbnail\" alt=\"\" loading=\"lazy\" srcset=\"https:\/\/franciscanos.org.br\/noticias\/wp-content\/uploads\/2025\/01\/IMG_7118-300x300.jpg 300w, https:\/\/franciscanos.org.br\/noticias\/wp-content\/uploads\/2025\/01\/IMG_7118-100x100.jpg 100w\" sizes=\"(max-width: 300px) 100vw, 300px\" \/><\/a>\n\t\t\t<\/dt><\/dl><dl class='gallery-item'>\n\t\t\t<dt class='gallery-icon landscape'>\n\t\t\t\t<a href='https:\/\/franciscanos.org.br\/noticias\/wp-content\/uploads\/2025\/01\/IMG_7112-scaled.jpg'><img width=\"300\" height=\"300\" src=\"https:\/\/franciscanos.org.br\/noticias\/wp-content\/uploads\/2025\/01\/IMG_7112-300x300.jpg\" class=\"attachment-thumbnail size-thumbnail\" alt=\"\" loading=\"lazy\" srcset=\"https:\/\/franciscanos.org.br\/noticias\/wp-content\/uploads\/2025\/01\/IMG_7112-300x300.jpg 300w, https:\/\/franciscanos.org.br\/noticias\/wp-content\/uploads\/2025\/01\/IMG_7112-100x100.jpg 100w\" sizes=\"(max-width: 300px) 100vw, 300px\" \/><\/a>\n\t\t\t<\/dt><\/dl><dl class='gallery-item'>\n\t\t\t<dt class='gallery-icon portrait'>\n\t\t\t\t<a href='https:\/\/franciscanos.org.br\/noticias\/wp-content\/uploads\/2025\/01\/IMG_7109-scaled.jpg'><img width=\"300\" height=\"300\" src=\"https:\/\/franciscanos.org.br\/noticias\/wp-content\/uploads\/2025\/01\/IMG_7109-300x300.jpg\" class=\"attachment-thumbnail size-thumbnail\" alt=\"\" loading=\"lazy\" srcset=\"https:\/\/franciscanos.org.br\/noticias\/wp-content\/uploads\/2025\/01\/IMG_7109-300x300.jpg 300w, https:\/\/franciscanos.org.br\/noticias\/wp-content\/uploads\/2025\/01\/IMG_7109-100x100.jpg 100w\" sizes=\"(max-width: 300px) 100vw, 300px\" \/><\/a>\n\t\t\t<\/dt><\/dl><br style=\"clear: both\" \/><dl class='gallery-item'>\n\t\t\t<dt class='gallery-icon landscape'>\n\t\t\t\t<a href='https:\/\/franciscanos.org.br\/noticias\/wp-content\/uploads\/2025\/01\/IMG_7310-scaled.jpg'><img width=\"300\" height=\"300\" src=\"https:\/\/franciscanos.org.br\/noticias\/wp-content\/uploads\/2025\/01\/IMG_7310-300x300.jpg\" class=\"attachment-thumbnail size-thumbnail\" alt=\"\" loading=\"lazy\" srcset=\"https:\/\/franciscanos.org.br\/noticias\/wp-content\/uploads\/2025\/01\/IMG_7310-300x300.jpg 300w, https:\/\/franciscanos.org.br\/noticias\/wp-content\/uploads\/2025\/01\/IMG_7310-100x100.jpg 100w\" sizes=\"(max-width: 300px) 100vw, 300px\" \/><\/a>\n\t\t\t<\/dt><\/dl><dl class='gallery-item'>\n\t\t\t<dt class='gallery-icon portrait'>\n\t\t\t\t<a href='https:\/\/franciscanos.org.br\/noticias\/wp-content\/uploads\/2025\/01\/IMG_7341-scaled.jpg'><img width=\"300\" height=\"300\" src=\"https:\/\/franciscanos.org.br\/noticias\/wp-content\/uploads\/2025\/01\/IMG_7341-300x300.jpg\" class=\"attachment-thumbnail size-thumbnail\" alt=\"\" loading=\"lazy\" srcset=\"https:\/\/franciscanos.org.br\/noticias\/wp-content\/uploads\/2025\/01\/IMG_7341-300x300.jpg 300w, https:\/\/franciscanos.org.br\/noticias\/wp-content\/uploads\/2025\/01\/IMG_7341-100x100.jpg 100w\" sizes=\"(max-width: 300px) 100vw, 300px\" \/><\/a>\n\t\t\t<\/dt><\/dl><dl class='gallery-item'>\n\t\t\t<dt class='gallery-icon landscape'>\n\t\t\t\t<a href='https:\/\/franciscanos.org.br\/noticias\/wp-content\/uploads\/2025\/01\/IMG_7325-scaled.jpg'><img width=\"300\" height=\"300\" src=\"https:\/\/franciscanos.org.br\/noticias\/wp-content\/uploads\/2025\/01\/IMG_7325-300x300.jpg\" class=\"attachment-thumbnail size-thumbnail\" alt=\"\" loading=\"lazy\" srcset=\"https:\/\/franciscanos.org.br\/noticias\/wp-content\/uploads\/2025\/01\/IMG_7325-300x300.jpg 300w, https:\/\/franciscanos.org.br\/noticias\/wp-content\/uploads\/2025\/01\/IMG_7325-100x100.jpg 100w\" sizes=\"(max-width: 300px) 100vw, 300px\" \/><\/a>\n\t\t\t<\/dt><\/dl><br style=\"clear: both\" \/>\n\t\t<\/div>\n\n","protected":false},"excerpt":{"rendered":"<p>Jubileu de vida religiosa franciscana<\/p>\n","protected":false},"author":11,"featured_media":254149,"comment_status":"open","ping_status":"open","sticky":false,"template":"","format":"standard","meta":[],"categories":[1],"tags":[668,1958],"acf":[],"yoast_head":"<!-- This site is optimized with the Yoast SEO plugin v19.2 - https:\/\/yoast.com\/wordpress\/plugins\/seo\/ -->\n<title>50 anos propagando o Evangelho nos passos de Francisco: jubileu de Frei Fid\u00eancio - Not\u00edcias - Franciscanos<\/title>\n<meta name=\"robots\" content=\"index, follow, max-snippet:-1, max-image-preview:large, max-video-preview:-1\" \/>\n<link rel=\"canonical\" href=\"https:\/\/franciscanos.org.br\/noticias\/50-anos-servindo-o-evangelho-nos-passos-de-francisco-o-jubileu-de-frei-fidencio.html\" \/>\n<meta property=\"og:locale\" content=\"pt_BR\" \/>\n<meta property=\"og:type\" content=\"article\" \/>\n<meta property=\"og:title\" content=\"50 anos propagando o Evangelho nos passos de Francisco: jubileu de Frei Fid\u00eancio - Not\u00edcias - Franciscanos\" \/>\n<meta property=\"og:description\" content=\"Jubileu de vida religiosa franciscana\" \/>\n<meta property=\"og:url\" content=\"https:\/\/franciscanos.org.br\/noticias\/50-anos-servindo-o-evangelho-nos-passos-de-francisco-o-jubileu-de-frei-fidencio.html\" \/>\n<meta property=\"og:site_name\" content=\"Not\u00edcias - Franciscanos\" \/>\n<meta property=\"article:published_time\" content=\"2025-01-21T13:47:09+00:00\" \/>\n<meta property=\"article:modified_time\" content=\"2025-01-21T18:00:48+00:00\" \/>\n<meta property=\"og:image\" content=\"https:\/\/franciscanos.org.br\/noticias\/wp-content\/uploads\/2025\/01\/CHAMADA-6.jpg\" \/>\n\t<meta property=\"og:image:width\" content=\"800\" \/>\n\t<meta property=\"og:image:height\" content=\"550\" \/>\n\t<meta property=\"og:image:type\" content=\"image\/jpeg\" \/>\n<meta name=\"author\" content=\"Adriana Rabelo\" \/>\n<meta name=\"twitter:card\" content=\"summary_large_image\" \/>\n<meta name=\"twitter:label1\" content=\"Escrito por\" \/>\n\t<meta name=\"twitter:data1\" content=\"Adriana Rabelo\" \/>\n\t<meta name=\"twitter:label2\" content=\"Est. tempo de leitura\" \/>\n\t<meta name=\"twitter:data2\" content=\"5 minutos\" \/>\n<script type=\"application\/ld+json\" class=\"yoast-schema-graph\">{\"@context\":\"https:\/\/schema.org\",\"@graph\":[{\"@type\":\"WebSite\",\"@id\":\"https:\/\/franciscanos.org.br\/noticias\/#website\",\"url\":\"https:\/\/franciscanos.org.br\/noticias\/\",\"name\":\"Not\u00edcias - Franciscanos\",\"description\":\"Prov\u00edncia Franciscana da Imaculada Concei\u00e7\u00e3o do Brasil - Ordem dos Frades Menores - OFM\",\"potentialAction\":[{\"@type\":\"SearchAction\",\"target\":{\"@type\":\"EntryPoint\",\"urlTemplate\":\"https:\/\/franciscanos.org.br\/noticias\/?s={search_term_string}\"},\"query-input\":\"required name=search_term_string\"}],\"inLanguage\":\"pt-BR\"},{\"@type\":\"ImageObject\",\"inLanguage\":\"pt-BR\",\"@id\":\"https:\/\/franciscanos.org.br\/noticias\/50-anos-servindo-o-evangelho-nos-passos-de-francisco-o-jubileu-de-frei-fidencio.html#primaryimage\",\"url\":\"https:\/\/franciscanos.org.br\/noticias\/wp-content\/uploads\/2025\/01\/CHAMADA-6.jpg\",\"contentUrl\":\"https:\/\/franciscanos.org.br\/noticias\/wp-content\/uploads\/2025\/01\/CHAMADA-6.jpg\",\"width\":800,\"height\":550},{\"@type\":\"WebPage\",\"@id\":\"https:\/\/franciscanos.org.br\/noticias\/50-anos-servindo-o-evangelho-nos-passos-de-francisco-o-jubileu-de-frei-fidencio.html#webpage\",\"url\":\"https:\/\/franciscanos.org.br\/noticias\/50-anos-servindo-o-evangelho-nos-passos-de-francisco-o-jubileu-de-frei-fidencio.html\",\"name\":\"50 anos propagando o Evangelho nos passos de Francisco: jubileu de Frei Fid\u00eancio - Not\u00edcias - Franciscanos\",\"isPartOf\":{\"@id\":\"https:\/\/franciscanos.org.br\/noticias\/#website\"},\"primaryImageOfPage\":{\"@id\":\"https:\/\/franciscanos.org.br\/noticias\/50-anos-servindo-o-evangelho-nos-passos-de-francisco-o-jubileu-de-frei-fidencio.html#primaryimage\"},\"datePublished\":\"2025-01-21T13:47:09+00:00\",\"dateModified\":\"2025-01-21T18:00:48+00:00\",\"author\":{\"@id\":\"https:\/\/franciscanos.org.br\/noticias\/#\/schema\/person\/d9422e83121c3ad3b0f423d195f5bb25\"},\"breadcrumb\":{\"@id\":\"https:\/\/franciscanos.org.br\/noticias\/50-anos-servindo-o-evangelho-nos-passos-de-francisco-o-jubileu-de-frei-fidencio.html#breadcrumb\"},\"inLanguage\":\"pt-BR\",\"potentialAction\":[{\"@type\":\"ReadAction\",\"target\":[\"https:\/\/franciscanos.org.br\/noticias\/50-anos-servindo-o-evangelho-nos-passos-de-francisco-o-jubileu-de-frei-fidencio.html\"]}]},{\"@type\":\"BreadcrumbList\",\"@id\":\"https:\/\/franciscanos.org.br\/noticias\/50-anos-servindo-o-evangelho-nos-passos-de-francisco-o-jubileu-de-frei-fidencio.html#breadcrumb\",\"itemListElement\":[{\"@type\":\"ListItem\",\"position\":1,\"name\":\"Home\",\"item\":\"https:\/\/franciscanos.org.br\/noticias\"},{\"@type\":\"ListItem\",\"position\":2,\"name\":\"50 anos propagando o Evangelho nos passos de Francisco: jubileu de Frei Fid\u00eancio\"}]},{\"@type\":\"Person\",\"@id\":\"https:\/\/franciscanos.org.br\/noticias\/#\/schema\/person\/d9422e83121c3ad3b0f423d195f5bb25\",\"name\":\"Adriana Rabelo\",\"image\":{\"@type\":\"ImageObject\",\"inLanguage\":\"pt-BR\",\"@id\":\"https:\/\/franciscanos.org.br\/noticias\/#\/schema\/person\/image\/\",\"url\":\"https:\/\/secure.gravatar.com\/avatar\/0a937b7500cd7df77540cfb8bede877d?s=96&d=mm&r=g\",\"contentUrl\":\"https:\/\/secure.gravatar.com\/avatar\/0a937b7500cd7df77540cfb8bede877d?s=96&d=mm&r=g\",\"caption\":\"Adriana Rabelo\"},\"url\":\"https:\/\/franciscanos.org.br\/noticias\/author\/adrianarabelo\"}]}<\/script>\n<!-- \/ Yoast SEO plugin. -->","yoast_head_json":{"title":"50 anos propagando o Evangelho nos passos de Francisco: jubileu de Frei Fid\u00eancio - Not\u00edcias - Franciscanos","robots":{"index":"index","follow":"follow","max-snippet":"max-snippet:-1","max-image-preview":"max-image-preview:large","max-video-preview":"max-video-preview:-1"},"canonical":"https:\/\/franciscanos.org.br\/noticias\/50-anos-servindo-o-evangelho-nos-passos-de-francisco-o-jubileu-de-frei-fidencio.html","og_locale":"pt_BR","og_type":"article","og_title":"50 anos propagando o Evangelho nos passos de Francisco: jubileu de Frei Fid\u00eancio - Not\u00edcias - Franciscanos","og_description":"Jubileu de vida religiosa franciscana","og_url":"https:\/\/franciscanos.org.br\/noticias\/50-anos-servindo-o-evangelho-nos-passos-de-francisco-o-jubileu-de-frei-fidencio.html","og_site_name":"Not\u00edcias - Franciscanos","article_published_time":"2025-01-21T13:47:09+00:00","article_modified_time":"2025-01-21T18:00:48+00:00","og_image":[{"width":800,"height":550,"url":"https:\/\/franciscanos.org.br\/noticias\/wp-content\/uploads\/2025\/01\/CHAMADA-6.jpg","type":"image\/jpeg"}],"author":"Adriana Rabelo","twitter_card":"summary_large_image","twitter_misc":{"Escrito por":"Adriana Rabelo","Est. tempo de leitura":"5 minutos"},"schema":{"@context":"https:\/\/schema.org","@graph":[{"@type":"WebSite","@id":"https:\/\/franciscanos.org.br\/noticias\/#website","url":"https:\/\/franciscanos.org.br\/noticias\/","name":"Not\u00edcias - Franciscanos","description":"Prov\u00edncia Franciscana da Imaculada Concei\u00e7\u00e3o do Brasil - Ordem dos Frades Menores - OFM","potentialAction":[{"@type":"SearchAction","target":{"@type":"EntryPoint","urlTemplate":"https:\/\/franciscanos.org.br\/noticias\/?s={search_term_string}"},"query-input":"required name=search_term_string"}],"inLanguage":"pt-BR"},{"@type":"ImageObject","inLanguage":"pt-BR","@id":"https:\/\/franciscanos.org.br\/noticias\/50-anos-servindo-o-evangelho-nos-passos-de-francisco-o-jubileu-de-frei-fidencio.html#primaryimage","url":"https:\/\/franciscanos.org.br\/noticias\/wp-content\/uploads\/2025\/01\/CHAMADA-6.jpg","contentUrl":"https:\/\/franciscanos.org.br\/noticias\/wp-content\/uploads\/2025\/01\/CHAMADA-6.jpg","width":800,"height":550},{"@type":"WebPage","@id":"https:\/\/franciscanos.org.br\/noticias\/50-anos-servindo-o-evangelho-nos-passos-de-francisco-o-jubileu-de-frei-fidencio.html#webpage","url":"https:\/\/franciscanos.org.br\/noticias\/50-anos-servindo-o-evangelho-nos-passos-de-francisco-o-jubileu-de-frei-fidencio.html","name":"50 anos propagando o Evangelho nos passos de Francisco: jubileu de Frei Fid\u00eancio - Not\u00edcias - Franciscanos","isPartOf":{"@id":"https:\/\/franciscanos.org.br\/noticias\/#website"},"primaryImageOfPage":{"@id":"https:\/\/franciscanos.org.br\/noticias\/50-anos-servindo-o-evangelho-nos-passos-de-francisco-o-jubileu-de-frei-fidencio.html#primaryimage"},"datePublished":"2025-01-21T13:47:09+00:00","dateModified":"2025-01-21T18:00:48+00:00","author":{"@id":"https:\/\/franciscanos.org.br\/noticias\/#\/schema\/person\/d9422e83121c3ad3b0f423d195f5bb25"},"breadcrumb":{"@id":"https:\/\/franciscanos.org.br\/noticias\/50-anos-servindo-o-evangelho-nos-passos-de-francisco-o-jubileu-de-frei-fidencio.html#breadcrumb"},"inLanguage":"pt-BR","potentialAction":[{"@type":"ReadAction","target":["https:\/\/franciscanos.org.br\/noticias\/50-anos-servindo-o-evangelho-nos-passos-de-francisco-o-jubileu-de-frei-fidencio.html"]}]},{"@type":"BreadcrumbList","@id":"https:\/\/franciscanos.org.br\/noticias\/50-anos-servindo-o-evangelho-nos-passos-de-francisco-o-jubileu-de-frei-fidencio.html#breadcrumb","itemListElement":[{"@type":"ListItem","position":1,"name":"Home","item":"https:\/\/franciscanos.org.br\/noticias"},{"@type":"ListItem","position":2,"name":"50 anos propagando o Evangelho nos passos de Francisco: jubileu de Frei Fid\u00eancio"}]},{"@type":"Person","@id":"https:\/\/franciscanos.org.br\/noticias\/#\/schema\/person\/d9422e83121c3ad3b0f423d195f5bb25","name":"Adriana Rabelo","image":{"@type":"ImageObject","inLanguage":"pt-BR","@id":"https:\/\/franciscanos.org.br\/noticias\/#\/schema\/person\/image\/","url":"https:\/\/secure.gravatar.com\/avatar\/0a937b7500cd7df77540cfb8bede877d?s=96&d=mm&r=g","contentUrl":"https:\/\/secure.gravatar.com\/avatar\/0a937b7500cd7df77540cfb8bede877d?s=96&d=mm&r=g","caption":"Adriana Rabelo"},"url":"https:\/\/franciscanos.org.br\/noticias\/author\/adrianarabelo"}]}},"_links":{"self":[{"href":"https:\/\/franciscanos.org.br\/noticias\/wp-json\/wp\/v2\/posts\/254111"}],"collection":[{"href":"https:\/\/franciscanos.org.br\/noticias\/wp-json\/wp\/v2\/posts"}],"about":[{"href":"https:\/\/franciscanos.org.br\/noticias\/wp-json\/wp\/v2\/types\/post"}],"author":[{"embeddable":true,"href":"https:\/\/franciscanos.org.br\/noticias\/wp-json\/wp\/v2\/users\/11"}],"replies":[{"embeddable":true,"href":"https:\/\/franciscanos.org.br\/noticias\/wp-json\/wp\/v2\/comments?post=254111"}],"version-history":[{"count":8,"href":"https:\/\/franciscanos.org.br\/noticias\/wp-json\/wp\/v2\/posts\/254111\/revisions"}],"predecessor-version":[{"id":254154,"href":"https:\/\/franciscanos.org.br\/noticias\/wp-json\/wp\/v2\/posts\/254111\/revisions\/254154"}],"wp:featuredmedia":[{"embeddable":true,"href":"https:\/\/franciscanos.org.br\/noticias\/wp-json\/wp\/v2\/media\/254149"}],"wp:attachment":[{"href":"https:\/\/franciscanos.org.br\/noticias\/wp-json\/wp\/v2\/media?parent=254111"}],"wp:term":[{"taxonomy":"category","embeddable":true,"href":"https:\/\/franciscanos.org.br\/noticias\/wp-json\/wp\/v2\/categories?post=254111"},{"taxonomy":"post_tag","embeddable":true,"href":"https:\/\/franciscanos.org.br\/noticias\/wp-json\/wp\/v2\/tags?post=254111"}],"curies":[{"name":"wp","href":"https:\/\/api.w.org\/{rel}","templated":true}]}}