{"id":254066,"date":"2025-01-15T09:00:49","date_gmt":"2025-01-15T12:00:49","guid":{"rendered":"https:\/\/franciscanos.org.br\/noticias\/?p=254066"},"modified":"2025-01-17T09:34:48","modified_gmt":"2025-01-17T12:34:48","slug":"nao-podemos-ser-cumplices-do-abuso-infantil","status":"publish","type":"post","link":"https:\/\/franciscanos.org.br\/noticias\/nao-podemos-ser-cumplices-do-abuso-infantil.html","title":{"rendered":"N\u00e3o podemos ser c\u00famplices do abuso infantil"},"content":{"rendered":"<p><img loading=\"lazy\" class=\"aligncenter wp-image-254067 size-full\" src=\"https:\/\/franciscanos.org.br\/noticias\/wp-content\/uploads\/2025\/01\/AUDIENCIA-GERAL-FINAL-15.01.jpg\" alt=\"\" width=\"1280\" height=\"720\" srcset=\"https:\/\/franciscanos.org.br\/noticias\/wp-content\/uploads\/2025\/01\/AUDIENCIA-GERAL-FINAL-15.01.jpg 1280w, https:\/\/franciscanos.org.br\/noticias\/wp-content\/uploads\/2025\/01\/AUDIENCIA-GERAL-FINAL-15.01-450x253.jpg 450w, https:\/\/franciscanos.org.br\/noticias\/wp-content\/uploads\/2025\/01\/AUDIENCIA-GERAL-FINAL-15.01-1024x576.jpg 1024w, https:\/\/franciscanos.org.br\/noticias\/wp-content\/uploads\/2025\/01\/AUDIENCIA-GERAL-FINAL-15.01-768x432.jpg 768w, https:\/\/franciscanos.org.br\/noticias\/wp-content\/uploads\/2025\/01\/AUDIENCIA-GERAL-FINAL-15.01-150x84.jpg 150w\" sizes=\"(max-width: 1280px) 100vw, 1280px\" \/><\/p>\n<p><em>Na Audi\u00eancia Geral, o Papa voltou a falar dos milh\u00f5es de crian\u00e7as hoje obrigadas a trabalhar, sublinhando que s\u00e3o elas que pagam o \u201cpre\u00e7o mais alto\u201d da \u201cpobreza generalizada\u201d, da \u201cfalta de instrumentos sociais de apoio \u00e0s fam\u00edlias\u201d e da \u201cprecariedade do trabalho\u201d.<\/em><\/p>\n<p>O Papa Francisco voltou a falar sobre as crian\u00e7as na catequese da Audi\u00eancia Geral, desta quarta-feira (15\/01), realizada na Sala Paulo VI.<\/p>\n<p><strong>Abuso infantil, ato desprez\u00edvel e atroz<\/strong><\/p>\n<p>Na semana passada, o Pont\u00edfice focou na &#8220;forma como, na sua obra, Jesus falou v\u00e1rias vezes sobre a import\u00e2ncia de proteger, acolher e amar os mais pequenos&#8221;.<\/p>\n<p>\u201cNo entanto, ainda hoje no mundo, milh\u00f5es de menores, mesmo n\u00e3o tendo a idade m\u00ednima para cumprir com as obriga\u00e7\u00f5es da vida adulta, s\u00e3o obrigados a trabalhar e muitos deles s\u00e3o expostos a trabalhos particularmente perigosos. Sem falar das crian\u00e7as que s\u00e3o traficadas para prostitui\u00e7\u00e3o ou pornografia, e dos casamentos for\u00e7ados.\u201d<\/p>\n<p>&#8220;Infelizmente, nas nossas sociedades, existem muitas formas pelas quais as crian\u00e7as s\u00e3o abusadas e maltratadas&#8221;, disse ainda Francisco, acrescentando:<\/p>\n<p>\u201cO abuso infantil, de qualquer natureza, \u00e9 um ato desprez\u00edvel e atroz. N\u00e3o \u00e9 simplesmente um flagelo social e um crime; \u00e9 uma viola\u00e7\u00e3o muito grave dos mandamentos de Deus. Nenhuma crian\u00e7a deveria sofrer abusos. Mesmo um caso j\u00e1 \u00e9 demais. Por isso, \u00e9 necess\u00e1rio despertar consci\u00eancias, praticar a proximidade e a solidariedade concreta com as crian\u00e7as e os jovens v\u00edtimas de abusos e, ao mesmo tempo, construir confian\u00e7a e sinergias entre aqueles que se comprometem a oferecer-lhes oportunidades e locais seguros para crescerem em paz.\u201d<\/p>\n<p>O Papa sublinhou que conhece um pa\u00eds da Am\u00e9rica Latina, &#8220;que produz uma fruta especial, muito especial, chamada &#8220;arando&#8221;, um tipo de mirtilo, mas para colher o arando s\u00e3o necess\u00e1rias m\u00e3os delicadas e s\u00e3o as crian\u00e7as a faz\u00ea-lo, escravizam as crian\u00e7as para uma colheita&#8221;.<\/p>\n<p><strong>As crian\u00e7as pagam o pre\u00e7o mais alto<\/strong><\/p>\n<p>Segundo o Papa, <strong>&#8220;a pobreza generalizada, a falta de ferramentas sociais de apoio \u00e0s fam\u00edlias, o aumento da marginaliza\u00e7\u00e3o nos \u00faltimos anos, a par do desemprego e da precariedade laboral, s\u00e3o fatores que descarregam sobre os mais jovens o pre\u00e7o mais elevado a pagar. Nas metr\u00f3poles, onde a exclus\u00e3o social e a degrada\u00e7\u00e3o moral s\u00e3o \u201cgritantes\u201d, existem crian\u00e7as envolvidas no tr\u00e1fico de droga e nas mais diversas atividades il\u00edcitas&#8221;<\/strong>.<\/p>\n<p>\u201cQuantas destas crian\u00e7as vimos cair como v\u00edtimas de sacrif\u00edcio! Por vezes, tragicamente, s\u00e3o induzidas a se tornarem \u201ccarrascos\u201d de seus semelhantes, al\u00e9m de se prejudicarem a si mesmas, sua pr\u00f3pria dignidade e humanidade. No entanto, quando na rua, no bairro da par\u00f3quia, estas vidas perdidas se apresentam ao nosso olhar, olhamos muitas vezes para o outro lado.\u201d<\/p>\n<p>A seguir, o Papa recordou um caso que aconteceu em seu pa\u00eds do menino Loan Pe\u00f1a, de 5 anos, que desapareceu na cidade de Nove de Julho, em Corrientes, em junho do ano passado.<\/p>\n<p>&#8220;Loan foi sequestrado e ningu\u00e9m sabe onde ele est\u00e1&#8221;, disse o Papa. Uma das hip\u00f3teses \u00e9 que tenha sido sequestrado para tr\u00e1fico de \u00f3rg\u00e3os. &#8220;Isso acontece. Alguns voltam com cicatrizes, outros morrem. Por isso, eu quis lembrar esse menino, Loan, hoje&#8221;, sublinhou.<\/p>\n<p><strong>N\u00e3o ser c\u00famplice do trabalho infantil<\/strong><\/p>\n<p>Francisco prosseguiu sua catequese, dizendo que <strong>&#8220;\u00e9 dif\u00edcil para n\u00f3s reconhecer a injusti\u00e7a social que leva duas crian\u00e7as, talvez residentes no mesmo bairro ou pr\u00e9dio, a tomarem caminhos e destinos diametralmente opostos, porque uma delas nasceu numa fam\u00edlia desfavorecida. Uma fratura humana e social inaceit\u00e1vel: entre aqueles que podem sonhar e aqueles que devem sucumbir&#8221;<\/strong>. &#8220;Mas Jesus quer que todos sejamos livres e felizes e nos pede que paremos e ou\u00e7amos o sofrimento dos que n\u00e3o t\u00eam voz, dos que n\u00e3o t\u00eam escola.\u00a0<b>Combater a explora\u00e7\u00e3o, sobretudo a infantil, \u00e9 a principal forma de construir um futuro melhor para toda a sociedade<\/b>&#8220;, ressaltou Francisco, lembrando que &#8220;alguns pa\u00edses tiveram a sabedoria de incluir por escrito os direitos das crian\u00e7as. As crian\u00e7as t\u00eam direitos, pesquisem para descobrir quais s\u00e3o os direitos da crian\u00e7a&#8221;.<\/p>\n<p>Perguntemo-nos: o que eu posso fazer? &#8220;<b>Se queremos erradicar o trabalho infantil, n\u00e3o podemos ser c\u00famplices dele.<\/b> E quando o somos? Por exemplo, quando compramos produtos que utilizam trabalho infantil. Como posso comer e vestir-me sabendo que por detr\u00e1s daquela comida ou daquela roupa est\u00e3o crian\u00e7as exploradas, que trabalham em vez de irem \u00e0 escola?&#8221;, perguntou o Papa.<\/p>\n<p><strong>Ter consci\u00eancia do que compramos<\/strong><\/p>\n<p>\u201cTer consci\u00eancia do que compramos \u00e9 o primeiro passo para n\u00e3o sermos c\u00famplices. Veja de onde v\u00eam esses produtos. Alguns podem dizer que, como indiv\u00edduos, n\u00e3o podemos fazer muito. \u00c9 verdade, como indiv\u00edduos n\u00e3o podemos fazer muito, mas cada um de n\u00f3s pode ser uma gota que, juntamente com muitas outras gotas, se pode transformar num mar.\u201d<\/p>\n<p><i>No entanto, \u00e9 tamb\u00e9m necess\u00e1rio lembrar as institui\u00e7\u00f5es, incluindo as eclesi\u00e1sticas, e as empresas da sua responsabilidade: podem fazer a diferen\u00e7a transferindo os seus investimentos para empresas que n\u00e3o utilizam nem permitem o trabalho infantil.<\/i><\/p>\n<p>Francisco recordou que &#8220;muitos Estados e organiza\u00e7\u00f5es internacionais j\u00e1 promulgaram leis e diretivas contra o trabalho infantil, mas muito mais pode ser feito. Pe\u00e7o tamb\u00e9m aos jornalistas que fa\u00e7am a sua parte: podem ajudar a aumentar a consciencializa\u00e7\u00e3o sobre o problema e ajudar a encontrar solu\u00e7\u00f5es. N\u00e3o tenham medo, denunciem, denunciem essas coisas&#8221;.<\/p>\n<p><strong>Santa Teresa de Calcut\u00e1, alegre serva na vinha do Senhor<\/strong><\/p>\n<p>A seguir, agradeceu &#8220;a todos aqueles que n\u00e3o se afastam quando veem crian\u00e7as for\u00e7adas a tornarem-se adultos demasiado cedo&#8221;. Recordou &#8220;<b>Santa Teresa de Calcut\u00e1<\/b>, alegre serva na vinha do Senhor, que foi m\u00e3e das crian\u00e7as desfavorecidas e esquecidas. Com a ternura e a aten\u00e7\u00e3o do seu olhar, ela pode acompanhar-nos para ver os pequenos invis\u00edveis, os muitos escravos de um mundo que n\u00e3o podemos abandonar \u00e0s suas injusti\u00e7as. Porque a felicidade dos mais fr\u00e1geis constr\u00f3i a paz para todos&#8221;.<\/p>\n<p>Francisco concluiu, com um texto de Madre Teresa com o qual dar voz \u00e0s crian\u00e7as:<\/p>\n<p>\u201cQuero um lugar seguro onde posso brincar. Quero um sorriso de quem sabem amar. Quero o direito de ser crian\u00e7a, de ser esperan\u00e7a de um mundo melhor. Quero poder crescer como pessoa. Posso contar contigo?\u201d (Santa Teresa de Calcut\u00e1)<\/p>\n<hr \/>\n<p><em>Mariangela Jaguraba &#8211; Vatican News<\/em><\/p>\n","protected":false},"excerpt":{"rendered":"<p>Audi\u00eancia Geral<\/p>\n","protected":false},"author":11,"featured_media":254068,"comment_status":"open","ping_status":"open","sticky":false,"template":"","format":"standard","meta":[],"categories":[1,1428],"tags":[487,55],"acf":[],"yoast_head":"<!-- This site is optimized with the Yoast SEO plugin v19.2 - https:\/\/yoast.com\/wordpress\/plugins\/seo\/ -->\n<title>N\u00e3o podemos ser c\u00famplices do abuso infantil - Not\u00edcias - Franciscanos<\/title>\n<meta name=\"robots\" content=\"index, follow, max-snippet:-1, max-image-preview:large, max-video-preview:-1\" \/>\n<link rel=\"canonical\" href=\"https:\/\/franciscanos.org.br\/noticias\/nao-podemos-ser-cumplices-do-abuso-infantil.html\" \/>\n<meta property=\"og:locale\" content=\"pt_BR\" \/>\n<meta property=\"og:type\" content=\"article\" \/>\n<meta property=\"og:title\" content=\"N\u00e3o podemos ser c\u00famplices do abuso infantil - Not\u00edcias - Franciscanos\" \/>\n<meta property=\"og:description\" content=\"Audi\u00eancia Geral\" \/>\n<meta property=\"og:url\" content=\"https:\/\/franciscanos.org.br\/noticias\/nao-podemos-ser-cumplices-do-abuso-infantil.html\" \/>\n<meta property=\"og:site_name\" content=\"Not\u00edcias - Franciscanos\" \/>\n<meta property=\"article:published_time\" content=\"2025-01-15T12:00:49+00:00\" \/>\n<meta property=\"article:modified_time\" content=\"2025-01-17T12:34:48+00:00\" \/>\n<meta property=\"og:image\" content=\"https:\/\/franciscanos.org.br\/noticias\/wp-content\/uploads\/2025\/01\/chamada-audiencia-geral.jpg\" \/>\n\t<meta property=\"og:image:width\" content=\"800\" \/>\n\t<meta property=\"og:image:height\" content=\"550\" \/>\n\t<meta property=\"og:image:type\" content=\"image\/jpeg\" \/>\n<meta name=\"author\" content=\"Adriana Rabelo\" \/>\n<meta name=\"twitter:card\" content=\"summary_large_image\" \/>\n<meta name=\"twitter:label1\" content=\"Escrito por\" \/>\n\t<meta name=\"twitter:data1\" content=\"Adriana Rabelo\" \/>\n\t<meta name=\"twitter:label2\" content=\"Est. tempo de leitura\" \/>\n\t<meta name=\"twitter:data2\" content=\"6 minutos\" \/>\n<script type=\"application\/ld+json\" class=\"yoast-schema-graph\">{\"@context\":\"https:\/\/schema.org\",\"@graph\":[{\"@type\":\"WebSite\",\"@id\":\"https:\/\/franciscanos.org.br\/noticias\/#website\",\"url\":\"https:\/\/franciscanos.org.br\/noticias\/\",\"name\":\"Not\u00edcias - Franciscanos\",\"description\":\"Prov\u00edncia Franciscana da Imaculada Concei\u00e7\u00e3o do Brasil - Ordem dos Frades Menores - OFM\",\"potentialAction\":[{\"@type\":\"SearchAction\",\"target\":{\"@type\":\"EntryPoint\",\"urlTemplate\":\"https:\/\/franciscanos.org.br\/noticias\/?s={search_term_string}\"},\"query-input\":\"required name=search_term_string\"}],\"inLanguage\":\"pt-BR\"},{\"@type\":\"ImageObject\",\"inLanguage\":\"pt-BR\",\"@id\":\"https:\/\/franciscanos.org.br\/noticias\/nao-podemos-ser-cumplices-do-abuso-infantil.html#primaryimage\",\"url\":\"https:\/\/franciscanos.org.br\/noticias\/wp-content\/uploads\/2025\/01\/chamada-audiencia-geral.jpg\",\"contentUrl\":\"https:\/\/franciscanos.org.br\/noticias\/wp-content\/uploads\/2025\/01\/chamada-audiencia-geral.jpg\",\"width\":800,\"height\":550},{\"@type\":\"WebPage\",\"@id\":\"https:\/\/franciscanos.org.br\/noticias\/nao-podemos-ser-cumplices-do-abuso-infantil.html#webpage\",\"url\":\"https:\/\/franciscanos.org.br\/noticias\/nao-podemos-ser-cumplices-do-abuso-infantil.html\",\"name\":\"N\u00e3o podemos ser c\u00famplices do abuso infantil - Not\u00edcias - Franciscanos\",\"isPartOf\":{\"@id\":\"https:\/\/franciscanos.org.br\/noticias\/#website\"},\"primaryImageOfPage\":{\"@id\":\"https:\/\/franciscanos.org.br\/noticias\/nao-podemos-ser-cumplices-do-abuso-infantil.html#primaryimage\"},\"datePublished\":\"2025-01-15T12:00:49+00:00\",\"dateModified\":\"2025-01-17T12:34:48+00:00\",\"author\":{\"@id\":\"https:\/\/franciscanos.org.br\/noticias\/#\/schema\/person\/d9422e83121c3ad3b0f423d195f5bb25\"},\"breadcrumb\":{\"@id\":\"https:\/\/franciscanos.org.br\/noticias\/nao-podemos-ser-cumplices-do-abuso-infantil.html#breadcrumb\"},\"inLanguage\":\"pt-BR\",\"potentialAction\":[{\"@type\":\"ReadAction\",\"target\":[\"https:\/\/franciscanos.org.br\/noticias\/nao-podemos-ser-cumplices-do-abuso-infantil.html\"]}]},{\"@type\":\"BreadcrumbList\",\"@id\":\"https:\/\/franciscanos.org.br\/noticias\/nao-podemos-ser-cumplices-do-abuso-infantil.html#breadcrumb\",\"itemListElement\":[{\"@type\":\"ListItem\",\"position\":1,\"name\":\"Home\",\"item\":\"https:\/\/franciscanos.org.br\/noticias\"},{\"@type\":\"ListItem\",\"position\":2,\"name\":\"N\u00e3o podemos ser c\u00famplices do abuso infantil\"}]},{\"@type\":\"Person\",\"@id\":\"https:\/\/franciscanos.org.br\/noticias\/#\/schema\/person\/d9422e83121c3ad3b0f423d195f5bb25\",\"name\":\"Adriana Rabelo\",\"image\":{\"@type\":\"ImageObject\",\"inLanguage\":\"pt-BR\",\"@id\":\"https:\/\/franciscanos.org.br\/noticias\/#\/schema\/person\/image\/\",\"url\":\"https:\/\/secure.gravatar.com\/avatar\/0a937b7500cd7df77540cfb8bede877d?s=96&d=mm&r=g\",\"contentUrl\":\"https:\/\/secure.gravatar.com\/avatar\/0a937b7500cd7df77540cfb8bede877d?s=96&d=mm&r=g\",\"caption\":\"Adriana Rabelo\"},\"url\":\"https:\/\/franciscanos.org.br\/noticias\/author\/adrianarabelo\"}]}<\/script>\n<!-- \/ Yoast SEO plugin. -->","yoast_head_json":{"title":"N\u00e3o podemos ser c\u00famplices do abuso infantil - Not\u00edcias - Franciscanos","robots":{"index":"index","follow":"follow","max-snippet":"max-snippet:-1","max-image-preview":"max-image-preview:large","max-video-preview":"max-video-preview:-1"},"canonical":"https:\/\/franciscanos.org.br\/noticias\/nao-podemos-ser-cumplices-do-abuso-infantil.html","og_locale":"pt_BR","og_type":"article","og_title":"N\u00e3o podemos ser c\u00famplices do abuso infantil - Not\u00edcias - Franciscanos","og_description":"Audi\u00eancia Geral","og_url":"https:\/\/franciscanos.org.br\/noticias\/nao-podemos-ser-cumplices-do-abuso-infantil.html","og_site_name":"Not\u00edcias - Franciscanos","article_published_time":"2025-01-15T12:00:49+00:00","article_modified_time":"2025-01-17T12:34:48+00:00","og_image":[{"width":800,"height":550,"url":"https:\/\/franciscanos.org.br\/noticias\/wp-content\/uploads\/2025\/01\/chamada-audiencia-geral.jpg","type":"image\/jpeg"}],"author":"Adriana Rabelo","twitter_card":"summary_large_image","twitter_misc":{"Escrito por":"Adriana Rabelo","Est. tempo de leitura":"6 minutos"},"schema":{"@context":"https:\/\/schema.org","@graph":[{"@type":"WebSite","@id":"https:\/\/franciscanos.org.br\/noticias\/#website","url":"https:\/\/franciscanos.org.br\/noticias\/","name":"Not\u00edcias - Franciscanos","description":"Prov\u00edncia Franciscana da Imaculada Concei\u00e7\u00e3o do Brasil - Ordem dos Frades Menores - OFM","potentialAction":[{"@type":"SearchAction","target":{"@type":"EntryPoint","urlTemplate":"https:\/\/franciscanos.org.br\/noticias\/?s={search_term_string}"},"query-input":"required name=search_term_string"}],"inLanguage":"pt-BR"},{"@type":"ImageObject","inLanguage":"pt-BR","@id":"https:\/\/franciscanos.org.br\/noticias\/nao-podemos-ser-cumplices-do-abuso-infantil.html#primaryimage","url":"https:\/\/franciscanos.org.br\/noticias\/wp-content\/uploads\/2025\/01\/chamada-audiencia-geral.jpg","contentUrl":"https:\/\/franciscanos.org.br\/noticias\/wp-content\/uploads\/2025\/01\/chamada-audiencia-geral.jpg","width":800,"height":550},{"@type":"WebPage","@id":"https:\/\/franciscanos.org.br\/noticias\/nao-podemos-ser-cumplices-do-abuso-infantil.html#webpage","url":"https:\/\/franciscanos.org.br\/noticias\/nao-podemos-ser-cumplices-do-abuso-infantil.html","name":"N\u00e3o podemos ser c\u00famplices do abuso infantil - Not\u00edcias - Franciscanos","isPartOf":{"@id":"https:\/\/franciscanos.org.br\/noticias\/#website"},"primaryImageOfPage":{"@id":"https:\/\/franciscanos.org.br\/noticias\/nao-podemos-ser-cumplices-do-abuso-infantil.html#primaryimage"},"datePublished":"2025-01-15T12:00:49+00:00","dateModified":"2025-01-17T12:34:48+00:00","author":{"@id":"https:\/\/franciscanos.org.br\/noticias\/#\/schema\/person\/d9422e83121c3ad3b0f423d195f5bb25"},"breadcrumb":{"@id":"https:\/\/franciscanos.org.br\/noticias\/nao-podemos-ser-cumplices-do-abuso-infantil.html#breadcrumb"},"inLanguage":"pt-BR","potentialAction":[{"@type":"ReadAction","target":["https:\/\/franciscanos.org.br\/noticias\/nao-podemos-ser-cumplices-do-abuso-infantil.html"]}]},{"@type":"BreadcrumbList","@id":"https:\/\/franciscanos.org.br\/noticias\/nao-podemos-ser-cumplices-do-abuso-infantil.html#breadcrumb","itemListElement":[{"@type":"ListItem","position":1,"name":"Home","item":"https:\/\/franciscanos.org.br\/noticias"},{"@type":"ListItem","position":2,"name":"N\u00e3o podemos ser c\u00famplices do abuso infantil"}]},{"@type":"Person","@id":"https:\/\/franciscanos.org.br\/noticias\/#\/schema\/person\/d9422e83121c3ad3b0f423d195f5bb25","name":"Adriana Rabelo","image":{"@type":"ImageObject","inLanguage":"pt-BR","@id":"https:\/\/franciscanos.org.br\/noticias\/#\/schema\/person\/image\/","url":"https:\/\/secure.gravatar.com\/avatar\/0a937b7500cd7df77540cfb8bede877d?s=96&d=mm&r=g","contentUrl":"https:\/\/secure.gravatar.com\/avatar\/0a937b7500cd7df77540cfb8bede877d?s=96&d=mm&r=g","caption":"Adriana Rabelo"},"url":"https:\/\/franciscanos.org.br\/noticias\/author\/adrianarabelo"}]}},"_links":{"self":[{"href":"https:\/\/franciscanos.org.br\/noticias\/wp-json\/wp\/v2\/posts\/254066"}],"collection":[{"href":"https:\/\/franciscanos.org.br\/noticias\/wp-json\/wp\/v2\/posts"}],"about":[{"href":"https:\/\/franciscanos.org.br\/noticias\/wp-json\/wp\/v2\/types\/post"}],"author":[{"embeddable":true,"href":"https:\/\/franciscanos.org.br\/noticias\/wp-json\/wp\/v2\/users\/11"}],"replies":[{"embeddable":true,"href":"https:\/\/franciscanos.org.br\/noticias\/wp-json\/wp\/v2\/comments?post=254066"}],"version-history":[{"count":1,"href":"https:\/\/franciscanos.org.br\/noticias\/wp-json\/wp\/v2\/posts\/254066\/revisions"}],"predecessor-version":[{"id":254069,"href":"https:\/\/franciscanos.org.br\/noticias\/wp-json\/wp\/v2\/posts\/254066\/revisions\/254069"}],"wp:featuredmedia":[{"embeddable":true,"href":"https:\/\/franciscanos.org.br\/noticias\/wp-json\/wp\/v2\/media\/254068"}],"wp:attachment":[{"href":"https:\/\/franciscanos.org.br\/noticias\/wp-json\/wp\/v2\/media?parent=254066"}],"wp:term":[{"taxonomy":"category","embeddable":true,"href":"https:\/\/franciscanos.org.br\/noticias\/wp-json\/wp\/v2\/categories?post=254066"},{"taxonomy":"post_tag","embeddable":true,"href":"https:\/\/franciscanos.org.br\/noticias\/wp-json\/wp\/v2\/tags?post=254066"}],"curies":[{"name":"wp","href":"https:\/\/api.w.org\/{rel}","templated":true}]}}