{"id":254022,"date":"2025-01-16T15:09:05","date_gmt":"2025-01-16T18:09:05","guid":{"rendered":"https:\/\/franciscanos.org.br\/noticias\/?p=254022"},"modified":"2025-03-10T16:21:41","modified_gmt":"2025-03-10T19:21:41","slug":"vivam-intensamente-o-noviciado-cinco-jovens-sao-admitidos-no-noviciado-em-rodeio","status":"publish","type":"post","link":"https:\/\/franciscanos.org.br\/noticias\/vivam-intensamente-o-noviciado-cinco-jovens-sao-admitidos-no-noviciado-em-rodeio.html","title":{"rendered":"Fraternidade S\u00e3o Jos\u00e9 acolhe cinco novi\u00e7os: \u201cVivam intensamente o Noviciado!\u201d"},"content":{"rendered":"<p><img loading=\"lazy\" class=\"aligncenter wp-image-254023 size-full\" src=\"https:\/\/franciscanos.org.br\/noticias\/wp-content\/uploads\/2025\/01\/slide-admissao-novicos.jpg\" alt=\"\" width=\"800\" height=\"550\" srcset=\"https:\/\/franciscanos.org.br\/noticias\/wp-content\/uploads\/2025\/01\/slide-admissao-novicos.jpg 800w, https:\/\/franciscanos.org.br\/noticias\/wp-content\/uploads\/2025\/01\/slide-admissao-novicos-450x309.jpg 450w, https:\/\/franciscanos.org.br\/noticias\/wp-content\/uploads\/2025\/01\/slide-admissao-novicos-768x528.jpg 768w, https:\/\/franciscanos.org.br\/noticias\/wp-content\/uploads\/2025\/01\/slide-admissao-novicos-150x103.jpg 150w, https:\/\/franciscanos.org.br\/noticias\/wp-content\/uploads\/2025\/01\/slide-admissao-novicos-320x220.jpg 320w\" sizes=\"(max-width: 800px) 100vw, 800px\" \/><\/p>\n<p>Nesta quarta-feira, dia 15 de janeiro, durante o oficio das v\u00e9speras, \u00e0s 18 horas, Frei Paulo Roberto Pereira, Ministro provincial, recebeu os novos novi\u00e7os: <strong>Levy Allex Vitorino, Luciano Ferreira Leite, Luis Naldo Rodrigues da Concei\u00e7\u00e3o, Mateus Henrique Fuck e Fermi\u00f1 Jos\u00e9 Delettieres, que pertence a Prov\u00edncia San Francisco Solano, Argentina.<\/strong><\/p>\n<div id=\"attachment_254042\" style=\"width: 1034px\" class=\"wp-caption alignleft\"><img aria-describedby=\"caption-attachment-254042\" loading=\"lazy\" class=\"wp-image-254042 size-large\" src=\"https:\/\/franciscanos.org.br\/noticias\/wp-content\/uploads\/2025\/01\/WhatsApp-Image-2025-01-16-at-09.41.38-2-1024x768.jpeg\" alt=\"\" width=\"1024\" height=\"768\" srcset=\"https:\/\/franciscanos.org.br\/noticias\/wp-content\/uploads\/2025\/01\/WhatsApp-Image-2025-01-16-at-09.41.38-2-1024x768.jpeg 1024w, https:\/\/franciscanos.org.br\/noticias\/wp-content\/uploads\/2025\/01\/WhatsApp-Image-2025-01-16-at-09.41.38-2-450x338.jpeg 450w, https:\/\/franciscanos.org.br\/noticias\/wp-content\/uploads\/2025\/01\/WhatsApp-Image-2025-01-16-at-09.41.38-2-768x576.jpeg 768w, https:\/\/franciscanos.org.br\/noticias\/wp-content\/uploads\/2025\/01\/WhatsApp-Image-2025-01-16-at-09.41.38-2-150x113.jpeg 150w, https:\/\/franciscanos.org.br\/noticias\/wp-content\/uploads\/2025\/01\/WhatsApp-Image-2025-01-16-at-09.41.38-2-600x450.jpeg 600w, https:\/\/franciscanos.org.br\/noticias\/wp-content\/uploads\/2025\/01\/WhatsApp-Image-2025-01-16-at-09.41.38-2.jpeg 1280w\" sizes=\"(max-width: 1024px) 100vw, 1024px\" \/><p id=\"caption-attachment-254042\" class=\"wp-caption-text\">Da esq. para dir. Frei Mateus, Frei Luis Naldo, Frei Luciano, Frei Levy e Frei Fermi\u00f1<\/p><\/div>\n<p>Os postulantes chegaram \u00e0 Fraternidade S\u00e3o Jos\u00e9, em Rodeio (SC), no \u00faltimo dia 10. Assim que chegaram sentiram a alegria do acolhimento da fraternidade e dos demais confrades presentes para as celebra\u00e7\u00f5es deste dia.<\/p>\n<p><img loading=\"lazy\" class=\"size-medium wp-image-254045 alignright\" src=\"https:\/\/franciscanos.org.br\/noticias\/wp-content\/uploads\/2025\/01\/WhatsApp-Image-2025-01-16-at-09.41.38-13-338x450.jpeg\" alt=\"\" width=\"338\" height=\"450\" srcset=\"https:\/\/franciscanos.org.br\/noticias\/wp-content\/uploads\/2025\/01\/WhatsApp-Image-2025-01-16-at-09.41.38-13-338x450.jpeg 338w, https:\/\/franciscanos.org.br\/noticias\/wp-content\/uploads\/2025\/01\/WhatsApp-Image-2025-01-16-at-09.41.38-13-768x1024.jpeg 768w, https:\/\/franciscanos.org.br\/noticias\/wp-content\/uploads\/2025\/01\/WhatsApp-Image-2025-01-16-at-09.41.38-13-150x200.jpeg 150w, https:\/\/franciscanos.org.br\/noticias\/wp-content\/uploads\/2025\/01\/WhatsApp-Image-2025-01-16-at-09.41.38-13.jpeg 810w\" sizes=\"(max-width: 338px) 100vw, 338px\" \/>Para viver bem o Noviciado, os cinco jovens fizeram um retiro preparat\u00f3rio no Eremit\u00e9rio \u201cBeato Frei Eg\u00eddio\u201d, entre os dias 11 a 13 de janeiro. No retiro foram acompanhados pelo Frei Luiz Fl\u00e1vio Cappio, que os admoestou: \u201c<em>O noviciado \u00e9 o ano da \u2018pedra fundamental\u2019 do Frade<\/em>\u201d. Refor\u00e7ando a import\u00e2ncia do noviciado como tempo de prova\u00e7\u00e3o e de aten\u00e7\u00e3o \u00e0 vida orante.<\/p>\n<p>Pediu tamb\u00e9m aos jovens que n\u00e3o fizessem da vida franciscana \u201cfuncion\u00e1ria do sagrado\u201d, mas que vivessem com amor, m\u00edstica, devo\u00e7\u00e3o, ora\u00e7\u00e3o, f\u00e9, etc. E, n\u00e3o apenas com a raz\u00e3o, \u201cracionalizando\u201d o sagrado.<\/p>\n<p>Antes do Rito da admiss\u00e3o, o Ministro provincial conversou com os postulantes e falou sobre o significado do h\u00e1bito franciscano e a import\u00e2ncia de se lan\u00e7ar por inteiro ao noviciado. Esses jovens que viveram no aspirantado os jubileus da \u201cRegra\u201d e do \u201cNatal de Greccio\u201d e, no Postulantado, as \u201cChagas de Francisco\u201d, esse ano ser\u00e3o os Novi\u00e7os do \u201cC\u00e2ntico das Criaturas\u201d, dos 350 anos de funda\u00e7\u00e3o da Prov\u00edncia, 35 anos da FIMDA e tamb\u00e9m \u201cPeregrinos da Esperan\u00e7a\u201d com toda a Igreja. \u00a0\u201cViver o ano da prova\u00e7\u00e3o e santifica\u00e7\u00e3o nesse contexto \u00e9 um privil\u00e9gio\u201d, frisou o Ministro provincial.<\/p>\n<p>Frei Paulo pediu aos jovens que continuassem a viver na simplicidade, e n\u00e3o ousar a se envaidecerem ap\u00f3s receber o h\u00e1bito franciscano, pois ele \u00e9 para lembrar a minoridade daquele que o veste.<\/p>\n\n\t\t<style type=\"text\/css\">\n\t\t\t#gallery-1 {\n\t\t\t\tmargin: auto;\n\t\t\t}\n\t\t\t#gallery-1 .gallery-item {\n\t\t\t\tfloat: left;\n\t\t\t\tmargin-top: 10px;\n\t\t\t\ttext-align: center;\n\t\t\t\twidth: 25%;\n\t\t\t}\n\t\t\t#gallery-1 img {\n\t\t\t\tborder: 2px solid #cfcfcf;\n\t\t\t}\n\t\t\t#gallery-1 .gallery-caption {\n\t\t\t\tmargin-left: 0;\n\t\t\t}\n\t\t\t\/* see gallery_shortcode() in wp-includes\/media.php *\/\n\t\t<\/style>\n\t\t<div id='gallery-1' class='gallery galleryid-254022 gallery-columns-4 gallery-size-thumbnail'><dl class='gallery-item'>\n\t\t\t<dt class='gallery-icon landscape'>\n\t\t\t\t<a href='https:\/\/franciscanos.org.br\/noticias\/wp-content\/uploads\/2025\/01\/WhatsApp-Image-2025-01-16-at-09.41.38-6.jpeg'><img width=\"300\" height=\"300\" src=\"https:\/\/franciscanos.org.br\/noticias\/wp-content\/uploads\/2025\/01\/WhatsApp-Image-2025-01-16-at-09.41.38-6-300x300.jpeg\" class=\"attachment-thumbnail size-thumbnail\" alt=\"\" loading=\"lazy\" srcset=\"https:\/\/franciscanos.org.br\/noticias\/wp-content\/uploads\/2025\/01\/WhatsApp-Image-2025-01-16-at-09.41.38-6-300x300.jpeg 300w, https:\/\/franciscanos.org.br\/noticias\/wp-content\/uploads\/2025\/01\/WhatsApp-Image-2025-01-16-at-09.41.38-6-100x100.jpeg 100w\" sizes=\"(max-width: 300px) 100vw, 300px\" \/><\/a>\n\t\t\t<\/dt><\/dl><dl class='gallery-item'>\n\t\t\t<dt class='gallery-icon landscape'>\n\t\t\t\t<a href='https:\/\/franciscanos.org.br\/noticias\/wp-content\/uploads\/2025\/01\/WhatsApp-Image-2025-01-16-at-09.41.38-7.jpeg'><img width=\"300\" height=\"300\" src=\"https:\/\/franciscanos.org.br\/noticias\/wp-content\/uploads\/2025\/01\/WhatsApp-Image-2025-01-16-at-09.41.38-7-300x300.jpeg\" class=\"attachment-thumbnail size-thumbnail\" alt=\"\" loading=\"lazy\" srcset=\"https:\/\/franciscanos.org.br\/noticias\/wp-content\/uploads\/2025\/01\/WhatsApp-Image-2025-01-16-at-09.41.38-7-300x300.jpeg 300w, https:\/\/franciscanos.org.br\/noticias\/wp-content\/uploads\/2025\/01\/WhatsApp-Image-2025-01-16-at-09.41.38-7-100x100.jpeg 100w\" sizes=\"(max-width: 300px) 100vw, 300px\" \/><\/a>\n\t\t\t<\/dt><\/dl><dl class='gallery-item'>\n\t\t\t<dt class='gallery-icon landscape'>\n\t\t\t\t<a href='https:\/\/franciscanos.org.br\/noticias\/wp-content\/uploads\/2025\/01\/WhatsApp-Image-2025-01-16-at-09.41.38-8.jpeg'><img width=\"300\" height=\"300\" src=\"https:\/\/franciscanos.org.br\/noticias\/wp-content\/uploads\/2025\/01\/WhatsApp-Image-2025-01-16-at-09.41.38-8-300x300.jpeg\" class=\"attachment-thumbnail size-thumbnail\" alt=\"\" loading=\"lazy\" srcset=\"https:\/\/franciscanos.org.br\/noticias\/wp-content\/uploads\/2025\/01\/WhatsApp-Image-2025-01-16-at-09.41.38-8-300x300.jpeg 300w, https:\/\/franciscanos.org.br\/noticias\/wp-content\/uploads\/2025\/01\/WhatsApp-Image-2025-01-16-at-09.41.38-8-100x100.jpeg 100w\" sizes=\"(max-width: 300px) 100vw, 300px\" \/><\/a>\n\t\t\t<\/dt><\/dl><dl class='gallery-item'>\n\t\t\t<dt class='gallery-icon landscape'>\n\t\t\t\t<a href='https:\/\/franciscanos.org.br\/noticias\/wp-content\/uploads\/2025\/01\/WhatsApp-Image-2025-01-16-at-11.11.52-2.jpeg'><img width=\"300\" height=\"300\" src=\"https:\/\/franciscanos.org.br\/noticias\/wp-content\/uploads\/2025\/01\/WhatsApp-Image-2025-01-16-at-11.11.52-2-300x300.jpeg\" class=\"attachment-thumbnail size-thumbnail\" alt=\"\" loading=\"lazy\" srcset=\"https:\/\/franciscanos.org.br\/noticias\/wp-content\/uploads\/2025\/01\/WhatsApp-Image-2025-01-16-at-11.11.52-2-300x300.jpeg 300w, https:\/\/franciscanos.org.br\/noticias\/wp-content\/uploads\/2025\/01\/WhatsApp-Image-2025-01-16-at-11.11.52-2-100x100.jpeg 100w\" sizes=\"(max-width: 300px) 100vw, 300px\" \/><\/a>\n\t\t\t<\/dt><\/dl><br style=\"clear: both\" \/>\n\t\t<\/div>\n\n<p>Durante o rito da admiss\u00e3o, o Ministro provincial convidou os novi\u00e7os a terem a \u201cconfian\u00e7a para enfrentar os medos\u201d, e a gra\u00e7a de poderem viver e celebrar o Noviciado em ano jubilar.<\/p>\n<p>Frei Walter de Carvalho Junior e Frei Nicolas Aguilar, ambos mestres no postulantado (Brasil \u2013 Argentina), participaram da admiss\u00e3o e, durante o rito, apresentaram os postulantes ao Ministro provincial. Esteve presente tamb\u00e9m Frei Daniel Fleitas, Ministro da Provincia San Francisco Solano, com os outros frades da Prov\u00edncia Argentina.<\/p>\n\n\t\t<style type=\"text\/css\">\n\t\t\t#gallery-2 {\n\t\t\t\tmargin: auto;\n\t\t\t}\n\t\t\t#gallery-2 .gallery-item {\n\t\t\t\tfloat: left;\n\t\t\t\tmargin-top: 10px;\n\t\t\t\ttext-align: center;\n\t\t\t\twidth: 25%;\n\t\t\t}\n\t\t\t#gallery-2 img {\n\t\t\t\tborder: 2px solid #cfcfcf;\n\t\t\t}\n\t\t\t#gallery-2 .gallery-caption {\n\t\t\t\tmargin-left: 0;\n\t\t\t}\n\t\t\t\/* see gallery_shortcode() in wp-includes\/media.php *\/\n\t\t<\/style>\n\t\t<div id='gallery-2' class='gallery galleryid-254022 gallery-columns-4 gallery-size-thumbnail'><dl class='gallery-item'>\n\t\t\t<dt class='gallery-icon landscape'>\n\t\t\t\t<a href='https:\/\/franciscanos.org.br\/noticias\/wp-content\/uploads\/2025\/01\/WhatsApp-Image-2025-01-16-at-09.41.38-16.jpeg'><img width=\"300\" height=\"300\" src=\"https:\/\/franciscanos.org.br\/noticias\/wp-content\/uploads\/2025\/01\/WhatsApp-Image-2025-01-16-at-09.41.38-16-300x300.jpeg\" class=\"attachment-thumbnail size-thumbnail\" alt=\"\" loading=\"lazy\" srcset=\"https:\/\/franciscanos.org.br\/noticias\/wp-content\/uploads\/2025\/01\/WhatsApp-Image-2025-01-16-at-09.41.38-16-300x300.jpeg 300w, https:\/\/franciscanos.org.br\/noticias\/wp-content\/uploads\/2025\/01\/WhatsApp-Image-2025-01-16-at-09.41.38-16-100x100.jpeg 100w\" sizes=\"(max-width: 300px) 100vw, 300px\" \/><\/a>\n\t\t\t<\/dt><\/dl><dl class='gallery-item'>\n\t\t\t<dt class='gallery-icon landscape'>\n\t\t\t\t<a href='https:\/\/franciscanos.org.br\/noticias\/wp-content\/uploads\/2025\/01\/WhatsApp-Image-2025-01-16-at-09.41.38-10-1.jpeg'><img width=\"300\" height=\"300\" src=\"https:\/\/franciscanos.org.br\/noticias\/wp-content\/uploads\/2025\/01\/WhatsApp-Image-2025-01-16-at-09.41.38-10-1-300x300.jpeg\" class=\"attachment-thumbnail size-thumbnail\" alt=\"\" loading=\"lazy\" srcset=\"https:\/\/franciscanos.org.br\/noticias\/wp-content\/uploads\/2025\/01\/WhatsApp-Image-2025-01-16-at-09.41.38-10-1-300x300.jpeg 300w, https:\/\/franciscanos.org.br\/noticias\/wp-content\/uploads\/2025\/01\/WhatsApp-Image-2025-01-16-at-09.41.38-10-1-100x100.jpeg 100w\" sizes=\"(max-width: 300px) 100vw, 300px\" \/><\/a>\n\t\t\t<\/dt><\/dl><dl class='gallery-item'>\n\t\t\t<dt class='gallery-icon landscape'>\n\t\t\t\t<a href='https:\/\/franciscanos.org.br\/noticias\/wp-content\/uploads\/2025\/01\/WhatsApp-Image-2025-01-16-at-11.11.52-3.jpeg'><img width=\"300\" height=\"300\" src=\"https:\/\/franciscanos.org.br\/noticias\/wp-content\/uploads\/2025\/01\/WhatsApp-Image-2025-01-16-at-11.11.52-3-300x300.jpeg\" class=\"attachment-thumbnail size-thumbnail\" alt=\"\" loading=\"lazy\" srcset=\"https:\/\/franciscanos.org.br\/noticias\/wp-content\/uploads\/2025\/01\/WhatsApp-Image-2025-01-16-at-11.11.52-3-300x300.jpeg 300w, https:\/\/franciscanos.org.br\/noticias\/wp-content\/uploads\/2025\/01\/WhatsApp-Image-2025-01-16-at-11.11.52-3-100x100.jpeg 100w\" sizes=\"(max-width: 300px) 100vw, 300px\" \/><\/a>\n\t\t\t<\/dt><\/dl><dl class='gallery-item'>\n\t\t\t<dt class='gallery-icon landscape'>\n\t\t\t\t<a href='https:\/\/franciscanos.org.br\/noticias\/wp-content\/uploads\/2025\/01\/WhatsApp-Image-2025-01-16-at-11.11.52-4.jpeg'><img width=\"300\" height=\"300\" src=\"https:\/\/franciscanos.org.br\/noticias\/wp-content\/uploads\/2025\/01\/WhatsApp-Image-2025-01-16-at-11.11.52-4-300x300.jpeg\" class=\"attachment-thumbnail size-thumbnail\" alt=\"\" loading=\"lazy\" srcset=\"https:\/\/franciscanos.org.br\/noticias\/wp-content\/uploads\/2025\/01\/WhatsApp-Image-2025-01-16-at-11.11.52-4-300x300.jpeg 300w, https:\/\/franciscanos.org.br\/noticias\/wp-content\/uploads\/2025\/01\/WhatsApp-Image-2025-01-16-at-11.11.52-4-100x100.jpeg 100w\" sizes=\"(max-width: 300px) 100vw, 300px\" \/><\/a>\n\t\t\t<\/dt><\/dl><br style=\"clear: both\" \/>\n\t\t<\/div>\n\n<p>Com o aux\u00edlio dos frades presentes na admiss\u00e3o, os novi\u00e7os vestiram os h\u00e1bitos e assinaram os documentos para o ingresso ao Noviciado. Ap\u00f3s vesti\u00e7\u00e3o do h\u00e1bito franciscano, o Frei Paulo deu boas vindas ao novo mestre de novi\u00e7os, Frei Jo\u00e3o Francisco da Silva, que agradeceu a confian\u00e7a de toda a Prov\u00edncia da Imaculada Concei\u00e7\u00e3o do Brasil. T\u00e3o logo, os novi\u00e7os foram entregues aos cuidados do mestre e da Fraternidade de Rodeio.<\/p>\n<p>No livro \u201c<em>Legenda dos Tr\u00eas Companheiros, \u2018uma inicia\u00e7\u00e3o \u00e0 Vida Religiosa e Franciscana\u2019<\/em>\u201d, Frei Dorvalino Fassini escreve:<\/p>\n<p>\u201cNa vida religiosa, o in\u00edcio est\u00e1 sempre no chamado do Senhor. A iniciativa ser\u00e1 sempre t\u00e3o s\u00f3 e unicamente d\u2019Ele e n\u00e3o do homem. Por isso, querer entrar na vida religiosa sem ter sido chamado, seria um seguimento sem afei\u00e7\u00e3o verdadeira, sem um devotamento realmente piedoso, j\u00e1 que um tal chamamento est\u00e1 sem a din\u00e2mica do encontro. Na verdade, uma tal decis\u00e3o nem mesmo seria seguimento a Jesus Cristo, pois seira apenas um seguimento, um ir atr\u00e1s de uma decis\u00e3o pessoal, sua. Seria, enfim, um seguir-se a si mesmo\u201d. (<em>FASSINI, Dorvalino. P. 224<\/em>).<\/p>\n<p>Rezemos pela voca\u00e7\u00e3o desses irm\u00e3os.<\/p>\n<hr \/>\n<p><em>Frei Luis Naldo Rodrigues da Concei\u00e7\u00e3o, novi\u00e7o<\/em><\/p>\n\n\t\t<style type=\"text\/css\">\n\t\t\t#gallery-3 {\n\t\t\t\tmargin: auto;\n\t\t\t}\n\t\t\t#gallery-3 .gallery-item {\n\t\t\t\tfloat: left;\n\t\t\t\tmargin-top: 10px;\n\t\t\t\ttext-align: center;\n\t\t\t\twidth: 25%;\n\t\t\t}\n\t\t\t#gallery-3 img {\n\t\t\t\tborder: 2px solid #cfcfcf;\n\t\t\t}\n\t\t\t#gallery-3 .gallery-caption {\n\t\t\t\tmargin-left: 0;\n\t\t\t}\n\t\t\t\/* see gallery_shortcode() in wp-includes\/media.php *\/\n\t\t<\/style>\n\t\t<div id='gallery-3' class='gallery galleryid-254022 gallery-columns-4 gallery-size-thumbnail'><dl class='gallery-item'>\n\t\t\t<dt class='gallery-icon landscape'>\n\t\t\t\t<a href='https:\/\/franciscanos.org.br\/noticias\/wp-content\/uploads\/2025\/01\/WhatsApp-Image-2025-01-16-at-09.41.38-9.jpeg'><img width=\"300\" height=\"300\" src=\"https:\/\/franciscanos.org.br\/noticias\/wp-content\/uploads\/2025\/01\/WhatsApp-Image-2025-01-16-at-09.41.38-9-300x300.jpeg\" class=\"attachment-thumbnail size-thumbnail\" alt=\"\" loading=\"lazy\" srcset=\"https:\/\/franciscanos.org.br\/noticias\/wp-content\/uploads\/2025\/01\/WhatsApp-Image-2025-01-16-at-09.41.38-9-300x300.jpeg 300w, https:\/\/franciscanos.org.br\/noticias\/wp-content\/uploads\/2025\/01\/WhatsApp-Image-2025-01-16-at-09.41.38-9-100x100.jpeg 100w\" sizes=\"(max-width: 300px) 100vw, 300px\" \/><\/a>\n\t\t\t<\/dt><\/dl><dl class='gallery-item'>\n\t\t\t<dt class='gallery-icon landscape'>\n\t\t\t\t<a href='https:\/\/franciscanos.org.br\/noticias\/wp-content\/uploads\/2025\/01\/WhatsApp-Image-2025-01-16-at-09.41.38.jpeg'><img width=\"300\" height=\"300\" src=\"https:\/\/franciscanos.org.br\/noticias\/wp-content\/uploads\/2025\/01\/WhatsApp-Image-2025-01-16-at-09.41.38-300x300.jpeg\" class=\"attachment-thumbnail size-thumbnail\" alt=\"\" loading=\"lazy\" srcset=\"https:\/\/franciscanos.org.br\/noticias\/wp-content\/uploads\/2025\/01\/WhatsApp-Image-2025-01-16-at-09.41.38-300x300.jpeg 300w, https:\/\/franciscanos.org.br\/noticias\/wp-content\/uploads\/2025\/01\/WhatsApp-Image-2025-01-16-at-09.41.38-100x100.jpeg 100w\" sizes=\"(max-width: 300px) 100vw, 300px\" \/><\/a>\n\t\t\t<\/dt><\/dl><dl class='gallery-item'>\n\t\t\t<dt class='gallery-icon landscape'>\n\t\t\t\t<a href='https:\/\/franciscanos.org.br\/noticias\/wp-content\/uploads\/2025\/01\/WhatsApp-Image-2025-01-16-at-09.41.39-1.jpeg'><img width=\"300\" height=\"300\" src=\"https:\/\/franciscanos.org.br\/noticias\/wp-content\/uploads\/2025\/01\/WhatsApp-Image-2025-01-16-at-09.41.39-1-300x300.jpeg\" class=\"attachment-thumbnail size-thumbnail\" alt=\"\" loading=\"lazy\" srcset=\"https:\/\/franciscanos.org.br\/noticias\/wp-content\/uploads\/2025\/01\/WhatsApp-Image-2025-01-16-at-09.41.39-1-300x300.jpeg 300w, https:\/\/franciscanos.org.br\/noticias\/wp-content\/uploads\/2025\/01\/WhatsApp-Image-2025-01-16-at-09.41.39-1-100x100.jpeg 100w\" sizes=\"(max-width: 300px) 100vw, 300px\" \/><\/a>\n\t\t\t<\/dt><\/dl><dl class='gallery-item'>\n\t\t\t<dt class='gallery-icon landscape'>\n\t\t\t\t<a href='https:\/\/franciscanos.org.br\/noticias\/wp-content\/uploads\/2025\/01\/WhatsApp-Image-2025-01-16-at-09.41.39-2.jpeg'><img width=\"300\" height=\"300\" src=\"https:\/\/franciscanos.org.br\/noticias\/wp-content\/uploads\/2025\/01\/WhatsApp-Image-2025-01-16-at-09.41.39-2-300x300.jpeg\" class=\"attachment-thumbnail size-thumbnail\" alt=\"\" loading=\"lazy\" srcset=\"https:\/\/franciscanos.org.br\/noticias\/wp-content\/uploads\/2025\/01\/WhatsApp-Image-2025-01-16-at-09.41.39-2-300x300.jpeg 300w, https:\/\/franciscanos.org.br\/noticias\/wp-content\/uploads\/2025\/01\/WhatsApp-Image-2025-01-16-at-09.41.39-2-100x100.jpeg 100w\" sizes=\"(max-width: 300px) 100vw, 300px\" \/><\/a>\n\t\t\t<\/dt><\/dl><br style=\"clear: both\" \/><dl class='gallery-item'>\n\t\t\t<dt class='gallery-icon landscape'>\n\t\t\t\t<a href='https:\/\/franciscanos.org.br\/noticias\/wp-content\/uploads\/2025\/01\/WhatsApp-Image-2025-01-16-at-09.41.39.jpeg'><img width=\"300\" height=\"300\" src=\"https:\/\/franciscanos.org.br\/noticias\/wp-content\/uploads\/2025\/01\/WhatsApp-Image-2025-01-16-at-09.41.39-300x300.jpeg\" class=\"attachment-thumbnail size-thumbnail\" alt=\"\" loading=\"lazy\" srcset=\"https:\/\/franciscanos.org.br\/noticias\/wp-content\/uploads\/2025\/01\/WhatsApp-Image-2025-01-16-at-09.41.39-300x300.jpeg 300w, https:\/\/franciscanos.org.br\/noticias\/wp-content\/uploads\/2025\/01\/WhatsApp-Image-2025-01-16-at-09.41.39-100x100.jpeg 100w\" sizes=\"(max-width: 300px) 100vw, 300px\" \/><\/a>\n\t\t\t<\/dt><\/dl><dl class='gallery-item'>\n\t\t\t<dt class='gallery-icon landscape'>\n\t\t\t\t<a href='https:\/\/franciscanos.org.br\/noticias\/wp-content\/uploads\/2025\/01\/WhatsApp-Image-2025-01-16-at-11.11.50-3.jpeg'><img width=\"300\" height=\"300\" src=\"https:\/\/franciscanos.org.br\/noticias\/wp-content\/uploads\/2025\/01\/WhatsApp-Image-2025-01-16-at-11.11.50-3-300x300.jpeg\" class=\"attachment-thumbnail size-thumbnail\" alt=\"\" loading=\"lazy\" srcset=\"https:\/\/franciscanos.org.br\/noticias\/wp-content\/uploads\/2025\/01\/WhatsApp-Image-2025-01-16-at-11.11.50-3-300x300.jpeg 300w, https:\/\/franciscanos.org.br\/noticias\/wp-content\/uploads\/2025\/01\/WhatsApp-Image-2025-01-16-at-11.11.50-3-100x100.jpeg 100w\" sizes=\"(max-width: 300px) 100vw, 300px\" \/><\/a>\n\t\t\t<\/dt><\/dl><dl class='gallery-item'>\n\t\t\t<dt class='gallery-icon landscape'>\n\t\t\t\t<a href='https:\/\/franciscanos.org.br\/noticias\/wp-content\/uploads\/2025\/01\/WhatsApp-Image-2025-01-16-at-11.11.50-4.jpeg'><img width=\"300\" height=\"300\" src=\"https:\/\/franciscanos.org.br\/noticias\/wp-content\/uploads\/2025\/01\/WhatsApp-Image-2025-01-16-at-11.11.50-4-300x300.jpeg\" class=\"attachment-thumbnail size-thumbnail\" alt=\"\" loading=\"lazy\" srcset=\"https:\/\/franciscanos.org.br\/noticias\/wp-content\/uploads\/2025\/01\/WhatsApp-Image-2025-01-16-at-11.11.50-4-300x300.jpeg 300w, https:\/\/franciscanos.org.br\/noticias\/wp-content\/uploads\/2025\/01\/WhatsApp-Image-2025-01-16-at-11.11.50-4-100x100.jpeg 100w\" sizes=\"(max-width: 300px) 100vw, 300px\" \/><\/a>\n\t\t\t<\/dt><\/dl><dl class='gallery-item'>\n\t\t\t<dt class='gallery-icon landscape'>\n\t\t\t\t<a href='https:\/\/franciscanos.org.br\/noticias\/wp-content\/uploads\/2025\/01\/WhatsApp-Image-2025-01-16-at-11.11.53-3.jpeg'><img width=\"300\" height=\"300\" src=\"https:\/\/franciscanos.org.br\/noticias\/wp-content\/uploads\/2025\/01\/WhatsApp-Image-2025-01-16-at-11.11.53-3-300x300.jpeg\" class=\"attachment-thumbnail size-thumbnail\" alt=\"\" loading=\"lazy\" srcset=\"https:\/\/franciscanos.org.br\/noticias\/wp-content\/uploads\/2025\/01\/WhatsApp-Image-2025-01-16-at-11.11.53-3-300x300.jpeg 300w, https:\/\/franciscanos.org.br\/noticias\/wp-content\/uploads\/2025\/01\/WhatsApp-Image-2025-01-16-at-11.11.53-3-100x100.jpeg 100w\" sizes=\"(max-width: 300px) 100vw, 300px\" \/><\/a>\n\t\t\t<\/dt><\/dl><br style=\"clear: both\" \/>\n\t\t<\/div>\n\n<p>&nbsp;<\/p>\n","protected":false},"excerpt":{"rendered":"<p>Admiss\u00e3o Novi\u00e7os<\/p>\n","protected":false},"author":11,"featured_media":254056,"comment_status":"open","ping_status":"open","sticky":false,"template":"","format":"standard","meta":[],"categories":[1],"tags":[1270,620,2056],"acf":[],"yoast_head":"<!-- This site is optimized with the Yoast SEO plugin v19.2 - https:\/\/yoast.com\/wordpress\/plugins\/seo\/ -->\n<title>Fraternidade S\u00e3o Jos\u00e9 acolhe cinco novi\u00e7os: \u201cVivam intensamente o Noviciado!\u201d - Not\u00edcias - Franciscanos<\/title>\n<meta name=\"robots\" content=\"index, follow, max-snippet:-1, max-image-preview:large, max-video-preview:-1\" \/>\n<link rel=\"canonical\" href=\"https:\/\/franciscanos.org.br\/noticias\/vivam-intensamente-o-noviciado-cinco-jovens-sao-admitidos-no-noviciado-em-rodeio.html\" \/>\n<meta property=\"og:locale\" content=\"pt_BR\" \/>\n<meta property=\"og:type\" content=\"article\" \/>\n<meta property=\"og:title\" content=\"Fraternidade S\u00e3o Jos\u00e9 acolhe cinco novi\u00e7os: \u201cVivam intensamente o Noviciado!\u201d - Not\u00edcias - Franciscanos\" \/>\n<meta property=\"og:description\" content=\"Admiss\u00e3o Novi\u00e7os\" \/>\n<meta property=\"og:url\" content=\"https:\/\/franciscanos.org.br\/noticias\/vivam-intensamente-o-noviciado-cinco-jovens-sao-admitidos-no-noviciado-em-rodeio.html\" \/>\n<meta property=\"og:site_name\" content=\"Not\u00edcias - Franciscanos\" \/>\n<meta property=\"article:published_time\" content=\"2025-01-16T18:09:05+00:00\" \/>\n<meta property=\"article:modified_time\" content=\"2025-03-10T19:21:41+00:00\" \/>\n<meta property=\"og:image\" content=\"https:\/\/franciscanos.org.br\/noticias\/wp-content\/uploads\/2025\/01\/CHAMADA-ADMISSAO-NOVICOS.jpg\" \/>\n\t<meta property=\"og:image:width\" content=\"800\" \/>\n\t<meta property=\"og:image:height\" content=\"550\" \/>\n\t<meta property=\"og:image:type\" content=\"image\/jpeg\" \/>\n<meta name=\"author\" content=\"Adriana Rabelo\" \/>\n<meta name=\"twitter:card\" content=\"summary_large_image\" \/>\n<meta name=\"twitter:label1\" content=\"Escrito por\" \/>\n\t<meta name=\"twitter:data1\" content=\"Adriana Rabelo\" \/>\n\t<meta name=\"twitter:label2\" content=\"Est. tempo de leitura\" \/>\n\t<meta name=\"twitter:data2\" content=\"3 minutos\" \/>\n<script type=\"application\/ld+json\" class=\"yoast-schema-graph\">{\"@context\":\"https:\/\/schema.org\",\"@graph\":[{\"@type\":\"WebSite\",\"@id\":\"https:\/\/franciscanos.org.br\/noticias\/#website\",\"url\":\"https:\/\/franciscanos.org.br\/noticias\/\",\"name\":\"Not\u00edcias - Franciscanos\",\"description\":\"Prov\u00edncia Franciscana da Imaculada Concei\u00e7\u00e3o do Brasil - Ordem dos Frades Menores - OFM\",\"potentialAction\":[{\"@type\":\"SearchAction\",\"target\":{\"@type\":\"EntryPoint\",\"urlTemplate\":\"https:\/\/franciscanos.org.br\/noticias\/?s={search_term_string}\"},\"query-input\":\"required name=search_term_string\"}],\"inLanguage\":\"pt-BR\"},{\"@type\":\"ImageObject\",\"inLanguage\":\"pt-BR\",\"@id\":\"https:\/\/franciscanos.org.br\/noticias\/vivam-intensamente-o-noviciado-cinco-jovens-sao-admitidos-no-noviciado-em-rodeio.html#primaryimage\",\"url\":\"https:\/\/franciscanos.org.br\/noticias\/wp-content\/uploads\/2025\/01\/CHAMADA-ADMISSAO-NOVICOS.jpg\",\"contentUrl\":\"https:\/\/franciscanos.org.br\/noticias\/wp-content\/uploads\/2025\/01\/CHAMADA-ADMISSAO-NOVICOS.jpg\",\"width\":800,\"height\":550},{\"@type\":\"WebPage\",\"@id\":\"https:\/\/franciscanos.org.br\/noticias\/vivam-intensamente-o-noviciado-cinco-jovens-sao-admitidos-no-noviciado-em-rodeio.html#webpage\",\"url\":\"https:\/\/franciscanos.org.br\/noticias\/vivam-intensamente-o-noviciado-cinco-jovens-sao-admitidos-no-noviciado-em-rodeio.html\",\"name\":\"Fraternidade S\u00e3o Jos\u00e9 acolhe cinco novi\u00e7os: \u201cVivam intensamente o Noviciado!\u201d - Not\u00edcias - Franciscanos\",\"isPartOf\":{\"@id\":\"https:\/\/franciscanos.org.br\/noticias\/#website\"},\"primaryImageOfPage\":{\"@id\":\"https:\/\/franciscanos.org.br\/noticias\/vivam-intensamente-o-noviciado-cinco-jovens-sao-admitidos-no-noviciado-em-rodeio.html#primaryimage\"},\"datePublished\":\"2025-01-16T18:09:05+00:00\",\"dateModified\":\"2025-03-10T19:21:41+00:00\",\"author\":{\"@id\":\"https:\/\/franciscanos.org.br\/noticias\/#\/schema\/person\/d9422e83121c3ad3b0f423d195f5bb25\"},\"breadcrumb\":{\"@id\":\"https:\/\/franciscanos.org.br\/noticias\/vivam-intensamente-o-noviciado-cinco-jovens-sao-admitidos-no-noviciado-em-rodeio.html#breadcrumb\"},\"inLanguage\":\"pt-BR\",\"potentialAction\":[{\"@type\":\"ReadAction\",\"target\":[\"https:\/\/franciscanos.org.br\/noticias\/vivam-intensamente-o-noviciado-cinco-jovens-sao-admitidos-no-noviciado-em-rodeio.html\"]}]},{\"@type\":\"BreadcrumbList\",\"@id\":\"https:\/\/franciscanos.org.br\/noticias\/vivam-intensamente-o-noviciado-cinco-jovens-sao-admitidos-no-noviciado-em-rodeio.html#breadcrumb\",\"itemListElement\":[{\"@type\":\"ListItem\",\"position\":1,\"name\":\"Home\",\"item\":\"https:\/\/franciscanos.org.br\/noticias\"},{\"@type\":\"ListItem\",\"position\":2,\"name\":\"Fraternidade S\u00e3o Jos\u00e9 acolhe cinco novi\u00e7os: \u201cVivam intensamente o Noviciado!\u201d\"}]},{\"@type\":\"Person\",\"@id\":\"https:\/\/franciscanos.org.br\/noticias\/#\/schema\/person\/d9422e83121c3ad3b0f423d195f5bb25\",\"name\":\"Adriana Rabelo\",\"image\":{\"@type\":\"ImageObject\",\"inLanguage\":\"pt-BR\",\"@id\":\"https:\/\/franciscanos.org.br\/noticias\/#\/schema\/person\/image\/\",\"url\":\"https:\/\/secure.gravatar.com\/avatar\/0a937b7500cd7df77540cfb8bede877d?s=96&d=mm&r=g\",\"contentUrl\":\"https:\/\/secure.gravatar.com\/avatar\/0a937b7500cd7df77540cfb8bede877d?s=96&d=mm&r=g\",\"caption\":\"Adriana Rabelo\"},\"url\":\"https:\/\/franciscanos.org.br\/noticias\/author\/adrianarabelo\"}]}<\/script>\n<!-- \/ Yoast SEO plugin. -->","yoast_head_json":{"title":"Fraternidade S\u00e3o Jos\u00e9 acolhe cinco novi\u00e7os: \u201cVivam intensamente o Noviciado!\u201d - Not\u00edcias - Franciscanos","robots":{"index":"index","follow":"follow","max-snippet":"max-snippet:-1","max-image-preview":"max-image-preview:large","max-video-preview":"max-video-preview:-1"},"canonical":"https:\/\/franciscanos.org.br\/noticias\/vivam-intensamente-o-noviciado-cinco-jovens-sao-admitidos-no-noviciado-em-rodeio.html","og_locale":"pt_BR","og_type":"article","og_title":"Fraternidade S\u00e3o Jos\u00e9 acolhe cinco novi\u00e7os: \u201cVivam intensamente o Noviciado!\u201d - Not\u00edcias - Franciscanos","og_description":"Admiss\u00e3o Novi\u00e7os","og_url":"https:\/\/franciscanos.org.br\/noticias\/vivam-intensamente-o-noviciado-cinco-jovens-sao-admitidos-no-noviciado-em-rodeio.html","og_site_name":"Not\u00edcias - Franciscanos","article_published_time":"2025-01-16T18:09:05+00:00","article_modified_time":"2025-03-10T19:21:41+00:00","og_image":[{"width":800,"height":550,"url":"https:\/\/franciscanos.org.br\/noticias\/wp-content\/uploads\/2025\/01\/CHAMADA-ADMISSAO-NOVICOS.jpg","type":"image\/jpeg"}],"author":"Adriana Rabelo","twitter_card":"summary_large_image","twitter_misc":{"Escrito por":"Adriana Rabelo","Est. tempo de leitura":"3 minutos"},"schema":{"@context":"https:\/\/schema.org","@graph":[{"@type":"WebSite","@id":"https:\/\/franciscanos.org.br\/noticias\/#website","url":"https:\/\/franciscanos.org.br\/noticias\/","name":"Not\u00edcias - Franciscanos","description":"Prov\u00edncia Franciscana da Imaculada Concei\u00e7\u00e3o do Brasil - Ordem dos Frades Menores - OFM","potentialAction":[{"@type":"SearchAction","target":{"@type":"EntryPoint","urlTemplate":"https:\/\/franciscanos.org.br\/noticias\/?s={search_term_string}"},"query-input":"required name=search_term_string"}],"inLanguage":"pt-BR"},{"@type":"ImageObject","inLanguage":"pt-BR","@id":"https:\/\/franciscanos.org.br\/noticias\/vivam-intensamente-o-noviciado-cinco-jovens-sao-admitidos-no-noviciado-em-rodeio.html#primaryimage","url":"https:\/\/franciscanos.org.br\/noticias\/wp-content\/uploads\/2025\/01\/CHAMADA-ADMISSAO-NOVICOS.jpg","contentUrl":"https:\/\/franciscanos.org.br\/noticias\/wp-content\/uploads\/2025\/01\/CHAMADA-ADMISSAO-NOVICOS.jpg","width":800,"height":550},{"@type":"WebPage","@id":"https:\/\/franciscanos.org.br\/noticias\/vivam-intensamente-o-noviciado-cinco-jovens-sao-admitidos-no-noviciado-em-rodeio.html#webpage","url":"https:\/\/franciscanos.org.br\/noticias\/vivam-intensamente-o-noviciado-cinco-jovens-sao-admitidos-no-noviciado-em-rodeio.html","name":"Fraternidade S\u00e3o Jos\u00e9 acolhe cinco novi\u00e7os: \u201cVivam intensamente o Noviciado!\u201d - Not\u00edcias - Franciscanos","isPartOf":{"@id":"https:\/\/franciscanos.org.br\/noticias\/#website"},"primaryImageOfPage":{"@id":"https:\/\/franciscanos.org.br\/noticias\/vivam-intensamente-o-noviciado-cinco-jovens-sao-admitidos-no-noviciado-em-rodeio.html#primaryimage"},"datePublished":"2025-01-16T18:09:05+00:00","dateModified":"2025-03-10T19:21:41+00:00","author":{"@id":"https:\/\/franciscanos.org.br\/noticias\/#\/schema\/person\/d9422e83121c3ad3b0f423d195f5bb25"},"breadcrumb":{"@id":"https:\/\/franciscanos.org.br\/noticias\/vivam-intensamente-o-noviciado-cinco-jovens-sao-admitidos-no-noviciado-em-rodeio.html#breadcrumb"},"inLanguage":"pt-BR","potentialAction":[{"@type":"ReadAction","target":["https:\/\/franciscanos.org.br\/noticias\/vivam-intensamente-o-noviciado-cinco-jovens-sao-admitidos-no-noviciado-em-rodeio.html"]}]},{"@type":"BreadcrumbList","@id":"https:\/\/franciscanos.org.br\/noticias\/vivam-intensamente-o-noviciado-cinco-jovens-sao-admitidos-no-noviciado-em-rodeio.html#breadcrumb","itemListElement":[{"@type":"ListItem","position":1,"name":"Home","item":"https:\/\/franciscanos.org.br\/noticias"},{"@type":"ListItem","position":2,"name":"Fraternidade S\u00e3o Jos\u00e9 acolhe cinco novi\u00e7os: \u201cVivam intensamente o Noviciado!\u201d"}]},{"@type":"Person","@id":"https:\/\/franciscanos.org.br\/noticias\/#\/schema\/person\/d9422e83121c3ad3b0f423d195f5bb25","name":"Adriana Rabelo","image":{"@type":"ImageObject","inLanguage":"pt-BR","@id":"https:\/\/franciscanos.org.br\/noticias\/#\/schema\/person\/image\/","url":"https:\/\/secure.gravatar.com\/avatar\/0a937b7500cd7df77540cfb8bede877d?s=96&d=mm&r=g","contentUrl":"https:\/\/secure.gravatar.com\/avatar\/0a937b7500cd7df77540cfb8bede877d?s=96&d=mm&r=g","caption":"Adriana Rabelo"},"url":"https:\/\/franciscanos.org.br\/noticias\/author\/adrianarabelo"}]}},"_links":{"self":[{"href":"https:\/\/franciscanos.org.br\/noticias\/wp-json\/wp\/v2\/posts\/254022"}],"collection":[{"href":"https:\/\/franciscanos.org.br\/noticias\/wp-json\/wp\/v2\/posts"}],"about":[{"href":"https:\/\/franciscanos.org.br\/noticias\/wp-json\/wp\/v2\/types\/post"}],"author":[{"embeddable":true,"href":"https:\/\/franciscanos.org.br\/noticias\/wp-json\/wp\/v2\/users\/11"}],"replies":[{"embeddable":true,"href":"https:\/\/franciscanos.org.br\/noticias\/wp-json\/wp\/v2\/comments?post=254022"}],"version-history":[{"count":18,"href":"https:\/\/franciscanos.org.br\/noticias\/wp-json\/wp\/v2\/posts\/254022\/revisions"}],"predecessor-version":[{"id":254196,"href":"https:\/\/franciscanos.org.br\/noticias\/wp-json\/wp\/v2\/posts\/254022\/revisions\/254196"}],"wp:featuredmedia":[{"embeddable":true,"href":"https:\/\/franciscanos.org.br\/noticias\/wp-json\/wp\/v2\/media\/254056"}],"wp:attachment":[{"href":"https:\/\/franciscanos.org.br\/noticias\/wp-json\/wp\/v2\/media?parent=254022"}],"wp:term":[{"taxonomy":"category","embeddable":true,"href":"https:\/\/franciscanos.org.br\/noticias\/wp-json\/wp\/v2\/categories?post=254022"},{"taxonomy":"post_tag","embeddable":true,"href":"https:\/\/franciscanos.org.br\/noticias\/wp-json\/wp\/v2\/tags?post=254022"}],"curies":[{"name":"wp","href":"https:\/\/api.w.org\/{rel}","templated":true}]}}