{"id":254009,"date":"2025-01-16T13:15:14","date_gmt":"2025-01-16T16:15:14","guid":{"rendered":"https:\/\/franciscanos.org.br\/noticias\/?p=254009"},"modified":"2025-01-16T13:17:48","modified_gmt":"2025-01-16T16:17:48","slug":"50-anos-de-vida-religiosa-celebrar-o-jubileu-e-revestir-se-de-gratidao","status":"publish","type":"post","link":"https:\/\/franciscanos.org.br\/noticias\/50-anos-de-vida-religiosa-celebrar-o-jubileu-e-revestir-se-de-gratidao.html","title":{"rendered":"50 anos de vida religiosa: Celebrar o Jubileu \u00e9 revestir-se de gratid\u00e3o"},"content":{"rendered":"<p><img loading=\"lazy\" class=\"aligncenter wp-image-254010 size-full\" src=\"https:\/\/franciscanos.org.br\/noticias\/wp-content\/uploads\/2025\/01\/WhatsApp-Image-2025-01-16-at-12.08.34.jpeg\" alt=\"\" width=\"1280\" height=\"719\" srcset=\"https:\/\/franciscanos.org.br\/noticias\/wp-content\/uploads\/2025\/01\/WhatsApp-Image-2025-01-16-at-12.08.34.jpeg 1280w, https:\/\/franciscanos.org.br\/noticias\/wp-content\/uploads\/2025\/01\/WhatsApp-Image-2025-01-16-at-12.08.34-450x253.jpeg 450w, https:\/\/franciscanos.org.br\/noticias\/wp-content\/uploads\/2025\/01\/WhatsApp-Image-2025-01-16-at-12.08.34-1024x575.jpeg 1024w, https:\/\/franciscanos.org.br\/noticias\/wp-content\/uploads\/2025\/01\/WhatsApp-Image-2025-01-16-at-12.08.34-768x431.jpeg 768w, https:\/\/franciscanos.org.br\/noticias\/wp-content\/uploads\/2025\/01\/WhatsApp-Image-2025-01-16-at-12.08.34-150x84.jpeg 150w\" sizes=\"(max-width: 1280px) 100vw, 1280px\" \/><\/p>\n<p>No pr\u00f3ximo dia 20 de janeiro, a Prov\u00edncia Franciscana da Imaculada Concei\u00e7\u00e3o do Brasil celebra 50 anos de Vida Religiosa Franciscana de cinco frades que h\u00e1 meio s\u00e9culo deram o seu \u201csim\u201d \u00e0 vida consagrada e hoje podem dizer que s\u00e3o testemunhas do Evangelho por meio de seus atos e pr\u00e1ticas religiosas. S\u00e3o eles: <strong>Frei Fid\u00eancio Vanboemmel, Frei Francisco Mafra, Frei Gilberto Marcos Sessino Piscitelli, Frei Luiz Carlos Peloso e Frei Osvaldo Lino Luiz<\/strong>.<\/p>\n<p>No Semin\u00e1rio Santo Ant\u00f4nio, em Agudos (SP), eles iniciaram uma trajet\u00f3ria que determinou os rumos de suas vidas. Ao mesmo tempo que deixavam os pais, irm\u00e3os, demais parentes, amigos, lugares que representavam aconchego, passavam a conhecer uma nova e fam\u00edlia que os convidava para viver em fraternidade, como irm\u00e3os.<\/p>\n<p>Qual deles imaginaria na \u00e9poca que iriam acompanhar hist\u00f3rias e momentos desafiados pelo tempo de uma Ordem que j\u00e1 est\u00e1 com mais 800 anos e que, na atualidade, \u00e9 uma importante refer\u00eancia, inclusive para a manuten\u00e7\u00e3o da unidade humana na preserva\u00e7\u00e3o da nossa Casa Comum.<\/p>\n<p>O momento exige reflex\u00e3o nos quais os pensamentos caminham com a hist\u00f3ria, os momentos vividos e a certeza de que a vida dedicada a Deus nunca \u00e9 em v\u00e3o, pois o amor prevaleceu.<\/p>\n<p><strong>Caminho de santifica\u00e7\u00e3o pessoal<\/strong><\/p>\n<p>Podemos definir o sentido da vida religiosa daquele que responde ao chamado de Deus para dedicar a vida inteiramente a Ele, em uma entrega absoluta. Para um frade franciscano, essa escolha \u00e9 marcada pela consagra\u00e7\u00e3o por meio de um Voto feito a Deus, de viver em pobreza, castidade e obedi\u00eancia, que configura a vida religiosa como um testemunho radical do Evangelho, assim como fez o Pai Ser\u00e1fico S\u00e3o Francisco de Assis.<\/p>\n<p>Ao longo dessa caminhada, ele percorre momentos de confirma\u00e7\u00e3o junto a Deus e a comunidade do seu compromisso de vida religiosa dedicada \u00e0 difus\u00e3o do Evangelho, aos pobres e a Igreja no seguimento de Jesus Cristo.<\/p>\n<p>Percorrendo o seu tempo, a sua hist\u00f3ria moldando-se e ajudando a moldar leigos e vocacionados no caminho da f\u00e9 e da observ\u00e2ncia ele cumpre a sua miss\u00e3o.\u00a0 Assim como os mais de 8 bilh\u00f5es de seres humanos que habitam o planeta Terra, nossa Casa Comum, o frade tamb\u00e9m \u00e9 feito de carne e osso, enfrenta dificuldades em sua caminhada religiosa, assim como desafios.<\/p>\n<p>Mas, qual o diferencial de um franciscano? Aos olhos de Deus somos todos iguais, mas, um frade torna-se diferente nesse rebanho do Pai, quando verdadeiramente assume a sua miss\u00e3o religiosa e se disp\u00f5e a enfrentar todos os desafios deste mundo para viver o Evangelho em plenitude, com o prop\u00f3sito de contribuir com um mundo mais justo e solid\u00e1rio, seguindo fielmente a Regra Bulada, que determina o jeito de ser franciscano.<\/p>\n<p>O tempo traz experi\u00eancias constitu\u00eddas por todos momentos de viv\u00eancia em fraternidade, junto aos ambientes nos quais ele pratica e vive o carisma e a espiritualidade franciscana.<\/p>\n<p>Celebrar o jubileu de 50 anos de Vida Religiosa Franciscana \u00e9 uma ocasi\u00e3o de profunda gratid\u00e3o e renova\u00e7\u00e3o espiritual para a pessoa consagrada e para a comunidade em que vive. \u00c9 um momento para recordar meio s\u00e9culo de fidelidade ao chamado de Deus, marcado pela viv\u00eancia dos votos religiosos e pelo servi\u00e7o \u00e0 Igreja e ao pr\u00f3ximo.<\/p>\n<p>\u201cConfesso que nunca havia pensado em atingir o jubileu de ouro de vida religiosa, n\u00e3o pela voca\u00e7\u00e3o que para mim sempre foi clara, amo a vida religiosa. A Prov\u00edncia me acolheu, proporcionou estudo, conhecimento e discernimento na vida franciscana.\u00a0 A verdade \u00e9 que entrei movido pelo ideal do evangelho buscando servir e viver em fraternidade; como diz a regra: em obedi\u00eancia, castidade e prop\u00f3sito.\u00a0 Busquei e ainda busco o ideal, tendo certeza que a perfei\u00e7\u00e3o s\u00f3 ap\u00f3s a irm\u00e3 morte. Valeu a pena? Sem d\u00favida, faria de novo com as devidas corre\u00e7\u00f5es\u201d, disse Frei Gilberto Marcos Sessino Piscitelli, p\u00e1roco da Par\u00f3quia Santo Ant\u00f4nio do Pari, em S\u00e3o Paulo (SP).<\/p>\n<p>Frei Fid\u00eancio Vanboemmel, \u00e9 coordenador do Servi\u00e7o Provincial de Prote\u00e7\u00e3o, Vice-Secret\u00e1rio provincial, Vig\u00e1rio paroquial, Assistente da Federa\u00e7\u00e3o das Clarissas e Assistente da OFS. Em sua reflex\u00e3o sobre a import\u00e2ncia dos 50 anos de vida religiosa, disse que esta quest\u00e3o tem o inquietado de forma positiva nos \u00faltimos tempos.<\/p>\n<p>\u201cA partir de 2025, no livrinho \u201cIrm\u00e3os e Fraternidades\u201d da Prov\u00edncia, \u00e9 acrescentado ao meu nome o termo \u201cJubilado\u201d. Um acr\u00e9scimo que assusta! Onde foram parar os 50 anos que passaram t\u00e3o velozmente? E longe de considerar-me um anci\u00e3o j\u00e1 desgastado pelos anos vividos como religioso, celebrar o jubileu \u00e9 motiva\u00e7\u00e3o ainda maior para renovar o compromisso que assumi na Primeira Profiss\u00e3o, ao t\u00e9rmino do ano do Noviciado, manh\u00e3 do dia 20 de janeiro de 1975.<\/p>\n<p>Segundo ele, celebrar o jubileu \u00e9 mais de que festejar uma data. \u201cCelebrar o Jubileu \u00e9 revestir-se de gratid\u00e3o para quem um dia apostou, acreditou e professou viver sua vida na Ordem dos Frades Menores, fazendo da vida um itiner\u00e1rio no seguimento de Nosso Senhor Jesus Cristo, a exemplo de S\u00e3o Francisco de Assis\u201d.<\/p>\n<p>Al\u00e9m disso, o frade explicou que celebrar o Jubileu de Vida Religiosa no Ano Jubilar da Igreja \u00e9 uma ben\u00e7\u00e3o ainda maior. \u201cO que um dia foi s\u00faplica em S\u00e3o Francisco de Assis, \u2018d\u00e1-me esperan\u00e7a certa\u201d, \u00e9 certeza de que tamb\u00e9m devo continuar a ser \u201cPeregrino de Esperan\u00e7a\u201d, mesmo ultrapassando a contagem dos \u201ccinquenta\u2019. Nesse sentido comungo com o Papa Francisco quando nos estimulou a encontrar neste Ano Santo Jubilar a esperan\u00e7a na gra\u00e7a de Deus e que a esperan\u00e7a deve ser a companheira a guiar os nossos passos para Cristo. Assim, esta esperan\u00e7a-companheira \u00e9 fundamental para o tempo que Deus ainda me concede para viver a d\u00e1diva da voca\u00e7\u00e3o como um benef\u00edcio que necessita de cont\u00ednua ressignifica\u00e7\u00e3o\u201d.<\/p>\n<p>Frei Fid\u00eancio ainda falou da import\u00e2ncia de olhar o passado com gratid\u00e3o nesse momento celebrativo. \u201cQuantas hist\u00f3rias, vidas e caminhos se entrecruzaram nestes 50 anos: a minha fam\u00edlia, os confrades, os fi\u00e9is leigos e leigas, as pessoas consagradas, a Ordem Franciscana Secular e a Jufra, os muitos formandos nas diferentes etapas de forma\u00e7\u00e3o. A todos a minha gratid\u00e3o pelo incentivo. E com a gratid\u00e3o tamb\u00e9m segue a s\u00faplica de perd\u00e3o t\u00e3o necess\u00e1ria para quem celebra o Jubileu. Com a santidade, tamb\u00e9m estamos revestidos de fragilidades da nossa condi\u00e7\u00e3o humana. Celebrar o jubileu tamb\u00e9m \u00e9 olhar para o horizonte de Deus, para o futuro que vai al\u00e9m daquilo que a nossa compreens\u00e3o alcan\u00e7a. Por isso, valem as palavras de S\u00e3o Francisco e de Santa Clara:\u00a0 \u201cComecemos, irm\u00e3os&#8230;\u201d e \u201cN\u00e3o perca de vista seu ponto de partida\u201d.<\/p>\n<p>Ele encerrou sua fala dizendo que: \u201cCelebrar este Jubileu dos 50 anos de Vida Religiosa Franciscana no ano jubilar dos 800 anos da composi\u00e7\u00e3o do C\u00e2ntico das Criaturas, \u00e9 reposicionar-me como integrante do jogral de Deus para cantar com gratid\u00e3o ainda maior ao Criador: \u201cAlt\u00edssimo, onipotente, bom Senhor, teus s\u00e3o o louvor, a gl\u00f3ria e a honra e toda a b\u00ean\u00e7\u00e3o\u201d.<\/p>\n<p>A Prov\u00edncia Franciscana da Imaculada Concei\u00e7\u00e3o do Brasil agradece por toda dedica\u00e7\u00e3o e doa\u00e7\u00e3o desses frades que continuam contribuindo com a constru\u00e7\u00e3o de um mundo mais fraterno, justo e solid\u00e1rio.<\/p>\n\n\t\t<style type=\"text\/css\">\n\t\t\t#gallery-1 {\n\t\t\t\tmargin: auto;\n\t\t\t}\n\t\t\t#gallery-1 .gallery-item {\n\t\t\t\tfloat: left;\n\t\t\t\tmargin-top: 10px;\n\t\t\t\ttext-align: center;\n\t\t\t\twidth: 20%;\n\t\t\t}\n\t\t\t#gallery-1 img {\n\t\t\t\tborder: 2px solid #cfcfcf;\n\t\t\t}\n\t\t\t#gallery-1 .gallery-caption {\n\t\t\t\tmargin-left: 0;\n\t\t\t}\n\t\t\t\/* see gallery_shortcode() in wp-includes\/media.php *\/\n\t\t<\/style>\n\t\t<div id='gallery-1' class='gallery galleryid-254009 gallery-columns-5 gallery-size-large'><dl class='gallery-item'>\n\t\t\t<dt class='gallery-icon portrait'>\n\t\t\t\t<a href='https:\/\/franciscanos.org.br\/noticias\/50-anos-de-vida-religiosa-celebrar-o-jubileu-e-revestir-se-de-gratidao.html\/frei-fidencio-vanboemmel'><img width=\"591\" height=\"709\" src=\"https:\/\/franciscanos.org.br\/noticias\/wp-content\/uploads\/2025\/01\/Frei-Fidencio-Vanboemmel.jpg\" class=\"attachment-large size-large\" alt=\"\" loading=\"lazy\" aria-describedby=\"gallery-1-254011\" srcset=\"https:\/\/franciscanos.org.br\/noticias\/wp-content\/uploads\/2025\/01\/Frei-Fidencio-Vanboemmel.jpg 591w, https:\/\/franciscanos.org.br\/noticias\/wp-content\/uploads\/2025\/01\/Frei-Fidencio-Vanboemmel-375x450.jpg 375w, https:\/\/franciscanos.org.br\/noticias\/wp-content\/uploads\/2025\/01\/Frei-Fidencio-Vanboemmel-150x180.jpg 150w\" sizes=\"(max-width: 591px) 100vw, 591px\" \/><\/a>\n\t\t\t<\/dt>\n\t\t\t\t<dd class='wp-caption-text gallery-caption' id='gallery-1-254011'>\n\t\t\t\tFrei Fid\u00eancio\n\t\t\t\t<\/dd><\/dl><dl class='gallery-item'>\n\t\t\t<dt class='gallery-icon portrait'>\n\t\t\t\t<a href='https:\/\/franciscanos.org.br\/noticias\/50-anos-de-vida-religiosa-celebrar-o-jubileu-e-revestir-se-de-gratidao.html\/frei-francisco-mafra'><img width=\"591\" height=\"709\" src=\"https:\/\/franciscanos.org.br\/noticias\/wp-content\/uploads\/2025\/01\/Frei-Francisco-Mafra.jpg\" class=\"attachment-large size-large\" alt=\"\" loading=\"lazy\" aria-describedby=\"gallery-1-254012\" srcset=\"https:\/\/franciscanos.org.br\/noticias\/wp-content\/uploads\/2025\/01\/Frei-Francisco-Mafra.jpg 591w, https:\/\/franciscanos.org.br\/noticias\/wp-content\/uploads\/2025\/01\/Frei-Francisco-Mafra-375x450.jpg 375w, https:\/\/franciscanos.org.br\/noticias\/wp-content\/uploads\/2025\/01\/Frei-Francisco-Mafra-150x180.jpg 150w\" sizes=\"(max-width: 591px) 100vw, 591px\" \/><\/a>\n\t\t\t<\/dt>\n\t\t\t\t<dd class='wp-caption-text gallery-caption' id='gallery-1-254012'>\n\t\t\t\tFrei Francisco\n\t\t\t\t<\/dd><\/dl><dl class='gallery-item'>\n\t\t\t<dt class='gallery-icon portrait'>\n\t\t\t\t<a href='https:\/\/franciscanos.org.br\/noticias\/50-anos-de-vida-religiosa-celebrar-o-jubileu-e-revestir-se-de-gratidao.html\/frei-gilberto-marcos-sessino-piscitelli'><img width=\"709\" height=\"847\" src=\"https:\/\/franciscanos.org.br\/noticias\/wp-content\/uploads\/2025\/01\/Frei-Gilberto-Marcos-Sessino-Piscitelli.jpg\" class=\"attachment-large size-large\" alt=\"\" loading=\"lazy\" aria-describedby=\"gallery-1-254013\" srcset=\"https:\/\/franciscanos.org.br\/noticias\/wp-content\/uploads\/2025\/01\/Frei-Gilberto-Marcos-Sessino-Piscitelli.jpg 709w, https:\/\/franciscanos.org.br\/noticias\/wp-content\/uploads\/2025\/01\/Frei-Gilberto-Marcos-Sessino-Piscitelli-377x450.jpg 377w, https:\/\/franciscanos.org.br\/noticias\/wp-content\/uploads\/2025\/01\/Frei-Gilberto-Marcos-Sessino-Piscitelli-150x179.jpg 150w\" sizes=\"(max-width: 709px) 100vw, 709px\" \/><\/a>\n\t\t\t<\/dt>\n\t\t\t\t<dd class='wp-caption-text gallery-caption' id='gallery-1-254013'>\n\t\t\t\tFrei Gilberto\n\t\t\t\t<\/dd><\/dl><dl class='gallery-item'>\n\t\t\t<dt class='gallery-icon portrait'>\n\t\t\t\t<a href='https:\/\/franciscanos.org.br\/noticias\/50-anos-de-vida-religiosa-celebrar-o-jubileu-e-revestir-se-de-gratidao.html\/luiz-carlos-peloso'><img width=\"709\" height=\"847\" src=\"https:\/\/franciscanos.org.br\/noticias\/wp-content\/uploads\/2025\/01\/Luiz-Carlos-Peloso.jpg\" class=\"attachment-large size-large\" alt=\"\" loading=\"lazy\" aria-describedby=\"gallery-1-254014\" srcset=\"https:\/\/franciscanos.org.br\/noticias\/wp-content\/uploads\/2025\/01\/Luiz-Carlos-Peloso.jpg 709w, https:\/\/franciscanos.org.br\/noticias\/wp-content\/uploads\/2025\/01\/Luiz-Carlos-Peloso-377x450.jpg 377w, https:\/\/franciscanos.org.br\/noticias\/wp-content\/uploads\/2025\/01\/Luiz-Carlos-Peloso-150x179.jpg 150w\" sizes=\"(max-width: 709px) 100vw, 709px\" \/><\/a>\n\t\t\t<\/dt>\n\t\t\t\t<dd class='wp-caption-text gallery-caption' id='gallery-1-254014'>\n\t\t\t\tFrei Luiz Carlos\n\t\t\t\t<\/dd><\/dl><dl class='gallery-item'>\n\t\t\t<dt class='gallery-icon portrait'>\n\t\t\t\t<a href='https:\/\/franciscanos.org.br\/noticias\/50-anos-de-vida-religiosa-celebrar-o-jubileu-e-revestir-se-de-gratidao.html\/frei-osvaldo-lino-luiz'><img width=\"591\" height=\"709\" src=\"https:\/\/franciscanos.org.br\/noticias\/wp-content\/uploads\/2025\/01\/Frei-Osvaldo-Lino-Luiz.jpg\" class=\"attachment-large size-large\" alt=\"\" loading=\"lazy\" aria-describedby=\"gallery-1-254015\" srcset=\"https:\/\/franciscanos.org.br\/noticias\/wp-content\/uploads\/2025\/01\/Frei-Osvaldo-Lino-Luiz.jpg 591w, https:\/\/franciscanos.org.br\/noticias\/wp-content\/uploads\/2025\/01\/Frei-Osvaldo-Lino-Luiz-375x450.jpg 375w, https:\/\/franciscanos.org.br\/noticias\/wp-content\/uploads\/2025\/01\/Frei-Osvaldo-Lino-Luiz-150x180.jpg 150w\" sizes=\"(max-width: 591px) 100vw, 591px\" \/><\/a>\n\t\t\t<\/dt>\n\t\t\t\t<dd class='wp-caption-text gallery-caption' id='gallery-1-254015'>\n\t\t\t\tFrei Osvaldo\n\t\t\t\t<\/dd><\/dl><br style=\"clear: both\" \/>\n\t\t<\/div>\n\n<hr \/>\n<p><em>Adriana Rabelo<\/em><\/p>\n","protected":false},"excerpt":{"rendered":"<p>Bodas de ouro de Vida Religiosa Franciscana<\/p>\n","protected":false},"author":11,"featured_media":254016,"comment_status":"open","ping_status":"open","sticky":false,"template":"","format":"standard","meta":[],"categories":[1],"tags":[1958],"acf":[],"yoast_head":"<!-- This site is optimized with the Yoast SEO plugin v19.2 - https:\/\/yoast.com\/wordpress\/plugins\/seo\/ -->\n<title>50 anos de vida religiosa: Celebrar o Jubileu \u00e9 revestir-se de gratid\u00e3o - Not\u00edcias - Franciscanos<\/title>\n<meta name=\"robots\" content=\"index, follow, max-snippet:-1, max-image-preview:large, max-video-preview:-1\" \/>\n<link rel=\"canonical\" href=\"https:\/\/franciscanos.org.br\/noticias\/50-anos-de-vida-religiosa-celebrar-o-jubileu-e-revestir-se-de-gratidao.html\" \/>\n<meta property=\"og:locale\" content=\"pt_BR\" \/>\n<meta property=\"og:type\" content=\"article\" \/>\n<meta property=\"og:title\" content=\"50 anos de vida religiosa: Celebrar o Jubileu \u00e9 revestir-se de gratid\u00e3o - Not\u00edcias - Franciscanos\" \/>\n<meta property=\"og:description\" content=\"Bodas de ouro de Vida Religiosa Franciscana\" \/>\n<meta property=\"og:url\" content=\"https:\/\/franciscanos.org.br\/noticias\/50-anos-de-vida-religiosa-celebrar-o-jubileu-e-revestir-se-de-gratidao.html\" \/>\n<meta property=\"og:site_name\" content=\"Not\u00edcias - Franciscanos\" \/>\n<meta property=\"article:published_time\" content=\"2025-01-16T16:15:14+00:00\" \/>\n<meta property=\"article:modified_time\" content=\"2025-01-16T16:17:48+00:00\" \/>\n<meta property=\"og:image\" content=\"https:\/\/franciscanos.org.br\/noticias\/wp-content\/uploads\/2025\/01\/WhatsApp-Image-2025-01-16-at-11.47.46.jpeg\" \/>\n\t<meta property=\"og:image:width\" content=\"1280\" \/>\n\t<meta property=\"og:image:height\" content=\"880\" \/>\n\t<meta property=\"og:image:type\" content=\"image\/jpeg\" \/>\n<meta name=\"author\" content=\"Adriana Rabelo\" \/>\n<meta name=\"twitter:card\" content=\"summary_large_image\" \/>\n<meta name=\"twitter:label1\" content=\"Escrito por\" \/>\n\t<meta name=\"twitter:data1\" content=\"Adriana Rabelo\" \/>\n\t<meta name=\"twitter:label2\" content=\"Est. tempo de leitura\" \/>\n\t<meta name=\"twitter:data2\" content=\"6 minutos\" \/>\n<script type=\"application\/ld+json\" class=\"yoast-schema-graph\">{\"@context\":\"https:\/\/schema.org\",\"@graph\":[{\"@type\":\"WebSite\",\"@id\":\"https:\/\/franciscanos.org.br\/noticias\/#website\",\"url\":\"https:\/\/franciscanos.org.br\/noticias\/\",\"name\":\"Not\u00edcias - Franciscanos\",\"description\":\"Prov\u00edncia Franciscana da Imaculada Concei\u00e7\u00e3o do Brasil - Ordem dos Frades Menores - OFM\",\"potentialAction\":[{\"@type\":\"SearchAction\",\"target\":{\"@type\":\"EntryPoint\",\"urlTemplate\":\"https:\/\/franciscanos.org.br\/noticias\/?s={search_term_string}\"},\"query-input\":\"required name=search_term_string\"}],\"inLanguage\":\"pt-BR\"},{\"@type\":\"ImageObject\",\"inLanguage\":\"pt-BR\",\"@id\":\"https:\/\/franciscanos.org.br\/noticias\/50-anos-de-vida-religiosa-celebrar-o-jubileu-e-revestir-se-de-gratidao.html#primaryimage\",\"url\":\"https:\/\/franciscanos.org.br\/noticias\/wp-content\/uploads\/2025\/01\/WhatsApp-Image-2025-01-16-at-11.47.46.jpeg\",\"contentUrl\":\"https:\/\/franciscanos.org.br\/noticias\/wp-content\/uploads\/2025\/01\/WhatsApp-Image-2025-01-16-at-11.47.46.jpeg\",\"width\":1280,\"height\":880},{\"@type\":\"WebPage\",\"@id\":\"https:\/\/franciscanos.org.br\/noticias\/50-anos-de-vida-religiosa-celebrar-o-jubileu-e-revestir-se-de-gratidao.html#webpage\",\"url\":\"https:\/\/franciscanos.org.br\/noticias\/50-anos-de-vida-religiosa-celebrar-o-jubileu-e-revestir-se-de-gratidao.html\",\"name\":\"50 anos de vida religiosa: Celebrar o Jubileu \u00e9 revestir-se de gratid\u00e3o - Not\u00edcias - Franciscanos\",\"isPartOf\":{\"@id\":\"https:\/\/franciscanos.org.br\/noticias\/#website\"},\"primaryImageOfPage\":{\"@id\":\"https:\/\/franciscanos.org.br\/noticias\/50-anos-de-vida-religiosa-celebrar-o-jubileu-e-revestir-se-de-gratidao.html#primaryimage\"},\"datePublished\":\"2025-01-16T16:15:14+00:00\",\"dateModified\":\"2025-01-16T16:17:48+00:00\",\"author\":{\"@id\":\"https:\/\/franciscanos.org.br\/noticias\/#\/schema\/person\/d9422e83121c3ad3b0f423d195f5bb25\"},\"breadcrumb\":{\"@id\":\"https:\/\/franciscanos.org.br\/noticias\/50-anos-de-vida-religiosa-celebrar-o-jubileu-e-revestir-se-de-gratidao.html#breadcrumb\"},\"inLanguage\":\"pt-BR\",\"potentialAction\":[{\"@type\":\"ReadAction\",\"target\":[\"https:\/\/franciscanos.org.br\/noticias\/50-anos-de-vida-religiosa-celebrar-o-jubileu-e-revestir-se-de-gratidao.html\"]}]},{\"@type\":\"BreadcrumbList\",\"@id\":\"https:\/\/franciscanos.org.br\/noticias\/50-anos-de-vida-religiosa-celebrar-o-jubileu-e-revestir-se-de-gratidao.html#breadcrumb\",\"itemListElement\":[{\"@type\":\"ListItem\",\"position\":1,\"name\":\"Home\",\"item\":\"https:\/\/franciscanos.org.br\/noticias\"},{\"@type\":\"ListItem\",\"position\":2,\"name\":\"50 anos de vida religiosa: Celebrar o Jubileu \u00e9 revestir-se de gratid\u00e3o\"}]},{\"@type\":\"Person\",\"@id\":\"https:\/\/franciscanos.org.br\/noticias\/#\/schema\/person\/d9422e83121c3ad3b0f423d195f5bb25\",\"name\":\"Adriana Rabelo\",\"image\":{\"@type\":\"ImageObject\",\"inLanguage\":\"pt-BR\",\"@id\":\"https:\/\/franciscanos.org.br\/noticias\/#\/schema\/person\/image\/\",\"url\":\"https:\/\/secure.gravatar.com\/avatar\/0a937b7500cd7df77540cfb8bede877d?s=96&d=mm&r=g\",\"contentUrl\":\"https:\/\/secure.gravatar.com\/avatar\/0a937b7500cd7df77540cfb8bede877d?s=96&d=mm&r=g\",\"caption\":\"Adriana Rabelo\"},\"url\":\"https:\/\/franciscanos.org.br\/noticias\/author\/adrianarabelo\"}]}<\/script>\n<!-- \/ Yoast SEO plugin. -->","yoast_head_json":{"title":"50 anos de vida religiosa: Celebrar o Jubileu \u00e9 revestir-se de gratid\u00e3o - Not\u00edcias - Franciscanos","robots":{"index":"index","follow":"follow","max-snippet":"max-snippet:-1","max-image-preview":"max-image-preview:large","max-video-preview":"max-video-preview:-1"},"canonical":"https:\/\/franciscanos.org.br\/noticias\/50-anos-de-vida-religiosa-celebrar-o-jubileu-e-revestir-se-de-gratidao.html","og_locale":"pt_BR","og_type":"article","og_title":"50 anos de vida religiosa: Celebrar o Jubileu \u00e9 revestir-se de gratid\u00e3o - Not\u00edcias - Franciscanos","og_description":"Bodas de ouro de Vida Religiosa Franciscana","og_url":"https:\/\/franciscanos.org.br\/noticias\/50-anos-de-vida-religiosa-celebrar-o-jubileu-e-revestir-se-de-gratidao.html","og_site_name":"Not\u00edcias - Franciscanos","article_published_time":"2025-01-16T16:15:14+00:00","article_modified_time":"2025-01-16T16:17:48+00:00","og_image":[{"width":1280,"height":880,"url":"https:\/\/franciscanos.org.br\/noticias\/wp-content\/uploads\/2025\/01\/WhatsApp-Image-2025-01-16-at-11.47.46.jpeg","type":"image\/jpeg"}],"author":"Adriana Rabelo","twitter_card":"summary_large_image","twitter_misc":{"Escrito por":"Adriana Rabelo","Est. tempo de leitura":"6 minutos"},"schema":{"@context":"https:\/\/schema.org","@graph":[{"@type":"WebSite","@id":"https:\/\/franciscanos.org.br\/noticias\/#website","url":"https:\/\/franciscanos.org.br\/noticias\/","name":"Not\u00edcias - Franciscanos","description":"Prov\u00edncia Franciscana da Imaculada Concei\u00e7\u00e3o do Brasil - Ordem dos Frades Menores - OFM","potentialAction":[{"@type":"SearchAction","target":{"@type":"EntryPoint","urlTemplate":"https:\/\/franciscanos.org.br\/noticias\/?s={search_term_string}"},"query-input":"required name=search_term_string"}],"inLanguage":"pt-BR"},{"@type":"ImageObject","inLanguage":"pt-BR","@id":"https:\/\/franciscanos.org.br\/noticias\/50-anos-de-vida-religiosa-celebrar-o-jubileu-e-revestir-se-de-gratidao.html#primaryimage","url":"https:\/\/franciscanos.org.br\/noticias\/wp-content\/uploads\/2025\/01\/WhatsApp-Image-2025-01-16-at-11.47.46.jpeg","contentUrl":"https:\/\/franciscanos.org.br\/noticias\/wp-content\/uploads\/2025\/01\/WhatsApp-Image-2025-01-16-at-11.47.46.jpeg","width":1280,"height":880},{"@type":"WebPage","@id":"https:\/\/franciscanos.org.br\/noticias\/50-anos-de-vida-religiosa-celebrar-o-jubileu-e-revestir-se-de-gratidao.html#webpage","url":"https:\/\/franciscanos.org.br\/noticias\/50-anos-de-vida-religiosa-celebrar-o-jubileu-e-revestir-se-de-gratidao.html","name":"50 anos de vida religiosa: Celebrar o Jubileu \u00e9 revestir-se de gratid\u00e3o - Not\u00edcias - Franciscanos","isPartOf":{"@id":"https:\/\/franciscanos.org.br\/noticias\/#website"},"primaryImageOfPage":{"@id":"https:\/\/franciscanos.org.br\/noticias\/50-anos-de-vida-religiosa-celebrar-o-jubileu-e-revestir-se-de-gratidao.html#primaryimage"},"datePublished":"2025-01-16T16:15:14+00:00","dateModified":"2025-01-16T16:17:48+00:00","author":{"@id":"https:\/\/franciscanos.org.br\/noticias\/#\/schema\/person\/d9422e83121c3ad3b0f423d195f5bb25"},"breadcrumb":{"@id":"https:\/\/franciscanos.org.br\/noticias\/50-anos-de-vida-religiosa-celebrar-o-jubileu-e-revestir-se-de-gratidao.html#breadcrumb"},"inLanguage":"pt-BR","potentialAction":[{"@type":"ReadAction","target":["https:\/\/franciscanos.org.br\/noticias\/50-anos-de-vida-religiosa-celebrar-o-jubileu-e-revestir-se-de-gratidao.html"]}]},{"@type":"BreadcrumbList","@id":"https:\/\/franciscanos.org.br\/noticias\/50-anos-de-vida-religiosa-celebrar-o-jubileu-e-revestir-se-de-gratidao.html#breadcrumb","itemListElement":[{"@type":"ListItem","position":1,"name":"Home","item":"https:\/\/franciscanos.org.br\/noticias"},{"@type":"ListItem","position":2,"name":"50 anos de vida religiosa: Celebrar o Jubileu \u00e9 revestir-se de gratid\u00e3o"}]},{"@type":"Person","@id":"https:\/\/franciscanos.org.br\/noticias\/#\/schema\/person\/d9422e83121c3ad3b0f423d195f5bb25","name":"Adriana Rabelo","image":{"@type":"ImageObject","inLanguage":"pt-BR","@id":"https:\/\/franciscanos.org.br\/noticias\/#\/schema\/person\/image\/","url":"https:\/\/secure.gravatar.com\/avatar\/0a937b7500cd7df77540cfb8bede877d?s=96&d=mm&r=g","contentUrl":"https:\/\/secure.gravatar.com\/avatar\/0a937b7500cd7df77540cfb8bede877d?s=96&d=mm&r=g","caption":"Adriana Rabelo"},"url":"https:\/\/franciscanos.org.br\/noticias\/author\/adrianarabelo"}]}},"_links":{"self":[{"href":"https:\/\/franciscanos.org.br\/noticias\/wp-json\/wp\/v2\/posts\/254009"}],"collection":[{"href":"https:\/\/franciscanos.org.br\/noticias\/wp-json\/wp\/v2\/posts"}],"about":[{"href":"https:\/\/franciscanos.org.br\/noticias\/wp-json\/wp\/v2\/types\/post"}],"author":[{"embeddable":true,"href":"https:\/\/franciscanos.org.br\/noticias\/wp-json\/wp\/v2\/users\/11"}],"replies":[{"embeddable":true,"href":"https:\/\/franciscanos.org.br\/noticias\/wp-json\/wp\/v2\/comments?post=254009"}],"version-history":[{"count":5,"href":"https:\/\/franciscanos.org.br\/noticias\/wp-json\/wp\/v2\/posts\/254009\/revisions"}],"predecessor-version":[{"id":254021,"href":"https:\/\/franciscanos.org.br\/noticias\/wp-json\/wp\/v2\/posts\/254009\/revisions\/254021"}],"wp:featuredmedia":[{"embeddable":true,"href":"https:\/\/franciscanos.org.br\/noticias\/wp-json\/wp\/v2\/media\/254016"}],"wp:attachment":[{"href":"https:\/\/franciscanos.org.br\/noticias\/wp-json\/wp\/v2\/media?parent=254009"}],"wp:term":[{"taxonomy":"category","embeddable":true,"href":"https:\/\/franciscanos.org.br\/noticias\/wp-json\/wp\/v2\/categories?post=254009"},{"taxonomy":"post_tag","embeddable":true,"href":"https:\/\/franciscanos.org.br\/noticias\/wp-json\/wp\/v2\/tags?post=254009"}],"curies":[{"name":"wp","href":"https:\/\/api.w.org\/{rel}","templated":true}]}}