{"id":253963,"date":"2025-01-15T16:53:08","date_gmt":"2025-01-15T19:53:08","guid":{"rendered":"https:\/\/franciscanos.org.br\/noticias\/?p=253963"},"modified":"2025-03-10T16:21:21","modified_gmt":"2025-03-10T19:21:21","slug":"quatro-frades-reafirmam-compromisso-vocacional-na-primeira-profissao-religiosa","status":"publish","type":"post","link":"https:\/\/franciscanos.org.br\/noticias\/quatro-frades-reafirmam-compromisso-vocacional-na-primeira-profissao-religiosa.html","title":{"rendered":"Quatro frades reafirmam compromisso vocacional na Primeira Profiss\u00e3o Religiosa"},"content":{"rendered":"<p><img loading=\"lazy\" class=\"aligncenter wp-image-253964 size-full\" src=\"https:\/\/franciscanos.org.br\/noticias\/wp-content\/uploads\/2025\/01\/MATERIA-PROFISSAO-RELIGIOSA-1.jpg\" alt=\"\" width=\"1280\" height=\"720\" srcset=\"https:\/\/franciscanos.org.br\/noticias\/wp-content\/uploads\/2025\/01\/MATERIA-PROFISSAO-RELIGIOSA-1.jpg 1280w, https:\/\/franciscanos.org.br\/noticias\/wp-content\/uploads\/2025\/01\/MATERIA-PROFISSAO-RELIGIOSA-1-450x253.jpg 450w, https:\/\/franciscanos.org.br\/noticias\/wp-content\/uploads\/2025\/01\/MATERIA-PROFISSAO-RELIGIOSA-1-1024x576.jpg 1024w, https:\/\/franciscanos.org.br\/noticias\/wp-content\/uploads\/2025\/01\/MATERIA-PROFISSAO-RELIGIOSA-1-768x432.jpg 768w, https:\/\/franciscanos.org.br\/noticias\/wp-content\/uploads\/2025\/01\/MATERIA-PROFISSAO-RELIGIOSA-1-150x84.jpg 150w\" sizes=\"(max-width: 1280px) 100vw, 1280px\" \/><\/p>\n<p>Envolvidos pela m\u00edstica franciscana e firmes no prop\u00f3sito de seguir os passos de Jesus Cristo, fundamentados nos exemplos de S\u00e3o Francisco de Assis, Frei Fabr\u00edcio Andreosa Martins, Frei Jean Carlos da Rosa dos Santos, Frei Leonardo Haag e Frei Patryck Ribeiro da Silva Dutra, conclu\u00edram o tempo do Noviciado e reafirmaram, diante da comunidade, familiares, convidados e confrades, o desejo de prosseguir na caminhada vocacional, por meio da\u00a0 Primeira Profiss\u00e3o Religiosa na Ordem Franciscana. O tema escolhido para a celebra\u00e7\u00e3o foi: \u201c Consideremos, irm\u00e3os todos, o Bom Pastor, que para salvar suas ovelhas sofreu a paix\u00e3o da cruz\u201d (Ad 6,1).<\/p>\n<p>Hoje este tempo de prova\u00e7\u00e3o, experi\u00eancia, conhecimento e entrega chegou ao ponto culminante. Fazendo a Profiss\u00e3o Tempor\u00e1ria os jovens se prop\u00f5e a empenharem-se para viver os conselhos evang\u00e9licos da castidade, da pobreza e da obedi\u00eancia, bem como para serem fi\u00e9is \u00e0 vida e a Regra dos Frades Menores professada.<\/p>\n<p>Esse momento importante que marca o in\u00edcio da Vida Religiosa Franciscana, concluindo o \u201cAno da Gra\u00e7a\u201d do noviciado, foi realizado durante a Santa Missa nesta quarta-feira, 15 de janeiro, \u00e0s 9h, na Igreja Matriz S\u00e3o Francisco de Assis, anexa ao Noviciado S\u00e3o Jos\u00e9, em Rodeio (SC). O presidente da celebra\u00e7\u00e3o, Frei Paulo Roberto Pereira, Ministro provincial, teve como concelebrante Frei Robson Luiz Scudela, Definidor provincial.<\/p>\n<p><img loading=\"lazy\" class=\"size-medium wp-image-253972 alignright\" src=\"https:\/\/franciscanos.org.br\/noticias\/wp-content\/uploads\/2025\/01\/IMG20250115093033-450x338.jpg\" alt=\"\" width=\"450\" height=\"338\" srcset=\"https:\/\/franciscanos.org.br\/noticias\/wp-content\/uploads\/2025\/01\/IMG20250115093033-450x338.jpg 450w, https:\/\/franciscanos.org.br\/noticias\/wp-content\/uploads\/2025\/01\/IMG20250115093033-1024x768.jpg 1024w, https:\/\/franciscanos.org.br\/noticias\/wp-content\/uploads\/2025\/01\/IMG20250115093033-768x576.jpg 768w, https:\/\/franciscanos.org.br\/noticias\/wp-content\/uploads\/2025\/01\/IMG20250115093033-1536x1152.jpg 1536w, https:\/\/franciscanos.org.br\/noticias\/wp-content\/uploads\/2025\/01\/IMG20250115093033-2048x1536.jpg 2048w, https:\/\/franciscanos.org.br\/noticias\/wp-content\/uploads\/2025\/01\/IMG20250115093033-150x113.jpg 150w, https:\/\/franciscanos.org.br\/noticias\/wp-content\/uploads\/2025\/01\/IMG20250115093033-600x450.jpg 600w, https:\/\/franciscanos.org.br\/noticias\/wp-content\/uploads\/2025\/01\/IMG20250115093033-scaled.jpg 1440w\" sizes=\"(max-width: 450px) 100vw, 450px\" \/>Depois da Liturgia da Palavra, cada novi\u00e7o foi chamado pelo Mestre Frei Samuel Ferreira de Lima para se apresentar ao Ministro provincial e fazer o pedido de profiss\u00e3o. Ap\u00f3s as solicita\u00e7\u00f5es, os presentes louvaram a Deus por esta decis\u00e3o, cantando: \u201cDou gra\u00e7as, Senhor, por teu grande amor\u201d.<\/p>\n<p>No in\u00edcio da homilia, Frei Paulo agradeceu aos familiares dos frades professos pela entrega dos filhos \u00e0 voca\u00e7\u00e3o religiosa, \u00e0 comunidade que sempre acompanha a caminhada dos novi\u00e7os, aos membros da OFS (Ordem Franciscana Secular), aos confrades presentes citando a presen\u00e7a de Frei Marcelo Paulo Romani, que este ano completou 25 anos de vida religiosa, bem como a presen\u00e7a do Frei Daniel Alejandro Fleitas, Ministro provincial da Prov\u00edncia San Francisco Solano, na Argentina, membro da Confer\u00eancia dos Ministros Provinciais do Brasil e Cone-Sul. O Ministro provincial saudou ainda ao Frei Samuel, nomeado bispo pelo Papa Francisco e que ser\u00e1 ordenado no in\u00edcio de fevereiro, refor\u00e7ando o quanto este irm\u00e3o est\u00e1 preparado para assumir sua nova miss\u00e3o, devido a seu perfil como pastor que saber\u00e1 acolher e conduzir franciscanamente as ovelhas.<\/p>\n<p>\u201cN\u00f3s nos sentimos fortalecidos ao testemunhar a decis\u00e3o vocacional destes nossos irm\u00e3os, decis\u00e3o que fora cultivada durante o ano inteiro. Todos n\u00f3s que cremos em Jesus Cristo somos convidados a testemunhar o Evangelho. O modo como faremos dever\u00e1 respeitar a voca\u00e7\u00e3o pr\u00f3pria de cada um, podendo ser em fam\u00edlia para uns, exercendo o minist\u00e9rio ordenado para outros ou, consagrando a vida a Deus. Hoje n\u00f3s celebramos esta decis\u00e3o vocacional dos nossos irm\u00e3os, o que nos ajuda a reviver o compromisso batismal de reafirmar o Evangelho a partir da vida religiosa franciscana. Por isso, \u00e9 bom estarmos aqui para que a op\u00e7\u00e3o vocacional de um ajude o outro a perseverar neste caminho de resposta, para sermos verdadeiros peregrinos de esperan\u00e7a\u201d, disse o frade.<\/p>\n<p><img loading=\"lazy\" class=\"size-medium wp-image-253971 alignleft\" src=\"https:\/\/franciscanos.org.br\/noticias\/wp-content\/uploads\/2025\/01\/IMG_20250115_110104-450x358.jpg\" alt=\"\" width=\"450\" height=\"358\" srcset=\"https:\/\/franciscanos.org.br\/noticias\/wp-content\/uploads\/2025\/01\/IMG_20250115_110104-450x358.jpg 450w, https:\/\/franciscanos.org.br\/noticias\/wp-content\/uploads\/2025\/01\/IMG_20250115_110104-1024x814.jpg 1024w, https:\/\/franciscanos.org.br\/noticias\/wp-content\/uploads\/2025\/01\/IMG_20250115_110104-768x610.jpg 768w, https:\/\/franciscanos.org.br\/noticias\/wp-content\/uploads\/2025\/01\/IMG_20250115_110104-1536x1220.jpg 1536w, https:\/\/franciscanos.org.br\/noticias\/wp-content\/uploads\/2025\/01\/IMG_20250115_110104-2048x1627.jpg 2048w, https:\/\/franciscanos.org.br\/noticias\/wp-content\/uploads\/2025\/01\/IMG_20250115_110104-150x119.jpg 150w, https:\/\/franciscanos.org.br\/noticias\/wp-content\/uploads\/2025\/01\/IMG_20250115_110104-scaled.jpg 1360w\" sizes=\"(max-width: 450px) 100vw, 450px\" \/>Citando o Evangelho de Mateus (19,23-24), que diz: \u00a0\u201c\u00c9 mais f\u00e1cil um camelo passar pelo buraco de uma agulha, do que um rico entrar no Reino dos C\u00e9us\u201d, Frei Paulo falou sobre a fragilidade humana, destacando que apesar de nossos limites, Deus nos convida a participar de sua miss\u00e3o de salva\u00e7\u00e3o e cuidado do ser humano. \u201cEle nos abre a possibilidade, apesar de sermos pessoas fr\u00e1geis, limitadas e pecadoras, mas dispostas a chegar no c\u00e9u, de nos esvaziarmos e nos despojarmos daquilo que nos impede de nos abrirmos \u00e0 obra que Deus pode realizar em n\u00f3s\u201d.<\/p>\n<p>Frei Paulo refor\u00e7ou a necessidade de todo crist\u00e3o, mas citando especialmente os frades que fariam sua Primeira Profiss\u00e3o, de se despirem de suas amarras e se esvaziarem, seguindo a Deus e ao Evangelho, apoiando-se nos irm\u00e3os, confiando-se naquele que os chamou. Recordou que o caminho \u00e0 frente nem sempre ser\u00e1 f\u00e1cil, mas que o que importa \u00e9 a perseveran\u00e7a nesta decis\u00e3o primeira, permitindo-se encher da esperan\u00e7a que Ele n\u00e3o os abandonar\u00e1 e que lhes entregou irm\u00e3os com quem compartilhar este caminho.<\/p>\n<p>Depois da homilia, os professos se aproximaram do Ministro provincial e foram interrogados se estavam preparados para se consagrarem a Deus e buscarem a perfei\u00e7\u00e3o da caridade segundo a Regra e as Constitui\u00e7\u00f5es da Ordem Ser\u00e1fica. Depois se ajoelharam e recitaram a f\u00f3rmula da profiss\u00e3o, onde prometeram viver os votos de castidade, obedi\u00eancia e sem nada de pr\u00f3prio, caracter\u00edstica inerente de todo religioso.<\/p>\n\n\t\t<style type=\"text\/css\">\n\t\t\t#gallery-1 {\n\t\t\t\tmargin: auto;\n\t\t\t}\n\t\t\t#gallery-1 .gallery-item {\n\t\t\t\tfloat: left;\n\t\t\t\tmargin-top: 10px;\n\t\t\t\ttext-align: center;\n\t\t\t\twidth: 25%;\n\t\t\t}\n\t\t\t#gallery-1 img {\n\t\t\t\tborder: 2px solid #cfcfcf;\n\t\t\t}\n\t\t\t#gallery-1 .gallery-caption {\n\t\t\t\tmargin-left: 0;\n\t\t\t}\n\t\t\t\/* see gallery_shortcode() in wp-includes\/media.php *\/\n\t\t<\/style>\n\t\t<div id='gallery-1' class='gallery galleryid-253963 gallery-columns-4 gallery-size-thumbnail'><dl class='gallery-item'>\n\t\t\t<dt class='gallery-icon portrait'>\n\t\t\t\t<a href='https:\/\/franciscanos.org.br\/noticias\/wp-content\/uploads\/2025\/01\/IMG20250115095047-scaled.jpg'><img width=\"300\" height=\"300\" src=\"https:\/\/franciscanos.org.br\/noticias\/wp-content\/uploads\/2025\/01\/IMG20250115095047-300x300.jpg\" class=\"attachment-thumbnail size-thumbnail\" alt=\"\" loading=\"lazy\" aria-describedby=\"gallery-1-253967\" srcset=\"https:\/\/franciscanos.org.br\/noticias\/wp-content\/uploads\/2025\/01\/IMG20250115095047-300x300.jpg 300w, https:\/\/franciscanos.org.br\/noticias\/wp-content\/uploads\/2025\/01\/IMG20250115095047-100x100.jpg 100w\" sizes=\"(max-width: 300px) 100vw, 300px\" \/><\/a>\n\t\t\t<\/dt>\n\t\t\t\t<dd class='wp-caption-text gallery-caption' id='gallery-1-253967'>\n\t\t\t\tFrei Fabr\u00edcio\n\t\t\t\t<\/dd><\/dl><dl class='gallery-item'>\n\t\t\t<dt class='gallery-icon portrait'>\n\t\t\t\t<a href='https:\/\/franciscanos.org.br\/noticias\/wp-content\/uploads\/2025\/01\/IMG20250115095122-scaled.jpg'><img width=\"300\" height=\"300\" src=\"https:\/\/franciscanos.org.br\/noticias\/wp-content\/uploads\/2025\/01\/IMG20250115095122-300x300.jpg\" class=\"attachment-thumbnail size-thumbnail\" alt=\"\" loading=\"lazy\" aria-describedby=\"gallery-1-253968\" srcset=\"https:\/\/franciscanos.org.br\/noticias\/wp-content\/uploads\/2025\/01\/IMG20250115095122-300x300.jpg 300w, https:\/\/franciscanos.org.br\/noticias\/wp-content\/uploads\/2025\/01\/IMG20250115095122-100x100.jpg 100w\" sizes=\"(max-width: 300px) 100vw, 300px\" \/><\/a>\n\t\t\t<\/dt>\n\t\t\t\t<dd class='wp-caption-text gallery-caption' id='gallery-1-253968'>\n\t\t\t\tFrei Jean\n\t\t\t\t<\/dd><\/dl><dl class='gallery-item'>\n\t\t\t<dt class='gallery-icon portrait'>\n\t\t\t\t<a href='https:\/\/franciscanos.org.br\/noticias\/wp-content\/uploads\/2025\/01\/IMG20250115095325-scaled.jpg'><img width=\"300\" height=\"300\" src=\"https:\/\/franciscanos.org.br\/noticias\/wp-content\/uploads\/2025\/01\/IMG20250115095325-300x300.jpg\" class=\"attachment-thumbnail size-thumbnail\" alt=\"\" loading=\"lazy\" aria-describedby=\"gallery-1-253969\" srcset=\"https:\/\/franciscanos.org.br\/noticias\/wp-content\/uploads\/2025\/01\/IMG20250115095325-300x300.jpg 300w, https:\/\/franciscanos.org.br\/noticias\/wp-content\/uploads\/2025\/01\/IMG20250115095325-100x100.jpg 100w\" sizes=\"(max-width: 300px) 100vw, 300px\" \/><\/a>\n\t\t\t<\/dt>\n\t\t\t\t<dd class='wp-caption-text gallery-caption' id='gallery-1-253969'>\n\t\t\t\tFrei Leonardo\n\t\t\t\t<\/dd><\/dl><dl class='gallery-item'>\n\t\t\t<dt class='gallery-icon portrait'>\n\t\t\t\t<a href='https:\/\/franciscanos.org.br\/noticias\/wp-content\/uploads\/2025\/01\/IMG20250115095413-scaled.jpg'><img width=\"300\" height=\"300\" src=\"https:\/\/franciscanos.org.br\/noticias\/wp-content\/uploads\/2025\/01\/IMG20250115095413-300x300.jpg\" class=\"attachment-thumbnail size-thumbnail\" alt=\"\" loading=\"lazy\" aria-describedby=\"gallery-1-253970\" srcset=\"https:\/\/franciscanos.org.br\/noticias\/wp-content\/uploads\/2025\/01\/IMG20250115095413-300x300.jpg 300w, https:\/\/franciscanos.org.br\/noticias\/wp-content\/uploads\/2025\/01\/IMG20250115095413-100x100.jpg 100w\" sizes=\"(max-width: 300px) 100vw, 300px\" \/><\/a>\n\t\t\t<\/dt>\n\t\t\t\t<dd class='wp-caption-text gallery-caption' id='gallery-1-253970'>\n\t\t\t\tFrei Patryck\n\t\t\t\t<\/dd><\/dl><br style=\"clear: both\" \/>\n\t\t<\/div>\n\n<p>Em seguida, os frades receberam a Regra da Ordem dos Frades Menores, afirmando sua perten\u00e7a a esta fam\u00edlia religiosa atrav\u00e9s da Prov\u00edncia Franciscana da Imaculada Concei\u00e7\u00e3o do Brasil. Eles, assim, prometeram obedi\u00eancia \u00e0s Constitui\u00e7\u00f5es e Estatutos da Ordem e fidelidade ao carisma franciscano. Finalizando o rito da profiss\u00e3o, os frades presentes acolheram os neoprofessos na Ordem.<\/p>\n<p>No encerramento da celebra\u00e7\u00e3o, os quatro jovens frades colocaram-se diante da comunidade parar serem acolhidos e aben\u00e7oados. A partir de agora, eles s\u00e3o religiosos em tempo de Profiss\u00e3o Tempor\u00e1ria. Seus votos dever\u00e3o ser renovados a cada ano at\u00e9 que, ap\u00f3s algum tempo, estejam preparados para fazerem a promessa de viver a vida religiosa franciscana por toda a vida. Rezemos por sua perseveran\u00e7a e que se sintam realizados em sua decis\u00e3o!<\/p>\n<hr \/>\n<p><em>Adriana Rabelo<\/em><\/p>\n\n\t\t<style type=\"text\/css\">\n\t\t\t#gallery-2 {\n\t\t\t\tmargin: auto;\n\t\t\t}\n\t\t\t#gallery-2 .gallery-item {\n\t\t\t\tfloat: left;\n\t\t\t\tmargin-top: 10px;\n\t\t\t\ttext-align: center;\n\t\t\t\twidth: 33%;\n\t\t\t}\n\t\t\t#gallery-2 img {\n\t\t\t\tborder: 2px solid #cfcfcf;\n\t\t\t}\n\t\t\t#gallery-2 .gallery-caption {\n\t\t\t\tmargin-left: 0;\n\t\t\t}\n\t\t\t\/* see gallery_shortcode() in wp-includes\/media.php *\/\n\t\t<\/style>\n\t\t<div id='gallery-2' class='gallery galleryid-253963 gallery-columns-3 gallery-size-thumbnail'><dl class='gallery-item'>\n\t\t\t<dt class='gallery-icon landscape'>\n\t\t\t\t<a href='https:\/\/franciscanos.org.br\/noticias\/wp-content\/uploads\/2025\/01\/IMG20250115092807-scaled.jpg'><img width=\"300\" height=\"300\" src=\"https:\/\/franciscanos.org.br\/noticias\/wp-content\/uploads\/2025\/01\/IMG20250115092807-300x300.jpg\" class=\"attachment-thumbnail size-thumbnail\" alt=\"\" loading=\"lazy\" srcset=\"https:\/\/franciscanos.org.br\/noticias\/wp-content\/uploads\/2025\/01\/IMG20250115092807-300x300.jpg 300w, https:\/\/franciscanos.org.br\/noticias\/wp-content\/uploads\/2025\/01\/IMG20250115092807-100x100.jpg 100w\" sizes=\"(max-width: 300px) 100vw, 300px\" \/><\/a>\n\t\t\t<\/dt><\/dl><dl class='gallery-item'>\n\t\t\t<dt class='gallery-icon landscape'>\n\t\t\t\t<a href='https:\/\/franciscanos.org.br\/noticias\/wp-content\/uploads\/2025\/01\/IMG20250115092847-scaled.jpg'><img width=\"300\" height=\"300\" src=\"https:\/\/franciscanos.org.br\/noticias\/wp-content\/uploads\/2025\/01\/IMG20250115092847-300x300.jpg\" class=\"attachment-thumbnail size-thumbnail\" alt=\"\" loading=\"lazy\" srcset=\"https:\/\/franciscanos.org.br\/noticias\/wp-content\/uploads\/2025\/01\/IMG20250115092847-300x300.jpg 300w, https:\/\/franciscanos.org.br\/noticias\/wp-content\/uploads\/2025\/01\/IMG20250115092847-100x100.jpg 100w\" sizes=\"(max-width: 300px) 100vw, 300px\" \/><\/a>\n\t\t\t<\/dt><\/dl><dl class='gallery-item'>\n\t\t\t<dt class='gallery-icon landscape'>\n\t\t\t\t<a href='https:\/\/franciscanos.org.br\/noticias\/wp-content\/uploads\/2025\/01\/IMG20250115093114-scaled.jpg'><img width=\"300\" height=\"300\" src=\"https:\/\/franciscanos.org.br\/noticias\/wp-content\/uploads\/2025\/01\/IMG20250115093114-300x300.jpg\" class=\"attachment-thumbnail size-thumbnail\" alt=\"\" loading=\"lazy\" srcset=\"https:\/\/franciscanos.org.br\/noticias\/wp-content\/uploads\/2025\/01\/IMG20250115093114-300x300.jpg 300w, https:\/\/franciscanos.org.br\/noticias\/wp-content\/uploads\/2025\/01\/IMG20250115093114-100x100.jpg 100w\" sizes=\"(max-width: 300px) 100vw, 300px\" \/><\/a>\n\t\t\t<\/dt><\/dl><br style=\"clear: both\" \/><dl class='gallery-item'>\n\t\t\t<dt class='gallery-icon landscape'>\n\t\t\t\t<a href='https:\/\/franciscanos.org.br\/noticias\/wp-content\/uploads\/2025\/01\/IMG20250115093223-1-scaled.jpg'><img width=\"300\" height=\"300\" src=\"https:\/\/franciscanos.org.br\/noticias\/wp-content\/uploads\/2025\/01\/IMG20250115093223-1-300x300.jpg\" class=\"attachment-thumbnail size-thumbnail\" alt=\"\" loading=\"lazy\" srcset=\"https:\/\/franciscanos.org.br\/noticias\/wp-content\/uploads\/2025\/01\/IMG20250115093223-1-300x300.jpg 300w, https:\/\/franciscanos.org.br\/noticias\/wp-content\/uploads\/2025\/01\/IMG20250115093223-1-100x100.jpg 100w\" sizes=\"(max-width: 300px) 100vw, 300px\" \/><\/a>\n\t\t\t<\/dt><\/dl><dl class='gallery-item'>\n\t\t\t<dt class='gallery-icon landscape'>\n\t\t\t\t<a href='https:\/\/franciscanos.org.br\/noticias\/wp-content\/uploads\/2025\/01\/IMG20250115094558-scaled.jpg'><img width=\"300\" height=\"300\" src=\"https:\/\/franciscanos.org.br\/noticias\/wp-content\/uploads\/2025\/01\/IMG20250115094558-300x300.jpg\" class=\"attachment-thumbnail size-thumbnail\" alt=\"\" loading=\"lazy\" srcset=\"https:\/\/franciscanos.org.br\/noticias\/wp-content\/uploads\/2025\/01\/IMG20250115094558-300x300.jpg 300w, https:\/\/franciscanos.org.br\/noticias\/wp-content\/uploads\/2025\/01\/IMG20250115094558-100x100.jpg 100w\" sizes=\"(max-width: 300px) 100vw, 300px\" \/><\/a>\n\t\t\t<\/dt><\/dl><dl class='gallery-item'>\n\t\t\t<dt class='gallery-icon landscape'>\n\t\t\t\t<a href='https:\/\/franciscanos.org.br\/noticias\/wp-content\/uploads\/2025\/01\/IMG20250115094619-scaled.jpg'><img width=\"300\" height=\"300\" src=\"https:\/\/franciscanos.org.br\/noticias\/wp-content\/uploads\/2025\/01\/IMG20250115094619-300x300.jpg\" class=\"attachment-thumbnail size-thumbnail\" alt=\"\" loading=\"lazy\" srcset=\"https:\/\/franciscanos.org.br\/noticias\/wp-content\/uploads\/2025\/01\/IMG20250115094619-300x300.jpg 300w, https:\/\/franciscanos.org.br\/noticias\/wp-content\/uploads\/2025\/01\/IMG20250115094619-100x100.jpg 100w\" sizes=\"(max-width: 300px) 100vw, 300px\" \/><\/a>\n\t\t\t<\/dt><\/dl><br style=\"clear: both\" \/><dl class='gallery-item'>\n\t\t\t<dt class='gallery-icon portrait'>\n\t\t\t\t<a href='https:\/\/franciscanos.org.br\/noticias\/wp-content\/uploads\/2025\/01\/IMG20250115094725-scaled.jpg'><img width=\"300\" height=\"300\" src=\"https:\/\/franciscanos.org.br\/noticias\/wp-content\/uploads\/2025\/01\/IMG20250115094725-300x300.jpg\" class=\"attachment-thumbnail size-thumbnail\" alt=\"\" loading=\"lazy\" srcset=\"https:\/\/franciscanos.org.br\/noticias\/wp-content\/uploads\/2025\/01\/IMG20250115094725-300x300.jpg 300w, https:\/\/franciscanos.org.br\/noticias\/wp-content\/uploads\/2025\/01\/IMG20250115094725-100x100.jpg 100w\" sizes=\"(max-width: 300px) 100vw, 300px\" \/><\/a>\n\t\t\t<\/dt><\/dl><dl class='gallery-item'>\n\t\t\t<dt class='gallery-icon landscape'>\n\t\t\t\t<a href='https:\/\/franciscanos.org.br\/noticias\/wp-content\/uploads\/2025\/01\/IMG20250115095917-scaled.jpg'><img width=\"300\" height=\"300\" src=\"https:\/\/franciscanos.org.br\/noticias\/wp-content\/uploads\/2025\/01\/IMG20250115095917-300x300.jpg\" class=\"attachment-thumbnail size-thumbnail\" alt=\"\" loading=\"lazy\" srcset=\"https:\/\/franciscanos.org.br\/noticias\/wp-content\/uploads\/2025\/01\/IMG20250115095917-300x300.jpg 300w, https:\/\/franciscanos.org.br\/noticias\/wp-content\/uploads\/2025\/01\/IMG20250115095917-100x100.jpg 100w\" sizes=\"(max-width: 300px) 100vw, 300px\" \/><\/a>\n\t\t\t<\/dt><\/dl><dl class='gallery-item'>\n\t\t\t<dt class='gallery-icon landscape'>\n\t\t\t\t<a href='https:\/\/franciscanos.org.br\/noticias\/wp-content\/uploads\/2025\/01\/IMG20250115100040-scaled.jpg'><img width=\"300\" height=\"300\" src=\"https:\/\/franciscanos.org.br\/noticias\/wp-content\/uploads\/2025\/01\/IMG20250115100040-300x300.jpg\" class=\"attachment-thumbnail size-thumbnail\" alt=\"\" loading=\"lazy\" srcset=\"https:\/\/franciscanos.org.br\/noticias\/wp-content\/uploads\/2025\/01\/IMG20250115100040-300x300.jpg 300w, https:\/\/franciscanos.org.br\/noticias\/wp-content\/uploads\/2025\/01\/IMG20250115100040-100x100.jpg 100w\" sizes=\"(max-width: 300px) 100vw, 300px\" \/><\/a>\n\t\t\t<\/dt><\/dl><br style=\"clear: both\" \/><dl class='gallery-item'>\n\t\t\t<dt class='gallery-icon portrait'>\n\t\t\t\t<a href='https:\/\/franciscanos.org.br\/noticias\/wp-content\/uploads\/2025\/01\/IMG20250115100226-scaled.jpg'><img width=\"300\" height=\"300\" src=\"https:\/\/franciscanos.org.br\/noticias\/wp-content\/uploads\/2025\/01\/IMG20250115100226-300x300.jpg\" class=\"attachment-thumbnail size-thumbnail\" alt=\"\" loading=\"lazy\" srcset=\"https:\/\/franciscanos.org.br\/noticias\/wp-content\/uploads\/2025\/01\/IMG20250115100226-300x300.jpg 300w, https:\/\/franciscanos.org.br\/noticias\/wp-content\/uploads\/2025\/01\/IMG20250115100226-100x100.jpg 100w\" sizes=\"(max-width: 300px) 100vw, 300px\" \/><\/a>\n\t\t\t<\/dt><\/dl><dl class='gallery-item'>\n\t\t\t<dt class='gallery-icon portrait'>\n\t\t\t\t<a href='https:\/\/franciscanos.org.br\/noticias\/wp-content\/uploads\/2025\/01\/IMG20250115100443-scaled.jpg'><img width=\"300\" height=\"300\" src=\"https:\/\/franciscanos.org.br\/noticias\/wp-content\/uploads\/2025\/01\/IMG20250115100443-300x300.jpg\" class=\"attachment-thumbnail size-thumbnail\" alt=\"\" loading=\"lazy\" srcset=\"https:\/\/franciscanos.org.br\/noticias\/wp-content\/uploads\/2025\/01\/IMG20250115100443-300x300.jpg 300w, https:\/\/franciscanos.org.br\/noticias\/wp-content\/uploads\/2025\/01\/IMG20250115100443-100x100.jpg 100w\" sizes=\"(max-width: 300px) 100vw, 300px\" \/><\/a>\n\t\t\t<\/dt><\/dl><dl class='gallery-item'>\n\t\t\t<dt class='gallery-icon portrait'>\n\t\t\t\t<a href='https:\/\/franciscanos.org.br\/noticias\/wp-content\/uploads\/2025\/01\/IMG20250115100551-scaled.jpg'><img width=\"300\" height=\"300\" src=\"https:\/\/franciscanos.org.br\/noticias\/wp-content\/uploads\/2025\/01\/IMG20250115100551-300x300.jpg\" class=\"attachment-thumbnail size-thumbnail\" alt=\"\" loading=\"lazy\" srcset=\"https:\/\/franciscanos.org.br\/noticias\/wp-content\/uploads\/2025\/01\/IMG20250115100551-300x300.jpg 300w, https:\/\/franciscanos.org.br\/noticias\/wp-content\/uploads\/2025\/01\/IMG20250115100551-100x100.jpg 100w\" sizes=\"(max-width: 300px) 100vw, 300px\" \/><\/a>\n\t\t\t<\/dt><\/dl><br style=\"clear: both\" \/><dl class='gallery-item'>\n\t\t\t<dt class='gallery-icon landscape'>\n\t\t\t\t<a href='https:\/\/franciscanos.org.br\/noticias\/wp-content\/uploads\/2025\/01\/IMG20250115100700-scaled.jpg'><img width=\"300\" height=\"300\" src=\"https:\/\/franciscanos.org.br\/noticias\/wp-content\/uploads\/2025\/01\/IMG20250115100700-300x300.jpg\" class=\"attachment-thumbnail size-thumbnail\" alt=\"\" loading=\"lazy\" srcset=\"https:\/\/franciscanos.org.br\/noticias\/wp-content\/uploads\/2025\/01\/IMG20250115100700-300x300.jpg 300w, https:\/\/franciscanos.org.br\/noticias\/wp-content\/uploads\/2025\/01\/IMG20250115100700-100x100.jpg 100w\" sizes=\"(max-width: 300px) 100vw, 300px\" \/><\/a>\n\t\t\t<\/dt><\/dl><dl class='gallery-item'>\n\t\t\t<dt class='gallery-icon portrait'>\n\t\t\t\t<a href='https:\/\/franciscanos.org.br\/noticias\/wp-content\/uploads\/2025\/01\/IMG20250115100751-scaled.jpg'><img width=\"300\" height=\"300\" src=\"https:\/\/franciscanos.org.br\/noticias\/wp-content\/uploads\/2025\/01\/IMG20250115100751-300x300.jpg\" class=\"attachment-thumbnail size-thumbnail\" alt=\"\" loading=\"lazy\" srcset=\"https:\/\/franciscanos.org.br\/noticias\/wp-content\/uploads\/2025\/01\/IMG20250115100751-300x300.jpg 300w, https:\/\/franciscanos.org.br\/noticias\/wp-content\/uploads\/2025\/01\/IMG20250115100751-100x100.jpg 100w\" sizes=\"(max-width: 300px) 100vw, 300px\" \/><\/a>\n\t\t\t<\/dt><\/dl><dl class='gallery-item'>\n\t\t\t<dt class='gallery-icon landscape'>\n\t\t\t\t<a href='https:\/\/franciscanos.org.br\/noticias\/wp-content\/uploads\/2025\/01\/IMG20250115100802-scaled.jpg'><img width=\"300\" height=\"300\" src=\"https:\/\/franciscanos.org.br\/noticias\/wp-content\/uploads\/2025\/01\/IMG20250115100802-300x300.jpg\" class=\"attachment-thumbnail size-thumbnail\" alt=\"\" loading=\"lazy\" srcset=\"https:\/\/franciscanos.org.br\/noticias\/wp-content\/uploads\/2025\/01\/IMG20250115100802-300x300.jpg 300w, https:\/\/franciscanos.org.br\/noticias\/wp-content\/uploads\/2025\/01\/IMG20250115100802-100x100.jpg 100w\" sizes=\"(max-width: 300px) 100vw, 300px\" \/><\/a>\n\t\t\t<\/dt><\/dl><br style=\"clear: both\" \/><dl class='gallery-item'>\n\t\t\t<dt class='gallery-icon portrait'>\n\t\t\t\t<a href='https:\/\/franciscanos.org.br\/noticias\/wp-content\/uploads\/2025\/01\/IMG20250115102442-scaled.jpg'><img width=\"300\" height=\"300\" src=\"https:\/\/franciscanos.org.br\/noticias\/wp-content\/uploads\/2025\/01\/IMG20250115102442-300x300.jpg\" class=\"attachment-thumbnail size-thumbnail\" alt=\"\" loading=\"lazy\" srcset=\"https:\/\/franciscanos.org.br\/noticias\/wp-content\/uploads\/2025\/01\/IMG20250115102442-300x300.jpg 300w, https:\/\/franciscanos.org.br\/noticias\/wp-content\/uploads\/2025\/01\/IMG20250115102442-100x100.jpg 100w\" sizes=\"(max-width: 300px) 100vw, 300px\" \/><\/a>\n\t\t\t<\/dt><\/dl><dl class='gallery-item'>\n\t\t\t<dt class='gallery-icon portrait'>\n\t\t\t\t<a href='https:\/\/franciscanos.org.br\/noticias\/wp-content\/uploads\/2025\/01\/IMG20250115103027-scaled.jpg'><img width=\"300\" height=\"300\" src=\"https:\/\/franciscanos.org.br\/noticias\/wp-content\/uploads\/2025\/01\/IMG20250115103027-300x300.jpg\" class=\"attachment-thumbnail size-thumbnail\" alt=\"\" loading=\"lazy\" srcset=\"https:\/\/franciscanos.org.br\/noticias\/wp-content\/uploads\/2025\/01\/IMG20250115103027-300x300.jpg 300w, https:\/\/franciscanos.org.br\/noticias\/wp-content\/uploads\/2025\/01\/IMG20250115103027-100x100.jpg 100w\" sizes=\"(max-width: 300px) 100vw, 300px\" \/><\/a>\n\t\t\t<\/dt><\/dl><dl class='gallery-item'>\n\t\t\t<dt class='gallery-icon landscape'>\n\t\t\t\t<a href='https:\/\/franciscanos.org.br\/noticias\/wp-content\/uploads\/2025\/01\/IMG20250115103222-scaled.jpg'><img width=\"300\" height=\"300\" src=\"https:\/\/franciscanos.org.br\/noticias\/wp-content\/uploads\/2025\/01\/IMG20250115103222-300x300.jpg\" class=\"attachment-thumbnail size-thumbnail\" alt=\"\" loading=\"lazy\" srcset=\"https:\/\/franciscanos.org.br\/noticias\/wp-content\/uploads\/2025\/01\/IMG20250115103222-300x300.jpg 300w, https:\/\/franciscanos.org.br\/noticias\/wp-content\/uploads\/2025\/01\/IMG20250115103222-100x100.jpg 100w\" sizes=\"(max-width: 300px) 100vw, 300px\" \/><\/a>\n\t\t\t<\/dt><\/dl><br style=\"clear: both\" \/>\n\t\t<\/div>\n\n<p>&nbsp;<\/p>\n","protected":false},"excerpt":{"rendered":"<p>Primeira Profiss\u00e3o Religiosa<\/p>\n","protected":false},"author":11,"featured_media":253965,"comment_status":"open","ping_status":"open","sticky":false,"template":"","format":"standard","meta":[],"categories":[1],"tags":[2198,2056],"acf":[],"yoast_head":"<!-- This site is optimized with the Yoast SEO plugin v19.2 - https:\/\/yoast.com\/wordpress\/plugins\/seo\/ -->\n<title>Quatro frades reafirmam compromisso vocacional na Primeira Profiss\u00e3o Religiosa - Not\u00edcias - Franciscanos<\/title>\n<meta name=\"robots\" content=\"index, follow, max-snippet:-1, max-image-preview:large, max-video-preview:-1\" \/>\n<link rel=\"canonical\" href=\"https:\/\/franciscanos.org.br\/noticias\/quatro-frades-reafirmam-compromisso-vocacional-na-primeira-profissao-religiosa.html\" \/>\n<meta property=\"og:locale\" content=\"pt_BR\" \/>\n<meta property=\"og:type\" content=\"article\" \/>\n<meta property=\"og:title\" content=\"Quatro frades reafirmam compromisso vocacional na Primeira Profiss\u00e3o Religiosa - Not\u00edcias - Franciscanos\" \/>\n<meta property=\"og:description\" content=\"Primeira Profiss\u00e3o Religiosa\" \/>\n<meta property=\"og:url\" content=\"https:\/\/franciscanos.org.br\/noticias\/quatro-frades-reafirmam-compromisso-vocacional-na-primeira-profissao-religiosa.html\" \/>\n<meta property=\"og:site_name\" content=\"Not\u00edcias - Franciscanos\" \/>\n<meta property=\"article:published_time\" content=\"2025-01-15T19:53:08+00:00\" \/>\n<meta property=\"article:modified_time\" content=\"2025-03-10T19:21:21+00:00\" \/>\n<meta property=\"og:image\" content=\"https:\/\/franciscanos.org.br\/noticias\/wp-content\/uploads\/2025\/01\/CHAMADA-PROFISSAO-RELIGIOSA-1.jpg\" \/>\n\t<meta property=\"og:image:width\" content=\"800\" \/>\n\t<meta property=\"og:image:height\" content=\"550\" \/>\n\t<meta property=\"og:image:type\" content=\"image\/jpeg\" \/>\n<meta name=\"author\" content=\"Adriana Rabelo\" \/>\n<meta name=\"twitter:card\" content=\"summary_large_image\" \/>\n<meta name=\"twitter:label1\" content=\"Escrito por\" \/>\n\t<meta name=\"twitter:data1\" content=\"Adriana Rabelo\" \/>\n\t<meta name=\"twitter:label2\" content=\"Est. tempo de leitura\" \/>\n\t<meta name=\"twitter:data2\" content=\"5 minutos\" \/>\n<script type=\"application\/ld+json\" class=\"yoast-schema-graph\">{\"@context\":\"https:\/\/schema.org\",\"@graph\":[{\"@type\":\"WebSite\",\"@id\":\"https:\/\/franciscanos.org.br\/noticias\/#website\",\"url\":\"https:\/\/franciscanos.org.br\/noticias\/\",\"name\":\"Not\u00edcias - Franciscanos\",\"description\":\"Prov\u00edncia Franciscana da Imaculada Concei\u00e7\u00e3o do Brasil - Ordem dos Frades Menores - OFM\",\"potentialAction\":[{\"@type\":\"SearchAction\",\"target\":{\"@type\":\"EntryPoint\",\"urlTemplate\":\"https:\/\/franciscanos.org.br\/noticias\/?s={search_term_string}\"},\"query-input\":\"required name=search_term_string\"}],\"inLanguage\":\"pt-BR\"},{\"@type\":\"ImageObject\",\"inLanguage\":\"pt-BR\",\"@id\":\"https:\/\/franciscanos.org.br\/noticias\/quatro-frades-reafirmam-compromisso-vocacional-na-primeira-profissao-religiosa.html#primaryimage\",\"url\":\"https:\/\/franciscanos.org.br\/noticias\/wp-content\/uploads\/2025\/01\/CHAMADA-PROFISSAO-RELIGIOSA-1.jpg\",\"contentUrl\":\"https:\/\/franciscanos.org.br\/noticias\/wp-content\/uploads\/2025\/01\/CHAMADA-PROFISSAO-RELIGIOSA-1.jpg\",\"width\":800,\"height\":550},{\"@type\":\"WebPage\",\"@id\":\"https:\/\/franciscanos.org.br\/noticias\/quatro-frades-reafirmam-compromisso-vocacional-na-primeira-profissao-religiosa.html#webpage\",\"url\":\"https:\/\/franciscanos.org.br\/noticias\/quatro-frades-reafirmam-compromisso-vocacional-na-primeira-profissao-religiosa.html\",\"name\":\"Quatro frades reafirmam compromisso vocacional na Primeira Profiss\u00e3o Religiosa - Not\u00edcias - Franciscanos\",\"isPartOf\":{\"@id\":\"https:\/\/franciscanos.org.br\/noticias\/#website\"},\"primaryImageOfPage\":{\"@id\":\"https:\/\/franciscanos.org.br\/noticias\/quatro-frades-reafirmam-compromisso-vocacional-na-primeira-profissao-religiosa.html#primaryimage\"},\"datePublished\":\"2025-01-15T19:53:08+00:00\",\"dateModified\":\"2025-03-10T19:21:21+00:00\",\"author\":{\"@id\":\"https:\/\/franciscanos.org.br\/noticias\/#\/schema\/person\/d9422e83121c3ad3b0f423d195f5bb25\"},\"breadcrumb\":{\"@id\":\"https:\/\/franciscanos.org.br\/noticias\/quatro-frades-reafirmam-compromisso-vocacional-na-primeira-profissao-religiosa.html#breadcrumb\"},\"inLanguage\":\"pt-BR\",\"potentialAction\":[{\"@type\":\"ReadAction\",\"target\":[\"https:\/\/franciscanos.org.br\/noticias\/quatro-frades-reafirmam-compromisso-vocacional-na-primeira-profissao-religiosa.html\"]}]},{\"@type\":\"BreadcrumbList\",\"@id\":\"https:\/\/franciscanos.org.br\/noticias\/quatro-frades-reafirmam-compromisso-vocacional-na-primeira-profissao-religiosa.html#breadcrumb\",\"itemListElement\":[{\"@type\":\"ListItem\",\"position\":1,\"name\":\"Home\",\"item\":\"https:\/\/franciscanos.org.br\/noticias\"},{\"@type\":\"ListItem\",\"position\":2,\"name\":\"Quatro frades reafirmam compromisso vocacional na Primeira Profiss\u00e3o Religiosa\"}]},{\"@type\":\"Person\",\"@id\":\"https:\/\/franciscanos.org.br\/noticias\/#\/schema\/person\/d9422e83121c3ad3b0f423d195f5bb25\",\"name\":\"Adriana Rabelo\",\"image\":{\"@type\":\"ImageObject\",\"inLanguage\":\"pt-BR\",\"@id\":\"https:\/\/franciscanos.org.br\/noticias\/#\/schema\/person\/image\/\",\"url\":\"https:\/\/secure.gravatar.com\/avatar\/0a937b7500cd7df77540cfb8bede877d?s=96&d=mm&r=g\",\"contentUrl\":\"https:\/\/secure.gravatar.com\/avatar\/0a937b7500cd7df77540cfb8bede877d?s=96&d=mm&r=g\",\"caption\":\"Adriana Rabelo\"},\"url\":\"https:\/\/franciscanos.org.br\/noticias\/author\/adrianarabelo\"}]}<\/script>\n<!-- \/ Yoast SEO plugin. -->","yoast_head_json":{"title":"Quatro frades reafirmam compromisso vocacional na Primeira Profiss\u00e3o Religiosa - Not\u00edcias - Franciscanos","robots":{"index":"index","follow":"follow","max-snippet":"max-snippet:-1","max-image-preview":"max-image-preview:large","max-video-preview":"max-video-preview:-1"},"canonical":"https:\/\/franciscanos.org.br\/noticias\/quatro-frades-reafirmam-compromisso-vocacional-na-primeira-profissao-religiosa.html","og_locale":"pt_BR","og_type":"article","og_title":"Quatro frades reafirmam compromisso vocacional na Primeira Profiss\u00e3o Religiosa - Not\u00edcias - Franciscanos","og_description":"Primeira Profiss\u00e3o Religiosa","og_url":"https:\/\/franciscanos.org.br\/noticias\/quatro-frades-reafirmam-compromisso-vocacional-na-primeira-profissao-religiosa.html","og_site_name":"Not\u00edcias - Franciscanos","article_published_time":"2025-01-15T19:53:08+00:00","article_modified_time":"2025-03-10T19:21:21+00:00","og_image":[{"width":800,"height":550,"url":"https:\/\/franciscanos.org.br\/noticias\/wp-content\/uploads\/2025\/01\/CHAMADA-PROFISSAO-RELIGIOSA-1.jpg","type":"image\/jpeg"}],"author":"Adriana Rabelo","twitter_card":"summary_large_image","twitter_misc":{"Escrito por":"Adriana Rabelo","Est. tempo de leitura":"5 minutos"},"schema":{"@context":"https:\/\/schema.org","@graph":[{"@type":"WebSite","@id":"https:\/\/franciscanos.org.br\/noticias\/#website","url":"https:\/\/franciscanos.org.br\/noticias\/","name":"Not\u00edcias - Franciscanos","description":"Prov\u00edncia Franciscana da Imaculada Concei\u00e7\u00e3o do Brasil - Ordem dos Frades Menores - OFM","potentialAction":[{"@type":"SearchAction","target":{"@type":"EntryPoint","urlTemplate":"https:\/\/franciscanos.org.br\/noticias\/?s={search_term_string}"},"query-input":"required name=search_term_string"}],"inLanguage":"pt-BR"},{"@type":"ImageObject","inLanguage":"pt-BR","@id":"https:\/\/franciscanos.org.br\/noticias\/quatro-frades-reafirmam-compromisso-vocacional-na-primeira-profissao-religiosa.html#primaryimage","url":"https:\/\/franciscanos.org.br\/noticias\/wp-content\/uploads\/2025\/01\/CHAMADA-PROFISSAO-RELIGIOSA-1.jpg","contentUrl":"https:\/\/franciscanos.org.br\/noticias\/wp-content\/uploads\/2025\/01\/CHAMADA-PROFISSAO-RELIGIOSA-1.jpg","width":800,"height":550},{"@type":"WebPage","@id":"https:\/\/franciscanos.org.br\/noticias\/quatro-frades-reafirmam-compromisso-vocacional-na-primeira-profissao-religiosa.html#webpage","url":"https:\/\/franciscanos.org.br\/noticias\/quatro-frades-reafirmam-compromisso-vocacional-na-primeira-profissao-religiosa.html","name":"Quatro frades reafirmam compromisso vocacional na Primeira Profiss\u00e3o Religiosa - Not\u00edcias - Franciscanos","isPartOf":{"@id":"https:\/\/franciscanos.org.br\/noticias\/#website"},"primaryImageOfPage":{"@id":"https:\/\/franciscanos.org.br\/noticias\/quatro-frades-reafirmam-compromisso-vocacional-na-primeira-profissao-religiosa.html#primaryimage"},"datePublished":"2025-01-15T19:53:08+00:00","dateModified":"2025-03-10T19:21:21+00:00","author":{"@id":"https:\/\/franciscanos.org.br\/noticias\/#\/schema\/person\/d9422e83121c3ad3b0f423d195f5bb25"},"breadcrumb":{"@id":"https:\/\/franciscanos.org.br\/noticias\/quatro-frades-reafirmam-compromisso-vocacional-na-primeira-profissao-religiosa.html#breadcrumb"},"inLanguage":"pt-BR","potentialAction":[{"@type":"ReadAction","target":["https:\/\/franciscanos.org.br\/noticias\/quatro-frades-reafirmam-compromisso-vocacional-na-primeira-profissao-religiosa.html"]}]},{"@type":"BreadcrumbList","@id":"https:\/\/franciscanos.org.br\/noticias\/quatro-frades-reafirmam-compromisso-vocacional-na-primeira-profissao-religiosa.html#breadcrumb","itemListElement":[{"@type":"ListItem","position":1,"name":"Home","item":"https:\/\/franciscanos.org.br\/noticias"},{"@type":"ListItem","position":2,"name":"Quatro frades reafirmam compromisso vocacional na Primeira Profiss\u00e3o Religiosa"}]},{"@type":"Person","@id":"https:\/\/franciscanos.org.br\/noticias\/#\/schema\/person\/d9422e83121c3ad3b0f423d195f5bb25","name":"Adriana Rabelo","image":{"@type":"ImageObject","inLanguage":"pt-BR","@id":"https:\/\/franciscanos.org.br\/noticias\/#\/schema\/person\/image\/","url":"https:\/\/secure.gravatar.com\/avatar\/0a937b7500cd7df77540cfb8bede877d?s=96&d=mm&r=g","contentUrl":"https:\/\/secure.gravatar.com\/avatar\/0a937b7500cd7df77540cfb8bede877d?s=96&d=mm&r=g","caption":"Adriana Rabelo"},"url":"https:\/\/franciscanos.org.br\/noticias\/author\/adrianarabelo"}]}},"_links":{"self":[{"href":"https:\/\/franciscanos.org.br\/noticias\/wp-json\/wp\/v2\/posts\/253963"}],"collection":[{"href":"https:\/\/franciscanos.org.br\/noticias\/wp-json\/wp\/v2\/posts"}],"about":[{"href":"https:\/\/franciscanos.org.br\/noticias\/wp-json\/wp\/v2\/types\/post"}],"author":[{"embeddable":true,"href":"https:\/\/franciscanos.org.br\/noticias\/wp-json\/wp\/v2\/users\/11"}],"replies":[{"embeddable":true,"href":"https:\/\/franciscanos.org.br\/noticias\/wp-json\/wp\/v2\/comments?post=253963"}],"version-history":[{"count":19,"href":"https:\/\/franciscanos.org.br\/noticias\/wp-json\/wp\/v2\/posts\/253963\/revisions"}],"predecessor-version":[{"id":254749,"href":"https:\/\/franciscanos.org.br\/noticias\/wp-json\/wp\/v2\/posts\/253963\/revisions\/254749"}],"wp:featuredmedia":[{"embeddable":true,"href":"https:\/\/franciscanos.org.br\/noticias\/wp-json\/wp\/v2\/media\/253965"}],"wp:attachment":[{"href":"https:\/\/franciscanos.org.br\/noticias\/wp-json\/wp\/v2\/media?parent=253963"}],"wp:term":[{"taxonomy":"category","embeddable":true,"href":"https:\/\/franciscanos.org.br\/noticias\/wp-json\/wp\/v2\/categories?post=253963"},{"taxonomy":"post_tag","embeddable":true,"href":"https:\/\/franciscanos.org.br\/noticias\/wp-json\/wp\/v2\/tags?post=253963"}],"curies":[{"name":"wp","href":"https:\/\/api.w.org\/{rel}","templated":true}]}}