{"id":253949,"date":"2025-01-15T09:02:44","date_gmt":"2025-01-15T12:02:44","guid":{"rendered":"https:\/\/franciscanos.org.br\/noticias\/?p=253949"},"modified":"2025-03-10T16:21:06","modified_gmt":"2025-03-10T19:21:06","slug":"fraternidade-de-rodeio-acolhe-o-pedido-de-quatro-novicos-para-a-primeira-profissao","status":"publish","type":"post","link":"https:\/\/franciscanos.org.br\/noticias\/fraternidade-de-rodeio-acolhe-o-pedido-de-quatro-novicos-para-a-primeira-profissao.html","title":{"rendered":"Fraternidade de Rodeio acolhe o pedido de quatro novi\u00e7os para a Primeira Profiss\u00e3o"},"content":{"rendered":"<p><img loading=\"lazy\" class=\"aligncenter wp-image-253950 size-full\" src=\"https:\/\/franciscanos.org.br\/noticias\/wp-content\/uploads\/2025\/01\/MATERIA-3.jpg\" alt=\"\" width=\"1280\" height=\"720\" srcset=\"https:\/\/franciscanos.org.br\/noticias\/wp-content\/uploads\/2025\/01\/MATERIA-3.jpg 1280w, https:\/\/franciscanos.org.br\/noticias\/wp-content\/uploads\/2025\/01\/MATERIA-3-450x253.jpg 450w, https:\/\/franciscanos.org.br\/noticias\/wp-content\/uploads\/2025\/01\/MATERIA-3-1024x576.jpg 1024w, https:\/\/franciscanos.org.br\/noticias\/wp-content\/uploads\/2025\/01\/MATERIA-3-768x432.jpg 768w, https:\/\/franciscanos.org.br\/noticias\/wp-content\/uploads\/2025\/01\/MATERIA-3-150x84.jpg 150w\" sizes=\"(max-width: 1280px) 100vw, 1280px\" \/><\/p>\n<p>No fim da tarde desta ter\u00e7a-feira, 14 de dezembro, a casa de Rodeio acolhia, num clima de muita alegria, um bom n\u00famero de confrades e familiares dos quatro professandos que concluem o ano de Noviciado.<\/p>\n<p>Ap\u00f3s as v\u00e9speras celebradas na igreja, o guardi\u00e3o Frei Josemberg Aranha, j\u00e1 no refeit\u00f3rio da fraternidade, ouvia, juntamente com os demais presentes, a voz decidida dos jovens novi\u00e7os, que, ajoelhados,\u00a0 pediam para fazer a Primeira Profiss\u00e3o na manh\u00e3 do dia seguinte. S\u00e3o eles: Frei Fabr\u00edcio Andreosa Martins, Frei Jean Carlos da Rosa dos Santos, Frei Leonardo Haag e Frei Patryck Ribeiro da Silva Dutra.<\/p>\n<p>Ao exort\u00e1-los, Frei Josemberg lembrou que eles haviam se revestido do h\u00e1bito franciscano, da veste da prova\u00e7\u00e3o, \u201cn\u00e3o tanto no sentido de provas tempestuosas, mas sobretudo no sentido de provar o sabor, ora doce ora amargo, o sabor da vida de Cristo que, tendo provado a amargura do mundo, doou a do\u00e7ura do seu amor por n\u00f3s\u201d.<\/p>\n\n\t\t<style type=\"text\/css\">\n\t\t\t#gallery-1 {\n\t\t\t\tmargin: auto;\n\t\t\t}\n\t\t\t#gallery-1 .gallery-item {\n\t\t\t\tfloat: left;\n\t\t\t\tmargin-top: 10px;\n\t\t\t\ttext-align: center;\n\t\t\t\twidth: 33%;\n\t\t\t}\n\t\t\t#gallery-1 img {\n\t\t\t\tborder: 2px solid #cfcfcf;\n\t\t\t}\n\t\t\t#gallery-1 .gallery-caption {\n\t\t\t\tmargin-left: 0;\n\t\t\t}\n\t\t\t\/* see gallery_shortcode() in wp-includes\/media.php *\/\n\t\t<\/style>\n\t\t<div id='gallery-1' class='gallery galleryid-253949 gallery-columns-3 gallery-size-thumbnail'><dl class='gallery-item'>\n\t\t\t<dt class='gallery-icon landscape'>\n\t\t\t\t<a href='https:\/\/franciscanos.org.br\/noticias\/wp-content\/uploads\/2025\/01\/IMG_5048-scaled.jpg'><img width=\"300\" height=\"300\" src=\"https:\/\/franciscanos.org.br\/noticias\/wp-content\/uploads\/2025\/01\/IMG_5048-300x300.jpg\" class=\"attachment-thumbnail size-thumbnail\" alt=\"\" loading=\"lazy\" srcset=\"https:\/\/franciscanos.org.br\/noticias\/wp-content\/uploads\/2025\/01\/IMG_5048-300x300.jpg 300w, https:\/\/franciscanos.org.br\/noticias\/wp-content\/uploads\/2025\/01\/IMG_5048-100x100.jpg 100w\" sizes=\"(max-width: 300px) 100vw, 300px\" \/><\/a>\n\t\t\t<\/dt><\/dl><dl class='gallery-item'>\n\t\t\t<dt class='gallery-icon landscape'>\n\t\t\t\t<a href='https:\/\/franciscanos.org.br\/noticias\/wp-content\/uploads\/2025\/01\/IMG_5035-scaled.jpg'><img width=\"300\" height=\"300\" src=\"https:\/\/franciscanos.org.br\/noticias\/wp-content\/uploads\/2025\/01\/IMG_5035-300x300.jpg\" class=\"attachment-thumbnail size-thumbnail\" alt=\"\" loading=\"lazy\" srcset=\"https:\/\/franciscanos.org.br\/noticias\/wp-content\/uploads\/2025\/01\/IMG_5035-300x300.jpg 300w, https:\/\/franciscanos.org.br\/noticias\/wp-content\/uploads\/2025\/01\/IMG_5035-100x100.jpg 100w\" sizes=\"(max-width: 300px) 100vw, 300px\" \/><\/a>\n\t\t\t<\/dt><\/dl><dl class='gallery-item'>\n\t\t\t<dt class='gallery-icon landscape'>\n\t\t\t\t<a href='https:\/\/franciscanos.org.br\/noticias\/wp-content\/uploads\/2025\/01\/IMG_5039-scaled.jpg'><img width=\"300\" height=\"300\" src=\"https:\/\/franciscanos.org.br\/noticias\/wp-content\/uploads\/2025\/01\/IMG_5039-300x300.jpg\" class=\"attachment-thumbnail size-thumbnail\" alt=\"\" loading=\"lazy\" srcset=\"https:\/\/franciscanos.org.br\/noticias\/wp-content\/uploads\/2025\/01\/IMG_5039-300x300.jpg 300w, https:\/\/franciscanos.org.br\/noticias\/wp-content\/uploads\/2025\/01\/IMG_5039-100x100.jpg 100w\" sizes=\"(max-width: 300px) 100vw, 300px\" \/><\/a>\n\t\t\t<\/dt><\/dl><br style=\"clear: both\" \/>\n\t\t<\/div>\n\n<p><img loading=\"lazy\" class=\"alignleft wp-image-253955 size-thumbnail\" src=\"https:\/\/franciscanos.org.br\/noticias\/wp-content\/uploads\/2025\/01\/IMG_5037-300x300.jpg\" alt=\"\" width=\"300\" height=\"300\" srcset=\"https:\/\/franciscanos.org.br\/noticias\/wp-content\/uploads\/2025\/01\/IMG_5037-300x300.jpg 300w, https:\/\/franciscanos.org.br\/noticias\/wp-content\/uploads\/2025\/01\/IMG_5037-100x100.jpg 100w\" sizes=\"(max-width: 300px) 100vw, 300px\" \/>Antes de pedir a Frei Samuel Ferreira de Lima &#8211; mestre dos novi\u00e7os e recentemente nomeado bispo pelo Papa Francisco-, que aben\u00e7oasse os h\u00e1bitos novos a serem entregues aos professandos, Frei Josemberg afirmou que o marrom do h\u00e1bito n\u00e3o \u00e9 somente um s\u00edmbolo, mas uma recorda\u00e7\u00e3o. \u00c9 como se de tanto trabalhar na messe do Senhor, no suor da caridade e no an\u00fancio do Reino de Deus, a poeira marrom do ch\u00e3o recobrisse o corpo.<\/p>\n<p>&#8220;Recordem-se disso: os corpos de voc\u00eas dever\u00e3o ser recobertos pela poeira levantada ao caminhar em dire\u00e7\u00e3o a Cristo Nosso Senhor e a cada irm\u00e3o encontrado neste caminho, em cada olhar que com o nosso se deparar&#8230; o h\u00e1bito deixa exposto o necess\u00e1rio para a miss\u00e3o ser\u00e1fica de nossa Ordem: os p\u00e9s para a miss\u00e3o, as m\u00e3os para o trabalho e face para o pr\u00f3ximo\u201d, salientou o frade.<\/p>\n<p>Por fim, todos confirmaram a aceita\u00e7\u00e3o do pedido com quatro, com uma calorosa salva de palmas.<\/p>\n<hr \/>\n<p><em>Frei Walter de Carvalho J\u00fanior<\/em><\/p>\n","protected":false},"excerpt":{"rendered":"<p>Primeira Profiss\u00e3o Religiosa<\/p>\n","protected":false},"author":11,"featured_media":253951,"comment_status":"open","ping_status":"open","sticky":false,"template":"","format":"standard","meta":[],"categories":[1],"tags":[2198,2056],"acf":[],"yoast_head":"<!-- This site is optimized with the Yoast SEO plugin v19.2 - https:\/\/yoast.com\/wordpress\/plugins\/seo\/ -->\n<title>Fraternidade de Rodeio acolhe o pedido de quatro novi\u00e7os para a Primeira Profiss\u00e3o - Not\u00edcias - Franciscanos<\/title>\n<meta name=\"robots\" content=\"index, follow, max-snippet:-1, max-image-preview:large, max-video-preview:-1\" \/>\n<link rel=\"canonical\" href=\"https:\/\/franciscanos.org.br\/noticias\/fraternidade-de-rodeio-acolhe-o-pedido-de-quatro-novicos-para-a-primeira-profissao.html\" \/>\n<meta property=\"og:locale\" content=\"pt_BR\" \/>\n<meta property=\"og:type\" content=\"article\" \/>\n<meta property=\"og:title\" content=\"Fraternidade de Rodeio acolhe o pedido de quatro novi\u00e7os para a Primeira Profiss\u00e3o - Not\u00edcias - Franciscanos\" \/>\n<meta property=\"og:description\" content=\"Primeira Profiss\u00e3o Religiosa\" \/>\n<meta property=\"og:url\" content=\"https:\/\/franciscanos.org.br\/noticias\/fraternidade-de-rodeio-acolhe-o-pedido-de-quatro-novicos-para-a-primeira-profissao.html\" \/>\n<meta property=\"og:site_name\" content=\"Not\u00edcias - Franciscanos\" \/>\n<meta property=\"article:published_time\" content=\"2025-01-15T12:02:44+00:00\" \/>\n<meta property=\"article:modified_time\" content=\"2025-03-10T19:21:06+00:00\" \/>\n<meta property=\"og:image\" content=\"https:\/\/franciscanos.org.br\/noticias\/wp-content\/uploads\/2025\/01\/CHAMADA-3.jpg\" \/>\n\t<meta property=\"og:image:width\" content=\"800\" \/>\n\t<meta property=\"og:image:height\" content=\"550\" \/>\n\t<meta property=\"og:image:type\" content=\"image\/jpeg\" \/>\n<meta name=\"author\" content=\"Adriana Rabelo\" \/>\n<meta name=\"twitter:card\" content=\"summary_large_image\" \/>\n<meta name=\"twitter:label1\" content=\"Escrito por\" \/>\n\t<meta name=\"twitter:data1\" content=\"Adriana Rabelo\" \/>\n\t<meta name=\"twitter:label2\" content=\"Est. tempo de leitura\" \/>\n\t<meta name=\"twitter:data2\" content=\"2 minutos\" \/>\n<script type=\"application\/ld+json\" class=\"yoast-schema-graph\">{\"@context\":\"https:\/\/schema.org\",\"@graph\":[{\"@type\":\"WebSite\",\"@id\":\"https:\/\/franciscanos.org.br\/noticias\/#website\",\"url\":\"https:\/\/franciscanos.org.br\/noticias\/\",\"name\":\"Not\u00edcias - Franciscanos\",\"description\":\"Prov\u00edncia Franciscana da Imaculada Concei\u00e7\u00e3o do Brasil - Ordem dos Frades Menores - OFM\",\"potentialAction\":[{\"@type\":\"SearchAction\",\"target\":{\"@type\":\"EntryPoint\",\"urlTemplate\":\"https:\/\/franciscanos.org.br\/noticias\/?s={search_term_string}\"},\"query-input\":\"required name=search_term_string\"}],\"inLanguage\":\"pt-BR\"},{\"@type\":\"ImageObject\",\"inLanguage\":\"pt-BR\",\"@id\":\"https:\/\/franciscanos.org.br\/noticias\/fraternidade-de-rodeio-acolhe-o-pedido-de-quatro-novicos-para-a-primeira-profissao.html#primaryimage\",\"url\":\"https:\/\/franciscanos.org.br\/noticias\/wp-content\/uploads\/2025\/01\/CHAMADA-3.jpg\",\"contentUrl\":\"https:\/\/franciscanos.org.br\/noticias\/wp-content\/uploads\/2025\/01\/CHAMADA-3.jpg\",\"width\":800,\"height\":550},{\"@type\":\"WebPage\",\"@id\":\"https:\/\/franciscanos.org.br\/noticias\/fraternidade-de-rodeio-acolhe-o-pedido-de-quatro-novicos-para-a-primeira-profissao.html#webpage\",\"url\":\"https:\/\/franciscanos.org.br\/noticias\/fraternidade-de-rodeio-acolhe-o-pedido-de-quatro-novicos-para-a-primeira-profissao.html\",\"name\":\"Fraternidade de Rodeio acolhe o pedido de quatro novi\u00e7os para a Primeira Profiss\u00e3o - Not\u00edcias - Franciscanos\",\"isPartOf\":{\"@id\":\"https:\/\/franciscanos.org.br\/noticias\/#website\"},\"primaryImageOfPage\":{\"@id\":\"https:\/\/franciscanos.org.br\/noticias\/fraternidade-de-rodeio-acolhe-o-pedido-de-quatro-novicos-para-a-primeira-profissao.html#primaryimage\"},\"datePublished\":\"2025-01-15T12:02:44+00:00\",\"dateModified\":\"2025-03-10T19:21:06+00:00\",\"author\":{\"@id\":\"https:\/\/franciscanos.org.br\/noticias\/#\/schema\/person\/d9422e83121c3ad3b0f423d195f5bb25\"},\"breadcrumb\":{\"@id\":\"https:\/\/franciscanos.org.br\/noticias\/fraternidade-de-rodeio-acolhe-o-pedido-de-quatro-novicos-para-a-primeira-profissao.html#breadcrumb\"},\"inLanguage\":\"pt-BR\",\"potentialAction\":[{\"@type\":\"ReadAction\",\"target\":[\"https:\/\/franciscanos.org.br\/noticias\/fraternidade-de-rodeio-acolhe-o-pedido-de-quatro-novicos-para-a-primeira-profissao.html\"]}]},{\"@type\":\"BreadcrumbList\",\"@id\":\"https:\/\/franciscanos.org.br\/noticias\/fraternidade-de-rodeio-acolhe-o-pedido-de-quatro-novicos-para-a-primeira-profissao.html#breadcrumb\",\"itemListElement\":[{\"@type\":\"ListItem\",\"position\":1,\"name\":\"Home\",\"item\":\"https:\/\/franciscanos.org.br\/noticias\"},{\"@type\":\"ListItem\",\"position\":2,\"name\":\"Fraternidade de Rodeio acolhe o pedido de quatro novi\u00e7os para a Primeira Profiss\u00e3o\"}]},{\"@type\":\"Person\",\"@id\":\"https:\/\/franciscanos.org.br\/noticias\/#\/schema\/person\/d9422e83121c3ad3b0f423d195f5bb25\",\"name\":\"Adriana Rabelo\",\"image\":{\"@type\":\"ImageObject\",\"inLanguage\":\"pt-BR\",\"@id\":\"https:\/\/franciscanos.org.br\/noticias\/#\/schema\/person\/image\/\",\"url\":\"https:\/\/secure.gravatar.com\/avatar\/0a937b7500cd7df77540cfb8bede877d?s=96&d=mm&r=g\",\"contentUrl\":\"https:\/\/secure.gravatar.com\/avatar\/0a937b7500cd7df77540cfb8bede877d?s=96&d=mm&r=g\",\"caption\":\"Adriana Rabelo\"},\"url\":\"https:\/\/franciscanos.org.br\/noticias\/author\/adrianarabelo\"}]}<\/script>\n<!-- \/ Yoast SEO plugin. -->","yoast_head_json":{"title":"Fraternidade de Rodeio acolhe o pedido de quatro novi\u00e7os para a Primeira Profiss\u00e3o - Not\u00edcias - Franciscanos","robots":{"index":"index","follow":"follow","max-snippet":"max-snippet:-1","max-image-preview":"max-image-preview:large","max-video-preview":"max-video-preview:-1"},"canonical":"https:\/\/franciscanos.org.br\/noticias\/fraternidade-de-rodeio-acolhe-o-pedido-de-quatro-novicos-para-a-primeira-profissao.html","og_locale":"pt_BR","og_type":"article","og_title":"Fraternidade de Rodeio acolhe o pedido de quatro novi\u00e7os para a Primeira Profiss\u00e3o - Not\u00edcias - Franciscanos","og_description":"Primeira Profiss\u00e3o Religiosa","og_url":"https:\/\/franciscanos.org.br\/noticias\/fraternidade-de-rodeio-acolhe-o-pedido-de-quatro-novicos-para-a-primeira-profissao.html","og_site_name":"Not\u00edcias - Franciscanos","article_published_time":"2025-01-15T12:02:44+00:00","article_modified_time":"2025-03-10T19:21:06+00:00","og_image":[{"width":800,"height":550,"url":"https:\/\/franciscanos.org.br\/noticias\/wp-content\/uploads\/2025\/01\/CHAMADA-3.jpg","type":"image\/jpeg"}],"author":"Adriana Rabelo","twitter_card":"summary_large_image","twitter_misc":{"Escrito por":"Adriana Rabelo","Est. tempo de leitura":"2 minutos"},"schema":{"@context":"https:\/\/schema.org","@graph":[{"@type":"WebSite","@id":"https:\/\/franciscanos.org.br\/noticias\/#website","url":"https:\/\/franciscanos.org.br\/noticias\/","name":"Not\u00edcias - Franciscanos","description":"Prov\u00edncia Franciscana da Imaculada Concei\u00e7\u00e3o do Brasil - Ordem dos Frades Menores - OFM","potentialAction":[{"@type":"SearchAction","target":{"@type":"EntryPoint","urlTemplate":"https:\/\/franciscanos.org.br\/noticias\/?s={search_term_string}"},"query-input":"required name=search_term_string"}],"inLanguage":"pt-BR"},{"@type":"ImageObject","inLanguage":"pt-BR","@id":"https:\/\/franciscanos.org.br\/noticias\/fraternidade-de-rodeio-acolhe-o-pedido-de-quatro-novicos-para-a-primeira-profissao.html#primaryimage","url":"https:\/\/franciscanos.org.br\/noticias\/wp-content\/uploads\/2025\/01\/CHAMADA-3.jpg","contentUrl":"https:\/\/franciscanos.org.br\/noticias\/wp-content\/uploads\/2025\/01\/CHAMADA-3.jpg","width":800,"height":550},{"@type":"WebPage","@id":"https:\/\/franciscanos.org.br\/noticias\/fraternidade-de-rodeio-acolhe-o-pedido-de-quatro-novicos-para-a-primeira-profissao.html#webpage","url":"https:\/\/franciscanos.org.br\/noticias\/fraternidade-de-rodeio-acolhe-o-pedido-de-quatro-novicos-para-a-primeira-profissao.html","name":"Fraternidade de Rodeio acolhe o pedido de quatro novi\u00e7os para a Primeira Profiss\u00e3o - Not\u00edcias - Franciscanos","isPartOf":{"@id":"https:\/\/franciscanos.org.br\/noticias\/#website"},"primaryImageOfPage":{"@id":"https:\/\/franciscanos.org.br\/noticias\/fraternidade-de-rodeio-acolhe-o-pedido-de-quatro-novicos-para-a-primeira-profissao.html#primaryimage"},"datePublished":"2025-01-15T12:02:44+00:00","dateModified":"2025-03-10T19:21:06+00:00","author":{"@id":"https:\/\/franciscanos.org.br\/noticias\/#\/schema\/person\/d9422e83121c3ad3b0f423d195f5bb25"},"breadcrumb":{"@id":"https:\/\/franciscanos.org.br\/noticias\/fraternidade-de-rodeio-acolhe-o-pedido-de-quatro-novicos-para-a-primeira-profissao.html#breadcrumb"},"inLanguage":"pt-BR","potentialAction":[{"@type":"ReadAction","target":["https:\/\/franciscanos.org.br\/noticias\/fraternidade-de-rodeio-acolhe-o-pedido-de-quatro-novicos-para-a-primeira-profissao.html"]}]},{"@type":"BreadcrumbList","@id":"https:\/\/franciscanos.org.br\/noticias\/fraternidade-de-rodeio-acolhe-o-pedido-de-quatro-novicos-para-a-primeira-profissao.html#breadcrumb","itemListElement":[{"@type":"ListItem","position":1,"name":"Home","item":"https:\/\/franciscanos.org.br\/noticias"},{"@type":"ListItem","position":2,"name":"Fraternidade de Rodeio acolhe o pedido de quatro novi\u00e7os para a Primeira Profiss\u00e3o"}]},{"@type":"Person","@id":"https:\/\/franciscanos.org.br\/noticias\/#\/schema\/person\/d9422e83121c3ad3b0f423d195f5bb25","name":"Adriana Rabelo","image":{"@type":"ImageObject","inLanguage":"pt-BR","@id":"https:\/\/franciscanos.org.br\/noticias\/#\/schema\/person\/image\/","url":"https:\/\/secure.gravatar.com\/avatar\/0a937b7500cd7df77540cfb8bede877d?s=96&d=mm&r=g","contentUrl":"https:\/\/secure.gravatar.com\/avatar\/0a937b7500cd7df77540cfb8bede877d?s=96&d=mm&r=g","caption":"Adriana Rabelo"},"url":"https:\/\/franciscanos.org.br\/noticias\/author\/adrianarabelo"}]}},"_links":{"self":[{"href":"https:\/\/franciscanos.org.br\/noticias\/wp-json\/wp\/v2\/posts\/253949"}],"collection":[{"href":"https:\/\/franciscanos.org.br\/noticias\/wp-json\/wp\/v2\/posts"}],"about":[{"href":"https:\/\/franciscanos.org.br\/noticias\/wp-json\/wp\/v2\/types\/post"}],"author":[{"embeddable":true,"href":"https:\/\/franciscanos.org.br\/noticias\/wp-json\/wp\/v2\/users\/11"}],"replies":[{"embeddable":true,"href":"https:\/\/franciscanos.org.br\/noticias\/wp-json\/wp\/v2\/comments?post=253949"}],"version-history":[{"count":6,"href":"https:\/\/franciscanos.org.br\/noticias\/wp-json\/wp\/v2\/posts\/253949\/revisions"}],"predecessor-version":[{"id":253961,"href":"https:\/\/franciscanos.org.br\/noticias\/wp-json\/wp\/v2\/posts\/253949\/revisions\/253961"}],"wp:featuredmedia":[{"embeddable":true,"href":"https:\/\/franciscanos.org.br\/noticias\/wp-json\/wp\/v2\/media\/253951"}],"wp:attachment":[{"href":"https:\/\/franciscanos.org.br\/noticias\/wp-json\/wp\/v2\/media?parent=253949"}],"wp:term":[{"taxonomy":"category","embeddable":true,"href":"https:\/\/franciscanos.org.br\/noticias\/wp-json\/wp\/v2\/categories?post=253949"},{"taxonomy":"post_tag","embeddable":true,"href":"https:\/\/franciscanos.org.br\/noticias\/wp-json\/wp\/v2\/tags?post=253949"}],"curies":[{"name":"wp","href":"https:\/\/api.w.org\/{rel}","templated":true}]}}