{"id":25392,"date":"2012-10-01T08:06:01","date_gmt":"2012-10-01T11:06:01","guid":{"rendered":"http:\/\/new.franciscanos.org.br\/?p=25392"},"modified":"2020-06-11T17:55:29","modified_gmt":"2020-06-11T20:55:29","slug":"franciscanos-caminham-pela-paz-e-em-defesa-da-vida-em-duque-de-caxias","status":"publish","type":"post","link":"https:\/\/franciscanos.org.br\/noticias\/franciscanos-caminham-pela-paz-e-em-defesa-da-vida-em-duque-de-caxias.html","title":{"rendered":"Franciscanos caminham pela paz e em defesa da vida em Duque de Caxias"},"content":{"rendered":"<p style=\"text-align: left;\"><strong><img loading=\"lazy\" class=\"size-full wp-image-25453 alignright\" src=\"http:\/\/franciscanos.org.br\/wp-content\/uploads\/2012\/10\/3581_011012.jpg\" alt=\"\" width=\"400\" height=\"300\" \/><\/strong>Os franciscanos e simpatizantes do carisma franciscano vivenciaram uma rica experi\u00eancia mission\u00e1ria durante a II Caminhada Franciscana pela Paz e em Defesa da Vida realizada pelas ruas do Centro de Duque de Caxias (RJ), no \u00faltimo domingo. A iniciativa foi promovida pela Fraternidade Franciscana Santo Ant\u00f4nio, ligada \u00e0 Ordem Franciscana Secular (OFS), pelo Col\u00e9gio S\u00e3o Francisco e com o apoio do Jornal Pilar, da Diocese de Duque de Caxias e S\u00e3o Jo\u00e3o de Meriti.<\/p>\n<p style=\"text-align: left;\">O evento fez parte da programa\u00e7\u00e3o da Semana Franciscana, e teve como objetivo de chamar a aten\u00e7\u00e3o para o exterm\u00ednio de jovens na Baixada Fluminense e para a necessidade de se debater o fen\u00f4meno da viol\u00eancia e seus impactos nas vidas de crian\u00e7as e jovens das periferias das grandes metr\u00f3poles brasileiras.<\/p>\n<p style=\"text-align: left;\">Guiada pelos franciscanos seculares, a caminhada partiu da Catedral de Santo Ant\u00f4nio e seguiu pelas ruas, cal\u00e7ad\u00f5es e pra\u00e7as da cidade. Durante o trajeto, os participantes puderam refletir sobre a viol\u00eancia que atinge crian\u00e7as e jovens, idosos e mulheres, bem como o meio ambiente e seus ecossistemas. Al\u00e9m das associa\u00e7\u00f5es, grupos, pastorais e freq\u00fcentadores da par\u00f3quia, a caminhada tamb\u00e9m reuniu pessoas que passavam pela ruas, e que vivenciaram essa marcante experi\u00eancia de comunh\u00e3o fraterna em prol da paz e em defesa da vida.<\/p>\n<p style=\"text-align: left;\">O Mapa da Viol\u00eancia 2011, divulgado pelo Instituto Sangari &#8211; com dados referentes a 2008 &#8211; apresenta uma radiografia das mortes violentas dos jovens brasileiros e aponta a Cidade de Duque de Caxias como a cidade do Estado do Rio de Janeiro que mais mata adolescentes, ocupando a 16\u00aa posi\u00e7\u00e3o no ranking nacional.<\/p>\n<p style=\"text-align: left;\">A vida e os sonhos da juventude est\u00e3o sendo interrompidos pela viol\u00eancia ainda presentes na Baixada Fluminense. Um exemplo que confirma esse triste quadro ocorreu no in\u00edcio de setembro, na cidade vizinha de Mesquita, com a tortura e assassinato de seis jovens por traficantes de drogas.<\/p>\n<p style=\"text-align: left;\">A primeira reflex\u00e3o da manh\u00e3 foi apresentada pelo Col\u00e9gio S\u00e3o Francisco, que reuniu alunos e familiares, professores, funcion\u00e1rios e colaboradores para louvar e agradecer a Deus pelo dom da vida, por toda a obra da Cria\u00e7\u00e3o e pela miss\u00e3o de ser mais do que uma escola, mas um espa\u00e7o de conviv\u00eancia fraterna, de solidariedade atrav\u00e9s da educa\u00e7\u00e3o.<\/p>\n<p style=\"text-align: left;\">Outro momento de grande emo\u00e7\u00e3o que marcou a caminhada foi a homenagem prestada pelo Grupo Jovem da Catedral Santo Ant\u00f4nio aos jovens assassinados e suas fam\u00edlias com um momento de sil\u00eancio e ora\u00e7\u00e3o. As outras reflex\u00f5es foram conduzidas pelas irm\u00e3s Maria Madalena Martins, franciscana de Dillingen, e Ana Maria Soares, catequista franciscana, que abordaram, respectivamente, a viol\u00eancia contra idosos e mulheres.<\/p>\n<p style=\"text-align: left;\">Realizar uma caminhada pela paz e em defesa da vida \u00e9 emblem\u00e1tico n\u00e3o s\u00f3 pela viol\u00eancia que assola a juventude, mas pela coragem e ousadia de vencer a indiferen\u00e7a e trazer a p\u00fablico a tem\u00e1tica da viol\u00eancia e a neglig\u00eancia dos governantes frente a essas quest\u00f5es. A caminhada sinaliza a toda a sociedade que precisamos deter o quanto antes a exclus\u00e3o e a viol\u00eancia para construirmos uma cultura de paz e justi\u00e7a para as futuras gera\u00e7\u00f5es.<\/p>\n<p style=\"text-align: left;\">A Fraternidade Santo Ant\u00f4nio deixa aqui registrada a sua gratid\u00e3o ao Padre Renato Gentille, administrador diocesano, e a todos os irm\u00e3os e irm\u00e3s da Catedral Santo Ant\u00f4nio pela alegria e disponibilidade que espelham o amor de S\u00e3o Francisco por todas as criaturas e o vigor de seu carisma entre n\u00f3s.<\/p>\n","protected":false},"excerpt":{"rendered":"<p>OFS<\/p>\n","protected":false},"author":1,"featured_media":211703,"comment_status":"closed","ping_status":"open","sticky":false,"template":"","format":"standard","meta":[],"categories":[1],"tags":[60],"acf":[],"yoast_head":"<!-- This site is optimized with the Yoast SEO plugin v19.2 - https:\/\/yoast.com\/wordpress\/plugins\/seo\/ -->\n<title>Franciscanos caminham pela paz e em defesa da vida em Duque de Caxias - Not\u00edcias - Franciscanos<\/title>\n<meta name=\"robots\" content=\"index, follow, max-snippet:-1, max-image-preview:large, max-video-preview:-1\" \/>\n<link rel=\"canonical\" href=\"https:\/\/franciscanos.org.br\/noticias\/franciscanos-caminham-pela-paz-e-em-defesa-da-vida-em-duque-de-caxias.html\" \/>\n<meta property=\"og:locale\" content=\"pt_BR\" \/>\n<meta property=\"og:type\" content=\"article\" \/>\n<meta property=\"og:title\" content=\"Franciscanos caminham pela paz e em defesa da vida em Duque de Caxias - Not\u00edcias - Franciscanos\" \/>\n<meta property=\"og:description\" content=\"OFS\" \/>\n<meta property=\"og:url\" content=\"https:\/\/franciscanos.org.br\/noticias\/franciscanos-caminham-pela-paz-e-em-defesa-da-vida-em-duque-de-caxias.html\" \/>\n<meta property=\"og:site_name\" content=\"Not\u00edcias - Franciscanos\" \/>\n<meta property=\"article:published_time\" content=\"2012-10-01T11:06:01+00:00\" \/>\n<meta property=\"article:modified_time\" content=\"2020-06-11T20:55:29+00:00\" \/>\n<meta property=\"og:image\" content=\"https:\/\/franciscanos.org.br\/noticias\/wp-content\/uploads\/2012\/10\/3581_011012.jpg\" \/>\n\t<meta property=\"og:image:width\" content=\"273\" \/>\n\t<meta property=\"og:image:height\" content=\"182\" \/>\n\t<meta property=\"og:image:type\" content=\"image\/jpeg\" \/>\n<meta name=\"author\" content=\"admin\" \/>\n<meta name=\"twitter:card\" content=\"summary_large_image\" \/>\n<meta name=\"twitter:label1\" content=\"Escrito por\" \/>\n\t<meta name=\"twitter:data1\" content=\"admin\" \/>\n\t<meta name=\"twitter:label2\" content=\"Est. tempo de leitura\" \/>\n\t<meta name=\"twitter:data2\" content=\"3 minutos\" \/>\n<script type=\"application\/ld+json\" class=\"yoast-schema-graph\">{\"@context\":\"https:\/\/schema.org\",\"@graph\":[{\"@type\":\"WebSite\",\"@id\":\"https:\/\/franciscanos.org.br\/noticias\/#website\",\"url\":\"https:\/\/franciscanos.org.br\/noticias\/\",\"name\":\"Not\u00edcias - Franciscanos\",\"description\":\"Prov\u00edncia Franciscana da Imaculada Concei\u00e7\u00e3o do Brasil - Ordem dos Frades Menores - OFM\",\"potentialAction\":[{\"@type\":\"SearchAction\",\"target\":{\"@type\":\"EntryPoint\",\"urlTemplate\":\"https:\/\/franciscanos.org.br\/noticias\/?s={search_term_string}\"},\"query-input\":\"required name=search_term_string\"}],\"inLanguage\":\"pt-BR\"},{\"@type\":\"ImageObject\",\"inLanguage\":\"pt-BR\",\"@id\":\"https:\/\/franciscanos.org.br\/noticias\/franciscanos-caminham-pela-paz-e-em-defesa-da-vida-em-duque-de-caxias.html#primaryimage\",\"url\":\"https:\/\/franciscanos.org.br\/noticias\/wp-content\/uploads\/2012\/10\/3581_011012.jpg\",\"contentUrl\":\"https:\/\/franciscanos.org.br\/noticias\/wp-content\/uploads\/2012\/10\/3581_011012.jpg\",\"width\":273,\"height\":182},{\"@type\":\"WebPage\",\"@id\":\"https:\/\/franciscanos.org.br\/noticias\/franciscanos-caminham-pela-paz-e-em-defesa-da-vida-em-duque-de-caxias.html#webpage\",\"url\":\"https:\/\/franciscanos.org.br\/noticias\/franciscanos-caminham-pela-paz-e-em-defesa-da-vida-em-duque-de-caxias.html\",\"name\":\"Franciscanos caminham pela paz e em defesa da vida em Duque de Caxias - Not\u00edcias - Franciscanos\",\"isPartOf\":{\"@id\":\"https:\/\/franciscanos.org.br\/noticias\/#website\"},\"primaryImageOfPage\":{\"@id\":\"https:\/\/franciscanos.org.br\/noticias\/franciscanos-caminham-pela-paz-e-em-defesa-da-vida-em-duque-de-caxias.html#primaryimage\"},\"datePublished\":\"2012-10-01T11:06:01+00:00\",\"dateModified\":\"2020-06-11T20:55:29+00:00\",\"author\":{\"@id\":\"https:\/\/franciscanos.org.br\/noticias\/#\/schema\/person\/b38fbf43118f02820bd932f2e4b14ad3\"},\"breadcrumb\":{\"@id\":\"https:\/\/franciscanos.org.br\/noticias\/franciscanos-caminham-pela-paz-e-em-defesa-da-vida-em-duque-de-caxias.html#breadcrumb\"},\"inLanguage\":\"pt-BR\",\"potentialAction\":[{\"@type\":\"ReadAction\",\"target\":[\"https:\/\/franciscanos.org.br\/noticias\/franciscanos-caminham-pela-paz-e-em-defesa-da-vida-em-duque-de-caxias.html\"]}]},{\"@type\":\"BreadcrumbList\",\"@id\":\"https:\/\/franciscanos.org.br\/noticias\/franciscanos-caminham-pela-paz-e-em-defesa-da-vida-em-duque-de-caxias.html#breadcrumb\",\"itemListElement\":[{\"@type\":\"ListItem\",\"position\":1,\"name\":\"Home\",\"item\":\"https:\/\/franciscanos.org.br\/noticias\"},{\"@type\":\"ListItem\",\"position\":2,\"name\":\"Franciscanos caminham pela paz e em defesa da vida em Duque de Caxias\"}]},{\"@type\":\"Person\",\"@id\":\"https:\/\/franciscanos.org.br\/noticias\/#\/schema\/person\/b38fbf43118f02820bd932f2e4b14ad3\",\"name\":\"admin\",\"image\":{\"@type\":\"ImageObject\",\"inLanguage\":\"pt-BR\",\"@id\":\"https:\/\/franciscanos.org.br\/noticias\/#\/schema\/person\/image\/\",\"url\":\"https:\/\/secure.gravatar.com\/avatar\/e8495742d34d0ba6448ea1c628263b3e?s=96&d=mm&r=g\",\"contentUrl\":\"https:\/\/secure.gravatar.com\/avatar\/e8495742d34d0ba6448ea1c628263b3e?s=96&d=mm&r=g\",\"caption\":\"admin\"},\"url\":\"https:\/\/franciscanos.org.br\/noticias\/author\/admin\"}]}<\/script>\n<!-- \/ Yoast SEO plugin. -->","yoast_head_json":{"title":"Franciscanos caminham pela paz e em defesa da vida em Duque de Caxias - Not\u00edcias - Franciscanos","robots":{"index":"index","follow":"follow","max-snippet":"max-snippet:-1","max-image-preview":"max-image-preview:large","max-video-preview":"max-video-preview:-1"},"canonical":"https:\/\/franciscanos.org.br\/noticias\/franciscanos-caminham-pela-paz-e-em-defesa-da-vida-em-duque-de-caxias.html","og_locale":"pt_BR","og_type":"article","og_title":"Franciscanos caminham pela paz e em defesa da vida em Duque de Caxias - Not\u00edcias - Franciscanos","og_description":"OFS","og_url":"https:\/\/franciscanos.org.br\/noticias\/franciscanos-caminham-pela-paz-e-em-defesa-da-vida-em-duque-de-caxias.html","og_site_name":"Not\u00edcias - Franciscanos","article_published_time":"2012-10-01T11:06:01+00:00","article_modified_time":"2020-06-11T20:55:29+00:00","og_image":[{"width":273,"height":182,"url":"https:\/\/franciscanos.org.br\/noticias\/wp-content\/uploads\/2012\/10\/3581_011012.jpg","type":"image\/jpeg"}],"author":"admin","twitter_card":"summary_large_image","twitter_misc":{"Escrito por":"admin","Est. tempo de leitura":"3 minutos"},"schema":{"@context":"https:\/\/schema.org","@graph":[{"@type":"WebSite","@id":"https:\/\/franciscanos.org.br\/noticias\/#website","url":"https:\/\/franciscanos.org.br\/noticias\/","name":"Not\u00edcias - Franciscanos","description":"Prov\u00edncia Franciscana da Imaculada Concei\u00e7\u00e3o do Brasil - Ordem dos Frades Menores - OFM","potentialAction":[{"@type":"SearchAction","target":{"@type":"EntryPoint","urlTemplate":"https:\/\/franciscanos.org.br\/noticias\/?s={search_term_string}"},"query-input":"required name=search_term_string"}],"inLanguage":"pt-BR"},{"@type":"ImageObject","inLanguage":"pt-BR","@id":"https:\/\/franciscanos.org.br\/noticias\/franciscanos-caminham-pela-paz-e-em-defesa-da-vida-em-duque-de-caxias.html#primaryimage","url":"https:\/\/franciscanos.org.br\/noticias\/wp-content\/uploads\/2012\/10\/3581_011012.jpg","contentUrl":"https:\/\/franciscanos.org.br\/noticias\/wp-content\/uploads\/2012\/10\/3581_011012.jpg","width":273,"height":182},{"@type":"WebPage","@id":"https:\/\/franciscanos.org.br\/noticias\/franciscanos-caminham-pela-paz-e-em-defesa-da-vida-em-duque-de-caxias.html#webpage","url":"https:\/\/franciscanos.org.br\/noticias\/franciscanos-caminham-pela-paz-e-em-defesa-da-vida-em-duque-de-caxias.html","name":"Franciscanos caminham pela paz e em defesa da vida em Duque de Caxias - Not\u00edcias - Franciscanos","isPartOf":{"@id":"https:\/\/franciscanos.org.br\/noticias\/#website"},"primaryImageOfPage":{"@id":"https:\/\/franciscanos.org.br\/noticias\/franciscanos-caminham-pela-paz-e-em-defesa-da-vida-em-duque-de-caxias.html#primaryimage"},"datePublished":"2012-10-01T11:06:01+00:00","dateModified":"2020-06-11T20:55:29+00:00","author":{"@id":"https:\/\/franciscanos.org.br\/noticias\/#\/schema\/person\/b38fbf43118f02820bd932f2e4b14ad3"},"breadcrumb":{"@id":"https:\/\/franciscanos.org.br\/noticias\/franciscanos-caminham-pela-paz-e-em-defesa-da-vida-em-duque-de-caxias.html#breadcrumb"},"inLanguage":"pt-BR","potentialAction":[{"@type":"ReadAction","target":["https:\/\/franciscanos.org.br\/noticias\/franciscanos-caminham-pela-paz-e-em-defesa-da-vida-em-duque-de-caxias.html"]}]},{"@type":"BreadcrumbList","@id":"https:\/\/franciscanos.org.br\/noticias\/franciscanos-caminham-pela-paz-e-em-defesa-da-vida-em-duque-de-caxias.html#breadcrumb","itemListElement":[{"@type":"ListItem","position":1,"name":"Home","item":"https:\/\/franciscanos.org.br\/noticias"},{"@type":"ListItem","position":2,"name":"Franciscanos caminham pela paz e em defesa da vida em Duque de Caxias"}]},{"@type":"Person","@id":"https:\/\/franciscanos.org.br\/noticias\/#\/schema\/person\/b38fbf43118f02820bd932f2e4b14ad3","name":"admin","image":{"@type":"ImageObject","inLanguage":"pt-BR","@id":"https:\/\/franciscanos.org.br\/noticias\/#\/schema\/person\/image\/","url":"https:\/\/secure.gravatar.com\/avatar\/e8495742d34d0ba6448ea1c628263b3e?s=96&d=mm&r=g","contentUrl":"https:\/\/secure.gravatar.com\/avatar\/e8495742d34d0ba6448ea1c628263b3e?s=96&d=mm&r=g","caption":"admin"},"url":"https:\/\/franciscanos.org.br\/noticias\/author\/admin"}]}},"_links":{"self":[{"href":"https:\/\/franciscanos.org.br\/noticias\/wp-json\/wp\/v2\/posts\/25392"}],"collection":[{"href":"https:\/\/franciscanos.org.br\/noticias\/wp-json\/wp\/v2\/posts"}],"about":[{"href":"https:\/\/franciscanos.org.br\/noticias\/wp-json\/wp\/v2\/types\/post"}],"author":[{"embeddable":true,"href":"https:\/\/franciscanos.org.br\/noticias\/wp-json\/wp\/v2\/users\/1"}],"replies":[{"embeddable":true,"href":"https:\/\/franciscanos.org.br\/noticias\/wp-json\/wp\/v2\/comments?post=25392"}],"version-history":[{"count":1,"href":"https:\/\/franciscanos.org.br\/noticias\/wp-json\/wp\/v2\/posts\/25392\/revisions"}],"predecessor-version":[{"id":226429,"href":"https:\/\/franciscanos.org.br\/noticias\/wp-json\/wp\/v2\/posts\/25392\/revisions\/226429"}],"wp:featuredmedia":[{"embeddable":true,"href":"https:\/\/franciscanos.org.br\/noticias\/wp-json\/wp\/v2\/media\/211703"}],"wp:attachment":[{"href":"https:\/\/franciscanos.org.br\/noticias\/wp-json\/wp\/v2\/media?parent=25392"}],"wp:term":[{"taxonomy":"category","embeddable":true,"href":"https:\/\/franciscanos.org.br\/noticias\/wp-json\/wp\/v2\/categories?post=25392"},{"taxonomy":"post_tag","embeddable":true,"href":"https:\/\/franciscanos.org.br\/noticias\/wp-json\/wp\/v2\/tags?post=25392"}],"curies":[{"name":"wp","href":"https:\/\/api.w.org\/{rel}","templated":true}]}}