{"id":253904,"date":"2025-01-14T14:46:43","date_gmt":"2025-01-14T17:46:43","guid":{"rendered":"https:\/\/franciscanos.org.br\/noticias\/?p=253904"},"modified":"2025-03-10T16:20:46","modified_gmt":"2025-03-10T19:20:46","slug":"provincia-celebra-primeira-profissao-e-admissao-de-novicos-em-rodeio","status":"publish","type":"post","link":"https:\/\/franciscanos.org.br\/noticias\/provincia-celebra-primeira-profissao-e-admissao-de-novicos-em-rodeio.html","title":{"rendered":"Prov\u00edncia celebra Primeira Profiss\u00e3o e Admiss\u00e3o de Novi\u00e7os em Rodeio"},"content":{"rendered":"<p><img loading=\"lazy\" class=\"aligncenter wp-image-253930 size-full\" src=\"https:\/\/franciscanos.org.br\/noticias\/wp-content\/uploads\/2025\/01\/WhatsApp-Image-2025-01-14-at-15.15.23-1.jpeg\" alt=\"\" width=\"1280\" height=\"719\" srcset=\"https:\/\/franciscanos.org.br\/noticias\/wp-content\/uploads\/2025\/01\/WhatsApp-Image-2025-01-14-at-15.15.23-1.jpeg 1280w, https:\/\/franciscanos.org.br\/noticias\/wp-content\/uploads\/2025\/01\/WhatsApp-Image-2025-01-14-at-15.15.23-1-450x253.jpeg 450w, https:\/\/franciscanos.org.br\/noticias\/wp-content\/uploads\/2025\/01\/WhatsApp-Image-2025-01-14-at-15.15.23-1-1024x575.jpeg 1024w, https:\/\/franciscanos.org.br\/noticias\/wp-content\/uploads\/2025\/01\/WhatsApp-Image-2025-01-14-at-15.15.23-1-768x431.jpeg 768w, https:\/\/franciscanos.org.br\/noticias\/wp-content\/uploads\/2025\/01\/WhatsApp-Image-2025-01-14-at-15.15.23-1-150x84.jpeg 150w\" sizes=\"(max-width: 1280px) 100vw, 1280px\" \/><\/p>\n<p>No ano das celebra\u00e7\u00f5es dos 350 anos da Prov\u00edncia Franciscana da Imaculada Concei\u00e7\u00e3o do Brasil, do \u201cJubileu da Esperan\u00e7a\u201d da Igreja e do Centen\u00e1rio dos 800 anos do C\u00e2ntico das Criaturas de S\u00e3o Francisco de Assis, oito jovens dar\u00e3o continuidade a forma\u00e7\u00e3o religiosa no seguimento de Jesus Cristo, fundamentados nos exemplos de S\u00e3o Francisco de Assis.<\/p>\n<p><img loading=\"lazy\" class=\"size-medium wp-image-253914 alignright\" src=\"https:\/\/franciscanos.org.br\/noticias\/wp-content\/uploads\/2025\/01\/IMG_2137-450x338.jpg\" alt=\"\" width=\"450\" height=\"338\" \/>Neste dia 15 de janeiro, a Par\u00f3quia S\u00e3o Francisco, em Rodeio (SC), mais uma vez ser\u00e1 testemunha da escolha de vida feita pelos frades, que atenderam ao chamado vocacional para seguir uma vida dedicada a Deus e ao Seu povo.<\/p>\n<p>Ser\u00e3o dois momentos ao longo do dia. \u00a0Na Santa Missa das 9h, Frei Fabr\u00edcio Andreosa Martins, Frei Jean Carlos da Rosa dos Santos, Frei Leonardo Haag e Frei Patryck Ribeiro da Silva Dutra, far\u00e3o a Primeira Profiss\u00e3o Religiosa, ap\u00f3s um ano de forma\u00e7\u00e3o no Noviciado S\u00e3o Jos\u00e9.<\/p>\n<p>No final da tarde, \u00e0s 18h, durante a Ora\u00e7\u00e3o das V\u00e9speras, Levy Allex Gomes Vitorino, Luciano Ferreira Leite, Luis Naldo Rodrigues da Concei\u00e7\u00e3o e Mateus Henrique Fuck, ser\u00e3o admitidos no Noviciado.<\/p>\n<p>&nbsp;<\/p>\n<p><strong>Primeira Profiss\u00e3o dos Novi\u00e7os: \u00a0entrega e confirma\u00e7\u00e3o<\/strong><\/p>\n<p>Esse momento representa o comprometimento dos jovens frades com a vida voltada ao carisma de S\u00e3o Francisco de Assis, imitando sua humildade, simplicidade e amor a Deus e ao pr\u00f3ximo.\u00a0 A partir dessa confirma\u00e7\u00e3o, eles iniciar\u00e3o uma nova fase da jornada, marcada pelo servi\u00e7o, ora\u00e7\u00e3o, fraternidade e dedica\u00e7\u00e3o \u00e0 miss\u00e3o.<\/p>\n<p>Os votos p\u00fablicos de viver sem nada de pr\u00f3prio, em castidade e obedi\u00eancia, consagrando-se plenamente \u00e0 vida religiosa na Ordem Franciscana \u00e9 um passo decisivo na caminhada vocacional.<\/p>\n<p>Especialmente essa celebra\u00e7\u00e3o marcar\u00e1 a despedida de Frei Samuel Ferreira de Lima da miss\u00e3o assumida como mestre dos novi\u00e7os nos per\u00edodos de 2010 a 2018 e depois de 2022 a 2024. Durante 12 anos, o frade acompanhou e conduziu a forma\u00e7\u00e3o de 156 novi\u00e7os, em Rodeio.<\/p>\n<p>O motivo \u00e9 justo e representa a amplia\u00e7\u00e3o da miss\u00e3o religiosa do frade que, no dia 25 de novembro de 2024, foi nomeado pelo Papa Francisco como bispo titular de \u201cNasbinca\u201d e auxiliar na arquidiocese de Manaus (AM). Sua Ordena\u00e7\u00e3o Episcopal ser\u00e1 no dia 1 de fevereiro, tamb\u00e9m em Rodeio.<\/p>\n<p>\u201cCreio que de alguma forma contribu\u00ed com a caminhada franciscana e da Prov\u00edncia na forma\u00e7\u00e3o de novos irm\u00e3os para viver e anunciar o nosso carisma para o mundo. Sinto-me realizado na vida de cada um deles, tanto os que s\u00e3o frades e os que deixaram a ordem e d\u00e3o o seu contributo na sociedade\u201d, afirmou.<\/p>\n<p>De acordo com Frei Samuel, a primeira Profiss\u00e3o Religiosa \u00e9 a inser\u00e7\u00e3o em um modo de Vida como Consagrado e, na pr\u00e1tica, o nascimento do Frade Menor, que ter\u00e1 que, ao longo de sua vida, aprofundar, aprimorar, se conformar ao Cristo e continuamente buscar ser para Deus por meio do servi\u00e7o aos irm\u00e3os vivendo em obedi\u00eancia, em castidade e sem nada de pr\u00f3prio, testemunhando o Evangelho com sua vida.<\/p>\n<p>\u201cSer\u00e1 o in\u00edcio de uma miss\u00e3o de, em cada dia, dar respostas concretas ao desafio de viver o Carisma Franciscano na viv\u00eancia do Ser Frade Menor. S\u00e3o jovens dispostos a abra\u00e7ar o processo com leveza, sinceridade e responsabilidade. Eles est\u00e3o em um caminho de amadurecimento e encantamento pelo nosso modo de vida e a miss\u00e3o que assumimos no an\u00fancio do Evangelho\u201d, salientou o frade.<\/p>\n<p>Segundo a Ordem dos Frades Menores, o tempo da profiss\u00e3o tempor\u00e1ria \u00e9 o \u201cper\u00edodo durante o qual se completa a forma\u00e7\u00e3o para viver de modo mais pleno a vida pr\u00f3pria da Ordem e melhor cumprir sua miss\u00e3o&#8221;. Na Ordem Franciscana, os votos dos professos tempor\u00e1rios s\u00e3o renovados anualmente at\u00e9 o momento da profiss\u00e3o solene.<\/p>\n<p><strong>Conhe\u00e7a um pouco mais sobre os frades:<\/strong><\/p>\n<p><strong><img loading=\"lazy\" class=\"wp-image-253906 size-thumbnail alignleft\" src=\"https:\/\/franciscanos.org.br\/noticias\/wp-content\/uploads\/2025\/01\/2-2-300x300.png\" alt=\"\" width=\"300\" height=\"300\" srcset=\"https:\/\/franciscanos.org.br\/noticias\/wp-content\/uploads\/2025\/01\/2-2-300x300.png 300w, https:\/\/franciscanos.org.br\/noticias\/wp-content\/uploads\/2025\/01\/2-2-450x450.png 450w, https:\/\/franciscanos.org.br\/noticias\/wp-content\/uploads\/2025\/01\/2-2-1024x1024.png 1024w, https:\/\/franciscanos.org.br\/noticias\/wp-content\/uploads\/2025\/01\/2-2-768x768.png 768w, https:\/\/franciscanos.org.br\/noticias\/wp-content\/uploads\/2025\/01\/2-2-150x150.png 150w, https:\/\/franciscanos.org.br\/noticias\/wp-content\/uploads\/2025\/01\/2-2-100x100.png 100w, https:\/\/franciscanos.org.br\/noticias\/wp-content\/uploads\/2025\/01\/2-2.png 1080w\" sizes=\"(max-width: 300px) 100vw, 300px\" \/>Frei Fabr\u00edcio Andreosa Martins<\/strong>: Nascido em 1983, na cidade de Petr\u00f3polis (RJ), tendo hoje 41 anos.<\/p>\n<p>O frade encontrou-se no catolicismo atra\u00eddo pelos relatos de amigos sobre a vida e obra de Irm\u00e3 Dulce e Madre Teresa de Calcut\u00e1.\u00a0 \u201cA vida dos santos, a descoberta dos pais da Igreja e ensinamentos b\u00edblicos que nos exortam \u00e0 unidade da f\u00e9 (Ef\u00e9sios 4), tudo isso foi me aproximando da Igreja Cat\u00f3lica\u201d.<\/p>\n<p>Em sua caminhada, ainda na cidade serrana carioca, foi se aproximando da f\u00e9 cat\u00f3lica e sentiu o chamado para as voca\u00e7\u00f5es religiosas. Ele contou que seu padrinho de Crisma era da OFS, trabalhava da editora Vozes e falava muito de S\u00e3o Francisco de Assis. Foi assim que Frei Fabr\u00edcio sentiu o desejo de conhecer a OFM. Por conta de quest\u00f5es de trabalho foi transferido para o distrito de Imbari\u00ea (RJ), onde conheceu Frei Gabriel Dellandrea, que o convidou para um encontro vocacional, em agosto de 2021. A experi\u00eancia o cativou definitivamente \u00e0 Ordem e, assim, seguiu para o Aspirantado, o Postulantado e, atualmente, est\u00e1 no Noviciado.<\/p>\n<p>&#8220;Sei que ainda me falta um bom peda\u00e7o para chegar ao ideal do Amor a que sou chamado, mas, como diz o Frei Jos\u00e9 Bertoldi, em cita\u00e7\u00e3o feita pelo Frei Thiago Soares: &#8216;<em>Sozinhos N\u00c3O conseguiremos&#8217;<\/em>, pois &#8216;<em>Ningu\u00e9m se humaniza sozinho'&#8221;.<\/em><\/p>\n<p>&nbsp;<\/p>\n<p><strong><img loading=\"lazy\" class=\"wp-image-253907 size-thumbnail alignleft\" src=\"https:\/\/franciscanos.org.br\/noticias\/wp-content\/uploads\/2025\/01\/3-3-300x300.png\" alt=\"\" width=\"300\" height=\"300\" srcset=\"https:\/\/franciscanos.org.br\/noticias\/wp-content\/uploads\/2025\/01\/3-3-300x300.png 300w, https:\/\/franciscanos.org.br\/noticias\/wp-content\/uploads\/2025\/01\/3-3-450x450.png 450w, https:\/\/franciscanos.org.br\/noticias\/wp-content\/uploads\/2025\/01\/3-3-1024x1024.png 1024w, https:\/\/franciscanos.org.br\/noticias\/wp-content\/uploads\/2025\/01\/3-3-768x768.png 768w, https:\/\/franciscanos.org.br\/noticias\/wp-content\/uploads\/2025\/01\/3-3-150x150.png 150w, https:\/\/franciscanos.org.br\/noticias\/wp-content\/uploads\/2025\/01\/3-3-100x100.png 100w, https:\/\/franciscanos.org.br\/noticias\/wp-content\/uploads\/2025\/01\/3-3.png 1080w\" sizes=\"(max-width: 300px) 100vw, 300px\" \/>Frei Jean Carlos da Rosa dos Santos<\/strong>: Nascido em 28 de setembro de 1999, na cidade de Cond\u00f3i (PR), tendo hoje 25 anos.<\/p>\n<p>Segundo ele, sua voca\u00e7\u00e3o aos 6 anos de idade, quando foi coroinha. \u201cToda vez que participava da missa e via o padre celebrando ficava me imaginado no lugar dele. O tempo foi passando e a vontade de ser como o padre crescia\u201d.<\/p>\n<p>Em 2013 conheceu Frei Jo\u00e3o Cordeiro, FMM, que apresentou ao jovem a hist\u00f3ria de S\u00e3o Francisco de Assis. Isso fez com que em 2011 entrasse para o semin\u00e1rio dos Frades Mission\u00e1rios Menores, em Toledo (PR), onde permaneceu at\u00e9 o Postulantado.<\/p>\n<p>No ano de 2020 passou a participar dos encontros vocacionais da Fraternidade S\u00e3o Francisco, em Chopinzinho (PR). Ap\u00f3s o est\u00e1gio vocacional, ingressou, em 2022, no Aspirantado, em Ituporanga (SC) e, ao mesmo tempo participou das FAVs, em Conc\u00f3rdia (SC). Em 2023, ingressou no Postulantado, em Guaratinguet\u00e1 (SP), passando para a etapa do Noviciado, em 2024, em Rodeio, vivendo seu \u2018tempo de prova\u00e7\u00e3o\u2019. \u201cVim, olhei e fiquei, como diz aquela frase de S\u00e3o Francisco de Assis: \u2018\u00c9 isso que eu quero, \u00e9 isso que procuro\u2019. Aqui estou, respondendo o meu chamado\u201d, disse o frade.<\/p>\n<p><strong><img loading=\"lazy\" class=\"wp-image-253908 size-thumbnail alignleft\" src=\"https:\/\/franciscanos.org.br\/noticias\/wp-content\/uploads\/2025\/01\/4-3-300x300.png\" alt=\"\" width=\"300\" height=\"300\" srcset=\"https:\/\/franciscanos.org.br\/noticias\/wp-content\/uploads\/2025\/01\/4-3-300x300.png 300w, https:\/\/franciscanos.org.br\/noticias\/wp-content\/uploads\/2025\/01\/4-3-450x450.png 450w, https:\/\/franciscanos.org.br\/noticias\/wp-content\/uploads\/2025\/01\/4-3-1024x1024.png 1024w, https:\/\/franciscanos.org.br\/noticias\/wp-content\/uploads\/2025\/01\/4-3-768x768.png 768w, https:\/\/franciscanos.org.br\/noticias\/wp-content\/uploads\/2025\/01\/4-3-150x150.png 150w, https:\/\/franciscanos.org.br\/noticias\/wp-content\/uploads\/2025\/01\/4-3-100x100.png 100w, https:\/\/franciscanos.org.br\/noticias\/wp-content\/uploads\/2025\/01\/4-3.png 1080w\" sizes=\"(max-width: 300px) 100vw, 300px\" \/><\/strong><\/p>\n<p>&nbsp;<\/p>\n<p><strong>Frei Leonardo Haag<\/strong>: Nascido em 22 de julho de 2004, na cidade de Curitibanos (SC), tendo hoje 20 anos.<\/p>\n<p>No meio rural onde cresceu e seus pais trabalhavam, o frade participava da Par\u00f3quia S\u00e3o Francisco Solano. Na cidade de Frei Rog\u00e9rio (SC), estudou at\u00e9 o segundo ano do ensino m\u00e9dio, e l\u00e1 iniciou o acompanhamento vocacional, sendo acompanhado pelo Frei Marcelo Romani . Em 2023, ingressou no Aspirantado, em Ituporanga (SC), tendo como Mestre, Frei Marcos Prado dos Santos. No ano seguinte, em 2023, ingressou no Postulantado e seguiu para o Noviciado em 2024.<\/p>\n<p>&nbsp;<\/p>\n<p>&nbsp;<\/p>\n<p>&nbsp;<\/p>\n<p><strong><img loading=\"lazy\" class=\"wp-image-253909 size-thumbnail alignleft\" src=\"https:\/\/franciscanos.org.br\/noticias\/wp-content\/uploads\/2025\/01\/5-3-300x300.png\" alt=\"\" width=\"300\" height=\"300\" srcset=\"https:\/\/franciscanos.org.br\/noticias\/wp-content\/uploads\/2025\/01\/5-3-300x300.png 300w, https:\/\/franciscanos.org.br\/noticias\/wp-content\/uploads\/2025\/01\/5-3-450x450.png 450w, https:\/\/franciscanos.org.br\/noticias\/wp-content\/uploads\/2025\/01\/5-3-1024x1024.png 1024w, https:\/\/franciscanos.org.br\/noticias\/wp-content\/uploads\/2025\/01\/5-3-768x768.png 768w, https:\/\/franciscanos.org.br\/noticias\/wp-content\/uploads\/2025\/01\/5-3-150x150.png 150w, https:\/\/franciscanos.org.br\/noticias\/wp-content\/uploads\/2025\/01\/5-3-100x100.png 100w, https:\/\/franciscanos.org.br\/noticias\/wp-content\/uploads\/2025\/01\/5-3.png 1080w\" sizes=\"(max-width: 300px) 100vw, 300px\" \/>Frei Patryck Ribeiro da Silva Dutra<\/strong>: Nascido em dia 14 de janeiro de 2001, na cidade do Rio de Janeiro (RJ), tendo hoje 23 anos.<\/p>\n<p>Desde crian\u00e7a participou ativamente das atividades de sua par\u00f3quia, recebendo os sacramentos e engajando-se nas pastorais. Come\u00e7ou como coroinha aos 10 anos de idade e tamb\u00e9m atuou nas pastorais de batismo, familiar e ICJA (Inicia\u00e7\u00e3o Crist\u00e3 de Jovens e Adultos). Seguindo o exemplo da av\u00f3, participou do Apostolado da Ora\u00e7\u00e3o, onde cultivou a experi\u00eancia de adora\u00e7\u00e3o ao Sant\u00edssimo.<\/p>\n<p>Em 2016, ap\u00f3s o sacramento da Crisma, despertou para a voca\u00e7\u00e3o religiosa. \u201cSe Deus \u00e9 criador e Pai de todas as coisas e entregou seu Filho por amor a n\u00f3s, por que n\u00e3o entregar a vida que me deu em favor do Seu Reino?\u201d. \u00a0No in\u00edcio da faculdade de Hist\u00f3ria, em 2019, come\u00e7ou os encontros vocacionais com Frei R\u00f3ger Brunorio, no Convento Santo Ant\u00f4nio, no Rio de Janeiro (RJ). Dois anos depois, a partir dos encontros do SAV, decidiu dar continuidade ao chamado e responder \u00e0 chama do amor de Cristo. Em 2022 foi para o Aspirantado, em Ituporanga, passou pelo Postulantado, no ano seguinte e, em 2024 , ingressou no Noviciado, onde seu pedido para professar os votos religiosos na obedi\u00eancia da Ordem dos Frades Menores foi acolhido pela Prov\u00edncia.<\/p>\n<p><img loading=\"lazy\" class=\"aligncenter wp-image-253912 size-full\" src=\"https:\/\/franciscanos.org.br\/noticias\/wp-content\/uploads\/2025\/01\/WhatsApp-Image-2024-12-09-at-09.06.02-1.jpeg\" alt=\"\" width=\"1080\" height=\"1080\" srcset=\"https:\/\/franciscanos.org.br\/noticias\/wp-content\/uploads\/2025\/01\/WhatsApp-Image-2024-12-09-at-09.06.02-1.jpeg 1080w, https:\/\/franciscanos.org.br\/noticias\/wp-content\/uploads\/2025\/01\/WhatsApp-Image-2024-12-09-at-09.06.02-1-450x450.jpeg 450w, https:\/\/franciscanos.org.br\/noticias\/wp-content\/uploads\/2025\/01\/WhatsApp-Image-2024-12-09-at-09.06.02-1-1024x1024.jpeg 1024w, https:\/\/franciscanos.org.br\/noticias\/wp-content\/uploads\/2025\/01\/WhatsApp-Image-2024-12-09-at-09.06.02-1-300x300.jpeg 300w, https:\/\/franciscanos.org.br\/noticias\/wp-content\/uploads\/2025\/01\/WhatsApp-Image-2024-12-09-at-09.06.02-1-768x768.jpeg 768w, https:\/\/franciscanos.org.br\/noticias\/wp-content\/uploads\/2025\/01\/WhatsApp-Image-2024-12-09-at-09.06.02-1-150x150.jpeg 150w, https:\/\/franciscanos.org.br\/noticias\/wp-content\/uploads\/2025\/01\/WhatsApp-Image-2024-12-09-at-09.06.02-1-100x100.jpeg 100w\" sizes=\"(max-width: 1080px) 100vw, 1080px\" \/><\/p>\n<h3><\/h3>\n<h3><strong>Admiss\u00e3o dos Novi\u00e7os:\u00a0 aprofundamento nos estudos e encontro especial com Deus<\/strong><\/h3>\n<p>A ora\u00e7\u00e3o, o trabalho e o estudo s\u00e3o tarefas rotineiras no projeto de forma\u00e7\u00e3o do tempo de Noviciado.<\/p>\n<p>Neste dia 15, os 4 jovens (Levy, Luciano, Luis Naldo e Mateus) far\u00e3o um \u201cper\u00edodo de forma\u00e7\u00e3o mais intensa\u201d em Rodeio, tendo como objetivo \u201cfazer com que os novi\u00e7os conhe\u00e7am e experimentem a forma de vida de S\u00e3o Francisco, impregnem mais profundamente a mente e o cora\u00e7\u00e3o de seu esp\u00edrito e, avaliando melhor o chamado do Senhor, comprovem seus prop\u00f3sitos e sua idoneidade\u201d (Constitui\u00e7\u00f5es Gerais da Ordem, art. 152).<\/p>\n<p>Durante a admiss\u00e3o os novi\u00e7os vestem o h\u00e1bito franciscano, entregue pelas m\u00e3os do Ministro provincial, Frei Paulo Roberto Pereira, e do mestre Frei Jo\u00e3o Francisco da Silva, que assume a miss\u00e3o de mestre no lugar de Frei Samuel. Este \u00e9 considerado um dos momentos mais significativos do rito, pois ali mesmo eles passam a ser chamados de \u201cFrei\u201d. Este h\u00e1bito \u00e9 provis\u00f3rio durante o ano de Noviciado, j\u00e1 que o definitivo ser\u00e1 entregue quando fizerem a Primeira Profiss\u00e3o, no t\u00e9rmino do \u201cano de prova\u00e7\u00e3o\u201d.<\/p>\n<p>O desenvolvimento da vida em fraternidade durante o Noviciado \u00e9 sempre o grande desafio para um Mestre de Novi\u00e7os.<\/p>\n<p><strong>Conhe\u00e7a os novos novi\u00e7os:<\/strong><\/p>\n<p><strong><img loading=\"lazy\" class=\"wp-image-253917 size-thumbnail alignleft\" src=\"https:\/\/franciscanos.org.br\/noticias\/wp-content\/uploads\/2025\/01\/2-5-300x300.png\" alt=\"\" width=\"300\" height=\"300\" srcset=\"https:\/\/franciscanos.org.br\/noticias\/wp-content\/uploads\/2025\/01\/2-5-300x300.png 300w, https:\/\/franciscanos.org.br\/noticias\/wp-content\/uploads\/2025\/01\/2-5-450x450.png 450w, https:\/\/franciscanos.org.br\/noticias\/wp-content\/uploads\/2025\/01\/2-5-1024x1024.png 1024w, https:\/\/franciscanos.org.br\/noticias\/wp-content\/uploads\/2025\/01\/2-5-768x768.png 768w, https:\/\/franciscanos.org.br\/noticias\/wp-content\/uploads\/2025\/01\/2-5-150x150.png 150w, https:\/\/franciscanos.org.br\/noticias\/wp-content\/uploads\/2025\/01\/2-5-100x100.png 100w, https:\/\/franciscanos.org.br\/noticias\/wp-content\/uploads\/2025\/01\/2-5.png 1080w\" sizes=\"(max-width: 300px) 100vw, 300px\" \/>Levy Allex Gomes Vitorino<\/strong>: Nascido em 14 de abril de 2003, na cidade de Brejo Santo (CE), tendo hoje 21 anos.<\/p>\n<p>Iniciou o processo na vida religiosa em Guaratinguet\u00e1 (SP), no Semin\u00e1rio Frei Galv\u00e3o, em 2024. \u201cO postulantado, tempo do in\u00edcio do pedir, foi um momento de encontro, certamente. E encontro aqui no sentido mais amplo que esta palavra possa significar: revelando a mim, revelando aos outros e a Deus\u201d.<\/p>\n<p>Segundo o jovem, a expectativa para o noviciado \u00e9 como j\u00e1 se mostra a pr\u00f3pria palavra: ser novo, mas, novo a partir do antigo, da aspira\u00e7\u00e3o primeira, do pedido inicial. \u201cEspero ser um novi\u00e7o-postulante, com capacidade de pedir a Deus sempre, em todas as coisas: de novo, e de novo, e de novo \u2014 inacabado. Que seja novo, n\u00e3o por ser outro, mas por ser um aprofundamento, uma amplia\u00e7\u00e3o do que fui uma outra vez\u201d.<\/p>\n<p>&nbsp;<\/p>\n<p><strong><img loading=\"lazy\" class=\"wp-image-253918 size-thumbnail alignleft\" src=\"https:\/\/franciscanos.org.br\/noticias\/wp-content\/uploads\/2025\/01\/3-5-300x300.png\" alt=\"\" width=\"300\" height=\"300\" srcset=\"https:\/\/franciscanos.org.br\/noticias\/wp-content\/uploads\/2025\/01\/3-5-300x300.png 300w, https:\/\/franciscanos.org.br\/noticias\/wp-content\/uploads\/2025\/01\/3-5-450x450.png 450w, https:\/\/franciscanos.org.br\/noticias\/wp-content\/uploads\/2025\/01\/3-5-1024x1024.png 1024w, https:\/\/franciscanos.org.br\/noticias\/wp-content\/uploads\/2025\/01\/3-5-768x768.png 768w, https:\/\/franciscanos.org.br\/noticias\/wp-content\/uploads\/2025\/01\/3-5-150x150.png 150w, https:\/\/franciscanos.org.br\/noticias\/wp-content\/uploads\/2025\/01\/3-5-100x100.png 100w, https:\/\/franciscanos.org.br\/noticias\/wp-content\/uploads\/2025\/01\/3-5.png 1080w\" sizes=\"(max-width: 300px) 100vw, 300px\" \/><\/strong><\/p>\n<p>&nbsp;<\/p>\n<p><strong>Luciano Ferreira Leite:<\/strong> Nascido em 9 de abril de 1989, na cidade de Indaiatuba (SP), tendo hoje 35 anos.<\/p>\n<p>Segundo ele, a vida religiosa come\u00e7ou em 2021, quando procurou pelos frades franciscanos para dar in\u00edcio ao acompanhamento vocacional. \u201cA partir da\u00ed passei a &#8220;conviver&#8221; mais de perto com eles. Na companhia com os frades tive experi\u00eancias emocionantes e divertidas. Conheci sua rotina e a OFM. Para o noviciado a expectativa \u00e9 aprofunda-me mais na espiritualidade franciscana, com o que \u00e9 decido e proposto por esta etapa do processo de forma\u00e7\u00e3o\u201d.<\/p>\n<p>&nbsp;<\/p>\n<p>&nbsp;<\/p>\n<p>&nbsp;<\/p>\n<p><strong><img loading=\"lazy\" class=\"wp-image-253919 size-thumbnail alignleft\" src=\"https:\/\/franciscanos.org.br\/noticias\/wp-content\/uploads\/2025\/01\/4-5-300x300.png\" alt=\"\" width=\"300\" height=\"300\" srcset=\"https:\/\/franciscanos.org.br\/noticias\/wp-content\/uploads\/2025\/01\/4-5-300x300.png 300w, https:\/\/franciscanos.org.br\/noticias\/wp-content\/uploads\/2025\/01\/4-5-450x450.png 450w, https:\/\/franciscanos.org.br\/noticias\/wp-content\/uploads\/2025\/01\/4-5-1024x1024.png 1024w, https:\/\/franciscanos.org.br\/noticias\/wp-content\/uploads\/2025\/01\/4-5-768x768.png 768w, https:\/\/franciscanos.org.br\/noticias\/wp-content\/uploads\/2025\/01\/4-5-150x150.png 150w, https:\/\/franciscanos.org.br\/noticias\/wp-content\/uploads\/2025\/01\/4-5-100x100.png 100w, https:\/\/franciscanos.org.br\/noticias\/wp-content\/uploads\/2025\/01\/4-5.png 1080w\" sizes=\"(max-width: 300px) 100vw, 300px\" \/>Luis Naldo Rodrigues da Concei\u00e7\u00e3o:<\/strong> Nascido em 27 de novembro de 2000, na cidade da Serra (ES), tendo hoje 24 anos.<\/p>\n<p>O chamado para a vida vocacional de Luis Naldo come\u00e7ou na Festa da Penha, em Vila Velha (ES), mais especificamente na &#8220;romaria dos homens&#8221;. \u201cObservando a alegria dos frades, sentir-me chamado tamb\u00e9m a viver essa alegria evang\u00e9lica. Ent\u00e3o decidi entrar em contato com SAV. Comecei participar dos encontros vocacionais em 2022 no convento da Penha e no ano seguinte ingressei no Aspirantado. Em 2024, foi o ano do Postulantado! Ano de anseios e decis\u00f5es, marcado pela celebra\u00e7\u00e3o dos &#8220;800 anos das Chagas&#8221;. Senti a marca dessa chaga vivendo intensamente meu &#8220;SIM&#8221; di\u00e1rio, a modo de S\u00e3o Francisco. Essa viv\u00eancia intensa ainda n\u00e3o terminou, pois o frade \u00e9 um &#8220;eterno&#8221;: vocacionado; aspirante; postulante; novi\u00e7o, etc\u201d.<\/p>\n<p>O jovem disse estar muito animado, curioso e ansioso com o tempo do Noviciado. &#8220;Desejando ardentemente comer esta P\u00e1scoa com os meus irm\u00e3os\u201d (S\u00e3o Lucas 22:15-16). Estou dispon\u00edvel e pronto para viver mais um ano de entrega! Desejo profundamente viver mais um ano reafirmando minha vontade de seguir o evangelho de Cristo a modo de S\u00e3o Francisco, reassumindo minha promessa batismal\u201d.<\/p>\n<p>&nbsp;<\/p>\n<p><strong><img loading=\"lazy\" class=\"wp-image-253920 size-thumbnail alignleft\" src=\"https:\/\/franciscanos.org.br\/noticias\/wp-content\/uploads\/2025\/01\/5-6-300x300.png\" alt=\"\" width=\"300\" height=\"300\" srcset=\"https:\/\/franciscanos.org.br\/noticias\/wp-content\/uploads\/2025\/01\/5-6-300x300.png 300w, https:\/\/franciscanos.org.br\/noticias\/wp-content\/uploads\/2025\/01\/5-6-450x450.png 450w, https:\/\/franciscanos.org.br\/noticias\/wp-content\/uploads\/2025\/01\/5-6-1024x1024.png 1024w, https:\/\/franciscanos.org.br\/noticias\/wp-content\/uploads\/2025\/01\/5-6-768x768.png 768w, https:\/\/franciscanos.org.br\/noticias\/wp-content\/uploads\/2025\/01\/5-6-150x150.png 150w, https:\/\/franciscanos.org.br\/noticias\/wp-content\/uploads\/2025\/01\/5-6-100x100.png 100w, https:\/\/franciscanos.org.br\/noticias\/wp-content\/uploads\/2025\/01\/5-6.png 1080w\" sizes=\"(max-width: 300px) 100vw, 300px\" \/>Mateus Henrique Fuck:<\/strong> Nascido em 3 de maio de 1994, em na cidade de Angelina (SC), tendo hoje 30 anos.<\/p>\n<p>O vocacionado disse que sempre sentiu o chamado de Deus para a vida religiosa, mas como a maioria dos jovens, procurou fora o que est\u00e1 dentro. \u201cDepois de concluir a faculdade, em meio as crises, decidi fazer uma experi\u00eancia vocacional. Nesse meio tempo os frades franciscanos entregaram a minha par\u00f3quia de origem aos cuidados dos padres diocesanos. Ap\u00f3s um discernimento vocacional, no ano de 2022, optei por fazer essa experi\u00eancia junto aos franciscanos, ingressando no Aspirantado no ano seguinte, na cidade de Ituporanga (SC) e posteriormente no Postulantado, em Guaratinguet\u00e1 (SP). Esse in\u00edcio da caminhada religiosa tem me mostrado o qu\u00e3o belo \u00e9 a vida franciscana na sua diversidade. Dessa forma, estou pronto para viver o \u2018tempo da gra\u00e7a\u2019, o Noviciado, tempo de conhecer e experimentar mais profundamente a forma de vida proposta por S\u00e3o Francisco de Assis, de continuar o discernimento e o aprofundamento na decis\u00e3o de seguir a Jesus Cristo na Igreja e no mundo\u201d.<\/p>\n<p>Rezemos por esses nossos irm\u00e3os, para que possam viver plenamente o esp\u00edrito franciscano, sempre fi\u00e9is ao seu chamado e \u00e0 sua voca\u00e7\u00e3o, com sabedoria e amor.<\/p>\n<hr \/>\n<p><em>Adriana\u00a0 Rabelo<\/em><\/p>\n<p>&nbsp;<\/p>\n","protected":false},"excerpt":{"rendered":"<p>Primeira Profiss\u00e3o e Admiss\u00e3o Noviciado<\/p>\n","protected":false},"author":11,"featured_media":253928,"comment_status":"open","ping_status":"open","sticky":false,"template":"","format":"standard","meta":[],"categories":[1],"tags":[1270,2198,2056],"acf":[],"yoast_head":"<!-- This site is optimized with the Yoast SEO plugin v19.2 - https:\/\/yoast.com\/wordpress\/plugins\/seo\/ -->\n<title>Prov\u00edncia celebra Primeira Profiss\u00e3o e Admiss\u00e3o de Novi\u00e7os em Rodeio - Not\u00edcias - Franciscanos<\/title>\n<meta name=\"robots\" content=\"index, follow, max-snippet:-1, max-image-preview:large, max-video-preview:-1\" \/>\n<link rel=\"canonical\" href=\"https:\/\/franciscanos.org.br\/noticias\/provincia-celebra-primeira-profissao-e-admissao-de-novicos-em-rodeio.html\" \/>\n<meta property=\"og:locale\" content=\"pt_BR\" \/>\n<meta property=\"og:type\" content=\"article\" \/>\n<meta property=\"og:title\" content=\"Prov\u00edncia celebra Primeira Profiss\u00e3o e Admiss\u00e3o de Novi\u00e7os em Rodeio - Not\u00edcias - Franciscanos\" \/>\n<meta property=\"og:description\" content=\"Primeira Profiss\u00e3o e Admiss\u00e3o Noviciado\" \/>\n<meta property=\"og:url\" content=\"https:\/\/franciscanos.org.br\/noticias\/provincia-celebra-primeira-profissao-e-admissao-de-novicos-em-rodeio.html\" \/>\n<meta property=\"og:site_name\" content=\"Not\u00edcias - Franciscanos\" \/>\n<meta property=\"article:published_time\" content=\"2025-01-14T17:46:43+00:00\" \/>\n<meta property=\"article:modified_time\" content=\"2025-03-10T19:20:46+00:00\" \/>\n<meta property=\"og:image\" content=\"https:\/\/franciscanos.org.br\/noticias\/wp-content\/uploads\/2025\/01\/WhatsApp-Image-2025-01-14-at-15.15.23.jpeg\" \/>\n\t<meta property=\"og:image:width\" content=\"1280\" \/>\n\t<meta property=\"og:image:height\" content=\"879\" \/>\n\t<meta property=\"og:image:type\" content=\"image\/jpeg\" \/>\n<meta name=\"author\" content=\"Adriana Rabelo\" \/>\n<meta name=\"twitter:card\" content=\"summary_large_image\" \/>\n<meta name=\"twitter:label1\" content=\"Escrito por\" \/>\n\t<meta name=\"twitter:data1\" content=\"Adriana Rabelo\" \/>\n\t<meta name=\"twitter:label2\" content=\"Est. tempo de leitura\" \/>\n\t<meta name=\"twitter:data2\" content=\"11 minutos\" \/>\n<script type=\"application\/ld+json\" class=\"yoast-schema-graph\">{\"@context\":\"https:\/\/schema.org\",\"@graph\":[{\"@type\":\"WebSite\",\"@id\":\"https:\/\/franciscanos.org.br\/noticias\/#website\",\"url\":\"https:\/\/franciscanos.org.br\/noticias\/\",\"name\":\"Not\u00edcias - Franciscanos\",\"description\":\"Prov\u00edncia Franciscana da Imaculada Concei\u00e7\u00e3o do Brasil - Ordem dos Frades Menores - OFM\",\"potentialAction\":[{\"@type\":\"SearchAction\",\"target\":{\"@type\":\"EntryPoint\",\"urlTemplate\":\"https:\/\/franciscanos.org.br\/noticias\/?s={search_term_string}\"},\"query-input\":\"required name=search_term_string\"}],\"inLanguage\":\"pt-BR\"},{\"@type\":\"ImageObject\",\"inLanguage\":\"pt-BR\",\"@id\":\"https:\/\/franciscanos.org.br\/noticias\/provincia-celebra-primeira-profissao-e-admissao-de-novicos-em-rodeio.html#primaryimage\",\"url\":\"https:\/\/franciscanos.org.br\/noticias\/wp-content\/uploads\/2025\/01\/WhatsApp-Image-2025-01-14-at-15.15.23.jpeg\",\"contentUrl\":\"https:\/\/franciscanos.org.br\/noticias\/wp-content\/uploads\/2025\/01\/WhatsApp-Image-2025-01-14-at-15.15.23.jpeg\",\"width\":1280,\"height\":879},{\"@type\":\"WebPage\",\"@id\":\"https:\/\/franciscanos.org.br\/noticias\/provincia-celebra-primeira-profissao-e-admissao-de-novicos-em-rodeio.html#webpage\",\"url\":\"https:\/\/franciscanos.org.br\/noticias\/provincia-celebra-primeira-profissao-e-admissao-de-novicos-em-rodeio.html\",\"name\":\"Prov\u00edncia celebra Primeira Profiss\u00e3o e Admiss\u00e3o de Novi\u00e7os em Rodeio - Not\u00edcias - Franciscanos\",\"isPartOf\":{\"@id\":\"https:\/\/franciscanos.org.br\/noticias\/#website\"},\"primaryImageOfPage\":{\"@id\":\"https:\/\/franciscanos.org.br\/noticias\/provincia-celebra-primeira-profissao-e-admissao-de-novicos-em-rodeio.html#primaryimage\"},\"datePublished\":\"2025-01-14T17:46:43+00:00\",\"dateModified\":\"2025-03-10T19:20:46+00:00\",\"author\":{\"@id\":\"https:\/\/franciscanos.org.br\/noticias\/#\/schema\/person\/d9422e83121c3ad3b0f423d195f5bb25\"},\"breadcrumb\":{\"@id\":\"https:\/\/franciscanos.org.br\/noticias\/provincia-celebra-primeira-profissao-e-admissao-de-novicos-em-rodeio.html#breadcrumb\"},\"inLanguage\":\"pt-BR\",\"potentialAction\":[{\"@type\":\"ReadAction\",\"target\":[\"https:\/\/franciscanos.org.br\/noticias\/provincia-celebra-primeira-profissao-e-admissao-de-novicos-em-rodeio.html\"]}]},{\"@type\":\"BreadcrumbList\",\"@id\":\"https:\/\/franciscanos.org.br\/noticias\/provincia-celebra-primeira-profissao-e-admissao-de-novicos-em-rodeio.html#breadcrumb\",\"itemListElement\":[{\"@type\":\"ListItem\",\"position\":1,\"name\":\"Home\",\"item\":\"https:\/\/franciscanos.org.br\/noticias\"},{\"@type\":\"ListItem\",\"position\":2,\"name\":\"Prov\u00edncia celebra Primeira Profiss\u00e3o e Admiss\u00e3o de Novi\u00e7os em Rodeio\"}]},{\"@type\":\"Person\",\"@id\":\"https:\/\/franciscanos.org.br\/noticias\/#\/schema\/person\/d9422e83121c3ad3b0f423d195f5bb25\",\"name\":\"Adriana Rabelo\",\"image\":{\"@type\":\"ImageObject\",\"inLanguage\":\"pt-BR\",\"@id\":\"https:\/\/franciscanos.org.br\/noticias\/#\/schema\/person\/image\/\",\"url\":\"https:\/\/secure.gravatar.com\/avatar\/0a937b7500cd7df77540cfb8bede877d?s=96&d=mm&r=g\",\"contentUrl\":\"https:\/\/secure.gravatar.com\/avatar\/0a937b7500cd7df77540cfb8bede877d?s=96&d=mm&r=g\",\"caption\":\"Adriana Rabelo\"},\"url\":\"https:\/\/franciscanos.org.br\/noticias\/author\/adrianarabelo\"}]}<\/script>\n<!-- \/ Yoast SEO plugin. -->","yoast_head_json":{"title":"Prov\u00edncia celebra Primeira Profiss\u00e3o e Admiss\u00e3o de Novi\u00e7os em Rodeio - Not\u00edcias - Franciscanos","robots":{"index":"index","follow":"follow","max-snippet":"max-snippet:-1","max-image-preview":"max-image-preview:large","max-video-preview":"max-video-preview:-1"},"canonical":"https:\/\/franciscanos.org.br\/noticias\/provincia-celebra-primeira-profissao-e-admissao-de-novicos-em-rodeio.html","og_locale":"pt_BR","og_type":"article","og_title":"Prov\u00edncia celebra Primeira Profiss\u00e3o e Admiss\u00e3o de Novi\u00e7os em Rodeio - Not\u00edcias - Franciscanos","og_description":"Primeira Profiss\u00e3o e Admiss\u00e3o Noviciado","og_url":"https:\/\/franciscanos.org.br\/noticias\/provincia-celebra-primeira-profissao-e-admissao-de-novicos-em-rodeio.html","og_site_name":"Not\u00edcias - Franciscanos","article_published_time":"2025-01-14T17:46:43+00:00","article_modified_time":"2025-03-10T19:20:46+00:00","og_image":[{"width":1280,"height":879,"url":"https:\/\/franciscanos.org.br\/noticias\/wp-content\/uploads\/2025\/01\/WhatsApp-Image-2025-01-14-at-15.15.23.jpeg","type":"image\/jpeg"}],"author":"Adriana Rabelo","twitter_card":"summary_large_image","twitter_misc":{"Escrito por":"Adriana Rabelo","Est. tempo de leitura":"11 minutos"},"schema":{"@context":"https:\/\/schema.org","@graph":[{"@type":"WebSite","@id":"https:\/\/franciscanos.org.br\/noticias\/#website","url":"https:\/\/franciscanos.org.br\/noticias\/","name":"Not\u00edcias - Franciscanos","description":"Prov\u00edncia Franciscana da Imaculada Concei\u00e7\u00e3o do Brasil - Ordem dos Frades Menores - OFM","potentialAction":[{"@type":"SearchAction","target":{"@type":"EntryPoint","urlTemplate":"https:\/\/franciscanos.org.br\/noticias\/?s={search_term_string}"},"query-input":"required name=search_term_string"}],"inLanguage":"pt-BR"},{"@type":"ImageObject","inLanguage":"pt-BR","@id":"https:\/\/franciscanos.org.br\/noticias\/provincia-celebra-primeira-profissao-e-admissao-de-novicos-em-rodeio.html#primaryimage","url":"https:\/\/franciscanos.org.br\/noticias\/wp-content\/uploads\/2025\/01\/WhatsApp-Image-2025-01-14-at-15.15.23.jpeg","contentUrl":"https:\/\/franciscanos.org.br\/noticias\/wp-content\/uploads\/2025\/01\/WhatsApp-Image-2025-01-14-at-15.15.23.jpeg","width":1280,"height":879},{"@type":"WebPage","@id":"https:\/\/franciscanos.org.br\/noticias\/provincia-celebra-primeira-profissao-e-admissao-de-novicos-em-rodeio.html#webpage","url":"https:\/\/franciscanos.org.br\/noticias\/provincia-celebra-primeira-profissao-e-admissao-de-novicos-em-rodeio.html","name":"Prov\u00edncia celebra Primeira Profiss\u00e3o e Admiss\u00e3o de Novi\u00e7os em Rodeio - Not\u00edcias - Franciscanos","isPartOf":{"@id":"https:\/\/franciscanos.org.br\/noticias\/#website"},"primaryImageOfPage":{"@id":"https:\/\/franciscanos.org.br\/noticias\/provincia-celebra-primeira-profissao-e-admissao-de-novicos-em-rodeio.html#primaryimage"},"datePublished":"2025-01-14T17:46:43+00:00","dateModified":"2025-03-10T19:20:46+00:00","author":{"@id":"https:\/\/franciscanos.org.br\/noticias\/#\/schema\/person\/d9422e83121c3ad3b0f423d195f5bb25"},"breadcrumb":{"@id":"https:\/\/franciscanos.org.br\/noticias\/provincia-celebra-primeira-profissao-e-admissao-de-novicos-em-rodeio.html#breadcrumb"},"inLanguage":"pt-BR","potentialAction":[{"@type":"ReadAction","target":["https:\/\/franciscanos.org.br\/noticias\/provincia-celebra-primeira-profissao-e-admissao-de-novicos-em-rodeio.html"]}]},{"@type":"BreadcrumbList","@id":"https:\/\/franciscanos.org.br\/noticias\/provincia-celebra-primeira-profissao-e-admissao-de-novicos-em-rodeio.html#breadcrumb","itemListElement":[{"@type":"ListItem","position":1,"name":"Home","item":"https:\/\/franciscanos.org.br\/noticias"},{"@type":"ListItem","position":2,"name":"Prov\u00edncia celebra Primeira Profiss\u00e3o e Admiss\u00e3o de Novi\u00e7os em Rodeio"}]},{"@type":"Person","@id":"https:\/\/franciscanos.org.br\/noticias\/#\/schema\/person\/d9422e83121c3ad3b0f423d195f5bb25","name":"Adriana Rabelo","image":{"@type":"ImageObject","inLanguage":"pt-BR","@id":"https:\/\/franciscanos.org.br\/noticias\/#\/schema\/person\/image\/","url":"https:\/\/secure.gravatar.com\/avatar\/0a937b7500cd7df77540cfb8bede877d?s=96&d=mm&r=g","contentUrl":"https:\/\/secure.gravatar.com\/avatar\/0a937b7500cd7df77540cfb8bede877d?s=96&d=mm&r=g","caption":"Adriana Rabelo"},"url":"https:\/\/franciscanos.org.br\/noticias\/author\/adrianarabelo"}]}},"_links":{"self":[{"href":"https:\/\/franciscanos.org.br\/noticias\/wp-json\/wp\/v2\/posts\/253904"}],"collection":[{"href":"https:\/\/franciscanos.org.br\/noticias\/wp-json\/wp\/v2\/posts"}],"about":[{"href":"https:\/\/franciscanos.org.br\/noticias\/wp-json\/wp\/v2\/types\/post"}],"author":[{"embeddable":true,"href":"https:\/\/franciscanos.org.br\/noticias\/wp-json\/wp\/v2\/users\/11"}],"replies":[{"embeddable":true,"href":"https:\/\/franciscanos.org.br\/noticias\/wp-json\/wp\/v2\/comments?post=253904"}],"version-history":[{"count":27,"href":"https:\/\/franciscanos.org.br\/noticias\/wp-json\/wp\/v2\/posts\/253904\/revisions"}],"predecessor-version":[{"id":254268,"href":"https:\/\/franciscanos.org.br\/noticias\/wp-json\/wp\/v2\/posts\/253904\/revisions\/254268"}],"wp:featuredmedia":[{"embeddable":true,"href":"https:\/\/franciscanos.org.br\/noticias\/wp-json\/wp\/v2\/media\/253928"}],"wp:attachment":[{"href":"https:\/\/franciscanos.org.br\/noticias\/wp-json\/wp\/v2\/media?parent=253904"}],"wp:term":[{"taxonomy":"category","embeddable":true,"href":"https:\/\/franciscanos.org.br\/noticias\/wp-json\/wp\/v2\/categories?post=253904"},{"taxonomy":"post_tag","embeddable":true,"href":"https:\/\/franciscanos.org.br\/noticias\/wp-json\/wp\/v2\/tags?post=253904"}],"curies":[{"name":"wp","href":"https:\/\/api.w.org\/{rel}","templated":true}]}}