{"id":253887,"date":"2025-01-13T08:28:14","date_gmt":"2025-01-13T11:28:14","guid":{"rendered":"https:\/\/franciscanos.org.br\/noticias\/?p=253887"},"modified":"2025-03-10T16:20:23","modified_gmt":"2025-03-10T19:20:23","slug":"doze-postulantes-sao-admitidos-no-seminario-frei-galvao","status":"publish","type":"post","link":"https:\/\/franciscanos.org.br\/noticias\/doze-postulantes-sao-admitidos-no-seminario-frei-galvao.html","title":{"rendered":"Onze postulantes s\u00e3o admitidos no Semin\u00e1rio Frei Galv\u00e3o"},"content":{"rendered":"<p><img loading=\"lazy\" class=\"aligncenter wp-image-253889 size-full\" src=\"https:\/\/franciscanos.org.br\/noticias\/wp-content\/uploads\/2025\/01\/MATERIA-2.jpg\" alt=\"\" width=\"1280\" height=\"720\" srcset=\"https:\/\/franciscanos.org.br\/noticias\/wp-content\/uploads\/2025\/01\/MATERIA-2.jpg 1280w, https:\/\/franciscanos.org.br\/noticias\/wp-content\/uploads\/2025\/01\/MATERIA-2-450x253.jpg 450w, https:\/\/franciscanos.org.br\/noticias\/wp-content\/uploads\/2025\/01\/MATERIA-2-1024x576.jpg 1024w, https:\/\/franciscanos.org.br\/noticias\/wp-content\/uploads\/2025\/01\/MATERIA-2-768x432.jpg 768w, https:\/\/franciscanos.org.br\/noticias\/wp-content\/uploads\/2025\/01\/MATERIA-2-150x84.jpg 150w\" sizes=\"(max-width: 1280px) 100vw, 1280px\" \/><\/p>\n<p>Sob a inspira\u00e7\u00e3o do santo de Assis, cujo cora\u00e7\u00e3o ardia em amor pelo Evangelho e por toda criatura, a Prov\u00edncia Franciscana da Imaculada Concei\u00e7\u00e3o do Brasil, em comunh\u00e3o com a Prov\u00edncia S\u00e3o Francisco de Assis, do Rio Grande do Sul, reuniu-se no Semin\u00e1rio Frei Galv\u00e3o, em Guaratinguet\u00e1 (SP), para acolher onze irm\u00e3os. Este ano singular, marcado pela realiza\u00e7\u00e3o de um postulantado interprovincial, reafirma a unidade das fraternidades e a partilha do ideal franciscano.<\/p>\n<p><img loading=\"lazy\" class=\"size-medium wp-image-253890 alignright\" src=\"https:\/\/franciscanos.org.br\/noticias\/wp-content\/uploads\/2025\/01\/IMG-20250110-WA0005-450x338.jpg\" alt=\"\" width=\"450\" height=\"338\" srcset=\"https:\/\/franciscanos.org.br\/noticias\/wp-content\/uploads\/2025\/01\/IMG-20250110-WA0005-450x338.jpg 450w, https:\/\/franciscanos.org.br\/noticias\/wp-content\/uploads\/2025\/01\/IMG-20250110-WA0005-1024x768.jpg 1024w, https:\/\/franciscanos.org.br\/noticias\/wp-content\/uploads\/2025\/01\/IMG-20250110-WA0005-768x576.jpg 768w, https:\/\/franciscanos.org.br\/noticias\/wp-content\/uploads\/2025\/01\/IMG-20250110-WA0005-1536x1152.jpg 1536w, https:\/\/franciscanos.org.br\/noticias\/wp-content\/uploads\/2025\/01\/IMG-20250110-WA0005-150x113.jpg 150w, https:\/\/franciscanos.org.br\/noticias\/wp-content\/uploads\/2025\/01\/IMG-20250110-WA0005-600x450.jpg 600w, https:\/\/franciscanos.org.br\/noticias\/wp-content\/uploads\/2025\/01\/IMG-20250110-WA0005.jpg 1440w\" sizes=\"(max-width: 450px) 100vw, 450px\" \/>No dia 10 de janeiro, os postulantes foram admitidos com j\u00fabilo a essa etapa formativa, prontos para trilhar um caminho de transforma\u00e7\u00e3o e entrega. Durante a celebra\u00e7\u00e3o, Frei Paulo Roberto Pereira, Ministro provincial, em sua homilia, convocou-os a abra\u00e7ar com fervor a santidade, esse tesouro inef\u00e1vel concedido aos filhos de Deus. Recordou, ainda, que o postulantado \u00e9 uma cont\u00ednua convers\u00e3o, uma jornada di\u00e1ria de encontros que transcendem as barreiras sociais e adentram os dom\u00ednios do esp\u00edrito, onde o Evangelho pulsa vivo entre os marginalizados e oprimidos.<\/p>\n<p>Frei Paulo enfatizou que a fraternidade, essa virtude preciosa que reflete um vislumbre do c\u00e9u, \u00e9 o alicerce da vida religiosa. Em sua simplicidade e nas imperfei\u00e7\u00f5es do cotidiano, ela manifesta o amor de Cristo. Tal amor, que excede o entendimento, revela-se em cada gesto, palavra e atitude, iluminando a exist\u00eancia com a alegria divina escondida nos semblantes de cada irm\u00e3o.<\/p>\n<p>Para os novos postulantes abra\u00e7ar o carisma de S\u00e3o Francisco \u00e9 mais que um desafio; \u00e9 uma declara\u00e7\u00e3o de esperan\u00e7a. \u00c9 reconhecer a presen\u00e7a do Cristo Vivo nas m\u00faltiplas faces que cruzam o caminho. Este tempo formativo \u00e9 como um mergulho em \u00e1guas profundas, um ato de confian\u00e7a no chamado divino, tal como exorta a Escritura: \u201cPortanto, irm\u00e3os, cuidai cada vez mais em assegurar a vossa voca\u00e7\u00e3o e elei\u00e7\u00e3o\u201d (II Pedro 1,10a). \u00c9 o abandono das seguran\u00e7as terrenas para seguir com ardor Aquele que os amou primeiro.<\/p>\n<p>Assim, o postulantado exige a totalidade do ser, uma entrega semelhante \u00e0 de Francisco, Clara e os primeiros irm\u00e3os e irm\u00e3s que, com coragem e autenticidade, anunciaram o Reino de Deus. Essa jornada \u00e9 mais que um rito de passagem; \u00e9 um convite ao \u00edntimo de Deus, onde o cora\u00e7\u00e3o humano \u00e9 moldado pelo Amor Supremo, que conduz \u00e0 santidade, o destino final de toda voca\u00e7\u00e3o consagrada.<\/p>\n<p>Saiba quem s\u00e3o os novos postulantes:<\/p>\n<p>1. Abra\u00e3o da Silva Lima<\/p>\n<p>2. Cau\u00e3 Bertolacini Sampaio<\/p>\n<p>3. Emerson Fernandes Sabino<\/p>\n<p>4. Fernando G\u00f3is<\/p>\n<p>5. Gabriel Alves dos Santos Silva<\/p>\n<p>6. Jo\u00e3o Andr\u00e9 Gondaki<\/p>\n<p>7. Mateus dos Santos Pimenta<\/p>\n<p>8. Mateus Ferreira de Lima<\/p>\n<p>9. Kailo Augusto de Souza<\/p>\n<p>10. Kau\u00ea Cangirana Rozim<\/p>\n<p>11. Rafael Leandro Alves Gomes \u2013 Prov\u00edncia S\u00e3o Francisco de Assis (RS)<\/p>\n<hr \/>\n<p><em>Texto: Kau\u00ea Cangirana Rozim \/ Fotos: Frei Leandro Costa Santos<\/em><\/p>\n","protected":false},"excerpt":{"rendered":"<p>Postulantado em Guaratinguet\u00e1<\/p>\n","protected":false},"author":11,"featured_media":253888,"comment_status":"open","ping_status":"open","sticky":false,"template":"","format":"standard","meta":[],"categories":[1],"tags":[1594,421,2056],"acf":[],"yoast_head":"<!-- This site is optimized with the Yoast SEO plugin v19.2 - https:\/\/yoast.com\/wordpress\/plugins\/seo\/ -->\n<title>Onze postulantes s\u00e3o admitidos no Semin\u00e1rio Frei Galv\u00e3o - Not\u00edcias - Franciscanos<\/title>\n<meta name=\"robots\" content=\"index, follow, max-snippet:-1, max-image-preview:large, max-video-preview:-1\" \/>\n<link rel=\"canonical\" href=\"https:\/\/franciscanos.org.br\/noticias\/doze-postulantes-sao-admitidos-no-seminario-frei-galvao.html\" \/>\n<meta property=\"og:locale\" content=\"pt_BR\" \/>\n<meta property=\"og:type\" content=\"article\" \/>\n<meta property=\"og:title\" content=\"Onze postulantes s\u00e3o admitidos no Semin\u00e1rio Frei Galv\u00e3o - Not\u00edcias - Franciscanos\" \/>\n<meta property=\"og:description\" content=\"Postulantado em Guaratinguet\u00e1\" \/>\n<meta property=\"og:url\" content=\"https:\/\/franciscanos.org.br\/noticias\/doze-postulantes-sao-admitidos-no-seminario-frei-galvao.html\" \/>\n<meta property=\"og:site_name\" content=\"Not\u00edcias - Franciscanos\" \/>\n<meta property=\"article:published_time\" content=\"2025-01-13T11:28:14+00:00\" \/>\n<meta property=\"article:modified_time\" content=\"2025-03-10T19:20:23+00:00\" \/>\n<meta property=\"og:image\" content=\"https:\/\/franciscanos.org.br\/noticias\/wp-content\/uploads\/2025\/01\/CHAMADA-2.jpg\" \/>\n\t<meta property=\"og:image:width\" content=\"800\" \/>\n\t<meta property=\"og:image:height\" content=\"550\" \/>\n\t<meta property=\"og:image:type\" content=\"image\/jpeg\" \/>\n<meta name=\"author\" content=\"Adriana Rabelo\" \/>\n<meta name=\"twitter:card\" content=\"summary_large_image\" \/>\n<meta name=\"twitter:label1\" content=\"Escrito por\" \/>\n\t<meta name=\"twitter:data1\" content=\"Adriana Rabelo\" \/>\n\t<meta name=\"twitter:label2\" content=\"Est. tempo de leitura\" \/>\n\t<meta name=\"twitter:data2\" content=\"2 minutos\" \/>\n<script type=\"application\/ld+json\" class=\"yoast-schema-graph\">{\"@context\":\"https:\/\/schema.org\",\"@graph\":[{\"@type\":\"WebSite\",\"@id\":\"https:\/\/franciscanos.org.br\/noticias\/#website\",\"url\":\"https:\/\/franciscanos.org.br\/noticias\/\",\"name\":\"Not\u00edcias - Franciscanos\",\"description\":\"Prov\u00edncia Franciscana da Imaculada Concei\u00e7\u00e3o do Brasil - Ordem dos Frades Menores - OFM\",\"potentialAction\":[{\"@type\":\"SearchAction\",\"target\":{\"@type\":\"EntryPoint\",\"urlTemplate\":\"https:\/\/franciscanos.org.br\/noticias\/?s={search_term_string}\"},\"query-input\":\"required name=search_term_string\"}],\"inLanguage\":\"pt-BR\"},{\"@type\":\"ImageObject\",\"inLanguage\":\"pt-BR\",\"@id\":\"https:\/\/franciscanos.org.br\/noticias\/doze-postulantes-sao-admitidos-no-seminario-frei-galvao.html#primaryimage\",\"url\":\"https:\/\/franciscanos.org.br\/noticias\/wp-content\/uploads\/2025\/01\/CHAMADA-2.jpg\",\"contentUrl\":\"https:\/\/franciscanos.org.br\/noticias\/wp-content\/uploads\/2025\/01\/CHAMADA-2.jpg\",\"width\":800,\"height\":550},{\"@type\":\"WebPage\",\"@id\":\"https:\/\/franciscanos.org.br\/noticias\/doze-postulantes-sao-admitidos-no-seminario-frei-galvao.html#webpage\",\"url\":\"https:\/\/franciscanos.org.br\/noticias\/doze-postulantes-sao-admitidos-no-seminario-frei-galvao.html\",\"name\":\"Onze postulantes s\u00e3o admitidos no Semin\u00e1rio Frei Galv\u00e3o - Not\u00edcias - Franciscanos\",\"isPartOf\":{\"@id\":\"https:\/\/franciscanos.org.br\/noticias\/#website\"},\"primaryImageOfPage\":{\"@id\":\"https:\/\/franciscanos.org.br\/noticias\/doze-postulantes-sao-admitidos-no-seminario-frei-galvao.html#primaryimage\"},\"datePublished\":\"2025-01-13T11:28:14+00:00\",\"dateModified\":\"2025-03-10T19:20:23+00:00\",\"author\":{\"@id\":\"https:\/\/franciscanos.org.br\/noticias\/#\/schema\/person\/d9422e83121c3ad3b0f423d195f5bb25\"},\"breadcrumb\":{\"@id\":\"https:\/\/franciscanos.org.br\/noticias\/doze-postulantes-sao-admitidos-no-seminario-frei-galvao.html#breadcrumb\"},\"inLanguage\":\"pt-BR\",\"potentialAction\":[{\"@type\":\"ReadAction\",\"target\":[\"https:\/\/franciscanos.org.br\/noticias\/doze-postulantes-sao-admitidos-no-seminario-frei-galvao.html\"]}]},{\"@type\":\"BreadcrumbList\",\"@id\":\"https:\/\/franciscanos.org.br\/noticias\/doze-postulantes-sao-admitidos-no-seminario-frei-galvao.html#breadcrumb\",\"itemListElement\":[{\"@type\":\"ListItem\",\"position\":1,\"name\":\"Home\",\"item\":\"https:\/\/franciscanos.org.br\/noticias\"},{\"@type\":\"ListItem\",\"position\":2,\"name\":\"Onze postulantes s\u00e3o admitidos no Semin\u00e1rio Frei Galv\u00e3o\"}]},{\"@type\":\"Person\",\"@id\":\"https:\/\/franciscanos.org.br\/noticias\/#\/schema\/person\/d9422e83121c3ad3b0f423d195f5bb25\",\"name\":\"Adriana Rabelo\",\"image\":{\"@type\":\"ImageObject\",\"inLanguage\":\"pt-BR\",\"@id\":\"https:\/\/franciscanos.org.br\/noticias\/#\/schema\/person\/image\/\",\"url\":\"https:\/\/secure.gravatar.com\/avatar\/0a937b7500cd7df77540cfb8bede877d?s=96&d=mm&r=g\",\"contentUrl\":\"https:\/\/secure.gravatar.com\/avatar\/0a937b7500cd7df77540cfb8bede877d?s=96&d=mm&r=g\",\"caption\":\"Adriana Rabelo\"},\"url\":\"https:\/\/franciscanos.org.br\/noticias\/author\/adrianarabelo\"}]}<\/script>\n<!-- \/ Yoast SEO plugin. -->","yoast_head_json":{"title":"Onze postulantes s\u00e3o admitidos no Semin\u00e1rio Frei Galv\u00e3o - Not\u00edcias - Franciscanos","robots":{"index":"index","follow":"follow","max-snippet":"max-snippet:-1","max-image-preview":"max-image-preview:large","max-video-preview":"max-video-preview:-1"},"canonical":"https:\/\/franciscanos.org.br\/noticias\/doze-postulantes-sao-admitidos-no-seminario-frei-galvao.html","og_locale":"pt_BR","og_type":"article","og_title":"Onze postulantes s\u00e3o admitidos no Semin\u00e1rio Frei Galv\u00e3o - Not\u00edcias - Franciscanos","og_description":"Postulantado em Guaratinguet\u00e1","og_url":"https:\/\/franciscanos.org.br\/noticias\/doze-postulantes-sao-admitidos-no-seminario-frei-galvao.html","og_site_name":"Not\u00edcias - Franciscanos","article_published_time":"2025-01-13T11:28:14+00:00","article_modified_time":"2025-03-10T19:20:23+00:00","og_image":[{"width":800,"height":550,"url":"https:\/\/franciscanos.org.br\/noticias\/wp-content\/uploads\/2025\/01\/CHAMADA-2.jpg","type":"image\/jpeg"}],"author":"Adriana Rabelo","twitter_card":"summary_large_image","twitter_misc":{"Escrito por":"Adriana Rabelo","Est. tempo de leitura":"2 minutos"},"schema":{"@context":"https:\/\/schema.org","@graph":[{"@type":"WebSite","@id":"https:\/\/franciscanos.org.br\/noticias\/#website","url":"https:\/\/franciscanos.org.br\/noticias\/","name":"Not\u00edcias - Franciscanos","description":"Prov\u00edncia Franciscana da Imaculada Concei\u00e7\u00e3o do Brasil - Ordem dos Frades Menores - OFM","potentialAction":[{"@type":"SearchAction","target":{"@type":"EntryPoint","urlTemplate":"https:\/\/franciscanos.org.br\/noticias\/?s={search_term_string}"},"query-input":"required name=search_term_string"}],"inLanguage":"pt-BR"},{"@type":"ImageObject","inLanguage":"pt-BR","@id":"https:\/\/franciscanos.org.br\/noticias\/doze-postulantes-sao-admitidos-no-seminario-frei-galvao.html#primaryimage","url":"https:\/\/franciscanos.org.br\/noticias\/wp-content\/uploads\/2025\/01\/CHAMADA-2.jpg","contentUrl":"https:\/\/franciscanos.org.br\/noticias\/wp-content\/uploads\/2025\/01\/CHAMADA-2.jpg","width":800,"height":550},{"@type":"WebPage","@id":"https:\/\/franciscanos.org.br\/noticias\/doze-postulantes-sao-admitidos-no-seminario-frei-galvao.html#webpage","url":"https:\/\/franciscanos.org.br\/noticias\/doze-postulantes-sao-admitidos-no-seminario-frei-galvao.html","name":"Onze postulantes s\u00e3o admitidos no Semin\u00e1rio Frei Galv\u00e3o - Not\u00edcias - Franciscanos","isPartOf":{"@id":"https:\/\/franciscanos.org.br\/noticias\/#website"},"primaryImageOfPage":{"@id":"https:\/\/franciscanos.org.br\/noticias\/doze-postulantes-sao-admitidos-no-seminario-frei-galvao.html#primaryimage"},"datePublished":"2025-01-13T11:28:14+00:00","dateModified":"2025-03-10T19:20:23+00:00","author":{"@id":"https:\/\/franciscanos.org.br\/noticias\/#\/schema\/person\/d9422e83121c3ad3b0f423d195f5bb25"},"breadcrumb":{"@id":"https:\/\/franciscanos.org.br\/noticias\/doze-postulantes-sao-admitidos-no-seminario-frei-galvao.html#breadcrumb"},"inLanguage":"pt-BR","potentialAction":[{"@type":"ReadAction","target":["https:\/\/franciscanos.org.br\/noticias\/doze-postulantes-sao-admitidos-no-seminario-frei-galvao.html"]}]},{"@type":"BreadcrumbList","@id":"https:\/\/franciscanos.org.br\/noticias\/doze-postulantes-sao-admitidos-no-seminario-frei-galvao.html#breadcrumb","itemListElement":[{"@type":"ListItem","position":1,"name":"Home","item":"https:\/\/franciscanos.org.br\/noticias"},{"@type":"ListItem","position":2,"name":"Onze postulantes s\u00e3o admitidos no Semin\u00e1rio Frei Galv\u00e3o"}]},{"@type":"Person","@id":"https:\/\/franciscanos.org.br\/noticias\/#\/schema\/person\/d9422e83121c3ad3b0f423d195f5bb25","name":"Adriana Rabelo","image":{"@type":"ImageObject","inLanguage":"pt-BR","@id":"https:\/\/franciscanos.org.br\/noticias\/#\/schema\/person\/image\/","url":"https:\/\/secure.gravatar.com\/avatar\/0a937b7500cd7df77540cfb8bede877d?s=96&d=mm&r=g","contentUrl":"https:\/\/secure.gravatar.com\/avatar\/0a937b7500cd7df77540cfb8bede877d?s=96&d=mm&r=g","caption":"Adriana Rabelo"},"url":"https:\/\/franciscanos.org.br\/noticias\/author\/adrianarabelo"}]}},"_links":{"self":[{"href":"https:\/\/franciscanos.org.br\/noticias\/wp-json\/wp\/v2\/posts\/253887"}],"collection":[{"href":"https:\/\/franciscanos.org.br\/noticias\/wp-json\/wp\/v2\/posts"}],"about":[{"href":"https:\/\/franciscanos.org.br\/noticias\/wp-json\/wp\/v2\/types\/post"}],"author":[{"embeddable":true,"href":"https:\/\/franciscanos.org.br\/noticias\/wp-json\/wp\/v2\/users\/11"}],"replies":[{"embeddable":true,"href":"https:\/\/franciscanos.org.br\/noticias\/wp-json\/wp\/v2\/comments?post=253887"}],"version-history":[{"count":7,"href":"https:\/\/franciscanos.org.br\/noticias\/wp-json\/wp\/v2\/posts\/253887\/revisions"}],"predecessor-version":[{"id":253897,"href":"https:\/\/franciscanos.org.br\/noticias\/wp-json\/wp\/v2\/posts\/253887\/revisions\/253897"}],"wp:featuredmedia":[{"embeddable":true,"href":"https:\/\/franciscanos.org.br\/noticias\/wp-json\/wp\/v2\/media\/253888"}],"wp:attachment":[{"href":"https:\/\/franciscanos.org.br\/noticias\/wp-json\/wp\/v2\/media?parent=253887"}],"wp:term":[{"taxonomy":"category","embeddable":true,"href":"https:\/\/franciscanos.org.br\/noticias\/wp-json\/wp\/v2\/categories?post=253887"},{"taxonomy":"post_tag","embeddable":true,"href":"https:\/\/franciscanos.org.br\/noticias\/wp-json\/wp\/v2\/tags?post=253887"}],"curies":[{"name":"wp","href":"https:\/\/api.w.org\/{rel}","templated":true}]}}