{"id":253831,"date":"2025-01-10T17:00:33","date_gmt":"2025-01-10T20:00:33","guid":{"rendered":"https:\/\/franciscanos.org.br\/noticias\/?p=253831"},"modified":"2025-01-13T11:18:23","modified_gmt":"2025-01-13T14:18:23","slug":"jubileu-350-anos-a-virgem-maria-como-simbolo-da-identidade-das-celebracoes","status":"publish","type":"post","link":"https:\/\/franciscanos.org.br\/noticias\/jubileu-350-anos-a-virgem-maria-como-simbolo-da-identidade-das-celebracoes.html","title":{"rendered":"Jubileu 350 anos: A Virgem Maria como s\u00edmbolo da identidade das celebra\u00e7\u00f5es"},"content":{"rendered":"<p><img loading=\"lazy\" class=\"aligncenter wp-image-253832 size-full\" src=\"https:\/\/franciscanos.org.br\/noticias\/wp-content\/uploads\/2024\/12\/WhatsApp-Image-2024-12-20-at-12.16.12-1.jpeg\" alt=\"\" width=\"1280\" height=\"720\" srcset=\"https:\/\/franciscanos.org.br\/noticias\/wp-content\/uploads\/2024\/12\/WhatsApp-Image-2024-12-20-at-12.16.12-1.jpeg 1280w, https:\/\/franciscanos.org.br\/noticias\/wp-content\/uploads\/2024\/12\/WhatsApp-Image-2024-12-20-at-12.16.12-1-450x253.jpeg 450w, https:\/\/franciscanos.org.br\/noticias\/wp-content\/uploads\/2024\/12\/WhatsApp-Image-2024-12-20-at-12.16.12-1-1024x576.jpeg 1024w, https:\/\/franciscanos.org.br\/noticias\/wp-content\/uploads\/2024\/12\/WhatsApp-Image-2024-12-20-at-12.16.12-1-768x432.jpeg 768w, https:\/\/franciscanos.org.br\/noticias\/wp-content\/uploads\/2024\/12\/WhatsApp-Image-2024-12-20-at-12.16.12-1-150x84.jpeg 150w\" sizes=\"(max-width: 1280px) 100vw, 1280px\" \/><\/p>\n<p>Neste ano de 2025 a Prov\u00edncia Franciscana da Imaculada Concei\u00e7\u00e3o do Brasil est\u00e1 completando 350 anos.<\/p>\n<p>Para celebrar o jubileu, Frei Leandro Costa Santos, residente na Fraternidade Frei Galv\u00e3o, em Guaratinguet\u00e1 (SP), recebeu a miss\u00e3o de desenvolver a identidade visual. Acompanhe abaixo o relato do autor sobre a cria\u00e7\u00e3o:<\/p>\n<p>A identidade do jubileu da Prov\u00edncia tem como grande s\u00edmbolo a pr\u00f3pria Virgem Maria, padroeira de nossa institui\u00e7\u00e3o. Sua presen\u00e7a na hist\u00f3ria da salva\u00e7\u00e3o, a predile\u00e7\u00e3o de Deus por ela e a devo\u00e7\u00e3o cultivada por nossa ordem s\u00e3o os principais motivos que nos conduzem a escolher Maria como representa\u00e7\u00e3o dos 350 anos de presen\u00e7a e evangeliza\u00e7\u00e3o.<\/p>\n<p>Outro motivo de inspira\u00e7\u00e3o foi o carimbo oficial da prov\u00edncia, que nos acompanha h\u00e1 muitos anos. Este carimbo, utilizado pelo provincial, tem o poder de chancelar e reconhecer como v\u00e1lidas as a\u00e7\u00f5es da prov\u00edncia e seus frades. Um aspecto simples, mas que nos faz lembrar: \u201ctudo por Maria, nada sem o seu Filho\u201d.<\/p>\n<p>As cores escolhidas para representar a identidade s\u00e3o as prim\u00e1rias (azul e amarelo), uma secund\u00e1ria (laranja) e a fria (branca).<\/p>\n<p>O <strong><span style=\"color: #0000ff;\">azul<\/span><\/strong>, em duas varia\u00e7\u00f5es, simboliza a pr\u00f3pria Virgem Maria, cuja cor \u00e9 tradicionalmente associada a ela na simbologia da Igreja. Mulher revestida dos c\u00e9us (azul).<\/p>\n<p>O <strong><span style=\"color: #ffcc00;\">amarelo<\/span><\/strong> representa a santidade e divindade, pois Maria foi santificada por Deus.<\/p>\n<p>O <strong><span style=\"color: #ff6600;\">laranja<\/span><\/strong>, presente como um detalhe, tamb\u00e9m remete ao aspecto divino. Mas tamb\u00e9m a<strong> vitalidade. <\/strong>Sua intensidade e brilho evocam sensa\u00e7\u00f5es de dinamismo e movimento. Maria \u00e9 essa mulher cheia de vida. Trouxe a Vida das vidas dentro de si.<\/p>\n<p>O <strong>branco<\/strong> simboliza a pureza, a inoc\u00eancia de Maria. \u00c9 a cor que representa algo imaculado e sem mancha.<\/p>\n<p>A representa\u00e7\u00e3o visual \u00e9 de Maria, mas com tra\u00e7os estilizados e contempor\u00e2neos. Suas m\u00e3os est\u00e3o postas em ora\u00e7\u00e3o, refletindo sua entrega total a Deus. A aur\u00e9ola acima de sua cabe\u00e7a simboliza sua santidade e a predestina\u00e7\u00e3o divina que a fez bendita entre todas as mulheres. Como est\u00e1 escrito em Apocalipse 12,1: \u201cApareceu um grande sinal no c\u00e9u: uma mulher vestida do sol, a lua debaixo dos seus p\u00e9s e na cabe\u00e7a uma coroa de doze estrelas.\u201d<\/p>\n<p>Abaixo de seus p\u00e9s, um tra\u00e7o simples representa a serpente que Maria pisa, rememorando a passagem do Apocalipse 12,9, que nos fala da batalha entre a Mulher do Apocalipse e a serpente: \u201cVemos a batalha da Mulher do Apocalipse e sua descend\u00eancia, o pr\u00f3prio Cristo, esmagando a cabe\u00e7a da serpente, a humildade e a obedi\u00eancia de ambos nos trazem um novo c\u00e9u. \u201d<\/p>\n<p>Traduzir os 350 anos da Prov\u00edncia em uma identidade \u00e9 motivo de uma grande alegria e, ao mesmo tempo, uma enorme responsabilidade. Este jubileu significativo nos enche de satisfa\u00e7\u00e3o e nos faz expressar, com precis\u00e3o, nossa devo\u00e7\u00e3o e confian\u00e7a na Imaculada Concei\u00e7\u00e3o em todo o nosso proceder. E que ela sempre se mostrou amparo em nossos desafios.<\/p>\n<p>Tenho plena convic\u00e7\u00e3o de que, se Deus permitiu que a Ordem dos Frades Menores chegasse at\u00e9 este momento, celebrando estes 350 anos no sul e sudeste do Brasil, \u00e9 porque Sua vontade prevalece por meio de nossa institui\u00e7\u00e3o. Mesmo diante de nossos erros e acertos. A Virgem Maria, nossa grande advogada e intercessora, \u00e9 quem guia e protege todos aqueles que confiaram a ela suas vidas.<\/p>\n<p>Que seja um ano jubilar celebrado com toda alegria e esperan\u00e7a. Que tudo se renove, pela intercess\u00e3o da Imaculada Virgem Maria, m\u00e3e de Deus e nossa.<\/p>\n<hr \/>\n<p><em>Frei Leandro Costa Santos e Adriana Rabelo\u00a0<\/em><\/p>\n","protected":false},"excerpt":{"rendered":"<p>Jubileu 350 anos<\/p>\n","protected":false},"author":11,"featured_media":253838,"comment_status":"open","ping_status":"open","sticky":false,"template":"","format":"standard","meta":[],"categories":[1],"tags":[2278],"acf":[],"yoast_head":"<!-- This site is optimized with the Yoast SEO plugin v19.2 - https:\/\/yoast.com\/wordpress\/plugins\/seo\/ -->\n<title>Jubileu 350 anos: A Virgem Maria como s\u00edmbolo da identidade das celebra\u00e7\u00f5es - Not\u00edcias - Franciscanos<\/title>\n<meta name=\"robots\" content=\"index, follow, max-snippet:-1, max-image-preview:large, max-video-preview:-1\" \/>\n<link rel=\"canonical\" href=\"https:\/\/franciscanos.org.br\/noticias\/jubileu-350-anos-a-virgem-maria-como-simbolo-da-identidade-das-celebracoes.html\" \/>\n<meta property=\"og:locale\" content=\"pt_BR\" \/>\n<meta property=\"og:type\" content=\"article\" \/>\n<meta property=\"og:title\" content=\"Jubileu 350 anos: A Virgem Maria como s\u00edmbolo da identidade das celebra\u00e7\u00f5es - Not\u00edcias - Franciscanos\" \/>\n<meta property=\"og:description\" content=\"Jubileu 350 anos\" \/>\n<meta property=\"og:url\" content=\"https:\/\/franciscanos.org.br\/noticias\/jubileu-350-anos-a-virgem-maria-como-simbolo-da-identidade-das-celebracoes.html\" \/>\n<meta property=\"og:site_name\" content=\"Not\u00edcias - Franciscanos\" \/>\n<meta property=\"article:published_time\" content=\"2025-01-10T20:00:33+00:00\" \/>\n<meta property=\"article:modified_time\" content=\"2025-01-13T14:18:23+00:00\" \/>\n<meta property=\"og:image\" content=\"https:\/\/franciscanos.org.br\/noticias\/wp-content\/uploads\/2024\/12\/WhatsApp-Image-2024-12-20-at-12.16.11.jpeg\" \/>\n\t<meta property=\"og:image:width\" content=\"800\" \/>\n\t<meta property=\"og:image:height\" content=\"549\" \/>\n\t<meta property=\"og:image:type\" content=\"image\/jpeg\" \/>\n<meta name=\"author\" content=\"Adriana Rabelo\" \/>\n<meta name=\"twitter:card\" content=\"summary_large_image\" \/>\n<meta name=\"twitter:label1\" content=\"Escrito por\" \/>\n\t<meta name=\"twitter:data1\" content=\"Adriana Rabelo\" \/>\n\t<meta name=\"twitter:label2\" content=\"Est. tempo de leitura\" \/>\n\t<meta name=\"twitter:data2\" content=\"3 minutos\" \/>\n<script type=\"application\/ld+json\" class=\"yoast-schema-graph\">{\"@context\":\"https:\/\/schema.org\",\"@graph\":[{\"@type\":\"WebSite\",\"@id\":\"https:\/\/franciscanos.org.br\/noticias\/#website\",\"url\":\"https:\/\/franciscanos.org.br\/noticias\/\",\"name\":\"Not\u00edcias - Franciscanos\",\"description\":\"Prov\u00edncia Franciscana da Imaculada Concei\u00e7\u00e3o do Brasil - Ordem dos Frades Menores - OFM\",\"potentialAction\":[{\"@type\":\"SearchAction\",\"target\":{\"@type\":\"EntryPoint\",\"urlTemplate\":\"https:\/\/franciscanos.org.br\/noticias\/?s={search_term_string}\"},\"query-input\":\"required name=search_term_string\"}],\"inLanguage\":\"pt-BR\"},{\"@type\":\"ImageObject\",\"inLanguage\":\"pt-BR\",\"@id\":\"https:\/\/franciscanos.org.br\/noticias\/jubileu-350-anos-a-virgem-maria-como-simbolo-da-identidade-das-celebracoes.html#primaryimage\",\"url\":\"https:\/\/franciscanos.org.br\/noticias\/wp-content\/uploads\/2024\/12\/WhatsApp-Image-2024-12-20-at-12.16.11.jpeg\",\"contentUrl\":\"https:\/\/franciscanos.org.br\/noticias\/wp-content\/uploads\/2024\/12\/WhatsApp-Image-2024-12-20-at-12.16.11.jpeg\",\"width\":800,\"height\":549},{\"@type\":\"WebPage\",\"@id\":\"https:\/\/franciscanos.org.br\/noticias\/jubileu-350-anos-a-virgem-maria-como-simbolo-da-identidade-das-celebracoes.html#webpage\",\"url\":\"https:\/\/franciscanos.org.br\/noticias\/jubileu-350-anos-a-virgem-maria-como-simbolo-da-identidade-das-celebracoes.html\",\"name\":\"Jubileu 350 anos: A Virgem Maria como s\u00edmbolo da identidade das celebra\u00e7\u00f5es - Not\u00edcias - Franciscanos\",\"isPartOf\":{\"@id\":\"https:\/\/franciscanos.org.br\/noticias\/#website\"},\"primaryImageOfPage\":{\"@id\":\"https:\/\/franciscanos.org.br\/noticias\/jubileu-350-anos-a-virgem-maria-como-simbolo-da-identidade-das-celebracoes.html#primaryimage\"},\"datePublished\":\"2025-01-10T20:00:33+00:00\",\"dateModified\":\"2025-01-13T14:18:23+00:00\",\"author\":{\"@id\":\"https:\/\/franciscanos.org.br\/noticias\/#\/schema\/person\/d9422e83121c3ad3b0f423d195f5bb25\"},\"breadcrumb\":{\"@id\":\"https:\/\/franciscanos.org.br\/noticias\/jubileu-350-anos-a-virgem-maria-como-simbolo-da-identidade-das-celebracoes.html#breadcrumb\"},\"inLanguage\":\"pt-BR\",\"potentialAction\":[{\"@type\":\"ReadAction\",\"target\":[\"https:\/\/franciscanos.org.br\/noticias\/jubileu-350-anos-a-virgem-maria-como-simbolo-da-identidade-das-celebracoes.html\"]}]},{\"@type\":\"BreadcrumbList\",\"@id\":\"https:\/\/franciscanos.org.br\/noticias\/jubileu-350-anos-a-virgem-maria-como-simbolo-da-identidade-das-celebracoes.html#breadcrumb\",\"itemListElement\":[{\"@type\":\"ListItem\",\"position\":1,\"name\":\"Home\",\"item\":\"https:\/\/franciscanos.org.br\/noticias\"},{\"@type\":\"ListItem\",\"position\":2,\"name\":\"Jubileu 350 anos: A Virgem Maria como s\u00edmbolo da identidade das celebra\u00e7\u00f5es\"}]},{\"@type\":\"Person\",\"@id\":\"https:\/\/franciscanos.org.br\/noticias\/#\/schema\/person\/d9422e83121c3ad3b0f423d195f5bb25\",\"name\":\"Adriana Rabelo\",\"image\":{\"@type\":\"ImageObject\",\"inLanguage\":\"pt-BR\",\"@id\":\"https:\/\/franciscanos.org.br\/noticias\/#\/schema\/person\/image\/\",\"url\":\"https:\/\/secure.gravatar.com\/avatar\/0a937b7500cd7df77540cfb8bede877d?s=96&d=mm&r=g\",\"contentUrl\":\"https:\/\/secure.gravatar.com\/avatar\/0a937b7500cd7df77540cfb8bede877d?s=96&d=mm&r=g\",\"caption\":\"Adriana Rabelo\"},\"url\":\"https:\/\/franciscanos.org.br\/noticias\/author\/adrianarabelo\"}]}<\/script>\n<!-- \/ Yoast SEO plugin. -->","yoast_head_json":{"title":"Jubileu 350 anos: A Virgem Maria como s\u00edmbolo da identidade das celebra\u00e7\u00f5es - Not\u00edcias - Franciscanos","robots":{"index":"index","follow":"follow","max-snippet":"max-snippet:-1","max-image-preview":"max-image-preview:large","max-video-preview":"max-video-preview:-1"},"canonical":"https:\/\/franciscanos.org.br\/noticias\/jubileu-350-anos-a-virgem-maria-como-simbolo-da-identidade-das-celebracoes.html","og_locale":"pt_BR","og_type":"article","og_title":"Jubileu 350 anos: A Virgem Maria como s\u00edmbolo da identidade das celebra\u00e7\u00f5es - Not\u00edcias - Franciscanos","og_description":"Jubileu 350 anos","og_url":"https:\/\/franciscanos.org.br\/noticias\/jubileu-350-anos-a-virgem-maria-como-simbolo-da-identidade-das-celebracoes.html","og_site_name":"Not\u00edcias - Franciscanos","article_published_time":"2025-01-10T20:00:33+00:00","article_modified_time":"2025-01-13T14:18:23+00:00","og_image":[{"width":800,"height":549,"url":"https:\/\/franciscanos.org.br\/noticias\/wp-content\/uploads\/2024\/12\/WhatsApp-Image-2024-12-20-at-12.16.11.jpeg","type":"image\/jpeg"}],"author":"Adriana Rabelo","twitter_card":"summary_large_image","twitter_misc":{"Escrito por":"Adriana Rabelo","Est. tempo de leitura":"3 minutos"},"schema":{"@context":"https:\/\/schema.org","@graph":[{"@type":"WebSite","@id":"https:\/\/franciscanos.org.br\/noticias\/#website","url":"https:\/\/franciscanos.org.br\/noticias\/","name":"Not\u00edcias - Franciscanos","description":"Prov\u00edncia Franciscana da Imaculada Concei\u00e7\u00e3o do Brasil - Ordem dos Frades Menores - OFM","potentialAction":[{"@type":"SearchAction","target":{"@type":"EntryPoint","urlTemplate":"https:\/\/franciscanos.org.br\/noticias\/?s={search_term_string}"},"query-input":"required name=search_term_string"}],"inLanguage":"pt-BR"},{"@type":"ImageObject","inLanguage":"pt-BR","@id":"https:\/\/franciscanos.org.br\/noticias\/jubileu-350-anos-a-virgem-maria-como-simbolo-da-identidade-das-celebracoes.html#primaryimage","url":"https:\/\/franciscanos.org.br\/noticias\/wp-content\/uploads\/2024\/12\/WhatsApp-Image-2024-12-20-at-12.16.11.jpeg","contentUrl":"https:\/\/franciscanos.org.br\/noticias\/wp-content\/uploads\/2024\/12\/WhatsApp-Image-2024-12-20-at-12.16.11.jpeg","width":800,"height":549},{"@type":"WebPage","@id":"https:\/\/franciscanos.org.br\/noticias\/jubileu-350-anos-a-virgem-maria-como-simbolo-da-identidade-das-celebracoes.html#webpage","url":"https:\/\/franciscanos.org.br\/noticias\/jubileu-350-anos-a-virgem-maria-como-simbolo-da-identidade-das-celebracoes.html","name":"Jubileu 350 anos: A Virgem Maria como s\u00edmbolo da identidade das celebra\u00e7\u00f5es - Not\u00edcias - Franciscanos","isPartOf":{"@id":"https:\/\/franciscanos.org.br\/noticias\/#website"},"primaryImageOfPage":{"@id":"https:\/\/franciscanos.org.br\/noticias\/jubileu-350-anos-a-virgem-maria-como-simbolo-da-identidade-das-celebracoes.html#primaryimage"},"datePublished":"2025-01-10T20:00:33+00:00","dateModified":"2025-01-13T14:18:23+00:00","author":{"@id":"https:\/\/franciscanos.org.br\/noticias\/#\/schema\/person\/d9422e83121c3ad3b0f423d195f5bb25"},"breadcrumb":{"@id":"https:\/\/franciscanos.org.br\/noticias\/jubileu-350-anos-a-virgem-maria-como-simbolo-da-identidade-das-celebracoes.html#breadcrumb"},"inLanguage":"pt-BR","potentialAction":[{"@type":"ReadAction","target":["https:\/\/franciscanos.org.br\/noticias\/jubileu-350-anos-a-virgem-maria-como-simbolo-da-identidade-das-celebracoes.html"]}]},{"@type":"BreadcrumbList","@id":"https:\/\/franciscanos.org.br\/noticias\/jubileu-350-anos-a-virgem-maria-como-simbolo-da-identidade-das-celebracoes.html#breadcrumb","itemListElement":[{"@type":"ListItem","position":1,"name":"Home","item":"https:\/\/franciscanos.org.br\/noticias"},{"@type":"ListItem","position":2,"name":"Jubileu 350 anos: A Virgem Maria como s\u00edmbolo da identidade das celebra\u00e7\u00f5es"}]},{"@type":"Person","@id":"https:\/\/franciscanos.org.br\/noticias\/#\/schema\/person\/d9422e83121c3ad3b0f423d195f5bb25","name":"Adriana Rabelo","image":{"@type":"ImageObject","inLanguage":"pt-BR","@id":"https:\/\/franciscanos.org.br\/noticias\/#\/schema\/person\/image\/","url":"https:\/\/secure.gravatar.com\/avatar\/0a937b7500cd7df77540cfb8bede877d?s=96&d=mm&r=g","contentUrl":"https:\/\/secure.gravatar.com\/avatar\/0a937b7500cd7df77540cfb8bede877d?s=96&d=mm&r=g","caption":"Adriana Rabelo"},"url":"https:\/\/franciscanos.org.br\/noticias\/author\/adrianarabelo"}]}},"_links":{"self":[{"href":"https:\/\/franciscanos.org.br\/noticias\/wp-json\/wp\/v2\/posts\/253831"}],"collection":[{"href":"https:\/\/franciscanos.org.br\/noticias\/wp-json\/wp\/v2\/posts"}],"about":[{"href":"https:\/\/franciscanos.org.br\/noticias\/wp-json\/wp\/v2\/types\/post"}],"author":[{"embeddable":true,"href":"https:\/\/franciscanos.org.br\/noticias\/wp-json\/wp\/v2\/users\/11"}],"replies":[{"embeddable":true,"href":"https:\/\/franciscanos.org.br\/noticias\/wp-json\/wp\/v2\/comments?post=253831"}],"version-history":[{"count":7,"href":"https:\/\/franciscanos.org.br\/noticias\/wp-json\/wp\/v2\/posts\/253831\/revisions"}],"predecessor-version":[{"id":253842,"href":"https:\/\/franciscanos.org.br\/noticias\/wp-json\/wp\/v2\/posts\/253831\/revisions\/253842"}],"wp:featuredmedia":[{"embeddable":true,"href":"https:\/\/franciscanos.org.br\/noticias\/wp-json\/wp\/v2\/media\/253838"}],"wp:attachment":[{"href":"https:\/\/franciscanos.org.br\/noticias\/wp-json\/wp\/v2\/media?parent=253831"}],"wp:term":[{"taxonomy":"category","embeddable":true,"href":"https:\/\/franciscanos.org.br\/noticias\/wp-json\/wp\/v2\/categories?post=253831"},{"taxonomy":"post_tag","embeddable":true,"href":"https:\/\/franciscanos.org.br\/noticias\/wp-json\/wp\/v2\/tags?post=253831"}],"curies":[{"name":"wp","href":"https:\/\/api.w.org\/{rel}","templated":true}]}}