{"id":253822,"date":"2024-12-20T12:01:24","date_gmt":"2024-12-20T15:01:24","guid":{"rendered":"https:\/\/franciscanos.org.br\/noticias\/?p=253822"},"modified":"2024-12-20T12:13:59","modified_gmt":"2024-12-20T15:13:59","slug":"provincia-franciscana-da-imaculada-conceicao-do-brasil-350-anos-de-historia","status":"publish","type":"post","link":"https:\/\/franciscanos.org.br\/noticias\/provincia-franciscana-da-imaculada-conceicao-do-brasil-350-anos-de-historia.html","title":{"rendered":"Prov\u00edncia Franciscana da Imaculada Concei\u00e7\u00e3o do Brasil:  350 anos de hist\u00f3ria"},"content":{"rendered":"<p><img loading=\"lazy\" class=\"aligncenter wp-image-253825 size-full\" src=\"https:\/\/franciscanos.org.br\/noticias\/wp-content\/uploads\/2024\/12\/WhatsApp-Image-2024-12-20-at-11.48.18.jpeg\" alt=\"\" width=\"1280\" height=\"750\" srcset=\"https:\/\/franciscanos.org.br\/noticias\/wp-content\/uploads\/2024\/12\/WhatsApp-Image-2024-12-20-at-11.48.18.jpeg 1280w, https:\/\/franciscanos.org.br\/noticias\/wp-content\/uploads\/2024\/12\/WhatsApp-Image-2024-12-20-at-11.48.18-450x264.jpeg 450w, https:\/\/franciscanos.org.br\/noticias\/wp-content\/uploads\/2024\/12\/WhatsApp-Image-2024-12-20-at-11.48.18-1024x600.jpeg 1024w, https:\/\/franciscanos.org.br\/noticias\/wp-content\/uploads\/2024\/12\/WhatsApp-Image-2024-12-20-at-11.48.18-768x450.jpeg 768w, https:\/\/franciscanos.org.br\/noticias\/wp-content\/uploads\/2024\/12\/WhatsApp-Image-2024-12-20-at-11.48.18-150x88.jpeg 150w\" sizes=\"(max-width: 1280px) 100vw, 1280px\" \/><\/p>\n<p>A origem da Prov\u00edncia Franciscana da Imaculada Concei\u00e7\u00e3o do Brasil est\u00e1 entrela\u00e7ada com a hist\u00f3ria da Igreja Cat\u00f3lica no pa\u00eds. Mesmo antes de sua eleva\u00e7\u00e3o \u00e0 Prov\u00edncia, em 15 de julho de 1675, pelas m\u00e3os do Papa Clemente X, mediante a Bula <em>Pastoralis Officii<\/em>, ap\u00f3s poucos anos como Cust\u00f3dia desmembrada da Prov\u00edncia de Santo Ant\u00f4nio do Brasil (1657), os frades que chegaram com as primeiras caravelas peregrinaram por uma terra at\u00e9 ent\u00e3o desconhecida, com a miss\u00e3o de propagar o Evangelho e catequizar.<\/p>\n<p>Os costumes, as tradi\u00e7\u00f5es e os h\u00e1bitos dos frades que vieram para o Brasil e depois se instalaram no territ\u00f3rio da nova Prov\u00edncia eram fortemente influenciados pela cultura europeia, mas j\u00e1 se adaptavam \u00e0 din\u00e2mica do povo de Deus que aqui estava, fruto da miscigena\u00e7\u00e3o de ra\u00e7as e credos. Afinal, at\u00e9 a cria\u00e7\u00e3o da Prov\u00edncia da Imaculada Concei\u00e7\u00e3o, j\u00e1 haviam se passado 175 anos desde a chegada dos desbravadores.<\/p>\n<p>Percorrendo um caminho de descobertas, desafios, alegrias, muita f\u00e9 e resili\u00eancia, em 2025, a Prov\u00edncia completar\u00e1 350 anos. Em comemora\u00e7\u00e3o a este jubileu, ser\u00e3o realizadas celebra\u00e7\u00f5es e atividades ao longo do pr\u00f3ximo ano, como forma de marcar esse momento hist\u00f3rico, mas, principalmente, agradecer ao povo pela confian\u00e7a, sabedoria e amor pela presen\u00e7a franciscana. Um dos destaques ser\u00e1 o lan\u00e7amento do selo comemorativo. A identidade visual criada por Frei Leandro Costa Santos teve como refer\u00eancia o carimbo oficial da Prov\u00edncia, que destaca a figura da Imaculada Concei\u00e7\u00e3o.<\/p>\n<p><strong>Passos de f\u00e9 no seguimento de Jesus Cristo<\/strong><\/p>\n<p><img loading=\"lazy\" class=\"aligncenter wp-image-253828 size-full\" src=\"https:\/\/franciscanos.org.br\/noticias\/wp-content\/uploads\/2024\/12\/MATERIA-CONVENTO-1.jpg\" alt=\"\" width=\"1280\" height=\"720\" srcset=\"https:\/\/franciscanos.org.br\/noticias\/wp-content\/uploads\/2024\/12\/MATERIA-CONVENTO-1.jpg 1280w, https:\/\/franciscanos.org.br\/noticias\/wp-content\/uploads\/2024\/12\/MATERIA-CONVENTO-1-450x253.jpg 450w, https:\/\/franciscanos.org.br\/noticias\/wp-content\/uploads\/2024\/12\/MATERIA-CONVENTO-1-1024x576.jpg 1024w, https:\/\/franciscanos.org.br\/noticias\/wp-content\/uploads\/2024\/12\/MATERIA-CONVENTO-1-768x432.jpg 768w, https:\/\/franciscanos.org.br\/noticias\/wp-content\/uploads\/2024\/12\/MATERIA-CONVENTO-1-150x84.jpg 150w\" sizes=\"(max-width: 1280px) 100vw, 1280px\" \/><\/p>\n<p>A Prov\u00edncia da Imaculada Concei\u00e7\u00e3o est\u00e1 presente no Brasil, com 41 fraternidades localizadas nos Estados de Santa Catarina, Paran\u00e1, S\u00e3o Paulo, Rio de Janeiro, Esp\u00edrito Santo e em Angola, com 5 fraternidades. Ao longo do tempo, os frades contribu\u00edram com o fortalecimento da religiosidade popular, por meio de pr\u00e1ticas religiosas como novenas, festas em louvor a santos franciscanos e outros da Igreja Cat\u00f3lica, como Nossa Senhora Imaculada da Concei\u00e7\u00e3o, Santo Ant\u00f4nio, Santa Clara e S\u00e3o Francisco de Assis, fundador da Ordem dos Frades Menores.<\/p>\n<p>Como forma de responder \u00e0s necessidades da Igreja, a Prov\u00edncia assumiu o servi\u00e7o pastoral em muitas par\u00f3quias, e o trabalho mission\u00e1rio motivou a cria\u00e7\u00e3o de outros espa\u00e7os paroquiais e at\u00e9 dioceses. Inclusive, algumas das igrejas que estavam sob os cuidados dos frades tornaram-se catedrais. Na atualidade, os franciscanos est\u00e3o em par\u00f3quias de diferentes contextos e em igrejas de diversas localidades no Brasil e em Angola, onde a presen\u00e7a da Prov\u00edncia chegou h\u00e1 34 anos.<\/p>\n<p>Na \u00e1rea de educa\u00e7\u00e3o os frades implantaram escolas que atenderam a popula\u00e7\u00e3o. Essa tradi\u00e7\u00e3o persistiu e resistiu ao tempo. Atualmente, s\u00e3o mais de quatro institui\u00e7\u00f5es de ensino, incluindo aquelas comprometidas com a forma\u00e7\u00e3o dos frades, como o Col\u00e9gio Bom Jesus, a Universidade S\u00e3o Francisco, o Centro Universit\u00e1rio FAE e o Instituto Teol\u00f3gico Franciscano.<\/p>\n<p>Uma das caracter\u00edsticas da presen\u00e7a franciscana \u00e9 a pr\u00e1tica da solidariedade, e na Prov\u00edncia uma das principais refer\u00eancias \u00e9 o Sefras \u2013 A\u00e7\u00e3o Social Franciscana, com projetos desenvolvidos em diferentes fraternidades. Seguindo o vi\u00e9s social em benef\u00edcio dos mais pobres e flagelados, destacam-se tamb\u00e9m a Miss\u00e3o SOS Vida Nova, no Paran\u00e1, al\u00e9m de outros trabalhos no territ\u00f3rio provincial, onde o povo de Deus \u00e9 acolhido e cuidado pelos franciscanos.<\/p>\n<p><strong>Hist\u00f3ria e recome\u00e7o<\/strong><br \/>\nA soma continuada do tempo de exist\u00eancia da Prov\u00edncia n\u00e3o percorreu uma trajet\u00f3ria linear, sem percal\u00e7os, at\u00e9 porque a miss\u00e3o franciscana na hist\u00f3ria da Igreja foi repleta de desafios, a come\u00e7ar pelos caminhos percorridos por S\u00e3o Francisco de Assis.<\/p>\n<p>O per\u00edodo do florescimento da Prov\u00edncia durou cerca de 100 anos, quando uma forte crise abalou os Frades Menores, movida pelo Decreto de Marqu\u00eas de Pombal (1764) proibindo a recep\u00e7\u00e3o de novos membros na Ordem dos Frades Menores. Apesar da determina\u00e7\u00e3o ter sido revogada em 1777, o auge da crise come\u00e7ou com o decreto de 18 de maio de 1855, que proibiu a recep\u00e7\u00e3o de novi\u00e7os para todas as ordens religiosas no Brasil.<\/p>\n<p><img loading=\"lazy\" class=\"size-full wp-image-253829 alignright\" src=\"https:\/\/franciscanos.org.br\/noticias\/wp-content\/uploads\/2024\/12\/restauradores.jpg\" alt=\"\" width=\"418\" height=\"450\" srcset=\"https:\/\/franciscanos.org.br\/noticias\/wp-content\/uploads\/2024\/12\/restauradores.jpg 418w, https:\/\/franciscanos.org.br\/noticias\/wp-content\/uploads\/2024\/12\/restauradores-150x161.jpg 150w\" sizes=\"(max-width: 418px) 100vw, 418px\" \/>A campanha antirreligiosa desencadeada pelo Imp\u00e9rio Brasileiro fez com que a Prov\u00edncia de Santo Ant\u00f4nio se reduzisse a apenas nove frades e a nossa Prov\u00edncia da Imaculada Concei\u00e7\u00e3o a um \u00fanico frade, Frei Jo\u00e3o do Amor Divino Costa, que residia no Convento Santo Ant\u00f4nio, no Rio de Janeiro (RJ).<\/p>\n<p>Se a escravid\u00e3o foi abolida em 1888, os franciscanos e as demais ordens religiosas continuaram a clamar junto ao governo brasileiro pela liberdade espiritual que continuava sendo escravizada. Somente em 7 de janeiro de 1890, extinguindo o padroado, a circular que proibia a entrada de novi\u00e7os e ordens religiosas aqui no Brasil perdeu sua validade.<\/p>\n<p>Depois de v\u00e1rias tratativas entre a C\u00faria Geral e a Santa S\u00e9, a Prov\u00edncia da Santa Cruz da Sax\u00f4nia, na Alemanha, aceitou o desafio de enviar novos mission\u00e1rios franciscanos ao Brasil. No dia 10 de julho de 1891 chegaram ao Brasil, ou mais precisamente no vilarejo de Teres\u00f3polis (SC) os quatro pioneiros da restaura\u00e7\u00e3o da Prov\u00edncia da Imaculada, a saber: Frei Armando Bahlmann, Frei Xisto Maiwes, Frei Humberto Themans e Frei Maur\u00edcio Schmalor.<\/p>\n<p>A restaura\u00e7\u00e3o n\u00e3o come\u00e7ou pelo Convento Santo Ant\u00f4nio (RJ), onde ainda residia o \u00faltimo frade da antiga Prov\u00edncia. O ber\u00e7o da retomada da presen\u00e7a franciscana na Prov\u00edncia da Imaculada foi na pequena vila de coloniza\u00e7\u00e3o alem\u00e3, Teres\u00f3polis (SC), cuja par\u00f3quia foi oficialmente entregue aos frades no dia 12 de novembro de 1891.<\/p>\n<p>A partir daquele momento, a Prov\u00edncia teve um crescimento num\u00e9rico extraordin\u00e1rio quando, por dois anos (em 1959 e em 1966) chegou a 713 frades. Isto significa que praticamente a cada d\u00e9cada houve um aumento aproximado de 100 frades. Depois, a partir da d\u00e9cada de 1970, houve um decl\u00ednio num\u00e9rico e hoje s\u00e3o 351 frades, sendo 266 no Brasil e 85 em Angola.<\/p>\n<p>Certamente a Prov\u00edncia ter\u00e1 muitas hist\u00f3rias para relatar em 2025, durante as celebra\u00e7\u00f5es dos seus 350 anos. Espiando o passado, podemos ser gratos pela vida dos irm\u00e3os que testemunharam a caminhada dessa importante c\u00e9lula da Ordem dos Frades Menores, comprometida com a propaga\u00e7\u00e3o da espiritualidade e do carisma franciscano, adaptado \u00e0s necessidades de cada \u00e9poca.<\/p>\n<p><strong>Presen\u00e7a franciscana no Brasil<\/strong><\/p>\n<p><img loading=\"lazy\" class=\"aligncenter wp-image-253827 size-full\" src=\"https:\/\/franciscanos.org.br\/noticias\/wp-content\/uploads\/2024\/12\/MATERIA-primeria-missa.jpg\" alt=\"\" width=\"1280\" height=\"720\" srcset=\"https:\/\/franciscanos.org.br\/noticias\/wp-content\/uploads\/2024\/12\/MATERIA-primeria-missa.jpg 1280w, https:\/\/franciscanos.org.br\/noticias\/wp-content\/uploads\/2024\/12\/MATERIA-primeria-missa-450x253.jpg 450w, https:\/\/franciscanos.org.br\/noticias\/wp-content\/uploads\/2024\/12\/MATERIA-primeria-missa-1024x576.jpg 1024w, https:\/\/franciscanos.org.br\/noticias\/wp-content\/uploads\/2024\/12\/MATERIA-primeria-missa-768x432.jpg 768w, https:\/\/franciscanos.org.br\/noticias\/wp-content\/uploads\/2024\/12\/MATERIA-primeria-missa-150x84.jpg 150w\" sizes=\"(max-width: 1280px) 100vw, 1280px\" \/><br \/>\nA chegada dos Frades Menores ao Brasil acompanha a hist\u00f3ria do pa\u00eds com o desembarque das tripula\u00e7\u00f5es das primeiras caravelas, em 1500.<\/p>\n<p>De acordo com o livro \u201cP\u00e1ginas de Hist\u00f3ria Franciscana no Brasil\u201d, de Frei Bas\u00edlio R\u00f6wer, publicado pela Editora Vozes, 1941, naquela \u00e9poca, Frei Henrique, superior da caravana de mission\u00e1rios, celebrou no dia 26 de abril, domingo de P\u00e1scoa, a primeira missa no ilh\u00e9u da Coroa Vermelha, localizado no munic\u00edpio de Santa Cruz Cabr\u00e1lia, na Bahia, pr\u00f3ximo a Porto Seguro. \u00a0Em 1\u00b0 de maio, o frade e Pedro Alvarez Cabral ergueram uma grande Cruz, sinal da tomada de posse em nome de Cristo e do Rei. Em seguida, Cabral continuou a viagem \u00e0s \u00cdndias e, com ele, os franciscanos.<\/p>\n<p>Outros mission\u00e1rios da Ordem Ser\u00e1fica tamb\u00e9m vieram para o Brasil com a miss\u00e3o de evangelizar os povos origin\u00e1rios. Enfrentaram dificuldades e muitos morreram em miss\u00e3o. A trajet\u00f3ria religiosa desses irm\u00e3os foi persistente, tamb\u00e9m a pedido da coroa portuguesa e do Vaticano, a quem deviam obedi\u00eancia.<\/p>\n<p>Por mais de 50 anos, os franciscanos percorreram especialmente o litoral nordestino levando o Evangelho e catequizando os povos presentes nessa terra.<\/p>\n<p>De acordo com relatos do Padre Manuel da N\u00f3brega, jesu\u00edta portugu\u00eas, Frei Pedro Pal\u00e1cios e Frei \u00c1lvaro da Purifica\u00e7\u00e3o, foram fundamentais para a Ordem dos Frades Menores no Brasil.<\/p>\n<p>Frei Pedro Pal\u00e1cios era irm\u00e3o leigo que missionou na Capitania do Esp\u00edrito Santo de 1558 a 1570. \u00a0Podemos dizer que, com ele, tamb\u00e9m brotava o que no futuro seria a Fraternidade mais antiga da Prov\u00edncia Franciscana da Imaculada Concei\u00e7\u00e3o do Brasil: o Convento de S\u00e3o Francisco de Vit\u00f3ria (ES), hoje n\u00e3o mais pertencente \u00e0 prov\u00edncia e aberto \u00e0 visita\u00e7\u00e3o de turistas e pesquisadores.<\/p>\n<p>Frei \u00c1lvaro, trabalhou em Olinda, mas em 1577 seguiu para ilha da Madeira, em Portugal.<\/p>\n<p>Ainda percorrendo a hist\u00f3ria e a presen\u00e7a dos Frades Menores no Brasil, os conflitos com os ind\u00edgenas, as mortes e a encultura\u00e7\u00e3o, podemos observar os motivos que levaram a Coroa e o Vaticano acreditarem que aqueles homens seriam capazes de suportar a miss\u00e3o de f\u00e9 a qual foram designados. Eles tinham em sua ess\u00eancia religiosa a humildade, o viver para os pobres e pelos pobres, desprendidos de riquezas e da gan\u00e2ncia, por isso, estavam prontos para olhar, o que na \u00e9poca podia parecer o caos e desconhecido, e ver nesses ambientes a presen\u00e7a de Deus em todas as criaturas. E, al\u00e9m disso, eram fortes e sua f\u00e9 e firmes na obedi\u00eancia.<\/p>\n<p><strong>Saiba mais sobre a hist\u00f3ria da presen\u00e7a franciscana no Brasil e a hist\u00f3ria da Prov\u00edncia Franciscana da Imaculada Concei\u00e7\u00e3o do Brasil <\/strong><\/p>\n<p><strong>Acesse:<\/strong><a href=\"https:\/\/franciscanos.org.br\/quemsomos\/nossa-historia\/#gsc.tab=0\"> https:\/\/franciscanos.org.br\/quemsomos\/nossa-historia\/#gsc.tab=0<\/a><\/p>\n<hr \/>\n<p><em>Adriana Rabelo<\/em><\/p>\n","protected":false},"excerpt":{"rendered":"<p>Jubileu 350 anos<\/p>\n","protected":false},"author":11,"featured_media":253826,"comment_status":"open","ping_status":"open","sticky":false,"template":"","format":"standard","meta":[],"categories":[1],"tags":[2278],"acf":[],"yoast_head":"<!-- This site is optimized with the Yoast SEO plugin v19.2 - https:\/\/yoast.com\/wordpress\/plugins\/seo\/ -->\n<title>Prov\u00edncia Franciscana da Imaculada Concei\u00e7\u00e3o do Brasil: 350 anos de hist\u00f3ria - Not\u00edcias - Franciscanos<\/title>\n<meta name=\"robots\" content=\"index, follow, max-snippet:-1, max-image-preview:large, max-video-preview:-1\" \/>\n<link rel=\"canonical\" href=\"https:\/\/franciscanos.org.br\/noticias\/provincia-franciscana-da-imaculada-conceicao-do-brasil-350-anos-de-historia.html\" \/>\n<meta property=\"og:locale\" content=\"pt_BR\" \/>\n<meta property=\"og:type\" content=\"article\" \/>\n<meta property=\"og:title\" content=\"Prov\u00edncia Franciscana da Imaculada Concei\u00e7\u00e3o do Brasil: 350 anos de hist\u00f3ria - Not\u00edcias - Franciscanos\" \/>\n<meta property=\"og:description\" content=\"Jubileu 350 anos\" \/>\n<meta property=\"og:url\" content=\"https:\/\/franciscanos.org.br\/noticias\/provincia-franciscana-da-imaculada-conceicao-do-brasil-350-anos-de-historia.html\" \/>\n<meta property=\"og:site_name\" content=\"Not\u00edcias - Franciscanos\" \/>\n<meta property=\"article:published_time\" content=\"2024-12-20T15:01:24+00:00\" \/>\n<meta property=\"article:modified_time\" content=\"2024-12-20T15:13:59+00:00\" \/>\n<meta property=\"og:image\" content=\"https:\/\/franciscanos.org.br\/noticias\/wp-content\/uploads\/2024\/12\/WhatsApp-Image-2024-12-20-at-11.48.19-1.jpeg\" \/>\n\t<meta property=\"og:image:width\" content=\"800\" \/>\n\t<meta property=\"og:image:height\" content=\"550\" \/>\n\t<meta property=\"og:image:type\" content=\"image\/jpeg\" \/>\n<meta name=\"author\" content=\"Adriana Rabelo\" \/>\n<meta name=\"twitter:card\" content=\"summary_large_image\" \/>\n<meta name=\"twitter:label1\" content=\"Escrito por\" \/>\n\t<meta name=\"twitter:data1\" content=\"Adriana Rabelo\" \/>\n\t<meta name=\"twitter:label2\" content=\"Est. tempo de leitura\" \/>\n\t<meta name=\"twitter:data2\" content=\"8 minutos\" \/>\n<script type=\"application\/ld+json\" class=\"yoast-schema-graph\">{\"@context\":\"https:\/\/schema.org\",\"@graph\":[{\"@type\":\"WebSite\",\"@id\":\"https:\/\/franciscanos.org.br\/noticias\/#website\",\"url\":\"https:\/\/franciscanos.org.br\/noticias\/\",\"name\":\"Not\u00edcias - Franciscanos\",\"description\":\"Prov\u00edncia Franciscana da Imaculada Concei\u00e7\u00e3o do Brasil - Ordem dos Frades Menores - OFM\",\"potentialAction\":[{\"@type\":\"SearchAction\",\"target\":{\"@type\":\"EntryPoint\",\"urlTemplate\":\"https:\/\/franciscanos.org.br\/noticias\/?s={search_term_string}\"},\"query-input\":\"required name=search_term_string\"}],\"inLanguage\":\"pt-BR\"},{\"@type\":\"ImageObject\",\"inLanguage\":\"pt-BR\",\"@id\":\"https:\/\/franciscanos.org.br\/noticias\/provincia-franciscana-da-imaculada-conceicao-do-brasil-350-anos-de-historia.html#primaryimage\",\"url\":\"https:\/\/franciscanos.org.br\/noticias\/wp-content\/uploads\/2024\/12\/WhatsApp-Image-2024-12-20-at-11.48.19-1.jpeg\",\"contentUrl\":\"https:\/\/franciscanos.org.br\/noticias\/wp-content\/uploads\/2024\/12\/WhatsApp-Image-2024-12-20-at-11.48.19-1.jpeg\",\"width\":800,\"height\":550},{\"@type\":\"WebPage\",\"@id\":\"https:\/\/franciscanos.org.br\/noticias\/provincia-franciscana-da-imaculada-conceicao-do-brasil-350-anos-de-historia.html#webpage\",\"url\":\"https:\/\/franciscanos.org.br\/noticias\/provincia-franciscana-da-imaculada-conceicao-do-brasil-350-anos-de-historia.html\",\"name\":\"Prov\u00edncia Franciscana da Imaculada Concei\u00e7\u00e3o do Brasil: 350 anos de hist\u00f3ria - Not\u00edcias - Franciscanos\",\"isPartOf\":{\"@id\":\"https:\/\/franciscanos.org.br\/noticias\/#website\"},\"primaryImageOfPage\":{\"@id\":\"https:\/\/franciscanos.org.br\/noticias\/provincia-franciscana-da-imaculada-conceicao-do-brasil-350-anos-de-historia.html#primaryimage\"},\"datePublished\":\"2024-12-20T15:01:24+00:00\",\"dateModified\":\"2024-12-20T15:13:59+00:00\",\"author\":{\"@id\":\"https:\/\/franciscanos.org.br\/noticias\/#\/schema\/person\/d9422e83121c3ad3b0f423d195f5bb25\"},\"breadcrumb\":{\"@id\":\"https:\/\/franciscanos.org.br\/noticias\/provincia-franciscana-da-imaculada-conceicao-do-brasil-350-anos-de-historia.html#breadcrumb\"},\"inLanguage\":\"pt-BR\",\"potentialAction\":[{\"@type\":\"ReadAction\",\"target\":[\"https:\/\/franciscanos.org.br\/noticias\/provincia-franciscana-da-imaculada-conceicao-do-brasil-350-anos-de-historia.html\"]}]},{\"@type\":\"BreadcrumbList\",\"@id\":\"https:\/\/franciscanos.org.br\/noticias\/provincia-franciscana-da-imaculada-conceicao-do-brasil-350-anos-de-historia.html#breadcrumb\",\"itemListElement\":[{\"@type\":\"ListItem\",\"position\":1,\"name\":\"Home\",\"item\":\"https:\/\/franciscanos.org.br\/noticias\"},{\"@type\":\"ListItem\",\"position\":2,\"name\":\"Prov\u00edncia Franciscana da Imaculada Concei\u00e7\u00e3o do Brasil: 350 anos de hist\u00f3ria\"}]},{\"@type\":\"Person\",\"@id\":\"https:\/\/franciscanos.org.br\/noticias\/#\/schema\/person\/d9422e83121c3ad3b0f423d195f5bb25\",\"name\":\"Adriana Rabelo\",\"image\":{\"@type\":\"ImageObject\",\"inLanguage\":\"pt-BR\",\"@id\":\"https:\/\/franciscanos.org.br\/noticias\/#\/schema\/person\/image\/\",\"url\":\"https:\/\/secure.gravatar.com\/avatar\/0a937b7500cd7df77540cfb8bede877d?s=96&d=mm&r=g\",\"contentUrl\":\"https:\/\/secure.gravatar.com\/avatar\/0a937b7500cd7df77540cfb8bede877d?s=96&d=mm&r=g\",\"caption\":\"Adriana Rabelo\"},\"url\":\"https:\/\/franciscanos.org.br\/noticias\/author\/adrianarabelo\"}]}<\/script>\n<!-- \/ Yoast SEO plugin. -->","yoast_head_json":{"title":"Prov\u00edncia Franciscana da Imaculada Concei\u00e7\u00e3o do Brasil: 350 anos de hist\u00f3ria - Not\u00edcias - Franciscanos","robots":{"index":"index","follow":"follow","max-snippet":"max-snippet:-1","max-image-preview":"max-image-preview:large","max-video-preview":"max-video-preview:-1"},"canonical":"https:\/\/franciscanos.org.br\/noticias\/provincia-franciscana-da-imaculada-conceicao-do-brasil-350-anos-de-historia.html","og_locale":"pt_BR","og_type":"article","og_title":"Prov\u00edncia Franciscana da Imaculada Concei\u00e7\u00e3o do Brasil: 350 anos de hist\u00f3ria - Not\u00edcias - Franciscanos","og_description":"Jubileu 350 anos","og_url":"https:\/\/franciscanos.org.br\/noticias\/provincia-franciscana-da-imaculada-conceicao-do-brasil-350-anos-de-historia.html","og_site_name":"Not\u00edcias - Franciscanos","article_published_time":"2024-12-20T15:01:24+00:00","article_modified_time":"2024-12-20T15:13:59+00:00","og_image":[{"width":800,"height":550,"url":"https:\/\/franciscanos.org.br\/noticias\/wp-content\/uploads\/2024\/12\/WhatsApp-Image-2024-12-20-at-11.48.19-1.jpeg","type":"image\/jpeg"}],"author":"Adriana Rabelo","twitter_card":"summary_large_image","twitter_misc":{"Escrito por":"Adriana Rabelo","Est. tempo de leitura":"8 minutos"},"schema":{"@context":"https:\/\/schema.org","@graph":[{"@type":"WebSite","@id":"https:\/\/franciscanos.org.br\/noticias\/#website","url":"https:\/\/franciscanos.org.br\/noticias\/","name":"Not\u00edcias - Franciscanos","description":"Prov\u00edncia Franciscana da Imaculada Concei\u00e7\u00e3o do Brasil - Ordem dos Frades Menores - OFM","potentialAction":[{"@type":"SearchAction","target":{"@type":"EntryPoint","urlTemplate":"https:\/\/franciscanos.org.br\/noticias\/?s={search_term_string}"},"query-input":"required name=search_term_string"}],"inLanguage":"pt-BR"},{"@type":"ImageObject","inLanguage":"pt-BR","@id":"https:\/\/franciscanos.org.br\/noticias\/provincia-franciscana-da-imaculada-conceicao-do-brasil-350-anos-de-historia.html#primaryimage","url":"https:\/\/franciscanos.org.br\/noticias\/wp-content\/uploads\/2024\/12\/WhatsApp-Image-2024-12-20-at-11.48.19-1.jpeg","contentUrl":"https:\/\/franciscanos.org.br\/noticias\/wp-content\/uploads\/2024\/12\/WhatsApp-Image-2024-12-20-at-11.48.19-1.jpeg","width":800,"height":550},{"@type":"WebPage","@id":"https:\/\/franciscanos.org.br\/noticias\/provincia-franciscana-da-imaculada-conceicao-do-brasil-350-anos-de-historia.html#webpage","url":"https:\/\/franciscanos.org.br\/noticias\/provincia-franciscana-da-imaculada-conceicao-do-brasil-350-anos-de-historia.html","name":"Prov\u00edncia Franciscana da Imaculada Concei\u00e7\u00e3o do Brasil: 350 anos de hist\u00f3ria - Not\u00edcias - Franciscanos","isPartOf":{"@id":"https:\/\/franciscanos.org.br\/noticias\/#website"},"primaryImageOfPage":{"@id":"https:\/\/franciscanos.org.br\/noticias\/provincia-franciscana-da-imaculada-conceicao-do-brasil-350-anos-de-historia.html#primaryimage"},"datePublished":"2024-12-20T15:01:24+00:00","dateModified":"2024-12-20T15:13:59+00:00","author":{"@id":"https:\/\/franciscanos.org.br\/noticias\/#\/schema\/person\/d9422e83121c3ad3b0f423d195f5bb25"},"breadcrumb":{"@id":"https:\/\/franciscanos.org.br\/noticias\/provincia-franciscana-da-imaculada-conceicao-do-brasil-350-anos-de-historia.html#breadcrumb"},"inLanguage":"pt-BR","potentialAction":[{"@type":"ReadAction","target":["https:\/\/franciscanos.org.br\/noticias\/provincia-franciscana-da-imaculada-conceicao-do-brasil-350-anos-de-historia.html"]}]},{"@type":"BreadcrumbList","@id":"https:\/\/franciscanos.org.br\/noticias\/provincia-franciscana-da-imaculada-conceicao-do-brasil-350-anos-de-historia.html#breadcrumb","itemListElement":[{"@type":"ListItem","position":1,"name":"Home","item":"https:\/\/franciscanos.org.br\/noticias"},{"@type":"ListItem","position":2,"name":"Prov\u00edncia Franciscana da Imaculada Concei\u00e7\u00e3o do Brasil: 350 anos de hist\u00f3ria"}]},{"@type":"Person","@id":"https:\/\/franciscanos.org.br\/noticias\/#\/schema\/person\/d9422e83121c3ad3b0f423d195f5bb25","name":"Adriana Rabelo","image":{"@type":"ImageObject","inLanguage":"pt-BR","@id":"https:\/\/franciscanos.org.br\/noticias\/#\/schema\/person\/image\/","url":"https:\/\/secure.gravatar.com\/avatar\/0a937b7500cd7df77540cfb8bede877d?s=96&d=mm&r=g","contentUrl":"https:\/\/secure.gravatar.com\/avatar\/0a937b7500cd7df77540cfb8bede877d?s=96&d=mm&r=g","caption":"Adriana Rabelo"},"url":"https:\/\/franciscanos.org.br\/noticias\/author\/adrianarabelo"}]}},"_links":{"self":[{"href":"https:\/\/franciscanos.org.br\/noticias\/wp-json\/wp\/v2\/posts\/253822"}],"collection":[{"href":"https:\/\/franciscanos.org.br\/noticias\/wp-json\/wp\/v2\/posts"}],"about":[{"href":"https:\/\/franciscanos.org.br\/noticias\/wp-json\/wp\/v2\/types\/post"}],"author":[{"embeddable":true,"href":"https:\/\/franciscanos.org.br\/noticias\/wp-json\/wp\/v2\/users\/11"}],"replies":[{"embeddable":true,"href":"https:\/\/franciscanos.org.br\/noticias\/wp-json\/wp\/v2\/comments?post=253822"}],"version-history":[{"count":3,"href":"https:\/\/franciscanos.org.br\/noticias\/wp-json\/wp\/v2\/posts\/253822\/revisions"}],"predecessor-version":[{"id":253830,"href":"https:\/\/franciscanos.org.br\/noticias\/wp-json\/wp\/v2\/posts\/253822\/revisions\/253830"}],"wp:featuredmedia":[{"embeddable":true,"href":"https:\/\/franciscanos.org.br\/noticias\/wp-json\/wp\/v2\/media\/253826"}],"wp:attachment":[{"href":"https:\/\/franciscanos.org.br\/noticias\/wp-json\/wp\/v2\/media?parent=253822"}],"wp:term":[{"taxonomy":"category","embeddable":true,"href":"https:\/\/franciscanos.org.br\/noticias\/wp-json\/wp\/v2\/categories?post=253822"},{"taxonomy":"post_tag","embeddable":true,"href":"https:\/\/franciscanos.org.br\/noticias\/wp-json\/wp\/v2\/tags?post=253822"}],"curies":[{"name":"wp","href":"https:\/\/api.w.org\/{rel}","templated":true}]}}