{"id":253809,"date":"2024-12-20T16:00:28","date_gmt":"2024-12-20T19:00:28","guid":{"rendered":"https:\/\/franciscanos.org.br\/noticias\/?p=253809"},"modified":"2025-01-10T19:33:49","modified_gmt":"2025-01-10T22:33:49","slug":"feliz-2025-ano-do-jubileu-da-esperanca-mensagem-do-ministro-provincial","status":"publish","type":"post","link":"https:\/\/franciscanos.org.br\/noticias\/feliz-2025-ano-do-jubileu-da-esperanca-mensagem-do-ministro-provincial.html","title":{"rendered":"Feliz 2025: Ano do Jubileu da Esperan\u00e7a &#8211; Mensagem do Ministro Provincial"},"content":{"rendered":"<p><img loading=\"lazy\" class=\"aligncenter wp-image-253812 size-large\" src=\"https:\/\/franciscanos.org.br\/noticias\/wp-content\/uploads\/2024\/12\/materia-ano-novo-1-1024x576.jpg\" alt=\"\" width=\"1024\" height=\"576\" srcset=\"https:\/\/franciscanos.org.br\/noticias\/wp-content\/uploads\/2024\/12\/materia-ano-novo-1-1024x576.jpg 1024w, https:\/\/franciscanos.org.br\/noticias\/wp-content\/uploads\/2024\/12\/materia-ano-novo-1-450x253.jpg 450w, https:\/\/franciscanos.org.br\/noticias\/wp-content\/uploads\/2024\/12\/materia-ano-novo-1-768x432.jpg 768w, https:\/\/franciscanos.org.br\/noticias\/wp-content\/uploads\/2024\/12\/materia-ano-novo-1-150x84.jpg 150w, https:\/\/franciscanos.org.br\/noticias\/wp-content\/uploads\/2024\/12\/materia-ano-novo-1.jpg 1280w\" sizes=\"(max-width: 1024px) 100vw, 1024px\" \/><\/p>\n<p>Recentemente o Papa Francisco in\u00edcio o Jubileu da Esperan\u00e7a, o Ano Santo Ordin\u00e1rio, proclamado pela Igreja Cat\u00f3lica como um tempo especial de gra\u00e7a, reconcilia\u00e7\u00e3o e renova\u00e7\u00e3o espiritual.<\/p>\n<p>O tema escolhido pelo Papa Francisco para este Jubileu \u00e9 \u201cPeregrinos de Esperan\u00e7a\u201d, destacando a import\u00e2ncia de viver e testemunhar a esperan\u00e7a crist\u00e3 em um mundo muitas vezes marcado por desafios e incertezas.<\/p>\n<p>Em sua mensagem para celebrar a chegada de 2025, o Ministro provincial, Frei Paulo Roberto Pereira, destaca um dos trechos da Bula de proclama\u00e7\u00e3o do Jubileu em que o Santo Padre citando um trecho da carta de S\u00e3o Paulo aos Romanos diz que: \u00a0\u201cA esperan\u00e7a n\u00e3o decepciona\u201d (Rm 5,5). \u00c9 nessa esperan\u00e7a que o Ano Santo que viveremos nos aguarda para que possa viver a verdadeira fraternidade mundial.<\/p>\n<p>&#8212;&#8212;&#8212;&#8212;&#8212;&#8212;&#8212;&#8212;&#8212;&#8212;&#8212;&#8212;&#8212;&#8212;&#8212;&#8212;&#8212;&#8212;&#8212;&#8212;<\/p>\n<p><em><strong>Mensagem do Ministro provincial<\/strong><\/em><\/p>\n<p><em>O Senhor vos d\u00ea a Paz.<\/em><\/p>\n<p><em>O fim do ano, carregado de luzes e festas, anuncia tempo oportuno para novos come\u00e7os.<\/em><\/p>\n<p><em>\u00c9 tempo de agradecer. \u00c9 tempo de recome\u00e7ar. \u00c9 tempo de iluminar. \u00c9 tempo de esperan\u00e7ar.<\/em><\/p>\n<p><em><strong>Jubileu da Esperan\u00e7a<\/strong><\/em><\/p>\n<p><em>A alegria do Natal do Senhor refaz nosso \u00e2nimo e nos recoloca a caminho. A expectativa de um novo ano revigora nossas for\u00e7as e faz cessar a fadiga. O ano que, em breve, ter\u00e1 seu in\u00edcio vem trazendo a marca da Esperan\u00e7a. \u201cA esperan\u00e7a n\u00e3o decepciona\u201d (Rm 5,5), esta certeza d\u00e1 formas \u00e0 convoca\u00e7\u00e3o que o Papa Francisco apresenta \u00e0 todas as pessoas de boa vontade para que se disponham a viver, neste 2025, o Ano Santo e o Jubileu da Esperan\u00e7a. Com a convoca\u00e7\u00e3o para o Jubileu, o Papa apresenta a Esperan\u00e7a como um b\u00e1lsamo a ser derramado sobre as feridas da humanidade.<\/em><\/p>\n<p><em>Uma vez que a Esperan\u00e7a, por virtude ser, n\u00e3o cabe em apenas um cora\u00e7\u00e3o, tampouco \u00e9 obra de apenas duas m\u00e3os, a proposta do Jubileu contempla diferentes situa\u00e7\u00f5es existenciais concretas e convoca a todos a responder aos desafios de um tempo que teima em aniquilar a esperan\u00e7a de tanta gente. O Papa chama tais desafios de \u201csinais tang\u00edveis de esperan\u00e7a\u201d. Al\u00e9m disso, o Pont\u00edfice sugere a\u00e7\u00f5es relacionadas a grupos espec\u00edficos.<\/em><\/p>\n<p><em>O Jubileu de 2025 leve a escolhas que sustentem a esperan\u00e7a dos encarcerados. A celebra\u00e7\u00e3o do Jubileu promova &#8220;condi\u00e7\u00f5es dignas para quem est\u00e1 recluso, respeito pelos direitos humanos e sobretudo a aboli\u00e7\u00e3o da pena de morte&#8221;.<\/em><\/p>\n<p><em>A partir do Jubileu sejam oferecidos sinais de Esperan\u00e7a aos doentes, quer aqueles que s\u00e3o acompanhados em suas resid\u00eancias, quer aqueles hospitalizados; afinal, &#8220;o cuidado para com eles \u00e9 um hino \u00e0 dignidade humana&#8221;.<\/em><\/p>\n<p><em>O Jubileu assuma o compromisso com a Juventude que, frequentemente, v\u00ea desmoronarem os seus sonhos.<\/em><\/p>\n<p><em>Ao viver o Ano Santo o crist\u00e3o dever\u00e1 tamb\u00e9m estar atento \u00e0 situa\u00e7\u00e3o dos migrantes que s\u00e3o for\u00e7ados a fugir para evitar guerras, viol\u00eancia e discrimina\u00e7\u00e3o; sejam garantidos a seguran\u00e7a e o acesso ao trabalho e \u00e0 instru\u00e7\u00e3o, instrumentos necess\u00e1rios para a sua inser\u00e7\u00e3o no novo contexto social.&#8221;<\/em><\/p>\n<p><em>O Jubileu dever\u00e1 reacender a esperan\u00e7a dos pobres. Juntemo-nos ao Papa e apelemos \u00e0 generosidade dos que concentram as riquezas. O papa, insistentemente, pede que seja criado um \u201cFundo Global\u201d para acabar de vez com a fome; ao inv\u00e9s de investir em armamentos e outros gastos militares, as na\u00e7\u00f5es apliquem os recursos para a erradica\u00e7\u00e3o da fome no mundo.<\/em><\/p>\n<p><em>N\u00e3o permitamos que a escurid\u00e3o anule nossa capacidade de sonhar. Juntemos nossas m\u00e3os e nossas vozes para cantar o alegre an\u00fancio dos anjos em Bel\u00e9m: \u201cEu vos anuncio uma grande alegria que o ser\u00e1 para todo o povo: Hoje, na cidade de Davi, nasceu para v\u00f3s um Salvador, que \u00e9 o Cristo Senhor\u201d (Lc 2, 10-11).<\/em><\/p>\n<p><em>Desejo a todos um Ano Novo capaz de fazer de n\u00f3s \u201cPeregrinos da Esperan\u00e7a\u201d.<\/em><\/p>\n<p><iframe loading=\"lazy\" title=\"Mensagem de Ano Novo 2024 - Ministro Provincial, Frei Paulo Roberto Pereira\" width=\"500\" height=\"281\" src=\"https:\/\/www.youtube.com\/embed\/MquX3fHjtSg?feature=oembed\" frameborder=\"0\" allow=\"accelerometer; autoplay; clipboard-write; encrypted-media; gyroscope; picture-in-picture; web-share\" referrerpolicy=\"strict-origin-when-cross-origin\" allowfullscreen><\/iframe><\/p>\n<hr \/>\n<p>Frei Paulo Pereira<strong>\u00a0\u2013<\/strong> Ministro provincial<\/p>\n","protected":false},"excerpt":{"rendered":"<p>Mensagem do Ministro Provincial<\/p>\n","protected":false},"author":11,"featured_media":253811,"comment_status":"open","ping_status":"open","sticky":false,"template":"","format":"standard","meta":[],"categories":[1],"tags":[],"acf":[],"yoast_head":"<!-- This site is optimized with the Yoast SEO plugin v19.2 - https:\/\/yoast.com\/wordpress\/plugins\/seo\/ -->\n<title>Feliz 2025: Ano do Jubileu da Esperan\u00e7a - Mensagem do Ministro Provincial - Not\u00edcias - Franciscanos<\/title>\n<meta name=\"robots\" content=\"index, follow, max-snippet:-1, max-image-preview:large, max-video-preview:-1\" \/>\n<link rel=\"canonical\" href=\"https:\/\/franciscanos.org.br\/noticias\/feliz-2025-ano-do-jubileu-da-esperanca-mensagem-do-ministro-provincial.html\" \/>\n<meta property=\"og:locale\" content=\"pt_BR\" \/>\n<meta property=\"og:type\" content=\"article\" \/>\n<meta property=\"og:title\" content=\"Feliz 2025: Ano do Jubileu da Esperan\u00e7a - Mensagem do Ministro Provincial - Not\u00edcias - Franciscanos\" \/>\n<meta property=\"og:description\" content=\"Mensagem do Ministro Provincial\" \/>\n<meta property=\"og:url\" content=\"https:\/\/franciscanos.org.br\/noticias\/feliz-2025-ano-do-jubileu-da-esperanca-mensagem-do-ministro-provincial.html\" \/>\n<meta property=\"og:site_name\" content=\"Not\u00edcias - Franciscanos\" \/>\n<meta property=\"article:published_time\" content=\"2024-12-20T19:00:28+00:00\" \/>\n<meta property=\"article:modified_time\" content=\"2025-01-10T22:33:49+00:00\" \/>\n<meta property=\"og:image\" content=\"https:\/\/franciscanos.org.br\/noticias\/wp-content\/uploads\/2024\/12\/chamada-Ano-Novo.jpg\" \/>\n\t<meta property=\"og:image:width\" content=\"800\" \/>\n\t<meta property=\"og:image:height\" content=\"550\" \/>\n\t<meta property=\"og:image:type\" content=\"image\/jpeg\" \/>\n<meta name=\"author\" content=\"Adriana Rabelo\" \/>\n<meta name=\"twitter:card\" content=\"summary_large_image\" \/>\n<meta name=\"twitter:label1\" content=\"Escrito por\" \/>\n\t<meta name=\"twitter:data1\" content=\"Adriana Rabelo\" \/>\n\t<meta name=\"twitter:label2\" content=\"Est. tempo de leitura\" \/>\n\t<meta name=\"twitter:data2\" content=\"3 minutos\" \/>\n<script type=\"application\/ld+json\" class=\"yoast-schema-graph\">{\"@context\":\"https:\/\/schema.org\",\"@graph\":[{\"@type\":\"WebSite\",\"@id\":\"https:\/\/franciscanos.org.br\/noticias\/#website\",\"url\":\"https:\/\/franciscanos.org.br\/noticias\/\",\"name\":\"Not\u00edcias - Franciscanos\",\"description\":\"Prov\u00edncia Franciscana da Imaculada Concei\u00e7\u00e3o do Brasil - Ordem dos Frades Menores - OFM\",\"potentialAction\":[{\"@type\":\"SearchAction\",\"target\":{\"@type\":\"EntryPoint\",\"urlTemplate\":\"https:\/\/franciscanos.org.br\/noticias\/?s={search_term_string}\"},\"query-input\":\"required name=search_term_string\"}],\"inLanguage\":\"pt-BR\"},{\"@type\":\"ImageObject\",\"inLanguage\":\"pt-BR\",\"@id\":\"https:\/\/franciscanos.org.br\/noticias\/feliz-2025-ano-do-jubileu-da-esperanca-mensagem-do-ministro-provincial.html#primaryimage\",\"url\":\"https:\/\/franciscanos.org.br\/noticias\/wp-content\/uploads\/2024\/12\/chamada-Ano-Novo.jpg\",\"contentUrl\":\"https:\/\/franciscanos.org.br\/noticias\/wp-content\/uploads\/2024\/12\/chamada-Ano-Novo.jpg\",\"width\":800,\"height\":550},{\"@type\":\"WebPage\",\"@id\":\"https:\/\/franciscanos.org.br\/noticias\/feliz-2025-ano-do-jubileu-da-esperanca-mensagem-do-ministro-provincial.html#webpage\",\"url\":\"https:\/\/franciscanos.org.br\/noticias\/feliz-2025-ano-do-jubileu-da-esperanca-mensagem-do-ministro-provincial.html\",\"name\":\"Feliz 2025: Ano do Jubileu da Esperan\u00e7a - Mensagem do Ministro Provincial - Not\u00edcias - Franciscanos\",\"isPartOf\":{\"@id\":\"https:\/\/franciscanos.org.br\/noticias\/#website\"},\"primaryImageOfPage\":{\"@id\":\"https:\/\/franciscanos.org.br\/noticias\/feliz-2025-ano-do-jubileu-da-esperanca-mensagem-do-ministro-provincial.html#primaryimage\"},\"datePublished\":\"2024-12-20T19:00:28+00:00\",\"dateModified\":\"2025-01-10T22:33:49+00:00\",\"author\":{\"@id\":\"https:\/\/franciscanos.org.br\/noticias\/#\/schema\/person\/d9422e83121c3ad3b0f423d195f5bb25\"},\"breadcrumb\":{\"@id\":\"https:\/\/franciscanos.org.br\/noticias\/feliz-2025-ano-do-jubileu-da-esperanca-mensagem-do-ministro-provincial.html#breadcrumb\"},\"inLanguage\":\"pt-BR\",\"potentialAction\":[{\"@type\":\"ReadAction\",\"target\":[\"https:\/\/franciscanos.org.br\/noticias\/feliz-2025-ano-do-jubileu-da-esperanca-mensagem-do-ministro-provincial.html\"]}]},{\"@type\":\"BreadcrumbList\",\"@id\":\"https:\/\/franciscanos.org.br\/noticias\/feliz-2025-ano-do-jubileu-da-esperanca-mensagem-do-ministro-provincial.html#breadcrumb\",\"itemListElement\":[{\"@type\":\"ListItem\",\"position\":1,\"name\":\"Home\",\"item\":\"https:\/\/franciscanos.org.br\/noticias\"},{\"@type\":\"ListItem\",\"position\":2,\"name\":\"Feliz 2025: Ano do Jubileu da Esperan\u00e7a &#8211; Mensagem do Ministro Provincial\"}]},{\"@type\":\"Person\",\"@id\":\"https:\/\/franciscanos.org.br\/noticias\/#\/schema\/person\/d9422e83121c3ad3b0f423d195f5bb25\",\"name\":\"Adriana Rabelo\",\"image\":{\"@type\":\"ImageObject\",\"inLanguage\":\"pt-BR\",\"@id\":\"https:\/\/franciscanos.org.br\/noticias\/#\/schema\/person\/image\/\",\"url\":\"https:\/\/secure.gravatar.com\/avatar\/0a937b7500cd7df77540cfb8bede877d?s=96&d=mm&r=g\",\"contentUrl\":\"https:\/\/secure.gravatar.com\/avatar\/0a937b7500cd7df77540cfb8bede877d?s=96&d=mm&r=g\",\"caption\":\"Adriana Rabelo\"},\"url\":\"https:\/\/franciscanos.org.br\/noticias\/author\/adrianarabelo\"}]}<\/script>\n<!-- \/ Yoast SEO plugin. -->","yoast_head_json":{"title":"Feliz 2025: Ano do Jubileu da Esperan\u00e7a - Mensagem do Ministro Provincial - Not\u00edcias - Franciscanos","robots":{"index":"index","follow":"follow","max-snippet":"max-snippet:-1","max-image-preview":"max-image-preview:large","max-video-preview":"max-video-preview:-1"},"canonical":"https:\/\/franciscanos.org.br\/noticias\/feliz-2025-ano-do-jubileu-da-esperanca-mensagem-do-ministro-provincial.html","og_locale":"pt_BR","og_type":"article","og_title":"Feliz 2025: Ano do Jubileu da Esperan\u00e7a - Mensagem do Ministro Provincial - Not\u00edcias - Franciscanos","og_description":"Mensagem do Ministro Provincial","og_url":"https:\/\/franciscanos.org.br\/noticias\/feliz-2025-ano-do-jubileu-da-esperanca-mensagem-do-ministro-provincial.html","og_site_name":"Not\u00edcias - Franciscanos","article_published_time":"2024-12-20T19:00:28+00:00","article_modified_time":"2025-01-10T22:33:49+00:00","og_image":[{"width":800,"height":550,"url":"https:\/\/franciscanos.org.br\/noticias\/wp-content\/uploads\/2024\/12\/chamada-Ano-Novo.jpg","type":"image\/jpeg"}],"author":"Adriana Rabelo","twitter_card":"summary_large_image","twitter_misc":{"Escrito por":"Adriana Rabelo","Est. tempo de leitura":"3 minutos"},"schema":{"@context":"https:\/\/schema.org","@graph":[{"@type":"WebSite","@id":"https:\/\/franciscanos.org.br\/noticias\/#website","url":"https:\/\/franciscanos.org.br\/noticias\/","name":"Not\u00edcias - Franciscanos","description":"Prov\u00edncia Franciscana da Imaculada Concei\u00e7\u00e3o do Brasil - Ordem dos Frades Menores - OFM","potentialAction":[{"@type":"SearchAction","target":{"@type":"EntryPoint","urlTemplate":"https:\/\/franciscanos.org.br\/noticias\/?s={search_term_string}"},"query-input":"required name=search_term_string"}],"inLanguage":"pt-BR"},{"@type":"ImageObject","inLanguage":"pt-BR","@id":"https:\/\/franciscanos.org.br\/noticias\/feliz-2025-ano-do-jubileu-da-esperanca-mensagem-do-ministro-provincial.html#primaryimage","url":"https:\/\/franciscanos.org.br\/noticias\/wp-content\/uploads\/2024\/12\/chamada-Ano-Novo.jpg","contentUrl":"https:\/\/franciscanos.org.br\/noticias\/wp-content\/uploads\/2024\/12\/chamada-Ano-Novo.jpg","width":800,"height":550},{"@type":"WebPage","@id":"https:\/\/franciscanos.org.br\/noticias\/feliz-2025-ano-do-jubileu-da-esperanca-mensagem-do-ministro-provincial.html#webpage","url":"https:\/\/franciscanos.org.br\/noticias\/feliz-2025-ano-do-jubileu-da-esperanca-mensagem-do-ministro-provincial.html","name":"Feliz 2025: Ano do Jubileu da Esperan\u00e7a - Mensagem do Ministro Provincial - Not\u00edcias - Franciscanos","isPartOf":{"@id":"https:\/\/franciscanos.org.br\/noticias\/#website"},"primaryImageOfPage":{"@id":"https:\/\/franciscanos.org.br\/noticias\/feliz-2025-ano-do-jubileu-da-esperanca-mensagem-do-ministro-provincial.html#primaryimage"},"datePublished":"2024-12-20T19:00:28+00:00","dateModified":"2025-01-10T22:33:49+00:00","author":{"@id":"https:\/\/franciscanos.org.br\/noticias\/#\/schema\/person\/d9422e83121c3ad3b0f423d195f5bb25"},"breadcrumb":{"@id":"https:\/\/franciscanos.org.br\/noticias\/feliz-2025-ano-do-jubileu-da-esperanca-mensagem-do-ministro-provincial.html#breadcrumb"},"inLanguage":"pt-BR","potentialAction":[{"@type":"ReadAction","target":["https:\/\/franciscanos.org.br\/noticias\/feliz-2025-ano-do-jubileu-da-esperanca-mensagem-do-ministro-provincial.html"]}]},{"@type":"BreadcrumbList","@id":"https:\/\/franciscanos.org.br\/noticias\/feliz-2025-ano-do-jubileu-da-esperanca-mensagem-do-ministro-provincial.html#breadcrumb","itemListElement":[{"@type":"ListItem","position":1,"name":"Home","item":"https:\/\/franciscanos.org.br\/noticias"},{"@type":"ListItem","position":2,"name":"Feliz 2025: Ano do Jubileu da Esperan\u00e7a &#8211; Mensagem do Ministro Provincial"}]},{"@type":"Person","@id":"https:\/\/franciscanos.org.br\/noticias\/#\/schema\/person\/d9422e83121c3ad3b0f423d195f5bb25","name":"Adriana Rabelo","image":{"@type":"ImageObject","inLanguage":"pt-BR","@id":"https:\/\/franciscanos.org.br\/noticias\/#\/schema\/person\/image\/","url":"https:\/\/secure.gravatar.com\/avatar\/0a937b7500cd7df77540cfb8bede877d?s=96&d=mm&r=g","contentUrl":"https:\/\/secure.gravatar.com\/avatar\/0a937b7500cd7df77540cfb8bede877d?s=96&d=mm&r=g","caption":"Adriana Rabelo"},"url":"https:\/\/franciscanos.org.br\/noticias\/author\/adrianarabelo"}]}},"_links":{"self":[{"href":"https:\/\/franciscanos.org.br\/noticias\/wp-json\/wp\/v2\/posts\/253809"}],"collection":[{"href":"https:\/\/franciscanos.org.br\/noticias\/wp-json\/wp\/v2\/posts"}],"about":[{"href":"https:\/\/franciscanos.org.br\/noticias\/wp-json\/wp\/v2\/types\/post"}],"author":[{"embeddable":true,"href":"https:\/\/franciscanos.org.br\/noticias\/wp-json\/wp\/v2\/users\/11"}],"replies":[{"embeddable":true,"href":"https:\/\/franciscanos.org.br\/noticias\/wp-json\/wp\/v2\/comments?post=253809"}],"version-history":[{"count":5,"href":"https:\/\/franciscanos.org.br\/noticias\/wp-json\/wp\/v2\/posts\/253809\/revisions"}],"predecessor-version":[{"id":253818,"href":"https:\/\/franciscanos.org.br\/noticias\/wp-json\/wp\/v2\/posts\/253809\/revisions\/253818"}],"wp:featuredmedia":[{"embeddable":true,"href":"https:\/\/franciscanos.org.br\/noticias\/wp-json\/wp\/v2\/media\/253811"}],"wp:attachment":[{"href":"https:\/\/franciscanos.org.br\/noticias\/wp-json\/wp\/v2\/media?parent=253809"}],"wp:term":[{"taxonomy":"category","embeddable":true,"href":"https:\/\/franciscanos.org.br\/noticias\/wp-json\/wp\/v2\/categories?post=253809"},{"taxonomy":"post_tag","embeddable":true,"href":"https:\/\/franciscanos.org.br\/noticias\/wp-json\/wp\/v2\/tags?post=253809"}],"curies":[{"name":"wp","href":"https:\/\/api.w.org\/{rel}","templated":true}]}}