{"id":253795,"date":"2024-12-20T09:56:02","date_gmt":"2024-12-20T12:56:02","guid":{"rendered":"https:\/\/franciscanos.org.br\/noticias\/?p=253795"},"modified":"2024-12-20T11:37:56","modified_gmt":"2024-12-20T14:37:56","slug":"jubileu-2025-peregrinos-de-esperanca","status":"publish","type":"post","link":"https:\/\/franciscanos.org.br\/noticias\/jubileu-2025-peregrinos-de-esperanca.html","title":{"rendered":"Jubileu 2025: Peregrinos de Esperan\u00e7a"},"content":{"rendered":"<p><img loading=\"lazy\" class=\"aligncenter wp-image-253796 size-full\" src=\"https:\/\/franciscanos.org.br\/noticias\/wp-content\/uploads\/2024\/12\/chamada-8.jpg\" alt=\"\" width=\"1280\" height=\"720\" srcset=\"https:\/\/franciscanos.org.br\/noticias\/wp-content\/uploads\/2024\/12\/chamada-8.jpg 1280w, https:\/\/franciscanos.org.br\/noticias\/wp-content\/uploads\/2024\/12\/chamada-8-450x253.jpg 450w, https:\/\/franciscanos.org.br\/noticias\/wp-content\/uploads\/2024\/12\/chamada-8-1024x576.jpg 1024w, https:\/\/franciscanos.org.br\/noticias\/wp-content\/uploads\/2024\/12\/chamada-8-768x432.jpg 768w, https:\/\/franciscanos.org.br\/noticias\/wp-content\/uploads\/2024\/12\/chamada-8-150x84.jpg 150w\" sizes=\"(max-width: 1280px) 100vw, 1280px\" \/><\/p>\n<p>No dia 24 de dezembro, v\u00e9spera de Natal, o Papa abrir\u00e1 a Porta Santa que dar\u00e1 in\u00edcio ao Jubileu da Esperan\u00e7a.<\/p>\n<p>Francisco convida todo o povo de Deus a rezar, a se preparar ao longo deste ano, \u201cpara que este Jubileu nos fortale\u00e7a na f\u00e9, ajudando-nos a reconhecer Cristo ressuscitado em nossas vidas, e nos transforme em peregrinos da esperan\u00e7a crist\u00e3\u201d, disse o Pont\u00edfice no v\u00eddeo para as inten\u00e7\u00f5es de ora\u00e7\u00e3o para o m\u00eas de dezembro).<\/p>\n<p>O Ano Jubilar de 2025 ser\u00e1 um Ano Santo Ordin\u00e1rio, proclamado pela Igreja Cat\u00f3lica como um tempo especial de gra\u00e7a, reconcilia\u00e7\u00e3o e renova\u00e7\u00e3o espiritual. O tema escolhido pelo Papa Francisco para este Jubileu \u00e9 &#8220;Peregrinos de Esperan\u00e7a&#8221;, destacando a import\u00e2ncia de viver e testemunhar a esperan\u00e7a crist\u00e3 em um mundo muitas vezes marcado por desafios e incertezas.<\/p>\n<p><img loading=\"lazy\" class=\"size-medium wp-image-253798 alignright\" src=\"https:\/\/franciscanos.org.br\/noticias\/wp-content\/uploads\/2024\/12\/WhatsApp-Image-2024-12-20-at-09.44.24-1-450x437.jpeg\" alt=\"\" width=\"450\" height=\"437\" srcset=\"https:\/\/franciscanos.org.br\/noticias\/wp-content\/uploads\/2024\/12\/WhatsApp-Image-2024-12-20-at-09.44.24-1-450x437.jpeg 450w, https:\/\/franciscanos.org.br\/noticias\/wp-content\/uploads\/2024\/12\/WhatsApp-Image-2024-12-20-at-09.44.24-1-1024x994.jpeg 1024w, https:\/\/franciscanos.org.br\/noticias\/wp-content\/uploads\/2024\/12\/WhatsApp-Image-2024-12-20-at-09.44.24-1-768x745.jpeg 768w, https:\/\/franciscanos.org.br\/noticias\/wp-content\/uploads\/2024\/12\/WhatsApp-Image-2024-12-20-at-09.44.24-1-150x146.jpeg 150w, https:\/\/franciscanos.org.br\/noticias\/wp-content\/uploads\/2024\/12\/WhatsApp-Image-2024-12-20-at-09.44.24-1.jpeg 1090w\" sizes=\"(max-width: 450px) 100vw, 450px\" \/>Na <a href=\"https:\/\/franciscanos.org.br\/banca\/wp-content\/uploads\/2024\/12\/Spes-non-confundit-Bula-de-proclamacao-do-Jubileu-Ordinario-do-Ano-2025-9-de-maio-de-2024-_-Francisco.pdf\"><span style=\"color: #000080;\"><strong>Bula de proclama\u00e7\u00e3o do Jubileu<\/strong> <\/span><\/a>o Santo Padre diz:<\/p>\n<p>\u201cA esperan\u00e7a nasce do amor e funda-se no amor que brota do Cora\u00e7\u00e3o de Jesus trespassado na cruz: \u00abSe de fato, quando \u00e9ramos inimigos de Deus, fomos reconciliados com Ele pela morte de seu Filho, com muito mais raz\u00e3o, uma vez reconciliados, havemos de ser salvos pela sua vida\u201d (Rm5, 10). E a sua vida manifesta-se na nossa vida de f\u00e9, que come\u00e7a com o Batismo, desenvolve-se na docilidade \u00e0 gra\u00e7a de Deus e \u00e9 por isso animada pela esperan\u00e7a, sempre renovada e tornada inabal\u00e1vel pela a\u00e7\u00e3o do Esp\u00edrito Santo. Na verdade, \u00e9 o Esp\u00edrito Santo, com a sua presen\u00e7a perene no caminho da Igreja, que irradia nos crentes a luz da esperan\u00e7a: mant\u00e9m-na acesa como uma tocha que nunca se apaga, para dar apoio e vigor \u00e0 nossa vida. Com efeito a esperan\u00e7a crist\u00e3 n\u00e3o engana nem desilude, porque est\u00e1 fundada na certeza de que nada e ningu\u00e9m poder\u00e1 jamais separar-nos do amor divino:\u00a0 \u2018Quem poder\u00e1 separar-nos do amor de Cristo? A tribula\u00e7\u00e3o, a ang\u00fastia, a persegui\u00e7\u00e3o, a fome, a nudez, o perigo, a espada? (\u2026) Mas em tudo isso sa\u00edmos mais do que vencedores gra\u00e7as \u00c0quele que nos amou. Estou convencido de que nem a morte, nem a vida, nem os anjos nem os principados, nem o presente nem o futuro, nem as potestades, nem a altura nem o abismo, nem qualquer outra criatura poder\u00e1 separar-nos do amor de Deus, que est\u00e1 em Cristo Jesus, Senhor nosso\u00bb (Rm8, 35.37-39). Por isso mesmo esta esperan\u00e7a n\u00e3o cede nas dificuldades: funda-se na f\u00e9 e \u00e9 alimentada pela caridade, permitindo assim avan\u00e7ar na vida. A prop\u00f3sito escreve Santo Agostinho: \u2018Em qualquer modo de vida, n\u00e3o se pode passar sem estas tr\u00eas propens\u00f5es da alma: crer, esperar, amar\u2019\u201d.<\/p>\n<p><strong>Compreendendo o sentido do Jubileu<\/strong><\/p>\n<p>A palavra \u201cjubileu\u201d tem origem relacionada historicamente ao nome em hebraico yobel, o chifre de carneiro que era usado para marcar o in\u00edcio do ano particular que era convocado a cada 50 anos, como contado no livro do Lev\u00edtico (cf. Lv 25, 8-13). \u00a0Segundo o site da CNBB, esse ano era o ano \u201cextra\u201d vivido al\u00e9m das sete semanas de anos. Sua proposta no Antigo Testamento era ser ocasi\u00e3o para restabelecer uma correta rela\u00e7\u00e3o com Deus, entre as pessoas e com a cria\u00e7\u00e3o, e implicava a remiss\u00e3o de d\u00edvidas, a restitui\u00e7\u00e3o de terrenos arrendados e o repouso da terra.<\/p>\n<p>Na hist\u00f3ria do povo de Israel, o som de um chifre de carneiro chamado yobel &#8211; do qual se origina o termo \u201cjubileu\u201d &#8211; ecoava em todas as aldeias, anunciando o in\u00edcio de um ano especial, de acordo com as disposi\u00e7\u00f5es da Lei de Mois\u00e9s (cf. Lv 25).<\/p>\n<p>Na Igreja Cat\u00f3lica, o primeiro Jubileu foi convocado pelo Papa Bonif\u00e1cio VIII, no ano 1300. Tradi\u00e7\u00e3o que se estende at\u00e9 agora, os jubileus t\u00eam v\u00e1rios elementos que se relacionam, sendo eles: \u00a0a bula de convoca\u00e7\u00e3o; a temporalidade (a cada 100 anos, 50 anos, 33 anos e 25 anos); a peregrina\u00e7\u00e3o a Roma e \u00e0 Porta Santa; os exerc\u00edcios de piedade e a frequ\u00eancia aos sacramentos; as indulg\u00eancias.<\/p>\n<p>De acordo com o site Vatican News, o ano jubilar era um tempo de reden\u00e7\u00e3o e renascimento, marcado por certas escolhas com um forte car\u00e1ter simb\u00f3lico, que s\u00e3o de uma atualidade desarmante: o descanso do cultivo da terra, para nos lembrar que ningu\u00e9m a possui e pode explor\u00e1-la, porque ela pertence a Deus e nos \u00e9 oferecida por Ele como um dom a ser custodiado; a remiss\u00e3o das d\u00edvidas, que visava restabelecer ciclicamente, portanto a cada 50 anos, uma justi\u00e7a social contra as desigualdades; a liberta\u00e7\u00e3o dos escravos, para cultivar o sonho de uma comunidade humana livre de prevarica\u00e7\u00f5es e discrimina\u00e7\u00f5es, mais semelhante ao povo do \u00eaxodo, que Deus havia desejado como uma \u00fanica fam\u00edlia em caminho.<\/p>\n<p><strong>Um caminho no sinal da esperan\u00e7a<\/strong><\/p>\n<p>No in\u00edcio de sua prega\u00e7\u00e3o, na Sinagoga de Nazar\u00e9, Jesus retoma esse horizonte judaico do Jubileu, dando-lhe um novo e \u00faltimo significado: Ele mesmo \u00e9 o rosto de Deus que desceu \u00e0 terra para redimir os pobres e libertar os cativos, para manifestar a compaix\u00e3o do Pai para com aqueles que est\u00e3o feridos, ca\u00eddos ou sem esperan\u00e7a.<\/p>\n<p>Jesus, de fato, vem para libertar de toda escravid\u00e3o, para abrir os olhos dos cegos, para libertar os oprimidos (cf. Lc 4,18-19). Em tal programa messi\u00e2nico, o Jubileu se expande para abranger todas as formas de opress\u00e3o na vida humana, tornando-se assim uma ocasi\u00e3o de gra\u00e7a para a liberta\u00e7\u00e3o daqueles que se encontram na pris\u00e3o do pecado, da resigna\u00e7\u00e3o e do desespero, para a cura de toda cegueira interior que n\u00e3o nos permite encontrar Deus e ver o pr\u00f3ximo, para despertar novamente a alegria do encontro com o Senhor e, assim, poder retomar o caminho da vida no sinal da esperan\u00e7a.<\/p>\n<p><strong>Redescobrir a alegria do encontro com Jesus<\/strong><\/p>\n<p>Com esse esp\u00edrito, desde 1300, com a Bula do Papa Bonif\u00e1cio VIII, milh\u00f5es de peregrinos dirigem-se a Roma, \u00e0s bas\u00edlicas e \u00e0s Portas Santas, expressando o desejo de um caminho interior de renova\u00e7\u00e3o, para que sua vida cotidiana, mesmo com as dificuldades e as fadigas, possa ser novamente compreendida e sustentada pela esperan\u00e7a do Evangelho. Pois todos eles carregam em seus cora\u00e7\u00f5es uma sede insaci\u00e1vel de felicidade e de vida plena e, diante da imprevisibilidade do futuro, alimentam a esperan\u00e7a de n\u00e3o sucumbir \u00e0 desconfian\u00e7a, ao ceticismo e \u00e0 morte. E Cristo, nossa esperan\u00e7a, vem ao encontro da chama desse anseio que habita em n\u00f3s, convidando-nos a redescobrir a alegria do encontro com Ele, que transforma e renova a exist\u00eancia. Portanto, \u201c\u00e9 claro que a vida crist\u00e3 \u00e9 um caminho, que tamb\u00e9m precisa de momentos fortes para alimentar e robustecer a esperan\u00e7a, a companheira insubstitu\u00edvel que permite vislumbrar a meta: o encontro com o Senhor Jesus\u201d (Spes non confundit, n\u00ba 5).<\/p>\n<p><strong>Indulg\u00eancias<\/strong><\/p>\n<p>Texto publicado no Jornal O S\u00e3o Paulo, explica que uma das grandes riquezas vivenciadas em um Ano Santo \u00e9 a oportunidade de obter indulg\u00eancias plen\u00e1rias.<\/p>\n<p>A indulg\u00eancia \u00e9 a remiss\u00e3o, diante de Deus, da pena temporal ocasionada pelos pecados. Mesmo ap\u00f3s a Confiss\u00e3o, quando a culpa do fiel \u00e9 perdoada por este sacramento, as consequ\u00eancias do pecado permanecem e \u00e9 por meio das indulg\u00eancias que elas s\u00e3o apagadas. As indulg\u00eancias, parciais ou plen\u00e1rias, podem ser aplicadas para si mesmo ou para alguma alma no Purgat\u00f3rio.<\/p>\n<p>\u201cTodos os fi\u00e9is verdadeiramente arrependidos, excluindo qualquer apego ao pecado e movidos por um esp\u00edrito de caridade, e que, no decurso do Ano Santo, purificados pelo sacramento da Penit\u00eancia e revigorados pela Sagrada Comunh\u00e3o, rezem segundo as inten\u00e7\u00f5es do Sumo Pont\u00edfice, poder\u00e3o obter do tesouro da Igreja plen\u00edssima Indulg\u00eancia, remiss\u00e3o e perd\u00e3o dos seus pecados, que se pode aplicar \u00e0s almas do Purgat\u00f3rio sob a forma de sufr\u00e1gio\u201d, enfatiza o documento da Penitenciaria Apost\u00f3lica sobre a <a href=\"https:\/\/franciscanos.org.br\/banca\/wp-content\/uploads\/2024\/12\/Concessao-de-indulgencias-no-Jubileu.2025.pdf\"><span style=\"color: #000080;\"><strong>concess\u00e3o de indulg\u00eancias no Jubileu<\/strong><\/span><\/a>.<\/p>\n<p>Fi\u00e9is de todo o mundo poder\u00e3o obter as indulg\u00eancias tanto nas peregrina\u00e7\u00f5es a Roma, onde estar\u00e3o as portas santas, quanto nas peregrina\u00e7\u00f5es a catedrais e igrejas locais de peregrina\u00e7\u00e3o. As formas de alcan\u00e7ar as indulg\u00eancias est\u00e3o organizadas em tr\u00eas pontos: nas sagradas peregrina\u00e7\u00f5es; nas piedosas visitas aos lugares sagrados; e nas obras de miseric\u00f3rdia e de penit\u00eancia.<\/p>\n<p>Que possamos viver o Ano Santo na esperan\u00e7a de que nossa miss\u00e3o no seguimento de Jesus Cristo ser\u00e1 sempre para promover o amor, a paz e a fraternidade.<\/p>\n<hr \/>\n<p>Adriana Rabelo<\/p>\n<p>Fontes:\u00a0 Jornal O S\u00e3o Paulo, edi\u00e7\u00e3o 3528<\/p>\n<p><a href=\"https:\/\/www.vaticannews.va\/pt\/papa\/news\/2024-12\/jornal-il-messaggero-publica-reflexao-do-papa-francisco-jubileu.html\">https:\/\/www.vaticannews.va\/pt\/papa\/news\/2024-12\/jornal-il-messaggero-publica-reflexao-do-papa-francisco-jubileu.html<\/a><\/p>\n<p><a href=\"https:\/\/www.cnbb.org.br\/jubileu-2025-7-dicas-entender-viver-bem\/\">https:\/\/www.cnbb.org.br\/jubileu-2025-7-dicas-entender-viver-bem\/<\/a><\/p>\n","protected":false},"excerpt":{"rendered":"<p>Ano Jubilar 2025<\/p>\n","protected":false},"author":11,"featured_media":253797,"comment_status":"open","ping_status":"open","sticky":false,"template":"","format":"standard","meta":[],"categories":[1],"tags":[2276,2275],"acf":[],"yoast_head":"<!-- This site is optimized with the Yoast SEO plugin v19.2 - https:\/\/yoast.com\/wordpress\/plugins\/seo\/ -->\n<title>Jubileu 2025: Peregrinos de Esperan\u00e7a - Not\u00edcias - Franciscanos<\/title>\n<meta name=\"robots\" content=\"index, follow, max-snippet:-1, max-image-preview:large, max-video-preview:-1\" \/>\n<link rel=\"canonical\" href=\"https:\/\/franciscanos.org.br\/noticias\/jubileu-2025-peregrinos-de-esperanca.html\" \/>\n<meta property=\"og:locale\" content=\"pt_BR\" \/>\n<meta property=\"og:type\" content=\"article\" \/>\n<meta property=\"og:title\" content=\"Jubileu 2025: Peregrinos de Esperan\u00e7a - Not\u00edcias - Franciscanos\" \/>\n<meta property=\"og:description\" content=\"Ano Jubilar 2025\" \/>\n<meta property=\"og:url\" content=\"https:\/\/franciscanos.org.br\/noticias\/jubileu-2025-peregrinos-de-esperanca.html\" \/>\n<meta property=\"og:site_name\" content=\"Not\u00edcias - Franciscanos\" \/>\n<meta property=\"article:published_time\" content=\"2024-12-20T12:56:02+00:00\" \/>\n<meta property=\"article:modified_time\" content=\"2024-12-20T14:37:56+00:00\" \/>\n<meta property=\"og:image\" content=\"https:\/\/franciscanos.org.br\/noticias\/wp-content\/uploads\/2024\/12\/CHAMADA-9.jpg\" \/>\n\t<meta property=\"og:image:width\" content=\"800\" \/>\n\t<meta property=\"og:image:height\" content=\"550\" \/>\n\t<meta property=\"og:image:type\" content=\"image\/jpeg\" \/>\n<meta name=\"author\" content=\"Adriana Rabelo\" \/>\n<meta name=\"twitter:card\" content=\"summary_large_image\" \/>\n<meta name=\"twitter:label1\" content=\"Escrito por\" \/>\n\t<meta name=\"twitter:data1\" content=\"Adriana Rabelo\" \/>\n\t<meta name=\"twitter:label2\" content=\"Est. tempo de leitura\" \/>\n\t<meta name=\"twitter:data2\" content=\"8 minutos\" \/>\n<script type=\"application\/ld+json\" class=\"yoast-schema-graph\">{\"@context\":\"https:\/\/schema.org\",\"@graph\":[{\"@type\":\"WebSite\",\"@id\":\"https:\/\/franciscanos.org.br\/noticias\/#website\",\"url\":\"https:\/\/franciscanos.org.br\/noticias\/\",\"name\":\"Not\u00edcias - Franciscanos\",\"description\":\"Prov\u00edncia Franciscana da Imaculada Concei\u00e7\u00e3o do Brasil - Ordem dos Frades Menores - OFM\",\"potentialAction\":[{\"@type\":\"SearchAction\",\"target\":{\"@type\":\"EntryPoint\",\"urlTemplate\":\"https:\/\/franciscanos.org.br\/noticias\/?s={search_term_string}\"},\"query-input\":\"required name=search_term_string\"}],\"inLanguage\":\"pt-BR\"},{\"@type\":\"ImageObject\",\"inLanguage\":\"pt-BR\",\"@id\":\"https:\/\/franciscanos.org.br\/noticias\/jubileu-2025-peregrinos-de-esperanca.html#primaryimage\",\"url\":\"https:\/\/franciscanos.org.br\/noticias\/wp-content\/uploads\/2024\/12\/CHAMADA-9.jpg\",\"contentUrl\":\"https:\/\/franciscanos.org.br\/noticias\/wp-content\/uploads\/2024\/12\/CHAMADA-9.jpg\",\"width\":800,\"height\":550},{\"@type\":\"WebPage\",\"@id\":\"https:\/\/franciscanos.org.br\/noticias\/jubileu-2025-peregrinos-de-esperanca.html#webpage\",\"url\":\"https:\/\/franciscanos.org.br\/noticias\/jubileu-2025-peregrinos-de-esperanca.html\",\"name\":\"Jubileu 2025: Peregrinos de Esperan\u00e7a - Not\u00edcias - Franciscanos\",\"isPartOf\":{\"@id\":\"https:\/\/franciscanos.org.br\/noticias\/#website\"},\"primaryImageOfPage\":{\"@id\":\"https:\/\/franciscanos.org.br\/noticias\/jubileu-2025-peregrinos-de-esperanca.html#primaryimage\"},\"datePublished\":\"2024-12-20T12:56:02+00:00\",\"dateModified\":\"2024-12-20T14:37:56+00:00\",\"author\":{\"@id\":\"https:\/\/franciscanos.org.br\/noticias\/#\/schema\/person\/d9422e83121c3ad3b0f423d195f5bb25\"},\"breadcrumb\":{\"@id\":\"https:\/\/franciscanos.org.br\/noticias\/jubileu-2025-peregrinos-de-esperanca.html#breadcrumb\"},\"inLanguage\":\"pt-BR\",\"potentialAction\":[{\"@type\":\"ReadAction\",\"target\":[\"https:\/\/franciscanos.org.br\/noticias\/jubileu-2025-peregrinos-de-esperanca.html\"]}]},{\"@type\":\"BreadcrumbList\",\"@id\":\"https:\/\/franciscanos.org.br\/noticias\/jubileu-2025-peregrinos-de-esperanca.html#breadcrumb\",\"itemListElement\":[{\"@type\":\"ListItem\",\"position\":1,\"name\":\"Home\",\"item\":\"https:\/\/franciscanos.org.br\/noticias\"},{\"@type\":\"ListItem\",\"position\":2,\"name\":\"Jubileu 2025: Peregrinos de Esperan\u00e7a\"}]},{\"@type\":\"Person\",\"@id\":\"https:\/\/franciscanos.org.br\/noticias\/#\/schema\/person\/d9422e83121c3ad3b0f423d195f5bb25\",\"name\":\"Adriana Rabelo\",\"image\":{\"@type\":\"ImageObject\",\"inLanguage\":\"pt-BR\",\"@id\":\"https:\/\/franciscanos.org.br\/noticias\/#\/schema\/person\/image\/\",\"url\":\"https:\/\/secure.gravatar.com\/avatar\/0a937b7500cd7df77540cfb8bede877d?s=96&d=mm&r=g\",\"contentUrl\":\"https:\/\/secure.gravatar.com\/avatar\/0a937b7500cd7df77540cfb8bede877d?s=96&d=mm&r=g\",\"caption\":\"Adriana Rabelo\"},\"url\":\"https:\/\/franciscanos.org.br\/noticias\/author\/adrianarabelo\"}]}<\/script>\n<!-- \/ Yoast SEO plugin. -->","yoast_head_json":{"title":"Jubileu 2025: Peregrinos de Esperan\u00e7a - Not\u00edcias - Franciscanos","robots":{"index":"index","follow":"follow","max-snippet":"max-snippet:-1","max-image-preview":"max-image-preview:large","max-video-preview":"max-video-preview:-1"},"canonical":"https:\/\/franciscanos.org.br\/noticias\/jubileu-2025-peregrinos-de-esperanca.html","og_locale":"pt_BR","og_type":"article","og_title":"Jubileu 2025: Peregrinos de Esperan\u00e7a - Not\u00edcias - Franciscanos","og_description":"Ano Jubilar 2025","og_url":"https:\/\/franciscanos.org.br\/noticias\/jubileu-2025-peregrinos-de-esperanca.html","og_site_name":"Not\u00edcias - Franciscanos","article_published_time":"2024-12-20T12:56:02+00:00","article_modified_time":"2024-12-20T14:37:56+00:00","og_image":[{"width":800,"height":550,"url":"https:\/\/franciscanos.org.br\/noticias\/wp-content\/uploads\/2024\/12\/CHAMADA-9.jpg","type":"image\/jpeg"}],"author":"Adriana Rabelo","twitter_card":"summary_large_image","twitter_misc":{"Escrito por":"Adriana Rabelo","Est. tempo de leitura":"8 minutos"},"schema":{"@context":"https:\/\/schema.org","@graph":[{"@type":"WebSite","@id":"https:\/\/franciscanos.org.br\/noticias\/#website","url":"https:\/\/franciscanos.org.br\/noticias\/","name":"Not\u00edcias - Franciscanos","description":"Prov\u00edncia Franciscana da Imaculada Concei\u00e7\u00e3o do Brasil - Ordem dos Frades Menores - OFM","potentialAction":[{"@type":"SearchAction","target":{"@type":"EntryPoint","urlTemplate":"https:\/\/franciscanos.org.br\/noticias\/?s={search_term_string}"},"query-input":"required name=search_term_string"}],"inLanguage":"pt-BR"},{"@type":"ImageObject","inLanguage":"pt-BR","@id":"https:\/\/franciscanos.org.br\/noticias\/jubileu-2025-peregrinos-de-esperanca.html#primaryimage","url":"https:\/\/franciscanos.org.br\/noticias\/wp-content\/uploads\/2024\/12\/CHAMADA-9.jpg","contentUrl":"https:\/\/franciscanos.org.br\/noticias\/wp-content\/uploads\/2024\/12\/CHAMADA-9.jpg","width":800,"height":550},{"@type":"WebPage","@id":"https:\/\/franciscanos.org.br\/noticias\/jubileu-2025-peregrinos-de-esperanca.html#webpage","url":"https:\/\/franciscanos.org.br\/noticias\/jubileu-2025-peregrinos-de-esperanca.html","name":"Jubileu 2025: Peregrinos de Esperan\u00e7a - Not\u00edcias - Franciscanos","isPartOf":{"@id":"https:\/\/franciscanos.org.br\/noticias\/#website"},"primaryImageOfPage":{"@id":"https:\/\/franciscanos.org.br\/noticias\/jubileu-2025-peregrinos-de-esperanca.html#primaryimage"},"datePublished":"2024-12-20T12:56:02+00:00","dateModified":"2024-12-20T14:37:56+00:00","author":{"@id":"https:\/\/franciscanos.org.br\/noticias\/#\/schema\/person\/d9422e83121c3ad3b0f423d195f5bb25"},"breadcrumb":{"@id":"https:\/\/franciscanos.org.br\/noticias\/jubileu-2025-peregrinos-de-esperanca.html#breadcrumb"},"inLanguage":"pt-BR","potentialAction":[{"@type":"ReadAction","target":["https:\/\/franciscanos.org.br\/noticias\/jubileu-2025-peregrinos-de-esperanca.html"]}]},{"@type":"BreadcrumbList","@id":"https:\/\/franciscanos.org.br\/noticias\/jubileu-2025-peregrinos-de-esperanca.html#breadcrumb","itemListElement":[{"@type":"ListItem","position":1,"name":"Home","item":"https:\/\/franciscanos.org.br\/noticias"},{"@type":"ListItem","position":2,"name":"Jubileu 2025: Peregrinos de Esperan\u00e7a"}]},{"@type":"Person","@id":"https:\/\/franciscanos.org.br\/noticias\/#\/schema\/person\/d9422e83121c3ad3b0f423d195f5bb25","name":"Adriana Rabelo","image":{"@type":"ImageObject","inLanguage":"pt-BR","@id":"https:\/\/franciscanos.org.br\/noticias\/#\/schema\/person\/image\/","url":"https:\/\/secure.gravatar.com\/avatar\/0a937b7500cd7df77540cfb8bede877d?s=96&d=mm&r=g","contentUrl":"https:\/\/secure.gravatar.com\/avatar\/0a937b7500cd7df77540cfb8bede877d?s=96&d=mm&r=g","caption":"Adriana Rabelo"},"url":"https:\/\/franciscanos.org.br\/noticias\/author\/adrianarabelo"}]}},"_links":{"self":[{"href":"https:\/\/franciscanos.org.br\/noticias\/wp-json\/wp\/v2\/posts\/253795"}],"collection":[{"href":"https:\/\/franciscanos.org.br\/noticias\/wp-json\/wp\/v2\/posts"}],"about":[{"href":"https:\/\/franciscanos.org.br\/noticias\/wp-json\/wp\/v2\/types\/post"}],"author":[{"embeddable":true,"href":"https:\/\/franciscanos.org.br\/noticias\/wp-json\/wp\/v2\/users\/11"}],"replies":[{"embeddable":true,"href":"https:\/\/franciscanos.org.br\/noticias\/wp-json\/wp\/v2\/comments?post=253795"}],"version-history":[{"count":4,"href":"https:\/\/franciscanos.org.br\/noticias\/wp-json\/wp\/v2\/posts\/253795\/revisions"}],"predecessor-version":[{"id":253808,"href":"https:\/\/franciscanos.org.br\/noticias\/wp-json\/wp\/v2\/posts\/253795\/revisions\/253808"}],"wp:featuredmedia":[{"embeddable":true,"href":"https:\/\/franciscanos.org.br\/noticias\/wp-json\/wp\/v2\/media\/253797"}],"wp:attachment":[{"href":"https:\/\/franciscanos.org.br\/noticias\/wp-json\/wp\/v2\/media?parent=253795"}],"wp:term":[{"taxonomy":"category","embeddable":true,"href":"https:\/\/franciscanos.org.br\/noticias\/wp-json\/wp\/v2\/categories?post=253795"},{"taxonomy":"post_tag","embeddable":true,"href":"https:\/\/franciscanos.org.br\/noticias\/wp-json\/wp\/v2\/tags?post=253795"}],"curies":[{"name":"wp","href":"https:\/\/api.w.org\/{rel}","templated":true}]}}