{"id":253782,"date":"2024-12-18T14:09:27","date_gmt":"2024-12-18T17:09:27","guid":{"rendered":"https:\/\/franciscanos.org.br\/noticias\/?p=253782"},"modified":"2024-12-18T14:58:46","modified_gmt":"2024-12-18T17:58:46","slug":"vida-e-itinerancia-franciscana","status":"publish","type":"post","link":"https:\/\/franciscanos.org.br\/noticias\/vida-e-itinerancia-franciscana.html","title":{"rendered":"Vida e itiner\u00e2ncia franciscana"},"content":{"rendered":"<p><img loading=\"lazy\" class=\"aligncenter wp-image-253783 size-full\" src=\"https:\/\/franciscanos.org.br\/noticias\/wp-content\/uploads\/2024\/12\/WhatsApp-Image-2024-12-18-at-12.28.08.jpeg\" alt=\"\" width=\"1280\" height=\"750\" srcset=\"https:\/\/franciscanos.org.br\/noticias\/wp-content\/uploads\/2024\/12\/WhatsApp-Image-2024-12-18-at-12.28.08.jpeg 1280w, https:\/\/franciscanos.org.br\/noticias\/wp-content\/uploads\/2024\/12\/WhatsApp-Image-2024-12-18-at-12.28.08-450x264.jpeg 450w, https:\/\/franciscanos.org.br\/noticias\/wp-content\/uploads\/2024\/12\/WhatsApp-Image-2024-12-18-at-12.28.08-1024x600.jpeg 1024w, https:\/\/franciscanos.org.br\/noticias\/wp-content\/uploads\/2024\/12\/WhatsApp-Image-2024-12-18-at-12.28.08-768x450.jpeg 768w, https:\/\/franciscanos.org.br\/noticias\/wp-content\/uploads\/2024\/12\/WhatsApp-Image-2024-12-18-at-12.28.08-150x88.jpeg 150w\" sizes=\"(max-width: 1280px) 100vw, 1280px\" \/><\/p>\n<p>A vida religiosa em fraternidade exige um olhar atento e piedoso a cada detalhe que comp\u00f5e o que podemos chamar de uma grande fam\u00edlia que tem a miss\u00e3o de anunciar o Evangelho de Nosso Senhor Jesus Cristo.<\/p>\n<p>Como um grande n\u00facleo social, a Prov\u00edncia Franciscana da Imaculada Concei\u00e7\u00e3o do Brasil re\u00fane irm\u00e3os distribu\u00eddos em territ\u00f3rios que, reunidos, formam uma das c\u00e9lulas da Ordem dos Frades Menores.<\/p>\n<p>Imaginemos uma grande rede, assim como a de Pedro lan\u00e7ada no lago Genesar\u00e9 a pedido de Jesus: \u201cAvan\u00e7a mais para o fundo, e ali lan\u00e7ai vossas redes para a pesca\u201d (Lc 5,1-4). Em cinco estados (S\u00e3o Paulo, Rio de Janeiro, Esp\u00edrito Santo, Paran\u00e1 e Santa Catarina), com 41 fraternidades e, al\u00e9m-fronteiras, por meio da FIMDA (Funda\u00e7\u00e3o Imaculada M\u00e3e de Deus), com 5 fraternidades, a Prov\u00edncia soma atualmente 266 frades em terras brasileiras e 85 em territ\u00f3rio angolano, ou seja, s\u00e3o 351 pescadores de homens que, assim como Tiago e Jo\u00e3o, deixaram tudo e decidiram seguir Jesus. (Lc 5,10-11)<\/p>\n<p>Como toda fam\u00edlia que se empenha para a manuten\u00e7\u00e3o de uma vida fraterna em harmonia, em novembro deste ano, 107 frades reuniram-se, em Cap\u00edtulo, no Semin\u00e1rio Santo Ant\u00f4nio, em Agudos (SP), durante 9 dias, \u00a0para rever aspectos relevantes da vida na Prov\u00edncia nos \u00faltimos 3 anos de trabalhos com o atual Ministro provincial, Frei Paulo Roberto Pereira; atualizar a din\u00e2mica das atua\u00e7\u00f5es das fraternidades, dos cuidados, da forma\u00e7\u00e3o, da economia; e anunciar os caminhos, as mudan\u00e7as e o compromisso com o povo de Deus a partir do carisma e da espiritualidade franciscana.<\/p>\n<p>Naquele momento, o sentido de territorialidade dos frades tamb\u00e9m foi discutido de forma mais ampla. Para todo caminhante o sentimento de perten\u00e7a vai al\u00e9m do espa\u00e7o f\u00edsico que ocupa, pois sua identidade est\u00e1 vinculada ao jeito de ser franciscano, chagado pelo amor, peregrino da esperan\u00e7a.<\/p>\n<p><strong>Vida e Ordem franciscana<\/strong><\/p>\n<p>A vida de um frade franciscano \u00e9 doa\u00e7\u00e3o, entrega, fidelidade e compromisso. S\u00e3o Francisco de Assis acreditava na capacidade humana de transformar o mundo a partir do olhar claro e fecundo d\u2019Aquele que transbordou amor por todas as suas criaturas.<\/p>\n<p><img loading=\"lazy\" class=\"size-medium wp-image-253784 alignright\" src=\"https:\/\/franciscanos.org.br\/noticias\/wp-content\/uploads\/2024\/12\/sao-francisco-e-jesus-cristo-295x450.jpg\" alt=\"\" width=\"295\" height=\"450\" srcset=\"https:\/\/franciscanos.org.br\/noticias\/wp-content\/uploads\/2024\/12\/sao-francisco-e-jesus-cristo-295x450.jpg 295w, https:\/\/franciscanos.org.br\/noticias\/wp-content\/uploads\/2024\/12\/sao-francisco-e-jesus-cristo-671x1024.jpg 671w, https:\/\/franciscanos.org.br\/noticias\/wp-content\/uploads\/2024\/12\/sao-francisco-e-jesus-cristo-768x1172.jpg 768w, https:\/\/franciscanos.org.br\/noticias\/wp-content\/uploads\/2024\/12\/sao-francisco-e-jesus-cristo-1007x1536.jpg 1007w, https:\/\/franciscanos.org.br\/noticias\/wp-content\/uploads\/2024\/12\/sao-francisco-e-jesus-cristo-1343x2048.jpg 1343w, https:\/\/franciscanos.org.br\/noticias\/wp-content\/uploads\/2024\/12\/sao-francisco-e-jesus-cristo-150x229.jpg 150w, https:\/\/franciscanos.org.br\/noticias\/wp-content\/uploads\/2024\/12\/sao-francisco-e-jesus-cristo-scaled.jpg 708w\" sizes=\"(max-width: 295px) 100vw, 295px\" \/>As experi\u00eancias vividas, a guerra e as ofertas envolventes de uma vida regada pelo poder vinculado a posses fizeram com que o Santo Ser\u00e1fico abrisse seu cora\u00e7\u00e3o para a grandeza do ser. Para isso, o caminho foi \u00e1rduo, de desprendimento de posses e ambi\u00e7\u00f5es, voltando-se para a viv\u00eancia do Evangelho, pois ali estava a ess\u00eancia, a luz para uma vida consagrada no seguimento de Jesus Cristo, como peregrino e servo de Deus que assumiu a miss\u00e3o de levar o amor.<\/p>\n<p>Outros irm\u00e3os encontraram em S\u00e3o Francisco a identidade e motiva\u00e7\u00e3o que procuravam para seguir em uma jornada de propaga\u00e7\u00e3o da Palavra por meio de a\u00e7\u00f5es e testemunho. Eles tamb\u00e9m foram marcados por aquele que se entregou a um amor que deixou marcas em seu corpo, um amor sem limites aos pobres e \u00e0 pobreza. Assim como S\u00e3o Francisco, imergiram, acreditaram, viveram e marcaram a hist\u00f3ria da Ordem dos Frades Menores.<\/p>\n<p>Na atualidade, mesmo ap\u00f3s mais de 800 anos, essa hist\u00f3ria continua sendo fonte de inspira\u00e7\u00e3o para jovens que sonham com um mundo melhor e acreditam que, como cordeiros de Deus, podem ser e dar sentido \u00e0 pr\u00f3pria vida e \u00e0 vida de muitos homens, mulheres, jovens, adultos, crian\u00e7as e idosos que olham para um frade e conseguem ver nessa figura refer\u00eancias de amor, simplicidade, caridade e esperan\u00e7a.<\/p>\n<p>Mas, como manter n\u00e3o apenas a hist\u00f3ria, mas tamb\u00e9m todo o jeito de ser franciscano diante de tantas mudan\u00e7as impostas por um mundo do consumo, dos privil\u00e9gios, das tecnologias que apresentam ambientes diversos, impactantes, vol\u00faveis e superficiais? Como voltar-se para o amor num cen\u00e1rio mundial de guerras, nas quais os cifr\u00f5es valem mais que vidas humanas, animais e ambientais?<\/p>\n<p>Em sua \u201cCarta a todos os frades da Ordem\u201d, o Ministro geral, Frei Massimo Fusarelli, tamb\u00e9m reflete sobre as mudan\u00e7as do mundo e os impactos na vida religiosa:<\/p>\n<p><em>&#8220;Parece-me que tamb\u00e9m conhecemos a tenta\u00e7\u00e3o dos exilados da Babil\u00f4nia. A mudan\u00e7a de \u00e9poca e a muta\u00e7\u00e3o antropol\u00f3gica em a\u00e7\u00e3o nos obrigam a repensar como compreendemos o nascer, o viver e o morrer; os incr\u00edveis avan\u00e7os no campo da ci\u00eancia nos obrigam a repensar \u2013 tamb\u00e9m gra\u00e7as a um compromisso mais generoso e sistem\u00e1tico com os estudos em vista da miss\u00e3o \u2013 a nossa identidade, o nosso lugar no mundo e a nossa voca\u00e7\u00e3o \u00e0 transcend\u00eancia. O decl\u00ednio das voca\u00e7\u00f5es em algumas \u00e1reas e sua eleva\u00e7\u00e3o em outros lugares, juntamente com os desafios que atingem a paz, a nossa casa comum e a liberdade religiosa, pedem de n\u00f3s muito discernimento para reconhecer a presen\u00e7a e a a\u00e7\u00e3o do Senhor entre n\u00f3s e ao nosso redor&#8221;.<\/em><\/p>\n<p>\u00c9 como se abr\u00edssemos uma janela e nos depar\u00e1ssemos com um visual confuso e prec\u00e1rio, repleto de ressignifica\u00e7\u00f5es da ess\u00eancia da vida e da humanidade que n\u00e3o deveria ser alterada, pois nela est\u00e1 a garantia da nossa exist\u00eancia. N\u00e3o foi em v\u00e3o que Deus nos deu o sopro da vida.<\/p>\n<p><img loading=\"lazy\" class=\"size-medium wp-image-253786 alignleft\" src=\"https:\/\/franciscanos.org.br\/noticias\/wp-content\/uploads\/2024\/12\/caminhante-450x418.webp\" alt=\"\" width=\"450\" height=\"418\" srcset=\"https:\/\/franciscanos.org.br\/noticias\/wp-content\/uploads\/2024\/12\/caminhante-450x418.webp 450w, https:\/\/franciscanos.org.br\/noticias\/wp-content\/uploads\/2024\/12\/caminhante-150x139.webp 150w, https:\/\/franciscanos.org.br\/noticias\/wp-content\/uploads\/2024\/12\/caminhante.webp 604w\" sizes=\"(max-width: 450px) 100vw, 450px\" \/>Por isso, S\u00e3o Francisco de Assis, por meio de seus exemplos e sua peregrina\u00e7\u00e3o\/itiner\u00e2ncia, semeou amor. E, junto dele, outros frades peregrinos assumiram e viveram essa miss\u00e3o de desprendimento e obedi\u00eancia.<\/p>\n<p>No <em>Dicion\u00e1rio Franciscano<\/em>, a Regra Bulada (1223) e o Testamento de S\u00e3o Francisco s\u00e3o claros quando dizem que: <em>\u201cOs irm\u00e3os n\u00e3o tenham propriedade sobre coisa alguma, nem sobre casa, nem lugar, nem outra coisa qualquer; mas, como peregrinos e viandantes (ou forasteiros) que neste mundo servem ao Senhor em pobreza e humildade, pe\u00e7am esmolas com confian\u00e7a; disto n\u00e3o se devem envergonhar porque o Senhor se fez pobre por n\u00f3s, neste mundo\u201d.<\/em><\/p>\n<p>Temos consci\u00eancia de que os escritos de S\u00e3o Francisco dizem respeito a um per\u00edodo no qual os mecanismos de relacionamento sofriam interfer\u00eancias da pouca evolu\u00e7\u00e3o da \u00e9poca no que diz respeito \u00e0 comunica\u00e7\u00e3o, transporte e economia. Eram outros tempos&#8230; No entanto, o jeito de ser franciscano n\u00e3o deveria ser corrompido pelas mudan\u00e7as, pois este tem como base o Evangelho.<\/p>\n<p>Saber discernir implica ter olhos para observar o passado, as origens, e ver no cen\u00e1rio atual onde est\u00e1 a identidade franciscana, assim como no quanto irm\u00e3os e irm\u00e3s precisam da presen\u00e7a de Deus por meio do carisma da espiritualidade apresentada pelos frades para encontrar o verdadeiro amor na simplicidade, no desapego e na observ\u00e2ncia. <em>\u201cCar\u00edssimos, eu vos exorto como a migrantes e forasteiros: afastai-vos das paix\u00f5es humanas, que fazem guerra a v\u00f3s mesmos.\u201d<\/em> (1Pd 2,11)<\/p>\n<p>Em sua reflex\u00e3o, Frei Massimo Fusarelli diz: <em>\u201cA obedi\u00eancia n\u00e3o \u00e9 apenas um sim formal a uma transfer\u00eancia de vez em quando. \u00c9 uma quest\u00e3o de perten\u00e7a rec\u00edproca, de confiar e entregar-se \u00e0 fraternidade, de \u2018carregar cada dia a santa cruz de Nosso Senhor Jesus Cristo\u2019. Se n\u00e3o encontrarmos juntos este v\u00ednculo, que n\u00e3o \u00e9 opcional, estamos fora do esp\u00edrito e da vontade de Francisco e nossa fraternidade desmorona. N\u00e3o \u00e9 f\u00e1cil viver assim quando tantas sereias do nosso tempo nos dizem \u2018seja voc\u00ea mesmo\u2019, empurrando-nos para um desenvolvimento individual absoluto e desvinculado dos outros, sem luta e transcend\u00eancia.\u201d<\/em><\/p>\n<p>Assim como a itiner\u00e2ncia, a altern\u00e2ncia tamb\u00e9m faz parte da vida do franciscano, como um movimento inspirador para que seja poss\u00edvel vivenciar experi\u00eancias que somem \u00e0 sua caminhada religiosa e o fa\u00e7am viver de fato a sua escolha de seguir os passos de Jesus Cristo, a partir dos exemplos e das regras deixadas pelo Santo Ser\u00e1fico.<\/p>\n<p><em>\u201cN\u00e3o aprenderemos, talvez, a arte de nos tornarmos irm\u00e3os e menores justamente nos lugares de fratura e n\u00e3o em ambientes protegidos e distantes da realidade? Por isso, recoloquemo-nos como peregrinos e forasteiros nas estradas do povo de hoje, sobretudo naquelas que s\u00e3o mais poeirentas e dif\u00edceis, e o caminho do Evangelho se abrir\u00e1\u201d<\/em>, salientou o Ministro Geral em sua carta.<\/p>\n<p>O vasto campo repleto de terras f\u00e9rteis a serem semeadas e fortalecidas no territ\u00f3rio que abrange a Prov\u00edncia Franciscana da Imaculada Concei\u00e7\u00e3o do Brasil, \u00e9 composto por frades com diferentes idades e percep\u00e7\u00f5es sobre o mundo, chamados a viver como peregrinos. Independentemente de onde estiverem e do tempo que permanecerem, a itiner\u00e2ncia fortalecer\u00e1 sua caminhada religiosa, pois, como peregrinos, ser\u00e3o sempre refer\u00eancia para todos que buscam o carisma e a espiritualidade franciscana.<\/p>\n<hr \/>\n<p><em>Adriana Rabelo<\/em><\/p>\n","protected":false},"excerpt":{"rendered":"<p>Peregrinos da esperan\u00e7a<\/p>\n","protected":false},"author":11,"featured_media":253788,"comment_status":"open","ping_status":"open","sticky":false,"template":"","format":"standard","meta":[],"categories":[1],"tags":[52,652],"acf":[],"yoast_head":"<!-- This site is optimized with the Yoast SEO plugin v19.2 - https:\/\/yoast.com\/wordpress\/plugins\/seo\/ -->\n<title>Vida e itiner\u00e2ncia franciscana - Not\u00edcias - Franciscanos<\/title>\n<meta name=\"robots\" content=\"index, follow, max-snippet:-1, max-image-preview:large, max-video-preview:-1\" \/>\n<link rel=\"canonical\" href=\"https:\/\/franciscanos.org.br\/noticias\/vida-e-itinerancia-franciscana.html\" \/>\n<meta property=\"og:locale\" content=\"pt_BR\" \/>\n<meta property=\"og:type\" content=\"article\" \/>\n<meta property=\"og:title\" content=\"Vida e itiner\u00e2ncia franciscana - Not\u00edcias - Franciscanos\" \/>\n<meta property=\"og:description\" content=\"Peregrinos da esperan\u00e7a\" \/>\n<meta property=\"og:url\" content=\"https:\/\/franciscanos.org.br\/noticias\/vida-e-itinerancia-franciscana.html\" \/>\n<meta property=\"og:site_name\" content=\"Not\u00edcias - Franciscanos\" \/>\n<meta property=\"article:published_time\" content=\"2024-12-18T17:09:27+00:00\" \/>\n<meta property=\"article:modified_time\" content=\"2024-12-18T17:58:46+00:00\" \/>\n<meta property=\"og:image\" content=\"https:\/\/franciscanos.org.br\/noticias\/wp-content\/uploads\/2024\/12\/WhatsApp-Image-2024-12-18-at-12.28.08-1.jpeg\" \/>\n\t<meta property=\"og:image:width\" content=\"1280\" \/>\n\t<meta property=\"og:image:height\" content=\"880\" \/>\n\t<meta property=\"og:image:type\" content=\"image\/jpeg\" \/>\n<meta name=\"author\" content=\"Adriana Rabelo\" \/>\n<meta name=\"twitter:card\" content=\"summary_large_image\" \/>\n<meta name=\"twitter:label1\" content=\"Escrito por\" \/>\n\t<meta name=\"twitter:data1\" content=\"Adriana Rabelo\" \/>\n\t<meta name=\"twitter:label2\" content=\"Est. tempo de leitura\" \/>\n\t<meta name=\"twitter:data2\" content=\"7 minutos\" \/>\n<script type=\"application\/ld+json\" class=\"yoast-schema-graph\">{\"@context\":\"https:\/\/schema.org\",\"@graph\":[{\"@type\":\"WebSite\",\"@id\":\"https:\/\/franciscanos.org.br\/noticias\/#website\",\"url\":\"https:\/\/franciscanos.org.br\/noticias\/\",\"name\":\"Not\u00edcias - Franciscanos\",\"description\":\"Prov\u00edncia Franciscana da Imaculada Concei\u00e7\u00e3o do Brasil - Ordem dos Frades Menores - OFM\",\"potentialAction\":[{\"@type\":\"SearchAction\",\"target\":{\"@type\":\"EntryPoint\",\"urlTemplate\":\"https:\/\/franciscanos.org.br\/noticias\/?s={search_term_string}\"},\"query-input\":\"required name=search_term_string\"}],\"inLanguage\":\"pt-BR\"},{\"@type\":\"ImageObject\",\"inLanguage\":\"pt-BR\",\"@id\":\"https:\/\/franciscanos.org.br\/noticias\/vida-e-itinerancia-franciscana.html#primaryimage\",\"url\":\"https:\/\/franciscanos.org.br\/noticias\/wp-content\/uploads\/2024\/12\/WhatsApp-Image-2024-12-18-at-12.28.08-1.jpeg\",\"contentUrl\":\"https:\/\/franciscanos.org.br\/noticias\/wp-content\/uploads\/2024\/12\/WhatsApp-Image-2024-12-18-at-12.28.08-1.jpeg\",\"width\":1280,\"height\":880},{\"@type\":\"WebPage\",\"@id\":\"https:\/\/franciscanos.org.br\/noticias\/vida-e-itinerancia-franciscana.html#webpage\",\"url\":\"https:\/\/franciscanos.org.br\/noticias\/vida-e-itinerancia-franciscana.html\",\"name\":\"Vida e itiner\u00e2ncia franciscana - Not\u00edcias - Franciscanos\",\"isPartOf\":{\"@id\":\"https:\/\/franciscanos.org.br\/noticias\/#website\"},\"primaryImageOfPage\":{\"@id\":\"https:\/\/franciscanos.org.br\/noticias\/vida-e-itinerancia-franciscana.html#primaryimage\"},\"datePublished\":\"2024-12-18T17:09:27+00:00\",\"dateModified\":\"2024-12-18T17:58:46+00:00\",\"author\":{\"@id\":\"https:\/\/franciscanos.org.br\/noticias\/#\/schema\/person\/d9422e83121c3ad3b0f423d195f5bb25\"},\"breadcrumb\":{\"@id\":\"https:\/\/franciscanos.org.br\/noticias\/vida-e-itinerancia-franciscana.html#breadcrumb\"},\"inLanguage\":\"pt-BR\",\"potentialAction\":[{\"@type\":\"ReadAction\",\"target\":[\"https:\/\/franciscanos.org.br\/noticias\/vida-e-itinerancia-franciscana.html\"]}]},{\"@type\":\"BreadcrumbList\",\"@id\":\"https:\/\/franciscanos.org.br\/noticias\/vida-e-itinerancia-franciscana.html#breadcrumb\",\"itemListElement\":[{\"@type\":\"ListItem\",\"position\":1,\"name\":\"Home\",\"item\":\"https:\/\/franciscanos.org.br\/noticias\"},{\"@type\":\"ListItem\",\"position\":2,\"name\":\"Vida e itiner\u00e2ncia franciscana\"}]},{\"@type\":\"Person\",\"@id\":\"https:\/\/franciscanos.org.br\/noticias\/#\/schema\/person\/d9422e83121c3ad3b0f423d195f5bb25\",\"name\":\"Adriana Rabelo\",\"image\":{\"@type\":\"ImageObject\",\"inLanguage\":\"pt-BR\",\"@id\":\"https:\/\/franciscanos.org.br\/noticias\/#\/schema\/person\/image\/\",\"url\":\"https:\/\/secure.gravatar.com\/avatar\/0a937b7500cd7df77540cfb8bede877d?s=96&d=mm&r=g\",\"contentUrl\":\"https:\/\/secure.gravatar.com\/avatar\/0a937b7500cd7df77540cfb8bede877d?s=96&d=mm&r=g\",\"caption\":\"Adriana Rabelo\"},\"url\":\"https:\/\/franciscanos.org.br\/noticias\/author\/adrianarabelo\"}]}<\/script>\n<!-- \/ Yoast SEO plugin. -->","yoast_head_json":{"title":"Vida e itiner\u00e2ncia franciscana - Not\u00edcias - Franciscanos","robots":{"index":"index","follow":"follow","max-snippet":"max-snippet:-1","max-image-preview":"max-image-preview:large","max-video-preview":"max-video-preview:-1"},"canonical":"https:\/\/franciscanos.org.br\/noticias\/vida-e-itinerancia-franciscana.html","og_locale":"pt_BR","og_type":"article","og_title":"Vida e itiner\u00e2ncia franciscana - Not\u00edcias - Franciscanos","og_description":"Peregrinos da esperan\u00e7a","og_url":"https:\/\/franciscanos.org.br\/noticias\/vida-e-itinerancia-franciscana.html","og_site_name":"Not\u00edcias - Franciscanos","article_published_time":"2024-12-18T17:09:27+00:00","article_modified_time":"2024-12-18T17:58:46+00:00","og_image":[{"width":1280,"height":880,"url":"https:\/\/franciscanos.org.br\/noticias\/wp-content\/uploads\/2024\/12\/WhatsApp-Image-2024-12-18-at-12.28.08-1.jpeg","type":"image\/jpeg"}],"author":"Adriana Rabelo","twitter_card":"summary_large_image","twitter_misc":{"Escrito por":"Adriana Rabelo","Est. tempo de leitura":"7 minutos"},"schema":{"@context":"https:\/\/schema.org","@graph":[{"@type":"WebSite","@id":"https:\/\/franciscanos.org.br\/noticias\/#website","url":"https:\/\/franciscanos.org.br\/noticias\/","name":"Not\u00edcias - Franciscanos","description":"Prov\u00edncia Franciscana da Imaculada Concei\u00e7\u00e3o do Brasil - Ordem dos Frades Menores - OFM","potentialAction":[{"@type":"SearchAction","target":{"@type":"EntryPoint","urlTemplate":"https:\/\/franciscanos.org.br\/noticias\/?s={search_term_string}"},"query-input":"required name=search_term_string"}],"inLanguage":"pt-BR"},{"@type":"ImageObject","inLanguage":"pt-BR","@id":"https:\/\/franciscanos.org.br\/noticias\/vida-e-itinerancia-franciscana.html#primaryimage","url":"https:\/\/franciscanos.org.br\/noticias\/wp-content\/uploads\/2024\/12\/WhatsApp-Image-2024-12-18-at-12.28.08-1.jpeg","contentUrl":"https:\/\/franciscanos.org.br\/noticias\/wp-content\/uploads\/2024\/12\/WhatsApp-Image-2024-12-18-at-12.28.08-1.jpeg","width":1280,"height":880},{"@type":"WebPage","@id":"https:\/\/franciscanos.org.br\/noticias\/vida-e-itinerancia-franciscana.html#webpage","url":"https:\/\/franciscanos.org.br\/noticias\/vida-e-itinerancia-franciscana.html","name":"Vida e itiner\u00e2ncia franciscana - Not\u00edcias - Franciscanos","isPartOf":{"@id":"https:\/\/franciscanos.org.br\/noticias\/#website"},"primaryImageOfPage":{"@id":"https:\/\/franciscanos.org.br\/noticias\/vida-e-itinerancia-franciscana.html#primaryimage"},"datePublished":"2024-12-18T17:09:27+00:00","dateModified":"2024-12-18T17:58:46+00:00","author":{"@id":"https:\/\/franciscanos.org.br\/noticias\/#\/schema\/person\/d9422e83121c3ad3b0f423d195f5bb25"},"breadcrumb":{"@id":"https:\/\/franciscanos.org.br\/noticias\/vida-e-itinerancia-franciscana.html#breadcrumb"},"inLanguage":"pt-BR","potentialAction":[{"@type":"ReadAction","target":["https:\/\/franciscanos.org.br\/noticias\/vida-e-itinerancia-franciscana.html"]}]},{"@type":"BreadcrumbList","@id":"https:\/\/franciscanos.org.br\/noticias\/vida-e-itinerancia-franciscana.html#breadcrumb","itemListElement":[{"@type":"ListItem","position":1,"name":"Home","item":"https:\/\/franciscanos.org.br\/noticias"},{"@type":"ListItem","position":2,"name":"Vida e itiner\u00e2ncia franciscana"}]},{"@type":"Person","@id":"https:\/\/franciscanos.org.br\/noticias\/#\/schema\/person\/d9422e83121c3ad3b0f423d195f5bb25","name":"Adriana Rabelo","image":{"@type":"ImageObject","inLanguage":"pt-BR","@id":"https:\/\/franciscanos.org.br\/noticias\/#\/schema\/person\/image\/","url":"https:\/\/secure.gravatar.com\/avatar\/0a937b7500cd7df77540cfb8bede877d?s=96&d=mm&r=g","contentUrl":"https:\/\/secure.gravatar.com\/avatar\/0a937b7500cd7df77540cfb8bede877d?s=96&d=mm&r=g","caption":"Adriana Rabelo"},"url":"https:\/\/franciscanos.org.br\/noticias\/author\/adrianarabelo"}]}},"_links":{"self":[{"href":"https:\/\/franciscanos.org.br\/noticias\/wp-json\/wp\/v2\/posts\/253782"}],"collection":[{"href":"https:\/\/franciscanos.org.br\/noticias\/wp-json\/wp\/v2\/posts"}],"about":[{"href":"https:\/\/franciscanos.org.br\/noticias\/wp-json\/wp\/v2\/types\/post"}],"author":[{"embeddable":true,"href":"https:\/\/franciscanos.org.br\/noticias\/wp-json\/wp\/v2\/users\/11"}],"replies":[{"embeddable":true,"href":"https:\/\/franciscanos.org.br\/noticias\/wp-json\/wp\/v2\/comments?post=253782"}],"version-history":[{"count":3,"href":"https:\/\/franciscanos.org.br\/noticias\/wp-json\/wp\/v2\/posts\/253782\/revisions"}],"predecessor-version":[{"id":253789,"href":"https:\/\/franciscanos.org.br\/noticias\/wp-json\/wp\/v2\/posts\/253782\/revisions\/253789"}],"wp:featuredmedia":[{"embeddable":true,"href":"https:\/\/franciscanos.org.br\/noticias\/wp-json\/wp\/v2\/media\/253788"}],"wp:attachment":[{"href":"https:\/\/franciscanos.org.br\/noticias\/wp-json\/wp\/v2\/media?parent=253782"}],"wp:term":[{"taxonomy":"category","embeddable":true,"href":"https:\/\/franciscanos.org.br\/noticias\/wp-json\/wp\/v2\/categories?post=253782"},{"taxonomy":"post_tag","embeddable":true,"href":"https:\/\/franciscanos.org.br\/noticias\/wp-json\/wp\/v2\/tags?post=253782"}],"curies":[{"name":"wp","href":"https:\/\/api.w.org\/{rel}","templated":true}]}}